{"id":54915,"date":"2022-04-08T10:15:53","date_gmt":"2022-04-08T08:15:53","guid":{"rendered":"https:\/\/www.heldenhaushalt.de\/sari02\/?p=54915"},"modified":"2022-04-08T10:15:53","modified_gmt":"2022-04-08T08:15:53","slug":"wochenlieblinge-142022","status":"publish","type":"post","link":"https:\/\/www.heldenhaushalt.de\/sari02\/index.php\/2022\/04\/08\/wochenlieblinge-142022\/","title":{"rendered":"Wochenlieblinge 14\/2022 &#8211; Ein Date nur mit mir"},"content":{"rendered":"<p style=\"text-align: right;\"><small>Enth&#228;lt (unbezahlte) Werbung*<\/small><\/p>\n<p>Der April wird seinem Namen wohl dieses Jahr mal wieder so richtig gerecht. Alleine heute hatten wir schon alles mit dabei: Sonne, Regen, Graupel und irgendeiner sagte auch etwas von Hagel. Mittendrin frierten mir die Finger regelrecht ein und nun l&#228;chelt die Sonne drau&#223;en wieder. Ob wohl doch noch der Schnee kommt? Wobei ich f&#252;r n&#228;chste Woche etwas von 18 Grad wieder las. Perfekt f&#252;r die Ferien w&#252;rde ich mal sagen.<\/p>\n<p>Habt Ihr schon Pl&#228;ne f&#252;r die Osterferien? Hier muss der Mann arbeiten, also mal schauen, was die Kinder und ich uns so Sch&#246;nes &#252;berlegen. Die letzte Woche hatte es nochmal in sich. So auf ihre ganz eigene Art. Alleine auf das Wetter mit seinem Regen, den eisigen Temperaturen und sogar St&#252;rmen h&#228;tten wir gut und gerne verzichten k&#246;nnen, aber diese Woche habe ich mir mal meine ganz eigenen Wochenlieblinge geschaffen. Nicht nur mir&#8230; auch den Kindern nat&#252;rlich.<\/p>\n<h2>Unsere Wochenlieblinge in dieser Woche\u2026<\/h2>\n<p>Die Haare wachsen und wachsen und ich &#252;berlege wirklich sie nochmal radikal kurz zu schneiden. Andererseits finde ich es auch ganz nett mit ihnen wieder ein wenig mehr machen zu k&#246;nnen.<\/p>\n<p><img loading=\"lazy\" decoding=\"async\" class=\"alignnone size-full wp-image-54918\" src=\"https:\/\/www.heldenhaushalt.de\/sari02\/wp-content\/uploads\/2022\/04\/14-02.jpg\" alt=\"Wochenlieblinge\" width=\"1000\" height=\"765\" srcset=\"https:\/\/www.heldenhaushalt.de\/sari02\/wp-content\/uploads\/2022\/04\/14-02.jpg 1000w, https:\/\/www.heldenhaushalt.de\/sari02\/wp-content\/uploads\/2022\/04\/14-02-300x230.jpg 300w, https:\/\/www.heldenhaushalt.de\/sari02\/wp-content\/uploads\/2022\/04\/14-02-768x588.jpg 768w\" sizes=\"auto, (max-width: 1000px) 100vw, 1000px\" \/><\/p>\n<p>Neulich sah ich ein nettes Tutorial f&#252;r eine Frisur, die man auch mit k&#252;rzeren Haaren machen kann und das probierte ich direkt mal aus. Allerdings sind meine Spitzen gerade extrem trocken, wirken fast wie verbrannt. Da muss ich mal ran. Hat da jemand Tipps f&#252;r mich?<\/p>\n<p><img loading=\"lazy\" decoding=\"async\" class=\"alignnone size-full wp-image-54919\" src=\"https:\/\/www.heldenhaushalt.de\/sari02\/wp-content\/uploads\/2022\/04\/14-03.jpg\" alt=\"Kino\" width=\"1000\" height=\"800\" srcset=\"https:\/\/www.heldenhaushalt.de\/sari02\/wp-content\/uploads\/2022\/04\/14-03.jpg 1000w, https:\/\/www.heldenhaushalt.de\/sari02\/wp-content\/uploads\/2022\/04\/14-03-300x240.jpg 300w, https:\/\/www.heldenhaushalt.de\/sari02\/wp-content\/uploads\/2022\/04\/14-03-768x614.jpg 768w, https:\/\/www.heldenhaushalt.de\/sari02\/wp-content\/uploads\/2022\/04\/14-03-100x80.jpg 100w\" sizes=\"auto, (max-width: 1000px) 100vw, 1000px\" \/><\/p>\n<p>Diese Woche war es dann auch endlich soweit und der dritte Teil der Phantastischen Tierwesen sollte endlich ins Kino kommen. St&#228;ndig verschob sich alles und ich hasse es so unendlich lange warten zu m&#252;ssen. Als dann endlich der Termin genannt wurde, war ich ganz aus dem H&#228;uschen und wisst ihr was? Diese Woche habe ich es mir dann geg&#246;nnt. Meine Wochenlieblinge-Moment! Relativ spontan stieg ich auf das Fahrrad und fuhr in die Stadt, um die erste m&#246;gliche Vorstellung zu besuchen. Alleine. Also nur ich. Im Kino. Ich glaube das habe ich bis dato vorher noch nie gemacht, aber ich wollte ihn so unbedingt sehen. Ein kleiner Niffler hatte sich dann scheinbar in meine Tasche verirrt. War ich also doch nicht ganz alleine.<\/p>\n<p><img loading=\"lazy\" decoding=\"async\" class=\"alignnone size-full wp-image-54920\" src=\"https:\/\/www.heldenhaushalt.de\/sari02\/wp-content\/uploads\/2022\/04\/14-04.jpg\" alt=\"Wochenlieblinge\" width=\"1000\" height=\"753\" srcset=\"https:\/\/www.heldenhaushalt.de\/sari02\/wp-content\/uploads\/2022\/04\/14-04.jpg 1000w, https:\/\/www.heldenhaushalt.de\/sari02\/wp-content\/uploads\/2022\/04\/14-04-300x226.jpg 300w, https:\/\/www.heldenhaushalt.de\/sari02\/wp-content\/uploads\/2022\/04\/14-04-768x578.jpg 768w\" sizes=\"auto, (max-width: 1000px) 100vw, 1000px\" \/><\/p>\n<p>Am Abend l&#246;ste ich dann ein Versprechen gegen&#252;ber dem gro&#223;en Sohn ein, der gerne die Haare vollst&#228;ndig blau haben m&#246;chte. Wie sein Lieblingsverein und einfach, weil es cool aussieht. Aber wir haben nur Farbe genommen, die wie eine Schicht drauf liegt und nach 2-3 Haarw&#228;schen fast wieder raus sein wird. Trotzdem ist das Kind extrem happy und ich habe beim Auswaschen der Farbe vergessen nochmal Handschuhe anzuziehen. Nun ja&#8230;<\/p>\n<p><img loading=\"lazy\" decoding=\"async\" class=\"alignnone size-full wp-image-54921\" src=\"https:\/\/www.heldenhaushalt.de\/sari02\/wp-content\/uploads\/2022\/04\/14-05.jpg\" alt=\"Katze\" width=\"1000\" height=\"706\" srcset=\"https:\/\/www.heldenhaushalt.de\/sari02\/wp-content\/uploads\/2022\/04\/14-05.jpg 1000w, https:\/\/www.heldenhaushalt.de\/sari02\/wp-content\/uploads\/2022\/04\/14-05-300x212.jpg 300w, https:\/\/www.heldenhaushalt.de\/sari02\/wp-content\/uploads\/2022\/04\/14-05-768x542.jpg 768w\" sizes=\"auto, (max-width: 1000px) 100vw, 1000px\" \/><\/p>\n<p>Diese Woche durfte ich mich dann auch wieder &#252;ber Kuscheleinheiten und etwas sch&#246;ner &#220;berraschungspost im Briefkasten freuen. Etwas, was ich mir schon lange gew&#252;nscht hatte kam an und dann auch noch unerwartete Post von lieben Menschen.<\/p>\n<p><img loading=\"lazy\" decoding=\"async\" class=\"alignnone size-full wp-image-54922\" src=\"https:\/\/www.heldenhaushalt.de\/sari02\/wp-content\/uploads\/2022\/04\/14-06.jpg\" alt=\"Carlsen\" width=\"1000\" height=\"657\" srcset=\"https:\/\/www.heldenhaushalt.de\/sari02\/wp-content\/uploads\/2022\/04\/14-06.jpg 1000w, https:\/\/www.heldenhaushalt.de\/sari02\/wp-content\/uploads\/2022\/04\/14-06-300x197.jpg 300w, https:\/\/www.heldenhaushalt.de\/sari02\/wp-content\/uploads\/2022\/04\/14-06-768x505.jpg 768w\" sizes=\"auto, (max-width: 1000px) 100vw, 1000px\" \/><\/p>\n<p>Unter anderem gab es wieder eine B&#252;cherbox von Carlsen prall gef&#252;llt mit B&#252;chern, die sich dieses Mal vor allem um viel Wissen und St&#228;rke drehen. Eine spannende Mischung, die es so kurz vor Ostern f&#252;r uns gab.<\/p>\n<p><img loading=\"lazy\" decoding=\"async\" class=\"alignnone size-full wp-image-54923\" src=\"https:\/\/www.heldenhaushalt.de\/sari02\/wp-content\/uploads\/2022\/04\/14-07.jpg\" alt=\"Wochenlieblinge\" width=\"1000\" height=\"683\" srcset=\"https:\/\/www.heldenhaushalt.de\/sari02\/wp-content\/uploads\/2022\/04\/14-07.jpg 1000w, https:\/\/www.heldenhaushalt.de\/sari02\/wp-content\/uploads\/2022\/04\/14-07-300x205.jpg 300w, https:\/\/www.heldenhaushalt.de\/sari02\/wp-content\/uploads\/2022\/04\/14-07-768x525.jpg 768w\" sizes=\"auto, (max-width: 1000px) 100vw, 1000px\" \/><\/p>\n<p>Und ein bisschen Wunder und Gl&#252;ck von<a href=\"https:\/\/www.kinderchaos-familienblog.de\/\" target=\"_blank\" rel=\"noopener\"> Jenny<\/a>, die mir einfach mal was Gutes tun wollte, nachdem sie mitbekommen hatte, wie sehr ich aktuell eigentlich durchh&#228;nge. Es sind diese kleinen Gesten, die so wertvoll sind, nicht wahr?<\/p>\n<h2>Unsere Lieblinge aus der Blogsph&#228;re!<\/h2>\n<p><img loading=\"lazy\" decoding=\"async\" class=\"alignnone size-full wp-image-54917\" src=\"https:\/\/www.heldenhaushalt.de\/sari02\/wp-content\/uploads\/2022\/04\/14-01.jpg\" alt=\"Katze\" width=\"1000\" height=\"755\" srcset=\"https:\/\/www.heldenhaushalt.de\/sari02\/wp-content\/uploads\/2022\/04\/14-01.jpg 1000w, https:\/\/www.heldenhaushalt.de\/sari02\/wp-content\/uploads\/2022\/04\/14-01-300x227.jpg 300w, https:\/\/www.heldenhaushalt.de\/sari02\/wp-content\/uploads\/2022\/04\/14-01-768x580.jpg 768w\" sizes=\"auto, (max-width: 1000px) 100vw, 1000px\" \/><\/p>\n<p>Der gro&#223;e Sohn und ich hatten diese Woche einen Deal. Von mir gab es jeden Tag wieder Zettelchen mit Motivationsspr&#252;chen und einem Tagesr&#228;tsel in die Box und daf&#252;r w&#252;rde er in einigen Situationen &#252;ber seinen Schatten springen. Wir unterst&#252;tzen uns gerade gegenseitig und diese Woche klappte das sogar ganz gut. Mal sehen, ob wir daran ankn&#252;pfen k&#246;nnen.&nbsp;<\/p>\n<p>Diese Woche habe ich folgende Wochenlieblinge aus der Blogsph&#228;re f&#252;r euch: <a href=\"https:\/\/gkkreativ.blogspot.com\/2022\/04\/friday-flowerday-und-osterbrot-backen.html\" target=\"_blank\" rel=\"noopener\">Osterbrot backen<\/a> &#8211; <a href=\"https:\/\/www.sabine-seyffert.de\/blog\/?p=22612\" target=\"_blank\" rel=\"noopener\">Osternest aus K&#228;seschachtel<\/a> &#8211; <a href=\"https:\/\/meinfeenstaub.com\/diy-fimo-osterhasen-patchwork\/\" target=\"_blank\" rel=\"noopener\">FIMO Osterhasen Anh&#228;nger<\/a> &#8211; <a href=\"https:\/\/www.mamahoch2.de\/2022\/04\/shirt-nahen-fur-die-puppe-kostenloses-schnittmuster-fur-die-babypuppe-und-stehpuppe-nahanleitung-anfaenger.html\" target=\"_blank\" rel=\"noopener\">Schnittmuster Shirt f&#252;r Baby Puppe<\/a>.<\/p>\n<p>Zum Abschluss auch diese Woche wieder die&nbsp;<a href=\"https:\/\/scrapimpulse.com\/2022\/04\/scrapimpulse-freitagsfueller-672\/\" target=\"_blank\" rel=\"noopener\">Freitagsf&#252;ller von Babara<\/a>.<\/p>\n<p><strong>1.<\/strong> Wenn man es mal <span style=\"color: #ff6600;\">w&#228;rmer wird, will ich ans Meer<\/span>.<br \/>\n<strong>2.<\/strong> <span style=\"color: #ff6600;\">Als Augenfarbe h&#228;tte ich gerne<\/span> gr&#252;n.<br \/>\n<strong>3.<\/strong> Geschwindigkeit <span style=\"color: #ff6600;\">raus nehmen<\/span>.<br \/>\n<strong>4.<\/strong> <span style=\"color: #ff6600;\">Heutzutage schreibe ich kaum noch<\/span> SMS.<br \/>\n<strong>5.<\/strong> Ein Kurzurlaub <span style=\"color: #ff6600;\">w&#228;re jetzt genau richtig<\/span>.<br \/>\n<strong>6.<\/strong> <span style=\"color: #ff6600;\">Ein St&#252;ck K&#228;se<\/span> hatte ich gestern zum Abendessen.<br \/>\n<strong>7.<\/strong> Was das Wochenende angeht, heute Abend freue ich mich <span style=\"color: #ff6600;\">auf den Ferienanfang<\/span>, morgen habe ich geplant, <span style=\"color: #ff6600;\">mal wegzufahren<\/span> und Sonntag m&#246;chte ich <span style=\"color: #ff6600;\">entspannen<\/span>!<\/p>\n<p><strong>Was waren eure Wochenlieblinge der Woche?<\/strong><\/p>\n<p><small>*<strong>Anmerkung:<\/strong>&nbsp;Der Artikel &#252;ber unsere Wochenlieblinge enth&#228;lt evtl. Bilder mit Produkten, die wir in unserem Alltag nutzen oder Linkempfehlungen. Wir haben keine Bezahlung f&#252;r das Zeigen oder Nutzen derselbigen erhalten. Affiliate Links sind als solche markiert.<\/small><\/p>\n","protected":false},"excerpt":{"rendered":"<p>Enth&#228;lt (unbezahlte) Werbung* Der April wird seinem Namen wohl dieses Jahr mal wieder so richtig gerecht. Alleine heute hatten wir schon alles mit dabei: Sonne, Regen, Graupel und irgendeiner sagte auch etwas von Hagel. Mittendrin frierten mir die Finger regelrecht ein und nun l&#228;chelt die Sonne drau&#223;en wieder. Ob wohl doch noch der Schnee kommt? Wobei ich f&#252;r n&#228;chste Woche etwas von 18 Grad wieder las. Perfekt f&#252;r die Ferien w&#252;rde ich mal sagen. Habt Ihr schon Pl&#228;ne f&#252;r die Osterferien? Hier muss der Mann arbeiten, also mal schauen, was die Kinder und ich uns so Sch&#246;nes &#252;berlegen. Die letzte Woche hatte es nochmal in sich. So auf ihre ganz eigene Art. Alleine auf das Wetter mit seinem Regen, den eisigen Temperaturen und sogar St&#252;rmen h&#228;tten wir gut und gerne verzichten k&#246;nnen, aber diese Woche habe ich mir mal meine ganz eigenen Wochenlieblinge geschaffen. Nicht nur mir&#8230; auch den Kindern nat&#252;rlich. Unsere Wochenlieblinge in dieser Woche\u2026 Die Haare wachsen und wachsen und ich &#252;berlege wirklich sie nochmal radikal kurz zu schneiden. Andererseits finde ich es auch ganz nett mit ihnen wieder ein wenig mehr machen zu k&#246;nnen. Neulich sah ich ein nettes Tutorial f&#252;r eine Frisur, die man auch mit k&#252;rzeren Haaren machen kann und das probierte ich direkt mal aus. Allerdings sind meine Spitzen gerade extrem trocken, wirken fast wie verbrannt. Da muss ich mal ran. Hat da jemand Tipps f&#252;r mich? Diese Woche war es dann auch endlich soweit und der dritte Teil der Phantastischen Tierwesen sollte endlich ins Kino kommen. St&#228;ndig verschob sich alles und ich hasse es so unendlich lange warten zu m&#252;ssen. Als dann endlich der Termin genannt wurde, war ich ganz aus dem H&#228;uschen und wisst ihr was? Diese Woche habe ich es mir dann geg&#246;nnt. Meine Wochenlieblinge-Moment! Relativ spontan stieg ich auf das Fahrrad und fuhr in die Stadt, um die erste m&#246;gliche Vorstellung zu besuchen. Alleine. Also nur ich. Im Kino. Ich glaube das habe ich bis dato vorher noch nie gemacht, aber ich wollte ihn so unbedingt sehen. Ein kleiner Niffler hatte sich dann scheinbar in meine Tasche verirrt. War ich also doch nicht ganz alleine. Am Abend l&#246;ste ich dann ein Versprechen gegen&#252;ber dem gro&#223;en Sohn ein, der gerne die Haare vollst&#228;ndig blau haben m&#246;chte. Wie sein Lieblingsverein und einfach, weil es cool aussieht. Aber wir haben nur Farbe genommen, die wie eine Schicht drauf liegt und nach 2-3 Haarw&#228;schen fast wieder raus sein wird. Trotzdem ist das Kind extrem happy und ich habe beim Auswaschen der Farbe vergessen nochmal Handschuhe anzuziehen. Nun ja&#8230; Diese Woche durfte ich mich dann auch wieder &#252;ber Kuscheleinheiten und etwas sch&#246;ner &#220;berraschungspost im Briefkasten freuen. Etwas, was ich mir schon lange gew&#252;nscht hatte kam an und dann auch noch unerwartete Post von lieben Menschen. Unter anderem gab es wieder eine B&#252;cherbox von Carlsen prall gef&#252;llt mit B&#252;chern, die sich dieses Mal vor allem um viel Wissen und St&#228;rke drehen. Eine spannende Mischung, die es so kurz vor Ostern f&#252;r uns gab. Und ein bisschen Wunder und Gl&#252;ck von Jenny, die mir einfach mal was Gutes tun wollte, nachdem sie mitbekommen hatte, wie sehr ich aktuell eigentlich durchh&#228;nge. Es sind diese kleinen Gesten, die so wertvoll sind, nicht wahr? Unsere Lieblinge aus der Blogsph&#228;re! Der gro&#223;e Sohn und ich hatten diese Woche einen Deal. Von mir gab es jeden Tag wieder Zettelchen mit Motivationsspr&#252;chen und einem Tagesr&#228;tsel in die Box und daf&#252;r w&#252;rde er in einigen Situationen &#252;ber seinen Schatten springen. Wir unterst&#252;tzen uns gerade gegenseitig und diese Woche klappte das sogar ganz gut. Mal sehen, ob wir daran ankn&#252;pfen k&#246;nnen.&nbsp; Diese Woche habe ich folgende Wochenlieblinge aus der Blogsph&#228;re f&#252;r euch: Osterbrot backen &#8211; Osternest aus K&#228;seschachtel &#8211; FIMO Osterhasen Anh&#228;nger &#8211; Schnittmuster Shirt f&#252;r Baby Puppe. Zum Abschluss auch diese Woche wieder die&nbsp;Freitagsf&#252;ller von Babara. 1. Wenn man es mal w&#228;rmer wird, will ich ans Meer. 2. Als Augenfarbe h&#228;tte ich gerne gr&#252;n. 3. Geschwindigkeit raus nehmen. 4. Heutzutage schreibe ich kaum noch SMS. 5. Ein Kurzurlaub w&#228;re jetzt genau richtig. 6. Ein St&#252;ck K&#228;se hatte ich gestern zum Abendessen. 7. Was das Wochenende angeht, heute Abend freue ich mich auf den Ferienanfang, morgen habe ich geplant, mal wegzufahren und Sonntag m&#246;chte ich entspannen! Was waren eure Wochenlieblinge der Woche? *Anmerkung:&nbsp;Der Artikel &#252;ber unsere Wochenlieblinge enth&#228;lt evtl. Bilder mit Produkten, die wir in unserem Alltag nutzen oder Linkempfehlungen. Wir haben keine Bezahlung f&#252;r das Zeigen oder Nutzen derselbigen erhalten. Affiliate Links sind als solche markiert.<\/p>\n","protected":false},"author":1,"featured_media":54916,"comment_status":"open","ping_status":"open","sticky":false,"template":"","format":"standard","meta":{"ngg_post_thumbnail":0,"footnotes":""},"categories":[323,49],"tags":[781,45,69,2062,81,852,3135,2447,199,872,2161],"class_list":["post-54915","post","type-post","status-publish","format-standard","has-post-thumbnail","hentry","category-alltag","category-blogspaehre","tag-freitagslieblinge","tag-alltag","tag-familie","tag-highlights","tag-kinder","tag-kino","tag-niffler","tag-phantastische-tierwesen","tag-rueckblick","tag-woche","tag-wochenlieblinge"],"yoast_head":"<!-- This site is optimized with the Yoast SEO plugin v27.4 - https:\/\/yoast.com\/product\/yoast-seo-wordpress\/ -->\n<title>Wochenlieblinge 14\/2022 - Ein Date nur mit mir - Heldenhaushalt<\/title>\n<meta name=\"description\" content=\"...diese Woche habe ich mir mal meine ganz eigenen Wochenlieblinge geschaffen. Nicht nur mir... auch den Kindern nat\u00fcrlich.\" \/>\n<meta name=\"robots\" content=\"index, follow, max-snippet:-1, max-image-preview:large, max-video-preview:-1\" \/>\n<link rel=\"canonical\" href=\"https:\/\/www.heldenhaushalt.de\/sari02\/index.php\/2022\/04\/08\/wochenlieblinge-142022\/\" \/>\n<meta property=\"og:locale\" content=\"de_DE\" \/>\n<meta property=\"og:type\" content=\"article\" \/>\n<meta property=\"og:title\" content=\"Wochenlieblinge 14\/2022 - Ein Date nur mit mir - Heldenhaushalt\" \/>\n<meta property=\"og:description\" content=\"...diese Woche habe ich mir mal meine ganz eigenen Wochenlieblinge geschaffen. Nicht nur mir... auch den Kindern nat\u00fcrlich.\" \/>\n<meta property=\"og:url\" content=\"https:\/\/www.heldenhaushalt.de\/sari02\/index.php\/2022\/04\/08\/wochenlieblinge-142022\/\" \/>\n<meta property=\"og:site_name\" content=\"Heldenhaushalt\" \/>\n<meta property=\"article:published_time\" content=\"2022-04-08T08:15:53+00:00\" \/>\n<meta property=\"og:image\" content=\"https:\/\/www.heldenhaushalt.de\/sari02\/wp-content\/uploads\/2022\/04\/14-00.jpg\" \/>\n\t<meta property=\"og:image:width\" content=\"1000\" \/>\n\t<meta property=\"og:image:height\" content=\"745\" \/>\n\t<meta property=\"og:image:type\" content=\"image\/jpeg\" \/>\n<meta name=\"author\" content=\"Sari\" \/>\n<meta name=\"twitter:card\" content=\"summary_large_image\" \/>\n<meta name=\"twitter:creator\" content=\"@Heldenhaushalt\" \/>\n<meta name=\"twitter:site\" content=\"@Heldenhaushalt\" \/>\n<meta name=\"twitter:label1\" content=\"Verfasst von\" \/>\n\t<meta name=\"twitter:data1\" content=\"Sari\" \/>\n\t<meta name=\"twitter:label2\" content=\"Gesch\u00e4tzte Lesezeit\" \/>\n\t<meta name=\"twitter:data2\" content=\"6\u00a0Minuten\" \/>\n<script type=\"application\/ld+json\" class=\"yoast-schema-graph\">{\"@context\":\"https:\\\/\\\/schema.org\",\"@graph\":[{\"@type\":\"Article\",\"@id\":\"https:\\\/\\\/www.heldenhaushalt.de\\\/sari02\\\/index.php\\\/2022\\\/04\\\/08\\\/wochenlieblinge-142022\\\/#article\",\"isPartOf\":{\"@id\":\"https:\\\/\\\/www.heldenhaushalt.de\\\/sari02\\\/index.php\\\/2022\\\/04\\\/08\\\/wochenlieblinge-142022\\\/\"},\"author\":{\"name\":\"Sari\",\"@id\":\"https:\\\/\\\/www.heldenhaushalt.de\\\/sari02\\\/#\\\/schema\\\/person\\\/a1cc69f42a01f412eb62c151353814f6\"},\"headline\":\"Wochenlieblinge 14\\\/2022 &#8211; Ein Date nur mit mir\",\"datePublished\":\"2022-04-08T08:15:53+00:00\",\"mainEntityOfPage\":{\"@id\":\"https:\\\/\\\/www.heldenhaushalt.de\\\/sari02\\\/index.php\\\/2022\\\/04\\\/08\\\/wochenlieblinge-142022\\\/\"},\"wordCount\":808,\"commentCount\":0,\"publisher\":{\"@id\":\"https:\\\/\\\/www.heldenhaushalt.de\\\/sari02\\\/#\\\/schema\\\/person\\\/a1cc69f42a01f412eb62c151353814f6\"},\"image\":{\"@id\":\"https:\\\/\\\/www.heldenhaushalt.de\\\/sari02\\\/index.php\\\/2022\\\/04\\\/08\\\/wochenlieblinge-142022\\\/#primaryimage\"},\"thumbnailUrl\":\"https:\\\/\\\/www.heldenhaushalt.de\\\/sari02\\\/wp-content\\\/uploads\\\/2022\\\/04\\\/14-00.jpg\",\"keywords\":[\"#Freitagslieblinge\",\"Allt\u00e4glich\",\"Familie\",\"Highlights\",\"Kinder\",\"Kino\",\"Niffler\",\"Phantastische Tierwesen\",\"R\u00fcckblick\",\"Woche\",\"Wochenlieblinge\"],\"articleSection\":[\"Alltagschaos\",\"Blogsph\u00e4re\"],\"inLanguage\":\"de\",\"potentialAction\":[{\"@type\":\"CommentAction\",\"name\":\"Comment\",\"target\":[\"https:\\\/\\\/www.heldenhaushalt.de\\\/sari02\\\/index.php\\\/2022\\\/04\\\/08\\\/wochenlieblinge-142022\\\/#respond\"]}]},{\"@type\":\"WebPage\",\"@id\":\"https:\\\/\\\/www.heldenhaushalt.de\\\/sari02\\\/index.php\\\/2022\\\/04\\\/08\\\/wochenlieblinge-142022\\\/\",\"url\":\"https:\\\/\\\/www.heldenhaushalt.de\\\/sari02\\\/index.php\\\/2022\\\/04\\\/08\\\/wochenlieblinge-142022\\\/\",\"name\":\"Wochenlieblinge 14\\\/2022 - Ein Date nur mit mir - Heldenhaushalt\",\"isPartOf\":{\"@id\":\"https:\\\/\\\/www.heldenhaushalt.de\\\/sari02\\\/#website\"},\"primaryImageOfPage\":{\"@id\":\"https:\\\/\\\/www.heldenhaushalt.de\\\/sari02\\\/index.php\\\/2022\\\/04\\\/08\\\/wochenlieblinge-142022\\\/#primaryimage\"},\"image\":{\"@id\":\"https:\\\/\\\/www.heldenhaushalt.de\\\/sari02\\\/index.php\\\/2022\\\/04\\\/08\\\/wochenlieblinge-142022\\\/#primaryimage\"},\"thumbnailUrl\":\"https:\\\/\\\/www.heldenhaushalt.de\\\/sari02\\\/wp-content\\\/uploads\\\/2022\\\/04\\\/14-00.jpg\",\"datePublished\":\"2022-04-08T08:15:53+00:00\",\"description\":\"...diese Woche habe ich mir mal meine ganz eigenen Wochenlieblinge geschaffen. Nicht nur mir... auch den Kindern nat\u00fcrlich.\",\"breadcrumb\":{\"@id\":\"https:\\\/\\\/www.heldenhaushalt.de\\\/sari02\\\/index.php\\\/2022\\\/04\\\/08\\\/wochenlieblinge-142022\\\/#breadcrumb\"},\"inLanguage\":\"de\",\"potentialAction\":[{\"@type\":\"ReadAction\",\"target\":[\"https:\\\/\\\/www.heldenhaushalt.de\\\/sari02\\\/index.php\\\/2022\\\/04\\\/08\\\/wochenlieblinge-142022\\\/\"]}]},{\"@type\":\"ImageObject\",\"inLanguage\":\"de\",\"@id\":\"https:\\\/\\\/www.heldenhaushalt.de\\\/sari02\\\/index.php\\\/2022\\\/04\\\/08\\\/wochenlieblinge-142022\\\/#primaryimage\",\"url\":\"https:\\\/\\\/www.heldenhaushalt.de\\\/sari02\\\/wp-content\\\/uploads\\\/2022\\\/04\\\/14-00.jpg\",\"contentUrl\":\"https:\\\/\\\/www.heldenhaushalt.de\\\/sari02\\\/wp-content\\\/uploads\\\/2022\\\/04\\\/14-00.jpg\",\"width\":1000,\"height\":745,\"caption\":\"Wochenlieblinge\"},{\"@type\":\"BreadcrumbList\",\"@id\":\"https:\\\/\\\/www.heldenhaushalt.de\\\/sari02\\\/index.php\\\/2022\\\/04\\\/08\\\/wochenlieblinge-142022\\\/#breadcrumb\",\"itemListElement\":[{\"@type\":\"ListItem\",\"position\":1,\"name\":\"Startseite\",\"item\":\"https:\\\/\\\/www.heldenhaushalt.de\\\/sari02\\\/\"},{\"@type\":\"ListItem\",\"position\":2,\"name\":\"Wochenlieblinge 14\\\/2022 &#8211; Ein Date nur mit mir\"}]},{\"@type\":\"WebSite\",\"@id\":\"https:\\\/\\\/www.heldenhaushalt.de\\\/sari02\\\/#website\",\"url\":\"https:\\\/\\\/www.heldenhaushalt.de\\\/sari02\\\/\",\"name\":\"Heldenhaushalt\",\"description\":\"Wer es ordentlich haben will, der muss vorher anrufen\",\"publisher\":{\"@id\":\"https:\\\/\\\/www.heldenhaushalt.de\\\/sari02\\\/#\\\/schema\\\/person\\\/a1cc69f42a01f412eb62c151353814f6\"},\"potentialAction\":[{\"@type\":\"SearchAction\",\"target\":{\"@type\":\"EntryPoint\",\"urlTemplate\":\"https:\\\/\\\/www.heldenhaushalt.de\\\/sari02\\\/?s={search_term_string}\"},\"query-input\":{\"@type\":\"PropertyValueSpecification\",\"valueRequired\":true,\"valueName\":\"search_term_string\"}}],\"inLanguage\":\"de\"},{\"@type\":[\"Person\",\"Organization\"],\"@id\":\"https:\\\/\\\/www.heldenhaushalt.de\\\/sari02\\\/#\\\/schema\\\/person\\\/a1cc69f42a01f412eb62c151353814f6\",\"name\":\"Sari\",\"image\":{\"@type\":\"ImageObject\",\"inLanguage\":\"de\",\"@id\":\"https:\\\/\\\/www.heldenhaushalt.de\\\/sari02\\\/wp-content\\\/uploads\\\/2019\\\/02\\\/sari-april2018.png\",\"url\":\"https:\\\/\\\/www.heldenhaushalt.de\\\/sari02\\\/wp-content\\\/uploads\\\/2019\\\/02\\\/sari-april2018.png\",\"contentUrl\":\"https:\\\/\\\/www.heldenhaushalt.de\\\/sari02\\\/wp-content\\\/uploads\\\/2019\\\/02\\\/sari-april2018.png\",\"width\":500,\"height\":500,\"caption\":\"Sari\"},\"logo\":{\"@id\":\"https:\\\/\\\/www.heldenhaushalt.de\\\/sari02\\\/wp-content\\\/uploads\\\/2019\\\/02\\\/sari-april2018.png\"},\"description\":\"Frau Mondgras \u2013 Das bin ich, Sari. Gerne auch als Sari Mondgras bekannt und im Internet zu finden. 2-Fach-Mutter, Heldenehefrau, Kreativling, Harmonies\u00fcchtig und st\u00e4ndig auf der Suche nach Gl\u00fcck. Ich komme aus Berlin, bin hier aufgewachsen und lebe hier seit ich denken kann.\",\"sameAs\":[\"https:\\\/\\\/www.instagram.com\\\/heldenhaushalt\\\/\"],\"url\":\"https:\\\/\\\/www.heldenhaushalt.de\\\/sari02\\\/index.php\\\/author\\\/admin\\\/\"}]}<\/script>\n<!-- \/ Yoast SEO plugin. -->","yoast_head_json":{"title":"Wochenlieblinge 14\/2022 - Ein Date nur mit mir - Heldenhaushalt","description":"...diese Woche habe ich mir mal meine ganz eigenen Wochenlieblinge geschaffen. Nicht nur mir... auch den Kindern nat\u00fcrlich.","robots":{"index":"index","follow":"follow","max-snippet":"max-snippet:-1","max-image-preview":"max-image-preview:large","max-video-preview":"max-video-preview:-1"},"canonical":"https:\/\/www.heldenhaushalt.de\/sari02\/index.php\/2022\/04\/08\/wochenlieblinge-142022\/","og_locale":"de_DE","og_type":"article","og_title":"Wochenlieblinge 14\/2022 - Ein Date nur mit mir - Heldenhaushalt","og_description":"...diese Woche habe ich mir mal meine ganz eigenen Wochenlieblinge geschaffen. Nicht nur mir... auch den Kindern nat\u00fcrlich.","og_url":"https:\/\/www.heldenhaushalt.de\/sari02\/index.php\/2022\/04\/08\/wochenlieblinge-142022\/","og_site_name":"Heldenhaushalt","article_published_time":"2022-04-08T08:15:53+00:00","og_image":[{"width":1000,"height":745,"url":"https:\/\/www.heldenhaushalt.de\/sari02\/wp-content\/uploads\/2022\/04\/14-00.jpg","type":"image\/jpeg"}],"author":"Sari","twitter_card":"summary_large_image","twitter_creator":"@Heldenhaushalt","twitter_site":"@Heldenhaushalt","twitter_misc":{"Verfasst von":"Sari","Gesch\u00e4tzte Lesezeit":"6\u00a0Minuten"},"schema":{"@context":"https:\/\/schema.org","@graph":[{"@type":"Article","@id":"https:\/\/www.heldenhaushalt.de\/sari02\/index.php\/2022\/04\/08\/wochenlieblinge-142022\/#article","isPartOf":{"@id":"https:\/\/www.heldenhaushalt.de\/sari02\/index.php\/2022\/04\/08\/wochenlieblinge-142022\/"},"author":{"name":"Sari","@id":"https:\/\/www.heldenhaushalt.de\/sari02\/#\/schema\/person\/a1cc69f42a01f412eb62c151353814f6"},"headline":"Wochenlieblinge 14\/2022 &#8211; Ein Date nur mit mir","datePublished":"2022-04-08T08:15:53+00:00","mainEntityOfPage":{"@id":"https:\/\/www.heldenhaushalt.de\/sari02\/index.php\/2022\/04\/08\/wochenlieblinge-142022\/"},"wordCount":808,"commentCount":0,"publisher":{"@id":"https:\/\/www.heldenhaushalt.de\/sari02\/#\/schema\/person\/a1cc69f42a01f412eb62c151353814f6"},"image":{"@id":"https:\/\/www.heldenhaushalt.de\/sari02\/index.php\/2022\/04\/08\/wochenlieblinge-142022\/#primaryimage"},"thumbnailUrl":"https:\/\/www.heldenhaushalt.de\/sari02\/wp-content\/uploads\/2022\/04\/14-00.jpg","keywords":["#Freitagslieblinge","Allt\u00e4glich","Familie","Highlights","Kinder","Kino","Niffler","Phantastische Tierwesen","R\u00fcckblick","Woche","Wochenlieblinge"],"articleSection":["Alltagschaos","Blogsph\u00e4re"],"inLanguage":"de","potentialAction":[{"@type":"CommentAction","name":"Comment","target":["https:\/\/www.heldenhaushalt.de\/sari02\/index.php\/2022\/04\/08\/wochenlieblinge-142022\/#respond"]}]},{"@type":"WebPage","@id":"https:\/\/www.heldenhaushalt.de\/sari02\/index.php\/2022\/04\/08\/wochenlieblinge-142022\/","url":"https:\/\/www.heldenhaushalt.de\/sari02\/index.php\/2022\/04\/08\/wochenlieblinge-142022\/","name":"Wochenlieblinge 14\/2022 - Ein Date nur mit mir - Heldenhaushalt","isPartOf":{"@id":"https:\/\/www.heldenhaushalt.de\/sari02\/#website"},"primaryImageOfPage":{"@id":"https:\/\/www.heldenhaushalt.de\/sari02\/index.php\/2022\/04\/08\/wochenlieblinge-142022\/#primaryimage"},"image":{"@id":"https:\/\/www.heldenhaushalt.de\/sari02\/index.php\/2022\/04\/08\/wochenlieblinge-142022\/#primaryimage"},"thumbnailUrl":"https:\/\/www.heldenhaushalt.de\/sari02\/wp-content\/uploads\/2022\/04\/14-00.jpg","datePublished":"2022-04-08T08:15:53+00:00","description":"...diese Woche habe ich mir mal meine ganz eigenen Wochenlieblinge geschaffen. Nicht nur mir... auch den Kindern nat\u00fcrlich.","breadcrumb":{"@id":"https:\/\/www.heldenhaushalt.de\/sari02\/index.php\/2022\/04\/08\/wochenlieblinge-142022\/#breadcrumb"},"inLanguage":"de","potentialAction":[{"@type":"ReadAction","target":["https:\/\/www.heldenhaushalt.de\/sari02\/index.php\/2022\/04\/08\/wochenlieblinge-142022\/"]}]},{"@type":"ImageObject","inLanguage":"de","@id":"https:\/\/www.heldenhaushalt.de\/sari02\/index.php\/2022\/04\/08\/wochenlieblinge-142022\/#primaryimage","url":"https:\/\/www.heldenhaushalt.de\/sari02\/wp-content\/uploads\/2022\/04\/14-00.jpg","contentUrl":"https:\/\/www.heldenhaushalt.de\/sari02\/wp-content\/uploads\/2022\/04\/14-00.jpg","width":1000,"height":745,"caption":"Wochenlieblinge"},{"@type":"BreadcrumbList","@id":"https:\/\/www.heldenhaushalt.de\/sari02\/index.php\/2022\/04\/08\/wochenlieblinge-142022\/#breadcrumb","itemListElement":[{"@type":"ListItem","position":1,"name":"Startseite","item":"https:\/\/www.heldenhaushalt.de\/sari02\/"},{"@type":"ListItem","position":2,"name":"Wochenlieblinge 14\/2022 &#8211; Ein Date nur mit mir"}]},{"@type":"WebSite","@id":"https:\/\/www.heldenhaushalt.de\/sari02\/#website","url":"https:\/\/www.heldenhaushalt.de\/sari02\/","name":"Heldenhaushalt","description":"Wer es ordentlich haben will, der muss vorher anrufen","publisher":{"@id":"https:\/\/www.heldenhaushalt.de\/sari02\/#\/schema\/person\/a1cc69f42a01f412eb62c151353814f6"},"potentialAction":[{"@type":"SearchAction","target":{"@type":"EntryPoint","urlTemplate":"https:\/\/www.heldenhaushalt.de\/sari02\/?s={search_term_string}"},"query-input":{"@type":"PropertyValueSpecification","valueRequired":true,"valueName":"search_term_string"}}],"inLanguage":"de"},{"@type":["Person","Organization"],"@id":"https:\/\/www.heldenhaushalt.de\/sari02\/#\/schema\/person\/a1cc69f42a01f412eb62c151353814f6","name":"Sari","image":{"@type":"ImageObject","inLanguage":"de","@id":"https:\/\/www.heldenhaushalt.de\/sari02\/wp-content\/uploads\/2019\/02\/sari-april2018.png","url":"https:\/\/www.heldenhaushalt.de\/sari02\/wp-content\/uploads\/2019\/02\/sari-april2018.png","contentUrl":"https:\/\/www.heldenhaushalt.de\/sari02\/wp-content\/uploads\/2019\/02\/sari-april2018.png","width":500,"height":500,"caption":"Sari"},"logo":{"@id":"https:\/\/www.heldenhaushalt.de\/sari02\/wp-content\/uploads\/2019\/02\/sari-april2018.png"},"description":"Frau Mondgras \u2013 Das bin ich, Sari. Gerne auch als Sari Mondgras bekannt und im Internet zu finden. 2-Fach-Mutter, Heldenehefrau, Kreativling, Harmonies\u00fcchtig und st\u00e4ndig auf der Suche nach Gl\u00fcck. Ich komme aus Berlin, bin hier aufgewachsen und lebe hier seit ich denken kann.","sameAs":["https:\/\/www.instagram.com\/heldenhaushalt\/"],"url":"https:\/\/www.heldenhaushalt.de\/sari02\/index.php\/author\/admin\/"}]}},"views":1747,"_links":{"self":[{"href":"https:\/\/www.heldenhaushalt.de\/sari02\/index.php\/wp-json\/wp\/v2\/posts\/54915","targetHints":{"allow":["GET"]}}],"collection":[{"href":"https:\/\/www.heldenhaushalt.de\/sari02\/index.php\/wp-json\/wp\/v2\/posts"}],"about":[{"href":"https:\/\/www.heldenhaushalt.de\/sari02\/index.php\/wp-json\/wp\/v2\/types\/post"}],"author":[{"embeddable":true,"href":"https:\/\/www.heldenhaushalt.de\/sari02\/index.php\/wp-json\/wp\/v2\/users\/1"}],"replies":[{"embeddable":true,"href":"https:\/\/www.heldenhaushalt.de\/sari02\/index.php\/wp-json\/wp\/v2\/comments?post=54915"}],"version-history":[{"count":1,"href":"https:\/\/www.heldenhaushalt.de\/sari02\/index.php\/wp-json\/wp\/v2\/posts\/54915\/revisions"}],"predecessor-version":[{"id":54924,"href":"https:\/\/www.heldenhaushalt.de\/sari02\/index.php\/wp-json\/wp\/v2\/posts\/54915\/revisions\/54924"}],"wp:featuredmedia":[{"embeddable":true,"href":"https:\/\/www.heldenhaushalt.de\/sari02\/index.php\/wp-json\/wp\/v2\/media\/54916"}],"wp:attachment":[{"href":"https:\/\/www.heldenhaushalt.de\/sari02\/index.php\/wp-json\/wp\/v2\/media?parent=54915"}],"wp:term":[{"taxonomy":"category","embeddable":true,"href":"https:\/\/www.heldenhaushalt.de\/sari02\/index.php\/wp-json\/wp\/v2\/categories?post=54915"},{"taxonomy":"post_tag","embeddable":true,"href":"https:\/\/www.heldenhaushalt.de\/sari02\/index.php\/wp-json\/wp\/v2\/tags?post=54915"}],"curies":[{"name":"wp","href":"https:\/\/api.w.org\/{rel}","templated":true}]}}