{"id":55390,"date":"2022-06-08T11:17:31","date_gmt":"2022-06-08T09:17:31","guid":{"rendered":"https:\/\/www.heldenhaushalt.de\/sari02\/?p=55390"},"modified":"2022-06-08T11:17:31","modified_gmt":"2022-06-08T09:17:31","slug":"magischen-detektivkoffer-rezension","status":"publish","type":"post","link":"https:\/\/www.heldenhaushalt.de\/sari02\/index.php\/2022\/06\/08\/magischen-detektivkoffer-rezension\/","title":{"rendered":"&#8220;Die Jagd nach dem magischen Detektivkoffer&#8221; #Rezension"},"content":{"rendered":"<p style=\"text-align: right;\"><small>Rezension*<\/small><\/p>\n<p>Wie erw&#228;hnt, geht es ja nun bald f&#252;r den kleinen Sohn in die Schule und immer h&#228;ufiger kommt nun auch der Wunsch bei ihm hoch, sich auch mal an Buchstaben und dem Schreiben von Buchstaben zu versuchen. Klappt nat&#252;rlich alles noch nicht so gut (zum &#220;ben kann ich nur immer wieder das ABC der Tiere empfehlen), aber es schadet auch nie die List an B&#252;chern, Buchstaben und dem Lesen zu f&#246;rdern. Daher ist hier nun so langsam die Zeit der Erstleseb&#252;cher angebrochen. Klar wird der kleine Sohn sie noch nicht selbst lesen, aber wir fangen nun an sie ihm vorzulesen und hier und da mal ein Wort gemeinsam heraus zu finden.<\/p>\n<h2>Kennt ihr denn schon die Erstlese-Buchreihe von Cally Stronk und Patrick Fix?<\/h2>\n<p><a href=\"https:\/\/www.facebook.com\/CallyStronk\/\" target=\"_blank\" rel=\"noopener\">Cally Stronk<\/a> sollte ich auf jeden Fall irgendwie schon einmal bekannt vorkommen, denn von dieser grandiosen Frau habe ich euch <a href=\"https:\/\/www.heldenhaushalt.de\/sari02\/?s=Cally+Stronk\">des &#214;fteren schon hier erz&#228;hlt<\/a>. Nicht nur ihre Kinderb&#252;cher sind super, auch ihre Art liebe ich einfach und freue mich immer, wenn sie auch Zeit f&#252;r unsere monatlichen Stammtische und dergleichen finden konnte. Erst neulich durfte sie sogar einige ihrer Bilder in<a href=\"https:\/\/www.instagram.com\/p\/Cd-njymLjfQ\/?hl=de\" target=\"_blank\" rel=\"noopener\"> einer eigenen Ausstellung pr&#228;sentieren<\/a>, die ich leider zeitlich nicht besuchen konnte. Aber auch hier standen Kinder mit im Mittelpunkt. Sie und ihr Mann Christian Friedrich nehmen Kinder gerne mit auf kreative und spannende Detektiv- und Knobelabenteuer und um Detektive dreht sich heute auch alles in der Buchreihe von ihr und Patrick Fix. Kennt ihr denn schon &#8220;<a href=\"https:\/\/www.ravensburger.de\/produkte\/kinderbuecher\/erstlesebuecher\/die-jagd-nach-dem-magischen-detektivkoffer-band-1-die-jagd-beginnt-36386\/index.html\" target=\"_blank\" rel=\"nofollow noopener\"><strong>Die Jagd nach dem magischen Detektivkoffer<\/strong><\/a>&#8220;? Nicht, dann will ich euch dieses Buchreihe heute mal ein wenig n&#228;her vorstellen&#8230;<\/p>\n<h2>&#8220;Die Jagd nach dem magischen Detektivkoffer&#8221;<\/h2>\n<p>Stellt euch vor ihr bekommt von eurer Tante aus &#220;bersee einen Koffer geschickt. Ein Geschenk zum Geburtstag f&#252;r die Zwillinge Marie und Lukas, verbunden mit einer kleinen Warnung. Doch was hat es mit diesem Koffer auf sich. Erst mit der Zeit finden die beiden heraus, dass die Gegenst&#228;nde in dem Koffer besondere &#8211; magische &#8211; F&#228;higkeiten haben. Gegenst&#228;nde, die einem wahren Detektiv bei seiner Arbeit helfen, wie zum Beispiel eine Lupe oder ein Stadtplan.&nbsp;<\/p>\n<p>Gef&#228;hrlich wird die Angelegenheit, weil auch ein Ganovenp&#228;rchen hinter diesem Koffer her ist und die Zwillinge einfach nicht in Ruhe l&#228;sst. Das Abenteuer kann also beginnen.<\/p>\n<p>Und das Besondere an dieser Erstlesegeschichte ist, dass die Leser daran teilnehmen k&#246;nnen. Immer wieder mal gibt es R&#228;tsel, die es zu l&#246;sen gibt und mit denen man die Zwillinge bei ihrer Jagd unterst&#252;tzen kann. Da die Erstlesereihe f&#252;r eine Altersstufe ab 7 Jahren ausgelegt ist, sind diese auch nicht so schwierig und k&#246;nnen ohne Hilfe von Gro&#223;en prima gel&#246;st werden. Hierbei sind die tollen Illustrationen von Patrick Fix nat&#252;rlich unverzichtbar.<\/p>\n<p><img loading=\"lazy\" decoding=\"async\" class=\"alignnone size-full wp-image-55393\" src=\"https:\/\/www.heldenhaushalt.de\/sari02\/wp-content\/uploads\/2022\/06\/detektiv02.jpg\" alt=\"Detektivkoffer\" width=\"1000\" height=\"768\" srcset=\"https:\/\/www.heldenhaushalt.de\/sari02\/wp-content\/uploads\/2022\/06\/detektiv02.jpg 1000w, https:\/\/www.heldenhaushalt.de\/sari02\/wp-content\/uploads\/2022\/06\/detektiv02-300x230.jpg 300w, https:\/\/www.heldenhaushalt.de\/sari02\/wp-content\/uploads\/2022\/06\/detektiv02-768x590.jpg 768w\" sizes=\"auto, (max-width: 1000px) 100vw, 1000px\" \/><\/p>\n<h2>Im zweiten Teil der Erstlesereihe schrecken die Gauner vor nichts zur&#252;ck<\/h2>\n<p>Wir lesen uns gerade durch den zweiten Teil &#8220;<a href=\"https:\/\/www.ravensburger.de\/produkte\/kinderbuecher\/erstlesebuecher\/die-jagd-nach-dem-magischen-detektivkoffer-band-2-vorsicht-ganoven-36387\/index.html\" target=\"_blank\" rel=\"noopener\"><strong>Die Jagd nach dem magischen Koffer : Vorsicht Ganoven!<\/strong><\/a>&#8221; und oh, ich muss euch warnen, denn Topf Und Decke &#8211; so hei&#223;en die beiden &#8211; schrecken wirklich vor rein gar nichts zur&#252;ck. Pf&#246;tchen, die Katze von Marie und Lukas, wurde entf&#252;hrt und als Gegenleistung sollen die Kinder, na was wohl, den magischen Detektivkoffer aush&#228;ndigen. Aber die Zwillinge sind auf die Ganoven vorbereitet und wissen sich zu helfen.<\/p>\n<p><img loading=\"lazy\" decoding=\"async\" class=\"alignnone size-full wp-image-55394\" src=\"https:\/\/www.heldenhaushalt.de\/sari02\/wp-content\/uploads\/2022\/06\/detektiv03.jpg\" alt=\"Detektivkoffer\" width=\"1000\" height=\"741\" srcset=\"https:\/\/www.heldenhaushalt.de\/sari02\/wp-content\/uploads\/2022\/06\/detektiv03.jpg 1000w, https:\/\/www.heldenhaushalt.de\/sari02\/wp-content\/uploads\/2022\/06\/detektiv03-300x222.jpg 300w, https:\/\/www.heldenhaushalt.de\/sari02\/wp-content\/uploads\/2022\/06\/detektiv03-768x569.jpg 768w\" sizes=\"auto, (max-width: 1000px) 100vw, 1000px\" \/><\/p>\n<p>Zu viel will ich auch gar nicht verraten, aber auch im zweiten Teil m&#252;ssen wieder R&#228;tsel gel&#246;st und L&#246;sungen gefunden werden. Insgesamt sind nun bereits vier B&#228;nder vom magischen Detektivkoffer erschienen und die Kombination aus Callys sch&#246;nen Geschichten und Patricks bunten und lebendigen Illustrationen erg&#228;nzt sich einfach super. Ein Buch umfasst im Schnitt um die 100 Seiten und ist in gro&#223;er Blockschrift verfasst, so dass diese wirklich zum Lesen lernen bzw. &#252;ben, wenn man es schon etwas beherrscht, wirklich gut ist. Wir lesen das Buch, wie erw&#228;hnt, derzeit gemeinsam und f&#246;rdern so die Neugier auf solche Geschichten und B&#252;cher. Besonders hilfreich finde ich hierbei die R&#228;tsel, die das Kind dazu animieren an der Geschichte teilzunehmen. Das lockt immer wieder das Abenteuer der Zwillinge weiter zu verfolgen.<\/p>\n<p>Wieder einmal eine, wie ich finde, gelungene Buchreihe von Cally Stronk.<\/p>\n<p><small>*<strong>Anmerkung:<\/strong> Das Buch wurde uns als Rezensionsexemplar zur Verf&#252;gung gestellt.<\/small><\/p>\n","protected":false},"excerpt":{"rendered":"<p>Rezension* Wie erw&#228;hnt, geht es ja nun bald f&#252;r den kleinen Sohn in die Schule und immer h&#228;ufiger kommt nun auch der Wunsch bei ihm hoch, sich auch mal an Buchstaben und dem Schreiben von Buchstaben zu versuchen. Klappt nat&#252;rlich alles noch nicht so gut (zum &#220;ben kann ich nur immer wieder das ABC der Tiere empfehlen), aber es schadet auch nie die List an B&#252;chern, Buchstaben und dem Lesen zu f&#246;rdern. Daher ist hier nun so langsam die Zeit der Erstleseb&#252;cher angebrochen. Klar wird der kleine Sohn sie noch nicht selbst lesen, aber wir fangen nun an sie ihm vorzulesen und hier und da mal ein Wort gemeinsam heraus zu finden. Kennt ihr denn schon die Erstlese-Buchreihe von Cally Stronk und Patrick Fix? Cally Stronk sollte ich auf jeden Fall irgendwie schon einmal bekannt vorkommen, denn von dieser grandiosen Frau habe ich euch des &#214;fteren schon hier erz&#228;hlt. Nicht nur ihre Kinderb&#252;cher sind super, auch ihre Art liebe ich einfach und freue mich immer, wenn sie auch Zeit f&#252;r unsere monatlichen Stammtische und dergleichen finden konnte. Erst neulich durfte sie sogar einige ihrer Bilder in einer eigenen Ausstellung pr&#228;sentieren, die ich leider zeitlich nicht besuchen konnte. Aber auch hier standen Kinder mit im Mittelpunkt. Sie und ihr Mann Christian Friedrich nehmen Kinder gerne mit auf kreative und spannende Detektiv- und Knobelabenteuer und um Detektive dreht sich heute auch alles in der Buchreihe von ihr und Patrick Fix. Kennt ihr denn schon &#8220;Die Jagd nach dem magischen Detektivkoffer&#8220;? Nicht, dann will ich euch dieses Buchreihe heute mal ein wenig n&#228;her vorstellen&#8230; &#8220;Die Jagd nach dem magischen Detektivkoffer&#8221; Stellt euch vor ihr bekommt von eurer Tante aus &#220;bersee einen Koffer geschickt. Ein Geschenk zum Geburtstag f&#252;r die Zwillinge Marie und Lukas, verbunden mit einer kleinen Warnung. Doch was hat es mit diesem Koffer auf sich. Erst mit der Zeit finden die beiden heraus, dass die Gegenst&#228;nde in dem Koffer besondere &#8211; magische &#8211; F&#228;higkeiten haben. Gegenst&#228;nde, die einem wahren Detektiv bei seiner Arbeit helfen, wie zum Beispiel eine Lupe oder ein Stadtplan.&nbsp; Gef&#228;hrlich wird die Angelegenheit, weil auch ein Ganovenp&#228;rchen hinter diesem Koffer her ist und die Zwillinge einfach nicht in Ruhe l&#228;sst. Das Abenteuer kann also beginnen. Und das Besondere an dieser Erstlesegeschichte ist, dass die Leser daran teilnehmen k&#246;nnen. Immer wieder mal gibt es R&#228;tsel, die es zu l&#246;sen gibt und mit denen man die Zwillinge bei ihrer Jagd unterst&#252;tzen kann. Da die Erstlesereihe f&#252;r eine Altersstufe ab 7 Jahren ausgelegt ist, sind diese auch nicht so schwierig und k&#246;nnen ohne Hilfe von Gro&#223;en prima gel&#246;st werden. Hierbei sind die tollen Illustrationen von Patrick Fix nat&#252;rlich unverzichtbar. Im zweiten Teil der Erstlesereihe schrecken die Gauner vor nichts zur&#252;ck Wir lesen uns gerade durch den zweiten Teil &#8220;Die Jagd nach dem magischen Koffer : Vorsicht Ganoven!&#8221; und oh, ich muss euch warnen, denn Topf Und Decke &#8211; so hei&#223;en die beiden &#8211; schrecken wirklich vor rein gar nichts zur&#252;ck. Pf&#246;tchen, die Katze von Marie und Lukas, wurde entf&#252;hrt und als Gegenleistung sollen die Kinder, na was wohl, den magischen Detektivkoffer aush&#228;ndigen. Aber die Zwillinge sind auf die Ganoven vorbereitet und wissen sich zu helfen. Zu viel will ich auch gar nicht verraten, aber auch im zweiten Teil m&#252;ssen wieder R&#228;tsel gel&#246;st und L&#246;sungen gefunden werden. Insgesamt sind nun bereits vier B&#228;nder vom magischen Detektivkoffer erschienen und die Kombination aus Callys sch&#246;nen Geschichten und Patricks bunten und lebendigen Illustrationen erg&#228;nzt sich einfach super. Ein Buch umfasst im Schnitt um die 100 Seiten und ist in gro&#223;er Blockschrift verfasst, so dass diese wirklich zum Lesen lernen bzw. &#252;ben, wenn man es schon etwas beherrscht, wirklich gut ist. Wir lesen das Buch, wie erw&#228;hnt, derzeit gemeinsam und f&#246;rdern so die Neugier auf solche Geschichten und B&#252;cher. Besonders hilfreich finde ich hierbei die R&#228;tsel, die das Kind dazu animieren an der Geschichte teilzunehmen. Das lockt immer wieder das Abenteuer der Zwillinge weiter zu verfolgen. Wieder einmal eine, wie ich finde, gelungene Buchreihe von Cally Stronk. *Anmerkung: Das Buch wurde uns als Rezensionsexemplar zur Verf&#252;gung gestellt.<\/p>\n","protected":false},"author":1,"featured_media":55392,"comment_status":"open","ping_status":"open","sticky":false,"template":"","format":"standard","meta":{"ngg_post_thumbnail":0,"footnotes":""},"categories":[1690,53],"tags":[253,2058,2299,202,2228,276,732,733],"class_list":["post-55390","post","type-post","status-publish","format-standard","has-post-thumbnail","hentry","category-buecher","category-empfehlungen","tag-buch","tag-cally-stronk","tag-detektivgeschichten","tag-empfehlung","tag-erstlesebuch","tag-lesen","tag-rezension","tag-vorlesen"],"yoast_head":"<!-- This site is optimized with the Yoast SEO plugin v27.5 - https:\/\/yoast.com\/product\/yoast-seo-wordpress\/ -->\n<title>&quot;Die Jagd nach dem magischen Detektivkoffer&quot; #Rezension<\/title>\n<meta name=\"description\" content=\"Kennt ihr denn schon &quot;Die Jagd nach dem magischen Detektivkoffer&quot;? Nicht, dann will ich euch dieses Buchreihe heute mal ein wenig ...\" \/>\n<meta name=\"robots\" content=\"index, follow, max-snippet:-1, max-image-preview:large, max-video-preview:-1\" \/>\n<link rel=\"canonical\" href=\"https:\/\/www.heldenhaushalt.de\/sari02\/index.php\/2022\/06\/08\/magischen-detektivkoffer-rezension\/\" \/>\n<meta property=\"og:locale\" content=\"de_DE\" \/>\n<meta property=\"og:type\" content=\"article\" \/>\n<meta property=\"og:title\" content=\"&quot;Die Jagd nach dem magischen Detektivkoffer&quot; #Rezension\" \/>\n<meta property=\"og:description\" content=\"Kennt ihr denn schon &quot;Die Jagd nach dem magischen Detektivkoffer&quot;? Nicht, dann will ich euch dieses Buchreihe heute mal ein wenig ...\" \/>\n<meta property=\"og:url\" content=\"https:\/\/www.heldenhaushalt.de\/sari02\/index.php\/2022\/06\/08\/magischen-detektivkoffer-rezension\/\" \/>\n<meta property=\"og:site_name\" content=\"Heldenhaushalt\" \/>\n<meta property=\"article:published_time\" content=\"2022-06-08T09:17:31+00:00\" \/>\n<meta property=\"og:image\" content=\"https:\/\/www.heldenhaushalt.de\/sari02\/wp-content\/uploads\/2022\/06\/detektiv01.jpg\" \/>\n\t<meta property=\"og:image:width\" content=\"1000\" \/>\n\t<meta property=\"og:image:height\" content=\"739\" \/>\n\t<meta property=\"og:image:type\" content=\"image\/jpeg\" \/>\n<meta name=\"author\" content=\"Sari\" \/>\n<meta name=\"twitter:card\" content=\"summary_large_image\" \/>\n<meta name=\"twitter:creator\" content=\"@Heldenhaushalt\" \/>\n<meta name=\"twitter:site\" content=\"@Heldenhaushalt\" \/>\n<meta name=\"twitter:label1\" content=\"Verfasst von\" \/>\n\t<meta name=\"twitter:data1\" content=\"Sari\" \/>\n\t<meta name=\"twitter:label2\" content=\"Gesch\u00e4tzte Lesezeit\" \/>\n\t<meta name=\"twitter:data2\" content=\"5\u00a0Minuten\" \/>\n<script type=\"application\/ld+json\" class=\"yoast-schema-graph\">{\"@context\":\"https:\\\/\\\/schema.org\",\"@graph\":[{\"@type\":\"Article\",\"@id\":\"https:\\\/\\\/www.heldenhaushalt.de\\\/sari02\\\/index.php\\\/2022\\\/06\\\/08\\\/magischen-detektivkoffer-rezension\\\/#article\",\"isPartOf\":{\"@id\":\"https:\\\/\\\/www.heldenhaushalt.de\\\/sari02\\\/index.php\\\/2022\\\/06\\\/08\\\/magischen-detektivkoffer-rezension\\\/\"},\"author\":{\"name\":\"Sari\",\"@id\":\"https:\\\/\\\/www.heldenhaushalt.de\\\/sari02\\\/#\\\/schema\\\/person\\\/a1cc69f42a01f412eb62c151353814f6\"},\"headline\":\"&#8220;Die Jagd nach dem magischen Detektivkoffer&#8221; #Rezension\",\"datePublished\":\"2022-06-08T09:17:31+00:00\",\"mainEntityOfPage\":{\"@id\":\"https:\\\/\\\/www.heldenhaushalt.de\\\/sari02\\\/index.php\\\/2022\\\/06\\\/08\\\/magischen-detektivkoffer-rezension\\\/\"},\"wordCount\":723,\"commentCount\":0,\"publisher\":{\"@id\":\"https:\\\/\\\/www.heldenhaushalt.de\\\/sari02\\\/#\\\/schema\\\/person\\\/a1cc69f42a01f412eb62c151353814f6\"},\"image\":{\"@id\":\"https:\\\/\\\/www.heldenhaushalt.de\\\/sari02\\\/index.php\\\/2022\\\/06\\\/08\\\/magischen-detektivkoffer-rezension\\\/#primaryimage\"},\"thumbnailUrl\":\"https:\\\/\\\/www.heldenhaushalt.de\\\/sari02\\\/wp-content\\\/uploads\\\/2022\\\/06\\\/detektiv01.jpg\",\"keywords\":[\"Buch\",\"Cally Stronk\",\"Detektivgeschichten\",\"Empfehlung\",\"Erstlesebuch\",\"Lesen\",\"Rezension\",\"Vorlesen\"],\"articleSection\":[\"B\u00fccher\",\"Empfehlungen\"],\"inLanguage\":\"de\",\"potentialAction\":[{\"@type\":\"CommentAction\",\"name\":\"Comment\",\"target\":[\"https:\\\/\\\/www.heldenhaushalt.de\\\/sari02\\\/index.php\\\/2022\\\/06\\\/08\\\/magischen-detektivkoffer-rezension\\\/#respond\"]}]},{\"@type\":\"WebPage\",\"@id\":\"https:\\\/\\\/www.heldenhaushalt.de\\\/sari02\\\/index.php\\\/2022\\\/06\\\/08\\\/magischen-detektivkoffer-rezension\\\/\",\"url\":\"https:\\\/\\\/www.heldenhaushalt.de\\\/sari02\\\/index.php\\\/2022\\\/06\\\/08\\\/magischen-detektivkoffer-rezension\\\/\",\"name\":\"\\\"Die Jagd nach dem magischen Detektivkoffer\\\" #Rezension\",\"isPartOf\":{\"@id\":\"https:\\\/\\\/www.heldenhaushalt.de\\\/sari02\\\/#website\"},\"primaryImageOfPage\":{\"@id\":\"https:\\\/\\\/www.heldenhaushalt.de\\\/sari02\\\/index.php\\\/2022\\\/06\\\/08\\\/magischen-detektivkoffer-rezension\\\/#primaryimage\"},\"image\":{\"@id\":\"https:\\\/\\\/www.heldenhaushalt.de\\\/sari02\\\/index.php\\\/2022\\\/06\\\/08\\\/magischen-detektivkoffer-rezension\\\/#primaryimage\"},\"thumbnailUrl\":\"https:\\\/\\\/www.heldenhaushalt.de\\\/sari02\\\/wp-content\\\/uploads\\\/2022\\\/06\\\/detektiv01.jpg\",\"datePublished\":\"2022-06-08T09:17:31+00:00\",\"description\":\"Kennt ihr denn schon \\\"Die Jagd nach dem magischen Detektivkoffer\\\"? Nicht, dann will ich euch dieses Buchreihe heute mal ein wenig ...\",\"breadcrumb\":{\"@id\":\"https:\\\/\\\/www.heldenhaushalt.de\\\/sari02\\\/index.php\\\/2022\\\/06\\\/08\\\/magischen-detektivkoffer-rezension\\\/#breadcrumb\"},\"inLanguage\":\"de\",\"potentialAction\":[{\"@type\":\"ReadAction\",\"target\":[\"https:\\\/\\\/www.heldenhaushalt.de\\\/sari02\\\/index.php\\\/2022\\\/06\\\/08\\\/magischen-detektivkoffer-rezension\\\/\"]}]},{\"@type\":\"ImageObject\",\"inLanguage\":\"de\",\"@id\":\"https:\\\/\\\/www.heldenhaushalt.de\\\/sari02\\\/index.php\\\/2022\\\/06\\\/08\\\/magischen-detektivkoffer-rezension\\\/#primaryimage\",\"url\":\"https:\\\/\\\/www.heldenhaushalt.de\\\/sari02\\\/wp-content\\\/uploads\\\/2022\\\/06\\\/detektiv01.jpg\",\"contentUrl\":\"https:\\\/\\\/www.heldenhaushalt.de\\\/sari02\\\/wp-content\\\/uploads\\\/2022\\\/06\\\/detektiv01.jpg\",\"width\":1000,\"height\":739,\"caption\":\"Detektiv\"},{\"@type\":\"BreadcrumbList\",\"@id\":\"https:\\\/\\\/www.heldenhaushalt.de\\\/sari02\\\/index.php\\\/2022\\\/06\\\/08\\\/magischen-detektivkoffer-rezension\\\/#breadcrumb\",\"itemListElement\":[{\"@type\":\"ListItem\",\"position\":1,\"name\":\"Startseite\",\"item\":\"https:\\\/\\\/www.heldenhaushalt.de\\\/sari02\\\/\"},{\"@type\":\"ListItem\",\"position\":2,\"name\":\"&#8220;Die Jagd nach dem magischen Detektivkoffer&#8221; #Rezension\"}]},{\"@type\":\"WebSite\",\"@id\":\"https:\\\/\\\/www.heldenhaushalt.de\\\/sari02\\\/#website\",\"url\":\"https:\\\/\\\/www.heldenhaushalt.de\\\/sari02\\\/\",\"name\":\"Heldenhaushalt\",\"description\":\"Wer es ordentlich haben will, der muss vorher anrufen\",\"publisher\":{\"@id\":\"https:\\\/\\\/www.heldenhaushalt.de\\\/sari02\\\/#\\\/schema\\\/person\\\/a1cc69f42a01f412eb62c151353814f6\"},\"potentialAction\":[{\"@type\":\"SearchAction\",\"target\":{\"@type\":\"EntryPoint\",\"urlTemplate\":\"https:\\\/\\\/www.heldenhaushalt.de\\\/sari02\\\/?s={search_term_string}\"},\"query-input\":{\"@type\":\"PropertyValueSpecification\",\"valueRequired\":true,\"valueName\":\"search_term_string\"}}],\"inLanguage\":\"de\"},{\"@type\":[\"Person\",\"Organization\"],\"@id\":\"https:\\\/\\\/www.heldenhaushalt.de\\\/sari02\\\/#\\\/schema\\\/person\\\/a1cc69f42a01f412eb62c151353814f6\",\"name\":\"Sari\",\"image\":{\"@type\":\"ImageObject\",\"inLanguage\":\"de\",\"@id\":\"https:\\\/\\\/www.heldenhaushalt.de\\\/sari02\\\/wp-content\\\/uploads\\\/2019\\\/02\\\/sari-april2018.png\",\"url\":\"https:\\\/\\\/www.heldenhaushalt.de\\\/sari02\\\/wp-content\\\/uploads\\\/2019\\\/02\\\/sari-april2018.png\",\"contentUrl\":\"https:\\\/\\\/www.heldenhaushalt.de\\\/sari02\\\/wp-content\\\/uploads\\\/2019\\\/02\\\/sari-april2018.png\",\"width\":500,\"height\":500,\"caption\":\"Sari\"},\"logo\":{\"@id\":\"https:\\\/\\\/www.heldenhaushalt.de\\\/sari02\\\/wp-content\\\/uploads\\\/2019\\\/02\\\/sari-april2018.png\"},\"description\":\"Frau Mondgras \u2013 Das bin ich, Sari. Gerne auch als Sari Mondgras bekannt und im Internet zu finden. 2-Fach-Mutter, Heldenehefrau, Kreativling, Harmonies\u00fcchtig und st\u00e4ndig auf der Suche nach Gl\u00fcck. Ich komme aus Berlin, bin hier aufgewachsen und lebe hier seit ich denken kann.\",\"sameAs\":[\"https:\\\/\\\/www.instagram.com\\\/heldenhaushalt\\\/\"],\"url\":\"https:\\\/\\\/www.heldenhaushalt.de\\\/sari02\\\/index.php\\\/author\\\/admin\\\/\"}]}<\/script>\n<!-- \/ Yoast SEO plugin. -->","yoast_head_json":{"title":"\"Die Jagd nach dem magischen Detektivkoffer\" #Rezension","description":"Kennt ihr denn schon \"Die Jagd nach dem magischen Detektivkoffer\"? Nicht, dann will ich euch dieses Buchreihe heute mal ein wenig ...","robots":{"index":"index","follow":"follow","max-snippet":"max-snippet:-1","max-image-preview":"max-image-preview:large","max-video-preview":"max-video-preview:-1"},"canonical":"https:\/\/www.heldenhaushalt.de\/sari02\/index.php\/2022\/06\/08\/magischen-detektivkoffer-rezension\/","og_locale":"de_DE","og_type":"article","og_title":"\"Die Jagd nach dem magischen Detektivkoffer\" #Rezension","og_description":"Kennt ihr denn schon \"Die Jagd nach dem magischen Detektivkoffer\"? Nicht, dann will ich euch dieses Buchreihe heute mal ein wenig ...","og_url":"https:\/\/www.heldenhaushalt.de\/sari02\/index.php\/2022\/06\/08\/magischen-detektivkoffer-rezension\/","og_site_name":"Heldenhaushalt","article_published_time":"2022-06-08T09:17:31+00:00","og_image":[{"width":1000,"height":739,"url":"https:\/\/www.heldenhaushalt.de\/sari02\/wp-content\/uploads\/2022\/06\/detektiv01.jpg","type":"image\/jpeg"}],"author":"Sari","twitter_card":"summary_large_image","twitter_creator":"@Heldenhaushalt","twitter_site":"@Heldenhaushalt","twitter_misc":{"Verfasst von":"Sari","Gesch\u00e4tzte Lesezeit":"5\u00a0Minuten"},"schema":{"@context":"https:\/\/schema.org","@graph":[{"@type":"Article","@id":"https:\/\/www.heldenhaushalt.de\/sari02\/index.php\/2022\/06\/08\/magischen-detektivkoffer-rezension\/#article","isPartOf":{"@id":"https:\/\/www.heldenhaushalt.de\/sari02\/index.php\/2022\/06\/08\/magischen-detektivkoffer-rezension\/"},"author":{"name":"Sari","@id":"https:\/\/www.heldenhaushalt.de\/sari02\/#\/schema\/person\/a1cc69f42a01f412eb62c151353814f6"},"headline":"&#8220;Die Jagd nach dem magischen Detektivkoffer&#8221; #Rezension","datePublished":"2022-06-08T09:17:31+00:00","mainEntityOfPage":{"@id":"https:\/\/www.heldenhaushalt.de\/sari02\/index.php\/2022\/06\/08\/magischen-detektivkoffer-rezension\/"},"wordCount":723,"commentCount":0,"publisher":{"@id":"https:\/\/www.heldenhaushalt.de\/sari02\/#\/schema\/person\/a1cc69f42a01f412eb62c151353814f6"},"image":{"@id":"https:\/\/www.heldenhaushalt.de\/sari02\/index.php\/2022\/06\/08\/magischen-detektivkoffer-rezension\/#primaryimage"},"thumbnailUrl":"https:\/\/www.heldenhaushalt.de\/sari02\/wp-content\/uploads\/2022\/06\/detektiv01.jpg","keywords":["Buch","Cally Stronk","Detektivgeschichten","Empfehlung","Erstlesebuch","Lesen","Rezension","Vorlesen"],"articleSection":["B\u00fccher","Empfehlungen"],"inLanguage":"de","potentialAction":[{"@type":"CommentAction","name":"Comment","target":["https:\/\/www.heldenhaushalt.de\/sari02\/index.php\/2022\/06\/08\/magischen-detektivkoffer-rezension\/#respond"]}]},{"@type":"WebPage","@id":"https:\/\/www.heldenhaushalt.de\/sari02\/index.php\/2022\/06\/08\/magischen-detektivkoffer-rezension\/","url":"https:\/\/www.heldenhaushalt.de\/sari02\/index.php\/2022\/06\/08\/magischen-detektivkoffer-rezension\/","name":"\"Die Jagd nach dem magischen Detektivkoffer\" #Rezension","isPartOf":{"@id":"https:\/\/www.heldenhaushalt.de\/sari02\/#website"},"primaryImageOfPage":{"@id":"https:\/\/www.heldenhaushalt.de\/sari02\/index.php\/2022\/06\/08\/magischen-detektivkoffer-rezension\/#primaryimage"},"image":{"@id":"https:\/\/www.heldenhaushalt.de\/sari02\/index.php\/2022\/06\/08\/magischen-detektivkoffer-rezension\/#primaryimage"},"thumbnailUrl":"https:\/\/www.heldenhaushalt.de\/sari02\/wp-content\/uploads\/2022\/06\/detektiv01.jpg","datePublished":"2022-06-08T09:17:31+00:00","description":"Kennt ihr denn schon \"Die Jagd nach dem magischen Detektivkoffer\"? Nicht, dann will ich euch dieses Buchreihe heute mal ein wenig ...","breadcrumb":{"@id":"https:\/\/www.heldenhaushalt.de\/sari02\/index.php\/2022\/06\/08\/magischen-detektivkoffer-rezension\/#breadcrumb"},"inLanguage":"de","potentialAction":[{"@type":"ReadAction","target":["https:\/\/www.heldenhaushalt.de\/sari02\/index.php\/2022\/06\/08\/magischen-detektivkoffer-rezension\/"]}]},{"@type":"ImageObject","inLanguage":"de","@id":"https:\/\/www.heldenhaushalt.de\/sari02\/index.php\/2022\/06\/08\/magischen-detektivkoffer-rezension\/#primaryimage","url":"https:\/\/www.heldenhaushalt.de\/sari02\/wp-content\/uploads\/2022\/06\/detektiv01.jpg","contentUrl":"https:\/\/www.heldenhaushalt.de\/sari02\/wp-content\/uploads\/2022\/06\/detektiv01.jpg","width":1000,"height":739,"caption":"Detektiv"},{"@type":"BreadcrumbList","@id":"https:\/\/www.heldenhaushalt.de\/sari02\/index.php\/2022\/06\/08\/magischen-detektivkoffer-rezension\/#breadcrumb","itemListElement":[{"@type":"ListItem","position":1,"name":"Startseite","item":"https:\/\/www.heldenhaushalt.de\/sari02\/"},{"@type":"ListItem","position":2,"name":"&#8220;Die Jagd nach dem magischen Detektivkoffer&#8221; #Rezension"}]},{"@type":"WebSite","@id":"https:\/\/www.heldenhaushalt.de\/sari02\/#website","url":"https:\/\/www.heldenhaushalt.de\/sari02\/","name":"Heldenhaushalt","description":"Wer es ordentlich haben will, der muss vorher anrufen","publisher":{"@id":"https:\/\/www.heldenhaushalt.de\/sari02\/#\/schema\/person\/a1cc69f42a01f412eb62c151353814f6"},"potentialAction":[{"@type":"SearchAction","target":{"@type":"EntryPoint","urlTemplate":"https:\/\/www.heldenhaushalt.de\/sari02\/?s={search_term_string}"},"query-input":{"@type":"PropertyValueSpecification","valueRequired":true,"valueName":"search_term_string"}}],"inLanguage":"de"},{"@type":["Person","Organization"],"@id":"https:\/\/www.heldenhaushalt.de\/sari02\/#\/schema\/person\/a1cc69f42a01f412eb62c151353814f6","name":"Sari","image":{"@type":"ImageObject","inLanguage":"de","@id":"https:\/\/www.heldenhaushalt.de\/sari02\/wp-content\/uploads\/2019\/02\/sari-april2018.png","url":"https:\/\/www.heldenhaushalt.de\/sari02\/wp-content\/uploads\/2019\/02\/sari-april2018.png","contentUrl":"https:\/\/www.heldenhaushalt.de\/sari02\/wp-content\/uploads\/2019\/02\/sari-april2018.png","width":500,"height":500,"caption":"Sari"},"logo":{"@id":"https:\/\/www.heldenhaushalt.de\/sari02\/wp-content\/uploads\/2019\/02\/sari-april2018.png"},"description":"Frau Mondgras \u2013 Das bin ich, Sari. Gerne auch als Sari Mondgras bekannt und im Internet zu finden. 2-Fach-Mutter, Heldenehefrau, Kreativling, Harmonies\u00fcchtig und st\u00e4ndig auf der Suche nach Gl\u00fcck. Ich komme aus Berlin, bin hier aufgewachsen und lebe hier seit ich denken kann.","sameAs":["https:\/\/www.instagram.com\/heldenhaushalt\/"],"url":"https:\/\/www.heldenhaushalt.de\/sari02\/index.php\/author\/admin\/"}]}},"views":1259,"_links":{"self":[{"href":"https:\/\/www.heldenhaushalt.de\/sari02\/index.php\/wp-json\/wp\/v2\/posts\/55390","targetHints":{"allow":["GET"]}}],"collection":[{"href":"https:\/\/www.heldenhaushalt.de\/sari02\/index.php\/wp-json\/wp\/v2\/posts"}],"about":[{"href":"https:\/\/www.heldenhaushalt.de\/sari02\/index.php\/wp-json\/wp\/v2\/types\/post"}],"author":[{"embeddable":true,"href":"https:\/\/www.heldenhaushalt.de\/sari02\/index.php\/wp-json\/wp\/v2\/users\/1"}],"replies":[{"embeddable":true,"href":"https:\/\/www.heldenhaushalt.de\/sari02\/index.php\/wp-json\/wp\/v2\/comments?post=55390"}],"version-history":[{"count":2,"href":"https:\/\/www.heldenhaushalt.de\/sari02\/index.php\/wp-json\/wp\/v2\/posts\/55390\/revisions"}],"predecessor-version":[{"id":55395,"href":"https:\/\/www.heldenhaushalt.de\/sari02\/index.php\/wp-json\/wp\/v2\/posts\/55390\/revisions\/55395"}],"wp:featuredmedia":[{"embeddable":true,"href":"https:\/\/www.heldenhaushalt.de\/sari02\/index.php\/wp-json\/wp\/v2\/media\/55392"}],"wp:attachment":[{"href":"https:\/\/www.heldenhaushalt.de\/sari02\/index.php\/wp-json\/wp\/v2\/media?parent=55390"}],"wp:term":[{"taxonomy":"category","embeddable":true,"href":"https:\/\/www.heldenhaushalt.de\/sari02\/index.php\/wp-json\/wp\/v2\/categories?post=55390"},{"taxonomy":"post_tag","embeddable":true,"href":"https:\/\/www.heldenhaushalt.de\/sari02\/index.php\/wp-json\/wp\/v2\/tags?post=55390"}],"curies":[{"name":"wp","href":"https:\/\/api.w.org\/{rel}","templated":true}]}}