{"id":55446,"date":"2022-06-21T12:20:00","date_gmt":"2022-06-21T10:20:00","guid":{"rendered":"https:\/\/www.heldenhaushalt.de\/sari02\/?p=55446"},"modified":"2022-06-21T12:25:26","modified_gmt":"2022-06-21T10:25:26","slug":"thema-einschulung-2022","status":"publish","type":"post","link":"https:\/\/www.heldenhaushalt.de\/sari02\/index.php\/2022\/06\/21\/thema-einschulung-2022\/","title":{"rendered":"Erste Gedanken zum Thema Einschulung 2022"},"content":{"rendered":"<p style=\"text-align: right;\"><small>Enth&#228;lt (unbezahlte) Werbung*<\/small><\/p>\n<p>Es wird wohl Zeit. Die Beitr&#228;ge in den sozialen Medien h&#228;ufen sich und auch der kleine Sohn signalisiert es mir: Die Einschulung r&#252;ckt n&#228;her und n&#228;her und auch wenn es vorher erst einmal in die Sommerferien geht und der Sohn sich nat&#252;rlich geb&#252;hrend von der Kita verabschieden soll, so ist es auch bei ihm immer wieder Thema.<\/p>\n<p>Es wird wohl Zeit sich &#252;ber ein paar Dinge so langsam mal Gedanken zu machen, damit es am Ende nicht auf einmal hektisch wird. Die Einschulung ist, aus meiner Sicht, f&#252;r das Kind ein besonderes und wichtiges Thema, das einen einschneidenden Lebensabschnitt markiert.<\/p>\n<h2>Der Weg vom Kitakind zum Schulkind<\/h2>\n<p>Ich glaube dieser Abschnitt ist wirklich nicht zu untersch&#228;tzen. Die Kinder verlassen das sichere Nest der Kita, wo sich alles noch um Spielen und Freunde drehte. Sie betreten nun eine neue Welt, auf die sie durch die Kita hoffentlich, schon ein wenig vorbereitet wurden.<\/p>\n<p>Eine Welt, in der man jetzt auch mal l&#228;nger sitzen und zuh&#246;ren muss. Eine Welt, in der man vor neue Herausforderungen gestellt und neue Dinge lernen muss. Und nicht immer wird alles sofort klappen und sicherlich auch nicht immer gefallen. Ab jetzt kommt mehr &#8220;du musst&#8221; und weniger &#8220;du kannst&#8221;, denn es gibt nun mal Dinge, die gelernt werden sollten und ja auch bewertet werden. Sei es nun durch Noten oder eine schriftliche Beurteilung.<\/p>\n<p>Wer gro&#223;e Geschwister hat, bekommt zumindest schon einmal eine Idee davon, was es hei&#223;t ein Schulkind zu sein. Sieht den Bruder oder die Schwester auch mal nachmittags an Hausaufgaben sitzen und wei&#223;, dass man den ganzen Vormittag woanders ist. Klar wird auch in der Grundschule noch viel spielerisch gemacht, aber eben noch anders und ich bin ehrlich gespannt, wie das f&#252;r unseren Sohn wird.<\/p>\n<h2>Ganz gro&#223;es Thema ist aber nun nat&#252;rlich vor allem die Einschulung<\/h2>\n<p>Wie und mit wem werden wir feiern. Wir hoffen auf eine Familienfeier so wie beim gro&#223;en Sohn damals, auch wenn die Wetterbedingungen damals Katastrophal waren. Immerhin konnten wir dieser mit zwei gro&#223;en Last Minute Pavillons Herr werden und lernen daraus. Dieses Mal werden wir sicherlich besser vorbereitet sein.<\/p>\n<p>Wir werden wieder einen coolen Einschulungskuchen backen und eine Tafel mit den aktuellen Entwicklungsfortschritten des Sohnes gestalten. Vielleicht auch eine Fotowand basteln, wo jeder Fotos machen kann. Aber vor allem das Thema Schult&#252;te steht wieder ganz gro&#223; im Mittelpunkt!<\/p>\n<h2>Welches Thema soll die Schult&#252;te haben und womit wollen wir sie f&#252;llen<\/h2>\n<p>Das Thema Schult&#252;ten-F&#252;llung kann ja gerne mal ganz sch&#246;n ausarten. Jeder geht da wirklich anders mit um und die Inhalte k&#246;nnen sich wirklich massiv voneinander unterscheiden. Was es in der T&#252;te des gro&#223;en Sohnes damals gab, <a href=\"https:\/\/www.heldenhaushalt.de\/sari02\/index.php\/2017\/09\/07\/schultuete-fuellung\/\">das k&#246;nnt ihr hier nachlesen<\/a>. Es gab auch auf Wunsch des gro&#223;en Bruders damals eine Geschwistert&#252;te f&#252;r den kleinen, der damals gerade mal 1 Jahr alt war. Ich stehe der Sache ja recht zwiegespalten gegen&#252;ber, weil ich der Meinung bin, dass der Tag der Einschulung ganz dem zuk&#252;nftigen Schulkind geh&#246;rt, aber ich bin da dem Wunsch des Sohnes gefolgt, habe mich jedoch in sofern durchgesetzt, dass in der Geschwistert&#252;te nur eine kleine Aufmerksamkeit steckte. Es ist wie mit dem Geburtstag. Der Tag geh&#246;rt dem einen Kind ganz speziell und das andere w&#252;rde diesen ebenfalls noch erleben, wenn es soweit ist. Klar, dass aber auch der kleine Sohn sich nun f&#252;r seinen gro&#223;en Bruder eine Schult&#252;te w&#252;nscht und so wird es hier dieses Jahr wohl auch wieder eine geben. Aber eben nur mit einer kleinen Aufmerksamkeit gef&#252;llt.<\/p>\n<p>Umfangreicher wird nat&#252;rlich die F&#252;llung des zuk&#252;nftigen Grundsch&#252;lers aussehen und daf&#252;r sammle ich gerade Ideen. Ein paar der Dinge, die es beim gro&#223;en Sohn damals gab, haben sich bew&#228;hrt und werden sicher auch dieses Jahr wieder ihren Weg in die T&#252;te finden, anderes wiederum nicht (wie der Tubulator zum Beispiel, der leider nur rumlag).<\/p>\n<p><strong>Folgende Ideen haben wir bisher gesammelt f&#252;r die Schult&#252;te:<\/strong><\/p>\n<ul>\n<li>ein bisschen schulisch passender S&#252;&#223;kram, das ist klar<\/li>\n<li>eine Playmobil-Figur passend zur Lieblingswelt (Dino Rise)<\/li>\n<li>Eine neue Brotdose f&#252;r die Schule <a href=\"https:\/\/amzn.to\/3zQcNO4\" target=\"_blank\" rel=\"nofollow noopener\">von Minecraft<\/a> <small>(Affiliate Link)<\/small><\/li>\n<li>individuelle Kletties f&#252;r den Schulranzen mit Lieblingsmotiven<\/li>\n<li>ein kleiner pl&#252;schiger Gl&#252;cksbringer f&#252;r die Schule (ein kleines Pok\u00e9mon oder ein Sorgenfresser zum Beispiel)<\/li>\n<li>ein <a href=\"https:\/\/amzn.to\/3yhaNNT\" target=\"_blank\" rel=\"nofollow noopener\">Geschicklichkeitsspiel von Smart Games<\/a> <small>(Affiliate Links)<\/small><\/li>\n<li>ein paar lustige Sticker zum dekorieren von Heftern u.&#228;.<\/li>\n<li>ein neues Freundebuch f&#252;r die Schule zum Beispiel von <a href=\"https:\/\/amzn.to\/3QzEgJO\" target=\"_blank\" rel=\"nofollow noopener\">Furzipups<\/a> <small>(Affiliate Link)<\/small> oder den <a href=\"https:\/\/amzn.to\/3QzEgJO\" target=\"_blank\" rel=\"nofollow noopener\">Superfreunden<\/a> <small>(Affiliate Link)<\/small><\/li>\n<li><a href=\"https:\/\/amzn.to\/39MUkHs\" target=\"_blank\" rel=\"nofollow noopener\">ein Anlaut Memory<\/a> <small>(Affiliate Link)<\/small><\/li>\n<li>Neue Pustestifte<\/li>\n<li>Eine Rechenkette oder Steckw&#252;rfel<\/li>\n<\/ul>\n<h2>Und dann ist da ja noch das Thema der Schult&#252;te!<\/h2>\n<p>Ich wei&#223; ehrlich gesagt gar nicht mehr, ob der Sohn damals sagte, es solle eine Pok\u00e9mon T&#252;te werden, oder ob ich alleine auf die Idee kam. Ich wei&#223; nur noch, dass ich ganz sch&#246;n Respekt vor dem Thema &#8220;Schult&#252;te selber machen&#8221; hatte und echt dachte, ich w&#252;rde das Projekt nicht umgesetzt bekommen. Aber am Ende war ich doch ziemlich stolz auf das Ergebnis:<\/p>\n<figure style=\"width: 800px\" class=\"wp-caption alignnone\"><img loading=\"lazy\" decoding=\"async\" src=\"http:\/\/www.heldenhaushalt.de\/sari02\/wp-content\/uploads\/2017\/09\/tute01.jpg\" alt=\"Schult&#252;te\" width=\"800\" height=\"533\"><figcaption class=\"wp-caption-text\"><small>Die Schult&#252;te vom gro&#223;en Sohn damals<\/small><\/figcaption><\/figure>\n<p>Der Sohn war auf jeden Fall ziemlich happy und genau dieses L&#228;cheln m&#246;chte ich jetzt nat&#252;rlich wieder beim kleinen Sohn hervorgezaubert bekommen. Dieser w&#252;nscht sich tats&#228;chlich eine Fu&#223;ball-Schult&#252;te. Ein Thema, das sich &#8211; meiner Meinung nach &#8211; viel leichter umsetzen lassen wird, als das vom gro&#223;en Sohn damals. Aber da muss ich nochmal in mich gehen, was dort dann priorisiert wird. Sein eigener Verein, der Lieblingsverein, das Fu&#223;ball-Farb-Thema an sich oder ein gr&#252;ner Fu&#223;ballrasen? Ich wei&#223; es noch nicht, da muss ich jetzt mal in die Ideenfindungsphase gehen und ich glaube Pinterest wird da eine gro&#223;e Hilfe sein.<\/p>\n<p>Nun ist es bereits &#252;ber 5 Jahre her, dass ich eine Schult&#252;te selber gen&#228;ht habe und auch das N&#228;hen an sich geh&#246;rte in letzter Zeit eher weniger zu den Dingen, mit denen ich mich besch&#228;ftigt habe. Das wird sicherlich nochmal spannend werden. Da wir aber den Bezug der alten Schult&#252;te damals mit einer Kissenf&#252;llung aufgef&#252;llt haben und dieser nun als Kissen im Bett des gro&#223;en Sohnes liegt, habe ich zumindest den Rohling f&#252;r dieses Projekt schon einmal zu Hause.&nbsp;<\/p>\n<p>Hat einer von euch schon einmal eine Schult&#252;te mit dem Thema selber gemacht und mag mir vielleicht ein paar inspirierende Bilder zeigen? Ich bin wirklich f&#252;r alle Ideen offen.<\/p>\n<h2>Noch 2 Wochen Kita, dann 6 Wochen Ferien &#8211; Wie wir die Zeit bis zur Einschulung &#252;berbr&#252;cken wollen&#8230;<\/h2>\n<p>Klar ist, dass der kleine Sohn st&#228;ndig davon spricht. Von seiner Zeit in der Schule, von seiner Hoffnung neue Freunde zu finden und neue Spielgef&#228;hrten, mit denen er Playmobil spielen kann (denn seine aktuellen k&#246;nnen damit irgendwie weniger anfangen). Er erz&#228;hlt, wie er es sich vorstellt, wenn er dann nach der Schule in den Hort geht und dass er so bald wie m&#246;glich alleine gehen m&#246;chte. Er ist so voller Vorfreude und Ungeduld, die n&#228;chsten Wochen werden sicherlich noch einmal eine Herausforderung f&#252;r ihn.<\/p>\n<figure style=\"width: 800px\" class=\"wp-caption alignnone\"><img loading=\"lazy\" decoding=\"async\" src=\"http:\/\/www.heldenhaushalt.de\/sari02\/wp-content\/uploads\/2017\/08\/schulcount05.jpg\" alt=\"Countdown\" width=\"800\" height=\"560\"><figcaption class=\"wp-caption-text\"><small>DIY Countdown bis zur Einschulung damals<\/small><\/figcaption><\/figure>\n<p>Mit dem gro&#223;en Sohn bastelte ich damals<a href=\"https:\/\/www.heldenhaushalt.de\/sari02\/index.php\/2017\/08\/01\/diy-einschulung-countdown\/\"> einen Countdown bis zur Einschulung<\/a>. Eine Schult&#252;te, aus der ein langer Zeter herabhing mit Zahlen darauf und er konnte jeden Tag ein Teil davon abschneiden und am Ende kam er an der Schult&#252;te an und der Tag der Einschulung war gekommen.<\/p>\n<p>Ich glaube noch ist es zu fr&#252;h so einen Countdown mit dem kleinen Sohn zu basteln, aber auch hier werden wir uns sicherlich etwas Sch&#246;nes &#252;berlegen und dann teile ich die Idee wieder mit euch. In den Ferien m&#246;chte ich nun aber mit dem Sohn gemeinsam Geschichten lesen, die von der Schule erz&#228;hlen. Es gibt so viele sch&#246;ne Kinderb&#252;cher zu dem Thema. Geschichten die Mut machen zum Beispiel oder stark. Geschichten die vom Schulalltag erz&#228;hlen und mehr&#8230;&nbsp;<\/p>\n<p><strong>Folgende B&#252;cher stehen hierf&#252;r auf unserer Leseliste<\/strong> <small>(Achtung: Alle B&#252;cher sind ein Affiliate Link)<\/small>:<\/p>\n<ul>\n<li><a href=\"https:\/\/amzn.to\/3N8sq6s\" target=\"_blank\" rel=\"nofollow noopener\">&#8220;Das kleine Wir in der Schule&#8221;<\/a><\/li>\n<li><a href=\"https:\/\/amzn.to\/3bgqJGJ\" target=\"_blank\" rel=\"nofollow noopener\">&#8220;Max Kommt in die Schule&#8221;<\/a><\/li>\n<li><a href=\"https:\/\/amzn.to\/3QBopKF\" target=\"_blank\" rel=\"nofollow noopener\">&#8220;Wieso? Weshalb? Warum? Ich komme in die Schule&#8221;<\/a><\/li>\n<li><a href=\"https:\/\/amzn.to\/3zSdXbV\" target=\"_blank\" rel=\"nofollow noopener\">&#8220;Bald ist mein erster Schultag&#8221;<\/a><\/li>\n<li><a href=\"https:\/\/amzn.to\/3y8c8X9\" target=\"_blank\" rel=\"nofollow noopener\">&#8220;Frag doch mal &#8230; die Maus: Die wichtigsten Fragen zum Schulanfang&#8221;<\/a><\/li>\n<li><a href=\"https:\/\/amzn.to\/3N7XbZl\" target=\"_blank\" rel=\"nofollow noopener\">&#8220;ABC der wilden Piraten&#8221;<\/a><\/li>\n<\/ul>\n<p>Damit sind wir in den Ferien, denke ich, erst einmal gut besch&#228;ftigt. Vielleicht sind ja f&#252;r euch auch ein paar sch&#246;ne Ideen dazwischen oder ihr habt selber noch Vorschl&#228;ge.<\/p>\n<p>Mitte Juli werden wir wohl mit dem Countdown und der Schult&#252;te anfangen und dann, ja dann kann man auch mal in die Planung gehen, Einladungen schreiben usw.<\/p>\n<p>Erst einmal klingt das alles irgendwie nach einem Plan, w&#252;rde ich sagen.<br \/>\nWie sieht das bei euch dieses Jahr aus? Schult ihr auch ein? Habt ihr euch schon Gedanken gemacht?<br \/>\nErz&#228;hlt doch mal ein wenig.<\/p>\n<p><small><strong>*Anmerkung:<\/strong> Der Artikel enth&#228;lt evtl. Bilder mit Produkten, die wir in unserem Alltag nutzen oder Linkempfehlungen. Wir haben keine Bezahlung f&#252;r das Zeigen oder Nutzen derselbigen erhalten. Amazon Affiliate Links sind als solche markiert.&nbsp;<\/small><\/p>\n","protected":false},"excerpt":{"rendered":"<p>Enth&#228;lt (unbezahlte) Werbung* Es wird wohl Zeit. Die Beitr&#228;ge in den sozialen Medien h&#228;ufen sich und auch der kleine Sohn signalisiert es mir: Die Einschulung r&#252;ckt n&#228;her und n&#228;her und auch wenn es vorher erst einmal in die Sommerferien geht und der Sohn sich nat&#252;rlich geb&#252;hrend von der Kita verabschieden soll, so ist es auch bei ihm immer wieder Thema. Es wird wohl Zeit sich &#252;ber ein paar Dinge so langsam mal Gedanken zu machen, damit es am Ende nicht auf einmal hektisch wird. Die Einschulung ist, aus meiner Sicht, f&#252;r das Kind ein besonderes und wichtiges Thema, das einen einschneidenden Lebensabschnitt markiert. Der Weg vom Kitakind zum Schulkind Ich glaube dieser Abschnitt ist wirklich nicht zu untersch&#228;tzen. Die Kinder verlassen das sichere Nest der Kita, wo sich alles noch um Spielen und Freunde drehte. Sie betreten nun eine neue Welt, auf die sie durch die Kita hoffentlich, schon ein wenig vorbereitet wurden. Eine Welt, in der man jetzt auch mal l&#228;nger sitzen und zuh&#246;ren muss. Eine Welt, in der man vor neue Herausforderungen gestellt und neue Dinge lernen muss. Und nicht immer wird alles sofort klappen und sicherlich auch nicht immer gefallen. Ab jetzt kommt mehr &#8220;du musst&#8221; und weniger &#8220;du kannst&#8221;, denn es gibt nun mal Dinge, die gelernt werden sollten und ja auch bewertet werden. Sei es nun durch Noten oder eine schriftliche Beurteilung. Wer gro&#223;e Geschwister hat, bekommt zumindest schon einmal eine Idee davon, was es hei&#223;t ein Schulkind zu sein. Sieht den Bruder oder die Schwester auch mal nachmittags an Hausaufgaben sitzen und wei&#223;, dass man den ganzen Vormittag woanders ist. Klar wird auch in der Grundschule noch viel spielerisch gemacht, aber eben noch anders und ich bin ehrlich gespannt, wie das f&#252;r unseren Sohn wird. Ganz gro&#223;es Thema ist aber nun nat&#252;rlich vor allem die Einschulung Wie und mit wem werden wir feiern. Wir hoffen auf eine Familienfeier so wie beim gro&#223;en Sohn damals, auch wenn die Wetterbedingungen damals Katastrophal waren. Immerhin konnten wir dieser mit zwei gro&#223;en Last Minute Pavillons Herr werden und lernen daraus. Dieses Mal werden wir sicherlich besser vorbereitet sein. Wir werden wieder einen coolen Einschulungskuchen backen und eine Tafel mit den aktuellen Entwicklungsfortschritten des Sohnes gestalten. Vielleicht auch eine Fotowand basteln, wo jeder Fotos machen kann. Aber vor allem das Thema Schult&#252;te steht wieder ganz gro&#223; im Mittelpunkt! Welches Thema soll die Schult&#252;te haben und womit wollen wir sie f&#252;llen Das Thema Schult&#252;ten-F&#252;llung kann ja gerne mal ganz sch&#246;n ausarten. Jeder geht da wirklich anders mit um und die Inhalte k&#246;nnen sich wirklich massiv voneinander unterscheiden. Was es in der T&#252;te des gro&#223;en Sohnes damals gab, das k&#246;nnt ihr hier nachlesen. Es gab auch auf Wunsch des gro&#223;en Bruders damals eine Geschwistert&#252;te f&#252;r den kleinen, der damals gerade mal 1 Jahr alt war. Ich stehe der Sache ja recht zwiegespalten gegen&#252;ber, weil ich der Meinung bin, dass der Tag der Einschulung ganz dem zuk&#252;nftigen Schulkind geh&#246;rt, aber ich bin da dem Wunsch des Sohnes gefolgt, habe mich jedoch in sofern durchgesetzt, dass in der Geschwistert&#252;te nur eine kleine Aufmerksamkeit steckte. Es ist wie mit dem Geburtstag. Der Tag geh&#246;rt dem einen Kind ganz speziell und das andere w&#252;rde diesen ebenfalls noch erleben, wenn es soweit ist. Klar, dass aber auch der kleine Sohn sich nun f&#252;r seinen gro&#223;en Bruder eine Schult&#252;te w&#252;nscht und so wird es hier dieses Jahr wohl auch wieder eine geben. Aber eben nur mit einer kleinen Aufmerksamkeit gef&#252;llt. Umfangreicher wird nat&#252;rlich die F&#252;llung des zuk&#252;nftigen Grundsch&#252;lers aussehen und daf&#252;r sammle ich gerade Ideen. Ein paar der Dinge, die es beim gro&#223;en Sohn damals gab, haben sich bew&#228;hrt und werden sicher auch dieses Jahr wieder ihren Weg in die T&#252;te finden, anderes wiederum nicht (wie der Tubulator zum Beispiel, der leider nur rumlag). Folgende Ideen haben wir bisher gesammelt f&#252;r die Schult&#252;te: ein bisschen schulisch passender S&#252;&#223;kram, das ist klar eine Playmobil-Figur passend zur Lieblingswelt (Dino Rise) Eine neue Brotdose f&#252;r die Schule von Minecraft (Affiliate Link) individuelle Kletties f&#252;r den Schulranzen mit Lieblingsmotiven ein kleiner pl&#252;schiger Gl&#252;cksbringer f&#252;r die Schule (ein kleines Pok\u00e9mon oder ein Sorgenfresser zum Beispiel) ein Geschicklichkeitsspiel von Smart Games (Affiliate Links) ein paar lustige Sticker zum dekorieren von Heftern u.&#228;. ein neues Freundebuch f&#252;r die Schule zum Beispiel von Furzipups (Affiliate Link) oder den Superfreunden (Affiliate Link) ein Anlaut Memory (Affiliate Link) Neue Pustestifte Eine Rechenkette oder Steckw&#252;rfel Und dann ist da ja noch das Thema der Schult&#252;te! Ich wei&#223; ehrlich gesagt gar nicht mehr, ob der Sohn damals sagte, es solle eine Pok\u00e9mon T&#252;te werden, oder ob ich alleine auf die Idee kam. Ich wei&#223; nur noch, dass ich ganz sch&#246;n Respekt vor dem Thema &#8220;Schult&#252;te selber machen&#8221; hatte und echt dachte, ich w&#252;rde das Projekt nicht umgesetzt bekommen. Aber am Ende war ich doch ziemlich stolz auf das Ergebnis: Der Sohn war auf jeden Fall ziemlich happy und genau dieses L&#228;cheln m&#246;chte ich jetzt nat&#252;rlich wieder beim kleinen Sohn hervorgezaubert bekommen. Dieser w&#252;nscht sich tats&#228;chlich eine Fu&#223;ball-Schult&#252;te. Ein Thema, das sich &#8211; meiner Meinung nach &#8211; viel leichter umsetzen lassen wird, als das vom gro&#223;en Sohn damals. Aber da muss ich nochmal in mich gehen, was dort dann priorisiert wird. Sein eigener Verein, der Lieblingsverein, das Fu&#223;ball-Farb-Thema an sich oder ein gr&#252;ner Fu&#223;ballrasen? Ich wei&#223; es noch nicht, da muss ich jetzt mal in die Ideenfindungsphase gehen und ich glaube Pinterest wird da eine gro&#223;e Hilfe sein. Nun ist es bereits &#252;ber 5 Jahre her, dass ich eine Schult&#252;te selber gen&#228;ht habe und auch das N&#228;hen an sich geh&#246;rte in letzter Zeit eher weniger zu den Dingen, mit denen ich mich besch&#228;ftigt habe. Das wird sicherlich nochmal spannend werden. Da wir aber den Bezug der alten Schult&#252;te damals mit einer Kissenf&#252;llung aufgef&#252;llt haben und dieser nun als Kissen im Bett des gro&#223;en Sohnes liegt, habe ich zumindest den Rohling f&#252;r dieses Projekt schon einmal zu Hause.&nbsp; Hat einer von euch schon einmal eine Schult&#252;te mit dem Thema selber gemacht und mag mir vielleicht ein paar inspirierende Bilder zeigen? Ich bin wirklich f&#252;r alle Ideen offen. Noch 2 Wochen Kita, dann 6 Wochen Ferien &#8211; Wie wir die Zeit bis zur Einschulung &#252;berbr&#252;cken wollen&#8230; Klar ist, dass der kleine Sohn st&#228;ndig davon spricht. Von seiner Zeit in der Schule, von seiner Hoffnung neue Freunde zu finden und neue Spielgef&#228;hrten, mit denen er Playmobil spielen kann (denn seine aktuellen k&#246;nnen damit irgendwie weniger anfangen). Er erz&#228;hlt, wie er es sich vorstellt, wenn er dann nach der Schule in den Hort geht und dass er so bald wie m&#246;glich alleine gehen m&#246;chte. Er ist so voller Vorfreude und Ungeduld, die n&#228;chsten Wochen werden sicherlich noch einmal eine Herausforderung f&#252;r ihn. Mit dem gro&#223;en Sohn bastelte ich damals einen Countdown bis zur Einschulung. Eine Schult&#252;te, aus der ein langer Zeter herabhing mit Zahlen darauf und er konnte jeden Tag ein Teil davon abschneiden und am Ende kam er an der Schult&#252;te an und der Tag der Einschulung war gekommen. Ich glaube noch ist es zu fr&#252;h so einen Countdown mit dem kleinen Sohn zu basteln, aber auch hier werden wir uns sicherlich etwas Sch&#246;nes &#252;berlegen und dann teile ich die Idee wieder mit euch. In den Ferien m&#246;chte ich nun aber mit dem Sohn gemeinsam Geschichten lesen, die von der Schule erz&#228;hlen. Es gibt so viele sch&#246;ne Kinderb&#252;cher zu dem Thema. Geschichten die Mut machen zum Beispiel oder stark. Geschichten die vom Schulalltag erz&#228;hlen und mehr&#8230;&nbsp; Folgende B&#252;cher stehen hierf&#252;r auf unserer Leseliste (Achtung: Alle B&#252;cher sind ein Affiliate Link): &#8220;Das kleine Wir in der Schule&#8221; &#8220;Max Kommt in die Schule&#8221; &#8220;Wieso? Weshalb? Warum? Ich komme in die Schule&#8221; &#8220;Bald ist mein erster Schultag&#8221; &#8220;Frag doch mal &#8230; die Maus: Die wichtigsten Fragen zum Schulanfang&#8221; &#8220;ABC der wilden Piraten&#8221; Damit sind wir in den Ferien, denke ich, erst einmal gut besch&#228;ftigt. Vielleicht sind ja f&#252;r euch auch ein paar sch&#246;ne Ideen dazwischen oder ihr habt selber noch Vorschl&#228;ge. Mitte Juli werden wir wohl mit dem Countdown und der Schult&#252;te anfangen und dann, ja dann kann man auch mal in die Planung gehen, Einladungen schreiben usw. Erst einmal klingt das alles irgendwie nach einem Plan, w&#252;rde ich sagen. Wie sieht das bei euch dieses Jahr aus? Schult ihr auch ein? Habt ihr euch schon Gedanken gemacht? Erz&#228;hlt doch mal ein wenig. *Anmerkung: Der Artikel enth&#228;lt evtl. Bilder mit Produkten, die wir in unserem Alltag nutzen oder Linkempfehlungen. Wir haben keine Bezahlung f&#252;r das Zeigen oder Nutzen derselbigen erhalten. Amazon Affiliate Links sind als solche markiert.&nbsp;<\/p>\n","protected":false},"author":1,"featured_media":55442,"comment_status":"open","ping_status":"open","sticky":false,"template":"","format":"standard","meta":{"ngg_post_thumbnail":0,"footnotes":""},"categories":[2210,50,321],"tags":[1214,1084,1215,592,1543],"class_list":["post-55446","post","type-post","status-publish","format-standard","has-post-thumbnail","hentry","category-featured","category-gedanken","category-minimum","tag-einschulung","tag-kindergarten","tag-schule","tag-schulkind","tag-schultuete"],"yoast_head":"<!-- This site is optimized with the Yoast SEO plugin v27.5 - https:\/\/yoast.com\/product\/yoast-seo-wordpress\/ -->\n<title>Erste Gedanken zum Thema Einschulung 2022 - Heldenhaushalt<\/title>\n<meta name=\"description\" content=\"Die Einschulung r\u00fcckt n\u00e4her und n\u00e4her und auch wenn es vorher erst einmal in die Sommerferien geht und der Sohn sich nat\u00fcrlich...\" \/>\n<meta name=\"robots\" content=\"index, follow, max-snippet:-1, max-image-preview:large, max-video-preview:-1\" \/>\n<link rel=\"canonical\" href=\"https:\/\/www.heldenhaushalt.de\/sari02\/index.php\/2022\/06\/21\/thema-einschulung-2022\/\" \/>\n<meta property=\"og:locale\" content=\"de_DE\" \/>\n<meta property=\"og:type\" content=\"article\" \/>\n<meta property=\"og:title\" content=\"Erste Gedanken zum Thema Einschulung 2022 - Heldenhaushalt\" \/>\n<meta property=\"og:description\" content=\"Die Einschulung r\u00fcckt n\u00e4her und n\u00e4her und auch wenn es vorher erst einmal in die Sommerferien geht und der Sohn sich nat\u00fcrlich...\" \/>\n<meta property=\"og:url\" content=\"https:\/\/www.heldenhaushalt.de\/sari02\/index.php\/2022\/06\/21\/thema-einschulung-2022\/\" \/>\n<meta property=\"og:site_name\" content=\"Heldenhaushalt\" \/>\n<meta property=\"article:published_time\" content=\"2022-06-21T10:20:00+00:00\" \/>\n<meta property=\"article:modified_time\" content=\"2022-06-21T10:25:26+00:00\" \/>\n<meta property=\"og:image\" content=\"https:\/\/www.heldenhaushalt.de\/sari02\/wp-content\/uploads\/2022\/06\/24-09.jpg\" \/>\n\t<meta property=\"og:image:width\" content=\"1000\" \/>\n\t<meta property=\"og:image:height\" content=\"747\" \/>\n\t<meta property=\"og:image:type\" content=\"image\/jpeg\" \/>\n<meta name=\"author\" content=\"Sari\" \/>\n<meta name=\"twitter:card\" content=\"summary_large_image\" \/>\n<meta name=\"twitter:creator\" content=\"@Heldenhaushalt\" \/>\n<meta name=\"twitter:site\" content=\"@Heldenhaushalt\" \/>\n<meta name=\"twitter:label1\" content=\"Verfasst von\" \/>\n\t<meta name=\"twitter:data1\" content=\"Sari\" \/>\n\t<meta name=\"twitter:label2\" content=\"Gesch\u00e4tzte Lesezeit\" \/>\n\t<meta name=\"twitter:data2\" content=\"8\u00a0Minuten\" \/>\n<script type=\"application\/ld+json\" class=\"yoast-schema-graph\">{\"@context\":\"https:\\\/\\\/schema.org\",\"@graph\":[{\"@type\":\"Article\",\"@id\":\"https:\\\/\\\/www.heldenhaushalt.de\\\/sari02\\\/index.php\\\/2022\\\/06\\\/21\\\/thema-einschulung-2022\\\/#article\",\"isPartOf\":{\"@id\":\"https:\\\/\\\/www.heldenhaushalt.de\\\/sari02\\\/index.php\\\/2022\\\/06\\\/21\\\/thema-einschulung-2022\\\/\"},\"author\":{\"name\":\"Sari\",\"@id\":\"https:\\\/\\\/www.heldenhaushalt.de\\\/sari02\\\/#\\\/schema\\\/person\\\/a1cc69f42a01f412eb62c151353814f6\"},\"headline\":\"Erste Gedanken zum Thema Einschulung 2022\",\"datePublished\":\"2022-06-21T10:20:00+00:00\",\"dateModified\":\"2022-06-21T10:25:26+00:00\",\"mainEntityOfPage\":{\"@id\":\"https:\\\/\\\/www.heldenhaushalt.de\\\/sari02\\\/index.php\\\/2022\\\/06\\\/21\\\/thema-einschulung-2022\\\/\"},\"wordCount\":1563,\"commentCount\":2,\"publisher\":{\"@id\":\"https:\\\/\\\/www.heldenhaushalt.de\\\/sari02\\\/#\\\/schema\\\/person\\\/a1cc69f42a01f412eb62c151353814f6\"},\"image\":{\"@id\":\"https:\\\/\\\/www.heldenhaushalt.de\\\/sari02\\\/index.php\\\/2022\\\/06\\\/21\\\/thema-einschulung-2022\\\/#primaryimage\"},\"thumbnailUrl\":\"https:\\\/\\\/www.heldenhaushalt.de\\\/sari02\\\/wp-content\\\/uploads\\\/2022\\\/06\\\/24-09.jpg\",\"keywords\":[\"Einschulung\",\"Kindergarten\",\"Schule\",\"Schulkind\",\"Schult\u00fcte\"],\"articleSection\":[\"Featured\",\"Gedankenwelt\",\"Heldenkinder\"],\"inLanguage\":\"de\",\"potentialAction\":[{\"@type\":\"CommentAction\",\"name\":\"Comment\",\"target\":[\"https:\\\/\\\/www.heldenhaushalt.de\\\/sari02\\\/index.php\\\/2022\\\/06\\\/21\\\/thema-einschulung-2022\\\/#respond\"]}]},{\"@type\":\"WebPage\",\"@id\":\"https:\\\/\\\/www.heldenhaushalt.de\\\/sari02\\\/index.php\\\/2022\\\/06\\\/21\\\/thema-einschulung-2022\\\/\",\"url\":\"https:\\\/\\\/www.heldenhaushalt.de\\\/sari02\\\/index.php\\\/2022\\\/06\\\/21\\\/thema-einschulung-2022\\\/\",\"name\":\"Erste Gedanken zum Thema Einschulung 2022 - Heldenhaushalt\",\"isPartOf\":{\"@id\":\"https:\\\/\\\/www.heldenhaushalt.de\\\/sari02\\\/#website\"},\"primaryImageOfPage\":{\"@id\":\"https:\\\/\\\/www.heldenhaushalt.de\\\/sari02\\\/index.php\\\/2022\\\/06\\\/21\\\/thema-einschulung-2022\\\/#primaryimage\"},\"image\":{\"@id\":\"https:\\\/\\\/www.heldenhaushalt.de\\\/sari02\\\/index.php\\\/2022\\\/06\\\/21\\\/thema-einschulung-2022\\\/#primaryimage\"},\"thumbnailUrl\":\"https:\\\/\\\/www.heldenhaushalt.de\\\/sari02\\\/wp-content\\\/uploads\\\/2022\\\/06\\\/24-09.jpg\",\"datePublished\":\"2022-06-21T10:20:00+00:00\",\"dateModified\":\"2022-06-21T10:25:26+00:00\",\"description\":\"Die Einschulung r\u00fcckt n\u00e4her und n\u00e4her und auch wenn es vorher erst einmal in die Sommerferien geht und der Sohn sich nat\u00fcrlich...\",\"breadcrumb\":{\"@id\":\"https:\\\/\\\/www.heldenhaushalt.de\\\/sari02\\\/index.php\\\/2022\\\/06\\\/21\\\/thema-einschulung-2022\\\/#breadcrumb\"},\"inLanguage\":\"de\",\"potentialAction\":[{\"@type\":\"ReadAction\",\"target\":[\"https:\\\/\\\/www.heldenhaushalt.de\\\/sari02\\\/index.php\\\/2022\\\/06\\\/21\\\/thema-einschulung-2022\\\/\"]}]},{\"@type\":\"ImageObject\",\"inLanguage\":\"de\",\"@id\":\"https:\\\/\\\/www.heldenhaushalt.de\\\/sari02\\\/index.php\\\/2022\\\/06\\\/21\\\/thema-einschulung-2022\\\/#primaryimage\",\"url\":\"https:\\\/\\\/www.heldenhaushalt.de\\\/sari02\\\/wp-content\\\/uploads\\\/2022\\\/06\\\/24-09.jpg\",\"contentUrl\":\"https:\\\/\\\/www.heldenhaushalt.de\\\/sari02\\\/wp-content\\\/uploads\\\/2022\\\/06\\\/24-09.jpg\",\"width\":1000,\"height\":747,\"caption\":\"Einschulung\"},{\"@type\":\"BreadcrumbList\",\"@id\":\"https:\\\/\\\/www.heldenhaushalt.de\\\/sari02\\\/index.php\\\/2022\\\/06\\\/21\\\/thema-einschulung-2022\\\/#breadcrumb\",\"itemListElement\":[{\"@type\":\"ListItem\",\"position\":1,\"name\":\"Startseite\",\"item\":\"https:\\\/\\\/www.heldenhaushalt.de\\\/sari02\\\/\"},{\"@type\":\"ListItem\",\"position\":2,\"name\":\"Erste Gedanken zum Thema Einschulung 2022\"}]},{\"@type\":\"WebSite\",\"@id\":\"https:\\\/\\\/www.heldenhaushalt.de\\\/sari02\\\/#website\",\"url\":\"https:\\\/\\\/www.heldenhaushalt.de\\\/sari02\\\/\",\"name\":\"Heldenhaushalt\",\"description\":\"Wer es ordentlich haben will, der muss vorher anrufen\",\"publisher\":{\"@id\":\"https:\\\/\\\/www.heldenhaushalt.de\\\/sari02\\\/#\\\/schema\\\/person\\\/a1cc69f42a01f412eb62c151353814f6\"},\"potentialAction\":[{\"@type\":\"SearchAction\",\"target\":{\"@type\":\"EntryPoint\",\"urlTemplate\":\"https:\\\/\\\/www.heldenhaushalt.de\\\/sari02\\\/?s={search_term_string}\"},\"query-input\":{\"@type\":\"PropertyValueSpecification\",\"valueRequired\":true,\"valueName\":\"search_term_string\"}}],\"inLanguage\":\"de\"},{\"@type\":[\"Person\",\"Organization\"],\"@id\":\"https:\\\/\\\/www.heldenhaushalt.de\\\/sari02\\\/#\\\/schema\\\/person\\\/a1cc69f42a01f412eb62c151353814f6\",\"name\":\"Sari\",\"image\":{\"@type\":\"ImageObject\",\"inLanguage\":\"de\",\"@id\":\"https:\\\/\\\/www.heldenhaushalt.de\\\/sari02\\\/wp-content\\\/uploads\\\/2019\\\/02\\\/sari-april2018.png\",\"url\":\"https:\\\/\\\/www.heldenhaushalt.de\\\/sari02\\\/wp-content\\\/uploads\\\/2019\\\/02\\\/sari-april2018.png\",\"contentUrl\":\"https:\\\/\\\/www.heldenhaushalt.de\\\/sari02\\\/wp-content\\\/uploads\\\/2019\\\/02\\\/sari-april2018.png\",\"width\":500,\"height\":500,\"caption\":\"Sari\"},\"logo\":{\"@id\":\"https:\\\/\\\/www.heldenhaushalt.de\\\/sari02\\\/wp-content\\\/uploads\\\/2019\\\/02\\\/sari-april2018.png\"},\"description\":\"Frau Mondgras \u2013 Das bin ich, Sari. Gerne auch als Sari Mondgras bekannt und im Internet zu finden. 2-Fach-Mutter, Heldenehefrau, Kreativling, Harmonies\u00fcchtig und st\u00e4ndig auf der Suche nach Gl\u00fcck. Ich komme aus Berlin, bin hier aufgewachsen und lebe hier seit ich denken kann.\",\"sameAs\":[\"https:\\\/\\\/www.instagram.com\\\/heldenhaushalt\\\/\"],\"url\":\"https:\\\/\\\/www.heldenhaushalt.de\\\/sari02\\\/index.php\\\/author\\\/admin\\\/\"}]}<\/script>\n<!-- \/ Yoast SEO plugin. -->","yoast_head_json":{"title":"Erste Gedanken zum Thema Einschulung 2022 - Heldenhaushalt","description":"Die Einschulung r\u00fcckt n\u00e4her und n\u00e4her und auch wenn es vorher erst einmal in die Sommerferien geht und der Sohn sich nat\u00fcrlich...","robots":{"index":"index","follow":"follow","max-snippet":"max-snippet:-1","max-image-preview":"max-image-preview:large","max-video-preview":"max-video-preview:-1"},"canonical":"https:\/\/www.heldenhaushalt.de\/sari02\/index.php\/2022\/06\/21\/thema-einschulung-2022\/","og_locale":"de_DE","og_type":"article","og_title":"Erste Gedanken zum Thema Einschulung 2022 - Heldenhaushalt","og_description":"Die Einschulung r\u00fcckt n\u00e4her und n\u00e4her und auch wenn es vorher erst einmal in die Sommerferien geht und der Sohn sich nat\u00fcrlich...","og_url":"https:\/\/www.heldenhaushalt.de\/sari02\/index.php\/2022\/06\/21\/thema-einschulung-2022\/","og_site_name":"Heldenhaushalt","article_published_time":"2022-06-21T10:20:00+00:00","article_modified_time":"2022-06-21T10:25:26+00:00","og_image":[{"width":1000,"height":747,"url":"https:\/\/www.heldenhaushalt.de\/sari02\/wp-content\/uploads\/2022\/06\/24-09.jpg","type":"image\/jpeg"}],"author":"Sari","twitter_card":"summary_large_image","twitter_creator":"@Heldenhaushalt","twitter_site":"@Heldenhaushalt","twitter_misc":{"Verfasst von":"Sari","Gesch\u00e4tzte Lesezeit":"8\u00a0Minuten"},"schema":{"@context":"https:\/\/schema.org","@graph":[{"@type":"Article","@id":"https:\/\/www.heldenhaushalt.de\/sari02\/index.php\/2022\/06\/21\/thema-einschulung-2022\/#article","isPartOf":{"@id":"https:\/\/www.heldenhaushalt.de\/sari02\/index.php\/2022\/06\/21\/thema-einschulung-2022\/"},"author":{"name":"Sari","@id":"https:\/\/www.heldenhaushalt.de\/sari02\/#\/schema\/person\/a1cc69f42a01f412eb62c151353814f6"},"headline":"Erste Gedanken zum Thema Einschulung 2022","datePublished":"2022-06-21T10:20:00+00:00","dateModified":"2022-06-21T10:25:26+00:00","mainEntityOfPage":{"@id":"https:\/\/www.heldenhaushalt.de\/sari02\/index.php\/2022\/06\/21\/thema-einschulung-2022\/"},"wordCount":1563,"commentCount":2,"publisher":{"@id":"https:\/\/www.heldenhaushalt.de\/sari02\/#\/schema\/person\/a1cc69f42a01f412eb62c151353814f6"},"image":{"@id":"https:\/\/www.heldenhaushalt.de\/sari02\/index.php\/2022\/06\/21\/thema-einschulung-2022\/#primaryimage"},"thumbnailUrl":"https:\/\/www.heldenhaushalt.de\/sari02\/wp-content\/uploads\/2022\/06\/24-09.jpg","keywords":["Einschulung","Kindergarten","Schule","Schulkind","Schult\u00fcte"],"articleSection":["Featured","Gedankenwelt","Heldenkinder"],"inLanguage":"de","potentialAction":[{"@type":"CommentAction","name":"Comment","target":["https:\/\/www.heldenhaushalt.de\/sari02\/index.php\/2022\/06\/21\/thema-einschulung-2022\/#respond"]}]},{"@type":"WebPage","@id":"https:\/\/www.heldenhaushalt.de\/sari02\/index.php\/2022\/06\/21\/thema-einschulung-2022\/","url":"https:\/\/www.heldenhaushalt.de\/sari02\/index.php\/2022\/06\/21\/thema-einschulung-2022\/","name":"Erste Gedanken zum Thema Einschulung 2022 - Heldenhaushalt","isPartOf":{"@id":"https:\/\/www.heldenhaushalt.de\/sari02\/#website"},"primaryImageOfPage":{"@id":"https:\/\/www.heldenhaushalt.de\/sari02\/index.php\/2022\/06\/21\/thema-einschulung-2022\/#primaryimage"},"image":{"@id":"https:\/\/www.heldenhaushalt.de\/sari02\/index.php\/2022\/06\/21\/thema-einschulung-2022\/#primaryimage"},"thumbnailUrl":"https:\/\/www.heldenhaushalt.de\/sari02\/wp-content\/uploads\/2022\/06\/24-09.jpg","datePublished":"2022-06-21T10:20:00+00:00","dateModified":"2022-06-21T10:25:26+00:00","description":"Die Einschulung r\u00fcckt n\u00e4her und n\u00e4her und auch wenn es vorher erst einmal in die Sommerferien geht und der Sohn sich nat\u00fcrlich...","breadcrumb":{"@id":"https:\/\/www.heldenhaushalt.de\/sari02\/index.php\/2022\/06\/21\/thema-einschulung-2022\/#breadcrumb"},"inLanguage":"de","potentialAction":[{"@type":"ReadAction","target":["https:\/\/www.heldenhaushalt.de\/sari02\/index.php\/2022\/06\/21\/thema-einschulung-2022\/"]}]},{"@type":"ImageObject","inLanguage":"de","@id":"https:\/\/www.heldenhaushalt.de\/sari02\/index.php\/2022\/06\/21\/thema-einschulung-2022\/#primaryimage","url":"https:\/\/www.heldenhaushalt.de\/sari02\/wp-content\/uploads\/2022\/06\/24-09.jpg","contentUrl":"https:\/\/www.heldenhaushalt.de\/sari02\/wp-content\/uploads\/2022\/06\/24-09.jpg","width":1000,"height":747,"caption":"Einschulung"},{"@type":"BreadcrumbList","@id":"https:\/\/www.heldenhaushalt.de\/sari02\/index.php\/2022\/06\/21\/thema-einschulung-2022\/#breadcrumb","itemListElement":[{"@type":"ListItem","position":1,"name":"Startseite","item":"https:\/\/www.heldenhaushalt.de\/sari02\/"},{"@type":"ListItem","position":2,"name":"Erste Gedanken zum Thema Einschulung 2022"}]},{"@type":"WebSite","@id":"https:\/\/www.heldenhaushalt.de\/sari02\/#website","url":"https:\/\/www.heldenhaushalt.de\/sari02\/","name":"Heldenhaushalt","description":"Wer es ordentlich haben will, der muss vorher anrufen","publisher":{"@id":"https:\/\/www.heldenhaushalt.de\/sari02\/#\/schema\/person\/a1cc69f42a01f412eb62c151353814f6"},"potentialAction":[{"@type":"SearchAction","target":{"@type":"EntryPoint","urlTemplate":"https:\/\/www.heldenhaushalt.de\/sari02\/?s={search_term_string}"},"query-input":{"@type":"PropertyValueSpecification","valueRequired":true,"valueName":"search_term_string"}}],"inLanguage":"de"},{"@type":["Person","Organization"],"@id":"https:\/\/www.heldenhaushalt.de\/sari02\/#\/schema\/person\/a1cc69f42a01f412eb62c151353814f6","name":"Sari","image":{"@type":"ImageObject","inLanguage":"de","@id":"https:\/\/www.heldenhaushalt.de\/sari02\/wp-content\/uploads\/2019\/02\/sari-april2018.png","url":"https:\/\/www.heldenhaushalt.de\/sari02\/wp-content\/uploads\/2019\/02\/sari-april2018.png","contentUrl":"https:\/\/www.heldenhaushalt.de\/sari02\/wp-content\/uploads\/2019\/02\/sari-april2018.png","width":500,"height":500,"caption":"Sari"},"logo":{"@id":"https:\/\/www.heldenhaushalt.de\/sari02\/wp-content\/uploads\/2019\/02\/sari-april2018.png"},"description":"Frau Mondgras \u2013 Das bin ich, Sari. Gerne auch als Sari Mondgras bekannt und im Internet zu finden. 2-Fach-Mutter, Heldenehefrau, Kreativling, Harmonies\u00fcchtig und st\u00e4ndig auf der Suche nach Gl\u00fcck. Ich komme aus Berlin, bin hier aufgewachsen und lebe hier seit ich denken kann.","sameAs":["https:\/\/www.instagram.com\/heldenhaushalt\/"],"url":"https:\/\/www.heldenhaushalt.de\/sari02\/index.php\/author\/admin\/"}]}},"views":1934,"_links":{"self":[{"href":"https:\/\/www.heldenhaushalt.de\/sari02\/index.php\/wp-json\/wp\/v2\/posts\/55446","targetHints":{"allow":["GET"]}}],"collection":[{"href":"https:\/\/www.heldenhaushalt.de\/sari02\/index.php\/wp-json\/wp\/v2\/posts"}],"about":[{"href":"https:\/\/www.heldenhaushalt.de\/sari02\/index.php\/wp-json\/wp\/v2\/types\/post"}],"author":[{"embeddable":true,"href":"https:\/\/www.heldenhaushalt.de\/sari02\/index.php\/wp-json\/wp\/v2\/users\/1"}],"replies":[{"embeddable":true,"href":"https:\/\/www.heldenhaushalt.de\/sari02\/index.php\/wp-json\/wp\/v2\/comments?post=55446"}],"version-history":[{"count":3,"href":"https:\/\/www.heldenhaushalt.de\/sari02\/index.php\/wp-json\/wp\/v2\/posts\/55446\/revisions"}],"predecessor-version":[{"id":55479,"href":"https:\/\/www.heldenhaushalt.de\/sari02\/index.php\/wp-json\/wp\/v2\/posts\/55446\/revisions\/55479"}],"wp:featuredmedia":[{"embeddable":true,"href":"https:\/\/www.heldenhaushalt.de\/sari02\/index.php\/wp-json\/wp\/v2\/media\/55442"}],"wp:attachment":[{"href":"https:\/\/www.heldenhaushalt.de\/sari02\/index.php\/wp-json\/wp\/v2\/media?parent=55446"}],"wp:term":[{"taxonomy":"category","embeddable":true,"href":"https:\/\/www.heldenhaushalt.de\/sari02\/index.php\/wp-json\/wp\/v2\/categories?post=55446"},{"taxonomy":"post_tag","embeddable":true,"href":"https:\/\/www.heldenhaushalt.de\/sari02\/index.php\/wp-json\/wp\/v2\/tags?post=55446"}],"curies":[{"name":"wp","href":"https:\/\/api.w.org\/{rel}","templated":true}]}}