{"id":56482,"date":"2022-10-19T11:06:54","date_gmt":"2022-10-19T09:06:54","guid":{"rendered":"https:\/\/www.heldenhaushalt.de\/sari02\/?p=56482"},"modified":"2022-10-19T11:06:54","modified_gmt":"2022-10-19T09:06:54","slug":"anna-mag-oma-rezension","status":"publish","type":"post","link":"https:\/\/www.heldenhaushalt.de\/sari02\/index.php\/2022\/10\/19\/anna-mag-oma-rezension\/","title":{"rendered":"&#8220;Anna mag Oma und Oma mag &#196;pfel&#8221; #Rezension"},"content":{"rendered":"<p style=\"text-align: right;\"><small>Rezension*<\/small><\/p>\n<p>Heute habe ich wieder eine Kinderbuch-Empfehlung f&#252;r euch. Aber Achtung: Diese ist sehr speziell und besonders und befasst sich mit einem Thema, das nicht einfach ist. Hin und wieder gibt es B&#252;cher, die sollen uns und unseren Kindern dabei helfen <a href=\"https:\/\/www.heldenhaushalt.de\/sari02\/index.php\/2017\/12\/20\/vom-vermissen-kinderbuch\/\">schwierige Themen besser zu verstehen und zu verarbeiten<\/a> und dieses heute geh&#246;rt in diese Kategorie, denn es befasst sich mit etwas, das mir selber zeitweise ganz sch&#246;n Angst macht.<\/p>\n<p>Ich wei&#223; nicht, wie es euch bei diesem Thema so geht, aber wenn ich ans Alt werden und an den Tod denke, dass macht mir zweiteres eher weniger Angst, denn davon bekomme ich selber ja nichts mehr mit (vermutlich), aber ersteres ist ein Prozess, mit dem wir alle zurecht kommen m&#252;ssen und vor dem &#228;lter werden habe ich wirklich viel Angst. Erst recht, weil man heutzutage scheinbar nicht mehr einfach nur alt wird. Meist kommen Schwierigkeiten auf diesen Weg damit einher und eine davon ist Demenz. Auch in meinem Umfeld bin ich damit schon ein wenig in Kontakt gekommen und es kann ganz sch&#246;n erschreckend sein.<\/p>\n<h2>&#8220;Anna mag Oma und Oma mag &#196;pfel&#8221; von Katrin H&#246;fer Weber und Tatjana Mai-Wyss<\/h2>\n<p>Schon in der Vergangenheit habe ich immer wieder festgestellt, dass die B&#252;cher aus dem BOHEM Verlag etwas Besonderes sind. Sei es durch ihre Inhalte, aber besonders durch ihre Illustrationen, die meist sehr zart und eher k&#252;nstlerisch sind. &#196;hnlich ist es in &#8220;<a href=\"https:\/\/www.bohem.ch\/katalog\/anna-mag-oma-und-oma-mag-aepfel\/\" target=\"_blank\" rel=\"nofollow noopener\"><strong>Anna mag Oma und Oma mag &#196;pfel<\/strong><\/a>&#8221; von Katrin H&#246;fer Weber und Tatjana Mai-Wyss.<\/p>\n<p><img loading=\"lazy\" decoding=\"async\" class=\"alignnone size-full wp-image-56485\" src=\"https:\/\/www.heldenhaushalt.de\/sari02\/wp-content\/uploads\/2022\/10\/oma02.jpg\" alt=\"Oma\" width=\"1000\" height=\"740\" srcset=\"https:\/\/www.heldenhaushalt.de\/sari02\/wp-content\/uploads\/2022\/10\/oma02.jpg 1000w, https:\/\/www.heldenhaushalt.de\/sari02\/wp-content\/uploads\/2022\/10\/oma02-300x222.jpg 300w, https:\/\/www.heldenhaushalt.de\/sari02\/wp-content\/uploads\/2022\/10\/oma02-768x568.jpg 768w, https:\/\/www.heldenhaushalt.de\/sari02\/wp-content\/uploads\/2022\/10\/oma02-81x60.jpg 81w\" sizes=\"auto, (max-width: 1000px) 100vw, 1000px\" \/><\/p>\n<p>Anna hat zwei Omas. Die eine Oma nennt sie immer &#8220;Oma Obst&#8221;, denn sie lebte fr&#252;her in einem Haus mit Garten und Obstb&#228;umen und dort sa&#223; sie am liebsten immer im Apfelbaum, von dem aus sie alles gut beobachten konnte. Inzwischen lebt Oma dort aber nicht mehr, sondern in einem Seniorenheim. Auch hat sie sich sehr ver&#228;ndert und immer wenn Anna sie mit ihrem Papa besucht, ist es ein wenig seltsam.<\/p>\n<p>Manchmal erz&#228;hlt Oma von Menschen, die Anna gar nicht kennt und manchmal hat Anna das Gef&#252;hl, dass Oma ihr gar nicht zuh&#246;rt. Meistens sitzt sie auf einem Stuhl am Fenster und schaut hinaus. Am schlimmsten ist es jedoch f&#252;r Anna, als sie f&#252;r Oma extra ein Bild vom geliebten Apfelbaum malt und Oma sich dieses nicht mal richtig anschaut&#8230;<\/p>\n<h2>Oma ist krank, erkl&#228;rt ihr die Mutter eines Tages.<\/h2>\n<p>Anna m&#246;chte Oma erst wieder besuchen, wenn sie gesund ist, doch so einfach ist das alles nicht. Ihre Eltern erkl&#228;ren ihr, dass es Krankheiten gibt, bei denen die &#196;rzte (noch nicht) wirklich helfen k&#246;nnen und so wird sich Omas Zustand wohl auch nicht mehr verbessern. Es g&#228;be Dinge, die k&#228;men bei ihr manchmal einfach nicht an und so wird es auch mit dem Bild gewesen sein.<\/p>\n<p>Als Anna in einer alten Kisten ein Fotoalbum aus Omas Jugend findet, hat sie eine Idee und als sie das n&#228;chste Mal Oma Obst besucht, setzt sie diese direkt in die Tat um&#8230;<\/p>\n<p><img loading=\"lazy\" decoding=\"async\" class=\"alignnone size-full wp-image-56486\" src=\"https:\/\/www.heldenhaushalt.de\/sari02\/wp-content\/uploads\/2022\/10\/oma03.jpg\" alt=\"Oma\" width=\"1000\" height=\"699\" srcset=\"https:\/\/www.heldenhaushalt.de\/sari02\/wp-content\/uploads\/2022\/10\/oma03.jpg 1000w, https:\/\/www.heldenhaushalt.de\/sari02\/wp-content\/uploads\/2022\/10\/oma03-300x210.jpg 300w, https:\/\/www.heldenhaushalt.de\/sari02\/wp-content\/uploads\/2022\/10\/oma03-768x537.jpg 768w, https:\/\/www.heldenhaushalt.de\/sari02\/wp-content\/uploads\/2022\/10\/oma03-86x60.jpg 86w\" sizes=\"auto, (max-width: 1000px) 100vw, 1000px\" \/><\/p>\n<h2>Eine Geschichte &#252;ber Demenz<\/h2>\n<p>Dieses Kinderbuch, das ab 3 Jahren gedacht ist, ist an manchen Stellen wirklich sehr offen und direkt mit Themen, die wir sonst eher ganz vorsichtig versuchen mit Kindern zu besprechen. So kommt zum Beispiel auch die Frage nach dem Leben nach dem Tod, wo der Vater Anna ganz offen erkl&#228;rt, dass es verschiedene Meinungen und Sichtweisen darauf g&#228;be, was mit uns nach all dem passieren k&#246;nnte. Keine Umschreibungen, sondern ganz ehrliche Worte. &#196;hnlich verh&#228;lt es sich, als die Mama mit Anna &#252;ber den Demenz-Zustand der Oma spricht.&nbsp;<\/p>\n<p>Ich muss gestehen, dass ich das als wirklich angenehm empfunden habe. Keine Umschreibungen, keine komischen Metaphern, sondern einfach so, wie es ist. Anders reden wir mit unseren Kindern auch nicht und sind einfach ehrlich. Klar geht man dabei behutsam vor und beobachtet genau, wie das Kind auf die Erkl&#228;rungen reagiert und findet eher fr&#252;her ein Ende, um ein anderes Mal weiter dar&#252;ber zu sprechen, aber es wurde hier wirklich gut verpackt in eine ganz liebevolle Geschichte.<\/p>\n<p>Am Ende des Buches gibt es nochmal einen erkl&#228;renden Teil f&#252;r uns Eltern, in denen der Begriff bzw. die Erkrankung Demenz dargestellt und geschildert wird. Wie kommt es dazu, wie zeigt es sich, wie verl&#228;uft es.<\/p>\n<p>&#8220;<a href=\"https:\/\/www.bohem.ch\/katalog\/anna-mag-oma-und-oma-mag-aepfel\/\" target=\"_blank\" rel=\"nofollow noopener\">Anna mag Oma und Oma mag &#196;pfel<\/a>&#8221; ist ein wundersch&#246;nes und wertvolles Buch, das ich als sehr gelungen empfinde und von Herzen empfehlen m&#246;chte.<\/p>\n<p><small>*<strong>Anmerkung:<\/strong> Das Buch wurde uns vom Verlag als Rezensionsexemplar zur Verf&#252;gung gestellt.<\/small><\/p>\n","protected":false},"excerpt":{"rendered":"<p>Rezension* Heute habe ich wieder eine Kinderbuch-Empfehlung f&#252;r euch. Aber Achtung: Diese ist sehr speziell und besonders und befasst sich mit einem Thema, das nicht einfach ist. Hin und wieder gibt es B&#252;cher, die sollen uns und unseren Kindern dabei helfen schwierige Themen besser zu verstehen und zu verarbeiten und dieses heute geh&#246;rt in diese Kategorie, denn es befasst sich mit etwas, das mir selber zeitweise ganz sch&#246;n Angst macht. Ich wei&#223; nicht, wie es euch bei diesem Thema so geht, aber wenn ich ans Alt werden und an den Tod denke, dass macht mir zweiteres eher weniger Angst, denn davon bekomme ich selber ja nichts mehr mit (vermutlich), aber ersteres ist ein Prozess, mit dem wir alle zurecht kommen m&#252;ssen und vor dem &#228;lter werden habe ich wirklich viel Angst. Erst recht, weil man heutzutage scheinbar nicht mehr einfach nur alt wird. Meist kommen Schwierigkeiten auf diesen Weg damit einher und eine davon ist Demenz. Auch in meinem Umfeld bin ich damit schon ein wenig in Kontakt gekommen und es kann ganz sch&#246;n erschreckend sein. &#8220;Anna mag Oma und Oma mag &#196;pfel&#8221; von Katrin H&#246;fer Weber und Tatjana Mai-Wyss Schon in der Vergangenheit habe ich immer wieder festgestellt, dass die B&#252;cher aus dem BOHEM Verlag etwas Besonderes sind. Sei es durch ihre Inhalte, aber besonders durch ihre Illustrationen, die meist sehr zart und eher k&#252;nstlerisch sind. &#196;hnlich ist es in &#8220;Anna mag Oma und Oma mag &#196;pfel&#8221; von Katrin H&#246;fer Weber und Tatjana Mai-Wyss. Anna hat zwei Omas. Die eine Oma nennt sie immer &#8220;Oma Obst&#8221;, denn sie lebte fr&#252;her in einem Haus mit Garten und Obstb&#228;umen und dort sa&#223; sie am liebsten immer im Apfelbaum, von dem aus sie alles gut beobachten konnte. Inzwischen lebt Oma dort aber nicht mehr, sondern in einem Seniorenheim. Auch hat sie sich sehr ver&#228;ndert und immer wenn Anna sie mit ihrem Papa besucht, ist es ein wenig seltsam. Manchmal erz&#228;hlt Oma von Menschen, die Anna gar nicht kennt und manchmal hat Anna das Gef&#252;hl, dass Oma ihr gar nicht zuh&#246;rt. Meistens sitzt sie auf einem Stuhl am Fenster und schaut hinaus. Am schlimmsten ist es jedoch f&#252;r Anna, als sie f&#252;r Oma extra ein Bild vom geliebten Apfelbaum malt und Oma sich dieses nicht mal richtig anschaut&#8230; Oma ist krank, erkl&#228;rt ihr die Mutter eines Tages. Anna m&#246;chte Oma erst wieder besuchen, wenn sie gesund ist, doch so einfach ist das alles nicht. Ihre Eltern erkl&#228;ren ihr, dass es Krankheiten gibt, bei denen die &#196;rzte (noch nicht) wirklich helfen k&#246;nnen und so wird sich Omas Zustand wohl auch nicht mehr verbessern. Es g&#228;be Dinge, die k&#228;men bei ihr manchmal einfach nicht an und so wird es auch mit dem Bild gewesen sein. Als Anna in einer alten Kisten ein Fotoalbum aus Omas Jugend findet, hat sie eine Idee und als sie das n&#228;chste Mal Oma Obst besucht, setzt sie diese direkt in die Tat um&#8230; Eine Geschichte &#252;ber Demenz Dieses Kinderbuch, das ab 3 Jahren gedacht ist, ist an manchen Stellen wirklich sehr offen und direkt mit Themen, die wir sonst eher ganz vorsichtig versuchen mit Kindern zu besprechen. So kommt zum Beispiel auch die Frage nach dem Leben nach dem Tod, wo der Vater Anna ganz offen erkl&#228;rt, dass es verschiedene Meinungen und Sichtweisen darauf g&#228;be, was mit uns nach all dem passieren k&#246;nnte. Keine Umschreibungen, sondern ganz ehrliche Worte. &#196;hnlich verh&#228;lt es sich, als die Mama mit Anna &#252;ber den Demenz-Zustand der Oma spricht.&nbsp; Ich muss gestehen, dass ich das als wirklich angenehm empfunden habe. Keine Umschreibungen, keine komischen Metaphern, sondern einfach so, wie es ist. Anders reden wir mit unseren Kindern auch nicht und sind einfach ehrlich. Klar geht man dabei behutsam vor und beobachtet genau, wie das Kind auf die Erkl&#228;rungen reagiert und findet eher fr&#252;her ein Ende, um ein anderes Mal weiter dar&#252;ber zu sprechen, aber es wurde hier wirklich gut verpackt in eine ganz liebevolle Geschichte. Am Ende des Buches gibt es nochmal einen erkl&#228;renden Teil f&#252;r uns Eltern, in denen der Begriff bzw. die Erkrankung Demenz dargestellt und geschildert wird. Wie kommt es dazu, wie zeigt es sich, wie verl&#228;uft es. &#8220;Anna mag Oma und Oma mag &#196;pfel&#8221; ist ein wundersch&#246;nes und wertvolles Buch, das ich als sehr gelungen empfinde und von Herzen empfehlen m&#246;chte. *Anmerkung: Das Buch wurde uns vom Verlag als Rezensionsexemplar zur Verf&#252;gung gestellt.<\/p>\n","protected":false},"author":1,"featured_media":56484,"comment_status":"open","ping_status":"open","sticky":false,"template":"","format":"standard","meta":{"ngg_post_thumbnail":0,"footnotes":""},"categories":[1690,53],"tags":[1752,1881,253,3256,202,438,732],"class_list":["post-56482","post","type-post","status-publish","format-standard","has-post-thumbnail","hentry","category-buecher","category-empfehlungen","tag-bilderbuch","tag-bohem-verlag","tag-buch","tag-demenz","tag-empfehlung","tag-kinderbuch","tag-rezension"],"yoast_head":"<!-- This site is optimized with the Yoast SEO plugin v27.5 - https:\/\/yoast.com\/product\/yoast-seo-wordpress\/ -->\n<title>&quot;Anna mag Oma und Oma mag \u00c4pfel&quot; #Rezension<\/title>\n<meta name=\"description\" content=\"Anna hat zwei Omas. Die eine Oma nennt sie immer &quot;Oma Obst&quot;, denn sie lebte fr\u00fcher in einem Haus mit Garten und Obstb\u00e4umen...\" \/>\n<meta name=\"robots\" content=\"index, follow, max-snippet:-1, max-image-preview:large, max-video-preview:-1\" \/>\n<link rel=\"canonical\" href=\"https:\/\/www.heldenhaushalt.de\/sari02\/index.php\/2022\/10\/19\/anna-mag-oma-rezension\/\" \/>\n<meta property=\"og:locale\" content=\"de_DE\" \/>\n<meta property=\"og:type\" content=\"article\" \/>\n<meta property=\"og:title\" content=\"&quot;Anna mag Oma und Oma mag \u00c4pfel&quot; #Rezension\" \/>\n<meta property=\"og:description\" content=\"Anna hat zwei Omas. Die eine Oma nennt sie immer &quot;Oma Obst&quot;, denn sie lebte fr\u00fcher in einem Haus mit Garten und Obstb\u00e4umen...\" \/>\n<meta property=\"og:url\" content=\"https:\/\/www.heldenhaushalt.de\/sari02\/index.php\/2022\/10\/19\/anna-mag-oma-rezension\/\" \/>\n<meta property=\"og:site_name\" content=\"Heldenhaushalt\" \/>\n<meta property=\"article:published_time\" content=\"2022-10-19T09:06:54+00:00\" \/>\n<meta property=\"og:image\" content=\"https:\/\/www.heldenhaushalt.de\/sari02\/wp-content\/uploads\/2022\/10\/oma01.jpg\" \/>\n\t<meta property=\"og:image:width\" content=\"1000\" \/>\n\t<meta property=\"og:image:height\" content=\"711\" \/>\n\t<meta property=\"og:image:type\" content=\"image\/jpeg\" \/>\n<meta name=\"author\" content=\"Sari\" \/>\n<meta name=\"twitter:card\" content=\"summary_large_image\" \/>\n<meta name=\"twitter:creator\" content=\"@Heldenhaushalt\" \/>\n<meta name=\"twitter:site\" content=\"@Heldenhaushalt\" \/>\n<meta name=\"twitter:label1\" content=\"Verfasst von\" \/>\n\t<meta name=\"twitter:data1\" content=\"Sari\" \/>\n\t<meta name=\"twitter:label2\" content=\"Gesch\u00e4tzte Lesezeit\" \/>\n\t<meta name=\"twitter:data2\" content=\"5\u00a0Minuten\" \/>\n<script type=\"application\/ld+json\" class=\"yoast-schema-graph\">{\"@context\":\"https:\\\/\\\/schema.org\",\"@graph\":[{\"@type\":\"Article\",\"@id\":\"https:\\\/\\\/www.heldenhaushalt.de\\\/sari02\\\/index.php\\\/2022\\\/10\\\/19\\\/anna-mag-oma-rezension\\\/#article\",\"isPartOf\":{\"@id\":\"https:\\\/\\\/www.heldenhaushalt.de\\\/sari02\\\/index.php\\\/2022\\\/10\\\/19\\\/anna-mag-oma-rezension\\\/\"},\"author\":{\"name\":\"Sari\",\"@id\":\"https:\\\/\\\/www.heldenhaushalt.de\\\/sari02\\\/#\\\/schema\\\/person\\\/a1cc69f42a01f412eb62c151353814f6\"},\"headline\":\"&#8220;Anna mag Oma und Oma mag &#196;pfel&#8221; #Rezension\",\"datePublished\":\"2022-10-19T09:06:54+00:00\",\"mainEntityOfPage\":{\"@id\":\"https:\\\/\\\/www.heldenhaushalt.de\\\/sari02\\\/index.php\\\/2022\\\/10\\\/19\\\/anna-mag-oma-rezension\\\/\"},\"wordCount\":768,\"commentCount\":0,\"publisher\":{\"@id\":\"https:\\\/\\\/www.heldenhaushalt.de\\\/sari02\\\/#\\\/schema\\\/person\\\/a1cc69f42a01f412eb62c151353814f6\"},\"image\":{\"@id\":\"https:\\\/\\\/www.heldenhaushalt.de\\\/sari02\\\/index.php\\\/2022\\\/10\\\/19\\\/anna-mag-oma-rezension\\\/#primaryimage\"},\"thumbnailUrl\":\"https:\\\/\\\/www.heldenhaushalt.de\\\/sari02\\\/wp-content\\\/uploads\\\/2022\\\/10\\\/oma01.jpg\",\"keywords\":[\"Bilderbuch\",\"Bohem Verlag\",\"Buch\",\"Demenz\",\"Empfehlung\",\"Kinderbuch\",\"Rezension\"],\"articleSection\":[\"B\u00fccher\",\"Empfehlungen\"],\"inLanguage\":\"de\",\"potentialAction\":[{\"@type\":\"CommentAction\",\"name\":\"Comment\",\"target\":[\"https:\\\/\\\/www.heldenhaushalt.de\\\/sari02\\\/index.php\\\/2022\\\/10\\\/19\\\/anna-mag-oma-rezension\\\/#respond\"]}]},{\"@type\":\"WebPage\",\"@id\":\"https:\\\/\\\/www.heldenhaushalt.de\\\/sari02\\\/index.php\\\/2022\\\/10\\\/19\\\/anna-mag-oma-rezension\\\/\",\"url\":\"https:\\\/\\\/www.heldenhaushalt.de\\\/sari02\\\/index.php\\\/2022\\\/10\\\/19\\\/anna-mag-oma-rezension\\\/\",\"name\":\"\\\"Anna mag Oma und Oma mag \u00c4pfel\\\" #Rezension\",\"isPartOf\":{\"@id\":\"https:\\\/\\\/www.heldenhaushalt.de\\\/sari02\\\/#website\"},\"primaryImageOfPage\":{\"@id\":\"https:\\\/\\\/www.heldenhaushalt.de\\\/sari02\\\/index.php\\\/2022\\\/10\\\/19\\\/anna-mag-oma-rezension\\\/#primaryimage\"},\"image\":{\"@id\":\"https:\\\/\\\/www.heldenhaushalt.de\\\/sari02\\\/index.php\\\/2022\\\/10\\\/19\\\/anna-mag-oma-rezension\\\/#primaryimage\"},\"thumbnailUrl\":\"https:\\\/\\\/www.heldenhaushalt.de\\\/sari02\\\/wp-content\\\/uploads\\\/2022\\\/10\\\/oma01.jpg\",\"datePublished\":\"2022-10-19T09:06:54+00:00\",\"description\":\"Anna hat zwei Omas. Die eine Oma nennt sie immer \\\"Oma Obst\\\", denn sie lebte fr\u00fcher in einem Haus mit Garten und Obstb\u00e4umen...\",\"breadcrumb\":{\"@id\":\"https:\\\/\\\/www.heldenhaushalt.de\\\/sari02\\\/index.php\\\/2022\\\/10\\\/19\\\/anna-mag-oma-rezension\\\/#breadcrumb\"},\"inLanguage\":\"de\",\"potentialAction\":[{\"@type\":\"ReadAction\",\"target\":[\"https:\\\/\\\/www.heldenhaushalt.de\\\/sari02\\\/index.php\\\/2022\\\/10\\\/19\\\/anna-mag-oma-rezension\\\/\"]}]},{\"@type\":\"ImageObject\",\"inLanguage\":\"de\",\"@id\":\"https:\\\/\\\/www.heldenhaushalt.de\\\/sari02\\\/index.php\\\/2022\\\/10\\\/19\\\/anna-mag-oma-rezension\\\/#primaryimage\",\"url\":\"https:\\\/\\\/www.heldenhaushalt.de\\\/sari02\\\/wp-content\\\/uploads\\\/2022\\\/10\\\/oma01.jpg\",\"contentUrl\":\"https:\\\/\\\/www.heldenhaushalt.de\\\/sari02\\\/wp-content\\\/uploads\\\/2022\\\/10\\\/oma01.jpg\",\"width\":1000,\"height\":711,\"caption\":\"Oma\"},{\"@type\":\"BreadcrumbList\",\"@id\":\"https:\\\/\\\/www.heldenhaushalt.de\\\/sari02\\\/index.php\\\/2022\\\/10\\\/19\\\/anna-mag-oma-rezension\\\/#breadcrumb\",\"itemListElement\":[{\"@type\":\"ListItem\",\"position\":1,\"name\":\"Startseite\",\"item\":\"https:\\\/\\\/www.heldenhaushalt.de\\\/sari02\\\/\"},{\"@type\":\"ListItem\",\"position\":2,\"name\":\"&#8220;Anna mag Oma und Oma mag &#196;pfel&#8221; #Rezension\"}]},{\"@type\":\"WebSite\",\"@id\":\"https:\\\/\\\/www.heldenhaushalt.de\\\/sari02\\\/#website\",\"url\":\"https:\\\/\\\/www.heldenhaushalt.de\\\/sari02\\\/\",\"name\":\"Heldenhaushalt\",\"description\":\"Wer es ordentlich haben will, der muss vorher anrufen\",\"publisher\":{\"@id\":\"https:\\\/\\\/www.heldenhaushalt.de\\\/sari02\\\/#\\\/schema\\\/person\\\/a1cc69f42a01f412eb62c151353814f6\"},\"potentialAction\":[{\"@type\":\"SearchAction\",\"target\":{\"@type\":\"EntryPoint\",\"urlTemplate\":\"https:\\\/\\\/www.heldenhaushalt.de\\\/sari02\\\/?s={search_term_string}\"},\"query-input\":{\"@type\":\"PropertyValueSpecification\",\"valueRequired\":true,\"valueName\":\"search_term_string\"}}],\"inLanguage\":\"de\"},{\"@type\":[\"Person\",\"Organization\"],\"@id\":\"https:\\\/\\\/www.heldenhaushalt.de\\\/sari02\\\/#\\\/schema\\\/person\\\/a1cc69f42a01f412eb62c151353814f6\",\"name\":\"Sari\",\"image\":{\"@type\":\"ImageObject\",\"inLanguage\":\"de\",\"@id\":\"https:\\\/\\\/www.heldenhaushalt.de\\\/sari02\\\/wp-content\\\/uploads\\\/2019\\\/02\\\/sari-april2018.png\",\"url\":\"https:\\\/\\\/www.heldenhaushalt.de\\\/sari02\\\/wp-content\\\/uploads\\\/2019\\\/02\\\/sari-april2018.png\",\"contentUrl\":\"https:\\\/\\\/www.heldenhaushalt.de\\\/sari02\\\/wp-content\\\/uploads\\\/2019\\\/02\\\/sari-april2018.png\",\"width\":500,\"height\":500,\"caption\":\"Sari\"},\"logo\":{\"@id\":\"https:\\\/\\\/www.heldenhaushalt.de\\\/sari02\\\/wp-content\\\/uploads\\\/2019\\\/02\\\/sari-april2018.png\"},\"description\":\"Frau Mondgras \u2013 Das bin ich, Sari. Gerne auch als Sari Mondgras bekannt und im Internet zu finden. 2-Fach-Mutter, Heldenehefrau, Kreativling, Harmonies\u00fcchtig und st\u00e4ndig auf der Suche nach Gl\u00fcck. Ich komme aus Berlin, bin hier aufgewachsen und lebe hier seit ich denken kann.\",\"sameAs\":[\"https:\\\/\\\/www.instagram.com\\\/heldenhaushalt\\\/\"],\"url\":\"https:\\\/\\\/www.heldenhaushalt.de\\\/sari02\\\/index.php\\\/author\\\/admin\\\/\"}]}<\/script>\n<!-- \/ Yoast SEO plugin. -->","yoast_head_json":{"title":"\"Anna mag Oma und Oma mag \u00c4pfel\" #Rezension","description":"Anna hat zwei Omas. Die eine Oma nennt sie immer \"Oma Obst\", denn sie lebte fr\u00fcher in einem Haus mit Garten und Obstb\u00e4umen...","robots":{"index":"index","follow":"follow","max-snippet":"max-snippet:-1","max-image-preview":"max-image-preview:large","max-video-preview":"max-video-preview:-1"},"canonical":"https:\/\/www.heldenhaushalt.de\/sari02\/index.php\/2022\/10\/19\/anna-mag-oma-rezension\/","og_locale":"de_DE","og_type":"article","og_title":"\"Anna mag Oma und Oma mag \u00c4pfel\" #Rezension","og_description":"Anna hat zwei Omas. Die eine Oma nennt sie immer \"Oma Obst\", denn sie lebte fr\u00fcher in einem Haus mit Garten und Obstb\u00e4umen...","og_url":"https:\/\/www.heldenhaushalt.de\/sari02\/index.php\/2022\/10\/19\/anna-mag-oma-rezension\/","og_site_name":"Heldenhaushalt","article_published_time":"2022-10-19T09:06:54+00:00","og_image":[{"width":1000,"height":711,"url":"https:\/\/www.heldenhaushalt.de\/sari02\/wp-content\/uploads\/2022\/10\/oma01.jpg","type":"image\/jpeg"}],"author":"Sari","twitter_card":"summary_large_image","twitter_creator":"@Heldenhaushalt","twitter_site":"@Heldenhaushalt","twitter_misc":{"Verfasst von":"Sari","Gesch\u00e4tzte Lesezeit":"5\u00a0Minuten"},"schema":{"@context":"https:\/\/schema.org","@graph":[{"@type":"Article","@id":"https:\/\/www.heldenhaushalt.de\/sari02\/index.php\/2022\/10\/19\/anna-mag-oma-rezension\/#article","isPartOf":{"@id":"https:\/\/www.heldenhaushalt.de\/sari02\/index.php\/2022\/10\/19\/anna-mag-oma-rezension\/"},"author":{"name":"Sari","@id":"https:\/\/www.heldenhaushalt.de\/sari02\/#\/schema\/person\/a1cc69f42a01f412eb62c151353814f6"},"headline":"&#8220;Anna mag Oma und Oma mag &#196;pfel&#8221; #Rezension","datePublished":"2022-10-19T09:06:54+00:00","mainEntityOfPage":{"@id":"https:\/\/www.heldenhaushalt.de\/sari02\/index.php\/2022\/10\/19\/anna-mag-oma-rezension\/"},"wordCount":768,"commentCount":0,"publisher":{"@id":"https:\/\/www.heldenhaushalt.de\/sari02\/#\/schema\/person\/a1cc69f42a01f412eb62c151353814f6"},"image":{"@id":"https:\/\/www.heldenhaushalt.de\/sari02\/index.php\/2022\/10\/19\/anna-mag-oma-rezension\/#primaryimage"},"thumbnailUrl":"https:\/\/www.heldenhaushalt.de\/sari02\/wp-content\/uploads\/2022\/10\/oma01.jpg","keywords":["Bilderbuch","Bohem Verlag","Buch","Demenz","Empfehlung","Kinderbuch","Rezension"],"articleSection":["B\u00fccher","Empfehlungen"],"inLanguage":"de","potentialAction":[{"@type":"CommentAction","name":"Comment","target":["https:\/\/www.heldenhaushalt.de\/sari02\/index.php\/2022\/10\/19\/anna-mag-oma-rezension\/#respond"]}]},{"@type":"WebPage","@id":"https:\/\/www.heldenhaushalt.de\/sari02\/index.php\/2022\/10\/19\/anna-mag-oma-rezension\/","url":"https:\/\/www.heldenhaushalt.de\/sari02\/index.php\/2022\/10\/19\/anna-mag-oma-rezension\/","name":"\"Anna mag Oma und Oma mag \u00c4pfel\" #Rezension","isPartOf":{"@id":"https:\/\/www.heldenhaushalt.de\/sari02\/#website"},"primaryImageOfPage":{"@id":"https:\/\/www.heldenhaushalt.de\/sari02\/index.php\/2022\/10\/19\/anna-mag-oma-rezension\/#primaryimage"},"image":{"@id":"https:\/\/www.heldenhaushalt.de\/sari02\/index.php\/2022\/10\/19\/anna-mag-oma-rezension\/#primaryimage"},"thumbnailUrl":"https:\/\/www.heldenhaushalt.de\/sari02\/wp-content\/uploads\/2022\/10\/oma01.jpg","datePublished":"2022-10-19T09:06:54+00:00","description":"Anna hat zwei Omas. Die eine Oma nennt sie immer \"Oma Obst\", denn sie lebte fr\u00fcher in einem Haus mit Garten und Obstb\u00e4umen...","breadcrumb":{"@id":"https:\/\/www.heldenhaushalt.de\/sari02\/index.php\/2022\/10\/19\/anna-mag-oma-rezension\/#breadcrumb"},"inLanguage":"de","potentialAction":[{"@type":"ReadAction","target":["https:\/\/www.heldenhaushalt.de\/sari02\/index.php\/2022\/10\/19\/anna-mag-oma-rezension\/"]}]},{"@type":"ImageObject","inLanguage":"de","@id":"https:\/\/www.heldenhaushalt.de\/sari02\/index.php\/2022\/10\/19\/anna-mag-oma-rezension\/#primaryimage","url":"https:\/\/www.heldenhaushalt.de\/sari02\/wp-content\/uploads\/2022\/10\/oma01.jpg","contentUrl":"https:\/\/www.heldenhaushalt.de\/sari02\/wp-content\/uploads\/2022\/10\/oma01.jpg","width":1000,"height":711,"caption":"Oma"},{"@type":"BreadcrumbList","@id":"https:\/\/www.heldenhaushalt.de\/sari02\/index.php\/2022\/10\/19\/anna-mag-oma-rezension\/#breadcrumb","itemListElement":[{"@type":"ListItem","position":1,"name":"Startseite","item":"https:\/\/www.heldenhaushalt.de\/sari02\/"},{"@type":"ListItem","position":2,"name":"&#8220;Anna mag Oma und Oma mag &#196;pfel&#8221; #Rezension"}]},{"@type":"WebSite","@id":"https:\/\/www.heldenhaushalt.de\/sari02\/#website","url":"https:\/\/www.heldenhaushalt.de\/sari02\/","name":"Heldenhaushalt","description":"Wer es ordentlich haben will, der muss vorher anrufen","publisher":{"@id":"https:\/\/www.heldenhaushalt.de\/sari02\/#\/schema\/person\/a1cc69f42a01f412eb62c151353814f6"},"potentialAction":[{"@type":"SearchAction","target":{"@type":"EntryPoint","urlTemplate":"https:\/\/www.heldenhaushalt.de\/sari02\/?s={search_term_string}"},"query-input":{"@type":"PropertyValueSpecification","valueRequired":true,"valueName":"search_term_string"}}],"inLanguage":"de"},{"@type":["Person","Organization"],"@id":"https:\/\/www.heldenhaushalt.de\/sari02\/#\/schema\/person\/a1cc69f42a01f412eb62c151353814f6","name":"Sari","image":{"@type":"ImageObject","inLanguage":"de","@id":"https:\/\/www.heldenhaushalt.de\/sari02\/wp-content\/uploads\/2019\/02\/sari-april2018.png","url":"https:\/\/www.heldenhaushalt.de\/sari02\/wp-content\/uploads\/2019\/02\/sari-april2018.png","contentUrl":"https:\/\/www.heldenhaushalt.de\/sari02\/wp-content\/uploads\/2019\/02\/sari-april2018.png","width":500,"height":500,"caption":"Sari"},"logo":{"@id":"https:\/\/www.heldenhaushalt.de\/sari02\/wp-content\/uploads\/2019\/02\/sari-april2018.png"},"description":"Frau Mondgras \u2013 Das bin ich, Sari. Gerne auch als Sari Mondgras bekannt und im Internet zu finden. 2-Fach-Mutter, Heldenehefrau, Kreativling, Harmonies\u00fcchtig und st\u00e4ndig auf der Suche nach Gl\u00fcck. Ich komme aus Berlin, bin hier aufgewachsen und lebe hier seit ich denken kann.","sameAs":["https:\/\/www.instagram.com\/heldenhaushalt\/"],"url":"https:\/\/www.heldenhaushalt.de\/sari02\/index.php\/author\/admin\/"}]}},"views":2097,"_links":{"self":[{"href":"https:\/\/www.heldenhaushalt.de\/sari02\/index.php\/wp-json\/wp\/v2\/posts\/56482","targetHints":{"allow":["GET"]}}],"collection":[{"href":"https:\/\/www.heldenhaushalt.de\/sari02\/index.php\/wp-json\/wp\/v2\/posts"}],"about":[{"href":"https:\/\/www.heldenhaushalt.de\/sari02\/index.php\/wp-json\/wp\/v2\/types\/post"}],"author":[{"embeddable":true,"href":"https:\/\/www.heldenhaushalt.de\/sari02\/index.php\/wp-json\/wp\/v2\/users\/1"}],"replies":[{"embeddable":true,"href":"https:\/\/www.heldenhaushalt.de\/sari02\/index.php\/wp-json\/wp\/v2\/comments?post=56482"}],"version-history":[{"count":2,"href":"https:\/\/www.heldenhaushalt.de\/sari02\/index.php\/wp-json\/wp\/v2\/posts\/56482\/revisions"}],"predecessor-version":[{"id":56487,"href":"https:\/\/www.heldenhaushalt.de\/sari02\/index.php\/wp-json\/wp\/v2\/posts\/56482\/revisions\/56487"}],"wp:featuredmedia":[{"embeddable":true,"href":"https:\/\/www.heldenhaushalt.de\/sari02\/index.php\/wp-json\/wp\/v2\/media\/56484"}],"wp:attachment":[{"href":"https:\/\/www.heldenhaushalt.de\/sari02\/index.php\/wp-json\/wp\/v2\/media?parent=56482"}],"wp:term":[{"taxonomy":"category","embeddable":true,"href":"https:\/\/www.heldenhaushalt.de\/sari02\/index.php\/wp-json\/wp\/v2\/categories?post=56482"},{"taxonomy":"post_tag","embeddable":true,"href":"https:\/\/www.heldenhaushalt.de\/sari02\/index.php\/wp-json\/wp\/v2\/tags?post=56482"}],"curies":[{"name":"wp","href":"https:\/\/api.w.org\/{rel}","templated":true}]}}