{"id":56714,"date":"2022-12-14T10:00:00","date_gmt":"2022-12-14T09:00:00","guid":{"rendered":"https:\/\/www.heldenhaushalt.de\/sari02\/?p=56714"},"modified":"2022-12-14T09:51:10","modified_gmt":"2022-12-14T08:51:10","slug":"7-jahre-heldenkind","status":"publish","type":"post","link":"https:\/\/www.heldenhaushalt.de\/sari02\/index.php\/2022\/12\/14\/7-jahre-heldenkind\/","title":{"rendered":"Sieben Jahre Heldenkind &#8211; So viel hat sich getan&#8230;"},"content":{"rendered":"<p>Wenn wir einen Geburtstag feiern, dann blicke ich gerne noch einmal zur&#252;ck. Zur&#252;ck auf die letzten Jahre und wie sich mein Kind in der Zeit entwickelt hat, aber auch einfach nur zur&#252;ck auf das letzte Jahr und was sich seitdem getan hat.<\/p>\n<p>Ich wei&#223; noch, lange Zeit hatten wir nach dem ersten Sohn immer gesagt, dass wir eigentlich kein zweites Kind wollen w&#252;rden. <a href=\"https:\/\/www.heldenhaushalt.de\/sari02\/index.php\/2018\/05\/02\/das-ende-einer-aera-2\/\">Wir waren mit unserer kleinen Familie gl&#252;cklich so wie sie war<\/a>. Aber irgendwie fehlte halt doch immer etwas. Tief in uns drinnen sp&#252;rten wir, dass die Familienplanung eben doch noch nicht abgeschlossen war. Dass da noch ein Puzzleteil fehlte, um uns zu vervollst&#228;ndigen. Das sicherste Anzeichen hierf&#252;r war sicherlich, dass es mir so unglaublich schwer fiel die Sachen vom gro&#223;en Sohn wegzumachen. Und so standen Laufgitter, Babybett und mehr ein paar Jahre in unserem damals Gott sei Dank ger&#228;umigen Keller und warteten auf ihren Moment. Ich konnte die Sachen einfach nicht weg machen, als ob in mir drin schon lange klar war, dass sie noch einmal gebraucht werden w&#252;rden.<\/p>\n<h2>Ob es Schicksal war?<\/h2>\n<p>Ich kann mich noch gut erinnern, wie wir anfingen dar&#252;ber zu sprechen. Ausl&#246;ser war der gro&#223;e Sohn, der erst eine Babypuppe wollte und dann immer h&#228;ufiger erw&#228;hnte, wie toll es doch w&#228;re ein Baby zu Hause zu haben. Immer wieder schwebte dieser Gedanke durch den Raum und ja, irgendwie konnten wir es uns auch nochmal gut vorstellen. Der Zeitpunkt war irgendwie vorher bestimmt und alles passte gut zusammen.&nbsp;<\/p>\n<p>Das Kind sprach es vor sieben Jahren laut aus, wir dachten dar&#252;ber nach und wir sagten uns ein &#8220;Entweder jetzt oder gar nicht mehr&#8221; und das Schicksal machte daraus ein klares JETZT, denn ich glaube selten in der Geschichte kam es vor, dass sich ein Kind tats&#228;chlich so schnell auf den Weg machen w&#252;rde. Es war uns irgendwie vorherbestimmt, dass nun der kleine Sohn zu uns kommen sollte. Keine H&#252;rden, kein langes Versuchen. Jetzt oder nie und bei uns hie&#223; es ganz klar JETZT!<\/p>\n<p><img loading=\"lazy\" decoding=\"async\" class=\"alignnone\" src=\"http:\/\/www.heldenhaushalt.de\/sari02\/wp-content\/uploads\/2016\/12\/fremdeln02.jpg\" alt=\"Vor sieben Jahren\" width=\"800\" height=\"476\"><\/p>\n<h2>Sieben Jahre sp&#228;ter feiern wir das Leben!<\/h2>\n<p><a href=\"https:\/\/www.heldenhaushalt.de\/sari02\/index.php\/2015\/12\/17\/12-von-12-im-dezember-2015-was-fuer-ein-tag\/\">Kaum zu glauben, dass es nun bereits sieben Jahre her ist<\/a>, dass der kleine Sohn unsere Familie komplett gemacht hat. Danach fiel es mir &#252;brigens &#252;berhaupt nicht mehr schwer die Sachen zu verkaufen, die nicht mehr gebraucht wurden. Laufgitter, Bettchen&#8230; alles was ausgedient hatte kam sofort weg. Familienplanung abgeschlossen. Wir sind komplett und richtig, so wie wir jetzt sind. Der kleine Sohn f&#252;llte diese L&#252;cke, die wir alle drei bis zu diesem Zeitpunkt gesp&#252;rt hatten, perfekt aus.<\/p>\n<figure style=\"width: 650px\" class=\"wp-caption aligncenter\"><img loading=\"lazy\" decoding=\"async\" src=\"http:\/\/www.heldenhaushalt.de\/sari02\/wp-content\/uploads\/2016\/01\/monat1-02.jpg\" alt=\"monat1-02\" width=\"650\" height=\"429\"><figcaption class=\"wp-caption-text\">Ein Monat Heldenkind &#8211; Wahnsinn, wie die Zeit rast&#8230;<\/figcaption><\/figure>\n<p>Drei M&#228;nner und eine kleine Lady, k&#246;nnte man fast sagen, das sind wir jetzt seit sieben Jahren. Ein Haushalt voller Helden und ich mittendrin und jeder von ihnen ist ganz speziell. Und der gro&#223;e Sohn hat sich im letzten Jahr nochmal ordentlich entwickelt. Einerseits so sensibel und nachdenklich wie sein gro&#223;er Bruder, so ist er doch nochmal ganz anders und ziemlich taff. Ihm sind manche Dinge so unglaublich wichtig, dass er sich manchmal so viele Gedanken dar&#252;ber macht allen gerecht zu werden, dass er auch mal ins Straucheln geraten kann. Er m&#246;chte niemanden entt&#228;uschen und alle gl&#252;cklich machen und lernt gerade, dass man nicht immer die Bed&#252;rfnisse aller abdecken kann, sondern auch mal an sich denken muss zwischendurch.<\/p>\n<h2>Er liebt seinen gro&#223;en Bruder abg&#246;ttisch!<\/h2>\n<p><img loading=\"lazy\" decoding=\"async\" class=\"alignnone size-full wp-image-34572\" src=\"https:\/\/www.heldenhaushalt.de\/sari02\/wp-content\/uploads\/2017\/10\/20dinge04.jpg\" alt=\"Sieben Jahre\" width=\"1000\" height=\"662\" srcset=\"https:\/\/www.heldenhaushalt.de\/sari02\/wp-content\/uploads\/2017\/10\/20dinge04.jpg 1000w, https:\/\/www.heldenhaushalt.de\/sari02\/wp-content\/uploads\/2017\/10\/20dinge04-300x199.jpg 300w, https:\/\/www.heldenhaushalt.de\/sari02\/wp-content\/uploads\/2017\/10\/20dinge04-768x508.jpg 768w, https:\/\/www.heldenhaushalt.de\/sari02\/wp-content\/uploads\/2017\/10\/20dinge04-600x397.jpg 600w, https:\/\/www.heldenhaushalt.de\/sari02\/wp-content\/uploads\/2017\/10\/20dinge04-373x248.jpg 373w\" sizes=\"auto, (max-width: 1000px) 100vw, 1000px\" \/><\/p>\n<p>Ich glaube in dem Ausma&#223; habe ich das auch noch nicht gesehen. Bestes Beispiel daf&#252;r ist wohl sein <a href=\"https:\/\/www.heldenhaushalt.de\/sari02\/index.php\/2022\/12\/13\/12von12-im-dezembe-2022\/\">Geburtstag am Montag<\/a>. Am Morgen durfte er vor der Schule schon einmal ein Geschenk vom Geburtstagstisch ausw&#228;hlen und auspacken. Den Rest dann nach der Schule, weil da einfach viel mehr Zeit ist, um das zu genie&#223;en. Nun hatte der gro&#223;e Bruder aber einen unversch&#228;mt langen Schultag mit einer sehr schweren Arbeit, einem Test und einem Vortrag. Vor 16 Uhr w&#252;rde er nicht zu Hause sein. Urgs&#8230; Das Heldenkind wollte aber unbedingt auf ihn warten, bevor es seine Geschenke weiter auspacken w&#252;rde und hielt tapfer durch, bis der gro&#223;e Bruder endlich mit Versp&#228;tung zu Hause durch die T&#252;re kam, weil scheinbar auch noch ein Bus ausgefallen war. Ganz ehrlich? Ich h&#228;tte das als Kind nicht so lange ausgehalten in dem Alter.<\/p>\n<p>Die Meinung seines Bruders ist ihm unglaublich wichtig und er m&#246;chte ihn gerne in alles mit einbeziehen. Lob vom gro&#223;en Bruder ist fast noch mehr wert, als wenn wir etwas Nettes sagen und er freut sich &#252;ber jedes bisschen Aufmerksamkeit, dass er von ihm bekommt. Was &#252;brigens nicht hei&#223;t, dass die beiden nicht dennoch t&#228;glich aneinander geraten.<\/p>\n<h2>Viele Ver&#228;nderungen galt es in diesem Jahr zu bew&#228;ltigen&#8230;<\/h2>\n<p>Ich hatte es immer wieder angesprochen: Dieses Jahr w&#252;rde spannend f&#252;r den kleinen Sohn werden. Nicht nur, dass er die Kita verlassen w&#252;rde&#8230; er kam dieses Jahr auch noch in die Schule und wir waren unsicher, wie gut unser quirliges Kind damit klar kommen w&#252;rde.<\/p>\n<p>Aber wirklich Sorgen machten wir uns nicht. Die Anzeichen waren ganz klar, dass er innerlich mit der Kita schon abgeschlossen hatte und bereit war den n&#228;chsten Schritt zu gehen. H&#228;tten wir ihn im letzten Jahr einschulen lassen, w&#228;re das sicherlich noch nicht so klar gewesen.&nbsp;<\/p>\n<p>Die Schule macht Spa&#223; und bereichert seinen Alltag. Er kommt gut klar mit dem Schulmaterial und entwickelt sogar am Lesen Freude, nachdem ihm Zahlen schon viele Jahre Spa&#223; gemacht haben und Buchstaben schnell f&#252;r Frust sorgten. Er hat viele Freunde gefunden, doch daran zweifelten wir nie, denn er ist sehr zug&#228;nglich und offen f&#252;r andere und wenn uns, egal wo, etwas gespiegelt wird, dann ist es die Tatsache, dass er beliebt bei anderen Kindern ist. Wie sch&#246;n ist das denn bitte sch&#246;n. &#8220;Ihr Sohn ist hier bei allen sehr begehrt&#8221; hatte seine Klassenlehrerin im Gespr&#228;ch zu uns gesagt. Neben all dem schaffte er nun auch sein Seepferdchen und hat gerade rechtzeitig noch das Schwimmen erlernt.<\/p>\n<h2>Sieben Jahre und wir sind so gespannt, was das Leben noch f&#252;r uns bereit h&#228;lt&#8230;<\/h2>\n<p>Ganz ehrlich? So richtig wei&#223; ich noch nicht, was aus den beiden Jungs mal werden wird, aber ich bin mir sicher, dass sie ihren Weg machen werden. Vermutlich beide in eine sehr sportliche Richtung. Aktuell dreht sich alles noch um Fu&#223;ball und beide stellen sich dabei nicht schlecht an. Der kleine Sohn sogar noch besser als der gro&#223;e, so dass wir hier oft schon angesprochen werden und sicherlich irgendwann mal &#252;ber andere Schritte nachdenken m&#252;ssen, wenn das so weiter geht. Aber ob sie am Ende als das Dreamteam die Nationalmannschaft aufwirbeln und vielleicht endlich mal wieder f&#252;r einen vern&#252;nftigen Sieg sorgen, das steht noch in den Sternen.<\/p>\n<figure style=\"width: 1000px\" class=\"wp-caption alignnone\"><img loading=\"lazy\" decoding=\"async\" src=\"https:\/\/www.heldenhaushalt.de\/sari02\/wp-content\/uploads\/2020\/03\/verein01.jpg\" alt=\"Sieben\" width=\"1000\" height=\"662\"><figcaption class=\"wp-caption-text\">Schon immer einen Ball am Fu&#223;<\/figcaption><\/figure>\n<p>Ich bin einfach dankbar daf&#252;r, dass sie gewisse H&#252;rden gut nehmen k&#246;nnen, Leidenschaften und einander haben, die richtige Mischung aus Sport und anderen Dingen ausleben und Freunde haben. Was w&#252;nscht man sich als Mutter mehr. Au&#223;er nat&#252;rlich, dass sie gesund bleiben und hoffentlich ein gl&#252;ckliches Leben f&#252;hren k&#246;nnen?<\/p>\n<p><strong>Sieben Jahre. WOW!<\/strong><\/p>\n","protected":false},"excerpt":{"rendered":"<p>Wenn wir einen Geburtstag feiern, dann blicke ich gerne noch einmal zur&#252;ck. Zur&#252;ck auf die letzten Jahre und wie sich mein Kind in der Zeit entwickelt hat, aber auch einfach nur zur&#252;ck auf das letzte Jahr und was sich seitdem getan hat. Ich wei&#223; noch, lange Zeit hatten wir nach dem ersten Sohn immer gesagt, dass wir eigentlich kein zweites Kind wollen w&#252;rden. Wir waren mit unserer kleinen Familie gl&#252;cklich so wie sie war. Aber irgendwie fehlte halt doch immer etwas. Tief in uns drinnen sp&#252;rten wir, dass die Familienplanung eben doch noch nicht abgeschlossen war. Dass da noch ein Puzzleteil fehlte, um uns zu vervollst&#228;ndigen. Das sicherste Anzeichen hierf&#252;r war sicherlich, dass es mir so unglaublich schwer fiel die Sachen vom gro&#223;en Sohn wegzumachen. Und so standen Laufgitter, Babybett und mehr ein paar Jahre in unserem damals Gott sei Dank ger&#228;umigen Keller und warteten auf ihren Moment. Ich konnte die Sachen einfach nicht weg machen, als ob in mir drin schon lange klar war, dass sie noch einmal gebraucht werden w&#252;rden. Ob es Schicksal war? Ich kann mich noch gut erinnern, wie wir anfingen dar&#252;ber zu sprechen. Ausl&#246;ser war der gro&#223;e Sohn, der erst eine Babypuppe wollte und dann immer h&#228;ufiger erw&#228;hnte, wie toll es doch w&#228;re ein Baby zu Hause zu haben. Immer wieder schwebte dieser Gedanke durch den Raum und ja, irgendwie konnten wir es uns auch nochmal gut vorstellen. Der Zeitpunkt war irgendwie vorher bestimmt und alles passte gut zusammen.&nbsp; Das Kind sprach es vor sieben Jahren laut aus, wir dachten dar&#252;ber nach und wir sagten uns ein &#8220;Entweder jetzt oder gar nicht mehr&#8221; und das Schicksal machte daraus ein klares JETZT, denn ich glaube selten in der Geschichte kam es vor, dass sich ein Kind tats&#228;chlich so schnell auf den Weg machen w&#252;rde. Es war uns irgendwie vorherbestimmt, dass nun der kleine Sohn zu uns kommen sollte. Keine H&#252;rden, kein langes Versuchen. Jetzt oder nie und bei uns hie&#223; es ganz klar JETZT! Sieben Jahre sp&#228;ter feiern wir das Leben! Kaum zu glauben, dass es nun bereits sieben Jahre her ist, dass der kleine Sohn unsere Familie komplett gemacht hat. Danach fiel es mir &#252;brigens &#252;berhaupt nicht mehr schwer die Sachen zu verkaufen, die nicht mehr gebraucht wurden. Laufgitter, Bettchen&#8230; alles was ausgedient hatte kam sofort weg. Familienplanung abgeschlossen. Wir sind komplett und richtig, so wie wir jetzt sind. Der kleine Sohn f&#252;llte diese L&#252;cke, die wir alle drei bis zu diesem Zeitpunkt gesp&#252;rt hatten, perfekt aus. Drei M&#228;nner und eine kleine Lady, k&#246;nnte man fast sagen, das sind wir jetzt seit sieben Jahren. Ein Haushalt voller Helden und ich mittendrin und jeder von ihnen ist ganz speziell. Und der gro&#223;e Sohn hat sich im letzten Jahr nochmal ordentlich entwickelt. Einerseits so sensibel und nachdenklich wie sein gro&#223;er Bruder, so ist er doch nochmal ganz anders und ziemlich taff. Ihm sind manche Dinge so unglaublich wichtig, dass er sich manchmal so viele Gedanken dar&#252;ber macht allen gerecht zu werden, dass er auch mal ins Straucheln geraten kann. Er m&#246;chte niemanden entt&#228;uschen und alle gl&#252;cklich machen und lernt gerade, dass man nicht immer die Bed&#252;rfnisse aller abdecken kann, sondern auch mal an sich denken muss zwischendurch. Er liebt seinen gro&#223;en Bruder abg&#246;ttisch! Ich glaube in dem Ausma&#223; habe ich das auch noch nicht gesehen. Bestes Beispiel daf&#252;r ist wohl sein Geburtstag am Montag. Am Morgen durfte er vor der Schule schon einmal ein Geschenk vom Geburtstagstisch ausw&#228;hlen und auspacken. Den Rest dann nach der Schule, weil da einfach viel mehr Zeit ist, um das zu genie&#223;en. Nun hatte der gro&#223;e Bruder aber einen unversch&#228;mt langen Schultag mit einer sehr schweren Arbeit, einem Test und einem Vortrag. Vor 16 Uhr w&#252;rde er nicht zu Hause sein. Urgs&#8230; Das Heldenkind wollte aber unbedingt auf ihn warten, bevor es seine Geschenke weiter auspacken w&#252;rde und hielt tapfer durch, bis der gro&#223;e Bruder endlich mit Versp&#228;tung zu Hause durch die T&#252;re kam, weil scheinbar auch noch ein Bus ausgefallen war. Ganz ehrlich? Ich h&#228;tte das als Kind nicht so lange ausgehalten in dem Alter. Die Meinung seines Bruders ist ihm unglaublich wichtig und er m&#246;chte ihn gerne in alles mit einbeziehen. Lob vom gro&#223;en Bruder ist fast noch mehr wert, als wenn wir etwas Nettes sagen und er freut sich &#252;ber jedes bisschen Aufmerksamkeit, dass er von ihm bekommt. Was &#252;brigens nicht hei&#223;t, dass die beiden nicht dennoch t&#228;glich aneinander geraten. Viele Ver&#228;nderungen galt es in diesem Jahr zu bew&#228;ltigen&#8230; Ich hatte es immer wieder angesprochen: Dieses Jahr w&#252;rde spannend f&#252;r den kleinen Sohn werden. Nicht nur, dass er die Kita verlassen w&#252;rde&#8230; er kam dieses Jahr auch noch in die Schule und wir waren unsicher, wie gut unser quirliges Kind damit klar kommen w&#252;rde. Aber wirklich Sorgen machten wir uns nicht. Die Anzeichen waren ganz klar, dass er innerlich mit der Kita schon abgeschlossen hatte und bereit war den n&#228;chsten Schritt zu gehen. H&#228;tten wir ihn im letzten Jahr einschulen lassen, w&#228;re das sicherlich noch nicht so klar gewesen.&nbsp; Die Schule macht Spa&#223; und bereichert seinen Alltag. Er kommt gut klar mit dem Schulmaterial und entwickelt sogar am Lesen Freude, nachdem ihm Zahlen schon viele Jahre Spa&#223; gemacht haben und Buchstaben schnell f&#252;r Frust sorgten. Er hat viele Freunde gefunden, doch daran zweifelten wir nie, denn er ist sehr zug&#228;nglich und offen f&#252;r andere und wenn uns, egal wo, etwas gespiegelt wird, dann ist es die Tatsache, dass er beliebt bei anderen Kindern ist. Wie sch&#246;n ist das denn bitte sch&#246;n. &#8220;Ihr Sohn ist hier bei allen sehr begehrt&#8221; hatte seine Klassenlehrerin im Gespr&#228;ch zu uns gesagt. Neben all dem schaffte er nun auch sein Seepferdchen und hat gerade rechtzeitig noch das Schwimmen erlernt. Sieben Jahre und wir sind so gespannt, was das Leben noch f&#252;r uns bereit h&#228;lt&#8230; Ganz ehrlich? So richtig wei&#223; ich noch nicht, was aus den beiden Jungs mal werden wird, aber ich bin mir sicher, dass sie ihren Weg machen werden. Vermutlich beide in eine sehr sportliche Richtung. Aktuell dreht sich alles noch um Fu&#223;ball und beide stellen sich dabei nicht schlecht an. Der kleine Sohn sogar noch besser als der gro&#223;e, so dass wir hier oft schon angesprochen werden und sicherlich irgendwann mal &#252;ber andere Schritte nachdenken m&#252;ssen, wenn das so weiter geht. Aber ob sie am Ende als das Dreamteam die Nationalmannschaft aufwirbeln und vielleicht endlich mal wieder f&#252;r einen vern&#252;nftigen Sieg sorgen, das steht noch in den Sternen. Ich bin einfach dankbar daf&#252;r, dass sie gewisse H&#252;rden gut nehmen k&#246;nnen, Leidenschaften und einander haben, die richtige Mischung aus Sport und anderen Dingen ausleben und Freunde haben. Was w&#252;nscht man sich als Mutter mehr. Au&#223;er nat&#252;rlich, dass sie gesund bleiben und hoffentlich ein gl&#252;ckliches Leben f&#252;hren k&#246;nnen? Sieben Jahre. WOW!<\/p>\n","protected":false},"author":1,"featured_media":54355,"comment_status":"open","ping_status":"open","sticky":false,"template":"","format":"standard","meta":{"ngg_post_thumbnail":0,"footnotes":""},"categories":[50,321],"tags":[69,129,2608,392,81,577,51],"class_list":["post-56714","post","type-post","status-publish","format-standard","has-post-thumbnail","hentry","category-gedanken","category-minimum","tag-familie","tag-geburtstag","tag-geburtstagskind","tag-gedanken","tag-kinder","tag-kindheit","tag-erinnerungen"],"yoast_head":"<!-- This site is optimized with the Yoast SEO plugin v27.4 - https:\/\/yoast.com\/product\/yoast-seo-wordpress\/ -->\n<title>Sieben Jahre Heldenkind - So viel hat sich getan...<\/title>\n<meta name=\"description\" content=\"Kaum zu glauben, dass es nun bereits sieben Jahre her ist, dass der kleine Sohn unsere Familie komplett gemacht hat.\" \/>\n<meta name=\"robots\" content=\"index, follow, max-snippet:-1, max-image-preview:large, max-video-preview:-1\" \/>\n<link rel=\"canonical\" href=\"https:\/\/www.heldenhaushalt.de\/sari02\/index.php\/2022\/12\/14\/7-jahre-heldenkind\/\" \/>\n<meta property=\"og:locale\" content=\"de_DE\" \/>\n<meta property=\"og:type\" content=\"article\" \/>\n<meta property=\"og:title\" content=\"Sieben Jahre Heldenkind - So viel hat sich getan...\" \/>\n<meta property=\"og:description\" content=\"Kaum zu glauben, dass es nun bereits sieben Jahre her ist, dass der kleine Sohn unsere Familie komplett gemacht hat.\" \/>\n<meta property=\"og:url\" content=\"https:\/\/www.heldenhaushalt.de\/sari02\/index.php\/2022\/12\/14\/7-jahre-heldenkind\/\" \/>\n<meta property=\"og:site_name\" content=\"Heldenhaushalt\" \/>\n<meta property=\"article:published_time\" content=\"2022-12-14T09:00:00+00:00\" \/>\n<meta property=\"og:image\" content=\"https:\/\/www.heldenhaushalt.de\/sari02\/wp-content\/uploads\/2022\/01\/wib02-11.jpg\" \/>\n\t<meta property=\"og:image:width\" content=\"1000\" \/>\n\t<meta property=\"og:image:height\" content=\"749\" \/>\n\t<meta property=\"og:image:type\" content=\"image\/jpeg\" \/>\n<meta name=\"author\" content=\"Sari\" \/>\n<meta name=\"twitter:card\" content=\"summary_large_image\" \/>\n<meta name=\"twitter:creator\" content=\"@Heldenhaushalt\" \/>\n<meta name=\"twitter:site\" content=\"@Heldenhaushalt\" \/>\n<meta name=\"twitter:label1\" content=\"Verfasst von\" \/>\n\t<meta name=\"twitter:data1\" content=\"Sari\" \/>\n\t<meta name=\"twitter:label2\" content=\"Gesch\u00e4tzte Lesezeit\" \/>\n\t<meta name=\"twitter:data2\" content=\"8\u00a0Minuten\" \/>\n<script type=\"application\/ld+json\" class=\"yoast-schema-graph\">{\"@context\":\"https:\\\/\\\/schema.org\",\"@graph\":[{\"@type\":\"Article\",\"@id\":\"https:\\\/\\\/www.heldenhaushalt.de\\\/sari02\\\/index.php\\\/2022\\\/12\\\/14\\\/7-jahre-heldenkind\\\/#article\",\"isPartOf\":{\"@id\":\"https:\\\/\\\/www.heldenhaushalt.de\\\/sari02\\\/index.php\\\/2022\\\/12\\\/14\\\/7-jahre-heldenkind\\\/\"},\"author\":{\"name\":\"Sari\",\"@id\":\"https:\\\/\\\/www.heldenhaushalt.de\\\/sari02\\\/#\\\/schema\\\/person\\\/a1cc69f42a01f412eb62c151353814f6\"},\"headline\":\"Sieben Jahre Heldenkind &#8211; So viel hat sich getan&#8230;\",\"datePublished\":\"2022-12-14T09:00:00+00:00\",\"mainEntityOfPage\":{\"@id\":\"https:\\\/\\\/www.heldenhaushalt.de\\\/sari02\\\/index.php\\\/2022\\\/12\\\/14\\\/7-jahre-heldenkind\\\/\"},\"wordCount\":1237,\"commentCount\":0,\"publisher\":{\"@id\":\"https:\\\/\\\/www.heldenhaushalt.de\\\/sari02\\\/#\\\/schema\\\/person\\\/a1cc69f42a01f412eb62c151353814f6\"},\"image\":{\"@id\":\"https:\\\/\\\/www.heldenhaushalt.de\\\/sari02\\\/index.php\\\/2022\\\/12\\\/14\\\/7-jahre-heldenkind\\\/#primaryimage\"},\"thumbnailUrl\":\"https:\\\/\\\/www.heldenhaushalt.de\\\/sari02\\\/wp-content\\\/uploads\\\/2022\\\/01\\\/wib02-11.jpg\",\"keywords\":[\"Familie\",\"Geburtstag\",\"Geburtstagskind\",\"Gedankenwelt\",\"Kinder\",\"Kindheit\",\"Zur\u00fcckgedacht\"],\"articleSection\":[\"Gedankenwelt\",\"Heldenkinder\"],\"inLanguage\":\"de\",\"potentialAction\":[{\"@type\":\"CommentAction\",\"name\":\"Comment\",\"target\":[\"https:\\\/\\\/www.heldenhaushalt.de\\\/sari02\\\/index.php\\\/2022\\\/12\\\/14\\\/7-jahre-heldenkind\\\/#respond\"]}]},{\"@type\":\"WebPage\",\"@id\":\"https:\\\/\\\/www.heldenhaushalt.de\\\/sari02\\\/index.php\\\/2022\\\/12\\\/14\\\/7-jahre-heldenkind\\\/\",\"url\":\"https:\\\/\\\/www.heldenhaushalt.de\\\/sari02\\\/index.php\\\/2022\\\/12\\\/14\\\/7-jahre-heldenkind\\\/\",\"name\":\"Sieben Jahre Heldenkind - So viel hat sich getan...\",\"isPartOf\":{\"@id\":\"https:\\\/\\\/www.heldenhaushalt.de\\\/sari02\\\/#website\"},\"primaryImageOfPage\":{\"@id\":\"https:\\\/\\\/www.heldenhaushalt.de\\\/sari02\\\/index.php\\\/2022\\\/12\\\/14\\\/7-jahre-heldenkind\\\/#primaryimage\"},\"image\":{\"@id\":\"https:\\\/\\\/www.heldenhaushalt.de\\\/sari02\\\/index.php\\\/2022\\\/12\\\/14\\\/7-jahre-heldenkind\\\/#primaryimage\"},\"thumbnailUrl\":\"https:\\\/\\\/www.heldenhaushalt.de\\\/sari02\\\/wp-content\\\/uploads\\\/2022\\\/01\\\/wib02-11.jpg\",\"datePublished\":\"2022-12-14T09:00:00+00:00\",\"description\":\"Kaum zu glauben, dass es nun bereits sieben Jahre her ist, dass der kleine Sohn unsere Familie komplett gemacht hat.\",\"breadcrumb\":{\"@id\":\"https:\\\/\\\/www.heldenhaushalt.de\\\/sari02\\\/index.php\\\/2022\\\/12\\\/14\\\/7-jahre-heldenkind\\\/#breadcrumb\"},\"inLanguage\":\"de\",\"potentialAction\":[{\"@type\":\"ReadAction\",\"target\":[\"https:\\\/\\\/www.heldenhaushalt.de\\\/sari02\\\/index.php\\\/2022\\\/12\\\/14\\\/7-jahre-heldenkind\\\/\"]}]},{\"@type\":\"ImageObject\",\"inLanguage\":\"de\",\"@id\":\"https:\\\/\\\/www.heldenhaushalt.de\\\/sari02\\\/index.php\\\/2022\\\/12\\\/14\\\/7-jahre-heldenkind\\\/#primaryimage\",\"url\":\"https:\\\/\\\/www.heldenhaushalt.de\\\/sari02\\\/wp-content\\\/uploads\\\/2022\\\/01\\\/wib02-11.jpg\",\"contentUrl\":\"https:\\\/\\\/www.heldenhaushalt.de\\\/sari02\\\/wp-content\\\/uploads\\\/2022\\\/01\\\/wib02-11.jpg\",\"width\":1000,\"height\":749,\"caption\":\"7 Jahre Heldenkind\"},{\"@type\":\"BreadcrumbList\",\"@id\":\"https:\\\/\\\/www.heldenhaushalt.de\\\/sari02\\\/index.php\\\/2022\\\/12\\\/14\\\/7-jahre-heldenkind\\\/#breadcrumb\",\"itemListElement\":[{\"@type\":\"ListItem\",\"position\":1,\"name\":\"Startseite\",\"item\":\"https:\\\/\\\/www.heldenhaushalt.de\\\/sari02\\\/\"},{\"@type\":\"ListItem\",\"position\":2,\"name\":\"Sieben Jahre Heldenkind &#8211; So viel hat sich getan&#8230;\"}]},{\"@type\":\"WebSite\",\"@id\":\"https:\\\/\\\/www.heldenhaushalt.de\\\/sari02\\\/#website\",\"url\":\"https:\\\/\\\/www.heldenhaushalt.de\\\/sari02\\\/\",\"name\":\"Heldenhaushalt\",\"description\":\"Wer es ordentlich haben will, der muss vorher anrufen\",\"publisher\":{\"@id\":\"https:\\\/\\\/www.heldenhaushalt.de\\\/sari02\\\/#\\\/schema\\\/person\\\/a1cc69f42a01f412eb62c151353814f6\"},\"potentialAction\":[{\"@type\":\"SearchAction\",\"target\":{\"@type\":\"EntryPoint\",\"urlTemplate\":\"https:\\\/\\\/www.heldenhaushalt.de\\\/sari02\\\/?s={search_term_string}\"},\"query-input\":{\"@type\":\"PropertyValueSpecification\",\"valueRequired\":true,\"valueName\":\"search_term_string\"}}],\"inLanguage\":\"de\"},{\"@type\":[\"Person\",\"Organization\"],\"@id\":\"https:\\\/\\\/www.heldenhaushalt.de\\\/sari02\\\/#\\\/schema\\\/person\\\/a1cc69f42a01f412eb62c151353814f6\",\"name\":\"Sari\",\"image\":{\"@type\":\"ImageObject\",\"inLanguage\":\"de\",\"@id\":\"https:\\\/\\\/www.heldenhaushalt.de\\\/sari02\\\/wp-content\\\/uploads\\\/2019\\\/02\\\/sari-april2018.png\",\"url\":\"https:\\\/\\\/www.heldenhaushalt.de\\\/sari02\\\/wp-content\\\/uploads\\\/2019\\\/02\\\/sari-april2018.png\",\"contentUrl\":\"https:\\\/\\\/www.heldenhaushalt.de\\\/sari02\\\/wp-content\\\/uploads\\\/2019\\\/02\\\/sari-april2018.png\",\"width\":500,\"height\":500,\"caption\":\"Sari\"},\"logo\":{\"@id\":\"https:\\\/\\\/www.heldenhaushalt.de\\\/sari02\\\/wp-content\\\/uploads\\\/2019\\\/02\\\/sari-april2018.png\"},\"description\":\"Frau Mondgras \u2013 Das bin ich, Sari. Gerne auch als Sari Mondgras bekannt und im Internet zu finden. 2-Fach-Mutter, Heldenehefrau, Kreativling, Harmonies\u00fcchtig und st\u00e4ndig auf der Suche nach Gl\u00fcck. Ich komme aus Berlin, bin hier aufgewachsen und lebe hier seit ich denken kann.\",\"sameAs\":[\"https:\\\/\\\/www.instagram.com\\\/heldenhaushalt\\\/\"],\"url\":\"https:\\\/\\\/www.heldenhaushalt.de\\\/sari02\\\/index.php\\\/author\\\/admin\\\/\"}]}<\/script>\n<!-- \/ Yoast SEO plugin. -->","yoast_head_json":{"title":"Sieben Jahre Heldenkind - So viel hat sich getan...","description":"Kaum zu glauben, dass es nun bereits sieben Jahre her ist, dass der kleine Sohn unsere Familie komplett gemacht hat.","robots":{"index":"index","follow":"follow","max-snippet":"max-snippet:-1","max-image-preview":"max-image-preview:large","max-video-preview":"max-video-preview:-1"},"canonical":"https:\/\/www.heldenhaushalt.de\/sari02\/index.php\/2022\/12\/14\/7-jahre-heldenkind\/","og_locale":"de_DE","og_type":"article","og_title":"Sieben Jahre Heldenkind - So viel hat sich getan...","og_description":"Kaum zu glauben, dass es nun bereits sieben Jahre her ist, dass der kleine Sohn unsere Familie komplett gemacht hat.","og_url":"https:\/\/www.heldenhaushalt.de\/sari02\/index.php\/2022\/12\/14\/7-jahre-heldenkind\/","og_site_name":"Heldenhaushalt","article_published_time":"2022-12-14T09:00:00+00:00","og_image":[{"width":1000,"height":749,"url":"https:\/\/www.heldenhaushalt.de\/sari02\/wp-content\/uploads\/2022\/01\/wib02-11.jpg","type":"image\/jpeg"}],"author":"Sari","twitter_card":"summary_large_image","twitter_creator":"@Heldenhaushalt","twitter_site":"@Heldenhaushalt","twitter_misc":{"Verfasst von":"Sari","Gesch\u00e4tzte Lesezeit":"8\u00a0Minuten"},"schema":{"@context":"https:\/\/schema.org","@graph":[{"@type":"Article","@id":"https:\/\/www.heldenhaushalt.de\/sari02\/index.php\/2022\/12\/14\/7-jahre-heldenkind\/#article","isPartOf":{"@id":"https:\/\/www.heldenhaushalt.de\/sari02\/index.php\/2022\/12\/14\/7-jahre-heldenkind\/"},"author":{"name":"Sari","@id":"https:\/\/www.heldenhaushalt.de\/sari02\/#\/schema\/person\/a1cc69f42a01f412eb62c151353814f6"},"headline":"Sieben Jahre Heldenkind &#8211; So viel hat sich getan&#8230;","datePublished":"2022-12-14T09:00:00+00:00","mainEntityOfPage":{"@id":"https:\/\/www.heldenhaushalt.de\/sari02\/index.php\/2022\/12\/14\/7-jahre-heldenkind\/"},"wordCount":1237,"commentCount":0,"publisher":{"@id":"https:\/\/www.heldenhaushalt.de\/sari02\/#\/schema\/person\/a1cc69f42a01f412eb62c151353814f6"},"image":{"@id":"https:\/\/www.heldenhaushalt.de\/sari02\/index.php\/2022\/12\/14\/7-jahre-heldenkind\/#primaryimage"},"thumbnailUrl":"https:\/\/www.heldenhaushalt.de\/sari02\/wp-content\/uploads\/2022\/01\/wib02-11.jpg","keywords":["Familie","Geburtstag","Geburtstagskind","Gedankenwelt","Kinder","Kindheit","Zur\u00fcckgedacht"],"articleSection":["Gedankenwelt","Heldenkinder"],"inLanguage":"de","potentialAction":[{"@type":"CommentAction","name":"Comment","target":["https:\/\/www.heldenhaushalt.de\/sari02\/index.php\/2022\/12\/14\/7-jahre-heldenkind\/#respond"]}]},{"@type":"WebPage","@id":"https:\/\/www.heldenhaushalt.de\/sari02\/index.php\/2022\/12\/14\/7-jahre-heldenkind\/","url":"https:\/\/www.heldenhaushalt.de\/sari02\/index.php\/2022\/12\/14\/7-jahre-heldenkind\/","name":"Sieben Jahre Heldenkind - So viel hat sich getan...","isPartOf":{"@id":"https:\/\/www.heldenhaushalt.de\/sari02\/#website"},"primaryImageOfPage":{"@id":"https:\/\/www.heldenhaushalt.de\/sari02\/index.php\/2022\/12\/14\/7-jahre-heldenkind\/#primaryimage"},"image":{"@id":"https:\/\/www.heldenhaushalt.de\/sari02\/index.php\/2022\/12\/14\/7-jahre-heldenkind\/#primaryimage"},"thumbnailUrl":"https:\/\/www.heldenhaushalt.de\/sari02\/wp-content\/uploads\/2022\/01\/wib02-11.jpg","datePublished":"2022-12-14T09:00:00+00:00","description":"Kaum zu glauben, dass es nun bereits sieben Jahre her ist, dass der kleine Sohn unsere Familie komplett gemacht hat.","breadcrumb":{"@id":"https:\/\/www.heldenhaushalt.de\/sari02\/index.php\/2022\/12\/14\/7-jahre-heldenkind\/#breadcrumb"},"inLanguage":"de","potentialAction":[{"@type":"ReadAction","target":["https:\/\/www.heldenhaushalt.de\/sari02\/index.php\/2022\/12\/14\/7-jahre-heldenkind\/"]}]},{"@type":"ImageObject","inLanguage":"de","@id":"https:\/\/www.heldenhaushalt.de\/sari02\/index.php\/2022\/12\/14\/7-jahre-heldenkind\/#primaryimage","url":"https:\/\/www.heldenhaushalt.de\/sari02\/wp-content\/uploads\/2022\/01\/wib02-11.jpg","contentUrl":"https:\/\/www.heldenhaushalt.de\/sari02\/wp-content\/uploads\/2022\/01\/wib02-11.jpg","width":1000,"height":749,"caption":"7 Jahre Heldenkind"},{"@type":"BreadcrumbList","@id":"https:\/\/www.heldenhaushalt.de\/sari02\/index.php\/2022\/12\/14\/7-jahre-heldenkind\/#breadcrumb","itemListElement":[{"@type":"ListItem","position":1,"name":"Startseite","item":"https:\/\/www.heldenhaushalt.de\/sari02\/"},{"@type":"ListItem","position":2,"name":"Sieben Jahre Heldenkind &#8211; So viel hat sich getan&#8230;"}]},{"@type":"WebSite","@id":"https:\/\/www.heldenhaushalt.de\/sari02\/#website","url":"https:\/\/www.heldenhaushalt.de\/sari02\/","name":"Heldenhaushalt","description":"Wer es ordentlich haben will, der muss vorher anrufen","publisher":{"@id":"https:\/\/www.heldenhaushalt.de\/sari02\/#\/schema\/person\/a1cc69f42a01f412eb62c151353814f6"},"potentialAction":[{"@type":"SearchAction","target":{"@type":"EntryPoint","urlTemplate":"https:\/\/www.heldenhaushalt.de\/sari02\/?s={search_term_string}"},"query-input":{"@type":"PropertyValueSpecification","valueRequired":true,"valueName":"search_term_string"}}],"inLanguage":"de"},{"@type":["Person","Organization"],"@id":"https:\/\/www.heldenhaushalt.de\/sari02\/#\/schema\/person\/a1cc69f42a01f412eb62c151353814f6","name":"Sari","image":{"@type":"ImageObject","inLanguage":"de","@id":"https:\/\/www.heldenhaushalt.de\/sari02\/wp-content\/uploads\/2019\/02\/sari-april2018.png","url":"https:\/\/www.heldenhaushalt.de\/sari02\/wp-content\/uploads\/2019\/02\/sari-april2018.png","contentUrl":"https:\/\/www.heldenhaushalt.de\/sari02\/wp-content\/uploads\/2019\/02\/sari-april2018.png","width":500,"height":500,"caption":"Sari"},"logo":{"@id":"https:\/\/www.heldenhaushalt.de\/sari02\/wp-content\/uploads\/2019\/02\/sari-april2018.png"},"description":"Frau Mondgras \u2013 Das bin ich, Sari. Gerne auch als Sari Mondgras bekannt und im Internet zu finden. 2-Fach-Mutter, Heldenehefrau, Kreativling, Harmonies\u00fcchtig und st\u00e4ndig auf der Suche nach Gl\u00fcck. Ich komme aus Berlin, bin hier aufgewachsen und lebe hier seit ich denken kann.","sameAs":["https:\/\/www.instagram.com\/heldenhaushalt\/"],"url":"https:\/\/www.heldenhaushalt.de\/sari02\/index.php\/author\/admin\/"}]}},"views":1336,"_links":{"self":[{"href":"https:\/\/www.heldenhaushalt.de\/sari02\/index.php\/wp-json\/wp\/v2\/posts\/56714","targetHints":{"allow":["GET"]}}],"collection":[{"href":"https:\/\/www.heldenhaushalt.de\/sari02\/index.php\/wp-json\/wp\/v2\/posts"}],"about":[{"href":"https:\/\/www.heldenhaushalt.de\/sari02\/index.php\/wp-json\/wp\/v2\/types\/post"}],"author":[{"embeddable":true,"href":"https:\/\/www.heldenhaushalt.de\/sari02\/index.php\/wp-json\/wp\/v2\/users\/1"}],"replies":[{"embeddable":true,"href":"https:\/\/www.heldenhaushalt.de\/sari02\/index.php\/wp-json\/wp\/v2\/comments?post=56714"}],"version-history":[{"count":5,"href":"https:\/\/www.heldenhaushalt.de\/sari02\/index.php\/wp-json\/wp\/v2\/posts\/56714\/revisions"}],"predecessor-version":[{"id":56917,"href":"https:\/\/www.heldenhaushalt.de\/sari02\/index.php\/wp-json\/wp\/v2\/posts\/56714\/revisions\/56917"}],"wp:featuredmedia":[{"embeddable":true,"href":"https:\/\/www.heldenhaushalt.de\/sari02\/index.php\/wp-json\/wp\/v2\/media\/54355"}],"wp:attachment":[{"href":"https:\/\/www.heldenhaushalt.de\/sari02\/index.php\/wp-json\/wp\/v2\/media?parent=56714"}],"wp:term":[{"taxonomy":"category","embeddable":true,"href":"https:\/\/www.heldenhaushalt.de\/sari02\/index.php\/wp-json\/wp\/v2\/categories?post=56714"},{"taxonomy":"post_tag","embeddable":true,"href":"https:\/\/www.heldenhaushalt.de\/sari02\/index.php\/wp-json\/wp\/v2\/tags?post=56714"}],"curies":[{"name":"wp","href":"https:\/\/api.w.org\/{rel}","templated":true}]}}