{"id":57511,"date":"2023-03-09T10:14:15","date_gmt":"2023-03-09T09:14:15","guid":{"rendered":"https:\/\/www.heldenhaushalt.de\/sari02\/?p=57511"},"modified":"2023-03-09T10:14:15","modified_gmt":"2023-03-09T09:14:15","slug":"adam-und-eva-rezension","status":"publish","type":"post","link":"https:\/\/www.heldenhaushalt.de\/sari02\/index.php\/2023\/03\/09\/adam-und-eva-rezension\/","title":{"rendered":"&#8220;Adam und Eva&#8221; von Martin Baltscheit und Phine Wolff #Rezension"},"content":{"rendered":"<p style=\"text-align: right;\"><small>Rezension*<\/small><\/p>\n<p>Das&nbsp; heutige Buch liegt schon etwas l&#228;nger bereit und immer, wenn die Kinder daran vorbei kommen, m&#252;ssen sie kichern. Das liegt aber weniger am Inhalt des Buches, sondern vielmehr an dem Alter, in dem sie jetzt sind und seiner Gestaltung *lach*. Auf dem Deckblatt des Buches prangt eine, aus meiner Sicht, wirklich sch&#246;ne Illustration von Phine Wolff. Diese zeigt einen Garten. Wundersch&#246;n, vielseitig und in allen m&#246;glichen Farben. Mittendrin sehen wir zwei Menschen. Einen Mann und eine Frau und beide sind &#8211; und ja, deshalb kichern meine Kinder &#8211; nackt. Obwohl die entscheidenden Teile bedeckt sind, reicht diese Tatsache doch aus, um die Wangen meiner Jungs rot zu f&#228;rben und das ist in dem Alter wohl ganz normal. Dass der Mann und die Frau aber so zu sehen sind, wie Gott sie geschaffen hat, das ist schon richtig so, denn das heutige Buch dreht sich um die Geschichte von Adam und Eva.<\/p>\n<h2>&#8220;Adam und Eva&#8221; von Martin Baltscheit und Phine Wolff<\/h2>\n<p>Der Kindermann Verlag ist unter anderem daf&#252;r bekannt, dass er auf kindgerechte Art Weltliteratur, bekannte Poesie und andere bekannte kulturelle Geschichten aufarbeitet und pr&#228;sentiert. So kamen wir schon einmal mit der griechischen Mythologie in Kontakt und befassten uns intensiver mit der Geschichte des Halbgotts Herkules (&#252;brigens war das Buch damals eine gro&#223;e Hilfe f&#252;r den Latein-Unterricht des gro&#223;en Sohnes).<\/p>\n<p>Und auch heute wird es romantisch. Mehr oder weniger. Unter dem gro&#223;en Obertitel &#8220;Big Love&#8221; lernen wir heute wohl eine der &#228;ltesten Liebesgeschichten der Geschichte noch einmal vollkommen neu erz&#228;hlt kennen, obgleich die wichtigsten Teile dennoch vorhanden sind. Adam, das Paradies, Eva, die Schlange und nat&#252;rlich die verbotene Frucht. Alles Bestandteile einer Geschichte, bei der Mann und Frau zueinander finden und das Paradies verlassen m&#252;ssen, als sie der Verlockung nicht mehr widerstehen konnten. Nat&#252;rlich absolut kindgerecht verpackt.&nbsp;<\/p>\n<h2>Alles passiert zum ersten Mal&#8230;<\/h2>\n<p><img loading=\"lazy\" decoding=\"async\" class=\"alignnone size-full wp-image-57514\" src=\"https:\/\/www.heldenhaushalt.de\/sari02\/wp-content\/uploads\/2023\/03\/adam02.jpg\" alt=\"Adam\" width=\"1000\" height=\"706\" srcset=\"https:\/\/www.heldenhaushalt.de\/sari02\/wp-content\/uploads\/2023\/03\/adam02.jpg 1000w, https:\/\/www.heldenhaushalt.de\/sari02\/wp-content\/uploads\/2023\/03\/adam02-300x212.jpg 300w, https:\/\/www.heldenhaushalt.de\/sari02\/wp-content\/uploads\/2023\/03\/adam02-768x542.jpg 768w, https:\/\/www.heldenhaushalt.de\/sari02\/wp-content\/uploads\/2023\/03\/adam02-85x60.jpg 85w, https:\/\/www.heldenhaushalt.de\/sari02\/wp-content\/uploads\/2023\/03\/adam02-920x650.jpg 920w\" sizes=\"auto, (max-width: 1000px) 100vw, 1000px\" \/><\/p>\n<p>So beginnt Martin Baltscheit, der sich f&#252;r <a href=\"https:\/\/www.kindermannverlag.de\/produkt\/adam-und-eva\/\" target=\"_blank\" rel=\"nofollow noopener\"><strong>&#8220;Adam und Eva&#8221;<\/strong><\/a> in dieser Version verantwortlich zeigt. Der Name sollte euch eigentlich inzwischen recht gel&#228;ufig sein. So kamen wir hier auf dem Blog bereits viele Male mit ihm in Kontakt. B&#252;cher wie <a href=\"https:\/\/www.heldenhaushalt.de\/sari02\/index.php\/2022\/12\/01\/l-wie-liebe-von-martin-baltscheit-rezension\/\">&#8220;L wie Liebe&#8221;<\/a> oder <a href=\"https:\/\/www.heldenhaushalt.de\/sari02\/index.php\/2022\/10\/04\/selma-tauscht-sachen-rezension\/\">&#8220;Selma tauscht Sachen&#8221;<\/a> sind nur ein paar Beispiele f&#252;r wirklich viele gute Werke eines grandiosen Autoren.<\/p>\n<p>Also&#8230; alles passiert zum ersten Mal in dieser Geschichte. Licht kommt ins Dunkle und Erde und Wasser erkennen sich zum ersten Mal. Ein Junge entsteht und damit ihm nicht langweilig ist, ist dort pl&#246;tzlich ein riesiger Garten voller Fr&#252;chte. Alles ist erst einmal aufregend, doch wenn man alles jeden Tag gesehen hat, wird es irgendwann auch langweilig und man w&#252;nscht sich Abwechslung. So erschafft der Garten Tiere und Insekten und der Junge, der vom Garten Adam genannt wird, darf den Dingen einen Namen geben, womit er lange Zeit besch&#228;ftigt und gl&#252;cklich ist. Doch immer wieder wird ihm mit der Zeit langweilig, so dass sich der Garten etwas ganz Besonderes einfallen l&#228;sst. Und so steht eines Tages pl&#246;tzlich Eva vor Adam und gemeinsam erfahren sie, was Liebe ist.<\/p>\n<h2>Viel zu sehr brauche ich gar nicht ins Detail gehen<\/h2>\n<p>Die Geschichte von Adam und Eva ist euch sicherlich gel&#228;ufig und wie sie ein Ende findet, nachdem Eva sich von der Schlange verf&#252;hren l&#228;sst und Verbotenes tut. Die Verbannung aus dem Paradies ist die Konsequenz.&nbsp;<\/p>\n<p><img loading=\"lazy\" decoding=\"async\" class=\"alignnone size-full wp-image-57515\" src=\"https:\/\/www.heldenhaushalt.de\/sari02\/wp-content\/uploads\/2023\/03\/adam03.jpg\" alt=\"Adam\" width=\"1000\" height=\"661\" srcset=\"https:\/\/www.heldenhaushalt.de\/sari02\/wp-content\/uploads\/2023\/03\/adam03.jpg 1000w, https:\/\/www.heldenhaushalt.de\/sari02\/wp-content\/uploads\/2023\/03\/adam03-300x198.jpg 300w, https:\/\/www.heldenhaushalt.de\/sari02\/wp-content\/uploads\/2023\/03\/adam03-768x508.jpg 768w, https:\/\/www.heldenhaushalt.de\/sari02\/wp-content\/uploads\/2023\/03\/adam03-91x60.jpg 91w\" sizes=\"auto, (max-width: 1000px) 100vw, 1000px\" \/><\/p>\n<p>Baltscheit erkl&#228;rt es so, dass Adam und Eva damit die kindliche Unschuld verloren haben und nun nicht mehr im Garten leben d&#252;rfen. Stattdessen m&#252;ssen sie nun in die weite Welt hinaus ziehen und lernen alle Hindernisse zu bew&#228;ltigen, was ihnen Dank ihres Zusammenhalts und der ewigen Liebe zueinander auch gelingt, denn am Ende sind sie zusammen und noch vieles mehr.<\/p>\n<p>Es ist ein bisschen wie die Geschichte vom gro&#223; werden, die wir mit unseren Kindern t&#228;glich erleben und verfolgen. Die stetige Weiterentwicklung. Auch das Gef&#252;hl von Scham, das in ihnen heranw&#228;chst, das Verlangen auch mal Dinge zu tun, die ihnen untersagt wurden. Die Diskussionen und die Selbstfindung, mit der sie t&#228;glich konfrontiert werden. Und auch wir. Und eigentlich k&#246;nnen wir nur zuschauen, wie sie immer erwachsener werden und das kindliche ablegen.&nbsp;<\/p>\n<p>Ich finde Baltscheit und Wolff ist da eine wirklich sch&#246;ne Version einer sehr alten Liebesgeschichte gelungen, die wirklich auch f&#252;r Kinder geeignet ist und tats&#228;chlich auch ein bisschen wehm&#252;tig macht. Erschienen ist das Buch, wie erw&#228;hnt, im Kindermann Verlag und umfasst 48 bunt illustrierte Seite. F&#252;r die sch&#246;nen und auch sehr fr&#246;hlichen Zeichnungen zeigt sich Phine Wolff verantwortlich und ich liebe all die Details, die sie auf den Seiten untergebracht hat. Empfohlen wird das Buch ab 4 und ich empfinde das durchaus als passend. Auch wenn man sicherlich hier und da mit einem Kichern rechnen muss.&nbsp;<\/p>\n<p><small><strong>*Anmerkung:<\/strong> Das Buch wurde uns als Rezensionsexemplar zur Verf&#252;gung gestellt.<\/small><\/p>\n","protected":false},"excerpt":{"rendered":"<p>Rezension* Das&nbsp; heutige Buch liegt schon etwas l&#228;nger bereit und immer, wenn die Kinder daran vorbei kommen, m&#252;ssen sie kichern. Das liegt aber weniger am Inhalt des Buches, sondern vielmehr an dem Alter, in dem sie jetzt sind und seiner Gestaltung *lach*. Auf dem Deckblatt des Buches prangt eine, aus meiner Sicht, wirklich sch&#246;ne Illustration von Phine Wolff. Diese zeigt einen Garten. Wundersch&#246;n, vielseitig und in allen m&#246;glichen Farben. Mittendrin sehen wir zwei Menschen. Einen Mann und eine Frau und beide sind &#8211; und ja, deshalb kichern meine Kinder &#8211; nackt. Obwohl die entscheidenden Teile bedeckt sind, reicht diese Tatsache doch aus, um die Wangen meiner Jungs rot zu f&#228;rben und das ist in dem Alter wohl ganz normal. Dass der Mann und die Frau aber so zu sehen sind, wie Gott sie geschaffen hat, das ist schon richtig so, denn das heutige Buch dreht sich um die Geschichte von Adam und Eva. &#8220;Adam und Eva&#8221; von Martin Baltscheit und Phine Wolff Der Kindermann Verlag ist unter anderem daf&#252;r bekannt, dass er auf kindgerechte Art Weltliteratur, bekannte Poesie und andere bekannte kulturelle Geschichten aufarbeitet und pr&#228;sentiert. So kamen wir schon einmal mit der griechischen Mythologie in Kontakt und befassten uns intensiver mit der Geschichte des Halbgotts Herkules (&#252;brigens war das Buch damals eine gro&#223;e Hilfe f&#252;r den Latein-Unterricht des gro&#223;en Sohnes). Und auch heute wird es romantisch. Mehr oder weniger. Unter dem gro&#223;en Obertitel &#8220;Big Love&#8221; lernen wir heute wohl eine der &#228;ltesten Liebesgeschichten der Geschichte noch einmal vollkommen neu erz&#228;hlt kennen, obgleich die wichtigsten Teile dennoch vorhanden sind. Adam, das Paradies, Eva, die Schlange und nat&#252;rlich die verbotene Frucht. Alles Bestandteile einer Geschichte, bei der Mann und Frau zueinander finden und das Paradies verlassen m&#252;ssen, als sie der Verlockung nicht mehr widerstehen konnten. Nat&#252;rlich absolut kindgerecht verpackt.&nbsp; Alles passiert zum ersten Mal&#8230; So beginnt Martin Baltscheit, der sich f&#252;r &#8220;Adam und Eva&#8221; in dieser Version verantwortlich zeigt. Der Name sollte euch eigentlich inzwischen recht gel&#228;ufig sein. So kamen wir hier auf dem Blog bereits viele Male mit ihm in Kontakt. B&#252;cher wie &#8220;L wie Liebe&#8221; oder &#8220;Selma tauscht Sachen&#8221; sind nur ein paar Beispiele f&#252;r wirklich viele gute Werke eines grandiosen Autoren. Also&#8230; alles passiert zum ersten Mal in dieser Geschichte. Licht kommt ins Dunkle und Erde und Wasser erkennen sich zum ersten Mal. Ein Junge entsteht und damit ihm nicht langweilig ist, ist dort pl&#246;tzlich ein riesiger Garten voller Fr&#252;chte. Alles ist erst einmal aufregend, doch wenn man alles jeden Tag gesehen hat, wird es irgendwann auch langweilig und man w&#252;nscht sich Abwechslung. So erschafft der Garten Tiere und Insekten und der Junge, der vom Garten Adam genannt wird, darf den Dingen einen Namen geben, womit er lange Zeit besch&#228;ftigt und gl&#252;cklich ist. Doch immer wieder wird ihm mit der Zeit langweilig, so dass sich der Garten etwas ganz Besonderes einfallen l&#228;sst. Und so steht eines Tages pl&#246;tzlich Eva vor Adam und gemeinsam erfahren sie, was Liebe ist. Viel zu sehr brauche ich gar nicht ins Detail gehen Die Geschichte von Adam und Eva ist euch sicherlich gel&#228;ufig und wie sie ein Ende findet, nachdem Eva sich von der Schlange verf&#252;hren l&#228;sst und Verbotenes tut. Die Verbannung aus dem Paradies ist die Konsequenz.&nbsp; Baltscheit erkl&#228;rt es so, dass Adam und Eva damit die kindliche Unschuld verloren haben und nun nicht mehr im Garten leben d&#252;rfen. Stattdessen m&#252;ssen sie nun in die weite Welt hinaus ziehen und lernen alle Hindernisse zu bew&#228;ltigen, was ihnen Dank ihres Zusammenhalts und der ewigen Liebe zueinander auch gelingt, denn am Ende sind sie zusammen und noch vieles mehr. Es ist ein bisschen wie die Geschichte vom gro&#223; werden, die wir mit unseren Kindern t&#228;glich erleben und verfolgen. Die stetige Weiterentwicklung. Auch das Gef&#252;hl von Scham, das in ihnen heranw&#228;chst, das Verlangen auch mal Dinge zu tun, die ihnen untersagt wurden. Die Diskussionen und die Selbstfindung, mit der sie t&#228;glich konfrontiert werden. Und auch wir. Und eigentlich k&#246;nnen wir nur zuschauen, wie sie immer erwachsener werden und das kindliche ablegen.&nbsp; Ich finde Baltscheit und Wolff ist da eine wirklich sch&#246;ne Version einer sehr alten Liebesgeschichte gelungen, die wirklich auch f&#252;r Kinder geeignet ist und tats&#228;chlich auch ein bisschen wehm&#252;tig macht. Erschienen ist das Buch, wie erw&#228;hnt, im Kindermann Verlag und umfasst 48 bunt illustrierte Seite. F&#252;r die sch&#246;nen und auch sehr fr&#246;hlichen Zeichnungen zeigt sich Phine Wolff verantwortlich und ich liebe all die Details, die sie auf den Seiten untergebracht hat. Empfohlen wird das Buch ab 4 und ich empfinde das durchaus als passend. Auch wenn man sicherlich hier und da mit einem Kichern rechnen muss.&nbsp; *Anmerkung: Das Buch wurde uns als Rezensionsexemplar zur Verf&#252;gung gestellt.<\/p>\n","protected":false},"author":1,"featured_media":57513,"comment_status":"open","ping_status":"open","sticky":false,"template":"","format":"standard","meta":{"ngg_post_thumbnail":0,"footnotes":""},"categories":[1690,53],"tags":[3336,1752,202,438,2937,3337,732],"class_list":["post-57511","post","type-post","status-publish","format-standard","has-post-thumbnail","hentry","category-buecher","category-empfehlungen","tag-adam-und-eva","tag-bilderbuch","tag-empfehlung","tag-kinderbuch","tag-kindermann-verlag","tag-paradies","tag-rezension"],"yoast_head":"<!-- This site is optimized with the Yoast SEO plugin v27.5 - https:\/\/yoast.com\/product\/yoast-seo-wordpress\/ -->\n<title>&quot;Adam und Eva&quot; von Martin Baltscheit und Phine Wolff #Rezension<\/title>\n<meta name=\"description\" content=\"Alles passiert zum ersten Mal... So beginnt Martin Baltscheit, der sich f\u00fcr &quot;Adam und Eva&quot; in dieser Version verantwortlich zeigt.\" \/>\n<meta name=\"robots\" content=\"index, follow, max-snippet:-1, max-image-preview:large, max-video-preview:-1\" \/>\n<link rel=\"canonical\" href=\"https:\/\/www.heldenhaushalt.de\/sari02\/index.php\/2023\/03\/09\/adam-und-eva-rezension\/\" \/>\n<meta property=\"og:locale\" content=\"de_DE\" \/>\n<meta property=\"og:type\" content=\"article\" \/>\n<meta property=\"og:title\" content=\"&quot;Adam und Eva&quot; von Martin Baltscheit und Phine Wolff #Rezension\" \/>\n<meta property=\"og:description\" content=\"Alles passiert zum ersten Mal... So beginnt Martin Baltscheit, der sich f\u00fcr &quot;Adam und Eva&quot; in dieser Version verantwortlich zeigt.\" \/>\n<meta property=\"og:url\" content=\"https:\/\/www.heldenhaushalt.de\/sari02\/index.php\/2023\/03\/09\/adam-und-eva-rezension\/\" \/>\n<meta property=\"og:site_name\" content=\"Heldenhaushalt\" \/>\n<meta property=\"article:published_time\" content=\"2023-03-09T09:14:15+00:00\" \/>\n<meta property=\"og:image\" content=\"https:\/\/www.heldenhaushalt.de\/sari02\/wp-content\/uploads\/2023\/03\/adam01.jpg\" \/>\n\t<meta property=\"og:image:width\" content=\"1000\" \/>\n\t<meta property=\"og:image:height\" content=\"695\" \/>\n\t<meta property=\"og:image:type\" content=\"image\/jpeg\" \/>\n<meta name=\"author\" content=\"Sari\" \/>\n<meta name=\"twitter:card\" content=\"summary_large_image\" \/>\n<meta name=\"twitter:creator\" content=\"@Heldenhaushalt\" \/>\n<meta name=\"twitter:site\" content=\"@Heldenhaushalt\" \/>\n<meta name=\"twitter:label1\" content=\"Verfasst von\" \/>\n\t<meta name=\"twitter:data1\" content=\"Sari\" \/>\n\t<meta name=\"twitter:label2\" content=\"Gesch\u00e4tzte Lesezeit\" \/>\n\t<meta name=\"twitter:data2\" content=\"5\u00a0Minuten\" \/>\n<script type=\"application\/ld+json\" class=\"yoast-schema-graph\">{\"@context\":\"https:\\\/\\\/schema.org\",\"@graph\":[{\"@type\":\"Article\",\"@id\":\"https:\\\/\\\/www.heldenhaushalt.de\\\/sari02\\\/index.php\\\/2023\\\/03\\\/09\\\/adam-und-eva-rezension\\\/#article\",\"isPartOf\":{\"@id\":\"https:\\\/\\\/www.heldenhaushalt.de\\\/sari02\\\/index.php\\\/2023\\\/03\\\/09\\\/adam-und-eva-rezension\\\/\"},\"author\":{\"name\":\"Sari\",\"@id\":\"https:\\\/\\\/www.heldenhaushalt.de\\\/sari02\\\/#\\\/schema\\\/person\\\/a1cc69f42a01f412eb62c151353814f6\"},\"headline\":\"&#8220;Adam und Eva&#8221; von Martin Baltscheit und Phine Wolff #Rezension\",\"datePublished\":\"2023-03-09T09:14:15+00:00\",\"mainEntityOfPage\":{\"@id\":\"https:\\\/\\\/www.heldenhaushalt.de\\\/sari02\\\/index.php\\\/2023\\\/03\\\/09\\\/adam-und-eva-rezension\\\/\"},\"wordCount\":833,\"commentCount\":0,\"publisher\":{\"@id\":\"https:\\\/\\\/www.heldenhaushalt.de\\\/sari02\\\/#\\\/schema\\\/person\\\/a1cc69f42a01f412eb62c151353814f6\"},\"image\":{\"@id\":\"https:\\\/\\\/www.heldenhaushalt.de\\\/sari02\\\/index.php\\\/2023\\\/03\\\/09\\\/adam-und-eva-rezension\\\/#primaryimage\"},\"thumbnailUrl\":\"https:\\\/\\\/www.heldenhaushalt.de\\\/sari02\\\/wp-content\\\/uploads\\\/2023\\\/03\\\/adam01.jpg\",\"keywords\":[\"Adam und Eva\",\"Bilderbuch\",\"Empfehlung\",\"Kinderbuch\",\"Kindermann Verlag\",\"Paradies\",\"Rezension\"],\"articleSection\":[\"B\u00fccher\",\"Empfehlungen\"],\"inLanguage\":\"de\",\"potentialAction\":[{\"@type\":\"CommentAction\",\"name\":\"Comment\",\"target\":[\"https:\\\/\\\/www.heldenhaushalt.de\\\/sari02\\\/index.php\\\/2023\\\/03\\\/09\\\/adam-und-eva-rezension\\\/#respond\"]}]},{\"@type\":\"WebPage\",\"@id\":\"https:\\\/\\\/www.heldenhaushalt.de\\\/sari02\\\/index.php\\\/2023\\\/03\\\/09\\\/adam-und-eva-rezension\\\/\",\"url\":\"https:\\\/\\\/www.heldenhaushalt.de\\\/sari02\\\/index.php\\\/2023\\\/03\\\/09\\\/adam-und-eva-rezension\\\/\",\"name\":\"\\\"Adam und Eva\\\" von Martin Baltscheit und Phine Wolff #Rezension\",\"isPartOf\":{\"@id\":\"https:\\\/\\\/www.heldenhaushalt.de\\\/sari02\\\/#website\"},\"primaryImageOfPage\":{\"@id\":\"https:\\\/\\\/www.heldenhaushalt.de\\\/sari02\\\/index.php\\\/2023\\\/03\\\/09\\\/adam-und-eva-rezension\\\/#primaryimage\"},\"image\":{\"@id\":\"https:\\\/\\\/www.heldenhaushalt.de\\\/sari02\\\/index.php\\\/2023\\\/03\\\/09\\\/adam-und-eva-rezension\\\/#primaryimage\"},\"thumbnailUrl\":\"https:\\\/\\\/www.heldenhaushalt.de\\\/sari02\\\/wp-content\\\/uploads\\\/2023\\\/03\\\/adam01.jpg\",\"datePublished\":\"2023-03-09T09:14:15+00:00\",\"description\":\"Alles passiert zum ersten Mal... So beginnt Martin Baltscheit, der sich f\u00fcr \\\"Adam und Eva\\\" in dieser Version verantwortlich zeigt.\",\"breadcrumb\":{\"@id\":\"https:\\\/\\\/www.heldenhaushalt.de\\\/sari02\\\/index.php\\\/2023\\\/03\\\/09\\\/adam-und-eva-rezension\\\/#breadcrumb\"},\"inLanguage\":\"de\",\"potentialAction\":[{\"@type\":\"ReadAction\",\"target\":[\"https:\\\/\\\/www.heldenhaushalt.de\\\/sari02\\\/index.php\\\/2023\\\/03\\\/09\\\/adam-und-eva-rezension\\\/\"]}]},{\"@type\":\"ImageObject\",\"inLanguage\":\"de\",\"@id\":\"https:\\\/\\\/www.heldenhaushalt.de\\\/sari02\\\/index.php\\\/2023\\\/03\\\/09\\\/adam-und-eva-rezension\\\/#primaryimage\",\"url\":\"https:\\\/\\\/www.heldenhaushalt.de\\\/sari02\\\/wp-content\\\/uploads\\\/2023\\\/03\\\/adam01.jpg\",\"contentUrl\":\"https:\\\/\\\/www.heldenhaushalt.de\\\/sari02\\\/wp-content\\\/uploads\\\/2023\\\/03\\\/adam01.jpg\",\"width\":1000,\"height\":695,\"caption\":\"Adam\"},{\"@type\":\"BreadcrumbList\",\"@id\":\"https:\\\/\\\/www.heldenhaushalt.de\\\/sari02\\\/index.php\\\/2023\\\/03\\\/09\\\/adam-und-eva-rezension\\\/#breadcrumb\",\"itemListElement\":[{\"@type\":\"ListItem\",\"position\":1,\"name\":\"Startseite\",\"item\":\"https:\\\/\\\/www.heldenhaushalt.de\\\/sari02\\\/\"},{\"@type\":\"ListItem\",\"position\":2,\"name\":\"&#8220;Adam und Eva&#8221; von Martin Baltscheit und Phine Wolff #Rezension\"}]},{\"@type\":\"WebSite\",\"@id\":\"https:\\\/\\\/www.heldenhaushalt.de\\\/sari02\\\/#website\",\"url\":\"https:\\\/\\\/www.heldenhaushalt.de\\\/sari02\\\/\",\"name\":\"Heldenhaushalt\",\"description\":\"Wer es ordentlich haben will, der muss vorher anrufen\",\"publisher\":{\"@id\":\"https:\\\/\\\/www.heldenhaushalt.de\\\/sari02\\\/#\\\/schema\\\/person\\\/a1cc69f42a01f412eb62c151353814f6\"},\"potentialAction\":[{\"@type\":\"SearchAction\",\"target\":{\"@type\":\"EntryPoint\",\"urlTemplate\":\"https:\\\/\\\/www.heldenhaushalt.de\\\/sari02\\\/?s={search_term_string}\"},\"query-input\":{\"@type\":\"PropertyValueSpecification\",\"valueRequired\":true,\"valueName\":\"search_term_string\"}}],\"inLanguage\":\"de\"},{\"@type\":[\"Person\",\"Organization\"],\"@id\":\"https:\\\/\\\/www.heldenhaushalt.de\\\/sari02\\\/#\\\/schema\\\/person\\\/a1cc69f42a01f412eb62c151353814f6\",\"name\":\"Sari\",\"image\":{\"@type\":\"ImageObject\",\"inLanguage\":\"de\",\"@id\":\"https:\\\/\\\/www.heldenhaushalt.de\\\/sari02\\\/wp-content\\\/uploads\\\/2019\\\/02\\\/sari-april2018.png\",\"url\":\"https:\\\/\\\/www.heldenhaushalt.de\\\/sari02\\\/wp-content\\\/uploads\\\/2019\\\/02\\\/sari-april2018.png\",\"contentUrl\":\"https:\\\/\\\/www.heldenhaushalt.de\\\/sari02\\\/wp-content\\\/uploads\\\/2019\\\/02\\\/sari-april2018.png\",\"width\":500,\"height\":500,\"caption\":\"Sari\"},\"logo\":{\"@id\":\"https:\\\/\\\/www.heldenhaushalt.de\\\/sari02\\\/wp-content\\\/uploads\\\/2019\\\/02\\\/sari-april2018.png\"},\"description\":\"Frau Mondgras \u2013 Das bin ich, Sari. Gerne auch als Sari Mondgras bekannt und im Internet zu finden. 2-Fach-Mutter, Heldenehefrau, Kreativling, Harmonies\u00fcchtig und st\u00e4ndig auf der Suche nach Gl\u00fcck. Ich komme aus Berlin, bin hier aufgewachsen und lebe hier seit ich denken kann.\",\"sameAs\":[\"https:\\\/\\\/www.instagram.com\\\/heldenhaushalt\\\/\"],\"url\":\"https:\\\/\\\/www.heldenhaushalt.de\\\/sari02\\\/index.php\\\/author\\\/admin\\\/\"}]}<\/script>\n<!-- \/ Yoast SEO plugin. -->","yoast_head_json":{"title":"\"Adam und Eva\" von Martin Baltscheit und Phine Wolff #Rezension","description":"Alles passiert zum ersten Mal... So beginnt Martin Baltscheit, der sich f\u00fcr \"Adam und Eva\" in dieser Version verantwortlich zeigt.","robots":{"index":"index","follow":"follow","max-snippet":"max-snippet:-1","max-image-preview":"max-image-preview:large","max-video-preview":"max-video-preview:-1"},"canonical":"https:\/\/www.heldenhaushalt.de\/sari02\/index.php\/2023\/03\/09\/adam-und-eva-rezension\/","og_locale":"de_DE","og_type":"article","og_title":"\"Adam und Eva\" von Martin Baltscheit und Phine Wolff #Rezension","og_description":"Alles passiert zum ersten Mal... So beginnt Martin Baltscheit, der sich f\u00fcr \"Adam und Eva\" in dieser Version verantwortlich zeigt.","og_url":"https:\/\/www.heldenhaushalt.de\/sari02\/index.php\/2023\/03\/09\/adam-und-eva-rezension\/","og_site_name":"Heldenhaushalt","article_published_time":"2023-03-09T09:14:15+00:00","og_image":[{"width":1000,"height":695,"url":"https:\/\/www.heldenhaushalt.de\/sari02\/wp-content\/uploads\/2023\/03\/adam01.jpg","type":"image\/jpeg"}],"author":"Sari","twitter_card":"summary_large_image","twitter_creator":"@Heldenhaushalt","twitter_site":"@Heldenhaushalt","twitter_misc":{"Verfasst von":"Sari","Gesch\u00e4tzte Lesezeit":"5\u00a0Minuten"},"schema":{"@context":"https:\/\/schema.org","@graph":[{"@type":"Article","@id":"https:\/\/www.heldenhaushalt.de\/sari02\/index.php\/2023\/03\/09\/adam-und-eva-rezension\/#article","isPartOf":{"@id":"https:\/\/www.heldenhaushalt.de\/sari02\/index.php\/2023\/03\/09\/adam-und-eva-rezension\/"},"author":{"name":"Sari","@id":"https:\/\/www.heldenhaushalt.de\/sari02\/#\/schema\/person\/a1cc69f42a01f412eb62c151353814f6"},"headline":"&#8220;Adam und Eva&#8221; von Martin Baltscheit und Phine Wolff #Rezension","datePublished":"2023-03-09T09:14:15+00:00","mainEntityOfPage":{"@id":"https:\/\/www.heldenhaushalt.de\/sari02\/index.php\/2023\/03\/09\/adam-und-eva-rezension\/"},"wordCount":833,"commentCount":0,"publisher":{"@id":"https:\/\/www.heldenhaushalt.de\/sari02\/#\/schema\/person\/a1cc69f42a01f412eb62c151353814f6"},"image":{"@id":"https:\/\/www.heldenhaushalt.de\/sari02\/index.php\/2023\/03\/09\/adam-und-eva-rezension\/#primaryimage"},"thumbnailUrl":"https:\/\/www.heldenhaushalt.de\/sari02\/wp-content\/uploads\/2023\/03\/adam01.jpg","keywords":["Adam und Eva","Bilderbuch","Empfehlung","Kinderbuch","Kindermann Verlag","Paradies","Rezension"],"articleSection":["B\u00fccher","Empfehlungen"],"inLanguage":"de","potentialAction":[{"@type":"CommentAction","name":"Comment","target":["https:\/\/www.heldenhaushalt.de\/sari02\/index.php\/2023\/03\/09\/adam-und-eva-rezension\/#respond"]}]},{"@type":"WebPage","@id":"https:\/\/www.heldenhaushalt.de\/sari02\/index.php\/2023\/03\/09\/adam-und-eva-rezension\/","url":"https:\/\/www.heldenhaushalt.de\/sari02\/index.php\/2023\/03\/09\/adam-und-eva-rezension\/","name":"\"Adam und Eva\" von Martin Baltscheit und Phine Wolff #Rezension","isPartOf":{"@id":"https:\/\/www.heldenhaushalt.de\/sari02\/#website"},"primaryImageOfPage":{"@id":"https:\/\/www.heldenhaushalt.de\/sari02\/index.php\/2023\/03\/09\/adam-und-eva-rezension\/#primaryimage"},"image":{"@id":"https:\/\/www.heldenhaushalt.de\/sari02\/index.php\/2023\/03\/09\/adam-und-eva-rezension\/#primaryimage"},"thumbnailUrl":"https:\/\/www.heldenhaushalt.de\/sari02\/wp-content\/uploads\/2023\/03\/adam01.jpg","datePublished":"2023-03-09T09:14:15+00:00","description":"Alles passiert zum ersten Mal... So beginnt Martin Baltscheit, der sich f\u00fcr \"Adam und Eva\" in dieser Version verantwortlich zeigt.","breadcrumb":{"@id":"https:\/\/www.heldenhaushalt.de\/sari02\/index.php\/2023\/03\/09\/adam-und-eva-rezension\/#breadcrumb"},"inLanguage":"de","potentialAction":[{"@type":"ReadAction","target":["https:\/\/www.heldenhaushalt.de\/sari02\/index.php\/2023\/03\/09\/adam-und-eva-rezension\/"]}]},{"@type":"ImageObject","inLanguage":"de","@id":"https:\/\/www.heldenhaushalt.de\/sari02\/index.php\/2023\/03\/09\/adam-und-eva-rezension\/#primaryimage","url":"https:\/\/www.heldenhaushalt.de\/sari02\/wp-content\/uploads\/2023\/03\/adam01.jpg","contentUrl":"https:\/\/www.heldenhaushalt.de\/sari02\/wp-content\/uploads\/2023\/03\/adam01.jpg","width":1000,"height":695,"caption":"Adam"},{"@type":"BreadcrumbList","@id":"https:\/\/www.heldenhaushalt.de\/sari02\/index.php\/2023\/03\/09\/adam-und-eva-rezension\/#breadcrumb","itemListElement":[{"@type":"ListItem","position":1,"name":"Startseite","item":"https:\/\/www.heldenhaushalt.de\/sari02\/"},{"@type":"ListItem","position":2,"name":"&#8220;Adam und Eva&#8221; von Martin Baltscheit und Phine Wolff #Rezension"}]},{"@type":"WebSite","@id":"https:\/\/www.heldenhaushalt.de\/sari02\/#website","url":"https:\/\/www.heldenhaushalt.de\/sari02\/","name":"Heldenhaushalt","description":"Wer es ordentlich haben will, der muss vorher anrufen","publisher":{"@id":"https:\/\/www.heldenhaushalt.de\/sari02\/#\/schema\/person\/a1cc69f42a01f412eb62c151353814f6"},"potentialAction":[{"@type":"SearchAction","target":{"@type":"EntryPoint","urlTemplate":"https:\/\/www.heldenhaushalt.de\/sari02\/?s={search_term_string}"},"query-input":{"@type":"PropertyValueSpecification","valueRequired":true,"valueName":"search_term_string"}}],"inLanguage":"de"},{"@type":["Person","Organization"],"@id":"https:\/\/www.heldenhaushalt.de\/sari02\/#\/schema\/person\/a1cc69f42a01f412eb62c151353814f6","name":"Sari","image":{"@type":"ImageObject","inLanguage":"de","@id":"https:\/\/www.heldenhaushalt.de\/sari02\/wp-content\/uploads\/2019\/02\/sari-april2018.png","url":"https:\/\/www.heldenhaushalt.de\/sari02\/wp-content\/uploads\/2019\/02\/sari-april2018.png","contentUrl":"https:\/\/www.heldenhaushalt.de\/sari02\/wp-content\/uploads\/2019\/02\/sari-april2018.png","width":500,"height":500,"caption":"Sari"},"logo":{"@id":"https:\/\/www.heldenhaushalt.de\/sari02\/wp-content\/uploads\/2019\/02\/sari-april2018.png"},"description":"Frau Mondgras \u2013 Das bin ich, Sari. Gerne auch als Sari Mondgras bekannt und im Internet zu finden. 2-Fach-Mutter, Heldenehefrau, Kreativling, Harmonies\u00fcchtig und st\u00e4ndig auf der Suche nach Gl\u00fcck. Ich komme aus Berlin, bin hier aufgewachsen und lebe hier seit ich denken kann.","sameAs":["https:\/\/www.instagram.com\/heldenhaushalt\/"],"url":"https:\/\/www.heldenhaushalt.de\/sari02\/index.php\/author\/admin\/"}]}},"views":1598,"_links":{"self":[{"href":"https:\/\/www.heldenhaushalt.de\/sari02\/index.php\/wp-json\/wp\/v2\/posts\/57511","targetHints":{"allow":["GET"]}}],"collection":[{"href":"https:\/\/www.heldenhaushalt.de\/sari02\/index.php\/wp-json\/wp\/v2\/posts"}],"about":[{"href":"https:\/\/www.heldenhaushalt.de\/sari02\/index.php\/wp-json\/wp\/v2\/types\/post"}],"author":[{"embeddable":true,"href":"https:\/\/www.heldenhaushalt.de\/sari02\/index.php\/wp-json\/wp\/v2\/users\/1"}],"replies":[{"embeddable":true,"href":"https:\/\/www.heldenhaushalt.de\/sari02\/index.php\/wp-json\/wp\/v2\/comments?post=57511"}],"version-history":[{"count":2,"href":"https:\/\/www.heldenhaushalt.de\/sari02\/index.php\/wp-json\/wp\/v2\/posts\/57511\/revisions"}],"predecessor-version":[{"id":57516,"href":"https:\/\/www.heldenhaushalt.de\/sari02\/index.php\/wp-json\/wp\/v2\/posts\/57511\/revisions\/57516"}],"wp:featuredmedia":[{"embeddable":true,"href":"https:\/\/www.heldenhaushalt.de\/sari02\/index.php\/wp-json\/wp\/v2\/media\/57513"}],"wp:attachment":[{"href":"https:\/\/www.heldenhaushalt.de\/sari02\/index.php\/wp-json\/wp\/v2\/media?parent=57511"}],"wp:term":[{"taxonomy":"category","embeddable":true,"href":"https:\/\/www.heldenhaushalt.de\/sari02\/index.php\/wp-json\/wp\/v2\/categories?post=57511"},{"taxonomy":"post_tag","embeddable":true,"href":"https:\/\/www.heldenhaushalt.de\/sari02\/index.php\/wp-json\/wp\/v2\/tags?post=57511"}],"curies":[{"name":"wp","href":"https:\/\/api.w.org\/{rel}","templated":true}]}}