{"id":57663,"date":"2023-03-31T10:12:40","date_gmt":"2023-03-31T08:12:40","guid":{"rendered":"https:\/\/www.heldenhaushalt.de\/sari02\/?p=57663"},"modified":"2023-03-31T10:12:40","modified_gmt":"2023-03-31T08:12:40","slug":"unsere-wochenlieblinge-132023","status":"publish","type":"post","link":"https:\/\/www.heldenhaushalt.de\/sari02\/index.php\/2023\/03\/31\/unsere-wochenlieblinge-132023\/","title":{"rendered":"Unsere Wochenlieblinge 13\/2023 &#8211; Vorfreude auf 2 Wochen Auszeit"},"content":{"rendered":"<p style=\"text-align: right;\"><small>Enth&#228;lt (unbezahlte) Werbung*<\/small><\/p>\n<p>Hallo Wochenende. Wie sch&#246;n, dass du in den Startl&#246;chern stehst. Diese Woche war ich vor allem eines: M&#252;de. Ich wei&#223; nicht, ob es immer noch an der Zeitumstellung lag, an dem<a href=\"https:\/\/www.heldenhaushalt.de\/sari02\/index.php\/2023\/03\/27\/unser-wib-am-25-26-03-2023\/\"> emotional anstrengenden Wochenende<\/a> oder am aktuellen Wetter, das f&#252;r mich wieder Migr&#228;ne-Potential enth&#228;lt. Das passiert bei mir h&#228;ufig, wenn das Wetter quasi alle Jahreszeiten an einem Tag mit sich bringt.<\/p>\n<p>Wobei man grunds&#228;tzlich sagen kann, dass es eine &#252;berschaubare Woche war und es nat&#252;rlich wieder Wochenlieblinge gab. Allgemein kann man sagen, dass die Wochen gerade zwar voll, aber nicht so megaanstrengend sind, wie es letztes Jahr um diese Zeit der Fall war.<\/p>\n<h2>Unsere Wochenlieblinge in dieser Woche\u2026<\/h2>\n<p><img loading=\"lazy\" decoding=\"async\" class=\"alignnone size-full wp-image-57664\" src=\"https:\/\/www.heldenhaushalt.de\/sari02\/wp-content\/uploads\/2023\/03\/13-01.jpg\" alt=\"Wochenlieblinge\" width=\"1000\" height=\"699\" srcset=\"https:\/\/www.heldenhaushalt.de\/sari02\/wp-content\/uploads\/2023\/03\/13-01.jpg 1000w, https:\/\/www.heldenhaushalt.de\/sari02\/wp-content\/uploads\/2023\/03\/13-01-300x210.jpg 300w, https:\/\/www.heldenhaushalt.de\/sari02\/wp-content\/uploads\/2023\/03\/13-01-768x537.jpg 768w, https:\/\/www.heldenhaushalt.de\/sari02\/wp-content\/uploads\/2023\/03\/13-01-86x60.jpg 86w\" sizes=\"auto, (max-width: 1000px) 100vw, 1000px\" \/><\/p>\n<p>Dennoch: Am Montag war ich vollkommen am Ende. Schon Sonntag Abend war ich total ersch&#246;pft und das zog sich bis in den Wochenanfang rein. Nachdem die Kinder versorgt, ein paar Sachen erledigt und ich selber mit Fr&#252;hst&#252;ck aufgetankt war, fiel ich f&#252;r fast 4 Stunden in einen tiefen Schlaf. Und sowas kommt echt selten bei mir vor. Ich hatte wohl einiges zu verarbeiten. Aufgrund der Ersch&#246;pfung wollte der Mann nicht, dass ich nun langsam wieder mit dem Laufen nach 2 Wochen Pause anfange. Also machte ich stattdessen am Abend eine ausgiebige Yoga Session und meditierte etwas, um innerlich einfach wieder ruhiger zu werden. Genauso wertvoll. Aber man sieht mir die Ersch&#246;pfung und Last des Wochenendes glaube ich an.<\/p>\n<p><img loading=\"lazy\" decoding=\"async\" class=\"alignnone size-full wp-image-57665\" src=\"https:\/\/www.heldenhaushalt.de\/sari02\/wp-content\/uploads\/2023\/03\/13-02.jpg\" alt=\"Schnee\" width=\"1000\" height=\"710\" srcset=\"https:\/\/www.heldenhaushalt.de\/sari02\/wp-content\/uploads\/2023\/03\/13-02.jpg 1000w, https:\/\/www.heldenhaushalt.de\/sari02\/wp-content\/uploads\/2023\/03\/13-02-300x213.jpg 300w, https:\/\/www.heldenhaushalt.de\/sari02\/wp-content\/uploads\/2023\/03\/13-02-768x545.jpg 768w, https:\/\/www.heldenhaushalt.de\/sari02\/wp-content\/uploads\/2023\/03\/13-02-85x60.jpg 85w\" sizes=\"auto, (max-width: 1000px) 100vw, 1000px\" \/><\/p>\n<p>Und was man mit diesem Wetter hier nun anfangen soll, das wei&#223; ich auch nicht so recht. Teilweise haben wir morgens vereiste Stra&#223;en und es schneit sogar ein wenig und am Mittag ist es manchmal fast schon sommerlich warm. Dann gab es diese Woche aber auch Hagel, Gewitter und Starkregen. Alles vertreten. Klar, dass die Schnupfnasen da noch hartn&#228;ckig bleiben wollen.<\/p>\n<p><img loading=\"lazy\" decoding=\"async\" class=\"alignnone size-full wp-image-57666\" src=\"https:\/\/www.heldenhaushalt.de\/sari02\/wp-content\/uploads\/2023\/03\/13-03.jpg\" alt=\"Wochenlieblinge\" width=\"1000\" height=\"712\" srcset=\"https:\/\/www.heldenhaushalt.de\/sari02\/wp-content\/uploads\/2023\/03\/13-03.jpg 1000w, https:\/\/www.heldenhaushalt.de\/sari02\/wp-content\/uploads\/2023\/03\/13-03-300x214.jpg 300w, https:\/\/www.heldenhaushalt.de\/sari02\/wp-content\/uploads\/2023\/03\/13-03-768x547.jpg 768w, https:\/\/www.heldenhaushalt.de\/sari02\/wp-content\/uploads\/2023\/03\/13-03-84x60.jpg 84w\" sizes=\"auto, (max-width: 1000px) 100vw, 1000px\" \/><\/p>\n<p>Trotzdem habe ich mir etwas Fr&#252;hling ins Wohnzimmer geholt und eine neue Tagesdecke und neue Kissenbez&#252;ge angeschafft. Ich mag das, denn es bringt so eine W&#228;rme auf das Sofa? Albern? Mag sein, aber irgendwie auch wichtig f&#252;rs Wohlf&#252;hlen.<\/p>\n<p><img loading=\"lazy\" decoding=\"async\" class=\"alignnone size-full wp-image-57668\" src=\"https:\/\/www.heldenhaushalt.de\/sari02\/wp-content\/uploads\/2023\/03\/13-05.jpg\" alt=\"Lesen\" width=\"1000\" height=\"692\" srcset=\"https:\/\/www.heldenhaushalt.de\/sari02\/wp-content\/uploads\/2023\/03\/13-05.jpg 1000w, https:\/\/www.heldenhaushalt.de\/sari02\/wp-content\/uploads\/2023\/03\/13-05-300x208.jpg 300w, https:\/\/www.heldenhaushalt.de\/sari02\/wp-content\/uploads\/2023\/03\/13-05-768x531.jpg 768w, https:\/\/www.heldenhaushalt.de\/sari02\/wp-content\/uploads\/2023\/03\/13-05-87x60.jpg 87w\" sizes=\"auto, (max-width: 1000px) 100vw, 1000px\" \/><\/p>\n<p>F&#252;r den kleinen Sohn startet nun Runde 2 des Lesetagebuchs. Er brachte diese Woche wieder ein Heftchen zum Unterschriften sammeln mit nach Hause, so dass wir weiterhin jeden Tag 10 Minuten lesen. Aber das wollte ich eh gerne, denn ich habe das wirklich sehr genossen.<\/p>\n<p><img loading=\"lazy\" decoding=\"async\" class=\"alignnone size-full wp-image-57669\" src=\"https:\/\/www.heldenhaushalt.de\/sari02\/wp-content\/uploads\/2023\/03\/13-06.jpg\" alt=\"Wochenlieblinge\" width=\"1000\" height=\"678\" srcset=\"https:\/\/www.heldenhaushalt.de\/sari02\/wp-content\/uploads\/2023\/03\/13-06.jpg 1000w, https:\/\/www.heldenhaushalt.de\/sari02\/wp-content\/uploads\/2023\/03\/13-06-300x203.jpg 300w, https:\/\/www.heldenhaushalt.de\/sari02\/wp-content\/uploads\/2023\/03\/13-06-768x521.jpg 768w, https:\/\/www.heldenhaushalt.de\/sari02\/wp-content\/uploads\/2023\/03\/13-06-88x60.jpg 88w\" sizes=\"auto, (max-width: 1000px) 100vw, 1000px\" \/><\/p>\n<p>Wie passend, dass Osterpost vor unserer T&#252;r stand. Ein prall gef&#252;lltes Paket mit neuem Lesestoff vom Carlsen Verlag und dazu ein bisschen Zubeh&#246;r, um ein paar Osterkekse zu backen. Ist euch eigentlich bewusst, dass n&#228;chste Woche Ostern ist? Mir war das irgendwie nicht so klar.<\/p>\n<p><img loading=\"lazy\" decoding=\"async\" class=\"alignnone size-full wp-image-57671\" src=\"https:\/\/www.heldenhaushalt.de\/sari02\/wp-content\/uploads\/2023\/03\/13-08.jpg\" alt=\"Fu&#223;ball\" width=\"1000\" height=\"728\" srcset=\"https:\/\/www.heldenhaushalt.de\/sari02\/wp-content\/uploads\/2023\/03\/13-08.jpg 1000w, https:\/\/www.heldenhaushalt.de\/sari02\/wp-content\/uploads\/2023\/03\/13-08-300x218.jpg 300w, https:\/\/www.heldenhaushalt.de\/sari02\/wp-content\/uploads\/2023\/03\/13-08-768x559.jpg 768w, https:\/\/www.heldenhaushalt.de\/sari02\/wp-content\/uploads\/2023\/03\/13-08-82x60.jpg 82w\" sizes=\"auto, (max-width: 1000px) 100vw, 1000px\" \/><\/p>\n<p>Probetraining Runde 2 stand beim gro&#223;en Sohn diese Woche an. Nachdem es mittags regnete und gewitterte, war es p&#252;nktlich zum Training Gott sei Dank trocken und die Sonne schaute raus. Nebenbei &#252;bte der kleine Sohn jonglieren und wir philosophieren dar&#252;ber, wie das alles nun weiter gehen soll.&nbsp;<\/p>\n<h2>Zeit f&#252;r die Freitagsfragen!<\/h2>\n<p><img loading=\"lazy\" decoding=\"async\" class=\"alignnone size-full wp-image-57667\" src=\"https:\/\/www.heldenhaushalt.de\/sari02\/wp-content\/uploads\/2023\/03\/13-04.jpg\" alt=\"Familie\" width=\"1000\" height=\"694\" srcset=\"https:\/\/www.heldenhaushalt.de\/sari02\/wp-content\/uploads\/2023\/03\/13-04.jpg 1000w, https:\/\/www.heldenhaushalt.de\/sari02\/wp-content\/uploads\/2023\/03\/13-04-300x208.jpg 300w, https:\/\/www.heldenhaushalt.de\/sari02\/wp-content\/uploads\/2023\/03\/13-04-768x533.jpg 768w, https:\/\/www.heldenhaushalt.de\/sari02\/wp-content\/uploads\/2023\/03\/13-04-86x60.jpg 86w\" sizes=\"auto, (max-width: 1000px) 100vw, 1000px\" \/><\/p>\n<p>Immerhin zeigt sich immer wieder auch die Sonne und es ist ab und zu mild. So recht traue ich mich aber dennoch noch nicht die Winterjacke in den Schrank zu h&#228;ngen. Auch morgen soll es wirklich kalt werden und darauf habe ich ehrlich gesagt so gar keine Lust mehr.<\/p>\n<p><strong>Und zum Abschluss auch diese Woche wieder die&nbsp;<a href=\"https:\/\/scrapimpulse.com\/2023\/03\/freitagstipps-freitagsfueller-723\/\" target=\"_blank\" rel=\"noopener\">Freitagsf&#252;ller von Babara<\/a>.<\/strong><\/p>\n<article id=\"post-451\" class=\"post-451 post type-post status-publish format-standard hentry category-freitags-fueller\">\n<div class=\"post-entry\">\n<p><strong>1.<\/strong> Wenn man der Wissenschaft glaubt, <span style=\"color: #33cccc;\">sollte man trotzdem Raum f&#252;r etwas Fantasie lassen<\/span>.<br \/>\n<strong>2.<\/strong> <span style=\"color: #33cccc;\">Unser Garten und die Natur da drau&#223;en wird nun langsam aber sicher wieder mehr und mehr<\/span> gr&#252;n.<br \/>\n<strong>3.<\/strong> Geschwindigkeit<span style=\"color: #33cccc;\"> ist nicht immer alles, manchmal ist es auch wichtig Geschwindigkeit raus zu nehmen.<\/span><br \/>\n<strong>4.<\/strong> <span style=\"color: #33cccc;\">Ganz im Ernst, wer schreibt denn heutzutage noch<\/span> SMS.<br \/>\n<strong>5.<\/strong> &nbsp;Ein Kurzurlaub <span style=\"color: #33cccc;\">brauche ich vor allem immer ganz viel Meer<\/span>.<br \/>\n<strong>6.<\/strong> <span style=\"color: #33cccc;\">Ein Vollkornbr&#246;tchen<\/span> hatte ich gestern zum Abendessen.<br \/>\n<strong>7.<\/strong> Was das Wochenende angeht, heute Abend freue ich mich auf <span style=\"color: #33cccc;\">den Ferienanfang<\/span>, morgen habe ich geplant, <span style=\"color: #33cccc;\">einen richtig gro&#223;en Ausflug ganz alleine zu machen<\/span> und Sonntag m&#246;chte ich <span style=\"color: #33cccc;\">ganz viel Zeit mit den Jungs verbringen<\/span>!<\/p>\n<\/div>\n<p>Und was waren eure Wochenlieblinge diese Woche?<\/p>\n<p><small>*<strong>Anmerkung:<\/strong>&nbsp;Der Artikel &#252;ber unsere Wochenlieblinge enth&#228;lt evtl. Bilder mit Produkten, die wir in unserem Alltag nutzen oder Linkempfehlungen. Wir haben keine Bezahlung f&#252;r das Zeigen oder Nutzen derselbigen erhalten. Affiliate Links sind als solche markiert.<\/small><\/p>\n<\/article>\n","protected":false},"excerpt":{"rendered":"<p>Enth&#228;lt (unbezahlte) Werbung* Hallo Wochenende. Wie sch&#246;n, dass du in den Startl&#246;chern stehst. Diese Woche war ich vor allem eines: M&#252;de. Ich wei&#223; nicht, ob es immer noch an der Zeitumstellung lag, an dem emotional anstrengenden Wochenende oder am aktuellen Wetter, das f&#252;r mich wieder Migr&#228;ne-Potential enth&#228;lt. Das passiert bei mir h&#228;ufig, wenn das Wetter quasi alle Jahreszeiten an einem Tag mit sich bringt. Wobei man grunds&#228;tzlich sagen kann, dass es eine &#252;berschaubare Woche war und es nat&#252;rlich wieder Wochenlieblinge gab. Allgemein kann man sagen, dass die Wochen gerade zwar voll, aber nicht so megaanstrengend sind, wie es letztes Jahr um diese Zeit der Fall war. Unsere Wochenlieblinge in dieser Woche\u2026 Dennoch: Am Montag war ich vollkommen am Ende. Schon Sonntag Abend war ich total ersch&#246;pft und das zog sich bis in den Wochenanfang rein. Nachdem die Kinder versorgt, ein paar Sachen erledigt und ich selber mit Fr&#252;hst&#252;ck aufgetankt war, fiel ich f&#252;r fast 4 Stunden in einen tiefen Schlaf. Und sowas kommt echt selten bei mir vor. Ich hatte wohl einiges zu verarbeiten. Aufgrund der Ersch&#246;pfung wollte der Mann nicht, dass ich nun langsam wieder mit dem Laufen nach 2 Wochen Pause anfange. Also machte ich stattdessen am Abend eine ausgiebige Yoga Session und meditierte etwas, um innerlich einfach wieder ruhiger zu werden. Genauso wertvoll. Aber man sieht mir die Ersch&#246;pfung und Last des Wochenendes glaube ich an. Und was man mit diesem Wetter hier nun anfangen soll, das wei&#223; ich auch nicht so recht. Teilweise haben wir morgens vereiste Stra&#223;en und es schneit sogar ein wenig und am Mittag ist es manchmal fast schon sommerlich warm. Dann gab es diese Woche aber auch Hagel, Gewitter und Starkregen. Alles vertreten. Klar, dass die Schnupfnasen da noch hartn&#228;ckig bleiben wollen. Trotzdem habe ich mir etwas Fr&#252;hling ins Wohnzimmer geholt und eine neue Tagesdecke und neue Kissenbez&#252;ge angeschafft. Ich mag das, denn es bringt so eine W&#228;rme auf das Sofa? Albern? Mag sein, aber irgendwie auch wichtig f&#252;rs Wohlf&#252;hlen. F&#252;r den kleinen Sohn startet nun Runde 2 des Lesetagebuchs. Er brachte diese Woche wieder ein Heftchen zum Unterschriften sammeln mit nach Hause, so dass wir weiterhin jeden Tag 10 Minuten lesen. Aber das wollte ich eh gerne, denn ich habe das wirklich sehr genossen. Wie passend, dass Osterpost vor unserer T&#252;r stand. Ein prall gef&#252;lltes Paket mit neuem Lesestoff vom Carlsen Verlag und dazu ein bisschen Zubeh&#246;r, um ein paar Osterkekse zu backen. Ist euch eigentlich bewusst, dass n&#228;chste Woche Ostern ist? Mir war das irgendwie nicht so klar. Probetraining Runde 2 stand beim gro&#223;en Sohn diese Woche an. Nachdem es mittags regnete und gewitterte, war es p&#252;nktlich zum Training Gott sei Dank trocken und die Sonne schaute raus. Nebenbei &#252;bte der kleine Sohn jonglieren und wir philosophieren dar&#252;ber, wie das alles nun weiter gehen soll.&nbsp; Zeit f&#252;r die Freitagsfragen! Immerhin zeigt sich immer wieder auch die Sonne und es ist ab und zu mild. So recht traue ich mich aber dennoch noch nicht die Winterjacke in den Schrank zu h&#228;ngen. Auch morgen soll es wirklich kalt werden und darauf habe ich ehrlich gesagt so gar keine Lust mehr. Und zum Abschluss auch diese Woche wieder die&nbsp;Freitagsf&#252;ller von Babara. 1. Wenn man der Wissenschaft glaubt, sollte man trotzdem Raum f&#252;r etwas Fantasie lassen. 2. Unser Garten und die Natur da drau&#223;en wird nun langsam aber sicher wieder mehr und mehr gr&#252;n. 3. Geschwindigkeit ist nicht immer alles, manchmal ist es auch wichtig Geschwindigkeit raus zu nehmen. 4. Ganz im Ernst, wer schreibt denn heutzutage noch SMS. 5. &nbsp;Ein Kurzurlaub brauche ich vor allem immer ganz viel Meer. 6. Ein Vollkornbr&#246;tchen hatte ich gestern zum Abendessen. 7. Was das Wochenende angeht, heute Abend freue ich mich auf den Ferienanfang, morgen habe ich geplant, einen richtig gro&#223;en Ausflug ganz alleine zu machen und Sonntag m&#246;chte ich ganz viel Zeit mit den Jungs verbringen! Und was waren eure Wochenlieblinge diese Woche? *Anmerkung:&nbsp;Der Artikel &#252;ber unsere Wochenlieblinge enth&#228;lt evtl. Bilder mit Produkten, die wir in unserem Alltag nutzen oder Linkempfehlungen. Wir haben keine Bezahlung f&#252;r das Zeigen oder Nutzen derselbigen erhalten. Affiliate Links sind als solche markiert.<\/p>\n","protected":false},"author":1,"featured_media":57670,"comment_status":"open","ping_status":"open","sticky":false,"template":"","format":"standard","meta":{"ngg_post_thumbnail":0,"footnotes":""},"categories":[323,49],"tags":[781,45,3345,69,3125,171,81,1328,1215,1316,2161],"class_list":["post-57663","post","type-post","status-publish","format-standard","has-post-thumbnail","hentry","category-alltag","category-blogspaehre","tag-freitagslieblinge","tag-alltag","tag-erschoepfung","tag-familie","tag-freitagsfueller","tag-fussball","tag-kinder","tag-leben","tag-schule","tag-wetter","tag-wochenlieblinge"],"yoast_head":"<!-- This site is optimized with the Yoast SEO plugin v27.5 - https:\/\/yoast.com\/product\/yoast-seo-wordpress\/ -->\n<title>Unsere Wochenlieblinge 13\/2023 - Vorfreude auf 2 Wochen Auszeit<\/title>\n<meta name=\"description\" content=\"Wobei man grunds\u00e4tzlich sagen kann, dass es eine \u00fcberschaubare Woche war und es nat\u00fcrlich wieder Wochenlieblinge gab.\" \/>\n<meta name=\"robots\" content=\"index, follow, max-snippet:-1, max-image-preview:large, max-video-preview:-1\" \/>\n<link rel=\"canonical\" href=\"https:\/\/www.heldenhaushalt.de\/sari02\/index.php\/2023\/03\/31\/unsere-wochenlieblinge-132023\/\" \/>\n<meta property=\"og:locale\" content=\"de_DE\" \/>\n<meta property=\"og:type\" content=\"article\" \/>\n<meta property=\"og:title\" content=\"Unsere Wochenlieblinge 13\/2023 - Vorfreude auf 2 Wochen Auszeit\" \/>\n<meta property=\"og:description\" content=\"Wobei man grunds\u00e4tzlich sagen kann, dass es eine \u00fcberschaubare Woche war und es nat\u00fcrlich wieder Wochenlieblinge gab.\" \/>\n<meta property=\"og:url\" content=\"https:\/\/www.heldenhaushalt.de\/sari02\/index.php\/2023\/03\/31\/unsere-wochenlieblinge-132023\/\" \/>\n<meta property=\"og:site_name\" content=\"Heldenhaushalt\" \/>\n<meta property=\"article:published_time\" content=\"2023-03-31T08:12:40+00:00\" \/>\n<meta property=\"og:image\" content=\"https:\/\/www.heldenhaushalt.de\/sari02\/wp-content\/uploads\/2023\/03\/13-07.jpg\" \/>\n\t<meta property=\"og:image:width\" content=\"1000\" \/>\n\t<meta property=\"og:image:height\" content=\"723\" \/>\n\t<meta property=\"og:image:type\" content=\"image\/jpeg\" \/>\n<meta name=\"author\" content=\"Sari\" \/>\n<meta name=\"twitter:card\" content=\"summary_large_image\" \/>\n<meta name=\"twitter:creator\" content=\"@Heldenhaushalt\" \/>\n<meta name=\"twitter:site\" content=\"@Heldenhaushalt\" \/>\n<meta name=\"twitter:label1\" content=\"Verfasst von\" \/>\n\t<meta name=\"twitter:data1\" content=\"Sari\" \/>\n\t<meta name=\"twitter:label2\" content=\"Gesch\u00e4tzte Lesezeit\" \/>\n\t<meta name=\"twitter:data2\" content=\"6\u00a0Minuten\" \/>\n<script type=\"application\/ld+json\" class=\"yoast-schema-graph\">{\"@context\":\"https:\\\/\\\/schema.org\",\"@graph\":[{\"@type\":\"Article\",\"@id\":\"https:\\\/\\\/www.heldenhaushalt.de\\\/sari02\\\/index.php\\\/2023\\\/03\\\/31\\\/unsere-wochenlieblinge-132023\\\/#article\",\"isPartOf\":{\"@id\":\"https:\\\/\\\/www.heldenhaushalt.de\\\/sari02\\\/index.php\\\/2023\\\/03\\\/31\\\/unsere-wochenlieblinge-132023\\\/\"},\"author\":{\"name\":\"Sari\",\"@id\":\"https:\\\/\\\/www.heldenhaushalt.de\\\/sari02\\\/#\\\/schema\\\/person\\\/a1cc69f42a01f412eb62c151353814f6\"},\"headline\":\"Unsere Wochenlieblinge 13\\\/2023 &#8211; Vorfreude auf 2 Wochen Auszeit\",\"datePublished\":\"2023-03-31T08:12:40+00:00\",\"mainEntityOfPage\":{\"@id\":\"https:\\\/\\\/www.heldenhaushalt.de\\\/sari02\\\/index.php\\\/2023\\\/03\\\/31\\\/unsere-wochenlieblinge-132023\\\/\"},\"wordCount\":725,\"commentCount\":0,\"publisher\":{\"@id\":\"https:\\\/\\\/www.heldenhaushalt.de\\\/sari02\\\/#\\\/schema\\\/person\\\/a1cc69f42a01f412eb62c151353814f6\"},\"image\":{\"@id\":\"https:\\\/\\\/www.heldenhaushalt.de\\\/sari02\\\/index.php\\\/2023\\\/03\\\/31\\\/unsere-wochenlieblinge-132023\\\/#primaryimage\"},\"thumbnailUrl\":\"https:\\\/\\\/www.heldenhaushalt.de\\\/sari02\\\/wp-content\\\/uploads\\\/2023\\\/03\\\/13-07.jpg\",\"keywords\":[\"#Freitagslieblinge\",\"Allt\u00e4glich\",\"Ersch\u00f6pfung\",\"Familie\",\"Freitagsf\u00fcller\",\"Fu\u00dfball\",\"Kinder\",\"Leben\",\"Schule\",\"Wetter\",\"Wochenlieblinge\"],\"articleSection\":[\"Alltagschaos\",\"Blogsph\u00e4re\"],\"inLanguage\":\"de\",\"potentialAction\":[{\"@type\":\"CommentAction\",\"name\":\"Comment\",\"target\":[\"https:\\\/\\\/www.heldenhaushalt.de\\\/sari02\\\/index.php\\\/2023\\\/03\\\/31\\\/unsere-wochenlieblinge-132023\\\/#respond\"]}]},{\"@type\":\"WebPage\",\"@id\":\"https:\\\/\\\/www.heldenhaushalt.de\\\/sari02\\\/index.php\\\/2023\\\/03\\\/31\\\/unsere-wochenlieblinge-132023\\\/\",\"url\":\"https:\\\/\\\/www.heldenhaushalt.de\\\/sari02\\\/index.php\\\/2023\\\/03\\\/31\\\/unsere-wochenlieblinge-132023\\\/\",\"name\":\"Unsere Wochenlieblinge 13\\\/2023 - Vorfreude auf 2 Wochen Auszeit\",\"isPartOf\":{\"@id\":\"https:\\\/\\\/www.heldenhaushalt.de\\\/sari02\\\/#website\"},\"primaryImageOfPage\":{\"@id\":\"https:\\\/\\\/www.heldenhaushalt.de\\\/sari02\\\/index.php\\\/2023\\\/03\\\/31\\\/unsere-wochenlieblinge-132023\\\/#primaryimage\"},\"image\":{\"@id\":\"https:\\\/\\\/www.heldenhaushalt.de\\\/sari02\\\/index.php\\\/2023\\\/03\\\/31\\\/unsere-wochenlieblinge-132023\\\/#primaryimage\"},\"thumbnailUrl\":\"https:\\\/\\\/www.heldenhaushalt.de\\\/sari02\\\/wp-content\\\/uploads\\\/2023\\\/03\\\/13-07.jpg\",\"datePublished\":\"2023-03-31T08:12:40+00:00\",\"description\":\"Wobei man grunds\u00e4tzlich sagen kann, dass es eine \u00fcberschaubare Woche war und es nat\u00fcrlich wieder Wochenlieblinge gab.\",\"breadcrumb\":{\"@id\":\"https:\\\/\\\/www.heldenhaushalt.de\\\/sari02\\\/index.php\\\/2023\\\/03\\\/31\\\/unsere-wochenlieblinge-132023\\\/#breadcrumb\"},\"inLanguage\":\"de\",\"potentialAction\":[{\"@type\":\"ReadAction\",\"target\":[\"https:\\\/\\\/www.heldenhaushalt.de\\\/sari02\\\/index.php\\\/2023\\\/03\\\/31\\\/unsere-wochenlieblinge-132023\\\/\"]}]},{\"@type\":\"ImageObject\",\"inLanguage\":\"de\",\"@id\":\"https:\\\/\\\/www.heldenhaushalt.de\\\/sari02\\\/index.php\\\/2023\\\/03\\\/31\\\/unsere-wochenlieblinge-132023\\\/#primaryimage\",\"url\":\"https:\\\/\\\/www.heldenhaushalt.de\\\/sari02\\\/wp-content\\\/uploads\\\/2023\\\/03\\\/13-07.jpg\",\"contentUrl\":\"https:\\\/\\\/www.heldenhaushalt.de\\\/sari02\\\/wp-content\\\/uploads\\\/2023\\\/03\\\/13-07.jpg\",\"width\":1000,\"height\":723,\"caption\":\"Wochenlieblinge\"},{\"@type\":\"BreadcrumbList\",\"@id\":\"https:\\\/\\\/www.heldenhaushalt.de\\\/sari02\\\/index.php\\\/2023\\\/03\\\/31\\\/unsere-wochenlieblinge-132023\\\/#breadcrumb\",\"itemListElement\":[{\"@type\":\"ListItem\",\"position\":1,\"name\":\"Startseite\",\"item\":\"https:\\\/\\\/www.heldenhaushalt.de\\\/sari02\\\/\"},{\"@type\":\"ListItem\",\"position\":2,\"name\":\"Unsere Wochenlieblinge 13\\\/2023 &#8211; Vorfreude auf 2 Wochen Auszeit\"}]},{\"@type\":\"WebSite\",\"@id\":\"https:\\\/\\\/www.heldenhaushalt.de\\\/sari02\\\/#website\",\"url\":\"https:\\\/\\\/www.heldenhaushalt.de\\\/sari02\\\/\",\"name\":\"Heldenhaushalt\",\"description\":\"Wer es ordentlich haben will, der muss vorher anrufen\",\"publisher\":{\"@id\":\"https:\\\/\\\/www.heldenhaushalt.de\\\/sari02\\\/#\\\/schema\\\/person\\\/a1cc69f42a01f412eb62c151353814f6\"},\"potentialAction\":[{\"@type\":\"SearchAction\",\"target\":{\"@type\":\"EntryPoint\",\"urlTemplate\":\"https:\\\/\\\/www.heldenhaushalt.de\\\/sari02\\\/?s={search_term_string}\"},\"query-input\":{\"@type\":\"PropertyValueSpecification\",\"valueRequired\":true,\"valueName\":\"search_term_string\"}}],\"inLanguage\":\"de\"},{\"@type\":[\"Person\",\"Organization\"],\"@id\":\"https:\\\/\\\/www.heldenhaushalt.de\\\/sari02\\\/#\\\/schema\\\/person\\\/a1cc69f42a01f412eb62c151353814f6\",\"name\":\"Sari\",\"image\":{\"@type\":\"ImageObject\",\"inLanguage\":\"de\",\"@id\":\"https:\\\/\\\/www.heldenhaushalt.de\\\/sari02\\\/wp-content\\\/uploads\\\/2019\\\/02\\\/sari-april2018.png\",\"url\":\"https:\\\/\\\/www.heldenhaushalt.de\\\/sari02\\\/wp-content\\\/uploads\\\/2019\\\/02\\\/sari-april2018.png\",\"contentUrl\":\"https:\\\/\\\/www.heldenhaushalt.de\\\/sari02\\\/wp-content\\\/uploads\\\/2019\\\/02\\\/sari-april2018.png\",\"width\":500,\"height\":500,\"caption\":\"Sari\"},\"logo\":{\"@id\":\"https:\\\/\\\/www.heldenhaushalt.de\\\/sari02\\\/wp-content\\\/uploads\\\/2019\\\/02\\\/sari-april2018.png\"},\"description\":\"Frau Mondgras \u2013 Das bin ich, Sari. Gerne auch als Sari Mondgras bekannt und im Internet zu finden. 2-Fach-Mutter, Heldenehefrau, Kreativling, Harmonies\u00fcchtig und st\u00e4ndig auf der Suche nach Gl\u00fcck. Ich komme aus Berlin, bin hier aufgewachsen und lebe hier seit ich denken kann.\",\"sameAs\":[\"https:\\\/\\\/www.instagram.com\\\/heldenhaushalt\\\/\"],\"url\":\"https:\\\/\\\/www.heldenhaushalt.de\\\/sari02\\\/index.php\\\/author\\\/admin\\\/\"}]}<\/script>\n<!-- \/ Yoast SEO plugin. -->","yoast_head_json":{"title":"Unsere Wochenlieblinge 13\/2023 - Vorfreude auf 2 Wochen Auszeit","description":"Wobei man grunds\u00e4tzlich sagen kann, dass es eine \u00fcberschaubare Woche war und es nat\u00fcrlich wieder Wochenlieblinge gab.","robots":{"index":"index","follow":"follow","max-snippet":"max-snippet:-1","max-image-preview":"max-image-preview:large","max-video-preview":"max-video-preview:-1"},"canonical":"https:\/\/www.heldenhaushalt.de\/sari02\/index.php\/2023\/03\/31\/unsere-wochenlieblinge-132023\/","og_locale":"de_DE","og_type":"article","og_title":"Unsere Wochenlieblinge 13\/2023 - Vorfreude auf 2 Wochen Auszeit","og_description":"Wobei man grunds\u00e4tzlich sagen kann, dass es eine \u00fcberschaubare Woche war und es nat\u00fcrlich wieder Wochenlieblinge gab.","og_url":"https:\/\/www.heldenhaushalt.de\/sari02\/index.php\/2023\/03\/31\/unsere-wochenlieblinge-132023\/","og_site_name":"Heldenhaushalt","article_published_time":"2023-03-31T08:12:40+00:00","og_image":[{"width":1000,"height":723,"url":"https:\/\/www.heldenhaushalt.de\/sari02\/wp-content\/uploads\/2023\/03\/13-07.jpg","type":"image\/jpeg"}],"author":"Sari","twitter_card":"summary_large_image","twitter_creator":"@Heldenhaushalt","twitter_site":"@Heldenhaushalt","twitter_misc":{"Verfasst von":"Sari","Gesch\u00e4tzte Lesezeit":"6\u00a0Minuten"},"schema":{"@context":"https:\/\/schema.org","@graph":[{"@type":"Article","@id":"https:\/\/www.heldenhaushalt.de\/sari02\/index.php\/2023\/03\/31\/unsere-wochenlieblinge-132023\/#article","isPartOf":{"@id":"https:\/\/www.heldenhaushalt.de\/sari02\/index.php\/2023\/03\/31\/unsere-wochenlieblinge-132023\/"},"author":{"name":"Sari","@id":"https:\/\/www.heldenhaushalt.de\/sari02\/#\/schema\/person\/a1cc69f42a01f412eb62c151353814f6"},"headline":"Unsere Wochenlieblinge 13\/2023 &#8211; Vorfreude auf 2 Wochen Auszeit","datePublished":"2023-03-31T08:12:40+00:00","mainEntityOfPage":{"@id":"https:\/\/www.heldenhaushalt.de\/sari02\/index.php\/2023\/03\/31\/unsere-wochenlieblinge-132023\/"},"wordCount":725,"commentCount":0,"publisher":{"@id":"https:\/\/www.heldenhaushalt.de\/sari02\/#\/schema\/person\/a1cc69f42a01f412eb62c151353814f6"},"image":{"@id":"https:\/\/www.heldenhaushalt.de\/sari02\/index.php\/2023\/03\/31\/unsere-wochenlieblinge-132023\/#primaryimage"},"thumbnailUrl":"https:\/\/www.heldenhaushalt.de\/sari02\/wp-content\/uploads\/2023\/03\/13-07.jpg","keywords":["#Freitagslieblinge","Allt\u00e4glich","Ersch\u00f6pfung","Familie","Freitagsf\u00fcller","Fu\u00dfball","Kinder","Leben","Schule","Wetter","Wochenlieblinge"],"articleSection":["Alltagschaos","Blogsph\u00e4re"],"inLanguage":"de","potentialAction":[{"@type":"CommentAction","name":"Comment","target":["https:\/\/www.heldenhaushalt.de\/sari02\/index.php\/2023\/03\/31\/unsere-wochenlieblinge-132023\/#respond"]}]},{"@type":"WebPage","@id":"https:\/\/www.heldenhaushalt.de\/sari02\/index.php\/2023\/03\/31\/unsere-wochenlieblinge-132023\/","url":"https:\/\/www.heldenhaushalt.de\/sari02\/index.php\/2023\/03\/31\/unsere-wochenlieblinge-132023\/","name":"Unsere Wochenlieblinge 13\/2023 - Vorfreude auf 2 Wochen Auszeit","isPartOf":{"@id":"https:\/\/www.heldenhaushalt.de\/sari02\/#website"},"primaryImageOfPage":{"@id":"https:\/\/www.heldenhaushalt.de\/sari02\/index.php\/2023\/03\/31\/unsere-wochenlieblinge-132023\/#primaryimage"},"image":{"@id":"https:\/\/www.heldenhaushalt.de\/sari02\/index.php\/2023\/03\/31\/unsere-wochenlieblinge-132023\/#primaryimage"},"thumbnailUrl":"https:\/\/www.heldenhaushalt.de\/sari02\/wp-content\/uploads\/2023\/03\/13-07.jpg","datePublished":"2023-03-31T08:12:40+00:00","description":"Wobei man grunds\u00e4tzlich sagen kann, dass es eine \u00fcberschaubare Woche war und es nat\u00fcrlich wieder Wochenlieblinge gab.","breadcrumb":{"@id":"https:\/\/www.heldenhaushalt.de\/sari02\/index.php\/2023\/03\/31\/unsere-wochenlieblinge-132023\/#breadcrumb"},"inLanguage":"de","potentialAction":[{"@type":"ReadAction","target":["https:\/\/www.heldenhaushalt.de\/sari02\/index.php\/2023\/03\/31\/unsere-wochenlieblinge-132023\/"]}]},{"@type":"ImageObject","inLanguage":"de","@id":"https:\/\/www.heldenhaushalt.de\/sari02\/index.php\/2023\/03\/31\/unsere-wochenlieblinge-132023\/#primaryimage","url":"https:\/\/www.heldenhaushalt.de\/sari02\/wp-content\/uploads\/2023\/03\/13-07.jpg","contentUrl":"https:\/\/www.heldenhaushalt.de\/sari02\/wp-content\/uploads\/2023\/03\/13-07.jpg","width":1000,"height":723,"caption":"Wochenlieblinge"},{"@type":"BreadcrumbList","@id":"https:\/\/www.heldenhaushalt.de\/sari02\/index.php\/2023\/03\/31\/unsere-wochenlieblinge-132023\/#breadcrumb","itemListElement":[{"@type":"ListItem","position":1,"name":"Startseite","item":"https:\/\/www.heldenhaushalt.de\/sari02\/"},{"@type":"ListItem","position":2,"name":"Unsere Wochenlieblinge 13\/2023 &#8211; Vorfreude auf 2 Wochen Auszeit"}]},{"@type":"WebSite","@id":"https:\/\/www.heldenhaushalt.de\/sari02\/#website","url":"https:\/\/www.heldenhaushalt.de\/sari02\/","name":"Heldenhaushalt","description":"Wer es ordentlich haben will, der muss vorher anrufen","publisher":{"@id":"https:\/\/www.heldenhaushalt.de\/sari02\/#\/schema\/person\/a1cc69f42a01f412eb62c151353814f6"},"potentialAction":[{"@type":"SearchAction","target":{"@type":"EntryPoint","urlTemplate":"https:\/\/www.heldenhaushalt.de\/sari02\/?s={search_term_string}"},"query-input":{"@type":"PropertyValueSpecification","valueRequired":true,"valueName":"search_term_string"}}],"inLanguage":"de"},{"@type":["Person","Organization"],"@id":"https:\/\/www.heldenhaushalt.de\/sari02\/#\/schema\/person\/a1cc69f42a01f412eb62c151353814f6","name":"Sari","image":{"@type":"ImageObject","inLanguage":"de","@id":"https:\/\/www.heldenhaushalt.de\/sari02\/wp-content\/uploads\/2019\/02\/sari-april2018.png","url":"https:\/\/www.heldenhaushalt.de\/sari02\/wp-content\/uploads\/2019\/02\/sari-april2018.png","contentUrl":"https:\/\/www.heldenhaushalt.de\/sari02\/wp-content\/uploads\/2019\/02\/sari-april2018.png","width":500,"height":500,"caption":"Sari"},"logo":{"@id":"https:\/\/www.heldenhaushalt.de\/sari02\/wp-content\/uploads\/2019\/02\/sari-april2018.png"},"description":"Frau Mondgras \u2013 Das bin ich, Sari. Gerne auch als Sari Mondgras bekannt und im Internet zu finden. 2-Fach-Mutter, Heldenehefrau, Kreativling, Harmonies\u00fcchtig und st\u00e4ndig auf der Suche nach Gl\u00fcck. Ich komme aus Berlin, bin hier aufgewachsen und lebe hier seit ich denken kann.","sameAs":["https:\/\/www.instagram.com\/heldenhaushalt\/"],"url":"https:\/\/www.heldenhaushalt.de\/sari02\/index.php\/author\/admin\/"}]}},"views":1195,"_links":{"self":[{"href":"https:\/\/www.heldenhaushalt.de\/sari02\/index.php\/wp-json\/wp\/v2\/posts\/57663","targetHints":{"allow":["GET"]}}],"collection":[{"href":"https:\/\/www.heldenhaushalt.de\/sari02\/index.php\/wp-json\/wp\/v2\/posts"}],"about":[{"href":"https:\/\/www.heldenhaushalt.de\/sari02\/index.php\/wp-json\/wp\/v2\/types\/post"}],"author":[{"embeddable":true,"href":"https:\/\/www.heldenhaushalt.de\/sari02\/index.php\/wp-json\/wp\/v2\/users\/1"}],"replies":[{"embeddable":true,"href":"https:\/\/www.heldenhaushalt.de\/sari02\/index.php\/wp-json\/wp\/v2\/comments?post=57663"}],"version-history":[{"count":2,"href":"https:\/\/www.heldenhaushalt.de\/sari02\/index.php\/wp-json\/wp\/v2\/posts\/57663\/revisions"}],"predecessor-version":[{"id":57673,"href":"https:\/\/www.heldenhaushalt.de\/sari02\/index.php\/wp-json\/wp\/v2\/posts\/57663\/revisions\/57673"}],"wp:featuredmedia":[{"embeddable":true,"href":"https:\/\/www.heldenhaushalt.de\/sari02\/index.php\/wp-json\/wp\/v2\/media\/57670"}],"wp:attachment":[{"href":"https:\/\/www.heldenhaushalt.de\/sari02\/index.php\/wp-json\/wp\/v2\/media?parent=57663"}],"wp:term":[{"taxonomy":"category","embeddable":true,"href":"https:\/\/www.heldenhaushalt.de\/sari02\/index.php\/wp-json\/wp\/v2\/categories?post=57663"},{"taxonomy":"post_tag","embeddable":true,"href":"https:\/\/www.heldenhaushalt.de\/sari02\/index.php\/wp-json\/wp\/v2\/tags?post=57663"}],"curies":[{"name":"wp","href":"https:\/\/api.w.org\/{rel}","templated":true}]}}