{"id":57882,"date":"2023-04-28T11:26:20","date_gmt":"2023-04-28T09:26:20","guid":{"rendered":"https:\/\/www.heldenhaushalt.de\/sari02\/?p=57882"},"modified":"2023-04-28T11:26:20","modified_gmt":"2023-04-28T09:26:20","slug":"unsere-wochenlieblinge-172023","status":"publish","type":"post","link":"https:\/\/www.heldenhaushalt.de\/sari02\/index.php\/2023\/04\/28\/unsere-wochenlieblinge-172023\/","title":{"rendered":"Unsere Wochenlieblinge 17\/2023 &#8211; Einfach irgendwie Alltag"},"content":{"rendered":"<p style=\"text-align: right;\"><small>Enth&#228;lt (unbezahlte) Werbung*<\/small><\/p>\n<p>Soooo, dieses mal denke ich wieder an die Wochenlieblinge, auch wenn ich zeitlich etwas sp&#228;t dran bin und noch einige To-Dos heute auf mich warten. Aber ihr kennt das, wem erz&#228;hle ich das. Die Woche war&#8230; &#252;berschaubar. Sie hielt keine b&#246;sen &#220;berraschungen f&#252;r uns bereit, au&#223;er dass der gro&#223;e Sohn einen Tag mit einer Verletzung aus der Schule nach Hause kam und deshalb ein Training ausfallen lassen musste. Aber das hat sich nach zwei Tagen K&#252;hlen und Ruhen wieder in den Griff bekommen lassen.&nbsp;<\/p>\n<h2>Unsere Wochenlieblinge in dieser Woche\u2026<\/h2>\n<p><img loading=\"lazy\" decoding=\"async\" class=\"alignnone size-full wp-image-57883\" src=\"https:\/\/www.heldenhaushalt.de\/sari02\/wp-content\/uploads\/2023\/04\/17-01.jpg\" alt=\"Katzen\" width=\"1000\" height=\"677\" srcset=\"https:\/\/www.heldenhaushalt.de\/sari02\/wp-content\/uploads\/2023\/04\/17-01.jpg 1000w, https:\/\/www.heldenhaushalt.de\/sari02\/wp-content\/uploads\/2023\/04\/17-01-300x203.jpg 300w, https:\/\/www.heldenhaushalt.de\/sari02\/wp-content\/uploads\/2023\/04\/17-01-768x520.jpg 768w, https:\/\/www.heldenhaushalt.de\/sari02\/wp-content\/uploads\/2023\/04\/17-01-89x60.jpg 89w, https:\/\/www.heldenhaushalt.de\/sari02\/wp-content\/uploads\/2023\/04\/17-01-460x310.jpg 460w\" sizes=\"auto, (max-width: 1000px) 100vw, 1000px\" \/><\/p>\n<p>Diese Woche stand Betten beziehen und absaugen auf dem Plan. Besonders beim gro&#223;en Sohn hole ich regelm&#228;&#223;ig den Milbensauger heraus, da bei ihm wohl eine Milbenallergie im Anfangsstadium auf dem Plan steht und er das recht schnell im Hals merkt. Daher hei&#223;t es immer Betten voll ausl&#252;ften, reinigen und eben mit diesem speziellen Sauger absaugen und meist ist es dann auch schnell wieder besser. Die Katzen genie&#223;en das frisch bezogene Bett, auf das fast den ganzen Tag die Sonne scheint, wenn sie denn da ist, sehr.<\/p>\n<p><img loading=\"lazy\" decoding=\"async\" class=\"alignnone size-full wp-image-57885\" src=\"https:\/\/www.heldenhaushalt.de\/sari02\/wp-content\/uploads\/2023\/04\/17-03.jpg\" alt=\"Wochenlieblinge\" width=\"1000\" height=\"697\" srcset=\"https:\/\/www.heldenhaushalt.de\/sari02\/wp-content\/uploads\/2023\/04\/17-03.jpg 1000w, https:\/\/www.heldenhaushalt.de\/sari02\/wp-content\/uploads\/2023\/04\/17-03-300x209.jpg 300w, https:\/\/www.heldenhaushalt.de\/sari02\/wp-content\/uploads\/2023\/04\/17-03-768x535.jpg 768w, https:\/\/www.heldenhaushalt.de\/sari02\/wp-content\/uploads\/2023\/04\/17-03-86x60.jpg 86w\" sizes=\"auto, (max-width: 1000px) 100vw, 1000px\" \/><\/p>\n<p>Einen Tag in der Woche war ich mit den Jungs shoppen. Ohne Papa. Der hatte eine sehr langen Arbeitstag. Wir stiegen am Nachmittag in den Zug, fuhren drei Stationen und suchten einen Fanshop ihres Lieblingsvereins auf. Es gab neue Trainingshosen und Oberteile und Mama war ein ganzes St&#252;ck &#228;rmer danach. Aber die Klamotten wollen beim letzten Heimspiel getragen werden, bei dem wir voraussichtlich im Stadion sein werden und wie hei&#223;t es so sch&#246;n: &#8220;Liebe kennt keine Liga&#8221; oder so &#228;hnlich&#8230;<\/p>\n<p><img loading=\"lazy\" decoding=\"async\" class=\"alignnone size-full wp-image-57886\" src=\"https:\/\/www.heldenhaushalt.de\/sari02\/wp-content\/uploads\/2023\/04\/17-04.jpg\" alt=\"Lesen\" width=\"1000\" height=\"771\" srcset=\"https:\/\/www.heldenhaushalt.de\/sari02\/wp-content\/uploads\/2023\/04\/17-04.jpg 1000w, https:\/\/www.heldenhaushalt.de\/sari02\/wp-content\/uploads\/2023\/04\/17-04-300x231.jpg 300w, https:\/\/www.heldenhaushalt.de\/sari02\/wp-content\/uploads\/2023\/04\/17-04-768x592.jpg 768w, https:\/\/www.heldenhaushalt.de\/sari02\/wp-content\/uploads\/2023\/04\/17-04-78x60.jpg 78w\" sizes=\"auto, (max-width: 1000px) 100vw, 1000px\" \/><\/p>\n<p>Der kleine Sohn und ich lesen nach wie vor flei&#223;ig. Immerhin will er auch den zweiten Lesek&#246;nig Plan voll bekommen und er merkt ja auch selber, wie einfacher es wird zu lesen. Es wird in jedem Fall immer fl&#252;ssiger und besser. Aktuell lesen wir den zweiten Band von &#8220;<a href=\"https:\/\/amzn.to\/3LbrjnL\" target=\"_blank\" rel=\"nofollow noopener\">Das Dorf<\/a>&#8221; <small>(Affiliate Link)<\/small>. Wenig Text, viele Bilder, fast wie ein Comic.&nbsp;<\/p>\n<p><img loading=\"lazy\" decoding=\"async\" class=\"alignnone size-full wp-image-57887\" src=\"https:\/\/www.heldenhaushalt.de\/sari02\/wp-content\/uploads\/2023\/04\/17-05.jpg\" alt=\"Fu&#223;ball\" width=\"1000\" height=\"732\" srcset=\"https:\/\/www.heldenhaushalt.de\/sari02\/wp-content\/uploads\/2023\/04\/17-05.jpg 1000w, https:\/\/www.heldenhaushalt.de\/sari02\/wp-content\/uploads\/2023\/04\/17-05-300x220.jpg 300w, https:\/\/www.heldenhaushalt.de\/sari02\/wp-content\/uploads\/2023\/04\/17-05-768x562.jpg 768w, https:\/\/www.heldenhaushalt.de\/sari02\/wp-content\/uploads\/2023\/04\/17-05-82x60.jpg 82w\" sizes=\"auto, (max-width: 1000px) 100vw, 1000px\" \/><\/p>\n<p>Der kleine Sohn hatte diese Woche <a href=\"https:\/\/www.heldenhaushalt.de\/sari02\/index.php\/2023\/04\/17\/unser-wib-am-15-16-04-2023\/\">eine Art Zusatztraining<\/a>. Je nachdem, wie es l&#228;uft, wird er dieses wohl noch &#246;fter haben. Wir sind gespannt und vollkommen unsicher, was das alles angeht. Es macht ihm Spa&#223;, aber es ist auch deutlich herausfordernder, als das, was er bisher so hatte. Ich hoffe, er profitiert davon, aber vor allem soll er Spa&#223; haben und die Atmosph&#228;re genie&#223;en. Aber was daraus nun wird&#8230; lassen wir uns &#252;berraschen.<\/p>\n<p><img loading=\"lazy\" decoding=\"async\" class=\"alignnone size-full wp-image-57888\" src=\"https:\/\/www.heldenhaushalt.de\/sari02\/wp-content\/uploads\/2023\/04\/17-06.jpg\" alt=\"Wochenlieblinge\" width=\"1000\" height=\"732\" srcset=\"https:\/\/www.heldenhaushalt.de\/sari02\/wp-content\/uploads\/2023\/04\/17-06.jpg 1000w, https:\/\/www.heldenhaushalt.de\/sari02\/wp-content\/uploads\/2023\/04\/17-06-300x220.jpg 300w, https:\/\/www.heldenhaushalt.de\/sari02\/wp-content\/uploads\/2023\/04\/17-06-768x562.jpg 768w, https:\/\/www.heldenhaushalt.de\/sari02\/wp-content\/uploads\/2023\/04\/17-06-82x60.jpg 82w\" sizes=\"auto, (max-width: 1000px) 100vw, 1000px\" \/><\/p>\n<p>Nun starten wir in ein langes Wochenende. Davon werden wir scheinbar in n&#228;chster Zeit ja noch &#246;fter welche haben. Der gro&#223;e Sohn kann inzwischen auch wieder so gut wie normal laufen und der kleine Sohn freut sich vor allem &#252;ber das sch&#246;ne Wetter. Am Wochenende steht f&#252;r jedes Kind ein Staffelspiel an, wir sind auf ein Fest eingeladen, Kontaktfeuer ist auch das erste Mal seit Jahren wieder und wir wollen grillen. Ja, da kann man morgens durchaus auch mal gut gelaunt aus dem Haus gehen und sich auf die n&#228;chsten Tage freuen.<\/p>\n<h2>Zeit f&#252;r die Freitagsfragen!<\/h2>\n<p><strong>Und zum Abschluss auch diese Woche wieder die&nbsp;<a href=\"https:\/\/scrapimpulse.com\/2023\/04\/freitagstipps-und-freitagsfueller-727\/\" target=\"_blank\" rel=\"noopener\">Freitagsf&#252;ller von Babara<\/a>.<\/strong><\/p>\n<p><strong>1.<\/strong> 1993 <span style=\"color: #33cccc;\">war ich 10 Jahre alt<\/span>.<br \/>\n<strong>2.<\/strong> <span style=\"color: #33cccc;\">Manches aus meiner Teenager Zeit wiederhole ich<\/span> besser nicht.<br \/>\n<strong>3.<\/strong> Gestern Abend habe ich zum Abendessen <span style=\"color: #33cccc;\">nichts gegessen, denn ich faste derzeit 16\/8<\/span>.<br \/>\n<strong>4.<\/strong> Liebe <span style=\"color: #33cccc;\">Maru<\/span>, ich m&#246;chte dass du weisst, <span style=\"color: #33cccc;\">dass du das alles ganz toll machst<\/span>.<br \/>\n<strong>5.<\/strong> &#220;ber <span style=\"color: #33cccc;\">wirklich sehr banale Witze<\/span> k&#246;nnte ich herzhaft lachen.<br \/>\n<strong>6.<\/strong> <span style=\"color: #33cccc;\">Manchmal zweifelt man in bestimmten Situationen<\/span> und ich sage: warum nicht?<br \/>\n<strong>7.<\/strong> Was das Wochenende angeht, heute Abend freue ich mich <span style=\"color: #33cccc;\">auf einen guten Film<\/span>, morgen habe ich geplant, <span style=\"color: #33cccc;\">mal wieder fast den ganzen Tag auf dem Fu&#223;ballplatz zu verbringen<\/span> und Sonntag m&#246;chte ich <span style=\"color: #33cccc;\">mit lieben Menschen Belthane feiern<\/span>!<\/p>\n<p>Und was waren eure Wochenlieblinge diese Woche?<\/p>\n<p><small>*<strong>Anmerkung:<\/strong>&nbsp;Der Artikel &#252;ber unsere Wochenlieblinge enth&#228;lt evtl. Bilder mit Produkten, die wir in unserem Alltag nutzen oder Linkempfehlungen. Wir haben keine Bezahlung f&#252;r das Zeigen oder Nutzen derselbigen erhalten. Affiliate Links sind als solche markiert.<\/small><\/p>\n","protected":false},"excerpt":{"rendered":"<p>Enth&#228;lt (unbezahlte) Werbung* Soooo, dieses mal denke ich wieder an die Wochenlieblinge, auch wenn ich zeitlich etwas sp&#228;t dran bin und noch einige To-Dos heute auf mich warten. Aber ihr kennt das, wem erz&#228;hle ich das. Die Woche war&#8230; &#252;berschaubar. Sie hielt keine b&#246;sen &#220;berraschungen f&#252;r uns bereit, au&#223;er dass der gro&#223;e Sohn einen Tag mit einer Verletzung aus der Schule nach Hause kam und deshalb ein Training ausfallen lassen musste. Aber das hat sich nach zwei Tagen K&#252;hlen und Ruhen wieder in den Griff bekommen lassen.&nbsp; Unsere Wochenlieblinge in dieser Woche\u2026 Diese Woche stand Betten beziehen und absaugen auf dem Plan. Besonders beim gro&#223;en Sohn hole ich regelm&#228;&#223;ig den Milbensauger heraus, da bei ihm wohl eine Milbenallergie im Anfangsstadium auf dem Plan steht und er das recht schnell im Hals merkt. Daher hei&#223;t es immer Betten voll ausl&#252;ften, reinigen und eben mit diesem speziellen Sauger absaugen und meist ist es dann auch schnell wieder besser. Die Katzen genie&#223;en das frisch bezogene Bett, auf das fast den ganzen Tag die Sonne scheint, wenn sie denn da ist, sehr. Einen Tag in der Woche war ich mit den Jungs shoppen. Ohne Papa. Der hatte eine sehr langen Arbeitstag. Wir stiegen am Nachmittag in den Zug, fuhren drei Stationen und suchten einen Fanshop ihres Lieblingsvereins auf. Es gab neue Trainingshosen und Oberteile und Mama war ein ganzes St&#252;ck &#228;rmer danach. Aber die Klamotten wollen beim letzten Heimspiel getragen werden, bei dem wir voraussichtlich im Stadion sein werden und wie hei&#223;t es so sch&#246;n: &#8220;Liebe kennt keine Liga&#8221; oder so &#228;hnlich&#8230; Der kleine Sohn und ich lesen nach wie vor flei&#223;ig. Immerhin will er auch den zweiten Lesek&#246;nig Plan voll bekommen und er merkt ja auch selber, wie einfacher es wird zu lesen. Es wird in jedem Fall immer fl&#252;ssiger und besser. Aktuell lesen wir den zweiten Band von &#8220;Das Dorf&#8221; (Affiliate Link). Wenig Text, viele Bilder, fast wie ein Comic.&nbsp; Der kleine Sohn hatte diese Woche eine Art Zusatztraining. Je nachdem, wie es l&#228;uft, wird er dieses wohl noch &#246;fter haben. Wir sind gespannt und vollkommen unsicher, was das alles angeht. Es macht ihm Spa&#223;, aber es ist auch deutlich herausfordernder, als das, was er bisher so hatte. Ich hoffe, er profitiert davon, aber vor allem soll er Spa&#223; haben und die Atmosph&#228;re genie&#223;en. Aber was daraus nun wird&#8230; lassen wir uns &#252;berraschen. Nun starten wir in ein langes Wochenende. Davon werden wir scheinbar in n&#228;chster Zeit ja noch &#246;fter welche haben. Der gro&#223;e Sohn kann inzwischen auch wieder so gut wie normal laufen und der kleine Sohn freut sich vor allem &#252;ber das sch&#246;ne Wetter. Am Wochenende steht f&#252;r jedes Kind ein Staffelspiel an, wir sind auf ein Fest eingeladen, Kontaktfeuer ist auch das erste Mal seit Jahren wieder und wir wollen grillen. Ja, da kann man morgens durchaus auch mal gut gelaunt aus dem Haus gehen und sich auf die n&#228;chsten Tage freuen. Zeit f&#252;r die Freitagsfragen! Und zum Abschluss auch diese Woche wieder die&nbsp;Freitagsf&#252;ller von Babara. 1. 1993 war ich 10 Jahre alt. 2. Manches aus meiner Teenager Zeit wiederhole ich besser nicht. 3. Gestern Abend habe ich zum Abendessen nichts gegessen, denn ich faste derzeit 16\/8. 4. Liebe Maru, ich m&#246;chte dass du weisst, dass du das alles ganz toll machst. 5. &#220;ber wirklich sehr banale Witze k&#246;nnte ich herzhaft lachen. 6. Manchmal zweifelt man in bestimmten Situationen und ich sage: warum nicht? 7. Was das Wochenende angeht, heute Abend freue ich mich auf einen guten Film, morgen habe ich geplant, mal wieder fast den ganzen Tag auf dem Fu&#223;ballplatz zu verbringen und Sonntag m&#246;chte ich mit lieben Menschen Belthane feiern! Und was waren eure Wochenlieblinge diese Woche? *Anmerkung:&nbsp;Der Artikel &#252;ber unsere Wochenlieblinge enth&#228;lt evtl. Bilder mit Produkten, die wir in unserem Alltag nutzen oder Linkempfehlungen. Wir haben keine Bezahlung f&#252;r das Zeigen oder Nutzen derselbigen erhalten. Affiliate Links sind als solche markiert.<\/p>\n","protected":false},"author":1,"featured_media":57884,"comment_status":"open","ping_status":"open","sticky":false,"template":"","format":"standard","meta":{"ngg_post_thumbnail":0,"footnotes":""},"categories":[323,49],"tags":[781,45,69,3125,81,199,872,2161],"class_list":["post-57882","post","type-post","status-publish","format-standard","has-post-thumbnail","hentry","category-alltag","category-blogspaehre","tag-freitagslieblinge","tag-alltag","tag-familie","tag-freitagsfueller","tag-kinder","tag-rueckblick","tag-woche","tag-wochenlieblinge"],"yoast_head":"<!-- This site is optimized with the Yoast SEO plugin v27.5 - https:\/\/yoast.com\/product\/yoast-seo-wordpress\/ -->\n<title>Unsere Wochenlieblinge 17\/2023 - Einfach irgendwie Alltag<\/title>\n<meta name=\"description\" content=\"Soooo, dieses mal denke ich wieder an die Wochenlieblinge, auch wenn ich zeitlich etwas sp\u00e4t dran bin und noch einige To-Dos...\" \/>\n<meta name=\"robots\" content=\"index, follow, max-snippet:-1, max-image-preview:large, max-video-preview:-1\" \/>\n<link rel=\"canonical\" href=\"https:\/\/www.heldenhaushalt.de\/sari02\/index.php\/2023\/04\/28\/unsere-wochenlieblinge-172023\/\" \/>\n<meta property=\"og:locale\" content=\"de_DE\" \/>\n<meta property=\"og:type\" content=\"article\" \/>\n<meta property=\"og:title\" content=\"Unsere Wochenlieblinge 17\/2023 - Einfach irgendwie Alltag\" \/>\n<meta property=\"og:description\" content=\"Soooo, dieses mal denke ich wieder an die Wochenlieblinge, auch wenn ich zeitlich etwas sp\u00e4t dran bin und noch einige To-Dos...\" \/>\n<meta property=\"og:url\" content=\"https:\/\/www.heldenhaushalt.de\/sari02\/index.php\/2023\/04\/28\/unsere-wochenlieblinge-172023\/\" \/>\n<meta property=\"og:site_name\" content=\"Heldenhaushalt\" \/>\n<meta property=\"article:published_time\" content=\"2023-04-28T09:26:20+00:00\" \/>\n<meta property=\"og:image\" content=\"https:\/\/www.heldenhaushalt.de\/sari02\/wp-content\/uploads\/2023\/04\/17-02.jpg\" \/>\n\t<meta property=\"og:image:width\" content=\"1000\" \/>\n\t<meta property=\"og:image:height\" content=\"714\" \/>\n\t<meta property=\"og:image:type\" content=\"image\/jpeg\" \/>\n<meta name=\"author\" content=\"Sari\" \/>\n<meta name=\"twitter:card\" content=\"summary_large_image\" \/>\n<meta name=\"twitter:creator\" content=\"@Heldenhaushalt\" \/>\n<meta name=\"twitter:site\" content=\"@Heldenhaushalt\" \/>\n<meta name=\"twitter:label1\" content=\"Verfasst von\" \/>\n\t<meta name=\"twitter:data1\" content=\"Sari\" \/>\n\t<meta name=\"twitter:label2\" content=\"Gesch\u00e4tzte Lesezeit\" \/>\n\t<meta name=\"twitter:data2\" content=\"5\u00a0Minuten\" \/>\n<script type=\"application\/ld+json\" class=\"yoast-schema-graph\">{\"@context\":\"https:\\\/\\\/schema.org\",\"@graph\":[{\"@type\":\"Article\",\"@id\":\"https:\\\/\\\/www.heldenhaushalt.de\\\/sari02\\\/index.php\\\/2023\\\/04\\\/28\\\/unsere-wochenlieblinge-172023\\\/#article\",\"isPartOf\":{\"@id\":\"https:\\\/\\\/www.heldenhaushalt.de\\\/sari02\\\/index.php\\\/2023\\\/04\\\/28\\\/unsere-wochenlieblinge-172023\\\/\"},\"author\":{\"name\":\"Sari\",\"@id\":\"https:\\\/\\\/www.heldenhaushalt.de\\\/sari02\\\/#\\\/schema\\\/person\\\/a1cc69f42a01f412eb62c151353814f6\"},\"headline\":\"Unsere Wochenlieblinge 17\\\/2023 &#8211; Einfach irgendwie Alltag\",\"datePublished\":\"2023-04-28T09:26:20+00:00\",\"mainEntityOfPage\":{\"@id\":\"https:\\\/\\\/www.heldenhaushalt.de\\\/sari02\\\/index.php\\\/2023\\\/04\\\/28\\\/unsere-wochenlieblinge-172023\\\/\"},\"wordCount\":682,\"commentCount\":0,\"publisher\":{\"@id\":\"https:\\\/\\\/www.heldenhaushalt.de\\\/sari02\\\/#\\\/schema\\\/person\\\/a1cc69f42a01f412eb62c151353814f6\"},\"image\":{\"@id\":\"https:\\\/\\\/www.heldenhaushalt.de\\\/sari02\\\/index.php\\\/2023\\\/04\\\/28\\\/unsere-wochenlieblinge-172023\\\/#primaryimage\"},\"thumbnailUrl\":\"https:\\\/\\\/www.heldenhaushalt.de\\\/sari02\\\/wp-content\\\/uploads\\\/2023\\\/04\\\/17-02.jpg\",\"keywords\":[\"#Freitagslieblinge\",\"Allt\u00e4glich\",\"Familie\",\"Freitagsf\u00fcller\",\"Kinder\",\"R\u00fcckblick\",\"Woche\",\"Wochenlieblinge\"],\"articleSection\":[\"Alltagschaos\",\"Blogsph\u00e4re\"],\"inLanguage\":\"de\",\"potentialAction\":[{\"@type\":\"CommentAction\",\"name\":\"Comment\",\"target\":[\"https:\\\/\\\/www.heldenhaushalt.de\\\/sari02\\\/index.php\\\/2023\\\/04\\\/28\\\/unsere-wochenlieblinge-172023\\\/#respond\"]}]},{\"@type\":\"WebPage\",\"@id\":\"https:\\\/\\\/www.heldenhaushalt.de\\\/sari02\\\/index.php\\\/2023\\\/04\\\/28\\\/unsere-wochenlieblinge-172023\\\/\",\"url\":\"https:\\\/\\\/www.heldenhaushalt.de\\\/sari02\\\/index.php\\\/2023\\\/04\\\/28\\\/unsere-wochenlieblinge-172023\\\/\",\"name\":\"Unsere Wochenlieblinge 17\\\/2023 - Einfach irgendwie Alltag\",\"isPartOf\":{\"@id\":\"https:\\\/\\\/www.heldenhaushalt.de\\\/sari02\\\/#website\"},\"primaryImageOfPage\":{\"@id\":\"https:\\\/\\\/www.heldenhaushalt.de\\\/sari02\\\/index.php\\\/2023\\\/04\\\/28\\\/unsere-wochenlieblinge-172023\\\/#primaryimage\"},\"image\":{\"@id\":\"https:\\\/\\\/www.heldenhaushalt.de\\\/sari02\\\/index.php\\\/2023\\\/04\\\/28\\\/unsere-wochenlieblinge-172023\\\/#primaryimage\"},\"thumbnailUrl\":\"https:\\\/\\\/www.heldenhaushalt.de\\\/sari02\\\/wp-content\\\/uploads\\\/2023\\\/04\\\/17-02.jpg\",\"datePublished\":\"2023-04-28T09:26:20+00:00\",\"description\":\"Soooo, dieses mal denke ich wieder an die Wochenlieblinge, auch wenn ich zeitlich etwas sp\u00e4t dran bin und noch einige To-Dos...\",\"breadcrumb\":{\"@id\":\"https:\\\/\\\/www.heldenhaushalt.de\\\/sari02\\\/index.php\\\/2023\\\/04\\\/28\\\/unsere-wochenlieblinge-172023\\\/#breadcrumb\"},\"inLanguage\":\"de\",\"potentialAction\":[{\"@type\":\"ReadAction\",\"target\":[\"https:\\\/\\\/www.heldenhaushalt.de\\\/sari02\\\/index.php\\\/2023\\\/04\\\/28\\\/unsere-wochenlieblinge-172023\\\/\"]}]},{\"@type\":\"ImageObject\",\"inLanguage\":\"de\",\"@id\":\"https:\\\/\\\/www.heldenhaushalt.de\\\/sari02\\\/index.php\\\/2023\\\/04\\\/28\\\/unsere-wochenlieblinge-172023\\\/#primaryimage\",\"url\":\"https:\\\/\\\/www.heldenhaushalt.de\\\/sari02\\\/wp-content\\\/uploads\\\/2023\\\/04\\\/17-02.jpg\",\"contentUrl\":\"https:\\\/\\\/www.heldenhaushalt.de\\\/sari02\\\/wp-content\\\/uploads\\\/2023\\\/04\\\/17-02.jpg\",\"width\":1000,\"height\":714,\"caption\":\"Wochenlieblinge\"},{\"@type\":\"BreadcrumbList\",\"@id\":\"https:\\\/\\\/www.heldenhaushalt.de\\\/sari02\\\/index.php\\\/2023\\\/04\\\/28\\\/unsere-wochenlieblinge-172023\\\/#breadcrumb\",\"itemListElement\":[{\"@type\":\"ListItem\",\"position\":1,\"name\":\"Startseite\",\"item\":\"https:\\\/\\\/www.heldenhaushalt.de\\\/sari02\\\/\"},{\"@type\":\"ListItem\",\"position\":2,\"name\":\"Unsere Wochenlieblinge 17\\\/2023 &#8211; Einfach irgendwie Alltag\"}]},{\"@type\":\"WebSite\",\"@id\":\"https:\\\/\\\/www.heldenhaushalt.de\\\/sari02\\\/#website\",\"url\":\"https:\\\/\\\/www.heldenhaushalt.de\\\/sari02\\\/\",\"name\":\"Heldenhaushalt\",\"description\":\"Wer es ordentlich haben will, der muss vorher anrufen\",\"publisher\":{\"@id\":\"https:\\\/\\\/www.heldenhaushalt.de\\\/sari02\\\/#\\\/schema\\\/person\\\/a1cc69f42a01f412eb62c151353814f6\"},\"potentialAction\":[{\"@type\":\"SearchAction\",\"target\":{\"@type\":\"EntryPoint\",\"urlTemplate\":\"https:\\\/\\\/www.heldenhaushalt.de\\\/sari02\\\/?s={search_term_string}\"},\"query-input\":{\"@type\":\"PropertyValueSpecification\",\"valueRequired\":true,\"valueName\":\"search_term_string\"}}],\"inLanguage\":\"de\"},{\"@type\":[\"Person\",\"Organization\"],\"@id\":\"https:\\\/\\\/www.heldenhaushalt.de\\\/sari02\\\/#\\\/schema\\\/person\\\/a1cc69f42a01f412eb62c151353814f6\",\"name\":\"Sari\",\"image\":{\"@type\":\"ImageObject\",\"inLanguage\":\"de\",\"@id\":\"https:\\\/\\\/www.heldenhaushalt.de\\\/sari02\\\/wp-content\\\/uploads\\\/2019\\\/02\\\/sari-april2018.png\",\"url\":\"https:\\\/\\\/www.heldenhaushalt.de\\\/sari02\\\/wp-content\\\/uploads\\\/2019\\\/02\\\/sari-april2018.png\",\"contentUrl\":\"https:\\\/\\\/www.heldenhaushalt.de\\\/sari02\\\/wp-content\\\/uploads\\\/2019\\\/02\\\/sari-april2018.png\",\"width\":500,\"height\":500,\"caption\":\"Sari\"},\"logo\":{\"@id\":\"https:\\\/\\\/www.heldenhaushalt.de\\\/sari02\\\/wp-content\\\/uploads\\\/2019\\\/02\\\/sari-april2018.png\"},\"description\":\"Frau Mondgras \u2013 Das bin ich, Sari. Gerne auch als Sari Mondgras bekannt und im Internet zu finden. 2-Fach-Mutter, Heldenehefrau, Kreativling, Harmonies\u00fcchtig und st\u00e4ndig auf der Suche nach Gl\u00fcck. Ich komme aus Berlin, bin hier aufgewachsen und lebe hier seit ich denken kann.\",\"sameAs\":[\"https:\\\/\\\/www.instagram.com\\\/heldenhaushalt\\\/\"],\"url\":\"https:\\\/\\\/www.heldenhaushalt.de\\\/sari02\\\/index.php\\\/author\\\/admin\\\/\"}]}<\/script>\n<!-- \/ Yoast SEO plugin. -->","yoast_head_json":{"title":"Unsere Wochenlieblinge 17\/2023 - Einfach irgendwie Alltag","description":"Soooo, dieses mal denke ich wieder an die Wochenlieblinge, auch wenn ich zeitlich etwas sp\u00e4t dran bin und noch einige To-Dos...","robots":{"index":"index","follow":"follow","max-snippet":"max-snippet:-1","max-image-preview":"max-image-preview:large","max-video-preview":"max-video-preview:-1"},"canonical":"https:\/\/www.heldenhaushalt.de\/sari02\/index.php\/2023\/04\/28\/unsere-wochenlieblinge-172023\/","og_locale":"de_DE","og_type":"article","og_title":"Unsere Wochenlieblinge 17\/2023 - Einfach irgendwie Alltag","og_description":"Soooo, dieses mal denke ich wieder an die Wochenlieblinge, auch wenn ich zeitlich etwas sp\u00e4t dran bin und noch einige To-Dos...","og_url":"https:\/\/www.heldenhaushalt.de\/sari02\/index.php\/2023\/04\/28\/unsere-wochenlieblinge-172023\/","og_site_name":"Heldenhaushalt","article_published_time":"2023-04-28T09:26:20+00:00","og_image":[{"width":1000,"height":714,"url":"https:\/\/www.heldenhaushalt.de\/sari02\/wp-content\/uploads\/2023\/04\/17-02.jpg","type":"image\/jpeg"}],"author":"Sari","twitter_card":"summary_large_image","twitter_creator":"@Heldenhaushalt","twitter_site":"@Heldenhaushalt","twitter_misc":{"Verfasst von":"Sari","Gesch\u00e4tzte Lesezeit":"5\u00a0Minuten"},"schema":{"@context":"https:\/\/schema.org","@graph":[{"@type":"Article","@id":"https:\/\/www.heldenhaushalt.de\/sari02\/index.php\/2023\/04\/28\/unsere-wochenlieblinge-172023\/#article","isPartOf":{"@id":"https:\/\/www.heldenhaushalt.de\/sari02\/index.php\/2023\/04\/28\/unsere-wochenlieblinge-172023\/"},"author":{"name":"Sari","@id":"https:\/\/www.heldenhaushalt.de\/sari02\/#\/schema\/person\/a1cc69f42a01f412eb62c151353814f6"},"headline":"Unsere Wochenlieblinge 17\/2023 &#8211; Einfach irgendwie Alltag","datePublished":"2023-04-28T09:26:20+00:00","mainEntityOfPage":{"@id":"https:\/\/www.heldenhaushalt.de\/sari02\/index.php\/2023\/04\/28\/unsere-wochenlieblinge-172023\/"},"wordCount":682,"commentCount":0,"publisher":{"@id":"https:\/\/www.heldenhaushalt.de\/sari02\/#\/schema\/person\/a1cc69f42a01f412eb62c151353814f6"},"image":{"@id":"https:\/\/www.heldenhaushalt.de\/sari02\/index.php\/2023\/04\/28\/unsere-wochenlieblinge-172023\/#primaryimage"},"thumbnailUrl":"https:\/\/www.heldenhaushalt.de\/sari02\/wp-content\/uploads\/2023\/04\/17-02.jpg","keywords":["#Freitagslieblinge","Allt\u00e4glich","Familie","Freitagsf\u00fcller","Kinder","R\u00fcckblick","Woche","Wochenlieblinge"],"articleSection":["Alltagschaos","Blogsph\u00e4re"],"inLanguage":"de","potentialAction":[{"@type":"CommentAction","name":"Comment","target":["https:\/\/www.heldenhaushalt.de\/sari02\/index.php\/2023\/04\/28\/unsere-wochenlieblinge-172023\/#respond"]}]},{"@type":"WebPage","@id":"https:\/\/www.heldenhaushalt.de\/sari02\/index.php\/2023\/04\/28\/unsere-wochenlieblinge-172023\/","url":"https:\/\/www.heldenhaushalt.de\/sari02\/index.php\/2023\/04\/28\/unsere-wochenlieblinge-172023\/","name":"Unsere Wochenlieblinge 17\/2023 - Einfach irgendwie Alltag","isPartOf":{"@id":"https:\/\/www.heldenhaushalt.de\/sari02\/#website"},"primaryImageOfPage":{"@id":"https:\/\/www.heldenhaushalt.de\/sari02\/index.php\/2023\/04\/28\/unsere-wochenlieblinge-172023\/#primaryimage"},"image":{"@id":"https:\/\/www.heldenhaushalt.de\/sari02\/index.php\/2023\/04\/28\/unsere-wochenlieblinge-172023\/#primaryimage"},"thumbnailUrl":"https:\/\/www.heldenhaushalt.de\/sari02\/wp-content\/uploads\/2023\/04\/17-02.jpg","datePublished":"2023-04-28T09:26:20+00:00","description":"Soooo, dieses mal denke ich wieder an die Wochenlieblinge, auch wenn ich zeitlich etwas sp\u00e4t dran bin und noch einige To-Dos...","breadcrumb":{"@id":"https:\/\/www.heldenhaushalt.de\/sari02\/index.php\/2023\/04\/28\/unsere-wochenlieblinge-172023\/#breadcrumb"},"inLanguage":"de","potentialAction":[{"@type":"ReadAction","target":["https:\/\/www.heldenhaushalt.de\/sari02\/index.php\/2023\/04\/28\/unsere-wochenlieblinge-172023\/"]}]},{"@type":"ImageObject","inLanguage":"de","@id":"https:\/\/www.heldenhaushalt.de\/sari02\/index.php\/2023\/04\/28\/unsere-wochenlieblinge-172023\/#primaryimage","url":"https:\/\/www.heldenhaushalt.de\/sari02\/wp-content\/uploads\/2023\/04\/17-02.jpg","contentUrl":"https:\/\/www.heldenhaushalt.de\/sari02\/wp-content\/uploads\/2023\/04\/17-02.jpg","width":1000,"height":714,"caption":"Wochenlieblinge"},{"@type":"BreadcrumbList","@id":"https:\/\/www.heldenhaushalt.de\/sari02\/index.php\/2023\/04\/28\/unsere-wochenlieblinge-172023\/#breadcrumb","itemListElement":[{"@type":"ListItem","position":1,"name":"Startseite","item":"https:\/\/www.heldenhaushalt.de\/sari02\/"},{"@type":"ListItem","position":2,"name":"Unsere Wochenlieblinge 17\/2023 &#8211; Einfach irgendwie Alltag"}]},{"@type":"WebSite","@id":"https:\/\/www.heldenhaushalt.de\/sari02\/#website","url":"https:\/\/www.heldenhaushalt.de\/sari02\/","name":"Heldenhaushalt","description":"Wer es ordentlich haben will, der muss vorher anrufen","publisher":{"@id":"https:\/\/www.heldenhaushalt.de\/sari02\/#\/schema\/person\/a1cc69f42a01f412eb62c151353814f6"},"potentialAction":[{"@type":"SearchAction","target":{"@type":"EntryPoint","urlTemplate":"https:\/\/www.heldenhaushalt.de\/sari02\/?s={search_term_string}"},"query-input":{"@type":"PropertyValueSpecification","valueRequired":true,"valueName":"search_term_string"}}],"inLanguage":"de"},{"@type":["Person","Organization"],"@id":"https:\/\/www.heldenhaushalt.de\/sari02\/#\/schema\/person\/a1cc69f42a01f412eb62c151353814f6","name":"Sari","image":{"@type":"ImageObject","inLanguage":"de","@id":"https:\/\/www.heldenhaushalt.de\/sari02\/wp-content\/uploads\/2019\/02\/sari-april2018.png","url":"https:\/\/www.heldenhaushalt.de\/sari02\/wp-content\/uploads\/2019\/02\/sari-april2018.png","contentUrl":"https:\/\/www.heldenhaushalt.de\/sari02\/wp-content\/uploads\/2019\/02\/sari-april2018.png","width":500,"height":500,"caption":"Sari"},"logo":{"@id":"https:\/\/www.heldenhaushalt.de\/sari02\/wp-content\/uploads\/2019\/02\/sari-april2018.png"},"description":"Frau Mondgras \u2013 Das bin ich, Sari. Gerne auch als Sari Mondgras bekannt und im Internet zu finden. 2-Fach-Mutter, Heldenehefrau, Kreativling, Harmonies\u00fcchtig und st\u00e4ndig auf der Suche nach Gl\u00fcck. Ich komme aus Berlin, bin hier aufgewachsen und lebe hier seit ich denken kann.","sameAs":["https:\/\/www.instagram.com\/heldenhaushalt\/"],"url":"https:\/\/www.heldenhaushalt.de\/sari02\/index.php\/author\/admin\/"}]}},"views":1536,"_links":{"self":[{"href":"https:\/\/www.heldenhaushalt.de\/sari02\/index.php\/wp-json\/wp\/v2\/posts\/57882","targetHints":{"allow":["GET"]}}],"collection":[{"href":"https:\/\/www.heldenhaushalt.de\/sari02\/index.php\/wp-json\/wp\/v2\/posts"}],"about":[{"href":"https:\/\/www.heldenhaushalt.de\/sari02\/index.php\/wp-json\/wp\/v2\/types\/post"}],"author":[{"embeddable":true,"href":"https:\/\/www.heldenhaushalt.de\/sari02\/index.php\/wp-json\/wp\/v2\/users\/1"}],"replies":[{"embeddable":true,"href":"https:\/\/www.heldenhaushalt.de\/sari02\/index.php\/wp-json\/wp\/v2\/comments?post=57882"}],"version-history":[{"count":2,"href":"https:\/\/www.heldenhaushalt.de\/sari02\/index.php\/wp-json\/wp\/v2\/posts\/57882\/revisions"}],"predecessor-version":[{"id":57891,"href":"https:\/\/www.heldenhaushalt.de\/sari02\/index.php\/wp-json\/wp\/v2\/posts\/57882\/revisions\/57891"}],"wp:featuredmedia":[{"embeddable":true,"href":"https:\/\/www.heldenhaushalt.de\/sari02\/index.php\/wp-json\/wp\/v2\/media\/57884"}],"wp:attachment":[{"href":"https:\/\/www.heldenhaushalt.de\/sari02\/index.php\/wp-json\/wp\/v2\/media?parent=57882"}],"wp:term":[{"taxonomy":"category","embeddable":true,"href":"https:\/\/www.heldenhaushalt.de\/sari02\/index.php\/wp-json\/wp\/v2\/categories?post=57882"},{"taxonomy":"post_tag","embeddable":true,"href":"https:\/\/www.heldenhaushalt.de\/sari02\/index.php\/wp-json\/wp\/v2\/tags?post=57882"}],"curies":[{"name":"wp","href":"https:\/\/api.w.org\/{rel}","templated":true}]}}