{"id":57927,"date":"2023-06-01T09:00:00","date_gmt":"2023-06-01T07:00:00","guid":{"rendered":"https:\/\/www.heldenhaushalt.de\/sari02\/?p=57927"},"modified":"2023-06-01T09:25:59","modified_gmt":"2023-06-01T07:25:59","slug":"heute-ein-buch-zum-internationalen-kindertag-rezension-verlosung","status":"publish","type":"post","link":"https:\/\/www.heldenhaushalt.de\/sari02\/index.php\/2023\/06\/01\/heute-ein-buch-zum-internationalen-kindertag-rezension-verlosung\/","title":{"rendered":"Heute ein Buch zum internationalen Kindertag #Rezension #Verlosung"},"content":{"rendered":"<p style=\"text-align: right;\"><small>Rezension*<\/small><\/p>\n<p>Ja ist es denn wirklich schon wieder soweit? Ist tats&#228;chlich schon wieder ein ganzes Jahr vergangen? Heute leiten wir nicht nur einen neuen Monat ein. Am 01.06. ist traditionell auch immer der internationale Kindertag und an dem feiern wir, <a href=\"https:\/\/www.heldenhaushalt.de\/sari02\/index.php\/2022\/06\/01\/heute-ein-buch-kindertag-rezension-verlosung\/\">auch schon fast traditionell<\/a>, &#8220;Heute ein Buch&#8221; und haben uns wieder viele Gedanken gemacht, was wir heute f&#252;r euch vorstellen und verlosen k&#246;nnten.<\/p>\n<p>Wie immer ist eine Gruppe toller Leute zusammen gekommen und hat f&#252;r eine bunte Mischung gesorgt, also Augen auf und schaut euch ganz gem&#252;tlich um. Wer mehr &#252;ber den Kindertag wissen m&#246;chte, der schaut doch gerne mal&nbsp;<a href=\"https:\/\/www.kindersache.de\/bereiche\/wissen\/andere-laender\/warum-gibt-es-den-kindertag-zweimal\" target=\"_blank\" rel=\"noopener\">hier<\/a>&nbsp;oder auch&nbsp;<a href=\"https:\/\/www.mdr.de\/nachrichten\/sachsen\/hintergrund-erklaerung-kindertag-100.html\" target=\"_blank\" rel=\"noopener\">hier<\/a>&nbsp;vorbei.<\/p>\n<h2>Heute ein Buch zum internationalen Kindertag<\/h2>\n<figure id=\"attachment_57677\" aria-describedby=\"caption-attachment-57677\" style=\"width: 1080px\" class=\"wp-caption alignnone\"><img loading=\"lazy\" decoding=\"async\" class=\"wp-image-57677 size-full\" src=\"https:\/\/www.heldenhaushalt.de\/sari02\/wp-content\/uploads\/2023\/04\/Heute-ein-Buch-Internationaler-Kinderbuchtag-1.png\" alt=\"Heute ein Buch\" width=\"1080\" height=\"1080\" srcset=\"https:\/\/www.heldenhaushalt.de\/sari02\/wp-content\/uploads\/2023\/04\/Heute-ein-Buch-Internationaler-Kinderbuchtag-1.png 1080w, https:\/\/www.heldenhaushalt.de\/sari02\/wp-content\/uploads\/2023\/04\/Heute-ein-Buch-Internationaler-Kinderbuchtag-1-300x300.png 300w, https:\/\/www.heldenhaushalt.de\/sari02\/wp-content\/uploads\/2023\/04\/Heute-ein-Buch-Internationaler-Kinderbuchtag-1-1024x1024.png 1024w, https:\/\/www.heldenhaushalt.de\/sari02\/wp-content\/uploads\/2023\/04\/Heute-ein-Buch-Internationaler-Kinderbuchtag-1-150x150.png 150w, https:\/\/www.heldenhaushalt.de\/sari02\/wp-content\/uploads\/2023\/04\/Heute-ein-Buch-Internationaler-Kinderbuchtag-1-768x768.png 768w, https:\/\/www.heldenhaushalt.de\/sari02\/wp-content\/uploads\/2023\/04\/Heute-ein-Buch-Internationaler-Kinderbuchtag-1-435x435.png 435w, https:\/\/www.heldenhaushalt.de\/sari02\/wp-content\/uploads\/2023\/04\/Heute-ein-Buch-Internationaler-Kinderbuchtag-1-60x60.png 60w\" sizes=\"auto, (max-width: 1080px) 100vw, 1080px\" \/><figcaption id=\"caption-attachment-57677\" class=\"wp-caption-text\">\u00a9 Depositphotos.com<\/figcaption><\/figure>\n<p><strong>Mit dabei sind dieses Mal:<\/strong>&nbsp;Alu von&nbsp;<a href=\"https:\/\/www.grossekoepfe.de\/\" target=\"_blank\" rel=\"noopener\">Grosse K&#246;pfe<\/a>,&nbsp;<a href=\"https:\/\/www.wallinger.at\/\" target=\"_blank\" rel=\"noopener\">Brigitte Wallinger<\/a>,&nbsp;<a href=\"https:\/\/www.mintundmalve.ch\/\" target=\"_blank\" rel=\"noopener\">Eliane von Mint und Malve<\/a>, Henrike von <a href=\"https:\/\/www.instagram.com\/frau_buecherfee\" target=\"_blank\" rel=\"noopener\">Frau B&#252;cherfee<\/a>, Janet <a href=\"https:\/\/www.kinderbuchlesen.de\/\" target=\"_blank\" rel=\"noopener\">Kinderbuchlesen<\/a>, Jenny von&nbsp;<a href=\"https:\/\/www.kinderchaos-familienblog.de\/\" target=\"_blank\" rel=\"noopener\">Kinderchaos Familienblog<\/a>,&nbsp;Katja von&nbsp;<a href=\"https:\/\/kuestenkidsunterwegs.blogspot.com\/\" target=\"_blank\" rel=\"noopener\">K&#252;stenkidsunterwegs<\/a>, Lukas von <a href=\"https:\/\/www.instagram.com\/buecherwuermchen_universum\/\" target=\"_blank\" rel=\"noopener\">B&#252;cherw&#252;rmchen Universum<\/a>, Marsha von <a href=\"https:\/\/mutterundsoehnchen.com\/\" target=\"_blank\" rel=\"noopener\">Mutter &amp; S&#246;hnchen<\/a>, Miri von&nbsp;<a href=\"https:\/\/geschichtenwolke.de\/\" target=\"_blank\" rel=\"noopener\">Geschichtenwolke<\/a>, &nbsp;Susanne von<a href=\"https:\/\/familienbuecherei.blogspot.com\/\" target=\"_blank\" rel=\"noopener\">&nbsp;Familienb&#252;cherei<\/a>&nbsp;und Anne von&nbsp;<a href=\"https:\/\/xmalanderssein.de\/\" target=\"_blank\" rel=\"noopener\">X-mal anders sein<\/a> und Tobias von <a href=\"https:\/\/www.instagram.com\/papa.hirsch.liest\/\" target=\"_blank\" rel=\"noopener\">Papa Hirsch liest.<\/a><\/p>\n<p>Ich hoffe, ich habe niemanden vergessen. Wenn ihr genau hinschaut, werdet ihr feststellen, dass auch ein paar neue Gesichter dazwischen sind. Es lohnt sich wirklich immer, sich bei all den tollen Menschen mal durchzuklicken. Es sind so sch&#246;ne Buchempfehlungen jedes Mal dazwischen. Verpasst eure Gelegenheit nicht.<\/p>\n<h2>&#8220;Elefanten weinen nicht&#8221; von Gesa Neitzel und Julian Meyer<\/h2>\n<p>Das Buch, das wir in diesem Jahr im Rahmen von &#8220;Heute ein Buch&#8221; ausgesucht haben stammt aus dem Carlsen Verlag und bringt eine ganz besondere Botschaft mit, wie ich finde. Es umfasst insgesamt 32 farbig illustrierte Seiten und richtet sich an Kinder ab 3 Jahren.<\/p>\n<p><img loading=\"lazy\" decoding=\"async\" class=\"alignnone size-full wp-image-58129\" src=\"https:\/\/www.heldenhaushalt.de\/sari02\/wp-content\/uploads\/2023\/06\/elefanten02.jpg\" alt=\"Heute ein Buch\" width=\"1000\" height=\"706\" srcset=\"https:\/\/www.heldenhaushalt.de\/sari02\/wp-content\/uploads\/2023\/06\/elefanten02.jpg 1000w, https:\/\/www.heldenhaushalt.de\/sari02\/wp-content\/uploads\/2023\/06\/elefanten02-300x212.jpg 300w, https:\/\/www.heldenhaushalt.de\/sari02\/wp-content\/uploads\/2023\/06\/elefanten02-768x542.jpg 768w, https:\/\/www.heldenhaushalt.de\/sari02\/wp-content\/uploads\/2023\/06\/elefanten02-85x60.jpg 85w, https:\/\/www.heldenhaushalt.de\/sari02\/wp-content\/uploads\/2023\/06\/elefanten02-920x650.jpg 920w\" sizes=\"auto, (max-width: 1000px) 100vw, 1000px\" \/><\/p>\n<p>&#8220;<a href=\"https:\/\/www.carlsen.de\/hardcover\/elefanten-weinen-nicht\/978-3-551-52175-0\" target=\"_blank\" rel=\"nofollow noopener\">Elefanten weinen nicht<\/a>&#8221; erz&#228;hlt die Geschichte von der Manguste Matti und dem Elefanten Elias. Dieser versperrt n&#228;mlich eines morgens den Ausgang der H&#246;hle von der gut gelaunten Manguste und wirkt extrem ungl&#252;cklich. Klar m&#246;chte Matti herausfinden, was mit dem gro&#223;en grauen und traurigen Wesen vor seiner T&#252;r los ist, doch dieses murmelt nur &#8220;Elefanten weinen nicht&#8221;. Das ist das, was man von einem Elefanten erwartet. Er ist gro&#223; und stark und wer das ist, der muss immer St&#228;rke zeigen und dazu geh&#246;rt eben auch, dass man nicht weint.<\/p>\n<p>Doch das ist absoluter Bl&#246;dsinn findet Matti und nimmt Elias auf eine Tour mit durch die Wildnis, wo er ihm viele verschiedene Tiere zeigt, die nicht unbedingt das tun, was man von ihnen erwartet. Ein L&#246;we kann durchaus &#228;ngstlich sein und ein Leopard einen Affen gerne haben anstatt ihn zu fressen. Matti zeigt viele dieser Beispiele und versucht dem Elefanten so klar zu machen, dass es gut ist zu seinen Gef&#252;hlen zu stehen und nicht immer nur den Erwartungen anderer entsprechen zu wollen.<\/p>\n<p>Eine starke Botschaft f&#252;r ein Kinderbuch wie ich finde und daher perfekt f&#252;r einen Tag wie heute.<\/p>\n<h2>Heute ein Buch zum Kindertag \u2013 Wir verlosen 1x das Buch \u201cElefanten weinen nicht\u201d!<\/h2>\n<p>Nat&#252;rlich wird auch in diesem Jahr, wenn wir schon bei Traditionen sind, das Buch, das wir euch hier heute vorgestellt haben, an einen von euch verlost.&nbsp;<\/p>\n<p><strong>Um in den Lostopf f&#252;r dieses Buch zu gelangen, m&#252;sst ihr nur Folgendes tun:<\/strong><\/p>\n<ul>\n<li>Schreibt in die Kommentare unter diesen Beitrag, welchen Gef&#252;hlen ihr gerne mal mehr Raum geben w&#252;rdet.<\/li>\n<li>Gebt hierbei bitte eine g&#252;ltige Mailadresse an, damit ich Euch kontaktieren kann bei Gewinn<\/li>\n<li>Ich w&#252;rde mich nat&#252;rlich sehr &#252;ber einen&nbsp;<a href=\"https:\/\/www.facebook.com\/heldenhaushalt\" target=\"_blank\" rel=\"noopener noreferrer\">LIKE auf FB<\/a>&nbsp;freuen&nbsp;<\/li>\n<li>Ihr seid 18 Jahre alt und kommt aus Deutschland<\/li>\n<li><strong>Teilnahmeschluss ist der 03.06.2023 um 22.00 Uhr<\/strong>. Alles, was danach bei mir eingeht, kann nicht ber&#252;cksichtigt werden.<\/li>\n<li>Ausgelost wird per Random.org und der&nbsp;<strong>Gewinner<\/strong>&nbsp;wird dann per Mail von mir benachrichtigt<\/li>\n<li>Der Gewinner hat nach Erhalt meiner Mail 2 Tage Zeit um auf diese zu reagieren, ansonsten wird neu ausgelost.&nbsp;<\/li>\n<li>Bei Teilnahme erkl&#228;rt ihr euch damit einverstanden, dass ich nur zu diesem Zwecke von euch im Anschluss im Falle eines Gewinns, eine g&#252;ltige Kontaktadresse von euch f&#252;r die Kontaktaufnahme ben&#246;tige. Eure Daten werden nur hierf&#252;r genutzt und im Anschluss wieder gel&#246;scht.<\/li>\n<li>Der Rechtsweg ist wie immer ausgeschlossen.<\/li>\n<\/ul>\n<p>Genie&#223;t den Tag heute und ich hoffe das Wetter beschert euch extra zum Kindertag eine extra gro&#223;e Portion Sonne. Und vergesst nicht auch bei den anderen Seiten mal vorbei zu schauen. Bei uns steht heute leider neben all dem auch noch f&#252;r Klausuren lernen auf dem Plan, aber man macht einfach das Beste daraus.<\/p>\n<p><small><strong>*Anmerkung: <\/strong>Das Buch wurde uns vom Verlag zur Verf&#252;gung gestellt. \u00a9 Mike Hopf von&nbsp;<a href=\"http:\/\/orange-idea.de\/\" target=\"_blank\" rel=\"nofollow noopener\">ORANGE IDEA<\/a>&nbsp;f&#252;r Logo\/Banner.<\/small><\/p>\n","protected":false},"excerpt":{"rendered":"<p>Rezension* Ja ist es denn wirklich schon wieder soweit? Ist tats&#228;chlich schon wieder ein ganzes Jahr vergangen? Heute leiten wir nicht nur einen neuen Monat ein. Am 01.06. ist traditionell auch immer der internationale Kindertag und an dem feiern wir, auch schon fast traditionell, &#8220;Heute ein Buch&#8221; und haben uns wieder viele Gedanken gemacht, was wir heute f&#252;r euch vorstellen und verlosen k&#246;nnten. Wie immer ist eine Gruppe toller Leute zusammen gekommen und hat f&#252;r eine bunte Mischung gesorgt, also Augen auf und schaut euch ganz gem&#252;tlich um. Wer mehr &#252;ber den Kindertag wissen m&#246;chte, der schaut doch gerne mal&nbsp;hier&nbsp;oder auch&nbsp;hier&nbsp;vorbei. Heute ein Buch zum internationalen Kindertag Mit dabei sind dieses Mal:&nbsp;Alu von&nbsp;Grosse K&#246;pfe,&nbsp;Brigitte Wallinger,&nbsp;Eliane von Mint und Malve, Henrike von Frau B&#252;cherfee, Janet Kinderbuchlesen, Jenny von&nbsp;Kinderchaos Familienblog,&nbsp;Katja von&nbsp;K&#252;stenkidsunterwegs, Lukas von B&#252;cherw&#252;rmchen Universum, Marsha von Mutter &amp; S&#246;hnchen, Miri von&nbsp;Geschichtenwolke, &nbsp;Susanne von&nbsp;Familienb&#252;cherei&nbsp;und Anne von&nbsp;X-mal anders sein und Tobias von Papa Hirsch liest. Ich hoffe, ich habe niemanden vergessen. Wenn ihr genau hinschaut, werdet ihr feststellen, dass auch ein paar neue Gesichter dazwischen sind. Es lohnt sich wirklich immer, sich bei all den tollen Menschen mal durchzuklicken. Es sind so sch&#246;ne Buchempfehlungen jedes Mal dazwischen. Verpasst eure Gelegenheit nicht. &#8220;Elefanten weinen nicht&#8221; von Gesa Neitzel und Julian Meyer Das Buch, das wir in diesem Jahr im Rahmen von &#8220;Heute ein Buch&#8221; ausgesucht haben stammt aus dem Carlsen Verlag und bringt eine ganz besondere Botschaft mit, wie ich finde. Es umfasst insgesamt 32 farbig illustrierte Seiten und richtet sich an Kinder ab 3 Jahren. &#8220;Elefanten weinen nicht&#8221; erz&#228;hlt die Geschichte von der Manguste Matti und dem Elefanten Elias. Dieser versperrt n&#228;mlich eines morgens den Ausgang der H&#246;hle von der gut gelaunten Manguste und wirkt extrem ungl&#252;cklich. Klar m&#246;chte Matti herausfinden, was mit dem gro&#223;en grauen und traurigen Wesen vor seiner T&#252;r los ist, doch dieses murmelt nur &#8220;Elefanten weinen nicht&#8221;. Das ist das, was man von einem Elefanten erwartet. Er ist gro&#223; und stark und wer das ist, der muss immer St&#228;rke zeigen und dazu geh&#246;rt eben auch, dass man nicht weint. Doch das ist absoluter Bl&#246;dsinn findet Matti und nimmt Elias auf eine Tour mit durch die Wildnis, wo er ihm viele verschiedene Tiere zeigt, die nicht unbedingt das tun, was man von ihnen erwartet. Ein L&#246;we kann durchaus &#228;ngstlich sein und ein Leopard einen Affen gerne haben anstatt ihn zu fressen. Matti zeigt viele dieser Beispiele und versucht dem Elefanten so klar zu machen, dass es gut ist zu seinen Gef&#252;hlen zu stehen und nicht immer nur den Erwartungen anderer entsprechen zu wollen. Eine starke Botschaft f&#252;r ein Kinderbuch wie ich finde und daher perfekt f&#252;r einen Tag wie heute. Heute ein Buch zum Kindertag \u2013 Wir verlosen 1x das Buch \u201cElefanten weinen nicht\u201d! Nat&#252;rlich wird auch in diesem Jahr, wenn wir schon bei Traditionen sind, das Buch, das wir euch hier heute vorgestellt haben, an einen von euch verlost.&nbsp; Um in den Lostopf f&#252;r dieses Buch zu gelangen, m&#252;sst ihr nur Folgendes tun: Schreibt in die Kommentare unter diesen Beitrag, welchen Gef&#252;hlen ihr gerne mal mehr Raum geben w&#252;rdet. Gebt hierbei bitte eine g&#252;ltige Mailadresse an, damit ich Euch kontaktieren kann bei Gewinn Ich w&#252;rde mich nat&#252;rlich sehr &#252;ber einen&nbsp;LIKE auf FB&nbsp;freuen&nbsp; Ihr seid 18 Jahre alt und kommt aus Deutschland Teilnahmeschluss ist der 03.06.2023 um 22.00 Uhr. Alles, was danach bei mir eingeht, kann nicht ber&#252;cksichtigt werden. Ausgelost wird per Random.org und der&nbsp;Gewinner&nbsp;wird dann per Mail von mir benachrichtigt Der Gewinner hat nach Erhalt meiner Mail 2 Tage Zeit um auf diese zu reagieren, ansonsten wird neu ausgelost.&nbsp; Bei Teilnahme erkl&#228;rt ihr euch damit einverstanden, dass ich nur zu diesem Zwecke von euch im Anschluss im Falle eines Gewinns, eine g&#252;ltige Kontaktadresse von euch f&#252;r die Kontaktaufnahme ben&#246;tige. Eure Daten werden nur hierf&#252;r genutzt und im Anschluss wieder gel&#246;scht. Der Rechtsweg ist wie immer ausgeschlossen. Genie&#223;t den Tag heute und ich hoffe das Wetter beschert euch extra zum Kindertag eine extra gro&#223;e Portion Sonne. Und vergesst nicht auch bei den anderen Seiten mal vorbei zu schauen. Bei uns steht heute leider neben all dem auch noch f&#252;r Klausuren lernen auf dem Plan, aber man macht einfach das Beste daraus. *Anmerkung: Das Buch wurde uns vom Verlag zur Verf&#252;gung gestellt. \u00a9 Mike Hopf von&nbsp;ORANGE IDEA&nbsp;f&#252;r Logo\/Banner.<\/p>\n","protected":false},"author":1,"featured_media":58128,"comment_status":"open","ping_status":"open","sticky":false,"template":"","format":"standard","meta":{"ngg_post_thumbnail":0,"footnotes":""},"categories":[1690,53,2701],"tags":[1752,253,1440,202,959,1891,2624,438,1933,732],"class_list":["post-57927","post","type-post","status-publish","format-standard","has-post-thumbnail","hentry","category-buecher","category-empfehlungen","category-gewinnspiel","tag-bilderbuch","tag-buch","tag-carlsen","tag-empfehlung","tag-gefuehle","tag-heute-ein-buch","tag-internationaler-kindertag","tag-kinderbuch","tag-kindertag","tag-rezension"],"yoast_head":"<!-- This site is optimized with the Yoast SEO plugin v27.5 - https:\/\/yoast.com\/product\/yoast-seo-wordpress\/ -->\n<title>Heute ein Buch zum internationalen Kindertag #Rezension #Verlosung<\/title>\n<meta name=\"description\" content=\"Am 01.06. ist traditionell auch immer der internationale Kindertag und an dem feiern wir, auch schon fast traditionell, &quot;Heute ein Buch&quot; ...\" \/>\n<meta name=\"robots\" content=\"index, follow, max-snippet:-1, max-image-preview:large, max-video-preview:-1\" \/>\n<link rel=\"canonical\" href=\"https:\/\/www.heldenhaushalt.de\/sari02\/index.php\/2023\/06\/01\/heute-ein-buch-zum-internationalen-kindertag-rezension-verlosung\/\" \/>\n<meta property=\"og:locale\" content=\"de_DE\" \/>\n<meta property=\"og:type\" content=\"article\" \/>\n<meta property=\"og:title\" content=\"Heute ein Buch zum internationalen Kindertag #Rezension #Verlosung\" \/>\n<meta property=\"og:description\" content=\"Am 01.06. ist traditionell auch immer der internationale Kindertag und an dem feiern wir, auch schon fast traditionell, &quot;Heute ein Buch&quot; ...\" \/>\n<meta property=\"og:url\" content=\"https:\/\/www.heldenhaushalt.de\/sari02\/index.php\/2023\/06\/01\/heute-ein-buch-zum-internationalen-kindertag-rezension-verlosung\/\" \/>\n<meta property=\"og:site_name\" content=\"Heldenhaushalt\" \/>\n<meta property=\"article:published_time\" content=\"2023-06-01T07:00:00+00:00\" \/>\n<meta property=\"article:modified_time\" content=\"2023-06-01T07:25:59+00:00\" \/>\n<meta property=\"og:image\" content=\"https:\/\/www.heldenhaushalt.de\/sari02\/wp-content\/uploads\/2023\/06\/elefanten01.jpg\" \/>\n\t<meta property=\"og:image:width\" content=\"1000\" \/>\n\t<meta property=\"og:image:height\" content=\"703\" \/>\n\t<meta property=\"og:image:type\" content=\"image\/jpeg\" \/>\n<meta name=\"author\" content=\"Sari\" \/>\n<meta name=\"twitter:card\" content=\"summary_large_image\" \/>\n<meta name=\"twitter:creator\" content=\"@Heldenhaushalt\" \/>\n<meta name=\"twitter:site\" content=\"@Heldenhaushalt\" \/>\n<meta name=\"twitter:label1\" content=\"Verfasst von\" \/>\n\t<meta name=\"twitter:data1\" content=\"Sari\" \/>\n\t<meta name=\"twitter:label2\" content=\"Gesch\u00e4tzte Lesezeit\" \/>\n\t<meta name=\"twitter:data2\" content=\"5\u00a0Minuten\" \/>\n<script type=\"application\/ld+json\" class=\"yoast-schema-graph\">{\"@context\":\"https:\\\/\\\/schema.org\",\"@graph\":[{\"@type\":\"Article\",\"@id\":\"https:\\\/\\\/www.heldenhaushalt.de\\\/sari02\\\/index.php\\\/2023\\\/06\\\/01\\\/heute-ein-buch-zum-internationalen-kindertag-rezension-verlosung\\\/#article\",\"isPartOf\":{\"@id\":\"https:\\\/\\\/www.heldenhaushalt.de\\\/sari02\\\/index.php\\\/2023\\\/06\\\/01\\\/heute-ein-buch-zum-internationalen-kindertag-rezension-verlosung\\\/\"},\"author\":{\"name\":\"Sari\",\"@id\":\"https:\\\/\\\/www.heldenhaushalt.de\\\/sari02\\\/#\\\/schema\\\/person\\\/a1cc69f42a01f412eb62c151353814f6\"},\"headline\":\"Heute ein Buch zum internationalen Kindertag #Rezension #Verlosung\",\"datePublished\":\"2023-06-01T07:00:00+00:00\",\"dateModified\":\"2023-06-01T07:25:59+00:00\",\"mainEntityOfPage\":{\"@id\":\"https:\\\/\\\/www.heldenhaushalt.de\\\/sari02\\\/index.php\\\/2023\\\/06\\\/01\\\/heute-ein-buch-zum-internationalen-kindertag-rezension-verlosung\\\/\"},\"wordCount\":811,\"commentCount\":21,\"publisher\":{\"@id\":\"https:\\\/\\\/www.heldenhaushalt.de\\\/sari02\\\/#\\\/schema\\\/person\\\/a1cc69f42a01f412eb62c151353814f6\"},\"image\":{\"@id\":\"https:\\\/\\\/www.heldenhaushalt.de\\\/sari02\\\/index.php\\\/2023\\\/06\\\/01\\\/heute-ein-buch-zum-internationalen-kindertag-rezension-verlosung\\\/#primaryimage\"},\"thumbnailUrl\":\"https:\\\/\\\/www.heldenhaushalt.de\\\/sari02\\\/wp-content\\\/uploads\\\/2023\\\/06\\\/elefanten01.jpg\",\"keywords\":[\"Bilderbuch\",\"Buch\",\"CARLSEN\",\"Empfehlung\",\"Gef\u00fchle\",\"Heute ein Buch\",\"internationaler Kindertag\",\"Kinderbuch\",\"Kindertag\",\"Rezension\"],\"articleSection\":[\"B\u00fccher\",\"Empfehlungen\",\"Gewinnspiel\"],\"inLanguage\":\"de\",\"potentialAction\":[{\"@type\":\"CommentAction\",\"name\":\"Comment\",\"target\":[\"https:\\\/\\\/www.heldenhaushalt.de\\\/sari02\\\/index.php\\\/2023\\\/06\\\/01\\\/heute-ein-buch-zum-internationalen-kindertag-rezension-verlosung\\\/#respond\"]}]},{\"@type\":\"WebPage\",\"@id\":\"https:\\\/\\\/www.heldenhaushalt.de\\\/sari02\\\/index.php\\\/2023\\\/06\\\/01\\\/heute-ein-buch-zum-internationalen-kindertag-rezension-verlosung\\\/\",\"url\":\"https:\\\/\\\/www.heldenhaushalt.de\\\/sari02\\\/index.php\\\/2023\\\/06\\\/01\\\/heute-ein-buch-zum-internationalen-kindertag-rezension-verlosung\\\/\",\"name\":\"Heute ein Buch zum internationalen Kindertag #Rezension #Verlosung\",\"isPartOf\":{\"@id\":\"https:\\\/\\\/www.heldenhaushalt.de\\\/sari02\\\/#website\"},\"primaryImageOfPage\":{\"@id\":\"https:\\\/\\\/www.heldenhaushalt.de\\\/sari02\\\/index.php\\\/2023\\\/06\\\/01\\\/heute-ein-buch-zum-internationalen-kindertag-rezension-verlosung\\\/#primaryimage\"},\"image\":{\"@id\":\"https:\\\/\\\/www.heldenhaushalt.de\\\/sari02\\\/index.php\\\/2023\\\/06\\\/01\\\/heute-ein-buch-zum-internationalen-kindertag-rezension-verlosung\\\/#primaryimage\"},\"thumbnailUrl\":\"https:\\\/\\\/www.heldenhaushalt.de\\\/sari02\\\/wp-content\\\/uploads\\\/2023\\\/06\\\/elefanten01.jpg\",\"datePublished\":\"2023-06-01T07:00:00+00:00\",\"dateModified\":\"2023-06-01T07:25:59+00:00\",\"description\":\"Am 01.06. ist traditionell auch immer der internationale Kindertag und an dem feiern wir, auch schon fast traditionell, \\\"Heute ein Buch\\\" ...\",\"breadcrumb\":{\"@id\":\"https:\\\/\\\/www.heldenhaushalt.de\\\/sari02\\\/index.php\\\/2023\\\/06\\\/01\\\/heute-ein-buch-zum-internationalen-kindertag-rezension-verlosung\\\/#breadcrumb\"},\"inLanguage\":\"de\",\"potentialAction\":[{\"@type\":\"ReadAction\",\"target\":[\"https:\\\/\\\/www.heldenhaushalt.de\\\/sari02\\\/index.php\\\/2023\\\/06\\\/01\\\/heute-ein-buch-zum-internationalen-kindertag-rezension-verlosung\\\/\"]}]},{\"@type\":\"ImageObject\",\"inLanguage\":\"de\",\"@id\":\"https:\\\/\\\/www.heldenhaushalt.de\\\/sari02\\\/index.php\\\/2023\\\/06\\\/01\\\/heute-ein-buch-zum-internationalen-kindertag-rezension-verlosung\\\/#primaryimage\",\"url\":\"https:\\\/\\\/www.heldenhaushalt.de\\\/sari02\\\/wp-content\\\/uploads\\\/2023\\\/06\\\/elefanten01.jpg\",\"contentUrl\":\"https:\\\/\\\/www.heldenhaushalt.de\\\/sari02\\\/wp-content\\\/uploads\\\/2023\\\/06\\\/elefanten01.jpg\",\"width\":1000,\"height\":703,\"caption\":\"Heute ein Buch\"},{\"@type\":\"BreadcrumbList\",\"@id\":\"https:\\\/\\\/www.heldenhaushalt.de\\\/sari02\\\/index.php\\\/2023\\\/06\\\/01\\\/heute-ein-buch-zum-internationalen-kindertag-rezension-verlosung\\\/#breadcrumb\",\"itemListElement\":[{\"@type\":\"ListItem\",\"position\":1,\"name\":\"Startseite\",\"item\":\"https:\\\/\\\/www.heldenhaushalt.de\\\/sari02\\\/\"},{\"@type\":\"ListItem\",\"position\":2,\"name\":\"Heute ein Buch zum internationalen Kindertag #Rezension #Verlosung\"}]},{\"@type\":\"WebSite\",\"@id\":\"https:\\\/\\\/www.heldenhaushalt.de\\\/sari02\\\/#website\",\"url\":\"https:\\\/\\\/www.heldenhaushalt.de\\\/sari02\\\/\",\"name\":\"Heldenhaushalt\",\"description\":\"Wer es ordentlich haben will, der muss vorher anrufen\",\"publisher\":{\"@id\":\"https:\\\/\\\/www.heldenhaushalt.de\\\/sari02\\\/#\\\/schema\\\/person\\\/a1cc69f42a01f412eb62c151353814f6\"},\"potentialAction\":[{\"@type\":\"SearchAction\",\"target\":{\"@type\":\"EntryPoint\",\"urlTemplate\":\"https:\\\/\\\/www.heldenhaushalt.de\\\/sari02\\\/?s={search_term_string}\"},\"query-input\":{\"@type\":\"PropertyValueSpecification\",\"valueRequired\":true,\"valueName\":\"search_term_string\"}}],\"inLanguage\":\"de\"},{\"@type\":[\"Person\",\"Organization\"],\"@id\":\"https:\\\/\\\/www.heldenhaushalt.de\\\/sari02\\\/#\\\/schema\\\/person\\\/a1cc69f42a01f412eb62c151353814f6\",\"name\":\"Sari\",\"image\":{\"@type\":\"ImageObject\",\"inLanguage\":\"de\",\"@id\":\"https:\\\/\\\/www.heldenhaushalt.de\\\/sari02\\\/wp-content\\\/uploads\\\/2019\\\/02\\\/sari-april2018.png\",\"url\":\"https:\\\/\\\/www.heldenhaushalt.de\\\/sari02\\\/wp-content\\\/uploads\\\/2019\\\/02\\\/sari-april2018.png\",\"contentUrl\":\"https:\\\/\\\/www.heldenhaushalt.de\\\/sari02\\\/wp-content\\\/uploads\\\/2019\\\/02\\\/sari-april2018.png\",\"width\":500,\"height\":500,\"caption\":\"Sari\"},\"logo\":{\"@id\":\"https:\\\/\\\/www.heldenhaushalt.de\\\/sari02\\\/wp-content\\\/uploads\\\/2019\\\/02\\\/sari-april2018.png\"},\"description\":\"Frau Mondgras \u2013 Das bin ich, Sari. Gerne auch als Sari Mondgras bekannt und im Internet zu finden. 2-Fach-Mutter, Heldenehefrau, Kreativling, Harmonies\u00fcchtig und st\u00e4ndig auf der Suche nach Gl\u00fcck. Ich komme aus Berlin, bin hier aufgewachsen und lebe hier seit ich denken kann.\",\"sameAs\":[\"https:\\\/\\\/www.instagram.com\\\/heldenhaushalt\\\/\"],\"url\":\"https:\\\/\\\/www.heldenhaushalt.de\\\/sari02\\\/index.php\\\/author\\\/admin\\\/\"}]}<\/script>\n<!-- \/ Yoast SEO plugin. -->","yoast_head_json":{"title":"Heute ein Buch zum internationalen Kindertag #Rezension #Verlosung","description":"Am 01.06. ist traditionell auch immer der internationale Kindertag und an dem feiern wir, auch schon fast traditionell, \"Heute ein Buch\" ...","robots":{"index":"index","follow":"follow","max-snippet":"max-snippet:-1","max-image-preview":"max-image-preview:large","max-video-preview":"max-video-preview:-1"},"canonical":"https:\/\/www.heldenhaushalt.de\/sari02\/index.php\/2023\/06\/01\/heute-ein-buch-zum-internationalen-kindertag-rezension-verlosung\/","og_locale":"de_DE","og_type":"article","og_title":"Heute ein Buch zum internationalen Kindertag #Rezension #Verlosung","og_description":"Am 01.06. ist traditionell auch immer der internationale Kindertag und an dem feiern wir, auch schon fast traditionell, \"Heute ein Buch\" ...","og_url":"https:\/\/www.heldenhaushalt.de\/sari02\/index.php\/2023\/06\/01\/heute-ein-buch-zum-internationalen-kindertag-rezension-verlosung\/","og_site_name":"Heldenhaushalt","article_published_time":"2023-06-01T07:00:00+00:00","article_modified_time":"2023-06-01T07:25:59+00:00","og_image":[{"width":1000,"height":703,"url":"https:\/\/www.heldenhaushalt.de\/sari02\/wp-content\/uploads\/2023\/06\/elefanten01.jpg","type":"image\/jpeg"}],"author":"Sari","twitter_card":"summary_large_image","twitter_creator":"@Heldenhaushalt","twitter_site":"@Heldenhaushalt","twitter_misc":{"Verfasst von":"Sari","Gesch\u00e4tzte Lesezeit":"5\u00a0Minuten"},"schema":{"@context":"https:\/\/schema.org","@graph":[{"@type":"Article","@id":"https:\/\/www.heldenhaushalt.de\/sari02\/index.php\/2023\/06\/01\/heute-ein-buch-zum-internationalen-kindertag-rezension-verlosung\/#article","isPartOf":{"@id":"https:\/\/www.heldenhaushalt.de\/sari02\/index.php\/2023\/06\/01\/heute-ein-buch-zum-internationalen-kindertag-rezension-verlosung\/"},"author":{"name":"Sari","@id":"https:\/\/www.heldenhaushalt.de\/sari02\/#\/schema\/person\/a1cc69f42a01f412eb62c151353814f6"},"headline":"Heute ein Buch zum internationalen Kindertag #Rezension #Verlosung","datePublished":"2023-06-01T07:00:00+00:00","dateModified":"2023-06-01T07:25:59+00:00","mainEntityOfPage":{"@id":"https:\/\/www.heldenhaushalt.de\/sari02\/index.php\/2023\/06\/01\/heute-ein-buch-zum-internationalen-kindertag-rezension-verlosung\/"},"wordCount":811,"commentCount":21,"publisher":{"@id":"https:\/\/www.heldenhaushalt.de\/sari02\/#\/schema\/person\/a1cc69f42a01f412eb62c151353814f6"},"image":{"@id":"https:\/\/www.heldenhaushalt.de\/sari02\/index.php\/2023\/06\/01\/heute-ein-buch-zum-internationalen-kindertag-rezension-verlosung\/#primaryimage"},"thumbnailUrl":"https:\/\/www.heldenhaushalt.de\/sari02\/wp-content\/uploads\/2023\/06\/elefanten01.jpg","keywords":["Bilderbuch","Buch","CARLSEN","Empfehlung","Gef\u00fchle","Heute ein Buch","internationaler Kindertag","Kinderbuch","Kindertag","Rezension"],"articleSection":["B\u00fccher","Empfehlungen","Gewinnspiel"],"inLanguage":"de","potentialAction":[{"@type":"CommentAction","name":"Comment","target":["https:\/\/www.heldenhaushalt.de\/sari02\/index.php\/2023\/06\/01\/heute-ein-buch-zum-internationalen-kindertag-rezension-verlosung\/#respond"]}]},{"@type":"WebPage","@id":"https:\/\/www.heldenhaushalt.de\/sari02\/index.php\/2023\/06\/01\/heute-ein-buch-zum-internationalen-kindertag-rezension-verlosung\/","url":"https:\/\/www.heldenhaushalt.de\/sari02\/index.php\/2023\/06\/01\/heute-ein-buch-zum-internationalen-kindertag-rezension-verlosung\/","name":"Heute ein Buch zum internationalen Kindertag #Rezension #Verlosung","isPartOf":{"@id":"https:\/\/www.heldenhaushalt.de\/sari02\/#website"},"primaryImageOfPage":{"@id":"https:\/\/www.heldenhaushalt.de\/sari02\/index.php\/2023\/06\/01\/heute-ein-buch-zum-internationalen-kindertag-rezension-verlosung\/#primaryimage"},"image":{"@id":"https:\/\/www.heldenhaushalt.de\/sari02\/index.php\/2023\/06\/01\/heute-ein-buch-zum-internationalen-kindertag-rezension-verlosung\/#primaryimage"},"thumbnailUrl":"https:\/\/www.heldenhaushalt.de\/sari02\/wp-content\/uploads\/2023\/06\/elefanten01.jpg","datePublished":"2023-06-01T07:00:00+00:00","dateModified":"2023-06-01T07:25:59+00:00","description":"Am 01.06. ist traditionell auch immer der internationale Kindertag und an dem feiern wir, auch schon fast traditionell, \"Heute ein Buch\" ...","breadcrumb":{"@id":"https:\/\/www.heldenhaushalt.de\/sari02\/index.php\/2023\/06\/01\/heute-ein-buch-zum-internationalen-kindertag-rezension-verlosung\/#breadcrumb"},"inLanguage":"de","potentialAction":[{"@type":"ReadAction","target":["https:\/\/www.heldenhaushalt.de\/sari02\/index.php\/2023\/06\/01\/heute-ein-buch-zum-internationalen-kindertag-rezension-verlosung\/"]}]},{"@type":"ImageObject","inLanguage":"de","@id":"https:\/\/www.heldenhaushalt.de\/sari02\/index.php\/2023\/06\/01\/heute-ein-buch-zum-internationalen-kindertag-rezension-verlosung\/#primaryimage","url":"https:\/\/www.heldenhaushalt.de\/sari02\/wp-content\/uploads\/2023\/06\/elefanten01.jpg","contentUrl":"https:\/\/www.heldenhaushalt.de\/sari02\/wp-content\/uploads\/2023\/06\/elefanten01.jpg","width":1000,"height":703,"caption":"Heute ein Buch"},{"@type":"BreadcrumbList","@id":"https:\/\/www.heldenhaushalt.de\/sari02\/index.php\/2023\/06\/01\/heute-ein-buch-zum-internationalen-kindertag-rezension-verlosung\/#breadcrumb","itemListElement":[{"@type":"ListItem","position":1,"name":"Startseite","item":"https:\/\/www.heldenhaushalt.de\/sari02\/"},{"@type":"ListItem","position":2,"name":"Heute ein Buch zum internationalen Kindertag #Rezension #Verlosung"}]},{"@type":"WebSite","@id":"https:\/\/www.heldenhaushalt.de\/sari02\/#website","url":"https:\/\/www.heldenhaushalt.de\/sari02\/","name":"Heldenhaushalt","description":"Wer es ordentlich haben will, der muss vorher anrufen","publisher":{"@id":"https:\/\/www.heldenhaushalt.de\/sari02\/#\/schema\/person\/a1cc69f42a01f412eb62c151353814f6"},"potentialAction":[{"@type":"SearchAction","target":{"@type":"EntryPoint","urlTemplate":"https:\/\/www.heldenhaushalt.de\/sari02\/?s={search_term_string}"},"query-input":{"@type":"PropertyValueSpecification","valueRequired":true,"valueName":"search_term_string"}}],"inLanguage":"de"},{"@type":["Person","Organization"],"@id":"https:\/\/www.heldenhaushalt.de\/sari02\/#\/schema\/person\/a1cc69f42a01f412eb62c151353814f6","name":"Sari","image":{"@type":"ImageObject","inLanguage":"de","@id":"https:\/\/www.heldenhaushalt.de\/sari02\/wp-content\/uploads\/2019\/02\/sari-april2018.png","url":"https:\/\/www.heldenhaushalt.de\/sari02\/wp-content\/uploads\/2019\/02\/sari-april2018.png","contentUrl":"https:\/\/www.heldenhaushalt.de\/sari02\/wp-content\/uploads\/2019\/02\/sari-april2018.png","width":500,"height":500,"caption":"Sari"},"logo":{"@id":"https:\/\/www.heldenhaushalt.de\/sari02\/wp-content\/uploads\/2019\/02\/sari-april2018.png"},"description":"Frau Mondgras \u2013 Das bin ich, Sari. Gerne auch als Sari Mondgras bekannt und im Internet zu finden. 2-Fach-Mutter, Heldenehefrau, Kreativling, Harmonies\u00fcchtig und st\u00e4ndig auf der Suche nach Gl\u00fcck. Ich komme aus Berlin, bin hier aufgewachsen und lebe hier seit ich denken kann.","sameAs":["https:\/\/www.instagram.com\/heldenhaushalt\/"],"url":"https:\/\/www.heldenhaushalt.de\/sari02\/index.php\/author\/admin\/"}]}},"views":1749,"_links":{"self":[{"href":"https:\/\/www.heldenhaushalt.de\/sari02\/index.php\/wp-json\/wp\/v2\/posts\/57927","targetHints":{"allow":["GET"]}}],"collection":[{"href":"https:\/\/www.heldenhaushalt.de\/sari02\/index.php\/wp-json\/wp\/v2\/posts"}],"about":[{"href":"https:\/\/www.heldenhaushalt.de\/sari02\/index.php\/wp-json\/wp\/v2\/types\/post"}],"author":[{"embeddable":true,"href":"https:\/\/www.heldenhaushalt.de\/sari02\/index.php\/wp-json\/wp\/v2\/users\/1"}],"replies":[{"embeddable":true,"href":"https:\/\/www.heldenhaushalt.de\/sari02\/index.php\/wp-json\/wp\/v2\/comments?post=57927"}],"version-history":[{"count":2,"href":"https:\/\/www.heldenhaushalt.de\/sari02\/index.php\/wp-json\/wp\/v2\/posts\/57927\/revisions"}],"predecessor-version":[{"id":58130,"href":"https:\/\/www.heldenhaushalt.de\/sari02\/index.php\/wp-json\/wp\/v2\/posts\/57927\/revisions\/58130"}],"wp:featuredmedia":[{"embeddable":true,"href":"https:\/\/www.heldenhaushalt.de\/sari02\/index.php\/wp-json\/wp\/v2\/media\/58128"}],"wp:attachment":[{"href":"https:\/\/www.heldenhaushalt.de\/sari02\/index.php\/wp-json\/wp\/v2\/media?parent=57927"}],"wp:term":[{"taxonomy":"category","embeddable":true,"href":"https:\/\/www.heldenhaushalt.de\/sari02\/index.php\/wp-json\/wp\/v2\/categories?post=57927"},{"taxonomy":"post_tag","embeddable":true,"href":"https:\/\/www.heldenhaushalt.de\/sari02\/index.php\/wp-json\/wp\/v2\/tags?post=57927"}],"curies":[{"name":"wp","href":"https:\/\/api.w.org\/{rel}","templated":true}]}}