{"id":59031,"date":"2023-09-08T10:16:57","date_gmt":"2023-09-08T08:16:57","guid":{"rendered":"https:\/\/www.heldenhaushalt.de\/sari02\/?p=59031"},"modified":"2023-09-08T10:16:57","modified_gmt":"2023-09-08T08:16:57","slug":"unsere-wochenlieblinge-362023-nochmal-so-richtig-sommer","status":"publish","type":"post","link":"https:\/\/www.heldenhaushalt.de\/sari02\/index.php\/2023\/09\/08\/unsere-wochenlieblinge-362023-nochmal-so-richtig-sommer\/","title":{"rendered":"Unsere Wochenlieblinge 36\/2023 &#8211; Nochmal so richtig Sommer!"},"content":{"rendered":"<p style=\"text-align: right;\"><small>Enth&#228;lt (unbezahlte) Werbung*<\/small><\/p>\n<p>Obwohl der Sommer mit &#252;ber 30 Grad diese Woche nochmal so richtig aufdreht, gibt es f&#252;r diese Wochenlieblinge bereits die erste K&#252;rbissuppe in diesem Herbst. Jawohl&#8230;trotz Hitze vor der T&#252;r, wird der Bauch von innen gew&#228;rmt. Ich liebe K&#252;rbissuppe einfach. Genau wie Flammkuchen. Das d&#252;rfte es das ganze Jahr bei mir geben. Vielleicht noch ein sicheres Anzeichen daf&#252;r, dass ich im Herzen ein Herbstkind bin? Wer wei&#223;&#8230;<\/p>\n<h2>Unsere Wochenlieblinge in dieser Woche\u2026<\/h2>\n<p><img loading=\"lazy\" decoding=\"async\" class=\"alignnone size-full wp-image-59033\" src=\"https:\/\/www.heldenhaushalt.de\/sari02\/wp-content\/uploads\/2023\/09\/36-01.jpg\" alt=\"KI\" width=\"1000\" height=\"1000\" srcset=\"https:\/\/www.heldenhaushalt.de\/sari02\/wp-content\/uploads\/2023\/09\/36-01.jpg 1000w, https:\/\/www.heldenhaushalt.de\/sari02\/wp-content\/uploads\/2023\/09\/36-01-300x300.jpg 300w, https:\/\/www.heldenhaushalt.de\/sari02\/wp-content\/uploads\/2023\/09\/36-01-150x150.jpg 150w, https:\/\/www.heldenhaushalt.de\/sari02\/wp-content\/uploads\/2023\/09\/36-01-768x768.jpg 768w, https:\/\/www.heldenhaushalt.de\/sari02\/wp-content\/uploads\/2023\/09\/36-01-435x435.jpg 435w, https:\/\/www.heldenhaushalt.de\/sari02\/wp-content\/uploads\/2023\/09\/36-01-60x60.jpg 60w\" sizes=\"auto, (max-width: 1000px) 100vw, 1000px\" \/><\/p>\n<p>Ich bin echt immer noch ganz geflasht von dieser KI von Fotor, die ich euch letzte Woche schon zeigte. Ich liebe die Cartoon Version von mir, auch wenn man hier deutlicher sieht, was sie ver&#228;ndert hat. Sie hat meine Augen etwas gr&#246;&#223;er und meine Lippen etwas voller gemacht. Aber dennoch. WOW! Oder? Alleine das Muster vom Pulli&#8230;<\/p>\n<p><img loading=\"lazy\" decoding=\"async\" class=\"alignnone size-full wp-image-59035\" src=\"https:\/\/www.heldenhaushalt.de\/sari02\/wp-content\/uploads\/2023\/09\/36-03.jpg\" alt=\"Wochenlieblinge\" width=\"1000\" height=\"736\" srcset=\"https:\/\/www.heldenhaushalt.de\/sari02\/wp-content\/uploads\/2023\/09\/36-03.jpg 1000w, https:\/\/www.heldenhaushalt.de\/sari02\/wp-content\/uploads\/2023\/09\/36-03-300x221.jpg 300w, https:\/\/www.heldenhaushalt.de\/sari02\/wp-content\/uploads\/2023\/09\/36-03-768x565.jpg 768w, https:\/\/www.heldenhaushalt.de\/sari02\/wp-content\/uploads\/2023\/09\/36-03-82x60.jpg 82w\" sizes=\"auto, (max-width: 1000px) 100vw, 1000px\" \/><\/p>\n<p>Der kleine Sohn hatte diese Woche total Lust auf Spiele. Keine Ahnung, wo das auf einmal her kam, aber diese Woche spielten wir schon Halli Galli, Karten und das verr&#252;ckte Labyrinth&#8230;davon haben wir &#252;brigens einige Varianten hier. Unter anderem eine <a href=\"https:\/\/www.heldenhaushalt.de\/sari02\/index.php\/2019\/12\/28\/spielezeit-zwischen-den-jahren-ravensburger-3d-labyrinth-werbung\/\">mit mehreren Ebenen<\/a>. Aber es geh&#246;rt schon seit ich ein Kind bin zu meinen Lieblingsspielen. Habt ihr auch eines?<\/p>\n<p><img loading=\"lazy\" decoding=\"async\" class=\"alignnone size-full wp-image-59036\" src=\"https:\/\/www.heldenhaushalt.de\/sari02\/wp-content\/uploads\/2023\/09\/36-04.jpg\" alt=\"Wochenlieblinge\" width=\"1000\" height=\"738\" srcset=\"https:\/\/www.heldenhaushalt.de\/sari02\/wp-content\/uploads\/2023\/09\/36-04.jpg 1000w, https:\/\/www.heldenhaushalt.de\/sari02\/wp-content\/uploads\/2023\/09\/36-04-300x221.jpg 300w, https:\/\/www.heldenhaushalt.de\/sari02\/wp-content\/uploads\/2023\/09\/36-04-768x567.jpg 768w, https:\/\/www.heldenhaushalt.de\/sari02\/wp-content\/uploads\/2023\/09\/36-04-81x60.jpg 81w\" sizes=\"auto, (max-width: 1000px) 100vw, 1000px\" \/><\/p>\n<p>Diese Woche kam eine lang ersehnte Bestellung an. Wirklich&#8230; ich habe Wochen darauf gewartet, weil es aus England kam, wie es scheint. Aber ich liebe das Design. Vor allem von dem Pulli. Daher wurmt es mich glatt, dass es gerade wieder so warm ist. Aber seine Zeit wird kommen&#8230;jawohl!<\/p>\n<p><img loading=\"lazy\" decoding=\"async\" class=\"alignnone size-full wp-image-59037\" src=\"https:\/\/www.heldenhaushalt.de\/sari02\/wp-content\/uploads\/2023\/09\/36-05.jpg\" alt=\"Kost&#252;m\" width=\"1000\" height=\"750\" srcset=\"https:\/\/www.heldenhaushalt.de\/sari02\/wp-content\/uploads\/2023\/09\/36-05.jpg 1000w, https:\/\/www.heldenhaushalt.de\/sari02\/wp-content\/uploads\/2023\/09\/36-05-300x225.jpg 300w, https:\/\/www.heldenhaushalt.de\/sari02\/wp-content\/uploads\/2023\/09\/36-05-768x576.jpg 768w, https:\/\/www.heldenhaushalt.de\/sari02\/wp-content\/uploads\/2023\/09\/36-05-80x60.jpg 80w\" sizes=\"auto, (max-width: 1000px) 100vw, 1000px\" \/><\/p>\n<p>Nach Jahre langem Suchen habe ich nun auch endlich ein Kleid f&#252;r Halloween. Seit Jahren m&#246;chte ich mich so verkleiden und nun habe ich eine Variante, die ich ganz s&#252;&#223; finde. Eventuell hier und da nochmal eine Naht anpassen und einen G&#252;rtel dazu, aber ich glaube das wird cool. Die Per&#252;cke dazu wird &#252;brigens rot. Habt ihr eine Idee, um welches Thema es geht?<\/p>\n<p><img loading=\"lazy\" decoding=\"async\" class=\"alignnone size-full wp-image-59039\" src=\"https:\/\/www.heldenhaushalt.de\/sari02\/wp-content\/uploads\/2023\/09\/36-07.jpg\" alt=\"Wochenlieblinge\" width=\"1000\" height=\"773\" srcset=\"https:\/\/www.heldenhaushalt.de\/sari02\/wp-content\/uploads\/2023\/09\/36-07.jpg 1000w, https:\/\/www.heldenhaushalt.de\/sari02\/wp-content\/uploads\/2023\/09\/36-07-300x232.jpg 300w, https:\/\/www.heldenhaushalt.de\/sari02\/wp-content\/uploads\/2023\/09\/36-07-768x594.jpg 768w, https:\/\/www.heldenhaushalt.de\/sari02\/wp-content\/uploads\/2023\/09\/36-07-78x60.jpg 78w\" sizes=\"auto, (max-width: 1000px) 100vw, 1000px\" \/><\/p>\n<p>Entdeckung der Woche: Disney Figuren in den &#220;-Eiern und NAT&#220;RLICH wollen wir unbedingt Stitch haben! Bisher hatten wir Pech, aber wir bleiben dran. Ganz verr&#252;ckt finde ich den Trend in den Stories ja, wo sie die Eier wiegen, den Zahlencode checken, 7 Eier abz&#228;hlen usw&#8230; Bisher stimmte nur, dass in den dunkleren Eiern die Figuren sind und das kann man ja schlecht von au&#223;en sehen.<\/p>\n<p><img loading=\"lazy\" decoding=\"async\" class=\"alignnone size-full wp-image-59040\" src=\"https:\/\/www.heldenhaushalt.de\/sari02\/wp-content\/uploads\/2023\/09\/36-08.jpg\" alt=\"Wochenlieblinge\" width=\"1000\" height=\"726\" srcset=\"https:\/\/www.heldenhaushalt.de\/sari02\/wp-content\/uploads\/2023\/09\/36-08.jpg 1000w, https:\/\/www.heldenhaushalt.de\/sari02\/wp-content\/uploads\/2023\/09\/36-08-300x218.jpg 300w, https:\/\/www.heldenhaushalt.de\/sari02\/wp-content\/uploads\/2023\/09\/36-08-768x558.jpg 768w, https:\/\/www.heldenhaushalt.de\/sari02\/wp-content\/uploads\/2023\/09\/36-08-83x60.jpg 83w\" sizes=\"auto, (max-width: 1000px) 100vw, 1000px\" \/><\/p>\n<p>Und nun ist auch der kleine Sohn gl&#252;cklich. Er wollte dieses Jahr unbedingt ein Pok\u00e9mon Kost&#252;m, nachdem nun nicht nur sein gro&#223;er Bruder aus dem Pikachu und Glumanda Anzug rausgewachsen ist, sondern eben auch der kleine Sohn. Durch Zufall entdeckten wir ein passendes im Klamottenladen beim Einkaufen. Es ist einfach perfekt. Pok\u00e9mon, Kuschelanzug und dann auch noch ein Geistwesen. Ideal f&#252;r Halloween. Wisst ihr schon, als was ihr euch verkleidet dieses Jahr? Wenn &#252;berhaupt nat&#252;rlich.<\/p>\n<h2>Zeit f&#252;r die Freitagsfragen!<\/h2>\n<p><img loading=\"lazy\" decoding=\"async\" class=\"alignnone size-full wp-image-59038\" src=\"https:\/\/www.heldenhaushalt.de\/sari02\/wp-content\/uploads\/2023\/09\/36-06.jpg\" alt=\"Laufen\" width=\"1000\" height=\"718\" srcset=\"https:\/\/www.heldenhaushalt.de\/sari02\/wp-content\/uploads\/2023\/09\/36-06.jpg 1000w, https:\/\/www.heldenhaushalt.de\/sari02\/wp-content\/uploads\/2023\/09\/36-06-300x215.jpg 300w, https:\/\/www.heldenhaushalt.de\/sari02\/wp-content\/uploads\/2023\/09\/36-06-768x551.jpg 768w, https:\/\/www.heldenhaushalt.de\/sari02\/wp-content\/uploads\/2023\/09\/36-06-84x60.jpg 84w\" sizes=\"auto, (max-width: 1000px) 100vw, 1000px\" \/><\/p>\n<p>Da es diese Woche so komisch warm am Tag war, beschlossen der Mann und ich morgens eine Runde laufen zu gehen. Da ist die Luft aktuell tats&#228;chlich am besten und man kann das gut machen, bevor die Arbeit los geht. Also Kind zur Schule gebracht und losgelaufen.<\/p>\n<p><strong>Und zum Abschluss auch diese Woche wieder die&nbsp;<a href=\"https:\/\/scrapimpulse.com\/2023\/09\/freitagstipps-freitagsfueller-746\/\" target=\"_blank\" rel=\"noopener\">Freitagsf&#252;ller von Babara<\/a>.<\/strong><\/p>\n<p><strong>1.<\/strong> Was ist <span style=\"color: #ff9900;\">eigentlich mit den Menschen da drau&#223;en los<\/span>.<br \/>\n<strong>2.<\/strong> <span style=\"color: #ff9900;\">Sich gegenseitig zu unterst&#252;tzen ist eigentlich immer<\/span> eine gute Idee.<br \/>\n<strong>3.<\/strong> Ich gehe gerne<span style=\"color: #ff9900;\"> mal einfach so eine kleine Runde spazieren, um den Kopf frei zu pusten<\/span>.<br \/>\n<strong>4.<\/strong> <span style=\"color: #ff9900;\">Es gibt bestimmte Menschen, die will ich gerne mal als Dankesch&#246;n<\/span> zum Abendessen einladen.<br \/>\n<strong>5.<\/strong> Es gef&#228;llt mir nicht, <span style=\"color: #ff9900;\">dass manche Menschen so schnell ein Urteil &#252;ber andere f&#228;llen und dabei selber nicht besser sind<\/span>.<br \/>\n<strong>6.<\/strong> <span style=\"color: #ff9900;\">Ich bef&#252;rchte das gute Wetter<\/span> wird nicht lange bleiben .<br \/>\n<strong>7.<\/strong> Was das Wochenende angeht, heute Abend freue ich mich auf <span style=\"color: #ff9900;\">Lego Masters mit dem kleinen Sohn<\/span>, morgen habe ich geplant, <span style=\"color: #ff9900;\">mit der Familie die letzten Sommertage zu feiern<\/span> und Sonntag m&#246;chte ich <span style=\"color: #ff9900;\">indisch essen<\/span>!<\/p>\n<p><small>*<strong>Anmerkung:<\/strong>&nbsp;Der Artikel &#252;ber unsere Wochenlieblinge enth&#228;lt evtl. Bilder mit Produkten, die wir in unserem Alltag nutzen oder Linkempfehlungen. Wir haben keine Bezahlung f&#252;r das Zeigen oder Nutzen derselbigen erhalten. Affiliate Links sind als solche markiert.<\/small><\/p>\n","protected":false},"excerpt":{"rendered":"<p>Enth&#228;lt (unbezahlte) Werbung* Obwohl der Sommer mit &#252;ber 30 Grad diese Woche nochmal so richtig aufdreht, gibt es f&#252;r diese Wochenlieblinge bereits die erste K&#252;rbissuppe in diesem Herbst. Jawohl&#8230;trotz Hitze vor der T&#252;r, wird der Bauch von innen gew&#228;rmt. Ich liebe K&#252;rbissuppe einfach. Genau wie Flammkuchen. Das d&#252;rfte es das ganze Jahr bei mir geben. Vielleicht noch ein sicheres Anzeichen daf&#252;r, dass ich im Herzen ein Herbstkind bin? Wer wei&#223;&#8230; Unsere Wochenlieblinge in dieser Woche\u2026 Ich bin echt immer noch ganz geflasht von dieser KI von Fotor, die ich euch letzte Woche schon zeigte. Ich liebe die Cartoon Version von mir, auch wenn man hier deutlicher sieht, was sie ver&#228;ndert hat. Sie hat meine Augen etwas gr&#246;&#223;er und meine Lippen etwas voller gemacht. Aber dennoch. WOW! Oder? Alleine das Muster vom Pulli&#8230; Der kleine Sohn hatte diese Woche total Lust auf Spiele. Keine Ahnung, wo das auf einmal her kam, aber diese Woche spielten wir schon Halli Galli, Karten und das verr&#252;ckte Labyrinth&#8230;davon haben wir &#252;brigens einige Varianten hier. Unter anderem eine mit mehreren Ebenen. Aber es geh&#246;rt schon seit ich ein Kind bin zu meinen Lieblingsspielen. Habt ihr auch eines? Diese Woche kam eine lang ersehnte Bestellung an. Wirklich&#8230; ich habe Wochen darauf gewartet, weil es aus England kam, wie es scheint. Aber ich liebe das Design. Vor allem von dem Pulli. Daher wurmt es mich glatt, dass es gerade wieder so warm ist. Aber seine Zeit wird kommen&#8230;jawohl! Nach Jahre langem Suchen habe ich nun auch endlich ein Kleid f&#252;r Halloween. Seit Jahren m&#246;chte ich mich so verkleiden und nun habe ich eine Variante, die ich ganz s&#252;&#223; finde. Eventuell hier und da nochmal eine Naht anpassen und einen G&#252;rtel dazu, aber ich glaube das wird cool. Die Per&#252;cke dazu wird &#252;brigens rot. Habt ihr eine Idee, um welches Thema es geht? Entdeckung der Woche: Disney Figuren in den &#220;-Eiern und NAT&#220;RLICH wollen wir unbedingt Stitch haben! Bisher hatten wir Pech, aber wir bleiben dran. Ganz verr&#252;ckt finde ich den Trend in den Stories ja, wo sie die Eier wiegen, den Zahlencode checken, 7 Eier abz&#228;hlen usw&#8230; Bisher stimmte nur, dass in den dunkleren Eiern die Figuren sind und das kann man ja schlecht von au&#223;en sehen. Und nun ist auch der kleine Sohn gl&#252;cklich. Er wollte dieses Jahr unbedingt ein Pok\u00e9mon Kost&#252;m, nachdem nun nicht nur sein gro&#223;er Bruder aus dem Pikachu und Glumanda Anzug rausgewachsen ist, sondern eben auch der kleine Sohn. Durch Zufall entdeckten wir ein passendes im Klamottenladen beim Einkaufen. Es ist einfach perfekt. Pok\u00e9mon, Kuschelanzug und dann auch noch ein Geistwesen. Ideal f&#252;r Halloween. Wisst ihr schon, als was ihr euch verkleidet dieses Jahr? Wenn &#252;berhaupt nat&#252;rlich. Zeit f&#252;r die Freitagsfragen! Da es diese Woche so komisch warm am Tag war, beschlossen der Mann und ich morgens eine Runde laufen zu gehen. Da ist die Luft aktuell tats&#228;chlich am besten und man kann das gut machen, bevor die Arbeit los geht. Also Kind zur Schule gebracht und losgelaufen. Und zum Abschluss auch diese Woche wieder die&nbsp;Freitagsf&#252;ller von Babara. 1. Was ist eigentlich mit den Menschen da drau&#223;en los. 2. Sich gegenseitig zu unterst&#252;tzen ist eigentlich immer eine gute Idee. 3. Ich gehe gerne mal einfach so eine kleine Runde spazieren, um den Kopf frei zu pusten. 4. Es gibt bestimmte Menschen, die will ich gerne mal als Dankesch&#246;n zum Abendessen einladen. 5. Es gef&#228;llt mir nicht, dass manche Menschen so schnell ein Urteil &#252;ber andere f&#228;llen und dabei selber nicht besser sind. 6. Ich bef&#252;rchte das gute Wetter wird nicht lange bleiben . 7. Was das Wochenende angeht, heute Abend freue ich mich auf Lego Masters mit dem kleinen Sohn, morgen habe ich geplant, mit der Familie die letzten Sommertage zu feiern und Sonntag m&#246;chte ich indisch essen! *Anmerkung:&nbsp;Der Artikel &#252;ber unsere Wochenlieblinge enth&#228;lt evtl. Bilder mit Produkten, die wir in unserem Alltag nutzen oder Linkempfehlungen. Wir haben keine Bezahlung f&#252;r das Zeigen oder Nutzen derselbigen erhalten. Affiliate Links sind als solche markiert.<\/p>\n","protected":false},"author":1,"featured_media":59034,"comment_status":"open","ping_status":"open","sticky":false,"template":"","format":"standard","meta":{"ngg_post_thumbnail":0,"footnotes":""},"categories":[323,49],"tags":[781,45,69,3125,472,81,199,1215,358,872,2161],"class_list":["post-59031","post","type-post","status-publish","format-standard","has-post-thumbnail","hentry","category-alltag","category-blogspaehre","tag-freitagslieblinge","tag-alltag","tag-familie","tag-freitagsfueller","tag-halloween","tag-kinder","tag-rueckblick","tag-schule","tag-sommer","tag-woche","tag-wochenlieblinge"],"yoast_head":"<!-- This site is optimized with the Yoast SEO plugin v27.5 - https:\/\/yoast.com\/product\/yoast-seo-wordpress\/ -->\n<title>Unsere Wochenlieblinge 36\/2023 - Nochmal so richtig Sommer! - Heldenhaushalt<\/title>\n<meta name=\"description\" content=\"Obwohl der Sommer mit \u00fcber 30 Grad diese Woche nochmal so richtig aufdreht, gibt es f\u00fcr diese Wochenlieblinge bereits die erste K\u00fcrbissuppe...\" \/>\n<meta name=\"robots\" content=\"index, follow, max-snippet:-1, max-image-preview:large, max-video-preview:-1\" \/>\n<link rel=\"canonical\" href=\"https:\/\/www.heldenhaushalt.de\/sari02\/index.php\/2023\/09\/08\/unsere-wochenlieblinge-362023-nochmal-so-richtig-sommer\/\" \/>\n<meta property=\"og:locale\" content=\"de_DE\" \/>\n<meta property=\"og:type\" content=\"article\" \/>\n<meta property=\"og:title\" content=\"Unsere Wochenlieblinge 36\/2023 - Nochmal so richtig Sommer! - Heldenhaushalt\" \/>\n<meta property=\"og:description\" content=\"Obwohl der Sommer mit \u00fcber 30 Grad diese Woche nochmal so richtig aufdreht, gibt es f\u00fcr diese Wochenlieblinge bereits die erste K\u00fcrbissuppe...\" \/>\n<meta property=\"og:url\" content=\"https:\/\/www.heldenhaushalt.de\/sari02\/index.php\/2023\/09\/08\/unsere-wochenlieblinge-362023-nochmal-so-richtig-sommer\/\" \/>\n<meta property=\"og:site_name\" content=\"Heldenhaushalt\" \/>\n<meta property=\"article:published_time\" content=\"2023-09-08T08:16:57+00:00\" \/>\n<meta property=\"og:image\" content=\"https:\/\/www.heldenhaushalt.de\/sari02\/wp-content\/uploads\/2023\/09\/36-02.jpg\" \/>\n\t<meta property=\"og:image:width\" content=\"1000\" \/>\n\t<meta property=\"og:image:height\" content=\"691\" \/>\n\t<meta property=\"og:image:type\" content=\"image\/jpeg\" \/>\n<meta name=\"author\" content=\"Sari\" \/>\n<meta name=\"twitter:card\" content=\"summary_large_image\" \/>\n<meta name=\"twitter:creator\" content=\"@Heldenhaushalt\" \/>\n<meta name=\"twitter:site\" content=\"@Heldenhaushalt\" \/>\n<meta name=\"twitter:label1\" content=\"Verfasst von\" \/>\n\t<meta name=\"twitter:data1\" content=\"Sari\" \/>\n\t<meta name=\"twitter:label2\" content=\"Gesch\u00e4tzte Lesezeit\" \/>\n\t<meta name=\"twitter:data2\" content=\"6\u00a0Minuten\" \/>\n<script type=\"application\/ld+json\" class=\"yoast-schema-graph\">{\"@context\":\"https:\\\/\\\/schema.org\",\"@graph\":[{\"@type\":\"Article\",\"@id\":\"https:\\\/\\\/www.heldenhaushalt.de\\\/sari02\\\/index.php\\\/2023\\\/09\\\/08\\\/unsere-wochenlieblinge-362023-nochmal-so-richtig-sommer\\\/#article\",\"isPartOf\":{\"@id\":\"https:\\\/\\\/www.heldenhaushalt.de\\\/sari02\\\/index.php\\\/2023\\\/09\\\/08\\\/unsere-wochenlieblinge-362023-nochmal-so-richtig-sommer\\\/\"},\"author\":{\"name\":\"Sari\",\"@id\":\"https:\\\/\\\/www.heldenhaushalt.de\\\/sari02\\\/#\\\/schema\\\/person\\\/a1cc69f42a01f412eb62c151353814f6\"},\"headline\":\"Unsere Wochenlieblinge 36\\\/2023 &#8211; Nochmal so richtig Sommer!\",\"datePublished\":\"2023-09-08T08:16:57+00:00\",\"mainEntityOfPage\":{\"@id\":\"https:\\\/\\\/www.heldenhaushalt.de\\\/sari02\\\/index.php\\\/2023\\\/09\\\/08\\\/unsere-wochenlieblinge-362023-nochmal-so-richtig-sommer\\\/\"},\"wordCount\":703,\"commentCount\":0,\"publisher\":{\"@id\":\"https:\\\/\\\/www.heldenhaushalt.de\\\/sari02\\\/#\\\/schema\\\/person\\\/a1cc69f42a01f412eb62c151353814f6\"},\"image\":{\"@id\":\"https:\\\/\\\/www.heldenhaushalt.de\\\/sari02\\\/index.php\\\/2023\\\/09\\\/08\\\/unsere-wochenlieblinge-362023-nochmal-so-richtig-sommer\\\/#primaryimage\"},\"thumbnailUrl\":\"https:\\\/\\\/www.heldenhaushalt.de\\\/sari02\\\/wp-content\\\/uploads\\\/2023\\\/09\\\/36-02.jpg\",\"keywords\":[\"#Freitagslieblinge\",\"Allt\u00e4glich\",\"Familie\",\"Freitagsf\u00fcller\",\"Halloween\",\"Kinder\",\"R\u00fcckblick\",\"Schule\",\"Sommer\",\"Woche\",\"Wochenlieblinge\"],\"articleSection\":[\"Alltagschaos\",\"Blogsph\u00e4re\"],\"inLanguage\":\"de\",\"potentialAction\":[{\"@type\":\"CommentAction\",\"name\":\"Comment\",\"target\":[\"https:\\\/\\\/www.heldenhaushalt.de\\\/sari02\\\/index.php\\\/2023\\\/09\\\/08\\\/unsere-wochenlieblinge-362023-nochmal-so-richtig-sommer\\\/#respond\"]}]},{\"@type\":\"WebPage\",\"@id\":\"https:\\\/\\\/www.heldenhaushalt.de\\\/sari02\\\/index.php\\\/2023\\\/09\\\/08\\\/unsere-wochenlieblinge-362023-nochmal-so-richtig-sommer\\\/\",\"url\":\"https:\\\/\\\/www.heldenhaushalt.de\\\/sari02\\\/index.php\\\/2023\\\/09\\\/08\\\/unsere-wochenlieblinge-362023-nochmal-so-richtig-sommer\\\/\",\"name\":\"Unsere Wochenlieblinge 36\\\/2023 - Nochmal so richtig Sommer! - Heldenhaushalt\",\"isPartOf\":{\"@id\":\"https:\\\/\\\/www.heldenhaushalt.de\\\/sari02\\\/#website\"},\"primaryImageOfPage\":{\"@id\":\"https:\\\/\\\/www.heldenhaushalt.de\\\/sari02\\\/index.php\\\/2023\\\/09\\\/08\\\/unsere-wochenlieblinge-362023-nochmal-so-richtig-sommer\\\/#primaryimage\"},\"image\":{\"@id\":\"https:\\\/\\\/www.heldenhaushalt.de\\\/sari02\\\/index.php\\\/2023\\\/09\\\/08\\\/unsere-wochenlieblinge-362023-nochmal-so-richtig-sommer\\\/#primaryimage\"},\"thumbnailUrl\":\"https:\\\/\\\/www.heldenhaushalt.de\\\/sari02\\\/wp-content\\\/uploads\\\/2023\\\/09\\\/36-02.jpg\",\"datePublished\":\"2023-09-08T08:16:57+00:00\",\"description\":\"Obwohl der Sommer mit \u00fcber 30 Grad diese Woche nochmal so richtig aufdreht, gibt es f\u00fcr diese Wochenlieblinge bereits die erste K\u00fcrbissuppe...\",\"breadcrumb\":{\"@id\":\"https:\\\/\\\/www.heldenhaushalt.de\\\/sari02\\\/index.php\\\/2023\\\/09\\\/08\\\/unsere-wochenlieblinge-362023-nochmal-so-richtig-sommer\\\/#breadcrumb\"},\"inLanguage\":\"de\",\"potentialAction\":[{\"@type\":\"ReadAction\",\"target\":[\"https:\\\/\\\/www.heldenhaushalt.de\\\/sari02\\\/index.php\\\/2023\\\/09\\\/08\\\/unsere-wochenlieblinge-362023-nochmal-so-richtig-sommer\\\/\"]}]},{\"@type\":\"ImageObject\",\"inLanguage\":\"de\",\"@id\":\"https:\\\/\\\/www.heldenhaushalt.de\\\/sari02\\\/index.php\\\/2023\\\/09\\\/08\\\/unsere-wochenlieblinge-362023-nochmal-so-richtig-sommer\\\/#primaryimage\",\"url\":\"https:\\\/\\\/www.heldenhaushalt.de\\\/sari02\\\/wp-content\\\/uploads\\\/2023\\\/09\\\/36-02.jpg\",\"contentUrl\":\"https:\\\/\\\/www.heldenhaushalt.de\\\/sari02\\\/wp-content\\\/uploads\\\/2023\\\/09\\\/36-02.jpg\",\"width\":1000,\"height\":691,\"caption\":\"K\u00fcrbissuppe\"},{\"@type\":\"BreadcrumbList\",\"@id\":\"https:\\\/\\\/www.heldenhaushalt.de\\\/sari02\\\/index.php\\\/2023\\\/09\\\/08\\\/unsere-wochenlieblinge-362023-nochmal-so-richtig-sommer\\\/#breadcrumb\",\"itemListElement\":[{\"@type\":\"ListItem\",\"position\":1,\"name\":\"Startseite\",\"item\":\"https:\\\/\\\/www.heldenhaushalt.de\\\/sari02\\\/\"},{\"@type\":\"ListItem\",\"position\":2,\"name\":\"Unsere Wochenlieblinge 36\\\/2023 &#8211; Nochmal so richtig Sommer!\"}]},{\"@type\":\"WebSite\",\"@id\":\"https:\\\/\\\/www.heldenhaushalt.de\\\/sari02\\\/#website\",\"url\":\"https:\\\/\\\/www.heldenhaushalt.de\\\/sari02\\\/\",\"name\":\"Heldenhaushalt\",\"description\":\"Wer es ordentlich haben will, der muss vorher anrufen\",\"publisher\":{\"@id\":\"https:\\\/\\\/www.heldenhaushalt.de\\\/sari02\\\/#\\\/schema\\\/person\\\/a1cc69f42a01f412eb62c151353814f6\"},\"potentialAction\":[{\"@type\":\"SearchAction\",\"target\":{\"@type\":\"EntryPoint\",\"urlTemplate\":\"https:\\\/\\\/www.heldenhaushalt.de\\\/sari02\\\/?s={search_term_string}\"},\"query-input\":{\"@type\":\"PropertyValueSpecification\",\"valueRequired\":true,\"valueName\":\"search_term_string\"}}],\"inLanguage\":\"de\"},{\"@type\":[\"Person\",\"Organization\"],\"@id\":\"https:\\\/\\\/www.heldenhaushalt.de\\\/sari02\\\/#\\\/schema\\\/person\\\/a1cc69f42a01f412eb62c151353814f6\",\"name\":\"Sari\",\"image\":{\"@type\":\"ImageObject\",\"inLanguage\":\"de\",\"@id\":\"https:\\\/\\\/www.heldenhaushalt.de\\\/sari02\\\/wp-content\\\/uploads\\\/2019\\\/02\\\/sari-april2018.png\",\"url\":\"https:\\\/\\\/www.heldenhaushalt.de\\\/sari02\\\/wp-content\\\/uploads\\\/2019\\\/02\\\/sari-april2018.png\",\"contentUrl\":\"https:\\\/\\\/www.heldenhaushalt.de\\\/sari02\\\/wp-content\\\/uploads\\\/2019\\\/02\\\/sari-april2018.png\",\"width\":500,\"height\":500,\"caption\":\"Sari\"},\"logo\":{\"@id\":\"https:\\\/\\\/www.heldenhaushalt.de\\\/sari02\\\/wp-content\\\/uploads\\\/2019\\\/02\\\/sari-april2018.png\"},\"description\":\"Frau Mondgras \u2013 Das bin ich, Sari. Gerne auch als Sari Mondgras bekannt und im Internet zu finden. 2-Fach-Mutter, Heldenehefrau, Kreativling, Harmonies\u00fcchtig und st\u00e4ndig auf der Suche nach Gl\u00fcck. Ich komme aus Berlin, bin hier aufgewachsen und lebe hier seit ich denken kann.\",\"sameAs\":[\"https:\\\/\\\/www.instagram.com\\\/heldenhaushalt\\\/\"],\"url\":\"https:\\\/\\\/www.heldenhaushalt.de\\\/sari02\\\/index.php\\\/author\\\/admin\\\/\"}]}<\/script>\n<!-- \/ Yoast SEO plugin. -->","yoast_head_json":{"title":"Unsere Wochenlieblinge 36\/2023 - Nochmal so richtig Sommer! - Heldenhaushalt","description":"Obwohl der Sommer mit \u00fcber 30 Grad diese Woche nochmal so richtig aufdreht, gibt es f\u00fcr diese Wochenlieblinge bereits die erste K\u00fcrbissuppe...","robots":{"index":"index","follow":"follow","max-snippet":"max-snippet:-1","max-image-preview":"max-image-preview:large","max-video-preview":"max-video-preview:-1"},"canonical":"https:\/\/www.heldenhaushalt.de\/sari02\/index.php\/2023\/09\/08\/unsere-wochenlieblinge-362023-nochmal-so-richtig-sommer\/","og_locale":"de_DE","og_type":"article","og_title":"Unsere Wochenlieblinge 36\/2023 - Nochmal so richtig Sommer! - Heldenhaushalt","og_description":"Obwohl der Sommer mit \u00fcber 30 Grad diese Woche nochmal so richtig aufdreht, gibt es f\u00fcr diese Wochenlieblinge bereits die erste K\u00fcrbissuppe...","og_url":"https:\/\/www.heldenhaushalt.de\/sari02\/index.php\/2023\/09\/08\/unsere-wochenlieblinge-362023-nochmal-so-richtig-sommer\/","og_site_name":"Heldenhaushalt","article_published_time":"2023-09-08T08:16:57+00:00","og_image":[{"width":1000,"height":691,"url":"https:\/\/www.heldenhaushalt.de\/sari02\/wp-content\/uploads\/2023\/09\/36-02.jpg","type":"image\/jpeg"}],"author":"Sari","twitter_card":"summary_large_image","twitter_creator":"@Heldenhaushalt","twitter_site":"@Heldenhaushalt","twitter_misc":{"Verfasst von":"Sari","Gesch\u00e4tzte Lesezeit":"6\u00a0Minuten"},"schema":{"@context":"https:\/\/schema.org","@graph":[{"@type":"Article","@id":"https:\/\/www.heldenhaushalt.de\/sari02\/index.php\/2023\/09\/08\/unsere-wochenlieblinge-362023-nochmal-so-richtig-sommer\/#article","isPartOf":{"@id":"https:\/\/www.heldenhaushalt.de\/sari02\/index.php\/2023\/09\/08\/unsere-wochenlieblinge-362023-nochmal-so-richtig-sommer\/"},"author":{"name":"Sari","@id":"https:\/\/www.heldenhaushalt.de\/sari02\/#\/schema\/person\/a1cc69f42a01f412eb62c151353814f6"},"headline":"Unsere Wochenlieblinge 36\/2023 &#8211; Nochmal so richtig Sommer!","datePublished":"2023-09-08T08:16:57+00:00","mainEntityOfPage":{"@id":"https:\/\/www.heldenhaushalt.de\/sari02\/index.php\/2023\/09\/08\/unsere-wochenlieblinge-362023-nochmal-so-richtig-sommer\/"},"wordCount":703,"commentCount":0,"publisher":{"@id":"https:\/\/www.heldenhaushalt.de\/sari02\/#\/schema\/person\/a1cc69f42a01f412eb62c151353814f6"},"image":{"@id":"https:\/\/www.heldenhaushalt.de\/sari02\/index.php\/2023\/09\/08\/unsere-wochenlieblinge-362023-nochmal-so-richtig-sommer\/#primaryimage"},"thumbnailUrl":"https:\/\/www.heldenhaushalt.de\/sari02\/wp-content\/uploads\/2023\/09\/36-02.jpg","keywords":["#Freitagslieblinge","Allt\u00e4glich","Familie","Freitagsf\u00fcller","Halloween","Kinder","R\u00fcckblick","Schule","Sommer","Woche","Wochenlieblinge"],"articleSection":["Alltagschaos","Blogsph\u00e4re"],"inLanguage":"de","potentialAction":[{"@type":"CommentAction","name":"Comment","target":["https:\/\/www.heldenhaushalt.de\/sari02\/index.php\/2023\/09\/08\/unsere-wochenlieblinge-362023-nochmal-so-richtig-sommer\/#respond"]}]},{"@type":"WebPage","@id":"https:\/\/www.heldenhaushalt.de\/sari02\/index.php\/2023\/09\/08\/unsere-wochenlieblinge-362023-nochmal-so-richtig-sommer\/","url":"https:\/\/www.heldenhaushalt.de\/sari02\/index.php\/2023\/09\/08\/unsere-wochenlieblinge-362023-nochmal-so-richtig-sommer\/","name":"Unsere Wochenlieblinge 36\/2023 - Nochmal so richtig Sommer! - Heldenhaushalt","isPartOf":{"@id":"https:\/\/www.heldenhaushalt.de\/sari02\/#website"},"primaryImageOfPage":{"@id":"https:\/\/www.heldenhaushalt.de\/sari02\/index.php\/2023\/09\/08\/unsere-wochenlieblinge-362023-nochmal-so-richtig-sommer\/#primaryimage"},"image":{"@id":"https:\/\/www.heldenhaushalt.de\/sari02\/index.php\/2023\/09\/08\/unsere-wochenlieblinge-362023-nochmal-so-richtig-sommer\/#primaryimage"},"thumbnailUrl":"https:\/\/www.heldenhaushalt.de\/sari02\/wp-content\/uploads\/2023\/09\/36-02.jpg","datePublished":"2023-09-08T08:16:57+00:00","description":"Obwohl der Sommer mit \u00fcber 30 Grad diese Woche nochmal so richtig aufdreht, gibt es f\u00fcr diese Wochenlieblinge bereits die erste K\u00fcrbissuppe...","breadcrumb":{"@id":"https:\/\/www.heldenhaushalt.de\/sari02\/index.php\/2023\/09\/08\/unsere-wochenlieblinge-362023-nochmal-so-richtig-sommer\/#breadcrumb"},"inLanguage":"de","potentialAction":[{"@type":"ReadAction","target":["https:\/\/www.heldenhaushalt.de\/sari02\/index.php\/2023\/09\/08\/unsere-wochenlieblinge-362023-nochmal-so-richtig-sommer\/"]}]},{"@type":"ImageObject","inLanguage":"de","@id":"https:\/\/www.heldenhaushalt.de\/sari02\/index.php\/2023\/09\/08\/unsere-wochenlieblinge-362023-nochmal-so-richtig-sommer\/#primaryimage","url":"https:\/\/www.heldenhaushalt.de\/sari02\/wp-content\/uploads\/2023\/09\/36-02.jpg","contentUrl":"https:\/\/www.heldenhaushalt.de\/sari02\/wp-content\/uploads\/2023\/09\/36-02.jpg","width":1000,"height":691,"caption":"K\u00fcrbissuppe"},{"@type":"BreadcrumbList","@id":"https:\/\/www.heldenhaushalt.de\/sari02\/index.php\/2023\/09\/08\/unsere-wochenlieblinge-362023-nochmal-so-richtig-sommer\/#breadcrumb","itemListElement":[{"@type":"ListItem","position":1,"name":"Startseite","item":"https:\/\/www.heldenhaushalt.de\/sari02\/"},{"@type":"ListItem","position":2,"name":"Unsere Wochenlieblinge 36\/2023 &#8211; Nochmal so richtig Sommer!"}]},{"@type":"WebSite","@id":"https:\/\/www.heldenhaushalt.de\/sari02\/#website","url":"https:\/\/www.heldenhaushalt.de\/sari02\/","name":"Heldenhaushalt","description":"Wer es ordentlich haben will, der muss vorher anrufen","publisher":{"@id":"https:\/\/www.heldenhaushalt.de\/sari02\/#\/schema\/person\/a1cc69f42a01f412eb62c151353814f6"},"potentialAction":[{"@type":"SearchAction","target":{"@type":"EntryPoint","urlTemplate":"https:\/\/www.heldenhaushalt.de\/sari02\/?s={search_term_string}"},"query-input":{"@type":"PropertyValueSpecification","valueRequired":true,"valueName":"search_term_string"}}],"inLanguage":"de"},{"@type":["Person","Organization"],"@id":"https:\/\/www.heldenhaushalt.de\/sari02\/#\/schema\/person\/a1cc69f42a01f412eb62c151353814f6","name":"Sari","image":{"@type":"ImageObject","inLanguage":"de","@id":"https:\/\/www.heldenhaushalt.de\/sari02\/wp-content\/uploads\/2019\/02\/sari-april2018.png","url":"https:\/\/www.heldenhaushalt.de\/sari02\/wp-content\/uploads\/2019\/02\/sari-april2018.png","contentUrl":"https:\/\/www.heldenhaushalt.de\/sari02\/wp-content\/uploads\/2019\/02\/sari-april2018.png","width":500,"height":500,"caption":"Sari"},"logo":{"@id":"https:\/\/www.heldenhaushalt.de\/sari02\/wp-content\/uploads\/2019\/02\/sari-april2018.png"},"description":"Frau Mondgras \u2013 Das bin ich, Sari. Gerne auch als Sari Mondgras bekannt und im Internet zu finden. 2-Fach-Mutter, Heldenehefrau, Kreativling, Harmonies\u00fcchtig und st\u00e4ndig auf der Suche nach Gl\u00fcck. Ich komme aus Berlin, bin hier aufgewachsen und lebe hier seit ich denken kann.","sameAs":["https:\/\/www.instagram.com\/heldenhaushalt\/"],"url":"https:\/\/www.heldenhaushalt.de\/sari02\/index.php\/author\/admin\/"}]}},"views":1490,"_links":{"self":[{"href":"https:\/\/www.heldenhaushalt.de\/sari02\/index.php\/wp-json\/wp\/v2\/posts\/59031","targetHints":{"allow":["GET"]}}],"collection":[{"href":"https:\/\/www.heldenhaushalt.de\/sari02\/index.php\/wp-json\/wp\/v2\/posts"}],"about":[{"href":"https:\/\/www.heldenhaushalt.de\/sari02\/index.php\/wp-json\/wp\/v2\/types\/post"}],"author":[{"embeddable":true,"href":"https:\/\/www.heldenhaushalt.de\/sari02\/index.php\/wp-json\/wp\/v2\/users\/1"}],"replies":[{"embeddable":true,"href":"https:\/\/www.heldenhaushalt.de\/sari02\/index.php\/wp-json\/wp\/v2\/comments?post=59031"}],"version-history":[{"count":2,"href":"https:\/\/www.heldenhaushalt.de\/sari02\/index.php\/wp-json\/wp\/v2\/posts\/59031\/revisions"}],"predecessor-version":[{"id":59041,"href":"https:\/\/www.heldenhaushalt.de\/sari02\/index.php\/wp-json\/wp\/v2\/posts\/59031\/revisions\/59041"}],"wp:featuredmedia":[{"embeddable":true,"href":"https:\/\/www.heldenhaushalt.de\/sari02\/index.php\/wp-json\/wp\/v2\/media\/59034"}],"wp:attachment":[{"href":"https:\/\/www.heldenhaushalt.de\/sari02\/index.php\/wp-json\/wp\/v2\/media?parent=59031"}],"wp:term":[{"taxonomy":"category","embeddable":true,"href":"https:\/\/www.heldenhaushalt.de\/sari02\/index.php\/wp-json\/wp\/v2\/categories?post=59031"},{"taxonomy":"post_tag","embeddable":true,"href":"https:\/\/www.heldenhaushalt.de\/sari02\/index.php\/wp-json\/wp\/v2\/tags?post=59031"}],"curies":[{"name":"wp","href":"https:\/\/api.w.org\/{rel}","templated":true}]}}