{"id":59160,"date":"2023-09-27T10:53:21","date_gmt":"2023-09-27T08:53:21","guid":{"rendered":"https:\/\/www.heldenhaushalt.de\/sari02\/?p=59160"},"modified":"2024-03-21T12:23:06","modified_gmt":"2024-03-21T11:23:06","slug":"gedankentagebuch-19-morgenspaziergaenge","status":"publish","type":"post","link":"https:\/\/www.heldenhaushalt.de\/sari02\/index.php\/2023\/09\/27\/gedankentagebuch-19-morgenspaziergaenge\/","title":{"rendered":"Gedankentagebuch #19 &#8211; Morgenspazierg&#228;nge"},"content":{"rendered":"<p>Der kleine Schub nach unserem Kurztrip nach Paris scheint sich gerade so ein bisschen verfl&#252;chtigt zu haben. Ihr merkt das sicherlich, denn die Beitr&#228;ge hier nehmen kontinuierlich mal wieder ab. Es scheitert nicht an Ideen oder Vorhaben, sondern eher an der Zeit. So ist das wohl, wenn der Alltag einen wieder fest in seinen Zw&#228;ngen hat und man manchmal gar nicht wei&#223; wohin mit seinem Kopf. Daf&#252;r flie&#223;en die Gedankentagebuch Beitr&#228;ge umso mehr aus mir heraus und das Bed&#252;rfnis diesen Alltag in Worte zu fassen ist aktuell enorm gro&#223;.&nbsp;<\/p>\n<p>Vielleicht mache ich das im Oktober einfach mal. Jeden Tag ein wenig meine Gedanken zusammen fassen. Im Oktober ist &#252;brigens auch wieder <a href=\"https:\/\/inktober.com\/\" target=\"_blank\" rel=\"noopener\">Inktober<\/a>. Ich wei&#223; nicht, ob euch das ein Begriff ist. Vor vielen Jahren schon wurde es zur Tradition, dass der Oktober zu einer k&#252;nstlerischen Herausforderung wird und man eine Art t&#228;gliche Challenge abarbeitet, in dem man zeichnet, skizziert, malt, was auch immer einem am meisten liegt und daf&#252;r gibt es dann ein vorgegebenes Thema. Ich h&#228;tte so Lust drauf. habe ich jedes Jahr, aber jedes Jahr wieder scheitert es daran, dass ich mir das zutraue&#8230; meist einfach auch vergesse anzufangen, weil die ersten Tage irgendwie einfach an mir vorbei gezogen sind. Vielleicht denke ich ja dieses Mal mehr daran, vor allem, da der erste Oktober ja auf einen Sonntag f&#228;llt, an dem wir nicht viel vor haben. Ich m&#246;chte es auf jeden Fall versuchen. Wer es ebenfalls versuchen m&#246;chte: <a href=\"https:\/\/inktober.com\/rules\" target=\"_blank\" rel=\"noopener\">Hier findet ihr die Regeln und die Themen f&#252;r dieses Jahr.<\/a><\/p>\n<h2>Aktuell g&#246;nne ich mir morgens meine 30 Minuten zum Durchatmen&#8230;<\/h2>\n<p><a href=\"https:\/\/www.heldenhaushalt.de\/sari02\/index.php\/2023\/09\/15\/unsere-wochenlieblinge-372023\/\">Neulich erz&#228;hlte ich schon<\/a>, dass ich wieder versuche zum Laufen zur&#252;ck zu finden. Nachdem ich im Sommer aussetzen musste dank eines L&#228;uferknies, fiel es mir sowieso schon unglaublich schwer und nach und nach versuchte ich es dann mit Walking w&#228;hrend der gro&#223;e Sohn Training hatte. Den Anspruch dabei hatte ich extrem runter geschraubt. Es geht vor allem darum in Bewegung zu bleiben. Wenn ich das nicht tue, und das merke ich jedes Mal, holt mich das Unwohlsein ziemlich schnell wieder ein. Ich kann immer noch nicht glauben, wie bewegungsunfreudig ich vor vielen Jahren war. Mit dem Verhalten von damals w&#252;rde ich heute wirklich extremst eingehen. Diese Leichtigkeit, die ich w&#228;hrend Corona beim Laufen empfunden habe, die ist mir aktuell vollkommen abhanden gekommen, weshalb gerade mein Ziel ist an diesen Punkt irgendwie zur&#252;ck zu finden, aber ich will mir ehrlich keinen Druck machen. Den habe ich im Alltag schon genug und es gibt so viel, weswegen ich mir manchmal viel zu viele graue Haare wachsen und Falten entstehen lasse. Ehrlich. Da muss man reinwachsen. Das ist wichtig.<\/p>\n<p>Na jedenfalls wollte ich die angenehme Luft am Morgen derzeit nutzen, um es wieder mehr zu versuchen. Keine gro&#223;e Runde, daf&#252;r h&#228;ufiger. Ein kleiner Umweg zum B&#228;cker, um morgens Br&#246;tchen zu holen. So sieht es aus. Aber das macht man nicht jeden Tag.<\/p>\n<p>Wenn ich derzeit morgens das Haus verlasse, dann merke ich, wie mein Kopf wach wird. Egal wie matschig ich beim Aufstehen bin. Sobald ich durch die T&#252;re nach drau&#223;en trete f&#252;hle ich mich direkt besser. Es ist diese Jahreszeit, in der es am Tag leuchtet und am Morgen friert. Aber nicht eisig, sondern erfrischend angenehm. Man f&#252;hlt sich freier, kann besser atmen und ich merke, wie diese Bewegungslust in mir erwacht und ich das Bed&#252;rfnis habe, nachdem ich die Kinder weggebracht habe, einfach noch weiter zu laufen.&nbsp;<\/p>\n<p>Ich g&#246;nne mir vor dem Alltag aktuell jeden Morgen diese kleine Runde Frische f&#252;r meinen Kopf, Bewegung f&#252;r meine Beine, das Gef&#252;hl wieder atmen zu k&#246;nnen am Morgen. Und sei es nur, um den Kopf ein wenig frei zu bekommen f&#252;r die Dinge, die am Tag so auf einen Warten. Mal als Spaziergang, mal schnelleren Schrittes und ein zwei Mal mit Laufschuhen, aber immer ohne Druck.&nbsp;<\/p>\n<p><img loading=\"lazy\" decoding=\"async\" class=\"alignnone size-full wp-image-59161\" src=\"https:\/\/www.heldenhaushalt.de\/sari02\/wp-content\/uploads\/2023\/09\/teil19-01.jpg\" alt=\"Gedankentagebuch\" width=\"1000\" height=\"686\" srcset=\"https:\/\/www.heldenhaushalt.de\/sari02\/wp-content\/uploads\/2023\/09\/teil19-01.jpg 1000w, https:\/\/www.heldenhaushalt.de\/sari02\/wp-content\/uploads\/2023\/09\/teil19-01-300x206.jpg 300w, https:\/\/www.heldenhaushalt.de\/sari02\/wp-content\/uploads\/2023\/09\/teil19-01-768x527.jpg 768w, https:\/\/www.heldenhaushalt.de\/sari02\/wp-content\/uploads\/2023\/09\/teil19-01-87x60.jpg 87w\" sizes=\"auto, (max-width: 1000px) 100vw, 1000px\" \/><\/p>\n<h2>Noch zwitschern die V&#246;gel&#8230;<\/h2>\n<p>Die Natur um uns herum lebt und zeigt sich gerade von einer ganz wunderbaren Seite. Alles ist am Morgen vom Morgentau bedeckt und glitzert und funkelt in der Herbstsonne. Die frische morgendliche Herbstluft sorgt f&#252;r ein angenehmes Schaudern, w&#228;hrend man sich in ein Halstuch kuschelt oder die Weste etwas enger an den K&#246;rper zieht. Noch flirren Insekten durch die Luft und der Nebel wabert morgens und sorgt f&#252;r eine ganz eigene Atmosph&#228;re. Und dazu im Hintergrund das emsige Gezwitscher der V&#246;gel. Wann sie sich wohl auf die Reise machen&#8230;wenn &#252;berhaupt. Manchmal frage ich mich, ob das &#252;berhaupt n&#246;tig ist.<\/p>\n<p>Auf die 27 Grad am Nachmittag kann ich gut verzichten. Sie sind mir zu viel und ich finde es etwas nervig, dass man den Pulli vom Morgen gegen ein d&#252;nnes T-Shirt tauschen muss, damit man nicht schwitzt und doch nochmal zerflie&#223;t, auch wenn sich 27 Grad im Herbst irgendwie anders anf&#252;hlen als im Sommer. Ich staune, denn sogar an unserer Magnolia bl&#252;ht es schon wieder. Verr&#252;ckt.&nbsp;<\/p>\n<p>Den einzigen Vorteil, den ich in der warmen Sonne aktuell noch sehe ist, dass man die W&#228;sche weiterhin gut drau&#223;en trocknen kann. Naja&#8230;<\/p>\n<h2>Dieser Wetterwechsel innerhalb eines Tages bringt halt leider auch seine Nachteile mit sich<\/h2>\n<p>Freitag Nacht bzw. Samstag fr&#252;h holte ich ja den gro&#223;en Sohn vom Bahnhof von seiner Klassenfahrt ab und ich hatte es fast bef&#252;rchtet: Er kam krank nach Hause. Aber er ist da nicht der einzige. Viele sind erk&#228;ltet oder noch Schlimmeres (ich schneide dieses Mal nur kurz an, dass gef&#252;hlt jede Woche neue Corona Meldungen in unserem Umfeld stattfinden &#8211; Das Thema hatten wir zur Gen&#252;ge).<\/p>\n<p>Am Montag rief ich zu Sprechstundenzeiten beim Arzt an und die Leitung wurde gar nicht erst freigeschaltet. Stattdessen kam immer nur die gleiche Ansage und der Hinweis, dass man notfalls morgens zur Akutsprechstunde mit viel Wartezeit kommen solle. Letztendlich war ich genau dazu gezwungen, weil ja niemand ans Telefon ging und verschwendete mit dem Sohn sage und schreibe 2 Stunden Lebenszeit im Wartezimmer, bis wir endlich f&#252;r 3 Minuten dran kamen. Zwar entschuldigte man sich ausf&#252;hrlich f&#252;r die langen Wartezeiten und ich hatte ja durchaus mitbekommen, dass die Wartezimmer brechend voll sind, aber dennoch war es sehr zerm&#252;rbend. Zumal man uns gesagt hatte, dass wir mit ca. 30 Minuten zu rechnen h&#228;tten. Bei 2 Stunden h&#228;tte ich gut und gerne vorher schon diverse Eink&#228;ufe erledigen k&#246;nnen.&nbsp;<\/p>\n<p>Vielmehr hatte mich aber ge&#228;rgert, dass ich mir anh&#246;ren durfte, dass sie das Kind r&#252;ckwirkend nicht krank schreiben&nbsp; konnte, weil ich mich ja am Vortag nicht schon gemeldet h&#228;tte. Ich h&#228;tte ja notfalls eine E-Mail schreiben k&#246;nnen, die w&#252;rde im Laufe des Tages auf jeden Fall mal gelesen werden. Da frage ich mich allerdings, woher ich das wissen sollte und dabei hatte ich mich schon an die Angaben von Homepage und Telefonansage gehalten. Naja&#8230; mich deswegen am Ende rumzustreiten&#8230;da hatte ich dann auch keine Lust mehr. Auch das st&#228;ndige &#196;rgern kostet wertvolle Energie und Lebenszeit und die hebe ich mir lieber f&#252;r sch&#246;nere Dinge auf.<\/p>\n<p>Wusstet ihr eigentlich, dass Kinder ab 12 Jahren keine Nasentropfen oder &#228;hnliches mehr vom Arzt verschrieben bekommen. Der Arzt sagt einem nur, dass er das als Behandlung empfehlen w&#252;rde, aber kaufen muss man es selber. Seit wann ist das so? Ich wusste das ehrlich gesagt noch nicht.<\/p>\n<p><img loading=\"lazy\" decoding=\"async\" class=\"alignnone size-full wp-image-59163\" src=\"https:\/\/www.heldenhaushalt.de\/sari02\/wp-content\/uploads\/2023\/09\/teil19-03.jpg\" alt=\"Gedankentagebuch\" width=\"1000\" height=\"748\" srcset=\"https:\/\/www.heldenhaushalt.de\/sari02\/wp-content\/uploads\/2023\/09\/teil19-03.jpg 1000w, https:\/\/www.heldenhaushalt.de\/sari02\/wp-content\/uploads\/2023\/09\/teil19-03-300x224.jpg 300w, https:\/\/www.heldenhaushalt.de\/sari02\/wp-content\/uploads\/2023\/09\/teil19-03-768x574.jpg 768w, https:\/\/www.heldenhaushalt.de\/sari02\/wp-content\/uploads\/2023\/09\/teil19-03-80x60.jpg 80w\" sizes=\"auto, (max-width: 1000px) 100vw, 1000px\" \/><\/p>\n<h2>Ein bisschen w&#228;chst die Sehnsucht in mir<\/h2>\n<p>Ich w&#252;rde gerne ans Meer fahren. Gar nicht weit weg, aber einfach nochmal raus. Nochmal durchatmen, das Meer sehen, in die Ferne blicken. Darauf habe ich gerade so richtig Lust. Fernweh halt. Aber das habe ich immer wieder mal und wer kann es mir ver&#252;beln?<\/p>\n<p>Der Mann ist fast schon ein wenig genervt davon, dass ich in meinen Gedanken immer noch t&#228;glich im Disneyland festh&#228;nge und dar&#252;ber spreche, wie sch&#246;n es da war und wie gerne ich wieder hinfahren m&#246;chte. Am Liebsten im Herbst. In dieser warmen Zeit der K&#252;rbisfarben. In meiner Jahreszeit.<\/p>\n<p>Die Nachbarn schmunzeln schon ein wenig &#252;ber mich, weil ich tats&#228;chlich schon <a href=\"https:\/\/www.heldenhaushalt.de\/sari02\/index.php\/2023\/09\/18\/unser-wib-am-16-17-09-2023\/\">den einen oder anderen K&#252;rbis im Garten<\/a> stehen und Herbstlaub-Dekoketten h&#228;ngen habe *lach*. Aber die Sehnsucht danach in mir ist gro&#223;. Herbstfeeling und Meer. Das w&#228;re jetzt perfekt f&#252;r mich.<\/p>\n<p>Ich packe meinen (Gedanken-) Koffer und nehme mit: Meine Familie, einen kuscheligen Pullover, eine gem&#252;tliche M&#252;tze mit Schal, warmen Kakao und das Meer. Und ihr?<\/p>\n","protected":false},"excerpt":{"rendered":"<p>Der kleine Schub nach unserem Kurztrip nach Paris scheint sich gerade so ein bisschen verfl&#252;chtigt zu haben. Ihr merkt das sicherlich, denn die Beitr&#228;ge hier nehmen kontinuierlich mal wieder ab. Es scheitert nicht an Ideen oder Vorhaben, sondern eher an der Zeit. So ist das wohl, wenn der Alltag einen wieder fest in seinen Zw&#228;ngen hat und man manchmal gar nicht wei&#223; wohin mit seinem Kopf. Daf&#252;r flie&#223;en die Gedankentagebuch Beitr&#228;ge umso mehr aus mir heraus und das Bed&#252;rfnis diesen Alltag in Worte zu fassen ist aktuell enorm gro&#223;.&nbsp; Vielleicht mache ich das im Oktober einfach mal. Jeden Tag ein wenig meine Gedanken zusammen fassen. Im Oktober ist &#252;brigens auch wieder Inktober. Ich wei&#223; nicht, ob euch das ein Begriff ist. Vor vielen Jahren schon wurde es zur Tradition, dass der Oktober zu einer k&#252;nstlerischen Herausforderung wird und man eine Art t&#228;gliche Challenge abarbeitet, in dem man zeichnet, skizziert, malt, was auch immer einem am meisten liegt und daf&#252;r gibt es dann ein vorgegebenes Thema. Ich h&#228;tte so Lust drauf. habe ich jedes Jahr, aber jedes Jahr wieder scheitert es daran, dass ich mir das zutraue&#8230; meist einfach auch vergesse anzufangen, weil die ersten Tage irgendwie einfach an mir vorbei gezogen sind. Vielleicht denke ich ja dieses Mal mehr daran, vor allem, da der erste Oktober ja auf einen Sonntag f&#228;llt, an dem wir nicht viel vor haben. Ich m&#246;chte es auf jeden Fall versuchen. Wer es ebenfalls versuchen m&#246;chte: Hier findet ihr die Regeln und die Themen f&#252;r dieses Jahr. Aktuell g&#246;nne ich mir morgens meine 30 Minuten zum Durchatmen&#8230; Neulich erz&#228;hlte ich schon, dass ich wieder versuche zum Laufen zur&#252;ck zu finden. Nachdem ich im Sommer aussetzen musste dank eines L&#228;uferknies, fiel es mir sowieso schon unglaublich schwer und nach und nach versuchte ich es dann mit Walking w&#228;hrend der gro&#223;e Sohn Training hatte. Den Anspruch dabei hatte ich extrem runter geschraubt. Es geht vor allem darum in Bewegung zu bleiben. Wenn ich das nicht tue, und das merke ich jedes Mal, holt mich das Unwohlsein ziemlich schnell wieder ein. Ich kann immer noch nicht glauben, wie bewegungsunfreudig ich vor vielen Jahren war. Mit dem Verhalten von damals w&#252;rde ich heute wirklich extremst eingehen. Diese Leichtigkeit, die ich w&#228;hrend Corona beim Laufen empfunden habe, die ist mir aktuell vollkommen abhanden gekommen, weshalb gerade mein Ziel ist an diesen Punkt irgendwie zur&#252;ck zu finden, aber ich will mir ehrlich keinen Druck machen. Den habe ich im Alltag schon genug und es gibt so viel, weswegen ich mir manchmal viel zu viele graue Haare wachsen und Falten entstehen lasse. Ehrlich. Da muss man reinwachsen. Das ist wichtig. Na jedenfalls wollte ich die angenehme Luft am Morgen derzeit nutzen, um es wieder mehr zu versuchen. Keine gro&#223;e Runde, daf&#252;r h&#228;ufiger. Ein kleiner Umweg zum B&#228;cker, um morgens Br&#246;tchen zu holen. So sieht es aus. Aber das macht man nicht jeden Tag. Wenn ich derzeit morgens das Haus verlasse, dann merke ich, wie mein Kopf wach wird. Egal wie matschig ich beim Aufstehen bin. Sobald ich durch die T&#252;re nach drau&#223;en trete f&#252;hle ich mich direkt besser. Es ist diese Jahreszeit, in der es am Tag leuchtet und am Morgen friert. Aber nicht eisig, sondern erfrischend angenehm. Man f&#252;hlt sich freier, kann besser atmen und ich merke, wie diese Bewegungslust in mir erwacht und ich das Bed&#252;rfnis habe, nachdem ich die Kinder weggebracht habe, einfach noch weiter zu laufen.&nbsp; Ich g&#246;nne mir vor dem Alltag aktuell jeden Morgen diese kleine Runde Frische f&#252;r meinen Kopf, Bewegung f&#252;r meine Beine, das Gef&#252;hl wieder atmen zu k&#246;nnen am Morgen. Und sei es nur, um den Kopf ein wenig frei zu bekommen f&#252;r die Dinge, die am Tag so auf einen Warten. Mal als Spaziergang, mal schnelleren Schrittes und ein zwei Mal mit Laufschuhen, aber immer ohne Druck.&nbsp; Noch zwitschern die V&#246;gel&#8230; Die Natur um uns herum lebt und zeigt sich gerade von einer ganz wunderbaren Seite. Alles ist am Morgen vom Morgentau bedeckt und glitzert und funkelt in der Herbstsonne. Die frische morgendliche Herbstluft sorgt f&#252;r ein angenehmes Schaudern, w&#228;hrend man sich in ein Halstuch kuschelt oder die Weste etwas enger an den K&#246;rper zieht. Noch flirren Insekten durch die Luft und der Nebel wabert morgens und sorgt f&#252;r eine ganz eigene Atmosph&#228;re. Und dazu im Hintergrund das emsige Gezwitscher der V&#246;gel. Wann sie sich wohl auf die Reise machen&#8230;wenn &#252;berhaupt. Manchmal frage ich mich, ob das &#252;berhaupt n&#246;tig ist. Auf die 27 Grad am Nachmittag kann ich gut verzichten. Sie sind mir zu viel und ich finde es etwas nervig, dass man den Pulli vom Morgen gegen ein d&#252;nnes T-Shirt tauschen muss, damit man nicht schwitzt und doch nochmal zerflie&#223;t, auch wenn sich 27 Grad im Herbst irgendwie anders anf&#252;hlen als im Sommer. Ich staune, denn sogar an unserer Magnolia bl&#252;ht es schon wieder. Verr&#252;ckt.&nbsp; Den einzigen Vorteil, den ich in der warmen Sonne aktuell noch sehe ist, dass man die W&#228;sche weiterhin gut drau&#223;en trocknen kann. Naja&#8230; Dieser Wetterwechsel innerhalb eines Tages bringt halt leider auch seine Nachteile mit sich Freitag Nacht bzw. Samstag fr&#252;h holte ich ja den gro&#223;en Sohn vom Bahnhof von seiner Klassenfahrt ab und ich hatte es fast bef&#252;rchtet: Er kam krank nach Hause. Aber er ist da nicht der einzige. Viele sind erk&#228;ltet oder noch Schlimmeres (ich schneide dieses Mal nur kurz an, dass gef&#252;hlt jede Woche neue Corona Meldungen in unserem Umfeld stattfinden &#8211; Das Thema hatten wir zur Gen&#252;ge). Am Montag rief ich zu Sprechstundenzeiten beim Arzt an und die Leitung wurde gar nicht erst freigeschaltet. Stattdessen kam immer nur die gleiche Ansage und der Hinweis, dass man notfalls morgens zur Akutsprechstunde mit viel Wartezeit kommen solle. Letztendlich war ich genau dazu gezwungen, weil ja niemand ans Telefon ging und verschwendete mit dem Sohn sage und schreibe 2 Stunden Lebenszeit im Wartezimmer, bis wir endlich f&#252;r 3 Minuten dran kamen. Zwar entschuldigte man sich ausf&#252;hrlich f&#252;r die langen Wartezeiten und ich hatte ja durchaus mitbekommen, dass die Wartezimmer brechend voll sind, aber dennoch war es sehr zerm&#252;rbend. Zumal man uns gesagt hatte, dass wir mit ca. 30 Minuten zu rechnen h&#228;tten. Bei 2 Stunden h&#228;tte ich gut und gerne vorher schon diverse Eink&#228;ufe erledigen k&#246;nnen.&nbsp; Vielmehr hatte mich aber ge&#228;rgert, dass ich mir anh&#246;ren durfte, dass sie das Kind r&#252;ckwirkend nicht krank schreiben&nbsp; konnte, weil ich mich ja am Vortag nicht schon gemeldet h&#228;tte. Ich h&#228;tte ja notfalls eine E-Mail schreiben k&#246;nnen, die w&#252;rde im Laufe des Tages auf jeden Fall mal gelesen werden. Da frage ich mich allerdings, woher ich das wissen sollte und dabei hatte ich mich schon an die Angaben von Homepage und Telefonansage gehalten. Naja&#8230; mich deswegen am Ende rumzustreiten&#8230;da hatte ich dann auch keine Lust mehr. Auch das st&#228;ndige &#196;rgern kostet wertvolle Energie und Lebenszeit und die hebe ich mir lieber f&#252;r sch&#246;nere Dinge auf. Wusstet ihr eigentlich, dass Kinder ab 12 Jahren keine Nasentropfen oder &#228;hnliches mehr vom Arzt verschrieben bekommen. Der Arzt sagt einem nur, dass er das als Behandlung empfehlen w&#252;rde, aber kaufen muss man es selber. Seit wann ist das so? Ich wusste das ehrlich gesagt noch nicht. Ein bisschen w&#228;chst die Sehnsucht in mir Ich w&#252;rde gerne ans Meer fahren. Gar nicht weit weg, aber einfach nochmal raus. Nochmal durchatmen, das Meer sehen, in die Ferne blicken. Darauf habe ich gerade so richtig Lust. Fernweh halt. Aber das habe ich immer wieder mal und wer kann es mir ver&#252;beln? Der Mann ist fast schon ein wenig genervt davon, dass ich in meinen Gedanken immer noch t&#228;glich im Disneyland festh&#228;nge und dar&#252;ber spreche, wie sch&#246;n es da war und wie gerne ich wieder hinfahren m&#246;chte. Am Liebsten im Herbst. In dieser warmen Zeit der K&#252;rbisfarben. In meiner Jahreszeit. Die Nachbarn schmunzeln schon ein wenig &#252;ber mich, weil ich tats&#228;chlich schon den einen oder anderen K&#252;rbis im Garten stehen und Herbstlaub-Dekoketten h&#228;ngen habe *lach*. Aber die Sehnsucht danach in mir ist gro&#223;. Herbstfeeling und Meer. Das w&#228;re jetzt perfekt f&#252;r mich. Ich packe meinen (Gedanken-) Koffer und nehme mit: Meine Familie, einen kuscheligen Pullover, eine gem&#252;tliche M&#252;tze mit Schal, warmen Kakao und das Meer. Und ihr?<\/p>\n","protected":false},"author":1,"featured_media":59162,"comment_status":"open","ping_status":"open","sticky":false,"template":"","format":"standard","meta":{"ngg_post_thumbnail":0,"footnotes":""},"categories":[323,2210,50],"tags":[45,734,3105,392,418,3446,848,1049,1215,1306,2603],"class_list":["post-59160","post","type-post","status-publish","format-standard","has-post-thumbnail","hentry","category-alltag","category-featured","category-gedanken","tag-alltag","tag-fernweh","tag-gedankentagebuch","tag-gedanken","tag-herbst","tag-inktober","tag-krankenlager","tag-laufen","tag-schule","tag-sehnsucht","tag-spaziergang"],"yoast_head":"<!-- This site is optimized with the Yoast SEO plugin v27.5 - https:\/\/yoast.com\/product\/yoast-seo-wordpress\/ -->\n<title>Gedankentagebuch #19 - Morgenspazierg\u00e4nge - Heldenhaushalt<\/title>\n<meta name=\"description\" content=\"Daf\u00fcr flie\u00dfen die Gedankentagebuch Beitr\u00e4ge umso mehr aus mir heraus und das Bed\u00fcrfnis diesen Alltag in Worte zu fassen...\" \/>\n<meta name=\"robots\" content=\"index, follow, max-snippet:-1, max-image-preview:large, max-video-preview:-1\" \/>\n<link rel=\"canonical\" href=\"https:\/\/www.heldenhaushalt.de\/sari02\/index.php\/2023\/09\/27\/gedankentagebuch-19-morgenspaziergaenge\/\" \/>\n<meta property=\"og:locale\" content=\"de_DE\" \/>\n<meta property=\"og:type\" content=\"article\" \/>\n<meta property=\"og:title\" content=\"Gedankentagebuch #19 - Morgenspazierg\u00e4nge - Heldenhaushalt\" \/>\n<meta property=\"og:description\" content=\"Daf\u00fcr flie\u00dfen die Gedankentagebuch Beitr\u00e4ge umso mehr aus mir heraus und das Bed\u00fcrfnis diesen Alltag in Worte zu fassen...\" \/>\n<meta property=\"og:url\" content=\"https:\/\/www.heldenhaushalt.de\/sari02\/index.php\/2023\/09\/27\/gedankentagebuch-19-morgenspaziergaenge\/\" \/>\n<meta property=\"og:site_name\" content=\"Heldenhaushalt\" \/>\n<meta property=\"article:published_time\" content=\"2023-09-27T08:53:21+00:00\" \/>\n<meta property=\"article:modified_time\" content=\"2024-03-21T11:23:06+00:00\" \/>\n<meta property=\"og:image\" content=\"https:\/\/www.heldenhaushalt.de\/sari02\/wp-content\/uploads\/2023\/09\/teil19-02.jpg\" \/>\n\t<meta property=\"og:image:width\" content=\"1000\" \/>\n\t<meta property=\"og:image:height\" content=\"720\" \/>\n\t<meta property=\"og:image:type\" content=\"image\/jpeg\" \/>\n<meta name=\"author\" content=\"Sari\" \/>\n<meta name=\"twitter:card\" content=\"summary_large_image\" \/>\n<meta name=\"twitter:creator\" content=\"@Heldenhaushalt\" \/>\n<meta name=\"twitter:site\" content=\"@Heldenhaushalt\" \/>\n<meta name=\"twitter:label1\" content=\"Verfasst von\" \/>\n\t<meta name=\"twitter:data1\" content=\"Sari\" \/>\n\t<meta name=\"twitter:label2\" content=\"Gesch\u00e4tzte Lesezeit\" \/>\n\t<meta name=\"twitter:data2\" content=\"9\u00a0Minuten\" \/>\n<script type=\"application\/ld+json\" class=\"yoast-schema-graph\">{\"@context\":\"https:\\\/\\\/schema.org\",\"@graph\":[{\"@type\":\"Article\",\"@id\":\"https:\\\/\\\/www.heldenhaushalt.de\\\/sari02\\\/index.php\\\/2023\\\/09\\\/27\\\/gedankentagebuch-19-morgenspaziergaenge\\\/#article\",\"isPartOf\":{\"@id\":\"https:\\\/\\\/www.heldenhaushalt.de\\\/sari02\\\/index.php\\\/2023\\\/09\\\/27\\\/gedankentagebuch-19-morgenspaziergaenge\\\/\"},\"author\":{\"name\":\"Sari\",\"@id\":\"https:\\\/\\\/www.heldenhaushalt.de\\\/sari02\\\/#\\\/schema\\\/person\\\/a1cc69f42a01f412eb62c151353814f6\"},\"headline\":\"Gedankentagebuch #19 &#8211; Morgenspazierg&#228;nge\",\"datePublished\":\"2023-09-27T08:53:21+00:00\",\"dateModified\":\"2024-03-21T11:23:06+00:00\",\"mainEntityOfPage\":{\"@id\":\"https:\\\/\\\/www.heldenhaushalt.de\\\/sari02\\\/index.php\\\/2023\\\/09\\\/27\\\/gedankentagebuch-19-morgenspaziergaenge\\\/\"},\"wordCount\":1449,\"commentCount\":2,\"publisher\":{\"@id\":\"https:\\\/\\\/www.heldenhaushalt.de\\\/sari02\\\/#\\\/schema\\\/person\\\/a1cc69f42a01f412eb62c151353814f6\"},\"image\":{\"@id\":\"https:\\\/\\\/www.heldenhaushalt.de\\\/sari02\\\/index.php\\\/2023\\\/09\\\/27\\\/gedankentagebuch-19-morgenspaziergaenge\\\/#primaryimage\"},\"thumbnailUrl\":\"https:\\\/\\\/www.heldenhaushalt.de\\\/sari02\\\/wp-content\\\/uploads\\\/2023\\\/09\\\/teil19-02.jpg\",\"keywords\":[\"Allt\u00e4glich\",\"Fernweh\",\"Gedankentagebuch\",\"Gedankenwelt\",\"Herbst\",\"Inktober\",\"Krankenlager\",\"Laufen\",\"Schule\",\"Sehnsucht\",\"Spaziergang\"],\"articleSection\":[\"Alltagschaos\",\"Featured\",\"Gedankenwelt\"],\"inLanguage\":\"de\",\"potentialAction\":[{\"@type\":\"CommentAction\",\"name\":\"Comment\",\"target\":[\"https:\\\/\\\/www.heldenhaushalt.de\\\/sari02\\\/index.php\\\/2023\\\/09\\\/27\\\/gedankentagebuch-19-morgenspaziergaenge\\\/#respond\"]}]},{\"@type\":\"WebPage\",\"@id\":\"https:\\\/\\\/www.heldenhaushalt.de\\\/sari02\\\/index.php\\\/2023\\\/09\\\/27\\\/gedankentagebuch-19-morgenspaziergaenge\\\/\",\"url\":\"https:\\\/\\\/www.heldenhaushalt.de\\\/sari02\\\/index.php\\\/2023\\\/09\\\/27\\\/gedankentagebuch-19-morgenspaziergaenge\\\/\",\"name\":\"Gedankentagebuch #19 - Morgenspazierg\u00e4nge - Heldenhaushalt\",\"isPartOf\":{\"@id\":\"https:\\\/\\\/www.heldenhaushalt.de\\\/sari02\\\/#website\"},\"primaryImageOfPage\":{\"@id\":\"https:\\\/\\\/www.heldenhaushalt.de\\\/sari02\\\/index.php\\\/2023\\\/09\\\/27\\\/gedankentagebuch-19-morgenspaziergaenge\\\/#primaryimage\"},\"image\":{\"@id\":\"https:\\\/\\\/www.heldenhaushalt.de\\\/sari02\\\/index.php\\\/2023\\\/09\\\/27\\\/gedankentagebuch-19-morgenspaziergaenge\\\/#primaryimage\"},\"thumbnailUrl\":\"https:\\\/\\\/www.heldenhaushalt.de\\\/sari02\\\/wp-content\\\/uploads\\\/2023\\\/09\\\/teil19-02.jpg\",\"datePublished\":\"2023-09-27T08:53:21+00:00\",\"dateModified\":\"2024-03-21T11:23:06+00:00\",\"description\":\"Daf\u00fcr flie\u00dfen die Gedankentagebuch Beitr\u00e4ge umso mehr aus mir heraus und das Bed\u00fcrfnis diesen Alltag in Worte zu fassen...\",\"breadcrumb\":{\"@id\":\"https:\\\/\\\/www.heldenhaushalt.de\\\/sari02\\\/index.php\\\/2023\\\/09\\\/27\\\/gedankentagebuch-19-morgenspaziergaenge\\\/#breadcrumb\"},\"inLanguage\":\"de\",\"potentialAction\":[{\"@type\":\"ReadAction\",\"target\":[\"https:\\\/\\\/www.heldenhaushalt.de\\\/sari02\\\/index.php\\\/2023\\\/09\\\/27\\\/gedankentagebuch-19-morgenspaziergaenge\\\/\"]}]},{\"@type\":\"ImageObject\",\"inLanguage\":\"de\",\"@id\":\"https:\\\/\\\/www.heldenhaushalt.de\\\/sari02\\\/index.php\\\/2023\\\/09\\\/27\\\/gedankentagebuch-19-morgenspaziergaenge\\\/#primaryimage\",\"url\":\"https:\\\/\\\/www.heldenhaushalt.de\\\/sari02\\\/wp-content\\\/uploads\\\/2023\\\/09\\\/teil19-02.jpg\",\"contentUrl\":\"https:\\\/\\\/www.heldenhaushalt.de\\\/sari02\\\/wp-content\\\/uploads\\\/2023\\\/09\\\/teil19-02.jpg\",\"width\":1000,\"height\":720,\"caption\":\"Gedankentagebuch\"},{\"@type\":\"BreadcrumbList\",\"@id\":\"https:\\\/\\\/www.heldenhaushalt.de\\\/sari02\\\/index.php\\\/2023\\\/09\\\/27\\\/gedankentagebuch-19-morgenspaziergaenge\\\/#breadcrumb\",\"itemListElement\":[{\"@type\":\"ListItem\",\"position\":1,\"name\":\"Startseite\",\"item\":\"https:\\\/\\\/www.heldenhaushalt.de\\\/sari02\\\/\"},{\"@type\":\"ListItem\",\"position\":2,\"name\":\"Gedankentagebuch #19 &#8211; Morgenspazierg&#228;nge\"}]},{\"@type\":\"WebSite\",\"@id\":\"https:\\\/\\\/www.heldenhaushalt.de\\\/sari02\\\/#website\",\"url\":\"https:\\\/\\\/www.heldenhaushalt.de\\\/sari02\\\/\",\"name\":\"Heldenhaushalt\",\"description\":\"Wer es ordentlich haben will, der muss vorher anrufen\",\"publisher\":{\"@id\":\"https:\\\/\\\/www.heldenhaushalt.de\\\/sari02\\\/#\\\/schema\\\/person\\\/a1cc69f42a01f412eb62c151353814f6\"},\"potentialAction\":[{\"@type\":\"SearchAction\",\"target\":{\"@type\":\"EntryPoint\",\"urlTemplate\":\"https:\\\/\\\/www.heldenhaushalt.de\\\/sari02\\\/?s={search_term_string}\"},\"query-input\":{\"@type\":\"PropertyValueSpecification\",\"valueRequired\":true,\"valueName\":\"search_term_string\"}}],\"inLanguage\":\"de\"},{\"@type\":[\"Person\",\"Organization\"],\"@id\":\"https:\\\/\\\/www.heldenhaushalt.de\\\/sari02\\\/#\\\/schema\\\/person\\\/a1cc69f42a01f412eb62c151353814f6\",\"name\":\"Sari\",\"image\":{\"@type\":\"ImageObject\",\"inLanguage\":\"de\",\"@id\":\"https:\\\/\\\/www.heldenhaushalt.de\\\/sari02\\\/wp-content\\\/uploads\\\/2019\\\/02\\\/sari-april2018.png\",\"url\":\"https:\\\/\\\/www.heldenhaushalt.de\\\/sari02\\\/wp-content\\\/uploads\\\/2019\\\/02\\\/sari-april2018.png\",\"contentUrl\":\"https:\\\/\\\/www.heldenhaushalt.de\\\/sari02\\\/wp-content\\\/uploads\\\/2019\\\/02\\\/sari-april2018.png\",\"width\":500,\"height\":500,\"caption\":\"Sari\"},\"logo\":{\"@id\":\"https:\\\/\\\/www.heldenhaushalt.de\\\/sari02\\\/wp-content\\\/uploads\\\/2019\\\/02\\\/sari-april2018.png\"},\"description\":\"Frau Mondgras \u2013 Das bin ich, Sari. Gerne auch als Sari Mondgras bekannt und im Internet zu finden. 2-Fach-Mutter, Heldenehefrau, Kreativling, Harmonies\u00fcchtig und st\u00e4ndig auf der Suche nach Gl\u00fcck. Ich komme aus Berlin, bin hier aufgewachsen und lebe hier seit ich denken kann.\",\"sameAs\":[\"https:\\\/\\\/www.instagram.com\\\/heldenhaushalt\\\/\"],\"url\":\"https:\\\/\\\/www.heldenhaushalt.de\\\/sari02\\\/index.php\\\/author\\\/admin\\\/\"}]}<\/script>\n<!-- \/ Yoast SEO plugin. -->","yoast_head_json":{"title":"Gedankentagebuch #19 - Morgenspazierg\u00e4nge - Heldenhaushalt","description":"Daf\u00fcr flie\u00dfen die Gedankentagebuch Beitr\u00e4ge umso mehr aus mir heraus und das Bed\u00fcrfnis diesen Alltag in Worte zu fassen...","robots":{"index":"index","follow":"follow","max-snippet":"max-snippet:-1","max-image-preview":"max-image-preview:large","max-video-preview":"max-video-preview:-1"},"canonical":"https:\/\/www.heldenhaushalt.de\/sari02\/index.php\/2023\/09\/27\/gedankentagebuch-19-morgenspaziergaenge\/","og_locale":"de_DE","og_type":"article","og_title":"Gedankentagebuch #19 - Morgenspazierg\u00e4nge - Heldenhaushalt","og_description":"Daf\u00fcr flie\u00dfen die Gedankentagebuch Beitr\u00e4ge umso mehr aus mir heraus und das Bed\u00fcrfnis diesen Alltag in Worte zu fassen...","og_url":"https:\/\/www.heldenhaushalt.de\/sari02\/index.php\/2023\/09\/27\/gedankentagebuch-19-morgenspaziergaenge\/","og_site_name":"Heldenhaushalt","article_published_time":"2023-09-27T08:53:21+00:00","article_modified_time":"2024-03-21T11:23:06+00:00","og_image":[{"width":1000,"height":720,"url":"https:\/\/www.heldenhaushalt.de\/sari02\/wp-content\/uploads\/2023\/09\/teil19-02.jpg","type":"image\/jpeg"}],"author":"Sari","twitter_card":"summary_large_image","twitter_creator":"@Heldenhaushalt","twitter_site":"@Heldenhaushalt","twitter_misc":{"Verfasst von":"Sari","Gesch\u00e4tzte Lesezeit":"9\u00a0Minuten"},"schema":{"@context":"https:\/\/schema.org","@graph":[{"@type":"Article","@id":"https:\/\/www.heldenhaushalt.de\/sari02\/index.php\/2023\/09\/27\/gedankentagebuch-19-morgenspaziergaenge\/#article","isPartOf":{"@id":"https:\/\/www.heldenhaushalt.de\/sari02\/index.php\/2023\/09\/27\/gedankentagebuch-19-morgenspaziergaenge\/"},"author":{"name":"Sari","@id":"https:\/\/www.heldenhaushalt.de\/sari02\/#\/schema\/person\/a1cc69f42a01f412eb62c151353814f6"},"headline":"Gedankentagebuch #19 &#8211; Morgenspazierg&#228;nge","datePublished":"2023-09-27T08:53:21+00:00","dateModified":"2024-03-21T11:23:06+00:00","mainEntityOfPage":{"@id":"https:\/\/www.heldenhaushalt.de\/sari02\/index.php\/2023\/09\/27\/gedankentagebuch-19-morgenspaziergaenge\/"},"wordCount":1449,"commentCount":2,"publisher":{"@id":"https:\/\/www.heldenhaushalt.de\/sari02\/#\/schema\/person\/a1cc69f42a01f412eb62c151353814f6"},"image":{"@id":"https:\/\/www.heldenhaushalt.de\/sari02\/index.php\/2023\/09\/27\/gedankentagebuch-19-morgenspaziergaenge\/#primaryimage"},"thumbnailUrl":"https:\/\/www.heldenhaushalt.de\/sari02\/wp-content\/uploads\/2023\/09\/teil19-02.jpg","keywords":["Allt\u00e4glich","Fernweh","Gedankentagebuch","Gedankenwelt","Herbst","Inktober","Krankenlager","Laufen","Schule","Sehnsucht","Spaziergang"],"articleSection":["Alltagschaos","Featured","Gedankenwelt"],"inLanguage":"de","potentialAction":[{"@type":"CommentAction","name":"Comment","target":["https:\/\/www.heldenhaushalt.de\/sari02\/index.php\/2023\/09\/27\/gedankentagebuch-19-morgenspaziergaenge\/#respond"]}]},{"@type":"WebPage","@id":"https:\/\/www.heldenhaushalt.de\/sari02\/index.php\/2023\/09\/27\/gedankentagebuch-19-morgenspaziergaenge\/","url":"https:\/\/www.heldenhaushalt.de\/sari02\/index.php\/2023\/09\/27\/gedankentagebuch-19-morgenspaziergaenge\/","name":"Gedankentagebuch #19 - Morgenspazierg\u00e4nge - Heldenhaushalt","isPartOf":{"@id":"https:\/\/www.heldenhaushalt.de\/sari02\/#website"},"primaryImageOfPage":{"@id":"https:\/\/www.heldenhaushalt.de\/sari02\/index.php\/2023\/09\/27\/gedankentagebuch-19-morgenspaziergaenge\/#primaryimage"},"image":{"@id":"https:\/\/www.heldenhaushalt.de\/sari02\/index.php\/2023\/09\/27\/gedankentagebuch-19-morgenspaziergaenge\/#primaryimage"},"thumbnailUrl":"https:\/\/www.heldenhaushalt.de\/sari02\/wp-content\/uploads\/2023\/09\/teil19-02.jpg","datePublished":"2023-09-27T08:53:21+00:00","dateModified":"2024-03-21T11:23:06+00:00","description":"Daf\u00fcr flie\u00dfen die Gedankentagebuch Beitr\u00e4ge umso mehr aus mir heraus und das Bed\u00fcrfnis diesen Alltag in Worte zu fassen...","breadcrumb":{"@id":"https:\/\/www.heldenhaushalt.de\/sari02\/index.php\/2023\/09\/27\/gedankentagebuch-19-morgenspaziergaenge\/#breadcrumb"},"inLanguage":"de","potentialAction":[{"@type":"ReadAction","target":["https:\/\/www.heldenhaushalt.de\/sari02\/index.php\/2023\/09\/27\/gedankentagebuch-19-morgenspaziergaenge\/"]}]},{"@type":"ImageObject","inLanguage":"de","@id":"https:\/\/www.heldenhaushalt.de\/sari02\/index.php\/2023\/09\/27\/gedankentagebuch-19-morgenspaziergaenge\/#primaryimage","url":"https:\/\/www.heldenhaushalt.de\/sari02\/wp-content\/uploads\/2023\/09\/teil19-02.jpg","contentUrl":"https:\/\/www.heldenhaushalt.de\/sari02\/wp-content\/uploads\/2023\/09\/teil19-02.jpg","width":1000,"height":720,"caption":"Gedankentagebuch"},{"@type":"BreadcrumbList","@id":"https:\/\/www.heldenhaushalt.de\/sari02\/index.php\/2023\/09\/27\/gedankentagebuch-19-morgenspaziergaenge\/#breadcrumb","itemListElement":[{"@type":"ListItem","position":1,"name":"Startseite","item":"https:\/\/www.heldenhaushalt.de\/sari02\/"},{"@type":"ListItem","position":2,"name":"Gedankentagebuch #19 &#8211; Morgenspazierg&#228;nge"}]},{"@type":"WebSite","@id":"https:\/\/www.heldenhaushalt.de\/sari02\/#website","url":"https:\/\/www.heldenhaushalt.de\/sari02\/","name":"Heldenhaushalt","description":"Wer es ordentlich haben will, der muss vorher anrufen","publisher":{"@id":"https:\/\/www.heldenhaushalt.de\/sari02\/#\/schema\/person\/a1cc69f42a01f412eb62c151353814f6"},"potentialAction":[{"@type":"SearchAction","target":{"@type":"EntryPoint","urlTemplate":"https:\/\/www.heldenhaushalt.de\/sari02\/?s={search_term_string}"},"query-input":{"@type":"PropertyValueSpecification","valueRequired":true,"valueName":"search_term_string"}}],"inLanguage":"de"},{"@type":["Person","Organization"],"@id":"https:\/\/www.heldenhaushalt.de\/sari02\/#\/schema\/person\/a1cc69f42a01f412eb62c151353814f6","name":"Sari","image":{"@type":"ImageObject","inLanguage":"de","@id":"https:\/\/www.heldenhaushalt.de\/sari02\/wp-content\/uploads\/2019\/02\/sari-april2018.png","url":"https:\/\/www.heldenhaushalt.de\/sari02\/wp-content\/uploads\/2019\/02\/sari-april2018.png","contentUrl":"https:\/\/www.heldenhaushalt.de\/sari02\/wp-content\/uploads\/2019\/02\/sari-april2018.png","width":500,"height":500,"caption":"Sari"},"logo":{"@id":"https:\/\/www.heldenhaushalt.de\/sari02\/wp-content\/uploads\/2019\/02\/sari-april2018.png"},"description":"Frau Mondgras \u2013 Das bin ich, Sari. Gerne auch als Sari Mondgras bekannt und im Internet zu finden. 2-Fach-Mutter, Heldenehefrau, Kreativling, Harmonies\u00fcchtig und st\u00e4ndig auf der Suche nach Gl\u00fcck. Ich komme aus Berlin, bin hier aufgewachsen und lebe hier seit ich denken kann.","sameAs":["https:\/\/www.instagram.com\/heldenhaushalt\/"],"url":"https:\/\/www.heldenhaushalt.de\/sari02\/index.php\/author\/admin\/"}]}},"views":1585,"_links":{"self":[{"href":"https:\/\/www.heldenhaushalt.de\/sari02\/index.php\/wp-json\/wp\/v2\/posts\/59160","targetHints":{"allow":["GET"]}}],"collection":[{"href":"https:\/\/www.heldenhaushalt.de\/sari02\/index.php\/wp-json\/wp\/v2\/posts"}],"about":[{"href":"https:\/\/www.heldenhaushalt.de\/sari02\/index.php\/wp-json\/wp\/v2\/types\/post"}],"author":[{"embeddable":true,"href":"https:\/\/www.heldenhaushalt.de\/sari02\/index.php\/wp-json\/wp\/v2\/users\/1"}],"replies":[{"embeddable":true,"href":"https:\/\/www.heldenhaushalt.de\/sari02\/index.php\/wp-json\/wp\/v2\/comments?post=59160"}],"version-history":[{"count":1,"href":"https:\/\/www.heldenhaushalt.de\/sari02\/index.php\/wp-json\/wp\/v2\/posts\/59160\/revisions"}],"predecessor-version":[{"id":59164,"href":"https:\/\/www.heldenhaushalt.de\/sari02\/index.php\/wp-json\/wp\/v2\/posts\/59160\/revisions\/59164"}],"wp:featuredmedia":[{"embeddable":true,"href":"https:\/\/www.heldenhaushalt.de\/sari02\/index.php\/wp-json\/wp\/v2\/media\/59162"}],"wp:attachment":[{"href":"https:\/\/www.heldenhaushalt.de\/sari02\/index.php\/wp-json\/wp\/v2\/media?parent=59160"}],"wp:term":[{"taxonomy":"category","embeddable":true,"href":"https:\/\/www.heldenhaushalt.de\/sari02\/index.php\/wp-json\/wp\/v2\/categories?post=59160"},{"taxonomy":"post_tag","embeddable":true,"href":"https:\/\/www.heldenhaushalt.de\/sari02\/index.php\/wp-json\/wp\/v2\/tags?post=59160"}],"curies":[{"name":"wp","href":"https:\/\/api.w.org\/{rel}","templated":true}]}}