{"id":59172,"date":"2023-09-29T10:40:23","date_gmt":"2023-09-29T08:40:23","guid":{"rendered":"https:\/\/www.heldenhaushalt.de\/sari02\/?p=59172"},"modified":"2023-09-29T10:40:23","modified_gmt":"2023-09-29T08:40:23","slug":"unsere-wochenlieblinge-392023-atmen-am-morgen","status":"publish","type":"post","link":"https:\/\/www.heldenhaushalt.de\/sari02\/index.php\/2023\/09\/29\/unsere-wochenlieblinge-392023-atmen-am-morgen\/","title":{"rendered":"Unsere Wochenlieblinge 39\/2023 &#8211; Atmen am Morgen"},"content":{"rendered":"<p style=\"text-align: right;\"><small>Enth&#228;lt (unbezahlte) Werbung*<\/small><\/p>\n<p>Montag verbrachte ich am Telefon. Ich versuchte mal beim Kinderarzt durchzukommen, um f&#252;r den gro&#223;en Sohn, der ja bekanntlich mit einer fetten Erk&#228;ltung von seiner Klassenfahrt zur&#252;ck kam, einen Termin zu bekommen. Sein Husten h&#246;rte sich n&#228;mlich wirklich bl&#246;d an und er klagte &#252;ber Ohrenschmerzen. Die Ansage blieb auch &#252;ber die Sprechstundenzeit eingeschaltet und verwies im Notfall auf eine Akutsprechstunde am Vormittag. Also beschlossen wir diese am n&#228;chsten Morgen aufzusuchen.<\/p>\n<p>So etwas geh&#246;rt ja eher nicht in die Sparte &#8220;Wochenlieblinge&#8221;, aber auch das ist Alltag und zur Zeit, wenn man den &#196;rzten glauben darf, auch ziemlich extrem. Am n&#228;chsten Tag wollte man den Sohn &#252;brigens nicht r&#252;ckwirkend krank schreiben, weil ich mich ja am Vortag nicht gemeldet h&#228;tte. Nun ja&#8230;<\/p>\n<h2>Unsere Wochenlieblinge in dieser Woche\u2026<\/h2>\n<p>Dementsprechend wurde unsere Woche also von einem Krankenlager &#252;berschattet, aber ich nahm es recht gelassen. Der Sohn ruhte sich aus und nach dem, was ich so h&#246;rte, fielen viele Kinder nach der Klassenfahrt aus, weil sie krank waren. Ja sogar Lehrer. Der Stundenplan des gro&#223;en Sohnes scheint mal wieder zur H&#228;lfte nur aus Ausfall oder Vertretung zu bestehen. Schon krass irgendwie&#8230;<\/p>\n<p><img loading=\"lazy\" decoding=\"async\" class=\"alignnone size-full wp-image-59175\" src=\"https:\/\/www.heldenhaushalt.de\/sari02\/wp-content\/uploads\/2023\/09\/39-01.jpg\" alt=\"Wochenlieblinge\" width=\"1000\" height=\"713\" srcset=\"https:\/\/www.heldenhaushalt.de\/sari02\/wp-content\/uploads\/2023\/09\/39-01.jpg 1000w, https:\/\/www.heldenhaushalt.de\/sari02\/wp-content\/uploads\/2023\/09\/39-01-300x214.jpg 300w, https:\/\/www.heldenhaushalt.de\/sari02\/wp-content\/uploads\/2023\/09\/39-01-768x548.jpg 768w, https:\/\/www.heldenhaushalt.de\/sari02\/wp-content\/uploads\/2023\/09\/39-01-84x60.jpg 84w\" sizes=\"auto, (max-width: 1000px) 100vw, 1000px\" \/><\/p>\n<p>Ich versuche weiter aktiv zu sein und zog diese Woche mal wieder die Laufschuhe an. Bisher kam ich zwar nur ein Mal zum Laufen, aber daf&#252;r war ich auch viel mit dem Rad unterwegs und legte auch eine HIIT&nbsp; Einheit mit ein und noch ist die Woche ja nicht vorbei. Ich baue aber auf die Temperaturen der n&#228;chsten Woche, die endlich weg von den fast 30 gehen sollen, die ich nach wie vor als sehr unangenehm empfinde.<\/p>\n<p><img loading=\"lazy\" decoding=\"async\" class=\"alignnone size-full wp-image-59183\" src=\"https:\/\/www.heldenhaushalt.de\/sari02\/wp-content\/uploads\/2023\/09\/39-02.jpg\" alt=\"Fu&#223;ball\" width=\"1000\" height=\"676\" srcset=\"https:\/\/www.heldenhaushalt.de\/sari02\/wp-content\/uploads\/2023\/09\/39-02.jpg 1000w, https:\/\/www.heldenhaushalt.de\/sari02\/wp-content\/uploads\/2023\/09\/39-02-300x203.jpg 300w, https:\/\/www.heldenhaushalt.de\/sari02\/wp-content\/uploads\/2023\/09\/39-02-768x519.jpg 768w, https:\/\/www.heldenhaushalt.de\/sari02\/wp-content\/uploads\/2023\/09\/39-02-89x60.jpg 89w, https:\/\/www.heldenhaushalt.de\/sari02\/wp-content\/uploads\/2023\/09\/39-02-460x310.jpg 460w\" sizes=\"auto, (max-width: 1000px) 100vw, 1000px\" \/><\/p>\n<p>F&#252;r den gro&#223;en Sohn hie&#223; es dementsprechend diese Woche noch kein Training, worunter er sehr litt, da ein interessantes Testspiel anstand. Das Training des kleinen Sohnes mussten der Mann und ich diese Woche noch alleine wuppen, da Co-Trainer und Trainer gesundheitlich ausfielen. Aber es ging&#8230;<\/p>\n<p><img loading=\"lazy\" decoding=\"async\" class=\"alignnone size-full wp-image-59177\" src=\"https:\/\/www.heldenhaushalt.de\/sari02\/wp-content\/uploads\/2023\/09\/39-03.jpg\" alt=\"Spazieren\" width=\"1000\" height=\"777\" srcset=\"https:\/\/www.heldenhaushalt.de\/sari02\/wp-content\/uploads\/2023\/09\/39-03.jpg 1000w, https:\/\/www.heldenhaushalt.de\/sari02\/wp-content\/uploads\/2023\/09\/39-03-300x233.jpg 300w, https:\/\/www.heldenhaushalt.de\/sari02\/wp-content\/uploads\/2023\/09\/39-03-768x597.jpg 768w, https:\/\/www.heldenhaushalt.de\/sari02\/wp-content\/uploads\/2023\/09\/39-03-77x60.jpg 77w\" sizes=\"auto, (max-width: 1000px) 100vw, 1000px\" \/><\/p>\n<p>Ansonsten g&#246;nne ich mir jeden Morgen eine kleine Runde frische Luft. Das erw&#228;hnte ich hier schon einmal und das w&#252;rde ich wirklich gerne beibehalten. Nicht immer macht Spazieren mir Spa&#223; und ich kann es kaum erwarten, aber es tut gut. Ich will mal meine Kopfh&#246;rer fit machen und dabei vielleicht morgens jetzt immer ein H&#246;rbuch oder einen Podcast h&#246;ren. Hat jemand Empfehlungen f&#252;r mich?<\/p>\n<p><img loading=\"lazy\" decoding=\"async\" class=\"alignnone size-full wp-image-59178\" src=\"https:\/\/www.heldenhaushalt.de\/sari02\/wp-content\/uploads\/2023\/09\/39-04.jpg\" alt=\"Klemmbausteine\" width=\"1000\" height=\"713\" srcset=\"https:\/\/www.heldenhaushalt.de\/sari02\/wp-content\/uploads\/2023\/09\/39-04.jpg 1000w, https:\/\/www.heldenhaushalt.de\/sari02\/wp-content\/uploads\/2023\/09\/39-04-300x214.jpg 300w, https:\/\/www.heldenhaushalt.de\/sari02\/wp-content\/uploads\/2023\/09\/39-04-768x548.jpg 768w, https:\/\/www.heldenhaushalt.de\/sari02\/wp-content\/uploads\/2023\/09\/39-04-84x60.jpg 84w\" sizes=\"auto, (max-width: 1000px) 100vw, 1000px\" \/><\/p>\n<p>Angesteckt durch unser derzeit w&#246;chentliches Lego Masters Date, bauen der kleine Sohn und ich auch wieder etwas &#246;fter. Er baut gerade an einem Chef-B&#252;ro (keine Ahnung f&#252;r was) und ich habe eine Fantasieflugzeug gebaut. Aber wir planen eine Eiswelt mit einem Nether Portal. Vorher muss ich aber mein Schloss f&#252;r mein Disneyland Erinnerungsregal noch fertig bauen und n&#228;chste Woche geht es endlich <a href=\"https:\/\/www.heldenhaushalt.de\/sari02\/index.php\/2022\/09\/19\/unser-wib-am-17-18-09-2022\/\">wieder zur Steinewahn Ausstellung<\/a>. Geht da noch jemand hin?<\/p>\n<p><img loading=\"lazy\" decoding=\"async\" class=\"alignnone size-full wp-image-59179\" src=\"https:\/\/www.heldenhaushalt.de\/sari02\/wp-content\/uploads\/2023\/09\/39-05.jpg\" alt=\"Wochenlieblinge\" width=\"1000\" height=\"744\" srcset=\"https:\/\/www.heldenhaushalt.de\/sari02\/wp-content\/uploads\/2023\/09\/39-05.jpg 1000w, https:\/\/www.heldenhaushalt.de\/sari02\/wp-content\/uploads\/2023\/09\/39-05-300x223.jpg 300w, https:\/\/www.heldenhaushalt.de\/sari02\/wp-content\/uploads\/2023\/09\/39-05-768x571.jpg 768w, https:\/\/www.heldenhaushalt.de\/sari02\/wp-content\/uploads\/2023\/09\/39-05-81x60.jpg 81w\" sizes=\"auto, (max-width: 1000px) 100vw, 1000px\" \/><\/p>\n<p>Fundst&#252;ck der Woche? Eine Strickjacke, die etwas &#252;ber den Po geht und eine Kapuze hat. So etwas habe ich schon l&#228;nger gesucht und ist perfekt f&#252;r den Morgen. Au&#223;erdem habe ich das Unterhaar Braun gef&#228;rbt, weil inzwischen zu viele farbliche Abstufungen vorhanden waren. Aber ich kann mich noch nicht &#252;berwinden das helle Haar oben zu f&#228;rben, weil ich dann wieder an dem Punkt w&#228;re, wo ich alle paar Wochen nachf&#228;rben m&#252;sste und da habe ich echt keine Lust drauf. Aber ich bin auch nicht ganz happy mit dem Grau auf dem Kopf, das wiederum keine tempor&#228;ren Haarmasken annimmt. Alles nicht so einfach&#8230;<\/p>\n<p><img loading=\"lazy\" decoding=\"async\" class=\"alignnone size-full wp-image-59180\" src=\"https:\/\/www.heldenhaushalt.de\/sari02\/wp-content\/uploads\/2023\/09\/39-06.jpg\" alt=\"Wochenlieblinge\" width=\"1000\" height=\"751\" srcset=\"https:\/\/www.heldenhaushalt.de\/sari02\/wp-content\/uploads\/2023\/09\/39-06.jpg 1000w, https:\/\/www.heldenhaushalt.de\/sari02\/wp-content\/uploads\/2023\/09\/39-06-300x225.jpg 300w, https:\/\/www.heldenhaushalt.de\/sari02\/wp-content\/uploads\/2023\/09\/39-06-768x577.jpg 768w, https:\/\/www.heldenhaushalt.de\/sari02\/wp-content\/uploads\/2023\/09\/39-06-80x60.jpg 80w\" sizes=\"auto, (max-width: 1000px) 100vw, 1000px\" \/><\/p>\n<p>Wenn man mal davon absieht, dass meine Uhr dringend eine neue Panzerfolie braucht, freut es mich, dass ich durch die morgendlichen Spazierg&#228;nge schon vor 9 Uhr im Schnitt bereits die H&#228;lfte meines t&#228;glichen Aktivit&#228;tsziels erreicht habe. Ihr ahnt gar nicht, was f&#252;r ein Akt das ist t&#228;glich die 100 % voll zu bekommen.<\/p>\n<p><img loading=\"lazy\" decoding=\"async\" class=\"alignnone size-full wp-image-59182\" src=\"https:\/\/www.heldenhaushalt.de\/sari02\/wp-content\/uploads\/2023\/09\/39-08.jpg\" alt=\"Yoga\" width=\"1000\" height=\"720\" srcset=\"https:\/\/www.heldenhaushalt.de\/sari02\/wp-content\/uploads\/2023\/09\/39-08.jpg 1000w, https:\/\/www.heldenhaushalt.de\/sari02\/wp-content\/uploads\/2023\/09\/39-08-300x216.jpg 300w, https:\/\/www.heldenhaushalt.de\/sari02\/wp-content\/uploads\/2023\/09\/39-08-768x553.jpg 768w, https:\/\/www.heldenhaushalt.de\/sari02\/wp-content\/uploads\/2023\/09\/39-08-83x60.jpg 83w\" sizes=\"auto, (max-width: 1000px) 100vw, 1000px\" \/><\/p>\n<p>Was ich definitiv wieder mehr im Alltag unterbringen m&#246;chte, das ist Yoga. Ich merke, wie steif ich schon wieder in den Gliedern geworden bin und es tat auch dem Kopf immer gut, wenn man sich mal so 20-30 Minuten einfach f&#252;r sich und das F&#252;hlen genommen hat.<\/p>\n<h2>Zeit f&#252;r die Freitagsfragen!<\/h2>\n<p><img loading=\"lazy\" decoding=\"async\" class=\"alignnone size-full wp-image-59181\" src=\"https:\/\/www.heldenhaushalt.de\/sari02\/wp-content\/uploads\/2023\/09\/39-07.jpg\" alt=\"Wetter\" width=\"1000\" height=\"736\" srcset=\"https:\/\/www.heldenhaushalt.de\/sari02\/wp-content\/uploads\/2023\/09\/39-07.jpg 1000w, https:\/\/www.heldenhaushalt.de\/sari02\/wp-content\/uploads\/2023\/09\/39-07-300x221.jpg 300w, https:\/\/www.heldenhaushalt.de\/sari02\/wp-content\/uploads\/2023\/09\/39-07-768x565.jpg 768w, https:\/\/www.heldenhaushalt.de\/sari02\/wp-content\/uploads\/2023\/09\/39-07-82x60.jpg 82w\" sizes=\"auto, (max-width: 1000px) 100vw, 1000px\" \/><\/p>\n<p><strong>Und zum Abschluss auch dieses Mal wieder Wochenlieblinge mit dem&nbsp;<a href=\"https:\/\/scrapimpulse.com\/2023\/09\/freitagstipps-freitagsfueller-749\/\" target=\"_blank\" rel=\"noopener\">Freitagsf&#252;ller von Babara<\/a>.<\/strong><\/p>\n<p><strong>1.<\/strong> St&#252;rmisch <span style=\"color: #ff9900;\">war das Wetter die letzten Tage nicht, aber wer wei&#223;, was da noch so kommen kann<\/span>.<br \/>\n<strong>2.<\/strong> <span style=\"color: #ff9900;\">Laute Musik<\/span> ist mein Rezept f&#252;r gute Laune.<br \/>\n<strong>3.<\/strong> Apple <span style=\"color: #ff9900;\">nutzt hier eigentlich keiner bei uns im Haus. Ich habe nur irgendwo noch einen alten Mp3 Player<\/span>.<br \/>\n<strong>4.<\/strong> <span style=\"color: #ff9900;\">Abends mit Kuscheldecke auf dem Sofa finde ich<\/span> so richtig gem&#252;tlich.<br \/>\n<strong>5.<\/strong> Man sagt, <span style=\"color: #ff9900;\">wenn man nichts Nettes zu sagen hat, dann sollte man lieber gar nichts sagen<\/span>.<br \/>\n<strong>6.<\/strong> <span style=\"color: #ff9900;\">Temperaturen unter 22 Grad<\/span> erwarte ich schon sehns&#252;chtig.<br \/>\n<strong>7.<\/strong> Was das Wochenende angeht, heute Abend freue ich mich <span style=\"color: #ff9900;\">auf ein weiteres Lego Masters Date mit dem kleinen Sohn<\/span>, morgen habe ich geplant, <span style=\"color: #ff9900;\">das Team zu unterst&#252;tzen<\/span> und Sonntag m&#246;chte ich <span style=\"color: #ff9900;\">eigentlich ganz gerne eine K&#252;rbis Ausstellung besuchen<\/span>!<\/p>\n<p><small>*<strong>Anmerkung:<\/strong>&nbsp;Der Artikel &#252;ber unsere Wochenlieblinge enth&#228;lt evtl. Bilder mit Produkten, die wir in unserem Alltag nutzen oder Linkempfehlungen. Wir haben keine Bezahlung f&#252;r das Zeigen oder Nutzen derselbigen erhalten. Affiliate Links sind als solche markiert.<\/small><\/p>\n","protected":false},"excerpt":{"rendered":"<p>Enth&#228;lt (unbezahlte) Werbung* Montag verbrachte ich am Telefon. Ich versuchte mal beim Kinderarzt durchzukommen, um f&#252;r den gro&#223;en Sohn, der ja bekanntlich mit einer fetten Erk&#228;ltung von seiner Klassenfahrt zur&#252;ck kam, einen Termin zu bekommen. Sein Husten h&#246;rte sich n&#228;mlich wirklich bl&#246;d an und er klagte &#252;ber Ohrenschmerzen. Die Ansage blieb auch &#252;ber die Sprechstundenzeit eingeschaltet und verwies im Notfall auf eine Akutsprechstunde am Vormittag. Also beschlossen wir diese am n&#228;chsten Morgen aufzusuchen. So etwas geh&#246;rt ja eher nicht in die Sparte &#8220;Wochenlieblinge&#8221;, aber auch das ist Alltag und zur Zeit, wenn man den &#196;rzten glauben darf, auch ziemlich extrem. Am n&#228;chsten Tag wollte man den Sohn &#252;brigens nicht r&#252;ckwirkend krank schreiben, weil ich mich ja am Vortag nicht gemeldet h&#228;tte. Nun ja&#8230; Unsere Wochenlieblinge in dieser Woche\u2026 Dementsprechend wurde unsere Woche also von einem Krankenlager &#252;berschattet, aber ich nahm es recht gelassen. Der Sohn ruhte sich aus und nach dem, was ich so h&#246;rte, fielen viele Kinder nach der Klassenfahrt aus, weil sie krank waren. Ja sogar Lehrer. Der Stundenplan des gro&#223;en Sohnes scheint mal wieder zur H&#228;lfte nur aus Ausfall oder Vertretung zu bestehen. Schon krass irgendwie&#8230; Ich versuche weiter aktiv zu sein und zog diese Woche mal wieder die Laufschuhe an. Bisher kam ich zwar nur ein Mal zum Laufen, aber daf&#252;r war ich auch viel mit dem Rad unterwegs und legte auch eine HIIT&nbsp; Einheit mit ein und noch ist die Woche ja nicht vorbei. Ich baue aber auf die Temperaturen der n&#228;chsten Woche, die endlich weg von den fast 30 gehen sollen, die ich nach wie vor als sehr unangenehm empfinde. F&#252;r den gro&#223;en Sohn hie&#223; es dementsprechend diese Woche noch kein Training, worunter er sehr litt, da ein interessantes Testspiel anstand. Das Training des kleinen Sohnes mussten der Mann und ich diese Woche noch alleine wuppen, da Co-Trainer und Trainer gesundheitlich ausfielen. Aber es ging&#8230; Ansonsten g&#246;nne ich mir jeden Morgen eine kleine Runde frische Luft. Das erw&#228;hnte ich hier schon einmal und das w&#252;rde ich wirklich gerne beibehalten. Nicht immer macht Spazieren mir Spa&#223; und ich kann es kaum erwarten, aber es tut gut. Ich will mal meine Kopfh&#246;rer fit machen und dabei vielleicht morgens jetzt immer ein H&#246;rbuch oder einen Podcast h&#246;ren. Hat jemand Empfehlungen f&#252;r mich? Angesteckt durch unser derzeit w&#246;chentliches Lego Masters Date, bauen der kleine Sohn und ich auch wieder etwas &#246;fter. Er baut gerade an einem Chef-B&#252;ro (keine Ahnung f&#252;r was) und ich habe eine Fantasieflugzeug gebaut. Aber wir planen eine Eiswelt mit einem Nether Portal. Vorher muss ich aber mein Schloss f&#252;r mein Disneyland Erinnerungsregal noch fertig bauen und n&#228;chste Woche geht es endlich wieder zur Steinewahn Ausstellung. Geht da noch jemand hin? Fundst&#252;ck der Woche? Eine Strickjacke, die etwas &#252;ber den Po geht und eine Kapuze hat. So etwas habe ich schon l&#228;nger gesucht und ist perfekt f&#252;r den Morgen. Au&#223;erdem habe ich das Unterhaar Braun gef&#228;rbt, weil inzwischen zu viele farbliche Abstufungen vorhanden waren. Aber ich kann mich noch nicht &#252;berwinden das helle Haar oben zu f&#228;rben, weil ich dann wieder an dem Punkt w&#228;re, wo ich alle paar Wochen nachf&#228;rben m&#252;sste und da habe ich echt keine Lust drauf. Aber ich bin auch nicht ganz happy mit dem Grau auf dem Kopf, das wiederum keine tempor&#228;ren Haarmasken annimmt. Alles nicht so einfach&#8230; Wenn man mal davon absieht, dass meine Uhr dringend eine neue Panzerfolie braucht, freut es mich, dass ich durch die morgendlichen Spazierg&#228;nge schon vor 9 Uhr im Schnitt bereits die H&#228;lfte meines t&#228;glichen Aktivit&#228;tsziels erreicht habe. Ihr ahnt gar nicht, was f&#252;r ein Akt das ist t&#228;glich die 100 % voll zu bekommen. Was ich definitiv wieder mehr im Alltag unterbringen m&#246;chte, das ist Yoga. Ich merke, wie steif ich schon wieder in den Gliedern geworden bin und es tat auch dem Kopf immer gut, wenn man sich mal so 20-30 Minuten einfach f&#252;r sich und das F&#252;hlen genommen hat. Zeit f&#252;r die Freitagsfragen! Und zum Abschluss auch dieses Mal wieder Wochenlieblinge mit dem&nbsp;Freitagsf&#252;ller von Babara. 1. St&#252;rmisch war das Wetter die letzten Tage nicht, aber wer wei&#223;, was da noch so kommen kann. 2. Laute Musik ist mein Rezept f&#252;r gute Laune. 3. Apple nutzt hier eigentlich keiner bei uns im Haus. Ich habe nur irgendwo noch einen alten Mp3 Player. 4. Abends mit Kuscheldecke auf dem Sofa finde ich so richtig gem&#252;tlich. 5. Man sagt, wenn man nichts Nettes zu sagen hat, dann sollte man lieber gar nichts sagen. 6. Temperaturen unter 22 Grad erwarte ich schon sehns&#252;chtig. 7. Was das Wochenende angeht, heute Abend freue ich mich auf ein weiteres Lego Masters Date mit dem kleinen Sohn, morgen habe ich geplant, das Team zu unterst&#252;tzen und Sonntag m&#246;chte ich eigentlich ganz gerne eine K&#252;rbis Ausstellung besuchen! *Anmerkung:&nbsp;Der Artikel &#252;ber unsere Wochenlieblinge enth&#228;lt evtl. Bilder mit Produkten, die wir in unserem Alltag nutzen oder Linkempfehlungen. Wir haben keine Bezahlung f&#252;r das Zeigen oder Nutzen derselbigen erhalten. Affiliate Links sind als solche markiert.<\/p>\n","protected":false},"author":1,"featured_media":59174,"comment_status":"open","ping_status":"open","sticky":false,"template":"","format":"standard","meta":{"ngg_post_thumbnail":0,"footnotes":""},"categories":[323,49],"tags":[781,45,69,3125,171,418,81,199,1316,872,2161],"class_list":["post-59172","post","type-post","status-publish","format-standard","has-post-thumbnail","hentry","category-alltag","category-blogspaehre","tag-freitagslieblinge","tag-alltag","tag-familie","tag-freitagsfueller","tag-fussball","tag-herbst","tag-kinder","tag-rueckblick","tag-wetter","tag-woche","tag-wochenlieblinge"],"yoast_head":"<!-- This site is optimized with the Yoast SEO plugin v27.5 - https:\/\/yoast.com\/product\/yoast-seo-wordpress\/ -->\n<title>Unsere Wochenlieblinge 39\/2023 - Atmen am Morgen - Heldenhaushalt<\/title>\n<meta name=\"description\" content=\"So etwas geh\u00f6rt ja eher nicht in die Sparte &quot;Wochenlieblinge&quot;, aber auch das ist Alltag und zur Zeit, wenn man den \u00c4rzten glauben darf...\" \/>\n<meta name=\"robots\" content=\"index, follow, max-snippet:-1, max-image-preview:large, max-video-preview:-1\" \/>\n<link rel=\"canonical\" href=\"https:\/\/www.heldenhaushalt.de\/sari02\/index.php\/2023\/09\/29\/unsere-wochenlieblinge-392023-atmen-am-morgen\/\" \/>\n<meta property=\"og:locale\" content=\"de_DE\" \/>\n<meta property=\"og:type\" content=\"article\" \/>\n<meta property=\"og:title\" content=\"Unsere Wochenlieblinge 39\/2023 - Atmen am Morgen - Heldenhaushalt\" \/>\n<meta property=\"og:description\" content=\"So etwas geh\u00f6rt ja eher nicht in die Sparte &quot;Wochenlieblinge&quot;, aber auch das ist Alltag und zur Zeit, wenn man den \u00c4rzten glauben darf...\" \/>\n<meta property=\"og:url\" content=\"https:\/\/www.heldenhaushalt.de\/sari02\/index.php\/2023\/09\/29\/unsere-wochenlieblinge-392023-atmen-am-morgen\/\" \/>\n<meta property=\"og:site_name\" content=\"Heldenhaushalt\" \/>\n<meta property=\"article:published_time\" content=\"2023-09-29T08:40:23+00:00\" \/>\n<meta property=\"og:image\" content=\"https:\/\/www.heldenhaushalt.de\/sari02\/wp-content\/uploads\/2023\/09\/39-00.jpg\" \/>\n\t<meta property=\"og:image:width\" content=\"1000\" \/>\n\t<meta property=\"og:image:height\" content=\"724\" \/>\n\t<meta property=\"og:image:type\" content=\"image\/jpeg\" \/>\n<meta name=\"author\" content=\"Sari\" \/>\n<meta name=\"twitter:card\" content=\"summary_large_image\" \/>\n<meta name=\"twitter:creator\" content=\"@Heldenhaushalt\" \/>\n<meta name=\"twitter:site\" content=\"@Heldenhaushalt\" \/>\n<meta name=\"twitter:label1\" content=\"Verfasst von\" \/>\n\t<meta name=\"twitter:data1\" content=\"Sari\" \/>\n\t<meta name=\"twitter:label2\" content=\"Gesch\u00e4tzte Lesezeit\" \/>\n\t<meta name=\"twitter:data2\" content=\"7\u00a0Minuten\" \/>\n<script type=\"application\/ld+json\" class=\"yoast-schema-graph\">{\"@context\":\"https:\\\/\\\/schema.org\",\"@graph\":[{\"@type\":\"Article\",\"@id\":\"https:\\\/\\\/www.heldenhaushalt.de\\\/sari02\\\/index.php\\\/2023\\\/09\\\/29\\\/unsere-wochenlieblinge-392023-atmen-am-morgen\\\/#article\",\"isPartOf\":{\"@id\":\"https:\\\/\\\/www.heldenhaushalt.de\\\/sari02\\\/index.php\\\/2023\\\/09\\\/29\\\/unsere-wochenlieblinge-392023-atmen-am-morgen\\\/\"},\"author\":{\"name\":\"Sari\",\"@id\":\"https:\\\/\\\/www.heldenhaushalt.de\\\/sari02\\\/#\\\/schema\\\/person\\\/a1cc69f42a01f412eb62c151353814f6\"},\"headline\":\"Unsere Wochenlieblinge 39\\\/2023 &#8211; Atmen am Morgen\",\"datePublished\":\"2023-09-29T08:40:23+00:00\",\"mainEntityOfPage\":{\"@id\":\"https:\\\/\\\/www.heldenhaushalt.de\\\/sari02\\\/index.php\\\/2023\\\/09\\\/29\\\/unsere-wochenlieblinge-392023-atmen-am-morgen\\\/\"},\"wordCount\":883,\"commentCount\":2,\"publisher\":{\"@id\":\"https:\\\/\\\/www.heldenhaushalt.de\\\/sari02\\\/#\\\/schema\\\/person\\\/a1cc69f42a01f412eb62c151353814f6\"},\"image\":{\"@id\":\"https:\\\/\\\/www.heldenhaushalt.de\\\/sari02\\\/index.php\\\/2023\\\/09\\\/29\\\/unsere-wochenlieblinge-392023-atmen-am-morgen\\\/#primaryimage\"},\"thumbnailUrl\":\"https:\\\/\\\/www.heldenhaushalt.de\\\/sari02\\\/wp-content\\\/uploads\\\/2023\\\/09\\\/39-00.jpg\",\"keywords\":[\"#Freitagslieblinge\",\"Allt\u00e4glich\",\"Familie\",\"Freitagsf\u00fcller\",\"Fu\u00dfball\",\"Herbst\",\"Kinder\",\"R\u00fcckblick\",\"Wetter\",\"Woche\",\"Wochenlieblinge\"],\"articleSection\":[\"Alltagschaos\",\"Blogsph\u00e4re\"],\"inLanguage\":\"de\",\"potentialAction\":[{\"@type\":\"CommentAction\",\"name\":\"Comment\",\"target\":[\"https:\\\/\\\/www.heldenhaushalt.de\\\/sari02\\\/index.php\\\/2023\\\/09\\\/29\\\/unsere-wochenlieblinge-392023-atmen-am-morgen\\\/#respond\"]}]},{\"@type\":\"WebPage\",\"@id\":\"https:\\\/\\\/www.heldenhaushalt.de\\\/sari02\\\/index.php\\\/2023\\\/09\\\/29\\\/unsere-wochenlieblinge-392023-atmen-am-morgen\\\/\",\"url\":\"https:\\\/\\\/www.heldenhaushalt.de\\\/sari02\\\/index.php\\\/2023\\\/09\\\/29\\\/unsere-wochenlieblinge-392023-atmen-am-morgen\\\/\",\"name\":\"Unsere Wochenlieblinge 39\\\/2023 - Atmen am Morgen - Heldenhaushalt\",\"isPartOf\":{\"@id\":\"https:\\\/\\\/www.heldenhaushalt.de\\\/sari02\\\/#website\"},\"primaryImageOfPage\":{\"@id\":\"https:\\\/\\\/www.heldenhaushalt.de\\\/sari02\\\/index.php\\\/2023\\\/09\\\/29\\\/unsere-wochenlieblinge-392023-atmen-am-morgen\\\/#primaryimage\"},\"image\":{\"@id\":\"https:\\\/\\\/www.heldenhaushalt.de\\\/sari02\\\/index.php\\\/2023\\\/09\\\/29\\\/unsere-wochenlieblinge-392023-atmen-am-morgen\\\/#primaryimage\"},\"thumbnailUrl\":\"https:\\\/\\\/www.heldenhaushalt.de\\\/sari02\\\/wp-content\\\/uploads\\\/2023\\\/09\\\/39-00.jpg\",\"datePublished\":\"2023-09-29T08:40:23+00:00\",\"description\":\"So etwas geh\u00f6rt ja eher nicht in die Sparte \\\"Wochenlieblinge\\\", aber auch das ist Alltag und zur Zeit, wenn man den \u00c4rzten glauben darf...\",\"breadcrumb\":{\"@id\":\"https:\\\/\\\/www.heldenhaushalt.de\\\/sari02\\\/index.php\\\/2023\\\/09\\\/29\\\/unsere-wochenlieblinge-392023-atmen-am-morgen\\\/#breadcrumb\"},\"inLanguage\":\"de\",\"potentialAction\":[{\"@type\":\"ReadAction\",\"target\":[\"https:\\\/\\\/www.heldenhaushalt.de\\\/sari02\\\/index.php\\\/2023\\\/09\\\/29\\\/unsere-wochenlieblinge-392023-atmen-am-morgen\\\/\"]}]},{\"@type\":\"ImageObject\",\"inLanguage\":\"de\",\"@id\":\"https:\\\/\\\/www.heldenhaushalt.de\\\/sari02\\\/index.php\\\/2023\\\/09\\\/29\\\/unsere-wochenlieblinge-392023-atmen-am-morgen\\\/#primaryimage\",\"url\":\"https:\\\/\\\/www.heldenhaushalt.de\\\/sari02\\\/wp-content\\\/uploads\\\/2023\\\/09\\\/39-00.jpg\",\"contentUrl\":\"https:\\\/\\\/www.heldenhaushalt.de\\\/sari02\\\/wp-content\\\/uploads\\\/2023\\\/09\\\/39-00.jpg\",\"width\":1000,\"height\":724,\"caption\":\"Wochenlieblinge\"},{\"@type\":\"BreadcrumbList\",\"@id\":\"https:\\\/\\\/www.heldenhaushalt.de\\\/sari02\\\/index.php\\\/2023\\\/09\\\/29\\\/unsere-wochenlieblinge-392023-atmen-am-morgen\\\/#breadcrumb\",\"itemListElement\":[{\"@type\":\"ListItem\",\"position\":1,\"name\":\"Startseite\",\"item\":\"https:\\\/\\\/www.heldenhaushalt.de\\\/sari02\\\/\"},{\"@type\":\"ListItem\",\"position\":2,\"name\":\"Unsere Wochenlieblinge 39\\\/2023 &#8211; Atmen am Morgen\"}]},{\"@type\":\"WebSite\",\"@id\":\"https:\\\/\\\/www.heldenhaushalt.de\\\/sari02\\\/#website\",\"url\":\"https:\\\/\\\/www.heldenhaushalt.de\\\/sari02\\\/\",\"name\":\"Heldenhaushalt\",\"description\":\"Wer es ordentlich haben will, der muss vorher anrufen\",\"publisher\":{\"@id\":\"https:\\\/\\\/www.heldenhaushalt.de\\\/sari02\\\/#\\\/schema\\\/person\\\/a1cc69f42a01f412eb62c151353814f6\"},\"potentialAction\":[{\"@type\":\"SearchAction\",\"target\":{\"@type\":\"EntryPoint\",\"urlTemplate\":\"https:\\\/\\\/www.heldenhaushalt.de\\\/sari02\\\/?s={search_term_string}\"},\"query-input\":{\"@type\":\"PropertyValueSpecification\",\"valueRequired\":true,\"valueName\":\"search_term_string\"}}],\"inLanguage\":\"de\"},{\"@type\":[\"Person\",\"Organization\"],\"@id\":\"https:\\\/\\\/www.heldenhaushalt.de\\\/sari02\\\/#\\\/schema\\\/person\\\/a1cc69f42a01f412eb62c151353814f6\",\"name\":\"Sari\",\"image\":{\"@type\":\"ImageObject\",\"inLanguage\":\"de\",\"@id\":\"https:\\\/\\\/www.heldenhaushalt.de\\\/sari02\\\/wp-content\\\/uploads\\\/2019\\\/02\\\/sari-april2018.png\",\"url\":\"https:\\\/\\\/www.heldenhaushalt.de\\\/sari02\\\/wp-content\\\/uploads\\\/2019\\\/02\\\/sari-april2018.png\",\"contentUrl\":\"https:\\\/\\\/www.heldenhaushalt.de\\\/sari02\\\/wp-content\\\/uploads\\\/2019\\\/02\\\/sari-april2018.png\",\"width\":500,\"height\":500,\"caption\":\"Sari\"},\"logo\":{\"@id\":\"https:\\\/\\\/www.heldenhaushalt.de\\\/sari02\\\/wp-content\\\/uploads\\\/2019\\\/02\\\/sari-april2018.png\"},\"description\":\"Frau Mondgras \u2013 Das bin ich, Sari. Gerne auch als Sari Mondgras bekannt und im Internet zu finden. 2-Fach-Mutter, Heldenehefrau, Kreativling, Harmonies\u00fcchtig und st\u00e4ndig auf der Suche nach Gl\u00fcck. Ich komme aus Berlin, bin hier aufgewachsen und lebe hier seit ich denken kann.\",\"sameAs\":[\"https:\\\/\\\/www.instagram.com\\\/heldenhaushalt\\\/\"],\"url\":\"https:\\\/\\\/www.heldenhaushalt.de\\\/sari02\\\/index.php\\\/author\\\/admin\\\/\"}]}<\/script>\n<!-- \/ Yoast SEO plugin. -->","yoast_head_json":{"title":"Unsere Wochenlieblinge 39\/2023 - Atmen am Morgen - Heldenhaushalt","description":"So etwas geh\u00f6rt ja eher nicht in die Sparte \"Wochenlieblinge\", aber auch das ist Alltag und zur Zeit, wenn man den \u00c4rzten glauben darf...","robots":{"index":"index","follow":"follow","max-snippet":"max-snippet:-1","max-image-preview":"max-image-preview:large","max-video-preview":"max-video-preview:-1"},"canonical":"https:\/\/www.heldenhaushalt.de\/sari02\/index.php\/2023\/09\/29\/unsere-wochenlieblinge-392023-atmen-am-morgen\/","og_locale":"de_DE","og_type":"article","og_title":"Unsere Wochenlieblinge 39\/2023 - Atmen am Morgen - Heldenhaushalt","og_description":"So etwas geh\u00f6rt ja eher nicht in die Sparte \"Wochenlieblinge\", aber auch das ist Alltag und zur Zeit, wenn man den \u00c4rzten glauben darf...","og_url":"https:\/\/www.heldenhaushalt.de\/sari02\/index.php\/2023\/09\/29\/unsere-wochenlieblinge-392023-atmen-am-morgen\/","og_site_name":"Heldenhaushalt","article_published_time":"2023-09-29T08:40:23+00:00","og_image":[{"width":1000,"height":724,"url":"https:\/\/www.heldenhaushalt.de\/sari02\/wp-content\/uploads\/2023\/09\/39-00.jpg","type":"image\/jpeg"}],"author":"Sari","twitter_card":"summary_large_image","twitter_creator":"@Heldenhaushalt","twitter_site":"@Heldenhaushalt","twitter_misc":{"Verfasst von":"Sari","Gesch\u00e4tzte Lesezeit":"7\u00a0Minuten"},"schema":{"@context":"https:\/\/schema.org","@graph":[{"@type":"Article","@id":"https:\/\/www.heldenhaushalt.de\/sari02\/index.php\/2023\/09\/29\/unsere-wochenlieblinge-392023-atmen-am-morgen\/#article","isPartOf":{"@id":"https:\/\/www.heldenhaushalt.de\/sari02\/index.php\/2023\/09\/29\/unsere-wochenlieblinge-392023-atmen-am-morgen\/"},"author":{"name":"Sari","@id":"https:\/\/www.heldenhaushalt.de\/sari02\/#\/schema\/person\/a1cc69f42a01f412eb62c151353814f6"},"headline":"Unsere Wochenlieblinge 39\/2023 &#8211; Atmen am Morgen","datePublished":"2023-09-29T08:40:23+00:00","mainEntityOfPage":{"@id":"https:\/\/www.heldenhaushalt.de\/sari02\/index.php\/2023\/09\/29\/unsere-wochenlieblinge-392023-atmen-am-morgen\/"},"wordCount":883,"commentCount":2,"publisher":{"@id":"https:\/\/www.heldenhaushalt.de\/sari02\/#\/schema\/person\/a1cc69f42a01f412eb62c151353814f6"},"image":{"@id":"https:\/\/www.heldenhaushalt.de\/sari02\/index.php\/2023\/09\/29\/unsere-wochenlieblinge-392023-atmen-am-morgen\/#primaryimage"},"thumbnailUrl":"https:\/\/www.heldenhaushalt.de\/sari02\/wp-content\/uploads\/2023\/09\/39-00.jpg","keywords":["#Freitagslieblinge","Allt\u00e4glich","Familie","Freitagsf\u00fcller","Fu\u00dfball","Herbst","Kinder","R\u00fcckblick","Wetter","Woche","Wochenlieblinge"],"articleSection":["Alltagschaos","Blogsph\u00e4re"],"inLanguage":"de","potentialAction":[{"@type":"CommentAction","name":"Comment","target":["https:\/\/www.heldenhaushalt.de\/sari02\/index.php\/2023\/09\/29\/unsere-wochenlieblinge-392023-atmen-am-morgen\/#respond"]}]},{"@type":"WebPage","@id":"https:\/\/www.heldenhaushalt.de\/sari02\/index.php\/2023\/09\/29\/unsere-wochenlieblinge-392023-atmen-am-morgen\/","url":"https:\/\/www.heldenhaushalt.de\/sari02\/index.php\/2023\/09\/29\/unsere-wochenlieblinge-392023-atmen-am-morgen\/","name":"Unsere Wochenlieblinge 39\/2023 - Atmen am Morgen - Heldenhaushalt","isPartOf":{"@id":"https:\/\/www.heldenhaushalt.de\/sari02\/#website"},"primaryImageOfPage":{"@id":"https:\/\/www.heldenhaushalt.de\/sari02\/index.php\/2023\/09\/29\/unsere-wochenlieblinge-392023-atmen-am-morgen\/#primaryimage"},"image":{"@id":"https:\/\/www.heldenhaushalt.de\/sari02\/index.php\/2023\/09\/29\/unsere-wochenlieblinge-392023-atmen-am-morgen\/#primaryimage"},"thumbnailUrl":"https:\/\/www.heldenhaushalt.de\/sari02\/wp-content\/uploads\/2023\/09\/39-00.jpg","datePublished":"2023-09-29T08:40:23+00:00","description":"So etwas geh\u00f6rt ja eher nicht in die Sparte \"Wochenlieblinge\", aber auch das ist Alltag und zur Zeit, wenn man den \u00c4rzten glauben darf...","breadcrumb":{"@id":"https:\/\/www.heldenhaushalt.de\/sari02\/index.php\/2023\/09\/29\/unsere-wochenlieblinge-392023-atmen-am-morgen\/#breadcrumb"},"inLanguage":"de","potentialAction":[{"@type":"ReadAction","target":["https:\/\/www.heldenhaushalt.de\/sari02\/index.php\/2023\/09\/29\/unsere-wochenlieblinge-392023-atmen-am-morgen\/"]}]},{"@type":"ImageObject","inLanguage":"de","@id":"https:\/\/www.heldenhaushalt.de\/sari02\/index.php\/2023\/09\/29\/unsere-wochenlieblinge-392023-atmen-am-morgen\/#primaryimage","url":"https:\/\/www.heldenhaushalt.de\/sari02\/wp-content\/uploads\/2023\/09\/39-00.jpg","contentUrl":"https:\/\/www.heldenhaushalt.de\/sari02\/wp-content\/uploads\/2023\/09\/39-00.jpg","width":1000,"height":724,"caption":"Wochenlieblinge"},{"@type":"BreadcrumbList","@id":"https:\/\/www.heldenhaushalt.de\/sari02\/index.php\/2023\/09\/29\/unsere-wochenlieblinge-392023-atmen-am-morgen\/#breadcrumb","itemListElement":[{"@type":"ListItem","position":1,"name":"Startseite","item":"https:\/\/www.heldenhaushalt.de\/sari02\/"},{"@type":"ListItem","position":2,"name":"Unsere Wochenlieblinge 39\/2023 &#8211; Atmen am Morgen"}]},{"@type":"WebSite","@id":"https:\/\/www.heldenhaushalt.de\/sari02\/#website","url":"https:\/\/www.heldenhaushalt.de\/sari02\/","name":"Heldenhaushalt","description":"Wer es ordentlich haben will, der muss vorher anrufen","publisher":{"@id":"https:\/\/www.heldenhaushalt.de\/sari02\/#\/schema\/person\/a1cc69f42a01f412eb62c151353814f6"},"potentialAction":[{"@type":"SearchAction","target":{"@type":"EntryPoint","urlTemplate":"https:\/\/www.heldenhaushalt.de\/sari02\/?s={search_term_string}"},"query-input":{"@type":"PropertyValueSpecification","valueRequired":true,"valueName":"search_term_string"}}],"inLanguage":"de"},{"@type":["Person","Organization"],"@id":"https:\/\/www.heldenhaushalt.de\/sari02\/#\/schema\/person\/a1cc69f42a01f412eb62c151353814f6","name":"Sari","image":{"@type":"ImageObject","inLanguage":"de","@id":"https:\/\/www.heldenhaushalt.de\/sari02\/wp-content\/uploads\/2019\/02\/sari-april2018.png","url":"https:\/\/www.heldenhaushalt.de\/sari02\/wp-content\/uploads\/2019\/02\/sari-april2018.png","contentUrl":"https:\/\/www.heldenhaushalt.de\/sari02\/wp-content\/uploads\/2019\/02\/sari-april2018.png","width":500,"height":500,"caption":"Sari"},"logo":{"@id":"https:\/\/www.heldenhaushalt.de\/sari02\/wp-content\/uploads\/2019\/02\/sari-april2018.png"},"description":"Frau Mondgras \u2013 Das bin ich, Sari. Gerne auch als Sari Mondgras bekannt und im Internet zu finden. 2-Fach-Mutter, Heldenehefrau, Kreativling, Harmonies\u00fcchtig und st\u00e4ndig auf der Suche nach Gl\u00fcck. Ich komme aus Berlin, bin hier aufgewachsen und lebe hier seit ich denken kann.","sameAs":["https:\/\/www.instagram.com\/heldenhaushalt\/"],"url":"https:\/\/www.heldenhaushalt.de\/sari02\/index.php\/author\/admin\/"}]}},"views":1541,"_links":{"self":[{"href":"https:\/\/www.heldenhaushalt.de\/sari02\/index.php\/wp-json\/wp\/v2\/posts\/59172","targetHints":{"allow":["GET"]}}],"collection":[{"href":"https:\/\/www.heldenhaushalt.de\/sari02\/index.php\/wp-json\/wp\/v2\/posts"}],"about":[{"href":"https:\/\/www.heldenhaushalt.de\/sari02\/index.php\/wp-json\/wp\/v2\/types\/post"}],"author":[{"embeddable":true,"href":"https:\/\/www.heldenhaushalt.de\/sari02\/index.php\/wp-json\/wp\/v2\/users\/1"}],"replies":[{"embeddable":true,"href":"https:\/\/www.heldenhaushalt.de\/sari02\/index.php\/wp-json\/wp\/v2\/comments?post=59172"}],"version-history":[{"count":2,"href":"https:\/\/www.heldenhaushalt.de\/sari02\/index.php\/wp-json\/wp\/v2\/posts\/59172\/revisions"}],"predecessor-version":[{"id":59184,"href":"https:\/\/www.heldenhaushalt.de\/sari02\/index.php\/wp-json\/wp\/v2\/posts\/59172\/revisions\/59184"}],"wp:featuredmedia":[{"embeddable":true,"href":"https:\/\/www.heldenhaushalt.de\/sari02\/index.php\/wp-json\/wp\/v2\/media\/59174"}],"wp:attachment":[{"href":"https:\/\/www.heldenhaushalt.de\/sari02\/index.php\/wp-json\/wp\/v2\/media?parent=59172"}],"wp:term":[{"taxonomy":"category","embeddable":true,"href":"https:\/\/www.heldenhaushalt.de\/sari02\/index.php\/wp-json\/wp\/v2\/categories?post=59172"},{"taxonomy":"post_tag","embeddable":true,"href":"https:\/\/www.heldenhaushalt.de\/sari02\/index.php\/wp-json\/wp\/v2\/tags?post=59172"}],"curies":[{"name":"wp","href":"https:\/\/api.w.org\/{rel}","templated":true}]}}