{"id":59194,"date":"2023-10-02T17:00:28","date_gmt":"2023-10-02T15:00:28","guid":{"rendered":"https:\/\/www.heldenhaushalt.de\/sari02\/?p=59194"},"modified":"2023-10-02T17:00:28","modified_gmt":"2023-10-02T15:00:28","slug":"lichterkinder-im-herbst-fuer-die-toniebox-werbung","status":"publish","type":"post","link":"https:\/\/www.heldenhaushalt.de\/sari02\/index.php\/2023\/10\/02\/lichterkinder-im-herbst-fuer-die-toniebox-werbung\/","title":{"rendered":"Lichterkinder im Herbst f&#252;r die Toniebox #Werbung"},"content":{"rendered":"<p style=\"text-align: right;\"><small>Werbung*<\/small><\/p>\n<p><em>&#8220;Schon komisch, dass du eher ein Herbstkind bist&#8221;<\/em>, sagte meine Mutter neulich zu mir, da ich ja eigentlich mitten im Sommer geboren wurde, mit der Jahreszeit aber kaum etwas anfangen kann. Sie hingegen ist im Herbst geboren und f&#252;hlt sich im Sommer deutlich wohler. Vielleicht liegt es daran, dass es wohl ein sehr hei&#223;er Sommer war, als ich auf die Welt kam und das unterbewusst etwas in mir hinterlassen hat? Wer wei&#223;&#8230; man kann spekulieren, aber manche Dinge wird man wohl nie so richtig herausfinden.<\/p>\n<p><a href=\"https:\/\/www.heldenhaushalt.de\/sari02\/index.php\/2022\/09\/29\/es-ist-herbst-herbstliebe\/\">Herbst ist halt meine Jahreszeit<\/a> und diesen Fakt habe ich hier schon oft mit euch geteilt. Doch was mag ich so am Herbst? Auch das ist eigentlich nichts Neues und wenn man sich mit anderen im Herzen Herbstkindern unterh&#228;lt, dann sagen sie dir alle das Gleiche: Es ist das Klima, das Wetter, die Luft, die Atmosph&#228;re, die Farben, das Rascheln der Bl&#228;tter unter den F&#252;&#223;en, die Sonnenunterg&#228;nge, die es nur im Herbst so gibt&#8230; Es ist ein zu Hause.<\/p>\n<h2>Der Herbst hat so einiges zu bieten<\/h2>\n<p>Im Herbst geht man Drachen steigen, sammelt die typischen Boten wie bunte Bl&#228;tter zum Pressen, Eicheln und Kastanien und bastelt daraus sch&#246;ne Dinge. Es ist inzwischen doch f&#252;r viele die Zeit, in der man sich auf Halloween vorbereitet, K&#252;rbisse schnitzt und und gerne mal durch ein ganzes K&#252;rbisfeld laufen m&#246;chte. Es wird immer dunkler und damit Zeit f&#252;r Lichter und wir basteln Laternen, denn auch die Laternenzeit steht an. Das kommt dieses Jahr auch noch auf uns zu und ich liebe es, wenn die Kinder in der Schule anfangen daf&#252;r zu &#252;ben und t&#228;glich auf dem Schulweg nun gesungen wird. Es gibt so wundervolle Lieder, die besonders in einer gro&#223;en Gruppe gesungen einem G&#228;nsehaut verschaffen.<\/p>\n<p><img loading=\"lazy\" decoding=\"async\" class=\"alignnone size-full wp-image-59198\" src=\"https:\/\/www.heldenhaushalt.de\/sari02\/wp-content\/uploads\/2023\/10\/lichterkindr03.jpg\" alt=\"Lichterkinder\" width=\"1000\" height=\"704\" srcset=\"https:\/\/www.heldenhaushalt.de\/sari02\/wp-content\/uploads\/2023\/10\/lichterkindr03.jpg 1000w, https:\/\/www.heldenhaushalt.de\/sari02\/wp-content\/uploads\/2023\/10\/lichterkindr03-300x211.jpg 300w, https:\/\/www.heldenhaushalt.de\/sari02\/wp-content\/uploads\/2023\/10\/lichterkindr03-768x541.jpg 768w, https:\/\/www.heldenhaushalt.de\/sari02\/wp-content\/uploads\/2023\/10\/lichterkindr03-85x60.jpg 85w\" sizes=\"auto, (max-width: 1000px) 100vw, 1000px\" \/><\/p>\n<h2>Kennt ihr schon LICHTERKINDER?<\/h2>\n<p>Hier singen Kinder f&#252;r Kinder auf Augenh&#246;he und bringen Lieder mit, die zum Mitsingen und Mitmachen einladen. Perfekt f&#252;r den Herbst ist das neue &#8220;LICHTERKINDER &#8211; Laternen- und Herbstlieder&#8221; Album, das auch als tonies\u00ae erschienen ist und nun f&#252;r etwas Stimmung im Kinderzimmer des kleinen Sohnes sorgt.<\/p>\n<p>Das geht &#252;ber beliebte und bekannte Lieder, wie zum Beispiel &#8220;Der Herbst ist da&#8221;, &#8220;Laterne laufen&#8221; bis hin zu &#8220;Durch die Stra&#223;en auf und nieder&#8221;, aber auch St&#252;cke aus der Schmiede der Lichterkinder selber, wie zum Beispiel &#8220;Wir sind Lichterkinder&#8221; oder &#8220;Millionen Sterne&#8221;.&nbsp;<\/p>\n<p>Es gibt so einige verschiedene Musik-Alben zu den unterschiedlichsten Themen, wie Tiere, Schlaflieder, Sommer und halt auch Bewegungslieder und nun ganz neu f&#252;r die Herbst- und Laternenlieder. Figur auf die Toniebox gestellt und schon kann es losgehen. &#220;brigens gibt es sogar H&#246;rspiele mit dem Sternenkind Liki, das ihr hier als Figur sehen k&#246;nnt. Es gibt einiges zu entdecken, also schaut doch einfach mal auf der <a href=\"https:\/\/lichterkinder-musik.de\/\" target=\"_blank\" rel=\"nofollow noopener\">Seite der Lichterkinder<\/a> vorbei.<\/p>\n<p><img loading=\"lazy\" decoding=\"async\" class=\"alignnone size-full wp-image-59197\" src=\"https:\/\/www.heldenhaushalt.de\/sari02\/wp-content\/uploads\/2023\/10\/lichterkinder02.jpg\" alt=\"Lichterkinder\" width=\"1000\" height=\"737\" srcset=\"https:\/\/www.heldenhaushalt.de\/sari02\/wp-content\/uploads\/2023\/10\/lichterkinder02.jpg 1000w, https:\/\/www.heldenhaushalt.de\/sari02\/wp-content\/uploads\/2023\/10\/lichterkinder02-300x221.jpg 300w, https:\/\/www.heldenhaushalt.de\/sari02\/wp-content\/uploads\/2023\/10\/lichterkinder02-768x566.jpg 768w, https:\/\/www.heldenhaushalt.de\/sari02\/wp-content\/uploads\/2023\/10\/lichterkinder02-81x60.jpg 81w\" sizes=\"auto, (max-width: 1000px) 100vw, 1000px\" \/><\/p>\n<h2>Insgesamt erwarten euch 22 Lieder<\/h2>\n<p>Die &#8220;<a href=\"https:\/\/tonies.com\/de-de\/tonies\/lichterkinder\/laternen-und-herbstlieder\/?cq_src=google_ads&amp;cq_cmp=18282328933&amp;cq_term=&amp;cq_plac=&amp;cq_net=x&amp;cq_plt=gp&amp;campaignid=18282328933&amp;adgroupid=&amp;creative=&amp;keyword=&amp;placement=&amp;network=x&amp;device=c&amp;devicemodel=&amp;targetid=&amp;loc_interest_ms=&amp;loc_physical_ms=9043188&amp;gclid=CjwKCAjwseSoBhBXEiwA9iZtxh7NM91hGsiWgkNyu-sAuBVkw_sb6gHjCT_XI6zyDex40lgfMiGC3BoCVMsQAvD_BwE\" target=\"_blank\" rel=\"nofollow noopener\"><strong>Laternen- und Herbstlieder<\/strong><\/a>&#8221; sind nun schon die zweite Ausgabe f&#252;r die Toniebox, die erschienen ist. Die erste Figur besch&#228;ftigt sich vor allem mit lustigen Bewegungsliedern, doch dieses Mal dreht sich alles f&#252;r allem um meine Lieblingsjahreszeit und wenn sie bei uns l&#228;uft, bekomme ich direkt Lust auf Basteln und Spazierg&#228;nge.&nbsp;<\/p>\n<p>Das Album umfasst 22 verschiedene Lieder f&#252;r Kinder ab 3 Jahren und dauert ca. 52 Minuten.&nbsp;<\/p>\n<p>F&#252;r alle, die bis hierher mitgelesen haben und nun feststellen, dass sie die herbstliche Lichterkinder tonies\u00ae Figur gerne auch f&#252;r ihr Kinderzimmer h&#228;tten, f&#252;r die habe ich eine tolle Nachricht: <a href=\"https:\/\/www.instagram.com\/heldenhaushalt\/\" target=\"_blank\" rel=\"noopener\">Auf Instagram<\/a> l&#228;uft heute und morgen eine kleine Verlosung einer Figur. Also schaut auf jeden Fall mal vorbei und genie&#223;t heute das sch&#246;ne herbstliche Wetter, nachdem ihr dort einen Kommentar dagelassen habt.<\/p>\n<p><small>*<strong>Anmerkung:<\/strong> Dieser Beitrag ist eine Zusammenarbeit.<\/small><\/p>\n","protected":false},"excerpt":{"rendered":"<p>Werbung* &#8220;Schon komisch, dass du eher ein Herbstkind bist&#8221;, sagte meine Mutter neulich zu mir, da ich ja eigentlich mitten im Sommer geboren wurde, mit der Jahreszeit aber kaum etwas anfangen kann. Sie hingegen ist im Herbst geboren und f&#252;hlt sich im Sommer deutlich wohler. Vielleicht liegt es daran, dass es wohl ein sehr hei&#223;er Sommer war, als ich auf die Welt kam und das unterbewusst etwas in mir hinterlassen hat? Wer wei&#223;&#8230; man kann spekulieren, aber manche Dinge wird man wohl nie so richtig herausfinden. Herbst ist halt meine Jahreszeit und diesen Fakt habe ich hier schon oft mit euch geteilt. Doch was mag ich so am Herbst? Auch das ist eigentlich nichts Neues und wenn man sich mit anderen im Herzen Herbstkindern unterh&#228;lt, dann sagen sie dir alle das Gleiche: Es ist das Klima, das Wetter, die Luft, die Atmosph&#228;re, die Farben, das Rascheln der Bl&#228;tter unter den F&#252;&#223;en, die Sonnenunterg&#228;nge, die es nur im Herbst so gibt&#8230; Es ist ein zu Hause. Der Herbst hat so einiges zu bieten Im Herbst geht man Drachen steigen, sammelt die typischen Boten wie bunte Bl&#228;tter zum Pressen, Eicheln und Kastanien und bastelt daraus sch&#246;ne Dinge. Es ist inzwischen doch f&#252;r viele die Zeit, in der man sich auf Halloween vorbereitet, K&#252;rbisse schnitzt und und gerne mal durch ein ganzes K&#252;rbisfeld laufen m&#246;chte. Es wird immer dunkler und damit Zeit f&#252;r Lichter und wir basteln Laternen, denn auch die Laternenzeit steht an. Das kommt dieses Jahr auch noch auf uns zu und ich liebe es, wenn die Kinder in der Schule anfangen daf&#252;r zu &#252;ben und t&#228;glich auf dem Schulweg nun gesungen wird. Es gibt so wundervolle Lieder, die besonders in einer gro&#223;en Gruppe gesungen einem G&#228;nsehaut verschaffen. Kennt ihr schon LICHTERKINDER? Hier singen Kinder f&#252;r Kinder auf Augenh&#246;he und bringen Lieder mit, die zum Mitsingen und Mitmachen einladen. Perfekt f&#252;r den Herbst ist das neue &#8220;LICHTERKINDER &#8211; Laternen- und Herbstlieder&#8221; Album, das auch als tonies\u00ae erschienen ist und nun f&#252;r etwas Stimmung im Kinderzimmer des kleinen Sohnes sorgt. Das geht &#252;ber beliebte und bekannte Lieder, wie zum Beispiel &#8220;Der Herbst ist da&#8221;, &#8220;Laterne laufen&#8221; bis hin zu &#8220;Durch die Stra&#223;en auf und nieder&#8221;, aber auch St&#252;cke aus der Schmiede der Lichterkinder selber, wie zum Beispiel &#8220;Wir sind Lichterkinder&#8221; oder &#8220;Millionen Sterne&#8221;.&nbsp; Es gibt so einige verschiedene Musik-Alben zu den unterschiedlichsten Themen, wie Tiere, Schlaflieder, Sommer und halt auch Bewegungslieder und nun ganz neu f&#252;r die Herbst- und Laternenlieder. Figur auf die Toniebox gestellt und schon kann es losgehen. &#220;brigens gibt es sogar H&#246;rspiele mit dem Sternenkind Liki, das ihr hier als Figur sehen k&#246;nnt. Es gibt einiges zu entdecken, also schaut doch einfach mal auf der Seite der Lichterkinder vorbei. Insgesamt erwarten euch 22 Lieder Die &#8220;Laternen- und Herbstlieder&#8221; sind nun schon die zweite Ausgabe f&#252;r die Toniebox, die erschienen ist. Die erste Figur besch&#228;ftigt sich vor allem mit lustigen Bewegungsliedern, doch dieses Mal dreht sich alles f&#252;r allem um meine Lieblingsjahreszeit und wenn sie bei uns l&#228;uft, bekomme ich direkt Lust auf Basteln und Spazierg&#228;nge.&nbsp; Das Album umfasst 22 verschiedene Lieder f&#252;r Kinder ab 3 Jahren und dauert ca. 52 Minuten.&nbsp; F&#252;r alle, die bis hierher mitgelesen haben und nun feststellen, dass sie die herbstliche Lichterkinder tonies\u00ae Figur gerne auch f&#252;r ihr Kinderzimmer h&#228;tten, f&#252;r die habe ich eine tolle Nachricht: Auf Instagram l&#228;uft heute und morgen eine kleine Verlosung einer Figur. Also schaut auf jeden Fall mal vorbei und genie&#223;t heute das sch&#246;ne herbstliche Wetter, nachdem ihr dort einen Kommentar dagelassen habt. *Anmerkung: Dieser Beitrag ist eine Zusammenarbeit.<\/p>\n","protected":false},"author":1,"featured_media":59196,"comment_status":"open","ping_status":"open","sticky":false,"template":"","format":"standard","meta":{"ngg_post_thumbnail":0,"footnotes":""},"categories":[53],"tags":[3450,202,418,1589,3451,3449,732,3447,3448,206],"class_list":["post-59194","post","type-post","status-publish","format-standard","has-post-thumbnail","hentry","category-empfehlungen","tag-bewegungslieder","tag-empfehlung","tag-herbst","tag-kinderlieder","tag-laternenlieder","tag-lichterkinder","tag-rezension","tag-toniebox","tag-tonies","tag-werbung"],"yoast_head":"<!-- This site is optimized with the Yoast SEO plugin v27.5 - https:\/\/yoast.com\/product\/yoast-seo-wordpress\/ -->\n<title>Lichterkinder im Herbst f\u00fcr die Toniebox #Werbung - Heldenhaushalt<\/title>\n<meta name=\"description\" content=\"Perfekt f\u00fcr den Herbst ist das neue &quot;LICHTERKINDER - Laternen- und Herbstlieder&quot; Album, das auch als tonies\u00ae erschienen ist und...\" \/>\n<meta name=\"robots\" content=\"index, follow, max-snippet:-1, max-image-preview:large, max-video-preview:-1\" \/>\n<link rel=\"canonical\" href=\"https:\/\/www.heldenhaushalt.de\/sari02\/index.php\/2023\/10\/02\/lichterkinder-im-herbst-fuer-die-toniebox-werbung\/\" \/>\n<meta property=\"og:locale\" content=\"de_DE\" \/>\n<meta property=\"og:type\" content=\"article\" \/>\n<meta property=\"og:title\" content=\"Lichterkinder im Herbst f\u00fcr die Toniebox #Werbung - Heldenhaushalt\" \/>\n<meta property=\"og:description\" content=\"Perfekt f\u00fcr den Herbst ist das neue &quot;LICHTERKINDER - Laternen- und Herbstlieder&quot; Album, das auch als tonies\u00ae erschienen ist und...\" \/>\n<meta property=\"og:url\" content=\"https:\/\/www.heldenhaushalt.de\/sari02\/index.php\/2023\/10\/02\/lichterkinder-im-herbst-fuer-die-toniebox-werbung\/\" \/>\n<meta property=\"og:site_name\" content=\"Heldenhaushalt\" \/>\n<meta property=\"article:published_time\" content=\"2023-10-02T15:00:28+00:00\" \/>\n<meta property=\"og:image\" content=\"https:\/\/www.heldenhaushalt.de\/sari02\/wp-content\/uploads\/2023\/10\/lichterkinder01.jpg\" \/>\n\t<meta property=\"og:image:width\" content=\"1000\" \/>\n\t<meta property=\"og:image:height\" content=\"656\" \/>\n\t<meta property=\"og:image:type\" content=\"image\/jpeg\" \/>\n<meta name=\"author\" content=\"Sari\" \/>\n<meta name=\"twitter:card\" content=\"summary_large_image\" \/>\n<meta name=\"twitter:creator\" content=\"@Heldenhaushalt\" \/>\n<meta name=\"twitter:site\" content=\"@Heldenhaushalt\" \/>\n<meta name=\"twitter:label1\" content=\"Verfasst von\" \/>\n\t<meta name=\"twitter:data1\" content=\"Sari\" \/>\n\t<meta name=\"twitter:label2\" content=\"Gesch\u00e4tzte Lesezeit\" \/>\n\t<meta name=\"twitter:data2\" content=\"4\u00a0Minuten\" \/>\n<script type=\"application\/ld+json\" class=\"yoast-schema-graph\">{\"@context\":\"https:\\\/\\\/schema.org\",\"@graph\":[{\"@type\":\"Article\",\"@id\":\"https:\\\/\\\/www.heldenhaushalt.de\\\/sari02\\\/index.php\\\/2023\\\/10\\\/02\\\/lichterkinder-im-herbst-fuer-die-toniebox-werbung\\\/#article\",\"isPartOf\":{\"@id\":\"https:\\\/\\\/www.heldenhaushalt.de\\\/sari02\\\/index.php\\\/2023\\\/10\\\/02\\\/lichterkinder-im-herbst-fuer-die-toniebox-werbung\\\/\"},\"author\":{\"name\":\"Sari\",\"@id\":\"https:\\\/\\\/www.heldenhaushalt.de\\\/sari02\\\/#\\\/schema\\\/person\\\/a1cc69f42a01f412eb62c151353814f6\"},\"headline\":\"Lichterkinder im Herbst f&#252;r die Toniebox #Werbung\",\"datePublished\":\"2023-10-02T15:00:28+00:00\",\"mainEntityOfPage\":{\"@id\":\"https:\\\/\\\/www.heldenhaushalt.de\\\/sari02\\\/index.php\\\/2023\\\/10\\\/02\\\/lichterkinder-im-herbst-fuer-die-toniebox-werbung\\\/\"},\"wordCount\":637,\"commentCount\":0,\"publisher\":{\"@id\":\"https:\\\/\\\/www.heldenhaushalt.de\\\/sari02\\\/#\\\/schema\\\/person\\\/a1cc69f42a01f412eb62c151353814f6\"},\"image\":{\"@id\":\"https:\\\/\\\/www.heldenhaushalt.de\\\/sari02\\\/index.php\\\/2023\\\/10\\\/02\\\/lichterkinder-im-herbst-fuer-die-toniebox-werbung\\\/#primaryimage\"},\"thumbnailUrl\":\"https:\\\/\\\/www.heldenhaushalt.de\\\/sari02\\\/wp-content\\\/uploads\\\/2023\\\/10\\\/lichterkinder01.jpg\",\"keywords\":[\"Bewegungslieder\",\"Empfehlung\",\"Herbst\",\"Kinderlieder\",\"Laternenlieder\",\"Lichterkinder\",\"Rezension\",\"Toniebox\",\"tonies\u00ae\",\"Werbung\"],\"articleSection\":[\"Empfehlungen\"],\"inLanguage\":\"de\",\"potentialAction\":[{\"@type\":\"CommentAction\",\"name\":\"Comment\",\"target\":[\"https:\\\/\\\/www.heldenhaushalt.de\\\/sari02\\\/index.php\\\/2023\\\/10\\\/02\\\/lichterkinder-im-herbst-fuer-die-toniebox-werbung\\\/#respond\"]}]},{\"@type\":\"WebPage\",\"@id\":\"https:\\\/\\\/www.heldenhaushalt.de\\\/sari02\\\/index.php\\\/2023\\\/10\\\/02\\\/lichterkinder-im-herbst-fuer-die-toniebox-werbung\\\/\",\"url\":\"https:\\\/\\\/www.heldenhaushalt.de\\\/sari02\\\/index.php\\\/2023\\\/10\\\/02\\\/lichterkinder-im-herbst-fuer-die-toniebox-werbung\\\/\",\"name\":\"Lichterkinder im Herbst f\u00fcr die Toniebox #Werbung - Heldenhaushalt\",\"isPartOf\":{\"@id\":\"https:\\\/\\\/www.heldenhaushalt.de\\\/sari02\\\/#website\"},\"primaryImageOfPage\":{\"@id\":\"https:\\\/\\\/www.heldenhaushalt.de\\\/sari02\\\/index.php\\\/2023\\\/10\\\/02\\\/lichterkinder-im-herbst-fuer-die-toniebox-werbung\\\/#primaryimage\"},\"image\":{\"@id\":\"https:\\\/\\\/www.heldenhaushalt.de\\\/sari02\\\/index.php\\\/2023\\\/10\\\/02\\\/lichterkinder-im-herbst-fuer-die-toniebox-werbung\\\/#primaryimage\"},\"thumbnailUrl\":\"https:\\\/\\\/www.heldenhaushalt.de\\\/sari02\\\/wp-content\\\/uploads\\\/2023\\\/10\\\/lichterkinder01.jpg\",\"datePublished\":\"2023-10-02T15:00:28+00:00\",\"description\":\"Perfekt f\u00fcr den Herbst ist das neue \\\"LICHTERKINDER - Laternen- und Herbstlieder\\\" Album, das auch als tonies\u00ae erschienen ist und...\",\"breadcrumb\":{\"@id\":\"https:\\\/\\\/www.heldenhaushalt.de\\\/sari02\\\/index.php\\\/2023\\\/10\\\/02\\\/lichterkinder-im-herbst-fuer-die-toniebox-werbung\\\/#breadcrumb\"},\"inLanguage\":\"de\",\"potentialAction\":[{\"@type\":\"ReadAction\",\"target\":[\"https:\\\/\\\/www.heldenhaushalt.de\\\/sari02\\\/index.php\\\/2023\\\/10\\\/02\\\/lichterkinder-im-herbst-fuer-die-toniebox-werbung\\\/\"]}]},{\"@type\":\"ImageObject\",\"inLanguage\":\"de\",\"@id\":\"https:\\\/\\\/www.heldenhaushalt.de\\\/sari02\\\/index.php\\\/2023\\\/10\\\/02\\\/lichterkinder-im-herbst-fuer-die-toniebox-werbung\\\/#primaryimage\",\"url\":\"https:\\\/\\\/www.heldenhaushalt.de\\\/sari02\\\/wp-content\\\/uploads\\\/2023\\\/10\\\/lichterkinder01.jpg\",\"contentUrl\":\"https:\\\/\\\/www.heldenhaushalt.de\\\/sari02\\\/wp-content\\\/uploads\\\/2023\\\/10\\\/lichterkinder01.jpg\",\"width\":1000,\"height\":656,\"caption\":\"Lichterkinder\"},{\"@type\":\"BreadcrumbList\",\"@id\":\"https:\\\/\\\/www.heldenhaushalt.de\\\/sari02\\\/index.php\\\/2023\\\/10\\\/02\\\/lichterkinder-im-herbst-fuer-die-toniebox-werbung\\\/#breadcrumb\",\"itemListElement\":[{\"@type\":\"ListItem\",\"position\":1,\"name\":\"Startseite\",\"item\":\"https:\\\/\\\/www.heldenhaushalt.de\\\/sari02\\\/\"},{\"@type\":\"ListItem\",\"position\":2,\"name\":\"Lichterkinder im Herbst f&#252;r die Toniebox #Werbung\"}]},{\"@type\":\"WebSite\",\"@id\":\"https:\\\/\\\/www.heldenhaushalt.de\\\/sari02\\\/#website\",\"url\":\"https:\\\/\\\/www.heldenhaushalt.de\\\/sari02\\\/\",\"name\":\"Heldenhaushalt\",\"description\":\"Wer es ordentlich haben will, der muss vorher anrufen\",\"publisher\":{\"@id\":\"https:\\\/\\\/www.heldenhaushalt.de\\\/sari02\\\/#\\\/schema\\\/person\\\/a1cc69f42a01f412eb62c151353814f6\"},\"potentialAction\":[{\"@type\":\"SearchAction\",\"target\":{\"@type\":\"EntryPoint\",\"urlTemplate\":\"https:\\\/\\\/www.heldenhaushalt.de\\\/sari02\\\/?s={search_term_string}\"},\"query-input\":{\"@type\":\"PropertyValueSpecification\",\"valueRequired\":true,\"valueName\":\"search_term_string\"}}],\"inLanguage\":\"de\"},{\"@type\":[\"Person\",\"Organization\"],\"@id\":\"https:\\\/\\\/www.heldenhaushalt.de\\\/sari02\\\/#\\\/schema\\\/person\\\/a1cc69f42a01f412eb62c151353814f6\",\"name\":\"Sari\",\"image\":{\"@type\":\"ImageObject\",\"inLanguage\":\"de\",\"@id\":\"https:\\\/\\\/www.heldenhaushalt.de\\\/sari02\\\/wp-content\\\/uploads\\\/2019\\\/02\\\/sari-april2018.png\",\"url\":\"https:\\\/\\\/www.heldenhaushalt.de\\\/sari02\\\/wp-content\\\/uploads\\\/2019\\\/02\\\/sari-april2018.png\",\"contentUrl\":\"https:\\\/\\\/www.heldenhaushalt.de\\\/sari02\\\/wp-content\\\/uploads\\\/2019\\\/02\\\/sari-april2018.png\",\"width\":500,\"height\":500,\"caption\":\"Sari\"},\"logo\":{\"@id\":\"https:\\\/\\\/www.heldenhaushalt.de\\\/sari02\\\/wp-content\\\/uploads\\\/2019\\\/02\\\/sari-april2018.png\"},\"description\":\"Frau Mondgras \u2013 Das bin ich, Sari. Gerne auch als Sari Mondgras bekannt und im Internet zu finden. 2-Fach-Mutter, Heldenehefrau, Kreativling, Harmonies\u00fcchtig und st\u00e4ndig auf der Suche nach Gl\u00fcck. Ich komme aus Berlin, bin hier aufgewachsen und lebe hier seit ich denken kann.\",\"sameAs\":[\"https:\\\/\\\/www.instagram.com\\\/heldenhaushalt\\\/\"],\"url\":\"https:\\\/\\\/www.heldenhaushalt.de\\\/sari02\\\/index.php\\\/author\\\/admin\\\/\"}]}<\/script>\n<!-- \/ Yoast SEO plugin. -->","yoast_head_json":{"title":"Lichterkinder im Herbst f\u00fcr die Toniebox #Werbung - Heldenhaushalt","description":"Perfekt f\u00fcr den Herbst ist das neue \"LICHTERKINDER - Laternen- und Herbstlieder\" Album, das auch als tonies\u00ae erschienen ist und...","robots":{"index":"index","follow":"follow","max-snippet":"max-snippet:-1","max-image-preview":"max-image-preview:large","max-video-preview":"max-video-preview:-1"},"canonical":"https:\/\/www.heldenhaushalt.de\/sari02\/index.php\/2023\/10\/02\/lichterkinder-im-herbst-fuer-die-toniebox-werbung\/","og_locale":"de_DE","og_type":"article","og_title":"Lichterkinder im Herbst f\u00fcr die Toniebox #Werbung - Heldenhaushalt","og_description":"Perfekt f\u00fcr den Herbst ist das neue \"LICHTERKINDER - Laternen- und Herbstlieder\" Album, das auch als tonies\u00ae erschienen ist und...","og_url":"https:\/\/www.heldenhaushalt.de\/sari02\/index.php\/2023\/10\/02\/lichterkinder-im-herbst-fuer-die-toniebox-werbung\/","og_site_name":"Heldenhaushalt","article_published_time":"2023-10-02T15:00:28+00:00","og_image":[{"width":1000,"height":656,"url":"https:\/\/www.heldenhaushalt.de\/sari02\/wp-content\/uploads\/2023\/10\/lichterkinder01.jpg","type":"image\/jpeg"}],"author":"Sari","twitter_card":"summary_large_image","twitter_creator":"@Heldenhaushalt","twitter_site":"@Heldenhaushalt","twitter_misc":{"Verfasst von":"Sari","Gesch\u00e4tzte Lesezeit":"4\u00a0Minuten"},"schema":{"@context":"https:\/\/schema.org","@graph":[{"@type":"Article","@id":"https:\/\/www.heldenhaushalt.de\/sari02\/index.php\/2023\/10\/02\/lichterkinder-im-herbst-fuer-die-toniebox-werbung\/#article","isPartOf":{"@id":"https:\/\/www.heldenhaushalt.de\/sari02\/index.php\/2023\/10\/02\/lichterkinder-im-herbst-fuer-die-toniebox-werbung\/"},"author":{"name":"Sari","@id":"https:\/\/www.heldenhaushalt.de\/sari02\/#\/schema\/person\/a1cc69f42a01f412eb62c151353814f6"},"headline":"Lichterkinder im Herbst f&#252;r die Toniebox #Werbung","datePublished":"2023-10-02T15:00:28+00:00","mainEntityOfPage":{"@id":"https:\/\/www.heldenhaushalt.de\/sari02\/index.php\/2023\/10\/02\/lichterkinder-im-herbst-fuer-die-toniebox-werbung\/"},"wordCount":637,"commentCount":0,"publisher":{"@id":"https:\/\/www.heldenhaushalt.de\/sari02\/#\/schema\/person\/a1cc69f42a01f412eb62c151353814f6"},"image":{"@id":"https:\/\/www.heldenhaushalt.de\/sari02\/index.php\/2023\/10\/02\/lichterkinder-im-herbst-fuer-die-toniebox-werbung\/#primaryimage"},"thumbnailUrl":"https:\/\/www.heldenhaushalt.de\/sari02\/wp-content\/uploads\/2023\/10\/lichterkinder01.jpg","keywords":["Bewegungslieder","Empfehlung","Herbst","Kinderlieder","Laternenlieder","Lichterkinder","Rezension","Toniebox","tonies\u00ae","Werbung"],"articleSection":["Empfehlungen"],"inLanguage":"de","potentialAction":[{"@type":"CommentAction","name":"Comment","target":["https:\/\/www.heldenhaushalt.de\/sari02\/index.php\/2023\/10\/02\/lichterkinder-im-herbst-fuer-die-toniebox-werbung\/#respond"]}]},{"@type":"WebPage","@id":"https:\/\/www.heldenhaushalt.de\/sari02\/index.php\/2023\/10\/02\/lichterkinder-im-herbst-fuer-die-toniebox-werbung\/","url":"https:\/\/www.heldenhaushalt.de\/sari02\/index.php\/2023\/10\/02\/lichterkinder-im-herbst-fuer-die-toniebox-werbung\/","name":"Lichterkinder im Herbst f\u00fcr die Toniebox #Werbung - Heldenhaushalt","isPartOf":{"@id":"https:\/\/www.heldenhaushalt.de\/sari02\/#website"},"primaryImageOfPage":{"@id":"https:\/\/www.heldenhaushalt.de\/sari02\/index.php\/2023\/10\/02\/lichterkinder-im-herbst-fuer-die-toniebox-werbung\/#primaryimage"},"image":{"@id":"https:\/\/www.heldenhaushalt.de\/sari02\/index.php\/2023\/10\/02\/lichterkinder-im-herbst-fuer-die-toniebox-werbung\/#primaryimage"},"thumbnailUrl":"https:\/\/www.heldenhaushalt.de\/sari02\/wp-content\/uploads\/2023\/10\/lichterkinder01.jpg","datePublished":"2023-10-02T15:00:28+00:00","description":"Perfekt f\u00fcr den Herbst ist das neue \"LICHTERKINDER - Laternen- und Herbstlieder\" Album, das auch als tonies\u00ae erschienen ist und...","breadcrumb":{"@id":"https:\/\/www.heldenhaushalt.de\/sari02\/index.php\/2023\/10\/02\/lichterkinder-im-herbst-fuer-die-toniebox-werbung\/#breadcrumb"},"inLanguage":"de","potentialAction":[{"@type":"ReadAction","target":["https:\/\/www.heldenhaushalt.de\/sari02\/index.php\/2023\/10\/02\/lichterkinder-im-herbst-fuer-die-toniebox-werbung\/"]}]},{"@type":"ImageObject","inLanguage":"de","@id":"https:\/\/www.heldenhaushalt.de\/sari02\/index.php\/2023\/10\/02\/lichterkinder-im-herbst-fuer-die-toniebox-werbung\/#primaryimage","url":"https:\/\/www.heldenhaushalt.de\/sari02\/wp-content\/uploads\/2023\/10\/lichterkinder01.jpg","contentUrl":"https:\/\/www.heldenhaushalt.de\/sari02\/wp-content\/uploads\/2023\/10\/lichterkinder01.jpg","width":1000,"height":656,"caption":"Lichterkinder"},{"@type":"BreadcrumbList","@id":"https:\/\/www.heldenhaushalt.de\/sari02\/index.php\/2023\/10\/02\/lichterkinder-im-herbst-fuer-die-toniebox-werbung\/#breadcrumb","itemListElement":[{"@type":"ListItem","position":1,"name":"Startseite","item":"https:\/\/www.heldenhaushalt.de\/sari02\/"},{"@type":"ListItem","position":2,"name":"Lichterkinder im Herbst f&#252;r die Toniebox #Werbung"}]},{"@type":"WebSite","@id":"https:\/\/www.heldenhaushalt.de\/sari02\/#website","url":"https:\/\/www.heldenhaushalt.de\/sari02\/","name":"Heldenhaushalt","description":"Wer es ordentlich haben will, der muss vorher anrufen","publisher":{"@id":"https:\/\/www.heldenhaushalt.de\/sari02\/#\/schema\/person\/a1cc69f42a01f412eb62c151353814f6"},"potentialAction":[{"@type":"SearchAction","target":{"@type":"EntryPoint","urlTemplate":"https:\/\/www.heldenhaushalt.de\/sari02\/?s={search_term_string}"},"query-input":{"@type":"PropertyValueSpecification","valueRequired":true,"valueName":"search_term_string"}}],"inLanguage":"de"},{"@type":["Person","Organization"],"@id":"https:\/\/www.heldenhaushalt.de\/sari02\/#\/schema\/person\/a1cc69f42a01f412eb62c151353814f6","name":"Sari","image":{"@type":"ImageObject","inLanguage":"de","@id":"https:\/\/www.heldenhaushalt.de\/sari02\/wp-content\/uploads\/2019\/02\/sari-april2018.png","url":"https:\/\/www.heldenhaushalt.de\/sari02\/wp-content\/uploads\/2019\/02\/sari-april2018.png","contentUrl":"https:\/\/www.heldenhaushalt.de\/sari02\/wp-content\/uploads\/2019\/02\/sari-april2018.png","width":500,"height":500,"caption":"Sari"},"logo":{"@id":"https:\/\/www.heldenhaushalt.de\/sari02\/wp-content\/uploads\/2019\/02\/sari-april2018.png"},"description":"Frau Mondgras \u2013 Das bin ich, Sari. Gerne auch als Sari Mondgras bekannt und im Internet zu finden. 2-Fach-Mutter, Heldenehefrau, Kreativling, Harmonies\u00fcchtig und st\u00e4ndig auf der Suche nach Gl\u00fcck. Ich komme aus Berlin, bin hier aufgewachsen und lebe hier seit ich denken kann.","sameAs":["https:\/\/www.instagram.com\/heldenhaushalt\/"],"url":"https:\/\/www.heldenhaushalt.de\/sari02\/index.php\/author\/admin\/"}]}},"views":1518,"_links":{"self":[{"href":"https:\/\/www.heldenhaushalt.de\/sari02\/index.php\/wp-json\/wp\/v2\/posts\/59194","targetHints":{"allow":["GET"]}}],"collection":[{"href":"https:\/\/www.heldenhaushalt.de\/sari02\/index.php\/wp-json\/wp\/v2\/posts"}],"about":[{"href":"https:\/\/www.heldenhaushalt.de\/sari02\/index.php\/wp-json\/wp\/v2\/types\/post"}],"author":[{"embeddable":true,"href":"https:\/\/www.heldenhaushalt.de\/sari02\/index.php\/wp-json\/wp\/v2\/users\/1"}],"replies":[{"embeddable":true,"href":"https:\/\/www.heldenhaushalt.de\/sari02\/index.php\/wp-json\/wp\/v2\/comments?post=59194"}],"version-history":[{"count":2,"href":"https:\/\/www.heldenhaushalt.de\/sari02\/index.php\/wp-json\/wp\/v2\/posts\/59194\/revisions"}],"predecessor-version":[{"id":59199,"href":"https:\/\/www.heldenhaushalt.de\/sari02\/index.php\/wp-json\/wp\/v2\/posts\/59194\/revisions\/59199"}],"wp:featuredmedia":[{"embeddable":true,"href":"https:\/\/www.heldenhaushalt.de\/sari02\/index.php\/wp-json\/wp\/v2\/media\/59196"}],"wp:attachment":[{"href":"https:\/\/www.heldenhaushalt.de\/sari02\/index.php\/wp-json\/wp\/v2\/media?parent=59194"}],"wp:term":[{"taxonomy":"category","embeddable":true,"href":"https:\/\/www.heldenhaushalt.de\/sari02\/index.php\/wp-json\/wp\/v2\/categories?post=59194"},{"taxonomy":"post_tag","embeddable":true,"href":"https:\/\/www.heldenhaushalt.de\/sari02\/index.php\/wp-json\/wp\/v2\/tags?post=59194"}],"curies":[{"name":"wp","href":"https:\/\/api.w.org\/{rel}","templated":true}]}}