{"id":60098,"date":"2024-01-12T10:23:53","date_gmt":"2024-01-12T09:23:53","guid":{"rendered":"https:\/\/www.heldenhaushalt.de\/sari02\/?p=60098"},"modified":"2024-01-12T10:23:53","modified_gmt":"2024-01-12T09:23:53","slug":"unsere-wochenlieblinge-022024-winterleuchten-und-termine","status":"publish","type":"post","link":"https:\/\/www.heldenhaushalt.de\/sari02\/index.php\/2024\/01\/12\/unsere-wochenlieblinge-022024-winterleuchten-und-termine\/","title":{"rendered":"Unsere Wochenlieblinge 02\/2024 &#8211; Winterleuchten und Termine"},"content":{"rendered":"<p style=\"text-align: right;\"><small>Enth&#228;lt (unbezahlte) Werbung*<\/small><\/p>\n<p>Die ersten Wochenlieblinge zur&#252;ck im Alltagstrott. Seit dieser Woche findet nun wieder Schule statt und es wird gearbeitet. Gleich zwei Arzttermine standen zudem auf dem Plan und so langsam geht es auch mit Fu&#223;ball wieder los. Wobei das sich eher als schwierig gestaltete Dank der extrem eisigen Temperaturen, die p&#252;nktlich zum Schulbeginn wieder Einzug hielten&#8230;<\/p>\n<h2><span id=\"Unsere_Wochenlieblinge_in_dieser_Woche\">Unsere Wochenlieblinge in dieser Woche\u2026<\/span><\/h2>\n<figure id=\"attachment_60101\" aria-describedby=\"caption-attachment-60101\" style=\"width: 1000px\" class=\"wp-caption alignnone\"><img loading=\"lazy\" decoding=\"async\" class=\"size-full wp-image-60101\" src=\"https:\/\/www.heldenhaushalt.de\/sari02\/wp-content\/uploads\/2024\/01\/02-01.jpg\" alt=\"Wochenlieblinge\" width=\"1000\" height=\"706\" srcset=\"https:\/\/www.heldenhaushalt.de\/sari02\/wp-content\/uploads\/2024\/01\/02-01.jpg 1000w, https:\/\/www.heldenhaushalt.de\/sari02\/wp-content\/uploads\/2024\/01\/02-01-300x212.jpg 300w, https:\/\/www.heldenhaushalt.de\/sari02\/wp-content\/uploads\/2024\/01\/02-01-768x542.jpg 768w, https:\/\/www.heldenhaushalt.de\/sari02\/wp-content\/uploads\/2024\/01\/02-01-85x60.jpg 85w, https:\/\/www.heldenhaushalt.de\/sari02\/wp-content\/uploads\/2024\/01\/02-01-920x650.jpg 920w\" sizes=\"auto, (max-width: 1000px) 100vw, 1000px\" \/><figcaption id=\"caption-attachment-60101\" class=\"wp-caption-text\">Morgenspaziergang bei -10 Grad<\/figcaption><\/figure>\n<p>Es hat mich am Montag echte &#220;berwindung gekostet den Morgenspaziergang anzugehen. Aber im Nachgang war ich stolz auf mich. Montag waren es ja noch auch &#8220;nur&#8221; -10 Grad und ich verk&#252;rzte den Weg ein wenig. Aber der Anblick, der sich mich bot, der belohnte mich, denn der Sonnenaufgang am Montag war wirklich sch&#246;n.<\/p>\n<figure id=\"attachment_60102\" aria-describedby=\"caption-attachment-60102\" style=\"width: 1000px\" class=\"wp-caption alignnone\"><img loading=\"lazy\" decoding=\"async\" class=\"size-full wp-image-60102\" src=\"https:\/\/www.heldenhaushalt.de\/sari02\/wp-content\/uploads\/2024\/01\/02-02.jpg\" alt=\"Mittagessen\" width=\"1000\" height=\"692\" srcset=\"https:\/\/www.heldenhaushalt.de\/sari02\/wp-content\/uploads\/2024\/01\/02-02.jpg 1000w, https:\/\/www.heldenhaushalt.de\/sari02\/wp-content\/uploads\/2024\/01\/02-02-300x208.jpg 300w, https:\/\/www.heldenhaushalt.de\/sari02\/wp-content\/uploads\/2024\/01\/02-02-768x531.jpg 768w, https:\/\/www.heldenhaushalt.de\/sari02\/wp-content\/uploads\/2024\/01\/02-02-87x60.jpg 87w\" sizes=\"auto, (max-width: 1000px) 100vw, 1000px\" \/><figcaption id=\"caption-attachment-60102\" class=\"wp-caption-text\">Wieder mehr gesundes Mittagessen auf den Tisch<\/figcaption><\/figure>\n<p>Nach der vielen V&#246;llerei der letzten Wochen (obwohl ich sagen muss, dass es dieses Mal eigentlich sogar ging) wird nun wieder etwas bewusster auf das Mittagessen geschaut und wieder fast t&#228;glich Haferbrei gekocht. Inzwischen isst der Mann ihn mit, so dass wir das nun beide machen. Schon witzig, wie er sich bei solchen Sachen von mir immer anstecken l&#228;sst.&nbsp;<\/p>\n<figure id=\"attachment_60103\" aria-describedby=\"caption-attachment-60103\" style=\"width: 1000px\" class=\"wp-caption alignnone\"><img loading=\"lazy\" decoding=\"async\" class=\"size-full wp-image-60103\" src=\"https:\/\/www.heldenhaushalt.de\/sari02\/wp-content\/uploads\/2024\/01\/02-03.jpg\" alt=\"Katze\" width=\"1000\" height=\"705\" srcset=\"https:\/\/www.heldenhaushalt.de\/sari02\/wp-content\/uploads\/2024\/01\/02-03.jpg 1000w, https:\/\/www.heldenhaushalt.de\/sari02\/wp-content\/uploads\/2024\/01\/02-03-300x212.jpg 300w, https:\/\/www.heldenhaushalt.de\/sari02\/wp-content\/uploads\/2024\/01\/02-03-768x541.jpg 768w, https:\/\/www.heldenhaushalt.de\/sari02\/wp-content\/uploads\/2024\/01\/02-03-85x60.jpg 85w, https:\/\/www.heldenhaushalt.de\/sari02\/wp-content\/uploads\/2024\/01\/02-03-920x650.jpg 920w\" sizes=\"auto, (max-width: 1000px) 100vw, 1000px\" \/><figcaption id=\"caption-attachment-60103\" class=\"wp-caption-text\">Frida im Kuschelmodus&#8230; wo hat sie den Ball her?<\/figcaption><\/figure>\n<p>Auch holte ich diese Woche wieder den Haushaltsplan heraus, obwohl ich es lieber wie Frida gemacht und mich in eine Decke gekuschelt h&#228;tte. Man ist eigentlich nur am Frieren und h&#228;tte die ersten Tage die Sonne nicht so sch&#246;n dabei geschien, w&#228;re es wirklich schwer gewesen sich zum Bewegen zu motivieren.<\/p>\n<figure id=\"attachment_60104\" aria-describedby=\"caption-attachment-60104\" style=\"width: 1000px\" class=\"wp-caption alignnone\"><img loading=\"lazy\" decoding=\"async\" class=\"size-full wp-image-60104\" src=\"https:\/\/www.heldenhaushalt.de\/sari02\/wp-content\/uploads\/2024\/01\/02-04.jpg\" alt=\"Wochenlieblinge\" width=\"1000\" height=\"682\" srcset=\"https:\/\/www.heldenhaushalt.de\/sari02\/wp-content\/uploads\/2024\/01\/02-04.jpg 1000w, https:\/\/www.heldenhaushalt.de\/sari02\/wp-content\/uploads\/2024\/01\/02-04-300x205.jpg 300w, https:\/\/www.heldenhaushalt.de\/sari02\/wp-content\/uploads\/2024\/01\/02-04-768x524.jpg 768w, https:\/\/www.heldenhaushalt.de\/sari02\/wp-content\/uploads\/2024\/01\/02-04-88x60.jpg 88w\" sizes=\"auto, (max-width: 1000px) 100vw, 1000px\" \/><figcaption id=\"caption-attachment-60104\" class=\"wp-caption-text\">Fu&#223;ballplatz-Romantik bei -4 Grad<\/figcaption><\/figure>\n<p>Den H&#246;hepunkt erlebten wir wohl Mitte der Woche, als tats&#228;chlich beide Kinder bei -4 Grad Training hatten. Ihr wollt gar nicht wissen, in wie viele Thermoschichten ich sie gepackt hatte. Ein Wunder, dass sie sich &#252;berhaupt halbwegs gut bewegen konnten. Und dann sieht man andere, die haben tats&#228;chlich in kurzer Hose trainiert. Diese Hitze h&#228;tte ich auch gerne. Ehrlich!<\/p>\n<figure id=\"attachment_60105\" aria-describedby=\"caption-attachment-60105\" style=\"width: 1000px\" class=\"wp-caption alignnone\"><img loading=\"lazy\" decoding=\"async\" class=\"size-full wp-image-60105\" src=\"https:\/\/www.heldenhaushalt.de\/sari02\/wp-content\/uploads\/2024\/01\/02-05.jpg\" alt=\"Wochenlieblinge\" width=\"1000\" height=\"760\" srcset=\"https:\/\/www.heldenhaushalt.de\/sari02\/wp-content\/uploads\/2024\/01\/02-05.jpg 1000w, https:\/\/www.heldenhaushalt.de\/sari02\/wp-content\/uploads\/2024\/01\/02-05-300x228.jpg 300w, https:\/\/www.heldenhaushalt.de\/sari02\/wp-content\/uploads\/2024\/01\/02-05-768x584.jpg 768w, https:\/\/www.heldenhaushalt.de\/sari02\/wp-content\/uploads\/2024\/01\/02-05-79x60.jpg 79w\" sizes=\"auto, (max-width: 1000px) 100vw, 1000px\" \/><figcaption id=\"caption-attachment-60105\" class=\"wp-caption-text\">Frostiger Spaziergang zum Arzttermin<\/figcaption><\/figure>\n<p>Ein Morgenspaziergang f&#252;hrte mich dann direkt zum HNO-Arzt zur Kontrollbehandlung. Bei der Gelegenheit nahm ich dann den gro&#223;en Sohn mit, der dann doch nach einigen Tagen wieder mit dem Hals zu tun hatte. Auf meine Frage hin, ob in der Schule eigentlich geheizt werden w&#252;rde bei den Temperaturen, verneinte er das und erw&#228;hnte, das eher sogar &#246;fter mal gel&#252;ftet werden w&#252;rde. Da wundert mich ehrlich gesagt gar nichts mehr. Immerhin gab es f&#252;r mich recht positives Feedback und wenn das Wetter n&#228;chste Woche tats&#228;chlich wieder w&#228;rmer wird, will ich es mal wieder mit Intervalllaufen versuchen.<\/p>\n<h2><span id=\"Zeit_fur_die_Freitagsfragen\">Zeit f&#252;r die Freitagsfragen!<\/span><\/h2>\n<figure id=\"attachment_60106\" aria-describedby=\"caption-attachment-60106\" style=\"width: 1000px\" class=\"wp-caption alignnone\"><img loading=\"lazy\" decoding=\"async\" class=\"size-full wp-image-60106\" src=\"https:\/\/www.heldenhaushalt.de\/sari02\/wp-content\/uploads\/2024\/01\/02-06.jpg\" alt=\"Frost\" width=\"1000\" height=\"707\" srcset=\"https:\/\/www.heldenhaushalt.de\/sari02\/wp-content\/uploads\/2024\/01\/02-06.jpg 1000w, https:\/\/www.heldenhaushalt.de\/sari02\/wp-content\/uploads\/2024\/01\/02-06-300x212.jpg 300w, https:\/\/www.heldenhaushalt.de\/sari02\/wp-content\/uploads\/2024\/01\/02-06-768x543.jpg 768w, https:\/\/www.heldenhaushalt.de\/sari02\/wp-content\/uploads\/2024\/01\/02-06-85x60.jpg 85w, https:\/\/www.heldenhaushalt.de\/sari02\/wp-content\/uploads\/2024\/01\/02-06-920x650.jpg 920w\" sizes=\"auto, (max-width: 1000px) 100vw, 1000px\" \/><figcaption id=\"caption-attachment-60106\" class=\"wp-caption-text\">Frostkunst an Natur<\/figcaption><\/figure>\n<p>Blitzeis, Gl&#228;tte und Frost begleiteten uns dann den Rest der Woche und so sehr ich auch friere in letzter Zeit, was die Natur da so zaubert, das ist schon extrem sch&#246;n!<\/p>\n<p><strong>Und zum Abschluss auch dieses Mal wieder Wochenlieblinge mit dem&nbsp;<a href=\"https:\/\/scrapimpulse.com\/2024\/01\/freitagstipps-freitagsfueller-764\/\" target=\"_blank\" rel=\"noopener\">Freitagsf&#252;ller von Babara<\/a>.<\/strong><\/p>\n<p><strong>1.<\/strong> Meine Nasenspitze <span style=\"color: #993366;\">ist aktuell irgendwie dauerkalt<\/span>.<br \/>\n<strong>2.<\/strong> <span style=\"color: #993366;\">Die Ordnung auf dem Dachboden<\/span> sieht &#252;bel aus.<br \/>\n<strong>3.<\/strong> Ich g&#246;nne mir <span style=\"color: #993366;\">bald mal wieder eine kleine Auszeit nur f&#252;r mich, ich wei&#223; nur noch nicht in welcher Form<\/span>.<br \/>\n<strong>4.<\/strong> <span style=\"color: #993366;\">Der Alltag<\/span> ist jetzt da.<br \/>\n<strong>5.<\/strong> Wieso interessiert sich <span style=\"color: #993366;\">so manch einer immer so sehr daf&#252;r, was andere machen anstatt sich einfach mal um seine eigenen Belange zu k&#252;mmern<\/span>.<br \/>\n<strong>6.<\/strong> <span style=\"color: #993366;\">Es gibt IMMER Licht<\/span> am Ende des Tunnels.<br \/>\n<strong>7.<\/strong> Was das Wochenende angeht, heute Abend freue ich mich auf <span style=\"color: #993366;\">meine Kuscheldecke<\/span>, morgen habe ich geplant, <span style=\"color: #993366;\">hoffentlich ein Gro&#223;feldspiel vom gro&#223;en Sohn zu sehen<\/span> und Sonntag m&#246;chte ich <span style=\"color: #993366;\">den kleinen Sohn anfeuern<\/span>!<\/p>\n<p><small><strong>*Anmerkung:<\/strong> Der Artikel &#252;ber unsere Wochenlieblinge enth&#228;lt evtl. Bilder mit Produkten, die wir in unserem Alltag nutzen oder Linkempfehlungen. Wir haben keine Bezahlung f&#252;r das Zeigen oder Nutzen derselbigen erhalten. Affiliate Links sind als solche markiert.<\/small><\/p>\n","protected":false},"excerpt":{"rendered":"<p>Enth&#228;lt (unbezahlte) Werbung* Die ersten Wochenlieblinge zur&#252;ck im Alltagstrott. Seit dieser Woche findet nun wieder Schule statt und es wird gearbeitet. Gleich zwei Arzttermine standen zudem auf dem Plan und so langsam geht es auch mit Fu&#223;ball wieder los. Wobei das sich eher als schwierig gestaltete Dank der extrem eisigen Temperaturen, die p&#252;nktlich zum Schulbeginn wieder Einzug hielten&#8230; Unsere Wochenlieblinge in dieser Woche\u2026 Es hat mich am Montag echte &#220;berwindung gekostet den Morgenspaziergang anzugehen. Aber im Nachgang war ich stolz auf mich. Montag waren es ja noch auch &#8220;nur&#8221; -10 Grad und ich verk&#252;rzte den Weg ein wenig. Aber der Anblick, der sich mich bot, der belohnte mich, denn der Sonnenaufgang am Montag war wirklich sch&#246;n. Nach der vielen V&#246;llerei der letzten Wochen (obwohl ich sagen muss, dass es dieses Mal eigentlich sogar ging) wird nun wieder etwas bewusster auf das Mittagessen geschaut und wieder fast t&#228;glich Haferbrei gekocht. Inzwischen isst der Mann ihn mit, so dass wir das nun beide machen. Schon witzig, wie er sich bei solchen Sachen von mir immer anstecken l&#228;sst.&nbsp; Auch holte ich diese Woche wieder den Haushaltsplan heraus, obwohl ich es lieber wie Frida gemacht und mich in eine Decke gekuschelt h&#228;tte. Man ist eigentlich nur am Frieren und h&#228;tte die ersten Tage die Sonne nicht so sch&#246;n dabei geschien, w&#228;re es wirklich schwer gewesen sich zum Bewegen zu motivieren. Den H&#246;hepunkt erlebten wir wohl Mitte der Woche, als tats&#228;chlich beide Kinder bei -4 Grad Training hatten. Ihr wollt gar nicht wissen, in wie viele Thermoschichten ich sie gepackt hatte. Ein Wunder, dass sie sich &#252;berhaupt halbwegs gut bewegen konnten. Und dann sieht man andere, die haben tats&#228;chlich in kurzer Hose trainiert. Diese Hitze h&#228;tte ich auch gerne. Ehrlich! Ein Morgenspaziergang f&#252;hrte mich dann direkt zum HNO-Arzt zur Kontrollbehandlung. Bei der Gelegenheit nahm ich dann den gro&#223;en Sohn mit, der dann doch nach einigen Tagen wieder mit dem Hals zu tun hatte. Auf meine Frage hin, ob in der Schule eigentlich geheizt werden w&#252;rde bei den Temperaturen, verneinte er das und erw&#228;hnte, das eher sogar &#246;fter mal gel&#252;ftet werden w&#252;rde. Da wundert mich ehrlich gesagt gar nichts mehr. Immerhin gab es f&#252;r mich recht positives Feedback und wenn das Wetter n&#228;chste Woche tats&#228;chlich wieder w&#228;rmer wird, will ich es mal wieder mit Intervalllaufen versuchen. Zeit f&#252;r die Freitagsfragen! Blitzeis, Gl&#228;tte und Frost begleiteten uns dann den Rest der Woche und so sehr ich auch friere in letzter Zeit, was die Natur da so zaubert, das ist schon extrem sch&#246;n! Und zum Abschluss auch dieses Mal wieder Wochenlieblinge mit dem&nbsp;Freitagsf&#252;ller von Babara. 1. Meine Nasenspitze ist aktuell irgendwie dauerkalt. 2. Die Ordnung auf dem Dachboden sieht &#252;bel aus. 3. Ich g&#246;nne mir bald mal wieder eine kleine Auszeit nur f&#252;r mich, ich wei&#223; nur noch nicht in welcher Form. 4. Der Alltag ist jetzt da. 5. Wieso interessiert sich so manch einer immer so sehr daf&#252;r, was andere machen anstatt sich einfach mal um seine eigenen Belange zu k&#252;mmern. 6. Es gibt IMMER Licht am Ende des Tunnels. 7. Was das Wochenende angeht, heute Abend freue ich mich auf meine Kuscheldecke, morgen habe ich geplant, hoffentlich ein Gro&#223;feldspiel vom gro&#223;en Sohn zu sehen und Sonntag m&#246;chte ich den kleinen Sohn anfeuern! *Anmerkung: Der Artikel &#252;ber unsere Wochenlieblinge enth&#228;lt evtl. Bilder mit Produkten, die wir in unserem Alltag nutzen oder Linkempfehlungen. Wir haben keine Bezahlung f&#252;r das Zeigen oder Nutzen derselbigen erhalten. Affiliate Links sind als solche markiert.<\/p>\n","protected":false},"author":1,"featured_media":60100,"comment_status":"open","ping_status":"open","sticky":false,"template":"","format":"standard","meta":{"ngg_post_thumbnail":0,"footnotes":""},"categories":[49,3494],"tags":[1125,3125,3485,2062,199,550,2161],"class_list":["post-60098","post","type-post","status-publish","format-standard","has-post-thumbnail","hentry","category-blogspaehre","category-rueckblick","tag-arzt","tag-freitagsfueller","tag-frost","tag-highlights","tag-rueckblick","tag-winter","tag-wochenlieblinge"],"yoast_head":"<!-- This site is optimized with the Yoast SEO plugin v27.5 - https:\/\/yoast.com\/product\/yoast-seo-wordpress\/ -->\n<title>Unsere Wochenlieblinge 02\/2024 - Winterleuchten und Termine - Heldenhaushalt<\/title>\n<meta name=\"description\" content=\"Die ersten Wochenlieblinge zur\u00fcck im Alltagstrott. Seit dieser Woche findet nun wieder Schule statt und es wird gearbeitet.\" \/>\n<meta name=\"robots\" content=\"index, follow, max-snippet:-1, max-image-preview:large, max-video-preview:-1\" \/>\n<link rel=\"canonical\" href=\"https:\/\/www.heldenhaushalt.de\/sari02\/index.php\/2024\/01\/12\/unsere-wochenlieblinge-022024-winterleuchten-und-termine\/\" \/>\n<meta property=\"og:locale\" content=\"de_DE\" \/>\n<meta property=\"og:type\" content=\"article\" \/>\n<meta property=\"og:title\" content=\"Unsere Wochenlieblinge 02\/2024 - Winterleuchten und Termine - Heldenhaushalt\" \/>\n<meta property=\"og:description\" content=\"Die ersten Wochenlieblinge zur\u00fcck im Alltagstrott. Seit dieser Woche findet nun wieder Schule statt und es wird gearbeitet.\" \/>\n<meta property=\"og:url\" content=\"https:\/\/www.heldenhaushalt.de\/sari02\/index.php\/2024\/01\/12\/unsere-wochenlieblinge-022024-winterleuchten-und-termine\/\" \/>\n<meta property=\"og:site_name\" content=\"Heldenhaushalt\" \/>\n<meta property=\"article:published_time\" content=\"2024-01-12T09:23:53+00:00\" \/>\n<meta property=\"og:image\" content=\"https:\/\/www.heldenhaushalt.de\/sari02\/wp-content\/uploads\/2024\/01\/02-00.jpg\" \/>\n\t<meta property=\"og:image:width\" content=\"1000\" \/>\n\t<meta property=\"og:image:height\" content=\"712\" \/>\n\t<meta property=\"og:image:type\" content=\"image\/jpeg\" \/>\n<meta name=\"author\" content=\"Sari\" \/>\n<meta name=\"twitter:card\" content=\"summary_large_image\" \/>\n<meta name=\"twitter:creator\" content=\"@Heldenhaushalt\" \/>\n<meta name=\"twitter:site\" content=\"@Heldenhaushalt\" \/>\n<meta name=\"twitter:label1\" content=\"Verfasst von\" \/>\n\t<meta name=\"twitter:data1\" content=\"Sari\" \/>\n\t<meta name=\"twitter:label2\" content=\"Gesch\u00e4tzte Lesezeit\" \/>\n\t<meta name=\"twitter:data2\" content=\"5\u00a0Minuten\" \/>\n<script type=\"application\/ld+json\" class=\"yoast-schema-graph\">{\"@context\":\"https:\\\/\\\/schema.org\",\"@graph\":[{\"@type\":\"Article\",\"@id\":\"https:\\\/\\\/www.heldenhaushalt.de\\\/sari02\\\/index.php\\\/2024\\\/01\\\/12\\\/unsere-wochenlieblinge-022024-winterleuchten-und-termine\\\/#article\",\"isPartOf\":{\"@id\":\"https:\\\/\\\/www.heldenhaushalt.de\\\/sari02\\\/index.php\\\/2024\\\/01\\\/12\\\/unsere-wochenlieblinge-022024-winterleuchten-und-termine\\\/\"},\"author\":{\"name\":\"Sari\",\"@id\":\"https:\\\/\\\/www.heldenhaushalt.de\\\/sari02\\\/#\\\/schema\\\/person\\\/a1cc69f42a01f412eb62c151353814f6\"},\"headline\":\"Unsere Wochenlieblinge 02\\\/2024 &#8211; Winterleuchten und Termine\",\"datePublished\":\"2024-01-12T09:23:53+00:00\",\"mainEntityOfPage\":{\"@id\":\"https:\\\/\\\/www.heldenhaushalt.de\\\/sari02\\\/index.php\\\/2024\\\/01\\\/12\\\/unsere-wochenlieblinge-022024-winterleuchten-und-termine\\\/\"},\"wordCount\":688,\"commentCount\":0,\"publisher\":{\"@id\":\"https:\\\/\\\/www.heldenhaushalt.de\\\/sari02\\\/#\\\/schema\\\/person\\\/a1cc69f42a01f412eb62c151353814f6\"},\"image\":{\"@id\":\"https:\\\/\\\/www.heldenhaushalt.de\\\/sari02\\\/index.php\\\/2024\\\/01\\\/12\\\/unsere-wochenlieblinge-022024-winterleuchten-und-termine\\\/#primaryimage\"},\"thumbnailUrl\":\"https:\\\/\\\/www.heldenhaushalt.de\\\/sari02\\\/wp-content\\\/uploads\\\/2024\\\/01\\\/02-00.jpg\",\"keywords\":[\"Arzt\",\"Freitagsf\u00fcller\",\"Frost\",\"Highlights\",\"R\u00fcckblick\",\"Winter\",\"Wochenlieblinge\"],\"articleSection\":[\"Blogsph\u00e4re\",\"R\u00fcckblick\"],\"inLanguage\":\"de\",\"potentialAction\":[{\"@type\":\"CommentAction\",\"name\":\"Comment\",\"target\":[\"https:\\\/\\\/www.heldenhaushalt.de\\\/sari02\\\/index.php\\\/2024\\\/01\\\/12\\\/unsere-wochenlieblinge-022024-winterleuchten-und-termine\\\/#respond\"]}]},{\"@type\":\"WebPage\",\"@id\":\"https:\\\/\\\/www.heldenhaushalt.de\\\/sari02\\\/index.php\\\/2024\\\/01\\\/12\\\/unsere-wochenlieblinge-022024-winterleuchten-und-termine\\\/\",\"url\":\"https:\\\/\\\/www.heldenhaushalt.de\\\/sari02\\\/index.php\\\/2024\\\/01\\\/12\\\/unsere-wochenlieblinge-022024-winterleuchten-und-termine\\\/\",\"name\":\"Unsere Wochenlieblinge 02\\\/2024 - Winterleuchten und Termine - Heldenhaushalt\",\"isPartOf\":{\"@id\":\"https:\\\/\\\/www.heldenhaushalt.de\\\/sari02\\\/#website\"},\"primaryImageOfPage\":{\"@id\":\"https:\\\/\\\/www.heldenhaushalt.de\\\/sari02\\\/index.php\\\/2024\\\/01\\\/12\\\/unsere-wochenlieblinge-022024-winterleuchten-und-termine\\\/#primaryimage\"},\"image\":{\"@id\":\"https:\\\/\\\/www.heldenhaushalt.de\\\/sari02\\\/index.php\\\/2024\\\/01\\\/12\\\/unsere-wochenlieblinge-022024-winterleuchten-und-termine\\\/#primaryimage\"},\"thumbnailUrl\":\"https:\\\/\\\/www.heldenhaushalt.de\\\/sari02\\\/wp-content\\\/uploads\\\/2024\\\/01\\\/02-00.jpg\",\"datePublished\":\"2024-01-12T09:23:53+00:00\",\"description\":\"Die ersten Wochenlieblinge zur\u00fcck im Alltagstrott. Seit dieser Woche findet nun wieder Schule statt und es wird gearbeitet.\",\"breadcrumb\":{\"@id\":\"https:\\\/\\\/www.heldenhaushalt.de\\\/sari02\\\/index.php\\\/2024\\\/01\\\/12\\\/unsere-wochenlieblinge-022024-winterleuchten-und-termine\\\/#breadcrumb\"},\"inLanguage\":\"de\",\"potentialAction\":[{\"@type\":\"ReadAction\",\"target\":[\"https:\\\/\\\/www.heldenhaushalt.de\\\/sari02\\\/index.php\\\/2024\\\/01\\\/12\\\/unsere-wochenlieblinge-022024-winterleuchten-und-termine\\\/\"]}]},{\"@type\":\"ImageObject\",\"inLanguage\":\"de\",\"@id\":\"https:\\\/\\\/www.heldenhaushalt.de\\\/sari02\\\/index.php\\\/2024\\\/01\\\/12\\\/unsere-wochenlieblinge-022024-winterleuchten-und-termine\\\/#primaryimage\",\"url\":\"https:\\\/\\\/www.heldenhaushalt.de\\\/sari02\\\/wp-content\\\/uploads\\\/2024\\\/01\\\/02-00.jpg\",\"contentUrl\":\"https:\\\/\\\/www.heldenhaushalt.de\\\/sari02\\\/wp-content\\\/uploads\\\/2024\\\/01\\\/02-00.jpg\",\"width\":1000,\"height\":712,\"caption\":\"Wochenlieblinge\"},{\"@type\":\"BreadcrumbList\",\"@id\":\"https:\\\/\\\/www.heldenhaushalt.de\\\/sari02\\\/index.php\\\/2024\\\/01\\\/12\\\/unsere-wochenlieblinge-022024-winterleuchten-und-termine\\\/#breadcrumb\",\"itemListElement\":[{\"@type\":\"ListItem\",\"position\":1,\"name\":\"Startseite\",\"item\":\"https:\\\/\\\/www.heldenhaushalt.de\\\/sari02\\\/\"},{\"@type\":\"ListItem\",\"position\":2,\"name\":\"Unsere Wochenlieblinge 02\\\/2024 &#8211; Winterleuchten und Termine\"}]},{\"@type\":\"WebSite\",\"@id\":\"https:\\\/\\\/www.heldenhaushalt.de\\\/sari02\\\/#website\",\"url\":\"https:\\\/\\\/www.heldenhaushalt.de\\\/sari02\\\/\",\"name\":\"Heldenhaushalt\",\"description\":\"Wer es ordentlich haben will, der muss vorher anrufen\",\"publisher\":{\"@id\":\"https:\\\/\\\/www.heldenhaushalt.de\\\/sari02\\\/#\\\/schema\\\/person\\\/a1cc69f42a01f412eb62c151353814f6\"},\"potentialAction\":[{\"@type\":\"SearchAction\",\"target\":{\"@type\":\"EntryPoint\",\"urlTemplate\":\"https:\\\/\\\/www.heldenhaushalt.de\\\/sari02\\\/?s={search_term_string}\"},\"query-input\":{\"@type\":\"PropertyValueSpecification\",\"valueRequired\":true,\"valueName\":\"search_term_string\"}}],\"inLanguage\":\"de\"},{\"@type\":[\"Person\",\"Organization\"],\"@id\":\"https:\\\/\\\/www.heldenhaushalt.de\\\/sari02\\\/#\\\/schema\\\/person\\\/a1cc69f42a01f412eb62c151353814f6\",\"name\":\"Sari\",\"image\":{\"@type\":\"ImageObject\",\"inLanguage\":\"de\",\"@id\":\"https:\\\/\\\/www.heldenhaushalt.de\\\/sari02\\\/wp-content\\\/uploads\\\/2019\\\/02\\\/sari-april2018.png\",\"url\":\"https:\\\/\\\/www.heldenhaushalt.de\\\/sari02\\\/wp-content\\\/uploads\\\/2019\\\/02\\\/sari-april2018.png\",\"contentUrl\":\"https:\\\/\\\/www.heldenhaushalt.de\\\/sari02\\\/wp-content\\\/uploads\\\/2019\\\/02\\\/sari-april2018.png\",\"width\":500,\"height\":500,\"caption\":\"Sari\"},\"logo\":{\"@id\":\"https:\\\/\\\/www.heldenhaushalt.de\\\/sari02\\\/wp-content\\\/uploads\\\/2019\\\/02\\\/sari-april2018.png\"},\"description\":\"Frau Mondgras \u2013 Das bin ich, Sari. Gerne auch als Sari Mondgras bekannt und im Internet zu finden. 2-Fach-Mutter, Heldenehefrau, Kreativling, Harmonies\u00fcchtig und st\u00e4ndig auf der Suche nach Gl\u00fcck. Ich komme aus Berlin, bin hier aufgewachsen und lebe hier seit ich denken kann.\",\"sameAs\":[\"https:\\\/\\\/www.instagram.com\\\/heldenhaushalt\\\/\"],\"url\":\"https:\\\/\\\/www.heldenhaushalt.de\\\/sari02\\\/index.php\\\/author\\\/admin\\\/\"}]}<\/script>\n<!-- \/ Yoast SEO plugin. -->","yoast_head_json":{"title":"Unsere Wochenlieblinge 02\/2024 - Winterleuchten und Termine - Heldenhaushalt","description":"Die ersten Wochenlieblinge zur\u00fcck im Alltagstrott. Seit dieser Woche findet nun wieder Schule statt und es wird gearbeitet.","robots":{"index":"index","follow":"follow","max-snippet":"max-snippet:-1","max-image-preview":"max-image-preview:large","max-video-preview":"max-video-preview:-1"},"canonical":"https:\/\/www.heldenhaushalt.de\/sari02\/index.php\/2024\/01\/12\/unsere-wochenlieblinge-022024-winterleuchten-und-termine\/","og_locale":"de_DE","og_type":"article","og_title":"Unsere Wochenlieblinge 02\/2024 - Winterleuchten und Termine - Heldenhaushalt","og_description":"Die ersten Wochenlieblinge zur\u00fcck im Alltagstrott. Seit dieser Woche findet nun wieder Schule statt und es wird gearbeitet.","og_url":"https:\/\/www.heldenhaushalt.de\/sari02\/index.php\/2024\/01\/12\/unsere-wochenlieblinge-022024-winterleuchten-und-termine\/","og_site_name":"Heldenhaushalt","article_published_time":"2024-01-12T09:23:53+00:00","og_image":[{"width":1000,"height":712,"url":"https:\/\/www.heldenhaushalt.de\/sari02\/wp-content\/uploads\/2024\/01\/02-00.jpg","type":"image\/jpeg"}],"author":"Sari","twitter_card":"summary_large_image","twitter_creator":"@Heldenhaushalt","twitter_site":"@Heldenhaushalt","twitter_misc":{"Verfasst von":"Sari","Gesch\u00e4tzte Lesezeit":"5\u00a0Minuten"},"schema":{"@context":"https:\/\/schema.org","@graph":[{"@type":"Article","@id":"https:\/\/www.heldenhaushalt.de\/sari02\/index.php\/2024\/01\/12\/unsere-wochenlieblinge-022024-winterleuchten-und-termine\/#article","isPartOf":{"@id":"https:\/\/www.heldenhaushalt.de\/sari02\/index.php\/2024\/01\/12\/unsere-wochenlieblinge-022024-winterleuchten-und-termine\/"},"author":{"name":"Sari","@id":"https:\/\/www.heldenhaushalt.de\/sari02\/#\/schema\/person\/a1cc69f42a01f412eb62c151353814f6"},"headline":"Unsere Wochenlieblinge 02\/2024 &#8211; Winterleuchten und Termine","datePublished":"2024-01-12T09:23:53+00:00","mainEntityOfPage":{"@id":"https:\/\/www.heldenhaushalt.de\/sari02\/index.php\/2024\/01\/12\/unsere-wochenlieblinge-022024-winterleuchten-und-termine\/"},"wordCount":688,"commentCount":0,"publisher":{"@id":"https:\/\/www.heldenhaushalt.de\/sari02\/#\/schema\/person\/a1cc69f42a01f412eb62c151353814f6"},"image":{"@id":"https:\/\/www.heldenhaushalt.de\/sari02\/index.php\/2024\/01\/12\/unsere-wochenlieblinge-022024-winterleuchten-und-termine\/#primaryimage"},"thumbnailUrl":"https:\/\/www.heldenhaushalt.de\/sari02\/wp-content\/uploads\/2024\/01\/02-00.jpg","keywords":["Arzt","Freitagsf\u00fcller","Frost","Highlights","R\u00fcckblick","Winter","Wochenlieblinge"],"articleSection":["Blogsph\u00e4re","R\u00fcckblick"],"inLanguage":"de","potentialAction":[{"@type":"CommentAction","name":"Comment","target":["https:\/\/www.heldenhaushalt.de\/sari02\/index.php\/2024\/01\/12\/unsere-wochenlieblinge-022024-winterleuchten-und-termine\/#respond"]}]},{"@type":"WebPage","@id":"https:\/\/www.heldenhaushalt.de\/sari02\/index.php\/2024\/01\/12\/unsere-wochenlieblinge-022024-winterleuchten-und-termine\/","url":"https:\/\/www.heldenhaushalt.de\/sari02\/index.php\/2024\/01\/12\/unsere-wochenlieblinge-022024-winterleuchten-und-termine\/","name":"Unsere Wochenlieblinge 02\/2024 - Winterleuchten und Termine - Heldenhaushalt","isPartOf":{"@id":"https:\/\/www.heldenhaushalt.de\/sari02\/#website"},"primaryImageOfPage":{"@id":"https:\/\/www.heldenhaushalt.de\/sari02\/index.php\/2024\/01\/12\/unsere-wochenlieblinge-022024-winterleuchten-und-termine\/#primaryimage"},"image":{"@id":"https:\/\/www.heldenhaushalt.de\/sari02\/index.php\/2024\/01\/12\/unsere-wochenlieblinge-022024-winterleuchten-und-termine\/#primaryimage"},"thumbnailUrl":"https:\/\/www.heldenhaushalt.de\/sari02\/wp-content\/uploads\/2024\/01\/02-00.jpg","datePublished":"2024-01-12T09:23:53+00:00","description":"Die ersten Wochenlieblinge zur\u00fcck im Alltagstrott. Seit dieser Woche findet nun wieder Schule statt und es wird gearbeitet.","breadcrumb":{"@id":"https:\/\/www.heldenhaushalt.de\/sari02\/index.php\/2024\/01\/12\/unsere-wochenlieblinge-022024-winterleuchten-und-termine\/#breadcrumb"},"inLanguage":"de","potentialAction":[{"@type":"ReadAction","target":["https:\/\/www.heldenhaushalt.de\/sari02\/index.php\/2024\/01\/12\/unsere-wochenlieblinge-022024-winterleuchten-und-termine\/"]}]},{"@type":"ImageObject","inLanguage":"de","@id":"https:\/\/www.heldenhaushalt.de\/sari02\/index.php\/2024\/01\/12\/unsere-wochenlieblinge-022024-winterleuchten-und-termine\/#primaryimage","url":"https:\/\/www.heldenhaushalt.de\/sari02\/wp-content\/uploads\/2024\/01\/02-00.jpg","contentUrl":"https:\/\/www.heldenhaushalt.de\/sari02\/wp-content\/uploads\/2024\/01\/02-00.jpg","width":1000,"height":712,"caption":"Wochenlieblinge"},{"@type":"BreadcrumbList","@id":"https:\/\/www.heldenhaushalt.de\/sari02\/index.php\/2024\/01\/12\/unsere-wochenlieblinge-022024-winterleuchten-und-termine\/#breadcrumb","itemListElement":[{"@type":"ListItem","position":1,"name":"Startseite","item":"https:\/\/www.heldenhaushalt.de\/sari02\/"},{"@type":"ListItem","position":2,"name":"Unsere Wochenlieblinge 02\/2024 &#8211; Winterleuchten und Termine"}]},{"@type":"WebSite","@id":"https:\/\/www.heldenhaushalt.de\/sari02\/#website","url":"https:\/\/www.heldenhaushalt.de\/sari02\/","name":"Heldenhaushalt","description":"Wer es ordentlich haben will, der muss vorher anrufen","publisher":{"@id":"https:\/\/www.heldenhaushalt.de\/sari02\/#\/schema\/person\/a1cc69f42a01f412eb62c151353814f6"},"potentialAction":[{"@type":"SearchAction","target":{"@type":"EntryPoint","urlTemplate":"https:\/\/www.heldenhaushalt.de\/sari02\/?s={search_term_string}"},"query-input":{"@type":"PropertyValueSpecification","valueRequired":true,"valueName":"search_term_string"}}],"inLanguage":"de"},{"@type":["Person","Organization"],"@id":"https:\/\/www.heldenhaushalt.de\/sari02\/#\/schema\/person\/a1cc69f42a01f412eb62c151353814f6","name":"Sari","image":{"@type":"ImageObject","inLanguage":"de","@id":"https:\/\/www.heldenhaushalt.de\/sari02\/wp-content\/uploads\/2019\/02\/sari-april2018.png","url":"https:\/\/www.heldenhaushalt.de\/sari02\/wp-content\/uploads\/2019\/02\/sari-april2018.png","contentUrl":"https:\/\/www.heldenhaushalt.de\/sari02\/wp-content\/uploads\/2019\/02\/sari-april2018.png","width":500,"height":500,"caption":"Sari"},"logo":{"@id":"https:\/\/www.heldenhaushalt.de\/sari02\/wp-content\/uploads\/2019\/02\/sari-april2018.png"},"description":"Frau Mondgras \u2013 Das bin ich, Sari. Gerne auch als Sari Mondgras bekannt und im Internet zu finden. 2-Fach-Mutter, Heldenehefrau, Kreativling, Harmonies\u00fcchtig und st\u00e4ndig auf der Suche nach Gl\u00fcck. Ich komme aus Berlin, bin hier aufgewachsen und lebe hier seit ich denken kann.","sameAs":["https:\/\/www.instagram.com\/heldenhaushalt\/"],"url":"https:\/\/www.heldenhaushalt.de\/sari02\/index.php\/author\/admin\/"}]}},"views":1332,"_links":{"self":[{"href":"https:\/\/www.heldenhaushalt.de\/sari02\/index.php\/wp-json\/wp\/v2\/posts\/60098","targetHints":{"allow":["GET"]}}],"collection":[{"href":"https:\/\/www.heldenhaushalt.de\/sari02\/index.php\/wp-json\/wp\/v2\/posts"}],"about":[{"href":"https:\/\/www.heldenhaushalt.de\/sari02\/index.php\/wp-json\/wp\/v2\/types\/post"}],"author":[{"embeddable":true,"href":"https:\/\/www.heldenhaushalt.de\/sari02\/index.php\/wp-json\/wp\/v2\/users\/1"}],"replies":[{"embeddable":true,"href":"https:\/\/www.heldenhaushalt.de\/sari02\/index.php\/wp-json\/wp\/v2\/comments?post=60098"}],"version-history":[{"count":2,"href":"https:\/\/www.heldenhaushalt.de\/sari02\/index.php\/wp-json\/wp\/v2\/posts\/60098\/revisions"}],"predecessor-version":[{"id":60107,"href":"https:\/\/www.heldenhaushalt.de\/sari02\/index.php\/wp-json\/wp\/v2\/posts\/60098\/revisions\/60107"}],"wp:featuredmedia":[{"embeddable":true,"href":"https:\/\/www.heldenhaushalt.de\/sari02\/index.php\/wp-json\/wp\/v2\/media\/60100"}],"wp:attachment":[{"href":"https:\/\/www.heldenhaushalt.de\/sari02\/index.php\/wp-json\/wp\/v2\/media?parent=60098"}],"wp:term":[{"taxonomy":"category","embeddable":true,"href":"https:\/\/www.heldenhaushalt.de\/sari02\/index.php\/wp-json\/wp\/v2\/categories?post=60098"},{"taxonomy":"post_tag","embeddable":true,"href":"https:\/\/www.heldenhaushalt.de\/sari02\/index.php\/wp-json\/wp\/v2\/tags?post=60098"}],"curies":[{"name":"wp","href":"https:\/\/api.w.org\/{rel}","templated":true}]}}