{"id":60192,"date":"2024-01-24T10:00:00","date_gmt":"2024-01-24T09:00:00","guid":{"rendered":"https:\/\/www.heldenhaushalt.de\/sari02\/?p=60192"},"modified":"2024-03-21T12:18:42","modified_gmt":"2024-03-21T11:18:42","slug":"zeit-fuer-veraenderungen-neue-figuren-fuer-heldenhaushalt","status":"publish","type":"post","link":"https:\/\/www.heldenhaushalt.de\/sari02\/index.php\/2024\/01\/24\/zeit-fuer-veraenderungen-neue-figuren-fuer-heldenhaushalt\/","title":{"rendered":"Zeit f&#252;r Ver&#228;nderungen &#8211; Neue Figuren f&#252;r Heldenhaushalt"},"content":{"rendered":"<p>Ver&#228;nderung ist ein Thema, das ich hier im Blog immer wieder gerne anspreche. Ver&#228;nderungen, die eh eintreten, weil man die Schule beendet, in das Berufsleben eintritt, pl&#246;tzlich Eltern wird und allgemein das Leben eben immer wieder Ver&#228;nderungen mit sich bringt.<\/p>\n<p>Aber auch ich als Mensch habe mich in den letzten Jahren immer wieder ver&#228;ndert und versucht diese Dinge auch hier auf dem Blog sichtbar zu machen. In all den Jahren habe ich schon so manches mit dieser Seite angestellt. Sie war ganz schlicht, sie war ganz bunt, sie war auch mal tiefschwarz. Mal zeigte sie ganz viel von mir und mal bestand sie nur aus Zeichnungen. Im Laufe der Zeit habe ich gemerkt, dass schlicht gut ist und ohne Zeichnung es einfach nicht zu mir passt. Die Beitr&#228;ge enthalten genug Impressionen von mir und meinen Alltag, aber die Zeichnungen, die haben etwas von einem Wiedererkennungsmerkmal und so habe ich mich im Laufe der letzten Jahre wohl ziemlich auf das eingeschossen, was euch beim Betreten dieser Seite hier begr&#252;&#223;t: Ein relativ schlichtes Design kombiniert mit meinen Bildern.<\/p>\n<h2>Das letzte Mal erneuerte ich die Zeichnungen nach meinem Haarexperiment<\/h2>\n<p>Ich habe die Geschichte sicherlich schon einmal irgendwo erz&#228;hlt: Seit ich 22 Jahre alt bin habe ich damit zu k&#228;mpfen, dass ich wei&#223;e Haare bekomme. Aber nur auf dem Haupthaar, also oben auf dem Kopf. Wie ein Streifenh&#246;rnchen. Ansonsten hatte ich immer eher dunkelbraune bis kastanienbraune Haare, in denen sich so ein wei&#223; wachsender Streifen nat&#252;rlich ganz wunderbar erkennen l&#228;sst. Wenn man das so nicht haben will, dann muss man halt regelm&#228;&#223;ig f&#228;rben. &#196;tzend ist das, sage ich euch.<\/p>\n<p>Daher kam ich vor zwei Jahren auf die verr&#252;ckte Idee die Farbe aus meinen Haaren ziehen zu lassen, damit das grau und wei&#223; ganz nat&#252;rlich raus wachsen darf. Ich hatte keine Lust mehr alle drei Wochen nachf&#228;rben zu m&#252;ssen und Ansatz Spray ist auf Dauer auch eine eher schmutzige Sache, die die Haare irgendwie auch trocken macht. Also wurde die Farbe aus den Haare, die hell raus wachsen, gezogen und von da an lie&#223; ich alles, was nat&#252;rlich wei&#223; w&#228;re, einfach rauswachsen.&nbsp;<\/p>\n<p>An manchen Tagen fand ich diese L&#246;sung gut, anderen &#252;berhaupt nicht. Auf jeden Fall konnte ich mich eine Zeit lang gut damit identifizieren und <a href=\"https:\/\/www.heldenhaushalt.de\/sari02\/index.php\/2022\/07\/28\/ein-bisschen-veraenderung-tut-gut\/\">passte das Design entsprechend an<\/a>. Ich mag die Zeichnungen auch nach wie vor, aber es trat eine neue Phase bei mir ein.<\/p>\n<figure id=\"attachment_55721\" aria-describedby=\"caption-attachment-55721\" style=\"width: 1000px\" class=\"wp-caption alignnone\"><img loading=\"lazy\" decoding=\"async\" class=\"wp-image-55721 size-full\" src=\"https:\/\/www.heldenhaushalt.de\/sari02\/wp-content\/uploads\/2022\/07\/theme07-01.jpg\" alt=\"Ver&#228;nderungen\" width=\"1000\" height=\"755\" srcset=\"https:\/\/www.heldenhaushalt.de\/sari02\/wp-content\/uploads\/2022\/07\/theme07-01.jpg 1000w, https:\/\/www.heldenhaushalt.de\/sari02\/wp-content\/uploads\/2022\/07\/theme07-01-300x227.jpg 300w, https:\/\/www.heldenhaushalt.de\/sari02\/wp-content\/uploads\/2022\/07\/theme07-01-768x580.jpg 768w, https:\/\/www.heldenhaushalt.de\/sari02\/wp-content\/uploads\/2022\/07\/theme07-01-79x60.jpg 79w\" sizes=\"auto, (max-width: 1000px) 100vw, 1000px\" \/><figcaption id=\"caption-attachment-55721\" class=\"wp-caption-text\">Zeichnungen vom Juli 2022 f&#252;r das Design<\/figcaption><\/figure>\n<h2>Ich war nicht mehr gl&#252;cklich damit&#8230;<\/h2>\n<p>Das helle Haupthaar wirkte h&#228;ufig strohig und spr&#246;de, dazu war es ein Mischmasch aus blond, grau und wei&#223;, der einen starken Kontrast zu dem dunklen Haar darunter bildete. Auf manchen Fotos sah es schrecklich aus und auch der Blick in den Spiegel war zwiegespalten. Ausschlag gebend war etwas, was diesen Sommer eine Freundin zu mir sagte: &#8220;Du bist einfach zu jung f&#252;r graue Haare&#8221; und beim n&#228;chsten Blick in den Spiegel beschloss ich daran etwas zu &#228;ndern.<\/p>\n<p>Grunds&#228;tzlich finde ich wei&#223;es und graues Haar wirklich sch&#246;n und ich kenne viele, die das wirklich toll tragen k&#246;nnen. Problem bei mir ist einfach die Tatsache, dass nur ein Teil meiner Haare wei&#223; heraus w&#228;chst und ich dann wirklich wie ein Streifenh&#246;rnchen aussehe. Ich glaube, es w&#228;re wirklich noch einmal etwas anderes, wenn es wirklich alle Haare gleichm&#228;&#223;ig oder zumindest auf dem ganzen Kopf Str&#228;hnchen w&#228;ren. Ist aber nicht der Fall und so beschloss ich wieder mehr ich selbst zu werden. Nur nicht mehr ganz so dunkel wie fr&#252;her. Ich f&#228;rbte also wieder, aber in einer Kombination aus Mittelblond und Dunkelbraun, um an die nat&#252;rliche Farbe der restlichen Haare heranzukommen und dabei nicht wieder so extrem ins Dunkle zu gehen, wie fr&#252;her.&nbsp;<\/p>\n<p>Es mag albern klingen, und es ist nervig, dass ich nun wieder regelm&#228;&#223;iger nachf&#228;rben muss, aber es f&#252;hlt sich umso vieles mehr richtig an und deshalb war es wohl die richtige Entscheidung.<\/p>\n<h2>Und so gibt es nach 2 Jahren nun wieder Ver&#228;nderungen auf dem Blog<\/h2>\n<p>Nachdem das Wei&#223; und Grau nun im realen Leben wieder verschwunden ist, ist es auch an der Zeit das ebenfalls wieder im Design erkennbar zu machen. Dazu hatte ich bei der Gelegenheit euch neulich auf Facebook gefragt, an was f&#252;r Merkmale ihr denken m&#252;sst, wenn ihr an mich und den Heldenhaushalt denkt, um das vielleicht in die Zeichnungen wieder mit aufnehmen zu k&#246;nnen.<\/p>\n<p>Hier sind nun die Ergebnisse, die ich nach und nach in das Design einpflegen werde mit einigen kleinen farblichen Anpassungen.&nbsp;<\/p>\n<p><img loading=\"lazy\" decoding=\"async\" class=\"alignnone wp-image-60202 \" src=\"https:\/\/www.heldenhaushalt.de\/sari02\/wp-content\/uploads\/2024\/01\/header2024-2.jpg\" alt=\"Avatar Ver&#228;nderungen\" width=\"445\" height=\"267\" srcset=\"https:\/\/www.heldenhaushalt.de\/sari02\/wp-content\/uploads\/2024\/01\/header2024-2.jpg 500w, https:\/\/www.heldenhaushalt.de\/sari02\/wp-content\/uploads\/2024\/01\/header2024-2-300x180.jpg 300w, https:\/\/www.heldenhaushalt.de\/sari02\/wp-content\/uploads\/2024\/01\/header2024-2-100x60.jpg 100w\" sizes=\"auto, (max-width: 445px) 100vw, 445px\" \/> <img loading=\"lazy\" decoding=\"async\" class=\"alignnone wp-image-60204\" src=\"https:\/\/www.heldenhaushalt.de\/sari02\/wp-content\/uploads\/2024\/01\/ava2024-pastell.jpg\" alt=\"Avatar Ver&#228;nderungen\" width=\"317\" height=\"308\"><\/p>\n<p>Wie gefallen sie euch und empfindet ihr sie als passend? Als N&#228;chstes werde ich den Kindern wohl auch mal ein Update verpassen m&#252;ssen, denn ihre Avatare sind ja noch &#228;lter als meine.<\/p>\n","protected":false},"excerpt":{"rendered":"<p>Ver&#228;nderung ist ein Thema, das ich hier im Blog immer wieder gerne anspreche. Ver&#228;nderungen, die eh eintreten, weil man die Schule beendet, in das Berufsleben eintritt, pl&#246;tzlich Eltern wird und allgemein das Leben eben immer wieder Ver&#228;nderungen mit sich bringt. Aber auch ich als Mensch habe mich in den letzten Jahren immer wieder ver&#228;ndert und versucht diese Dinge auch hier auf dem Blog sichtbar zu machen. In all den Jahren habe ich schon so manches mit dieser Seite angestellt. Sie war ganz schlicht, sie war ganz bunt, sie war auch mal tiefschwarz. Mal zeigte sie ganz viel von mir und mal bestand sie nur aus Zeichnungen. Im Laufe der Zeit habe ich gemerkt, dass schlicht gut ist und ohne Zeichnung es einfach nicht zu mir passt. Die Beitr&#228;ge enthalten genug Impressionen von mir und meinen Alltag, aber die Zeichnungen, die haben etwas von einem Wiedererkennungsmerkmal und so habe ich mich im Laufe der letzten Jahre wohl ziemlich auf das eingeschossen, was euch beim Betreten dieser Seite hier begr&#252;&#223;t: Ein relativ schlichtes Design kombiniert mit meinen Bildern. Das letzte Mal erneuerte ich die Zeichnungen nach meinem Haarexperiment Ich habe die Geschichte sicherlich schon einmal irgendwo erz&#228;hlt: Seit ich 22 Jahre alt bin habe ich damit zu k&#228;mpfen, dass ich wei&#223;e Haare bekomme. Aber nur auf dem Haupthaar, also oben auf dem Kopf. Wie ein Streifenh&#246;rnchen. Ansonsten hatte ich immer eher dunkelbraune bis kastanienbraune Haare, in denen sich so ein wei&#223; wachsender Streifen nat&#252;rlich ganz wunderbar erkennen l&#228;sst. Wenn man das so nicht haben will, dann muss man halt regelm&#228;&#223;ig f&#228;rben. &#196;tzend ist das, sage ich euch. Daher kam ich vor zwei Jahren auf die verr&#252;ckte Idee die Farbe aus meinen Haaren ziehen zu lassen, damit das grau und wei&#223; ganz nat&#252;rlich raus wachsen darf. Ich hatte keine Lust mehr alle drei Wochen nachf&#228;rben zu m&#252;ssen und Ansatz Spray ist auf Dauer auch eine eher schmutzige Sache, die die Haare irgendwie auch trocken macht. Also wurde die Farbe aus den Haare, die hell raus wachsen, gezogen und von da an lie&#223; ich alles, was nat&#252;rlich wei&#223; w&#228;re, einfach rauswachsen.&nbsp; An manchen Tagen fand ich diese L&#246;sung gut, anderen &#252;berhaupt nicht. Auf jeden Fall konnte ich mich eine Zeit lang gut damit identifizieren und passte das Design entsprechend an. Ich mag die Zeichnungen auch nach wie vor, aber es trat eine neue Phase bei mir ein. Ich war nicht mehr gl&#252;cklich damit&#8230; Das helle Haupthaar wirkte h&#228;ufig strohig und spr&#246;de, dazu war es ein Mischmasch aus blond, grau und wei&#223;, der einen starken Kontrast zu dem dunklen Haar darunter bildete. Auf manchen Fotos sah es schrecklich aus und auch der Blick in den Spiegel war zwiegespalten. Ausschlag gebend war etwas, was diesen Sommer eine Freundin zu mir sagte: &#8220;Du bist einfach zu jung f&#252;r graue Haare&#8221; und beim n&#228;chsten Blick in den Spiegel beschloss ich daran etwas zu &#228;ndern. Grunds&#228;tzlich finde ich wei&#223;es und graues Haar wirklich sch&#246;n und ich kenne viele, die das wirklich toll tragen k&#246;nnen. Problem bei mir ist einfach die Tatsache, dass nur ein Teil meiner Haare wei&#223; heraus w&#228;chst und ich dann wirklich wie ein Streifenh&#246;rnchen aussehe. Ich glaube, es w&#228;re wirklich noch einmal etwas anderes, wenn es wirklich alle Haare gleichm&#228;&#223;ig oder zumindest auf dem ganzen Kopf Str&#228;hnchen w&#228;ren. Ist aber nicht der Fall und so beschloss ich wieder mehr ich selbst zu werden. Nur nicht mehr ganz so dunkel wie fr&#252;her. Ich f&#228;rbte also wieder, aber in einer Kombination aus Mittelblond und Dunkelbraun, um an die nat&#252;rliche Farbe der restlichen Haare heranzukommen und dabei nicht wieder so extrem ins Dunkle zu gehen, wie fr&#252;her.&nbsp; Es mag albern klingen, und es ist nervig, dass ich nun wieder regelm&#228;&#223;iger nachf&#228;rben muss, aber es f&#252;hlt sich umso vieles mehr richtig an und deshalb war es wohl die richtige Entscheidung. Und so gibt es nach 2 Jahren nun wieder Ver&#228;nderungen auf dem Blog Nachdem das Wei&#223; und Grau nun im realen Leben wieder verschwunden ist, ist es auch an der Zeit das ebenfalls wieder im Design erkennbar zu machen. Dazu hatte ich bei der Gelegenheit euch neulich auf Facebook gefragt, an was f&#252;r Merkmale ihr denken m&#252;sst, wenn ihr an mich und den Heldenhaushalt denkt, um das vielleicht in die Zeichnungen wieder mit aufnehmen zu k&#246;nnen. Hier sind nun die Ergebnisse, die ich nach und nach in das Design einpflegen werde mit einigen kleinen farblichen Anpassungen.&nbsp; Wie gefallen sie euch und empfindet ihr sie als passend? Als N&#228;chstes werde ich den Kindern wohl auch mal ein Update verpassen m&#252;ssen, denn ihre Avatare sind ja noch &#228;lter als meine.<\/p>\n","protected":false},"author":1,"featured_media":60181,"comment_status":"open","ping_status":"open","sticky":false,"template":"","format":"standard","meta":{"ngg_post_thumbnail":0,"footnotes":""},"categories":[2210,1576,325],"tags":[336,3523,3524,1310,3525,222,383,825,1064],"class_list":["post-60192","post","type-post","status-publish","format-standard","has-post-thumbnail","hentry","category-featured","category-kreativ-2","category-kreativ","tag-veraenderung","tag-avatare","tag-blogdesign","tag-design","tag-identitaet","tag-kreativ","tag-malen","tag-veraenderungen","tag-zeichnungen"],"yoast_head":"<!-- This site is optimized with the Yoast SEO plugin v27.5 - https:\/\/yoast.com\/product\/yoast-seo-wordpress\/ -->\n<title>Zeit f\u00fcr Ver\u00e4nderungen - Neue Figuren f\u00fcr Heldenhaushalt - Heldenhaushalt<\/title>\n<meta name=\"description\" content=\"Ver\u00e4nderung ist ein Thema, das ich hier im Blog immer wieder gerne anspreche. Ver\u00e4nderungen, die eh eintreten, weil man die Schule...\" \/>\n<meta name=\"robots\" content=\"index, follow, max-snippet:-1, max-image-preview:large, max-video-preview:-1\" \/>\n<link rel=\"canonical\" href=\"https:\/\/www.heldenhaushalt.de\/sari02\/index.php\/2024\/01\/24\/zeit-fuer-veraenderungen-neue-figuren-fuer-heldenhaushalt\/\" \/>\n<meta property=\"og:locale\" content=\"de_DE\" \/>\n<meta property=\"og:type\" content=\"article\" \/>\n<meta property=\"og:title\" content=\"Zeit f\u00fcr Ver\u00e4nderungen - Neue Figuren f\u00fcr Heldenhaushalt - Heldenhaushalt\" \/>\n<meta property=\"og:description\" content=\"Ver\u00e4nderung ist ein Thema, das ich hier im Blog immer wieder gerne anspreche. Ver\u00e4nderungen, die eh eintreten, weil man die Schule...\" \/>\n<meta property=\"og:url\" content=\"https:\/\/www.heldenhaushalt.de\/sari02\/index.php\/2024\/01\/24\/zeit-fuer-veraenderungen-neue-figuren-fuer-heldenhaushalt\/\" \/>\n<meta property=\"og:site_name\" content=\"Heldenhaushalt\" \/>\n<meta property=\"article:published_time\" content=\"2024-01-24T09:00:00+00:00\" \/>\n<meta property=\"article:modified_time\" content=\"2024-03-21T11:18:42+00:00\" \/>\n<meta property=\"og:image\" content=\"https:\/\/www.heldenhaushalt.de\/sari02\/wp-content\/uploads\/2024\/01\/wib03-11.jpg\" \/>\n\t<meta property=\"og:image:width\" content=\"1000\" \/>\n\t<meta property=\"og:image:height\" content=\"721\" \/>\n\t<meta property=\"og:image:type\" content=\"image\/jpeg\" \/>\n<meta name=\"author\" content=\"Sari\" \/>\n<meta name=\"twitter:card\" content=\"summary_large_image\" \/>\n<meta name=\"twitter:creator\" content=\"@Heldenhaushalt\" \/>\n<meta name=\"twitter:site\" content=\"@Heldenhaushalt\" \/>\n<meta name=\"twitter:label1\" content=\"Verfasst von\" \/>\n\t<meta name=\"twitter:data1\" content=\"Sari\" \/>\n\t<meta name=\"twitter:label2\" content=\"Gesch\u00e4tzte Lesezeit\" \/>\n\t<meta name=\"twitter:data2\" content=\"6\u00a0Minuten\" \/>\n<script type=\"application\/ld+json\" class=\"yoast-schema-graph\">{\"@context\":\"https:\\\/\\\/schema.org\",\"@graph\":[{\"@type\":\"Article\",\"@id\":\"https:\\\/\\\/www.heldenhaushalt.de\\\/sari02\\\/index.php\\\/2024\\\/01\\\/24\\\/zeit-fuer-veraenderungen-neue-figuren-fuer-heldenhaushalt\\\/#article\",\"isPartOf\":{\"@id\":\"https:\\\/\\\/www.heldenhaushalt.de\\\/sari02\\\/index.php\\\/2024\\\/01\\\/24\\\/zeit-fuer-veraenderungen-neue-figuren-fuer-heldenhaushalt\\\/\"},\"author\":{\"name\":\"Sari\",\"@id\":\"https:\\\/\\\/www.heldenhaushalt.de\\\/sari02\\\/#\\\/schema\\\/person\\\/a1cc69f42a01f412eb62c151353814f6\"},\"headline\":\"Zeit f&#252;r Ver&#228;nderungen &#8211; Neue Figuren f&#252;r Heldenhaushalt\",\"datePublished\":\"2024-01-24T09:00:00+00:00\",\"dateModified\":\"2024-03-21T11:18:42+00:00\",\"mainEntityOfPage\":{\"@id\":\"https:\\\/\\\/www.heldenhaushalt.de\\\/sari02\\\/index.php\\\/2024\\\/01\\\/24\\\/zeit-fuer-veraenderungen-neue-figuren-fuer-heldenhaushalt\\\/\"},\"wordCount\":834,\"commentCount\":6,\"publisher\":{\"@id\":\"https:\\\/\\\/www.heldenhaushalt.de\\\/sari02\\\/#\\\/schema\\\/person\\\/a1cc69f42a01f412eb62c151353814f6\"},\"image\":{\"@id\":\"https:\\\/\\\/www.heldenhaushalt.de\\\/sari02\\\/index.php\\\/2024\\\/01\\\/24\\\/zeit-fuer-veraenderungen-neue-figuren-fuer-heldenhaushalt\\\/#primaryimage\"},\"thumbnailUrl\":\"https:\\\/\\\/www.heldenhaushalt.de\\\/sari02\\\/wp-content\\\/uploads\\\/2024\\\/01\\\/wib03-11.jpg\",\"keywords\":[\"#ver\u00e4nderung\",\"Avatare\",\"Blogdesign\",\"Design\",\"Identit\u00e4t\",\"Kreativ\",\"Malen\",\"Ver\u00e4nderungen\",\"Zeichnungen\"],\"articleSection\":[\"Featured\",\"Kreativ\",\"Zeichnen ist toll\"],\"inLanguage\":\"de\",\"potentialAction\":[{\"@type\":\"CommentAction\",\"name\":\"Comment\",\"target\":[\"https:\\\/\\\/www.heldenhaushalt.de\\\/sari02\\\/index.php\\\/2024\\\/01\\\/24\\\/zeit-fuer-veraenderungen-neue-figuren-fuer-heldenhaushalt\\\/#respond\"]}]},{\"@type\":\"WebPage\",\"@id\":\"https:\\\/\\\/www.heldenhaushalt.de\\\/sari02\\\/index.php\\\/2024\\\/01\\\/24\\\/zeit-fuer-veraenderungen-neue-figuren-fuer-heldenhaushalt\\\/\",\"url\":\"https:\\\/\\\/www.heldenhaushalt.de\\\/sari02\\\/index.php\\\/2024\\\/01\\\/24\\\/zeit-fuer-veraenderungen-neue-figuren-fuer-heldenhaushalt\\\/\",\"name\":\"Zeit f\u00fcr Ver\u00e4nderungen - Neue Figuren f\u00fcr Heldenhaushalt - Heldenhaushalt\",\"isPartOf\":{\"@id\":\"https:\\\/\\\/www.heldenhaushalt.de\\\/sari02\\\/#website\"},\"primaryImageOfPage\":{\"@id\":\"https:\\\/\\\/www.heldenhaushalt.de\\\/sari02\\\/index.php\\\/2024\\\/01\\\/24\\\/zeit-fuer-veraenderungen-neue-figuren-fuer-heldenhaushalt\\\/#primaryimage\"},\"image\":{\"@id\":\"https:\\\/\\\/www.heldenhaushalt.de\\\/sari02\\\/index.php\\\/2024\\\/01\\\/24\\\/zeit-fuer-veraenderungen-neue-figuren-fuer-heldenhaushalt\\\/#primaryimage\"},\"thumbnailUrl\":\"https:\\\/\\\/www.heldenhaushalt.de\\\/sari02\\\/wp-content\\\/uploads\\\/2024\\\/01\\\/wib03-11.jpg\",\"datePublished\":\"2024-01-24T09:00:00+00:00\",\"dateModified\":\"2024-03-21T11:18:42+00:00\",\"description\":\"Ver\u00e4nderung ist ein Thema, das ich hier im Blog immer wieder gerne anspreche. Ver\u00e4nderungen, die eh eintreten, weil man die Schule...\",\"breadcrumb\":{\"@id\":\"https:\\\/\\\/www.heldenhaushalt.de\\\/sari02\\\/index.php\\\/2024\\\/01\\\/24\\\/zeit-fuer-veraenderungen-neue-figuren-fuer-heldenhaushalt\\\/#breadcrumb\"},\"inLanguage\":\"de\",\"potentialAction\":[{\"@type\":\"ReadAction\",\"target\":[\"https:\\\/\\\/www.heldenhaushalt.de\\\/sari02\\\/index.php\\\/2024\\\/01\\\/24\\\/zeit-fuer-veraenderungen-neue-figuren-fuer-heldenhaushalt\\\/\"]}]},{\"@type\":\"ImageObject\",\"inLanguage\":\"de\",\"@id\":\"https:\\\/\\\/www.heldenhaushalt.de\\\/sari02\\\/index.php\\\/2024\\\/01\\\/24\\\/zeit-fuer-veraenderungen-neue-figuren-fuer-heldenhaushalt\\\/#primaryimage\",\"url\":\"https:\\\/\\\/www.heldenhaushalt.de\\\/sari02\\\/wp-content\\\/uploads\\\/2024\\\/01\\\/wib03-11.jpg\",\"contentUrl\":\"https:\\\/\\\/www.heldenhaushalt.de\\\/sari02\\\/wp-content\\\/uploads\\\/2024\\\/01\\\/wib03-11.jpg\",\"width\":1000,\"height\":721,\"caption\":\"Erste Entw\u00fcrfe f\u00fcr das neue Design\"},{\"@type\":\"BreadcrumbList\",\"@id\":\"https:\\\/\\\/www.heldenhaushalt.de\\\/sari02\\\/index.php\\\/2024\\\/01\\\/24\\\/zeit-fuer-veraenderungen-neue-figuren-fuer-heldenhaushalt\\\/#breadcrumb\",\"itemListElement\":[{\"@type\":\"ListItem\",\"position\":1,\"name\":\"Startseite\",\"item\":\"https:\\\/\\\/www.heldenhaushalt.de\\\/sari02\\\/\"},{\"@type\":\"ListItem\",\"position\":2,\"name\":\"Zeit f&#252;r Ver&#228;nderungen &#8211; Neue Figuren f&#252;r Heldenhaushalt\"}]},{\"@type\":\"WebSite\",\"@id\":\"https:\\\/\\\/www.heldenhaushalt.de\\\/sari02\\\/#website\",\"url\":\"https:\\\/\\\/www.heldenhaushalt.de\\\/sari02\\\/\",\"name\":\"Heldenhaushalt\",\"description\":\"Wer es ordentlich haben will, der muss vorher anrufen\",\"publisher\":{\"@id\":\"https:\\\/\\\/www.heldenhaushalt.de\\\/sari02\\\/#\\\/schema\\\/person\\\/a1cc69f42a01f412eb62c151353814f6\"},\"potentialAction\":[{\"@type\":\"SearchAction\",\"target\":{\"@type\":\"EntryPoint\",\"urlTemplate\":\"https:\\\/\\\/www.heldenhaushalt.de\\\/sari02\\\/?s={search_term_string}\"},\"query-input\":{\"@type\":\"PropertyValueSpecification\",\"valueRequired\":true,\"valueName\":\"search_term_string\"}}],\"inLanguage\":\"de\"},{\"@type\":[\"Person\",\"Organization\"],\"@id\":\"https:\\\/\\\/www.heldenhaushalt.de\\\/sari02\\\/#\\\/schema\\\/person\\\/a1cc69f42a01f412eb62c151353814f6\",\"name\":\"Sari\",\"image\":{\"@type\":\"ImageObject\",\"inLanguage\":\"de\",\"@id\":\"https:\\\/\\\/www.heldenhaushalt.de\\\/sari02\\\/wp-content\\\/uploads\\\/2019\\\/02\\\/sari-april2018.png\",\"url\":\"https:\\\/\\\/www.heldenhaushalt.de\\\/sari02\\\/wp-content\\\/uploads\\\/2019\\\/02\\\/sari-april2018.png\",\"contentUrl\":\"https:\\\/\\\/www.heldenhaushalt.de\\\/sari02\\\/wp-content\\\/uploads\\\/2019\\\/02\\\/sari-april2018.png\",\"width\":500,\"height\":500,\"caption\":\"Sari\"},\"logo\":{\"@id\":\"https:\\\/\\\/www.heldenhaushalt.de\\\/sari02\\\/wp-content\\\/uploads\\\/2019\\\/02\\\/sari-april2018.png\"},\"description\":\"Frau Mondgras \u2013 Das bin ich, Sari. Gerne auch als Sari Mondgras bekannt und im Internet zu finden. 2-Fach-Mutter, Heldenehefrau, Kreativling, Harmonies\u00fcchtig und st\u00e4ndig auf der Suche nach Gl\u00fcck. Ich komme aus Berlin, bin hier aufgewachsen und lebe hier seit ich denken kann.\",\"sameAs\":[\"https:\\\/\\\/www.instagram.com\\\/heldenhaushalt\\\/\"],\"url\":\"https:\\\/\\\/www.heldenhaushalt.de\\\/sari02\\\/index.php\\\/author\\\/admin\\\/\"}]}<\/script>\n<!-- \/ Yoast SEO plugin. -->","yoast_head_json":{"title":"Zeit f\u00fcr Ver\u00e4nderungen - Neue Figuren f\u00fcr Heldenhaushalt - Heldenhaushalt","description":"Ver\u00e4nderung ist ein Thema, das ich hier im Blog immer wieder gerne anspreche. Ver\u00e4nderungen, die eh eintreten, weil man die Schule...","robots":{"index":"index","follow":"follow","max-snippet":"max-snippet:-1","max-image-preview":"max-image-preview:large","max-video-preview":"max-video-preview:-1"},"canonical":"https:\/\/www.heldenhaushalt.de\/sari02\/index.php\/2024\/01\/24\/zeit-fuer-veraenderungen-neue-figuren-fuer-heldenhaushalt\/","og_locale":"de_DE","og_type":"article","og_title":"Zeit f\u00fcr Ver\u00e4nderungen - Neue Figuren f\u00fcr Heldenhaushalt - Heldenhaushalt","og_description":"Ver\u00e4nderung ist ein Thema, das ich hier im Blog immer wieder gerne anspreche. Ver\u00e4nderungen, die eh eintreten, weil man die Schule...","og_url":"https:\/\/www.heldenhaushalt.de\/sari02\/index.php\/2024\/01\/24\/zeit-fuer-veraenderungen-neue-figuren-fuer-heldenhaushalt\/","og_site_name":"Heldenhaushalt","article_published_time":"2024-01-24T09:00:00+00:00","article_modified_time":"2024-03-21T11:18:42+00:00","og_image":[{"width":1000,"height":721,"url":"https:\/\/www.heldenhaushalt.de\/sari02\/wp-content\/uploads\/2024\/01\/wib03-11.jpg","type":"image\/jpeg"}],"author":"Sari","twitter_card":"summary_large_image","twitter_creator":"@Heldenhaushalt","twitter_site":"@Heldenhaushalt","twitter_misc":{"Verfasst von":"Sari","Gesch\u00e4tzte Lesezeit":"6\u00a0Minuten"},"schema":{"@context":"https:\/\/schema.org","@graph":[{"@type":"Article","@id":"https:\/\/www.heldenhaushalt.de\/sari02\/index.php\/2024\/01\/24\/zeit-fuer-veraenderungen-neue-figuren-fuer-heldenhaushalt\/#article","isPartOf":{"@id":"https:\/\/www.heldenhaushalt.de\/sari02\/index.php\/2024\/01\/24\/zeit-fuer-veraenderungen-neue-figuren-fuer-heldenhaushalt\/"},"author":{"name":"Sari","@id":"https:\/\/www.heldenhaushalt.de\/sari02\/#\/schema\/person\/a1cc69f42a01f412eb62c151353814f6"},"headline":"Zeit f&#252;r Ver&#228;nderungen &#8211; Neue Figuren f&#252;r Heldenhaushalt","datePublished":"2024-01-24T09:00:00+00:00","dateModified":"2024-03-21T11:18:42+00:00","mainEntityOfPage":{"@id":"https:\/\/www.heldenhaushalt.de\/sari02\/index.php\/2024\/01\/24\/zeit-fuer-veraenderungen-neue-figuren-fuer-heldenhaushalt\/"},"wordCount":834,"commentCount":6,"publisher":{"@id":"https:\/\/www.heldenhaushalt.de\/sari02\/#\/schema\/person\/a1cc69f42a01f412eb62c151353814f6"},"image":{"@id":"https:\/\/www.heldenhaushalt.de\/sari02\/index.php\/2024\/01\/24\/zeit-fuer-veraenderungen-neue-figuren-fuer-heldenhaushalt\/#primaryimage"},"thumbnailUrl":"https:\/\/www.heldenhaushalt.de\/sari02\/wp-content\/uploads\/2024\/01\/wib03-11.jpg","keywords":["#ver\u00e4nderung","Avatare","Blogdesign","Design","Identit\u00e4t","Kreativ","Malen","Ver\u00e4nderungen","Zeichnungen"],"articleSection":["Featured","Kreativ","Zeichnen ist toll"],"inLanguage":"de","potentialAction":[{"@type":"CommentAction","name":"Comment","target":["https:\/\/www.heldenhaushalt.de\/sari02\/index.php\/2024\/01\/24\/zeit-fuer-veraenderungen-neue-figuren-fuer-heldenhaushalt\/#respond"]}]},{"@type":"WebPage","@id":"https:\/\/www.heldenhaushalt.de\/sari02\/index.php\/2024\/01\/24\/zeit-fuer-veraenderungen-neue-figuren-fuer-heldenhaushalt\/","url":"https:\/\/www.heldenhaushalt.de\/sari02\/index.php\/2024\/01\/24\/zeit-fuer-veraenderungen-neue-figuren-fuer-heldenhaushalt\/","name":"Zeit f\u00fcr Ver\u00e4nderungen - Neue Figuren f\u00fcr Heldenhaushalt - Heldenhaushalt","isPartOf":{"@id":"https:\/\/www.heldenhaushalt.de\/sari02\/#website"},"primaryImageOfPage":{"@id":"https:\/\/www.heldenhaushalt.de\/sari02\/index.php\/2024\/01\/24\/zeit-fuer-veraenderungen-neue-figuren-fuer-heldenhaushalt\/#primaryimage"},"image":{"@id":"https:\/\/www.heldenhaushalt.de\/sari02\/index.php\/2024\/01\/24\/zeit-fuer-veraenderungen-neue-figuren-fuer-heldenhaushalt\/#primaryimage"},"thumbnailUrl":"https:\/\/www.heldenhaushalt.de\/sari02\/wp-content\/uploads\/2024\/01\/wib03-11.jpg","datePublished":"2024-01-24T09:00:00+00:00","dateModified":"2024-03-21T11:18:42+00:00","description":"Ver\u00e4nderung ist ein Thema, das ich hier im Blog immer wieder gerne anspreche. Ver\u00e4nderungen, die eh eintreten, weil man die Schule...","breadcrumb":{"@id":"https:\/\/www.heldenhaushalt.de\/sari02\/index.php\/2024\/01\/24\/zeit-fuer-veraenderungen-neue-figuren-fuer-heldenhaushalt\/#breadcrumb"},"inLanguage":"de","potentialAction":[{"@type":"ReadAction","target":["https:\/\/www.heldenhaushalt.de\/sari02\/index.php\/2024\/01\/24\/zeit-fuer-veraenderungen-neue-figuren-fuer-heldenhaushalt\/"]}]},{"@type":"ImageObject","inLanguage":"de","@id":"https:\/\/www.heldenhaushalt.de\/sari02\/index.php\/2024\/01\/24\/zeit-fuer-veraenderungen-neue-figuren-fuer-heldenhaushalt\/#primaryimage","url":"https:\/\/www.heldenhaushalt.de\/sari02\/wp-content\/uploads\/2024\/01\/wib03-11.jpg","contentUrl":"https:\/\/www.heldenhaushalt.de\/sari02\/wp-content\/uploads\/2024\/01\/wib03-11.jpg","width":1000,"height":721,"caption":"Erste Entw\u00fcrfe f\u00fcr das neue Design"},{"@type":"BreadcrumbList","@id":"https:\/\/www.heldenhaushalt.de\/sari02\/index.php\/2024\/01\/24\/zeit-fuer-veraenderungen-neue-figuren-fuer-heldenhaushalt\/#breadcrumb","itemListElement":[{"@type":"ListItem","position":1,"name":"Startseite","item":"https:\/\/www.heldenhaushalt.de\/sari02\/"},{"@type":"ListItem","position":2,"name":"Zeit f&#252;r Ver&#228;nderungen &#8211; Neue Figuren f&#252;r Heldenhaushalt"}]},{"@type":"WebSite","@id":"https:\/\/www.heldenhaushalt.de\/sari02\/#website","url":"https:\/\/www.heldenhaushalt.de\/sari02\/","name":"Heldenhaushalt","description":"Wer es ordentlich haben will, der muss vorher anrufen","publisher":{"@id":"https:\/\/www.heldenhaushalt.de\/sari02\/#\/schema\/person\/a1cc69f42a01f412eb62c151353814f6"},"potentialAction":[{"@type":"SearchAction","target":{"@type":"EntryPoint","urlTemplate":"https:\/\/www.heldenhaushalt.de\/sari02\/?s={search_term_string}"},"query-input":{"@type":"PropertyValueSpecification","valueRequired":true,"valueName":"search_term_string"}}],"inLanguage":"de"},{"@type":["Person","Organization"],"@id":"https:\/\/www.heldenhaushalt.de\/sari02\/#\/schema\/person\/a1cc69f42a01f412eb62c151353814f6","name":"Sari","image":{"@type":"ImageObject","inLanguage":"de","@id":"https:\/\/www.heldenhaushalt.de\/sari02\/wp-content\/uploads\/2019\/02\/sari-april2018.png","url":"https:\/\/www.heldenhaushalt.de\/sari02\/wp-content\/uploads\/2019\/02\/sari-april2018.png","contentUrl":"https:\/\/www.heldenhaushalt.de\/sari02\/wp-content\/uploads\/2019\/02\/sari-april2018.png","width":500,"height":500,"caption":"Sari"},"logo":{"@id":"https:\/\/www.heldenhaushalt.de\/sari02\/wp-content\/uploads\/2019\/02\/sari-april2018.png"},"description":"Frau Mondgras \u2013 Das bin ich, Sari. Gerne auch als Sari Mondgras bekannt und im Internet zu finden. 2-Fach-Mutter, Heldenehefrau, Kreativling, Harmonies\u00fcchtig und st\u00e4ndig auf der Suche nach Gl\u00fcck. Ich komme aus Berlin, bin hier aufgewachsen und lebe hier seit ich denken kann.","sameAs":["https:\/\/www.instagram.com\/heldenhaushalt\/"],"url":"https:\/\/www.heldenhaushalt.de\/sari02\/index.php\/author\/admin\/"}]}},"views":1805,"_links":{"self":[{"href":"https:\/\/www.heldenhaushalt.de\/sari02\/index.php\/wp-json\/wp\/v2\/posts\/60192","targetHints":{"allow":["GET"]}}],"collection":[{"href":"https:\/\/www.heldenhaushalt.de\/sari02\/index.php\/wp-json\/wp\/v2\/posts"}],"about":[{"href":"https:\/\/www.heldenhaushalt.de\/sari02\/index.php\/wp-json\/wp\/v2\/types\/post"}],"author":[{"embeddable":true,"href":"https:\/\/www.heldenhaushalt.de\/sari02\/index.php\/wp-json\/wp\/v2\/users\/1"}],"replies":[{"embeddable":true,"href":"https:\/\/www.heldenhaushalt.de\/sari02\/index.php\/wp-json\/wp\/v2\/comments?post=60192"}],"version-history":[{"count":4,"href":"https:\/\/www.heldenhaushalt.de\/sari02\/index.php\/wp-json\/wp\/v2\/posts\/60192\/revisions"}],"predecessor-version":[{"id":60207,"href":"https:\/\/www.heldenhaushalt.de\/sari02\/index.php\/wp-json\/wp\/v2\/posts\/60192\/revisions\/60207"}],"wp:featuredmedia":[{"embeddable":true,"href":"https:\/\/www.heldenhaushalt.de\/sari02\/index.php\/wp-json\/wp\/v2\/media\/60181"}],"wp:attachment":[{"href":"https:\/\/www.heldenhaushalt.de\/sari02\/index.php\/wp-json\/wp\/v2\/media?parent=60192"}],"wp:term":[{"taxonomy":"category","embeddable":true,"href":"https:\/\/www.heldenhaushalt.de\/sari02\/index.php\/wp-json\/wp\/v2\/categories?post=60192"},{"taxonomy":"post_tag","embeddable":true,"href":"https:\/\/www.heldenhaushalt.de\/sari02\/index.php\/wp-json\/wp\/v2\/tags?post=60192"}],"curies":[{"name":"wp","href":"https:\/\/api.w.org\/{rel}","templated":true}]}}