{"id":60370,"date":"2024-02-16T10:07:00","date_gmt":"2024-02-16T09:07:00","guid":{"rendered":"https:\/\/www.heldenhaushalt.de\/sari02\/?p=60370"},"modified":"2024-02-16T10:07:00","modified_gmt":"2024-02-16T09:07:00","slug":"unsere-wochenlieblinge-072024","status":"publish","type":"post","link":"https:\/\/www.heldenhaushalt.de\/sari02\/index.php\/2024\/02\/16\/unsere-wochenlieblinge-072024\/","title":{"rendered":"Unsere Wochenlieblinge 07\/2024 &#8211; Ganz viel Mittagsschlaf"},"content":{"rendered":"<p style=\"text-align: right;\"><small>Enth&#228;lt (unbezahlte) Werbung*<\/small><\/p>\n<p>Wochenende und man bin ich froh. Nachdem ich <a href=\"https:\/\/www.heldenhaushalt.de\/sari02\/index.php\/2024\/02\/09\/unsere-wochenlieblinge-062024\/\">letzte Woche noch<\/a> dar&#252;ber klagte, dass mein Wohlf&#252;hltag schnell in einem Krankenlager endete, sah es diese Woche leider nicht viel besser aus. W&#228;hrend wir das eine Krankenlager irgendwie mehr oder weniger in den Griff bekommen hatten (mit ein paar Nachwehen), muss ich mir am letzten Wochenende eine fette Erk&#228;ltung eingefangen haben, die Montag direkt ihren Anfang fand und sich &#252;ber die Woche hinweg entwickelte. Selten habe ich so viel geschlafen, wie in dieser Woche. Eigentlich habe ich t&#228;glich eine Art Mittagsschlaf gemacht und bin dennoch abends normal eingeschlafen. Aber das zeigt auch nur, dass der K&#246;rper das dringend n&#246;tig hatte und somit kann ich es wohl getrost auch unter Wochenlieblinge verbuchen&#8230; oder?<\/p>\n<h2><span id=\"Unsere_Wochenlieblinge_in_dieser_Woche\">Unsere Wochenlieblinge in dieser Woche\u2026<\/span><\/h2>\n<p>Und dabei war die Woche an sich ja eigentlich voller kleiner &#8220;Feiertage&#8221;, wenn man es so nennen m&#246;chte, oder? Verschiedene kleine Besonderheiten standen an.<\/p>\n<figure id=\"attachment_60373\" aria-describedby=\"caption-attachment-60373\" style=\"width: 1000px\" class=\"wp-caption alignnone\"><img loading=\"lazy\" decoding=\"async\" class=\"size-full wp-image-60373\" src=\"https:\/\/www.heldenhaushalt.de\/sari02\/wp-content\/uploads\/2024\/02\/07-02.jpg\" alt=\"Wochenlieblinge\" width=\"1000\" height=\"629\" srcset=\"https:\/\/www.heldenhaushalt.de\/sari02\/wp-content\/uploads\/2024\/02\/07-02.jpg 1000w, https:\/\/www.heldenhaushalt.de\/sari02\/wp-content\/uploads\/2024\/02\/07-02-300x189.jpg 300w, https:\/\/www.heldenhaushalt.de\/sari02\/wp-content\/uploads\/2024\/02\/07-02-768x483.jpg 768w, https:\/\/www.heldenhaushalt.de\/sari02\/wp-content\/uploads\/2024\/02\/07-02-320x200.jpg 320w, https:\/\/www.heldenhaushalt.de\/sari02\/wp-content\/uploads\/2024\/02\/07-02-95x60.jpg 95w\" sizes=\"auto, (max-width: 1000px) 100vw, 1000px\" \/><figcaption id=\"caption-attachment-60373\" class=\"wp-caption-text\">Katzen belagern meinen Platz<\/figcaption><\/figure>\n<p>Ich schlug aber schon zu Beginn der Woche einen kleinen Schlafplatz im Wohnzimmer f&#252;r mich auf, wo ich mich immer wieder mal hinlegen konnte. Leider wurde der nur st&#228;ndig durch die Katzen belegt.<\/p>\n<figure id=\"attachment_60350\" aria-describedby=\"caption-attachment-60350\" style=\"width: 1000px\" class=\"wp-caption alignnone\"><img loading=\"lazy\" decoding=\"async\" class=\"size-full wp-image-60350\" src=\"https:\/\/www.heldenhaushalt.de\/sari02\/wp-content\/uploads\/2024\/02\/02-02.jpg\" alt=\"#12von12\" width=\"1000\" height=\"688\" srcset=\"https:\/\/www.heldenhaushalt.de\/sari02\/wp-content\/uploads\/2024\/02\/02-02.jpg 1000w, https:\/\/www.heldenhaushalt.de\/sari02\/wp-content\/uploads\/2024\/02\/02-02-300x206.jpg 300w, https:\/\/www.heldenhaushalt.de\/sari02\/wp-content\/uploads\/2024\/02\/02-02-768x528.jpg 768w, https:\/\/www.heldenhaushalt.de\/sari02\/wp-content\/uploads\/2024\/02\/02-02-87x60.jpg 87w\" sizes=\"auto, (max-width: 1000px) 100vw, 1000px\" \/><figcaption id=\"caption-attachment-60350\" class=\"wp-caption-text\">Ich h&#252;pfe von einem Krankenlager zum n&#228;chsten<\/figcaption><\/figure>\n<p>Ein kleiner <a href=\"https:\/\/www.heldenhaushalt.de\/sari02\/index.php\/2024\/02\/13\/12von12-im-februar-2024\/\">R&#252;ckblick aus den #12von12<\/a>, die ja auch am Montag waren. Da zeichnete sich schon im Laufe des Vormittags ab, dass der Tag nicht so angenehm verlaufen w&#252;rde. Dabei hatte der kleine Sohn noch einen Zahnarzttermin an diesem Tag. Aber irgendwie wuppten wir das alles.<\/p>\n<figure id=\"attachment_60374\" aria-describedby=\"caption-attachment-60374\" style=\"width: 1000px\" class=\"wp-caption alignnone\"><img loading=\"lazy\" decoding=\"async\" class=\"size-full wp-image-60374\" src=\"https:\/\/www.heldenhaushalt.de\/sari02\/wp-content\/uploads\/2024\/02\/07-03.jpg\" alt=\"Fasching\" width=\"1000\" height=\"760\" srcset=\"https:\/\/www.heldenhaushalt.de\/sari02\/wp-content\/uploads\/2024\/02\/07-03.jpg 1000w, https:\/\/www.heldenhaushalt.de\/sari02\/wp-content\/uploads\/2024\/02\/07-03-300x228.jpg 300w, https:\/\/www.heldenhaushalt.de\/sari02\/wp-content\/uploads\/2024\/02\/07-03-768x584.jpg 768w, https:\/\/www.heldenhaushalt.de\/sari02\/wp-content\/uploads\/2024\/02\/07-03-79x60.jpg 79w\" sizes=\"auto, (max-width: 1000px) 100vw, 1000px\" \/><figcaption id=\"caption-attachment-60374\" class=\"wp-caption-text\">Fasching in der Schule<\/figcaption><\/figure>\n<p>Dienstag war dann Fasching in der Schule und der Sohn konnte endlich sein geliebtes <a href=\"https:\/\/amzn.to\/49D6Nag\" target=\"_blank\" rel=\"nofollow noopener\">Minecraft Kost&#252;m<\/a> <small>(Affiliate Link)<\/small> anziehen, das wir dieses Jahr ausnahmsweise mal rechtzeitig besorgt hatten. Da Schwerter und dergleichen in der Schule nicht erlaubt waren, durfte stattdessen ein Minecraft-Pl&#252;schi mitkommen.&nbsp;<\/p>\n<figure id=\"attachment_60375\" aria-describedby=\"caption-attachment-60375\" style=\"width: 1000px\" class=\"wp-caption alignnone\"><img loading=\"lazy\" decoding=\"async\" class=\"size-full wp-image-60375\" src=\"https:\/\/www.heldenhaushalt.de\/sari02\/wp-content\/uploads\/2024\/02\/07-04.jpg\" alt=\"Wochenlieblinge\" width=\"1000\" height=\"744\" srcset=\"https:\/\/www.heldenhaushalt.de\/sari02\/wp-content\/uploads\/2024\/02\/07-04.jpg 1000w, https:\/\/www.heldenhaushalt.de\/sari02\/wp-content\/uploads\/2024\/02\/07-04-300x223.jpg 300w, https:\/\/www.heldenhaushalt.de\/sari02\/wp-content\/uploads\/2024\/02\/07-04-768x571.jpg 768w, https:\/\/www.heldenhaushalt.de\/sari02\/wp-content\/uploads\/2024\/02\/07-04-81x60.jpg 81w\" sizes=\"auto, (max-width: 1000px) 100vw, 1000px\" \/><figcaption id=\"caption-attachment-60375\" class=\"wp-caption-text\">Valentinstag &#8211; Ich bekomme tats&#228;chlich Blumen<\/figcaption><\/figure>\n<p>Mittwoch war dann Valentinstag. Den feiern wir hier eigentlich so gar nicht. Haben wir auch irgendwie nie so richtig (genau wie unseren Hochzeitstag), weil wir irgendwie entweder nicht so richtig dran denken oder dazu kommen. Aber wir legen auch keinen gro&#223;en Wert drauf, insofern ist das absolut in Ordnung. Dennoch gab es Blumen f&#252;r mich und zwar vom gro&#223;en Sohn, dem das extrem wichtig war. Daher ging er nach der Schule zu einem Blumenladen und &#252;berraschte mich damit, dass er welche f&#252;r mich gekauft hatte.<\/p>\n<h2><span id=\"Zeit_fur_die_Freitagsfragen\">Zeit f&#252;r die Freitagsfragen!<\/span><\/h2>\n<p>Die restliche Woche bestand aus gesund werden und Training der Kinder neben Schule und Alltag. Daher habe ich dieses Mal gar nicht so viel zu erz&#228;hlen und zu zeigen. Ich habe einfach die meiste Zeit verschlafen&#8230;<\/p>\n<p><strong>Und zum Abschluss auch dieses Mal wieder Wochenlieblinge mit dem&nbsp;<a href=\"https:\/\/scrapimpulse.com\/2024\/02\/freitagstipps-freitagsfueller-769\/\" target=\"_blank\" rel=\"noopener\">Freitagsf&#252;ller von Babara<\/a>.<\/strong><\/p>\n<p><strong>1.<\/strong> Momentan verhindert <span style=\"color: #800080;\">mein Gesundheitszustand, dass ich so sportlich aktiv sein kann, wie ich gerne w&#252;rde<\/span>.<br \/>\n<strong>2.<\/strong> <span style=\"color: #800080;\">Bei mir hilft immer etwas Bewegung an der frischen Luft<\/span> gegen das Nachmittagstief.<br \/>\n<strong>3.<\/strong> Am liebsten <span style=\"color: #800080;\">w&#228;re ich jetzt im Disneyland oder am Meer<\/span>.<br \/>\n<strong>4.<\/strong> <span style=\"color: #800080;\">Diese st&#228;ndige Angst und Unsicherheit<\/span>, muss das denn sein?<br \/>\n<strong>5.<\/strong> Ich bin dankbar <span style=\"color: #800080;\">f&#252;r bestimmte Menschen in meinem Leben, die so manches ertr&#228;glicher machen<\/span>.<br \/>\n<strong>6.<\/strong> <span style=\"color: #800080;\">Eine Reise<\/span> w&#252;rde ich mir w&#252;nschen, wenn ich morgen Geburtstag h&#228;tte.<br \/>\n<strong>7.<\/strong> Was das Wochenende angeht, heute Abend freue ich mich auf <span style=\"color: #800080;\">das Finale bei Lego Masters mit dem kleinen Sohn<\/span>, morgen habe ich geplant, <span style=\"color: #800080;\">viel zu schaffen<\/span> und Sonntag m&#246;chte ich <span style=\"color: #800080;\">endlich gesund sein und wieder etwas Yoga machen<\/span>!<\/p>\n<p><small><strong>*Anmerkung:<\/strong>&nbsp;Der Artikel &#252;ber unsere Wochenlieblinge enth&#228;lt evtl. Bilder mit Produkten, die wir in unserem Alltag nutzen oder Linkempfehlungen. Wir haben keine Bezahlung f&#252;r das Zeigen oder Nutzen derselbigen erhalten. Affiliate Links sind als solche markiert.<\/small><\/p>\n","protected":false},"excerpt":{"rendered":"<p>Enth&#228;lt (unbezahlte) Werbung* Wochenende und man bin ich froh. Nachdem ich letzte Woche noch dar&#252;ber klagte, dass mein Wohlf&#252;hltag schnell in einem Krankenlager endete, sah es diese Woche leider nicht viel besser aus. W&#228;hrend wir das eine Krankenlager irgendwie mehr oder weniger in den Griff bekommen hatten (mit ein paar Nachwehen), muss ich mir am letzten Wochenende eine fette Erk&#228;ltung eingefangen haben, die Montag direkt ihren Anfang fand und sich &#252;ber die Woche hinweg entwickelte. Selten habe ich so viel geschlafen, wie in dieser Woche. Eigentlich habe ich t&#228;glich eine Art Mittagsschlaf gemacht und bin dennoch abends normal eingeschlafen. Aber das zeigt auch nur, dass der K&#246;rper das dringend n&#246;tig hatte und somit kann ich es wohl getrost auch unter Wochenlieblinge verbuchen&#8230; oder? Unsere Wochenlieblinge in dieser Woche\u2026 Und dabei war die Woche an sich ja eigentlich voller kleiner &#8220;Feiertage&#8221;, wenn man es so nennen m&#246;chte, oder? Verschiedene kleine Besonderheiten standen an. Ich schlug aber schon zu Beginn der Woche einen kleinen Schlafplatz im Wohnzimmer f&#252;r mich auf, wo ich mich immer wieder mal hinlegen konnte. Leider wurde der nur st&#228;ndig durch die Katzen belegt. Ein kleiner R&#252;ckblick aus den #12von12, die ja auch am Montag waren. Da zeichnete sich schon im Laufe des Vormittags ab, dass der Tag nicht so angenehm verlaufen w&#252;rde. Dabei hatte der kleine Sohn noch einen Zahnarzttermin an diesem Tag. Aber irgendwie wuppten wir das alles. Dienstag war dann Fasching in der Schule und der Sohn konnte endlich sein geliebtes Minecraft Kost&#252;m (Affiliate Link) anziehen, das wir dieses Jahr ausnahmsweise mal rechtzeitig besorgt hatten. Da Schwerter und dergleichen in der Schule nicht erlaubt waren, durfte stattdessen ein Minecraft-Pl&#252;schi mitkommen.&nbsp; Mittwoch war dann Valentinstag. Den feiern wir hier eigentlich so gar nicht. Haben wir auch irgendwie nie so richtig (genau wie unseren Hochzeitstag), weil wir irgendwie entweder nicht so richtig dran denken oder dazu kommen. Aber wir legen auch keinen gro&#223;en Wert drauf, insofern ist das absolut in Ordnung. Dennoch gab es Blumen f&#252;r mich und zwar vom gro&#223;en Sohn, dem das extrem wichtig war. Daher ging er nach der Schule zu einem Blumenladen und &#252;berraschte mich damit, dass er welche f&#252;r mich gekauft hatte. Zeit f&#252;r die Freitagsfragen! Die restliche Woche bestand aus gesund werden und Training der Kinder neben Schule und Alltag. Daher habe ich dieses Mal gar nicht so viel zu erz&#228;hlen und zu zeigen. Ich habe einfach die meiste Zeit verschlafen&#8230; Und zum Abschluss auch dieses Mal wieder Wochenlieblinge mit dem&nbsp;Freitagsf&#252;ller von Babara. 1. Momentan verhindert mein Gesundheitszustand, dass ich so sportlich aktiv sein kann, wie ich gerne w&#252;rde. 2. Bei mir hilft immer etwas Bewegung an der frischen Luft gegen das Nachmittagstief. 3. Am liebsten w&#228;re ich jetzt im Disneyland oder am Meer. 4. Diese st&#228;ndige Angst und Unsicherheit, muss das denn sein? 5. Ich bin dankbar f&#252;r bestimmte Menschen in meinem Leben, die so manches ertr&#228;glicher machen. 6. Eine Reise w&#252;rde ich mir w&#252;nschen, wenn ich morgen Geburtstag h&#228;tte. 7. Was das Wochenende angeht, heute Abend freue ich mich auf das Finale bei Lego Masters mit dem kleinen Sohn, morgen habe ich geplant, viel zu schaffen und Sonntag m&#246;chte ich endlich gesund sein und wieder etwas Yoga machen! *Anmerkung:&nbsp;Der Artikel &#252;ber unsere Wochenlieblinge enth&#228;lt evtl. Bilder mit Produkten, die wir in unserem Alltag nutzen oder Linkempfehlungen. Wir haben keine Bezahlung f&#252;r das Zeigen oder Nutzen derselbigen erhalten. Affiliate Links sind als solche markiert.<\/p>\n","protected":false},"author":1,"featured_media":60372,"comment_status":"open","ping_status":"open","sticky":false,"template":"","format":"standard","meta":{"ngg_post_thumbnail":0,"footnotes":""},"categories":[49,3494],"tags":[781,571,3125,848,2868,2161],"class_list":["post-60370","post","type-post","status-publish","format-standard","has-post-thumbnail","hentry","category-blogspaehre","category-rueckblick","tag-freitagslieblinge","tag-fasching","tag-freitagsfueller","tag-krankenlager","tag-valentinstag","tag-wochenlieblinge"],"yoast_head":"<!-- This site is optimized with the Yoast SEO plugin v27.5 - https:\/\/yoast.com\/product\/yoast-seo-wordpress\/ -->\n<title>Unsere Wochenlieblinge 07\/2024 - Ganz viel Mittagsschlaf - Heldenhaushalt<\/title>\n<meta name=\"description\" content=\"..., dass der K\u00f6rper das dringend n\u00f6tig hatte und somit kann ich es wohl getrost auch unter Wochenlieblinge verbuchen... oder?\" \/>\n<meta name=\"robots\" content=\"index, follow, max-snippet:-1, max-image-preview:large, max-video-preview:-1\" \/>\n<link rel=\"canonical\" href=\"https:\/\/www.heldenhaushalt.de\/sari02\/index.php\/2024\/02\/16\/unsere-wochenlieblinge-072024\/\" \/>\n<meta property=\"og:locale\" content=\"de_DE\" \/>\n<meta property=\"og:type\" content=\"article\" \/>\n<meta property=\"og:title\" content=\"Unsere Wochenlieblinge 07\/2024 - Ganz viel Mittagsschlaf - Heldenhaushalt\" \/>\n<meta property=\"og:description\" content=\"..., dass der K\u00f6rper das dringend n\u00f6tig hatte und somit kann ich es wohl getrost auch unter Wochenlieblinge verbuchen... oder?\" \/>\n<meta property=\"og:url\" content=\"https:\/\/www.heldenhaushalt.de\/sari02\/index.php\/2024\/02\/16\/unsere-wochenlieblinge-072024\/\" \/>\n<meta property=\"og:site_name\" content=\"Heldenhaushalt\" \/>\n<meta property=\"article:published_time\" content=\"2024-02-16T09:07:00+00:00\" \/>\n<meta property=\"og:image\" content=\"https:\/\/www.heldenhaushalt.de\/sari02\/wp-content\/uploads\/2024\/02\/07-01.jpg\" \/>\n\t<meta property=\"og:image:width\" content=\"1000\" \/>\n\t<meta property=\"og:image:height\" content=\"759\" \/>\n\t<meta property=\"og:image:type\" content=\"image\/jpeg\" \/>\n<meta name=\"author\" content=\"Sari\" \/>\n<meta name=\"twitter:card\" content=\"summary_large_image\" \/>\n<meta name=\"twitter:creator\" content=\"@Heldenhaushalt\" \/>\n<meta name=\"twitter:site\" content=\"@Heldenhaushalt\" \/>\n<meta name=\"twitter:label1\" content=\"Verfasst von\" \/>\n\t<meta name=\"twitter:data1\" content=\"Sari\" \/>\n\t<meta name=\"twitter:label2\" content=\"Gesch\u00e4tzte Lesezeit\" \/>\n\t<meta name=\"twitter:data2\" content=\"5\u00a0Minuten\" \/>\n<script type=\"application\/ld+json\" class=\"yoast-schema-graph\">{\"@context\":\"https:\\\/\\\/schema.org\",\"@graph\":[{\"@type\":\"Article\",\"@id\":\"https:\\\/\\\/www.heldenhaushalt.de\\\/sari02\\\/index.php\\\/2024\\\/02\\\/16\\\/unsere-wochenlieblinge-072024\\\/#article\",\"isPartOf\":{\"@id\":\"https:\\\/\\\/www.heldenhaushalt.de\\\/sari02\\\/index.php\\\/2024\\\/02\\\/16\\\/unsere-wochenlieblinge-072024\\\/\"},\"author\":{\"name\":\"Sari\",\"@id\":\"https:\\\/\\\/www.heldenhaushalt.de\\\/sari02\\\/#\\\/schema\\\/person\\\/a1cc69f42a01f412eb62c151353814f6\"},\"headline\":\"Unsere Wochenlieblinge 07\\\/2024 &#8211; Ganz viel Mittagsschlaf\",\"datePublished\":\"2024-02-16T09:07:00+00:00\",\"mainEntityOfPage\":{\"@id\":\"https:\\\/\\\/www.heldenhaushalt.de\\\/sari02\\\/index.php\\\/2024\\\/02\\\/16\\\/unsere-wochenlieblinge-072024\\\/\"},\"wordCount\":652,\"commentCount\":6,\"publisher\":{\"@id\":\"https:\\\/\\\/www.heldenhaushalt.de\\\/sari02\\\/#\\\/schema\\\/person\\\/a1cc69f42a01f412eb62c151353814f6\"},\"image\":{\"@id\":\"https:\\\/\\\/www.heldenhaushalt.de\\\/sari02\\\/index.php\\\/2024\\\/02\\\/16\\\/unsere-wochenlieblinge-072024\\\/#primaryimage\"},\"thumbnailUrl\":\"https:\\\/\\\/www.heldenhaushalt.de\\\/sari02\\\/wp-content\\\/uploads\\\/2024\\\/02\\\/07-01.jpg\",\"keywords\":[\"#Freitagslieblinge\",\"Fasching\",\"Freitagsf\u00fcller\",\"Krankenlager\",\"Valentinstag\",\"Wochenlieblinge\"],\"articleSection\":[\"Blogsph\u00e4re\",\"R\u00fcckblick\"],\"inLanguage\":\"de\",\"potentialAction\":[{\"@type\":\"CommentAction\",\"name\":\"Comment\",\"target\":[\"https:\\\/\\\/www.heldenhaushalt.de\\\/sari02\\\/index.php\\\/2024\\\/02\\\/16\\\/unsere-wochenlieblinge-072024\\\/#respond\"]}]},{\"@type\":\"WebPage\",\"@id\":\"https:\\\/\\\/www.heldenhaushalt.de\\\/sari02\\\/index.php\\\/2024\\\/02\\\/16\\\/unsere-wochenlieblinge-072024\\\/\",\"url\":\"https:\\\/\\\/www.heldenhaushalt.de\\\/sari02\\\/index.php\\\/2024\\\/02\\\/16\\\/unsere-wochenlieblinge-072024\\\/\",\"name\":\"Unsere Wochenlieblinge 07\\\/2024 - Ganz viel Mittagsschlaf - Heldenhaushalt\",\"isPartOf\":{\"@id\":\"https:\\\/\\\/www.heldenhaushalt.de\\\/sari02\\\/#website\"},\"primaryImageOfPage\":{\"@id\":\"https:\\\/\\\/www.heldenhaushalt.de\\\/sari02\\\/index.php\\\/2024\\\/02\\\/16\\\/unsere-wochenlieblinge-072024\\\/#primaryimage\"},\"image\":{\"@id\":\"https:\\\/\\\/www.heldenhaushalt.de\\\/sari02\\\/index.php\\\/2024\\\/02\\\/16\\\/unsere-wochenlieblinge-072024\\\/#primaryimage\"},\"thumbnailUrl\":\"https:\\\/\\\/www.heldenhaushalt.de\\\/sari02\\\/wp-content\\\/uploads\\\/2024\\\/02\\\/07-01.jpg\",\"datePublished\":\"2024-02-16T09:07:00+00:00\",\"description\":\"..., dass der K\u00f6rper das dringend n\u00f6tig hatte und somit kann ich es wohl getrost auch unter Wochenlieblinge verbuchen... oder?\",\"breadcrumb\":{\"@id\":\"https:\\\/\\\/www.heldenhaushalt.de\\\/sari02\\\/index.php\\\/2024\\\/02\\\/16\\\/unsere-wochenlieblinge-072024\\\/#breadcrumb\"},\"inLanguage\":\"de\",\"potentialAction\":[{\"@type\":\"ReadAction\",\"target\":[\"https:\\\/\\\/www.heldenhaushalt.de\\\/sari02\\\/index.php\\\/2024\\\/02\\\/16\\\/unsere-wochenlieblinge-072024\\\/\"]}]},{\"@type\":\"ImageObject\",\"inLanguage\":\"de\",\"@id\":\"https:\\\/\\\/www.heldenhaushalt.de\\\/sari02\\\/index.php\\\/2024\\\/02\\\/16\\\/unsere-wochenlieblinge-072024\\\/#primaryimage\",\"url\":\"https:\\\/\\\/www.heldenhaushalt.de\\\/sari02\\\/wp-content\\\/uploads\\\/2024\\\/02\\\/07-01.jpg\",\"contentUrl\":\"https:\\\/\\\/www.heldenhaushalt.de\\\/sari02\\\/wp-content\\\/uploads\\\/2024\\\/02\\\/07-01.jpg\",\"width\":1000,\"height\":759,\"caption\":\"Wochenlieblinge\"},{\"@type\":\"BreadcrumbList\",\"@id\":\"https:\\\/\\\/www.heldenhaushalt.de\\\/sari02\\\/index.php\\\/2024\\\/02\\\/16\\\/unsere-wochenlieblinge-072024\\\/#breadcrumb\",\"itemListElement\":[{\"@type\":\"ListItem\",\"position\":1,\"name\":\"Startseite\",\"item\":\"https:\\\/\\\/www.heldenhaushalt.de\\\/sari02\\\/\"},{\"@type\":\"ListItem\",\"position\":2,\"name\":\"Unsere Wochenlieblinge 07\\\/2024 &#8211; Ganz viel Mittagsschlaf\"}]},{\"@type\":\"WebSite\",\"@id\":\"https:\\\/\\\/www.heldenhaushalt.de\\\/sari02\\\/#website\",\"url\":\"https:\\\/\\\/www.heldenhaushalt.de\\\/sari02\\\/\",\"name\":\"Heldenhaushalt\",\"description\":\"Wer es ordentlich haben will, der muss vorher anrufen\",\"publisher\":{\"@id\":\"https:\\\/\\\/www.heldenhaushalt.de\\\/sari02\\\/#\\\/schema\\\/person\\\/a1cc69f42a01f412eb62c151353814f6\"},\"potentialAction\":[{\"@type\":\"SearchAction\",\"target\":{\"@type\":\"EntryPoint\",\"urlTemplate\":\"https:\\\/\\\/www.heldenhaushalt.de\\\/sari02\\\/?s={search_term_string}\"},\"query-input\":{\"@type\":\"PropertyValueSpecification\",\"valueRequired\":true,\"valueName\":\"search_term_string\"}}],\"inLanguage\":\"de\"},{\"@type\":[\"Person\",\"Organization\"],\"@id\":\"https:\\\/\\\/www.heldenhaushalt.de\\\/sari02\\\/#\\\/schema\\\/person\\\/a1cc69f42a01f412eb62c151353814f6\",\"name\":\"Sari\",\"image\":{\"@type\":\"ImageObject\",\"inLanguage\":\"de\",\"@id\":\"https:\\\/\\\/www.heldenhaushalt.de\\\/sari02\\\/wp-content\\\/uploads\\\/2019\\\/02\\\/sari-april2018.png\",\"url\":\"https:\\\/\\\/www.heldenhaushalt.de\\\/sari02\\\/wp-content\\\/uploads\\\/2019\\\/02\\\/sari-april2018.png\",\"contentUrl\":\"https:\\\/\\\/www.heldenhaushalt.de\\\/sari02\\\/wp-content\\\/uploads\\\/2019\\\/02\\\/sari-april2018.png\",\"width\":500,\"height\":500,\"caption\":\"Sari\"},\"logo\":{\"@id\":\"https:\\\/\\\/www.heldenhaushalt.de\\\/sari02\\\/wp-content\\\/uploads\\\/2019\\\/02\\\/sari-april2018.png\"},\"description\":\"Frau Mondgras \u2013 Das bin ich, Sari. Gerne auch als Sari Mondgras bekannt und im Internet zu finden. 2-Fach-Mutter, Heldenehefrau, Kreativling, Harmonies\u00fcchtig und st\u00e4ndig auf der Suche nach Gl\u00fcck. Ich komme aus Berlin, bin hier aufgewachsen und lebe hier seit ich denken kann.\",\"sameAs\":[\"https:\\\/\\\/www.instagram.com\\\/heldenhaushalt\\\/\"],\"url\":\"https:\\\/\\\/www.heldenhaushalt.de\\\/sari02\\\/index.php\\\/author\\\/admin\\\/\"}]}<\/script>\n<!-- \/ Yoast SEO plugin. -->","yoast_head_json":{"title":"Unsere Wochenlieblinge 07\/2024 - Ganz viel Mittagsschlaf - Heldenhaushalt","description":"..., dass der K\u00f6rper das dringend n\u00f6tig hatte und somit kann ich es wohl getrost auch unter Wochenlieblinge verbuchen... oder?","robots":{"index":"index","follow":"follow","max-snippet":"max-snippet:-1","max-image-preview":"max-image-preview:large","max-video-preview":"max-video-preview:-1"},"canonical":"https:\/\/www.heldenhaushalt.de\/sari02\/index.php\/2024\/02\/16\/unsere-wochenlieblinge-072024\/","og_locale":"de_DE","og_type":"article","og_title":"Unsere Wochenlieblinge 07\/2024 - Ganz viel Mittagsschlaf - Heldenhaushalt","og_description":"..., dass der K\u00f6rper das dringend n\u00f6tig hatte und somit kann ich es wohl getrost auch unter Wochenlieblinge verbuchen... oder?","og_url":"https:\/\/www.heldenhaushalt.de\/sari02\/index.php\/2024\/02\/16\/unsere-wochenlieblinge-072024\/","og_site_name":"Heldenhaushalt","article_published_time":"2024-02-16T09:07:00+00:00","og_image":[{"width":1000,"height":759,"url":"https:\/\/www.heldenhaushalt.de\/sari02\/wp-content\/uploads\/2024\/02\/07-01.jpg","type":"image\/jpeg"}],"author":"Sari","twitter_card":"summary_large_image","twitter_creator":"@Heldenhaushalt","twitter_site":"@Heldenhaushalt","twitter_misc":{"Verfasst von":"Sari","Gesch\u00e4tzte Lesezeit":"5\u00a0Minuten"},"schema":{"@context":"https:\/\/schema.org","@graph":[{"@type":"Article","@id":"https:\/\/www.heldenhaushalt.de\/sari02\/index.php\/2024\/02\/16\/unsere-wochenlieblinge-072024\/#article","isPartOf":{"@id":"https:\/\/www.heldenhaushalt.de\/sari02\/index.php\/2024\/02\/16\/unsere-wochenlieblinge-072024\/"},"author":{"name":"Sari","@id":"https:\/\/www.heldenhaushalt.de\/sari02\/#\/schema\/person\/a1cc69f42a01f412eb62c151353814f6"},"headline":"Unsere Wochenlieblinge 07\/2024 &#8211; Ganz viel Mittagsschlaf","datePublished":"2024-02-16T09:07:00+00:00","mainEntityOfPage":{"@id":"https:\/\/www.heldenhaushalt.de\/sari02\/index.php\/2024\/02\/16\/unsere-wochenlieblinge-072024\/"},"wordCount":652,"commentCount":6,"publisher":{"@id":"https:\/\/www.heldenhaushalt.de\/sari02\/#\/schema\/person\/a1cc69f42a01f412eb62c151353814f6"},"image":{"@id":"https:\/\/www.heldenhaushalt.de\/sari02\/index.php\/2024\/02\/16\/unsere-wochenlieblinge-072024\/#primaryimage"},"thumbnailUrl":"https:\/\/www.heldenhaushalt.de\/sari02\/wp-content\/uploads\/2024\/02\/07-01.jpg","keywords":["#Freitagslieblinge","Fasching","Freitagsf\u00fcller","Krankenlager","Valentinstag","Wochenlieblinge"],"articleSection":["Blogsph\u00e4re","R\u00fcckblick"],"inLanguage":"de","potentialAction":[{"@type":"CommentAction","name":"Comment","target":["https:\/\/www.heldenhaushalt.de\/sari02\/index.php\/2024\/02\/16\/unsere-wochenlieblinge-072024\/#respond"]}]},{"@type":"WebPage","@id":"https:\/\/www.heldenhaushalt.de\/sari02\/index.php\/2024\/02\/16\/unsere-wochenlieblinge-072024\/","url":"https:\/\/www.heldenhaushalt.de\/sari02\/index.php\/2024\/02\/16\/unsere-wochenlieblinge-072024\/","name":"Unsere Wochenlieblinge 07\/2024 - Ganz viel Mittagsschlaf - Heldenhaushalt","isPartOf":{"@id":"https:\/\/www.heldenhaushalt.de\/sari02\/#website"},"primaryImageOfPage":{"@id":"https:\/\/www.heldenhaushalt.de\/sari02\/index.php\/2024\/02\/16\/unsere-wochenlieblinge-072024\/#primaryimage"},"image":{"@id":"https:\/\/www.heldenhaushalt.de\/sari02\/index.php\/2024\/02\/16\/unsere-wochenlieblinge-072024\/#primaryimage"},"thumbnailUrl":"https:\/\/www.heldenhaushalt.de\/sari02\/wp-content\/uploads\/2024\/02\/07-01.jpg","datePublished":"2024-02-16T09:07:00+00:00","description":"..., dass der K\u00f6rper das dringend n\u00f6tig hatte und somit kann ich es wohl getrost auch unter Wochenlieblinge verbuchen... oder?","breadcrumb":{"@id":"https:\/\/www.heldenhaushalt.de\/sari02\/index.php\/2024\/02\/16\/unsere-wochenlieblinge-072024\/#breadcrumb"},"inLanguage":"de","potentialAction":[{"@type":"ReadAction","target":["https:\/\/www.heldenhaushalt.de\/sari02\/index.php\/2024\/02\/16\/unsere-wochenlieblinge-072024\/"]}]},{"@type":"ImageObject","inLanguage":"de","@id":"https:\/\/www.heldenhaushalt.de\/sari02\/index.php\/2024\/02\/16\/unsere-wochenlieblinge-072024\/#primaryimage","url":"https:\/\/www.heldenhaushalt.de\/sari02\/wp-content\/uploads\/2024\/02\/07-01.jpg","contentUrl":"https:\/\/www.heldenhaushalt.de\/sari02\/wp-content\/uploads\/2024\/02\/07-01.jpg","width":1000,"height":759,"caption":"Wochenlieblinge"},{"@type":"BreadcrumbList","@id":"https:\/\/www.heldenhaushalt.de\/sari02\/index.php\/2024\/02\/16\/unsere-wochenlieblinge-072024\/#breadcrumb","itemListElement":[{"@type":"ListItem","position":1,"name":"Startseite","item":"https:\/\/www.heldenhaushalt.de\/sari02\/"},{"@type":"ListItem","position":2,"name":"Unsere Wochenlieblinge 07\/2024 &#8211; Ganz viel Mittagsschlaf"}]},{"@type":"WebSite","@id":"https:\/\/www.heldenhaushalt.de\/sari02\/#website","url":"https:\/\/www.heldenhaushalt.de\/sari02\/","name":"Heldenhaushalt","description":"Wer es ordentlich haben will, der muss vorher anrufen","publisher":{"@id":"https:\/\/www.heldenhaushalt.de\/sari02\/#\/schema\/person\/a1cc69f42a01f412eb62c151353814f6"},"potentialAction":[{"@type":"SearchAction","target":{"@type":"EntryPoint","urlTemplate":"https:\/\/www.heldenhaushalt.de\/sari02\/?s={search_term_string}"},"query-input":{"@type":"PropertyValueSpecification","valueRequired":true,"valueName":"search_term_string"}}],"inLanguage":"de"},{"@type":["Person","Organization"],"@id":"https:\/\/www.heldenhaushalt.de\/sari02\/#\/schema\/person\/a1cc69f42a01f412eb62c151353814f6","name":"Sari","image":{"@type":"ImageObject","inLanguage":"de","@id":"https:\/\/www.heldenhaushalt.de\/sari02\/wp-content\/uploads\/2019\/02\/sari-april2018.png","url":"https:\/\/www.heldenhaushalt.de\/sari02\/wp-content\/uploads\/2019\/02\/sari-april2018.png","contentUrl":"https:\/\/www.heldenhaushalt.de\/sari02\/wp-content\/uploads\/2019\/02\/sari-april2018.png","width":500,"height":500,"caption":"Sari"},"logo":{"@id":"https:\/\/www.heldenhaushalt.de\/sari02\/wp-content\/uploads\/2019\/02\/sari-april2018.png"},"description":"Frau Mondgras \u2013 Das bin ich, Sari. Gerne auch als Sari Mondgras bekannt und im Internet zu finden. 2-Fach-Mutter, Heldenehefrau, Kreativling, Harmonies\u00fcchtig und st\u00e4ndig auf der Suche nach Gl\u00fcck. Ich komme aus Berlin, bin hier aufgewachsen und lebe hier seit ich denken kann.","sameAs":["https:\/\/www.instagram.com\/heldenhaushalt\/"],"url":"https:\/\/www.heldenhaushalt.de\/sari02\/index.php\/author\/admin\/"}]}},"views":1565,"_links":{"self":[{"href":"https:\/\/www.heldenhaushalt.de\/sari02\/index.php\/wp-json\/wp\/v2\/posts\/60370","targetHints":{"allow":["GET"]}}],"collection":[{"href":"https:\/\/www.heldenhaushalt.de\/sari02\/index.php\/wp-json\/wp\/v2\/posts"}],"about":[{"href":"https:\/\/www.heldenhaushalt.de\/sari02\/index.php\/wp-json\/wp\/v2\/types\/post"}],"author":[{"embeddable":true,"href":"https:\/\/www.heldenhaushalt.de\/sari02\/index.php\/wp-json\/wp\/v2\/users\/1"}],"replies":[{"embeddable":true,"href":"https:\/\/www.heldenhaushalt.de\/sari02\/index.php\/wp-json\/wp\/v2\/comments?post=60370"}],"version-history":[{"count":4,"href":"https:\/\/www.heldenhaushalt.de\/sari02\/index.php\/wp-json\/wp\/v2\/posts\/60370\/revisions"}],"predecessor-version":[{"id":60378,"href":"https:\/\/www.heldenhaushalt.de\/sari02\/index.php\/wp-json\/wp\/v2\/posts\/60370\/revisions\/60378"}],"wp:featuredmedia":[{"embeddable":true,"href":"https:\/\/www.heldenhaushalt.de\/sari02\/index.php\/wp-json\/wp\/v2\/media\/60372"}],"wp:attachment":[{"href":"https:\/\/www.heldenhaushalt.de\/sari02\/index.php\/wp-json\/wp\/v2\/media?parent=60370"}],"wp:term":[{"taxonomy":"category","embeddable":true,"href":"https:\/\/www.heldenhaushalt.de\/sari02\/index.php\/wp-json\/wp\/v2\/categories?post=60370"},{"taxonomy":"post_tag","embeddable":true,"href":"https:\/\/www.heldenhaushalt.de\/sari02\/index.php\/wp-json\/wp\/v2\/tags?post=60370"}],"curies":[{"name":"wp","href":"https:\/\/api.w.org\/{rel}","templated":true}]}}