{"id":60477,"date":"2024-03-14T10:00:00","date_gmt":"2024-03-14T09:00:00","guid":{"rendered":"https:\/\/www.heldenhaushalt.de\/sari02\/?p=60477"},"modified":"2024-03-21T11:02:45","modified_gmt":"2024-03-21T10:02:45","slug":"heute-vor-20-jahren-mehr-oder-weniger","status":"publish","type":"post","link":"https:\/\/www.heldenhaushalt.de\/sari02\/index.php\/2024\/03\/14\/heute-vor-20-jahren-mehr-oder-weniger\/","title":{"rendered":"Heute vor 20 Jahren&#8230;mehr oder weniger!"},"content":{"rendered":"<p>Wenn man von 25 Jahren spricht, dann fallen hier oft so Begriffe wie &#8220;Ein viertel Jahrhundert&#8221; usw&#8230; und einem wird auf einmal ganz anders. Ich wei&#223; noch, als ich meinen 25. Geburtstag feierte. Auch da kamen diese Witze und uff&#8230; wenn man sich das mal so vor Augen f&#252;hrt, dann wird einem doch ein wenig anders, oder? Obwohl man sich mit 25 Jahren nun wirklich noch nicht zum alten Eisen z&#228;hlen muss.<\/p>\n<p>Ich glaube aber, dass es auch Bereiche gibt, in denen sich das anders verh&#228;lt. Bereiche, in denen alles schnelllebiger ist und deutlich schneller als veraltet gilt. Eine befreundete Gutachterin meinte mal zu uns, wenn man ein Haus baut, verliert das Haus an sich, sobald es fertig ist, direkt an Wert. Ob das jetzt so stimmt, kann ich nicht beurteilen. Ein besseres Beispiel ist vielleicht die Technik heutzutage. Du hast dir gerade erst ein neues Handy gekauft mit allem m&#246;glichen tollen Schnickschnack, aber schon kurze Zeit sp&#228;ter steht die verbesserte Version in den Startl&#246;chern und dein Modell ist schon wieder veraltet. In dem Fall wird man wohl niemals von 25 Jahren sprechen k&#246;nnen.<\/p>\n<p>Doch wie verh&#228;lt es sich mit so etwas wie diesem Blog hier? Sind wir mit zarten 20 Jahren alt oder z&#228;hlen wir eher noch zu der j&#252;ngeren Generation? Ich bef&#252;rchte ja eher Ersteres, oder? Immer wieder gerne z&#228;hle ich mich zu den alten Hasen,&nbsp; wenn das Thema aufkommt. Eine Bloggerin der 1. Generation?<\/p>\n\n<h2>Recherchieren wir doch mal ein wenig in der Geschichte<\/h2>\n<p>Wollen wir mal schauen, was Wikipedia dazu sagt? Ich bin ja gerade fast vom Stuhl gefallen, als ich las, dass der erste offizielle Blog 1990 online ging. Damals waren wohl Begriffe wie Weblog und Blog an sich noch nicht gel&#228;ufig, aber die Seite von Softwareentwickler Tim Berners-Lee wird wohl als erster dieser Art betrachtet. Uff, das ist doch nochmal eine ganze Weile vor mir und dieser Seite hier. Wusstet ihr, dass seit 2018 ihm zu Ehren am 13. Oktober immer der Tag des Bloggens gefeiert wird? Nein? Ich auch nicht. Aber das zeigt vielleicht wieder, wie sehr ich einfach nur mache und nicht gro&#223; dr&#252;ber nachdenke.<\/p>\n<p>Dabei wollen wir es aber auch mit unserem geschichtlichen kleinen Ausflug belassen, denn eigentlich wollen wir ja auf 25 Jahre Heldenhaushalt blicken.<\/p>\n<h2>Ein Blog im Wandel der Zeit<\/h2>\n<p>Ich habe <a href=\"https:\/\/www.heldenhaushalt.de\/sari02\/index.php\/2017\/07\/25\/blogsphaere-blogparade\/\">die Geschichte dieser Seite<\/a> im Laufe der letzten Jahre schon oft erz&#228;hlt. Ich kann jetzt auch nicht eindeutig sagen, ob der 14. M&#228;rz die tats&#228;chliche Geburtsstunde meines pers&#246;nlichen Online-Tagebuchs ist, aber irgendwann setzte ich diese Zahl in das Men&#252; und dort wandert sie seit vielen Jahren mit mir mit. Ich glaube, eigentlich war es sogar ein Februar, aber da diese Seite so viel Wandel mit mir durchgemacht hat, wollen wir es so belassen.<\/p>\n<p>Sind wir n&#228;mlich mal ganz ehrlich, dann darf es nicht 20 Jahre Heldenhaushalt hei&#223;en. Diese Seite ist mit mir gewachsen, hat mit mir gelitten und erlebt. Und dementsprechend hat sie auch die st&#228;ndige Entwicklung, die st&#228;ndige Ver&#228;nderung in meinem Leben durchgemacht und hat sich angepasst. Immer und immer wieder, so wie wir Menschen es tun. So wie sich unser Umfeld immer wieder ver&#228;ndert, weil so manches nicht mehr in die aktuelle Phase unseres Lebens passt.&nbsp;<\/p>\n<figure id=\"attachment_60560\" aria-describedby=\"caption-attachment-60560\" style=\"width: 2000px\" class=\"wp-caption alignnone\"><img loading=\"lazy\" decoding=\"async\" class=\"wp-image-60560 size-full\" src=\"https:\/\/www.heldenhaushalt.de\/sari02\/wp-content\/uploads\/2024\/03\/designs.jpg\" alt=\"20 Jahre \" width=\"2000\" height=\"2000\" srcset=\"https:\/\/www.heldenhaushalt.de\/sari02\/wp-content\/uploads\/2024\/03\/designs.jpg 2000w, https:\/\/www.heldenhaushalt.de\/sari02\/wp-content\/uploads\/2024\/03\/designs-300x300.jpg 300w, https:\/\/www.heldenhaushalt.de\/sari02\/wp-content\/uploads\/2024\/03\/designs-1024x1024.jpg 1024w, https:\/\/www.heldenhaushalt.de\/sari02\/wp-content\/uploads\/2024\/03\/designs-150x150.jpg 150w, https:\/\/www.heldenhaushalt.de\/sari02\/wp-content\/uploads\/2024\/03\/designs-768x768.jpg 768w, https:\/\/www.heldenhaushalt.de\/sari02\/wp-content\/uploads\/2024\/03\/designs-1536x1536.jpg 1536w, https:\/\/www.heldenhaushalt.de\/sari02\/wp-content\/uploads\/2024\/03\/designs-435x435.jpg 435w, https:\/\/www.heldenhaushalt.de\/sari02\/wp-content\/uploads\/2024\/03\/designs-60x60.jpg 60w\" sizes=\"auto, (max-width: 2000px) 100vw, 2000px\" \/><figcaption id=\"caption-attachment-60560\" class=\"wp-caption-text\">Eine Seite im Wandel der Zeit&#8230;<\/figcaption><\/figure>\n<p>So war es am Anfang vor allem ein Portfolio. Eine Plattform, auf der ich meine Zeichnungen zeigen wollte. Diese sind letztendlich auch irgendwie ein Spiegel der eigenen Seele und zeigen auf besondere Weise, wie es in uns gerade aussieht. Man m&#246;chte die Geschichte dazu erz&#228;hlen und w&#252;nscht sich Feedback, das man in der Welt da drau&#223;en auf normalem Wege vielleicht erst einmal gar nicht bekommen w&#252;rde.<\/p>\n<p>Mit den vielen neuen M&#246;glichkeiten, die sich im Laufe der Jahre mit dem Internet ergeben haben, sind auch neue M&#246;glichkeiten, regelrechte Communities, in der Hinsicht dazu gekommen und es war spannend diese Entwicklung zu beobachten und mitzuerleben.<\/p>\n<h2>Aus ersten Spielereien wurde so viel mehr<\/h2>\n<p>Wenn man sich mit ganz alten Hasen (da ist er wieder, der Begriff) von fr&#252;her unterh&#228;lt, dann fallen Begriffe wie MSN, Beepworld und heim.at, die ersten Plattformen und Anbieter, auf denen wir uns kleine Seiten erstellt und mit Inhalt gef&#252;llt haben. Und hach, wir haben damals auf nichts geachtet. Einfach gemacht. Vollkommen frei und ohne Einschr&#228;nkungen. Mit der Zeit wurde es ernsthafter und ja, irgendwann mussten wir da auch sehr genau werden. Je l&#228;nger man damit zu tun hatte, desto anspruchsvoller wurde man auch selber, oder?<\/p>\n<figure id=\"attachment_60561\" aria-describedby=\"caption-attachment-60561\" style=\"width: 1000px\" class=\"wp-caption alignnone\"><img loading=\"lazy\" decoding=\"async\" class=\"wp-image-60561 size-full\" src=\"https:\/\/www.heldenhaushalt.de\/sari02\/wp-content\/uploads\/2024\/03\/01-2012.jpg\" alt=\"Altes Beispieldesign\" width=\"1000\" height=\"464\" srcset=\"https:\/\/www.heldenhaushalt.de\/sari02\/wp-content\/uploads\/2024\/03\/01-2012.jpg 1000w, https:\/\/www.heldenhaushalt.de\/sari02\/wp-content\/uploads\/2024\/03\/01-2012-300x139.jpg 300w, https:\/\/www.heldenhaushalt.de\/sari02\/wp-content\/uploads\/2024\/03\/01-2012-768x356.jpg 768w, https:\/\/www.heldenhaushalt.de\/sari02\/wp-content\/uploads\/2024\/03\/01-2012-129x60.jpg 129w\" sizes=\"auto, (max-width: 1000px) 100vw, 1000px\" \/><figcaption id=\"caption-attachment-60561\" class=\"wp-caption-text\">Wayback Maschine: Ein altes Design von 2012 noch unter Mondgras.de<\/figcaption><\/figure>\n<p>Aus kleinen Baukastenseiten wurden sch&#246;ne aufw&#228;ndige Designs und es war wichtig immer alles mit tollem Inhalt zu f&#252;llen. Das fiel mir damals nicht schwer, denn ich malte viel und t&#228;glich und &#252;ber viele Stunden hinweg. Ich hatte st&#228;ndig etwas zu zeigen, st&#228;ndig etwas zu erz&#228;hlen&#8230;&nbsp;<\/p>\n<figure id=\"attachment_60562\" aria-describedby=\"caption-attachment-60562\" style=\"width: 1000px\" class=\"wp-caption alignnone\"><img loading=\"lazy\" decoding=\"async\" class=\"wp-image-60562 size-full\" src=\"https:\/\/www.heldenhaushalt.de\/sari02\/wp-content\/uploads\/2024\/03\/01-2013.jpg\" alt=\"20 Jahre\" width=\"1000\" height=\"464\" srcset=\"https:\/\/www.heldenhaushalt.de\/sari02\/wp-content\/uploads\/2024\/03\/01-2013.jpg 1000w, https:\/\/www.heldenhaushalt.de\/sari02\/wp-content\/uploads\/2024\/03\/01-2013-300x139.jpg 300w, https:\/\/www.heldenhaushalt.de\/sari02\/wp-content\/uploads\/2024\/03\/01-2013-768x356.jpg 768w, https:\/\/www.heldenhaushalt.de\/sari02\/wp-content\/uploads\/2024\/03\/01-2013-129x60.jpg 129w\" sizes=\"auto, (max-width: 1000px) 100vw, 1000px\" \/><figcaption id=\"caption-attachment-60562\" class=\"wp-caption-text\">Wayback Maschine:&nbsp; Ein altes Design von 2013 noch unter Mondgras.de<\/figcaption><\/figure>\n<p>Der gr&#246;&#223;te und beste Schritt, den ich wohl je gegangen bin, war der zu WordPress hin. Es machte so vieles so viel leichter. So einfacher und man konnte so viel schneller arbeiten. Und da bin ich bis heute geblieben. Vieles aus der Vergangenheit ist nicht mehr da, manches habe ich auch gel&#246;scht aus den ersten Jahren, aber es ist noch so viel Leben in diesen Seiten&#8230; einfach nur wertvoll.<\/p>\n<h2>Bis heute hat es nicht an Bedeutung f&#252;r mich verloren<\/h2>\n<p>Dieses Datum w&#228;re &#252;brigens total an mir vorbei gezogen, wenn mich nicht neulich Suzu darauf aufmerksam gemacht h&#228;tte, dass wir hier bald 20 Jahre feiern. 20 Jahre Seiten mit Erinnerungen f&#252;llen. Erst unter dem Namen Shokuma, dann als Mondgras und nun schlie&#223;lich unter dem Arbeitstitel &#8220;Heldenhaushalt&#8221;. Letzterer ist nun auch bereits 8 Jahre alt. So alt wie der kleine Sohn, denn er war damals Anlass f&#252;r die Ver&#228;nderung. Ursprung hierf&#252;r war damals das Pseudonym, weil der Mann in den Beitr&#228;gen immer als Held betitelt wurde. Dann kam der gro&#223;e Sohn, den wir Miniheld nannten und mit dem kleinen Sohn kam ein weiterer Held in mein Leben und irgendwie war ich dann in einem Haushalt voller Helden und das passte dann viel besser zu uns als Mondgras, ein Name, den ich aus meiner Schulzeit mit nahm. Ein Name, den mir eine Schulfreundin gab, die f&#252;r so viel kreativen Input in meinem Leben verantwortlich war.<\/p>\n<figure id=\"attachment_60563\" aria-describedby=\"caption-attachment-60563\" style=\"width: 1000px\" class=\"wp-caption alignnone\"><img loading=\"lazy\" decoding=\"async\" class=\"wp-image-60563 size-full\" src=\"https:\/\/www.heldenhaushalt.de\/sari02\/wp-content\/uploads\/2024\/03\/03-2016.jpg\" alt=\"Ver&#228;nderung\" width=\"1000\" height=\"462\" srcset=\"https:\/\/www.heldenhaushalt.de\/sari02\/wp-content\/uploads\/2024\/03\/03-2016.jpg 1000w, https:\/\/www.heldenhaushalt.de\/sari02\/wp-content\/uploads\/2024\/03\/03-2016-300x139.jpg 300w, https:\/\/www.heldenhaushalt.de\/sari02\/wp-content\/uploads\/2024\/03\/03-2016-768x355.jpg 768w, https:\/\/www.heldenhaushalt.de\/sari02\/wp-content\/uploads\/2024\/03\/03-2016-130x60.jpg 130w\" sizes=\"auto, (max-width: 1000px) 100vw, 1000px\" \/><figcaption id=\"caption-attachment-60563\" class=\"wp-caption-text\">Wayback Maschine: Die Seite entwickelt sich mit: Aus Mondgras wird Heldenhaushalt<\/figcaption><\/figure>\n<p>Und das meine ich damit, wenn ich sage, dass die Seite sich mit mir ver&#228;ndert und entwickelt hat. Von Kind, zum Teenager, zur Erwachsenen, zur Mutter&#8230; zu dem Menschen, der ich heute bin.&nbsp;<\/p>\n<p>Es ist seltsam. Ich habe einen Vormittag lang dagesessen und mich mit Hilfe der Seite <a href=\"https:\/\/archive.org\/\" target=\"_blank\" rel=\"noopener\">archive.org<\/a> bzw. der Wayback Maschine durch die Vergangenheit &#8220;gebl&#228;ttert&#8221;. Diese fertig Snapshots an und so kann man immer wieder mal schauen, was man fr&#252;her so gemacht hat. Sich alte Designs anschauen (die ganz alten bekommt es allerdings nicht richtig angezeigt), ein wenig auf den Titelseiten lesen, was einen so besch&#228;ftigt hat. Es war viel Sch&#246;nes dazwischen und ich habe einiges an Zeit dagelassen an diesem Tag. 20 Jahre Vergangenheit. Vieles davon ist hier noch zu finden. Manches bleibt einfach Erinnerung.<\/p>\n<h2>Immer weiter schreiben&#8230;<\/h2>\n<p>Nicht jeder kann verstehen, warum ich nach 20 Jahren noch immer so gerne hier schreibe. Es ist auch nicht mehr so spezifisch wie fr&#252;her, meist nur noch &#8220;banaler&#8221; Alltag, aber es geh&#246;rt f&#252;r mich einfach irgendwie dazu. So wie andere mit einer krassen Ausdauer Tagebuch schreiben k&#246;nnen (die mir absolut abhanden gekommen ist bzw. ich konnte das noch nie wirklich gut), brauche ich dieses Festhalten hier auf diesen Seiten. Es ist ein Teil von mir und ohne wird es wohl nie ganz gehen.<\/p>\n<p>Mit diesem Bewusstsein f&#228;llt es mir heute aber auch leichter es wirklich alles locker zu betrachten. Einfach ich zu sein, mich von Zahlen zu l&#246;sen und diesen st&#228;ndigen Ver&#228;nderungen in den Weiten des Internets zu strotzen. Teilweise merke ich bei manchen Dingen auch einfach, dass ich da heutzutage vielleicht auch etwas zu oldschool bin (Thema KI in Bild- und Textbereich zum Beispiel&#8230; wie steht Ihr dazu?).<\/p>\n<p>Einfach von heute auf morgen aufzuh&#246;ren, nein, das k&#246;nnte ich nicht. Vielmehr h&#228;tte ich manchmal gerne die Leichtigkeit beim Schreiben von fr&#252;her wieder. W&#252;rde gerne wieder mehr Fokus auf die kreativen Inhalte legen, aber daf&#252;r fehlt es aktuell einfach an innerer Ruhe. Und das, obwohl das Rausschrei(b)en der Gedanken ja schon fast wie eine kleine Therapie ist.<\/p>\n<h2>Also vielleicht auf weitere 20 Jahre?!<\/h2>\n<p>Wer wei&#223;, vielleicht tippe ich noch vorsichtige und zaghafte Zeilen, wenn meine Finger schon vom Alter gekr&#252;mmt und zittrig sind und wer wei&#223;, vielleicht seid ihr dann auch noch immer da und lest gerne mit. Wer wei&#223;, was sich in den n&#228;chsten Jahren hier alles noch an Ver&#228;nderungen auf tun wird. Zum Beispiel, wenn die Kinder ausziehen und sich wieder alles bei uns verlagern wird?<\/p>\n<p>Wer wei&#223;? Vielleicht werden wir mehr reisen oder ich werde doch noch zur Gartenbloggerin mit schwarzem Daumen? Vielleicht zeichne ich wieder mehr oder lerne doch endlich die Gitarre zu beherrschen? Vielleicht konnten sich meine Kinder ihre Tr&#228;ume erf&#252;llen und ich werde zum gr&#246;&#223;ten Fankurvenblog der Welt? Wer wei&#223;, wer wei&#223;&#8230;<\/p>\n<p>Was wir auf keinen Fall wollen, das ist Stillstand. Also schreiben wir immer weiter und weiter&#8230; Und feiern in weiteren 20 Jahren vielleicht ein halbes Jahrhundert. Wer ist dabei?<\/p>\n","protected":false},"excerpt":{"rendered":"<p>Wenn man von 25 Jahren spricht, dann fallen hier oft so Begriffe wie &#8220;Ein viertel Jahrhundert&#8221; usw&#8230; und einem wird auf einmal ganz anders. Ich wei&#223; noch, als ich meinen 25. Geburtstag feierte. Auch da kamen diese Witze und uff&#8230; wenn man sich das mal so vor Augen f&#252;hrt, dann wird einem doch ein wenig anders, oder? Obwohl man sich mit 25 Jahren nun wirklich noch nicht zum alten Eisen z&#228;hlen muss. Ich glaube aber, dass es auch Bereiche gibt, in denen sich das anders verh&#228;lt. Bereiche, in denen alles schnelllebiger ist und deutlich schneller als veraltet gilt. Eine befreundete Gutachterin meinte mal zu uns, wenn man ein Haus baut, verliert das Haus an sich, sobald es fertig ist, direkt an Wert. Ob das jetzt so stimmt, kann ich nicht beurteilen. Ein besseres Beispiel ist vielleicht die Technik heutzutage. Du hast dir gerade erst ein neues Handy gekauft mit allem m&#246;glichen tollen Schnickschnack, aber schon kurze Zeit sp&#228;ter steht die verbesserte Version in den Startl&#246;chern und dein Modell ist schon wieder veraltet. In dem Fall wird man wohl niemals von 25 Jahren sprechen k&#246;nnen. Doch wie verh&#228;lt es sich mit so etwas wie diesem Blog hier? Sind wir mit zarten 20 Jahren alt oder z&#228;hlen wir eher noch zu der j&#252;ngeren Generation? Ich bef&#252;rchte ja eher Ersteres, oder? Immer wieder gerne z&#228;hle ich mich zu den alten Hasen,&nbsp; wenn das Thema aufkommt. Eine Bloggerin der 1. Generation? Recherchieren wir doch mal ein wenig in der Geschichte Wollen wir mal schauen, was Wikipedia dazu sagt? Ich bin ja gerade fast vom Stuhl gefallen, als ich las, dass der erste offizielle Blog 1990 online ging. Damals waren wohl Begriffe wie Weblog und Blog an sich noch nicht gel&#228;ufig, aber die Seite von Softwareentwickler Tim Berners-Lee wird wohl als erster dieser Art betrachtet. Uff, das ist doch nochmal eine ganze Weile vor mir und dieser Seite hier. Wusstet ihr, dass seit 2018 ihm zu Ehren am 13. Oktober immer der Tag des Bloggens gefeiert wird? Nein? Ich auch nicht. Aber das zeigt vielleicht wieder, wie sehr ich einfach nur mache und nicht gro&#223; dr&#252;ber nachdenke. Dabei wollen wir es aber auch mit unserem geschichtlichen kleinen Ausflug belassen, denn eigentlich wollen wir ja auf 25 Jahre Heldenhaushalt blicken. Ein Blog im Wandel der Zeit Ich habe die Geschichte dieser Seite im Laufe der letzten Jahre schon oft erz&#228;hlt. Ich kann jetzt auch nicht eindeutig sagen, ob der 14. M&#228;rz die tats&#228;chliche Geburtsstunde meines pers&#246;nlichen Online-Tagebuchs ist, aber irgendwann setzte ich diese Zahl in das Men&#252; und dort wandert sie seit vielen Jahren mit mir mit. Ich glaube, eigentlich war es sogar ein Februar, aber da diese Seite so viel Wandel mit mir durchgemacht hat, wollen wir es so belassen. Sind wir n&#228;mlich mal ganz ehrlich, dann darf es nicht 20 Jahre Heldenhaushalt hei&#223;en. Diese Seite ist mit mir gewachsen, hat mit mir gelitten und erlebt. Und dementsprechend hat sie auch die st&#228;ndige Entwicklung, die st&#228;ndige Ver&#228;nderung in meinem Leben durchgemacht und hat sich angepasst. Immer und immer wieder, so wie wir Menschen es tun. So wie sich unser Umfeld immer wieder ver&#228;ndert, weil so manches nicht mehr in die aktuelle Phase unseres Lebens passt.&nbsp; So war es am Anfang vor allem ein Portfolio. Eine Plattform, auf der ich meine Zeichnungen zeigen wollte. Diese sind letztendlich auch irgendwie ein Spiegel der eigenen Seele und zeigen auf besondere Weise, wie es in uns gerade aussieht. Man m&#246;chte die Geschichte dazu erz&#228;hlen und w&#252;nscht sich Feedback, das man in der Welt da drau&#223;en auf normalem Wege vielleicht erst einmal gar nicht bekommen w&#252;rde. Mit den vielen neuen M&#246;glichkeiten, die sich im Laufe der Jahre mit dem Internet ergeben haben, sind auch neue M&#246;glichkeiten, regelrechte Communities, in der Hinsicht dazu gekommen und es war spannend diese Entwicklung zu beobachten und mitzuerleben. Aus ersten Spielereien wurde so viel mehr Wenn man sich mit ganz alten Hasen (da ist er wieder, der Begriff) von fr&#252;her unterh&#228;lt, dann fallen Begriffe wie MSN, Beepworld und heim.at, die ersten Plattformen und Anbieter, auf denen wir uns kleine Seiten erstellt und mit Inhalt gef&#252;llt haben. Und hach, wir haben damals auf nichts geachtet. Einfach gemacht. Vollkommen frei und ohne Einschr&#228;nkungen. Mit der Zeit wurde es ernsthafter und ja, irgendwann mussten wir da auch sehr genau werden. Je l&#228;nger man damit zu tun hatte, desto anspruchsvoller wurde man auch selber, oder? Aus kleinen Baukastenseiten wurden sch&#246;ne aufw&#228;ndige Designs und es war wichtig immer alles mit tollem Inhalt zu f&#252;llen. Das fiel mir damals nicht schwer, denn ich malte viel und t&#228;glich und &#252;ber viele Stunden hinweg. Ich hatte st&#228;ndig etwas zu zeigen, st&#228;ndig etwas zu erz&#228;hlen&#8230;&nbsp; Der gr&#246;&#223;te und beste Schritt, den ich wohl je gegangen bin, war der zu WordPress hin. Es machte so vieles so viel leichter. So einfacher und man konnte so viel schneller arbeiten. Und da bin ich bis heute geblieben. Vieles aus der Vergangenheit ist nicht mehr da, manches habe ich auch gel&#246;scht aus den ersten Jahren, aber es ist noch so viel Leben in diesen Seiten&#8230; einfach nur wertvoll. Bis heute hat es nicht an Bedeutung f&#252;r mich verloren Dieses Datum w&#228;re &#252;brigens total an mir vorbei gezogen, wenn mich nicht neulich Suzu darauf aufmerksam gemacht h&#228;tte, dass wir hier bald 20 Jahre feiern. 20 Jahre Seiten mit Erinnerungen f&#252;llen. Erst unter dem Namen Shokuma, dann als Mondgras und nun schlie&#223;lich unter dem Arbeitstitel &#8220;Heldenhaushalt&#8221;. Letzterer ist nun auch bereits 8 Jahre alt. So alt wie der kleine Sohn, denn er war damals Anlass f&#252;r die Ver&#228;nderung. Ursprung hierf&#252;r war damals das Pseudonym, weil der Mann in den Beitr&#228;gen immer als Held betitelt wurde. Dann kam der gro&#223;e Sohn, den wir Miniheld nannten und mit dem kleinen Sohn kam ein weiterer Held in mein Leben und irgendwie war ich dann in einem Haushalt voller Helden und das passte dann viel besser zu uns als Mondgras, ein Name, den ich aus meiner Schulzeit mit nahm. Ein Name, den mir eine Schulfreundin gab, die f&#252;r so viel kreativen Input in meinem Leben verantwortlich war. Und das meine ich damit, wenn ich sage, dass die Seite sich mit mir ver&#228;ndert und entwickelt hat. Von Kind, zum Teenager, zur Erwachsenen, zur Mutter&#8230; zu dem Menschen, der ich heute bin.&nbsp; Es ist seltsam. Ich habe einen Vormittag lang dagesessen und mich mit Hilfe der Seite archive.org bzw. der Wayback Maschine durch die Vergangenheit &#8220;gebl&#228;ttert&#8221;. Diese fertig Snapshots an und so kann man immer wieder mal schauen, was man fr&#252;her so gemacht hat. Sich alte Designs anschauen (die ganz alten bekommt es allerdings nicht richtig angezeigt), ein wenig auf den Titelseiten lesen, was einen so besch&#228;ftigt hat. Es war viel Sch&#246;nes dazwischen und ich habe einiges an Zeit dagelassen an diesem Tag. 20 Jahre Vergangenheit. Vieles davon ist hier noch zu finden. Manches bleibt einfach Erinnerung. Immer weiter schreiben&#8230; Nicht jeder kann verstehen, warum ich nach 20 Jahren noch immer so gerne hier schreibe. Es ist auch nicht mehr so spezifisch wie fr&#252;her, meist nur noch &#8220;banaler&#8221; Alltag, aber es geh&#246;rt f&#252;r mich einfach irgendwie dazu. So wie andere mit einer krassen Ausdauer Tagebuch schreiben k&#246;nnen (die mir absolut abhanden gekommen ist bzw. ich konnte das noch nie wirklich gut), brauche ich dieses Festhalten hier auf diesen Seiten. Es ist ein Teil von mir und ohne wird es wohl nie ganz gehen. Mit diesem Bewusstsein f&#228;llt es mir heute aber auch leichter es wirklich alles locker zu betrachten. Einfach ich zu sein, mich von Zahlen zu l&#246;sen und diesen st&#228;ndigen Ver&#228;nderungen in den Weiten des Internets zu strotzen. Teilweise merke ich bei manchen Dingen auch einfach, dass ich da heutzutage vielleicht auch etwas zu oldschool bin (Thema KI in Bild- und Textbereich zum Beispiel&#8230; wie steht Ihr dazu?). Einfach von heute auf morgen aufzuh&#246;ren, nein, das k&#246;nnte ich nicht. Vielmehr h&#228;tte ich manchmal gerne die Leichtigkeit beim Schreiben von fr&#252;her wieder. W&#252;rde gerne wieder mehr Fokus auf die kreativen Inhalte legen, aber daf&#252;r fehlt es aktuell einfach an innerer Ruhe. Und das, obwohl das Rausschrei(b)en der Gedanken ja schon fast wie eine kleine Therapie ist. Also vielleicht auf weitere 20 Jahre?! Wer wei&#223;, vielleicht tippe ich noch vorsichtige und zaghafte Zeilen, wenn meine Finger schon vom Alter gekr&#252;mmt und zittrig sind und wer wei&#223;, vielleicht seid ihr dann auch noch immer da und lest gerne mit. Wer wei&#223;, was sich in den n&#228;chsten Jahren hier alles noch an Ver&#228;nderungen auf tun wird. Zum Beispiel, wenn die Kinder ausziehen und sich wieder alles bei uns verlagern wird? Wer wei&#223;? Vielleicht werden wir mehr reisen oder ich werde doch noch zur Gartenbloggerin mit schwarzem Daumen? Vielleicht zeichne ich wieder mehr oder lerne doch endlich die Gitarre zu beherrschen? Vielleicht konnten sich meine Kinder ihre Tr&#228;ume erf&#252;llen und ich werde zum gr&#246;&#223;ten Fankurvenblog der Welt? Wer wei&#223;, wer wei&#223;&#8230; Was wir auf keinen Fall wollen, das ist Stillstand. Also schreiben wir immer weiter und weiter&#8230; Und feiern in weiteren 20 Jahren vielleicht ein halbes Jahrhundert. Wer ist dabei?<\/p>\n","protected":false},"author":1,"featured_media":60564,"comment_status":"open","ping_status":"open","sticky":false,"template":"","format":"standard","meta":{"ngg_post_thumbnail":0,"footnotes":""},"categories":[46,2210,50],"tags":[3539,278,1290,1369,279,1193,51],"class_list":["post-60477","post","type-post","status-publish","format-standard","has-post-thumbnail","hentry","category-feiertage","category-featured","category-gedanken","tag-25-jahre","tag-blog","tag-bloggen","tag-blogger","tag-jubilaum","tag-tagebuch","tag-erinnerungen"],"yoast_head":"<!-- This site is optimized with the Yoast SEO plugin v27.5 - https:\/\/yoast.com\/product\/yoast-seo-wordpress\/ -->\n<title>Heute vor 20 Jahren...mehr oder weniger! - Heldenhaushalt<\/title>\n<meta name=\"description\" content=\"Sind wir mit zarten 25 Jahren alt oder z\u00e4hlen wir eher noch zu der j\u00fcngeren Generation? Ich bef\u00fcrchte ja eher Ersteres, oder?\" \/>\n<meta name=\"robots\" content=\"index, follow, max-snippet:-1, max-image-preview:large, max-video-preview:-1\" \/>\n<link rel=\"canonical\" href=\"https:\/\/www.heldenhaushalt.de\/sari02\/index.php\/2024\/03\/14\/heute-vor-20-jahren-mehr-oder-weniger\/\" \/>\n<meta property=\"og:locale\" content=\"de_DE\" \/>\n<meta property=\"og:type\" content=\"article\" \/>\n<meta property=\"og:title\" content=\"Heute vor 20 Jahren...mehr oder weniger! - Heldenhaushalt\" \/>\n<meta property=\"og:description\" content=\"Sind wir mit zarten 25 Jahren alt oder z\u00e4hlen wir eher noch zu der j\u00fcngeren Generation? Ich bef\u00fcrchte ja eher Ersteres, oder?\" \/>\n<meta property=\"og:url\" content=\"https:\/\/www.heldenhaushalt.de\/sari02\/index.php\/2024\/03\/14\/heute-vor-20-jahren-mehr-oder-weniger\/\" \/>\n<meta property=\"og:site_name\" content=\"Heldenhaushalt\" \/>\n<meta property=\"article:published_time\" content=\"2024-03-14T09:00:00+00:00\" \/>\n<meta property=\"article:modified_time\" content=\"2024-03-21T10:02:45+00:00\" \/>\n<meta property=\"og:image\" content=\"https:\/\/www.heldenhaushalt.de\/sari02\/wp-content\/uploads\/2024\/03\/25jahre.jpg\" \/>\n\t<meta property=\"og:image:width\" content=\"1000\" \/>\n\t<meta property=\"og:image:height\" content=\"722\" \/>\n\t<meta property=\"og:image:type\" content=\"image\/jpeg\" \/>\n<meta name=\"author\" content=\"Sari\" \/>\n<meta name=\"twitter:card\" content=\"summary_large_image\" \/>\n<meta name=\"twitter:creator\" content=\"@Heldenhaushalt\" \/>\n<meta name=\"twitter:site\" content=\"@Heldenhaushalt\" \/>\n<meta name=\"twitter:label1\" content=\"Verfasst von\" \/>\n\t<meta name=\"twitter:data1\" content=\"Sari\" \/>\n\t<meta name=\"twitter:label2\" content=\"Gesch\u00e4tzte Lesezeit\" \/>\n\t<meta name=\"twitter:data2\" content=\"10\u00a0Minuten\" \/>\n<script type=\"application\/ld+json\" class=\"yoast-schema-graph\">{\"@context\":\"https:\\\/\\\/schema.org\",\"@graph\":[{\"@type\":\"Article\",\"@id\":\"https:\\\/\\\/www.heldenhaushalt.de\\\/sari02\\\/index.php\\\/2024\\\/03\\\/14\\\/heute-vor-20-jahren-mehr-oder-weniger\\\/#article\",\"isPartOf\":{\"@id\":\"https:\\\/\\\/www.heldenhaushalt.de\\\/sari02\\\/index.php\\\/2024\\\/03\\\/14\\\/heute-vor-20-jahren-mehr-oder-weniger\\\/\"},\"author\":{\"name\":\"Sari\",\"@id\":\"https:\\\/\\\/www.heldenhaushalt.de\\\/sari02\\\/#\\\/schema\\\/person\\\/a1cc69f42a01f412eb62c151353814f6\"},\"headline\":\"Heute vor 20 Jahren&#8230;mehr oder weniger!\",\"datePublished\":\"2024-03-14T09:00:00+00:00\",\"dateModified\":\"2024-03-21T10:02:45+00:00\",\"mainEntityOfPage\":{\"@id\":\"https:\\\/\\\/www.heldenhaushalt.de\\\/sari02\\\/index.php\\\/2024\\\/03\\\/14\\\/heute-vor-20-jahren-mehr-oder-weniger\\\/\"},\"wordCount\":1633,\"commentCount\":15,\"publisher\":{\"@id\":\"https:\\\/\\\/www.heldenhaushalt.de\\\/sari02\\\/#\\\/schema\\\/person\\\/a1cc69f42a01f412eb62c151353814f6\"},\"image\":{\"@id\":\"https:\\\/\\\/www.heldenhaushalt.de\\\/sari02\\\/index.php\\\/2024\\\/03\\\/14\\\/heute-vor-20-jahren-mehr-oder-weniger\\\/#primaryimage\"},\"thumbnailUrl\":\"https:\\\/\\\/www.heldenhaushalt.de\\\/sari02\\\/wp-content\\\/uploads\\\/2024\\\/03\\\/25jahre.jpg\",\"keywords\":[\"25 Jahre\",\"Blog\",\"Bloggen\",\"Blogger\",\"Jubil\u00e4um\",\"Tagebuch\",\"Zur\u00fcckgedacht\"],\"articleSection\":[\"Besondere Anl\u00e4sse\",\"Featured\",\"Gedankenwelt\"],\"inLanguage\":\"de\",\"potentialAction\":[{\"@type\":\"CommentAction\",\"name\":\"Comment\",\"target\":[\"https:\\\/\\\/www.heldenhaushalt.de\\\/sari02\\\/index.php\\\/2024\\\/03\\\/14\\\/heute-vor-20-jahren-mehr-oder-weniger\\\/#respond\"]}]},{\"@type\":\"WebPage\",\"@id\":\"https:\\\/\\\/www.heldenhaushalt.de\\\/sari02\\\/index.php\\\/2024\\\/03\\\/14\\\/heute-vor-20-jahren-mehr-oder-weniger\\\/\",\"url\":\"https:\\\/\\\/www.heldenhaushalt.de\\\/sari02\\\/index.php\\\/2024\\\/03\\\/14\\\/heute-vor-20-jahren-mehr-oder-weniger\\\/\",\"name\":\"Heute vor 20 Jahren...mehr oder weniger! - Heldenhaushalt\",\"isPartOf\":{\"@id\":\"https:\\\/\\\/www.heldenhaushalt.de\\\/sari02\\\/#website\"},\"primaryImageOfPage\":{\"@id\":\"https:\\\/\\\/www.heldenhaushalt.de\\\/sari02\\\/index.php\\\/2024\\\/03\\\/14\\\/heute-vor-20-jahren-mehr-oder-weniger\\\/#primaryimage\"},\"image\":{\"@id\":\"https:\\\/\\\/www.heldenhaushalt.de\\\/sari02\\\/index.php\\\/2024\\\/03\\\/14\\\/heute-vor-20-jahren-mehr-oder-weniger\\\/#primaryimage\"},\"thumbnailUrl\":\"https:\\\/\\\/www.heldenhaushalt.de\\\/sari02\\\/wp-content\\\/uploads\\\/2024\\\/03\\\/25jahre.jpg\",\"datePublished\":\"2024-03-14T09:00:00+00:00\",\"dateModified\":\"2024-03-21T10:02:45+00:00\",\"description\":\"Sind wir mit zarten 25 Jahren alt oder z\u00e4hlen wir eher noch zu der j\u00fcngeren Generation? Ich bef\u00fcrchte ja eher Ersteres, oder?\",\"breadcrumb\":{\"@id\":\"https:\\\/\\\/www.heldenhaushalt.de\\\/sari02\\\/index.php\\\/2024\\\/03\\\/14\\\/heute-vor-20-jahren-mehr-oder-weniger\\\/#breadcrumb\"},\"inLanguage\":\"de\",\"potentialAction\":[{\"@type\":\"ReadAction\",\"target\":[\"https:\\\/\\\/www.heldenhaushalt.de\\\/sari02\\\/index.php\\\/2024\\\/03\\\/14\\\/heute-vor-20-jahren-mehr-oder-weniger\\\/\"]}]},{\"@type\":\"ImageObject\",\"inLanguage\":\"de\",\"@id\":\"https:\\\/\\\/www.heldenhaushalt.de\\\/sari02\\\/index.php\\\/2024\\\/03\\\/14\\\/heute-vor-20-jahren-mehr-oder-weniger\\\/#primaryimage\",\"url\":\"https:\\\/\\\/www.heldenhaushalt.de\\\/sari02\\\/wp-content\\\/uploads\\\/2024\\\/03\\\/25jahre.jpg\",\"contentUrl\":\"https:\\\/\\\/www.heldenhaushalt.de\\\/sari02\\\/wp-content\\\/uploads\\\/2024\\\/03\\\/25jahre.jpg\",\"width\":1000,\"height\":722},{\"@type\":\"BreadcrumbList\",\"@id\":\"https:\\\/\\\/www.heldenhaushalt.de\\\/sari02\\\/index.php\\\/2024\\\/03\\\/14\\\/heute-vor-20-jahren-mehr-oder-weniger\\\/#breadcrumb\",\"itemListElement\":[{\"@type\":\"ListItem\",\"position\":1,\"name\":\"Startseite\",\"item\":\"https:\\\/\\\/www.heldenhaushalt.de\\\/sari02\\\/\"},{\"@type\":\"ListItem\",\"position\":2,\"name\":\"Heute vor 20 Jahren&#8230;mehr oder weniger!\"}]},{\"@type\":\"WebSite\",\"@id\":\"https:\\\/\\\/www.heldenhaushalt.de\\\/sari02\\\/#website\",\"url\":\"https:\\\/\\\/www.heldenhaushalt.de\\\/sari02\\\/\",\"name\":\"Heldenhaushalt\",\"description\":\"Wer es ordentlich haben will, der muss vorher anrufen\",\"publisher\":{\"@id\":\"https:\\\/\\\/www.heldenhaushalt.de\\\/sari02\\\/#\\\/schema\\\/person\\\/a1cc69f42a01f412eb62c151353814f6\"},\"potentialAction\":[{\"@type\":\"SearchAction\",\"target\":{\"@type\":\"EntryPoint\",\"urlTemplate\":\"https:\\\/\\\/www.heldenhaushalt.de\\\/sari02\\\/?s={search_term_string}\"},\"query-input\":{\"@type\":\"PropertyValueSpecification\",\"valueRequired\":true,\"valueName\":\"search_term_string\"}}],\"inLanguage\":\"de\"},{\"@type\":[\"Person\",\"Organization\"],\"@id\":\"https:\\\/\\\/www.heldenhaushalt.de\\\/sari02\\\/#\\\/schema\\\/person\\\/a1cc69f42a01f412eb62c151353814f6\",\"name\":\"Sari\",\"image\":{\"@type\":\"ImageObject\",\"inLanguage\":\"de\",\"@id\":\"https:\\\/\\\/www.heldenhaushalt.de\\\/sari02\\\/wp-content\\\/uploads\\\/2019\\\/02\\\/sari-april2018.png\",\"url\":\"https:\\\/\\\/www.heldenhaushalt.de\\\/sari02\\\/wp-content\\\/uploads\\\/2019\\\/02\\\/sari-april2018.png\",\"contentUrl\":\"https:\\\/\\\/www.heldenhaushalt.de\\\/sari02\\\/wp-content\\\/uploads\\\/2019\\\/02\\\/sari-april2018.png\",\"width\":500,\"height\":500,\"caption\":\"Sari\"},\"logo\":{\"@id\":\"https:\\\/\\\/www.heldenhaushalt.de\\\/sari02\\\/wp-content\\\/uploads\\\/2019\\\/02\\\/sari-april2018.png\"},\"description\":\"Frau Mondgras \u2013 Das bin ich, Sari. Gerne auch als Sari Mondgras bekannt und im Internet zu finden. 2-Fach-Mutter, Heldenehefrau, Kreativling, Harmonies\u00fcchtig und st\u00e4ndig auf der Suche nach Gl\u00fcck. Ich komme aus Berlin, bin hier aufgewachsen und lebe hier seit ich denken kann.\",\"sameAs\":[\"https:\\\/\\\/www.instagram.com\\\/heldenhaushalt\\\/\"],\"url\":\"https:\\\/\\\/www.heldenhaushalt.de\\\/sari02\\\/index.php\\\/author\\\/admin\\\/\"}]}<\/script>\n<!-- \/ Yoast SEO plugin. -->","yoast_head_json":{"title":"Heute vor 20 Jahren...mehr oder weniger! - Heldenhaushalt","description":"Sind wir mit zarten 25 Jahren alt oder z\u00e4hlen wir eher noch zu der j\u00fcngeren Generation? Ich bef\u00fcrchte ja eher Ersteres, oder?","robots":{"index":"index","follow":"follow","max-snippet":"max-snippet:-1","max-image-preview":"max-image-preview:large","max-video-preview":"max-video-preview:-1"},"canonical":"https:\/\/www.heldenhaushalt.de\/sari02\/index.php\/2024\/03\/14\/heute-vor-20-jahren-mehr-oder-weniger\/","og_locale":"de_DE","og_type":"article","og_title":"Heute vor 20 Jahren...mehr oder weniger! - Heldenhaushalt","og_description":"Sind wir mit zarten 25 Jahren alt oder z\u00e4hlen wir eher noch zu der j\u00fcngeren Generation? Ich bef\u00fcrchte ja eher Ersteres, oder?","og_url":"https:\/\/www.heldenhaushalt.de\/sari02\/index.php\/2024\/03\/14\/heute-vor-20-jahren-mehr-oder-weniger\/","og_site_name":"Heldenhaushalt","article_published_time":"2024-03-14T09:00:00+00:00","article_modified_time":"2024-03-21T10:02:45+00:00","og_image":[{"width":1000,"height":722,"url":"https:\/\/www.heldenhaushalt.de\/sari02\/wp-content\/uploads\/2024\/03\/25jahre.jpg","type":"image\/jpeg"}],"author":"Sari","twitter_card":"summary_large_image","twitter_creator":"@Heldenhaushalt","twitter_site":"@Heldenhaushalt","twitter_misc":{"Verfasst von":"Sari","Gesch\u00e4tzte Lesezeit":"10\u00a0Minuten"},"schema":{"@context":"https:\/\/schema.org","@graph":[{"@type":"Article","@id":"https:\/\/www.heldenhaushalt.de\/sari02\/index.php\/2024\/03\/14\/heute-vor-20-jahren-mehr-oder-weniger\/#article","isPartOf":{"@id":"https:\/\/www.heldenhaushalt.de\/sari02\/index.php\/2024\/03\/14\/heute-vor-20-jahren-mehr-oder-weniger\/"},"author":{"name":"Sari","@id":"https:\/\/www.heldenhaushalt.de\/sari02\/#\/schema\/person\/a1cc69f42a01f412eb62c151353814f6"},"headline":"Heute vor 20 Jahren&#8230;mehr oder weniger!","datePublished":"2024-03-14T09:00:00+00:00","dateModified":"2024-03-21T10:02:45+00:00","mainEntityOfPage":{"@id":"https:\/\/www.heldenhaushalt.de\/sari02\/index.php\/2024\/03\/14\/heute-vor-20-jahren-mehr-oder-weniger\/"},"wordCount":1633,"commentCount":15,"publisher":{"@id":"https:\/\/www.heldenhaushalt.de\/sari02\/#\/schema\/person\/a1cc69f42a01f412eb62c151353814f6"},"image":{"@id":"https:\/\/www.heldenhaushalt.de\/sari02\/index.php\/2024\/03\/14\/heute-vor-20-jahren-mehr-oder-weniger\/#primaryimage"},"thumbnailUrl":"https:\/\/www.heldenhaushalt.de\/sari02\/wp-content\/uploads\/2024\/03\/25jahre.jpg","keywords":["25 Jahre","Blog","Bloggen","Blogger","Jubil\u00e4um","Tagebuch","Zur\u00fcckgedacht"],"articleSection":["Besondere Anl\u00e4sse","Featured","Gedankenwelt"],"inLanguage":"de","potentialAction":[{"@type":"CommentAction","name":"Comment","target":["https:\/\/www.heldenhaushalt.de\/sari02\/index.php\/2024\/03\/14\/heute-vor-20-jahren-mehr-oder-weniger\/#respond"]}]},{"@type":"WebPage","@id":"https:\/\/www.heldenhaushalt.de\/sari02\/index.php\/2024\/03\/14\/heute-vor-20-jahren-mehr-oder-weniger\/","url":"https:\/\/www.heldenhaushalt.de\/sari02\/index.php\/2024\/03\/14\/heute-vor-20-jahren-mehr-oder-weniger\/","name":"Heute vor 20 Jahren...mehr oder weniger! - Heldenhaushalt","isPartOf":{"@id":"https:\/\/www.heldenhaushalt.de\/sari02\/#website"},"primaryImageOfPage":{"@id":"https:\/\/www.heldenhaushalt.de\/sari02\/index.php\/2024\/03\/14\/heute-vor-20-jahren-mehr-oder-weniger\/#primaryimage"},"image":{"@id":"https:\/\/www.heldenhaushalt.de\/sari02\/index.php\/2024\/03\/14\/heute-vor-20-jahren-mehr-oder-weniger\/#primaryimage"},"thumbnailUrl":"https:\/\/www.heldenhaushalt.de\/sari02\/wp-content\/uploads\/2024\/03\/25jahre.jpg","datePublished":"2024-03-14T09:00:00+00:00","dateModified":"2024-03-21T10:02:45+00:00","description":"Sind wir mit zarten 25 Jahren alt oder z\u00e4hlen wir eher noch zu der j\u00fcngeren Generation? Ich bef\u00fcrchte ja eher Ersteres, oder?","breadcrumb":{"@id":"https:\/\/www.heldenhaushalt.de\/sari02\/index.php\/2024\/03\/14\/heute-vor-20-jahren-mehr-oder-weniger\/#breadcrumb"},"inLanguage":"de","potentialAction":[{"@type":"ReadAction","target":["https:\/\/www.heldenhaushalt.de\/sari02\/index.php\/2024\/03\/14\/heute-vor-20-jahren-mehr-oder-weniger\/"]}]},{"@type":"ImageObject","inLanguage":"de","@id":"https:\/\/www.heldenhaushalt.de\/sari02\/index.php\/2024\/03\/14\/heute-vor-20-jahren-mehr-oder-weniger\/#primaryimage","url":"https:\/\/www.heldenhaushalt.de\/sari02\/wp-content\/uploads\/2024\/03\/25jahre.jpg","contentUrl":"https:\/\/www.heldenhaushalt.de\/sari02\/wp-content\/uploads\/2024\/03\/25jahre.jpg","width":1000,"height":722},{"@type":"BreadcrumbList","@id":"https:\/\/www.heldenhaushalt.de\/sari02\/index.php\/2024\/03\/14\/heute-vor-20-jahren-mehr-oder-weniger\/#breadcrumb","itemListElement":[{"@type":"ListItem","position":1,"name":"Startseite","item":"https:\/\/www.heldenhaushalt.de\/sari02\/"},{"@type":"ListItem","position":2,"name":"Heute vor 20 Jahren&#8230;mehr oder weniger!"}]},{"@type":"WebSite","@id":"https:\/\/www.heldenhaushalt.de\/sari02\/#website","url":"https:\/\/www.heldenhaushalt.de\/sari02\/","name":"Heldenhaushalt","description":"Wer es ordentlich haben will, der muss vorher anrufen","publisher":{"@id":"https:\/\/www.heldenhaushalt.de\/sari02\/#\/schema\/person\/a1cc69f42a01f412eb62c151353814f6"},"potentialAction":[{"@type":"SearchAction","target":{"@type":"EntryPoint","urlTemplate":"https:\/\/www.heldenhaushalt.de\/sari02\/?s={search_term_string}"},"query-input":{"@type":"PropertyValueSpecification","valueRequired":true,"valueName":"search_term_string"}}],"inLanguage":"de"},{"@type":["Person","Organization"],"@id":"https:\/\/www.heldenhaushalt.de\/sari02\/#\/schema\/person\/a1cc69f42a01f412eb62c151353814f6","name":"Sari","image":{"@type":"ImageObject","inLanguage":"de","@id":"https:\/\/www.heldenhaushalt.de\/sari02\/wp-content\/uploads\/2019\/02\/sari-april2018.png","url":"https:\/\/www.heldenhaushalt.de\/sari02\/wp-content\/uploads\/2019\/02\/sari-april2018.png","contentUrl":"https:\/\/www.heldenhaushalt.de\/sari02\/wp-content\/uploads\/2019\/02\/sari-april2018.png","width":500,"height":500,"caption":"Sari"},"logo":{"@id":"https:\/\/www.heldenhaushalt.de\/sari02\/wp-content\/uploads\/2019\/02\/sari-april2018.png"},"description":"Frau Mondgras \u2013 Das bin ich, Sari. Gerne auch als Sari Mondgras bekannt und im Internet zu finden. 2-Fach-Mutter, Heldenehefrau, Kreativling, Harmonies\u00fcchtig und st\u00e4ndig auf der Suche nach Gl\u00fcck. Ich komme aus Berlin, bin hier aufgewachsen und lebe hier seit ich denken kann.","sameAs":["https:\/\/www.instagram.com\/heldenhaushalt\/"],"url":"https:\/\/www.heldenhaushalt.de\/sari02\/index.php\/author\/admin\/"}]}},"views":2143,"_links":{"self":[{"href":"https:\/\/www.heldenhaushalt.de\/sari02\/index.php\/wp-json\/wp\/v2\/posts\/60477","targetHints":{"allow":["GET"]}}],"collection":[{"href":"https:\/\/www.heldenhaushalt.de\/sari02\/index.php\/wp-json\/wp\/v2\/posts"}],"about":[{"href":"https:\/\/www.heldenhaushalt.de\/sari02\/index.php\/wp-json\/wp\/v2\/types\/post"}],"author":[{"embeddable":true,"href":"https:\/\/www.heldenhaushalt.de\/sari02\/index.php\/wp-json\/wp\/v2\/users\/1"}],"replies":[{"embeddable":true,"href":"https:\/\/www.heldenhaushalt.de\/sari02\/index.php\/wp-json\/wp\/v2\/comments?post=60477"}],"version-history":[{"count":5,"href":"https:\/\/www.heldenhaushalt.de\/sari02\/index.php\/wp-json\/wp\/v2\/posts\/60477\/revisions"}],"predecessor-version":[{"id":60582,"href":"https:\/\/www.heldenhaushalt.de\/sari02\/index.php\/wp-json\/wp\/v2\/posts\/60477\/revisions\/60582"}],"wp:featuredmedia":[{"embeddable":true,"href":"https:\/\/www.heldenhaushalt.de\/sari02\/index.php\/wp-json\/wp\/v2\/media\/60564"}],"wp:attachment":[{"href":"https:\/\/www.heldenhaushalt.de\/sari02\/index.php\/wp-json\/wp\/v2\/media?parent=60477"}],"wp:term":[{"taxonomy":"category","embeddable":true,"href":"https:\/\/www.heldenhaushalt.de\/sari02\/index.php\/wp-json\/wp\/v2\/categories?post=60477"},{"taxonomy":"post_tag","embeddable":true,"href":"https:\/\/www.heldenhaushalt.de\/sari02\/index.php\/wp-json\/wp\/v2\/tags?post=60477"}],"curies":[{"name":"wp","href":"https:\/\/api.w.org\/{rel}","templated":true}]}}