{"id":60749,"date":"2024-04-09T10:22:08","date_gmt":"2024-04-09T08:22:08","guid":{"rendered":"https:\/\/www.heldenhaushalt.de\/sari02\/?p=60749"},"modified":"2024-04-09T10:22:08","modified_gmt":"2024-04-09T08:22:08","slug":"gedankentagebuch-24-und-dann-frage-ich-mich-warum-ich-zoegerte","status":"publish","type":"post","link":"https:\/\/www.heldenhaushalt.de\/sari02\/index.php\/2024\/04\/09\/gedankentagebuch-24-und-dann-frage-ich-mich-warum-ich-zoegerte\/","title":{"rendered":"Gedankentagebuch #24 &#8211; Und dann frage ich mich, warum ich z&#246;gerte&#8230;"},"content":{"rendered":"<p>Gerade, wenn es um die eigenen Kinder geht, hat man enorm viel Angst Fehler zu machen. Wenn ich im Laufe der letzten Jahre etwas gelernt habe dann, dass man meist dann die Fehler macht, wenn man am meisten Angst davor hat Fehler zu machen. Man l&#228;sst sich dadurch so massiv verunsichern, dass man sich selbst im Weg steht. Das habe ich in so vielen verschiedenen Lebenssituationen, banal oder auch enorm wichtig, schon erleben m&#252;ssen. Ein banales Beispiel w&#228;re in dem Fall zum Beispiel: Ich muss etwas vortragen und habe Angst mich zu verhaspeln, zu stottern und dann schlecht verstanden zu werden. Diese Angst ist dann so gro&#223;, dass ich mit einer Nervosit&#228;t vor die Leute trete, so dass meine Stimme dann tats&#228;chlich vor Aufregung zittert.&nbsp;<\/p>\n\n<h2>Im Laufe der Jahre standen wir vor vielen Entscheidungen<\/h2>\n<p>Angefangen mit dem Namen des Kindes. Ich kann mich noch gut erinnern, wie wir vor etwas &#252;ber 13 Jahren (oh Gott, was f&#252;r eine Zahl das schon ist) immer wieder mal zusammen sa&#223;en und uns verschiedene Namen vorsagten. Ich bl&#228;tterte damals auch noch in einem Namenbuch und las jeden einzelnen, um zu schauen, wie ich mich damit f&#252;hle. Ob ich IHN f&#252;hlte, also den Namen. Ob er zu diesem Wesen passen w&#252;rde, das da in mir heranwuchs. Ich fand diese Entscheidung unglaublich schwer, denn sie w&#252;rde mein Kind ein Leben lang begleiten.&nbsp;<\/p>\n<p>Ich wei&#223; noch als Kind hatte ich Phasen, da mochte ich meinen Namen so gar nicht. Also wirklich &#252;berhaupt nicht und so wollte ich eine ganze Zeit lang Josephine genannt werden und als Spitzname sollte es bitte Josi sein. Ich glaube ich habe mich damals von einer Kinderserie beeinflussen lassen. Eine Weile sp&#228;ter war es dann der Name &#8220;Antonia&#8221; mit dem Spitznamen &#8220;Toni&#8221;. Ich wei&#223; auch nicht, alles war irgendwie besser als Sarah. Vor allem, weil kaum einer das H an die richtige Stelle setzte und ich in der Schule gerne Sahara genannt wurde von anderen Kindern. Heute bin ich &#252;brigens mit meinem Namen im Reinen, wobei ich doch mehr auf Sari als auf Sarah reagiere. Eigentlich f&#252;hlt es sich sogar total komisch f&#252;r mich an, wenn jemand meinen Namen normal benutzt.<\/p>\n<p>Na jedenfalls empfand ich es als eine enorm gro&#223;e Verantwortung diese Entscheidung zu treffen und meinem Kind einen Namen zu geben, den es ein Leben lang tragen w&#252;rde.<\/p>\n<h2>Am Ende pendelten wir uns auf zwei bis drei Varianten ein&#8230;<\/h2>\n<p>Ein weiterer wichtiger Faktor ist ja, dass er uns beiden gefallen musste. Ich hatte doch teilweise andere Namensw&#252;nsche als der Mann und irgendwie mussten wir ja eine Mitte finden, die wir beide gut fanden. Mit der Zeit kamen wir dann auf zwei drei Namen, die uns beiden wirklich gut gefielen und als wir unseren Sohn dann endlich im Arm hielten, war mir schnell klar, dass der Favorit nicht passte. Ich sah dem kleinen Mann ins Gesicht und f&#252;hlte es nicht. Tats&#228;chlich nutzten wir die zwei Tage, bevor wir die Urkunde im Krankenhaus ausf&#252;llen mussten, voll aus und lie&#223;en uns Zeit um uns wirklich sicher zu sein. Die anderen zwei Namen wurden es dann. Ja, beide, wobei wir den Favoriten der beiden dann an die erste Stelle setzten und den zweiten dazu schrieben, um unserem Kind zumindest die M&#246;glichkeit zu geben sp&#228;ter eine Art Auswahl zu haben, mit der es sich wohl f&#252;hlen w&#252;rde.&nbsp;<\/p>\n<h2>Eine Entscheidung zu treffen ist irgendwie immer eine gro&#223;e Last<\/h2>\n<p>Das war jetzt irgendwie ganz sch&#246;n lange erz&#228;hlt, daf&#252;r, dass ich heute wieder viele Gedankeng&#228;nge habe, die sich halt vor allem auf Ver&#228;nderungen beziehen denen meist eine gro&#223;e Entscheidung voran geht. Es ist halt immer eine Sache, wenn man etwas f&#252;r sich selbst entscheidet, denn die Konsequenzen muss man ja dann auch selber tragen. Aber f&#252;r jemand anderen den Weg zu weisen, das ist f&#252;r mich noch einmal eine ganz andere Baustelle. Ich k&#246;nnte meinem Kind unn&#246;tig Steine in den Weg legen oder gar den falschen Abzweig gew&#228;hlt haben und ihm damit alles verbauen. Oder es war genau das Richtige, aber das wissen wir nun mal vorher nicht.<\/p>\n<p>Fr&#252;h schon in die Kita oder erst ab 3 Jahren oder gar nicht? Wobei ich erst heute las, dass ein Kitajahr vor der Einschulung ein Muss wird und ich habe das durchaus auch als sinnvoll gesehen, weil ein Kind (meiner Meinung nach) so nicht ins kalte Wasser geworfen wird, wenn es dann in die Schule kommt. Aber nicht jedes Kind ist auch ein Kitakind. Der gro&#223;e Sohn war es nicht.&nbsp;<\/p>\n<p>R&#252;ckblickend h&#228;tten wir ihn vielleicht nicht in die Kita schicken sollen. Er hat sich dort nie 100% wohl gef&#252;hlt und das lag nicht an der Einrichtung alleine. Er war einfach schon immer mehr Schul- als Kitakind, aber ich fand die sozialen Kontakte im Vorfeld so wichtig. Als er dann in die Schule kam, so vieles schon konnte und recht schnell schon mit den Zweitkl&#228;sslern mitlief war klar, dass er endlich da angekommen war, wo er die ganze Zeit schon hingeh&#246;rte und ich fragte mich, ob wir ihn nicht doch schon h&#228;tten fr&#252;her einschulen sollen.<\/p>\n<p>Als der Wechsel auf das Gymnasium kam, war das auch so ein Zeitraum, in dem wir alle drei &#8211; also mit dem Sohn zusammen &#8211; immer wieder am Abw&#228;gen waren ob es der richtige Weg f&#252;r ihn war oder nicht. Wochen und Monate haben wir immer wieder &#252;berlegt, abgewogen, gegr&#252;belt&#8230; es war eine gro&#223;e Entscheidung: Fr&#252;hzeitig ja oder nein. Wieder so eine Entscheidung, die Einfluss auf den Weg des Kindes haben w&#252;rde und immer diese Angst, die mitschwingt, dass es auch die falsche sein k&#246;nnte und das Kind dann die Konsequenzen tragen muss.<\/p>\n<h2>Wer entscheidet das eigentlich?<\/h2>\n<p>Wir hatten ja nun in den letzten Monaten etwas &#228;hnliches mit dem kleinen Sohn. Eine F&#246;rderm&#246;glichkeit hatte sich ergeben, die eventuell eine gro&#223;e Entscheidung mit sich bringen w&#252;rde. Wir haben mit so vielen Menschen gesprochen, sie nach ihrer Meinung gefragt und was sie tun w&#252;rden. Wir haben mit &#8220;Experten&#8221; aus dem Bereich gesprochen, Menschen, die seit Jahren in NLZ oder anderen erfolgreichen Teams zu tun haben und um deren Erfahrungen gebeten. Letztendlich hat es uns kaum geholfen, denn jeder hatte eine andere Ansicht und einerseits tat sich hier eine gro&#223;e Gelegenheit auf, andererseits sprechen wir &#252;ber ein 8 j&#228;hriges Kind, das noch so viel Zeit hat auf seiner Reise.<\/p>\n<p>Am krassesten fand ich dabei die Aussage &#8220;Man darf so eine Entscheidung nicht vom Kind treffen lassen. Es ist doch noch gar nicht in der Lage das richtig einzusch&#228;tzen&#8221;. Dennoch ist f&#252;r mich ein ganz wichtiger Faktor bei solch massiven Ver&#228;nderungen auf ihrem Lebensweg, dass sie diesen gl&#252;cklich beschreiten und ich habe es schon erlebt: Eltern haben die Entscheidung f&#252;r ihr Kind getroffen ohne dessen Bed&#252;rfnisse mit zu ber&#252;cksichtigen, weil es ihrer Meinung nach der sinnvollere Weg ist und am Ende blicke ich auf ein Kind, dass eines vor allem nicht ist &#8211; gl&#252;cklich. Mag sein, dass ein Kind noch jung und formbar ist und sich an so einen neuen Lebensabschnitt gew&#246;hnen kann, aber ich w&#252;rde niemals etwas f&#252;r mein Kind entscheiden, von dem ich w&#252;sste, dass es das &#252;berhaupt nicht m&#246;chte. Sicherlich gibt es Dinge, bei denen wir Eltern eine etwas h&#246;here Entscheidungsgewalt haben als die Kinder, aber diese sollten zu jedem Zeitpunkt auch eine Art Veto-Recht haben oder sehe ich das falsch?<\/p>\n<h2>Und manchmal gibt es Dinge, bei denen ich mich frage: Warum habe ich gez&#246;gert?<\/h2>\n<p>Das letzte Jahr war in so mancher Hinsicht nicht einfach. Der gro&#223;e Sohn musste sich mit vielen gro&#223;en Ver&#228;nderungen in dem Bereich auseinander setzen, der seine gr&#246;&#223;te Leidenschaft betrifft und er hat noch immer einiges an Entt&#228;uschungen zu verarbeiten. Wir hatten als &#220;bergangsphase etwas gefunden, von dem er dennoch profitieren konnte und eine Art Mittelweg entwickelt, indem wir viele Gespr&#228;che mit verschiedenen Instanzen gef&#252;hrt hatten. So hatte er die M&#246;glichkeit sich an zwei Stellen zu entwickeln. Die eine hatte den Schwerpunkt sein Selbstbewusstsein zu st&#228;rken und die andere seine Entwicklung weiter zu f&#246;rdern und in beiden Bereichen hat er viel positives Feedback erhalten. Insgesamt war es also wohl der richtige Weg, den wir erst einmal eingeschlagen haben (aber es h&#228;tte eben auch anders laufen k&#246;nnen).<\/p>\n<p>Im Laufe der Zeit zeichnete sich allerdings ein Trend ab, den wir schon seit seiner Geburt bei ihm beobachten: Er ist seinem Alter 1-2 Jahre voraus. Wie ein roter Faden zieht es sich durch sein Leben, dass er sich unter &#228;lteren Kindern immer wohler gef&#252;hlt hat und so war es auch dieses Mal. In den letzten Monaten sa&#223; ich immer wieder da und sagte mir selbst &#8220;Ich schaue mir das f&#252;r einen Zeitraum an und notfalls trete ich Ver&#228;nderung los&#8221;.&nbsp;<\/p>\n<p>Mehr und mehr zeichnete es sich wieder ab, dass sich der Sohn unter den &#228;lteren einfach irgendwie wohler f&#252;hlte und obwohl wir uns zu Anfang gegen diesen Weg entschieden hatten, weil er einfach noch Raum zum Entwickeln haben sollte, denke ich heute, dass wir wieder einmal nicht h&#228;tten z&#246;gern und ihn direkt h&#228;tten schicken sollen.<\/p>\n<p>Aber damit komme ich wieder auf das anf&#228;ngliche Thema zur&#252;ck: Entscheidungen zu treffen, vor allem f&#252;r jemand anderen, das ist echt die gr&#246;&#223;te Herausforderung &#252;berhaupt. Denn jede Entscheidung hat Einfluss auf die Zukunft und man m&#246;chte f&#252;r sein Kind nur die beste erreichen, die geht. Ja, es geh&#246;rt auch dazu mal auf den Hintern zu fallen, sich wieder aufzurichten, aus den Fehlern zu lernen und es erneut zu versuchen, aber man m&#246;chte unn&#246;tig gro&#223;e und belastende Steine nat&#252;rlich m&#246;glichst verhindern, nicht wahr?<\/p>\n<p>Dieses Mal hat es sich fast von alleine gef&#252;gt und ich sehe die Ver&#228;nderung in meinem Kind. Sehe, wie Freude und Stolz bei ihm einziehen und nochmal eine vollkommen neue Motivation in ihm w&#228;chst und das macht mich gl&#252;cklich. Die Erfahrungen der letzten Monate waren genauso wertvoll und wichtig und haben viel positiven Einfluss auf ihn genommen, so dass es sicherlich keine falsche Entscheidung war und trotzdem fragt eine kleine leise Stimme in mir &#8220;Warum habt ihr gez&#246;gert&#8221;.<\/p>\n","protected":false},"excerpt":{"rendered":"<p>Gerade, wenn es um die eigenen Kinder geht, hat man enorm viel Angst Fehler zu machen. Wenn ich im Laufe der letzten Jahre etwas gelernt habe dann, dass man meist dann die Fehler macht, wenn man am meisten Angst davor hat Fehler zu machen. Man l&#228;sst sich dadurch so massiv verunsichern, dass man sich selbst im Weg steht. Das habe ich in so vielen verschiedenen Lebenssituationen, banal oder auch enorm wichtig, schon erleben m&#252;ssen. Ein banales Beispiel w&#228;re in dem Fall zum Beispiel: Ich muss etwas vortragen und habe Angst mich zu verhaspeln, zu stottern und dann schlecht verstanden zu werden. Diese Angst ist dann so gro&#223;, dass ich mit einer Nervosit&#228;t vor die Leute trete, so dass meine Stimme dann tats&#228;chlich vor Aufregung zittert.&nbsp; Im Laufe der Jahre standen wir vor vielen Entscheidungen Angefangen mit dem Namen des Kindes. Ich kann mich noch gut erinnern, wie wir vor etwas &#252;ber 13 Jahren (oh Gott, was f&#252;r eine Zahl das schon ist) immer wieder mal zusammen sa&#223;en und uns verschiedene Namen vorsagten. Ich bl&#228;tterte damals auch noch in einem Namenbuch und las jeden einzelnen, um zu schauen, wie ich mich damit f&#252;hle. Ob ich IHN f&#252;hlte, also den Namen. Ob er zu diesem Wesen passen w&#252;rde, das da in mir heranwuchs. Ich fand diese Entscheidung unglaublich schwer, denn sie w&#252;rde mein Kind ein Leben lang begleiten.&nbsp; Ich wei&#223; noch als Kind hatte ich Phasen, da mochte ich meinen Namen so gar nicht. Also wirklich &#252;berhaupt nicht und so wollte ich eine ganze Zeit lang Josephine genannt werden und als Spitzname sollte es bitte Josi sein. Ich glaube ich habe mich damals von einer Kinderserie beeinflussen lassen. Eine Weile sp&#228;ter war es dann der Name &#8220;Antonia&#8221; mit dem Spitznamen &#8220;Toni&#8221;. Ich wei&#223; auch nicht, alles war irgendwie besser als Sarah. Vor allem, weil kaum einer das H an die richtige Stelle setzte und ich in der Schule gerne Sahara genannt wurde von anderen Kindern. Heute bin ich &#252;brigens mit meinem Namen im Reinen, wobei ich doch mehr auf Sari als auf Sarah reagiere. Eigentlich f&#252;hlt es sich sogar total komisch f&#252;r mich an, wenn jemand meinen Namen normal benutzt. Na jedenfalls empfand ich es als eine enorm gro&#223;e Verantwortung diese Entscheidung zu treffen und meinem Kind einen Namen zu geben, den es ein Leben lang tragen w&#252;rde. Am Ende pendelten wir uns auf zwei bis drei Varianten ein&#8230; Ein weiterer wichtiger Faktor ist ja, dass er uns beiden gefallen musste. Ich hatte doch teilweise andere Namensw&#252;nsche als der Mann und irgendwie mussten wir ja eine Mitte finden, die wir beide gut fanden. Mit der Zeit kamen wir dann auf zwei drei Namen, die uns beiden wirklich gut gefielen und als wir unseren Sohn dann endlich im Arm hielten, war mir schnell klar, dass der Favorit nicht passte. Ich sah dem kleinen Mann ins Gesicht und f&#252;hlte es nicht. Tats&#228;chlich nutzten wir die zwei Tage, bevor wir die Urkunde im Krankenhaus ausf&#252;llen mussten, voll aus und lie&#223;en uns Zeit um uns wirklich sicher zu sein. Die anderen zwei Namen wurden es dann. Ja, beide, wobei wir den Favoriten der beiden dann an die erste Stelle setzten und den zweiten dazu schrieben, um unserem Kind zumindest die M&#246;glichkeit zu geben sp&#228;ter eine Art Auswahl zu haben, mit der es sich wohl f&#252;hlen w&#252;rde.&nbsp; Eine Entscheidung zu treffen ist irgendwie immer eine gro&#223;e Last Das war jetzt irgendwie ganz sch&#246;n lange erz&#228;hlt, daf&#252;r, dass ich heute wieder viele Gedankeng&#228;nge habe, die sich halt vor allem auf Ver&#228;nderungen beziehen denen meist eine gro&#223;e Entscheidung voran geht. Es ist halt immer eine Sache, wenn man etwas f&#252;r sich selbst entscheidet, denn die Konsequenzen muss man ja dann auch selber tragen. Aber f&#252;r jemand anderen den Weg zu weisen, das ist f&#252;r mich noch einmal eine ganz andere Baustelle. Ich k&#246;nnte meinem Kind unn&#246;tig Steine in den Weg legen oder gar den falschen Abzweig gew&#228;hlt haben und ihm damit alles verbauen. Oder es war genau das Richtige, aber das wissen wir nun mal vorher nicht. Fr&#252;h schon in die Kita oder erst ab 3 Jahren oder gar nicht? Wobei ich erst heute las, dass ein Kitajahr vor der Einschulung ein Muss wird und ich habe das durchaus auch als sinnvoll gesehen, weil ein Kind (meiner Meinung nach) so nicht ins kalte Wasser geworfen wird, wenn es dann in die Schule kommt. Aber nicht jedes Kind ist auch ein Kitakind. Der gro&#223;e Sohn war es nicht.&nbsp; R&#252;ckblickend h&#228;tten wir ihn vielleicht nicht in die Kita schicken sollen. Er hat sich dort nie 100% wohl gef&#252;hlt und das lag nicht an der Einrichtung alleine. Er war einfach schon immer mehr Schul- als Kitakind, aber ich fand die sozialen Kontakte im Vorfeld so wichtig. Als er dann in die Schule kam, so vieles schon konnte und recht schnell schon mit den Zweitkl&#228;sslern mitlief war klar, dass er endlich da angekommen war, wo er die ganze Zeit schon hingeh&#246;rte und ich fragte mich, ob wir ihn nicht doch schon h&#228;tten fr&#252;her einschulen sollen. Als der Wechsel auf das Gymnasium kam, war das auch so ein Zeitraum, in dem wir alle drei &#8211; also mit dem Sohn zusammen &#8211; immer wieder am Abw&#228;gen waren ob es der richtige Weg f&#252;r ihn war oder nicht. Wochen und Monate haben wir immer wieder &#252;berlegt, abgewogen, gegr&#252;belt&#8230; es war eine gro&#223;e Entscheidung: Fr&#252;hzeitig ja oder nein. Wieder so eine Entscheidung, die Einfluss auf den Weg des Kindes haben w&#252;rde und immer diese Angst, die mitschwingt, dass es auch die falsche sein k&#246;nnte und das Kind dann die Konsequenzen tragen muss. Wer entscheidet das eigentlich? Wir hatten ja nun in den letzten Monaten etwas &#228;hnliches mit dem kleinen Sohn. Eine F&#246;rderm&#246;glichkeit hatte sich ergeben, die eventuell eine gro&#223;e Entscheidung mit sich bringen w&#252;rde. Wir haben mit so vielen Menschen gesprochen, sie nach ihrer Meinung gefragt und was sie tun w&#252;rden. Wir haben mit &#8220;Experten&#8221; aus dem Bereich gesprochen, Menschen, die seit Jahren in NLZ oder anderen erfolgreichen Teams zu tun haben und um deren Erfahrungen gebeten. Letztendlich hat es uns kaum geholfen, denn jeder hatte eine andere Ansicht und einerseits tat sich hier eine gro&#223;e Gelegenheit auf, andererseits sprechen wir &#252;ber ein 8 j&#228;hriges Kind, das noch so viel Zeit hat auf seiner Reise. Am krassesten fand ich dabei die Aussage &#8220;Man darf so eine Entscheidung nicht vom Kind treffen lassen. Es ist doch noch gar nicht in der Lage das richtig einzusch&#228;tzen&#8221;. Dennoch ist f&#252;r mich ein ganz wichtiger Faktor bei solch massiven Ver&#228;nderungen auf ihrem Lebensweg, dass sie diesen gl&#252;cklich beschreiten und ich habe es schon erlebt: Eltern haben die Entscheidung f&#252;r ihr Kind getroffen ohne dessen Bed&#252;rfnisse mit zu ber&#252;cksichtigen, weil es ihrer Meinung nach der sinnvollere Weg ist und am Ende blicke ich auf ein Kind, dass eines vor allem nicht ist &#8211; gl&#252;cklich. Mag sein, dass ein Kind noch jung und formbar ist und sich an so einen neuen Lebensabschnitt gew&#246;hnen kann, aber ich w&#252;rde niemals etwas f&#252;r mein Kind entscheiden, von dem ich w&#252;sste, dass es das &#252;berhaupt nicht m&#246;chte. Sicherlich gibt es Dinge, bei denen wir Eltern eine etwas h&#246;here Entscheidungsgewalt haben als die Kinder, aber diese sollten zu jedem Zeitpunkt auch eine Art Veto-Recht haben oder sehe ich das falsch? Und manchmal gibt es Dinge, bei denen ich mich frage: Warum habe ich gez&#246;gert? Das letzte Jahr war in so mancher Hinsicht nicht einfach. Der gro&#223;e Sohn musste sich mit vielen gro&#223;en Ver&#228;nderungen in dem Bereich auseinander setzen, der seine gr&#246;&#223;te Leidenschaft betrifft und er hat noch immer einiges an Entt&#228;uschungen zu verarbeiten. Wir hatten als &#220;bergangsphase etwas gefunden, von dem er dennoch profitieren konnte und eine Art Mittelweg entwickelt, indem wir viele Gespr&#228;che mit verschiedenen Instanzen gef&#252;hrt hatten. So hatte er die M&#246;glichkeit sich an zwei Stellen zu entwickeln. Die eine hatte den Schwerpunkt sein Selbstbewusstsein zu st&#228;rken und die andere seine Entwicklung weiter zu f&#246;rdern und in beiden Bereichen hat er viel positives Feedback erhalten. Insgesamt war es also wohl der richtige Weg, den wir erst einmal eingeschlagen haben (aber es h&#228;tte eben auch anders laufen k&#246;nnen). Im Laufe der Zeit zeichnete sich allerdings ein Trend ab, den wir schon seit seiner Geburt bei ihm beobachten: Er ist seinem Alter 1-2 Jahre voraus. Wie ein roter Faden zieht es sich durch sein Leben, dass er sich unter &#228;lteren Kindern immer wohler gef&#252;hlt hat und so war es auch dieses Mal. In den letzten Monaten sa&#223; ich immer wieder da und sagte mir selbst &#8220;Ich schaue mir das f&#252;r einen Zeitraum an und notfalls trete ich Ver&#228;nderung los&#8221;.&nbsp; Mehr und mehr zeichnete es sich wieder ab, dass sich der Sohn unter den &#228;lteren einfach irgendwie wohler f&#252;hlte und obwohl wir uns zu Anfang gegen diesen Weg entschieden hatten, weil er einfach noch Raum zum Entwickeln haben sollte, denke ich heute, dass wir wieder einmal nicht h&#228;tten z&#246;gern und ihn direkt h&#228;tten schicken sollen. Aber damit komme ich wieder auf das anf&#228;ngliche Thema zur&#252;ck: Entscheidungen zu treffen, vor allem f&#252;r jemand anderen, das ist echt die gr&#246;&#223;te Herausforderung &#252;berhaupt. Denn jede Entscheidung hat Einfluss auf die Zukunft und man m&#246;chte f&#252;r sein Kind nur die beste erreichen, die geht. Ja, es geh&#246;rt auch dazu mal auf den Hintern zu fallen, sich wieder aufzurichten, aus den Fehlern zu lernen und es erneut zu versuchen, aber man m&#246;chte unn&#246;tig gro&#223;e und belastende Steine nat&#252;rlich m&#246;glichst verhindern, nicht wahr? Dieses Mal hat es sich fast von alleine gef&#252;gt und ich sehe die Ver&#228;nderung in meinem Kind. Sehe, wie Freude und Stolz bei ihm einziehen und nochmal eine vollkommen neue Motivation in ihm w&#228;chst und das macht mich gl&#252;cklich. Die Erfahrungen der letzten Monate waren genauso wertvoll und wichtig und haben viel positiven Einfluss auf ihn genommen, so dass es sicherlich keine falsche Entscheidung war und trotzdem fragt eine kleine leise Stimme in mir &#8220;Warum habt ihr gez&#246;gert&#8221;.<\/p>\n","protected":false},"author":1,"featured_media":52180,"comment_status":"open","ping_status":"open","sticky":false,"template":"","format":"standard","meta":{"ngg_post_thumbnail":0,"footnotes":""},"categories":[2210,50,321],"tags":[336,756,703,2501,534,3105,392,81],"class_list":["post-60749","post","type-post","status-publish","format-standard","has-post-thumbnail","hentry","category-featured","category-gedanken","category-minimum","tag-veraenderung","tag-eltern","tag-entscheidung","tag-entscheidungen","tag-entwicklung","tag-gedankentagebuch","tag-gedanken","tag-kinder"],"yoast_head":"<!-- This site is optimized with the Yoast SEO plugin v27.5 - https:\/\/yoast.com\/product\/yoast-seo-wordpress\/ -->\n<title>Gedankentagebuch #24 - Und dann frage ich mich, warum ich z\u00f6gerte...<\/title>\n<meta name=\"description\" content=\"Ich fand diese Entscheidung unglaublich schwer, denn sie w\u00fcrde mein Kind ein Leben lang begleiten.\u00a0Ich wei\u00df noch als Kind hatte ich Phasen,...\" \/>\n<meta name=\"robots\" content=\"index, follow, max-snippet:-1, max-image-preview:large, max-video-preview:-1\" \/>\n<link rel=\"canonical\" href=\"https:\/\/www.heldenhaushalt.de\/sari02\/index.php\/2024\/04\/09\/gedankentagebuch-24-und-dann-frage-ich-mich-warum-ich-zoegerte\/\" \/>\n<meta property=\"og:locale\" content=\"de_DE\" \/>\n<meta property=\"og:type\" content=\"article\" \/>\n<meta property=\"og:title\" content=\"Gedankentagebuch #24 - Und dann frage ich mich, warum ich z\u00f6gerte...\" \/>\n<meta property=\"og:description\" content=\"Ich fand diese Entscheidung unglaublich schwer, denn sie w\u00fcrde mein Kind ein Leben lang begleiten.\u00a0Ich wei\u00df noch als Kind hatte ich Phasen,...\" \/>\n<meta property=\"og:url\" content=\"https:\/\/www.heldenhaushalt.de\/sari02\/index.php\/2024\/04\/09\/gedankentagebuch-24-und-dann-frage-ich-mich-warum-ich-zoegerte\/\" \/>\n<meta property=\"og:site_name\" content=\"Heldenhaushalt\" \/>\n<meta property=\"article:published_time\" content=\"2024-04-09T08:22:08+00:00\" \/>\n<meta property=\"og:image\" content=\"https:\/\/www.heldenhaushalt.de\/sari02\/wp-content\/uploads\/2021\/04\/17-00.jpg\" \/>\n\t<meta property=\"og:image:width\" content=\"1000\" \/>\n\t<meta property=\"og:image:height\" content=\"721\" \/>\n\t<meta property=\"og:image:type\" content=\"image\/jpeg\" \/>\n<meta name=\"author\" content=\"Sari\" \/>\n<meta name=\"twitter:card\" content=\"summary_large_image\" \/>\n<meta name=\"twitter:creator\" content=\"@Heldenhaushalt\" \/>\n<meta name=\"twitter:site\" content=\"@Heldenhaushalt\" \/>\n<meta name=\"twitter:label1\" content=\"Verfasst von\" \/>\n\t<meta name=\"twitter:data1\" content=\"Sari\" \/>\n\t<meta name=\"twitter:label2\" content=\"Gesch\u00e4tzte Lesezeit\" \/>\n\t<meta name=\"twitter:data2\" content=\"10\u00a0Minuten\" \/>\n<script type=\"application\/ld+json\" class=\"yoast-schema-graph\">{\"@context\":\"https:\\\/\\\/schema.org\",\"@graph\":[{\"@type\":\"Article\",\"@id\":\"https:\\\/\\\/www.heldenhaushalt.de\\\/sari02\\\/index.php\\\/2024\\\/04\\\/09\\\/gedankentagebuch-24-und-dann-frage-ich-mich-warum-ich-zoegerte\\\/#article\",\"isPartOf\":{\"@id\":\"https:\\\/\\\/www.heldenhaushalt.de\\\/sari02\\\/index.php\\\/2024\\\/04\\\/09\\\/gedankentagebuch-24-und-dann-frage-ich-mich-warum-ich-zoegerte\\\/\"},\"author\":{\"name\":\"Sari\",\"@id\":\"https:\\\/\\\/www.heldenhaushalt.de\\\/sari02\\\/#\\\/schema\\\/person\\\/a1cc69f42a01f412eb62c151353814f6\"},\"headline\":\"Gedankentagebuch #24 &#8211; Und dann frage ich mich, warum ich z&#246;gerte&#8230;\",\"datePublished\":\"2024-04-09T08:22:08+00:00\",\"mainEntityOfPage\":{\"@id\":\"https:\\\/\\\/www.heldenhaushalt.de\\\/sari02\\\/index.php\\\/2024\\\/04\\\/09\\\/gedankentagebuch-24-und-dann-frage-ich-mich-warum-ich-zoegerte\\\/\"},\"wordCount\":1762,\"commentCount\":4,\"publisher\":{\"@id\":\"https:\\\/\\\/www.heldenhaushalt.de\\\/sari02\\\/#\\\/schema\\\/person\\\/a1cc69f42a01f412eb62c151353814f6\"},\"image\":{\"@id\":\"https:\\\/\\\/www.heldenhaushalt.de\\\/sari02\\\/index.php\\\/2024\\\/04\\\/09\\\/gedankentagebuch-24-und-dann-frage-ich-mich-warum-ich-zoegerte\\\/#primaryimage\"},\"thumbnailUrl\":\"https:\\\/\\\/www.heldenhaushalt.de\\\/sari02\\\/wp-content\\\/uploads\\\/2021\\\/04\\\/17-00.jpg\",\"keywords\":[\"#ver\u00e4nderung\",\"Eltern\",\"Entscheidung\",\"Entscheidungen\",\"Entwicklung\",\"Gedankentagebuch\",\"Gedankenwelt\",\"Kinder\"],\"articleSection\":[\"Featured\",\"Gedankenwelt\",\"Heldenkinder\"],\"inLanguage\":\"de\",\"potentialAction\":[{\"@type\":\"CommentAction\",\"name\":\"Comment\",\"target\":[\"https:\\\/\\\/www.heldenhaushalt.de\\\/sari02\\\/index.php\\\/2024\\\/04\\\/09\\\/gedankentagebuch-24-und-dann-frage-ich-mich-warum-ich-zoegerte\\\/#respond\"]}]},{\"@type\":\"WebPage\",\"@id\":\"https:\\\/\\\/www.heldenhaushalt.de\\\/sari02\\\/index.php\\\/2024\\\/04\\\/09\\\/gedankentagebuch-24-und-dann-frage-ich-mich-warum-ich-zoegerte\\\/\",\"url\":\"https:\\\/\\\/www.heldenhaushalt.de\\\/sari02\\\/index.php\\\/2024\\\/04\\\/09\\\/gedankentagebuch-24-und-dann-frage-ich-mich-warum-ich-zoegerte\\\/\",\"name\":\"Gedankentagebuch #24 - Und dann frage ich mich, warum ich z\u00f6gerte...\",\"isPartOf\":{\"@id\":\"https:\\\/\\\/www.heldenhaushalt.de\\\/sari02\\\/#website\"},\"primaryImageOfPage\":{\"@id\":\"https:\\\/\\\/www.heldenhaushalt.de\\\/sari02\\\/index.php\\\/2024\\\/04\\\/09\\\/gedankentagebuch-24-und-dann-frage-ich-mich-warum-ich-zoegerte\\\/#primaryimage\"},\"image\":{\"@id\":\"https:\\\/\\\/www.heldenhaushalt.de\\\/sari02\\\/index.php\\\/2024\\\/04\\\/09\\\/gedankentagebuch-24-und-dann-frage-ich-mich-warum-ich-zoegerte\\\/#primaryimage\"},\"thumbnailUrl\":\"https:\\\/\\\/www.heldenhaushalt.de\\\/sari02\\\/wp-content\\\/uploads\\\/2021\\\/04\\\/17-00.jpg\",\"datePublished\":\"2024-04-09T08:22:08+00:00\",\"description\":\"Ich fand diese Entscheidung unglaublich schwer, denn sie w\u00fcrde mein Kind ein Leben lang begleiten.\u00a0Ich wei\u00df noch als Kind hatte ich Phasen,...\",\"breadcrumb\":{\"@id\":\"https:\\\/\\\/www.heldenhaushalt.de\\\/sari02\\\/index.php\\\/2024\\\/04\\\/09\\\/gedankentagebuch-24-und-dann-frage-ich-mich-warum-ich-zoegerte\\\/#breadcrumb\"},\"inLanguage\":\"de\",\"potentialAction\":[{\"@type\":\"ReadAction\",\"target\":[\"https:\\\/\\\/www.heldenhaushalt.de\\\/sari02\\\/index.php\\\/2024\\\/04\\\/09\\\/gedankentagebuch-24-und-dann-frage-ich-mich-warum-ich-zoegerte\\\/\"]}]},{\"@type\":\"ImageObject\",\"inLanguage\":\"de\",\"@id\":\"https:\\\/\\\/www.heldenhaushalt.de\\\/sari02\\\/index.php\\\/2024\\\/04\\\/09\\\/gedankentagebuch-24-und-dann-frage-ich-mich-warum-ich-zoegerte\\\/#primaryimage\",\"url\":\"https:\\\/\\\/www.heldenhaushalt.de\\\/sari02\\\/wp-content\\\/uploads\\\/2021\\\/04\\\/17-00.jpg\",\"contentUrl\":\"https:\\\/\\\/www.heldenhaushalt.de\\\/sari02\\\/wp-content\\\/uploads\\\/2021\\\/04\\\/17-00.jpg\",\"width\":1000,\"height\":721,\"caption\":\"Gedankentagtebuch\"},{\"@type\":\"BreadcrumbList\",\"@id\":\"https:\\\/\\\/www.heldenhaushalt.de\\\/sari02\\\/index.php\\\/2024\\\/04\\\/09\\\/gedankentagebuch-24-und-dann-frage-ich-mich-warum-ich-zoegerte\\\/#breadcrumb\",\"itemListElement\":[{\"@type\":\"ListItem\",\"position\":1,\"name\":\"Startseite\",\"item\":\"https:\\\/\\\/www.heldenhaushalt.de\\\/sari02\\\/\"},{\"@type\":\"ListItem\",\"position\":2,\"name\":\"Gedankentagebuch #24 &#8211; Und dann frage ich mich, warum ich z&#246;gerte&#8230;\"}]},{\"@type\":\"WebSite\",\"@id\":\"https:\\\/\\\/www.heldenhaushalt.de\\\/sari02\\\/#website\",\"url\":\"https:\\\/\\\/www.heldenhaushalt.de\\\/sari02\\\/\",\"name\":\"Heldenhaushalt\",\"description\":\"Wer es ordentlich haben will, der muss vorher anrufen\",\"publisher\":{\"@id\":\"https:\\\/\\\/www.heldenhaushalt.de\\\/sari02\\\/#\\\/schema\\\/person\\\/a1cc69f42a01f412eb62c151353814f6\"},\"potentialAction\":[{\"@type\":\"SearchAction\",\"target\":{\"@type\":\"EntryPoint\",\"urlTemplate\":\"https:\\\/\\\/www.heldenhaushalt.de\\\/sari02\\\/?s={search_term_string}\"},\"query-input\":{\"@type\":\"PropertyValueSpecification\",\"valueRequired\":true,\"valueName\":\"search_term_string\"}}],\"inLanguage\":\"de\"},{\"@type\":[\"Person\",\"Organization\"],\"@id\":\"https:\\\/\\\/www.heldenhaushalt.de\\\/sari02\\\/#\\\/schema\\\/person\\\/a1cc69f42a01f412eb62c151353814f6\",\"name\":\"Sari\",\"image\":{\"@type\":\"ImageObject\",\"inLanguage\":\"de\",\"@id\":\"https:\\\/\\\/www.heldenhaushalt.de\\\/sari02\\\/wp-content\\\/uploads\\\/2019\\\/02\\\/sari-april2018.png\",\"url\":\"https:\\\/\\\/www.heldenhaushalt.de\\\/sari02\\\/wp-content\\\/uploads\\\/2019\\\/02\\\/sari-april2018.png\",\"contentUrl\":\"https:\\\/\\\/www.heldenhaushalt.de\\\/sari02\\\/wp-content\\\/uploads\\\/2019\\\/02\\\/sari-april2018.png\",\"width\":500,\"height\":500,\"caption\":\"Sari\"},\"logo\":{\"@id\":\"https:\\\/\\\/www.heldenhaushalt.de\\\/sari02\\\/wp-content\\\/uploads\\\/2019\\\/02\\\/sari-april2018.png\"},\"description\":\"Frau Mondgras \u2013 Das bin ich, Sari. Gerne auch als Sari Mondgras bekannt und im Internet zu finden. 2-Fach-Mutter, Heldenehefrau, Kreativling, Harmonies\u00fcchtig und st\u00e4ndig auf der Suche nach Gl\u00fcck. Ich komme aus Berlin, bin hier aufgewachsen und lebe hier seit ich denken kann.\",\"sameAs\":[\"https:\\\/\\\/www.instagram.com\\\/heldenhaushalt\\\/\"],\"url\":\"https:\\\/\\\/www.heldenhaushalt.de\\\/sari02\\\/index.php\\\/author\\\/admin\\\/\"}]}<\/script>\n<!-- \/ Yoast SEO plugin. -->","yoast_head_json":{"title":"Gedankentagebuch #24 - Und dann frage ich mich, warum ich z\u00f6gerte...","description":"Ich fand diese Entscheidung unglaublich schwer, denn sie w\u00fcrde mein Kind ein Leben lang begleiten.\u00a0Ich wei\u00df noch als Kind hatte ich Phasen,...","robots":{"index":"index","follow":"follow","max-snippet":"max-snippet:-1","max-image-preview":"max-image-preview:large","max-video-preview":"max-video-preview:-1"},"canonical":"https:\/\/www.heldenhaushalt.de\/sari02\/index.php\/2024\/04\/09\/gedankentagebuch-24-und-dann-frage-ich-mich-warum-ich-zoegerte\/","og_locale":"de_DE","og_type":"article","og_title":"Gedankentagebuch #24 - Und dann frage ich mich, warum ich z\u00f6gerte...","og_description":"Ich fand diese Entscheidung unglaublich schwer, denn sie w\u00fcrde mein Kind ein Leben lang begleiten.\u00a0Ich wei\u00df noch als Kind hatte ich Phasen,...","og_url":"https:\/\/www.heldenhaushalt.de\/sari02\/index.php\/2024\/04\/09\/gedankentagebuch-24-und-dann-frage-ich-mich-warum-ich-zoegerte\/","og_site_name":"Heldenhaushalt","article_published_time":"2024-04-09T08:22:08+00:00","og_image":[{"width":1000,"height":721,"url":"https:\/\/www.heldenhaushalt.de\/sari02\/wp-content\/uploads\/2021\/04\/17-00.jpg","type":"image\/jpeg"}],"author":"Sari","twitter_card":"summary_large_image","twitter_creator":"@Heldenhaushalt","twitter_site":"@Heldenhaushalt","twitter_misc":{"Verfasst von":"Sari","Gesch\u00e4tzte Lesezeit":"10\u00a0Minuten"},"schema":{"@context":"https:\/\/schema.org","@graph":[{"@type":"Article","@id":"https:\/\/www.heldenhaushalt.de\/sari02\/index.php\/2024\/04\/09\/gedankentagebuch-24-und-dann-frage-ich-mich-warum-ich-zoegerte\/#article","isPartOf":{"@id":"https:\/\/www.heldenhaushalt.de\/sari02\/index.php\/2024\/04\/09\/gedankentagebuch-24-und-dann-frage-ich-mich-warum-ich-zoegerte\/"},"author":{"name":"Sari","@id":"https:\/\/www.heldenhaushalt.de\/sari02\/#\/schema\/person\/a1cc69f42a01f412eb62c151353814f6"},"headline":"Gedankentagebuch #24 &#8211; Und dann frage ich mich, warum ich z&#246;gerte&#8230;","datePublished":"2024-04-09T08:22:08+00:00","mainEntityOfPage":{"@id":"https:\/\/www.heldenhaushalt.de\/sari02\/index.php\/2024\/04\/09\/gedankentagebuch-24-und-dann-frage-ich-mich-warum-ich-zoegerte\/"},"wordCount":1762,"commentCount":4,"publisher":{"@id":"https:\/\/www.heldenhaushalt.de\/sari02\/#\/schema\/person\/a1cc69f42a01f412eb62c151353814f6"},"image":{"@id":"https:\/\/www.heldenhaushalt.de\/sari02\/index.php\/2024\/04\/09\/gedankentagebuch-24-und-dann-frage-ich-mich-warum-ich-zoegerte\/#primaryimage"},"thumbnailUrl":"https:\/\/www.heldenhaushalt.de\/sari02\/wp-content\/uploads\/2021\/04\/17-00.jpg","keywords":["#ver\u00e4nderung","Eltern","Entscheidung","Entscheidungen","Entwicklung","Gedankentagebuch","Gedankenwelt","Kinder"],"articleSection":["Featured","Gedankenwelt","Heldenkinder"],"inLanguage":"de","potentialAction":[{"@type":"CommentAction","name":"Comment","target":["https:\/\/www.heldenhaushalt.de\/sari02\/index.php\/2024\/04\/09\/gedankentagebuch-24-und-dann-frage-ich-mich-warum-ich-zoegerte\/#respond"]}]},{"@type":"WebPage","@id":"https:\/\/www.heldenhaushalt.de\/sari02\/index.php\/2024\/04\/09\/gedankentagebuch-24-und-dann-frage-ich-mich-warum-ich-zoegerte\/","url":"https:\/\/www.heldenhaushalt.de\/sari02\/index.php\/2024\/04\/09\/gedankentagebuch-24-und-dann-frage-ich-mich-warum-ich-zoegerte\/","name":"Gedankentagebuch #24 - Und dann frage ich mich, warum ich z\u00f6gerte...","isPartOf":{"@id":"https:\/\/www.heldenhaushalt.de\/sari02\/#website"},"primaryImageOfPage":{"@id":"https:\/\/www.heldenhaushalt.de\/sari02\/index.php\/2024\/04\/09\/gedankentagebuch-24-und-dann-frage-ich-mich-warum-ich-zoegerte\/#primaryimage"},"image":{"@id":"https:\/\/www.heldenhaushalt.de\/sari02\/index.php\/2024\/04\/09\/gedankentagebuch-24-und-dann-frage-ich-mich-warum-ich-zoegerte\/#primaryimage"},"thumbnailUrl":"https:\/\/www.heldenhaushalt.de\/sari02\/wp-content\/uploads\/2021\/04\/17-00.jpg","datePublished":"2024-04-09T08:22:08+00:00","description":"Ich fand diese Entscheidung unglaublich schwer, denn sie w\u00fcrde mein Kind ein Leben lang begleiten.\u00a0Ich wei\u00df noch als Kind hatte ich Phasen,...","breadcrumb":{"@id":"https:\/\/www.heldenhaushalt.de\/sari02\/index.php\/2024\/04\/09\/gedankentagebuch-24-und-dann-frage-ich-mich-warum-ich-zoegerte\/#breadcrumb"},"inLanguage":"de","potentialAction":[{"@type":"ReadAction","target":["https:\/\/www.heldenhaushalt.de\/sari02\/index.php\/2024\/04\/09\/gedankentagebuch-24-und-dann-frage-ich-mich-warum-ich-zoegerte\/"]}]},{"@type":"ImageObject","inLanguage":"de","@id":"https:\/\/www.heldenhaushalt.de\/sari02\/index.php\/2024\/04\/09\/gedankentagebuch-24-und-dann-frage-ich-mich-warum-ich-zoegerte\/#primaryimage","url":"https:\/\/www.heldenhaushalt.de\/sari02\/wp-content\/uploads\/2021\/04\/17-00.jpg","contentUrl":"https:\/\/www.heldenhaushalt.de\/sari02\/wp-content\/uploads\/2021\/04\/17-00.jpg","width":1000,"height":721,"caption":"Gedankentagtebuch"},{"@type":"BreadcrumbList","@id":"https:\/\/www.heldenhaushalt.de\/sari02\/index.php\/2024\/04\/09\/gedankentagebuch-24-und-dann-frage-ich-mich-warum-ich-zoegerte\/#breadcrumb","itemListElement":[{"@type":"ListItem","position":1,"name":"Startseite","item":"https:\/\/www.heldenhaushalt.de\/sari02\/"},{"@type":"ListItem","position":2,"name":"Gedankentagebuch #24 &#8211; Und dann frage ich mich, warum ich z&#246;gerte&#8230;"}]},{"@type":"WebSite","@id":"https:\/\/www.heldenhaushalt.de\/sari02\/#website","url":"https:\/\/www.heldenhaushalt.de\/sari02\/","name":"Heldenhaushalt","description":"Wer es ordentlich haben will, der muss vorher anrufen","publisher":{"@id":"https:\/\/www.heldenhaushalt.de\/sari02\/#\/schema\/person\/a1cc69f42a01f412eb62c151353814f6"},"potentialAction":[{"@type":"SearchAction","target":{"@type":"EntryPoint","urlTemplate":"https:\/\/www.heldenhaushalt.de\/sari02\/?s={search_term_string}"},"query-input":{"@type":"PropertyValueSpecification","valueRequired":true,"valueName":"search_term_string"}}],"inLanguage":"de"},{"@type":["Person","Organization"],"@id":"https:\/\/www.heldenhaushalt.de\/sari02\/#\/schema\/person\/a1cc69f42a01f412eb62c151353814f6","name":"Sari","image":{"@type":"ImageObject","inLanguage":"de","@id":"https:\/\/www.heldenhaushalt.de\/sari02\/wp-content\/uploads\/2019\/02\/sari-april2018.png","url":"https:\/\/www.heldenhaushalt.de\/sari02\/wp-content\/uploads\/2019\/02\/sari-april2018.png","contentUrl":"https:\/\/www.heldenhaushalt.de\/sari02\/wp-content\/uploads\/2019\/02\/sari-april2018.png","width":500,"height":500,"caption":"Sari"},"logo":{"@id":"https:\/\/www.heldenhaushalt.de\/sari02\/wp-content\/uploads\/2019\/02\/sari-april2018.png"},"description":"Frau Mondgras \u2013 Das bin ich, Sari. Gerne auch als Sari Mondgras bekannt und im Internet zu finden. 2-Fach-Mutter, Heldenehefrau, Kreativling, Harmonies\u00fcchtig und st\u00e4ndig auf der Suche nach Gl\u00fcck. Ich komme aus Berlin, bin hier aufgewachsen und lebe hier seit ich denken kann.","sameAs":["https:\/\/www.instagram.com\/heldenhaushalt\/"],"url":"https:\/\/www.heldenhaushalt.de\/sari02\/index.php\/author\/admin\/"}]}},"views":1851,"_links":{"self":[{"href":"https:\/\/www.heldenhaushalt.de\/sari02\/index.php\/wp-json\/wp\/v2\/posts\/60749","targetHints":{"allow":["GET"]}}],"collection":[{"href":"https:\/\/www.heldenhaushalt.de\/sari02\/index.php\/wp-json\/wp\/v2\/posts"}],"about":[{"href":"https:\/\/www.heldenhaushalt.de\/sari02\/index.php\/wp-json\/wp\/v2\/types\/post"}],"author":[{"embeddable":true,"href":"https:\/\/www.heldenhaushalt.de\/sari02\/index.php\/wp-json\/wp\/v2\/users\/1"}],"replies":[{"embeddable":true,"href":"https:\/\/www.heldenhaushalt.de\/sari02\/index.php\/wp-json\/wp\/v2\/comments?post=60749"}],"version-history":[{"count":4,"href":"https:\/\/www.heldenhaushalt.de\/sari02\/index.php\/wp-json\/wp\/v2\/posts\/60749\/revisions"}],"predecessor-version":[{"id":60753,"href":"https:\/\/www.heldenhaushalt.de\/sari02\/index.php\/wp-json\/wp\/v2\/posts\/60749\/revisions\/60753"}],"wp:featuredmedia":[{"embeddable":true,"href":"https:\/\/www.heldenhaushalt.de\/sari02\/index.php\/wp-json\/wp\/v2\/media\/52180"}],"wp:attachment":[{"href":"https:\/\/www.heldenhaushalt.de\/sari02\/index.php\/wp-json\/wp\/v2\/media?parent=60749"}],"wp:term":[{"taxonomy":"category","embeddable":true,"href":"https:\/\/www.heldenhaushalt.de\/sari02\/index.php\/wp-json\/wp\/v2\/categories?post=60749"},{"taxonomy":"post_tag","embeddable":true,"href":"https:\/\/www.heldenhaushalt.de\/sari02\/index.php\/wp-json\/wp\/v2\/tags?post=60749"}],"curies":[{"name":"wp","href":"https:\/\/api.w.org\/{rel}","templated":true}]}}