{"id":61401,"date":"2024-07-04T10:38:51","date_gmt":"2024-07-04T08:38:51","guid":{"rendered":"https:\/\/www.heldenhaushalt.de\/sari02\/?p=61401"},"modified":"2024-07-04T10:39:02","modified_gmt":"2024-07-04T08:39:02","slug":"gedankentagebuch-27","status":"publish","type":"post","link":"https:\/\/www.heldenhaushalt.de\/sari02\/index.php\/2024\/07\/04\/gedankentagebuch-27\/","title":{"rendered":"Gedankentagebuch #27 &#8211; Morgenspaziergang-Gedanken"},"content":{"rendered":"<p>Nicht nur <a href=\"https:\/\/www.heldenhaushalt.de\/sari02\/index.php\/2024\/06\/11\/gedanken-beim-laufen\/\">beim Joggen<\/a> kann man von einen Gedanken in den n&#228;chsten abdriften, auch bei meinen morgendlichen Runden drehen sie sich in alle Richtungen. Ja, ich mache sie immer noch, <a href=\"https:\/\/www.heldenhaushalt.de\/sari02\/index.php\/2023\/09\/27\/gedankentagebuch-19-morgenspaziergaenge\/\">meine Morgenspazierg&#228;nge<\/a>. Nicht selten wache ich morgens auf und habe so null Bock, habe gedanklich f&#252;r mich eigentlich schon entschieden, dass ich nach dem Bringen der Kinder einfach wieder direkt zur&#252;ck gehe und dann laufe ich doch von der Schule aus weiter. Es ist im Schnitt keine gro&#223;e Runde und nach 30 Minuten komme ich zu Hause rein, aber der Vorteil ist dann meist der, dass ich dann ein frischen Fr&#252;hst&#252;cksbr&#246;tchen in meinen H&#228;nden halte und das genie&#223;e ich aktuell sehr.<\/p>\n<p>Mal davon abgesehen f&#252;hle ich mich dann auch viel munterer und frischer als nach dem Aufstehen, nachdem ich die Runde an der frischen Luft hinter mir habe. Egal welches Wetter gerade drau&#223;en herrscht und gerade bei der Hitze der letzten Woche waren die Luft und Temperaturen besonders am Morgen noch mit am angenehmsten.<\/p>\n<h2>Manchmal sind die Morgen anstrengend&#8230;<\/h2>\n<p>Wer selber Kinder zu Hause hat, der wei&#223;, dass es morgens nicht immer alles Friede, Freude, Eierkuchen ist. Oft f&#228;ngt es ja schon damit an die Kinder &#252;berhaupt zum Aufstehen zu motivieren, nachdem man es selber kurz zuvor gerade so aus dem Bett geschafft hat. Ich bin an sich jemand, der gut morgens aufstehen kann und die Zeiten, wo ich bis sonst wann im Bett liegen konnte, sind schon lange vorbei. Ich habe eher inzwischen eine Mentalit&#228;t verinnerlicht, bei der ich das Gef&#252;hl habe wertvolle Zeit vom Tag zu verschwenden, wenn ich nur rumliege. Mal davon abgesehen neige ich zum Matschkopf, wenn ich zu lange liegen bleibe. Mindestens zwei Mal den Schlummerknopf dr&#252;cken, das habe ich aber dennoch perfektioniert. Au&#223;erdem lernt man mit der Zeit gut damit klar zu kommen, dass die V&#246;gel schon um 4 Uhr morgens zwitschern und die Sonne dir ins Gesicht scheint. Zu Anfang macht mich das immer wach, doch so wie meine Trinkerinnerung kann ich auch das nach einer gewissen Weile gut ignorieren.&nbsp;<\/p>\n<p>Wie auch immer: Morgens f&#252;hle ich mich ger&#228;dert. Und die Kinder auch. Die haben n&#228;mlich abends nun auch massive Schwierigkeiten einzuschlafen, wenn es einfach mal bis 22 oder gar 23 Uhr noch hell da drau&#223;en ist. Und da hilft auch keine Abdunklung-Jalousie, denn das Wissen, dass es drau&#223;en noch hell ist, ist absolut ausreichend. Wer kennt&#8217;s?<\/p>\n<p>Gut, also Kinder wurden irgendwie aus dem Bett gezerrt, das Grummeln hat man auch halbwegs &#252;berstanden und man h&#246;rt das eine oder andere Gemaule im Bad, weil sie sich im Weg stehen oder irgendwie anders auf die Nerven gehen. Nach und nach landet jeder am Esstisch und schiebt sich irgendwie ein Fr&#252;hst&#252;ck rein, auf das sie um die fr&#252;he Uhrzeit eigentlich noch gar nicht so richtig Lust haben. Nochmal auf Klo, Ranzen packen, auf geht&#8217;s&#8230;<\/p>\n<h2>Der Tag kann irgendwie starten und ich meine Runde drehen<\/h2>\n<p>Nachdem also das eine Kind mit ganz viel Winken auf den Weg geschickt wurde, laufe ich mit dem anderen an der Hand Richtung Schule. Inzwischen ist der m&#252;de Punkt scheinbar &#252;berwunden und mir wird von Ninjago-Karten, Traumtoren und Lieblingskuscheltieren erz&#228;hlt und ich merke: So richtig aufnahmef&#228;hig bin ich noch nicht, nachdem ich noch im Schulmodus bin (Schulmodus = Kinder motivieren, Essen machen, Kinder noch mehr motivieren, immer gute Laune als Vorbild zeigen). Aber ich nicke und versuche auf die Erz&#228;hlungen ad&#228;quat zu reagieren. (Hey, w&#252;rdigt bitte einer, dass ich zu fr&#252;her Stunde so komplizierte W&#246;rter wie ad&#228;quat, also angemessen, nutzen kann?!?)<\/p>\n<p>Kaum am Schulhof angekommen, l&#228;sst der kleine Sohn meine Hand los, stellt den Ranzen am morgendlichen Treffpunkt ab und rennt zu seinen Freunden. Ich bin jetzt nur noch f&#252;r den Moment wichtig, wo die Lehrerin kommt und er mir nochmal tsch&#252;ss sagen will. Immerhin macht er es. Eine schnelle, aber feste Umarmung gepaart mit einem &#8220;Du bist die beste Mama der Welt&#8221; und weg ist er. Ich kann mich schon gl&#252;cklich sch&#228;tzen, oder?&nbsp;<\/p>\n<p>Und dann kann meine Wanderung losgehen. Wie beim Joggen kommt als erstes die Frage: Welchen Weg will ich heute gehen. Am See entlang? Durch die Siedlung hindurch? Mehr Natur oder einfach an der Stra&#223;e entlang? Gr&#246;&#223;ere oder kleinere Runde?<\/p>\n<h2>Gedanken &#8211; Kein Tag gleicht hier dem anderen<\/h2>\n<p>Dadurch, dass ich jeden Morgen spontan entscheide, wie ich laufe und auch w&#228;hrend des Weges einfach einem Gef&#252;hl folge und mal nach links und mal nach rechts abbiege, ist die Strecke immer ein kleines bisschen anders. Einzige Gemeinsamkeit ist der Zwischenstopp beim Laden, wo ich Br&#246;tchen und meist nochmal frisches Obst oder eine fehlende Kleinigkeit hole.&nbsp;<\/p>\n<p>Allerdings habe ich festgestellt, dass ich an Regentagen gerne die Route am See entlang nehme. Ich liebe es zu beobachten, wie die Tropfen des Regens auf der Wasseroberfl&#228;che aufkommen und f&#252;r dieses lustig h&#252;pfende Muster dort sorgen. Sofort habe ich die irgendwie traurige, aber gleichzeitig auch fr&#246;hliche <a href=\"https:\/\/www.youtube.com\/watch?v=MZgBjQFMPvk&amp;list=PL5t4EeIlib29-Ja-Hd78whJIBdppcBcLj&amp;index=2\" target=\"_blank\" rel=\"noopener\">Melodie aus dem Ghibli Film<\/a> &#8220;Mein Nachbar Totoro&#8221; im Ohr und bleibe meist auch kurz stehen, um diesen kleinen Tanz ein wenig zu beobachten. Hier bin ich von deutlich mehr Natur umgeben und der Anblick der gl&#228;nzenden kleinen Perlen-Tropfen auf den Spitzen der Bl&#228;tter und Gr&#228;ser ist einfach nur wundersch&#246;n. Auch ist die Luft hier anders.<\/p>\n<p>Dieser Weg ist durchaus auch an sonnigen Tagen sch&#246;n, aber da gehe ich durchaus gerne auch mal die Route an der Stra&#223;e entlang, weil ich es mag, wie man die lange, lange Stra&#223;e hinunter schauen kann und am Ende das Glitzern der Sonne oder gar ein sch&#246;nes Wolken- oder Farbenspiel beobachten kann.<\/p>\n<h2>Allgemein mag ich die Vielfalt der Natur &#252;ber die Jahreszeiten hinweg<\/h2>\n<p>Manch einer von euch ist sicherlich sehr ungl&#252;cklich mit dem aktuellen Wetter, oder? Lacht mich nicht aus, aber ich liebs! Total. Mit gro&#223;er Begeisterung habe ich die lange Leggings aus dem Schrank gezogen und mir einen Kuschelpullover &#252;bergeworfen. Diese 20 Grad, die sind einfach so viel mehr meine Welt, als die 30. Daher wird der Sommer sicherlich nochmal spannend f&#252;r mich, da von einer gigantischen Hitzewelle die Rede ist. Aber sicherlich wechselt die sich wieder st&#228;ndig mit Unwetter ab und mein wetterf&#252;hliger Kopf wird Tango tanzen. Tut er ja jetzt schon teilweise und ist dauerpr&#228;sent. Das ewige Leid einer Migr&#228;ne anf&#228;lligen Person. Da lautet die Frage eher nicht: &#8220;Hast du Kopfschmerzen&#8221;, sondern: Wie doll sind sie heute&#8221;. Richtig heftige mit schmerzenden Augen und Lichtempfindlichkeit hatte ich erfreulicher Weise schon l&#228;nger nicht mehr, aber der konstante Druck ist bei den aktuellen Wetterlagen st&#228;ndig pr&#228;sent. Mal mehr und mal weniger. Man lernt es auszuhalten, nicht wahr?<\/p>\n<p>Jedenfalls genie&#223;e ich das k&#252;hlere Wetter derzeit sehr. Auch wenn mir bei meinen morgendlichen Runden immer wieder auff&#228;llt, dass die Natur damit wohl so ihre eigenen Probleme hat. Die herrlichen <a href=\"https:\/\/www.heldenhaushalt.de\/sari02\/index.php\/2024\/05\/28\/gedankentagebuch-26-mohnblumen-pflueckt-man-nicht\/\">Kornblumenwiesen mit rotem Mohn<\/a> sind im Juni so toll gewachsen und boten einen genialen Anblick (mit viel Pollen-Potential), aber diese Wiesen wurden nun wieder gem&#228;ht, regelrecht gestutzt und alles, was nun zur&#252;ckbleibt ist eine vertrocknete, gelbe Wiese. Es sieht fast schon aus, als w&#252;rde man durch eine vertrocknete W&#252;ste laufen und das trotz der vielen Regenf&#228;lle der letzten Tage. Die Hitze kurz zuvor hat einfach alles verbrannt, nachdem es auf einmal so kurz war.<\/p>\n<figure id=\"attachment_61403\" aria-describedby=\"caption-attachment-61403\" style=\"width: 1000px\" class=\"wp-caption alignnone\"><img loading=\"lazy\" decoding=\"async\" class=\"size-full wp-image-61403\" src=\"https:\/\/www.heldenhaushalt.de\/sari02\/wp-content\/uploads\/2024\/07\/teil27-01.jpg\" alt=\"Gedanken\" width=\"1000\" height=\"736\" srcset=\"https:\/\/www.heldenhaushalt.de\/sari02\/wp-content\/uploads\/2024\/07\/teil27-01.jpg 1000w, https:\/\/www.heldenhaushalt.de\/sari02\/wp-content\/uploads\/2024\/07\/teil27-01-300x221.jpg 300w, https:\/\/www.heldenhaushalt.de\/sari02\/wp-content\/uploads\/2024\/07\/teil27-01-768x565.jpg 768w, https:\/\/www.heldenhaushalt.de\/sari02\/wp-content\/uploads\/2024\/07\/teil27-01-82x60.jpg 82w\" sizes=\"auto, (max-width: 1000px) 100vw, 1000px\" \/><figcaption id=\"caption-attachment-61403\" class=\"wp-caption-text\">Es sieht fast schon nach Herbst aus<\/figcaption><\/figure>\n<h2>An manchen Tagen sieht es schon regelrecht nach Herbst aus<\/h2>\n<p>Aber das warme leuchten dieser Jahreszeit fehlt noch und das ist auch gut so, denn der Herbst kommt ja erst noch. Da ist die Luft dann anders, die Sonne hat ein anderes Licht, es ist einfach eine vollkommen andere und eigene Atmosph&#228;re. Und trotzdem: Die B&#228;ume verlieren Bl&#228;tter. Die Wege sind teilweise von gelben Laub belegt und zusammen mit den vertrockneten und eher nicht saftig gr&#252;nen Wiesen hat das schon etwas sehr herbstliches.&nbsp;<\/p>\n<p>Heute habe ich mich f&#252;r die Stra&#223;enroute entschieden. Die Luft war k&#252;hl und frisch und mein Kopf etwas matschig nach einem Diskussion reichen Morgen und einer gewissen Sommerm&#252;digkeit, die mich in letzter Zeit kontrolliert. Einmal quer durch den Hintereingang Richtung Stra&#223;e und im Schatten der Kastanienb&#228;ume entlang. Dazu habe ich einen Podcast auf den Ohren. Ich wei&#223; auch nicht wieso, aber der lockere und irgendwie zwanglose Stil von Julien Bam und Rezo erheitert mich aktuell sehr und ich h&#246;re den beiden gerne zu bei den Verr&#252;cktheiten, die sie so austauschen. Manchmal sind ihre Geschichten wirklich schr&#228;g, die sie so erz&#228;hlen, aber ich mag die Leichtigkeit dahinter. Sie lenkt mich und meine Gedanken gut ab. Die beiden machen das ja nun schon seit mehreren Jahren mit ihrem Podcast, aber irgendwie habe ich das Gef&#252;hl, dass viele Influencer, TikToker und Co ebenfalls damit anfangen. Irgendeiner von denen sagte neulich erst &#8220;Man muss sowas jetzt wohl machen&#8221; und meist reden sie wirklich nur, tauschen Allt&#228;glichkeiten aus. So, wie ich das hier mit dem Blog schon seit Jahren mache. Nur f&#252;hre ich eher einen Monolog und keinen Dialog, wie sie das tun.<\/p>\n<p>Manchmal schlafe ich abends dabei ein und wache dann morgens mit einem vollkommen anderem Podcast im Ohr auf. Zuletzt von zwei M&#228;dchen, die sich massiv dar&#252;ber aufregten, dass ein Typ wohl fremdgehen w&#252;rde, weil er mit dem einen M&#228;del Nachrichten ausgetauscht hat. Da musste ich erst einmal schnell aus meinem morgendlichen Matschkopf rausfinden und zu mir kommen. Das war schon irgendwie ein seltsames Aufwachen *lach*.<\/p>\n<h2>&#220;berall liegen Bl&#228;tter auf den Wegen&#8230;<\/h2>\n<p>Nun gut, ich schweife ab. Ich lief also meinen Weg entlang, mit den Kopfh&#246;rern im Ohr (&#8220;Bitte laden&#8221; meckert der eine Kopfh&#246;rer mit mir&#8230;manno). An Tagen, wo es besonders warm schon am Morgen ist, w&#228;hle ich meist einen Weg, der eher erdig ist und unter vielen B&#228;umen entlang f&#252;hrt. Hier wirkt die Luft meist frischer und durch die dauerhaften Schatten auch etwas angenehmer.&nbsp;<\/p>\n<p>Mein Blick schweift ab. &#220;berall liegen Bl&#228;tter am Boden. Viele von ihnen sind bereits gelb. Die Hitze hat den B&#228;umen scheinbar genauso wenig gefallen, wie den runtergebrannten Wiesen. Irgendwie finde ich es schade, aber andererseits mag ich die Farbgebung. Vor allem in Kombination mit dem dunklen Grau der Gehweg-Steine. Diese Farbkombination findet sich &#252;brigens auch zu Hause in unserem Wohnzimmer wieder. Vielleicht mag ich sie deshalb so.<\/p>\n<p>Ich laufe und laufe und laufe. Denke &#252;ber die Diskussion am Morgen nach und ob sie n&#246;tig war. Manchmal frage ich mich, ob meine Reaktion angebracht war oder nicht. Manchmal freue ich mich &#252;ber liebe Worte zum Abschied oder die Umarmung, die noch etwas nachhallt. Manchmal plane ich schon einmal den Tag und &#252;berlege, wie ich die einzelnen Dinge angehen soll. Manchmal schicke ich Sprachnachrichten an liebe Menschen raus, w&#228;hrend ich laufe und h&#246;re mir ihre Antworten an.&nbsp;<\/p>\n<p>Es sind 30 Minuten am Morgen, in denen ich bei mir bin. 30 Minuten, in denen ich gehe, die Umwelt betrachte und meine Gedanken flie&#223;en lasse. 30 Minuten am Tag. Seit einigen Monaten. 30 Minuten, in denen ich mich bewegt habe und Bewegung ist ja bekanntlich immer gut, nicht wahr?<\/p>\n<p>Und wenn ich dann zu Hause ankomme, sind meine Gedanken ein wenig geordneter, mein Kopf ein wenig klarer als noch vor zwei Stunden, als ich mich aus dem Bett qu&#228;lte.&nbsp;<br \/>\nUnd damit bin ich dann (erstmal) bereit f&#252;r die Dinge, die der Tag f&#252;r mich parat hat.&nbsp;<\/p>\n","protected":false},"excerpt":{"rendered":"<p>Nicht nur beim Joggen kann man von einen Gedanken in den n&#228;chsten abdriften, auch bei meinen morgendlichen Runden drehen sie sich in alle Richtungen. Ja, ich mache sie immer noch, meine Morgenspazierg&#228;nge. Nicht selten wache ich morgens auf und habe so null Bock, habe gedanklich f&#252;r mich eigentlich schon entschieden, dass ich nach dem Bringen der Kinder einfach wieder direkt zur&#252;ck gehe und dann laufe ich doch von der Schule aus weiter. Es ist im Schnitt keine gro&#223;e Runde und nach 30 Minuten komme ich zu Hause rein, aber der Vorteil ist dann meist der, dass ich dann ein frischen Fr&#252;hst&#252;cksbr&#246;tchen in meinen H&#228;nden halte und das genie&#223;e ich aktuell sehr. Mal davon abgesehen f&#252;hle ich mich dann auch viel munterer und frischer als nach dem Aufstehen, nachdem ich die Runde an der frischen Luft hinter mir habe. Egal welches Wetter gerade drau&#223;en herrscht und gerade bei der Hitze der letzten Woche waren die Luft und Temperaturen besonders am Morgen noch mit am angenehmsten. Manchmal sind die Morgen anstrengend&#8230; Wer selber Kinder zu Hause hat, der wei&#223;, dass es morgens nicht immer alles Friede, Freude, Eierkuchen ist. Oft f&#228;ngt es ja schon damit an die Kinder &#252;berhaupt zum Aufstehen zu motivieren, nachdem man es selber kurz zuvor gerade so aus dem Bett geschafft hat. Ich bin an sich jemand, der gut morgens aufstehen kann und die Zeiten, wo ich bis sonst wann im Bett liegen konnte, sind schon lange vorbei. Ich habe eher inzwischen eine Mentalit&#228;t verinnerlicht, bei der ich das Gef&#252;hl habe wertvolle Zeit vom Tag zu verschwenden, wenn ich nur rumliege. Mal davon abgesehen neige ich zum Matschkopf, wenn ich zu lange liegen bleibe. Mindestens zwei Mal den Schlummerknopf dr&#252;cken, das habe ich aber dennoch perfektioniert. Au&#223;erdem lernt man mit der Zeit gut damit klar zu kommen, dass die V&#246;gel schon um 4 Uhr morgens zwitschern und die Sonne dir ins Gesicht scheint. Zu Anfang macht mich das immer wach, doch so wie meine Trinkerinnerung kann ich auch das nach einer gewissen Weile gut ignorieren.&nbsp; Wie auch immer: Morgens f&#252;hle ich mich ger&#228;dert. Und die Kinder auch. Die haben n&#228;mlich abends nun auch massive Schwierigkeiten einzuschlafen, wenn es einfach mal bis 22 oder gar 23 Uhr noch hell da drau&#223;en ist. Und da hilft auch keine Abdunklung-Jalousie, denn das Wissen, dass es drau&#223;en noch hell ist, ist absolut ausreichend. Wer kennt&#8217;s? Gut, also Kinder wurden irgendwie aus dem Bett gezerrt, das Grummeln hat man auch halbwegs &#252;berstanden und man h&#246;rt das eine oder andere Gemaule im Bad, weil sie sich im Weg stehen oder irgendwie anders auf die Nerven gehen. Nach und nach landet jeder am Esstisch und schiebt sich irgendwie ein Fr&#252;hst&#252;ck rein, auf das sie um die fr&#252;he Uhrzeit eigentlich noch gar nicht so richtig Lust haben. Nochmal auf Klo, Ranzen packen, auf geht&#8217;s&#8230; Der Tag kann irgendwie starten und ich meine Runde drehen Nachdem also das eine Kind mit ganz viel Winken auf den Weg geschickt wurde, laufe ich mit dem anderen an der Hand Richtung Schule. Inzwischen ist der m&#252;de Punkt scheinbar &#252;berwunden und mir wird von Ninjago-Karten, Traumtoren und Lieblingskuscheltieren erz&#228;hlt und ich merke: So richtig aufnahmef&#228;hig bin ich noch nicht, nachdem ich noch im Schulmodus bin (Schulmodus = Kinder motivieren, Essen machen, Kinder noch mehr motivieren, immer gute Laune als Vorbild zeigen). Aber ich nicke und versuche auf die Erz&#228;hlungen ad&#228;quat zu reagieren. (Hey, w&#252;rdigt bitte einer, dass ich zu fr&#252;her Stunde so komplizierte W&#246;rter wie ad&#228;quat, also angemessen, nutzen kann?!?) Kaum am Schulhof angekommen, l&#228;sst der kleine Sohn meine Hand los, stellt den Ranzen am morgendlichen Treffpunkt ab und rennt zu seinen Freunden. Ich bin jetzt nur noch f&#252;r den Moment wichtig, wo die Lehrerin kommt und er mir nochmal tsch&#252;ss sagen will. Immerhin macht er es. Eine schnelle, aber feste Umarmung gepaart mit einem &#8220;Du bist die beste Mama der Welt&#8221; und weg ist er. Ich kann mich schon gl&#252;cklich sch&#228;tzen, oder?&nbsp; Und dann kann meine Wanderung losgehen. Wie beim Joggen kommt als erstes die Frage: Welchen Weg will ich heute gehen. Am See entlang? Durch die Siedlung hindurch? Mehr Natur oder einfach an der Stra&#223;e entlang? Gr&#246;&#223;ere oder kleinere Runde? Gedanken &#8211; Kein Tag gleicht hier dem anderen Dadurch, dass ich jeden Morgen spontan entscheide, wie ich laufe und auch w&#228;hrend des Weges einfach einem Gef&#252;hl folge und mal nach links und mal nach rechts abbiege, ist die Strecke immer ein kleines bisschen anders. Einzige Gemeinsamkeit ist der Zwischenstopp beim Laden, wo ich Br&#246;tchen und meist nochmal frisches Obst oder eine fehlende Kleinigkeit hole.&nbsp; Allerdings habe ich festgestellt, dass ich an Regentagen gerne die Route am See entlang nehme. Ich liebe es zu beobachten, wie die Tropfen des Regens auf der Wasseroberfl&#228;che aufkommen und f&#252;r dieses lustig h&#252;pfende Muster dort sorgen. Sofort habe ich die irgendwie traurige, aber gleichzeitig auch fr&#246;hliche Melodie aus dem Ghibli Film &#8220;Mein Nachbar Totoro&#8221; im Ohr und bleibe meist auch kurz stehen, um diesen kleinen Tanz ein wenig zu beobachten. Hier bin ich von deutlich mehr Natur umgeben und der Anblick der gl&#228;nzenden kleinen Perlen-Tropfen auf den Spitzen der Bl&#228;tter und Gr&#228;ser ist einfach nur wundersch&#246;n. Auch ist die Luft hier anders. Dieser Weg ist durchaus auch an sonnigen Tagen sch&#246;n, aber da gehe ich durchaus gerne auch mal die Route an der Stra&#223;e entlang, weil ich es mag, wie man die lange, lange Stra&#223;e hinunter schauen kann und am Ende das Glitzern der Sonne oder gar ein sch&#246;nes Wolken- oder Farbenspiel beobachten kann. Allgemein mag ich die Vielfalt der Natur &#252;ber die Jahreszeiten hinweg Manch einer von euch ist sicherlich sehr ungl&#252;cklich mit dem aktuellen Wetter, oder? Lacht mich nicht aus, aber ich liebs! Total. Mit gro&#223;er Begeisterung habe ich die lange Leggings aus dem Schrank gezogen und mir einen Kuschelpullover &#252;bergeworfen. Diese 20 Grad, die sind einfach so viel mehr meine Welt, als die 30. Daher wird der Sommer sicherlich nochmal spannend f&#252;r mich, da von einer gigantischen Hitzewelle die Rede ist. Aber sicherlich wechselt die sich wieder st&#228;ndig mit Unwetter ab und mein wetterf&#252;hliger Kopf wird Tango tanzen. Tut er ja jetzt schon teilweise und ist dauerpr&#228;sent. Das ewige Leid einer Migr&#228;ne anf&#228;lligen Person. Da lautet die Frage eher nicht: &#8220;Hast du Kopfschmerzen&#8221;, sondern: Wie doll sind sie heute&#8221;. Richtig heftige mit schmerzenden Augen und Lichtempfindlichkeit hatte ich erfreulicher Weise schon l&#228;nger nicht mehr, aber der konstante Druck ist bei den aktuellen Wetterlagen st&#228;ndig pr&#228;sent. Mal mehr und mal weniger. Man lernt es auszuhalten, nicht wahr? Jedenfalls genie&#223;e ich das k&#252;hlere Wetter derzeit sehr. Auch wenn mir bei meinen morgendlichen Runden immer wieder auff&#228;llt, dass die Natur damit wohl so ihre eigenen Probleme hat. Die herrlichen Kornblumenwiesen mit rotem Mohn sind im Juni so toll gewachsen und boten einen genialen Anblick (mit viel Pollen-Potential), aber diese Wiesen wurden nun wieder gem&#228;ht, regelrecht gestutzt und alles, was nun zur&#252;ckbleibt ist eine vertrocknete, gelbe Wiese. Es sieht fast schon aus, als w&#252;rde man durch eine vertrocknete W&#252;ste laufen und das trotz der vielen Regenf&#228;lle der letzten Tage. Die Hitze kurz zuvor hat einfach alles verbrannt, nachdem es auf einmal so kurz war. An manchen Tagen sieht es schon regelrecht nach Herbst aus Aber das warme leuchten dieser Jahreszeit fehlt noch und das ist auch gut so, denn der Herbst kommt ja erst noch. Da ist die Luft dann anders, die Sonne hat ein anderes Licht, es ist einfach eine vollkommen andere und eigene Atmosph&#228;re. Und trotzdem: Die B&#228;ume verlieren Bl&#228;tter. Die Wege sind teilweise von gelben Laub belegt und zusammen mit den vertrockneten und eher nicht saftig gr&#252;nen Wiesen hat das schon etwas sehr herbstliches.&nbsp; Heute habe ich mich f&#252;r die Stra&#223;enroute entschieden. Die Luft war k&#252;hl und frisch und mein Kopf etwas matschig nach einem Diskussion reichen Morgen und einer gewissen Sommerm&#252;digkeit, die mich in letzter Zeit kontrolliert. Einmal quer durch den Hintereingang Richtung Stra&#223;e und im Schatten der Kastanienb&#228;ume entlang. Dazu habe ich einen Podcast auf den Ohren. Ich wei&#223; auch nicht wieso, aber der lockere und irgendwie zwanglose Stil von Julien Bam und Rezo erheitert mich aktuell sehr und ich h&#246;re den beiden gerne zu bei den Verr&#252;cktheiten, die sie so austauschen. Manchmal sind ihre Geschichten wirklich schr&#228;g, die sie so erz&#228;hlen, aber ich mag die Leichtigkeit dahinter. Sie lenkt mich und meine Gedanken gut ab. Die beiden machen das ja nun schon seit mehreren Jahren mit ihrem Podcast, aber irgendwie habe ich das Gef&#252;hl, dass viele Influencer, TikToker und Co ebenfalls damit anfangen. Irgendeiner von denen sagte neulich erst &#8220;Man muss sowas jetzt wohl machen&#8221; und meist reden sie wirklich nur, tauschen Allt&#228;glichkeiten aus. So, wie ich das hier mit dem Blog schon seit Jahren mache. Nur f&#252;hre ich eher einen Monolog und keinen Dialog, wie sie das tun. Manchmal schlafe ich abends dabei ein und wache dann morgens mit einem vollkommen anderem Podcast im Ohr auf. Zuletzt von zwei M&#228;dchen, die sich massiv dar&#252;ber aufregten, dass ein Typ wohl fremdgehen w&#252;rde, weil er mit dem einen M&#228;del Nachrichten ausgetauscht hat. Da musste ich erst einmal schnell aus meinem morgendlichen Matschkopf rausfinden und zu mir kommen. Das war schon irgendwie ein seltsames Aufwachen *lach*. &#220;berall liegen Bl&#228;tter auf den Wegen&#8230; Nun gut, ich schweife ab. Ich lief also meinen Weg entlang, mit den Kopfh&#246;rern im Ohr (&#8220;Bitte laden&#8221; meckert der eine Kopfh&#246;rer mit mir&#8230;manno). An Tagen, wo es besonders warm schon am Morgen ist, w&#228;hle ich meist einen Weg, der eher erdig ist und unter vielen B&#228;umen entlang f&#252;hrt. Hier wirkt die Luft meist frischer und durch die dauerhaften Schatten auch etwas angenehmer.&nbsp; Mein Blick schweift ab. &#220;berall liegen Bl&#228;tter am Boden. Viele von ihnen sind bereits gelb. Die Hitze hat den B&#228;umen scheinbar genauso wenig gefallen, wie den runtergebrannten Wiesen. Irgendwie finde ich es schade, aber andererseits mag ich die Farbgebung. Vor allem in Kombination mit dem dunklen Grau der Gehweg-Steine. Diese Farbkombination findet sich &#252;brigens auch zu Hause in unserem Wohnzimmer wieder. Vielleicht mag ich sie deshalb so. Ich laufe und laufe und laufe. Denke &#252;ber die Diskussion am Morgen nach und ob sie n&#246;tig war. Manchmal frage ich mich, ob meine Reaktion angebracht war oder nicht. Manchmal freue ich mich &#252;ber liebe Worte zum Abschied oder die Umarmung, die noch etwas nachhallt. Manchmal plane ich schon einmal den Tag und &#252;berlege, wie ich die einzelnen Dinge angehen soll. Manchmal schicke ich Sprachnachrichten an liebe Menschen raus, w&#228;hrend ich laufe und h&#246;re mir ihre Antworten an.&nbsp; Es sind 30 Minuten am Morgen, in denen ich bei mir bin. 30 Minuten, in denen ich gehe, die Umwelt betrachte und meine Gedanken flie&#223;en lasse. 30 Minuten am Tag. Seit einigen Monaten. 30 Minuten, in denen ich mich bewegt habe und Bewegung ist ja bekanntlich immer gut, nicht wahr? Und wenn ich dann zu Hause ankomme, sind meine Gedanken ein wenig geordneter, mein Kopf ein wenig klarer als noch vor zwei Stunden, als ich mich aus dem Bett qu&#228;lte.&nbsp; Und damit bin ich dann (erstmal) bereit f&#252;r die Dinge, die der Tag f&#252;r mich parat hat.&nbsp;<\/p>\n","protected":false},"author":1,"featured_media":61402,"comment_status":"open","ping_status":"open","sticky":false,"template":"","format":"standard","meta":{"ngg_post_thumbnail":0,"footnotes":""},"categories":[323,2210,50],"tags":[45,3592,69,3593,392,3591,857,2603,1316],"class_list":["post-61401","post","type-post","status-publish","format-standard","has-post-thumbnail","hentry","category-alltag","category-featured","category-gedanken","tag-alltag","tag-diskussion","tag-familie","tag-gedankentabebuch","tag-gedanken","tag-morgen","tag-sorgen","tag-spaziergang","tag-wetter"],"yoast_head":"<!-- This site is optimized with the Yoast SEO plugin v27.5 - https:\/\/yoast.com\/product\/yoast-seo-wordpress\/ -->\n<title>Gedankentagebuch #27 - Morgenspaziergang-Gedanken - Heldenhaushalt<\/title>\n<meta name=\"description\" content=\"Nicht nur beim Joggen kann man von einen Gedanken in den n\u00e4chsten abdriften, auch bei meinen morgendlichen Runden drehen sie sich in...\" \/>\n<meta name=\"robots\" content=\"index, follow, max-snippet:-1, max-image-preview:large, max-video-preview:-1\" \/>\n<link rel=\"canonical\" href=\"https:\/\/www.heldenhaushalt.de\/sari02\/index.php\/2024\/07\/04\/gedankentagebuch-27\/\" \/>\n<meta property=\"og:locale\" content=\"de_DE\" \/>\n<meta property=\"og:type\" content=\"article\" \/>\n<meta property=\"og:title\" content=\"Gedankentagebuch #27 - Morgenspaziergang-Gedanken - Heldenhaushalt\" \/>\n<meta property=\"og:description\" content=\"Nicht nur beim Joggen kann man von einen Gedanken in den n\u00e4chsten abdriften, auch bei meinen morgendlichen Runden drehen sie sich in...\" \/>\n<meta property=\"og:url\" content=\"https:\/\/www.heldenhaushalt.de\/sari02\/index.php\/2024\/07\/04\/gedankentagebuch-27\/\" \/>\n<meta property=\"og:site_name\" content=\"Heldenhaushalt\" \/>\n<meta property=\"article:published_time\" content=\"2024-07-04T08:38:51+00:00\" \/>\n<meta property=\"article:modified_time\" content=\"2024-07-04T08:39:02+00:00\" \/>\n<meta property=\"og:image\" content=\"https:\/\/www.heldenhaushalt.de\/sari02\/wp-content\/uploads\/2024\/07\/teil27-00.jpg\" \/>\n\t<meta property=\"og:image:width\" content=\"1000\" \/>\n\t<meta property=\"og:image:height\" content=\"703\" \/>\n\t<meta property=\"og:image:type\" content=\"image\/jpeg\" \/>\n<meta name=\"author\" content=\"Sari\" \/>\n<meta name=\"twitter:card\" content=\"summary_large_image\" \/>\n<meta name=\"twitter:creator\" content=\"@Heldenhaushalt\" \/>\n<meta name=\"twitter:site\" content=\"@Heldenhaushalt\" \/>\n<meta name=\"twitter:label1\" content=\"Verfasst von\" \/>\n\t<meta name=\"twitter:data1\" content=\"Sari\" \/>\n\t<meta name=\"twitter:label2\" content=\"Gesch\u00e4tzte Lesezeit\" \/>\n\t<meta name=\"twitter:data2\" content=\"11\u00a0Minuten\" \/>\n<script type=\"application\/ld+json\" class=\"yoast-schema-graph\">{\"@context\":\"https:\\\/\\\/schema.org\",\"@graph\":[{\"@type\":\"Article\",\"@id\":\"https:\\\/\\\/www.heldenhaushalt.de\\\/sari02\\\/index.php\\\/2024\\\/07\\\/04\\\/gedankentagebuch-27\\\/#article\",\"isPartOf\":{\"@id\":\"https:\\\/\\\/www.heldenhaushalt.de\\\/sari02\\\/index.php\\\/2024\\\/07\\\/04\\\/gedankentagebuch-27\\\/\"},\"author\":{\"name\":\"Sari\",\"@id\":\"https:\\\/\\\/www.heldenhaushalt.de\\\/sari02\\\/#\\\/schema\\\/person\\\/a1cc69f42a01f412eb62c151353814f6\"},\"headline\":\"Gedankentagebuch #27 &#8211; Morgenspaziergang-Gedanken\",\"datePublished\":\"2024-07-04T08:38:51+00:00\",\"dateModified\":\"2024-07-04T08:39:02+00:00\",\"mainEntityOfPage\":{\"@id\":\"https:\\\/\\\/www.heldenhaushalt.de\\\/sari02\\\/index.php\\\/2024\\\/07\\\/04\\\/gedankentagebuch-27\\\/\"},\"wordCount\":1954,\"commentCount\":3,\"publisher\":{\"@id\":\"https:\\\/\\\/www.heldenhaushalt.de\\\/sari02\\\/#\\\/schema\\\/person\\\/a1cc69f42a01f412eb62c151353814f6\"},\"image\":{\"@id\":\"https:\\\/\\\/www.heldenhaushalt.de\\\/sari02\\\/index.php\\\/2024\\\/07\\\/04\\\/gedankentagebuch-27\\\/#primaryimage\"},\"thumbnailUrl\":\"https:\\\/\\\/www.heldenhaushalt.de\\\/sari02\\\/wp-content\\\/uploads\\\/2024\\\/07\\\/teil27-00.jpg\",\"keywords\":[\"Allt\u00e4glich\",\"Diskussion\",\"Familie\",\"Gedankentabebuch\",\"Gedankenwelt\",\"Morgen\",\"Sorgen\",\"Spaziergang\",\"Wetter\"],\"articleSection\":[\"Alltagschaos\",\"Featured\",\"Gedankenwelt\"],\"inLanguage\":\"de\",\"potentialAction\":[{\"@type\":\"CommentAction\",\"name\":\"Comment\",\"target\":[\"https:\\\/\\\/www.heldenhaushalt.de\\\/sari02\\\/index.php\\\/2024\\\/07\\\/04\\\/gedankentagebuch-27\\\/#respond\"]}]},{\"@type\":\"WebPage\",\"@id\":\"https:\\\/\\\/www.heldenhaushalt.de\\\/sari02\\\/index.php\\\/2024\\\/07\\\/04\\\/gedankentagebuch-27\\\/\",\"url\":\"https:\\\/\\\/www.heldenhaushalt.de\\\/sari02\\\/index.php\\\/2024\\\/07\\\/04\\\/gedankentagebuch-27\\\/\",\"name\":\"Gedankentagebuch #27 - Morgenspaziergang-Gedanken - Heldenhaushalt\",\"isPartOf\":{\"@id\":\"https:\\\/\\\/www.heldenhaushalt.de\\\/sari02\\\/#website\"},\"primaryImageOfPage\":{\"@id\":\"https:\\\/\\\/www.heldenhaushalt.de\\\/sari02\\\/index.php\\\/2024\\\/07\\\/04\\\/gedankentagebuch-27\\\/#primaryimage\"},\"image\":{\"@id\":\"https:\\\/\\\/www.heldenhaushalt.de\\\/sari02\\\/index.php\\\/2024\\\/07\\\/04\\\/gedankentagebuch-27\\\/#primaryimage\"},\"thumbnailUrl\":\"https:\\\/\\\/www.heldenhaushalt.de\\\/sari02\\\/wp-content\\\/uploads\\\/2024\\\/07\\\/teil27-00.jpg\",\"datePublished\":\"2024-07-04T08:38:51+00:00\",\"dateModified\":\"2024-07-04T08:39:02+00:00\",\"description\":\"Nicht nur beim Joggen kann man von einen Gedanken in den n\u00e4chsten abdriften, auch bei meinen morgendlichen Runden drehen sie sich in...\",\"breadcrumb\":{\"@id\":\"https:\\\/\\\/www.heldenhaushalt.de\\\/sari02\\\/index.php\\\/2024\\\/07\\\/04\\\/gedankentagebuch-27\\\/#breadcrumb\"},\"inLanguage\":\"de\",\"potentialAction\":[{\"@type\":\"ReadAction\",\"target\":[\"https:\\\/\\\/www.heldenhaushalt.de\\\/sari02\\\/index.php\\\/2024\\\/07\\\/04\\\/gedankentagebuch-27\\\/\"]}]},{\"@type\":\"ImageObject\",\"inLanguage\":\"de\",\"@id\":\"https:\\\/\\\/www.heldenhaushalt.de\\\/sari02\\\/index.php\\\/2024\\\/07\\\/04\\\/gedankentagebuch-27\\\/#primaryimage\",\"url\":\"https:\\\/\\\/www.heldenhaushalt.de\\\/sari02\\\/wp-content\\\/uploads\\\/2024\\\/07\\\/teil27-00.jpg\",\"contentUrl\":\"https:\\\/\\\/www.heldenhaushalt.de\\\/sari02\\\/wp-content\\\/uploads\\\/2024\\\/07\\\/teil27-00.jpg\",\"width\":1000,\"height\":703,\"caption\":\"Gedanken\"},{\"@type\":\"BreadcrumbList\",\"@id\":\"https:\\\/\\\/www.heldenhaushalt.de\\\/sari02\\\/index.php\\\/2024\\\/07\\\/04\\\/gedankentagebuch-27\\\/#breadcrumb\",\"itemListElement\":[{\"@type\":\"ListItem\",\"position\":1,\"name\":\"Startseite\",\"item\":\"https:\\\/\\\/www.heldenhaushalt.de\\\/sari02\\\/\"},{\"@type\":\"ListItem\",\"position\":2,\"name\":\"Gedankentagebuch #27 &#8211; Morgenspaziergang-Gedanken\"}]},{\"@type\":\"WebSite\",\"@id\":\"https:\\\/\\\/www.heldenhaushalt.de\\\/sari02\\\/#website\",\"url\":\"https:\\\/\\\/www.heldenhaushalt.de\\\/sari02\\\/\",\"name\":\"Heldenhaushalt\",\"description\":\"Wer es ordentlich haben will, der muss vorher anrufen\",\"publisher\":{\"@id\":\"https:\\\/\\\/www.heldenhaushalt.de\\\/sari02\\\/#\\\/schema\\\/person\\\/a1cc69f42a01f412eb62c151353814f6\"},\"potentialAction\":[{\"@type\":\"SearchAction\",\"target\":{\"@type\":\"EntryPoint\",\"urlTemplate\":\"https:\\\/\\\/www.heldenhaushalt.de\\\/sari02\\\/?s={search_term_string}\"},\"query-input\":{\"@type\":\"PropertyValueSpecification\",\"valueRequired\":true,\"valueName\":\"search_term_string\"}}],\"inLanguage\":\"de\"},{\"@type\":[\"Person\",\"Organization\"],\"@id\":\"https:\\\/\\\/www.heldenhaushalt.de\\\/sari02\\\/#\\\/schema\\\/person\\\/a1cc69f42a01f412eb62c151353814f6\",\"name\":\"Sari\",\"image\":{\"@type\":\"ImageObject\",\"inLanguage\":\"de\",\"@id\":\"https:\\\/\\\/www.heldenhaushalt.de\\\/sari02\\\/wp-content\\\/uploads\\\/2019\\\/02\\\/sari-april2018.png\",\"url\":\"https:\\\/\\\/www.heldenhaushalt.de\\\/sari02\\\/wp-content\\\/uploads\\\/2019\\\/02\\\/sari-april2018.png\",\"contentUrl\":\"https:\\\/\\\/www.heldenhaushalt.de\\\/sari02\\\/wp-content\\\/uploads\\\/2019\\\/02\\\/sari-april2018.png\",\"width\":500,\"height\":500,\"caption\":\"Sari\"},\"logo\":{\"@id\":\"https:\\\/\\\/www.heldenhaushalt.de\\\/sari02\\\/wp-content\\\/uploads\\\/2019\\\/02\\\/sari-april2018.png\"},\"description\":\"Frau Mondgras \u2013 Das bin ich, Sari. Gerne auch als Sari Mondgras bekannt und im Internet zu finden. 2-Fach-Mutter, Heldenehefrau, Kreativling, Harmonies\u00fcchtig und st\u00e4ndig auf der Suche nach Gl\u00fcck. Ich komme aus Berlin, bin hier aufgewachsen und lebe hier seit ich denken kann.\",\"sameAs\":[\"https:\\\/\\\/www.instagram.com\\\/heldenhaushalt\\\/\"],\"url\":\"https:\\\/\\\/www.heldenhaushalt.de\\\/sari02\\\/index.php\\\/author\\\/admin\\\/\"}]}<\/script>\n<!-- \/ Yoast SEO plugin. -->","yoast_head_json":{"title":"Gedankentagebuch #27 - Morgenspaziergang-Gedanken - Heldenhaushalt","description":"Nicht nur beim Joggen kann man von einen Gedanken in den n\u00e4chsten abdriften, auch bei meinen morgendlichen Runden drehen sie sich in...","robots":{"index":"index","follow":"follow","max-snippet":"max-snippet:-1","max-image-preview":"max-image-preview:large","max-video-preview":"max-video-preview:-1"},"canonical":"https:\/\/www.heldenhaushalt.de\/sari02\/index.php\/2024\/07\/04\/gedankentagebuch-27\/","og_locale":"de_DE","og_type":"article","og_title":"Gedankentagebuch #27 - Morgenspaziergang-Gedanken - Heldenhaushalt","og_description":"Nicht nur beim Joggen kann man von einen Gedanken in den n\u00e4chsten abdriften, auch bei meinen morgendlichen Runden drehen sie sich in...","og_url":"https:\/\/www.heldenhaushalt.de\/sari02\/index.php\/2024\/07\/04\/gedankentagebuch-27\/","og_site_name":"Heldenhaushalt","article_published_time":"2024-07-04T08:38:51+00:00","article_modified_time":"2024-07-04T08:39:02+00:00","og_image":[{"width":1000,"height":703,"url":"https:\/\/www.heldenhaushalt.de\/sari02\/wp-content\/uploads\/2024\/07\/teil27-00.jpg","type":"image\/jpeg"}],"author":"Sari","twitter_card":"summary_large_image","twitter_creator":"@Heldenhaushalt","twitter_site":"@Heldenhaushalt","twitter_misc":{"Verfasst von":"Sari","Gesch\u00e4tzte Lesezeit":"11\u00a0Minuten"},"schema":{"@context":"https:\/\/schema.org","@graph":[{"@type":"Article","@id":"https:\/\/www.heldenhaushalt.de\/sari02\/index.php\/2024\/07\/04\/gedankentagebuch-27\/#article","isPartOf":{"@id":"https:\/\/www.heldenhaushalt.de\/sari02\/index.php\/2024\/07\/04\/gedankentagebuch-27\/"},"author":{"name":"Sari","@id":"https:\/\/www.heldenhaushalt.de\/sari02\/#\/schema\/person\/a1cc69f42a01f412eb62c151353814f6"},"headline":"Gedankentagebuch #27 &#8211; Morgenspaziergang-Gedanken","datePublished":"2024-07-04T08:38:51+00:00","dateModified":"2024-07-04T08:39:02+00:00","mainEntityOfPage":{"@id":"https:\/\/www.heldenhaushalt.de\/sari02\/index.php\/2024\/07\/04\/gedankentagebuch-27\/"},"wordCount":1954,"commentCount":3,"publisher":{"@id":"https:\/\/www.heldenhaushalt.de\/sari02\/#\/schema\/person\/a1cc69f42a01f412eb62c151353814f6"},"image":{"@id":"https:\/\/www.heldenhaushalt.de\/sari02\/index.php\/2024\/07\/04\/gedankentagebuch-27\/#primaryimage"},"thumbnailUrl":"https:\/\/www.heldenhaushalt.de\/sari02\/wp-content\/uploads\/2024\/07\/teil27-00.jpg","keywords":["Allt\u00e4glich","Diskussion","Familie","Gedankentabebuch","Gedankenwelt","Morgen","Sorgen","Spaziergang","Wetter"],"articleSection":["Alltagschaos","Featured","Gedankenwelt"],"inLanguage":"de","potentialAction":[{"@type":"CommentAction","name":"Comment","target":["https:\/\/www.heldenhaushalt.de\/sari02\/index.php\/2024\/07\/04\/gedankentagebuch-27\/#respond"]}]},{"@type":"WebPage","@id":"https:\/\/www.heldenhaushalt.de\/sari02\/index.php\/2024\/07\/04\/gedankentagebuch-27\/","url":"https:\/\/www.heldenhaushalt.de\/sari02\/index.php\/2024\/07\/04\/gedankentagebuch-27\/","name":"Gedankentagebuch #27 - Morgenspaziergang-Gedanken - Heldenhaushalt","isPartOf":{"@id":"https:\/\/www.heldenhaushalt.de\/sari02\/#website"},"primaryImageOfPage":{"@id":"https:\/\/www.heldenhaushalt.de\/sari02\/index.php\/2024\/07\/04\/gedankentagebuch-27\/#primaryimage"},"image":{"@id":"https:\/\/www.heldenhaushalt.de\/sari02\/index.php\/2024\/07\/04\/gedankentagebuch-27\/#primaryimage"},"thumbnailUrl":"https:\/\/www.heldenhaushalt.de\/sari02\/wp-content\/uploads\/2024\/07\/teil27-00.jpg","datePublished":"2024-07-04T08:38:51+00:00","dateModified":"2024-07-04T08:39:02+00:00","description":"Nicht nur beim Joggen kann man von einen Gedanken in den n\u00e4chsten abdriften, auch bei meinen morgendlichen Runden drehen sie sich in...","breadcrumb":{"@id":"https:\/\/www.heldenhaushalt.de\/sari02\/index.php\/2024\/07\/04\/gedankentagebuch-27\/#breadcrumb"},"inLanguage":"de","potentialAction":[{"@type":"ReadAction","target":["https:\/\/www.heldenhaushalt.de\/sari02\/index.php\/2024\/07\/04\/gedankentagebuch-27\/"]}]},{"@type":"ImageObject","inLanguage":"de","@id":"https:\/\/www.heldenhaushalt.de\/sari02\/index.php\/2024\/07\/04\/gedankentagebuch-27\/#primaryimage","url":"https:\/\/www.heldenhaushalt.de\/sari02\/wp-content\/uploads\/2024\/07\/teil27-00.jpg","contentUrl":"https:\/\/www.heldenhaushalt.de\/sari02\/wp-content\/uploads\/2024\/07\/teil27-00.jpg","width":1000,"height":703,"caption":"Gedanken"},{"@type":"BreadcrumbList","@id":"https:\/\/www.heldenhaushalt.de\/sari02\/index.php\/2024\/07\/04\/gedankentagebuch-27\/#breadcrumb","itemListElement":[{"@type":"ListItem","position":1,"name":"Startseite","item":"https:\/\/www.heldenhaushalt.de\/sari02\/"},{"@type":"ListItem","position":2,"name":"Gedankentagebuch #27 &#8211; Morgenspaziergang-Gedanken"}]},{"@type":"WebSite","@id":"https:\/\/www.heldenhaushalt.de\/sari02\/#website","url":"https:\/\/www.heldenhaushalt.de\/sari02\/","name":"Heldenhaushalt","description":"Wer es ordentlich haben will, der muss vorher anrufen","publisher":{"@id":"https:\/\/www.heldenhaushalt.de\/sari02\/#\/schema\/person\/a1cc69f42a01f412eb62c151353814f6"},"potentialAction":[{"@type":"SearchAction","target":{"@type":"EntryPoint","urlTemplate":"https:\/\/www.heldenhaushalt.de\/sari02\/?s={search_term_string}"},"query-input":{"@type":"PropertyValueSpecification","valueRequired":true,"valueName":"search_term_string"}}],"inLanguage":"de"},{"@type":["Person","Organization"],"@id":"https:\/\/www.heldenhaushalt.de\/sari02\/#\/schema\/person\/a1cc69f42a01f412eb62c151353814f6","name":"Sari","image":{"@type":"ImageObject","inLanguage":"de","@id":"https:\/\/www.heldenhaushalt.de\/sari02\/wp-content\/uploads\/2019\/02\/sari-april2018.png","url":"https:\/\/www.heldenhaushalt.de\/sari02\/wp-content\/uploads\/2019\/02\/sari-april2018.png","contentUrl":"https:\/\/www.heldenhaushalt.de\/sari02\/wp-content\/uploads\/2019\/02\/sari-april2018.png","width":500,"height":500,"caption":"Sari"},"logo":{"@id":"https:\/\/www.heldenhaushalt.de\/sari02\/wp-content\/uploads\/2019\/02\/sari-april2018.png"},"description":"Frau Mondgras \u2013 Das bin ich, Sari. Gerne auch als Sari Mondgras bekannt und im Internet zu finden. 2-Fach-Mutter, Heldenehefrau, Kreativling, Harmonies\u00fcchtig und st\u00e4ndig auf der Suche nach Gl\u00fcck. Ich komme aus Berlin, bin hier aufgewachsen und lebe hier seit ich denken kann.","sameAs":["https:\/\/www.instagram.com\/heldenhaushalt\/"],"url":"https:\/\/www.heldenhaushalt.de\/sari02\/index.php\/author\/admin\/"}]}},"views":1074,"_links":{"self":[{"href":"https:\/\/www.heldenhaushalt.de\/sari02\/index.php\/wp-json\/wp\/v2\/posts\/61401","targetHints":{"allow":["GET"]}}],"collection":[{"href":"https:\/\/www.heldenhaushalt.de\/sari02\/index.php\/wp-json\/wp\/v2\/posts"}],"about":[{"href":"https:\/\/www.heldenhaushalt.de\/sari02\/index.php\/wp-json\/wp\/v2\/types\/post"}],"author":[{"embeddable":true,"href":"https:\/\/www.heldenhaushalt.de\/sari02\/index.php\/wp-json\/wp\/v2\/users\/1"}],"replies":[{"embeddable":true,"href":"https:\/\/www.heldenhaushalt.de\/sari02\/index.php\/wp-json\/wp\/v2\/comments?post=61401"}],"version-history":[{"count":2,"href":"https:\/\/www.heldenhaushalt.de\/sari02\/index.php\/wp-json\/wp\/v2\/posts\/61401\/revisions"}],"predecessor-version":[{"id":61405,"href":"https:\/\/www.heldenhaushalt.de\/sari02\/index.php\/wp-json\/wp\/v2\/posts\/61401\/revisions\/61405"}],"wp:featuredmedia":[{"embeddable":true,"href":"https:\/\/www.heldenhaushalt.de\/sari02\/index.php\/wp-json\/wp\/v2\/media\/61402"}],"wp:attachment":[{"href":"https:\/\/www.heldenhaushalt.de\/sari02\/index.php\/wp-json\/wp\/v2\/media?parent=61401"}],"wp:term":[{"taxonomy":"category","embeddable":true,"href":"https:\/\/www.heldenhaushalt.de\/sari02\/index.php\/wp-json\/wp\/v2\/categories?post=61401"},{"taxonomy":"post_tag","embeddable":true,"href":"https:\/\/www.heldenhaushalt.de\/sari02\/index.php\/wp-json\/wp\/v2\/tags?post=61401"}],"curies":[{"name":"wp","href":"https:\/\/api.w.org\/{rel}","templated":true}]}}