{"id":61509,"date":"2024-07-18T10:37:11","date_gmt":"2024-07-18T08:37:11","guid":{"rendered":"https:\/\/www.heldenhaushalt.de\/sari02\/?p=61509"},"modified":"2024-07-18T10:37:11","modified_gmt":"2024-07-18T08:37:11","slug":"gedankentagebuch-28-sommerferien-gedanken","status":"publish","type":"post","link":"https:\/\/www.heldenhaushalt.de\/sari02\/index.php\/2024\/07\/18\/gedankentagebuch-28-sommerferien-gedanken\/","title":{"rendered":"Gedankentagebuch #28 &#8211; Sommerferien-Gedanken"},"content":{"rendered":"<p>Here we go! Es ist 9 Uhr am Morgen und die Kinder liegen noch im Bett. Und das an einem Donnerstag. Und das ist vollkommen ok, denn nun k&#246;nnen auch wir endlich sagen: Zeit f&#252;r Ferien!<\/p>\n<p>Ich wei&#223; dass einige von euch bereits mittendrin sind und das Zeugnisdrama bereits hinter euch liegt. Wir mussten noch etwas bibbern, denn in Berlin sind wir in diesem Jahr doch recht sp&#228;t dran mit den Sommerferien. Aber nun d&#252;rfen wir endlich durchatmen und die erste Amtshandlung gestern war: Wecker ausstellen. Hach, ist das sch&#246;n&#8230;<\/p>\n<h2>Immerhin klingelt dieser bei uns an nahezu jedem Tag der Woche<\/h2>\n<p>Unter der Woche wegen Schule und am Wochenende meist wegen Fu&#223;ball, da die Spiele und Turniere der Kinder in der Regel recht fr&#252;h angesetzt sitzt. Klar also, dass wir als erstes am ersten Ferientag vor allem eines tun wollen: Ausschlafen! Und wie das so ist &#8211; wer kennt es nicht &#8211; ich war um 7 Uhr wach. Also stand ich auf, erl&#246;ste die jaulenden Katzen von ihrem Leiden (&#8220;Miaaauuuuoo.,&#8230; ich sterbe vor Hunger), Z&#228;hne putzen, waschen, anziehen&#8230; und beschloss Br&#246;tchen f&#252;r alle holen zu gehen. Als ich zu Hause wieder rein kam, kam mir gerade der Mann entgegen, der kurz vorher wach geworden war. So darf es ruhig mal laufen, nicht wahr? Jeder steht einfach dann auf, wenn ihm danach ist. Keine Termine, keine Verpflichtungen. Zumindest aktuell nicht.&nbsp;<\/p>\n<p>F&#252;r mindestens diese Woche hei&#223;t es bei uns keine Schule mehr UND Fu&#223;ball frei. Die Pl&#228;tze sind f&#252;r einige Tage Bezirksweit gesperrt und Training findet nicht statt. Genug Zeit also, um einfach mal die Seele baumeln zu lassen und zu regenerieren. Physisch wie auch psychisch. Die Ersch&#246;pfung, vor allem mental, sa&#223; mir zuletzt tief in den Knochen und ich versp&#252;rte (auch durch das durchwachsene und dr&#252;ckende Wetter) eine dauerhaft anhaltende M&#252;digkeit. Mal davon abgesehen, dass diese Kombination aus Hitze, Regen, schw&#252;le Luft und massive Luftfeuchtigkeit auch der Gesundheit nicht gut tut. Beide Kinder haben immer mal wieder mit einem trocknen Husten oder einer laufenden Nase zu k&#228;mpfen und wer schon einmal im Sommer erk&#228;ltet war, der wei&#223;: Das geht nicht so einfach weg. Mal davon abgesehen, dass nach einem Schulausflug letzte Woche der gro&#223;e Sohn vollkommen durchn&#228;sst nach Hause kam, weil sie in ein Unwetter geraten waren und dann noch eine Stunde mit der Bahn quer durch die Stadt nach Hause fahren mussten. Tolle Voraussetzungen f&#252;r die Gesundheit. Nun gut&#8230;<\/p>\n<h2>Wir starten erst einmal vorsichtig in die Ferien<\/h2>\n<p>Umso besser also, dass die Tage erst einmal nichts ansteht und wir in Ruhe in den Ferien ankommen k&#246;nnen. Man braucht meist so ein zwei Tage um sich bewusst zu machen, dass nun vordergr&#252;ndig Freizeit ansteht, oder? Geht es euch auch immer so, dass ihr etwas Anlauf braucht um effektiv herunterfahren zu k&#246;nnen? Daher planen wir diese Woche erst einmal nicht viel und ich werde sicherlich auch im Laufe der Ferien wieder eine Blogpause einlegen, um mich den Kindern und unserer Zeit v&#246;llig uneingeschr&#228;nkt widmen zu k&#246;nnen.<\/p>\n<p>Aber wir wollen auch Pl&#228;ne machen.. Die typische &#8220;Sommerferien-To-Do-Liste&#8221; gef&#252;llt mit sch&#246;nen Ideen f&#252;r Aktivit&#228;ten und W&#252;nschen f&#252;r die n&#228;chsten gut sechs Wochen. Was ich dieses Jahr zum ersten Mal bei uns einf&#252;hren m&#246;chte, und damit starten wir dann am Montag, ist eine Art Familienkonferenz. Einmal zu Beginn der Ferien und dann kurz bevor die Schule wieder anf&#228;ngt. Die erste Zusammenkunft widmet sich der gemeinsamen Ferienplanung, aber auch -regelung. Sprich wir setzen uns alle an einen Tisch und reden dar&#252;ber, was wir uns f&#252;r diesen langen Zeitraum f&#252;reinander und miteinander w&#252;nschen, kl&#228;ren aber gleichzeitig ein paar Regeln ab. Ganz vorne dabei zum Beispiel Zock-Zeiten. Die sollen n&#228;mlich nicht vollkommen unkontrolliert laufen, sondern eben dennoch halbwegs&nbsp; reguliert werden. Mal sehen, was die Kinder da f&#252;r Ideen und Vorschl&#228;ge einbringen. Gemeinsame Ausflugsziele sollen auf der Agenda stehen und vielleicht auch Pl&#228;ne f&#252;r zu Hause.&nbsp;<\/p>\n<p>Nach den Ferien legen wir dann gemeinsame Abl&#228;ufe f&#252;r die Schulzeiten fest, aber dar&#252;ber wollen wir jetzt (zu Beginn der Ferien) noch nicht nachdenken. Erst einmal Ferien&#8230;<\/p>\n<figure id=\"attachment_61514\" aria-describedby=\"caption-attachment-61514\" style=\"width: 1000px\" class=\"wp-caption alignnone\"><img loading=\"lazy\" decoding=\"async\" class=\"size-full wp-image-61514\" src=\"https:\/\/www.heldenhaushalt.de\/sari02\/wp-content\/uploads\/2024\/07\/teil28-03.jpg\" alt=\"Gedankentagebuch\" width=\"1000\" height=\"694\" srcset=\"https:\/\/www.heldenhaushalt.de\/sari02\/wp-content\/uploads\/2024\/07\/teil28-03.jpg 1000w, https:\/\/www.heldenhaushalt.de\/sari02\/wp-content\/uploads\/2024\/07\/teil28-03-300x208.jpg 300w, https:\/\/www.heldenhaushalt.de\/sari02\/wp-content\/uploads\/2024\/07\/teil28-03-768x533.jpg 768w, https:\/\/www.heldenhaushalt.de\/sari02\/wp-content\/uploads\/2024\/07\/teil28-03-86x60.jpg 86w\" sizes=\"auto, (max-width: 1000px) 100vw, 1000px\" \/><figcaption id=\"caption-attachment-61514\" class=\"wp-caption-text\">Es ist wieder Zeugniszeit<\/figcaption><\/figure>\n<h2>Eingeleitet wurden die Ferien nat&#252;rlich durch die Zeugnisse<\/h2>\n<p>Lasst uns dieses Thema ganz kurz anschneiden. Nat&#252;rlich waren wir gespannt auf die Zeugnisse der Kinder. Dass beide ohne Probleme versetzt werden w&#252;rde, das war klar. Schon im Halbjahresgespr&#228;ch des kleinen Sohnes teilte man uns mit, dass dieser in jedem Fall in die 3. Klasse kommen w&#252;rde. So konnten wir dieses Halbjahr durchaus etwas entspannter betrachten. Hier stand eher die gro&#223;e Frage im Raum: Wer wird die neue Klassenlehrerin ab Klasse 3 und mit wem kommt er in eine Klasse. Es kam n&#228;mlich pl&#246;tzlich ein Schreiben, das uns mitteilte, dass aufgrund von organisatorischen Schwierigkeiten die Klassen neu durchmischt werden w&#252;rden. Davon waren wir nat&#252;rlich nicht sonderlich begeistert, weil der kleine Sohn eine ganz tolle und harmonische Klassengemeinschaft bis dahin hatte und da nat&#252;rlich auch Kinder waren, die ihm inzwischen besonders wichtig waren. Die Erleichterung hier lag nun darin, dass er mit seinen zwei besten Freunden zusammen bleiben w&#252;rde und mit ein zwei anderen zusammen kommt, die er schon vom Fu&#223;ball kennt. Dazu dann noch die Info, dass seine neue Lehrerin die gleiche ist, die der gro&#223;e Sohn damals hatte. Damit k&#246;nnen wir gut leben.<\/p>\n<p>Auch beim gro&#223;en Sohn konnten wir immerhin in 2 F&#228;chern eine Verbesserung zum letzten Halbjahr sehen, auch wenn ein Fach etwas abgerutscht war. Aber insgesamt konnten wir wieder nicht klagen. Es gab einige Lektionen zu lernen in diesem Schuljahr und man merkt, dass das Niveau auf dem Gymnasium von Jahr zu Jahr anspruchsvoller wird, aber daf&#252;r ist es wieder ein wirklich sch&#246;nes Zeugnis geworden und insgesamt k&#246;nnen wir auf beide sehr stolz sein. Aber ich muss auch gestehen, dass ich froh bin, dass wir nun eine Weile durchatmen k&#246;nnen. Auch wenn man die ganzen Arbeiten und Tests nicht mehr selber schreiben muss, so plant man ja den Alltag um diese herum, lernt mit den Kindern, recherchiert mit ihnen und treibt sie an. Bestimmte Ausfl&#252;ge gehen halt nicht, wenn am n&#228;chsten Tag eine wichtige Arbeit ansteht und es stresst einen einfach mit. Gerade wenn man sich selber an die Zeiten erinnert, in denen man Bauchschmerzen geplagt zur Schule ging, weil man nerv&#246;s wegen einer Arbeit oder wegen eines bestimmten Faches war.&nbsp;<\/p>\n<figure id=\"attachment_61516\" aria-describedby=\"caption-attachment-61516\" style=\"width: 1000px\" class=\"wp-caption alignnone\"><img loading=\"lazy\" decoding=\"async\" class=\"size-full wp-image-61516\" src=\"https:\/\/www.heldenhaushalt.de\/sari02\/wp-content\/uploads\/2024\/07\/teil28-02.jpg\" alt=\"Party\" width=\"1000\" height=\"716\" srcset=\"https:\/\/www.heldenhaushalt.de\/sari02\/wp-content\/uploads\/2024\/07\/teil28-02.jpg 1000w, https:\/\/www.heldenhaushalt.de\/sari02\/wp-content\/uploads\/2024\/07\/teil28-02-300x215.jpg 300w, https:\/\/www.heldenhaushalt.de\/sari02\/wp-content\/uploads\/2024\/07\/teil28-02-768x550.jpg 768w, https:\/\/www.heldenhaushalt.de\/sari02\/wp-content\/uploads\/2024\/07\/teil28-02-84x60.jpg 84w\" sizes=\"auto, (max-width: 1000px) 100vw, 1000px\" \/><figcaption id=\"caption-attachment-61516\" class=\"wp-caption-text\">Ich plane eine kunterbunte Motto-Party<\/figcaption><\/figure>\n<h2>Aber nun atmen wir durch und planen eine bunte Party<\/h2>\n<p>Seht Ihr&#8230; fast vergessen&#8230; Da steht ja doch noch ein Termin diese Woche an: Mein Geburtstag. Und weil ich irgendwie <a href=\"https:\/\/www.heldenhaushalt.de\/sari02\/index.php\/2023\/07\/31\/unser-wib-am-29-30-07-2023-dreams-come-true\/\">wieder Lust auf ein Motto<\/a> hatte, plane ich schon seit 2 Wochen ein wenig hier und da an dieser Party. Ich werde euch sicherlich dann ein wenig mehr davon zeigen, aber so viel sei schon einmal verraten: Es wird ziemlich bunt und emotional.&nbsp;<\/p>\n<p>Es soll ein buntes Buffet passend zum Thema geben, ich habe eine Einladung mit Aufgabe und Quiz f&#252;r die Familie und ein zwei Freunde gestaltet und ich glaube das kann eine ziemlich farbenfrohe und lustige Angelegenheit werden. Das Motto l&#228;dt die G&#228;ste dazu ein selber kreativ zu werden und das Thema am eigenen K&#246;rper auch zu tragen. Gerade mit bunten Farben l&#228;sst sich sooooo gut arbeiten. Ich hoffe so inst&#228;ndig, dass das Wetter gut mitspielen wird. Wir haben es in letzter Zeit so oft gehabt, dass es hie&#223; &#8220;Kein Regen&#8221; und dann standen wir pl&#246;tzlich unter einer einzigen dicken Wolken, die fette Tropfen vom Himmel regnen lie&#223;. Wie in einem schlechten Film. Und statt einer angenehmeren Luft nach dem Regen waberte die W&#228;rme nur noch schlimmer als vorher. Ich hoffe wirklich auf warme Temperaturen und sch&#246;ne Sonne. Den Tag danach darf es meinetwegen dann auch wieder regnen. Aber bitte schenk mir Sonnenschein zum Geburtstag lieber Wetterfrosch.<\/p>\n<p>Und nun h&#246;re ich sie: Die ersten (hustenden) Ger&#228;usche von oben und ein leises Stampfen auf der Treppe. Die ersten Lebenszeichen der Kinder am ersten Ferientag. M&#246;ge die Erholung beginnen&#8230;<\/p>\n","protected":false},"excerpt":{"rendered":"<p>Here we go! Es ist 9 Uhr am Morgen und die Kinder liegen noch im Bett. Und das an einem Donnerstag. Und das ist vollkommen ok, denn nun k&#246;nnen auch wir endlich sagen: Zeit f&#252;r Ferien! Ich wei&#223; dass einige von euch bereits mittendrin sind und das Zeugnisdrama bereits hinter euch liegt. Wir mussten noch etwas bibbern, denn in Berlin sind wir in diesem Jahr doch recht sp&#228;t dran mit den Sommerferien. Aber nun d&#252;rfen wir endlich durchatmen und die erste Amtshandlung gestern war: Wecker ausstellen. Hach, ist das sch&#246;n&#8230; Immerhin klingelt dieser bei uns an nahezu jedem Tag der Woche Unter der Woche wegen Schule und am Wochenende meist wegen Fu&#223;ball, da die Spiele und Turniere der Kinder in der Regel recht fr&#252;h angesetzt sitzt. Klar also, dass wir als erstes am ersten Ferientag vor allem eines tun wollen: Ausschlafen! Und wie das so ist &#8211; wer kennt es nicht &#8211; ich war um 7 Uhr wach. Also stand ich auf, erl&#246;ste die jaulenden Katzen von ihrem Leiden (&#8220;Miaaauuuuoo.,&#8230; ich sterbe vor Hunger), Z&#228;hne putzen, waschen, anziehen&#8230; und beschloss Br&#246;tchen f&#252;r alle holen zu gehen. Als ich zu Hause wieder rein kam, kam mir gerade der Mann entgegen, der kurz vorher wach geworden war. So darf es ruhig mal laufen, nicht wahr? Jeder steht einfach dann auf, wenn ihm danach ist. Keine Termine, keine Verpflichtungen. Zumindest aktuell nicht.&nbsp; F&#252;r mindestens diese Woche hei&#223;t es bei uns keine Schule mehr UND Fu&#223;ball frei. Die Pl&#228;tze sind f&#252;r einige Tage Bezirksweit gesperrt und Training findet nicht statt. Genug Zeit also, um einfach mal die Seele baumeln zu lassen und zu regenerieren. Physisch wie auch psychisch. Die Ersch&#246;pfung, vor allem mental, sa&#223; mir zuletzt tief in den Knochen und ich versp&#252;rte (auch durch das durchwachsene und dr&#252;ckende Wetter) eine dauerhaft anhaltende M&#252;digkeit. Mal davon abgesehen, dass diese Kombination aus Hitze, Regen, schw&#252;le Luft und massive Luftfeuchtigkeit auch der Gesundheit nicht gut tut. Beide Kinder haben immer mal wieder mit einem trocknen Husten oder einer laufenden Nase zu k&#228;mpfen und wer schon einmal im Sommer erk&#228;ltet war, der wei&#223;: Das geht nicht so einfach weg. Mal davon abgesehen, dass nach einem Schulausflug letzte Woche der gro&#223;e Sohn vollkommen durchn&#228;sst nach Hause kam, weil sie in ein Unwetter geraten waren und dann noch eine Stunde mit der Bahn quer durch die Stadt nach Hause fahren mussten. Tolle Voraussetzungen f&#252;r die Gesundheit. Nun gut&#8230; Wir starten erst einmal vorsichtig in die Ferien Umso besser also, dass die Tage erst einmal nichts ansteht und wir in Ruhe in den Ferien ankommen k&#246;nnen. Man braucht meist so ein zwei Tage um sich bewusst zu machen, dass nun vordergr&#252;ndig Freizeit ansteht, oder? Geht es euch auch immer so, dass ihr etwas Anlauf braucht um effektiv herunterfahren zu k&#246;nnen? Daher planen wir diese Woche erst einmal nicht viel und ich werde sicherlich auch im Laufe der Ferien wieder eine Blogpause einlegen, um mich den Kindern und unserer Zeit v&#246;llig uneingeschr&#228;nkt widmen zu k&#246;nnen. Aber wir wollen auch Pl&#228;ne machen.. Die typische &#8220;Sommerferien-To-Do-Liste&#8221; gef&#252;llt mit sch&#246;nen Ideen f&#252;r Aktivit&#228;ten und W&#252;nschen f&#252;r die n&#228;chsten gut sechs Wochen. Was ich dieses Jahr zum ersten Mal bei uns einf&#252;hren m&#246;chte, und damit starten wir dann am Montag, ist eine Art Familienkonferenz. Einmal zu Beginn der Ferien und dann kurz bevor die Schule wieder anf&#228;ngt. Die erste Zusammenkunft widmet sich der gemeinsamen Ferienplanung, aber auch -regelung. Sprich wir setzen uns alle an einen Tisch und reden dar&#252;ber, was wir uns f&#252;r diesen langen Zeitraum f&#252;reinander und miteinander w&#252;nschen, kl&#228;ren aber gleichzeitig ein paar Regeln ab. Ganz vorne dabei zum Beispiel Zock-Zeiten. Die sollen n&#228;mlich nicht vollkommen unkontrolliert laufen, sondern eben dennoch halbwegs&nbsp; reguliert werden. Mal sehen, was die Kinder da f&#252;r Ideen und Vorschl&#228;ge einbringen. Gemeinsame Ausflugsziele sollen auf der Agenda stehen und vielleicht auch Pl&#228;ne f&#252;r zu Hause.&nbsp; Nach den Ferien legen wir dann gemeinsame Abl&#228;ufe f&#252;r die Schulzeiten fest, aber dar&#252;ber wollen wir jetzt (zu Beginn der Ferien) noch nicht nachdenken. Erst einmal Ferien&#8230; Eingeleitet wurden die Ferien nat&#252;rlich durch die Zeugnisse Lasst uns dieses Thema ganz kurz anschneiden. Nat&#252;rlich waren wir gespannt auf die Zeugnisse der Kinder. Dass beide ohne Probleme versetzt werden w&#252;rde, das war klar. Schon im Halbjahresgespr&#228;ch des kleinen Sohnes teilte man uns mit, dass dieser in jedem Fall in die 3. Klasse kommen w&#252;rde. So konnten wir dieses Halbjahr durchaus etwas entspannter betrachten. Hier stand eher die gro&#223;e Frage im Raum: Wer wird die neue Klassenlehrerin ab Klasse 3 und mit wem kommt er in eine Klasse. Es kam n&#228;mlich pl&#246;tzlich ein Schreiben, das uns mitteilte, dass aufgrund von organisatorischen Schwierigkeiten die Klassen neu durchmischt werden w&#252;rden. Davon waren wir nat&#252;rlich nicht sonderlich begeistert, weil der kleine Sohn eine ganz tolle und harmonische Klassengemeinschaft bis dahin hatte und da nat&#252;rlich auch Kinder waren, die ihm inzwischen besonders wichtig waren. Die Erleichterung hier lag nun darin, dass er mit seinen zwei besten Freunden zusammen bleiben w&#252;rde und mit ein zwei anderen zusammen kommt, die er schon vom Fu&#223;ball kennt. Dazu dann noch die Info, dass seine neue Lehrerin die gleiche ist, die der gro&#223;e Sohn damals hatte. Damit k&#246;nnen wir gut leben. Auch beim gro&#223;en Sohn konnten wir immerhin in 2 F&#228;chern eine Verbesserung zum letzten Halbjahr sehen, auch wenn ein Fach etwas abgerutscht war. Aber insgesamt konnten wir wieder nicht klagen. Es gab einige Lektionen zu lernen in diesem Schuljahr und man merkt, dass das Niveau auf dem Gymnasium von Jahr zu Jahr anspruchsvoller wird, aber daf&#252;r ist es wieder ein wirklich sch&#246;nes Zeugnis geworden und insgesamt k&#246;nnen wir auf beide sehr stolz sein. Aber ich muss auch gestehen, dass ich froh bin, dass wir nun eine Weile durchatmen k&#246;nnen. Auch wenn man die ganzen Arbeiten und Tests nicht mehr selber schreiben muss, so plant man ja den Alltag um diese herum, lernt mit den Kindern, recherchiert mit ihnen und treibt sie an. Bestimmte Ausfl&#252;ge gehen halt nicht, wenn am n&#228;chsten Tag eine wichtige Arbeit ansteht und es stresst einen einfach mit. Gerade wenn man sich selber an die Zeiten erinnert, in denen man Bauchschmerzen geplagt zur Schule ging, weil man nerv&#246;s wegen einer Arbeit oder wegen eines bestimmten Faches war.&nbsp; Aber nun atmen wir durch und planen eine bunte Party Seht Ihr&#8230; fast vergessen&#8230; Da steht ja doch noch ein Termin diese Woche an: Mein Geburtstag. Und weil ich irgendwie wieder Lust auf ein Motto hatte, plane ich schon seit 2 Wochen ein wenig hier und da an dieser Party. Ich werde euch sicherlich dann ein wenig mehr davon zeigen, aber so viel sei schon einmal verraten: Es wird ziemlich bunt und emotional.&nbsp; Es soll ein buntes Buffet passend zum Thema geben, ich habe eine Einladung mit Aufgabe und Quiz f&#252;r die Familie und ein zwei Freunde gestaltet und ich glaube das kann eine ziemlich farbenfrohe und lustige Angelegenheit werden. Das Motto l&#228;dt die G&#228;ste dazu ein selber kreativ zu werden und das Thema am eigenen K&#246;rper auch zu tragen. Gerade mit bunten Farben l&#228;sst sich sooooo gut arbeiten. Ich hoffe so inst&#228;ndig, dass das Wetter gut mitspielen wird. Wir haben es in letzter Zeit so oft gehabt, dass es hie&#223; &#8220;Kein Regen&#8221; und dann standen wir pl&#246;tzlich unter einer einzigen dicken Wolken, die fette Tropfen vom Himmel regnen lie&#223;. Wie in einem schlechten Film. Und statt einer angenehmeren Luft nach dem Regen waberte die W&#228;rme nur noch schlimmer als vorher. Ich hoffe wirklich auf warme Temperaturen und sch&#246;ne Sonne. Den Tag danach darf es meinetwegen dann auch wieder regnen. Aber bitte schenk mir Sonnenschein zum Geburtstag lieber Wetterfrosch. Und nun h&#246;re ich sie: Die ersten (hustenden) Ger&#228;usche von oben und ein leises Stampfen auf der Treppe. Die ersten Lebenszeichen der Kinder am ersten Ferientag. M&#246;ge die Erholung beginnen&#8230;<\/p>\n","protected":false},"author":1,"featured_media":61515,"comment_status":"open","ping_status":"open","sticky":false,"template":"","format":"standard","meta":{"ngg_post_thumbnail":0,"footnotes":""},"categories":[2210,50,321],"tags":[1019,129,3105,392,81,2266,1215,2294,1316,3395],"class_list":["post-61509","post","type-post","status-publish","format-standard","has-post-thumbnail","hentry","category-featured","category-gedanken","category-minimum","tag-ferien","tag-geburtstag","tag-gedankentagebuch","tag-gedanken","tag-kinder","tag-motto-party","tag-schule","tag-sommerferien","tag-wetter","tag-zeugnisse"],"yoast_head":"<!-- This site is optimized with the Yoast SEO plugin v27.5 - https:\/\/yoast.com\/product\/yoast-seo-wordpress\/ -->\n<title>Gedankentagebuch #28 - Sommerferien-Gedanken - Heldenhaushalt<\/title>\n<meta name=\"description\" content=\". Wir mussten noch etwas bibbern, denn in Berlin sind wir in diesem Jahr doch recht sp\u00e4t dran mit den Sommerferien.\" \/>\n<meta name=\"robots\" content=\"index, follow, max-snippet:-1, max-image-preview:large, max-video-preview:-1\" \/>\n<link rel=\"canonical\" href=\"https:\/\/www.heldenhaushalt.de\/sari02\/index.php\/2024\/07\/18\/gedankentagebuch-28-sommerferien-gedanken\/\" \/>\n<meta property=\"og:locale\" content=\"de_DE\" \/>\n<meta property=\"og:type\" content=\"article\" \/>\n<meta property=\"og:title\" content=\"Gedankentagebuch #28 - Sommerferien-Gedanken - Heldenhaushalt\" \/>\n<meta property=\"og:description\" content=\". Wir mussten noch etwas bibbern, denn in Berlin sind wir in diesem Jahr doch recht sp\u00e4t dran mit den Sommerferien.\" \/>\n<meta property=\"og:url\" content=\"https:\/\/www.heldenhaushalt.de\/sari02\/index.php\/2024\/07\/18\/gedankentagebuch-28-sommerferien-gedanken\/\" \/>\n<meta property=\"og:site_name\" content=\"Heldenhaushalt\" \/>\n<meta property=\"article:published_time\" content=\"2024-07-18T08:37:11+00:00\" \/>\n<meta property=\"og:image\" content=\"https:\/\/www.heldenhaushalt.de\/sari02\/wp-content\/uploads\/2024\/07\/teil28-01.jpg\" \/>\n\t<meta property=\"og:image:width\" content=\"1000\" \/>\n\t<meta property=\"og:image:height\" content=\"709\" \/>\n\t<meta property=\"og:image:type\" content=\"image\/jpeg\" \/>\n<meta name=\"author\" content=\"Sari\" \/>\n<meta name=\"twitter:card\" content=\"summary_large_image\" \/>\n<meta name=\"twitter:creator\" content=\"@Heldenhaushalt\" \/>\n<meta name=\"twitter:site\" content=\"@Heldenhaushalt\" \/>\n<meta name=\"twitter:label1\" content=\"Verfasst von\" \/>\n\t<meta name=\"twitter:data1\" content=\"Sari\" \/>\n\t<meta name=\"twitter:label2\" content=\"Gesch\u00e4tzte Lesezeit\" \/>\n\t<meta name=\"twitter:data2\" content=\"8\u00a0Minuten\" \/>\n<script type=\"application\/ld+json\" class=\"yoast-schema-graph\">{\"@context\":\"https:\\\/\\\/schema.org\",\"@graph\":[{\"@type\":\"Article\",\"@id\":\"https:\\\/\\\/www.heldenhaushalt.de\\\/sari02\\\/index.php\\\/2024\\\/07\\\/18\\\/gedankentagebuch-28-sommerferien-gedanken\\\/#article\",\"isPartOf\":{\"@id\":\"https:\\\/\\\/www.heldenhaushalt.de\\\/sari02\\\/index.php\\\/2024\\\/07\\\/18\\\/gedankentagebuch-28-sommerferien-gedanken\\\/\"},\"author\":{\"name\":\"Sari\",\"@id\":\"https:\\\/\\\/www.heldenhaushalt.de\\\/sari02\\\/#\\\/schema\\\/person\\\/a1cc69f42a01f412eb62c151353814f6\"},\"headline\":\"Gedankentagebuch #28 &#8211; Sommerferien-Gedanken\",\"datePublished\":\"2024-07-18T08:37:11+00:00\",\"mainEntityOfPage\":{\"@id\":\"https:\\\/\\\/www.heldenhaushalt.de\\\/sari02\\\/index.php\\\/2024\\\/07\\\/18\\\/gedankentagebuch-28-sommerferien-gedanken\\\/\"},\"wordCount\":1401,\"commentCount\":2,\"publisher\":{\"@id\":\"https:\\\/\\\/www.heldenhaushalt.de\\\/sari02\\\/#\\\/schema\\\/person\\\/a1cc69f42a01f412eb62c151353814f6\"},\"image\":{\"@id\":\"https:\\\/\\\/www.heldenhaushalt.de\\\/sari02\\\/index.php\\\/2024\\\/07\\\/18\\\/gedankentagebuch-28-sommerferien-gedanken\\\/#primaryimage\"},\"thumbnailUrl\":\"https:\\\/\\\/www.heldenhaushalt.de\\\/sari02\\\/wp-content\\\/uploads\\\/2024\\\/07\\\/teil28-01.jpg\",\"keywords\":[\"Ferien\",\"Geburtstag\",\"Gedankentagebuch\",\"Gedankenwelt\",\"Kinder\",\"Motto Party\",\"Schule\",\"Sommerferien\",\"Wetter\",\"Zeugnisse\"],\"articleSection\":[\"Featured\",\"Gedankenwelt\",\"Heldenkinder\"],\"inLanguage\":\"de\",\"potentialAction\":[{\"@type\":\"CommentAction\",\"name\":\"Comment\",\"target\":[\"https:\\\/\\\/www.heldenhaushalt.de\\\/sari02\\\/index.php\\\/2024\\\/07\\\/18\\\/gedankentagebuch-28-sommerferien-gedanken\\\/#respond\"]}]},{\"@type\":\"WebPage\",\"@id\":\"https:\\\/\\\/www.heldenhaushalt.de\\\/sari02\\\/index.php\\\/2024\\\/07\\\/18\\\/gedankentagebuch-28-sommerferien-gedanken\\\/\",\"url\":\"https:\\\/\\\/www.heldenhaushalt.de\\\/sari02\\\/index.php\\\/2024\\\/07\\\/18\\\/gedankentagebuch-28-sommerferien-gedanken\\\/\",\"name\":\"Gedankentagebuch #28 - Sommerferien-Gedanken - Heldenhaushalt\",\"isPartOf\":{\"@id\":\"https:\\\/\\\/www.heldenhaushalt.de\\\/sari02\\\/#website\"},\"primaryImageOfPage\":{\"@id\":\"https:\\\/\\\/www.heldenhaushalt.de\\\/sari02\\\/index.php\\\/2024\\\/07\\\/18\\\/gedankentagebuch-28-sommerferien-gedanken\\\/#primaryimage\"},\"image\":{\"@id\":\"https:\\\/\\\/www.heldenhaushalt.de\\\/sari02\\\/index.php\\\/2024\\\/07\\\/18\\\/gedankentagebuch-28-sommerferien-gedanken\\\/#primaryimage\"},\"thumbnailUrl\":\"https:\\\/\\\/www.heldenhaushalt.de\\\/sari02\\\/wp-content\\\/uploads\\\/2024\\\/07\\\/teil28-01.jpg\",\"datePublished\":\"2024-07-18T08:37:11+00:00\",\"description\":\". Wir mussten noch etwas bibbern, denn in Berlin sind wir in diesem Jahr doch recht sp\u00e4t dran mit den Sommerferien.\",\"breadcrumb\":{\"@id\":\"https:\\\/\\\/www.heldenhaushalt.de\\\/sari02\\\/index.php\\\/2024\\\/07\\\/18\\\/gedankentagebuch-28-sommerferien-gedanken\\\/#breadcrumb\"},\"inLanguage\":\"de\",\"potentialAction\":[{\"@type\":\"ReadAction\",\"target\":[\"https:\\\/\\\/www.heldenhaushalt.de\\\/sari02\\\/index.php\\\/2024\\\/07\\\/18\\\/gedankentagebuch-28-sommerferien-gedanken\\\/\"]}]},{\"@type\":\"ImageObject\",\"inLanguage\":\"de\",\"@id\":\"https:\\\/\\\/www.heldenhaushalt.de\\\/sari02\\\/index.php\\\/2024\\\/07\\\/18\\\/gedankentagebuch-28-sommerferien-gedanken\\\/#primaryimage\",\"url\":\"https:\\\/\\\/www.heldenhaushalt.de\\\/sari02\\\/wp-content\\\/uploads\\\/2024\\\/07\\\/teil28-01.jpg\",\"contentUrl\":\"https:\\\/\\\/www.heldenhaushalt.de\\\/sari02\\\/wp-content\\\/uploads\\\/2024\\\/07\\\/teil28-01.jpg\",\"width\":1000,\"height\":709,\"caption\":\"Gedankentagebuch\"},{\"@type\":\"BreadcrumbList\",\"@id\":\"https:\\\/\\\/www.heldenhaushalt.de\\\/sari02\\\/index.php\\\/2024\\\/07\\\/18\\\/gedankentagebuch-28-sommerferien-gedanken\\\/#breadcrumb\",\"itemListElement\":[{\"@type\":\"ListItem\",\"position\":1,\"name\":\"Startseite\",\"item\":\"https:\\\/\\\/www.heldenhaushalt.de\\\/sari02\\\/\"},{\"@type\":\"ListItem\",\"position\":2,\"name\":\"Gedankentagebuch #28 &#8211; Sommerferien-Gedanken\"}]},{\"@type\":\"WebSite\",\"@id\":\"https:\\\/\\\/www.heldenhaushalt.de\\\/sari02\\\/#website\",\"url\":\"https:\\\/\\\/www.heldenhaushalt.de\\\/sari02\\\/\",\"name\":\"Heldenhaushalt\",\"description\":\"Wer es ordentlich haben will, der muss vorher anrufen\",\"publisher\":{\"@id\":\"https:\\\/\\\/www.heldenhaushalt.de\\\/sari02\\\/#\\\/schema\\\/person\\\/a1cc69f42a01f412eb62c151353814f6\"},\"potentialAction\":[{\"@type\":\"SearchAction\",\"target\":{\"@type\":\"EntryPoint\",\"urlTemplate\":\"https:\\\/\\\/www.heldenhaushalt.de\\\/sari02\\\/?s={search_term_string}\"},\"query-input\":{\"@type\":\"PropertyValueSpecification\",\"valueRequired\":true,\"valueName\":\"search_term_string\"}}],\"inLanguage\":\"de\"},{\"@type\":[\"Person\",\"Organization\"],\"@id\":\"https:\\\/\\\/www.heldenhaushalt.de\\\/sari02\\\/#\\\/schema\\\/person\\\/a1cc69f42a01f412eb62c151353814f6\",\"name\":\"Sari\",\"image\":{\"@type\":\"ImageObject\",\"inLanguage\":\"de\",\"@id\":\"https:\\\/\\\/www.heldenhaushalt.de\\\/sari02\\\/wp-content\\\/uploads\\\/2019\\\/02\\\/sari-april2018.png\",\"url\":\"https:\\\/\\\/www.heldenhaushalt.de\\\/sari02\\\/wp-content\\\/uploads\\\/2019\\\/02\\\/sari-april2018.png\",\"contentUrl\":\"https:\\\/\\\/www.heldenhaushalt.de\\\/sari02\\\/wp-content\\\/uploads\\\/2019\\\/02\\\/sari-april2018.png\",\"width\":500,\"height\":500,\"caption\":\"Sari\"},\"logo\":{\"@id\":\"https:\\\/\\\/www.heldenhaushalt.de\\\/sari02\\\/wp-content\\\/uploads\\\/2019\\\/02\\\/sari-april2018.png\"},\"description\":\"Frau Mondgras \u2013 Das bin ich, Sari. Gerne auch als Sari Mondgras bekannt und im Internet zu finden. 2-Fach-Mutter, Heldenehefrau, Kreativling, Harmonies\u00fcchtig und st\u00e4ndig auf der Suche nach Gl\u00fcck. Ich komme aus Berlin, bin hier aufgewachsen und lebe hier seit ich denken kann.\",\"sameAs\":[\"https:\\\/\\\/www.instagram.com\\\/heldenhaushalt\\\/\"],\"url\":\"https:\\\/\\\/www.heldenhaushalt.de\\\/sari02\\\/index.php\\\/author\\\/admin\\\/\"}]}<\/script>\n<!-- \/ Yoast SEO plugin. -->","yoast_head_json":{"title":"Gedankentagebuch #28 - Sommerferien-Gedanken - Heldenhaushalt","description":". Wir mussten noch etwas bibbern, denn in Berlin sind wir in diesem Jahr doch recht sp\u00e4t dran mit den Sommerferien.","robots":{"index":"index","follow":"follow","max-snippet":"max-snippet:-1","max-image-preview":"max-image-preview:large","max-video-preview":"max-video-preview:-1"},"canonical":"https:\/\/www.heldenhaushalt.de\/sari02\/index.php\/2024\/07\/18\/gedankentagebuch-28-sommerferien-gedanken\/","og_locale":"de_DE","og_type":"article","og_title":"Gedankentagebuch #28 - Sommerferien-Gedanken - Heldenhaushalt","og_description":". Wir mussten noch etwas bibbern, denn in Berlin sind wir in diesem Jahr doch recht sp\u00e4t dran mit den Sommerferien.","og_url":"https:\/\/www.heldenhaushalt.de\/sari02\/index.php\/2024\/07\/18\/gedankentagebuch-28-sommerferien-gedanken\/","og_site_name":"Heldenhaushalt","article_published_time":"2024-07-18T08:37:11+00:00","og_image":[{"width":1000,"height":709,"url":"https:\/\/www.heldenhaushalt.de\/sari02\/wp-content\/uploads\/2024\/07\/teil28-01.jpg","type":"image\/jpeg"}],"author":"Sari","twitter_card":"summary_large_image","twitter_creator":"@Heldenhaushalt","twitter_site":"@Heldenhaushalt","twitter_misc":{"Verfasst von":"Sari","Gesch\u00e4tzte Lesezeit":"8\u00a0Minuten"},"schema":{"@context":"https:\/\/schema.org","@graph":[{"@type":"Article","@id":"https:\/\/www.heldenhaushalt.de\/sari02\/index.php\/2024\/07\/18\/gedankentagebuch-28-sommerferien-gedanken\/#article","isPartOf":{"@id":"https:\/\/www.heldenhaushalt.de\/sari02\/index.php\/2024\/07\/18\/gedankentagebuch-28-sommerferien-gedanken\/"},"author":{"name":"Sari","@id":"https:\/\/www.heldenhaushalt.de\/sari02\/#\/schema\/person\/a1cc69f42a01f412eb62c151353814f6"},"headline":"Gedankentagebuch #28 &#8211; Sommerferien-Gedanken","datePublished":"2024-07-18T08:37:11+00:00","mainEntityOfPage":{"@id":"https:\/\/www.heldenhaushalt.de\/sari02\/index.php\/2024\/07\/18\/gedankentagebuch-28-sommerferien-gedanken\/"},"wordCount":1401,"commentCount":2,"publisher":{"@id":"https:\/\/www.heldenhaushalt.de\/sari02\/#\/schema\/person\/a1cc69f42a01f412eb62c151353814f6"},"image":{"@id":"https:\/\/www.heldenhaushalt.de\/sari02\/index.php\/2024\/07\/18\/gedankentagebuch-28-sommerferien-gedanken\/#primaryimage"},"thumbnailUrl":"https:\/\/www.heldenhaushalt.de\/sari02\/wp-content\/uploads\/2024\/07\/teil28-01.jpg","keywords":["Ferien","Geburtstag","Gedankentagebuch","Gedankenwelt","Kinder","Motto Party","Schule","Sommerferien","Wetter","Zeugnisse"],"articleSection":["Featured","Gedankenwelt","Heldenkinder"],"inLanguage":"de","potentialAction":[{"@type":"CommentAction","name":"Comment","target":["https:\/\/www.heldenhaushalt.de\/sari02\/index.php\/2024\/07\/18\/gedankentagebuch-28-sommerferien-gedanken\/#respond"]}]},{"@type":"WebPage","@id":"https:\/\/www.heldenhaushalt.de\/sari02\/index.php\/2024\/07\/18\/gedankentagebuch-28-sommerferien-gedanken\/","url":"https:\/\/www.heldenhaushalt.de\/sari02\/index.php\/2024\/07\/18\/gedankentagebuch-28-sommerferien-gedanken\/","name":"Gedankentagebuch #28 - Sommerferien-Gedanken - Heldenhaushalt","isPartOf":{"@id":"https:\/\/www.heldenhaushalt.de\/sari02\/#website"},"primaryImageOfPage":{"@id":"https:\/\/www.heldenhaushalt.de\/sari02\/index.php\/2024\/07\/18\/gedankentagebuch-28-sommerferien-gedanken\/#primaryimage"},"image":{"@id":"https:\/\/www.heldenhaushalt.de\/sari02\/index.php\/2024\/07\/18\/gedankentagebuch-28-sommerferien-gedanken\/#primaryimage"},"thumbnailUrl":"https:\/\/www.heldenhaushalt.de\/sari02\/wp-content\/uploads\/2024\/07\/teil28-01.jpg","datePublished":"2024-07-18T08:37:11+00:00","description":". Wir mussten noch etwas bibbern, denn in Berlin sind wir in diesem Jahr doch recht sp\u00e4t dran mit den Sommerferien.","breadcrumb":{"@id":"https:\/\/www.heldenhaushalt.de\/sari02\/index.php\/2024\/07\/18\/gedankentagebuch-28-sommerferien-gedanken\/#breadcrumb"},"inLanguage":"de","potentialAction":[{"@type":"ReadAction","target":["https:\/\/www.heldenhaushalt.de\/sari02\/index.php\/2024\/07\/18\/gedankentagebuch-28-sommerferien-gedanken\/"]}]},{"@type":"ImageObject","inLanguage":"de","@id":"https:\/\/www.heldenhaushalt.de\/sari02\/index.php\/2024\/07\/18\/gedankentagebuch-28-sommerferien-gedanken\/#primaryimage","url":"https:\/\/www.heldenhaushalt.de\/sari02\/wp-content\/uploads\/2024\/07\/teil28-01.jpg","contentUrl":"https:\/\/www.heldenhaushalt.de\/sari02\/wp-content\/uploads\/2024\/07\/teil28-01.jpg","width":1000,"height":709,"caption":"Gedankentagebuch"},{"@type":"BreadcrumbList","@id":"https:\/\/www.heldenhaushalt.de\/sari02\/index.php\/2024\/07\/18\/gedankentagebuch-28-sommerferien-gedanken\/#breadcrumb","itemListElement":[{"@type":"ListItem","position":1,"name":"Startseite","item":"https:\/\/www.heldenhaushalt.de\/sari02\/"},{"@type":"ListItem","position":2,"name":"Gedankentagebuch #28 &#8211; Sommerferien-Gedanken"}]},{"@type":"WebSite","@id":"https:\/\/www.heldenhaushalt.de\/sari02\/#website","url":"https:\/\/www.heldenhaushalt.de\/sari02\/","name":"Heldenhaushalt","description":"Wer es ordentlich haben will, der muss vorher anrufen","publisher":{"@id":"https:\/\/www.heldenhaushalt.de\/sari02\/#\/schema\/person\/a1cc69f42a01f412eb62c151353814f6"},"potentialAction":[{"@type":"SearchAction","target":{"@type":"EntryPoint","urlTemplate":"https:\/\/www.heldenhaushalt.de\/sari02\/?s={search_term_string}"},"query-input":{"@type":"PropertyValueSpecification","valueRequired":true,"valueName":"search_term_string"}}],"inLanguage":"de"},{"@type":["Person","Organization"],"@id":"https:\/\/www.heldenhaushalt.de\/sari02\/#\/schema\/person\/a1cc69f42a01f412eb62c151353814f6","name":"Sari","image":{"@type":"ImageObject","inLanguage":"de","@id":"https:\/\/www.heldenhaushalt.de\/sari02\/wp-content\/uploads\/2019\/02\/sari-april2018.png","url":"https:\/\/www.heldenhaushalt.de\/sari02\/wp-content\/uploads\/2019\/02\/sari-april2018.png","contentUrl":"https:\/\/www.heldenhaushalt.de\/sari02\/wp-content\/uploads\/2019\/02\/sari-april2018.png","width":500,"height":500,"caption":"Sari"},"logo":{"@id":"https:\/\/www.heldenhaushalt.de\/sari02\/wp-content\/uploads\/2019\/02\/sari-april2018.png"},"description":"Frau Mondgras \u2013 Das bin ich, Sari. Gerne auch als Sari Mondgras bekannt und im Internet zu finden. 2-Fach-Mutter, Heldenehefrau, Kreativling, Harmonies\u00fcchtig und st\u00e4ndig auf der Suche nach Gl\u00fcck. Ich komme aus Berlin, bin hier aufgewachsen und lebe hier seit ich denken kann.","sameAs":["https:\/\/www.instagram.com\/heldenhaushalt\/"],"url":"https:\/\/www.heldenhaushalt.de\/sari02\/index.php\/author\/admin\/"}]}},"views":1409,"_links":{"self":[{"href":"https:\/\/www.heldenhaushalt.de\/sari02\/index.php\/wp-json\/wp\/v2\/posts\/61509","targetHints":{"allow":["GET"]}}],"collection":[{"href":"https:\/\/www.heldenhaushalt.de\/sari02\/index.php\/wp-json\/wp\/v2\/posts"}],"about":[{"href":"https:\/\/www.heldenhaushalt.de\/sari02\/index.php\/wp-json\/wp\/v2\/types\/post"}],"author":[{"embeddable":true,"href":"https:\/\/www.heldenhaushalt.de\/sari02\/index.php\/wp-json\/wp\/v2\/users\/1"}],"replies":[{"embeddable":true,"href":"https:\/\/www.heldenhaushalt.de\/sari02\/index.php\/wp-json\/wp\/v2\/comments?post=61509"}],"version-history":[{"count":5,"href":"https:\/\/www.heldenhaushalt.de\/sari02\/index.php\/wp-json\/wp\/v2\/posts\/61509\/revisions"}],"predecessor-version":[{"id":61517,"href":"https:\/\/www.heldenhaushalt.de\/sari02\/index.php\/wp-json\/wp\/v2\/posts\/61509\/revisions\/61517"}],"wp:featuredmedia":[{"embeddable":true,"href":"https:\/\/www.heldenhaushalt.de\/sari02\/index.php\/wp-json\/wp\/v2\/media\/61515"}],"wp:attachment":[{"href":"https:\/\/www.heldenhaushalt.de\/sari02\/index.php\/wp-json\/wp\/v2\/media?parent=61509"}],"wp:term":[{"taxonomy":"category","embeddable":true,"href":"https:\/\/www.heldenhaushalt.de\/sari02\/index.php\/wp-json\/wp\/v2\/categories?post=61509"},{"taxonomy":"post_tag","embeddable":true,"href":"https:\/\/www.heldenhaushalt.de\/sari02\/index.php\/wp-json\/wp\/v2\/tags?post=61509"}],"curies":[{"name":"wp","href":"https:\/\/api.w.org\/{rel}","templated":true}]}}