{"id":61899,"date":"2024-09-10T10:30:07","date_gmt":"2024-09-10T08:30:07","guid":{"rendered":"https:\/\/www.heldenhaushalt.de\/sari02\/?p=61899"},"modified":"2025-01-27T12:30:27","modified_gmt":"2025-01-27T11:30:27","slug":"bloggerschnack-im-september-hat-das-bloggen-dich-veraendert","status":"publish","type":"post","link":"https:\/\/www.heldenhaushalt.de\/sari02\/index.php\/2024\/09\/10\/bloggerschnack-im-september-hat-das-bloggen-dich-veraendert\/","title":{"rendered":"Bloggerschnack im September: Hat das Bloggen Dich ver&#228;ndert?"},"content":{"rendered":"<p>Diesen Monat bin ich mit der Monatsfrage des Bloghexen Forums mal ein wenig fr&#252;her dran. Liegt vielleicht daran, dass in meinem Kopf langsam etwas Ruhe einkehrt, auch wenn der Alltag eigentlich genau gegenteilig gegen uns arbeitet. Ich will da ehrlich auch gar nicht dr&#252;ber nachdenken. Aber aktuell gibt es wieder Menschen, die alleine f&#252;r sich einen ganzen Gedankentagebuch-Eintrag wert w&#228;ren. Aber diese Energie will ich heute nicht &#8220;verschwenden&#8221;. Wirklich nicht. Stattdessen packt mich gerade die Lust nach dem September-Thema beim Bloggerschnack. Erst recht, nachdem ich bei den ersten Bloggern schon ihre inspirierenden Beitr&#228;ge lesen konnte. Die bisherigen Teilnehmer f&#252;r diesen Monat habe ich euch wieder unten ganz am Ende des Beitrags aufgelistet.<\/p>\n<p><strong>Noch einmal grob zusammengefasst das Prinzip vom Bloggerschnack f&#252;r euch:<\/strong>&nbsp;Jeden Monat wird ein neues Thema &#252;ber das Forum \u201c<a href=\"https:\/\/forum.bloghexe.de\/\" target=\"_blank\" rel=\"noopener\"><strong>Bloghexe<\/strong><\/a>\u201d festgelegt.&nbsp; Man hat nun den ganzen Monat Zeit, um dieses Thema bei sich auf dem Blog, Instagram oder sonst wo, zu bearbeiten. Dabei wird als Quelle das Forum angegeben. Wenn man dort idealerweise auch selber angemeldet ist, kann man seinen Beitrag dort im&nbsp;<a href=\"https:\/\/forum.bloghexe.de\/forum\/index.php?thread\/155-bloggerschnack-im-juli-2024-schreibblockade\/\" target=\"_blank\" rel=\"noopener\">entsprechenden Posting<\/a>&nbsp;verlinken (eine allgemein funktionierende Alternative ist noch in Planung).&nbsp;<\/p>\n\n<h2>Bloggerschnack im September: Hat dich das Bloggen ver&#228;ndert?<\/h2>\n<p>Eine spannende Frage, oder? &#8220;<a href=\"https:\/\/forum.bloghexe.de\/forum\/index.php?thread\/182-bloggerschnack-im-september-2024-hat-dich-das-bloggen-ver%C3%A4ndert\/\" target=\"_blank\" rel=\"noopener\"><strong>Hat dich das Bloggen ver&#228;ndert?<\/strong><\/a>&#8221; hei&#223;t es dieses Mal beim Bloghexen-Bloggerschnack im September und ich kann die Frage ganz simpel beantworten: <strong>Ja.<\/strong><\/p>\n<p>Aber wir wollen es ja nicht bei einer einfachen Antwort belassen, also lasst uns etwas ausf&#252;hrlicher werden. F&#252;r mich war das ja damals vor &#252;ber 20 Jahren <strong>eine echte Offenbarung<\/strong>, als ich meine F&#252;hler in die Weiten des Internets ausstreckte. Man muss dazu sagen, dass das alles zu einer Zeit passierte, in der ich sehr mit meinem Teenager-Ich zu k&#228;mpfen hatte. <strong>Viele Selbstzweifel, wenig Selbstbewusstsein<\/strong> (obwohl ich eigentlich durchaus ein selbstbewusstes Kind war), viel &#8220;ich mag mich selber nicht&#8221;. Es war eine nicht so einfache Zeit, in der ich mit Mobbing in der Schule zu k&#228;mpfen hatte und auch in meinem sozialen Umfeld etwas negativer Druck auf mich ausge&#252;bt wurde, den ich viel zu viel Einfluss auf mein Selbstbild nehmen lie&#223;.&nbsp;<\/p>\n<p>Erst kam ein Schulwechsel und mit diesem eine neue Clique, die schon einen guten Anfang f&#252;r eine innere St&#228;rkung bot. Noch mehr innere Stabilit&#228;t fand ich durch den Jungen, der noch heute an meiner Seite ist. Als <strong>Ehemann und Vater<\/strong> und der mich in jeder Lebenslage h&#228;lt, unterst&#252;tzt und f&#246;rdert. Und in dieser Zeit des Wandels, als ich eben lernte wieder mehr ich selbst zu sein, entdeckte ich zus&#228;tzlich das Internet.&nbsp;<\/p>\n<h2>Mein Vater fand damals toll, was ich da ausprobierte<\/h2>\n<p>Sicherlich habe ich <strong>viel zu viel Zeit am Computer verbracht<\/strong>, aber ich glaube es wurde zugelassen, weil ich eben auch genauso viel Zeit mit Freunden drau&#223;en verbrachte. Au&#223;erdem fand mein Vater toll, was ich mir da nach und nach selbst beibrachte. Dieses &#8220;Internet-Seiten bauen&#8221; fand er faszinierend und immer, wenn Besuch kam, lie&#223; er mich mit Stolz meine selbst erstellten Seiten zeigen. Ich muss gestehen, das wird mir auch jetzt erst wieder so richtig bewusst, wo ich diese Zeilen schreibe.<strong> Ich hatte das vollkommen vergessen.&nbsp;<\/strong><\/p>\n<p>Diese kleine <strong>Community von Gleichgesinnten<\/strong>, die ich im Internet fand, tat mir gut und holte wieder mehr Kreativit&#228;t aus mir heraus. Die Lust zu zeichnen und das t&#228;glich, die Dinge zu zeigen, sich dar&#252;ber auszutauschen (egal ob Lob oder Kritik). Es half mir, neben der Familie, meinem heutigen Mann und einigen Freunden, die ich durch die neue Schule fand, wieder mehr an mich selbst zu glauben.&nbsp;<\/p>\n<h2>Ich war als Teenager irgendwann ein sehr verschlossener Mensch<\/h2>\n<p>Man k&#246;nnte fast sagen &#8220;typisch Teenager&#8221;. Weiter Pulli, gef&#228;rbte Haare, Tagebuch schreiben mit viel Frust, den Eltern nicht viel erz&#228;hlen und sich im Zimmer vergraben. Es war eine d&#252;stere Phase und ich bin froh aus dieser wieder herausgefunden zu haben. Was mir aber dennoch danach noch lange schwer fiel und bis heute in kleinen Brocken haften geblieben ist, ist eine gewisse erste Schutzmauer, die es zu durchbrechen gilt.&nbsp;<\/p>\n<p>Wenn man in der Regel am Anfang auf mich trifft, dann wirke ich immer recht grimmig und verschlossen. Es ist nicht einfach an mich heranzukommen und diese Mauer zu durchbrechen. Das haben mir auch viele so gespiegelt, dass sie am Anfang dachten, ich w&#228;re ein grimmiger Mensch. Aber es war eben auch<strong> Schutz<\/strong>. Vor allem vor Entt&#228;uschungen und Worten, die mich klein machen k&#246;nnten. Aber wenn man diese Mauer durchbrochen hat und zu meinem eigentlich Ich durchdringt, dann lernt man eine <strong>vollkommen andere Sari<\/strong> kennen. Laut, offen, fr&#246;hlich, kindisch, verspielt&#8230; ganz anders halt und ich glaube, daf&#252;r sch&#228;tzt man mich heute auch sehr. Daf&#252;r wei&#223; ich aber auch, dass die Menschen, die ich so weit an mich herangelassen habe und die meine nerdig kindische Seite kennengelernt haben, meist auch in meinem Leben bleiben (mit einigen wenigen Ausnahmen &#8211; Entt&#228;uschungen bleiben nie aus).&nbsp;<\/p>\n<h2>Doch was hat das Bloggen jetzt damit zu tun<\/h2>\n<p>Ich bef&#252;rchte, dass dieser Beitrag heute ein wenig wirr wird, weil er eben einerseits eine etwas typisch deprimierende Jugend aufzeigt und andererseits<strong> eine Entwicklung<\/strong> verfolgt, die vielleicht auf den ersten Blick wenig mit dem Bloggen zu tun hat. Aber in dem Moment, wo der Austausch auf meiner Internetseite mehr und ausf&#252;hrlicher wurde und ich anfing das alles ein wenig auch <strong>wie ein Tagebuch<\/strong> zu nutzen, stellte sich auch eine gewisse Leichtigkeit in mir ein. Man findet durch die Weiten des Internets, durch den Austausch, den ein Blog bietet, viele Menschen, die einem &#228;hnlich sind auf die eine oder andere Weise. Menschen, die etwas ausgleichen, was einem im Alltag vielleicht fehlt. Als ich zum Beispiel damals anfing Mangas zu lesen und Figuren in der Art zu zeichnen, konnte mein Freundeskreis null damit anfangen. Den <strong>Ausgleich<\/strong> dazu fand ich &#252;ber das Bloggen. Hier gab es andere, die wussten was Mangas sind und auch gerne zeichneten. So als Beispiel. Ich treffe hier auf Buchnerds, Potterheads und Disney Adults.&nbsp;<\/p>\n<p>Und ich treffe durch das Bloggen auf neue Menschen, habe den Mut auch mal &#252;ber meinen Schatten zu springen und etwas zu wagen, was ich fr&#252;her nicht wagte.<\/p>\n<h2>Nehmen wir zum Beispiel den Bloggerstammtisch<\/h2>\n<p>Ich wei&#223; noch, wie ich damals das 1. Mal gefragt wurde, ob ich auch zum <a href=\"https:\/\/www.heldenhaushalt.de\/sari02\/index.php\/2018\/11\/01\/bestofnine-im-oktober18\/\">Bloggerstammtisch<\/a> kommen m&#246;chte. Ein Haufen Kinderbuch-Blogger, die sich monatlich treffen und bei einem leckeren Fr&#252;hst&#252;ck austauschten. Das hatte ich noch nie alleine gewagt. Irgendwo hin zu gehen, wo ich die Menschen vielleicht zwar aus dem Internet kenne, aber noch nie pers&#246;nlich getroffen hatte.&nbsp; Normalerweise habe ich immer versucht mir einen Anker mitzunehmen. Entweder schleppte ich den Mann oder eines meiner Kinder mit *lach*. Oder jemanden, den ich sonst irgendwie kenne. Einmal nahm ich meine Schwester mit zu einer Kreativ-Veranstaltung von Dawanda, weil mir alleine <strong>einfach der Mut fehlte <\/strong>(mal davon abgesehen dachte ich dabei aber auch an sie, weil es ihr sicherlich auch viel Spa&#223; machen w&#252;rde). Diese Erfahrung, dass ich das auch alleine schaffen kann und man meine Anwesenheit zu sch&#228;tzen wusste, hatte in mir wirklich viel ver&#228;ndert und inzwischen gehe ich auch mal alleine zu einem Event, einer Veranstaltung oder einem Treffen. <strong>Meinem Selbstbewusstsein hat das wirklich mehr als gut getan.<\/strong><\/p>\n<p>Immerhin bin ich letztes Jahr tats&#228;chlich auch das allererste Mal <a href=\"https:\/\/www.heldenhaushalt.de\/sari02\/index.php\/2023\/04\/03\/unser-wib-am-01-02-04-2023\/\">alleine nach Hamburg<\/a> gefahren oder vor ein paar Jahren <a href=\"https:\/\/www.heldenhaushalt.de\/sari02\/index.php\/2022\/04\/08\/wochenlieblinge-142022\/\">alleine ins Kino<\/a>. Dinge, die f&#252;r mich fr&#252;her undenkbar gewesen w&#228;ren. Also w&#252;rde ich als kleines Zwischenfazit zum Beispiel sagen, dass das Bloggen mich <strong>mutiger gemacht hat<\/strong>. Ich habe dadurch neue Menschen kennen gelernt und ein St&#252;ck weit auch mich selbst wiedergefunden.<\/p>\n<h2>Es hilft mir aber auch die Dinge zu verarbeiten<\/h2>\n<p><strong>Ich muss ehrlich gestehen:<\/strong> W&#252;rde ich nicht mehr bloggen, w&#252;rde glaube ich mein Umfeld darunter leiden m&#252;ssen. Es ist in der Regel nur Alltag, &#252;ber den ich schreibe, und ich erz&#228;hle bei Weitem nicht alles, was mich besch&#228;ftigt (schneide es meist nur an), weil ich denke, dass nicht alles jeden etwas angeht. Aber ich <strong>verarbeite dadurch vieles, halte meinen Kopf frei, schaffe Erinnerungen<\/strong>, die ich sp&#228;ter wieder durchbl&#228;ttern kann und dadurch bin ich innerlich auch ausgeglichener.<\/p>\n<p>Wie oft sitze ich morgens am Laptop und habe noch gar keinen Plan, was ich gerne schreiben m&#246;chte und dann rieselt es auf einmal einfach so los und viele verschiedene Gedanken finden auf einmal ihren Weg hierher und wenn ich dann fertig bin, <strong>geht es mir irgendwie besser<\/strong>. Ich bin irgendwie mehr bereit f&#252;r den Tag. So ein Beitrag hat nicht immer unbedingt einen Mehrwert f&#252;r Au&#223;enstehende, aber f&#252;r mich. Es ist wie <strong>eine Therapie<\/strong> und es ist, als ob ich mir die Seele ein wenig leichter geschrieben habe.<\/p>\n<p>Auch, wenn ich eben nicht alles mit euch teile, so habe ich selbst beim Andeuten der Dinge innerlich Raum geschaffen, konnte nebenher dar&#252;ber nachdenken und f&#252;hle mich einfach ein wenig besser, habe vielleicht neue Ideen gefunden, &#252;ber die ich dann vielleicht auf eine L&#246;sung komme. Es ist wie mit dem Yoga, das ich machen muss, wenn ich merke, dass ich im Alltag gereizter bin. Es hilft mir irgendwie einen klareren Kopf zu behalten.<\/p>\n<h2>Also ein kleines zusammenfassendes Fazit zum Bloggerschnack dieses Mal<\/h2>\n<p>Vielleicht nochmal als kurze Zusammenfassung f&#252;r die, die nicht alles lesen wollten und nur &#252;berfliegen. Im Fazit kann ich sagen, dass all die Jahre des Bloggens mich in jedem Fall ver&#228;ndert haben. Sie haben mich offener und mutiger gemacht. Ich bin ausgeglichener und habe neue Menschen kennengelernt, die mit mir Interessen teilen und mir einen sch&#246;nen Austausch bieten. Es gibt mir ein gutes Gef&#252;hl und hilft mir dabei Dinge zu verarbeiten, so dass ich vielleicht auch in der analogen Welt in manchen Situationen mich mehr traue ich selbst zu sein und offen und ehrlich auf Menschen zu zugehen und Dinge anzusprechen, die mich besch&#228;ftigen. Vielleicht tr&#228;gt es auch ein St&#252;ck weit zu der Erkenntnis bei, was ich eigentlich wert bin. Es ist also ein Faktor von vielen, die mir dabei geholfen haben, mit Stolz nach vorne zu blicken. Nicht zuletzt durch euch da drau&#223;en. Also auch an dieser Stelle danke.<\/p>\n<p><strong>Hier weitere Teilnehmer beim Bloggerschnack im September:<\/strong><\/p>\n<ul>\n<li><a href=\"https:\/\/loveanjalove.de\/bloggerschnack-hat-dich-das-bloggen-veraendert\/\" target=\"_blank\" rel=\"noopener\">Anja von Loveanjalove<\/a><\/li>\n<li><a href=\"https:\/\/mausloch.blogspot.com\/2024\/09\/bloggerschnack-im-september.html\" target=\"_blank\" rel=\"noopener\">Sabine aus dem Mausloch<\/a><\/li>\n<li><a href=\"https:\/\/lieblingsalltag.de\/bloggen\/bloggen-veraendert\/\" target=\"_blank\" rel=\"noopener\">Anne von Lieblingsalltag<\/a><\/li>\n<li><a href=\"https:\/\/www.jovewunderland.de\/hat-dich-das-bloggen-veraendert\/\" target=\"_blank\" rel=\"noopener\">Jove von Jove Wunderland<\/a><\/li>\n<li><a href=\"https:\/\/blog-puzzle-welt.de\/bloggerschnack-september-2024-hat-dich-das-bloggen-veraendert\/\" target=\"_blank\" rel=\"noopener\">Julia von Puzzlewelt<\/a><\/li>\n<li><a href=\"https:\/\/lorenzos-welt.com\/bloggerschnack-hat-dich-das-bloggen-veraendert\/\" target=\"_blank\" rel=\"noopener\">Lorenzo von Lorenzos Welt<\/a><\/li>\n<li><a href=\"https:\/\/lilienmeer.de\/blogcommunity\/bloggerschnack-0924-hast-dich-das-bloggen-veraendert\/\" target=\"_blank\" rel=\"noopener\">Sabrina von Lilienmeer.de<\/a><\/li>\n<\/ul>\n<p>Du hast auch mitgemacht und fehlst in der Auflistung? Dann melde dich gerne!<\/p>\n","protected":false},"excerpt":{"rendered":"<p>Diesen Monat bin ich mit der Monatsfrage des Bloghexen Forums mal ein wenig fr&#252;her dran. Liegt vielleicht daran, dass in meinem Kopf langsam etwas Ruhe einkehrt, auch wenn der Alltag eigentlich genau gegenteilig gegen uns arbeitet. Ich will da ehrlich auch gar nicht dr&#252;ber nachdenken. Aber aktuell gibt es wieder Menschen, die alleine f&#252;r sich einen ganzen Gedankentagebuch-Eintrag wert w&#228;ren. Aber diese Energie will ich heute nicht &#8220;verschwenden&#8221;. Wirklich nicht. Stattdessen packt mich gerade die Lust nach dem September-Thema beim Bloggerschnack. Erst recht, nachdem ich bei den ersten Bloggern schon ihre inspirierenden Beitr&#228;ge lesen konnte. Die bisherigen Teilnehmer f&#252;r diesen Monat habe ich euch wieder unten ganz am Ende des Beitrags aufgelistet. Noch einmal grob zusammengefasst das Prinzip vom Bloggerschnack f&#252;r euch:&nbsp;Jeden Monat wird ein neues Thema &#252;ber das Forum \u201cBloghexe\u201d festgelegt.&nbsp; Man hat nun den ganzen Monat Zeit, um dieses Thema bei sich auf dem Blog, Instagram oder sonst wo, zu bearbeiten. Dabei wird als Quelle das Forum angegeben. Wenn man dort idealerweise auch selber angemeldet ist, kann man seinen Beitrag dort im&nbsp;entsprechenden Posting&nbsp;verlinken (eine allgemein funktionierende Alternative ist noch in Planung).&nbsp; Bloggerschnack im September: Hat dich das Bloggen ver&#228;ndert? Eine spannende Frage, oder? &#8220;Hat dich das Bloggen ver&#228;ndert?&#8221; hei&#223;t es dieses Mal beim Bloghexen-Bloggerschnack im September und ich kann die Frage ganz simpel beantworten: Ja. Aber wir wollen es ja nicht bei einer einfachen Antwort belassen, also lasst uns etwas ausf&#252;hrlicher werden. F&#252;r mich war das ja damals vor &#252;ber 20 Jahren eine echte Offenbarung, als ich meine F&#252;hler in die Weiten des Internets ausstreckte. Man muss dazu sagen, dass das alles zu einer Zeit passierte, in der ich sehr mit meinem Teenager-Ich zu k&#228;mpfen hatte. Viele Selbstzweifel, wenig Selbstbewusstsein (obwohl ich eigentlich durchaus ein selbstbewusstes Kind war), viel &#8220;ich mag mich selber nicht&#8221;. Es war eine nicht so einfache Zeit, in der ich mit Mobbing in der Schule zu k&#228;mpfen hatte und auch in meinem sozialen Umfeld etwas negativer Druck auf mich ausge&#252;bt wurde, den ich viel zu viel Einfluss auf mein Selbstbild nehmen lie&#223;.&nbsp; Erst kam ein Schulwechsel und mit diesem eine neue Clique, die schon einen guten Anfang f&#252;r eine innere St&#228;rkung bot. Noch mehr innere Stabilit&#228;t fand ich durch den Jungen, der noch heute an meiner Seite ist. Als Ehemann und Vater und der mich in jeder Lebenslage h&#228;lt, unterst&#252;tzt und f&#246;rdert. Und in dieser Zeit des Wandels, als ich eben lernte wieder mehr ich selbst zu sein, entdeckte ich zus&#228;tzlich das Internet.&nbsp; Mein Vater fand damals toll, was ich da ausprobierte Sicherlich habe ich viel zu viel Zeit am Computer verbracht, aber ich glaube es wurde zugelassen, weil ich eben auch genauso viel Zeit mit Freunden drau&#223;en verbrachte. Au&#223;erdem fand mein Vater toll, was ich mir da nach und nach selbst beibrachte. Dieses &#8220;Internet-Seiten bauen&#8221; fand er faszinierend und immer, wenn Besuch kam, lie&#223; er mich mit Stolz meine selbst erstellten Seiten zeigen. Ich muss gestehen, das wird mir auch jetzt erst wieder so richtig bewusst, wo ich diese Zeilen schreibe. Ich hatte das vollkommen vergessen.&nbsp; Diese kleine Community von Gleichgesinnten, die ich im Internet fand, tat mir gut und holte wieder mehr Kreativit&#228;t aus mir heraus. Die Lust zu zeichnen und das t&#228;glich, die Dinge zu zeigen, sich dar&#252;ber auszutauschen (egal ob Lob oder Kritik). Es half mir, neben der Familie, meinem heutigen Mann und einigen Freunden, die ich durch die neue Schule fand, wieder mehr an mich selbst zu glauben.&nbsp; Ich war als Teenager irgendwann ein sehr verschlossener Mensch Man k&#246;nnte fast sagen &#8220;typisch Teenager&#8221;. Weiter Pulli, gef&#228;rbte Haare, Tagebuch schreiben mit viel Frust, den Eltern nicht viel erz&#228;hlen und sich im Zimmer vergraben. Es war eine d&#252;stere Phase und ich bin froh aus dieser wieder herausgefunden zu haben. Was mir aber dennoch danach noch lange schwer fiel und bis heute in kleinen Brocken haften geblieben ist, ist eine gewisse erste Schutzmauer, die es zu durchbrechen gilt.&nbsp; Wenn man in der Regel am Anfang auf mich trifft, dann wirke ich immer recht grimmig und verschlossen. Es ist nicht einfach an mich heranzukommen und diese Mauer zu durchbrechen. Das haben mir auch viele so gespiegelt, dass sie am Anfang dachten, ich w&#228;re ein grimmiger Mensch. Aber es war eben auch Schutz. Vor allem vor Entt&#228;uschungen und Worten, die mich klein machen k&#246;nnten. Aber wenn man diese Mauer durchbrochen hat und zu meinem eigentlich Ich durchdringt, dann lernt man eine vollkommen andere Sari kennen. Laut, offen, fr&#246;hlich, kindisch, verspielt&#8230; ganz anders halt und ich glaube, daf&#252;r sch&#228;tzt man mich heute auch sehr. Daf&#252;r wei&#223; ich aber auch, dass die Menschen, die ich so weit an mich herangelassen habe und die meine nerdig kindische Seite kennengelernt haben, meist auch in meinem Leben bleiben (mit einigen wenigen Ausnahmen &#8211; Entt&#228;uschungen bleiben nie aus).&nbsp; Doch was hat das Bloggen jetzt damit zu tun Ich bef&#252;rchte, dass dieser Beitrag heute ein wenig wirr wird, weil er eben einerseits eine etwas typisch deprimierende Jugend aufzeigt und andererseits eine Entwicklung verfolgt, die vielleicht auf den ersten Blick wenig mit dem Bloggen zu tun hat. Aber in dem Moment, wo der Austausch auf meiner Internetseite mehr und ausf&#252;hrlicher wurde und ich anfing das alles ein wenig auch wie ein Tagebuch zu nutzen, stellte sich auch eine gewisse Leichtigkeit in mir ein. Man findet durch die Weiten des Internets, durch den Austausch, den ein Blog bietet, viele Menschen, die einem &#228;hnlich sind auf die eine oder andere Weise. Menschen, die etwas ausgleichen, was einem im Alltag vielleicht fehlt. Als ich zum Beispiel damals anfing Mangas zu lesen und Figuren in der Art zu zeichnen, konnte mein Freundeskreis null damit anfangen. Den Ausgleich dazu fand ich &#252;ber das Bloggen. Hier gab es andere, die wussten was Mangas sind und auch gerne zeichneten. So als Beispiel. Ich treffe hier auf Buchnerds, Potterheads und Disney Adults.&nbsp; Und ich treffe durch das Bloggen auf neue Menschen, habe den Mut auch mal &#252;ber meinen Schatten zu springen und etwas zu wagen, was ich fr&#252;her nicht wagte. Nehmen wir zum Beispiel den Bloggerstammtisch Ich wei&#223; noch, wie ich damals das 1. Mal gefragt wurde, ob ich auch zum Bloggerstammtisch kommen m&#246;chte. Ein Haufen Kinderbuch-Blogger, die sich monatlich treffen und bei einem leckeren Fr&#252;hst&#252;ck austauschten. Das hatte ich noch nie alleine gewagt. Irgendwo hin zu gehen, wo ich die Menschen vielleicht zwar aus dem Internet kenne, aber noch nie pers&#246;nlich getroffen hatte.&nbsp; Normalerweise habe ich immer versucht mir einen Anker mitzunehmen. Entweder schleppte ich den Mann oder eines meiner Kinder mit *lach*. Oder jemanden, den ich sonst irgendwie kenne. Einmal nahm ich meine Schwester mit zu einer Kreativ-Veranstaltung von Dawanda, weil mir alleine einfach der Mut fehlte (mal davon abgesehen dachte ich dabei aber auch an sie, weil es ihr sicherlich auch viel Spa&#223; machen w&#252;rde). Diese Erfahrung, dass ich das auch alleine schaffen kann und man meine Anwesenheit zu sch&#228;tzen wusste, hatte in mir wirklich viel ver&#228;ndert und inzwischen gehe ich auch mal alleine zu einem Event, einer Veranstaltung oder einem Treffen. Meinem Selbstbewusstsein hat das wirklich mehr als gut getan. Immerhin bin ich letztes Jahr tats&#228;chlich auch das allererste Mal alleine nach Hamburg gefahren oder vor ein paar Jahren alleine ins Kino. Dinge, die f&#252;r mich fr&#252;her undenkbar gewesen w&#228;ren. Also w&#252;rde ich als kleines Zwischenfazit zum Beispiel sagen, dass das Bloggen mich mutiger gemacht hat. Ich habe dadurch neue Menschen kennen gelernt und ein St&#252;ck weit auch mich selbst wiedergefunden. Es hilft mir aber auch die Dinge zu verarbeiten Ich muss ehrlich gestehen: W&#252;rde ich nicht mehr bloggen, w&#252;rde glaube ich mein Umfeld darunter leiden m&#252;ssen. Es ist in der Regel nur Alltag, &#252;ber den ich schreibe, und ich erz&#228;hle bei Weitem nicht alles, was mich besch&#228;ftigt (schneide es meist nur an), weil ich denke, dass nicht alles jeden etwas angeht. Aber ich verarbeite dadurch vieles, halte meinen Kopf frei, schaffe Erinnerungen, die ich sp&#228;ter wieder durchbl&#228;ttern kann und dadurch bin ich innerlich auch ausgeglichener. Wie oft sitze ich morgens am Laptop und habe noch gar keinen Plan, was ich gerne schreiben m&#246;chte und dann rieselt es auf einmal einfach so los und viele verschiedene Gedanken finden auf einmal ihren Weg hierher und wenn ich dann fertig bin, geht es mir irgendwie besser. Ich bin irgendwie mehr bereit f&#252;r den Tag. So ein Beitrag hat nicht immer unbedingt einen Mehrwert f&#252;r Au&#223;enstehende, aber f&#252;r mich. Es ist wie eine Therapie und es ist, als ob ich mir die Seele ein wenig leichter geschrieben habe. Auch, wenn ich eben nicht alles mit euch teile, so habe ich selbst beim Andeuten der Dinge innerlich Raum geschaffen, konnte nebenher dar&#252;ber nachdenken und f&#252;hle mich einfach ein wenig besser, habe vielleicht neue Ideen gefunden, &#252;ber die ich dann vielleicht auf eine L&#246;sung komme. Es ist wie mit dem Yoga, das ich machen muss, wenn ich merke, dass ich im Alltag gereizter bin. Es hilft mir irgendwie einen klareren Kopf zu behalten. Also ein kleines zusammenfassendes Fazit zum Bloggerschnack dieses Mal Vielleicht nochmal als kurze Zusammenfassung f&#252;r die, die nicht alles lesen wollten und nur &#252;berfliegen. Im Fazit kann ich sagen, dass all die Jahre des Bloggens mich in jedem Fall ver&#228;ndert haben. Sie haben mich offener und mutiger gemacht. Ich bin ausgeglichener und habe neue Menschen kennengelernt, die mit mir Interessen teilen und mir einen sch&#246;nen Austausch bieten. Es gibt mir ein gutes Gef&#252;hl und hilft mir dabei Dinge zu verarbeiten, so dass ich vielleicht auch in der analogen Welt in manchen Situationen mich mehr traue ich selbst zu sein und offen und ehrlich auf Menschen zu zugehen und Dinge anzusprechen, die mich besch&#228;ftigen. Vielleicht tr&#228;gt es auch ein St&#252;ck weit zu der Erkenntnis bei, was ich eigentlich wert bin. Es ist also ein Faktor von vielen, die mir dabei geholfen haben, mit Stolz nach vorne zu blicken. Nicht zuletzt durch euch da drau&#223;en. Also auch an dieser Stelle danke. Hier weitere Teilnehmer beim Bloggerschnack im September: Anja von Loveanjalove Sabine aus dem Mausloch Anne von Lieblingsalltag Jove von Jove Wunderland Julia von Puzzlewelt Lorenzo von Lorenzos Welt Sabrina von Lilienmeer.de Du hast auch mitgemacht und fehlst in der Auflistung? Dann melde dich gerne!<\/p>\n","protected":false},"author":1,"featured_media":61901,"comment_status":"open","ping_status":"open","sticky":false,"template":"","format":"standard","meta":{"ngg_post_thumbnail":0,"footnotes":""},"categories":[49,50],"tags":[336,1290,3609,3581,249,1259],"class_list":["post-61899","post","type-post","status-publish","format-standard","has-post-thumbnail","hentry","category-blogspaehre","category-gedanken","tag-veraenderung","tag-bloggen","tag-bloggerschnack","tag-bloghexe","tag-blogparade","tag-reflektieren"],"yoast_head":"<!-- This site is optimized with the Yoast SEO plugin v27.4 - https:\/\/yoast.com\/product\/yoast-seo-wordpress\/ -->\n<title>Bloggerschnack im September: Hat das Bloggen Dich ver\u00e4ndert? - Heldenhaushalt<\/title>\n<meta name=\"description\" content=\". ich heute nicht &quot;verschwenden&quot;. Wirklich nicht. Stattdessen packt mich gerade die Lust nach dem September-Thema beim Bloggerschnack...\" \/>\n<meta name=\"robots\" content=\"index, follow, max-snippet:-1, max-image-preview:large, max-video-preview:-1\" \/>\n<link rel=\"canonical\" href=\"https:\/\/www.heldenhaushalt.de\/sari02\/index.php\/2024\/09\/10\/bloggerschnack-im-september-hat-das-bloggen-dich-veraendert\/\" \/>\n<meta property=\"og:locale\" content=\"de_DE\" \/>\n<meta property=\"og:type\" content=\"article\" \/>\n<meta property=\"og:title\" content=\"Bloggerschnack im September: Hat das Bloggen Dich ver\u00e4ndert? - Heldenhaushalt\" \/>\n<meta property=\"og:description\" content=\". ich heute nicht &quot;verschwenden&quot;. Wirklich nicht. Stattdessen packt mich gerade die Lust nach dem September-Thema beim Bloggerschnack...\" \/>\n<meta property=\"og:url\" content=\"https:\/\/www.heldenhaushalt.de\/sari02\/index.php\/2024\/09\/10\/bloggerschnack-im-september-hat-das-bloggen-dich-veraendert\/\" \/>\n<meta property=\"og:site_name\" content=\"Heldenhaushalt\" \/>\n<meta property=\"article:published_time\" content=\"2024-09-10T08:30:07+00:00\" \/>\n<meta property=\"article:modified_time\" content=\"2025-01-27T11:30:27+00:00\" \/>\n<meta property=\"og:image\" content=\"https:\/\/www.heldenhaushalt.de\/sari02\/wp-content\/uploads\/2024\/09\/24-09.jpg\" \/>\n\t<meta property=\"og:image:width\" content=\"1000\" \/>\n\t<meta property=\"og:image:height\" content=\"700\" \/>\n\t<meta property=\"og:image:type\" content=\"image\/jpeg\" \/>\n<meta name=\"author\" content=\"Sari\" \/>\n<meta name=\"twitter:card\" content=\"summary_large_image\" \/>\n<meta name=\"twitter:creator\" content=\"@Heldenhaushalt\" \/>\n<meta name=\"twitter:site\" content=\"@Heldenhaushalt\" \/>\n<meta name=\"twitter:label1\" content=\"Verfasst von\" \/>\n\t<meta name=\"twitter:data1\" content=\"Sari\" \/>\n\t<meta name=\"twitter:label2\" content=\"Gesch\u00e4tzte Lesezeit\" \/>\n\t<meta name=\"twitter:data2\" content=\"10\u00a0Minuten\" \/>\n<script type=\"application\/ld+json\" class=\"yoast-schema-graph\">{\"@context\":\"https:\\\/\\\/schema.org\",\"@graph\":[{\"@type\":\"Article\",\"@id\":\"https:\\\/\\\/www.heldenhaushalt.de\\\/sari02\\\/index.php\\\/2024\\\/09\\\/10\\\/bloggerschnack-im-september-hat-das-bloggen-dich-veraendert\\\/#article\",\"isPartOf\":{\"@id\":\"https:\\\/\\\/www.heldenhaushalt.de\\\/sari02\\\/index.php\\\/2024\\\/09\\\/10\\\/bloggerschnack-im-september-hat-das-bloggen-dich-veraendert\\\/\"},\"author\":{\"name\":\"Sari\",\"@id\":\"https:\\\/\\\/www.heldenhaushalt.de\\\/sari02\\\/#\\\/schema\\\/person\\\/a1cc69f42a01f412eb62c151353814f6\"},\"headline\":\"Bloggerschnack im September: Hat das Bloggen Dich ver&#228;ndert?\",\"datePublished\":\"2024-09-10T08:30:07+00:00\",\"dateModified\":\"2025-01-27T11:30:27+00:00\",\"mainEntityOfPage\":{\"@id\":\"https:\\\/\\\/www.heldenhaushalt.de\\\/sari02\\\/index.php\\\/2024\\\/09\\\/10\\\/bloggerschnack-im-september-hat-das-bloggen-dich-veraendert\\\/\"},\"wordCount\":1779,\"commentCount\":11,\"publisher\":{\"@id\":\"https:\\\/\\\/www.heldenhaushalt.de\\\/sari02\\\/#\\\/schema\\\/person\\\/a1cc69f42a01f412eb62c151353814f6\"},\"image\":{\"@id\":\"https:\\\/\\\/www.heldenhaushalt.de\\\/sari02\\\/index.php\\\/2024\\\/09\\\/10\\\/bloggerschnack-im-september-hat-das-bloggen-dich-veraendert\\\/#primaryimage\"},\"thumbnailUrl\":\"https:\\\/\\\/www.heldenhaushalt.de\\\/sari02\\\/wp-content\\\/uploads\\\/2024\\\/09\\\/24-09.jpg\",\"keywords\":[\"#ver\u00e4nderung\",\"Bloggen\",\"Bloggerschnack\",\"Bloghexe\",\"Blogparade\",\"Reflektieren\"],\"articleSection\":[\"Blogsph\u00e4re\",\"Gedankenwelt\"],\"inLanguage\":\"de\",\"potentialAction\":[{\"@type\":\"CommentAction\",\"name\":\"Comment\",\"target\":[\"https:\\\/\\\/www.heldenhaushalt.de\\\/sari02\\\/index.php\\\/2024\\\/09\\\/10\\\/bloggerschnack-im-september-hat-das-bloggen-dich-veraendert\\\/#respond\"]}]},{\"@type\":\"WebPage\",\"@id\":\"https:\\\/\\\/www.heldenhaushalt.de\\\/sari02\\\/index.php\\\/2024\\\/09\\\/10\\\/bloggerschnack-im-september-hat-das-bloggen-dich-veraendert\\\/\",\"url\":\"https:\\\/\\\/www.heldenhaushalt.de\\\/sari02\\\/index.php\\\/2024\\\/09\\\/10\\\/bloggerschnack-im-september-hat-das-bloggen-dich-veraendert\\\/\",\"name\":\"Bloggerschnack im September: Hat das Bloggen Dich ver\u00e4ndert? - Heldenhaushalt\",\"isPartOf\":{\"@id\":\"https:\\\/\\\/www.heldenhaushalt.de\\\/sari02\\\/#website\"},\"primaryImageOfPage\":{\"@id\":\"https:\\\/\\\/www.heldenhaushalt.de\\\/sari02\\\/index.php\\\/2024\\\/09\\\/10\\\/bloggerschnack-im-september-hat-das-bloggen-dich-veraendert\\\/#primaryimage\"},\"image\":{\"@id\":\"https:\\\/\\\/www.heldenhaushalt.de\\\/sari02\\\/index.php\\\/2024\\\/09\\\/10\\\/bloggerschnack-im-september-hat-das-bloggen-dich-veraendert\\\/#primaryimage\"},\"thumbnailUrl\":\"https:\\\/\\\/www.heldenhaushalt.de\\\/sari02\\\/wp-content\\\/uploads\\\/2024\\\/09\\\/24-09.jpg\",\"datePublished\":\"2024-09-10T08:30:07+00:00\",\"dateModified\":\"2025-01-27T11:30:27+00:00\",\"description\":\". ich heute nicht \\\"verschwenden\\\". Wirklich nicht. Stattdessen packt mich gerade die Lust nach dem September-Thema beim Bloggerschnack...\",\"breadcrumb\":{\"@id\":\"https:\\\/\\\/www.heldenhaushalt.de\\\/sari02\\\/index.php\\\/2024\\\/09\\\/10\\\/bloggerschnack-im-september-hat-das-bloggen-dich-veraendert\\\/#breadcrumb\"},\"inLanguage\":\"de\",\"potentialAction\":[{\"@type\":\"ReadAction\",\"target\":[\"https:\\\/\\\/www.heldenhaushalt.de\\\/sari02\\\/index.php\\\/2024\\\/09\\\/10\\\/bloggerschnack-im-september-hat-das-bloggen-dich-veraendert\\\/\"]}]},{\"@type\":\"ImageObject\",\"inLanguage\":\"de\",\"@id\":\"https:\\\/\\\/www.heldenhaushalt.de\\\/sari02\\\/index.php\\\/2024\\\/09\\\/10\\\/bloggerschnack-im-september-hat-das-bloggen-dich-veraendert\\\/#primaryimage\",\"url\":\"https:\\\/\\\/www.heldenhaushalt.de\\\/sari02\\\/wp-content\\\/uploads\\\/2024\\\/09\\\/24-09.jpg\",\"contentUrl\":\"https:\\\/\\\/www.heldenhaushalt.de\\\/sari02\\\/wp-content\\\/uploads\\\/2024\\\/09\\\/24-09.jpg\",\"width\":1000,\"height\":700,\"caption\":\"Bloggerschnack\"},{\"@type\":\"BreadcrumbList\",\"@id\":\"https:\\\/\\\/www.heldenhaushalt.de\\\/sari02\\\/index.php\\\/2024\\\/09\\\/10\\\/bloggerschnack-im-september-hat-das-bloggen-dich-veraendert\\\/#breadcrumb\",\"itemListElement\":[{\"@type\":\"ListItem\",\"position\":1,\"name\":\"Startseite\",\"item\":\"https:\\\/\\\/www.heldenhaushalt.de\\\/sari02\\\/\"},{\"@type\":\"ListItem\",\"position\":2,\"name\":\"Bloggerschnack im September: Hat das Bloggen Dich ver&#228;ndert?\"}]},{\"@type\":\"WebSite\",\"@id\":\"https:\\\/\\\/www.heldenhaushalt.de\\\/sari02\\\/#website\",\"url\":\"https:\\\/\\\/www.heldenhaushalt.de\\\/sari02\\\/\",\"name\":\"Heldenhaushalt\",\"description\":\"Wer es ordentlich haben will, der muss vorher anrufen\",\"publisher\":{\"@id\":\"https:\\\/\\\/www.heldenhaushalt.de\\\/sari02\\\/#\\\/schema\\\/person\\\/a1cc69f42a01f412eb62c151353814f6\"},\"potentialAction\":[{\"@type\":\"SearchAction\",\"target\":{\"@type\":\"EntryPoint\",\"urlTemplate\":\"https:\\\/\\\/www.heldenhaushalt.de\\\/sari02\\\/?s={search_term_string}\"},\"query-input\":{\"@type\":\"PropertyValueSpecification\",\"valueRequired\":true,\"valueName\":\"search_term_string\"}}],\"inLanguage\":\"de\"},{\"@type\":[\"Person\",\"Organization\"],\"@id\":\"https:\\\/\\\/www.heldenhaushalt.de\\\/sari02\\\/#\\\/schema\\\/person\\\/a1cc69f42a01f412eb62c151353814f6\",\"name\":\"Sari\",\"image\":{\"@type\":\"ImageObject\",\"inLanguage\":\"de\",\"@id\":\"https:\\\/\\\/www.heldenhaushalt.de\\\/sari02\\\/wp-content\\\/uploads\\\/2019\\\/02\\\/sari-april2018.png\",\"url\":\"https:\\\/\\\/www.heldenhaushalt.de\\\/sari02\\\/wp-content\\\/uploads\\\/2019\\\/02\\\/sari-april2018.png\",\"contentUrl\":\"https:\\\/\\\/www.heldenhaushalt.de\\\/sari02\\\/wp-content\\\/uploads\\\/2019\\\/02\\\/sari-april2018.png\",\"width\":500,\"height\":500,\"caption\":\"Sari\"},\"logo\":{\"@id\":\"https:\\\/\\\/www.heldenhaushalt.de\\\/sari02\\\/wp-content\\\/uploads\\\/2019\\\/02\\\/sari-april2018.png\"},\"description\":\"Frau Mondgras \u2013 Das bin ich, Sari. Gerne auch als Sari Mondgras bekannt und im Internet zu finden. 2-Fach-Mutter, Heldenehefrau, Kreativling, Harmonies\u00fcchtig und st\u00e4ndig auf der Suche nach Gl\u00fcck. Ich komme aus Berlin, bin hier aufgewachsen und lebe hier seit ich denken kann.\",\"sameAs\":[\"https:\\\/\\\/www.instagram.com\\\/heldenhaushalt\\\/\"],\"url\":\"https:\\\/\\\/www.heldenhaushalt.de\\\/sari02\\\/index.php\\\/author\\\/admin\\\/\"}]}<\/script>\n<!-- \/ Yoast SEO plugin. -->","yoast_head_json":{"title":"Bloggerschnack im September: Hat das Bloggen Dich ver\u00e4ndert? - Heldenhaushalt","description":". ich heute nicht \"verschwenden\". Wirklich nicht. Stattdessen packt mich gerade die Lust nach dem September-Thema beim Bloggerschnack...","robots":{"index":"index","follow":"follow","max-snippet":"max-snippet:-1","max-image-preview":"max-image-preview:large","max-video-preview":"max-video-preview:-1"},"canonical":"https:\/\/www.heldenhaushalt.de\/sari02\/index.php\/2024\/09\/10\/bloggerschnack-im-september-hat-das-bloggen-dich-veraendert\/","og_locale":"de_DE","og_type":"article","og_title":"Bloggerschnack im September: Hat das Bloggen Dich ver\u00e4ndert? - Heldenhaushalt","og_description":". ich heute nicht \"verschwenden\". Wirklich nicht. Stattdessen packt mich gerade die Lust nach dem September-Thema beim Bloggerschnack...","og_url":"https:\/\/www.heldenhaushalt.de\/sari02\/index.php\/2024\/09\/10\/bloggerschnack-im-september-hat-das-bloggen-dich-veraendert\/","og_site_name":"Heldenhaushalt","article_published_time":"2024-09-10T08:30:07+00:00","article_modified_time":"2025-01-27T11:30:27+00:00","og_image":[{"width":1000,"height":700,"url":"https:\/\/www.heldenhaushalt.de\/sari02\/wp-content\/uploads\/2024\/09\/24-09.jpg","type":"image\/jpeg"}],"author":"Sari","twitter_card":"summary_large_image","twitter_creator":"@Heldenhaushalt","twitter_site":"@Heldenhaushalt","twitter_misc":{"Verfasst von":"Sari","Gesch\u00e4tzte Lesezeit":"10\u00a0Minuten"},"schema":{"@context":"https:\/\/schema.org","@graph":[{"@type":"Article","@id":"https:\/\/www.heldenhaushalt.de\/sari02\/index.php\/2024\/09\/10\/bloggerschnack-im-september-hat-das-bloggen-dich-veraendert\/#article","isPartOf":{"@id":"https:\/\/www.heldenhaushalt.de\/sari02\/index.php\/2024\/09\/10\/bloggerschnack-im-september-hat-das-bloggen-dich-veraendert\/"},"author":{"name":"Sari","@id":"https:\/\/www.heldenhaushalt.de\/sari02\/#\/schema\/person\/a1cc69f42a01f412eb62c151353814f6"},"headline":"Bloggerschnack im September: Hat das Bloggen Dich ver&#228;ndert?","datePublished":"2024-09-10T08:30:07+00:00","dateModified":"2025-01-27T11:30:27+00:00","mainEntityOfPage":{"@id":"https:\/\/www.heldenhaushalt.de\/sari02\/index.php\/2024\/09\/10\/bloggerschnack-im-september-hat-das-bloggen-dich-veraendert\/"},"wordCount":1779,"commentCount":11,"publisher":{"@id":"https:\/\/www.heldenhaushalt.de\/sari02\/#\/schema\/person\/a1cc69f42a01f412eb62c151353814f6"},"image":{"@id":"https:\/\/www.heldenhaushalt.de\/sari02\/index.php\/2024\/09\/10\/bloggerschnack-im-september-hat-das-bloggen-dich-veraendert\/#primaryimage"},"thumbnailUrl":"https:\/\/www.heldenhaushalt.de\/sari02\/wp-content\/uploads\/2024\/09\/24-09.jpg","keywords":["#ver\u00e4nderung","Bloggen","Bloggerschnack","Bloghexe","Blogparade","Reflektieren"],"articleSection":["Blogsph\u00e4re","Gedankenwelt"],"inLanguage":"de","potentialAction":[{"@type":"CommentAction","name":"Comment","target":["https:\/\/www.heldenhaushalt.de\/sari02\/index.php\/2024\/09\/10\/bloggerschnack-im-september-hat-das-bloggen-dich-veraendert\/#respond"]}]},{"@type":"WebPage","@id":"https:\/\/www.heldenhaushalt.de\/sari02\/index.php\/2024\/09\/10\/bloggerschnack-im-september-hat-das-bloggen-dich-veraendert\/","url":"https:\/\/www.heldenhaushalt.de\/sari02\/index.php\/2024\/09\/10\/bloggerschnack-im-september-hat-das-bloggen-dich-veraendert\/","name":"Bloggerschnack im September: Hat das Bloggen Dich ver\u00e4ndert? - Heldenhaushalt","isPartOf":{"@id":"https:\/\/www.heldenhaushalt.de\/sari02\/#website"},"primaryImageOfPage":{"@id":"https:\/\/www.heldenhaushalt.de\/sari02\/index.php\/2024\/09\/10\/bloggerschnack-im-september-hat-das-bloggen-dich-veraendert\/#primaryimage"},"image":{"@id":"https:\/\/www.heldenhaushalt.de\/sari02\/index.php\/2024\/09\/10\/bloggerschnack-im-september-hat-das-bloggen-dich-veraendert\/#primaryimage"},"thumbnailUrl":"https:\/\/www.heldenhaushalt.de\/sari02\/wp-content\/uploads\/2024\/09\/24-09.jpg","datePublished":"2024-09-10T08:30:07+00:00","dateModified":"2025-01-27T11:30:27+00:00","description":". ich heute nicht \"verschwenden\". Wirklich nicht. Stattdessen packt mich gerade die Lust nach dem September-Thema beim Bloggerschnack...","breadcrumb":{"@id":"https:\/\/www.heldenhaushalt.de\/sari02\/index.php\/2024\/09\/10\/bloggerschnack-im-september-hat-das-bloggen-dich-veraendert\/#breadcrumb"},"inLanguage":"de","potentialAction":[{"@type":"ReadAction","target":["https:\/\/www.heldenhaushalt.de\/sari02\/index.php\/2024\/09\/10\/bloggerschnack-im-september-hat-das-bloggen-dich-veraendert\/"]}]},{"@type":"ImageObject","inLanguage":"de","@id":"https:\/\/www.heldenhaushalt.de\/sari02\/index.php\/2024\/09\/10\/bloggerschnack-im-september-hat-das-bloggen-dich-veraendert\/#primaryimage","url":"https:\/\/www.heldenhaushalt.de\/sari02\/wp-content\/uploads\/2024\/09\/24-09.jpg","contentUrl":"https:\/\/www.heldenhaushalt.de\/sari02\/wp-content\/uploads\/2024\/09\/24-09.jpg","width":1000,"height":700,"caption":"Bloggerschnack"},{"@type":"BreadcrumbList","@id":"https:\/\/www.heldenhaushalt.de\/sari02\/index.php\/2024\/09\/10\/bloggerschnack-im-september-hat-das-bloggen-dich-veraendert\/#breadcrumb","itemListElement":[{"@type":"ListItem","position":1,"name":"Startseite","item":"https:\/\/www.heldenhaushalt.de\/sari02\/"},{"@type":"ListItem","position":2,"name":"Bloggerschnack im September: Hat das Bloggen Dich ver&#228;ndert?"}]},{"@type":"WebSite","@id":"https:\/\/www.heldenhaushalt.de\/sari02\/#website","url":"https:\/\/www.heldenhaushalt.de\/sari02\/","name":"Heldenhaushalt","description":"Wer es ordentlich haben will, der muss vorher anrufen","publisher":{"@id":"https:\/\/www.heldenhaushalt.de\/sari02\/#\/schema\/person\/a1cc69f42a01f412eb62c151353814f6"},"potentialAction":[{"@type":"SearchAction","target":{"@type":"EntryPoint","urlTemplate":"https:\/\/www.heldenhaushalt.de\/sari02\/?s={search_term_string}"},"query-input":{"@type":"PropertyValueSpecification","valueRequired":true,"valueName":"search_term_string"}}],"inLanguage":"de"},{"@type":["Person","Organization"],"@id":"https:\/\/www.heldenhaushalt.de\/sari02\/#\/schema\/person\/a1cc69f42a01f412eb62c151353814f6","name":"Sari","image":{"@type":"ImageObject","inLanguage":"de","@id":"https:\/\/www.heldenhaushalt.de\/sari02\/wp-content\/uploads\/2019\/02\/sari-april2018.png","url":"https:\/\/www.heldenhaushalt.de\/sari02\/wp-content\/uploads\/2019\/02\/sari-april2018.png","contentUrl":"https:\/\/www.heldenhaushalt.de\/sari02\/wp-content\/uploads\/2019\/02\/sari-april2018.png","width":500,"height":500,"caption":"Sari"},"logo":{"@id":"https:\/\/www.heldenhaushalt.de\/sari02\/wp-content\/uploads\/2019\/02\/sari-april2018.png"},"description":"Frau Mondgras \u2013 Das bin ich, Sari. Gerne auch als Sari Mondgras bekannt und im Internet zu finden. 2-Fach-Mutter, Heldenehefrau, Kreativling, Harmonies\u00fcchtig und st\u00e4ndig auf der Suche nach Gl\u00fcck. Ich komme aus Berlin, bin hier aufgewachsen und lebe hier seit ich denken kann.","sameAs":["https:\/\/www.instagram.com\/heldenhaushalt\/"],"url":"https:\/\/www.heldenhaushalt.de\/sari02\/index.php\/author\/admin\/"}]}},"views":1711,"_links":{"self":[{"href":"https:\/\/www.heldenhaushalt.de\/sari02\/index.php\/wp-json\/wp\/v2\/posts\/61899","targetHints":{"allow":["GET"]}}],"collection":[{"href":"https:\/\/www.heldenhaushalt.de\/sari02\/index.php\/wp-json\/wp\/v2\/posts"}],"about":[{"href":"https:\/\/www.heldenhaushalt.de\/sari02\/index.php\/wp-json\/wp\/v2\/types\/post"}],"author":[{"embeddable":true,"href":"https:\/\/www.heldenhaushalt.de\/sari02\/index.php\/wp-json\/wp\/v2\/users\/1"}],"replies":[{"embeddable":true,"href":"https:\/\/www.heldenhaushalt.de\/sari02\/index.php\/wp-json\/wp\/v2\/comments?post=61899"}],"version-history":[{"count":7,"href":"https:\/\/www.heldenhaushalt.de\/sari02\/index.php\/wp-json\/wp\/v2\/posts\/61899\/revisions"}],"predecessor-version":[{"id":63280,"href":"https:\/\/www.heldenhaushalt.de\/sari02\/index.php\/wp-json\/wp\/v2\/posts\/61899\/revisions\/63280"}],"wp:featuredmedia":[{"embeddable":true,"href":"https:\/\/www.heldenhaushalt.de\/sari02\/index.php\/wp-json\/wp\/v2\/media\/61901"}],"wp:attachment":[{"href":"https:\/\/www.heldenhaushalt.de\/sari02\/index.php\/wp-json\/wp\/v2\/media?parent=61899"}],"wp:term":[{"taxonomy":"category","embeddable":true,"href":"https:\/\/www.heldenhaushalt.de\/sari02\/index.php\/wp-json\/wp\/v2\/categories?post=61899"},{"taxonomy":"post_tag","embeddable":true,"href":"https:\/\/www.heldenhaushalt.de\/sari02\/index.php\/wp-json\/wp\/v2\/tags?post=61899"}],"curies":[{"name":"wp","href":"https:\/\/api.w.org\/{rel}","templated":true}]}}