{"id":63339,"date":"2025-02-04T09:30:15","date_gmt":"2025-02-04T08:30:15","guid":{"rendered":"https:\/\/www.heldenhaushalt.de\/sari02\/?p=63339"},"modified":"2025-02-04T10:30:21","modified_gmt":"2025-02-04T09:30:21","slug":"projekt-52-im-februar-erinnerungen","status":"publish","type":"post","link":"https:\/\/www.heldenhaushalt.de\/sari02\/index.php\/2025\/02\/04\/projekt-52-im-februar-erinnerungen\/","title":{"rendered":"Projekt 52 im Februar: Erinnerungen"},"content":{"rendered":"<p>Ja, im Februar ist alles direkt ein wenig durcheinander geraten mit dem <a href=\"https:\/\/www.heldenhaushalt.de\/sari02\/index.php\/das-projekt-52-in-2025\/\">Projekt 52<\/a>. Statt Sonntag gibt es meinen ersten Beitrag im neuen Monat erst am Dienstag, aber ich wollte das Yoga Fazit nicht zu sp&#228;t erledigt haben.&nbsp;<\/p>\n<p><a href=\"https:\/\/www.heldenhaushalt.de\/sari02\/index.php\/2025\/01\/28\/projekt-522025-die-themen-im-februar-linkparty\/\">Die Februar Themen<\/a> gefallen mir ganz gut, auch wenn ich noch nicht zu jedem eine gute Idee habe. Nachdem ich sie mir alle vier durchgelesen und sacken lassen habe, kam mir vor allem beim letzten direkt ein Bild vor Augen und ich denke, dazu werde ich heute wieder ein paar Worte mehr verlieren m&#252;ssen.<\/p>\n<h2>Es geht um Erinnerungen im Projekt 52 dieses Mal<\/h2>\n<p>Sicherlich habe ich viele Erinnerungen, auf die ich zur&#252;ck greifen k&#246;nnte. In allen Bereichen. Erinnerungen mit meinen Kindern, Erinnerungen aus meiner eigenen Kindheit, Erinnerungen an vergangene Projekt 52 Tage&#8230; das Themenfeld ist sehr vielseitig und breit.&nbsp;<\/p>\n<p>Das Bild, dass ich bei dem Begriff allerdings vor Augen hatte, das war das folgende und ich m&#246;chte euch gleich erz&#228;hlen warum:<\/p>\n<figure id=\"attachment_63347\" aria-describedby=\"caption-attachment-63347\" style=\"width: 1000px\" class=\"wp-caption alignnone\"><img loading=\"lazy\" decoding=\"async\" class=\"size-full wp-image-63347\" src=\"https:\/\/www.heldenhaushalt.de\/sari02\/wp-content\/uploads\/2025\/02\/p52-05-1.jpg\" alt=\"Erinnerungen\" width=\"1000\" height=\"699\" srcset=\"https:\/\/www.heldenhaushalt.de\/sari02\/wp-content\/uploads\/2025\/02\/p52-05-1.jpg 1000w, https:\/\/www.heldenhaushalt.de\/sari02\/wp-content\/uploads\/2025\/02\/p52-05-1-300x210.jpg 300w, https:\/\/www.heldenhaushalt.de\/sari02\/wp-content\/uploads\/2025\/02\/p52-05-1-768x537.jpg 768w, https:\/\/www.heldenhaushalt.de\/sari02\/wp-content\/uploads\/2025\/02\/p52-05-1-86x60.jpg 86w\" sizes=\"auto, (max-width: 1000px) 100vw, 1000px\" \/><figcaption id=\"caption-attachment-63347\" class=\"wp-caption-text\">Projekt 52 &#8211; Erinnerungen<\/figcaption><\/figure>\n<p>Die Gitarre als Instrument an sich hat eine tiefe Bedeutung f&#252;r mich, aber ist auch wie eine Neverending Story. Ich liebe Lieder, in denen man das Kratzen der Gitarrenseiten deutlich wahrnimmt. Deshalb h&#246;re ich ab und an sicherlich auch gerne mal Santana oder die Music von Jack Johnson (auch bei den Red Hot Chili Peppers ist das manchmal der Fall). Der Hintergrund hierbei liegt darin, dass mein Vater fr&#252;her f&#252;r uns Gitarre gespielt hat. Ich kann mich an Abende erinnern, an denen er aus dem Rolf Zukowski Liederbuch spielte und wir Kinder lauthals dazu sangen. Manchmal sa&#223; er aber auch einfach so da und zupfte an den Saiten. Sch&#246;ne Erinnerungen an sch&#246;ne Momente sind das. Und ich kann mich noch erinnern, wie er auch mal am Bett sa&#223; und spielte, dazu mit seiner sanften und leisen Stimme sang. Ich liebte das&#8230;<\/p>\n<figure id=\"attachment_63341\" aria-describedby=\"caption-attachment-63341\" style=\"width: 1000px\" class=\"wp-caption alignnone\"><img loading=\"lazy\" decoding=\"async\" class=\"size-full wp-image-63341\" src=\"https:\/\/www.heldenhaushalt.de\/sari02\/wp-content\/uploads\/2025\/02\/p52-05-2.jpg\" alt=\"Erinnerungen\" width=\"1000\" height=\"377\" srcset=\"https:\/\/www.heldenhaushalt.de\/sari02\/wp-content\/uploads\/2025\/02\/p52-05-2.jpg 1000w, https:\/\/www.heldenhaushalt.de\/sari02\/wp-content\/uploads\/2025\/02\/p52-05-2-300x113.jpg 300w, https:\/\/www.heldenhaushalt.de\/sari02\/wp-content\/uploads\/2025\/02\/p52-05-2-768x290.jpg 768w, https:\/\/www.heldenhaushalt.de\/sari02\/wp-content\/uploads\/2025\/02\/p52-05-2-159x60.jpg 159w\" sizes=\"auto, (max-width: 1000px) 100vw, 1000px\" \/><figcaption id=\"caption-attachment-63341\" class=\"wp-caption-text\">Erinnerungen&#8230;<\/figcaption><\/figure>\n<p>Deshalb wollte (und will eigentlich auch noch immer) gerne selbst Gitarre lernen. Immer wieder starte ich mal den Versuch, schaffe sogar ein paar Akkorde, aber ich habe einfach nicht die Ruhe dran zu bleiben. Man muss hier wirklich t&#228;glich ein wenig &#252;ben und nach einem guten Anfang lasse ich es immer schleifen. Ich hebe mir dieses Vorhaben wohl also f&#252;r das Alter auf *lach*&#8230; oder wenn etwas mehr Ruhe einkehrt. Aber das Instrument <a href=\"https:\/\/www.heldenhaushalt.de\/sari02\/index.php\/2013\/12\/26\/ein-kleiner-weihnachtsbericht-13\/\">bekam ich vor Jahren von meiner Schwester<\/a> geschenkt und nun steht sie hier im Wohnzimmer und wartet auf mich. Tapfer.. und ab und an ist jemand mal hier, nimmt sie sich und spielt damit und wir alle singen dann zusammen. Und ich liebe alles daran&#8230;<\/p>\n<p>Weitere Beitr&#228;ge zu den Themen im Februar <a href=\"https:\/\/www.heldenhaushalt.de\/sari02\/index.php\/2025\/01\/28\/projekt-522025-die-themen-im-februar-linkparty\/\">findet ihr hier<\/a>.<\/p>\n","protected":false},"excerpt":{"rendered":"<p>Ja, im Februar ist alles direkt ein wenig durcheinander geraten mit dem Projekt 52. Statt Sonntag gibt es meinen ersten Beitrag im neuen Monat erst am Dienstag, aber ich wollte das Yoga Fazit nicht zu sp&#228;t erledigt haben.&nbsp; Die Februar Themen gefallen mir ganz gut, auch wenn ich noch nicht zu jedem eine gute Idee habe. Nachdem ich sie mir alle vier durchgelesen und sacken lassen habe, kam mir vor allem beim letzten direkt ein Bild vor Augen und ich denke, dazu werde ich heute wieder ein paar Worte mehr verlieren m&#252;ssen. Es geht um Erinnerungen im Projekt 52 dieses Mal Sicherlich habe ich viele Erinnerungen, auf die ich zur&#252;ck greifen k&#246;nnte. In allen Bereichen. Erinnerungen mit meinen Kindern, Erinnerungen aus meiner eigenen Kindheit, Erinnerungen an vergangene Projekt 52 Tage&#8230; das Themenfeld ist sehr vielseitig und breit.&nbsp; Das Bild, dass ich bei dem Begriff allerdings vor Augen hatte, das war das folgende und ich m&#246;chte euch gleich erz&#228;hlen warum: Die Gitarre als Instrument an sich hat eine tiefe Bedeutung f&#252;r mich, aber ist auch wie eine Neverending Story. Ich liebe Lieder, in denen man das Kratzen der Gitarrenseiten deutlich wahrnimmt. Deshalb h&#246;re ich ab und an sicherlich auch gerne mal Santana oder die Music von Jack Johnson (auch bei den Red Hot Chili Peppers ist das manchmal der Fall). Der Hintergrund hierbei liegt darin, dass mein Vater fr&#252;her f&#252;r uns Gitarre gespielt hat. Ich kann mich an Abende erinnern, an denen er aus dem Rolf Zukowski Liederbuch spielte und wir Kinder lauthals dazu sangen. Manchmal sa&#223; er aber auch einfach so da und zupfte an den Saiten. Sch&#246;ne Erinnerungen an sch&#246;ne Momente sind das. Und ich kann mich noch erinnern, wie er auch mal am Bett sa&#223; und spielte, dazu mit seiner sanften und leisen Stimme sang. Ich liebte das&#8230; Deshalb wollte (und will eigentlich auch noch immer) gerne selbst Gitarre lernen. Immer wieder starte ich mal den Versuch, schaffe sogar ein paar Akkorde, aber ich habe einfach nicht die Ruhe dran zu bleiben. Man muss hier wirklich t&#228;glich ein wenig &#252;ben und nach einem guten Anfang lasse ich es immer schleifen. Ich hebe mir dieses Vorhaben wohl also f&#252;r das Alter auf *lach*&#8230; oder wenn etwas mehr Ruhe einkehrt. Aber das Instrument bekam ich vor Jahren von meiner Schwester geschenkt und nun steht sie hier im Wohnzimmer und wartet auf mich. Tapfer.. und ab und an ist jemand mal hier, nimmt sie sich und spielt damit und wir alle singen dann zusammen. Und ich liebe alles daran&#8230; Weitere Beitr&#228;ge zu den Themen im Februar findet ihr hier.<\/p>\n","protected":false},"author":1,"featured_media":63348,"comment_status":"open","ping_status":"open","sticky":false,"template":"","format":"standard","meta":{"ngg_post_thumbnail":0,"footnotes":""},"categories":[180],"tags":[1615,395,396,51],"class_list":["post-63339","post","type-post","status-publish","format-standard","has-post-thumbnail","hentry","category-projekt-52","tag-foto","tag-fotografie","tag-projekt-52","tag-erinnerungen"],"yoast_head":"<!-- This site is optimized with the Yoast SEO plugin v27.4 - https:\/\/yoast.com\/product\/yoast-seo-wordpress\/ -->\n<title>Projekt 52 im Februar: Erinnerungen - Heldenhaushalt<\/title>\n<meta name=\"description\" content=\"Ja, im Februar ist alles direkt ein wenig durcheinander geraten mit dem Projekt 52. Statt Sonntag gibt es meinen ersten...\" \/>\n<meta name=\"robots\" content=\"index, follow, max-snippet:-1, max-image-preview:large, max-video-preview:-1\" \/>\n<link rel=\"canonical\" href=\"https:\/\/www.heldenhaushalt.de\/sari02\/index.php\/2025\/02\/04\/projekt-52-im-februar-erinnerungen\/\" \/>\n<meta property=\"og:locale\" content=\"de_DE\" \/>\n<meta property=\"og:type\" content=\"article\" \/>\n<meta property=\"og:title\" content=\"Projekt 52 im Februar: Erinnerungen - Heldenhaushalt\" \/>\n<meta property=\"og:description\" content=\"Ja, im Februar ist alles direkt ein wenig durcheinander geraten mit dem Projekt 52. Statt Sonntag gibt es meinen ersten...\" \/>\n<meta property=\"og:url\" content=\"https:\/\/www.heldenhaushalt.de\/sari02\/index.php\/2025\/02\/04\/projekt-52-im-februar-erinnerungen\/\" \/>\n<meta property=\"og:site_name\" content=\"Heldenhaushalt\" \/>\n<meta property=\"article:published_time\" content=\"2025-02-04T08:30:15+00:00\" \/>\n<meta property=\"article:modified_time\" content=\"2025-02-04T09:30:21+00:00\" \/>\n<meta property=\"og:image\" content=\"https:\/\/www.heldenhaushalt.de\/sari02\/wp-content\/uploads\/2025\/02\/p52-05vor.jpg\" \/>\n\t<meta property=\"og:image:width\" content=\"1000\" \/>\n\t<meta property=\"og:image:height\" content=\"699\" \/>\n\t<meta property=\"og:image:type\" content=\"image\/jpeg\" \/>\n<meta name=\"author\" content=\"Sari\" \/>\n<meta name=\"twitter:card\" content=\"summary_large_image\" \/>\n<meta name=\"twitter:creator\" content=\"@Heldenhaushalt\" \/>\n<meta name=\"twitter:site\" content=\"@Heldenhaushalt\" \/>\n<meta name=\"twitter:label1\" content=\"Verfasst von\" \/>\n\t<meta name=\"twitter:data1\" content=\"Sari\" \/>\n\t<meta name=\"twitter:label2\" content=\"Gesch\u00e4tzte Lesezeit\" \/>\n\t<meta name=\"twitter:data2\" content=\"4\u00a0Minuten\" \/>\n<script type=\"application\/ld+json\" class=\"yoast-schema-graph\">{\"@context\":\"https:\\\/\\\/schema.org\",\"@graph\":[{\"@type\":\"Article\",\"@id\":\"https:\\\/\\\/www.heldenhaushalt.de\\\/sari02\\\/index.php\\\/2025\\\/02\\\/04\\\/projekt-52-im-februar-erinnerungen\\\/#article\",\"isPartOf\":{\"@id\":\"https:\\\/\\\/www.heldenhaushalt.de\\\/sari02\\\/index.php\\\/2025\\\/02\\\/04\\\/projekt-52-im-februar-erinnerungen\\\/\"},\"author\":{\"name\":\"Sari\",\"@id\":\"https:\\\/\\\/www.heldenhaushalt.de\\\/sari02\\\/#\\\/schema\\\/person\\\/a1cc69f42a01f412eb62c151353814f6\"},\"headline\":\"Projekt 52 im Februar: Erinnerungen\",\"datePublished\":\"2025-02-04T08:30:15+00:00\",\"dateModified\":\"2025-02-04T09:30:21+00:00\",\"mainEntityOfPage\":{\"@id\":\"https:\\\/\\\/www.heldenhaushalt.de\\\/sari02\\\/index.php\\\/2025\\\/02\\\/04\\\/projekt-52-im-februar-erinnerungen\\\/\"},\"wordCount\":464,\"commentCount\":17,\"publisher\":{\"@id\":\"https:\\\/\\\/www.heldenhaushalt.de\\\/sari02\\\/#\\\/schema\\\/person\\\/a1cc69f42a01f412eb62c151353814f6\"},\"image\":{\"@id\":\"https:\\\/\\\/www.heldenhaushalt.de\\\/sari02\\\/index.php\\\/2025\\\/02\\\/04\\\/projekt-52-im-februar-erinnerungen\\\/#primaryimage\"},\"thumbnailUrl\":\"https:\\\/\\\/www.heldenhaushalt.de\\\/sari02\\\/wp-content\\\/uploads\\\/2025\\\/02\\\/p52-05vor.jpg\",\"keywords\":[\"Foto\",\"Fotografie\",\"Projekt 52\",\"Zur\u00fcckgedacht\"],\"articleSection\":[\"Projekt 52\"],\"inLanguage\":\"de\",\"potentialAction\":[{\"@type\":\"CommentAction\",\"name\":\"Comment\",\"target\":[\"https:\\\/\\\/www.heldenhaushalt.de\\\/sari02\\\/index.php\\\/2025\\\/02\\\/04\\\/projekt-52-im-februar-erinnerungen\\\/#respond\"]}]},{\"@type\":\"WebPage\",\"@id\":\"https:\\\/\\\/www.heldenhaushalt.de\\\/sari02\\\/index.php\\\/2025\\\/02\\\/04\\\/projekt-52-im-februar-erinnerungen\\\/\",\"url\":\"https:\\\/\\\/www.heldenhaushalt.de\\\/sari02\\\/index.php\\\/2025\\\/02\\\/04\\\/projekt-52-im-februar-erinnerungen\\\/\",\"name\":\"Projekt 52 im Februar: Erinnerungen - Heldenhaushalt\",\"isPartOf\":{\"@id\":\"https:\\\/\\\/www.heldenhaushalt.de\\\/sari02\\\/#website\"},\"primaryImageOfPage\":{\"@id\":\"https:\\\/\\\/www.heldenhaushalt.de\\\/sari02\\\/index.php\\\/2025\\\/02\\\/04\\\/projekt-52-im-februar-erinnerungen\\\/#primaryimage\"},\"image\":{\"@id\":\"https:\\\/\\\/www.heldenhaushalt.de\\\/sari02\\\/index.php\\\/2025\\\/02\\\/04\\\/projekt-52-im-februar-erinnerungen\\\/#primaryimage\"},\"thumbnailUrl\":\"https:\\\/\\\/www.heldenhaushalt.de\\\/sari02\\\/wp-content\\\/uploads\\\/2025\\\/02\\\/p52-05vor.jpg\",\"datePublished\":\"2025-02-04T08:30:15+00:00\",\"dateModified\":\"2025-02-04T09:30:21+00:00\",\"description\":\"Ja, im Februar ist alles direkt ein wenig durcheinander geraten mit dem Projekt 52. Statt Sonntag gibt es meinen ersten...\",\"breadcrumb\":{\"@id\":\"https:\\\/\\\/www.heldenhaushalt.de\\\/sari02\\\/index.php\\\/2025\\\/02\\\/04\\\/projekt-52-im-februar-erinnerungen\\\/#breadcrumb\"},\"inLanguage\":\"de\",\"potentialAction\":[{\"@type\":\"ReadAction\",\"target\":[\"https:\\\/\\\/www.heldenhaushalt.de\\\/sari02\\\/index.php\\\/2025\\\/02\\\/04\\\/projekt-52-im-februar-erinnerungen\\\/\"]}]},{\"@type\":\"ImageObject\",\"inLanguage\":\"de\",\"@id\":\"https:\\\/\\\/www.heldenhaushalt.de\\\/sari02\\\/index.php\\\/2025\\\/02\\\/04\\\/projekt-52-im-februar-erinnerungen\\\/#primaryimage\",\"url\":\"https:\\\/\\\/www.heldenhaushalt.de\\\/sari02\\\/wp-content\\\/uploads\\\/2025\\\/02\\\/p52-05vor.jpg\",\"contentUrl\":\"https:\\\/\\\/www.heldenhaushalt.de\\\/sari02\\\/wp-content\\\/uploads\\\/2025\\\/02\\\/p52-05vor.jpg\",\"width\":1000,\"height\":699,\"caption\":\"Projekt 52\"},{\"@type\":\"BreadcrumbList\",\"@id\":\"https:\\\/\\\/www.heldenhaushalt.de\\\/sari02\\\/index.php\\\/2025\\\/02\\\/04\\\/projekt-52-im-februar-erinnerungen\\\/#breadcrumb\",\"itemListElement\":[{\"@type\":\"ListItem\",\"position\":1,\"name\":\"Startseite\",\"item\":\"https:\\\/\\\/www.heldenhaushalt.de\\\/sari02\\\/\"},{\"@type\":\"ListItem\",\"position\":2,\"name\":\"Projekt 52 im Februar: Erinnerungen\"}]},{\"@type\":\"WebSite\",\"@id\":\"https:\\\/\\\/www.heldenhaushalt.de\\\/sari02\\\/#website\",\"url\":\"https:\\\/\\\/www.heldenhaushalt.de\\\/sari02\\\/\",\"name\":\"Heldenhaushalt\",\"description\":\"Wer es ordentlich haben will, der muss vorher anrufen\",\"publisher\":{\"@id\":\"https:\\\/\\\/www.heldenhaushalt.de\\\/sari02\\\/#\\\/schema\\\/person\\\/a1cc69f42a01f412eb62c151353814f6\"},\"potentialAction\":[{\"@type\":\"SearchAction\",\"target\":{\"@type\":\"EntryPoint\",\"urlTemplate\":\"https:\\\/\\\/www.heldenhaushalt.de\\\/sari02\\\/?s={search_term_string}\"},\"query-input\":{\"@type\":\"PropertyValueSpecification\",\"valueRequired\":true,\"valueName\":\"search_term_string\"}}],\"inLanguage\":\"de\"},{\"@type\":[\"Person\",\"Organization\"],\"@id\":\"https:\\\/\\\/www.heldenhaushalt.de\\\/sari02\\\/#\\\/schema\\\/person\\\/a1cc69f42a01f412eb62c151353814f6\",\"name\":\"Sari\",\"image\":{\"@type\":\"ImageObject\",\"inLanguage\":\"de\",\"@id\":\"https:\\\/\\\/www.heldenhaushalt.de\\\/sari02\\\/wp-content\\\/uploads\\\/2019\\\/02\\\/sari-april2018.png\",\"url\":\"https:\\\/\\\/www.heldenhaushalt.de\\\/sari02\\\/wp-content\\\/uploads\\\/2019\\\/02\\\/sari-april2018.png\",\"contentUrl\":\"https:\\\/\\\/www.heldenhaushalt.de\\\/sari02\\\/wp-content\\\/uploads\\\/2019\\\/02\\\/sari-april2018.png\",\"width\":500,\"height\":500,\"caption\":\"Sari\"},\"logo\":{\"@id\":\"https:\\\/\\\/www.heldenhaushalt.de\\\/sari02\\\/wp-content\\\/uploads\\\/2019\\\/02\\\/sari-april2018.png\"},\"description\":\"Frau Mondgras \u2013 Das bin ich, Sari. Gerne auch als Sari Mondgras bekannt und im Internet zu finden. 2-Fach-Mutter, Heldenehefrau, Kreativling, Harmonies\u00fcchtig und st\u00e4ndig auf der Suche nach Gl\u00fcck. Ich komme aus Berlin, bin hier aufgewachsen und lebe hier seit ich denken kann.\",\"sameAs\":[\"https:\\\/\\\/www.instagram.com\\\/heldenhaushalt\\\/\"],\"url\":\"https:\\\/\\\/www.heldenhaushalt.de\\\/sari02\\\/index.php\\\/author\\\/admin\\\/\"}]}<\/script>\n<!-- \/ Yoast SEO plugin. -->","yoast_head_json":{"title":"Projekt 52 im Februar: Erinnerungen - Heldenhaushalt","description":"Ja, im Februar ist alles direkt ein wenig durcheinander geraten mit dem Projekt 52. Statt Sonntag gibt es meinen ersten...","robots":{"index":"index","follow":"follow","max-snippet":"max-snippet:-1","max-image-preview":"max-image-preview:large","max-video-preview":"max-video-preview:-1"},"canonical":"https:\/\/www.heldenhaushalt.de\/sari02\/index.php\/2025\/02\/04\/projekt-52-im-februar-erinnerungen\/","og_locale":"de_DE","og_type":"article","og_title":"Projekt 52 im Februar: Erinnerungen - Heldenhaushalt","og_description":"Ja, im Februar ist alles direkt ein wenig durcheinander geraten mit dem Projekt 52. Statt Sonntag gibt es meinen ersten...","og_url":"https:\/\/www.heldenhaushalt.de\/sari02\/index.php\/2025\/02\/04\/projekt-52-im-februar-erinnerungen\/","og_site_name":"Heldenhaushalt","article_published_time":"2025-02-04T08:30:15+00:00","article_modified_time":"2025-02-04T09:30:21+00:00","og_image":[{"width":1000,"height":699,"url":"https:\/\/www.heldenhaushalt.de\/sari02\/wp-content\/uploads\/2025\/02\/p52-05vor.jpg","type":"image\/jpeg"}],"author":"Sari","twitter_card":"summary_large_image","twitter_creator":"@Heldenhaushalt","twitter_site":"@Heldenhaushalt","twitter_misc":{"Verfasst von":"Sari","Gesch\u00e4tzte Lesezeit":"4\u00a0Minuten"},"schema":{"@context":"https:\/\/schema.org","@graph":[{"@type":"Article","@id":"https:\/\/www.heldenhaushalt.de\/sari02\/index.php\/2025\/02\/04\/projekt-52-im-februar-erinnerungen\/#article","isPartOf":{"@id":"https:\/\/www.heldenhaushalt.de\/sari02\/index.php\/2025\/02\/04\/projekt-52-im-februar-erinnerungen\/"},"author":{"name":"Sari","@id":"https:\/\/www.heldenhaushalt.de\/sari02\/#\/schema\/person\/a1cc69f42a01f412eb62c151353814f6"},"headline":"Projekt 52 im Februar: Erinnerungen","datePublished":"2025-02-04T08:30:15+00:00","dateModified":"2025-02-04T09:30:21+00:00","mainEntityOfPage":{"@id":"https:\/\/www.heldenhaushalt.de\/sari02\/index.php\/2025\/02\/04\/projekt-52-im-februar-erinnerungen\/"},"wordCount":464,"commentCount":17,"publisher":{"@id":"https:\/\/www.heldenhaushalt.de\/sari02\/#\/schema\/person\/a1cc69f42a01f412eb62c151353814f6"},"image":{"@id":"https:\/\/www.heldenhaushalt.de\/sari02\/index.php\/2025\/02\/04\/projekt-52-im-februar-erinnerungen\/#primaryimage"},"thumbnailUrl":"https:\/\/www.heldenhaushalt.de\/sari02\/wp-content\/uploads\/2025\/02\/p52-05vor.jpg","keywords":["Foto","Fotografie","Projekt 52","Zur\u00fcckgedacht"],"articleSection":["Projekt 52"],"inLanguage":"de","potentialAction":[{"@type":"CommentAction","name":"Comment","target":["https:\/\/www.heldenhaushalt.de\/sari02\/index.php\/2025\/02\/04\/projekt-52-im-februar-erinnerungen\/#respond"]}]},{"@type":"WebPage","@id":"https:\/\/www.heldenhaushalt.de\/sari02\/index.php\/2025\/02\/04\/projekt-52-im-februar-erinnerungen\/","url":"https:\/\/www.heldenhaushalt.de\/sari02\/index.php\/2025\/02\/04\/projekt-52-im-februar-erinnerungen\/","name":"Projekt 52 im Februar: Erinnerungen - Heldenhaushalt","isPartOf":{"@id":"https:\/\/www.heldenhaushalt.de\/sari02\/#website"},"primaryImageOfPage":{"@id":"https:\/\/www.heldenhaushalt.de\/sari02\/index.php\/2025\/02\/04\/projekt-52-im-februar-erinnerungen\/#primaryimage"},"image":{"@id":"https:\/\/www.heldenhaushalt.de\/sari02\/index.php\/2025\/02\/04\/projekt-52-im-februar-erinnerungen\/#primaryimage"},"thumbnailUrl":"https:\/\/www.heldenhaushalt.de\/sari02\/wp-content\/uploads\/2025\/02\/p52-05vor.jpg","datePublished":"2025-02-04T08:30:15+00:00","dateModified":"2025-02-04T09:30:21+00:00","description":"Ja, im Februar ist alles direkt ein wenig durcheinander geraten mit dem Projekt 52. Statt Sonntag gibt es meinen ersten...","breadcrumb":{"@id":"https:\/\/www.heldenhaushalt.de\/sari02\/index.php\/2025\/02\/04\/projekt-52-im-februar-erinnerungen\/#breadcrumb"},"inLanguage":"de","potentialAction":[{"@type":"ReadAction","target":["https:\/\/www.heldenhaushalt.de\/sari02\/index.php\/2025\/02\/04\/projekt-52-im-februar-erinnerungen\/"]}]},{"@type":"ImageObject","inLanguage":"de","@id":"https:\/\/www.heldenhaushalt.de\/sari02\/index.php\/2025\/02\/04\/projekt-52-im-februar-erinnerungen\/#primaryimage","url":"https:\/\/www.heldenhaushalt.de\/sari02\/wp-content\/uploads\/2025\/02\/p52-05vor.jpg","contentUrl":"https:\/\/www.heldenhaushalt.de\/sari02\/wp-content\/uploads\/2025\/02\/p52-05vor.jpg","width":1000,"height":699,"caption":"Projekt 52"},{"@type":"BreadcrumbList","@id":"https:\/\/www.heldenhaushalt.de\/sari02\/index.php\/2025\/02\/04\/projekt-52-im-februar-erinnerungen\/#breadcrumb","itemListElement":[{"@type":"ListItem","position":1,"name":"Startseite","item":"https:\/\/www.heldenhaushalt.de\/sari02\/"},{"@type":"ListItem","position":2,"name":"Projekt 52 im Februar: Erinnerungen"}]},{"@type":"WebSite","@id":"https:\/\/www.heldenhaushalt.de\/sari02\/#website","url":"https:\/\/www.heldenhaushalt.de\/sari02\/","name":"Heldenhaushalt","description":"Wer es ordentlich haben will, der muss vorher anrufen","publisher":{"@id":"https:\/\/www.heldenhaushalt.de\/sari02\/#\/schema\/person\/a1cc69f42a01f412eb62c151353814f6"},"potentialAction":[{"@type":"SearchAction","target":{"@type":"EntryPoint","urlTemplate":"https:\/\/www.heldenhaushalt.de\/sari02\/?s={search_term_string}"},"query-input":{"@type":"PropertyValueSpecification","valueRequired":true,"valueName":"search_term_string"}}],"inLanguage":"de"},{"@type":["Person","Organization"],"@id":"https:\/\/www.heldenhaushalt.de\/sari02\/#\/schema\/person\/a1cc69f42a01f412eb62c151353814f6","name":"Sari","image":{"@type":"ImageObject","inLanguage":"de","@id":"https:\/\/www.heldenhaushalt.de\/sari02\/wp-content\/uploads\/2019\/02\/sari-april2018.png","url":"https:\/\/www.heldenhaushalt.de\/sari02\/wp-content\/uploads\/2019\/02\/sari-april2018.png","contentUrl":"https:\/\/www.heldenhaushalt.de\/sari02\/wp-content\/uploads\/2019\/02\/sari-april2018.png","width":500,"height":500,"caption":"Sari"},"logo":{"@id":"https:\/\/www.heldenhaushalt.de\/sari02\/wp-content\/uploads\/2019\/02\/sari-april2018.png"},"description":"Frau Mondgras \u2013 Das bin ich, Sari. Gerne auch als Sari Mondgras bekannt und im Internet zu finden. 2-Fach-Mutter, Heldenehefrau, Kreativling, Harmonies\u00fcchtig und st\u00e4ndig auf der Suche nach Gl\u00fcck. Ich komme aus Berlin, bin hier aufgewachsen und lebe hier seit ich denken kann.","sameAs":["https:\/\/www.instagram.com\/heldenhaushalt\/"],"url":"https:\/\/www.heldenhaushalt.de\/sari02\/index.php\/author\/admin\/"}]}},"views":1044,"_links":{"self":[{"href":"https:\/\/www.heldenhaushalt.de\/sari02\/index.php\/wp-json\/wp\/v2\/posts\/63339","targetHints":{"allow":["GET"]}}],"collection":[{"href":"https:\/\/www.heldenhaushalt.de\/sari02\/index.php\/wp-json\/wp\/v2\/posts"}],"about":[{"href":"https:\/\/www.heldenhaushalt.de\/sari02\/index.php\/wp-json\/wp\/v2\/types\/post"}],"author":[{"embeddable":true,"href":"https:\/\/www.heldenhaushalt.de\/sari02\/index.php\/wp-json\/wp\/v2\/users\/1"}],"replies":[{"embeddable":true,"href":"https:\/\/www.heldenhaushalt.de\/sari02\/index.php\/wp-json\/wp\/v2\/comments?post=63339"}],"version-history":[{"count":4,"href":"https:\/\/www.heldenhaushalt.de\/sari02\/index.php\/wp-json\/wp\/v2\/posts\/63339\/revisions"}],"predecessor-version":[{"id":63350,"href":"https:\/\/www.heldenhaushalt.de\/sari02\/index.php\/wp-json\/wp\/v2\/posts\/63339\/revisions\/63350"}],"wp:featuredmedia":[{"embeddable":true,"href":"https:\/\/www.heldenhaushalt.de\/sari02\/index.php\/wp-json\/wp\/v2\/media\/63348"}],"wp:attachment":[{"href":"https:\/\/www.heldenhaushalt.de\/sari02\/index.php\/wp-json\/wp\/v2\/media?parent=63339"}],"wp:term":[{"taxonomy":"category","embeddable":true,"href":"https:\/\/www.heldenhaushalt.de\/sari02\/index.php\/wp-json\/wp\/v2\/categories?post=63339"},{"taxonomy":"post_tag","embeddable":true,"href":"https:\/\/www.heldenhaushalt.de\/sari02\/index.php\/wp-json\/wp\/v2\/tags?post=63339"}],"curies":[{"name":"wp","href":"https:\/\/api.w.org\/{rel}","templated":true}]}}