{"id":63553,"date":"2025-02-25T10:15:42","date_gmt":"2025-02-25T09:15:42","guid":{"rendered":"https:\/\/www.heldenhaushalt.de\/sari02\/?p=63553"},"modified":"2025-02-25T10:16:06","modified_gmt":"2025-02-25T09:16:06","slug":"gedankentagebuch-39","status":"publish","type":"post","link":"https:\/\/www.heldenhaushalt.de\/sari02\/index.php\/2025\/02\/25\/gedankentagebuch-39\/","title":{"rendered":"Gedankentagebuch #39 &#8211; Von Dingen, die sind wie sie sind&#8230;"},"content":{"rendered":"<p>So sch&#246;n es ist sich einen Redaktionsplan zu schreiben und somit einen guten &#220;berblick &#252;ber den Monat zu schaffen, so schwer wird es dann Raum f&#252;r spontane Dinge zu finden. Das ist mir gerade in Bezug auf die Gedankentagebuch-Eintr&#228;ge aufgefallen.&nbsp;<\/p>\n<p>Nehme ich letzte Woche zum Beispiel: Ich hatte bereits am Dienstag einiges an Beitr&#228;gen f&#252;r die Woche vorgearbeitet. Dadurch, dass der kleine Sohn krank zu Hause war und den halben Tag wegen des Fiebers verschlief, sa&#223; ich viel neben ihm mit dem Laptop auf dem Scho&#223; und konnte das tun &#8211; Beitr&#228;ge vorbereiten. Und das, wo ich ja doch eher so Typ schreiben und direkt ver&#246;ffentlichen bin. Aber mit so einem Redaktionsplan vor der Nase, kannst du eben doch so manches schon vorbereiten. Irgendwie ein komisches Gef&#252;hl. Es waren auf jeden Fall alle 7 Tage verplant. Mit Blog-Aktionen (#WIB und Wochenlieblinge), Blog-Projekten (<a href=\"https:\/\/www.czoczo.de\/category\/fotoprojekte\/nature-thursday-2025\/\" target=\"_blank\" rel=\"noopener\">Nature Thursday<\/a> und <a href=\"https:\/\/www.heldenhaushalt.de\/sari02\/index.php\/das-projekt-52-in-2025\/\">Projekt 52<\/a>) und einer Blogparade&#8230; Zack&#8230; 7 Tage gef&#252;llt. So schnell kanns gehen&#8230;.<\/p>\n\n<h3>Und ich sa&#223; da und gr&#252;belte&#8230;<\/h3>\n<p>Ja, ich&nbsp; gr&#252;belte, denn ich hatte irgendwie auch das Bed&#252;rfnis f&#252;r einen neuen Gedankentagebuch-Eintrag. So vieles ging nicht nur mir letzte Woche durch den Kopf. Den meisten von euch wird es genauso gegangen sein. Statt aber einfach loszuschreiben, verriet mir der Blick in den Redaktionsplan: Nope, meine Liebe, du hast da keine Luft f&#252;r. Und dabei hatte ich schon ein wenig hin und her geschoben. Optisch mag ich es aber gar nicht in einem Kalender Termine mit Pfeilen von da nach dort zu verschieben. Es wirkt so chaotisch. Daher versuche ich das immer zu vermeiden.<\/p>\n<p>Heute mache ich das aber mal, denn ich will nicht total festgefahren sein. Tats&#228;chlich steht zum Beispiel f&#252;r heute im Plan, dass ich euch vom Creeper-Buch erz&#228;hle, das der kleine Sohn in den Winterferien gelesen hat. Das schiebe ich jetzt ganz frech aufs Wochenende. Tut auch gar nicht weh und bringt eigentlich auch keine Unruhe in meine Planung. Moment&#8230; zur Sicherheit noch ein Blick in den Plan&#8230; aber Moment: Den f&#252;r M&#228;rz habe ich noch gar nicht geschrieben. HAHA! Ausgetrickst. Muss ich aber dennoch die Tage mal machen, denn etwas &#220;berblick tut schon gut. Um auch mal ein positives Fazit aus diesem Experiment &#8220;Redaktionsplan&#8221; zu ziehen. Es ist schon ganz cool auf einen Blick mal zu sehen, wie die Wochen mit den Standard-Themen gef&#252;llt sind und wie sich dann die L&#252;cken verteilen und f&#252;llen lassen. Wo packe ich am besten das Ausmalbild hin, wann passen Lebens-ABC Beitr&#228;ge ganz gut rein, wie verteilen sich die Rezensionen usw&#8230; Doch, das ist an sich schon eine gute Sache. Auch steckt hier in einem Extra-Fach der Zettel mit euren Themenvorschl&#228;gen f&#252;r das Projekt 52 (Spoiler-Alarm: Die neuen Themen f&#252;r M&#228;rz kommen &#252;brigens morgen schon mal f&#252;r euch) und andere Schnipselchen, die ich f&#252;r eventuelle Beitr&#228;ge mal nutzen k&#246;nnte.<\/p>\n<p><img loading=\"lazy\" decoding=\"async\" class=\"alignnone size-full wp-image-63556\" src=\"https:\/\/www.heldenhaushalt.de\/sari02\/wp-content\/uploads\/2025\/02\/teil38-02.jpg\" alt=\"Redaktionsplan\" width=\"1000\" height=\"1039\" srcset=\"https:\/\/www.heldenhaushalt.de\/sari02\/wp-content\/uploads\/2025\/02\/teil38-02.jpg 1000w, https:\/\/www.heldenhaushalt.de\/sari02\/wp-content\/uploads\/2025\/02\/teil38-02-289x300.jpg 289w, https:\/\/www.heldenhaushalt.de\/sari02\/wp-content\/uploads\/2025\/02\/teil38-02-986x1024.jpg 986w, https:\/\/www.heldenhaushalt.de\/sari02\/wp-content\/uploads\/2025\/02\/teil38-02-768x798.jpg 768w, https:\/\/www.heldenhaushalt.de\/sari02\/wp-content\/uploads\/2025\/02\/teil38-02-58x60.jpg 58w\" sizes=\"auto, (max-width: 1000px) 100vw, 1000px\" \/><\/p>\n<h3>Aber ein wenig versuchen wir gerade auch Luft zu holen<\/h3>\n<p>Die letzten&#8230; naja sagen wir mal 5 Wochen, die hatten es schon in sich. Eigentlich krepeln wir ja seit November so rum, aber die letzten beiden Sch&#252;be waren nochmal hart. Erst hatte es den gro&#223;en Sohn massiv umgehauen und wir mussten uns sehr einschr&#228;nken und zur&#252;ck nehmen und als es bei ihm endlich besser aussah und wir dachten es w&#228;re &#252;berstanden, zog doch noch der kleine Sohn nach. Selbe Symptome, selber heftiger Verlauf. Es ist so nervig, dass man bei uns im Grunde von September bis M&#228;rz immer schon mit immer abwechselnden Krankenlager rechnen muss, aber es scheint hier nun mal so zu sein. Es war schon immer so, seit die Kinder da sind. Vor allem der gro&#223;e Sohn scheint leider sehr anf&#228;llig zu sein. Das war auch schon so, als er noch ganz klein war (vor dem Fu&#223;ball spielen wohl gemerkt mit Blick auf den einen oder anderen Kommentar). Der kleine Sohn scheint da etwas besser gegen anzukommen, warum auch immer, aber sein Immunsystem arbeitet da besser.<\/p>\n<p>Gerade nach Corona damals haben wir ja<a href=\"https:\/\/www.heldenhaushalt.de\/sari02\/index.php\/2024\/10\/16\/gedankentagebuch-31-es-sind-irgendwie-immer-fuesse-im-bild\/#Und_leise_schleicht_das_Wort_Corona_durch_den_Raum\"> bei dem gro&#223;en Sohn vieles checken lassen<\/a> und aus gesundheitlicher Sicht zeigt er keinerlei M&#228;ngel, die darauf hinweisen k&#246;nnten, warum es bei ihm so anders l&#228;uft. &#8220;Manche haben leider das Pech&#8221;, hie&#223; es nur und das ist extrem unbefriedigend.&nbsp;<\/p>\n<p>Zumindest konnte ich dieses Mal auf &#8220;Na deine Kinder sind aber oft krank&#8221; antworten mit: Schau dich um, es trifft so viele aktuell. Eigentlich sind meine Kinder auch nur einer von vielen und die Zeitungen reden von h&#246;chsten Werten an Atemwegserkrankungen mit heftigen Verl&#228;ufen besonders bei Kindern seit 5 Jahren. Und zwischendurch herrschte Corona. Also was soll ich dazu sagen&#8230;.<\/p>\n<h3>Immerhin zeigen sich die ersten Fr&#252;hlingsboten&#8230;<\/h3>\n<p>&#8230; und der Mann und ich halten uns dieses Mal wacker. Wir gehen flei&#223;ig laufen, sind viel an der frischen Luft, passen auf uns auf und sind f&#252;r die Kinder da. Egal ob -10 am Morgen oder 2 Grad am Mittag: Wir haben das Kreislaufsystem angekurbelt. Und es war schon sch&#246;n, dass zu den winterlichen Landschaften sch&#246;nster Sonnenschein herrschte. Es brachte einen pastelligen Himmel und eine gewisse Stille in der Welt, untermal vom ersten Vogelgezwitscher. Es hatte schon irgendwie etwas.<\/p>\n<p>Und dennoch begr&#252;&#223;e ich es, dass die Luft nun seit dem Wochenende mild ist und wir tats&#228;chlich zweistellige Plusgrade verzeichnen k&#246;nnen. Innerhalb eines Tages waren die Schneelandschaften verschwunden und pl&#246;tzlich konnte man &#252;berall die von mir so sehr gew&#252;nschten Fr&#252;hlingsboten entdecken. Kleine Krokusse in lila und gelb konnte ich schon sehen und erste Knospen an den &#196;sten, wenn man spazieren geht. Man h&#246;rt das laute Schnattern der V&#246;gel, wenn sie Pfeilform artig &#252;ber den Himmel fliegen und ihre R&#252;ckkehr laut verk&#252;nden. Ein Hauch von lang ersehntem Fr&#252;hling liegt in der Luft und ich hoffe, dass viele Sonnenstunden darauf folgen werden. Auch wenn es heute vor allem grau und nass drau&#223;en ist.<\/p>\n<h3>Das Laufen in den letzten Tagen war wie ein Ausgleich<\/h3>\n<p>Ich versuche ja immer noch das Ziel vor Augen zu haben regelm&#228;&#223;ig wieder laufen zu gehen. Es war f&#252;r mich &#252;berraschend, aber die Tage mit den Minusgraden waren irgendwie erfrischend. W&#228;hrend ich die Morgenrunde spazierend noch bei knalligen -11 Grad absolvierte und es &#252;berall glitzerte, war es um die Mittagszeit bei 0-2 Grad direkt ganz anders. Deshalb ging ich auch immer mittags laufen. Es war ein guter Break nachdem man den ganzen Morgen gekuschelt, Tee gekocht, Taschent&#252;cher gereicht und Kopf gestreichelt hatte. Es war ein knisterndes Wachr&#252;tteln und den Kreislauf wieder ankurbeln.<\/p>\n<p><img loading=\"lazy\" decoding=\"async\" class=\"alignnone size-full wp-image-63557\" src=\"https:\/\/www.heldenhaushalt.de\/sari02\/wp-content\/uploads\/2025\/02\/teil38-03.jpg\" alt=\"Redaktionsplan\" width=\"1000\" height=\"677\" srcset=\"https:\/\/www.heldenhaushalt.de\/sari02\/wp-content\/uploads\/2025\/02\/teil38-03.jpg 1000w, https:\/\/www.heldenhaushalt.de\/sari02\/wp-content\/uploads\/2025\/02\/teil38-03-300x203.jpg 300w, https:\/\/www.heldenhaushalt.de\/sari02\/wp-content\/uploads\/2025\/02\/teil38-03-768x520.jpg 768w, https:\/\/www.heldenhaushalt.de\/sari02\/wp-content\/uploads\/2025\/02\/teil38-03-89x60.jpg 89w, https:\/\/www.heldenhaushalt.de\/sari02\/wp-content\/uploads\/2025\/02\/teil38-03-460x310.jpg 460w\" sizes=\"auto, (max-width: 1000px) 100vw, 1000px\" \/><\/p>\n<p>Oft genug bin ich n&#228;mlich einfach beim kleinen Sohn direkt nochmal mit eingeschlafen, als ich so bei ihm lag und &#252;ber ihn wachte.&nbsp;<\/p>\n<p>Ich versuche die L&#228;ufe aktuell vielseitig zu halten. Unterschiedlich in den Belastungen. Mal langsame L&#228;ufe, mal Intervalle&#8230; und auch hier kann man variieren. Intervall mit Speedrun-Einfl&#252;ssen, also schnell, langsam, schnell&#8230; oder Intervalle im normalen Tempo mit Gehpausen dazwischen. Fatlek-L&#228;ufe, bei denen man auch nur das Tempo immer wieder ver&#228;ndert (die anstrengendste Form &#252;berhaupt finde ich) oder ganz banale Regenerationsl&#228;ufe mal mit Musik als Rhythmus auf den Ohren oder einem Podcast, der einen einfach nur ablenkt. Was bevorzugt ihr?<\/p>\n<p>So oder so, auch wenn ich so gut wie jeden einzelnen Lauf sehr anstrengend war, so boten sie gerade in den letzten Tagen einen willkommenen Ausgleich und ich glaube den sch&#246;nsten Lauf der Woche hatte ich <a href=\"https:\/\/www.heldenhaushalt.de\/sari02\/index.php\/2025\/02\/24\/unser-wib-vom-21-23-02-2025\/\">am Samstag<\/a>, als es mild war UND die Sonne schien und ich das erste Mal seit Monaten das d&#252;nne Langarmshirt tragen konnte und keine Thermosachen brauchte.<\/p>\n<p>Ich wei&#223; noch nicht so recht, wie ich das Laufen mit Podcast auf den Ohren finde, denn ich merke, ich brauche einen Takt, einen Rhythmus, und den habe ich da nicht. Daf&#252;r geht das aber &#252;brigens ganz gut mit der Musik von Imagine Dragons konnte ich feststellen. Coldplay &#8211; so sehr ich die Musik liebe &#8211; ist doch eher zu ruhig und ungeeignet daf&#252;r. Schade, aber zumindest aktuell passt es f&#252;r mich nicht. Was bevorzugt ihr?<\/p>\n<h3>Nun hoffe ich einfach, dass sich alles langsam wieder einpendelt<\/h3>\n<p>Wie ihr euch denken k&#246;nnt, ist die Luft, die Energie aus dem Anfang des Jahres, bei mir ein wenig raus. Die Motivation, mit der ich immer in ein neues Jahr starte, ist mit die produktivste, die ich habe und die muss immer ausgenutzt werden. Durch das Krankenlager-Chaos und anderen Dingen, die in den letzten Wochen so waren, bin ich leider wieder aus dem Takt geraten und muss da dringend wieder rein finden.<\/p>\n<p>Sportlich hat das im Februar ja jetzt ganz gut geklappt, aber auch in den anderen Bereichen soll es wieder weitergehen. Das Ausmisten hat so gut angefangen. Als ich neulich nochmal in die <a href=\"https:\/\/www.heldenhaushalt.de\/sari02\/index.php\/2025\/01\/14\/bloggerschnack-im-januar2025\/\">Bloggerschnack-Umfrage<\/a> reinschaute, warum auch immer, musste ich feststellen, dass es nochmal neue Stimmen gab und sich eure Interessen hier auf dem Blog etwas verlagert hatten. Ausgerechnet das Minimalismus-Thema steht nun ganz oben. Huch! Da muss ich also dringend wieder ran. Nicht nur wegen der Umfrage, sondern weil ich es selber auch wieder will.<\/p>\n<p>Ich gebe mir jetzt noch den Februar, um Ordnung rein zu bekommen. Gerade jetzt, wo auch beide Kinder wieder zur Schule gehen k&#246;nnen und wir uns gesundheitlich (hoffentlich) auf einen guten Weg befinden. Das Wetter wird milder, die M&#246;glichkeiten wieder mehr&#8230; Also Neustart am 1. M&#228;rz!<\/p>\n<p><strong>Und bei euch?<\/strong><\/p>\n","protected":false},"excerpt":{"rendered":"<p>So sch&#246;n es ist sich einen Redaktionsplan zu schreiben und somit einen guten &#220;berblick &#252;ber den Monat zu schaffen, so schwer wird es dann Raum f&#252;r spontane Dinge zu finden. Das ist mir gerade in Bezug auf die Gedankentagebuch-Eintr&#228;ge aufgefallen.&nbsp; Nehme ich letzte Woche zum Beispiel: Ich hatte bereits am Dienstag einiges an Beitr&#228;gen f&#252;r die Woche vorgearbeitet. Dadurch, dass der kleine Sohn krank zu Hause war und den halben Tag wegen des Fiebers verschlief, sa&#223; ich viel neben ihm mit dem Laptop auf dem Scho&#223; und konnte das tun &#8211; Beitr&#228;ge vorbereiten. Und das, wo ich ja doch eher so Typ schreiben und direkt ver&#246;ffentlichen bin. Aber mit so einem Redaktionsplan vor der Nase, kannst du eben doch so manches schon vorbereiten. Irgendwie ein komisches Gef&#252;hl. Es waren auf jeden Fall alle 7 Tage verplant. Mit Blog-Aktionen (#WIB und Wochenlieblinge), Blog-Projekten (Nature Thursday und Projekt 52) und einer Blogparade&#8230; Zack&#8230; 7 Tage gef&#252;llt. So schnell kanns gehen&#8230;. Und ich sa&#223; da und gr&#252;belte&#8230; Ja, ich&nbsp; gr&#252;belte, denn ich hatte irgendwie auch das Bed&#252;rfnis f&#252;r einen neuen Gedankentagebuch-Eintrag. So vieles ging nicht nur mir letzte Woche durch den Kopf. Den meisten von euch wird es genauso gegangen sein. Statt aber einfach loszuschreiben, verriet mir der Blick in den Redaktionsplan: Nope, meine Liebe, du hast da keine Luft f&#252;r. Und dabei hatte ich schon ein wenig hin und her geschoben. Optisch mag ich es aber gar nicht in einem Kalender Termine mit Pfeilen von da nach dort zu verschieben. Es wirkt so chaotisch. Daher versuche ich das immer zu vermeiden. Heute mache ich das aber mal, denn ich will nicht total festgefahren sein. Tats&#228;chlich steht zum Beispiel f&#252;r heute im Plan, dass ich euch vom Creeper-Buch erz&#228;hle, das der kleine Sohn in den Winterferien gelesen hat. Das schiebe ich jetzt ganz frech aufs Wochenende. Tut auch gar nicht weh und bringt eigentlich auch keine Unruhe in meine Planung. Moment&#8230; zur Sicherheit noch ein Blick in den Plan&#8230; aber Moment: Den f&#252;r M&#228;rz habe ich noch gar nicht geschrieben. HAHA! Ausgetrickst. Muss ich aber dennoch die Tage mal machen, denn etwas &#220;berblick tut schon gut. Um auch mal ein positives Fazit aus diesem Experiment &#8220;Redaktionsplan&#8221; zu ziehen. Es ist schon ganz cool auf einen Blick mal zu sehen, wie die Wochen mit den Standard-Themen gef&#252;llt sind und wie sich dann die L&#252;cken verteilen und f&#252;llen lassen. Wo packe ich am besten das Ausmalbild hin, wann passen Lebens-ABC Beitr&#228;ge ganz gut rein, wie verteilen sich die Rezensionen usw&#8230; Doch, das ist an sich schon eine gute Sache. Auch steckt hier in einem Extra-Fach der Zettel mit euren Themenvorschl&#228;gen f&#252;r das Projekt 52 (Spoiler-Alarm: Die neuen Themen f&#252;r M&#228;rz kommen &#252;brigens morgen schon mal f&#252;r euch) und andere Schnipselchen, die ich f&#252;r eventuelle Beitr&#228;ge mal nutzen k&#246;nnte. Aber ein wenig versuchen wir gerade auch Luft zu holen Die letzten&#8230; naja sagen wir mal 5 Wochen, die hatten es schon in sich. Eigentlich krepeln wir ja seit November so rum, aber die letzten beiden Sch&#252;be waren nochmal hart. Erst hatte es den gro&#223;en Sohn massiv umgehauen und wir mussten uns sehr einschr&#228;nken und zur&#252;ck nehmen und als es bei ihm endlich besser aussah und wir dachten es w&#228;re &#252;berstanden, zog doch noch der kleine Sohn nach. Selbe Symptome, selber heftiger Verlauf. Es ist so nervig, dass man bei uns im Grunde von September bis M&#228;rz immer schon mit immer abwechselnden Krankenlager rechnen muss, aber es scheint hier nun mal so zu sein. Es war schon immer so, seit die Kinder da sind. Vor allem der gro&#223;e Sohn scheint leider sehr anf&#228;llig zu sein. Das war auch schon so, als er noch ganz klein war (vor dem Fu&#223;ball spielen wohl gemerkt mit Blick auf den einen oder anderen Kommentar). Der kleine Sohn scheint da etwas besser gegen anzukommen, warum auch immer, aber sein Immunsystem arbeitet da besser. Gerade nach Corona damals haben wir ja bei dem gro&#223;en Sohn vieles checken lassen und aus gesundheitlicher Sicht zeigt er keinerlei M&#228;ngel, die darauf hinweisen k&#246;nnten, warum es bei ihm so anders l&#228;uft. &#8220;Manche haben leider das Pech&#8221;, hie&#223; es nur und das ist extrem unbefriedigend.&nbsp; Zumindest konnte ich dieses Mal auf &#8220;Na deine Kinder sind aber oft krank&#8221; antworten mit: Schau dich um, es trifft so viele aktuell. Eigentlich sind meine Kinder auch nur einer von vielen und die Zeitungen reden von h&#246;chsten Werten an Atemwegserkrankungen mit heftigen Verl&#228;ufen besonders bei Kindern seit 5 Jahren. Und zwischendurch herrschte Corona. Also was soll ich dazu sagen&#8230;. Immerhin zeigen sich die ersten Fr&#252;hlingsboten&#8230; &#8230; und der Mann und ich halten uns dieses Mal wacker. Wir gehen flei&#223;ig laufen, sind viel an der frischen Luft, passen auf uns auf und sind f&#252;r die Kinder da. Egal ob -10 am Morgen oder 2 Grad am Mittag: Wir haben das Kreislaufsystem angekurbelt. Und es war schon sch&#246;n, dass zu den winterlichen Landschaften sch&#246;nster Sonnenschein herrschte. Es brachte einen pastelligen Himmel und eine gewisse Stille in der Welt, untermal vom ersten Vogelgezwitscher. Es hatte schon irgendwie etwas. Und dennoch begr&#252;&#223;e ich es, dass die Luft nun seit dem Wochenende mild ist und wir tats&#228;chlich zweistellige Plusgrade verzeichnen k&#246;nnen. Innerhalb eines Tages waren die Schneelandschaften verschwunden und pl&#246;tzlich konnte man &#252;berall die von mir so sehr gew&#252;nschten Fr&#252;hlingsboten entdecken. Kleine Krokusse in lila und gelb konnte ich schon sehen und erste Knospen an den &#196;sten, wenn man spazieren geht. Man h&#246;rt das laute Schnattern der V&#246;gel, wenn sie Pfeilform artig &#252;ber den Himmel fliegen und ihre R&#252;ckkehr laut verk&#252;nden. Ein Hauch von lang ersehntem Fr&#252;hling liegt in der Luft und ich hoffe, dass viele Sonnenstunden darauf folgen werden. Auch wenn es heute vor allem grau und nass drau&#223;en ist. Das Laufen in den letzten Tagen war wie ein Ausgleich Ich versuche ja immer noch das Ziel vor Augen zu haben regelm&#228;&#223;ig wieder laufen zu gehen. Es war f&#252;r mich &#252;berraschend, aber die Tage mit den Minusgraden waren irgendwie erfrischend. W&#228;hrend ich die Morgenrunde spazierend noch bei knalligen -11 Grad absolvierte und es &#252;berall glitzerte, war es um die Mittagszeit bei 0-2 Grad direkt ganz anders. Deshalb ging ich auch immer mittags laufen. Es war ein guter Break nachdem man den ganzen Morgen gekuschelt, Tee gekocht, Taschent&#252;cher gereicht und Kopf gestreichelt hatte. Es war ein knisterndes Wachr&#252;tteln und den Kreislauf wieder ankurbeln. Oft genug bin ich n&#228;mlich einfach beim kleinen Sohn direkt nochmal mit eingeschlafen, als ich so bei ihm lag und &#252;ber ihn wachte.&nbsp; Ich versuche die L&#228;ufe aktuell vielseitig zu halten. Unterschiedlich in den Belastungen. Mal langsame L&#228;ufe, mal Intervalle&#8230; und auch hier kann man variieren. Intervall mit Speedrun-Einfl&#252;ssen, also schnell, langsam, schnell&#8230; oder Intervalle im normalen Tempo mit Gehpausen dazwischen. Fatlek-L&#228;ufe, bei denen man auch nur das Tempo immer wieder ver&#228;ndert (die anstrengendste Form &#252;berhaupt finde ich) oder ganz banale Regenerationsl&#228;ufe mal mit Musik als Rhythmus auf den Ohren oder einem Podcast, der einen einfach nur ablenkt. Was bevorzugt ihr? So oder so, auch wenn ich so gut wie jeden einzelnen Lauf sehr anstrengend war, so boten sie gerade in den letzten Tagen einen willkommenen Ausgleich und ich glaube den sch&#246;nsten Lauf der Woche hatte ich am Samstag, als es mild war UND die Sonne schien und ich das erste Mal seit Monaten das d&#252;nne Langarmshirt tragen konnte und keine Thermosachen brauchte. Ich wei&#223; noch nicht so recht, wie ich das Laufen mit Podcast auf den Ohren finde, denn ich merke, ich brauche einen Takt, einen Rhythmus, und den habe ich da nicht. Daf&#252;r geht das aber &#252;brigens ganz gut mit der Musik von Imagine Dragons konnte ich feststellen. Coldplay &#8211; so sehr ich die Musik liebe &#8211; ist doch eher zu ruhig und ungeeignet daf&#252;r. Schade, aber zumindest aktuell passt es f&#252;r mich nicht. Was bevorzugt ihr? Nun hoffe ich einfach, dass sich alles langsam wieder einpendelt Wie ihr euch denken k&#246;nnt, ist die Luft, die Energie aus dem Anfang des Jahres, bei mir ein wenig raus. Die Motivation, mit der ich immer in ein neues Jahr starte, ist mit die produktivste, die ich habe und die muss immer ausgenutzt werden. Durch das Krankenlager-Chaos und anderen Dingen, die in den letzten Wochen so waren, bin ich leider wieder aus dem Takt geraten und muss da dringend wieder rein finden. Sportlich hat das im Februar ja jetzt ganz gut geklappt, aber auch in den anderen Bereichen soll es wieder weitergehen. Das Ausmisten hat so gut angefangen. Als ich neulich nochmal in die Bloggerschnack-Umfrage reinschaute, warum auch immer, musste ich feststellen, dass es nochmal neue Stimmen gab und sich eure Interessen hier auf dem Blog etwas verlagert hatten. Ausgerechnet das Minimalismus-Thema steht nun ganz oben. Huch! Da muss ich also dringend wieder ran. Nicht nur wegen der Umfrage, sondern weil ich es selber auch wieder will. Ich gebe mir jetzt noch den Februar, um Ordnung rein zu bekommen. Gerade jetzt, wo auch beide Kinder wieder zur Schule gehen k&#246;nnen und wir uns gesundheitlich (hoffentlich) auf einen guten Weg befinden. Das Wetter wird milder, die M&#246;glichkeiten wieder mehr&#8230; Also Neustart am 1. M&#228;rz! Und bei euch?<\/p>\n","protected":false},"author":1,"featured_media":63555,"comment_status":"open","ping_status":"open","sticky":false,"template":"","format":"standard","meta":{"ngg_post_thumbnail":0,"footnotes":""},"categories":[2210,50],"tags":[45,69,392,848],"class_list":["post-63553","post","type-post","status-publish","format-standard","has-post-thumbnail","hentry","category-featured","category-gedanken","tag-alltag","tag-familie","tag-gedanken","tag-krankenlager"],"yoast_head":"<!-- This site is optimized with the Yoast SEO plugin v27.5 - https:\/\/yoast.com\/product\/yoast-seo-wordpress\/ -->\n<title>Gedankentagebuch #39 - Von Dingen, die sind wie sie sind... - Heldenhaushalt<\/title>\n<meta name=\"description\" content=\"Aber mit so einem Redaktionsplan vor der Nase, kannst du eben doch so manches schon vorbereiten. Irgendwie ein komisches Gef\u00fchl.\" \/>\n<meta name=\"robots\" content=\"index, follow, max-snippet:-1, max-image-preview:large, max-video-preview:-1\" \/>\n<link rel=\"canonical\" href=\"https:\/\/www.heldenhaushalt.de\/sari02\/index.php\/2025\/02\/25\/gedankentagebuch-39\/\" \/>\n<meta property=\"og:locale\" content=\"de_DE\" \/>\n<meta property=\"og:type\" content=\"article\" \/>\n<meta property=\"og:title\" content=\"Gedankentagebuch #39 - Von Dingen, die sind wie sie sind... - Heldenhaushalt\" \/>\n<meta property=\"og:description\" content=\"Aber mit so einem Redaktionsplan vor der Nase, kannst du eben doch so manches schon vorbereiten. Irgendwie ein komisches Gef\u00fchl.\" \/>\n<meta property=\"og:url\" content=\"https:\/\/www.heldenhaushalt.de\/sari02\/index.php\/2025\/02\/25\/gedankentagebuch-39\/\" \/>\n<meta property=\"og:site_name\" content=\"Heldenhaushalt\" \/>\n<meta property=\"article:published_time\" content=\"2025-02-25T09:15:42+00:00\" \/>\n<meta property=\"article:modified_time\" content=\"2025-02-25T09:16:06+00:00\" \/>\n<meta property=\"og:image\" content=\"https:\/\/www.heldenhaushalt.de\/sari02\/wp-content\/uploads\/2025\/02\/teil38-01.jpg\" \/>\n\t<meta property=\"og:image:width\" content=\"1000\" \/>\n\t<meta property=\"og:image:height\" content=\"743\" \/>\n\t<meta property=\"og:image:type\" content=\"image\/jpeg\" \/>\n<meta name=\"author\" content=\"Sari\" \/>\n<meta name=\"twitter:card\" content=\"summary_large_image\" \/>\n<meta name=\"twitter:creator\" content=\"@Heldenhaushalt\" \/>\n<meta name=\"twitter:site\" content=\"@Heldenhaushalt\" \/>\n<meta name=\"twitter:label1\" content=\"Verfasst von\" \/>\n\t<meta name=\"twitter:data1\" content=\"Sari\" \/>\n\t<meta name=\"twitter:label2\" content=\"Gesch\u00e4tzte Lesezeit\" \/>\n\t<meta name=\"twitter:data2\" content=\"9\u00a0Minuten\" \/>\n<script type=\"application\/ld+json\" class=\"yoast-schema-graph\">{\"@context\":\"https:\\\/\\\/schema.org\",\"@graph\":[{\"@type\":\"Article\",\"@id\":\"https:\\\/\\\/www.heldenhaushalt.de\\\/sari02\\\/index.php\\\/2025\\\/02\\\/25\\\/gedankentagebuch-39\\\/#article\",\"isPartOf\":{\"@id\":\"https:\\\/\\\/www.heldenhaushalt.de\\\/sari02\\\/index.php\\\/2025\\\/02\\\/25\\\/gedankentagebuch-39\\\/\"},\"author\":{\"name\":\"Sari\",\"@id\":\"https:\\\/\\\/www.heldenhaushalt.de\\\/sari02\\\/#\\\/schema\\\/person\\\/a1cc69f42a01f412eb62c151353814f6\"},\"headline\":\"Gedankentagebuch #39 &#8211; Von Dingen, die sind wie sie sind&#8230;\",\"datePublished\":\"2025-02-25T09:15:42+00:00\",\"dateModified\":\"2025-02-25T09:16:06+00:00\",\"mainEntityOfPage\":{\"@id\":\"https:\\\/\\\/www.heldenhaushalt.de\\\/sari02\\\/index.php\\\/2025\\\/02\\\/25\\\/gedankentagebuch-39\\\/\"},\"wordCount\":1590,\"commentCount\":8,\"publisher\":{\"@id\":\"https:\\\/\\\/www.heldenhaushalt.de\\\/sari02\\\/#\\\/schema\\\/person\\\/a1cc69f42a01f412eb62c151353814f6\"},\"image\":{\"@id\":\"https:\\\/\\\/www.heldenhaushalt.de\\\/sari02\\\/index.php\\\/2025\\\/02\\\/25\\\/gedankentagebuch-39\\\/#primaryimage\"},\"thumbnailUrl\":\"https:\\\/\\\/www.heldenhaushalt.de\\\/sari02\\\/wp-content\\\/uploads\\\/2025\\\/02\\\/teil38-01.jpg\",\"keywords\":[\"Allt\u00e4glich\",\"Familie\",\"Gedankenwelt\",\"Krankenlager\"],\"articleSection\":[\"Featured\",\"Gedankenwelt\"],\"inLanguage\":\"de\",\"potentialAction\":[{\"@type\":\"CommentAction\",\"name\":\"Comment\",\"target\":[\"https:\\\/\\\/www.heldenhaushalt.de\\\/sari02\\\/index.php\\\/2025\\\/02\\\/25\\\/gedankentagebuch-39\\\/#respond\"]}]},{\"@type\":\"WebPage\",\"@id\":\"https:\\\/\\\/www.heldenhaushalt.de\\\/sari02\\\/index.php\\\/2025\\\/02\\\/25\\\/gedankentagebuch-39\\\/\",\"url\":\"https:\\\/\\\/www.heldenhaushalt.de\\\/sari02\\\/index.php\\\/2025\\\/02\\\/25\\\/gedankentagebuch-39\\\/\",\"name\":\"Gedankentagebuch #39 - Von Dingen, die sind wie sie sind... - Heldenhaushalt\",\"isPartOf\":{\"@id\":\"https:\\\/\\\/www.heldenhaushalt.de\\\/sari02\\\/#website\"},\"primaryImageOfPage\":{\"@id\":\"https:\\\/\\\/www.heldenhaushalt.de\\\/sari02\\\/index.php\\\/2025\\\/02\\\/25\\\/gedankentagebuch-39\\\/#primaryimage\"},\"image\":{\"@id\":\"https:\\\/\\\/www.heldenhaushalt.de\\\/sari02\\\/index.php\\\/2025\\\/02\\\/25\\\/gedankentagebuch-39\\\/#primaryimage\"},\"thumbnailUrl\":\"https:\\\/\\\/www.heldenhaushalt.de\\\/sari02\\\/wp-content\\\/uploads\\\/2025\\\/02\\\/teil38-01.jpg\",\"datePublished\":\"2025-02-25T09:15:42+00:00\",\"dateModified\":\"2025-02-25T09:16:06+00:00\",\"description\":\"Aber mit so einem Redaktionsplan vor der Nase, kannst du eben doch so manches schon vorbereiten. Irgendwie ein komisches Gef\u00fchl.\",\"breadcrumb\":{\"@id\":\"https:\\\/\\\/www.heldenhaushalt.de\\\/sari02\\\/index.php\\\/2025\\\/02\\\/25\\\/gedankentagebuch-39\\\/#breadcrumb\"},\"inLanguage\":\"de\",\"potentialAction\":[{\"@type\":\"ReadAction\",\"target\":[\"https:\\\/\\\/www.heldenhaushalt.de\\\/sari02\\\/index.php\\\/2025\\\/02\\\/25\\\/gedankentagebuch-39\\\/\"]}]},{\"@type\":\"ImageObject\",\"inLanguage\":\"de\",\"@id\":\"https:\\\/\\\/www.heldenhaushalt.de\\\/sari02\\\/index.php\\\/2025\\\/02\\\/25\\\/gedankentagebuch-39\\\/#primaryimage\",\"url\":\"https:\\\/\\\/www.heldenhaushalt.de\\\/sari02\\\/wp-content\\\/uploads\\\/2025\\\/02\\\/teil38-01.jpg\",\"contentUrl\":\"https:\\\/\\\/www.heldenhaushalt.de\\\/sari02\\\/wp-content\\\/uploads\\\/2025\\\/02\\\/teil38-01.jpg\",\"width\":1000,\"height\":743,\"caption\":\"Gedankentagebuch\"},{\"@type\":\"BreadcrumbList\",\"@id\":\"https:\\\/\\\/www.heldenhaushalt.de\\\/sari02\\\/index.php\\\/2025\\\/02\\\/25\\\/gedankentagebuch-39\\\/#breadcrumb\",\"itemListElement\":[{\"@type\":\"ListItem\",\"position\":1,\"name\":\"Startseite\",\"item\":\"https:\\\/\\\/www.heldenhaushalt.de\\\/sari02\\\/\"},{\"@type\":\"ListItem\",\"position\":2,\"name\":\"Gedankentagebuch #39 &#8211; Von Dingen, die sind wie sie sind&#8230;\"}]},{\"@type\":\"WebSite\",\"@id\":\"https:\\\/\\\/www.heldenhaushalt.de\\\/sari02\\\/#website\",\"url\":\"https:\\\/\\\/www.heldenhaushalt.de\\\/sari02\\\/\",\"name\":\"Heldenhaushalt\",\"description\":\"Wer es ordentlich haben will, der muss vorher anrufen\",\"publisher\":{\"@id\":\"https:\\\/\\\/www.heldenhaushalt.de\\\/sari02\\\/#\\\/schema\\\/person\\\/a1cc69f42a01f412eb62c151353814f6\"},\"potentialAction\":[{\"@type\":\"SearchAction\",\"target\":{\"@type\":\"EntryPoint\",\"urlTemplate\":\"https:\\\/\\\/www.heldenhaushalt.de\\\/sari02\\\/?s={search_term_string}\"},\"query-input\":{\"@type\":\"PropertyValueSpecification\",\"valueRequired\":true,\"valueName\":\"search_term_string\"}}],\"inLanguage\":\"de\"},{\"@type\":[\"Person\",\"Organization\"],\"@id\":\"https:\\\/\\\/www.heldenhaushalt.de\\\/sari02\\\/#\\\/schema\\\/person\\\/a1cc69f42a01f412eb62c151353814f6\",\"name\":\"Sari\",\"image\":{\"@type\":\"ImageObject\",\"inLanguage\":\"de\",\"@id\":\"https:\\\/\\\/www.heldenhaushalt.de\\\/sari02\\\/wp-content\\\/uploads\\\/2019\\\/02\\\/sari-april2018.png\",\"url\":\"https:\\\/\\\/www.heldenhaushalt.de\\\/sari02\\\/wp-content\\\/uploads\\\/2019\\\/02\\\/sari-april2018.png\",\"contentUrl\":\"https:\\\/\\\/www.heldenhaushalt.de\\\/sari02\\\/wp-content\\\/uploads\\\/2019\\\/02\\\/sari-april2018.png\",\"width\":500,\"height\":500,\"caption\":\"Sari\"},\"logo\":{\"@id\":\"https:\\\/\\\/www.heldenhaushalt.de\\\/sari02\\\/wp-content\\\/uploads\\\/2019\\\/02\\\/sari-april2018.png\"},\"description\":\"Frau Mondgras \u2013 Das bin ich, Sari. Gerne auch als Sari Mondgras bekannt und im Internet zu finden. 2-Fach-Mutter, Heldenehefrau, Kreativling, Harmonies\u00fcchtig und st\u00e4ndig auf der Suche nach Gl\u00fcck. Ich komme aus Berlin, bin hier aufgewachsen und lebe hier seit ich denken kann.\",\"sameAs\":[\"https:\\\/\\\/www.instagram.com\\\/heldenhaushalt\\\/\"],\"url\":\"https:\\\/\\\/www.heldenhaushalt.de\\\/sari02\\\/index.php\\\/author\\\/admin\\\/\"}]}<\/script>\n<!-- \/ Yoast SEO plugin. -->","yoast_head_json":{"title":"Gedankentagebuch #39 - Von Dingen, die sind wie sie sind... - Heldenhaushalt","description":"Aber mit so einem Redaktionsplan vor der Nase, kannst du eben doch so manches schon vorbereiten. Irgendwie ein komisches Gef\u00fchl.","robots":{"index":"index","follow":"follow","max-snippet":"max-snippet:-1","max-image-preview":"max-image-preview:large","max-video-preview":"max-video-preview:-1"},"canonical":"https:\/\/www.heldenhaushalt.de\/sari02\/index.php\/2025\/02\/25\/gedankentagebuch-39\/","og_locale":"de_DE","og_type":"article","og_title":"Gedankentagebuch #39 - Von Dingen, die sind wie sie sind... - Heldenhaushalt","og_description":"Aber mit so einem Redaktionsplan vor der Nase, kannst du eben doch so manches schon vorbereiten. Irgendwie ein komisches Gef\u00fchl.","og_url":"https:\/\/www.heldenhaushalt.de\/sari02\/index.php\/2025\/02\/25\/gedankentagebuch-39\/","og_site_name":"Heldenhaushalt","article_published_time":"2025-02-25T09:15:42+00:00","article_modified_time":"2025-02-25T09:16:06+00:00","og_image":[{"width":1000,"height":743,"url":"https:\/\/www.heldenhaushalt.de\/sari02\/wp-content\/uploads\/2025\/02\/teil38-01.jpg","type":"image\/jpeg"}],"author":"Sari","twitter_card":"summary_large_image","twitter_creator":"@Heldenhaushalt","twitter_site":"@Heldenhaushalt","twitter_misc":{"Verfasst von":"Sari","Gesch\u00e4tzte Lesezeit":"9\u00a0Minuten"},"schema":{"@context":"https:\/\/schema.org","@graph":[{"@type":"Article","@id":"https:\/\/www.heldenhaushalt.de\/sari02\/index.php\/2025\/02\/25\/gedankentagebuch-39\/#article","isPartOf":{"@id":"https:\/\/www.heldenhaushalt.de\/sari02\/index.php\/2025\/02\/25\/gedankentagebuch-39\/"},"author":{"name":"Sari","@id":"https:\/\/www.heldenhaushalt.de\/sari02\/#\/schema\/person\/a1cc69f42a01f412eb62c151353814f6"},"headline":"Gedankentagebuch #39 &#8211; Von Dingen, die sind wie sie sind&#8230;","datePublished":"2025-02-25T09:15:42+00:00","dateModified":"2025-02-25T09:16:06+00:00","mainEntityOfPage":{"@id":"https:\/\/www.heldenhaushalt.de\/sari02\/index.php\/2025\/02\/25\/gedankentagebuch-39\/"},"wordCount":1590,"commentCount":8,"publisher":{"@id":"https:\/\/www.heldenhaushalt.de\/sari02\/#\/schema\/person\/a1cc69f42a01f412eb62c151353814f6"},"image":{"@id":"https:\/\/www.heldenhaushalt.de\/sari02\/index.php\/2025\/02\/25\/gedankentagebuch-39\/#primaryimage"},"thumbnailUrl":"https:\/\/www.heldenhaushalt.de\/sari02\/wp-content\/uploads\/2025\/02\/teil38-01.jpg","keywords":["Allt\u00e4glich","Familie","Gedankenwelt","Krankenlager"],"articleSection":["Featured","Gedankenwelt"],"inLanguage":"de","potentialAction":[{"@type":"CommentAction","name":"Comment","target":["https:\/\/www.heldenhaushalt.de\/sari02\/index.php\/2025\/02\/25\/gedankentagebuch-39\/#respond"]}]},{"@type":"WebPage","@id":"https:\/\/www.heldenhaushalt.de\/sari02\/index.php\/2025\/02\/25\/gedankentagebuch-39\/","url":"https:\/\/www.heldenhaushalt.de\/sari02\/index.php\/2025\/02\/25\/gedankentagebuch-39\/","name":"Gedankentagebuch #39 - Von Dingen, die sind wie sie sind... - Heldenhaushalt","isPartOf":{"@id":"https:\/\/www.heldenhaushalt.de\/sari02\/#website"},"primaryImageOfPage":{"@id":"https:\/\/www.heldenhaushalt.de\/sari02\/index.php\/2025\/02\/25\/gedankentagebuch-39\/#primaryimage"},"image":{"@id":"https:\/\/www.heldenhaushalt.de\/sari02\/index.php\/2025\/02\/25\/gedankentagebuch-39\/#primaryimage"},"thumbnailUrl":"https:\/\/www.heldenhaushalt.de\/sari02\/wp-content\/uploads\/2025\/02\/teil38-01.jpg","datePublished":"2025-02-25T09:15:42+00:00","dateModified":"2025-02-25T09:16:06+00:00","description":"Aber mit so einem Redaktionsplan vor der Nase, kannst du eben doch so manches schon vorbereiten. Irgendwie ein komisches Gef\u00fchl.","breadcrumb":{"@id":"https:\/\/www.heldenhaushalt.de\/sari02\/index.php\/2025\/02\/25\/gedankentagebuch-39\/#breadcrumb"},"inLanguage":"de","potentialAction":[{"@type":"ReadAction","target":["https:\/\/www.heldenhaushalt.de\/sari02\/index.php\/2025\/02\/25\/gedankentagebuch-39\/"]}]},{"@type":"ImageObject","inLanguage":"de","@id":"https:\/\/www.heldenhaushalt.de\/sari02\/index.php\/2025\/02\/25\/gedankentagebuch-39\/#primaryimage","url":"https:\/\/www.heldenhaushalt.de\/sari02\/wp-content\/uploads\/2025\/02\/teil38-01.jpg","contentUrl":"https:\/\/www.heldenhaushalt.de\/sari02\/wp-content\/uploads\/2025\/02\/teil38-01.jpg","width":1000,"height":743,"caption":"Gedankentagebuch"},{"@type":"BreadcrumbList","@id":"https:\/\/www.heldenhaushalt.de\/sari02\/index.php\/2025\/02\/25\/gedankentagebuch-39\/#breadcrumb","itemListElement":[{"@type":"ListItem","position":1,"name":"Startseite","item":"https:\/\/www.heldenhaushalt.de\/sari02\/"},{"@type":"ListItem","position":2,"name":"Gedankentagebuch #39 &#8211; Von Dingen, die sind wie sie sind&#8230;"}]},{"@type":"WebSite","@id":"https:\/\/www.heldenhaushalt.de\/sari02\/#website","url":"https:\/\/www.heldenhaushalt.de\/sari02\/","name":"Heldenhaushalt","description":"Wer es ordentlich haben will, der muss vorher anrufen","publisher":{"@id":"https:\/\/www.heldenhaushalt.de\/sari02\/#\/schema\/person\/a1cc69f42a01f412eb62c151353814f6"},"potentialAction":[{"@type":"SearchAction","target":{"@type":"EntryPoint","urlTemplate":"https:\/\/www.heldenhaushalt.de\/sari02\/?s={search_term_string}"},"query-input":{"@type":"PropertyValueSpecification","valueRequired":true,"valueName":"search_term_string"}}],"inLanguage":"de"},{"@type":["Person","Organization"],"@id":"https:\/\/www.heldenhaushalt.de\/sari02\/#\/schema\/person\/a1cc69f42a01f412eb62c151353814f6","name":"Sari","image":{"@type":"ImageObject","inLanguage":"de","@id":"https:\/\/www.heldenhaushalt.de\/sari02\/wp-content\/uploads\/2019\/02\/sari-april2018.png","url":"https:\/\/www.heldenhaushalt.de\/sari02\/wp-content\/uploads\/2019\/02\/sari-april2018.png","contentUrl":"https:\/\/www.heldenhaushalt.de\/sari02\/wp-content\/uploads\/2019\/02\/sari-april2018.png","width":500,"height":500,"caption":"Sari"},"logo":{"@id":"https:\/\/www.heldenhaushalt.de\/sari02\/wp-content\/uploads\/2019\/02\/sari-april2018.png"},"description":"Frau Mondgras \u2013 Das bin ich, Sari. Gerne auch als Sari Mondgras bekannt und im Internet zu finden. 2-Fach-Mutter, Heldenehefrau, Kreativling, Harmonies\u00fcchtig und st\u00e4ndig auf der Suche nach Gl\u00fcck. Ich komme aus Berlin, bin hier aufgewachsen und lebe hier seit ich denken kann.","sameAs":["https:\/\/www.instagram.com\/heldenhaushalt\/"],"url":"https:\/\/www.heldenhaushalt.de\/sari02\/index.php\/author\/admin\/"}]}},"views":1183,"_links":{"self":[{"href":"https:\/\/www.heldenhaushalt.de\/sari02\/index.php\/wp-json\/wp\/v2\/posts\/63553","targetHints":{"allow":["GET"]}}],"collection":[{"href":"https:\/\/www.heldenhaushalt.de\/sari02\/index.php\/wp-json\/wp\/v2\/posts"}],"about":[{"href":"https:\/\/www.heldenhaushalt.de\/sari02\/index.php\/wp-json\/wp\/v2\/types\/post"}],"author":[{"embeddable":true,"href":"https:\/\/www.heldenhaushalt.de\/sari02\/index.php\/wp-json\/wp\/v2\/users\/1"}],"replies":[{"embeddable":true,"href":"https:\/\/www.heldenhaushalt.de\/sari02\/index.php\/wp-json\/wp\/v2\/comments?post=63553"}],"version-history":[{"count":3,"href":"https:\/\/www.heldenhaushalt.de\/sari02\/index.php\/wp-json\/wp\/v2\/posts\/63553\/revisions"}],"predecessor-version":[{"id":63559,"href":"https:\/\/www.heldenhaushalt.de\/sari02\/index.php\/wp-json\/wp\/v2\/posts\/63553\/revisions\/63559"}],"wp:featuredmedia":[{"embeddable":true,"href":"https:\/\/www.heldenhaushalt.de\/sari02\/index.php\/wp-json\/wp\/v2\/media\/63555"}],"wp:attachment":[{"href":"https:\/\/www.heldenhaushalt.de\/sari02\/index.php\/wp-json\/wp\/v2\/media?parent=63553"}],"wp:term":[{"taxonomy":"category","embeddable":true,"href":"https:\/\/www.heldenhaushalt.de\/sari02\/index.php\/wp-json\/wp\/v2\/categories?post=63553"},{"taxonomy":"post_tag","embeddable":true,"href":"https:\/\/www.heldenhaushalt.de\/sari02\/index.php\/wp-json\/wp\/v2\/tags?post=63553"}],"curies":[{"name":"wp","href":"https:\/\/api.w.org\/{rel}","templated":true}]}}