{"id":63808,"date":"2025-03-27T08:30:52","date_gmt":"2025-03-27T07:30:52","guid":{"rendered":"https:\/\/www.heldenhaushalt.de\/sari02\/?p=63808"},"modified":"2025-03-27T08:33:54","modified_gmt":"2025-03-27T07:33:54","slug":"nature-thursday-112025","status":"publish","type":"post","link":"https:\/\/www.heldenhaushalt.de\/sari02\/index.php\/2025\/03\/27\/nature-thursday-112025\/","title":{"rendered":"Nature Thursday 11\/2025 \u2013 Diese besondere Jahreszeit"},"content":{"rendered":"<p>Nachdem wir es nun also eine ganze Zeit lang <a href=\"https:\/\/www.heldenhaushalt.de\/sari02\/index.php\/2025\/02\/20\/nature-thursday-062025\/\">mit frostigen Naturaufnahmen<\/a> zu tun hatten (teilweise l&#228;nger, als mir lieb war), wird diese Phase nun durch eine andere abgel&#246;st. Nun herrscht mehr und mehr der Fr&#252;hling mit all seinen typischen Begleiterscheinungen vor und das spiegelt sich nat&#252;rlich auch im Nature Thursday von Marius wider. Ist doch klar&#8230;<\/p>\n<p>Besonders freue ich mich ja, dass sich nun endlich auch die Knospen an all den B&#228;umen und Str&#228;uchern &#246;ffnen und damit das triste Grau des Winters vertrieben wird, aber da wird es sicherlich erst n&#228;chste Woche mehr Bilder zu geben. Diese Woche sprang mir n&#228;mlich noch einmal etwas anderes ins Auge.<\/p>\n<p><img decoding=\"async\" src=\"https:\/\/www.heldenhaushalt.de\/sari02\/wp-content\/uploads\/2025\/01\/nATURE-tHURSDAY-2025.jpg\" alt=\"Nature Thursday\"><\/p>\n<p>Ein bisschen lasse ich mich durch dieses Projekt ja selbst doof da stehen *lach*, denn ich wei&#223; tats&#228;chlich von den wenigsten Pflanzen, die ich hier zeige, den Namen. Die heutige ist in jedem Fall wieder ein typischer Fr&#252;hlingsbl&#252;her und sie fiel mir deshalb auf, weil das Lila so extrem tief und gleichzeitig leuchtend war. Fast schon wie ein gemalter Nachthimmel, bei dem man verschiedene Farbt&#246;ne miteinander kombiniert. Anders, als die Lila- und Blaut&#246;ne, <a href=\"https:\/\/www.heldenhaushalt.de\/sari02\/index.php\/2025\/03\/20\/nature-thursday-102025-es-blueht-nun-ueberall\/\">die letzte Woche dominierten<\/a>.<\/p>\n<p><img loading=\"lazy\" decoding=\"async\" class=\"alignnone size-full wp-image-63810\" src=\"https:\/\/www.heldenhaushalt.de\/sari02\/wp-content\/uploads\/2025\/03\/nt11-02.jpg\" alt=\"Nature Thursday\" width=\"1000\" height=\"1109\" srcset=\"https:\/\/www.heldenhaushalt.de\/sari02\/wp-content\/uploads\/2025\/03\/nt11-02.jpg 1000w, https:\/\/www.heldenhaushalt.de\/sari02\/wp-content\/uploads\/2025\/03\/nt11-02-271x300.jpg 271w, https:\/\/www.heldenhaushalt.de\/sari02\/wp-content\/uploads\/2025\/03\/nt11-02-923x1024.jpg 923w, https:\/\/www.heldenhaushalt.de\/sari02\/wp-content\/uploads\/2025\/03\/nt11-02-768x852.jpg 768w, https:\/\/www.heldenhaushalt.de\/sari02\/wp-content\/uploads\/2025\/03\/nt11-02-54x60.jpg 54w\" sizes=\"auto, (max-width: 1000px) 100vw, 1000px\" \/><\/p>\n<p>Ich musste auf jeden Fall stehen bleiben und ein Foto machen, als ich mit dem Sohn daran vorbei lief, weil mich der Farbton regelrecht hypnotisierte oder sagen wir mal: Ich konnte meinen Blick nicht davon l&#246;sen. Keine Ahnung, ob ich dem Effekt, der mich fesselte, halbwegs gerecht werden konnte.&nbsp;<\/p>\n<p>Aber dieser Moment soll mein Beitrag zum heutigen Nature Thursday sein.<\/p>\n<p><strong>Mehr Beitr&#228;ge zum Nature Thursday k&#246;nnt ihr heute auch wieder&nbsp;<a href=\"https:\/\/www.czoczo.de\/2025\/03\/27\/nature-thursday-2025-13\/\" target=\"_blank\" rel=\"noopener\">bei Marius<\/a>&nbsp;finden.<\/strong><\/p>\n","protected":false},"excerpt":{"rendered":"<p>Nachdem wir es nun also eine ganze Zeit lang mit frostigen Naturaufnahmen zu tun hatten (teilweise l&#228;nger, als mir lieb war), wird diese Phase nun durch eine andere abgel&#246;st. Nun herrscht mehr und mehr der Fr&#252;hling mit all seinen typischen Begleiterscheinungen vor und das spiegelt sich nat&#252;rlich auch im Nature Thursday von Marius wider. Ist doch klar&#8230; Besonders freue ich mich ja, dass sich nun endlich auch die Knospen an all den B&#228;umen und Str&#228;uchern &#246;ffnen und damit das triste Grau des Winters vertrieben wird, aber da wird es sicherlich erst n&#228;chste Woche mehr Bilder zu geben. Diese Woche sprang mir n&#228;mlich noch einmal etwas anderes ins Auge. Ein bisschen lasse ich mich durch dieses Projekt ja selbst doof da stehen *lach*, denn ich wei&#223; tats&#228;chlich von den wenigsten Pflanzen, die ich hier zeige, den Namen. Die heutige ist in jedem Fall wieder ein typischer Fr&#252;hlingsbl&#252;her und sie fiel mir deshalb auf, weil das Lila so extrem tief und gleichzeitig leuchtend war. Fast schon wie ein gemalter Nachthimmel, bei dem man verschiedene Farbt&#246;ne miteinander kombiniert. Anders, als die Lila- und Blaut&#246;ne, die letzte Woche dominierten. Ich musste auf jeden Fall stehen bleiben und ein Foto machen, als ich mit dem Sohn daran vorbei lief, weil mich der Farbton regelrecht hypnotisierte oder sagen wir mal: Ich konnte meinen Blick nicht davon l&#246;sen. Keine Ahnung, ob ich dem Effekt, der mich fesselte, halbwegs gerecht werden konnte.&nbsp; Aber dieser Moment soll mein Beitrag zum heutigen Nature Thursday sein. Mehr Beitr&#228;ge zum Nature Thursday k&#246;nnt ihr heute auch wieder&nbsp;bei Marius&nbsp;finden.<\/p>\n","protected":false},"author":1,"featured_media":63809,"comment_status":"open","ping_status":"open","sticky":false,"template":"","format":"standard","meta":{"ngg_post_thumbnail":0,"footnotes":""},"categories":[106],"tags":[288,1279,3702,3705],"class_list":["post-63808","post","type-post","status-publish","format-standard","has-post-thumbnail","hentry","category-fotografie","tag-fotoprojekt","tag-natur","tag-nature-thursday","tag-naturfoto"],"yoast_head":"<!-- This site is optimized with the Yoast SEO plugin v27.5 - https:\/\/yoast.com\/product\/yoast-seo-wordpress\/ -->\n<title>Nature Thursday 11\/2025 \u2013 Diese besondere Jahreszeit - Heldenhaushalt<\/title>\n<meta name=\"description\" content=\"...seinen typischen Begleiterscheinungen vor und das spiegelt sich nat\u00fcrlich auch im Nature Thursday von Marius wider. Ist doch klar...\" \/>\n<meta name=\"robots\" content=\"index, follow, max-snippet:-1, max-image-preview:large, max-video-preview:-1\" \/>\n<link rel=\"canonical\" href=\"https:\/\/www.heldenhaushalt.de\/sari02\/index.php\/2025\/03\/27\/nature-thursday-112025\/\" \/>\n<meta property=\"og:locale\" content=\"de_DE\" \/>\n<meta property=\"og:type\" content=\"article\" \/>\n<meta property=\"og:title\" content=\"Nature Thursday 11\/2025 \u2013 Diese besondere Jahreszeit - Heldenhaushalt\" \/>\n<meta property=\"og:description\" content=\"...seinen typischen Begleiterscheinungen vor und das spiegelt sich nat\u00fcrlich auch im Nature Thursday von Marius wider. Ist doch klar...\" \/>\n<meta property=\"og:url\" content=\"https:\/\/www.heldenhaushalt.de\/sari02\/index.php\/2025\/03\/27\/nature-thursday-112025\/\" \/>\n<meta property=\"og:site_name\" content=\"Heldenhaushalt\" \/>\n<meta property=\"article:published_time\" content=\"2025-03-27T07:30:52+00:00\" \/>\n<meta property=\"article:modified_time\" content=\"2025-03-27T07:33:54+00:00\" \/>\n<meta property=\"og:image\" content=\"https:\/\/www.heldenhaushalt.de\/sari02\/wp-content\/uploads\/2025\/03\/nt11-01.jpg\" \/>\n\t<meta property=\"og:image:width\" content=\"1000\" \/>\n\t<meta property=\"og:image:height\" content=\"770\" \/>\n\t<meta property=\"og:image:type\" content=\"image\/jpeg\" \/>\n<meta name=\"author\" content=\"Sari\" \/>\n<meta name=\"twitter:card\" content=\"summary_large_image\" \/>\n<meta name=\"twitter:creator\" content=\"@Heldenhaushalt\" \/>\n<meta name=\"twitter:site\" content=\"@Heldenhaushalt\" \/>\n<meta name=\"twitter:label1\" content=\"Verfasst von\" \/>\n\t<meta name=\"twitter:data1\" content=\"Sari\" \/>\n\t<meta name=\"twitter:label2\" content=\"Gesch\u00e4tzte Lesezeit\" \/>\n\t<meta name=\"twitter:data2\" content=\"3\u00a0Minuten\" \/>\n<script type=\"application\/ld+json\" class=\"yoast-schema-graph\">{\"@context\":\"https:\\\/\\\/schema.org\",\"@graph\":[{\"@type\":\"Article\",\"@id\":\"https:\\\/\\\/www.heldenhaushalt.de\\\/sari02\\\/index.php\\\/2025\\\/03\\\/27\\\/nature-thursday-112025\\\/#article\",\"isPartOf\":{\"@id\":\"https:\\\/\\\/www.heldenhaushalt.de\\\/sari02\\\/index.php\\\/2025\\\/03\\\/27\\\/nature-thursday-112025\\\/\"},\"author\":{\"name\":\"Sari\",\"@id\":\"https:\\\/\\\/www.heldenhaushalt.de\\\/sari02\\\/#\\\/schema\\\/person\\\/a1cc69f42a01f412eb62c151353814f6\"},\"headline\":\"Nature Thursday 11\\\/2025 \u2013 Diese besondere Jahreszeit\",\"datePublished\":\"2025-03-27T07:30:52+00:00\",\"dateModified\":\"2025-03-27T07:33:54+00:00\",\"mainEntityOfPage\":{\"@id\":\"https:\\\/\\\/www.heldenhaushalt.de\\\/sari02\\\/index.php\\\/2025\\\/03\\\/27\\\/nature-thursday-112025\\\/\"},\"wordCount\":282,\"commentCount\":15,\"publisher\":{\"@id\":\"https:\\\/\\\/www.heldenhaushalt.de\\\/sari02\\\/#\\\/schema\\\/person\\\/a1cc69f42a01f412eb62c151353814f6\"},\"image\":{\"@id\":\"https:\\\/\\\/www.heldenhaushalt.de\\\/sari02\\\/index.php\\\/2025\\\/03\\\/27\\\/nature-thursday-112025\\\/#primaryimage\"},\"thumbnailUrl\":\"https:\\\/\\\/www.heldenhaushalt.de\\\/sari02\\\/wp-content\\\/uploads\\\/2025\\\/03\\\/nt11-01.jpg\",\"keywords\":[\"Fotoprojekt\",\"Natur\",\"Nature Thursday\",\"Naturfoto\"],\"articleSection\":[\"Fotografie\"],\"inLanguage\":\"de\",\"potentialAction\":[{\"@type\":\"CommentAction\",\"name\":\"Comment\",\"target\":[\"https:\\\/\\\/www.heldenhaushalt.de\\\/sari02\\\/index.php\\\/2025\\\/03\\\/27\\\/nature-thursday-112025\\\/#respond\"]}]},{\"@type\":\"WebPage\",\"@id\":\"https:\\\/\\\/www.heldenhaushalt.de\\\/sari02\\\/index.php\\\/2025\\\/03\\\/27\\\/nature-thursday-112025\\\/\",\"url\":\"https:\\\/\\\/www.heldenhaushalt.de\\\/sari02\\\/index.php\\\/2025\\\/03\\\/27\\\/nature-thursday-112025\\\/\",\"name\":\"Nature Thursday 11\\\/2025 \u2013 Diese besondere Jahreszeit - Heldenhaushalt\",\"isPartOf\":{\"@id\":\"https:\\\/\\\/www.heldenhaushalt.de\\\/sari02\\\/#website\"},\"primaryImageOfPage\":{\"@id\":\"https:\\\/\\\/www.heldenhaushalt.de\\\/sari02\\\/index.php\\\/2025\\\/03\\\/27\\\/nature-thursday-112025\\\/#primaryimage\"},\"image\":{\"@id\":\"https:\\\/\\\/www.heldenhaushalt.de\\\/sari02\\\/index.php\\\/2025\\\/03\\\/27\\\/nature-thursday-112025\\\/#primaryimage\"},\"thumbnailUrl\":\"https:\\\/\\\/www.heldenhaushalt.de\\\/sari02\\\/wp-content\\\/uploads\\\/2025\\\/03\\\/nt11-01.jpg\",\"datePublished\":\"2025-03-27T07:30:52+00:00\",\"dateModified\":\"2025-03-27T07:33:54+00:00\",\"description\":\"...seinen typischen Begleiterscheinungen vor und das spiegelt sich nat\u00fcrlich auch im Nature Thursday von Marius wider. Ist doch klar...\",\"breadcrumb\":{\"@id\":\"https:\\\/\\\/www.heldenhaushalt.de\\\/sari02\\\/index.php\\\/2025\\\/03\\\/27\\\/nature-thursday-112025\\\/#breadcrumb\"},\"inLanguage\":\"de\",\"potentialAction\":[{\"@type\":\"ReadAction\",\"target\":[\"https:\\\/\\\/www.heldenhaushalt.de\\\/sari02\\\/index.php\\\/2025\\\/03\\\/27\\\/nature-thursday-112025\\\/\"]}]},{\"@type\":\"ImageObject\",\"inLanguage\":\"de\",\"@id\":\"https:\\\/\\\/www.heldenhaushalt.de\\\/sari02\\\/index.php\\\/2025\\\/03\\\/27\\\/nature-thursday-112025\\\/#primaryimage\",\"url\":\"https:\\\/\\\/www.heldenhaushalt.de\\\/sari02\\\/wp-content\\\/uploads\\\/2025\\\/03\\\/nt11-01.jpg\",\"contentUrl\":\"https:\\\/\\\/www.heldenhaushalt.de\\\/sari02\\\/wp-content\\\/uploads\\\/2025\\\/03\\\/nt11-01.jpg\",\"width\":1000,\"height\":770,\"caption\":\"Nature Thursday\"},{\"@type\":\"BreadcrumbList\",\"@id\":\"https:\\\/\\\/www.heldenhaushalt.de\\\/sari02\\\/index.php\\\/2025\\\/03\\\/27\\\/nature-thursday-112025\\\/#breadcrumb\",\"itemListElement\":[{\"@type\":\"ListItem\",\"position\":1,\"name\":\"Startseite\",\"item\":\"https:\\\/\\\/www.heldenhaushalt.de\\\/sari02\\\/\"},{\"@type\":\"ListItem\",\"position\":2,\"name\":\"Nature Thursday 11\\\/2025 \u2013 Diese besondere Jahreszeit\"}]},{\"@type\":\"WebSite\",\"@id\":\"https:\\\/\\\/www.heldenhaushalt.de\\\/sari02\\\/#website\",\"url\":\"https:\\\/\\\/www.heldenhaushalt.de\\\/sari02\\\/\",\"name\":\"Heldenhaushalt\",\"description\":\"Wer es ordentlich haben will, der muss vorher anrufen\",\"publisher\":{\"@id\":\"https:\\\/\\\/www.heldenhaushalt.de\\\/sari02\\\/#\\\/schema\\\/person\\\/a1cc69f42a01f412eb62c151353814f6\"},\"potentialAction\":[{\"@type\":\"SearchAction\",\"target\":{\"@type\":\"EntryPoint\",\"urlTemplate\":\"https:\\\/\\\/www.heldenhaushalt.de\\\/sari02\\\/?s={search_term_string}\"},\"query-input\":{\"@type\":\"PropertyValueSpecification\",\"valueRequired\":true,\"valueName\":\"search_term_string\"}}],\"inLanguage\":\"de\"},{\"@type\":[\"Person\",\"Organization\"],\"@id\":\"https:\\\/\\\/www.heldenhaushalt.de\\\/sari02\\\/#\\\/schema\\\/person\\\/a1cc69f42a01f412eb62c151353814f6\",\"name\":\"Sari\",\"image\":{\"@type\":\"ImageObject\",\"inLanguage\":\"de\",\"@id\":\"https:\\\/\\\/www.heldenhaushalt.de\\\/sari02\\\/wp-content\\\/uploads\\\/2019\\\/02\\\/sari-april2018.png\",\"url\":\"https:\\\/\\\/www.heldenhaushalt.de\\\/sari02\\\/wp-content\\\/uploads\\\/2019\\\/02\\\/sari-april2018.png\",\"contentUrl\":\"https:\\\/\\\/www.heldenhaushalt.de\\\/sari02\\\/wp-content\\\/uploads\\\/2019\\\/02\\\/sari-april2018.png\",\"width\":500,\"height\":500,\"caption\":\"Sari\"},\"logo\":{\"@id\":\"https:\\\/\\\/www.heldenhaushalt.de\\\/sari02\\\/wp-content\\\/uploads\\\/2019\\\/02\\\/sari-april2018.png\"},\"description\":\"Frau Mondgras \u2013 Das bin ich, Sari. Gerne auch als Sari Mondgras bekannt und im Internet zu finden. 2-Fach-Mutter, Heldenehefrau, Kreativling, Harmonies\u00fcchtig und st\u00e4ndig auf der Suche nach Gl\u00fcck. Ich komme aus Berlin, bin hier aufgewachsen und lebe hier seit ich denken kann.\",\"sameAs\":[\"https:\\\/\\\/www.instagram.com\\\/heldenhaushalt\\\/\"],\"url\":\"https:\\\/\\\/www.heldenhaushalt.de\\\/sari02\\\/index.php\\\/author\\\/admin\\\/\"}]}<\/script>\n<!-- \/ Yoast SEO plugin. -->","yoast_head_json":{"title":"Nature Thursday 11\/2025 \u2013 Diese besondere Jahreszeit - Heldenhaushalt","description":"...seinen typischen Begleiterscheinungen vor und das spiegelt sich nat\u00fcrlich auch im Nature Thursday von Marius wider. Ist doch klar...","robots":{"index":"index","follow":"follow","max-snippet":"max-snippet:-1","max-image-preview":"max-image-preview:large","max-video-preview":"max-video-preview:-1"},"canonical":"https:\/\/www.heldenhaushalt.de\/sari02\/index.php\/2025\/03\/27\/nature-thursday-112025\/","og_locale":"de_DE","og_type":"article","og_title":"Nature Thursday 11\/2025 \u2013 Diese besondere Jahreszeit - Heldenhaushalt","og_description":"...seinen typischen Begleiterscheinungen vor und das spiegelt sich nat\u00fcrlich auch im Nature Thursday von Marius wider. Ist doch klar...","og_url":"https:\/\/www.heldenhaushalt.de\/sari02\/index.php\/2025\/03\/27\/nature-thursday-112025\/","og_site_name":"Heldenhaushalt","article_published_time":"2025-03-27T07:30:52+00:00","article_modified_time":"2025-03-27T07:33:54+00:00","og_image":[{"width":1000,"height":770,"url":"https:\/\/www.heldenhaushalt.de\/sari02\/wp-content\/uploads\/2025\/03\/nt11-01.jpg","type":"image\/jpeg"}],"author":"Sari","twitter_card":"summary_large_image","twitter_creator":"@Heldenhaushalt","twitter_site":"@Heldenhaushalt","twitter_misc":{"Verfasst von":"Sari","Gesch\u00e4tzte Lesezeit":"3\u00a0Minuten"},"schema":{"@context":"https:\/\/schema.org","@graph":[{"@type":"Article","@id":"https:\/\/www.heldenhaushalt.de\/sari02\/index.php\/2025\/03\/27\/nature-thursday-112025\/#article","isPartOf":{"@id":"https:\/\/www.heldenhaushalt.de\/sari02\/index.php\/2025\/03\/27\/nature-thursday-112025\/"},"author":{"name":"Sari","@id":"https:\/\/www.heldenhaushalt.de\/sari02\/#\/schema\/person\/a1cc69f42a01f412eb62c151353814f6"},"headline":"Nature Thursday 11\/2025 \u2013 Diese besondere Jahreszeit","datePublished":"2025-03-27T07:30:52+00:00","dateModified":"2025-03-27T07:33:54+00:00","mainEntityOfPage":{"@id":"https:\/\/www.heldenhaushalt.de\/sari02\/index.php\/2025\/03\/27\/nature-thursday-112025\/"},"wordCount":282,"commentCount":15,"publisher":{"@id":"https:\/\/www.heldenhaushalt.de\/sari02\/#\/schema\/person\/a1cc69f42a01f412eb62c151353814f6"},"image":{"@id":"https:\/\/www.heldenhaushalt.de\/sari02\/index.php\/2025\/03\/27\/nature-thursday-112025\/#primaryimage"},"thumbnailUrl":"https:\/\/www.heldenhaushalt.de\/sari02\/wp-content\/uploads\/2025\/03\/nt11-01.jpg","keywords":["Fotoprojekt","Natur","Nature Thursday","Naturfoto"],"articleSection":["Fotografie"],"inLanguage":"de","potentialAction":[{"@type":"CommentAction","name":"Comment","target":["https:\/\/www.heldenhaushalt.de\/sari02\/index.php\/2025\/03\/27\/nature-thursday-112025\/#respond"]}]},{"@type":"WebPage","@id":"https:\/\/www.heldenhaushalt.de\/sari02\/index.php\/2025\/03\/27\/nature-thursday-112025\/","url":"https:\/\/www.heldenhaushalt.de\/sari02\/index.php\/2025\/03\/27\/nature-thursday-112025\/","name":"Nature Thursday 11\/2025 \u2013 Diese besondere Jahreszeit - Heldenhaushalt","isPartOf":{"@id":"https:\/\/www.heldenhaushalt.de\/sari02\/#website"},"primaryImageOfPage":{"@id":"https:\/\/www.heldenhaushalt.de\/sari02\/index.php\/2025\/03\/27\/nature-thursday-112025\/#primaryimage"},"image":{"@id":"https:\/\/www.heldenhaushalt.de\/sari02\/index.php\/2025\/03\/27\/nature-thursday-112025\/#primaryimage"},"thumbnailUrl":"https:\/\/www.heldenhaushalt.de\/sari02\/wp-content\/uploads\/2025\/03\/nt11-01.jpg","datePublished":"2025-03-27T07:30:52+00:00","dateModified":"2025-03-27T07:33:54+00:00","description":"...seinen typischen Begleiterscheinungen vor und das spiegelt sich nat\u00fcrlich auch im Nature Thursday von Marius wider. Ist doch klar...","breadcrumb":{"@id":"https:\/\/www.heldenhaushalt.de\/sari02\/index.php\/2025\/03\/27\/nature-thursday-112025\/#breadcrumb"},"inLanguage":"de","potentialAction":[{"@type":"ReadAction","target":["https:\/\/www.heldenhaushalt.de\/sari02\/index.php\/2025\/03\/27\/nature-thursday-112025\/"]}]},{"@type":"ImageObject","inLanguage":"de","@id":"https:\/\/www.heldenhaushalt.de\/sari02\/index.php\/2025\/03\/27\/nature-thursday-112025\/#primaryimage","url":"https:\/\/www.heldenhaushalt.de\/sari02\/wp-content\/uploads\/2025\/03\/nt11-01.jpg","contentUrl":"https:\/\/www.heldenhaushalt.de\/sari02\/wp-content\/uploads\/2025\/03\/nt11-01.jpg","width":1000,"height":770,"caption":"Nature Thursday"},{"@type":"BreadcrumbList","@id":"https:\/\/www.heldenhaushalt.de\/sari02\/index.php\/2025\/03\/27\/nature-thursday-112025\/#breadcrumb","itemListElement":[{"@type":"ListItem","position":1,"name":"Startseite","item":"https:\/\/www.heldenhaushalt.de\/sari02\/"},{"@type":"ListItem","position":2,"name":"Nature Thursday 11\/2025 \u2013 Diese besondere Jahreszeit"}]},{"@type":"WebSite","@id":"https:\/\/www.heldenhaushalt.de\/sari02\/#website","url":"https:\/\/www.heldenhaushalt.de\/sari02\/","name":"Heldenhaushalt","description":"Wer es ordentlich haben will, der muss vorher anrufen","publisher":{"@id":"https:\/\/www.heldenhaushalt.de\/sari02\/#\/schema\/person\/a1cc69f42a01f412eb62c151353814f6"},"potentialAction":[{"@type":"SearchAction","target":{"@type":"EntryPoint","urlTemplate":"https:\/\/www.heldenhaushalt.de\/sari02\/?s={search_term_string}"},"query-input":{"@type":"PropertyValueSpecification","valueRequired":true,"valueName":"search_term_string"}}],"inLanguage":"de"},{"@type":["Person","Organization"],"@id":"https:\/\/www.heldenhaushalt.de\/sari02\/#\/schema\/person\/a1cc69f42a01f412eb62c151353814f6","name":"Sari","image":{"@type":"ImageObject","inLanguage":"de","@id":"https:\/\/www.heldenhaushalt.de\/sari02\/wp-content\/uploads\/2019\/02\/sari-april2018.png","url":"https:\/\/www.heldenhaushalt.de\/sari02\/wp-content\/uploads\/2019\/02\/sari-april2018.png","contentUrl":"https:\/\/www.heldenhaushalt.de\/sari02\/wp-content\/uploads\/2019\/02\/sari-april2018.png","width":500,"height":500,"caption":"Sari"},"logo":{"@id":"https:\/\/www.heldenhaushalt.de\/sari02\/wp-content\/uploads\/2019\/02\/sari-april2018.png"},"description":"Frau Mondgras \u2013 Das bin ich, Sari. Gerne auch als Sari Mondgras bekannt und im Internet zu finden. 2-Fach-Mutter, Heldenehefrau, Kreativling, Harmonies\u00fcchtig und st\u00e4ndig auf der Suche nach Gl\u00fcck. Ich komme aus Berlin, bin hier aufgewachsen und lebe hier seit ich denken kann.","sameAs":["https:\/\/www.instagram.com\/heldenhaushalt\/"],"url":"https:\/\/www.heldenhaushalt.de\/sari02\/index.php\/author\/admin\/"}]}},"views":1033,"_links":{"self":[{"href":"https:\/\/www.heldenhaushalt.de\/sari02\/index.php\/wp-json\/wp\/v2\/posts\/63808","targetHints":{"allow":["GET"]}}],"collection":[{"href":"https:\/\/www.heldenhaushalt.de\/sari02\/index.php\/wp-json\/wp\/v2\/posts"}],"about":[{"href":"https:\/\/www.heldenhaushalt.de\/sari02\/index.php\/wp-json\/wp\/v2\/types\/post"}],"author":[{"embeddable":true,"href":"https:\/\/www.heldenhaushalt.de\/sari02\/index.php\/wp-json\/wp\/v2\/users\/1"}],"replies":[{"embeddable":true,"href":"https:\/\/www.heldenhaushalt.de\/sari02\/index.php\/wp-json\/wp\/v2\/comments?post=63808"}],"version-history":[{"count":2,"href":"https:\/\/www.heldenhaushalt.de\/sari02\/index.php\/wp-json\/wp\/v2\/posts\/63808\/revisions"}],"predecessor-version":[{"id":63815,"href":"https:\/\/www.heldenhaushalt.de\/sari02\/index.php\/wp-json\/wp\/v2\/posts\/63808\/revisions\/63815"}],"wp:featuredmedia":[{"embeddable":true,"href":"https:\/\/www.heldenhaushalt.de\/sari02\/index.php\/wp-json\/wp\/v2\/media\/63809"}],"wp:attachment":[{"href":"https:\/\/www.heldenhaushalt.de\/sari02\/index.php\/wp-json\/wp\/v2\/media?parent=63808"}],"wp:term":[{"taxonomy":"category","embeddable":true,"href":"https:\/\/www.heldenhaushalt.de\/sari02\/index.php\/wp-json\/wp\/v2\/categories?post=63808"},{"taxonomy":"post_tag","embeddable":true,"href":"https:\/\/www.heldenhaushalt.de\/sari02\/index.php\/wp-json\/wp\/v2\/tags?post=63808"}],"curies":[{"name":"wp","href":"https:\/\/api.w.org\/{rel}","templated":true}]}}