{"id":64804,"date":"2025-07-23T09:57:00","date_gmt":"2025-07-23T07:57:00","guid":{"rendered":"https:\/\/www.heldenhaushalt.de\/sari02\/?p=64804"},"modified":"2025-07-23T09:57:00","modified_gmt":"2025-07-23T07:57:00","slug":"gedankentagebuch-48-und-immer-diese-zahlen","status":"publish","type":"post","link":"https:\/\/www.heldenhaushalt.de\/sari02\/index.php\/2025\/07\/23\/gedankentagebuch-48-und-immer-diese-zahlen\/","title":{"rendered":"Gedankentagebuch #48 &#8211; Und immer diese Zahlen!"},"content":{"rendered":"<p>Guten Morgen, liebes Gedankentagebuch. Nur wenig Zeit bleibt uns heute, aber die m&#246;chte ich gerne nutzen, um die Gedanken ein wenig geordnet zu bekommen, bevor die Kinder mit ihren Zeugnissen nach Hause kommen.<\/p>\n\n<h3>Ja, auch wir hier in Berlin haben es endlich geschafft<\/h3>\n<p>Sommerferien! Auch wenn es mit einem Blick aus dem Fenster nicht einmal im Ansatz danach aussieht. Das nervt so, aber immerhin f&#228;llt nun erst einmal der Druck weg funktionieren zu m&#252;ssen in so vielen Bereichen. Ooooh maaaan. Keine Klausuren mehr. Kein Lernen mehr. Alle Festivit&#228;ten sind soweit erledigt, alle Abschlussfeste, alle Projekttage, einfach alles. Ab jetzt hei&#223;t es Alltag in anderer Form. Eine Form, die meist keine Struktur, Chaos und naja&#8230; Ferien halt mit sich bringt. Ich sehe die Kinder schon lange, sehr lange schlafen und lange, sehr lange abends wach bleiben.<\/p>\n<p>Ich w&#252;rde gerne &#252;ber Stockbrot und Zelten im Garten nachdenken, aber aktuell gibt es das Wetter noch nicht her. Aber immerhin k&#246;nnen wir nun sagen, dass wir es geschafft haben. Sommerferien (wenn auch nass) in Berlin.<\/p>\n<h3>Die letzte H&#252;rde f&#252;r die Kinder steht noch aus&#8230;<\/h3>\n<p>W&#228;hrend ich diese Zeilen hier schreibe, sitzen beide Kinder in der Schule und sind sicherlich aufgeregt, denn die Zeugnisse sorgen trotzdem hier und da immer ein wenig f&#252;r Bauchgrummeln. Beide Kinder sind nicht schlecht in der Schule und gerade in der 9. Klasse ist es durchaus normal, wenn man mal Durchh&#228;nger hat. Obendrauf noch Pubert&#228;t und mehr&#8230; Stellenweise einfach kein leichtes Jahr. Eine Mutter erinnerte sich heute Morgen vor der Schule noch einmal an den &#8220;Alles steht Kopf 2&#8221; Film, in dem uns so deutlich gezeigt wurde, wie viel Verdrehtes in dem Kopf eines Kindes vor geht, bei dem gerade der Pubert&#228;ts-Button gedr&#252;ckt wurde und wie hilflos uns Eltern das auch manchmal macht. Wir wissen ja selber manchmal gar nicht, warum wir was wieso ausgerechnet jetzt f&#252;hlen und das Verh&#228;ltnis zueinander bekommt ein neues Level. Ich grusle mich ja ein wenig vor der ersten richtigen Verliebheutsphase.<\/p>\n<p>Aber heute werden beide Kinder sicherlich mit den Unsicherheiten bez&#252;glich ihres Zeugnisses zu k&#228;mpfen haben. M&#252;ssen sie aber nicht. Klar legen wir wert darauf, dass sie die Schule ernst nehmen. Sie spielt leider eine viel zu gro&#223;e Rolle f&#252;r ihre zuk&#252;nftigen Wege, auch wenn ich der Meinung bin, dass die Schule ab einem bestimmten Zeitpunkt deutlich Alltagstauglichere bzw. wichtigere Themen zum Schwerpunkt machen sollte. Steuer, Versicherung, Finanzierung und Co&#8230; aber gut&#8230; da befinden wir uns sicherlich noch auf einem langen Weg. Im Fazit wollen wir, dass die Kinder die Schule ernst nehmen, keine Totalausf&#228;lle vorweisen und bitte keine Problemf&#228;lle werden, dann haben wir wohl alles irgendwie richtig gemacht als Eltern.<\/p>\n<h3>Angst ist das Letzte, was sie haben sollen!<\/h3>\n<p>Wenn ich mir mein Zeugnis in der 9. Klasse anschaue (und ich habe Dank eines Schulwechsels und freiwilligem Wiederholen sogar 2 davon), dann war ich nie eine gro&#223;e schulische Leuchte. Ich war schon immer mehr der kreative Kopf und kann hier ordentlich punkten. Spielt nur leider in der Schule keine gro&#223;e Rolle&#8230; Selbst in den kreativen F&#228;chern hatte ich oft meine Probleme mit den Kunstlehrern, weil ich die Dinge anders anging als sie. Aber gut&#8230; Meine St&#228;rke fand ich erst nach der Schule &#252;brigens. Durch Zufall. Es zeigte sich, dass ich mit Kindern ganz gut kann und das wurde sp&#228;ter auch zu meiner Aufgabe.<\/p>\n<p>Manchmal frage ich mich, wie gut einen die Schule tats&#228;chlich auf das vorbereiten kann, was wichtig f&#252;r uns werden kann. Gleichzeitig ist mir bewusst, dass bei der Masse an Kindern dieser Blick auf das Individuelle eine wirklich gro&#223;e Herausforderung ist. Was ich aber eigentlich sagen wollte: Meine Kinder sollen keine Angst haben mit schlechten Noten nach Hause zu kommen.<\/p>\n<p>Wir haben eigentlich nur eine Bedingung: Wir wollen wissen, dass das Kind alles N&#246;tige daf&#252;r getan hat, um das Bestm&#246;gliche aus der Aufgabe heraus zu holen. Was halt gar nicht geht ist nur zu Hause zu sitzen und nichts zu tun, denn von Nichts kommt nun mal Nichts. Aber wenn wir wissen, dass die Kinder wirklich all ihre Energie reingesteckt haben, dann ist das wohl das Bestm&#246;glichste, was sie herausholen konnten und an dem Ergebnis sehen wir dann halt, woran gemeinsam noch gearbeitet werden muss. Diese Gespr&#228;che sind sicherlich nicht immer angenehm und die Bauchschmerzen gehen dadurch sicherlich auch nicht weg (war bei mir damals nicht anders und ich hatte wirklich wenig Druck), aber es ist wichtig zu verinnerlichen, dass man diese L&#252;cken f&#252;llen kann, wenn man bereit ist etwas daf&#252;r zu tun und wir sind immer da, um sie dabei zu unterst&#252;tzen, wenn sie uns brauchen.<\/p>\n<h3>Nun ist also wieder Zeugnistag<\/h3>\n<p>Ein Tag voller Vorfreude aber auch Unsicherheiten. Vorfreude auf Ferien, vielleicht einer kleinen &#220;berraschung zum Zeugnis (heute auf Wunsch der Kinder Selfmade-Pizza), aber vor allem Vorfreude endlich ein paar Tage lang mal nicht an die Schule denken zu m&#252;ssen und ich kann die Kinder da voll und ganz verstehen.<\/p>\n<p>Obwohl ich selber damit gar nicht mehr so viel zu tun habe, merke auch ich, dass es wichtig ist, dass wir etwas Abstand zu all dem bekommen und wieder ein wenig mehr innere Ruhe finden. Noch 30 Minuten, dann schl&#252;pfe ich wieder in die Schuhe und trete den Weg zur Schule an, um eines der beiden Kinder in die Arme zu schlie&#223;en. Gemeinsam gehen wir dann zur Bushaltestelle, um auf den Gro&#223;en zu warten und dann mit einer Pizzaparty zu Hause alles gemeinsam durchzugehen, einmal dr&#252;ber zu reden und dann f&#252;r die n&#228;chsten Wochen wegzupacken.<\/p>\n<p><strong>In dem Sinne:<\/strong> Einen sch&#246;nen Start in die Sommerferien f&#252;r alle, f&#252;r die es heute auch los geht!<\/p>\n","protected":false},"excerpt":{"rendered":"<p>Guten Morgen, liebes Gedankentagebuch. Nur wenig Zeit bleibt uns heute, aber die m&#246;chte ich gerne nutzen, um die Gedanken ein wenig geordnet zu bekommen, bevor die Kinder mit ihren Zeugnissen nach Hause kommen. Ja, auch wir hier in Berlin haben es endlich geschafft Sommerferien! Auch wenn es mit einem Blick aus dem Fenster nicht einmal im Ansatz danach aussieht. Das nervt so, aber immerhin f&#228;llt nun erst einmal der Druck weg funktionieren zu m&#252;ssen in so vielen Bereichen. Ooooh maaaan. Keine Klausuren mehr. Kein Lernen mehr. Alle Festivit&#228;ten sind soweit erledigt, alle Abschlussfeste, alle Projekttage, einfach alles. Ab jetzt hei&#223;t es Alltag in anderer Form. Eine Form, die meist keine Struktur, Chaos und naja&#8230; Ferien halt mit sich bringt. Ich sehe die Kinder schon lange, sehr lange schlafen und lange, sehr lange abends wach bleiben. Ich w&#252;rde gerne &#252;ber Stockbrot und Zelten im Garten nachdenken, aber aktuell gibt es das Wetter noch nicht her. Aber immerhin k&#246;nnen wir nun sagen, dass wir es geschafft haben. Sommerferien (wenn auch nass) in Berlin. Die letzte H&#252;rde f&#252;r die Kinder steht noch aus&#8230; W&#228;hrend ich diese Zeilen hier schreibe, sitzen beide Kinder in der Schule und sind sicherlich aufgeregt, denn die Zeugnisse sorgen trotzdem hier und da immer ein wenig f&#252;r Bauchgrummeln. Beide Kinder sind nicht schlecht in der Schule und gerade in der 9. Klasse ist es durchaus normal, wenn man mal Durchh&#228;nger hat. Obendrauf noch Pubert&#228;t und mehr&#8230; Stellenweise einfach kein leichtes Jahr. Eine Mutter erinnerte sich heute Morgen vor der Schule noch einmal an den &#8220;Alles steht Kopf 2&#8221; Film, in dem uns so deutlich gezeigt wurde, wie viel Verdrehtes in dem Kopf eines Kindes vor geht, bei dem gerade der Pubert&#228;ts-Button gedr&#252;ckt wurde und wie hilflos uns Eltern das auch manchmal macht. Wir wissen ja selber manchmal gar nicht, warum wir was wieso ausgerechnet jetzt f&#252;hlen und das Verh&#228;ltnis zueinander bekommt ein neues Level. Ich grusle mich ja ein wenig vor der ersten richtigen Verliebheutsphase. Aber heute werden beide Kinder sicherlich mit den Unsicherheiten bez&#252;glich ihres Zeugnisses zu k&#228;mpfen haben. M&#252;ssen sie aber nicht. Klar legen wir wert darauf, dass sie die Schule ernst nehmen. Sie spielt leider eine viel zu gro&#223;e Rolle f&#252;r ihre zuk&#252;nftigen Wege, auch wenn ich der Meinung bin, dass die Schule ab einem bestimmten Zeitpunkt deutlich Alltagstauglichere bzw. wichtigere Themen zum Schwerpunkt machen sollte. Steuer, Versicherung, Finanzierung und Co&#8230; aber gut&#8230; da befinden wir uns sicherlich noch auf einem langen Weg. Im Fazit wollen wir, dass die Kinder die Schule ernst nehmen, keine Totalausf&#228;lle vorweisen und bitte keine Problemf&#228;lle werden, dann haben wir wohl alles irgendwie richtig gemacht als Eltern. Angst ist das Letzte, was sie haben sollen! Wenn ich mir mein Zeugnis in der 9. Klasse anschaue (und ich habe Dank eines Schulwechsels und freiwilligem Wiederholen sogar 2 davon), dann war ich nie eine gro&#223;e schulische Leuchte. Ich war schon immer mehr der kreative Kopf und kann hier ordentlich punkten. Spielt nur leider in der Schule keine gro&#223;e Rolle&#8230; Selbst in den kreativen F&#228;chern hatte ich oft meine Probleme mit den Kunstlehrern, weil ich die Dinge anders anging als sie. Aber gut&#8230; Meine St&#228;rke fand ich erst nach der Schule &#252;brigens. Durch Zufall. Es zeigte sich, dass ich mit Kindern ganz gut kann und das wurde sp&#228;ter auch zu meiner Aufgabe. Manchmal frage ich mich, wie gut einen die Schule tats&#228;chlich auf das vorbereiten kann, was wichtig f&#252;r uns werden kann. Gleichzeitig ist mir bewusst, dass bei der Masse an Kindern dieser Blick auf das Individuelle eine wirklich gro&#223;e Herausforderung ist. Was ich aber eigentlich sagen wollte: Meine Kinder sollen keine Angst haben mit schlechten Noten nach Hause zu kommen. Wir haben eigentlich nur eine Bedingung: Wir wollen wissen, dass das Kind alles N&#246;tige daf&#252;r getan hat, um das Bestm&#246;gliche aus der Aufgabe heraus zu holen. Was halt gar nicht geht ist nur zu Hause zu sitzen und nichts zu tun, denn von Nichts kommt nun mal Nichts. Aber wenn wir wissen, dass die Kinder wirklich all ihre Energie reingesteckt haben, dann ist das wohl das Bestm&#246;glichste, was sie herausholen konnten und an dem Ergebnis sehen wir dann halt, woran gemeinsam noch gearbeitet werden muss. Diese Gespr&#228;che sind sicherlich nicht immer angenehm und die Bauchschmerzen gehen dadurch sicherlich auch nicht weg (war bei mir damals nicht anders und ich hatte wirklich wenig Druck), aber es ist wichtig zu verinnerlichen, dass man diese L&#252;cken f&#252;llen kann, wenn man bereit ist etwas daf&#252;r zu tun und wir sind immer da, um sie dabei zu unterst&#252;tzen, wenn sie uns brauchen. Nun ist also wieder Zeugnistag Ein Tag voller Vorfreude aber auch Unsicherheiten. Vorfreude auf Ferien, vielleicht einer kleinen &#220;berraschung zum Zeugnis (heute auf Wunsch der Kinder Selfmade-Pizza), aber vor allem Vorfreude endlich ein paar Tage lang mal nicht an die Schule denken zu m&#252;ssen und ich kann die Kinder da voll und ganz verstehen. Obwohl ich selber damit gar nicht mehr so viel zu tun habe, merke auch ich, dass es wichtig ist, dass wir etwas Abstand zu all dem bekommen und wieder ein wenig mehr innere Ruhe finden. Noch 30 Minuten, dann schl&#252;pfe ich wieder in die Schuhe und trete den Weg zur Schule an, um eines der beiden Kinder in die Arme zu schlie&#223;en. Gemeinsam gehen wir dann zur Bushaltestelle, um auf den Gro&#223;en zu warten und dann mit einer Pizzaparty zu Hause alles gemeinsam durchzugehen, einmal dr&#252;ber zu reden und dann f&#252;r die n&#228;chsten Wochen wegzupacken. In dem Sinne: Einen sch&#246;nen Start in die Sommerferien f&#252;r alle, f&#252;r die es heute auch los geht!<\/p>\n","protected":false},"author":1,"featured_media":45696,"comment_status":"open","ping_status":"open","sticky":false,"template":"","format":"standard","meta":{"ngg_post_thumbnail":0,"footnotes":""},"categories":[2210,50,321],"tags":[1019,392,2292,1215,3766,1988],"class_list":["post-64804","post","type-post","status-publish","format-standard","has-post-thumbnail","hentry","category-featured","category-gedanken","category-minimum","tag-ferien","tag-gedanken","tag-noten","tag-schule","tag-schulkinder","tag-zeugnis"],"yoast_head":"<!-- This site is optimized with the Yoast SEO plugin v27.4 - https:\/\/yoast.com\/product\/yoast-seo-wordpress\/ -->\n<title>Gedankentagebuch #48 - Und immer diese Zahlen! - Heldenhaushalt<\/title>\n<meta name=\"description\" content=\"W\u00e4hrend ich diese Zeilen hier schreibe, sitzen beide Kinder in der Schule und sind sicherlich aufgeregt, denn die Zeugnisse sorgen...\" \/>\n<meta name=\"robots\" content=\"index, follow, max-snippet:-1, max-image-preview:large, max-video-preview:-1\" \/>\n<link rel=\"canonical\" href=\"https:\/\/www.heldenhaushalt.de\/sari02\/index.php\/2025\/07\/23\/gedankentagebuch-48-und-immer-diese-zahlen\/\" \/>\n<meta property=\"og:locale\" content=\"de_DE\" \/>\n<meta property=\"og:type\" content=\"article\" \/>\n<meta property=\"og:title\" content=\"Gedankentagebuch #48 - Und immer diese Zahlen! - Heldenhaushalt\" \/>\n<meta property=\"og:description\" content=\"W\u00e4hrend ich diese Zeilen hier schreibe, sitzen beide Kinder in der Schule und sind sicherlich aufgeregt, denn die Zeugnisse sorgen...\" \/>\n<meta property=\"og:url\" content=\"https:\/\/www.heldenhaushalt.de\/sari02\/index.php\/2025\/07\/23\/gedankentagebuch-48-und-immer-diese-zahlen\/\" \/>\n<meta property=\"og:site_name\" content=\"Heldenhaushalt\" \/>\n<meta property=\"article:published_time\" content=\"2025-07-23T07:57:00+00:00\" \/>\n<meta property=\"og:image\" content=\"https:\/\/www.heldenhaushalt.de\/sari02\/wp-content\/uploads\/2019\/07\/wib29-00.jpg\" \/>\n\t<meta property=\"og:image:width\" content=\"1000\" \/>\n\t<meta property=\"og:image:height\" content=\"667\" \/>\n\t<meta property=\"og:image:type\" content=\"image\/jpeg\" \/>\n<meta name=\"author\" content=\"Sari\" \/>\n<meta name=\"twitter:card\" content=\"summary_large_image\" \/>\n<meta name=\"twitter:creator\" content=\"@Heldenhaushalt\" \/>\n<meta name=\"twitter:site\" content=\"@Heldenhaushalt\" \/>\n<meta name=\"twitter:label1\" content=\"Verfasst von\" \/>\n\t<meta name=\"twitter:data1\" content=\"Sari\" \/>\n\t<meta name=\"twitter:label2\" content=\"Gesch\u00e4tzte Lesezeit\" \/>\n\t<meta name=\"twitter:data2\" content=\"6\u00a0Minuten\" \/>\n<script type=\"application\/ld+json\" class=\"yoast-schema-graph\">{\"@context\":\"https:\\\/\\\/schema.org\",\"@graph\":[{\"@type\":\"Article\",\"@id\":\"https:\\\/\\\/www.heldenhaushalt.de\\\/sari02\\\/index.php\\\/2025\\\/07\\\/23\\\/gedankentagebuch-48-und-immer-diese-zahlen\\\/#article\",\"isPartOf\":{\"@id\":\"https:\\\/\\\/www.heldenhaushalt.de\\\/sari02\\\/index.php\\\/2025\\\/07\\\/23\\\/gedankentagebuch-48-und-immer-diese-zahlen\\\/\"},\"author\":{\"name\":\"Sari\",\"@id\":\"https:\\\/\\\/www.heldenhaushalt.de\\\/sari02\\\/#\\\/schema\\\/person\\\/a1cc69f42a01f412eb62c151353814f6\"},\"headline\":\"Gedankentagebuch #48 &#8211; Und immer diese Zahlen!\",\"datePublished\":\"2025-07-23T07:57:00+00:00\",\"mainEntityOfPage\":{\"@id\":\"https:\\\/\\\/www.heldenhaushalt.de\\\/sari02\\\/index.php\\\/2025\\\/07\\\/23\\\/gedankentagebuch-48-und-immer-diese-zahlen\\\/\"},\"wordCount\":975,\"commentCount\":12,\"publisher\":{\"@id\":\"https:\\\/\\\/www.heldenhaushalt.de\\\/sari02\\\/#\\\/schema\\\/person\\\/a1cc69f42a01f412eb62c151353814f6\"},\"image\":{\"@id\":\"https:\\\/\\\/www.heldenhaushalt.de\\\/sari02\\\/index.php\\\/2025\\\/07\\\/23\\\/gedankentagebuch-48-und-immer-diese-zahlen\\\/#primaryimage\"},\"thumbnailUrl\":\"https:\\\/\\\/www.heldenhaushalt.de\\\/sari02\\\/wp-content\\\/uploads\\\/2019\\\/07\\\/wib29-00.jpg\",\"keywords\":[\"Ferien\",\"Gedankenwelt\",\"Noten\",\"Schule\",\"Schulkinder\",\"Zeugnis\"],\"articleSection\":[\"Featured\",\"Gedankenwelt\",\"Heldenkinder\"],\"inLanguage\":\"de\",\"potentialAction\":[{\"@type\":\"CommentAction\",\"name\":\"Comment\",\"target\":[\"https:\\\/\\\/www.heldenhaushalt.de\\\/sari02\\\/index.php\\\/2025\\\/07\\\/23\\\/gedankentagebuch-48-und-immer-diese-zahlen\\\/#respond\"]}]},{\"@type\":\"WebPage\",\"@id\":\"https:\\\/\\\/www.heldenhaushalt.de\\\/sari02\\\/index.php\\\/2025\\\/07\\\/23\\\/gedankentagebuch-48-und-immer-diese-zahlen\\\/\",\"url\":\"https:\\\/\\\/www.heldenhaushalt.de\\\/sari02\\\/index.php\\\/2025\\\/07\\\/23\\\/gedankentagebuch-48-und-immer-diese-zahlen\\\/\",\"name\":\"Gedankentagebuch #48 - Und immer diese Zahlen! - Heldenhaushalt\",\"isPartOf\":{\"@id\":\"https:\\\/\\\/www.heldenhaushalt.de\\\/sari02\\\/#website\"},\"primaryImageOfPage\":{\"@id\":\"https:\\\/\\\/www.heldenhaushalt.de\\\/sari02\\\/index.php\\\/2025\\\/07\\\/23\\\/gedankentagebuch-48-und-immer-diese-zahlen\\\/#primaryimage\"},\"image\":{\"@id\":\"https:\\\/\\\/www.heldenhaushalt.de\\\/sari02\\\/index.php\\\/2025\\\/07\\\/23\\\/gedankentagebuch-48-und-immer-diese-zahlen\\\/#primaryimage\"},\"thumbnailUrl\":\"https:\\\/\\\/www.heldenhaushalt.de\\\/sari02\\\/wp-content\\\/uploads\\\/2019\\\/07\\\/wib29-00.jpg\",\"datePublished\":\"2025-07-23T07:57:00+00:00\",\"description\":\"W\u00e4hrend ich diese Zeilen hier schreibe, sitzen beide Kinder in der Schule und sind sicherlich aufgeregt, denn die Zeugnisse sorgen...\",\"breadcrumb\":{\"@id\":\"https:\\\/\\\/www.heldenhaushalt.de\\\/sari02\\\/index.php\\\/2025\\\/07\\\/23\\\/gedankentagebuch-48-und-immer-diese-zahlen\\\/#breadcrumb\"},\"inLanguage\":\"de\",\"potentialAction\":[{\"@type\":\"ReadAction\",\"target\":[\"https:\\\/\\\/www.heldenhaushalt.de\\\/sari02\\\/index.php\\\/2025\\\/07\\\/23\\\/gedankentagebuch-48-und-immer-diese-zahlen\\\/\"]}]},{\"@type\":\"ImageObject\",\"inLanguage\":\"de\",\"@id\":\"https:\\\/\\\/www.heldenhaushalt.de\\\/sari02\\\/index.php\\\/2025\\\/07\\\/23\\\/gedankentagebuch-48-und-immer-diese-zahlen\\\/#primaryimage\",\"url\":\"https:\\\/\\\/www.heldenhaushalt.de\\\/sari02\\\/wp-content\\\/uploads\\\/2019\\\/07\\\/wib29-00.jpg\",\"contentUrl\":\"https:\\\/\\\/www.heldenhaushalt.de\\\/sari02\\\/wp-content\\\/uploads\\\/2019\\\/07\\\/wib29-00.jpg\",\"width\":1000,\"height\":667,\"caption\":\"Zeugnisse\"},{\"@type\":\"BreadcrumbList\",\"@id\":\"https:\\\/\\\/www.heldenhaushalt.de\\\/sari02\\\/index.php\\\/2025\\\/07\\\/23\\\/gedankentagebuch-48-und-immer-diese-zahlen\\\/#breadcrumb\",\"itemListElement\":[{\"@type\":\"ListItem\",\"position\":1,\"name\":\"Startseite\",\"item\":\"https:\\\/\\\/www.heldenhaushalt.de\\\/sari02\\\/\"},{\"@type\":\"ListItem\",\"position\":2,\"name\":\"Gedankentagebuch #48 &#8211; Und immer diese Zahlen!\"}]},{\"@type\":\"WebSite\",\"@id\":\"https:\\\/\\\/www.heldenhaushalt.de\\\/sari02\\\/#website\",\"url\":\"https:\\\/\\\/www.heldenhaushalt.de\\\/sari02\\\/\",\"name\":\"Heldenhaushalt\",\"description\":\"Wer es ordentlich haben will, der muss vorher anrufen\",\"publisher\":{\"@id\":\"https:\\\/\\\/www.heldenhaushalt.de\\\/sari02\\\/#\\\/schema\\\/person\\\/a1cc69f42a01f412eb62c151353814f6\"},\"potentialAction\":[{\"@type\":\"SearchAction\",\"target\":{\"@type\":\"EntryPoint\",\"urlTemplate\":\"https:\\\/\\\/www.heldenhaushalt.de\\\/sari02\\\/?s={search_term_string}\"},\"query-input\":{\"@type\":\"PropertyValueSpecification\",\"valueRequired\":true,\"valueName\":\"search_term_string\"}}],\"inLanguage\":\"de\"},{\"@type\":[\"Person\",\"Organization\"],\"@id\":\"https:\\\/\\\/www.heldenhaushalt.de\\\/sari02\\\/#\\\/schema\\\/person\\\/a1cc69f42a01f412eb62c151353814f6\",\"name\":\"Sari\",\"image\":{\"@type\":\"ImageObject\",\"inLanguage\":\"de\",\"@id\":\"https:\\\/\\\/www.heldenhaushalt.de\\\/sari02\\\/wp-content\\\/uploads\\\/2019\\\/02\\\/sari-april2018.png\",\"url\":\"https:\\\/\\\/www.heldenhaushalt.de\\\/sari02\\\/wp-content\\\/uploads\\\/2019\\\/02\\\/sari-april2018.png\",\"contentUrl\":\"https:\\\/\\\/www.heldenhaushalt.de\\\/sari02\\\/wp-content\\\/uploads\\\/2019\\\/02\\\/sari-april2018.png\",\"width\":500,\"height\":500,\"caption\":\"Sari\"},\"logo\":{\"@id\":\"https:\\\/\\\/www.heldenhaushalt.de\\\/sari02\\\/wp-content\\\/uploads\\\/2019\\\/02\\\/sari-april2018.png\"},\"description\":\"Frau Mondgras \u2013 Das bin ich, Sari. Gerne auch als Sari Mondgras bekannt und im Internet zu finden. 2-Fach-Mutter, Heldenehefrau, Kreativling, Harmonies\u00fcchtig und st\u00e4ndig auf der Suche nach Gl\u00fcck. Ich komme aus Berlin, bin hier aufgewachsen und lebe hier seit ich denken kann.\",\"sameAs\":[\"https:\\\/\\\/www.instagram.com\\\/heldenhaushalt\\\/\"],\"url\":\"https:\\\/\\\/www.heldenhaushalt.de\\\/sari02\\\/index.php\\\/author\\\/admin\\\/\"}]}<\/script>\n<!-- \/ Yoast SEO plugin. -->","yoast_head_json":{"title":"Gedankentagebuch #48 - Und immer diese Zahlen! - Heldenhaushalt","description":"W\u00e4hrend ich diese Zeilen hier schreibe, sitzen beide Kinder in der Schule und sind sicherlich aufgeregt, denn die Zeugnisse sorgen...","robots":{"index":"index","follow":"follow","max-snippet":"max-snippet:-1","max-image-preview":"max-image-preview:large","max-video-preview":"max-video-preview:-1"},"canonical":"https:\/\/www.heldenhaushalt.de\/sari02\/index.php\/2025\/07\/23\/gedankentagebuch-48-und-immer-diese-zahlen\/","og_locale":"de_DE","og_type":"article","og_title":"Gedankentagebuch #48 - Und immer diese Zahlen! - Heldenhaushalt","og_description":"W\u00e4hrend ich diese Zeilen hier schreibe, sitzen beide Kinder in der Schule und sind sicherlich aufgeregt, denn die Zeugnisse sorgen...","og_url":"https:\/\/www.heldenhaushalt.de\/sari02\/index.php\/2025\/07\/23\/gedankentagebuch-48-und-immer-diese-zahlen\/","og_site_name":"Heldenhaushalt","article_published_time":"2025-07-23T07:57:00+00:00","og_image":[{"width":1000,"height":667,"url":"https:\/\/www.heldenhaushalt.de\/sari02\/wp-content\/uploads\/2019\/07\/wib29-00.jpg","type":"image\/jpeg"}],"author":"Sari","twitter_card":"summary_large_image","twitter_creator":"@Heldenhaushalt","twitter_site":"@Heldenhaushalt","twitter_misc":{"Verfasst von":"Sari","Gesch\u00e4tzte Lesezeit":"6\u00a0Minuten"},"schema":{"@context":"https:\/\/schema.org","@graph":[{"@type":"Article","@id":"https:\/\/www.heldenhaushalt.de\/sari02\/index.php\/2025\/07\/23\/gedankentagebuch-48-und-immer-diese-zahlen\/#article","isPartOf":{"@id":"https:\/\/www.heldenhaushalt.de\/sari02\/index.php\/2025\/07\/23\/gedankentagebuch-48-und-immer-diese-zahlen\/"},"author":{"name":"Sari","@id":"https:\/\/www.heldenhaushalt.de\/sari02\/#\/schema\/person\/a1cc69f42a01f412eb62c151353814f6"},"headline":"Gedankentagebuch #48 &#8211; Und immer diese Zahlen!","datePublished":"2025-07-23T07:57:00+00:00","mainEntityOfPage":{"@id":"https:\/\/www.heldenhaushalt.de\/sari02\/index.php\/2025\/07\/23\/gedankentagebuch-48-und-immer-diese-zahlen\/"},"wordCount":975,"commentCount":12,"publisher":{"@id":"https:\/\/www.heldenhaushalt.de\/sari02\/#\/schema\/person\/a1cc69f42a01f412eb62c151353814f6"},"image":{"@id":"https:\/\/www.heldenhaushalt.de\/sari02\/index.php\/2025\/07\/23\/gedankentagebuch-48-und-immer-diese-zahlen\/#primaryimage"},"thumbnailUrl":"https:\/\/www.heldenhaushalt.de\/sari02\/wp-content\/uploads\/2019\/07\/wib29-00.jpg","keywords":["Ferien","Gedankenwelt","Noten","Schule","Schulkinder","Zeugnis"],"articleSection":["Featured","Gedankenwelt","Heldenkinder"],"inLanguage":"de","potentialAction":[{"@type":"CommentAction","name":"Comment","target":["https:\/\/www.heldenhaushalt.de\/sari02\/index.php\/2025\/07\/23\/gedankentagebuch-48-und-immer-diese-zahlen\/#respond"]}]},{"@type":"WebPage","@id":"https:\/\/www.heldenhaushalt.de\/sari02\/index.php\/2025\/07\/23\/gedankentagebuch-48-und-immer-diese-zahlen\/","url":"https:\/\/www.heldenhaushalt.de\/sari02\/index.php\/2025\/07\/23\/gedankentagebuch-48-und-immer-diese-zahlen\/","name":"Gedankentagebuch #48 - Und immer diese Zahlen! - Heldenhaushalt","isPartOf":{"@id":"https:\/\/www.heldenhaushalt.de\/sari02\/#website"},"primaryImageOfPage":{"@id":"https:\/\/www.heldenhaushalt.de\/sari02\/index.php\/2025\/07\/23\/gedankentagebuch-48-und-immer-diese-zahlen\/#primaryimage"},"image":{"@id":"https:\/\/www.heldenhaushalt.de\/sari02\/index.php\/2025\/07\/23\/gedankentagebuch-48-und-immer-diese-zahlen\/#primaryimage"},"thumbnailUrl":"https:\/\/www.heldenhaushalt.de\/sari02\/wp-content\/uploads\/2019\/07\/wib29-00.jpg","datePublished":"2025-07-23T07:57:00+00:00","description":"W\u00e4hrend ich diese Zeilen hier schreibe, sitzen beide Kinder in der Schule und sind sicherlich aufgeregt, denn die Zeugnisse sorgen...","breadcrumb":{"@id":"https:\/\/www.heldenhaushalt.de\/sari02\/index.php\/2025\/07\/23\/gedankentagebuch-48-und-immer-diese-zahlen\/#breadcrumb"},"inLanguage":"de","potentialAction":[{"@type":"ReadAction","target":["https:\/\/www.heldenhaushalt.de\/sari02\/index.php\/2025\/07\/23\/gedankentagebuch-48-und-immer-diese-zahlen\/"]}]},{"@type":"ImageObject","inLanguage":"de","@id":"https:\/\/www.heldenhaushalt.de\/sari02\/index.php\/2025\/07\/23\/gedankentagebuch-48-und-immer-diese-zahlen\/#primaryimage","url":"https:\/\/www.heldenhaushalt.de\/sari02\/wp-content\/uploads\/2019\/07\/wib29-00.jpg","contentUrl":"https:\/\/www.heldenhaushalt.de\/sari02\/wp-content\/uploads\/2019\/07\/wib29-00.jpg","width":1000,"height":667,"caption":"Zeugnisse"},{"@type":"BreadcrumbList","@id":"https:\/\/www.heldenhaushalt.de\/sari02\/index.php\/2025\/07\/23\/gedankentagebuch-48-und-immer-diese-zahlen\/#breadcrumb","itemListElement":[{"@type":"ListItem","position":1,"name":"Startseite","item":"https:\/\/www.heldenhaushalt.de\/sari02\/"},{"@type":"ListItem","position":2,"name":"Gedankentagebuch #48 &#8211; Und immer diese Zahlen!"}]},{"@type":"WebSite","@id":"https:\/\/www.heldenhaushalt.de\/sari02\/#website","url":"https:\/\/www.heldenhaushalt.de\/sari02\/","name":"Heldenhaushalt","description":"Wer es ordentlich haben will, der muss vorher anrufen","publisher":{"@id":"https:\/\/www.heldenhaushalt.de\/sari02\/#\/schema\/person\/a1cc69f42a01f412eb62c151353814f6"},"potentialAction":[{"@type":"SearchAction","target":{"@type":"EntryPoint","urlTemplate":"https:\/\/www.heldenhaushalt.de\/sari02\/?s={search_term_string}"},"query-input":{"@type":"PropertyValueSpecification","valueRequired":true,"valueName":"search_term_string"}}],"inLanguage":"de"},{"@type":["Person","Organization"],"@id":"https:\/\/www.heldenhaushalt.de\/sari02\/#\/schema\/person\/a1cc69f42a01f412eb62c151353814f6","name":"Sari","image":{"@type":"ImageObject","inLanguage":"de","@id":"https:\/\/www.heldenhaushalt.de\/sari02\/wp-content\/uploads\/2019\/02\/sari-april2018.png","url":"https:\/\/www.heldenhaushalt.de\/sari02\/wp-content\/uploads\/2019\/02\/sari-april2018.png","contentUrl":"https:\/\/www.heldenhaushalt.de\/sari02\/wp-content\/uploads\/2019\/02\/sari-april2018.png","width":500,"height":500,"caption":"Sari"},"logo":{"@id":"https:\/\/www.heldenhaushalt.de\/sari02\/wp-content\/uploads\/2019\/02\/sari-april2018.png"},"description":"Frau Mondgras \u2013 Das bin ich, Sari. Gerne auch als Sari Mondgras bekannt und im Internet zu finden. 2-Fach-Mutter, Heldenehefrau, Kreativling, Harmonies\u00fcchtig und st\u00e4ndig auf der Suche nach Gl\u00fcck. Ich komme aus Berlin, bin hier aufgewachsen und lebe hier seit ich denken kann.","sameAs":["https:\/\/www.instagram.com\/heldenhaushalt\/"],"url":"https:\/\/www.heldenhaushalt.de\/sari02\/index.php\/author\/admin\/"}]}},"views":982,"_links":{"self":[{"href":"https:\/\/www.heldenhaushalt.de\/sari02\/index.php\/wp-json\/wp\/v2\/posts\/64804","targetHints":{"allow":["GET"]}}],"collection":[{"href":"https:\/\/www.heldenhaushalt.de\/sari02\/index.php\/wp-json\/wp\/v2\/posts"}],"about":[{"href":"https:\/\/www.heldenhaushalt.de\/sari02\/index.php\/wp-json\/wp\/v2\/types\/post"}],"author":[{"embeddable":true,"href":"https:\/\/www.heldenhaushalt.de\/sari02\/index.php\/wp-json\/wp\/v2\/users\/1"}],"replies":[{"embeddable":true,"href":"https:\/\/www.heldenhaushalt.de\/sari02\/index.php\/wp-json\/wp\/v2\/comments?post=64804"}],"version-history":[{"count":1,"href":"https:\/\/www.heldenhaushalt.de\/sari02\/index.php\/wp-json\/wp\/v2\/posts\/64804\/revisions"}],"predecessor-version":[{"id":64805,"href":"https:\/\/www.heldenhaushalt.de\/sari02\/index.php\/wp-json\/wp\/v2\/posts\/64804\/revisions\/64805"}],"wp:featuredmedia":[{"embeddable":true,"href":"https:\/\/www.heldenhaushalt.de\/sari02\/index.php\/wp-json\/wp\/v2\/media\/45696"}],"wp:attachment":[{"href":"https:\/\/www.heldenhaushalt.de\/sari02\/index.php\/wp-json\/wp\/v2\/media?parent=64804"}],"wp:term":[{"taxonomy":"category","embeddable":true,"href":"https:\/\/www.heldenhaushalt.de\/sari02\/index.php\/wp-json\/wp\/v2\/categories?post=64804"},{"taxonomy":"post_tag","embeddable":true,"href":"https:\/\/www.heldenhaushalt.de\/sari02\/index.php\/wp-json\/wp\/v2\/tags?post=64804"}],"curies":[{"name":"wp","href":"https:\/\/api.w.org\/{rel}","templated":true}]}}