{"id":64824,"date":"2025-07-27T10:41:20","date_gmt":"2025-07-27T08:41:20","guid":{"rendered":"https:\/\/www.heldenhaushalt.de\/sari02\/?p=64824"},"modified":"2025-07-27T10:41:20","modified_gmt":"2025-07-27T08:41:20","slug":"projekt-52-im-juli-aus-der-reihe-tanzen","status":"publish","type":"post","link":"https:\/\/www.heldenhaushalt.de\/sari02\/index.php\/2025\/07\/27\/projekt-52-im-juli-aus-der-reihe-tanzen\/","title":{"rendered":"Projekt 52 im Juli: Aus der Reihe tanzen"},"content":{"rendered":"<p>Das letzte Thema vom Projekt 52 f&#252;r den Juli steht auf dem Plan und irgendwie war ich extrem Einfallslos was das angeht. Eigentlich wollte ich am Freitag die lange Schlange fotografieren, die vor dem Alexa am Alexanderplatz stand. Dort er&#246;ffnete n&#228;mlich der erste Popmart (wem das was sagt) in Berlin bzw. in ganz Deutschland und die Menschen sind tats&#228;chlich aus ganz Deutschland angereist um dort Blindboxen zu kaufen. Wie krass ist das bitte?<\/p>\n<p>Da ich eh hin musste um eine Hose im Decathlon umzutauschen, dachte ich, schaue ich mir mal an, wie lang die Schlange sein k&#246;nnte und w&#252;rde dann abw&#228;gen, ob ich mich anstelle oder nicht. Wir kamen kurz vor 10 Uhr dort an, also kurz vor Laden&#246;ffnung und die Menschenmassen standen einmal rund um das gesamte Einkaufszentrum an. In einem Bericht sp&#228;ter sah ich, dass man ungef&#228;hr 7 Minuten laufen musste, um die ganze Reihe einmal abzulaufen. Ich sprach einen der Securities an, weil ich wissen wollte, wie lange man wohl ungef&#228;hr anstehen w&#252;rde. Mit 3 Stunden k&#246;nne man wohl schon rechnen. Bei all der Liebe, nein danke&#8230; da komme ich lieber in zwei Wochen mal wieder, wenn sich alles beruhigt hat, und schaue, was es so gibt. Am Abend sah ich viele Berichte auf Insta und Co und dabei erfuhr ich, dass die Person, die als erstes rein durfte sage und schreibe 21 Stunden in der Reihe anstand. Am Vortag um 13 Uhr stellte er sich dort hin, zeltete vor dem Center und war dann am n&#228;chsten Tag um 10 Uhr der Erste (nach den ganzen Content-Creator, die nat&#252;rlich alle den Vorzug bekamen), der mit seinem Sohn rein durfte. Wie krass ist das bitte?<\/p>\n<h3><span id=\"Projekt_52_im_Juli_Dunkelheit\">Projekt 52 im Juli: Aus der Reihe tanzen<\/span><\/h3>\n<p>Ja, irgendwie wollte ich diese lange Reihe f&#252;r das Projekt 52 fotografieren und war dann so geschockt davon, wie krass das dann doch war, dass ich es total verga&#223;. Wir tanzten dann aus der Reihe, in dem wir einfach wieder gingen. Wir tauschten die Hose um und fuhren wieder nach Hause. &#220;brigens wollte ich nicht mal einen von dieses Labubus. Ich h&#228;tte einfach gerne eine Box von Mickey and Friends Cute Together, aber vielleicht hat man da irgendwann ein anderes Mal Gl&#252;ck.<\/p>\n<p><strong>Fun Fakt am Rande:<\/strong> Vor vielen, vielen Jahren <a href=\"https:\/\/www.heldenhaushalt.de\/sari02\/index.php\/2019\/09\/30\/unser-wib-am-28-29-2019\/\">standen wir auch vor dem Alexa mal an<\/a>. An diesem Tag er&#246;ffnete der Elbenwald Store und viele Cosplayer liefen an der Reihe entlang, machten Fotos mit einem und verteilten S&#252;&#223;igkeiten. Wer verkleidet war, bekam sogar Rabatt und alle Darsteller waren vom gro&#223;en Sohn begeistert in seiner gelben Regenjacke. &#8220;Was f&#252;r ein cooles Georgie Kost&#252;m&#8221;, sagten sie alle. Es war &#252;brigens kein Kost&#252;m, sondern die ganz normale Regenjacke vom Sohn, aber das war egal, denn es bescherte uns einfach mal 40 % Rabatt und ich hatte endlich einen richtig sch&#246;nen Umhang und Zauberstab *lach*. Damals standen wir aber nicht lange an, denn aufgrund der Kinder wurden wir schon ein bisschen vorher mit reingenommen. Es war in jedem Fall ein sehr aufregender Tag.<\/p>\n<figure style=\"width: 1000px\" class=\"wp-caption alignnone\"><img loading=\"lazy\" decoding=\"async\" src=\"https:\/\/www.heldenhaushalt.de\/sari02\/wp-content\/uploads\/2019\/09\/wib38-06.jpg\" alt=\"Hagrid vor Elbenwald\" width=\"1000\" height=\"1283\"><figcaption class=\"wp-caption-text\">Foto mit Hagrid (<a href=\"https:\/\/www.instagram.com\/cosplay_giant\/\" target=\"_blank\" rel=\"noopener\">The Cosplay Giant<\/a>) vor der Elbenwald Er&#246;ffnung 2019<\/figcaption><\/figure>\n<h3>Die Umsetzung des Themas heute f&#228;llt allerdings n&#252;chterner aus&#8230;<\/h3>\n<p>Da ich mein urspr&#252;ngliches Motiv total verga&#223;, sa&#223; ich nun gestern da und &#252;berlegte, wie ich das nun stattdessen umsetzen k&#246;nnte. Wir arbeiteten im Garten. Wenn es schon mal nicht regnet, k&#246;nnte man das ja gleich mal ausnutzen. Rasen M&#228;hen, ein wenig Unkraut angehen, Hochbeet bereinigen usw&#8230; Und dabei fiel mir auf: Meine geliebte Lichterkette geht nicht mehr. Und dabei liebe ich ihr Licht am Abend.<\/p>\n<figure id=\"attachment_64825\" aria-describedby=\"caption-attachment-64825\" style=\"width: 1000px\" class=\"wp-caption alignnone\"><img loading=\"lazy\" decoding=\"async\" class=\"size-full wp-image-64825\" src=\"https:\/\/www.heldenhaushalt.de\/sari02\/wp-content\/uploads\/2025\/07\/p52-29.jpg\" alt=\"Projekt 52\" width=\"1000\" height=\"735\" srcset=\"https:\/\/www.heldenhaushalt.de\/sari02\/wp-content\/uploads\/2025\/07\/p52-29.jpg 1000w, https:\/\/www.heldenhaushalt.de\/sari02\/wp-content\/uploads\/2025\/07\/p52-29-300x221.jpg 300w, https:\/\/www.heldenhaushalt.de\/sari02\/wp-content\/uploads\/2025\/07\/p52-29-768x564.jpg 768w, https:\/\/www.heldenhaushalt.de\/sari02\/wp-content\/uploads\/2025\/07\/p52-29-82x60.jpg 82w\" sizes=\"auto, (max-width: 1000px) 100vw, 1000px\" \/><figcaption id=\"caption-attachment-64825\" class=\"wp-caption-text\">Projekt 52<\/figcaption><\/figure>\n<p>Egal, ob wir auf der Terrasse sitzen oder im Wohnzimmer und sie wirft durch die Fensterscheiben ein gem&#252;tliches Licht nach drinnen.&nbsp; Sie ist f&#252;r mich das ultimative Muss in lauen Sommerabenden mit lieben Menschen und im Winter die gem&#252;tliche Lichtquelle am Abend. Also muss dringend eine Neue her.<\/p>\n<p>Als ich sie so betrachtete, musste ich an das heutige Thema denken. Die vielen Lampen h&#228;ngen in einer langen Reihe an den Fenstern entlang, die eine oder andere tanzt aus dieser Mal raus, weil die Gl&#252;hbirne sich in eine andere Richtung dreht, als der Rest von ihnen&#8230; Also ist das heute mein Beitrag, auch wenn wir nun auf der Suche nach einer neuen sind.<\/p>\n<p>Und nun bin ich gespannt darauf, welche Themen wir f&#252;r den neuen Monat auslosen werden.<\/p>\n<p><strong>Weitere Beitr&#228;ge zu den Themen vom Projekt 52 im Juni&nbsp;<a href=\"https:\/\/www.heldenhaushalt.de\/sari02\/index.php\/2025\/06\/28\/projekt-52-im-juli-linkparty\/\">findet ihr hier<\/a>.<\/strong><\/p>\n","protected":false},"excerpt":{"rendered":"<p>Das letzte Thema vom Projekt 52 f&#252;r den Juli steht auf dem Plan und irgendwie war ich extrem Einfallslos was das angeht. Eigentlich wollte ich am Freitag die lange Schlange fotografieren, die vor dem Alexa am Alexanderplatz stand. Dort er&#246;ffnete n&#228;mlich der erste Popmart (wem das was sagt) in Berlin bzw. in ganz Deutschland und die Menschen sind tats&#228;chlich aus ganz Deutschland angereist um dort Blindboxen zu kaufen. Wie krass ist das bitte? Da ich eh hin musste um eine Hose im Decathlon umzutauschen, dachte ich, schaue ich mir mal an, wie lang die Schlange sein k&#246;nnte und w&#252;rde dann abw&#228;gen, ob ich mich anstelle oder nicht. Wir kamen kurz vor 10 Uhr dort an, also kurz vor Laden&#246;ffnung und die Menschenmassen standen einmal rund um das gesamte Einkaufszentrum an. In einem Bericht sp&#228;ter sah ich, dass man ungef&#228;hr 7 Minuten laufen musste, um die ganze Reihe einmal abzulaufen. Ich sprach einen der Securities an, weil ich wissen wollte, wie lange man wohl ungef&#228;hr anstehen w&#252;rde. Mit 3 Stunden k&#246;nne man wohl schon rechnen. Bei all der Liebe, nein danke&#8230; da komme ich lieber in zwei Wochen mal wieder, wenn sich alles beruhigt hat, und schaue, was es so gibt. Am Abend sah ich viele Berichte auf Insta und Co und dabei erfuhr ich, dass die Person, die als erstes rein durfte sage und schreibe 21 Stunden in der Reihe anstand. Am Vortag um 13 Uhr stellte er sich dort hin, zeltete vor dem Center und war dann am n&#228;chsten Tag um 10 Uhr der Erste (nach den ganzen Content-Creator, die nat&#252;rlich alle den Vorzug bekamen), der mit seinem Sohn rein durfte. Wie krass ist das bitte? Projekt 52 im Juli: Aus der Reihe tanzen Ja, irgendwie wollte ich diese lange Reihe f&#252;r das Projekt 52 fotografieren und war dann so geschockt davon, wie krass das dann doch war, dass ich es total verga&#223;. Wir tanzten dann aus der Reihe, in dem wir einfach wieder gingen. Wir tauschten die Hose um und fuhren wieder nach Hause. &#220;brigens wollte ich nicht mal einen von dieses Labubus. Ich h&#228;tte einfach gerne eine Box von Mickey and Friends Cute Together, aber vielleicht hat man da irgendwann ein anderes Mal Gl&#252;ck. Fun Fakt am Rande: Vor vielen, vielen Jahren standen wir auch vor dem Alexa mal an. An diesem Tag er&#246;ffnete der Elbenwald Store und viele Cosplayer liefen an der Reihe entlang, machten Fotos mit einem und verteilten S&#252;&#223;igkeiten. Wer verkleidet war, bekam sogar Rabatt und alle Darsteller waren vom gro&#223;en Sohn begeistert in seiner gelben Regenjacke. &#8220;Was f&#252;r ein cooles Georgie Kost&#252;m&#8221;, sagten sie alle. Es war &#252;brigens kein Kost&#252;m, sondern die ganz normale Regenjacke vom Sohn, aber das war egal, denn es bescherte uns einfach mal 40 % Rabatt und ich hatte endlich einen richtig sch&#246;nen Umhang und Zauberstab *lach*. Damals standen wir aber nicht lange an, denn aufgrund der Kinder wurden wir schon ein bisschen vorher mit reingenommen. Es war in jedem Fall ein sehr aufregender Tag. Die Umsetzung des Themas heute f&#228;llt allerdings n&#252;chterner aus&#8230; Da ich mein urspr&#252;ngliches Motiv total verga&#223;, sa&#223; ich nun gestern da und &#252;berlegte, wie ich das nun stattdessen umsetzen k&#246;nnte. Wir arbeiteten im Garten. Wenn es schon mal nicht regnet, k&#246;nnte man das ja gleich mal ausnutzen. Rasen M&#228;hen, ein wenig Unkraut angehen, Hochbeet bereinigen usw&#8230; Und dabei fiel mir auf: Meine geliebte Lichterkette geht nicht mehr. Und dabei liebe ich ihr Licht am Abend. Egal, ob wir auf der Terrasse sitzen oder im Wohnzimmer und sie wirft durch die Fensterscheiben ein gem&#252;tliches Licht nach drinnen.&nbsp; Sie ist f&#252;r mich das ultimative Muss in lauen Sommerabenden mit lieben Menschen und im Winter die gem&#252;tliche Lichtquelle am Abend. Also muss dringend eine Neue her. Als ich sie so betrachtete, musste ich an das heutige Thema denken. Die vielen Lampen h&#228;ngen in einer langen Reihe an den Fenstern entlang, die eine oder andere tanzt aus dieser Mal raus, weil die Gl&#252;hbirne sich in eine andere Richtung dreht, als der Rest von ihnen&#8230; Also ist das heute mein Beitrag, auch wenn wir nun auf der Suche nach einer neuen sind. Und nun bin ich gespannt darauf, welche Themen wir f&#252;r den neuen Monat auslosen werden. Weitere Beitr&#228;ge zu den Themen vom Projekt 52 im Juni&nbsp;findet ihr hier.<\/p>\n","protected":false},"author":1,"featured_media":64826,"comment_status":"open","ping_status":"open","sticky":false,"template":"","format":"standard","meta":{"ngg_post_thumbnail":0,"footnotes":""},"categories":[180],"tags":[395,288,396],"class_list":["post-64824","post","type-post","status-publish","format-standard","has-post-thumbnail","hentry","category-projekt-52","tag-fotografie","tag-fotoprojekt","tag-projekt-52"],"yoast_head":"<!-- This site is optimized with the Yoast SEO plugin v27.4 - https:\/\/yoast.com\/product\/yoast-seo-wordpress\/ -->\n<title>Projekt 52 im Juli: Aus der Reihe tanzen - Heldenhaushalt<\/title>\n<meta name=\"description\" content=\"Das letzte Thema vom Projekt 52 f\u00fcr den Juli steht auf dem Plan und irgendwie war ich extrem Einfallslos was das angeht.\" \/>\n<meta name=\"robots\" content=\"index, follow, max-snippet:-1, max-image-preview:large, max-video-preview:-1\" \/>\n<link rel=\"canonical\" href=\"https:\/\/www.heldenhaushalt.de\/sari02\/index.php\/2025\/07\/27\/projekt-52-im-juli-aus-der-reihe-tanzen\/\" \/>\n<meta property=\"og:locale\" content=\"de_DE\" \/>\n<meta property=\"og:type\" content=\"article\" \/>\n<meta property=\"og:title\" content=\"Projekt 52 im Juli: Aus der Reihe tanzen - Heldenhaushalt\" \/>\n<meta property=\"og:description\" content=\"Das letzte Thema vom Projekt 52 f\u00fcr den Juli steht auf dem Plan und irgendwie war ich extrem Einfallslos was das angeht.\" \/>\n<meta property=\"og:url\" content=\"https:\/\/www.heldenhaushalt.de\/sari02\/index.php\/2025\/07\/27\/projekt-52-im-juli-aus-der-reihe-tanzen\/\" \/>\n<meta property=\"og:site_name\" content=\"Heldenhaushalt\" \/>\n<meta property=\"article:published_time\" content=\"2025-07-27T08:41:20+00:00\" \/>\n<meta property=\"og:image\" content=\"https:\/\/www.heldenhaushalt.de\/sari02\/wp-content\/uploads\/2025\/07\/p52-29vor.jpg\" \/>\n\t<meta property=\"og:image:width\" content=\"1000\" \/>\n\t<meta property=\"og:image:height\" content=\"735\" \/>\n\t<meta property=\"og:image:type\" content=\"image\/jpeg\" \/>\n<meta name=\"author\" content=\"Sari\" \/>\n<meta name=\"twitter:card\" content=\"summary_large_image\" \/>\n<meta name=\"twitter:creator\" content=\"@Heldenhaushalt\" \/>\n<meta name=\"twitter:site\" content=\"@Heldenhaushalt\" \/>\n<meta name=\"twitter:label1\" content=\"Verfasst von\" \/>\n\t<meta name=\"twitter:data1\" content=\"Sari\" \/>\n\t<meta name=\"twitter:label2\" content=\"Gesch\u00e4tzte Lesezeit\" \/>\n\t<meta name=\"twitter:data2\" content=\"5\u00a0Minuten\" \/>\n<script type=\"application\/ld+json\" class=\"yoast-schema-graph\">{\"@context\":\"https:\\\/\\\/schema.org\",\"@graph\":[{\"@type\":\"Article\",\"@id\":\"https:\\\/\\\/www.heldenhaushalt.de\\\/sari02\\\/index.php\\\/2025\\\/07\\\/27\\\/projekt-52-im-juli-aus-der-reihe-tanzen\\\/#article\",\"isPartOf\":{\"@id\":\"https:\\\/\\\/www.heldenhaushalt.de\\\/sari02\\\/index.php\\\/2025\\\/07\\\/27\\\/projekt-52-im-juli-aus-der-reihe-tanzen\\\/\"},\"author\":{\"name\":\"Sari\",\"@id\":\"https:\\\/\\\/www.heldenhaushalt.de\\\/sari02\\\/#\\\/schema\\\/person\\\/a1cc69f42a01f412eb62c151353814f6\"},\"headline\":\"Projekt 52 im Juli: Aus der Reihe tanzen\",\"datePublished\":\"2025-07-27T08:41:20+00:00\",\"mainEntityOfPage\":{\"@id\":\"https:\\\/\\\/www.heldenhaushalt.de\\\/sari02\\\/index.php\\\/2025\\\/07\\\/27\\\/projekt-52-im-juli-aus-der-reihe-tanzen\\\/\"},\"wordCount\":771,\"commentCount\":6,\"publisher\":{\"@id\":\"https:\\\/\\\/www.heldenhaushalt.de\\\/sari02\\\/#\\\/schema\\\/person\\\/a1cc69f42a01f412eb62c151353814f6\"},\"image\":{\"@id\":\"https:\\\/\\\/www.heldenhaushalt.de\\\/sari02\\\/index.php\\\/2025\\\/07\\\/27\\\/projekt-52-im-juli-aus-der-reihe-tanzen\\\/#primaryimage\"},\"thumbnailUrl\":\"https:\\\/\\\/www.heldenhaushalt.de\\\/sari02\\\/wp-content\\\/uploads\\\/2025\\\/07\\\/p52-29vor.jpg\",\"keywords\":[\"Fotografie\",\"Fotoprojekt\",\"Projekt 52\"],\"articleSection\":[\"Projekt 52\"],\"inLanguage\":\"de\",\"potentialAction\":[{\"@type\":\"CommentAction\",\"name\":\"Comment\",\"target\":[\"https:\\\/\\\/www.heldenhaushalt.de\\\/sari02\\\/index.php\\\/2025\\\/07\\\/27\\\/projekt-52-im-juli-aus-der-reihe-tanzen\\\/#respond\"]}]},{\"@type\":\"WebPage\",\"@id\":\"https:\\\/\\\/www.heldenhaushalt.de\\\/sari02\\\/index.php\\\/2025\\\/07\\\/27\\\/projekt-52-im-juli-aus-der-reihe-tanzen\\\/\",\"url\":\"https:\\\/\\\/www.heldenhaushalt.de\\\/sari02\\\/index.php\\\/2025\\\/07\\\/27\\\/projekt-52-im-juli-aus-der-reihe-tanzen\\\/\",\"name\":\"Projekt 52 im Juli: Aus der Reihe tanzen - Heldenhaushalt\",\"isPartOf\":{\"@id\":\"https:\\\/\\\/www.heldenhaushalt.de\\\/sari02\\\/#website\"},\"primaryImageOfPage\":{\"@id\":\"https:\\\/\\\/www.heldenhaushalt.de\\\/sari02\\\/index.php\\\/2025\\\/07\\\/27\\\/projekt-52-im-juli-aus-der-reihe-tanzen\\\/#primaryimage\"},\"image\":{\"@id\":\"https:\\\/\\\/www.heldenhaushalt.de\\\/sari02\\\/index.php\\\/2025\\\/07\\\/27\\\/projekt-52-im-juli-aus-der-reihe-tanzen\\\/#primaryimage\"},\"thumbnailUrl\":\"https:\\\/\\\/www.heldenhaushalt.de\\\/sari02\\\/wp-content\\\/uploads\\\/2025\\\/07\\\/p52-29vor.jpg\",\"datePublished\":\"2025-07-27T08:41:20+00:00\",\"description\":\"Das letzte Thema vom Projekt 52 f\u00fcr den Juli steht auf dem Plan und irgendwie war ich extrem Einfallslos was das angeht.\",\"breadcrumb\":{\"@id\":\"https:\\\/\\\/www.heldenhaushalt.de\\\/sari02\\\/index.php\\\/2025\\\/07\\\/27\\\/projekt-52-im-juli-aus-der-reihe-tanzen\\\/#breadcrumb\"},\"inLanguage\":\"de\",\"potentialAction\":[{\"@type\":\"ReadAction\",\"target\":[\"https:\\\/\\\/www.heldenhaushalt.de\\\/sari02\\\/index.php\\\/2025\\\/07\\\/27\\\/projekt-52-im-juli-aus-der-reihe-tanzen\\\/\"]}]},{\"@type\":\"ImageObject\",\"inLanguage\":\"de\",\"@id\":\"https:\\\/\\\/www.heldenhaushalt.de\\\/sari02\\\/index.php\\\/2025\\\/07\\\/27\\\/projekt-52-im-juli-aus-der-reihe-tanzen\\\/#primaryimage\",\"url\":\"https:\\\/\\\/www.heldenhaushalt.de\\\/sari02\\\/wp-content\\\/uploads\\\/2025\\\/07\\\/p52-29vor.jpg\",\"contentUrl\":\"https:\\\/\\\/www.heldenhaushalt.de\\\/sari02\\\/wp-content\\\/uploads\\\/2025\\\/07\\\/p52-29vor.jpg\",\"width\":1000,\"height\":735,\"caption\":\"Projekt 52\"},{\"@type\":\"BreadcrumbList\",\"@id\":\"https:\\\/\\\/www.heldenhaushalt.de\\\/sari02\\\/index.php\\\/2025\\\/07\\\/27\\\/projekt-52-im-juli-aus-der-reihe-tanzen\\\/#breadcrumb\",\"itemListElement\":[{\"@type\":\"ListItem\",\"position\":1,\"name\":\"Startseite\",\"item\":\"https:\\\/\\\/www.heldenhaushalt.de\\\/sari02\\\/\"},{\"@type\":\"ListItem\",\"position\":2,\"name\":\"Projekt 52 im Juli: Aus der Reihe tanzen\"}]},{\"@type\":\"WebSite\",\"@id\":\"https:\\\/\\\/www.heldenhaushalt.de\\\/sari02\\\/#website\",\"url\":\"https:\\\/\\\/www.heldenhaushalt.de\\\/sari02\\\/\",\"name\":\"Heldenhaushalt\",\"description\":\"Wer es ordentlich haben will, der muss vorher anrufen\",\"publisher\":{\"@id\":\"https:\\\/\\\/www.heldenhaushalt.de\\\/sari02\\\/#\\\/schema\\\/person\\\/a1cc69f42a01f412eb62c151353814f6\"},\"potentialAction\":[{\"@type\":\"SearchAction\",\"target\":{\"@type\":\"EntryPoint\",\"urlTemplate\":\"https:\\\/\\\/www.heldenhaushalt.de\\\/sari02\\\/?s={search_term_string}\"},\"query-input\":{\"@type\":\"PropertyValueSpecification\",\"valueRequired\":true,\"valueName\":\"search_term_string\"}}],\"inLanguage\":\"de\"},{\"@type\":[\"Person\",\"Organization\"],\"@id\":\"https:\\\/\\\/www.heldenhaushalt.de\\\/sari02\\\/#\\\/schema\\\/person\\\/a1cc69f42a01f412eb62c151353814f6\",\"name\":\"Sari\",\"image\":{\"@type\":\"ImageObject\",\"inLanguage\":\"de\",\"@id\":\"https:\\\/\\\/www.heldenhaushalt.de\\\/sari02\\\/wp-content\\\/uploads\\\/2019\\\/02\\\/sari-april2018.png\",\"url\":\"https:\\\/\\\/www.heldenhaushalt.de\\\/sari02\\\/wp-content\\\/uploads\\\/2019\\\/02\\\/sari-april2018.png\",\"contentUrl\":\"https:\\\/\\\/www.heldenhaushalt.de\\\/sari02\\\/wp-content\\\/uploads\\\/2019\\\/02\\\/sari-april2018.png\",\"width\":500,\"height\":500,\"caption\":\"Sari\"},\"logo\":{\"@id\":\"https:\\\/\\\/www.heldenhaushalt.de\\\/sari02\\\/wp-content\\\/uploads\\\/2019\\\/02\\\/sari-april2018.png\"},\"description\":\"Frau Mondgras \u2013 Das bin ich, Sari. Gerne auch als Sari Mondgras bekannt und im Internet zu finden. 2-Fach-Mutter, Heldenehefrau, Kreativling, Harmonies\u00fcchtig und st\u00e4ndig auf der Suche nach Gl\u00fcck. Ich komme aus Berlin, bin hier aufgewachsen und lebe hier seit ich denken kann.\",\"sameAs\":[\"https:\\\/\\\/www.instagram.com\\\/heldenhaushalt\\\/\"],\"url\":\"https:\\\/\\\/www.heldenhaushalt.de\\\/sari02\\\/index.php\\\/author\\\/admin\\\/\"}]}<\/script>\n<!-- \/ Yoast SEO plugin. -->","yoast_head_json":{"title":"Projekt 52 im Juli: Aus der Reihe tanzen - Heldenhaushalt","description":"Das letzte Thema vom Projekt 52 f\u00fcr den Juli steht auf dem Plan und irgendwie war ich extrem Einfallslos was das angeht.","robots":{"index":"index","follow":"follow","max-snippet":"max-snippet:-1","max-image-preview":"max-image-preview:large","max-video-preview":"max-video-preview:-1"},"canonical":"https:\/\/www.heldenhaushalt.de\/sari02\/index.php\/2025\/07\/27\/projekt-52-im-juli-aus-der-reihe-tanzen\/","og_locale":"de_DE","og_type":"article","og_title":"Projekt 52 im Juli: Aus der Reihe tanzen - Heldenhaushalt","og_description":"Das letzte Thema vom Projekt 52 f\u00fcr den Juli steht auf dem Plan und irgendwie war ich extrem Einfallslos was das angeht.","og_url":"https:\/\/www.heldenhaushalt.de\/sari02\/index.php\/2025\/07\/27\/projekt-52-im-juli-aus-der-reihe-tanzen\/","og_site_name":"Heldenhaushalt","article_published_time":"2025-07-27T08:41:20+00:00","og_image":[{"width":1000,"height":735,"url":"https:\/\/www.heldenhaushalt.de\/sari02\/wp-content\/uploads\/2025\/07\/p52-29vor.jpg","type":"image\/jpeg"}],"author":"Sari","twitter_card":"summary_large_image","twitter_creator":"@Heldenhaushalt","twitter_site":"@Heldenhaushalt","twitter_misc":{"Verfasst von":"Sari","Gesch\u00e4tzte Lesezeit":"5\u00a0Minuten"},"schema":{"@context":"https:\/\/schema.org","@graph":[{"@type":"Article","@id":"https:\/\/www.heldenhaushalt.de\/sari02\/index.php\/2025\/07\/27\/projekt-52-im-juli-aus-der-reihe-tanzen\/#article","isPartOf":{"@id":"https:\/\/www.heldenhaushalt.de\/sari02\/index.php\/2025\/07\/27\/projekt-52-im-juli-aus-der-reihe-tanzen\/"},"author":{"name":"Sari","@id":"https:\/\/www.heldenhaushalt.de\/sari02\/#\/schema\/person\/a1cc69f42a01f412eb62c151353814f6"},"headline":"Projekt 52 im Juli: Aus der Reihe tanzen","datePublished":"2025-07-27T08:41:20+00:00","mainEntityOfPage":{"@id":"https:\/\/www.heldenhaushalt.de\/sari02\/index.php\/2025\/07\/27\/projekt-52-im-juli-aus-der-reihe-tanzen\/"},"wordCount":771,"commentCount":6,"publisher":{"@id":"https:\/\/www.heldenhaushalt.de\/sari02\/#\/schema\/person\/a1cc69f42a01f412eb62c151353814f6"},"image":{"@id":"https:\/\/www.heldenhaushalt.de\/sari02\/index.php\/2025\/07\/27\/projekt-52-im-juli-aus-der-reihe-tanzen\/#primaryimage"},"thumbnailUrl":"https:\/\/www.heldenhaushalt.de\/sari02\/wp-content\/uploads\/2025\/07\/p52-29vor.jpg","keywords":["Fotografie","Fotoprojekt","Projekt 52"],"articleSection":["Projekt 52"],"inLanguage":"de","potentialAction":[{"@type":"CommentAction","name":"Comment","target":["https:\/\/www.heldenhaushalt.de\/sari02\/index.php\/2025\/07\/27\/projekt-52-im-juli-aus-der-reihe-tanzen\/#respond"]}]},{"@type":"WebPage","@id":"https:\/\/www.heldenhaushalt.de\/sari02\/index.php\/2025\/07\/27\/projekt-52-im-juli-aus-der-reihe-tanzen\/","url":"https:\/\/www.heldenhaushalt.de\/sari02\/index.php\/2025\/07\/27\/projekt-52-im-juli-aus-der-reihe-tanzen\/","name":"Projekt 52 im Juli: Aus der Reihe tanzen - Heldenhaushalt","isPartOf":{"@id":"https:\/\/www.heldenhaushalt.de\/sari02\/#website"},"primaryImageOfPage":{"@id":"https:\/\/www.heldenhaushalt.de\/sari02\/index.php\/2025\/07\/27\/projekt-52-im-juli-aus-der-reihe-tanzen\/#primaryimage"},"image":{"@id":"https:\/\/www.heldenhaushalt.de\/sari02\/index.php\/2025\/07\/27\/projekt-52-im-juli-aus-der-reihe-tanzen\/#primaryimage"},"thumbnailUrl":"https:\/\/www.heldenhaushalt.de\/sari02\/wp-content\/uploads\/2025\/07\/p52-29vor.jpg","datePublished":"2025-07-27T08:41:20+00:00","description":"Das letzte Thema vom Projekt 52 f\u00fcr den Juli steht auf dem Plan und irgendwie war ich extrem Einfallslos was das angeht.","breadcrumb":{"@id":"https:\/\/www.heldenhaushalt.de\/sari02\/index.php\/2025\/07\/27\/projekt-52-im-juli-aus-der-reihe-tanzen\/#breadcrumb"},"inLanguage":"de","potentialAction":[{"@type":"ReadAction","target":["https:\/\/www.heldenhaushalt.de\/sari02\/index.php\/2025\/07\/27\/projekt-52-im-juli-aus-der-reihe-tanzen\/"]}]},{"@type":"ImageObject","inLanguage":"de","@id":"https:\/\/www.heldenhaushalt.de\/sari02\/index.php\/2025\/07\/27\/projekt-52-im-juli-aus-der-reihe-tanzen\/#primaryimage","url":"https:\/\/www.heldenhaushalt.de\/sari02\/wp-content\/uploads\/2025\/07\/p52-29vor.jpg","contentUrl":"https:\/\/www.heldenhaushalt.de\/sari02\/wp-content\/uploads\/2025\/07\/p52-29vor.jpg","width":1000,"height":735,"caption":"Projekt 52"},{"@type":"BreadcrumbList","@id":"https:\/\/www.heldenhaushalt.de\/sari02\/index.php\/2025\/07\/27\/projekt-52-im-juli-aus-der-reihe-tanzen\/#breadcrumb","itemListElement":[{"@type":"ListItem","position":1,"name":"Startseite","item":"https:\/\/www.heldenhaushalt.de\/sari02\/"},{"@type":"ListItem","position":2,"name":"Projekt 52 im Juli: Aus der Reihe tanzen"}]},{"@type":"WebSite","@id":"https:\/\/www.heldenhaushalt.de\/sari02\/#website","url":"https:\/\/www.heldenhaushalt.de\/sari02\/","name":"Heldenhaushalt","description":"Wer es ordentlich haben will, der muss vorher anrufen","publisher":{"@id":"https:\/\/www.heldenhaushalt.de\/sari02\/#\/schema\/person\/a1cc69f42a01f412eb62c151353814f6"},"potentialAction":[{"@type":"SearchAction","target":{"@type":"EntryPoint","urlTemplate":"https:\/\/www.heldenhaushalt.de\/sari02\/?s={search_term_string}"},"query-input":{"@type":"PropertyValueSpecification","valueRequired":true,"valueName":"search_term_string"}}],"inLanguage":"de"},{"@type":["Person","Organization"],"@id":"https:\/\/www.heldenhaushalt.de\/sari02\/#\/schema\/person\/a1cc69f42a01f412eb62c151353814f6","name":"Sari","image":{"@type":"ImageObject","inLanguage":"de","@id":"https:\/\/www.heldenhaushalt.de\/sari02\/wp-content\/uploads\/2019\/02\/sari-april2018.png","url":"https:\/\/www.heldenhaushalt.de\/sari02\/wp-content\/uploads\/2019\/02\/sari-april2018.png","contentUrl":"https:\/\/www.heldenhaushalt.de\/sari02\/wp-content\/uploads\/2019\/02\/sari-april2018.png","width":500,"height":500,"caption":"Sari"},"logo":{"@id":"https:\/\/www.heldenhaushalt.de\/sari02\/wp-content\/uploads\/2019\/02\/sari-april2018.png"},"description":"Frau Mondgras \u2013 Das bin ich, Sari. Gerne auch als Sari Mondgras bekannt und im Internet zu finden. 2-Fach-Mutter, Heldenehefrau, Kreativling, Harmonies\u00fcchtig und st\u00e4ndig auf der Suche nach Gl\u00fcck. Ich komme aus Berlin, bin hier aufgewachsen und lebe hier seit ich denken kann.","sameAs":["https:\/\/www.instagram.com\/heldenhaushalt\/"],"url":"https:\/\/www.heldenhaushalt.de\/sari02\/index.php\/author\/admin\/"}]}},"views":1008,"_links":{"self":[{"href":"https:\/\/www.heldenhaushalt.de\/sari02\/index.php\/wp-json\/wp\/v2\/posts\/64824","targetHints":{"allow":["GET"]}}],"collection":[{"href":"https:\/\/www.heldenhaushalt.de\/sari02\/index.php\/wp-json\/wp\/v2\/posts"}],"about":[{"href":"https:\/\/www.heldenhaushalt.de\/sari02\/index.php\/wp-json\/wp\/v2\/types\/post"}],"author":[{"embeddable":true,"href":"https:\/\/www.heldenhaushalt.de\/sari02\/index.php\/wp-json\/wp\/v2\/users\/1"}],"replies":[{"embeddable":true,"href":"https:\/\/www.heldenhaushalt.de\/sari02\/index.php\/wp-json\/wp\/v2\/comments?post=64824"}],"version-history":[{"count":2,"href":"https:\/\/www.heldenhaushalt.de\/sari02\/index.php\/wp-json\/wp\/v2\/posts\/64824\/revisions"}],"predecessor-version":[{"id":64828,"href":"https:\/\/www.heldenhaushalt.de\/sari02\/index.php\/wp-json\/wp\/v2\/posts\/64824\/revisions\/64828"}],"wp:featuredmedia":[{"embeddable":true,"href":"https:\/\/www.heldenhaushalt.de\/sari02\/index.php\/wp-json\/wp\/v2\/media\/64826"}],"wp:attachment":[{"href":"https:\/\/www.heldenhaushalt.de\/sari02\/index.php\/wp-json\/wp\/v2\/media?parent=64824"}],"wp:term":[{"taxonomy":"category","embeddable":true,"href":"https:\/\/www.heldenhaushalt.de\/sari02\/index.php\/wp-json\/wp\/v2\/categories?post=64824"},{"taxonomy":"post_tag","embeddable":true,"href":"https:\/\/www.heldenhaushalt.de\/sari02\/index.php\/wp-json\/wp\/v2\/tags?post=64824"}],"curies":[{"name":"wp","href":"https:\/\/api.w.org\/{rel}","templated":true}]}}