{"id":65203,"date":"2025-09-12T09:40:31","date_gmt":"2025-09-12T07:40:31","guid":{"rendered":"https:\/\/www.heldenhaushalt.de\/sari02\/?p=65203"},"modified":"2025-09-12T09:42:31","modified_gmt":"2025-09-12T07:42:31","slug":"unsere-wochenlieblinge-372025","status":"publish","type":"post","link":"https:\/\/www.heldenhaushalt.de\/sari02\/index.php\/2025\/09\/12\/unsere-wochenlieblinge-372025\/","title":{"rendered":"Unsere Wochenlieblinge 37\/2025 \u2013 Erste Woche geschafft"},"content":{"rendered":"<p style=\"text-align: right;\"><small>Enth&#228;lt (unbezahlte) Werbung*<\/small><\/p>\n<p>Die erste Schulwoche ist mehr oder weniger unbeschadet &#252;berstanden. Wie erwartet gibt es aber direkt die erste Schnupfnase und m&#252;de sind wir auch alle. Wobei ich aktuell nicht sagen kann, dass ich Schlafmangel m&#252;de bin, sondern einfach mental m&#252;de. Zu viel passiert gerade auf emotionaler Ebene mal wieder im Off und ich hab an manchen Tagen so die Nase voll. Dabei sind wir doch noch weit entfernt vom Winterblues. Mal abgesehen davon, dass ich beim Jahreszeitenwechsel ja immer so mit Kopfschmerzen und Unwohlsein zu tun habe, freue ich mich aber dennoch auf die k&#252;hleren Tage und dass sich das jetzt schon morgens und abends bemerkbar macht. Auch das Licht ver&#228;ndert sich langsam und ich liebs&#8230;<\/p>\n<p>Daf&#252;r, dass es die erste Schulwoche war, enthalten die Wochenlieblinge noch recht wenig an Schulthemen &#252;berraschender Weise.<\/p>\n<p><strong>&#220;brigens:<\/strong> Der Mann und ich haben heute tats&#228;chlich schon 17. Hochzeitstag! Ist das zu fassen?<\/p>\n\n<hr>\n<h3><span id=\"Unsere_Wochenlieblinge_in_dieser_Woche\">Unsere Wochenlieblinge in dieser Woche\u2026<\/span><\/h3>\n<p>Der Tag war also gekommen. Montag. F&#252;r alle klingelte der Wecker sehr fr&#252;h. Der Mann verlie&#223; als erster das Haus und musste einen fr&#252;hen Zug zur Arbeit nehmen. Mit den Kindern zog ich dann gemeinsam los.<\/p>\n<figure id=\"attachment_65205\" aria-describedby=\"caption-attachment-65205\" style=\"width: 1000px\" class=\"wp-caption alignnone\"><img loading=\"lazy\" decoding=\"async\" class=\"size-full wp-image-65205\" src=\"https:\/\/www.heldenhaushalt.de\/sari02\/wp-content\/uploads\/2025\/09\/37-01.jpg\" alt=\"Wochenlieblinge\" width=\"1000\" height=\"745\" srcset=\"https:\/\/www.heldenhaushalt.de\/sari02\/wp-content\/uploads\/2025\/09\/37-01.jpg 1000w, https:\/\/www.heldenhaushalt.de\/sari02\/wp-content\/uploads\/2025\/09\/37-01-300x224.jpg 300w, https:\/\/www.heldenhaushalt.de\/sari02\/wp-content\/uploads\/2025\/09\/37-01-768x572.jpg 768w, https:\/\/www.heldenhaushalt.de\/sari02\/wp-content\/uploads\/2025\/09\/37-01-81x60.jpg 81w\" sizes=\"auto, (max-width: 1000px) 100vw, 1000px\" \/><figcaption id=\"caption-attachment-65205\" class=\"wp-caption-text\">Die Woche startet mit Regenbogen<\/figcaption><\/figure>\n<p>Erst begleiteten der kleine Sohn und ich den gro&#223;en Bruder noch ein St&#252;ck zu seinem Schulfr&#252;hst&#252;ck und dann machten wir einen Bogen zum B&#228;cker und dann weiter Richtung Schule. Dieses Jahr ist der kleine Sohn kein Hortkind mehr. Er ist irgendwie im letzten Jahr nicht mehr gerne dorthin gegangen, das Essen schmeckte auch nie und so ein Laugenbr&#246;tchen im Ranzen hat ja auch nochmal seine ganz eigenen Vorz&#252;ge. Ob ein Regenbogen am Morgen ein gutes Omen f&#252;r den Tag ist?<\/p>\n<figure id=\"attachment_65206\" aria-describedby=\"caption-attachment-65206\" style=\"width: 1000px\" class=\"wp-caption alignnone\"><img loading=\"lazy\" decoding=\"async\" class=\"size-full wp-image-65206\" src=\"https:\/\/www.heldenhaushalt.de\/sari02\/wp-content\/uploads\/2025\/09\/37-02.jpg\" alt=\"Laufen\" width=\"1000\" height=\"698\" srcset=\"https:\/\/www.heldenhaushalt.de\/sari02\/wp-content\/uploads\/2025\/09\/37-02.jpg 1000w, https:\/\/www.heldenhaushalt.de\/sari02\/wp-content\/uploads\/2025\/09\/37-02-300x209.jpg 300w, https:\/\/www.heldenhaushalt.de\/sari02\/wp-content\/uploads\/2025\/09\/37-02-768x536.jpg 768w, https:\/\/www.heldenhaushalt.de\/sari02\/wp-content\/uploads\/2025\/09\/37-02-86x60.jpg 86w\" sizes=\"auto, (max-width: 1000px) 100vw, 1000px\" \/><figcaption id=\"caption-attachment-65206\" class=\"wp-caption-text\">Laufen mit der freiwilligen Feuerwehr<\/figcaption><\/figure>\n<p>Am Abend gab es dann meine erste Laufrunde der Woche und der aufreibende Sonntag sa&#223; mir noch tief in den Knochen. Das merkte ich. Die M&#252;digkeit war beim Laufen so extrem sp&#252;rbar. Ausgerechnet an diesem Tag baute die Freiwillige Feuerwehr auf der Tartanbahn &#220;bungen auf, so dass ich immer wieder drumherum laufen musste und unsicher war, ob sie jetzt einen Sprint mit Feuerwehrschlauch absolvierten oder nicht. Chaotisch war das&#8230;<\/p>\n<figure id=\"attachment_65207\" aria-describedby=\"caption-attachment-65207\" style=\"width: 1000px\" class=\"wp-caption alignnone\"><img loading=\"lazy\" decoding=\"async\" class=\"size-full wp-image-65207\" src=\"https:\/\/www.heldenhaushalt.de\/sari02\/wp-content\/uploads\/2025\/09\/37-03.jpg\" alt=\"Fu&#223;ball\" width=\"1000\" height=\"698\" srcset=\"https:\/\/www.heldenhaushalt.de\/sari02\/wp-content\/uploads\/2025\/09\/37-03.jpg 1000w, https:\/\/www.heldenhaushalt.de\/sari02\/wp-content\/uploads\/2025\/09\/37-03-300x209.jpg 300w, https:\/\/www.heldenhaushalt.de\/sari02\/wp-content\/uploads\/2025\/09\/37-03-768x536.jpg 768w, https:\/\/www.heldenhaushalt.de\/sari02\/wp-content\/uploads\/2025\/09\/37-03-86x60.jpg 86w\" sizes=\"auto, (max-width: 1000px) 100vw, 1000px\" \/><figcaption id=\"caption-attachment-65207\" class=\"wp-caption-text\">Testspiel unter der Woche<\/figcaption><\/figure>\n<p>Der zweite Lauf der Woche verschob sich dann, weil der gro&#223;e Sohn an dem Tag ein Testspiel gegen die A-Jugend im Verein hatte. Das schaue ich mir nat&#252;rlich gerne an und struggelte damit, wann ich an diesem Tag dann laufen w&#252;rde. Am Ende schob ich es auf den n&#228;chsten Tag und werde dementsprechend schauen, ob ich heute wie gewohnt laufen gehe oder es auf Samstag schiebe, um die Regenerationspausen nicht auszulassen. Das Spiel lief gut und wurde mehr als eindeutig gewonnen. Auch der kleine Sohn spielte zuvor gegen die Jahrgangs&#228;lteren und konnte mir von einem sch&#246;nen Sieg berichten.<\/p>\n<figure id=\"attachment_65208\" aria-describedby=\"caption-attachment-65208\" style=\"width: 1000px\" class=\"wp-caption alignnone\"><img loading=\"lazy\" decoding=\"async\" class=\"size-full wp-image-65208\" src=\"https:\/\/www.heldenhaushalt.de\/sari02\/wp-content\/uploads\/2025\/09\/37-04.jpg\" alt=\"Wochenlieblinge\" width=\"1000\" height=\"732\" srcset=\"https:\/\/www.heldenhaushalt.de\/sari02\/wp-content\/uploads\/2025\/09\/37-04.jpg 1000w, https:\/\/www.heldenhaushalt.de\/sari02\/wp-content\/uploads\/2025\/09\/37-04-300x220.jpg 300w, https:\/\/www.heldenhaushalt.de\/sari02\/wp-content\/uploads\/2025\/09\/37-04-768x562.jpg 768w, https:\/\/www.heldenhaushalt.de\/sari02\/wp-content\/uploads\/2025\/09\/37-04-82x60.jpg 82w\" sizes=\"auto, (max-width: 1000px) 100vw, 1000px\" \/><figcaption id=\"caption-attachment-65208\" class=\"wp-caption-text\">Etwas Herbst-Vibes<\/figcaption><\/figure>\n<p>Nach einer verregneten Nacht zog ich dann spontan die Halloween-Strickjacke aus dem Schrank. Mir war irgendwie danach und die Luft am Morgen ist einfach herrlich. Ich brauche dieses Kuschelgef&#252;hl derzeit. So ging es dann auch am Nachmittag zum Athletik Training des kleinen Sohnes, das wir dann gerne mit dem Wocheneinkauf kombinieren.<\/p>\n<figure id=\"attachment_65209\" aria-describedby=\"caption-attachment-65209\" style=\"width: 1000px\" class=\"wp-caption alignnone\"><img loading=\"lazy\" decoding=\"async\" class=\"size-full wp-image-65209\" src=\"https:\/\/www.heldenhaushalt.de\/sari02\/wp-content\/uploads\/2025\/09\/37-05.jpg\" alt=\"Kakao\" width=\"1000\" height=\"754\" srcset=\"https:\/\/www.heldenhaushalt.de\/sari02\/wp-content\/uploads\/2025\/09\/37-05.jpg 1000w, https:\/\/www.heldenhaushalt.de\/sari02\/wp-content\/uploads\/2025\/09\/37-05-300x226.jpg 300w, https:\/\/www.heldenhaushalt.de\/sari02\/wp-content\/uploads\/2025\/09\/37-05-768x579.jpg 768w, https:\/\/www.heldenhaushalt.de\/sari02\/wp-content\/uploads\/2025\/09\/37-05-80x60.jpg 80w\" sizes=\"auto, (max-width: 1000px) 100vw, 1000px\" \/><figcaption id=\"caption-attachment-65209\" class=\"wp-caption-text\">Mentale Aufladung<\/figcaption><\/figure>\n<p>Ich wei&#223; noch nicht so recht, wie ich die mentale Batterie die Tage aufgeladen bekomme. Daf&#252;r m&#252;ssen wohl erst einmal ein paar H&#252;rden zerschlagen werden, aber ich arbeite daran. Me-Time und mentale Auszeiten stehen wohl auf dem Tagesplan. Am Wochenende haben die Kinder wieder Spiele und irgendwie sind das tats&#228;chlich die Zeiten, wo ich immer gerne bin, auch wenn es hei&#223;t, dass die Tage voll sind. Auch bin ich ja noch dran mir meine Routinen f&#252;r n&#228;chste Woche zu erarbeiten. Lacht mich nicht aus, aber ich habe just for fun die KI mal einen Routinenplan f&#252;r mich entwerfen lassen. Vielleicht teile ich das mal mit euch. So mit Vorher und Nachher mit Fazit oder so&#8230;<\/p>\n<hr>\n<h3><span id=\"Unsere_High_Five_der_Woche\"><span id=\"Zeit_fur_die_Freitagsfragen\">Unsere&nbsp;<\/span><span id=\"Zeit_fur_die_Freitagsfragen\">\u201cHigh Five\u201d der Woche<\/span><\/span><\/h3>\n<p><strong>Bei den \u201cHigh Five\u201d von Sabine geht es darum f&#252;nf Dinge zu finden, die in der Woche gut waren.&nbsp;<a href=\"https:\/\/mausloch.blogspot.com\/p\/blogparade-high-five-am-sonntag.html\" target=\"_blank\" rel=\"noopener\">Erfahrt hier mehr dazu<\/a>.<\/strong><\/p>\n<ul>\n<li>Ich habe es hinbekommen dem kleinen Sohn ein spontanes Playdate zu erm&#246;glichen<\/li>\n<li>Die Siege der Kinder<\/li>\n<li>Wir haben die erste Schulwoche (mehr oder weniger) unbeschadet &#252;berstanden<\/li>\n<li>Frische Luft am Morgen<\/li>\n<li>Lacht nicht: Weihnachtsdeko gekauft :)<\/li>\n<\/ul>\n<hr>\n<h3><span id=\"Wochenlieblinge_in_der_Blogsphare\">Wochenlieblinge in der Blogsph&#228;re<\/span><\/h3>\n<p><strong>An dieser Stelle gibt es immer lesenswerte Wochenlieblinge, Fundst&#252;cke aus dem Internet oder der Blogsph&#228;re und Neuzug&#228;nge im Feed Reader, falls es welche gibt.<\/strong><\/p>\n<ul>\n<li>Judith Peters l&#228;dt wieder zu einer gemeinsamen Blog-Aktion im Oktober ein: <a href=\"https:\/\/judithpeters.de\/blogtoberfest\/?SOURCE=meta\" target=\"_blank\" rel=\"noopener\">Blogtoberfest<\/a><\/li>\n<\/ul>\n<hr>\n<h3><span id=\"Zeit_fur_die_Freitagsfragen\">Zeit f&#252;r die Freitagsfragen&nbsp;<\/span><\/h3>\n<figure id=\"attachment_65215\" aria-describedby=\"caption-attachment-65215\" style=\"width: 1000px\" class=\"wp-caption alignnone\"><img loading=\"lazy\" decoding=\"async\" class=\"size-full wp-image-65215\" src=\"https:\/\/www.heldenhaushalt.de\/sari02\/wp-content\/uploads\/2025\/09\/37-06.jpg\" alt=\"Laufen\" width=\"1000\" height=\"718\" srcset=\"https:\/\/www.heldenhaushalt.de\/sari02\/wp-content\/uploads\/2025\/09\/37-06.jpg 1000w, https:\/\/www.heldenhaushalt.de\/sari02\/wp-content\/uploads\/2025\/09\/37-06-300x215.jpg 300w, https:\/\/www.heldenhaushalt.de\/sari02\/wp-content\/uploads\/2025\/09\/37-06-768x551.jpg 768w, https:\/\/www.heldenhaushalt.de\/sari02\/wp-content\/uploads\/2025\/09\/37-06-84x60.jpg 84w\" sizes=\"auto, (max-width: 1000px) 100vw, 1000px\" \/><figcaption id=\"caption-attachment-65215\" class=\"wp-caption-text\">Eventuell am Donnerstag in Starkregen beim Laufen geraten<\/figcaption><\/figure>\n<p><strong>Und zum Abschluss auch dieses Mal wieder Wochenlieblinge mit dem&nbsp;<a href=\"https:\/\/scrapimpulse.com\/2025\/09\/freitagstipps-freitagsfueller-840\/\" target=\"_blank\" rel=\"noopener\">Freitagsf&#252;ller von Babara<\/a>.<\/strong><\/p>\n<p>Den ich wohl leider nachreichen muss, falls ein aktueller noch kommen sollte&#8230;<\/p>\n<p><small>*<strong>Anmerkung:<\/strong>&nbsp;Der Artikel &#252;ber unsere Wochenlieblinge enth&#228;lt evtl. Bilder mit Produkten, die wir in unserem Alltag nutzen oder Linkempfehlungen. Wir haben keine Bezahlung f&#252;r das Zeigen oder Nutzen derselbigen erhalten. Affiliate Links sind als solche markiert.<\/small><\/p>\n","protected":false},"excerpt":{"rendered":"<p>Enth&#228;lt (unbezahlte) Werbung* Die erste Schulwoche ist mehr oder weniger unbeschadet &#252;berstanden. Wie erwartet gibt es aber direkt die erste Schnupfnase und m&#252;de sind wir auch alle. Wobei ich aktuell nicht sagen kann, dass ich Schlafmangel m&#252;de bin, sondern einfach mental m&#252;de. Zu viel passiert gerade auf emotionaler Ebene mal wieder im Off und ich hab an manchen Tagen so die Nase voll. Dabei sind wir doch noch weit entfernt vom Winterblues. Mal abgesehen davon, dass ich beim Jahreszeitenwechsel ja immer so mit Kopfschmerzen und Unwohlsein zu tun habe, freue ich mich aber dennoch auf die k&#252;hleren Tage und dass sich das jetzt schon morgens und abends bemerkbar macht. Auch das Licht ver&#228;ndert sich langsam und ich liebs&#8230; Daf&#252;r, dass es die erste Schulwoche war, enthalten die Wochenlieblinge noch recht wenig an Schulthemen &#252;berraschender Weise. &#220;brigens: Der Mann und ich haben heute tats&#228;chlich schon 17. Hochzeitstag! Ist das zu fassen? Unsere Wochenlieblinge in dieser Woche\u2026 Der Tag war also gekommen. Montag. F&#252;r alle klingelte der Wecker sehr fr&#252;h. Der Mann verlie&#223; als erster das Haus und musste einen fr&#252;hen Zug zur Arbeit nehmen. Mit den Kindern zog ich dann gemeinsam los. Erst begleiteten der kleine Sohn und ich den gro&#223;en Bruder noch ein St&#252;ck zu seinem Schulfr&#252;hst&#252;ck und dann machten wir einen Bogen zum B&#228;cker und dann weiter Richtung Schule. Dieses Jahr ist der kleine Sohn kein Hortkind mehr. Er ist irgendwie im letzten Jahr nicht mehr gerne dorthin gegangen, das Essen schmeckte auch nie und so ein Laugenbr&#246;tchen im Ranzen hat ja auch nochmal seine ganz eigenen Vorz&#252;ge. Ob ein Regenbogen am Morgen ein gutes Omen f&#252;r den Tag ist? Am Abend gab es dann meine erste Laufrunde der Woche und der aufreibende Sonntag sa&#223; mir noch tief in den Knochen. Das merkte ich. Die M&#252;digkeit war beim Laufen so extrem sp&#252;rbar. Ausgerechnet an diesem Tag baute die Freiwillige Feuerwehr auf der Tartanbahn &#220;bungen auf, so dass ich immer wieder drumherum laufen musste und unsicher war, ob sie jetzt einen Sprint mit Feuerwehrschlauch absolvierten oder nicht. Chaotisch war das&#8230; Der zweite Lauf der Woche verschob sich dann, weil der gro&#223;e Sohn an dem Tag ein Testspiel gegen die A-Jugend im Verein hatte. Das schaue ich mir nat&#252;rlich gerne an und struggelte damit, wann ich an diesem Tag dann laufen w&#252;rde. Am Ende schob ich es auf den n&#228;chsten Tag und werde dementsprechend schauen, ob ich heute wie gewohnt laufen gehe oder es auf Samstag schiebe, um die Regenerationspausen nicht auszulassen. Das Spiel lief gut und wurde mehr als eindeutig gewonnen. Auch der kleine Sohn spielte zuvor gegen die Jahrgangs&#228;lteren und konnte mir von einem sch&#246;nen Sieg berichten. Nach einer verregneten Nacht zog ich dann spontan die Halloween-Strickjacke aus dem Schrank. Mir war irgendwie danach und die Luft am Morgen ist einfach herrlich. Ich brauche dieses Kuschelgef&#252;hl derzeit. So ging es dann auch am Nachmittag zum Athletik Training des kleinen Sohnes, das wir dann gerne mit dem Wocheneinkauf kombinieren. Ich wei&#223; noch nicht so recht, wie ich die mentale Batterie die Tage aufgeladen bekomme. Daf&#252;r m&#252;ssen wohl erst einmal ein paar H&#252;rden zerschlagen werden, aber ich arbeite daran. Me-Time und mentale Auszeiten stehen wohl auf dem Tagesplan. Am Wochenende haben die Kinder wieder Spiele und irgendwie sind das tats&#228;chlich die Zeiten, wo ich immer gerne bin, auch wenn es hei&#223;t, dass die Tage voll sind. Auch bin ich ja noch dran mir meine Routinen f&#252;r n&#228;chste Woche zu erarbeiten. Lacht mich nicht aus, aber ich habe just for fun die KI mal einen Routinenplan f&#252;r mich entwerfen lassen. Vielleicht teile ich das mal mit euch. So mit Vorher und Nachher mit Fazit oder so&#8230; Unsere&nbsp;\u201cHigh Five\u201d der Woche Bei den \u201cHigh Five\u201d von Sabine geht es darum f&#252;nf Dinge zu finden, die in der Woche gut waren.&nbsp;Erfahrt hier mehr dazu. Ich habe es hinbekommen dem kleinen Sohn ein spontanes Playdate zu erm&#246;glichen Die Siege der Kinder Wir haben die erste Schulwoche (mehr oder weniger) unbeschadet &#252;berstanden Frische Luft am Morgen Lacht nicht: Weihnachtsdeko gekauft :) Wochenlieblinge in der Blogsph&#228;re An dieser Stelle gibt es immer lesenswerte Wochenlieblinge, Fundst&#252;cke aus dem Internet oder der Blogsph&#228;re und Neuzug&#228;nge im Feed Reader, falls es welche gibt. Judith Peters l&#228;dt wieder zu einer gemeinsamen Blog-Aktion im Oktober ein: Blogtoberfest Zeit f&#252;r die Freitagsfragen&nbsp; Und zum Abschluss auch dieses Mal wieder Wochenlieblinge mit dem&nbsp;Freitagsf&#252;ller von Babara. Den ich wohl leider nachreichen muss, falls ein aktueller noch kommen sollte&#8230; *Anmerkung:&nbsp;Der Artikel &#252;ber unsere Wochenlieblinge enth&#228;lt evtl. Bilder mit Produkten, die wir in unserem Alltag nutzen oder Linkempfehlungen. Wir haben keine Bezahlung f&#252;r das Zeigen oder Nutzen derselbigen erhalten. Affiliate Links sind als solche markiert.<\/p>\n","protected":false},"author":1,"featured_media":65204,"comment_status":"open","ping_status":"open","sticky":false,"template":"","format":"standard","meta":{"ngg_post_thumbnail":0,"footnotes":""},"categories":[3494],"tags":[781,3125,3617,431,2161],"class_list":["post-65203","post","type-post","status-publish","format-standard","has-post-thumbnail","hentry","category-rueckblick","tag-freitagslieblinge","tag-freitagsfueller","tag-high-five","tag-linkempfehlungen","tag-wochenlieblinge"],"yoast_head":"<!-- This site is optimized with the Yoast SEO plugin v27.4 - https:\/\/yoast.com\/product\/yoast-seo-wordpress\/ -->\n<title>Unsere Wochenlieblinge 37\/2025 \u2013 Erste Woche geschafft - Heldenhaushalt<\/title>\n<meta name=\"description\" content=\"Daf\u00fcr, dass es die erste Schulwoche war, enthalten die Wochenlieblinge noch recht wenig an Schulthemen \u00fcberraschender Weise.\" \/>\n<meta name=\"robots\" content=\"index, follow, max-snippet:-1, max-image-preview:large, max-video-preview:-1\" \/>\n<link rel=\"canonical\" href=\"https:\/\/www.heldenhaushalt.de\/sari02\/index.php\/2025\/09\/12\/unsere-wochenlieblinge-372025\/\" \/>\n<meta property=\"og:locale\" content=\"de_DE\" \/>\n<meta property=\"og:type\" content=\"article\" \/>\n<meta property=\"og:title\" content=\"Unsere Wochenlieblinge 37\/2025 \u2013 Erste Woche geschafft - Heldenhaushalt\" \/>\n<meta property=\"og:description\" content=\"Daf\u00fcr, dass es die erste Schulwoche war, enthalten die Wochenlieblinge noch recht wenig an Schulthemen \u00fcberraschender Weise.\" \/>\n<meta property=\"og:url\" content=\"https:\/\/www.heldenhaushalt.de\/sari02\/index.php\/2025\/09\/12\/unsere-wochenlieblinge-372025\/\" \/>\n<meta property=\"og:site_name\" content=\"Heldenhaushalt\" \/>\n<meta property=\"article:published_time\" content=\"2025-09-12T07:40:31+00:00\" \/>\n<meta property=\"article:modified_time\" content=\"2025-09-12T07:42:31+00:00\" \/>\n<meta property=\"og:image\" content=\"https:\/\/www.heldenhaushalt.de\/sari02\/wp-content\/uploads\/2025\/09\/37-00.jpg\" \/>\n\t<meta property=\"og:image:width\" content=\"1000\" \/>\n\t<meta property=\"og:image:height\" content=\"754\" \/>\n\t<meta property=\"og:image:type\" content=\"image\/jpeg\" \/>\n<meta name=\"author\" content=\"Sari\" \/>\n<meta name=\"twitter:card\" content=\"summary_large_image\" \/>\n<meta name=\"twitter:creator\" content=\"@Heldenhaushalt\" \/>\n<meta name=\"twitter:site\" content=\"@Heldenhaushalt\" \/>\n<meta name=\"twitter:label1\" content=\"Verfasst von\" \/>\n\t<meta name=\"twitter:data1\" content=\"Sari\" \/>\n\t<meta name=\"twitter:label2\" content=\"Gesch\u00e4tzte Lesezeit\" \/>\n\t<meta name=\"twitter:data2\" content=\"6\u00a0Minuten\" \/>\n<script type=\"application\/ld+json\" class=\"yoast-schema-graph\">{\"@context\":\"https:\\\/\\\/schema.org\",\"@graph\":[{\"@type\":\"Article\",\"@id\":\"https:\\\/\\\/www.heldenhaushalt.de\\\/sari02\\\/index.php\\\/2025\\\/09\\\/12\\\/unsere-wochenlieblinge-372025\\\/#article\",\"isPartOf\":{\"@id\":\"https:\\\/\\\/www.heldenhaushalt.de\\\/sari02\\\/index.php\\\/2025\\\/09\\\/12\\\/unsere-wochenlieblinge-372025\\\/\"},\"author\":{\"name\":\"Sari\",\"@id\":\"https:\\\/\\\/www.heldenhaushalt.de\\\/sari02\\\/#\\\/schema\\\/person\\\/a1cc69f42a01f412eb62c151353814f6\"},\"headline\":\"Unsere Wochenlieblinge 37\\\/2025 \u2013 Erste Woche geschafft\",\"datePublished\":\"2025-09-12T07:40:31+00:00\",\"dateModified\":\"2025-09-12T07:42:31+00:00\",\"mainEntityOfPage\":{\"@id\":\"https:\\\/\\\/www.heldenhaushalt.de\\\/sari02\\\/index.php\\\/2025\\\/09\\\/12\\\/unsere-wochenlieblinge-372025\\\/\"},\"wordCount\":896,\"commentCount\":12,\"publisher\":{\"@id\":\"https:\\\/\\\/www.heldenhaushalt.de\\\/sari02\\\/#\\\/schema\\\/person\\\/a1cc69f42a01f412eb62c151353814f6\"},\"image\":{\"@id\":\"https:\\\/\\\/www.heldenhaushalt.de\\\/sari02\\\/index.php\\\/2025\\\/09\\\/12\\\/unsere-wochenlieblinge-372025\\\/#primaryimage\"},\"thumbnailUrl\":\"https:\\\/\\\/www.heldenhaushalt.de\\\/sari02\\\/wp-content\\\/uploads\\\/2025\\\/09\\\/37-00.jpg\",\"keywords\":[\"#Freitagslieblinge\",\"Freitagsf\u00fcller\",\"High Five\",\"Linkempfehlungen\",\"Wochenlieblinge\"],\"articleSection\":[\"R\u00fcckblick\"],\"inLanguage\":\"de\",\"potentialAction\":[{\"@type\":\"CommentAction\",\"name\":\"Comment\",\"target\":[\"https:\\\/\\\/www.heldenhaushalt.de\\\/sari02\\\/index.php\\\/2025\\\/09\\\/12\\\/unsere-wochenlieblinge-372025\\\/#respond\"]}]},{\"@type\":\"WebPage\",\"@id\":\"https:\\\/\\\/www.heldenhaushalt.de\\\/sari02\\\/index.php\\\/2025\\\/09\\\/12\\\/unsere-wochenlieblinge-372025\\\/\",\"url\":\"https:\\\/\\\/www.heldenhaushalt.de\\\/sari02\\\/index.php\\\/2025\\\/09\\\/12\\\/unsere-wochenlieblinge-372025\\\/\",\"name\":\"Unsere Wochenlieblinge 37\\\/2025 \u2013 Erste Woche geschafft - Heldenhaushalt\",\"isPartOf\":{\"@id\":\"https:\\\/\\\/www.heldenhaushalt.de\\\/sari02\\\/#website\"},\"primaryImageOfPage\":{\"@id\":\"https:\\\/\\\/www.heldenhaushalt.de\\\/sari02\\\/index.php\\\/2025\\\/09\\\/12\\\/unsere-wochenlieblinge-372025\\\/#primaryimage\"},\"image\":{\"@id\":\"https:\\\/\\\/www.heldenhaushalt.de\\\/sari02\\\/index.php\\\/2025\\\/09\\\/12\\\/unsere-wochenlieblinge-372025\\\/#primaryimage\"},\"thumbnailUrl\":\"https:\\\/\\\/www.heldenhaushalt.de\\\/sari02\\\/wp-content\\\/uploads\\\/2025\\\/09\\\/37-00.jpg\",\"datePublished\":\"2025-09-12T07:40:31+00:00\",\"dateModified\":\"2025-09-12T07:42:31+00:00\",\"description\":\"Daf\u00fcr, dass es die erste Schulwoche war, enthalten die Wochenlieblinge noch recht wenig an Schulthemen \u00fcberraschender Weise.\",\"breadcrumb\":{\"@id\":\"https:\\\/\\\/www.heldenhaushalt.de\\\/sari02\\\/index.php\\\/2025\\\/09\\\/12\\\/unsere-wochenlieblinge-372025\\\/#breadcrumb\"},\"inLanguage\":\"de\",\"potentialAction\":[{\"@type\":\"ReadAction\",\"target\":[\"https:\\\/\\\/www.heldenhaushalt.de\\\/sari02\\\/index.php\\\/2025\\\/09\\\/12\\\/unsere-wochenlieblinge-372025\\\/\"]}]},{\"@type\":\"ImageObject\",\"inLanguage\":\"de\",\"@id\":\"https:\\\/\\\/www.heldenhaushalt.de\\\/sari02\\\/index.php\\\/2025\\\/09\\\/12\\\/unsere-wochenlieblinge-372025\\\/#primaryimage\",\"url\":\"https:\\\/\\\/www.heldenhaushalt.de\\\/sari02\\\/wp-content\\\/uploads\\\/2025\\\/09\\\/37-00.jpg\",\"contentUrl\":\"https:\\\/\\\/www.heldenhaushalt.de\\\/sari02\\\/wp-content\\\/uploads\\\/2025\\\/09\\\/37-00.jpg\",\"width\":1000,\"height\":754,\"caption\":\"Wochenlieblinge\"},{\"@type\":\"BreadcrumbList\",\"@id\":\"https:\\\/\\\/www.heldenhaushalt.de\\\/sari02\\\/index.php\\\/2025\\\/09\\\/12\\\/unsere-wochenlieblinge-372025\\\/#breadcrumb\",\"itemListElement\":[{\"@type\":\"ListItem\",\"position\":1,\"name\":\"Startseite\",\"item\":\"https:\\\/\\\/www.heldenhaushalt.de\\\/sari02\\\/\"},{\"@type\":\"ListItem\",\"position\":2,\"name\":\"Unsere Wochenlieblinge 37\\\/2025 \u2013 Erste Woche geschafft\"}]},{\"@type\":\"WebSite\",\"@id\":\"https:\\\/\\\/www.heldenhaushalt.de\\\/sari02\\\/#website\",\"url\":\"https:\\\/\\\/www.heldenhaushalt.de\\\/sari02\\\/\",\"name\":\"Heldenhaushalt\",\"description\":\"Wer es ordentlich haben will, der muss vorher anrufen\",\"publisher\":{\"@id\":\"https:\\\/\\\/www.heldenhaushalt.de\\\/sari02\\\/#\\\/schema\\\/person\\\/a1cc69f42a01f412eb62c151353814f6\"},\"potentialAction\":[{\"@type\":\"SearchAction\",\"target\":{\"@type\":\"EntryPoint\",\"urlTemplate\":\"https:\\\/\\\/www.heldenhaushalt.de\\\/sari02\\\/?s={search_term_string}\"},\"query-input\":{\"@type\":\"PropertyValueSpecification\",\"valueRequired\":true,\"valueName\":\"search_term_string\"}}],\"inLanguage\":\"de\"},{\"@type\":[\"Person\",\"Organization\"],\"@id\":\"https:\\\/\\\/www.heldenhaushalt.de\\\/sari02\\\/#\\\/schema\\\/person\\\/a1cc69f42a01f412eb62c151353814f6\",\"name\":\"Sari\",\"image\":{\"@type\":\"ImageObject\",\"inLanguage\":\"de\",\"@id\":\"https:\\\/\\\/www.heldenhaushalt.de\\\/sari02\\\/wp-content\\\/uploads\\\/2019\\\/02\\\/sari-april2018.png\",\"url\":\"https:\\\/\\\/www.heldenhaushalt.de\\\/sari02\\\/wp-content\\\/uploads\\\/2019\\\/02\\\/sari-april2018.png\",\"contentUrl\":\"https:\\\/\\\/www.heldenhaushalt.de\\\/sari02\\\/wp-content\\\/uploads\\\/2019\\\/02\\\/sari-april2018.png\",\"width\":500,\"height\":500,\"caption\":\"Sari\"},\"logo\":{\"@id\":\"https:\\\/\\\/www.heldenhaushalt.de\\\/sari02\\\/wp-content\\\/uploads\\\/2019\\\/02\\\/sari-april2018.png\"},\"description\":\"Frau Mondgras \u2013 Das bin ich, Sari. Gerne auch als Sari Mondgras bekannt und im Internet zu finden. 2-Fach-Mutter, Heldenehefrau, Kreativling, Harmonies\u00fcchtig und st\u00e4ndig auf der Suche nach Gl\u00fcck. Ich komme aus Berlin, bin hier aufgewachsen und lebe hier seit ich denken kann.\",\"sameAs\":[\"https:\\\/\\\/www.instagram.com\\\/heldenhaushalt\\\/\"],\"url\":\"https:\\\/\\\/www.heldenhaushalt.de\\\/sari02\\\/index.php\\\/author\\\/admin\\\/\"}]}<\/script>\n<!-- \/ Yoast SEO plugin. -->","yoast_head_json":{"title":"Unsere Wochenlieblinge 37\/2025 \u2013 Erste Woche geschafft - Heldenhaushalt","description":"Daf\u00fcr, dass es die erste Schulwoche war, enthalten die Wochenlieblinge noch recht wenig an Schulthemen \u00fcberraschender Weise.","robots":{"index":"index","follow":"follow","max-snippet":"max-snippet:-1","max-image-preview":"max-image-preview:large","max-video-preview":"max-video-preview:-1"},"canonical":"https:\/\/www.heldenhaushalt.de\/sari02\/index.php\/2025\/09\/12\/unsere-wochenlieblinge-372025\/","og_locale":"de_DE","og_type":"article","og_title":"Unsere Wochenlieblinge 37\/2025 \u2013 Erste Woche geschafft - Heldenhaushalt","og_description":"Daf\u00fcr, dass es die erste Schulwoche war, enthalten die Wochenlieblinge noch recht wenig an Schulthemen \u00fcberraschender Weise.","og_url":"https:\/\/www.heldenhaushalt.de\/sari02\/index.php\/2025\/09\/12\/unsere-wochenlieblinge-372025\/","og_site_name":"Heldenhaushalt","article_published_time":"2025-09-12T07:40:31+00:00","article_modified_time":"2025-09-12T07:42:31+00:00","og_image":[{"width":1000,"height":754,"url":"https:\/\/www.heldenhaushalt.de\/sari02\/wp-content\/uploads\/2025\/09\/37-00.jpg","type":"image\/jpeg"}],"author":"Sari","twitter_card":"summary_large_image","twitter_creator":"@Heldenhaushalt","twitter_site":"@Heldenhaushalt","twitter_misc":{"Verfasst von":"Sari","Gesch\u00e4tzte Lesezeit":"6\u00a0Minuten"},"schema":{"@context":"https:\/\/schema.org","@graph":[{"@type":"Article","@id":"https:\/\/www.heldenhaushalt.de\/sari02\/index.php\/2025\/09\/12\/unsere-wochenlieblinge-372025\/#article","isPartOf":{"@id":"https:\/\/www.heldenhaushalt.de\/sari02\/index.php\/2025\/09\/12\/unsere-wochenlieblinge-372025\/"},"author":{"name":"Sari","@id":"https:\/\/www.heldenhaushalt.de\/sari02\/#\/schema\/person\/a1cc69f42a01f412eb62c151353814f6"},"headline":"Unsere Wochenlieblinge 37\/2025 \u2013 Erste Woche geschafft","datePublished":"2025-09-12T07:40:31+00:00","dateModified":"2025-09-12T07:42:31+00:00","mainEntityOfPage":{"@id":"https:\/\/www.heldenhaushalt.de\/sari02\/index.php\/2025\/09\/12\/unsere-wochenlieblinge-372025\/"},"wordCount":896,"commentCount":12,"publisher":{"@id":"https:\/\/www.heldenhaushalt.de\/sari02\/#\/schema\/person\/a1cc69f42a01f412eb62c151353814f6"},"image":{"@id":"https:\/\/www.heldenhaushalt.de\/sari02\/index.php\/2025\/09\/12\/unsere-wochenlieblinge-372025\/#primaryimage"},"thumbnailUrl":"https:\/\/www.heldenhaushalt.de\/sari02\/wp-content\/uploads\/2025\/09\/37-00.jpg","keywords":["#Freitagslieblinge","Freitagsf\u00fcller","High Five","Linkempfehlungen","Wochenlieblinge"],"articleSection":["R\u00fcckblick"],"inLanguage":"de","potentialAction":[{"@type":"CommentAction","name":"Comment","target":["https:\/\/www.heldenhaushalt.de\/sari02\/index.php\/2025\/09\/12\/unsere-wochenlieblinge-372025\/#respond"]}]},{"@type":"WebPage","@id":"https:\/\/www.heldenhaushalt.de\/sari02\/index.php\/2025\/09\/12\/unsere-wochenlieblinge-372025\/","url":"https:\/\/www.heldenhaushalt.de\/sari02\/index.php\/2025\/09\/12\/unsere-wochenlieblinge-372025\/","name":"Unsere Wochenlieblinge 37\/2025 \u2013 Erste Woche geschafft - Heldenhaushalt","isPartOf":{"@id":"https:\/\/www.heldenhaushalt.de\/sari02\/#website"},"primaryImageOfPage":{"@id":"https:\/\/www.heldenhaushalt.de\/sari02\/index.php\/2025\/09\/12\/unsere-wochenlieblinge-372025\/#primaryimage"},"image":{"@id":"https:\/\/www.heldenhaushalt.de\/sari02\/index.php\/2025\/09\/12\/unsere-wochenlieblinge-372025\/#primaryimage"},"thumbnailUrl":"https:\/\/www.heldenhaushalt.de\/sari02\/wp-content\/uploads\/2025\/09\/37-00.jpg","datePublished":"2025-09-12T07:40:31+00:00","dateModified":"2025-09-12T07:42:31+00:00","description":"Daf\u00fcr, dass es die erste Schulwoche war, enthalten die Wochenlieblinge noch recht wenig an Schulthemen \u00fcberraschender Weise.","breadcrumb":{"@id":"https:\/\/www.heldenhaushalt.de\/sari02\/index.php\/2025\/09\/12\/unsere-wochenlieblinge-372025\/#breadcrumb"},"inLanguage":"de","potentialAction":[{"@type":"ReadAction","target":["https:\/\/www.heldenhaushalt.de\/sari02\/index.php\/2025\/09\/12\/unsere-wochenlieblinge-372025\/"]}]},{"@type":"ImageObject","inLanguage":"de","@id":"https:\/\/www.heldenhaushalt.de\/sari02\/index.php\/2025\/09\/12\/unsere-wochenlieblinge-372025\/#primaryimage","url":"https:\/\/www.heldenhaushalt.de\/sari02\/wp-content\/uploads\/2025\/09\/37-00.jpg","contentUrl":"https:\/\/www.heldenhaushalt.de\/sari02\/wp-content\/uploads\/2025\/09\/37-00.jpg","width":1000,"height":754,"caption":"Wochenlieblinge"},{"@type":"BreadcrumbList","@id":"https:\/\/www.heldenhaushalt.de\/sari02\/index.php\/2025\/09\/12\/unsere-wochenlieblinge-372025\/#breadcrumb","itemListElement":[{"@type":"ListItem","position":1,"name":"Startseite","item":"https:\/\/www.heldenhaushalt.de\/sari02\/"},{"@type":"ListItem","position":2,"name":"Unsere Wochenlieblinge 37\/2025 \u2013 Erste Woche geschafft"}]},{"@type":"WebSite","@id":"https:\/\/www.heldenhaushalt.de\/sari02\/#website","url":"https:\/\/www.heldenhaushalt.de\/sari02\/","name":"Heldenhaushalt","description":"Wer es ordentlich haben will, der muss vorher anrufen","publisher":{"@id":"https:\/\/www.heldenhaushalt.de\/sari02\/#\/schema\/person\/a1cc69f42a01f412eb62c151353814f6"},"potentialAction":[{"@type":"SearchAction","target":{"@type":"EntryPoint","urlTemplate":"https:\/\/www.heldenhaushalt.de\/sari02\/?s={search_term_string}"},"query-input":{"@type":"PropertyValueSpecification","valueRequired":true,"valueName":"search_term_string"}}],"inLanguage":"de"},{"@type":["Person","Organization"],"@id":"https:\/\/www.heldenhaushalt.de\/sari02\/#\/schema\/person\/a1cc69f42a01f412eb62c151353814f6","name":"Sari","image":{"@type":"ImageObject","inLanguage":"de","@id":"https:\/\/www.heldenhaushalt.de\/sari02\/wp-content\/uploads\/2019\/02\/sari-april2018.png","url":"https:\/\/www.heldenhaushalt.de\/sari02\/wp-content\/uploads\/2019\/02\/sari-april2018.png","contentUrl":"https:\/\/www.heldenhaushalt.de\/sari02\/wp-content\/uploads\/2019\/02\/sari-april2018.png","width":500,"height":500,"caption":"Sari"},"logo":{"@id":"https:\/\/www.heldenhaushalt.de\/sari02\/wp-content\/uploads\/2019\/02\/sari-april2018.png"},"description":"Frau Mondgras \u2013 Das bin ich, Sari. Gerne auch als Sari Mondgras bekannt und im Internet zu finden. 2-Fach-Mutter, Heldenehefrau, Kreativling, Harmonies\u00fcchtig und st\u00e4ndig auf der Suche nach Gl\u00fcck. Ich komme aus Berlin, bin hier aufgewachsen und lebe hier seit ich denken kann.","sameAs":["https:\/\/www.instagram.com\/heldenhaushalt\/"],"url":"https:\/\/www.heldenhaushalt.de\/sari02\/index.php\/author\/admin\/"}]}},"views":877,"_links":{"self":[{"href":"https:\/\/www.heldenhaushalt.de\/sari02\/index.php\/wp-json\/wp\/v2\/posts\/65203","targetHints":{"allow":["GET"]}}],"collection":[{"href":"https:\/\/www.heldenhaushalt.de\/sari02\/index.php\/wp-json\/wp\/v2\/posts"}],"about":[{"href":"https:\/\/www.heldenhaushalt.de\/sari02\/index.php\/wp-json\/wp\/v2\/types\/post"}],"author":[{"embeddable":true,"href":"https:\/\/www.heldenhaushalt.de\/sari02\/index.php\/wp-json\/wp\/v2\/users\/1"}],"replies":[{"embeddable":true,"href":"https:\/\/www.heldenhaushalt.de\/sari02\/index.php\/wp-json\/wp\/v2\/comments?post=65203"}],"version-history":[{"count":3,"href":"https:\/\/www.heldenhaushalt.de\/sari02\/index.php\/wp-json\/wp\/v2\/posts\/65203\/revisions"}],"predecessor-version":[{"id":65216,"href":"https:\/\/www.heldenhaushalt.de\/sari02\/index.php\/wp-json\/wp\/v2\/posts\/65203\/revisions\/65216"}],"wp:featuredmedia":[{"embeddable":true,"href":"https:\/\/www.heldenhaushalt.de\/sari02\/index.php\/wp-json\/wp\/v2\/media\/65204"}],"wp:attachment":[{"href":"https:\/\/www.heldenhaushalt.de\/sari02\/index.php\/wp-json\/wp\/v2\/media?parent=65203"}],"wp:term":[{"taxonomy":"category","embeddable":true,"href":"https:\/\/www.heldenhaushalt.de\/sari02\/index.php\/wp-json\/wp\/v2\/categories?post=65203"},{"taxonomy":"post_tag","embeddable":true,"href":"https:\/\/www.heldenhaushalt.de\/sari02\/index.php\/wp-json\/wp\/v2\/tags?post=65203"}],"curies":[{"name":"wp","href":"https:\/\/api.w.org\/{rel}","templated":true}]}}