{"id":65257,"date":"2025-09-17T12:42:23","date_gmt":"2025-09-17T10:42:23","guid":{"rendered":"https:\/\/www.heldenhaushalt.de\/sari02\/?p=65257"},"modified":"2025-09-17T12:42:23","modified_gmt":"2025-09-17T10:42:23","slug":"ausmalbild-082025-herbstboten","status":"publish","type":"post","link":"https:\/\/www.heldenhaushalt.de\/sari02\/index.php\/2025\/09\/17\/ausmalbild-082025-herbstboten\/","title":{"rendered":"Ausmalbild 08\/2025 \u2013 Herbstboten"},"content":{"rendered":"<p>Nicht ganz so lange lasse ich euch diesen Monat auf unser monatliches Abenteuer mit der Geisterkatze warten und endlich passen Geist und Jahreszeit so richtig gut zusammen, oder? Aber habt ihr das auch geh&#246;rt, dass es am Wochenende nochmal 27 Grad geben soll? Das passt nicht gut zu meinem Wunsch nach K&#252;rbistasse und Kuscheljacke. Da ist mir heute Morgen glatt ein nicht ganz so leises &#8220;Manno&#8221; entfleucht, als mir das jemand erz&#228;hlte.<\/p>\n<p>Aaaber, die Herbstboten zeigen sich nun mehr und mehr und immer h&#228;ufiger tr&#228;gt der kleine Sohn nun Kastanien mit nach Hause. <a href=\"https:\/\/www.heldenhaushalt.de\/sari02\/index.php\/2025\/09\/13\/12von12-im-september-2025\/\">Die erste packten wir ja neulich erst aus ihrem Mantel aus<\/a>. Also vielleicht das perfekte Thema f&#252;r unser Ausmalbild im September? Was meint Ihr? (Zumal der Oktober ja wohl definitiv genug andere Themen mit sich bringen wird dann)&#8230;<\/p>\n<h3>Das Ausmalbild im September wird nat&#252;rlich herbstlich!<\/h3>\n<p>Klar, dass ich meine liebste Jahreszeit im Ausmalbild f&#252;r diesen Monat unterbringen wollte, oder? Nachdem ich mit dem K&#252;rbis<a href=\"https:\/\/www.heldenhaushalt.de\/sari02\/index.php\/2025\/08\/27\/ausmalbild-082025-die-vorfreude-waechst\/\"> im letzten Monat<\/a> ja doch schon etwas vorgegriffen habe, bleiben wir dieses Mal wieder ein wenig passender mit der Jahreszeit.<\/p>\n<p>Allerdings habe ich als Motiv nicht auf die &#252;blichen Kastanien zur&#252;ck gegriffen, sondern auf das andere, was wir selbst als Kinder schon gerne im Herbst gesammelt haben. Vor allem mit den H&#252;tchen konnte man so tolle Sachen machen. Und sei es sie sich einfach auf die Fingerspitze zu setzen, oder? Ich spreche hier nat&#252;rlich von den Eicheln. Eigentlich finde ich sich fast sogar noch h&#252;bscher als Kastanien.<\/p>\n<p><img loading=\"lazy\" decoding=\"async\" class=\"alignnone size-full wp-image-65259\" src=\"https:\/\/www.heldenhaushalt.de\/sari02\/wp-content\/uploads\/2025\/09\/september-herbst.jpg\" alt=\"Ausmalbild\" width=\"2268\" height=\"1668\" srcset=\"https:\/\/www.heldenhaushalt.de\/sari02\/wp-content\/uploads\/2025\/09\/september-herbst.jpg 2268w, https:\/\/www.heldenhaushalt.de\/sari02\/wp-content\/uploads\/2025\/09\/september-herbst-300x221.jpg 300w, https:\/\/www.heldenhaushalt.de\/sari02\/wp-content\/uploads\/2025\/09\/september-herbst-1024x753.jpg 1024w, https:\/\/www.heldenhaushalt.de\/sari02\/wp-content\/uploads\/2025\/09\/september-herbst-768x565.jpg 768w, https:\/\/www.heldenhaushalt.de\/sari02\/wp-content\/uploads\/2025\/09\/september-herbst-1536x1130.jpg 1536w, https:\/\/www.heldenhaushalt.de\/sari02\/wp-content\/uploads\/2025\/09\/september-herbst-2048x1506.jpg 2048w, https:\/\/www.heldenhaushalt.de\/sari02\/wp-content\/uploads\/2025\/09\/september-herbst-82x60.jpg 82w\" sizes=\"auto, (max-width: 2268px) 100vw, 2268px\" \/><\/p>\n<p style=\"text-align: center;\"><a href=\"https:\/\/www.heldenhaushalt.de\/sari02\/wp-content\/uploads\/2025\/09\/september-herbst.jpg\" target=\"_blank\" rel=\"noopener\"><strong>DOWNLOAD AUSMALBILD<\/strong><\/a><\/p>\n<p>Und damit kommen nun als n&#228;chstes thematisch meine liebsten Monate, um sch&#246;ne Ausmalbilder zu erstellen. Sie sind nicht schwer und nahe liegend von den Inhalten her, wobei ich &#252;berlege im Dezember auch dieses Mal wieder eine Wunschzettel-Vorlage zu kreieren. Was denkt Ihr dar&#252;ber?<\/p>\n<p>Auch wenn die Seite noch nicht aktuell ist, seid ihr dennoch herzlich eingeladen<a href=\"https:\/\/www.heldenhaushalt.de\/sari02\/index.php\/ausmalbilder\/\"><strong>&nbsp;hier<\/strong><\/a>&nbsp;nach dem einen oder anderen Ausmalbild zu st&#246;bern.<\/p>\n","protected":false},"excerpt":{"rendered":"<p>Nicht ganz so lange lasse ich euch diesen Monat auf unser monatliches Abenteuer mit der Geisterkatze warten und endlich passen Geist und Jahreszeit so richtig gut zusammen, oder? Aber habt ihr das auch geh&#246;rt, dass es am Wochenende nochmal 27 Grad geben soll? Das passt nicht gut zu meinem Wunsch nach K&#252;rbistasse und Kuscheljacke. Da ist mir heute Morgen glatt ein nicht ganz so leises &#8220;Manno&#8221; entfleucht, als mir das jemand erz&#228;hlte. Aaaber, die Herbstboten zeigen sich nun mehr und mehr und immer h&#228;ufiger tr&#228;gt der kleine Sohn nun Kastanien mit nach Hause. Die erste packten wir ja neulich erst aus ihrem Mantel aus. Also vielleicht das perfekte Thema f&#252;r unser Ausmalbild im September? Was meint Ihr? (Zumal der Oktober ja wohl definitiv genug andere Themen mit sich bringen wird dann)&#8230; Das Ausmalbild im September wird nat&#252;rlich herbstlich! Klar, dass ich meine liebste Jahreszeit im Ausmalbild f&#252;r diesen Monat unterbringen wollte, oder? Nachdem ich mit dem K&#252;rbis im letzten Monat ja doch schon etwas vorgegriffen habe, bleiben wir dieses Mal wieder ein wenig passender mit der Jahreszeit. Allerdings habe ich als Motiv nicht auf die &#252;blichen Kastanien zur&#252;ck gegriffen, sondern auf das andere, was wir selbst als Kinder schon gerne im Herbst gesammelt haben. Vor allem mit den H&#252;tchen konnte man so tolle Sachen machen. Und sei es sie sich einfach auf die Fingerspitze zu setzen, oder? Ich spreche hier nat&#252;rlich von den Eicheln. Eigentlich finde ich sich fast sogar noch h&#252;bscher als Kastanien. DOWNLOAD AUSMALBILD Und damit kommen nun als n&#228;chstes thematisch meine liebsten Monate, um sch&#246;ne Ausmalbilder zu erstellen. Sie sind nicht schwer und nahe liegend von den Inhalten her, wobei ich &#252;berlege im Dezember auch dieses Mal wieder eine Wunschzettel-Vorlage zu kreieren. Was denkt Ihr dar&#252;ber? Auch wenn die Seite noch nicht aktuell ist, seid ihr dennoch herzlich eingeladen&nbsp;hier&nbsp;nach dem einen oder anderen Ausmalbild zu st&#246;bern.<\/p>\n","protected":false},"author":1,"featured_media":65260,"comment_status":"open","ping_status":"open","sticky":false,"template":"","format":"standard","meta":{"ngg_post_thumbnail":0,"footnotes":""},"categories":[1576],"tags":[357,356,3666],"class_list":["post-65257","post","type-post","status-publish","format-standard","has-post-thumbnail","hentry","category-kreativ-2","tag-ausmalbild","tag-freebie","tag-geisterkatze"],"yoast_head":"<!-- This site is optimized with the Yoast SEO plugin v27.5 - https:\/\/yoast.com\/product\/yoast-seo-wordpress\/ -->\n<title>Ausmalbild 08\/2025 \u2013 Herbstboten - Heldenhaushalt<\/title>\n<meta name=\"description\" content=\"Die erste packten wir ja neulich erst aus ihrem Mantel aus. Also vielleicht das perfekte Thema f\u00fcr unser Ausmalbild im September?\" \/>\n<meta name=\"robots\" content=\"index, follow, max-snippet:-1, max-image-preview:large, max-video-preview:-1\" \/>\n<link rel=\"canonical\" href=\"https:\/\/www.heldenhaushalt.de\/sari02\/index.php\/2025\/09\/17\/ausmalbild-082025-herbstboten\/\" \/>\n<meta property=\"og:locale\" content=\"de_DE\" \/>\n<meta property=\"og:type\" content=\"article\" \/>\n<meta property=\"og:title\" content=\"Ausmalbild 08\/2025 \u2013 Herbstboten - Heldenhaushalt\" \/>\n<meta property=\"og:description\" content=\"Die erste packten wir ja neulich erst aus ihrem Mantel aus. Also vielleicht das perfekte Thema f\u00fcr unser Ausmalbild im September?\" \/>\n<meta property=\"og:url\" content=\"https:\/\/www.heldenhaushalt.de\/sari02\/index.php\/2025\/09\/17\/ausmalbild-082025-herbstboten\/\" \/>\n<meta property=\"og:site_name\" content=\"Heldenhaushalt\" \/>\n<meta property=\"article:published_time\" content=\"2025-09-17T10:42:23+00:00\" \/>\n<meta property=\"og:image\" content=\"https:\/\/www.heldenhaushalt.de\/sari02\/wp-content\/uploads\/2025\/09\/september-herbst-farbe.jpg\" \/>\n\t<meta property=\"og:image:width\" content=\"1000\" \/>\n\t<meta property=\"og:image:height\" content=\"735\" \/>\n\t<meta property=\"og:image:type\" content=\"image\/jpeg\" \/>\n<meta name=\"author\" content=\"Sari\" \/>\n<meta name=\"twitter:card\" content=\"summary_large_image\" \/>\n<meta name=\"twitter:creator\" content=\"@Heldenhaushalt\" \/>\n<meta name=\"twitter:site\" content=\"@Heldenhaushalt\" \/>\n<meta name=\"twitter:label1\" content=\"Verfasst von\" \/>\n\t<meta name=\"twitter:data1\" content=\"Sari\" \/>\n\t<meta name=\"twitter:label2\" content=\"Gesch\u00e4tzte Lesezeit\" \/>\n\t<meta name=\"twitter:data2\" content=\"3\u00a0Minuten\" \/>\n<script type=\"application\/ld+json\" class=\"yoast-schema-graph\">{\"@context\":\"https:\\\/\\\/schema.org\",\"@graph\":[{\"@type\":\"Article\",\"@id\":\"https:\\\/\\\/www.heldenhaushalt.de\\\/sari02\\\/index.php\\\/2025\\\/09\\\/17\\\/ausmalbild-082025-herbstboten\\\/#article\",\"isPartOf\":{\"@id\":\"https:\\\/\\\/www.heldenhaushalt.de\\\/sari02\\\/index.php\\\/2025\\\/09\\\/17\\\/ausmalbild-082025-herbstboten\\\/\"},\"author\":{\"name\":\"Sari\",\"@id\":\"https:\\\/\\\/www.heldenhaushalt.de\\\/sari02\\\/#\\\/schema\\\/person\\\/a1cc69f42a01f412eb62c151353814f6\"},\"headline\":\"Ausmalbild 08\\\/2025 \u2013 Herbstboten\",\"datePublished\":\"2025-09-17T10:42:23+00:00\",\"mainEntityOfPage\":{\"@id\":\"https:\\\/\\\/www.heldenhaushalt.de\\\/sari02\\\/index.php\\\/2025\\\/09\\\/17\\\/ausmalbild-082025-herbstboten\\\/\"},\"wordCount\":331,\"commentCount\":7,\"publisher\":{\"@id\":\"https:\\\/\\\/www.heldenhaushalt.de\\\/sari02\\\/#\\\/schema\\\/person\\\/a1cc69f42a01f412eb62c151353814f6\"},\"image\":{\"@id\":\"https:\\\/\\\/www.heldenhaushalt.de\\\/sari02\\\/index.php\\\/2025\\\/09\\\/17\\\/ausmalbild-082025-herbstboten\\\/#primaryimage\"},\"thumbnailUrl\":\"https:\\\/\\\/www.heldenhaushalt.de\\\/sari02\\\/wp-content\\\/uploads\\\/2025\\\/09\\\/september-herbst-farbe.jpg\",\"keywords\":[\"ausmalbild\",\"freebie\",\"Geisterkatze\"],\"articleSection\":[\"Kreativ\"],\"inLanguage\":\"de\",\"potentialAction\":[{\"@type\":\"CommentAction\",\"name\":\"Comment\",\"target\":[\"https:\\\/\\\/www.heldenhaushalt.de\\\/sari02\\\/index.php\\\/2025\\\/09\\\/17\\\/ausmalbild-082025-herbstboten\\\/#respond\"]}]},{\"@type\":\"WebPage\",\"@id\":\"https:\\\/\\\/www.heldenhaushalt.de\\\/sari02\\\/index.php\\\/2025\\\/09\\\/17\\\/ausmalbild-082025-herbstboten\\\/\",\"url\":\"https:\\\/\\\/www.heldenhaushalt.de\\\/sari02\\\/index.php\\\/2025\\\/09\\\/17\\\/ausmalbild-082025-herbstboten\\\/\",\"name\":\"Ausmalbild 08\\\/2025 \u2013 Herbstboten - Heldenhaushalt\",\"isPartOf\":{\"@id\":\"https:\\\/\\\/www.heldenhaushalt.de\\\/sari02\\\/#website\"},\"primaryImageOfPage\":{\"@id\":\"https:\\\/\\\/www.heldenhaushalt.de\\\/sari02\\\/index.php\\\/2025\\\/09\\\/17\\\/ausmalbild-082025-herbstboten\\\/#primaryimage\"},\"image\":{\"@id\":\"https:\\\/\\\/www.heldenhaushalt.de\\\/sari02\\\/index.php\\\/2025\\\/09\\\/17\\\/ausmalbild-082025-herbstboten\\\/#primaryimage\"},\"thumbnailUrl\":\"https:\\\/\\\/www.heldenhaushalt.de\\\/sari02\\\/wp-content\\\/uploads\\\/2025\\\/09\\\/september-herbst-farbe.jpg\",\"datePublished\":\"2025-09-17T10:42:23+00:00\",\"description\":\"Die erste packten wir ja neulich erst aus ihrem Mantel aus. Also vielleicht das perfekte Thema f\u00fcr unser Ausmalbild im September?\",\"breadcrumb\":{\"@id\":\"https:\\\/\\\/www.heldenhaushalt.de\\\/sari02\\\/index.php\\\/2025\\\/09\\\/17\\\/ausmalbild-082025-herbstboten\\\/#breadcrumb\"},\"inLanguage\":\"de\",\"potentialAction\":[{\"@type\":\"ReadAction\",\"target\":[\"https:\\\/\\\/www.heldenhaushalt.de\\\/sari02\\\/index.php\\\/2025\\\/09\\\/17\\\/ausmalbild-082025-herbstboten\\\/\"]}]},{\"@type\":\"ImageObject\",\"inLanguage\":\"de\",\"@id\":\"https:\\\/\\\/www.heldenhaushalt.de\\\/sari02\\\/index.php\\\/2025\\\/09\\\/17\\\/ausmalbild-082025-herbstboten\\\/#primaryimage\",\"url\":\"https:\\\/\\\/www.heldenhaushalt.de\\\/sari02\\\/wp-content\\\/uploads\\\/2025\\\/09\\\/september-herbst-farbe.jpg\",\"contentUrl\":\"https:\\\/\\\/www.heldenhaushalt.de\\\/sari02\\\/wp-content\\\/uploads\\\/2025\\\/09\\\/september-herbst-farbe.jpg\",\"width\":1000,\"height\":735,\"caption\":\"Ausmalbild\"},{\"@type\":\"BreadcrumbList\",\"@id\":\"https:\\\/\\\/www.heldenhaushalt.de\\\/sari02\\\/index.php\\\/2025\\\/09\\\/17\\\/ausmalbild-082025-herbstboten\\\/#breadcrumb\",\"itemListElement\":[{\"@type\":\"ListItem\",\"position\":1,\"name\":\"Startseite\",\"item\":\"https:\\\/\\\/www.heldenhaushalt.de\\\/sari02\\\/\"},{\"@type\":\"ListItem\",\"position\":2,\"name\":\"Ausmalbild 08\\\/2025 \u2013 Herbstboten\"}]},{\"@type\":\"WebSite\",\"@id\":\"https:\\\/\\\/www.heldenhaushalt.de\\\/sari02\\\/#website\",\"url\":\"https:\\\/\\\/www.heldenhaushalt.de\\\/sari02\\\/\",\"name\":\"Heldenhaushalt\",\"description\":\"Wer es ordentlich haben will, der muss vorher anrufen\",\"publisher\":{\"@id\":\"https:\\\/\\\/www.heldenhaushalt.de\\\/sari02\\\/#\\\/schema\\\/person\\\/a1cc69f42a01f412eb62c151353814f6\"},\"potentialAction\":[{\"@type\":\"SearchAction\",\"target\":{\"@type\":\"EntryPoint\",\"urlTemplate\":\"https:\\\/\\\/www.heldenhaushalt.de\\\/sari02\\\/?s={search_term_string}\"},\"query-input\":{\"@type\":\"PropertyValueSpecification\",\"valueRequired\":true,\"valueName\":\"search_term_string\"}}],\"inLanguage\":\"de\"},{\"@type\":[\"Person\",\"Organization\"],\"@id\":\"https:\\\/\\\/www.heldenhaushalt.de\\\/sari02\\\/#\\\/schema\\\/person\\\/a1cc69f42a01f412eb62c151353814f6\",\"name\":\"Sari\",\"image\":{\"@type\":\"ImageObject\",\"inLanguage\":\"de\",\"@id\":\"https:\\\/\\\/www.heldenhaushalt.de\\\/sari02\\\/wp-content\\\/uploads\\\/2019\\\/02\\\/sari-april2018.png\",\"url\":\"https:\\\/\\\/www.heldenhaushalt.de\\\/sari02\\\/wp-content\\\/uploads\\\/2019\\\/02\\\/sari-april2018.png\",\"contentUrl\":\"https:\\\/\\\/www.heldenhaushalt.de\\\/sari02\\\/wp-content\\\/uploads\\\/2019\\\/02\\\/sari-april2018.png\",\"width\":500,\"height\":500,\"caption\":\"Sari\"},\"logo\":{\"@id\":\"https:\\\/\\\/www.heldenhaushalt.de\\\/sari02\\\/wp-content\\\/uploads\\\/2019\\\/02\\\/sari-april2018.png\"},\"description\":\"Frau Mondgras \u2013 Das bin ich, Sari. Gerne auch als Sari Mondgras bekannt und im Internet zu finden. 2-Fach-Mutter, Heldenehefrau, Kreativling, Harmonies\u00fcchtig und st\u00e4ndig auf der Suche nach Gl\u00fcck. Ich komme aus Berlin, bin hier aufgewachsen und lebe hier seit ich denken kann.\",\"sameAs\":[\"https:\\\/\\\/www.instagram.com\\\/heldenhaushalt\\\/\"],\"url\":\"https:\\\/\\\/www.heldenhaushalt.de\\\/sari02\\\/index.php\\\/author\\\/admin\\\/\"}]}<\/script>\n<!-- \/ Yoast SEO plugin. -->","yoast_head_json":{"title":"Ausmalbild 08\/2025 \u2013 Herbstboten - Heldenhaushalt","description":"Die erste packten wir ja neulich erst aus ihrem Mantel aus. Also vielleicht das perfekte Thema f\u00fcr unser Ausmalbild im September?","robots":{"index":"index","follow":"follow","max-snippet":"max-snippet:-1","max-image-preview":"max-image-preview:large","max-video-preview":"max-video-preview:-1"},"canonical":"https:\/\/www.heldenhaushalt.de\/sari02\/index.php\/2025\/09\/17\/ausmalbild-082025-herbstboten\/","og_locale":"de_DE","og_type":"article","og_title":"Ausmalbild 08\/2025 \u2013 Herbstboten - Heldenhaushalt","og_description":"Die erste packten wir ja neulich erst aus ihrem Mantel aus. Also vielleicht das perfekte Thema f\u00fcr unser Ausmalbild im September?","og_url":"https:\/\/www.heldenhaushalt.de\/sari02\/index.php\/2025\/09\/17\/ausmalbild-082025-herbstboten\/","og_site_name":"Heldenhaushalt","article_published_time":"2025-09-17T10:42:23+00:00","og_image":[{"width":1000,"height":735,"url":"https:\/\/www.heldenhaushalt.de\/sari02\/wp-content\/uploads\/2025\/09\/september-herbst-farbe.jpg","type":"image\/jpeg"}],"author":"Sari","twitter_card":"summary_large_image","twitter_creator":"@Heldenhaushalt","twitter_site":"@Heldenhaushalt","twitter_misc":{"Verfasst von":"Sari","Gesch\u00e4tzte Lesezeit":"3\u00a0Minuten"},"schema":{"@context":"https:\/\/schema.org","@graph":[{"@type":"Article","@id":"https:\/\/www.heldenhaushalt.de\/sari02\/index.php\/2025\/09\/17\/ausmalbild-082025-herbstboten\/#article","isPartOf":{"@id":"https:\/\/www.heldenhaushalt.de\/sari02\/index.php\/2025\/09\/17\/ausmalbild-082025-herbstboten\/"},"author":{"name":"Sari","@id":"https:\/\/www.heldenhaushalt.de\/sari02\/#\/schema\/person\/a1cc69f42a01f412eb62c151353814f6"},"headline":"Ausmalbild 08\/2025 \u2013 Herbstboten","datePublished":"2025-09-17T10:42:23+00:00","mainEntityOfPage":{"@id":"https:\/\/www.heldenhaushalt.de\/sari02\/index.php\/2025\/09\/17\/ausmalbild-082025-herbstboten\/"},"wordCount":331,"commentCount":7,"publisher":{"@id":"https:\/\/www.heldenhaushalt.de\/sari02\/#\/schema\/person\/a1cc69f42a01f412eb62c151353814f6"},"image":{"@id":"https:\/\/www.heldenhaushalt.de\/sari02\/index.php\/2025\/09\/17\/ausmalbild-082025-herbstboten\/#primaryimage"},"thumbnailUrl":"https:\/\/www.heldenhaushalt.de\/sari02\/wp-content\/uploads\/2025\/09\/september-herbst-farbe.jpg","keywords":["ausmalbild","freebie","Geisterkatze"],"articleSection":["Kreativ"],"inLanguage":"de","potentialAction":[{"@type":"CommentAction","name":"Comment","target":["https:\/\/www.heldenhaushalt.de\/sari02\/index.php\/2025\/09\/17\/ausmalbild-082025-herbstboten\/#respond"]}]},{"@type":"WebPage","@id":"https:\/\/www.heldenhaushalt.de\/sari02\/index.php\/2025\/09\/17\/ausmalbild-082025-herbstboten\/","url":"https:\/\/www.heldenhaushalt.de\/sari02\/index.php\/2025\/09\/17\/ausmalbild-082025-herbstboten\/","name":"Ausmalbild 08\/2025 \u2013 Herbstboten - Heldenhaushalt","isPartOf":{"@id":"https:\/\/www.heldenhaushalt.de\/sari02\/#website"},"primaryImageOfPage":{"@id":"https:\/\/www.heldenhaushalt.de\/sari02\/index.php\/2025\/09\/17\/ausmalbild-082025-herbstboten\/#primaryimage"},"image":{"@id":"https:\/\/www.heldenhaushalt.de\/sari02\/index.php\/2025\/09\/17\/ausmalbild-082025-herbstboten\/#primaryimage"},"thumbnailUrl":"https:\/\/www.heldenhaushalt.de\/sari02\/wp-content\/uploads\/2025\/09\/september-herbst-farbe.jpg","datePublished":"2025-09-17T10:42:23+00:00","description":"Die erste packten wir ja neulich erst aus ihrem Mantel aus. Also vielleicht das perfekte Thema f\u00fcr unser Ausmalbild im September?","breadcrumb":{"@id":"https:\/\/www.heldenhaushalt.de\/sari02\/index.php\/2025\/09\/17\/ausmalbild-082025-herbstboten\/#breadcrumb"},"inLanguage":"de","potentialAction":[{"@type":"ReadAction","target":["https:\/\/www.heldenhaushalt.de\/sari02\/index.php\/2025\/09\/17\/ausmalbild-082025-herbstboten\/"]}]},{"@type":"ImageObject","inLanguage":"de","@id":"https:\/\/www.heldenhaushalt.de\/sari02\/index.php\/2025\/09\/17\/ausmalbild-082025-herbstboten\/#primaryimage","url":"https:\/\/www.heldenhaushalt.de\/sari02\/wp-content\/uploads\/2025\/09\/september-herbst-farbe.jpg","contentUrl":"https:\/\/www.heldenhaushalt.de\/sari02\/wp-content\/uploads\/2025\/09\/september-herbst-farbe.jpg","width":1000,"height":735,"caption":"Ausmalbild"},{"@type":"BreadcrumbList","@id":"https:\/\/www.heldenhaushalt.de\/sari02\/index.php\/2025\/09\/17\/ausmalbild-082025-herbstboten\/#breadcrumb","itemListElement":[{"@type":"ListItem","position":1,"name":"Startseite","item":"https:\/\/www.heldenhaushalt.de\/sari02\/"},{"@type":"ListItem","position":2,"name":"Ausmalbild 08\/2025 \u2013 Herbstboten"}]},{"@type":"WebSite","@id":"https:\/\/www.heldenhaushalt.de\/sari02\/#website","url":"https:\/\/www.heldenhaushalt.de\/sari02\/","name":"Heldenhaushalt","description":"Wer es ordentlich haben will, der muss vorher anrufen","publisher":{"@id":"https:\/\/www.heldenhaushalt.de\/sari02\/#\/schema\/person\/a1cc69f42a01f412eb62c151353814f6"},"potentialAction":[{"@type":"SearchAction","target":{"@type":"EntryPoint","urlTemplate":"https:\/\/www.heldenhaushalt.de\/sari02\/?s={search_term_string}"},"query-input":{"@type":"PropertyValueSpecification","valueRequired":true,"valueName":"search_term_string"}}],"inLanguage":"de"},{"@type":["Person","Organization"],"@id":"https:\/\/www.heldenhaushalt.de\/sari02\/#\/schema\/person\/a1cc69f42a01f412eb62c151353814f6","name":"Sari","image":{"@type":"ImageObject","inLanguage":"de","@id":"https:\/\/www.heldenhaushalt.de\/sari02\/wp-content\/uploads\/2019\/02\/sari-april2018.png","url":"https:\/\/www.heldenhaushalt.de\/sari02\/wp-content\/uploads\/2019\/02\/sari-april2018.png","contentUrl":"https:\/\/www.heldenhaushalt.de\/sari02\/wp-content\/uploads\/2019\/02\/sari-april2018.png","width":500,"height":500,"caption":"Sari"},"logo":{"@id":"https:\/\/www.heldenhaushalt.de\/sari02\/wp-content\/uploads\/2019\/02\/sari-april2018.png"},"description":"Frau Mondgras \u2013 Das bin ich, Sari. Gerne auch als Sari Mondgras bekannt und im Internet zu finden. 2-Fach-Mutter, Heldenehefrau, Kreativling, Harmonies\u00fcchtig und st\u00e4ndig auf der Suche nach Gl\u00fcck. Ich komme aus Berlin, bin hier aufgewachsen und lebe hier seit ich denken kann.","sameAs":["https:\/\/www.instagram.com\/heldenhaushalt\/"],"url":"https:\/\/www.heldenhaushalt.de\/sari02\/index.php\/author\/admin\/"}]}},"views":1031,"_links":{"self":[{"href":"https:\/\/www.heldenhaushalt.de\/sari02\/index.php\/wp-json\/wp\/v2\/posts\/65257","targetHints":{"allow":["GET"]}}],"collection":[{"href":"https:\/\/www.heldenhaushalt.de\/sari02\/index.php\/wp-json\/wp\/v2\/posts"}],"about":[{"href":"https:\/\/www.heldenhaushalt.de\/sari02\/index.php\/wp-json\/wp\/v2\/types\/post"}],"author":[{"embeddable":true,"href":"https:\/\/www.heldenhaushalt.de\/sari02\/index.php\/wp-json\/wp\/v2\/users\/1"}],"replies":[{"embeddable":true,"href":"https:\/\/www.heldenhaushalt.de\/sari02\/index.php\/wp-json\/wp\/v2\/comments?post=65257"}],"version-history":[{"count":2,"href":"https:\/\/www.heldenhaushalt.de\/sari02\/index.php\/wp-json\/wp\/v2\/posts\/65257\/revisions"}],"predecessor-version":[{"id":65261,"href":"https:\/\/www.heldenhaushalt.de\/sari02\/index.php\/wp-json\/wp\/v2\/posts\/65257\/revisions\/65261"}],"wp:featuredmedia":[{"embeddable":true,"href":"https:\/\/www.heldenhaushalt.de\/sari02\/index.php\/wp-json\/wp\/v2\/media\/65260"}],"wp:attachment":[{"href":"https:\/\/www.heldenhaushalt.de\/sari02\/index.php\/wp-json\/wp\/v2\/media?parent=65257"}],"wp:term":[{"taxonomy":"category","embeddable":true,"href":"https:\/\/www.heldenhaushalt.de\/sari02\/index.php\/wp-json\/wp\/v2\/categories?post=65257"},{"taxonomy":"post_tag","embeddable":true,"href":"https:\/\/www.heldenhaushalt.de\/sari02\/index.php\/wp-json\/wp\/v2\/tags?post=65257"}],"curies":[{"name":"wp","href":"https:\/\/api.w.org\/{rel}","templated":true}]}}