{"id":65515,"date":"2025-10-17T09:42:40","date_gmt":"2025-10-17T07:42:40","guid":{"rendered":"https:\/\/www.heldenhaushalt.de\/sari02\/?p=65515"},"modified":"2025-10-17T10:05:02","modified_gmt":"2025-10-17T08:05:02","slug":"unsere-wochenlieblinge-422025-ersehnter-ferienstart","status":"publish","type":"post","link":"https:\/\/www.heldenhaushalt.de\/sari02\/index.php\/2025\/10\/17\/unsere-wochenlieblinge-422025-ersehnter-ferienstart\/","title":{"rendered":"Unsere Wochenlieblinge 42\/2025 \u2013 Ersehnter Ferienstart"},"content":{"rendered":"<p style=\"text-align: right;\"><small>Enth&#228;lt (unbezahlte) Werbung*<\/small><\/p>\n<p>Ich schw&#228;chle gerade in allen Disziplinen irgendwie. Ich h&#228;nge hinterher beim Projekt 52 und auch beim Inktober und f&#252;r beides muss ich mir in den n&#228;chsten Tagen mal bewusst etwas Zeit nehmen, um aufzuholen. An Ideen scheitert es nicht, aber an der n&#246;tigen Ruhe, um die Sachen gewissenhaft anzugehen.<\/p>\n<p>Immerhin sind die Wochenlieblinge heute auch gleichzeitig der Startschuss f&#252;r die Herbstferien. Eigentlich krass, wenn man bedenkt, dass das Ende der Sommerferien noch gar nicht so lange her ist. Hinter uns liegen aber jetzt schon einige englische Wochen (wie man so sch&#246;n sagt), aber &#252;berraschender Weise noch kein nennenswertes Krankenlager. Hoffen wir, dass die Ferien f&#252;r uns alle erholsam werden.<\/p>\n\n<hr>\n<h3><span id=\"Unsere_Wochenlieblinge_in_dieser_Woche\">Unsere Wochenlieblinge in dieser Woche\u2026<\/span><\/h3>\n<p>Die Woche f&#252;hlt sich etwas dunkel und kalt an, dabei sind die Temperaturen stellenweise sogar ziemlich mild. Da wir aber gef&#252;hlt die ganze Woche mit Spr&#252;hregen zu tun haben, kriecht einem das schon ziemlich unter die Haut.<\/p>\n<figure id=\"attachment_65517\" aria-describedby=\"caption-attachment-65517\" style=\"width: 1000px\" class=\"wp-caption alignnone\"><img loading=\"lazy\" decoding=\"async\" class=\"size-full wp-image-65517\" src=\"https:\/\/www.heldenhaushalt.de\/sari02\/wp-content\/uploads\/2025\/10\/42-01.jpg\" alt=\"Harry Potter\" width=\"1000\" height=\"792\" srcset=\"https:\/\/www.heldenhaushalt.de\/sari02\/wp-content\/uploads\/2025\/10\/42-01.jpg 1000w, https:\/\/www.heldenhaushalt.de\/sari02\/wp-content\/uploads\/2025\/10\/42-01-300x238.jpg 300w, https:\/\/www.heldenhaushalt.de\/sari02\/wp-content\/uploads\/2025\/10\/42-01-768x608.jpg 768w, https:\/\/www.heldenhaushalt.de\/sari02\/wp-content\/uploads\/2025\/10\/42-01-76x60.jpg 76w\" sizes=\"auto, (max-width: 1000px) 100vw, 1000px\" \/><figcaption id=\"caption-attachment-65517\" class=\"wp-caption-text\">Neue Lesezeit<\/figcaption><\/figure>\n<p><a href=\"https:\/\/www.heldenhaushalt.de\/sari02\/index.php\/2025\/10\/13\/unser-wib-am-11-12-10-2025\/\">Am vergangenen Wochenende<\/a> erreicht uns ja die neu gestaltete Ausgabe von &#8220;Harry Potter und der Stein der Weisen&#8221; und da die dunkle Jahreszeit f&#252;r uns auch die Zeit f&#252;r sowas und Hogwarts ist, beschlossen der kleine Sohn und ich gemeinsam im Winter das Buch zu lesen. Aktuell sitzen wir jeden Tag beim Mittagessen am Tisch und w&#228;hrend er isst, lese ich ihm ein paar Seiten aus dem Buch vor. Anders kommen wir leider nicht wirklich dazu. Aber es ist ein sch&#246;ner Moment so in der Mitte des Tages.<\/p>\n<figure id=\"attachment_65518\" aria-describedby=\"caption-attachment-65518\" style=\"width: 1000px\" class=\"wp-caption alignnone\"><img loading=\"lazy\" decoding=\"async\" class=\"size-full wp-image-65518\" src=\"https:\/\/www.heldenhaushalt.de\/sari02\/wp-content\/uploads\/2025\/10\/42-02.jpg\" alt=\"Laufen\" width=\"1000\" height=\"785\" srcset=\"https:\/\/www.heldenhaushalt.de\/sari02\/wp-content\/uploads\/2025\/10\/42-02.jpg 1000w, https:\/\/www.heldenhaushalt.de\/sari02\/wp-content\/uploads\/2025\/10\/42-02-300x236.jpg 300w, https:\/\/www.heldenhaushalt.de\/sari02\/wp-content\/uploads\/2025\/10\/42-02-768x603.jpg 768w, https:\/\/www.heldenhaushalt.de\/sari02\/wp-content\/uploads\/2025\/10\/42-02-76x60.jpg 76w\" sizes=\"auto, (max-width: 1000px) 100vw, 1000px\" \/><figcaption id=\"caption-attachment-65518\" class=\"wp-caption-text\">Mal wieder alles durcheinander<\/figcaption><\/figure>\n<p>Meine Laufwoche diese Woche wurde mal wieder etwas durcheinander gewirbelt, da mein urspr&#252;nglicher Lauftag durch Pokalspiel des Gro&#223;en und Jugendschutzschulung belegt wurde. Montag konnte ich noch ganz normal laufen gehen und inzwischen ist meine Laufbahn ganz sch&#246;n vom leuchtenden Laub bedeckt. Aber der Anblick ist wundersch&#246;n. Dennoch muss ich nun aufpassen, da die Wege rutschiger und dunkler werden. Ich laufe ja nun mit den anderen Schuhen und die Sohle scheint doch etwas anders zu sein. Man muss sich echt erstmal etwas umgew&#246;hnen.<\/p>\n<figure id=\"attachment_65520\" aria-describedby=\"caption-attachment-65520\" style=\"width: 1000px\" class=\"wp-caption alignnone\"><img loading=\"lazy\" decoding=\"async\" class=\"size-full wp-image-65520\" src=\"https:\/\/www.heldenhaushalt.de\/sari02\/wp-content\/uploads\/2025\/10\/42-04.jpg\" alt=\"Yoga\" width=\"1000\" height=\"726\" srcset=\"https:\/\/www.heldenhaushalt.de\/sari02\/wp-content\/uploads\/2025\/10\/42-04.jpg 1000w, https:\/\/www.heldenhaushalt.de\/sari02\/wp-content\/uploads\/2025\/10\/42-04-300x218.jpg 300w, https:\/\/www.heldenhaushalt.de\/sari02\/wp-content\/uploads\/2025\/10\/42-04-768x558.jpg 768w, https:\/\/www.heldenhaushalt.de\/sari02\/wp-content\/uploads\/2025\/10\/42-04-83x60.jpg 83w\" sizes=\"auto, (max-width: 1000px) 100vw, 1000px\" \/><figcaption id=\"caption-attachment-65520\" class=\"wp-caption-text\">Verspannungen hoch 10<\/figcaption><\/figure>\n<p>Ich merke diese Woche aber auch so etwas wie &#8220;Alltagsm&#252;digkeit&#8221;. Manche Dinge wachsen mir &#252;ber den Kopf und ich w&#252;nsche mir eine Auszeit. Ich w&#252;rde gerne ein wenig ausbrechen und woanders sein als hier. Vielleicht kennt ihr das ja, diese unb&#228;ndige Sehnsucht gepr&#228;gt durch Fernweh. Der Realit&#228;t entfliehen. Manchmal braucht man das. Es dr&#252;ckt sich bei mir jedenfalls derzeit mal wieder durch anhaltende Kopfschmerzen und massive Verspannungen aus. Das sp&#252;re ich auch massiv beim Yoga.<\/p>\n<figure id=\"attachment_65522\" aria-describedby=\"caption-attachment-65522\" style=\"width: 1000px\" class=\"wp-caption alignnone\"><img loading=\"lazy\" decoding=\"async\" class=\"size-full wp-image-65522\" src=\"https:\/\/www.heldenhaushalt.de\/sari02\/wp-content\/uploads\/2025\/10\/42-06.jpg\" alt=\"Wochenlieblinge\" width=\"1000\" height=\"865\" srcset=\"https:\/\/www.heldenhaushalt.de\/sari02\/wp-content\/uploads\/2025\/10\/42-06.jpg 1000w, https:\/\/www.heldenhaushalt.de\/sari02\/wp-content\/uploads\/2025\/10\/42-06-300x260.jpg 300w, https:\/\/www.heldenhaushalt.de\/sari02\/wp-content\/uploads\/2025\/10\/42-06-768x664.jpg 768w, https:\/\/www.heldenhaushalt.de\/sari02\/wp-content\/uploads\/2025\/10\/42-06-69x60.jpg 69w\" sizes=\"auto, (max-width: 1000px) 100vw, 1000px\" \/><figcaption id=\"caption-attachment-65522\" class=\"wp-caption-text\">Bei der Arbeit?<\/figcaption><\/figure>\n<p>Einen kleinen stillen Moment der Wochenlieblinge gibt es hier. W&#228;hrend ich auf den kleinen Sohn warte, beobachte ich den Raben, wie er in der Pf&#252;tze steht und&#8230; eine Nuss (??)&#8230; oder &#228;hnliches in dieser scheinbar s&#228;ubert oder aufweicht, um sie danach irgendwie knacken zu k&#246;nnen.<\/p>\n<figure id=\"attachment_65523\" aria-describedby=\"caption-attachment-65523\" style=\"width: 1000px\" class=\"wp-caption alignnone\"><img loading=\"lazy\" decoding=\"async\" class=\"size-full wp-image-65523\" src=\"https:\/\/www.heldenhaushalt.de\/sari02\/wp-content\/uploads\/2025\/10\/42-07.jpg\" alt=\"Mittagessen\" width=\"1000\" height=\"748\" srcset=\"https:\/\/www.heldenhaushalt.de\/sari02\/wp-content\/uploads\/2025\/10\/42-07.jpg 1000w, https:\/\/www.heldenhaushalt.de\/sari02\/wp-content\/uploads\/2025\/10\/42-07-300x224.jpg 300w, https:\/\/www.heldenhaushalt.de\/sari02\/wp-content\/uploads\/2025\/10\/42-07-768x574.jpg 768w, https:\/\/www.heldenhaushalt.de\/sari02\/wp-content\/uploads\/2025\/10\/42-07-80x60.jpg 80w\" sizes=\"auto, (max-width: 1000px) 100vw, 1000px\" \/><figcaption id=\"caption-attachment-65523\" class=\"wp-caption-text\">Neues K&#252;rbisrezept<\/figcaption><\/figure>\n<p>Ein K&#252;rbis ist von <a href=\"https:\/\/www.heldenhaushalt.de\/sari02\/index.php\/2025\/10\/06\/unser-wib-am-04-05-10-2025\/\">unserer &#8220;Shoppingtour&#8221;<\/a> noch &#252;brig, den ich mir bei Gelegenheit noch mit Feta im Ofen machen m&#246;chte. Aber diese Woche haben wir nun den Spagetti K&#252;rbis verarbeitet mit einer einfachen So&#223;e dazu. Habt ihr Interesse an dem Rezept? Letzte Woche haben wir ja schon <a href=\"https:\/\/www.heldenhaushalt.de\/sari02\/index.php\/2025\/10\/10\/unsere-wochenlieblinge-412025\/\">den Mini Musk<\/a> als Ofen-, als Pfannen- und als Suppengem&#252;se probiert und ich muss sagen, er geh&#246;rt inzwischen fast zu meinen Favoriten.<\/p>\n<figure id=\"attachment_65524\" aria-describedby=\"caption-attachment-65524\" style=\"width: 1000px\" class=\"wp-caption alignnone\"><img loading=\"lazy\" decoding=\"async\" class=\"size-full wp-image-65524\" src=\"https:\/\/www.heldenhaushalt.de\/sari02\/wp-content\/uploads\/2025\/10\/42-08.jpg\" alt=\"Wochenlieblinge\" width=\"1000\" height=\"838\" srcset=\"https:\/\/www.heldenhaushalt.de\/sari02\/wp-content\/uploads\/2025\/10\/42-08.jpg 1000w, https:\/\/www.heldenhaushalt.de\/sari02\/wp-content\/uploads\/2025\/10\/42-08-300x251.jpg 300w, https:\/\/www.heldenhaushalt.de\/sari02\/wp-content\/uploads\/2025\/10\/42-08-768x644.jpg 768w, https:\/\/www.heldenhaushalt.de\/sari02\/wp-content\/uploads\/2025\/10\/42-08-72x60.jpg 72w\" sizes=\"auto, (max-width: 1000px) 100vw, 1000px\" \/><figcaption id=\"caption-attachment-65524\" class=\"wp-caption-text\">Jugendschutzschulung<\/figcaption><\/figure>\n<p>Tja und w&#228;hrend der Sohn mitgenommen wurde zum Ausw&#228;rtsspiel zu einer mehr als unmenschlichen Zeit unter der Woche sa&#223; ich mit dem Mann in der Jugendschutzschulung. Diese war durchaus interessant und definitiv wichtig, aber gerne w&#228;ren wir nat&#252;rlich beim Pokalspiel des gro&#223;en Sohnes dabei gewesen, zumal er wohl ein Traumtor geschossen haben soll. Leider reichte es nicht zum Sieg, aber wen wundert das, wenn die Kids unter der Woche, nach einem langen Schultag eine Stunde quer durch die Stadt fahren m&#252;ssen und Ansto&#223; ist, wenn sie eigentlich schon fast im Bett liegen sollen. Das haben wir &#252;brigens auch direkt den Jugendschutzbeauftragten gefragt. Eventuell sollte der Fu&#223;ballverband da echt mal was &#252;berdenken. Aber gut&#8230;&nbsp;<\/p>\n<figure id=\"attachment_65527\" aria-describedby=\"caption-attachment-65527\" style=\"width: 1000px\" class=\"wp-caption alignnone\"><img loading=\"lazy\" decoding=\"async\" class=\"size-full wp-image-65527\" src=\"https:\/\/www.heldenhaushalt.de\/sari02\/wp-content\/uploads\/2025\/10\/42-09.jpg\" alt=\"Wochenlieblinge\" width=\"1000\" height=\"757\" srcset=\"https:\/\/www.heldenhaushalt.de\/sari02\/wp-content\/uploads\/2025\/10\/42-09.jpg 1000w, https:\/\/www.heldenhaushalt.de\/sari02\/wp-content\/uploads\/2025\/10\/42-09-300x227.jpg 300w, https:\/\/www.heldenhaushalt.de\/sari02\/wp-content\/uploads\/2025\/10\/42-09-768x581.jpg 768w, https:\/\/www.heldenhaushalt.de\/sari02\/wp-content\/uploads\/2025\/10\/42-09-79x60.jpg 79w\" sizes=\"auto, (max-width: 1000px) 100vw, 1000px\" \/><figcaption id=\"caption-attachment-65527\" class=\"wp-caption-text\">Weihnachtswelt<\/figcaption><\/figure>\n<p>Sp&#228;t in der Woche kamen wir dann auch endlich zum Wocheneinkauf und ich musste doch nochmal einen Abstecher in die Weihnachtswelt beim Pflanzenladen machen. Ich hatte so im Gef&#252;hl, dass da letztes Mal noch etwas fehlte und tats&#228;chlich ist noch eine ganze Abteilung dazu gekommen mit&#8230; DISNEY und Lebkuchen Sachen. Soooooo sch&#246;n. Ich wollte gar nicht mehr gehen. Und nachdem ich den ganzen Sommer wie bl&#246;de nach den Chip und Chap Gartenfiguren geschaut habe, hatten sie diese jetzt auf einmal da. Genau wie den Weihnachts Mickey, den mir letztes Jahr einer vor der Nase wegkaufte. Happy? Klaro!<\/p>\n<hr>\n<h3><span id=\"Unsere_High_Five_der_Woche\"><span id=\"Zeit_fur_die_Freitagsfragen\">Unsere&nbsp;<\/span><span id=\"Zeit_fur_die_Freitagsfragen\">\u201cHigh Five\u201d der Woche<\/span><\/span><\/h3>\n<p><strong>Bei den \u201cHigh Five\u201d von Sabine geht es darum f&#252;nf Dinge zu finden, die in der Woche gut waren.&nbsp;<a href=\"https:\/\/mausloch.blogspot.com\/p\/blogparade-high-five-am-sonntag.html\" target=\"_blank\" rel=\"noopener\">Erfahrt hier mehr dazu<\/a>.<\/strong><\/p>\n<ul>\n<li>Auch wenn es m&#252;&#223;ig war: Jugendschutz und 1. Hilfe abgehakt<\/li>\n<li>Harry Potter lesen mit dem kleinen Sohn<\/li>\n<li>Gartendeko kam sicher bei mir an (und ich hab endlich mal rechtzeitig zuschlagen k&#246;nnen)<\/li>\n<li>Neue Serie mit dem Mann angefangen (&#8220;Boots&#8221;)<\/li>\n<li>Ich konnte immerhin ein wenig ausmisten<\/li>\n<\/ul>\n<hr>\n<h3><span id=\"Wochenlieblinge_in_der_Blogsphare\">Wochenlieblinge in der Blogsph&#228;re<\/span><\/h3>\n<p><strong>An dieser Stelle gibt es immer lesenswerte Wochenlieblinge, Fundst&#252;cke aus dem Internet oder der Blogsph&#228;re und Neuzug&#228;nge im Feed Reader, falls es welche gibt.<\/strong><\/p>\n<ul>\n<li>Christiane dr&#246;selt mit uns mal auseinander, <a href=\"https:\/\/salty-seal.de\/was-kostet-ein-triathlon\/\" target=\"_blank\" rel=\"noopener\">was f&#252;r Kosten<\/a> auf einen zukommen k&#246;nnen, wenn man einen Triathlon mitmachen m&#246;chte<\/li>\n<li>Suzu hat weitere Freebies f&#252;r den Planer f&#252;r uns f&#252;r das neue Jahr. Einmal &#8220;<a href=\"https:\/\/suzu-chan.de\/2025\/10\/16\/planner-freebie-titelseite-pro-monat-2026\/\" target=\"_blank\" rel=\"noopener\">Titelseite pro Monat<\/a>&#8221; und <a href=\"https:\/\/suzu-chan.de\/2025\/10\/13\/planner-freebie-monatsvorschau-2026\/\" target=\"_blank\" rel=\"noopener\">eine Monatsvorschau<\/a><\/li>\n<li>Bine teilt wieder tolle Rezepte f&#252;r uns. Da w&#228;re der <a href=\"https:\/\/www.waseigenes.com\/2025\/10\/11\/french-toast-auflauf-mit-brioche-und-kirschen\/\" target=\"_blank\" rel=\"noopener\">French Toast Auflauf<\/a> und ein einfaches <a href=\"https:\/\/www.waseigenes.com\/2025\/10\/14\/kuerbis-curry-kokosmilch\/\" target=\"_blank\" rel=\"noopener\">K&#252;rbis Curry&nbsp;<\/a><\/li>\n<li>Und dann gibt es noch <a href=\"https:\/\/www.lifestylebybine.de\/senfeier-a-la-bine\" target=\"_blank\" rel=\"noopener\">Senfeier a la Bine<\/a>&nbsp;<\/li>\n<\/ul>\n<hr>\n<h3><span id=\"Zeit_fur_die_Freitagsfragen\">Zeit f&#252;r die Freitagsfragen&nbsp;<\/span><\/h3>\n<figure id=\"attachment_65519\" aria-describedby=\"caption-attachment-65519\" style=\"width: 1000px\" class=\"wp-caption alignnone\"><img loading=\"lazy\" decoding=\"async\" class=\"size-full wp-image-65519\" src=\"https:\/\/www.heldenhaushalt.de\/sari02\/wp-content\/uploads\/2025\/10\/42-03.jpg\" alt=\"Wochenlieblinge\" width=\"1000\" height=\"758\" srcset=\"https:\/\/www.heldenhaushalt.de\/sari02\/wp-content\/uploads\/2025\/10\/42-03.jpg 1000w, https:\/\/www.heldenhaushalt.de\/sari02\/wp-content\/uploads\/2025\/10\/42-03-300x227.jpg 300w, https:\/\/www.heldenhaushalt.de\/sari02\/wp-content\/uploads\/2025\/10\/42-03-768x582.jpg 768w, https:\/\/www.heldenhaushalt.de\/sari02\/wp-content\/uploads\/2025\/10\/42-03-79x60.jpg 79w\" sizes=\"auto, (max-width: 1000px) 100vw, 1000px\" \/><figcaption id=\"caption-attachment-65519\" class=\"wp-caption-text\">Abendleuchten<\/figcaption><\/figure>\n<p><strong>Und zum Abschluss auch dieses Mal wieder Wochenlieblinge mit dem&nbsp;<a href=\"https:\/\/scrapimpulse.com\/2025\/10\/freitagstipps-freitagsfueller-845\/\" target=\"_blank\" rel=\"noopener\">Freitagsf&#252;ller von Babara<\/a>.<\/strong><\/p>\n<p><strong>1.<\/strong> Ich finde <span style=\"color: #993300;\">die Herbstferien h&#228;tten ruhig fr&#252;her anfangen k&#246;nnen<\/span>.<br \/>\n<strong>2.<\/strong> <span style=\"color: #993300;\">Bald gibt es ganz viel Halloween Deko neben den paar K&#252;rbissen<\/span> drau&#223;en vor der T&#252;r.<br \/>\n<strong>3.<\/strong> Wie habe ich es geschafft, <span style=\"color: #993300;\">dass ich bisher relativ Erk&#228;ltungsfrei durch die Tage gekommen bin<\/span>.<br \/>\n<strong>4.<\/strong> <span style=\"color: #993300;\">Ich muss mal wieder Mickey Maus Cake Pops<\/span> backen.<br \/>\n<strong>5.<\/strong> Im Herbst rieche ich gerne <span style=\"color: #993300;\">den Duft von Gl&#252;hwein und Kaminholz.<\/span><br \/>\n<strong>6.<\/strong> <span style=\"color: #993300;\">Bei der aktuellen Luft atme ich viel<\/span> besser.<br \/>\n<strong>7.<\/strong> Was das Wochenende angeht, heute Abend freue ich mich auf <span style=\"color: #993300;\">meine Kuscheldecke<\/span>, morgen habe ich geplant, <span style=\"color: #993300;\">endlich mal wieder ein Spiel vom gro&#223;en Sohn zu sehen<\/span> und Sonntag m&#246;chte ich <span style=\"color: #993300;\">dem Kleinen zuschauen und ein wenig im Garten werkeln<\/span>!<\/p>\n<p><small>*<strong>Anmerkung:<\/strong>&nbsp;Der Artikel &#252;ber unsere Wochenlieblinge enth&#228;lt evtl. Bilder mit Produkten, die wir in unserem Alltag nutzen oder Linkempfehlungen. Wir haben keine Bezahlung f&#252;r das Zeigen oder Nutzen derselbigen erhalten. Affiliate Links sind als solche markiert.<\/small><\/p>\n","protected":false},"excerpt":{"rendered":"<p>Enth&#228;lt (unbezahlte) Werbung* Ich schw&#228;chle gerade in allen Disziplinen irgendwie. Ich h&#228;nge hinterher beim Projekt 52 und auch beim Inktober und f&#252;r beides muss ich mir in den n&#228;chsten Tagen mal bewusst etwas Zeit nehmen, um aufzuholen. An Ideen scheitert es nicht, aber an der n&#246;tigen Ruhe, um die Sachen gewissenhaft anzugehen. Immerhin sind die Wochenlieblinge heute auch gleichzeitig der Startschuss f&#252;r die Herbstferien. Eigentlich krass, wenn man bedenkt, dass das Ende der Sommerferien noch gar nicht so lange her ist. Hinter uns liegen aber jetzt schon einige englische Wochen (wie man so sch&#246;n sagt), aber &#252;berraschender Weise noch kein nennenswertes Krankenlager. Hoffen wir, dass die Ferien f&#252;r uns alle erholsam werden. Unsere Wochenlieblinge in dieser Woche\u2026 Die Woche f&#252;hlt sich etwas dunkel und kalt an, dabei sind die Temperaturen stellenweise sogar ziemlich mild. Da wir aber gef&#252;hlt die ganze Woche mit Spr&#252;hregen zu tun haben, kriecht einem das schon ziemlich unter die Haut. Am vergangenen Wochenende erreicht uns ja die neu gestaltete Ausgabe von &#8220;Harry Potter und der Stein der Weisen&#8221; und da die dunkle Jahreszeit f&#252;r uns auch die Zeit f&#252;r sowas und Hogwarts ist, beschlossen der kleine Sohn und ich gemeinsam im Winter das Buch zu lesen. Aktuell sitzen wir jeden Tag beim Mittagessen am Tisch und w&#228;hrend er isst, lese ich ihm ein paar Seiten aus dem Buch vor. Anders kommen wir leider nicht wirklich dazu. Aber es ist ein sch&#246;ner Moment so in der Mitte des Tages. Meine Laufwoche diese Woche wurde mal wieder etwas durcheinander gewirbelt, da mein urspr&#252;nglicher Lauftag durch Pokalspiel des Gro&#223;en und Jugendschutzschulung belegt wurde. Montag konnte ich noch ganz normal laufen gehen und inzwischen ist meine Laufbahn ganz sch&#246;n vom leuchtenden Laub bedeckt. Aber der Anblick ist wundersch&#246;n. Dennoch muss ich nun aufpassen, da die Wege rutschiger und dunkler werden. Ich laufe ja nun mit den anderen Schuhen und die Sohle scheint doch etwas anders zu sein. Man muss sich echt erstmal etwas umgew&#246;hnen. Ich merke diese Woche aber auch so etwas wie &#8220;Alltagsm&#252;digkeit&#8221;. Manche Dinge wachsen mir &#252;ber den Kopf und ich w&#252;nsche mir eine Auszeit. Ich w&#252;rde gerne ein wenig ausbrechen und woanders sein als hier. Vielleicht kennt ihr das ja, diese unb&#228;ndige Sehnsucht gepr&#228;gt durch Fernweh. Der Realit&#228;t entfliehen. Manchmal braucht man das. Es dr&#252;ckt sich bei mir jedenfalls derzeit mal wieder durch anhaltende Kopfschmerzen und massive Verspannungen aus. Das sp&#252;re ich auch massiv beim Yoga. Einen kleinen stillen Moment der Wochenlieblinge gibt es hier. W&#228;hrend ich auf den kleinen Sohn warte, beobachte ich den Raben, wie er in der Pf&#252;tze steht und&#8230; eine Nuss (??)&#8230; oder &#228;hnliches in dieser scheinbar s&#228;ubert oder aufweicht, um sie danach irgendwie knacken zu k&#246;nnen. Ein K&#252;rbis ist von unserer &#8220;Shoppingtour&#8221; noch &#252;brig, den ich mir bei Gelegenheit noch mit Feta im Ofen machen m&#246;chte. Aber diese Woche haben wir nun den Spagetti K&#252;rbis verarbeitet mit einer einfachen So&#223;e dazu. Habt ihr Interesse an dem Rezept? Letzte Woche haben wir ja schon den Mini Musk als Ofen-, als Pfannen- und als Suppengem&#252;se probiert und ich muss sagen, er geh&#246;rt inzwischen fast zu meinen Favoriten. Tja und w&#228;hrend der Sohn mitgenommen wurde zum Ausw&#228;rtsspiel zu einer mehr als unmenschlichen Zeit unter der Woche sa&#223; ich mit dem Mann in der Jugendschutzschulung. Diese war durchaus interessant und definitiv wichtig, aber gerne w&#228;ren wir nat&#252;rlich beim Pokalspiel des gro&#223;en Sohnes dabei gewesen, zumal er wohl ein Traumtor geschossen haben soll. Leider reichte es nicht zum Sieg, aber wen wundert das, wenn die Kids unter der Woche, nach einem langen Schultag eine Stunde quer durch die Stadt fahren m&#252;ssen und Ansto&#223; ist, wenn sie eigentlich schon fast im Bett liegen sollen. Das haben wir &#252;brigens auch direkt den Jugendschutzbeauftragten gefragt. Eventuell sollte der Fu&#223;ballverband da echt mal was &#252;berdenken. Aber gut&#8230;&nbsp; Sp&#228;t in der Woche kamen wir dann auch endlich zum Wocheneinkauf und ich musste doch nochmal einen Abstecher in die Weihnachtswelt beim Pflanzenladen machen. Ich hatte so im Gef&#252;hl, dass da letztes Mal noch etwas fehlte und tats&#228;chlich ist noch eine ganze Abteilung dazu gekommen mit&#8230; DISNEY und Lebkuchen Sachen. Soooooo sch&#246;n. Ich wollte gar nicht mehr gehen. Und nachdem ich den ganzen Sommer wie bl&#246;de nach den Chip und Chap Gartenfiguren geschaut habe, hatten sie diese jetzt auf einmal da. Genau wie den Weihnachts Mickey, den mir letztes Jahr einer vor der Nase wegkaufte. Happy? Klaro! Unsere&nbsp;\u201cHigh Five\u201d der Woche Bei den \u201cHigh Five\u201d von Sabine geht es darum f&#252;nf Dinge zu finden, die in der Woche gut waren.&nbsp;Erfahrt hier mehr dazu. Auch wenn es m&#252;&#223;ig war: Jugendschutz und 1. Hilfe abgehakt Harry Potter lesen mit dem kleinen Sohn Gartendeko kam sicher bei mir an (und ich hab endlich mal rechtzeitig zuschlagen k&#246;nnen) Neue Serie mit dem Mann angefangen (&#8220;Boots&#8221;) Ich konnte immerhin ein wenig ausmisten Wochenlieblinge in der Blogsph&#228;re An dieser Stelle gibt es immer lesenswerte Wochenlieblinge, Fundst&#252;cke aus dem Internet oder der Blogsph&#228;re und Neuzug&#228;nge im Feed Reader, falls es welche gibt. Christiane dr&#246;selt mit uns mal auseinander, was f&#252;r Kosten auf einen zukommen k&#246;nnen, wenn man einen Triathlon mitmachen m&#246;chte Suzu hat weitere Freebies f&#252;r den Planer f&#252;r uns f&#252;r das neue Jahr. Einmal &#8220;Titelseite pro Monat&#8221; und eine Monatsvorschau Bine teilt wieder tolle Rezepte f&#252;r uns. Da w&#228;re der French Toast Auflauf und ein einfaches K&#252;rbis Curry&nbsp; Und dann gibt es noch Senfeier a la Bine&nbsp; Zeit f&#252;r die Freitagsfragen&nbsp; Und zum Abschluss auch dieses Mal wieder Wochenlieblinge mit dem&nbsp;Freitagsf&#252;ller von Babara. 1. Ich finde die Herbstferien h&#228;tten ruhig fr&#252;her anfangen k&#246;nnen. 2. Bald gibt es ganz viel Halloween Deko neben den paar K&#252;rbissen drau&#223;en vor der T&#252;r. 3. Wie habe ich es geschafft, dass ich bisher relativ Erk&#228;ltungsfrei durch die Tage gekommen bin. 4. Ich muss mal wieder Mickey Maus Cake Pops backen. 5. Im Herbst rieche ich gerne den Duft von Gl&#252;hwein und Kaminholz. 6. Bei der aktuellen Luft atme ich viel besser. 7. Was das Wochenende angeht, heute Abend freue ich mich auf meine Kuscheldecke, morgen habe ich geplant, endlich mal wieder ein Spiel vom gro&#223;en Sohn zu sehen und Sonntag m&#246;chte ich dem Kleinen zuschauen und ein wenig im Garten werkeln! *Anmerkung:&nbsp;Der Artikel &#252;ber unsere Wochenlieblinge enth&#228;lt evtl. Bilder mit Produkten, die wir in unserem Alltag nutzen oder Linkempfehlungen. Wir haben keine Bezahlung f&#252;r das Zeigen oder Nutzen derselbigen erhalten. Affiliate Links sind als solche markiert.<\/p>\n","protected":false},"author":1,"featured_media":65521,"comment_status":"open","ping_status":"open","sticky":false,"template":"","format":"standard","meta":{"ngg_post_thumbnail":0,"footnotes":""},"categories":[3494],"tags":[781,3125,3617,3708,2161],"class_list":["post-65515","post","type-post","status-publish","format-standard","has-post-thumbnail","hentry","category-rueckblick","tag-freitagslieblinge","tag-freitagsfueller","tag-high-five","tag-linkempfehlung","tag-wochenlieblinge"],"yoast_head":"<!-- This site is optimized with the Yoast SEO plugin v27.5 - https:\/\/yoast.com\/product\/yoast-seo-wordpress\/ -->\n<title>Unsere Wochenlieblinge 42\/2025 \u2013 Ersehnter Ferienstart - Heldenhaushalt<\/title>\n<meta name=\"description\" content=\"Immerhin sind die Wochenlieblinge heute auch gleichzeitig der Startschuss f\u00fcr die Herbstferien. Eigentlich krass, wenn man bedenkt,...\" \/>\n<meta name=\"robots\" content=\"index, follow, max-snippet:-1, max-image-preview:large, max-video-preview:-1\" \/>\n<link rel=\"canonical\" href=\"https:\/\/www.heldenhaushalt.de\/sari02\/index.php\/2025\/10\/17\/unsere-wochenlieblinge-422025-ersehnter-ferienstart\/\" \/>\n<meta property=\"og:locale\" content=\"de_DE\" \/>\n<meta property=\"og:type\" content=\"article\" \/>\n<meta property=\"og:title\" content=\"Unsere Wochenlieblinge 42\/2025 \u2013 Ersehnter Ferienstart - Heldenhaushalt\" \/>\n<meta property=\"og:description\" content=\"Immerhin sind die Wochenlieblinge heute auch gleichzeitig der Startschuss f\u00fcr die Herbstferien. Eigentlich krass, wenn man bedenkt,...\" \/>\n<meta property=\"og:url\" content=\"https:\/\/www.heldenhaushalt.de\/sari02\/index.php\/2025\/10\/17\/unsere-wochenlieblinge-422025-ersehnter-ferienstart\/\" \/>\n<meta property=\"og:site_name\" content=\"Heldenhaushalt\" \/>\n<meta property=\"article:published_time\" content=\"2025-10-17T07:42:40+00:00\" \/>\n<meta property=\"article:modified_time\" content=\"2025-10-17T08:05:02+00:00\" \/>\n<meta property=\"og:image\" content=\"https:\/\/www.heldenhaushalt.de\/sari02\/wp-content\/uploads\/2025\/10\/42-05.jpg\" \/>\n\t<meta property=\"og:image:width\" content=\"1000\" \/>\n\t<meta property=\"og:image:height\" content=\"785\" \/>\n\t<meta property=\"og:image:type\" content=\"image\/jpeg\" \/>\n<meta name=\"author\" content=\"Sari\" \/>\n<meta name=\"twitter:card\" content=\"summary_large_image\" \/>\n<meta name=\"twitter:creator\" content=\"@Heldenhaushalt\" \/>\n<meta name=\"twitter:site\" content=\"@Heldenhaushalt\" \/>\n<meta name=\"twitter:label1\" content=\"Verfasst von\" \/>\n\t<meta name=\"twitter:data1\" content=\"Sari\" \/>\n\t<meta name=\"twitter:label2\" content=\"Gesch\u00e4tzte Lesezeit\" \/>\n\t<meta name=\"twitter:data2\" content=\"8\u00a0Minuten\" \/>\n<script type=\"application\/ld+json\" class=\"yoast-schema-graph\">{\"@context\":\"https:\\\/\\\/schema.org\",\"@graph\":[{\"@type\":\"Article\",\"@id\":\"https:\\\/\\\/www.heldenhaushalt.de\\\/sari02\\\/index.php\\\/2025\\\/10\\\/17\\\/unsere-wochenlieblinge-422025-ersehnter-ferienstart\\\/#article\",\"isPartOf\":{\"@id\":\"https:\\\/\\\/www.heldenhaushalt.de\\\/sari02\\\/index.php\\\/2025\\\/10\\\/17\\\/unsere-wochenlieblinge-422025-ersehnter-ferienstart\\\/\"},\"author\":{\"name\":\"Sari\",\"@id\":\"https:\\\/\\\/www.heldenhaushalt.de\\\/sari02\\\/#\\\/schema\\\/person\\\/a1cc69f42a01f412eb62c151353814f6\"},\"headline\":\"Unsere Wochenlieblinge 42\\\/2025 \u2013 Ersehnter Ferienstart\",\"datePublished\":\"2025-10-17T07:42:40+00:00\",\"dateModified\":\"2025-10-17T08:05:02+00:00\",\"mainEntityOfPage\":{\"@id\":\"https:\\\/\\\/www.heldenhaushalt.de\\\/sari02\\\/index.php\\\/2025\\\/10\\\/17\\\/unsere-wochenlieblinge-422025-ersehnter-ferienstart\\\/\"},\"wordCount\":1213,\"commentCount\":14,\"publisher\":{\"@id\":\"https:\\\/\\\/www.heldenhaushalt.de\\\/sari02\\\/#\\\/schema\\\/person\\\/a1cc69f42a01f412eb62c151353814f6\"},\"image\":{\"@id\":\"https:\\\/\\\/www.heldenhaushalt.de\\\/sari02\\\/index.php\\\/2025\\\/10\\\/17\\\/unsere-wochenlieblinge-422025-ersehnter-ferienstart\\\/#primaryimage\"},\"thumbnailUrl\":\"https:\\\/\\\/www.heldenhaushalt.de\\\/sari02\\\/wp-content\\\/uploads\\\/2025\\\/10\\\/42-05.jpg\",\"keywords\":[\"#Freitagslieblinge\",\"Freitagsf\u00fcller\",\"High Five\",\"Linkempfehlung\",\"Wochenlieblinge\"],\"articleSection\":[\"R\u00fcckblick\"],\"inLanguage\":\"de\",\"potentialAction\":[{\"@type\":\"CommentAction\",\"name\":\"Comment\",\"target\":[\"https:\\\/\\\/www.heldenhaushalt.de\\\/sari02\\\/index.php\\\/2025\\\/10\\\/17\\\/unsere-wochenlieblinge-422025-ersehnter-ferienstart\\\/#respond\"]}]},{\"@type\":\"WebPage\",\"@id\":\"https:\\\/\\\/www.heldenhaushalt.de\\\/sari02\\\/index.php\\\/2025\\\/10\\\/17\\\/unsere-wochenlieblinge-422025-ersehnter-ferienstart\\\/\",\"url\":\"https:\\\/\\\/www.heldenhaushalt.de\\\/sari02\\\/index.php\\\/2025\\\/10\\\/17\\\/unsere-wochenlieblinge-422025-ersehnter-ferienstart\\\/\",\"name\":\"Unsere Wochenlieblinge 42\\\/2025 \u2013 Ersehnter Ferienstart - Heldenhaushalt\",\"isPartOf\":{\"@id\":\"https:\\\/\\\/www.heldenhaushalt.de\\\/sari02\\\/#website\"},\"primaryImageOfPage\":{\"@id\":\"https:\\\/\\\/www.heldenhaushalt.de\\\/sari02\\\/index.php\\\/2025\\\/10\\\/17\\\/unsere-wochenlieblinge-422025-ersehnter-ferienstart\\\/#primaryimage\"},\"image\":{\"@id\":\"https:\\\/\\\/www.heldenhaushalt.de\\\/sari02\\\/index.php\\\/2025\\\/10\\\/17\\\/unsere-wochenlieblinge-422025-ersehnter-ferienstart\\\/#primaryimage\"},\"thumbnailUrl\":\"https:\\\/\\\/www.heldenhaushalt.de\\\/sari02\\\/wp-content\\\/uploads\\\/2025\\\/10\\\/42-05.jpg\",\"datePublished\":\"2025-10-17T07:42:40+00:00\",\"dateModified\":\"2025-10-17T08:05:02+00:00\",\"description\":\"Immerhin sind die Wochenlieblinge heute auch gleichzeitig der Startschuss f\u00fcr die Herbstferien. Eigentlich krass, wenn man bedenkt,...\",\"breadcrumb\":{\"@id\":\"https:\\\/\\\/www.heldenhaushalt.de\\\/sari02\\\/index.php\\\/2025\\\/10\\\/17\\\/unsere-wochenlieblinge-422025-ersehnter-ferienstart\\\/#breadcrumb\"},\"inLanguage\":\"de\",\"potentialAction\":[{\"@type\":\"ReadAction\",\"target\":[\"https:\\\/\\\/www.heldenhaushalt.de\\\/sari02\\\/index.php\\\/2025\\\/10\\\/17\\\/unsere-wochenlieblinge-422025-ersehnter-ferienstart\\\/\"]}]},{\"@type\":\"ImageObject\",\"inLanguage\":\"de\",\"@id\":\"https:\\\/\\\/www.heldenhaushalt.de\\\/sari02\\\/index.php\\\/2025\\\/10\\\/17\\\/unsere-wochenlieblinge-422025-ersehnter-ferienstart\\\/#primaryimage\",\"url\":\"https:\\\/\\\/www.heldenhaushalt.de\\\/sari02\\\/wp-content\\\/uploads\\\/2025\\\/10\\\/42-05.jpg\",\"contentUrl\":\"https:\\\/\\\/www.heldenhaushalt.de\\\/sari02\\\/wp-content\\\/uploads\\\/2025\\\/10\\\/42-05.jpg\",\"width\":1000,\"height\":785,\"caption\":\"Regentage\"},{\"@type\":\"BreadcrumbList\",\"@id\":\"https:\\\/\\\/www.heldenhaushalt.de\\\/sari02\\\/index.php\\\/2025\\\/10\\\/17\\\/unsere-wochenlieblinge-422025-ersehnter-ferienstart\\\/#breadcrumb\",\"itemListElement\":[{\"@type\":\"ListItem\",\"position\":1,\"name\":\"Startseite\",\"item\":\"https:\\\/\\\/www.heldenhaushalt.de\\\/sari02\\\/\"},{\"@type\":\"ListItem\",\"position\":2,\"name\":\"Unsere Wochenlieblinge 42\\\/2025 \u2013 Ersehnter Ferienstart\"}]},{\"@type\":\"WebSite\",\"@id\":\"https:\\\/\\\/www.heldenhaushalt.de\\\/sari02\\\/#website\",\"url\":\"https:\\\/\\\/www.heldenhaushalt.de\\\/sari02\\\/\",\"name\":\"Heldenhaushalt\",\"description\":\"Wer es ordentlich haben will, der muss vorher anrufen\",\"publisher\":{\"@id\":\"https:\\\/\\\/www.heldenhaushalt.de\\\/sari02\\\/#\\\/schema\\\/person\\\/a1cc69f42a01f412eb62c151353814f6\"},\"potentialAction\":[{\"@type\":\"SearchAction\",\"target\":{\"@type\":\"EntryPoint\",\"urlTemplate\":\"https:\\\/\\\/www.heldenhaushalt.de\\\/sari02\\\/?s={search_term_string}\"},\"query-input\":{\"@type\":\"PropertyValueSpecification\",\"valueRequired\":true,\"valueName\":\"search_term_string\"}}],\"inLanguage\":\"de\"},{\"@type\":[\"Person\",\"Organization\"],\"@id\":\"https:\\\/\\\/www.heldenhaushalt.de\\\/sari02\\\/#\\\/schema\\\/person\\\/a1cc69f42a01f412eb62c151353814f6\",\"name\":\"Sari\",\"image\":{\"@type\":\"ImageObject\",\"inLanguage\":\"de\",\"@id\":\"https:\\\/\\\/www.heldenhaushalt.de\\\/sari02\\\/wp-content\\\/uploads\\\/2019\\\/02\\\/sari-april2018.png\",\"url\":\"https:\\\/\\\/www.heldenhaushalt.de\\\/sari02\\\/wp-content\\\/uploads\\\/2019\\\/02\\\/sari-april2018.png\",\"contentUrl\":\"https:\\\/\\\/www.heldenhaushalt.de\\\/sari02\\\/wp-content\\\/uploads\\\/2019\\\/02\\\/sari-april2018.png\",\"width\":500,\"height\":500,\"caption\":\"Sari\"},\"logo\":{\"@id\":\"https:\\\/\\\/www.heldenhaushalt.de\\\/sari02\\\/wp-content\\\/uploads\\\/2019\\\/02\\\/sari-april2018.png\"},\"description\":\"Frau Mondgras \u2013 Das bin ich, Sari. Gerne auch als Sari Mondgras bekannt und im Internet zu finden. 2-Fach-Mutter, Heldenehefrau, Kreativling, Harmonies\u00fcchtig und st\u00e4ndig auf der Suche nach Gl\u00fcck. Ich komme aus Berlin, bin hier aufgewachsen und lebe hier seit ich denken kann.\",\"sameAs\":[\"https:\\\/\\\/www.instagram.com\\\/heldenhaushalt\\\/\"],\"url\":\"https:\\\/\\\/www.heldenhaushalt.de\\\/sari02\\\/index.php\\\/author\\\/admin\\\/\"}]}<\/script>\n<!-- \/ Yoast SEO plugin. -->","yoast_head_json":{"title":"Unsere Wochenlieblinge 42\/2025 \u2013 Ersehnter Ferienstart - Heldenhaushalt","description":"Immerhin sind die Wochenlieblinge heute auch gleichzeitig der Startschuss f\u00fcr die Herbstferien. Eigentlich krass, wenn man bedenkt,...","robots":{"index":"index","follow":"follow","max-snippet":"max-snippet:-1","max-image-preview":"max-image-preview:large","max-video-preview":"max-video-preview:-1"},"canonical":"https:\/\/www.heldenhaushalt.de\/sari02\/index.php\/2025\/10\/17\/unsere-wochenlieblinge-422025-ersehnter-ferienstart\/","og_locale":"de_DE","og_type":"article","og_title":"Unsere Wochenlieblinge 42\/2025 \u2013 Ersehnter Ferienstart - Heldenhaushalt","og_description":"Immerhin sind die Wochenlieblinge heute auch gleichzeitig der Startschuss f\u00fcr die Herbstferien. Eigentlich krass, wenn man bedenkt,...","og_url":"https:\/\/www.heldenhaushalt.de\/sari02\/index.php\/2025\/10\/17\/unsere-wochenlieblinge-422025-ersehnter-ferienstart\/","og_site_name":"Heldenhaushalt","article_published_time":"2025-10-17T07:42:40+00:00","article_modified_time":"2025-10-17T08:05:02+00:00","og_image":[{"width":1000,"height":785,"url":"https:\/\/www.heldenhaushalt.de\/sari02\/wp-content\/uploads\/2025\/10\/42-05.jpg","type":"image\/jpeg"}],"author":"Sari","twitter_card":"summary_large_image","twitter_creator":"@Heldenhaushalt","twitter_site":"@Heldenhaushalt","twitter_misc":{"Verfasst von":"Sari","Gesch\u00e4tzte Lesezeit":"8\u00a0Minuten"},"schema":{"@context":"https:\/\/schema.org","@graph":[{"@type":"Article","@id":"https:\/\/www.heldenhaushalt.de\/sari02\/index.php\/2025\/10\/17\/unsere-wochenlieblinge-422025-ersehnter-ferienstart\/#article","isPartOf":{"@id":"https:\/\/www.heldenhaushalt.de\/sari02\/index.php\/2025\/10\/17\/unsere-wochenlieblinge-422025-ersehnter-ferienstart\/"},"author":{"name":"Sari","@id":"https:\/\/www.heldenhaushalt.de\/sari02\/#\/schema\/person\/a1cc69f42a01f412eb62c151353814f6"},"headline":"Unsere Wochenlieblinge 42\/2025 \u2013 Ersehnter Ferienstart","datePublished":"2025-10-17T07:42:40+00:00","dateModified":"2025-10-17T08:05:02+00:00","mainEntityOfPage":{"@id":"https:\/\/www.heldenhaushalt.de\/sari02\/index.php\/2025\/10\/17\/unsere-wochenlieblinge-422025-ersehnter-ferienstart\/"},"wordCount":1213,"commentCount":14,"publisher":{"@id":"https:\/\/www.heldenhaushalt.de\/sari02\/#\/schema\/person\/a1cc69f42a01f412eb62c151353814f6"},"image":{"@id":"https:\/\/www.heldenhaushalt.de\/sari02\/index.php\/2025\/10\/17\/unsere-wochenlieblinge-422025-ersehnter-ferienstart\/#primaryimage"},"thumbnailUrl":"https:\/\/www.heldenhaushalt.de\/sari02\/wp-content\/uploads\/2025\/10\/42-05.jpg","keywords":["#Freitagslieblinge","Freitagsf\u00fcller","High Five","Linkempfehlung","Wochenlieblinge"],"articleSection":["R\u00fcckblick"],"inLanguage":"de","potentialAction":[{"@type":"CommentAction","name":"Comment","target":["https:\/\/www.heldenhaushalt.de\/sari02\/index.php\/2025\/10\/17\/unsere-wochenlieblinge-422025-ersehnter-ferienstart\/#respond"]}]},{"@type":"WebPage","@id":"https:\/\/www.heldenhaushalt.de\/sari02\/index.php\/2025\/10\/17\/unsere-wochenlieblinge-422025-ersehnter-ferienstart\/","url":"https:\/\/www.heldenhaushalt.de\/sari02\/index.php\/2025\/10\/17\/unsere-wochenlieblinge-422025-ersehnter-ferienstart\/","name":"Unsere Wochenlieblinge 42\/2025 \u2013 Ersehnter Ferienstart - Heldenhaushalt","isPartOf":{"@id":"https:\/\/www.heldenhaushalt.de\/sari02\/#website"},"primaryImageOfPage":{"@id":"https:\/\/www.heldenhaushalt.de\/sari02\/index.php\/2025\/10\/17\/unsere-wochenlieblinge-422025-ersehnter-ferienstart\/#primaryimage"},"image":{"@id":"https:\/\/www.heldenhaushalt.de\/sari02\/index.php\/2025\/10\/17\/unsere-wochenlieblinge-422025-ersehnter-ferienstart\/#primaryimage"},"thumbnailUrl":"https:\/\/www.heldenhaushalt.de\/sari02\/wp-content\/uploads\/2025\/10\/42-05.jpg","datePublished":"2025-10-17T07:42:40+00:00","dateModified":"2025-10-17T08:05:02+00:00","description":"Immerhin sind die Wochenlieblinge heute auch gleichzeitig der Startschuss f\u00fcr die Herbstferien. Eigentlich krass, wenn man bedenkt,...","breadcrumb":{"@id":"https:\/\/www.heldenhaushalt.de\/sari02\/index.php\/2025\/10\/17\/unsere-wochenlieblinge-422025-ersehnter-ferienstart\/#breadcrumb"},"inLanguage":"de","potentialAction":[{"@type":"ReadAction","target":["https:\/\/www.heldenhaushalt.de\/sari02\/index.php\/2025\/10\/17\/unsere-wochenlieblinge-422025-ersehnter-ferienstart\/"]}]},{"@type":"ImageObject","inLanguage":"de","@id":"https:\/\/www.heldenhaushalt.de\/sari02\/index.php\/2025\/10\/17\/unsere-wochenlieblinge-422025-ersehnter-ferienstart\/#primaryimage","url":"https:\/\/www.heldenhaushalt.de\/sari02\/wp-content\/uploads\/2025\/10\/42-05.jpg","contentUrl":"https:\/\/www.heldenhaushalt.de\/sari02\/wp-content\/uploads\/2025\/10\/42-05.jpg","width":1000,"height":785,"caption":"Regentage"},{"@type":"BreadcrumbList","@id":"https:\/\/www.heldenhaushalt.de\/sari02\/index.php\/2025\/10\/17\/unsere-wochenlieblinge-422025-ersehnter-ferienstart\/#breadcrumb","itemListElement":[{"@type":"ListItem","position":1,"name":"Startseite","item":"https:\/\/www.heldenhaushalt.de\/sari02\/"},{"@type":"ListItem","position":2,"name":"Unsere Wochenlieblinge 42\/2025 \u2013 Ersehnter Ferienstart"}]},{"@type":"WebSite","@id":"https:\/\/www.heldenhaushalt.de\/sari02\/#website","url":"https:\/\/www.heldenhaushalt.de\/sari02\/","name":"Heldenhaushalt","description":"Wer es ordentlich haben will, der muss vorher anrufen","publisher":{"@id":"https:\/\/www.heldenhaushalt.de\/sari02\/#\/schema\/person\/a1cc69f42a01f412eb62c151353814f6"},"potentialAction":[{"@type":"SearchAction","target":{"@type":"EntryPoint","urlTemplate":"https:\/\/www.heldenhaushalt.de\/sari02\/?s={search_term_string}"},"query-input":{"@type":"PropertyValueSpecification","valueRequired":true,"valueName":"search_term_string"}}],"inLanguage":"de"},{"@type":["Person","Organization"],"@id":"https:\/\/www.heldenhaushalt.de\/sari02\/#\/schema\/person\/a1cc69f42a01f412eb62c151353814f6","name":"Sari","image":{"@type":"ImageObject","inLanguage":"de","@id":"https:\/\/www.heldenhaushalt.de\/sari02\/wp-content\/uploads\/2019\/02\/sari-april2018.png","url":"https:\/\/www.heldenhaushalt.de\/sari02\/wp-content\/uploads\/2019\/02\/sari-april2018.png","contentUrl":"https:\/\/www.heldenhaushalt.de\/sari02\/wp-content\/uploads\/2019\/02\/sari-april2018.png","width":500,"height":500,"caption":"Sari"},"logo":{"@id":"https:\/\/www.heldenhaushalt.de\/sari02\/wp-content\/uploads\/2019\/02\/sari-april2018.png"},"description":"Frau Mondgras \u2013 Das bin ich, Sari. Gerne auch als Sari Mondgras bekannt und im Internet zu finden. 2-Fach-Mutter, Heldenehefrau, Kreativling, Harmonies\u00fcchtig und st\u00e4ndig auf der Suche nach Gl\u00fcck. Ich komme aus Berlin, bin hier aufgewachsen und lebe hier seit ich denken kann.","sameAs":["https:\/\/www.instagram.com\/heldenhaushalt\/"],"url":"https:\/\/www.heldenhaushalt.de\/sari02\/index.php\/author\/admin\/"}]}},"views":1078,"_links":{"self":[{"href":"https:\/\/www.heldenhaushalt.de\/sari02\/index.php\/wp-json\/wp\/v2\/posts\/65515","targetHints":{"allow":["GET"]}}],"collection":[{"href":"https:\/\/www.heldenhaushalt.de\/sari02\/index.php\/wp-json\/wp\/v2\/posts"}],"about":[{"href":"https:\/\/www.heldenhaushalt.de\/sari02\/index.php\/wp-json\/wp\/v2\/types\/post"}],"author":[{"embeddable":true,"href":"https:\/\/www.heldenhaushalt.de\/sari02\/index.php\/wp-json\/wp\/v2\/users\/1"}],"replies":[{"embeddable":true,"href":"https:\/\/www.heldenhaushalt.de\/sari02\/index.php\/wp-json\/wp\/v2\/comments?post=65515"}],"version-history":[{"count":3,"href":"https:\/\/www.heldenhaushalt.de\/sari02\/index.php\/wp-json\/wp\/v2\/posts\/65515\/revisions"}],"predecessor-version":[{"id":65528,"href":"https:\/\/www.heldenhaushalt.de\/sari02\/index.php\/wp-json\/wp\/v2\/posts\/65515\/revisions\/65528"}],"wp:featuredmedia":[{"embeddable":true,"href":"https:\/\/www.heldenhaushalt.de\/sari02\/index.php\/wp-json\/wp\/v2\/media\/65521"}],"wp:attachment":[{"href":"https:\/\/www.heldenhaushalt.de\/sari02\/index.php\/wp-json\/wp\/v2\/media?parent=65515"}],"wp:term":[{"taxonomy":"category","embeddable":true,"href":"https:\/\/www.heldenhaushalt.de\/sari02\/index.php\/wp-json\/wp\/v2\/categories?post=65515"},{"taxonomy":"post_tag","embeddable":true,"href":"https:\/\/www.heldenhaushalt.de\/sari02\/index.php\/wp-json\/wp\/v2\/tags?post=65515"}],"curies":[{"name":"wp","href":"https:\/\/api.w.org\/{rel}","templated":true}]}}