{"id":66003,"date":"2025-12-14T09:00:00","date_gmt":"2025-12-14T08:00:00","guid":{"rendered":"https:\/\/www.heldenhaushalt.de\/sari02\/?p=66003"},"modified":"2025-12-10T11:39:35","modified_gmt":"2025-12-10T10:39:35","slug":"projekt-52-im-dezember-waerme","status":"publish","type":"post","link":"https:\/\/www.heldenhaushalt.de\/sari02\/index.php\/2025\/12\/14\/projekt-52-im-dezember-waerme\/","title":{"rendered":"Projekt 52 im Dezember: W&#228;rme"},"content":{"rendered":"<p>Friert ihr aktuell mehr oder ist euch warm genug? Die Woche war ja stellenweise doch ganz sch&#246;n mild und h&#228;tte sich die Sonne etwas mehr gezeigt, h&#228;tte man schon fast von Fr&#252;hlingswetter sprechen k&#246;nnen. &#220;berschattet wurde das dann leider doch vom dunklen Regenwetter und den Ans&#228;tzen von Krankenlager, das nach wie vor hier zu Hause immer wieder herrscht.<\/p>\n<p>Beim Projekt 52 dreht sich heute alles um das Thema &#8220;W&#228;rme&#8221; und dabei beziehe ich mich dann doch heute eher weniger auf das Wetter, sondern auf etwas, womit ich mich aktuell versuche warm zu halten, wenn ich fr&#246;stle.<\/p>\n<h3>Projekt 52 im Dezember: W&#228;rme<\/h3>\n<p>Ich hatte es ja schon erw&#228;hnt: Ich bin keine Teetrinkerin. Tee zu trinken, das verbinde ich irgendwie immer mit krank sein, weil man sich da meist irgendwelche Kr&#228;utertees schon als Kind immer reinziehen musste. Bevorzugt Kamille. Der ging f&#252;r mich noch irgendwie, aber dennoch habe ich dadurch die Verkn&#252;pfung Tee = Krank geschaffen. Am schlimmsten ist es, wenn man dann auf Salbeitee oder so umsteigen muss&#8230; nun ja.<\/p>\n<p><img loading=\"lazy\" decoding=\"async\" class=\"alignnone size-full wp-image-66065\" src=\"https:\/\/www.heldenhaushalt.de\/sari02\/wp-content\/uploads\/2025\/12\/p52-49.jpg\" alt=\"Projekt 52\" width=\"1000\" height=\"669\" srcset=\"https:\/\/www.heldenhaushalt.de\/sari02\/wp-content\/uploads\/2025\/12\/p52-49.jpg 1000w, https:\/\/www.heldenhaushalt.de\/sari02\/wp-content\/uploads\/2025\/12\/p52-49-300x201.jpg 300w, https:\/\/www.heldenhaushalt.de\/sari02\/wp-content\/uploads\/2025\/12\/p52-49-768x514.jpg 768w, https:\/\/www.heldenhaushalt.de\/sari02\/wp-content\/uploads\/2025\/12\/p52-49-450x300.jpg 450w, https:\/\/www.heldenhaushalt.de\/sari02\/wp-content\/uploads\/2025\/12\/p52-49-90x60.jpg 90w\" sizes=\"auto, (max-width: 1000px) 100vw, 1000px\" \/><\/p>\n<p>F&#252;r diesen Winter hatte ich mir nun vorgenommen verschiedene andere Teesorten auszuprobieren und vermehrt zu trinken, um mich an kalten Tagen von innen effektiv zu w&#228;rmen. Ich bin n&#228;mlich zu dieser dunklen Jahreszeit durchaus eine ganz sch&#246;ne Frostbeule. Ich zieh mich zwar gerne kuschelig und gem&#252;tlich an und liebe die k&#228;ltere Jahreszeit dadurch durchaus sehr, aber wenn man von innen heraus friert, dann hilft das auch nicht unbedingt viel.<\/p>\n<p>Die Wochenr&#252;ckblicke zeigen ja, dass ich durchaus recht erfolgreich mit diesem kleinen pers&#246;nlichen Projekt bin. Ein zwei Teesorten habe ich gefunden, die ich ganz gerne trinke und auch unterwegs in einer Thermoskanne mit mir herumtrage. Wobei ich glaube, dass ich daraus teilweise dann auch nur als Besch&#228;ftigung trinke. Aber das ist ja egal, Hauptsache ich trinke endlich mal wieder mehr&#8230; ich bin n&#228;mlich so jemand, der in der Regel nicht mal auf einen halben Liter am Tag kommt und das ist, wie wir alle wissen, ja leider nicht sooo ideal&#8230;<\/p>\n<p><strong>Weitere Beitr&#228;ge zu den Themen vom Projekt 52 im Dezember&nbsp;<a href=\"https:\/\/www.heldenhaushalt.de\/sari02\/index.php\/2025\/11\/26\/projekt-52-im-dezember-2025-linkparty\/\">findet ihr hier<\/a>.<\/strong><\/p>\n","protected":false},"excerpt":{"rendered":"<p>Friert ihr aktuell mehr oder ist euch warm genug? Die Woche war ja stellenweise doch ganz sch&#246;n mild und h&#228;tte sich die Sonne etwas mehr gezeigt, h&#228;tte man schon fast von Fr&#252;hlingswetter sprechen k&#246;nnen. &#220;berschattet wurde das dann leider doch vom dunklen Regenwetter und den Ans&#228;tzen von Krankenlager, das nach wie vor hier zu Hause immer wieder herrscht. Beim Projekt 52 dreht sich heute alles um das Thema &#8220;W&#228;rme&#8221; und dabei beziehe ich mich dann doch heute eher weniger auf das Wetter, sondern auf etwas, womit ich mich aktuell versuche warm zu halten, wenn ich fr&#246;stle. Projekt 52 im Dezember: W&#228;rme Ich hatte es ja schon erw&#228;hnt: Ich bin keine Teetrinkerin. Tee zu trinken, das verbinde ich irgendwie immer mit krank sein, weil man sich da meist irgendwelche Kr&#228;utertees schon als Kind immer reinziehen musste. Bevorzugt Kamille. Der ging f&#252;r mich noch irgendwie, aber dennoch habe ich dadurch die Verkn&#252;pfung Tee = Krank geschaffen. Am schlimmsten ist es, wenn man dann auf Salbeitee oder so umsteigen muss&#8230; nun ja. F&#252;r diesen Winter hatte ich mir nun vorgenommen verschiedene andere Teesorten auszuprobieren und vermehrt zu trinken, um mich an kalten Tagen von innen effektiv zu w&#228;rmen. Ich bin n&#228;mlich zu dieser dunklen Jahreszeit durchaus eine ganz sch&#246;ne Frostbeule. Ich zieh mich zwar gerne kuschelig und gem&#252;tlich an und liebe die k&#228;ltere Jahreszeit dadurch durchaus sehr, aber wenn man von innen heraus friert, dann hilft das auch nicht unbedingt viel. Die Wochenr&#252;ckblicke zeigen ja, dass ich durchaus recht erfolgreich mit diesem kleinen pers&#246;nlichen Projekt bin. Ein zwei Teesorten habe ich gefunden, die ich ganz gerne trinke und auch unterwegs in einer Thermoskanne mit mir herumtrage. Wobei ich glaube, dass ich daraus teilweise dann auch nur als Besch&#228;ftigung trinke. Aber das ist ja egal, Hauptsache ich trinke endlich mal wieder mehr&#8230; ich bin n&#228;mlich so jemand, der in der Regel nicht mal auf einen halben Liter am Tag kommt und das ist, wie wir alle wissen, ja leider nicht sooo ideal&#8230; Weitere Beitr&#228;ge zu den Themen vom Projekt 52 im Dezember&nbsp;findet ihr hier.<\/p>\n","protected":false},"author":1,"featured_media":66066,"comment_status":"open","ping_status":"open","sticky":false,"template":"","format":"standard","meta":{"ngg_post_thumbnail":0,"footnotes":""},"categories":[323,180],"tags":[3780,288,396,3779],"class_list":["post-66003","post","type-post","status-publish","format-standard","has-post-thumbnail","hentry","category-alltag","category-projekt-52","tag-colorkey","tag-fotoprojekt","tag-projekt-52","tag-sw-foto"],"yoast_head":"<!-- This site is optimized with the Yoast SEO plugin v27.5 - https:\/\/yoast.com\/product\/yoast-seo-wordpress\/ -->\n<title>Projekt 52 im Dezember: W\u00e4rme - Heldenhaushalt<\/title>\n<meta name=\"description\" content=\"Beim Projekt 52 dreht sich heute alles um das Thema &quot;W\u00e4rme&quot; und dabei beziehe ich mich dann doch heute eher weniger auf das Wetter...\" \/>\n<meta name=\"robots\" content=\"index, follow, max-snippet:-1, max-image-preview:large, max-video-preview:-1\" \/>\n<link rel=\"canonical\" href=\"https:\/\/www.heldenhaushalt.de\/sari02\/index.php\/2025\/12\/14\/projekt-52-im-dezember-waerme\/\" \/>\n<meta property=\"og:locale\" content=\"de_DE\" \/>\n<meta property=\"og:type\" content=\"article\" \/>\n<meta property=\"og:title\" content=\"Projekt 52 im Dezember: W\u00e4rme - Heldenhaushalt\" \/>\n<meta property=\"og:description\" content=\"Beim Projekt 52 dreht sich heute alles um das Thema &quot;W\u00e4rme&quot; und dabei beziehe ich mich dann doch heute eher weniger auf das Wetter...\" \/>\n<meta property=\"og:url\" content=\"https:\/\/www.heldenhaushalt.de\/sari02\/index.php\/2025\/12\/14\/projekt-52-im-dezember-waerme\/\" \/>\n<meta property=\"og:site_name\" content=\"Heldenhaushalt\" \/>\n<meta property=\"article:published_time\" content=\"2025-12-14T08:00:00+00:00\" \/>\n<meta property=\"og:image\" content=\"https:\/\/www.heldenhaushalt.de\/sari02\/wp-content\/uploads\/2025\/12\/p52-49vor.jpg\" \/>\n\t<meta property=\"og:image:width\" content=\"1000\" \/>\n\t<meta property=\"og:image:height\" content=\"669\" \/>\n\t<meta property=\"og:image:type\" content=\"image\/jpeg\" \/>\n<meta name=\"author\" content=\"Sari\" \/>\n<meta name=\"twitter:card\" content=\"summary_large_image\" \/>\n<meta name=\"twitter:creator\" content=\"@Heldenhaushalt\" \/>\n<meta name=\"twitter:site\" content=\"@Heldenhaushalt\" \/>\n<meta name=\"twitter:label1\" content=\"Verfasst von\" \/>\n\t<meta name=\"twitter:data1\" content=\"Sari\" \/>\n\t<meta name=\"twitter:label2\" content=\"Gesch\u00e4tzte Lesezeit\" \/>\n\t<meta name=\"twitter:data2\" content=\"3\u00a0Minuten\" \/>\n<script type=\"application\/ld+json\" class=\"yoast-schema-graph\">{\"@context\":\"https:\\\/\\\/schema.org\",\"@graph\":[{\"@type\":\"Article\",\"@id\":\"https:\\\/\\\/www.heldenhaushalt.de\\\/sari02\\\/index.php\\\/2025\\\/12\\\/14\\\/projekt-52-im-dezember-waerme\\\/#article\",\"isPartOf\":{\"@id\":\"https:\\\/\\\/www.heldenhaushalt.de\\\/sari02\\\/index.php\\\/2025\\\/12\\\/14\\\/projekt-52-im-dezember-waerme\\\/\"},\"author\":{\"name\":\"Sari\",\"@id\":\"https:\\\/\\\/www.heldenhaushalt.de\\\/sari02\\\/#\\\/schema\\\/person\\\/a1cc69f42a01f412eb62c151353814f6\"},\"headline\":\"Projekt 52 im Dezember: W&#228;rme\",\"datePublished\":\"2025-12-14T08:00:00+00:00\",\"mainEntityOfPage\":{\"@id\":\"https:\\\/\\\/www.heldenhaushalt.de\\\/sari02\\\/index.php\\\/2025\\\/12\\\/14\\\/projekt-52-im-dezember-waerme\\\/\"},\"wordCount\":367,\"commentCount\":4,\"publisher\":{\"@id\":\"https:\\\/\\\/www.heldenhaushalt.de\\\/sari02\\\/#\\\/schema\\\/person\\\/a1cc69f42a01f412eb62c151353814f6\"},\"image\":{\"@id\":\"https:\\\/\\\/www.heldenhaushalt.de\\\/sari02\\\/index.php\\\/2025\\\/12\\\/14\\\/projekt-52-im-dezember-waerme\\\/#primaryimage\"},\"thumbnailUrl\":\"https:\\\/\\\/www.heldenhaushalt.de\\\/sari02\\\/wp-content\\\/uploads\\\/2025\\\/12\\\/p52-49vor.jpg\",\"keywords\":[\"Colorkey\",\"Fotoprojekt\",\"Projekt 52\",\"SW Foto\"],\"articleSection\":[\"Alltagschaos\",\"Projekt 52\"],\"inLanguage\":\"de\",\"potentialAction\":[{\"@type\":\"CommentAction\",\"name\":\"Comment\",\"target\":[\"https:\\\/\\\/www.heldenhaushalt.de\\\/sari02\\\/index.php\\\/2025\\\/12\\\/14\\\/projekt-52-im-dezember-waerme\\\/#respond\"]}]},{\"@type\":\"WebPage\",\"@id\":\"https:\\\/\\\/www.heldenhaushalt.de\\\/sari02\\\/index.php\\\/2025\\\/12\\\/14\\\/projekt-52-im-dezember-waerme\\\/\",\"url\":\"https:\\\/\\\/www.heldenhaushalt.de\\\/sari02\\\/index.php\\\/2025\\\/12\\\/14\\\/projekt-52-im-dezember-waerme\\\/\",\"name\":\"Projekt 52 im Dezember: W\u00e4rme - Heldenhaushalt\",\"isPartOf\":{\"@id\":\"https:\\\/\\\/www.heldenhaushalt.de\\\/sari02\\\/#website\"},\"primaryImageOfPage\":{\"@id\":\"https:\\\/\\\/www.heldenhaushalt.de\\\/sari02\\\/index.php\\\/2025\\\/12\\\/14\\\/projekt-52-im-dezember-waerme\\\/#primaryimage\"},\"image\":{\"@id\":\"https:\\\/\\\/www.heldenhaushalt.de\\\/sari02\\\/index.php\\\/2025\\\/12\\\/14\\\/projekt-52-im-dezember-waerme\\\/#primaryimage\"},\"thumbnailUrl\":\"https:\\\/\\\/www.heldenhaushalt.de\\\/sari02\\\/wp-content\\\/uploads\\\/2025\\\/12\\\/p52-49vor.jpg\",\"datePublished\":\"2025-12-14T08:00:00+00:00\",\"description\":\"Beim Projekt 52 dreht sich heute alles um das Thema \\\"W\u00e4rme\\\" und dabei beziehe ich mich dann doch heute eher weniger auf das Wetter...\",\"breadcrumb\":{\"@id\":\"https:\\\/\\\/www.heldenhaushalt.de\\\/sari02\\\/index.php\\\/2025\\\/12\\\/14\\\/projekt-52-im-dezember-waerme\\\/#breadcrumb\"},\"inLanguage\":\"de\",\"potentialAction\":[{\"@type\":\"ReadAction\",\"target\":[\"https:\\\/\\\/www.heldenhaushalt.de\\\/sari02\\\/index.php\\\/2025\\\/12\\\/14\\\/projekt-52-im-dezember-waerme\\\/\"]}]},{\"@type\":\"ImageObject\",\"inLanguage\":\"de\",\"@id\":\"https:\\\/\\\/www.heldenhaushalt.de\\\/sari02\\\/index.php\\\/2025\\\/12\\\/14\\\/projekt-52-im-dezember-waerme\\\/#primaryimage\",\"url\":\"https:\\\/\\\/www.heldenhaushalt.de\\\/sari02\\\/wp-content\\\/uploads\\\/2025\\\/12\\\/p52-49vor.jpg\",\"contentUrl\":\"https:\\\/\\\/www.heldenhaushalt.de\\\/sari02\\\/wp-content\\\/uploads\\\/2025\\\/12\\\/p52-49vor.jpg\",\"width\":1000,\"height\":669,\"caption\":\"Projekt 52\"},{\"@type\":\"BreadcrumbList\",\"@id\":\"https:\\\/\\\/www.heldenhaushalt.de\\\/sari02\\\/index.php\\\/2025\\\/12\\\/14\\\/projekt-52-im-dezember-waerme\\\/#breadcrumb\",\"itemListElement\":[{\"@type\":\"ListItem\",\"position\":1,\"name\":\"Startseite\",\"item\":\"https:\\\/\\\/www.heldenhaushalt.de\\\/sari02\\\/\"},{\"@type\":\"ListItem\",\"position\":2,\"name\":\"Projekt 52 im Dezember: W&#228;rme\"}]},{\"@type\":\"WebSite\",\"@id\":\"https:\\\/\\\/www.heldenhaushalt.de\\\/sari02\\\/#website\",\"url\":\"https:\\\/\\\/www.heldenhaushalt.de\\\/sari02\\\/\",\"name\":\"Heldenhaushalt\",\"description\":\"Wer es ordentlich haben will, der muss vorher anrufen\",\"publisher\":{\"@id\":\"https:\\\/\\\/www.heldenhaushalt.de\\\/sari02\\\/#\\\/schema\\\/person\\\/a1cc69f42a01f412eb62c151353814f6\"},\"potentialAction\":[{\"@type\":\"SearchAction\",\"target\":{\"@type\":\"EntryPoint\",\"urlTemplate\":\"https:\\\/\\\/www.heldenhaushalt.de\\\/sari02\\\/?s={search_term_string}\"},\"query-input\":{\"@type\":\"PropertyValueSpecification\",\"valueRequired\":true,\"valueName\":\"search_term_string\"}}],\"inLanguage\":\"de\"},{\"@type\":[\"Person\",\"Organization\"],\"@id\":\"https:\\\/\\\/www.heldenhaushalt.de\\\/sari02\\\/#\\\/schema\\\/person\\\/a1cc69f42a01f412eb62c151353814f6\",\"name\":\"Sari\",\"image\":{\"@type\":\"ImageObject\",\"inLanguage\":\"de\",\"@id\":\"https:\\\/\\\/www.heldenhaushalt.de\\\/sari02\\\/wp-content\\\/uploads\\\/2019\\\/02\\\/sari-april2018.png\",\"url\":\"https:\\\/\\\/www.heldenhaushalt.de\\\/sari02\\\/wp-content\\\/uploads\\\/2019\\\/02\\\/sari-april2018.png\",\"contentUrl\":\"https:\\\/\\\/www.heldenhaushalt.de\\\/sari02\\\/wp-content\\\/uploads\\\/2019\\\/02\\\/sari-april2018.png\",\"width\":500,\"height\":500,\"caption\":\"Sari\"},\"logo\":{\"@id\":\"https:\\\/\\\/www.heldenhaushalt.de\\\/sari02\\\/wp-content\\\/uploads\\\/2019\\\/02\\\/sari-april2018.png\"},\"description\":\"Frau Mondgras \u2013 Das bin ich, Sari. Gerne auch als Sari Mondgras bekannt und im Internet zu finden. 2-Fach-Mutter, Heldenehefrau, Kreativling, Harmonies\u00fcchtig und st\u00e4ndig auf der Suche nach Gl\u00fcck. Ich komme aus Berlin, bin hier aufgewachsen und lebe hier seit ich denken kann.\",\"sameAs\":[\"https:\\\/\\\/www.instagram.com\\\/heldenhaushalt\\\/\"],\"url\":\"https:\\\/\\\/www.heldenhaushalt.de\\\/sari02\\\/index.php\\\/author\\\/admin\\\/\"}]}<\/script>\n<!-- \/ Yoast SEO plugin. -->","yoast_head_json":{"title":"Projekt 52 im Dezember: W\u00e4rme - Heldenhaushalt","description":"Beim Projekt 52 dreht sich heute alles um das Thema \"W\u00e4rme\" und dabei beziehe ich mich dann doch heute eher weniger auf das Wetter...","robots":{"index":"index","follow":"follow","max-snippet":"max-snippet:-1","max-image-preview":"max-image-preview:large","max-video-preview":"max-video-preview:-1"},"canonical":"https:\/\/www.heldenhaushalt.de\/sari02\/index.php\/2025\/12\/14\/projekt-52-im-dezember-waerme\/","og_locale":"de_DE","og_type":"article","og_title":"Projekt 52 im Dezember: W\u00e4rme - Heldenhaushalt","og_description":"Beim Projekt 52 dreht sich heute alles um das Thema \"W\u00e4rme\" und dabei beziehe ich mich dann doch heute eher weniger auf das Wetter...","og_url":"https:\/\/www.heldenhaushalt.de\/sari02\/index.php\/2025\/12\/14\/projekt-52-im-dezember-waerme\/","og_site_name":"Heldenhaushalt","article_published_time":"2025-12-14T08:00:00+00:00","og_image":[{"width":1000,"height":669,"url":"https:\/\/www.heldenhaushalt.de\/sari02\/wp-content\/uploads\/2025\/12\/p52-49vor.jpg","type":"image\/jpeg"}],"author":"Sari","twitter_card":"summary_large_image","twitter_creator":"@Heldenhaushalt","twitter_site":"@Heldenhaushalt","twitter_misc":{"Verfasst von":"Sari","Gesch\u00e4tzte Lesezeit":"3\u00a0Minuten"},"schema":{"@context":"https:\/\/schema.org","@graph":[{"@type":"Article","@id":"https:\/\/www.heldenhaushalt.de\/sari02\/index.php\/2025\/12\/14\/projekt-52-im-dezember-waerme\/#article","isPartOf":{"@id":"https:\/\/www.heldenhaushalt.de\/sari02\/index.php\/2025\/12\/14\/projekt-52-im-dezember-waerme\/"},"author":{"name":"Sari","@id":"https:\/\/www.heldenhaushalt.de\/sari02\/#\/schema\/person\/a1cc69f42a01f412eb62c151353814f6"},"headline":"Projekt 52 im Dezember: W&#228;rme","datePublished":"2025-12-14T08:00:00+00:00","mainEntityOfPage":{"@id":"https:\/\/www.heldenhaushalt.de\/sari02\/index.php\/2025\/12\/14\/projekt-52-im-dezember-waerme\/"},"wordCount":367,"commentCount":4,"publisher":{"@id":"https:\/\/www.heldenhaushalt.de\/sari02\/#\/schema\/person\/a1cc69f42a01f412eb62c151353814f6"},"image":{"@id":"https:\/\/www.heldenhaushalt.de\/sari02\/index.php\/2025\/12\/14\/projekt-52-im-dezember-waerme\/#primaryimage"},"thumbnailUrl":"https:\/\/www.heldenhaushalt.de\/sari02\/wp-content\/uploads\/2025\/12\/p52-49vor.jpg","keywords":["Colorkey","Fotoprojekt","Projekt 52","SW Foto"],"articleSection":["Alltagschaos","Projekt 52"],"inLanguage":"de","potentialAction":[{"@type":"CommentAction","name":"Comment","target":["https:\/\/www.heldenhaushalt.de\/sari02\/index.php\/2025\/12\/14\/projekt-52-im-dezember-waerme\/#respond"]}]},{"@type":"WebPage","@id":"https:\/\/www.heldenhaushalt.de\/sari02\/index.php\/2025\/12\/14\/projekt-52-im-dezember-waerme\/","url":"https:\/\/www.heldenhaushalt.de\/sari02\/index.php\/2025\/12\/14\/projekt-52-im-dezember-waerme\/","name":"Projekt 52 im Dezember: W\u00e4rme - Heldenhaushalt","isPartOf":{"@id":"https:\/\/www.heldenhaushalt.de\/sari02\/#website"},"primaryImageOfPage":{"@id":"https:\/\/www.heldenhaushalt.de\/sari02\/index.php\/2025\/12\/14\/projekt-52-im-dezember-waerme\/#primaryimage"},"image":{"@id":"https:\/\/www.heldenhaushalt.de\/sari02\/index.php\/2025\/12\/14\/projekt-52-im-dezember-waerme\/#primaryimage"},"thumbnailUrl":"https:\/\/www.heldenhaushalt.de\/sari02\/wp-content\/uploads\/2025\/12\/p52-49vor.jpg","datePublished":"2025-12-14T08:00:00+00:00","description":"Beim Projekt 52 dreht sich heute alles um das Thema \"W\u00e4rme\" und dabei beziehe ich mich dann doch heute eher weniger auf das Wetter...","breadcrumb":{"@id":"https:\/\/www.heldenhaushalt.de\/sari02\/index.php\/2025\/12\/14\/projekt-52-im-dezember-waerme\/#breadcrumb"},"inLanguage":"de","potentialAction":[{"@type":"ReadAction","target":["https:\/\/www.heldenhaushalt.de\/sari02\/index.php\/2025\/12\/14\/projekt-52-im-dezember-waerme\/"]}]},{"@type":"ImageObject","inLanguage":"de","@id":"https:\/\/www.heldenhaushalt.de\/sari02\/index.php\/2025\/12\/14\/projekt-52-im-dezember-waerme\/#primaryimage","url":"https:\/\/www.heldenhaushalt.de\/sari02\/wp-content\/uploads\/2025\/12\/p52-49vor.jpg","contentUrl":"https:\/\/www.heldenhaushalt.de\/sari02\/wp-content\/uploads\/2025\/12\/p52-49vor.jpg","width":1000,"height":669,"caption":"Projekt 52"},{"@type":"BreadcrumbList","@id":"https:\/\/www.heldenhaushalt.de\/sari02\/index.php\/2025\/12\/14\/projekt-52-im-dezember-waerme\/#breadcrumb","itemListElement":[{"@type":"ListItem","position":1,"name":"Startseite","item":"https:\/\/www.heldenhaushalt.de\/sari02\/"},{"@type":"ListItem","position":2,"name":"Projekt 52 im Dezember: W&#228;rme"}]},{"@type":"WebSite","@id":"https:\/\/www.heldenhaushalt.de\/sari02\/#website","url":"https:\/\/www.heldenhaushalt.de\/sari02\/","name":"Heldenhaushalt","description":"Wer es ordentlich haben will, der muss vorher anrufen","publisher":{"@id":"https:\/\/www.heldenhaushalt.de\/sari02\/#\/schema\/person\/a1cc69f42a01f412eb62c151353814f6"},"potentialAction":[{"@type":"SearchAction","target":{"@type":"EntryPoint","urlTemplate":"https:\/\/www.heldenhaushalt.de\/sari02\/?s={search_term_string}"},"query-input":{"@type":"PropertyValueSpecification","valueRequired":true,"valueName":"search_term_string"}}],"inLanguage":"de"},{"@type":["Person","Organization"],"@id":"https:\/\/www.heldenhaushalt.de\/sari02\/#\/schema\/person\/a1cc69f42a01f412eb62c151353814f6","name":"Sari","image":{"@type":"ImageObject","inLanguage":"de","@id":"https:\/\/www.heldenhaushalt.de\/sari02\/wp-content\/uploads\/2019\/02\/sari-april2018.png","url":"https:\/\/www.heldenhaushalt.de\/sari02\/wp-content\/uploads\/2019\/02\/sari-april2018.png","contentUrl":"https:\/\/www.heldenhaushalt.de\/sari02\/wp-content\/uploads\/2019\/02\/sari-april2018.png","width":500,"height":500,"caption":"Sari"},"logo":{"@id":"https:\/\/www.heldenhaushalt.de\/sari02\/wp-content\/uploads\/2019\/02\/sari-april2018.png"},"description":"Frau Mondgras \u2013 Das bin ich, Sari. Gerne auch als Sari Mondgras bekannt und im Internet zu finden. 2-Fach-Mutter, Heldenehefrau, Kreativling, Harmonies\u00fcchtig und st\u00e4ndig auf der Suche nach Gl\u00fcck. Ich komme aus Berlin, bin hier aufgewachsen und lebe hier seit ich denken kann.","sameAs":["https:\/\/www.instagram.com\/heldenhaushalt\/"],"url":"https:\/\/www.heldenhaushalt.de\/sari02\/index.php\/author\/admin\/"}]}},"views":554,"_links":{"self":[{"href":"https:\/\/www.heldenhaushalt.de\/sari02\/index.php\/wp-json\/wp\/v2\/posts\/66003","targetHints":{"allow":["GET"]}}],"collection":[{"href":"https:\/\/www.heldenhaushalt.de\/sari02\/index.php\/wp-json\/wp\/v2\/posts"}],"about":[{"href":"https:\/\/www.heldenhaushalt.de\/sari02\/index.php\/wp-json\/wp\/v2\/types\/post"}],"author":[{"embeddable":true,"href":"https:\/\/www.heldenhaushalt.de\/sari02\/index.php\/wp-json\/wp\/v2\/users\/1"}],"replies":[{"embeddable":true,"href":"https:\/\/www.heldenhaushalt.de\/sari02\/index.php\/wp-json\/wp\/v2\/comments?post=66003"}],"version-history":[{"count":1,"href":"https:\/\/www.heldenhaushalt.de\/sari02\/index.php\/wp-json\/wp\/v2\/posts\/66003\/revisions"}],"predecessor-version":[{"id":66067,"href":"https:\/\/www.heldenhaushalt.de\/sari02\/index.php\/wp-json\/wp\/v2\/posts\/66003\/revisions\/66067"}],"wp:featuredmedia":[{"embeddable":true,"href":"https:\/\/www.heldenhaushalt.de\/sari02\/index.php\/wp-json\/wp\/v2\/media\/66066"}],"wp:attachment":[{"href":"https:\/\/www.heldenhaushalt.de\/sari02\/index.php\/wp-json\/wp\/v2\/media?parent=66003"}],"wp:term":[{"taxonomy":"category","embeddable":true,"href":"https:\/\/www.heldenhaushalt.de\/sari02\/index.php\/wp-json\/wp\/v2\/categories?post=66003"},{"taxonomy":"post_tag","embeddable":true,"href":"https:\/\/www.heldenhaushalt.de\/sari02\/index.php\/wp-json\/wp\/v2\/tags?post=66003"}],"curies":[{"name":"wp","href":"https:\/\/api.w.org\/{rel}","templated":true}]}}