{"id":7109,"date":"2010-07-26T00:00:00","date_gmt":"2010-07-26T00:00:00","guid":{"rendered":"http:\/\/www.mondgras.de\/sari02\/1552-licht-und-schatten"},"modified":"2010-07-26T00:00:00","modified_gmt":"2010-07-26T00:00:00","slug":"1552-licht-und-schatten","status":"publish","type":"post","link":"https:\/\/www.heldenhaushalt.de\/sari02\/index.php\/2010\/07\/26\/1552-licht-und-schatten\/","title":{"rendered":"15\/52: Licht und Schatten"},"content":{"rendered":"<p><strong>Lieber Okti,<\/strong><\/p>\n<p>es gibt so Tage, da denke ich &#252;ber die sch&#246;nen und die schlechten Seiten des Lebens nach. Hat nicht alles seine Licht- und Schattenseite?<\/p>\n<p>Zum Beispiel mein Leben hier bei Sari. Ich erlebe so viel, entdecke und lerne st&#228;ndig etwas Neues und habe schon viele neue Freunde gefunden. Ich kann mich wirklich nicht beschweren. Sari bem&#252;ht sich unglaublich doll um mich und das, obwohl ich doch st&#228;ndig &#196;rger mache. Sie hat mir Bibou an die Seite gesetzt, tr&#246;stet mich, wenn ich wegen Milou wieder ein kleines bisschen Liebeskummer habe (ach, du sch&#246;ne Stockholmzeit) und pustet auf meine Wunde, wenn ich mich wieder verletzt habe.<\/p>\n<p>Aber manchmal, ja, manchmal, da fehlt mir mein Wasser. Ich wei&#223;, es ist seltsam, wenn ich so etwas sage, denn ich bin ja eigentlich ein H&#228;keltierchen und das Meer habe ich auch noch nie wirklich gesehen, aber ich glaube es liegt einfach in meiner Natur ein bisschen Sehnsucht nach dem Meer zu haben, oder? Die Schattenseiten meines Lebens sind gering, eigentlich kaum erw&#228;hnenswert, aber manchmal\u2026 ja, machmal versp&#252;hrt man das Bed&#252;rfnis so d&#252;ster zu denken, oder?<\/p>\n<p>Sari meint, dass jeder mal solche Tage hat an denen er nicht so recht an die sch&#246;nen Dinge im Leben denken kann und dass das vollkommen normal ist und ganz schnell wieder vergehen wird. Hoffen wir mal, das sie Recht beh&#228;lt.<\/p>\n<p>Ich glaube die gl&#252;cklichsten Momente sind f&#252;r mich die, in denen ich mit Bibou auf unserem Fensterbrett sitzen und die Welt dort drau&#223;en beobachten kann, wie auf den Tag die Nacht folgt, wir uns &#252;ber alles m&#246;gliche unterhalten und das Zusammensein einfach genie&#223;en\u2026<\/p>\n<p><strong>Und nicht selten denken wir dabei auch an dich,<\/strong><br \/>\n<strong>Deine Shu-Shu<\/strong><\/p>\n<p><a href=\"http:\/\/www.ipernity.com\/doc\/skroschel\/8564911\" target=\"_blank\"><img loading=\"lazy\" decoding=\"async\" src=\"\/u1.ipernity.com\/15\/49\/11\/8564911.ff266415.500.jpg\" border=\"0\" alt=\"15:\/52: Licht und Schatten\" width=\"505\" height=\"359\"><\/a><\/p>\n","protected":false},"excerpt":{"rendered":"<p>Lieber Okti, es gibt so Tage, da denke ich &#252;ber die sch&#246;nen und die schlechten Seiten des Lebens nach. Hat nicht alles seine Licht- und Schattenseite? Zum Beispiel mein Leben hier bei Sari. Ich erlebe so viel, entdecke und lerne st&#228;ndig etwas Neues und habe schon viele neue Freunde gefunden. Ich kann mich wirklich nicht beschweren. Sari bem&#252;ht sich unglaublich doll um mich und das, obwohl ich doch st&#228;ndig &#196;rger mache. Sie hat mir Bibou an die Seite gesetzt, tr&#246;stet mich, wenn ich wegen Milou wieder ein kleines bisschen Liebeskummer habe (ach, du sch&#246;ne Stockholmzeit) und pustet auf meine Wunde, wenn ich mich wieder verletzt habe. Aber manchmal, ja, manchmal, da fehlt mir mein Wasser. Ich wei&#223;, es ist seltsam, wenn ich so etwas sage, denn ich bin ja eigentlich ein H&#228;keltierchen und das Meer habe ich auch noch nie wirklich gesehen, aber ich glaube es liegt einfach in meiner Natur ein bisschen Sehnsucht nach dem Meer zu haben, oder? Die Schattenseiten meines Lebens sind gering, eigentlich kaum erw&#228;hnenswert, aber manchmal\u2026 ja, machmal versp&#252;hrt man das Bed&#252;rfnis so d&#252;ster zu denken, oder? Sari meint, dass jeder mal solche Tage hat an denen er nicht so recht an die sch&#246;nen Dinge im Leben denken kann und dass das vollkommen normal ist und ganz schnell wieder vergehen wird. Hoffen wir mal, das sie Recht beh&#228;lt. Ich glaube die gl&#252;cklichsten Momente sind f&#252;r mich die, in denen ich mit Bibou auf unserem Fensterbrett sitzen und die Welt dort drau&#223;en beobachten kann, wie auf den Tag die Nacht folgt, wir uns &#252;ber alles m&#246;gliche unterhalten und das Zusammensein einfach genie&#223;en\u2026 Und nicht selten denken wir dabei auch an dich, Deine Shu-Shu<\/p>\n","protected":false},"author":1,"featured_media":0,"comment_status":"open","ping_status":"open","sticky":false,"template":"","format":"standard","meta":{"ngg_post_thumbnail":0,"footnotes":""},"categories":[180],"tags":[],"class_list":["post-7109","post","type-post","status-publish","format-standard","hentry","category-projekt-52"],"yoast_head":"<!-- This site is optimized with the Yoast SEO plugin v27.4 - https:\/\/yoast.com\/product\/yoast-seo-wordpress\/ -->\n<title>15\/52: Licht und Schatten - Heldenhaushalt<\/title>\n<meta name=\"description\" content=\"Auch Helden erleben den t\u00e4glichen Wahnsinn, den ein Alltag mit sich bringt und Frau Mondgras sitzt mittendrin. Berlinerin, Mutter, Ehefrau, Kreativling und auf der st\u00e4ndigen Suche nach Gl\u00fcck... Hier wird gen\u00e4ht, gebacken, gebastelt und auch mal \u00fcber den Alltag gemault.\" \/>\n<meta name=\"robots\" content=\"index, follow, max-snippet:-1, max-image-preview:large, max-video-preview:-1\" \/>\n<link rel=\"canonical\" href=\"https:\/\/www.heldenhaushalt.de\/sari02\/index.php\/2010\/07\/26\/1552-licht-und-schatten\/\" \/>\n<meta property=\"og:locale\" content=\"de_DE\" \/>\n<meta property=\"og:type\" content=\"article\" \/>\n<meta property=\"og:title\" content=\"15\/52: Licht und Schatten - Heldenhaushalt\" \/>\n<meta property=\"og:description\" content=\"Auch Helden erleben den t\u00e4glichen Wahnsinn, den ein Alltag mit sich bringt und Frau Mondgras sitzt mittendrin. Berlinerin, Mutter, Ehefrau, Kreativling und auf der st\u00e4ndigen Suche nach Gl\u00fcck... Hier wird gen\u00e4ht, gebacken, gebastelt und auch mal \u00fcber den Alltag gemault.\" \/>\n<meta property=\"og:url\" content=\"https:\/\/www.heldenhaushalt.de\/sari02\/index.php\/2010\/07\/26\/1552-licht-und-schatten\/\" \/>\n<meta property=\"og:site_name\" content=\"Heldenhaushalt\" \/>\n<meta property=\"article:published_time\" content=\"2010-07-26T00:00:00+00:00\" \/>\n<meta property=\"og:image\" content=\"https:\/\/www.heldenhaushalt.de\/u1.ipernity.com\/15\/49\/11\/8564911.ff266415.500.jpg\" \/>\n<meta name=\"author\" content=\"Sari\" \/>\n<meta name=\"twitter:card\" content=\"summary_large_image\" \/>\n<meta name=\"twitter:creator\" content=\"@Heldenhaushalt\" \/>\n<meta name=\"twitter:site\" content=\"@Heldenhaushalt\" \/>\n<meta name=\"twitter:label1\" content=\"Verfasst von\" \/>\n\t<meta name=\"twitter:data1\" content=\"Sari\" \/>\n\t<meta name=\"twitter:label2\" content=\"Gesch\u00e4tzte Lesezeit\" \/>\n\t<meta name=\"twitter:data2\" content=\"1\u00a0Minute\" \/>\n<script type=\"application\/ld+json\" class=\"yoast-schema-graph\">{\"@context\":\"https:\\\/\\\/schema.org\",\"@graph\":[{\"@type\":\"Article\",\"@id\":\"https:\\\/\\\/www.heldenhaushalt.de\\\/sari02\\\/index.php\\\/2010\\\/07\\\/26\\\/1552-licht-und-schatten\\\/#article\",\"isPartOf\":{\"@id\":\"https:\\\/\\\/www.heldenhaushalt.de\\\/sari02\\\/index.php\\\/2010\\\/07\\\/26\\\/1552-licht-und-schatten\\\/\"},\"author\":{\"name\":\"Sari\",\"@id\":\"https:\\\/\\\/www.heldenhaushalt.de\\\/sari02\\\/#\\\/schema\\\/person\\\/a1cc69f42a01f412eb62c151353814f6\"},\"headline\":\"15\\\/52: Licht und Schatten\",\"datePublished\":\"2010-07-26T00:00:00+00:00\",\"mainEntityOfPage\":{\"@id\":\"https:\\\/\\\/www.heldenhaushalt.de\\\/sari02\\\/index.php\\\/2010\\\/07\\\/26\\\/1552-licht-und-schatten\\\/\"},\"wordCount\":298,\"commentCount\":0,\"publisher\":{\"@id\":\"https:\\\/\\\/www.heldenhaushalt.de\\\/sari02\\\/#\\\/schema\\\/person\\\/a1cc69f42a01f412eb62c151353814f6\"},\"articleSection\":[\"Projekt 52\"],\"inLanguage\":\"de\",\"potentialAction\":[{\"@type\":\"CommentAction\",\"name\":\"Comment\",\"target\":[\"https:\\\/\\\/www.heldenhaushalt.de\\\/sari02\\\/index.php\\\/2010\\\/07\\\/26\\\/1552-licht-und-schatten\\\/#respond\"]}]},{\"@type\":\"WebPage\",\"@id\":\"https:\\\/\\\/www.heldenhaushalt.de\\\/sari02\\\/index.php\\\/2010\\\/07\\\/26\\\/1552-licht-und-schatten\\\/\",\"url\":\"https:\\\/\\\/www.heldenhaushalt.de\\\/sari02\\\/index.php\\\/2010\\\/07\\\/26\\\/1552-licht-und-schatten\\\/\",\"name\":\"15\\\/52: Licht und Schatten - Heldenhaushalt\",\"isPartOf\":{\"@id\":\"https:\\\/\\\/www.heldenhaushalt.de\\\/sari02\\\/#website\"},\"datePublished\":\"2010-07-26T00:00:00+00:00\",\"description\":\"Auch Helden erleben den t\u00e4glichen Wahnsinn, den ein Alltag mit sich bringt und Frau Mondgras sitzt mittendrin. Berlinerin, Mutter, Ehefrau, Kreativling und auf der st\u00e4ndigen Suche nach Gl\u00fcck... Hier wird gen\u00e4ht, gebacken, gebastelt und auch mal \u00fcber den Alltag gemault.\",\"breadcrumb\":{\"@id\":\"https:\\\/\\\/www.heldenhaushalt.de\\\/sari02\\\/index.php\\\/2010\\\/07\\\/26\\\/1552-licht-und-schatten\\\/#breadcrumb\"},\"inLanguage\":\"de\",\"potentialAction\":[{\"@type\":\"ReadAction\",\"target\":[\"https:\\\/\\\/www.heldenhaushalt.de\\\/sari02\\\/index.php\\\/2010\\\/07\\\/26\\\/1552-licht-und-schatten\\\/\"]}]},{\"@type\":\"BreadcrumbList\",\"@id\":\"https:\\\/\\\/www.heldenhaushalt.de\\\/sari02\\\/index.php\\\/2010\\\/07\\\/26\\\/1552-licht-und-schatten\\\/#breadcrumb\",\"itemListElement\":[{\"@type\":\"ListItem\",\"position\":1,\"name\":\"Startseite\",\"item\":\"https:\\\/\\\/www.heldenhaushalt.de\\\/sari02\\\/\"},{\"@type\":\"ListItem\",\"position\":2,\"name\":\"15\\\/52: Licht und Schatten\"}]},{\"@type\":\"WebSite\",\"@id\":\"https:\\\/\\\/www.heldenhaushalt.de\\\/sari02\\\/#website\",\"url\":\"https:\\\/\\\/www.heldenhaushalt.de\\\/sari02\\\/\",\"name\":\"Heldenhaushalt\",\"description\":\"Wer es ordentlich haben will, der muss vorher anrufen\",\"publisher\":{\"@id\":\"https:\\\/\\\/www.heldenhaushalt.de\\\/sari02\\\/#\\\/schema\\\/person\\\/a1cc69f42a01f412eb62c151353814f6\"},\"potentialAction\":[{\"@type\":\"SearchAction\",\"target\":{\"@type\":\"EntryPoint\",\"urlTemplate\":\"https:\\\/\\\/www.heldenhaushalt.de\\\/sari02\\\/?s={search_term_string}\"},\"query-input\":{\"@type\":\"PropertyValueSpecification\",\"valueRequired\":true,\"valueName\":\"search_term_string\"}}],\"inLanguage\":\"de\"},{\"@type\":[\"Person\",\"Organization\"],\"@id\":\"https:\\\/\\\/www.heldenhaushalt.de\\\/sari02\\\/#\\\/schema\\\/person\\\/a1cc69f42a01f412eb62c151353814f6\",\"name\":\"Sari\",\"image\":{\"@type\":\"ImageObject\",\"inLanguage\":\"de\",\"@id\":\"https:\\\/\\\/www.heldenhaushalt.de\\\/sari02\\\/wp-content\\\/uploads\\\/2019\\\/02\\\/sari-april2018.png\",\"url\":\"https:\\\/\\\/www.heldenhaushalt.de\\\/sari02\\\/wp-content\\\/uploads\\\/2019\\\/02\\\/sari-april2018.png\",\"contentUrl\":\"https:\\\/\\\/www.heldenhaushalt.de\\\/sari02\\\/wp-content\\\/uploads\\\/2019\\\/02\\\/sari-april2018.png\",\"width\":500,\"height\":500,\"caption\":\"Sari\"},\"logo\":{\"@id\":\"https:\\\/\\\/www.heldenhaushalt.de\\\/sari02\\\/wp-content\\\/uploads\\\/2019\\\/02\\\/sari-april2018.png\"},\"description\":\"Frau Mondgras \u2013 Das bin ich, Sari. Gerne auch als Sari Mondgras bekannt und im Internet zu finden. 2-Fach-Mutter, Heldenehefrau, Kreativling, Harmonies\u00fcchtig und st\u00e4ndig auf der Suche nach Gl\u00fcck. Ich komme aus Berlin, bin hier aufgewachsen und lebe hier seit ich denken kann.\",\"sameAs\":[\"https:\\\/\\\/www.instagram.com\\\/heldenhaushalt\\\/\"],\"url\":\"https:\\\/\\\/www.heldenhaushalt.de\\\/sari02\\\/index.php\\\/author\\\/admin\\\/\"}]}<\/script>\n<!-- \/ Yoast SEO plugin. -->","yoast_head_json":{"title":"15\/52: Licht und Schatten - Heldenhaushalt","description":"Auch Helden erleben den t\u00e4glichen Wahnsinn, den ein Alltag mit sich bringt und Frau Mondgras sitzt mittendrin. Berlinerin, Mutter, Ehefrau, Kreativling und auf der st\u00e4ndigen Suche nach Gl\u00fcck... Hier wird gen\u00e4ht, gebacken, gebastelt und auch mal \u00fcber den Alltag gemault.","robots":{"index":"index","follow":"follow","max-snippet":"max-snippet:-1","max-image-preview":"max-image-preview:large","max-video-preview":"max-video-preview:-1"},"canonical":"https:\/\/www.heldenhaushalt.de\/sari02\/index.php\/2010\/07\/26\/1552-licht-und-schatten\/","og_locale":"de_DE","og_type":"article","og_title":"15\/52: Licht und Schatten - Heldenhaushalt","og_description":"Auch Helden erleben den t\u00e4glichen Wahnsinn, den ein Alltag mit sich bringt und Frau Mondgras sitzt mittendrin. Berlinerin, Mutter, Ehefrau, Kreativling und auf der st\u00e4ndigen Suche nach Gl\u00fcck... Hier wird gen\u00e4ht, gebacken, gebastelt und auch mal \u00fcber den Alltag gemault.","og_url":"https:\/\/www.heldenhaushalt.de\/sari02\/index.php\/2010\/07\/26\/1552-licht-und-schatten\/","og_site_name":"Heldenhaushalt","article_published_time":"2010-07-26T00:00:00+00:00","og_image":[{"url":"https:\/\/www.heldenhaushalt.de\/u1.ipernity.com\/15\/49\/11\/8564911.ff266415.500.jpg","type":"","width":"","height":""}],"author":"Sari","twitter_card":"summary_large_image","twitter_creator":"@Heldenhaushalt","twitter_site":"@Heldenhaushalt","twitter_misc":{"Verfasst von":"Sari","Gesch\u00e4tzte Lesezeit":"1\u00a0Minute"},"schema":{"@context":"https:\/\/schema.org","@graph":[{"@type":"Article","@id":"https:\/\/www.heldenhaushalt.de\/sari02\/index.php\/2010\/07\/26\/1552-licht-und-schatten\/#article","isPartOf":{"@id":"https:\/\/www.heldenhaushalt.de\/sari02\/index.php\/2010\/07\/26\/1552-licht-und-schatten\/"},"author":{"name":"Sari","@id":"https:\/\/www.heldenhaushalt.de\/sari02\/#\/schema\/person\/a1cc69f42a01f412eb62c151353814f6"},"headline":"15\/52: Licht und Schatten","datePublished":"2010-07-26T00:00:00+00:00","mainEntityOfPage":{"@id":"https:\/\/www.heldenhaushalt.de\/sari02\/index.php\/2010\/07\/26\/1552-licht-und-schatten\/"},"wordCount":298,"commentCount":0,"publisher":{"@id":"https:\/\/www.heldenhaushalt.de\/sari02\/#\/schema\/person\/a1cc69f42a01f412eb62c151353814f6"},"articleSection":["Projekt 52"],"inLanguage":"de","potentialAction":[{"@type":"CommentAction","name":"Comment","target":["https:\/\/www.heldenhaushalt.de\/sari02\/index.php\/2010\/07\/26\/1552-licht-und-schatten\/#respond"]}]},{"@type":"WebPage","@id":"https:\/\/www.heldenhaushalt.de\/sari02\/index.php\/2010\/07\/26\/1552-licht-und-schatten\/","url":"https:\/\/www.heldenhaushalt.de\/sari02\/index.php\/2010\/07\/26\/1552-licht-und-schatten\/","name":"15\/52: Licht und Schatten - Heldenhaushalt","isPartOf":{"@id":"https:\/\/www.heldenhaushalt.de\/sari02\/#website"},"datePublished":"2010-07-26T00:00:00+00:00","description":"Auch Helden erleben den t\u00e4glichen Wahnsinn, den ein Alltag mit sich bringt und Frau Mondgras sitzt mittendrin. Berlinerin, Mutter, Ehefrau, Kreativling und auf der st\u00e4ndigen Suche nach Gl\u00fcck... Hier wird gen\u00e4ht, gebacken, gebastelt und auch mal \u00fcber den Alltag gemault.","breadcrumb":{"@id":"https:\/\/www.heldenhaushalt.de\/sari02\/index.php\/2010\/07\/26\/1552-licht-und-schatten\/#breadcrumb"},"inLanguage":"de","potentialAction":[{"@type":"ReadAction","target":["https:\/\/www.heldenhaushalt.de\/sari02\/index.php\/2010\/07\/26\/1552-licht-und-schatten\/"]}]},{"@type":"BreadcrumbList","@id":"https:\/\/www.heldenhaushalt.de\/sari02\/index.php\/2010\/07\/26\/1552-licht-und-schatten\/#breadcrumb","itemListElement":[{"@type":"ListItem","position":1,"name":"Startseite","item":"https:\/\/www.heldenhaushalt.de\/sari02\/"},{"@type":"ListItem","position":2,"name":"15\/52: Licht und Schatten"}]},{"@type":"WebSite","@id":"https:\/\/www.heldenhaushalt.de\/sari02\/#website","url":"https:\/\/www.heldenhaushalt.de\/sari02\/","name":"Heldenhaushalt","description":"Wer es ordentlich haben will, der muss vorher anrufen","publisher":{"@id":"https:\/\/www.heldenhaushalt.de\/sari02\/#\/schema\/person\/a1cc69f42a01f412eb62c151353814f6"},"potentialAction":[{"@type":"SearchAction","target":{"@type":"EntryPoint","urlTemplate":"https:\/\/www.heldenhaushalt.de\/sari02\/?s={search_term_string}"},"query-input":{"@type":"PropertyValueSpecification","valueRequired":true,"valueName":"search_term_string"}}],"inLanguage":"de"},{"@type":["Person","Organization"],"@id":"https:\/\/www.heldenhaushalt.de\/sari02\/#\/schema\/person\/a1cc69f42a01f412eb62c151353814f6","name":"Sari","image":{"@type":"ImageObject","inLanguage":"de","@id":"https:\/\/www.heldenhaushalt.de\/sari02\/wp-content\/uploads\/2019\/02\/sari-april2018.png","url":"https:\/\/www.heldenhaushalt.de\/sari02\/wp-content\/uploads\/2019\/02\/sari-april2018.png","contentUrl":"https:\/\/www.heldenhaushalt.de\/sari02\/wp-content\/uploads\/2019\/02\/sari-april2018.png","width":500,"height":500,"caption":"Sari"},"logo":{"@id":"https:\/\/www.heldenhaushalt.de\/sari02\/wp-content\/uploads\/2019\/02\/sari-april2018.png"},"description":"Frau Mondgras \u2013 Das bin ich, Sari. Gerne auch als Sari Mondgras bekannt und im Internet zu finden. 2-Fach-Mutter, Heldenehefrau, Kreativling, Harmonies\u00fcchtig und st\u00e4ndig auf der Suche nach Gl\u00fcck. Ich komme aus Berlin, bin hier aufgewachsen und lebe hier seit ich denken kann.","sameAs":["https:\/\/www.instagram.com\/heldenhaushalt\/"],"url":"https:\/\/www.heldenhaushalt.de\/sari02\/index.php\/author\/admin\/"}]}},"views":4090,"_links":{"self":[{"href":"https:\/\/www.heldenhaushalt.de\/sari02\/index.php\/wp-json\/wp\/v2\/posts\/7109","targetHints":{"allow":["GET"]}}],"collection":[{"href":"https:\/\/www.heldenhaushalt.de\/sari02\/index.php\/wp-json\/wp\/v2\/posts"}],"about":[{"href":"https:\/\/www.heldenhaushalt.de\/sari02\/index.php\/wp-json\/wp\/v2\/types\/post"}],"author":[{"embeddable":true,"href":"https:\/\/www.heldenhaushalt.de\/sari02\/index.php\/wp-json\/wp\/v2\/users\/1"}],"replies":[{"embeddable":true,"href":"https:\/\/www.heldenhaushalt.de\/sari02\/index.php\/wp-json\/wp\/v2\/comments?post=7109"}],"version-history":[{"count":1,"href":"https:\/\/www.heldenhaushalt.de\/sari02\/index.php\/wp-json\/wp\/v2\/posts\/7109\/revisions"}],"predecessor-version":[{"id":7970,"href":"https:\/\/www.heldenhaushalt.de\/sari02\/index.php\/wp-json\/wp\/v2\/posts\/7109\/revisions\/7970"}],"wp:attachment":[{"href":"https:\/\/www.heldenhaushalt.de\/sari02\/index.php\/wp-json\/wp\/v2\/media?parent=7109"}],"wp:term":[{"taxonomy":"category","embeddable":true,"href":"https:\/\/www.heldenhaushalt.de\/sari02\/index.php\/wp-json\/wp\/v2\/categories?post=7109"},{"taxonomy":"post_tag","embeddable":true,"href":"https:\/\/www.heldenhaushalt.de\/sari02\/index.php\/wp-json\/wp\/v2\/tags?post=7109"}],"curies":[{"name":"wp","href":"https:\/\/api.w.org\/{rel}","templated":true}]}}