{"id":72003,"date":"2026-09-01T09:00:00","date_gmt":"2026-09-01T07:00:00","guid":{"rendered":"https:\/\/www.heldenhaushalt.de\/sari02\/?p=72003"},"modified":"2026-08-27T11:12:13","modified_gmt":"2026-08-27T09:12:13","slug":"30-marmeladenglasmomente-im-august-2026","status":"publish","type":"post","link":"https:\/\/www.heldenhaushalt.de\/sari02\/index.php\/2026\/09\/01\/30-marmeladenglasmomente-im-august-2026\/","title":{"rendered":"30 Marmeladenglasmomente im August 2026"},"content":{"rendered":"\n<p class=\"wp-block-paragraph\">W&#228;hrend der Juli irgendwie fast schon ein Kino-Monat war bei all den Filmen, die wir uns da einverleibt hatten, fiel der August irgendwie&#8230; ruhiger aus. Das lag sicherlich auch daran, dass der Urlaub des Mannes vorbei war und auch das Training der Kinder halbwegs wieder anfing und wir somit schon einmal einen Vorgeschmack auf den Alltag bekamen. Der Monat endete dann auch mit dem Beginn der Schule und damit auch einem neuen Abschnitt f&#252;r beide Kinder. Ganz sch&#246;n aufregend. Ein paar besondere Erinnerungen f&#252;r unsere Marmeladenglasmomente konnten wir aber auch im August sammeln. Ferien m&#252;ssen ja dennoch ausgenutzt werden&#8230;<\/p>\n\n\n\n<h2 class=\"wp-block-heading\">Unsere Marmeladenglasmomente im August 2026<\/h2>\n\n\n\n<figure class=\"wp-block-image size-full\"><a href=\"https:\/\/www.heldenhaushalt.de\/sari02\/wp-content\/uploads\/2026\/08\/aug26-01.jpg\"><img loading=\"lazy\" decoding=\"async\" width=\"1000\" height=\"315\" src=\"https:\/\/www.heldenhaushalt.de\/sari02\/wp-content\/uploads\/2026\/08\/aug26-01.jpg\" alt=\"#bestofnine\" class=\"wp-image-72004\" srcset=\"https:\/\/www.heldenhaushalt.de\/sari02\/wp-content\/uploads\/2026\/08\/aug26-01.jpg 1000w, https:\/\/www.heldenhaushalt.de\/sari02\/wp-content\/uploads\/2026\/08\/aug26-01-300x95.jpg 300w, https:\/\/www.heldenhaushalt.de\/sari02\/wp-content\/uploads\/2026\/08\/aug26-01-765x241.jpg 765w\" sizes=\"auto, (max-width: 1000px) 100vw, 1000px\" \/><\/a><figcaption class=\"wp-element-caption\">#bestofnine im August<\/figcaption><\/figure>\n\n\n\n<p class=\"wp-block-paragraph\"><strong>01 &#8211;<\/strong> Meine Fitnessuhr <a href=\"https:\/\/www.heldenhaushalt.de\/sari02\/index.php\/2026\/08\/page\/2\/\" data-type=\"link\" data-id=\"https:\/\/www.heldenhaushalt.de\/sari02\/index.php\/2026\/08\/page\/2\/\">gibt den Geist auf<\/a>, aber meine Schwester ist so lieb und leiht mir kurzfristig ihre. Ohne f&#252;hlt man sich nach all der Zeit echt doof.<\/p>\n\n\n\n<p class=\"wp-block-paragraph\"><strong>02 &#8211; <\/strong>Wir gehen ins Kino und schauen den neuen Spiderman-Film. Es gibt sogar zum internationalen Spidey-Day einen Button f&#252;r jeden.<\/p>\n\n\n\n<p class=\"wp-block-paragraph\"><strong>03 &#8211;<\/strong> Die Jungs lernen nun auch offiziell <a href=\"https:\/\/www.heldenhaushalt.de\/sari02\/index.php\/2026\/08\/03\/unser-wib-am-01-02-08-2026-spinnenalarm\/\" data-type=\"link\" data-id=\"https:\/\/www.heldenhaushalt.de\/sari02\/index.php\/2026\/08\/03\/unser-wib-am-01-02-08-2026-spinnenalarm\/\">ihre kleine Cousine kennen<\/a>. Zu diesem Zeitpunkt ist sie gerade mal 6 Tage alt.<\/p>\n\n\n\n<figure class=\"wp-block-image size-full\"><a href=\"https:\/\/www.heldenhaushalt.de\/sari02\/wp-content\/uploads\/2026\/08\/wib31-06.jpg\"><img loading=\"lazy\" decoding=\"async\" width=\"1000\" height=\"730\" src=\"https:\/\/www.heldenhaushalt.de\/sari02\/wp-content\/uploads\/2026\/08\/wib31-06.jpg\" alt=\"Marmeladenglasmomente\" class=\"wp-image-71774\" srcset=\"https:\/\/www.heldenhaushalt.de\/sari02\/wp-content\/uploads\/2026\/08\/wib31-06.jpg 1000w, https:\/\/www.heldenhaushalt.de\/sari02\/wp-content\/uploads\/2026\/08\/wib31-06-300x219.jpg 300w, https:\/\/www.heldenhaushalt.de\/sari02\/wp-content\/uploads\/2026\/08\/wib31-06-768x561.jpg 768w\" sizes=\"auto, (max-width: 1000px) 100vw, 1000px\" \/><\/a><figcaption class=\"wp-element-caption\">Baby-Cousine knuddeln<\/figcaption><\/figure>\n\n\n\n<p class=\"wp-block-paragraph\"><strong>04 &#8211;<\/strong> Ich stelle fest, dass sich meine <a href=\"https:\/\/www.heldenhaushalt.de\/sari02\/index.php\/2026\/08\/05\/ich-bin\/\" data-type=\"link\" data-id=\"https:\/\/www.heldenhaushalt.de\/sari02\/index.php\/2026\/08\/05\/ich-bin\/\">eigene Rollenwahrnehmung<\/a> in den letzten Jahren nochmal ordentlich ver&#228;ndert hat<\/p>\n\n\n\n<p class=\"wp-block-paragraph\"><strong>05 &#8211; <\/strong>Spontane <a href=\"https:\/\/www.heldenhaushalt.de\/sari02\/index.php\/2026\/08\/07\/unsere-wochenlieblinge-312026-halber-alltag-ist-zurueck\/\" data-type=\"link\" data-id=\"https:\/\/www.heldenhaushalt.de\/sari02\/index.php\/2026\/08\/07\/unsere-wochenlieblinge-312026-halber-alltag-ist-zurueck\/\">Radtour zum M&#246;belschweden<\/a>, um die Halloween-Collection auszuchecken (und nat&#252;rlich ein oder zwei Teile mitzunehmen)<\/p>\n\n\n\n<p class=\"wp-block-paragraph\"><strong>06 &#8211;<\/strong> Ich fange an die G&#228;rten fit zu machen. Nachdem ich im Vorgarten einigerma&#223;en gew&#252;tet habe, k&#246;nnen die Halloween-T&#246;pfe vor das K&#252;chenfenster. Bei meiner Morgenrunde finde ich sogar die passenden Blumen. Ich liebe es.<\/p>\n\n\n\n<figure class=\"wp-block-image size-full\"><a href=\"https:\/\/www.heldenhaushalt.de\/sari02\/wp-content\/uploads\/2026\/08\/31-06.jpg\"><img loading=\"lazy\" decoding=\"async\" width=\"1000\" height=\"737\" src=\"https:\/\/www.heldenhaushalt.de\/sari02\/wp-content\/uploads\/2026\/08\/31-06.jpg\" alt=\"Blument&#246;pfe\" class=\"wp-image-71805\" srcset=\"https:\/\/www.heldenhaushalt.de\/sari02\/wp-content\/uploads\/2026\/08\/31-06.jpg 1000w, https:\/\/www.heldenhaushalt.de\/sari02\/wp-content\/uploads\/2026\/08\/31-06-300x221.jpg 300w, https:\/\/www.heldenhaushalt.de\/sari02\/wp-content\/uploads\/2026\/08\/31-06-768x566.jpg 768w\" sizes=\"auto, (max-width: 1000px) 100vw, 1000px\" \/><\/a><figcaption class=\"wp-element-caption\">Etwas Stimmung im Vorgarten<\/figcaption><\/figure>\n\n\n\n<p class=\"wp-block-paragraph\"><strong>07 &#8211;<\/strong> Spontan schaue ich den Jungs einen Vormittag bei ihrer <a href=\"https:\/\/www.heldenhaushalt.de\/sari02\/index.php\/2026\/08\/09\/projekt-52-im-august-gluecksgefuehl\/\" data-type=\"link\" data-id=\"https:\/\/www.heldenhaushalt.de\/sari02\/index.php\/2026\/08\/09\/projekt-52-im-august-gluecksgefuehl\/\">t&#228;glichen Trainings-Session<\/a> zu. Die beiden sind in den Ferien fast jeden Morgen f&#252;r zwei Stunden auf den Sportplatz trainieren gegangen. Sch&#246;n sie so zusammen zu erleben.<\/p>\n\n\n\n<p class=\"wp-block-paragraph\"><strong>08 &#8211;<\/strong> Der gro&#223;e Sohn hat ein<a href=\"https:\/\/www.heldenhaushalt.de\/sari02\/index.php\/2026\/08\/10\/unser-wib-am-08-09-08-2026-saisonvorbereitung-gestartet\/\" data-type=\"link\" data-id=\"https:\/\/www.heldenhaushalt.de\/sari02\/index.php\/2026\/08\/10\/unser-wib-am-08-09-08-2026-saisonvorbereitung-gestartet\/\"> erstes Testspiel<\/a> mit der neu zusammengestellten Mannschaft und ich mag die Stimmung im Team sehr. Sie konnten dann auch eindeutig gewinnen, was nat&#252;rlich toll ist.<\/p>\n\n\n\n<p class=\"wp-block-paragraph\"><strong>09 &#8211; <\/strong>Wir holen mal wieder <a href=\"https:\/\/www.heldenhaushalt.de\/sari02\/index.php\/2026\/08\/10\/unser-wib-am-08-09-08-2026-saisonvorbereitung-gestartet\/\" data-type=\"link\" data-id=\"https:\/\/www.heldenhaushalt.de\/sari02\/index.php\/2026\/08\/10\/unser-wib-am-08-09-08-2026-saisonvorbereitung-gestartet\/\">die Inline-Skates vom kleinen Sohn<\/a> hervor. Die passen allerdings nicht mehr. Gl&#252;cklicherweise aber die alten vom gro&#223;en Sohn.<\/p>\n\n\n\n<figure class=\"wp-block-image size-full\"><a href=\"https:\/\/www.heldenhaushalt.de\/sari02\/wp-content\/uploads\/2026\/08\/aug26-02.jpg\"><img loading=\"lazy\" decoding=\"async\" width=\"1000\" height=\"318\" src=\"https:\/\/www.heldenhaushalt.de\/sari02\/wp-content\/uploads\/2026\/08\/aug26-02.jpg\" alt=\"#bestofnine\" class=\"wp-image-72005\" srcset=\"https:\/\/www.heldenhaushalt.de\/sari02\/wp-content\/uploads\/2026\/08\/aug26-02.jpg 1000w, https:\/\/www.heldenhaushalt.de\/sari02\/wp-content\/uploads\/2026\/08\/aug26-02-300x95.jpg 300w, https:\/\/www.heldenhaushalt.de\/sari02\/wp-content\/uploads\/2026\/08\/aug26-02-767x244.jpg 767w\" sizes=\"auto, (max-width: 1000px) 100vw, 1000px\" \/><\/a><figcaption class=\"wp-element-caption\">#bestofnine im August<\/figcaption><\/figure>\n\n\n\n<p class=\"wp-block-paragraph\"><strong>10 &#8211;<\/strong> Die totale <a href=\"https:\/\/www.heldenhaushalt.de\/sari02\/index.php\/2026\/08\/13\/die-12von12-im-august-2026\/\" data-type=\"link\" data-id=\"https:\/\/www.heldenhaushalt.de\/sari02\/index.php\/2026\/08\/13\/die-12von12-im-august-2026\/\">Sonnenfinsternis<\/a> findet statt. Und wir verpassen sie irgendwie. Ich sehe nur all die Menschen bei uns auf der Br&#252;cke stehen. Wir selber haben sie nicht angeschaut.<\/p>\n\n\n\n<p class=\"wp-block-paragraph\"><strong>11 &#8211; <\/strong>Ich hab eine Idee f&#252;r ein saisonales <a href=\"https:\/\/www.heldenhaushalt.de\/sari02\/index.php\/2026\/08\/15\/unsere-wochenlieblinge-322026-kein-tagesausflug\/\" data-type=\"link\" data-id=\"https:\/\/www.heldenhaushalt.de\/sari02\/index.php\/2026\/08\/15\/unsere-wochenlieblinge-322026-kein-tagesausflug\/\">Tassenregal <\/a>und setze diese um. Dort stehen nun meine 4 Lieblingstassen passend zur Jahreszeit, so wie eine Auswahl an Tee und meine Teekannen. Ich liebe es.<\/p>\n\n\n\n<p class=\"wp-block-paragraph\"><strong>12 &#8211; <\/strong>Der gro&#223;e Sohn m&#246;chte mit mir eine <a href=\"https:\/\/www.heldenhaushalt.de\/sari02\/index.php\/2026\/08\/15\/unsere-wochenlieblinge-322026-kein-tagesausflug\/\" data-type=\"link\" data-id=\"https:\/\/www.heldenhaushalt.de\/sari02\/index.php\/2026\/08\/15\/unsere-wochenlieblinge-322026-kein-tagesausflug\/\">Radtour zu einem Technik-Outlet<\/a> machen. Da sage ich doch nicht nein.<\/p>\n\n\n\n<figure class=\"wp-block-image size-full\"><a href=\"https:\/\/www.heldenhaushalt.de\/sari02\/wp-content\/uploads\/2026\/08\/32-10.jpg\"><img loading=\"lazy\" decoding=\"async\" width=\"1000\" height=\"744\" src=\"https:\/\/www.heldenhaushalt.de\/sari02\/wp-content\/uploads\/2026\/08\/32-10.jpg\" alt=\"Tassenregal\" class=\"wp-image-71870\" srcset=\"https:\/\/www.heldenhaushalt.de\/sari02\/wp-content\/uploads\/2026\/08\/32-10.jpg 1000w, https:\/\/www.heldenhaushalt.de\/sari02\/wp-content\/uploads\/2026\/08\/32-10-300x223.jpg 300w, https:\/\/www.heldenhaushalt.de\/sari02\/wp-content\/uploads\/2026\/08\/32-10-768x571.jpg 768w\" sizes=\"auto, (max-width: 1000px) 100vw, 1000px\" \/><\/a><figcaption class=\"wp-element-caption\">Mein neues Tassenregal<\/figcaption><\/figure>\n\n\n\n<p class=\"wp-block-paragraph\"><strong>13 &#8211; <\/strong>Spontan beschlie&#223;en der kleine Sohn und ich mit dem Zug <a href=\"https:\/\/www.heldenhaushalt.de\/sari02\/index.php\/2026\/08\/15\/unsere-wochenlieblinge-322026-kein-tagesausflug\/\" data-type=\"link\" data-id=\"https:\/\/www.heldenhaushalt.de\/sari02\/index.php\/2026\/08\/15\/unsere-wochenlieblinge-322026-kein-tagesausflug\/\">nach Oberhausen<\/a> zu fahren. Es sollte <a href=\"https:\/\/www.heldenhaushalt.de\/sari02\/index.php\/2026\/08\/18\/tagesausflug-nach-oberhausen-mit-ueberraschung\/\" data-type=\"link\" data-id=\"https:\/\/www.heldenhaushalt.de\/sari02\/index.php\/2026\/08\/18\/tagesausflug-nach-oberhausen-mit-ueberraschung\/\">eigentlich ein Tagesausflug<\/a> werden, um die Minecraft Experience zu besuchen.<\/p>\n\n\n\n<p class=\"wp-block-paragraph\"><strong>14 &#8211; <\/strong>Aus dem Tagesausflug wurde dann ein echtes Event f&#252;r den Sohn und mich, weil eine Internetfreundin uns mit einem bunten <a href=\"https:\/\/www.heldenhaushalt.de\/sari02\/index.php\/2026\/08\/15\/unsere-wochenlieblinge-322026-kein-tagesausflug\/\" data-type=\"link\" data-id=\"https:\/\/www.heldenhaushalt.de\/sari02\/index.php\/2026\/08\/15\/unsere-wochenlieblinge-322026-kein-tagesausflug\/\">Tag voller Ausfl&#252;ge<\/a> &#252;berraschte.<\/p>\n\n\n\n<p class=\"wp-block-paragraph\"><strong>15 &#8211; <\/strong>Wir besuchen die <a href=\"https:\/\/www.heldenhaushalt.de\/sari02\/index.php\/2026\/08\/19\/die-minecraft-experience-in-oberhausen\/\" data-type=\"link\" data-id=\"https:\/\/www.heldenhaushalt.de\/sari02\/index.php\/2026\/08\/19\/die-minecraft-experience-in-oberhausen\/\">Minecraft Experience<\/a> und der kleine Sohn findet es richtig cool.<\/p>\n\n\n\n<figure class=\"wp-block-image size-full\"><a href=\"https:\/\/www.heldenhaushalt.de\/sari02\/wp-content\/uploads\/2026\/08\/32-06.jpg\"><img loading=\"lazy\" decoding=\"async\" width=\"1000\" height=\"749\" src=\"https:\/\/www.heldenhaushalt.de\/sari02\/wp-content\/uploads\/2026\/08\/32-06.jpg\" alt=\"Marmeladenglasmomente\" class=\"wp-image-71876\" srcset=\"https:\/\/www.heldenhaushalt.de\/sari02\/wp-content\/uploads\/2026\/08\/32-06.jpg 1000w, https:\/\/www.heldenhaushalt.de\/sari02\/wp-content\/uploads\/2026\/08\/32-06-300x225.jpg 300w, https:\/\/www.heldenhaushalt.de\/sari02\/wp-content\/uploads\/2026\/08\/32-06-768x575.jpg 768w\" sizes=\"auto, (max-width: 1000px) 100vw, 1000px\" \/><\/a><figcaption class=\"wp-element-caption\">Neue Menschen treffen<\/figcaption><\/figure>\n\n\n\n<p class=\"wp-block-paragraph\"><strong>16 &#8211;<\/strong> Ich lerne <a href=\"https:\/\/www.heldenhaushalt.de\/sari02\/index.php\/2026\/08\/15\/unsere-wochenlieblinge-322026-kein-tagesausflug\/\" data-type=\"link\" data-id=\"https:\/\/www.heldenhaushalt.de\/sari02\/index.php\/2026\/08\/15\/unsere-wochenlieblinge-322026-kein-tagesausflug\/\">Anna und ihre Tochter<\/a> kennen. Zwei wirklich tolle Menschen.<\/p>\n\n\n\n<p class=\"wp-block-paragraph\"><strong>17 &#8211;<\/strong> Ich darf zu einem <a href=\"https:\/\/www.heldenhaushalt.de\/sari02\/index.php\/2026\/08\/15\/unsere-wochenlieblinge-322026-kein-tagesausflug\/\" data-type=\"link\" data-id=\"https:\/\/www.heldenhaushalt.de\/sari02\/index.php\/2026\/08\/15\/unsere-wochenlieblinge-322026-kein-tagesausflug\/\">Shopping-Erlebnis in den &#8220;The House&#8221; Store<\/a> in Oberhausen und mir etwas aussuchen.<\/p>\n\n\n\n<p class=\"wp-block-paragraph\"><strong>18 &#8211;<\/strong> Erst l&#228;dt Anna uns zum Essen ein und anschlie&#223;end d&#252;rfen wir in einem richtig <a href=\"https:\/\/www.heldenhaushalt.de\/sari02\/index.php\/2026\/08\/15\/unsere-wochenlieblinge-322026-kein-tagesausflug\/\" data-type=\"link\" data-id=\"https:\/\/www.heldenhaushalt.de\/sari02\/index.php\/2026\/08\/15\/unsere-wochenlieblinge-322026-kein-tagesausflug\/\">coolen Themen-Apartment<\/a> &#252;bernachten. Die Details der Bahnfahrt-Odyssee erspare ich euch.<\/p>\n\n\n\n<figure class=\"wp-block-image size-full\"><a href=\"https:\/\/www.heldenhaushalt.de\/sari02\/wp-content\/uploads\/2026\/08\/32-08.jpg\"><img loading=\"lazy\" decoding=\"async\" width=\"1000\" height=\"749\" src=\"https:\/\/www.heldenhaushalt.de\/sari02\/wp-content\/uploads\/2026\/08\/32-08.jpg\" alt=\"Marvel Hotel\" class=\"wp-image-71879\" srcset=\"https:\/\/www.heldenhaushalt.de\/sari02\/wp-content\/uploads\/2026\/08\/32-08.jpg 1000w, https:\/\/www.heldenhaushalt.de\/sari02\/wp-content\/uploads\/2026\/08\/32-08-300x225.jpg 300w, https:\/\/www.heldenhaushalt.de\/sari02\/wp-content\/uploads\/2026\/08\/32-08-768x575.jpg 768w\" sizes=\"auto, (max-width: 1000px) 100vw, 1000px\" \/><\/a><figcaption class=\"wp-element-caption\">Wohnen wir im Disney Hotel<\/figcaption><\/figure>\n\n\n\n<p class=\"wp-block-paragraph\"><strong>19 &#8211; <\/strong>Der Sohn wird zum ersten <a href=\"https:\/\/www.heldenhaushalt.de\/sari02\/index.php\/2026\/08\/17\/unser-wib-am-15-16-08-2026-geburtstage-und-fussball\/\" data-type=\"link\" data-id=\"https:\/\/www.heldenhaushalt.de\/sari02\/index.php\/2026\/08\/17\/unser-wib-am-15-16-08-2026-geburtstage-und-fussball\/\">Heimspiel von Hertha BSC<\/a> vom Trainer eingeladen. Wer h&#228;tte gedacht, dass die so hoch gewinnen?<\/p>\n\n\n\n<p class=\"wp-block-paragraph\"><strong>20 &#8211; <\/strong>Der gro&#223;e Sohn hilft zudem bei einem anderen Team <a href=\"https:\/\/www.heldenhaushalt.de\/sari02\/index.php\/2026\/08\/17\/unser-wib-am-15-16-08-2026-geburtstage-und-fussball\/\" data-type=\"link\" data-id=\"https:\/\/www.heldenhaushalt.de\/sari02\/index.php\/2026\/08\/17\/unser-wib-am-15-16-08-2026-geburtstage-und-fussball\/\">bei einem Testspiel <\/a>aus. Sch&#246;n, wenn man helfen kann und wir haben noch einen Anlass ihn spielen zu sehen.<\/p>\n\n\n\n<p class=\"wp-block-paragraph\"><strong>21 &#8211; <\/strong>Der kleine Sohn ist inzwischen bei einem <a href=\"https:\/\/www.heldenhaushalt.de\/sari02\/index.php\/2026\/08\/17\/unser-wib-am-15-16-08-2026-geburtstage-und-fussball\/\" data-type=\"link\" data-id=\"https:\/\/www.heldenhaushalt.de\/sari02\/index.php\/2026\/08\/17\/unser-wib-am-15-16-08-2026-geburtstage-und-fussball\/\">Freund auf dem Geburtstag<\/a> und darf dort auch &#252;bernachten.<\/p>\n\n\n\n<figure class=\"wp-block-image size-full\"><a href=\"https:\/\/www.heldenhaushalt.de\/sari02\/wp-content\/uploads\/2026\/08\/aug26-03.jpg\"><img loading=\"lazy\" decoding=\"async\" width=\"1000\" height=\"318\" src=\"https:\/\/www.heldenhaushalt.de\/sari02\/wp-content\/uploads\/2026\/08\/aug26-03.jpg\" alt=\"#bestofnine\" class=\"wp-image-72006\" srcset=\"https:\/\/www.heldenhaushalt.de\/sari02\/wp-content\/uploads\/2026\/08\/aug26-03.jpg 1000w, https:\/\/www.heldenhaushalt.de\/sari02\/wp-content\/uploads\/2026\/08\/aug26-03-767x244.jpg 767w, https:\/\/www.heldenhaushalt.de\/sari02\/wp-content\/uploads\/2026\/08\/aug26-03-300x95.jpg 300w\" sizes=\"auto, (max-width: 1000px) 100vw, 1000px\" \/><\/a><figcaption class=\"wp-element-caption\">#bestofnine im August<\/figcaption><\/figure>\n\n\n\n<p class=\"wp-block-paragraph\"><strong>22 &#8211;<\/strong> Die letzte Ferienwoche verl&#228;uft ruhig. Ich schaffe nochmal ganz viel<a href=\"https:\/\/www.heldenhaushalt.de\/sari02\/index.php\/2026\/08\/21\/unsere-wochenlieblinge-332026-und-vorbei-ist-der-spass\/\" data-type=\"link\" data-id=\"https:\/\/www.heldenhaushalt.de\/sari02\/index.php\/2026\/08\/21\/unsere-wochenlieblinge-332026-und-vorbei-ist-der-spass\/\"> im Vorgarten<\/a>, bevor ich im September nicht mehr dazu komme.<\/p>\n\n\n\n<p class=\"wp-block-paragraph\"><strong>23 &#8211;<\/strong> Ich besuche wieder <a href=\"https:\/\/www.heldenhaushalt.de\/sari02\/index.php\/2026\/08\/21\/unsere-wochenlieblinge-332026-und-vorbei-ist-der-spass\/\" data-type=\"link\" data-id=\"https:\/\/www.heldenhaushalt.de\/sari02\/index.php\/2026\/08\/21\/unsere-wochenlieblinge-332026-und-vorbei-ist-der-spass\/\">meine kleine Nichte<\/a>, die schon so viel munterer geworden ist.<\/p>\n\n\n\n<p class=\"wp-block-paragraph\"><strong>24 &#8211; <\/strong>Auch das Team vom kleinen Sohn hat sein<a href=\"https:\/\/www.heldenhaushalt.de\/sari02\/index.php\/2026\/08\/21\/unsere-wochenlieblinge-332026-und-vorbei-ist-der-spass\/\" data-type=\"link\" data-id=\"https:\/\/www.heldenhaushalt.de\/sari02\/index.php\/2026\/08\/21\/unsere-wochenlieblinge-332026-und-vorbei-ist-der-spass\/\"> erstes Testspiel<\/a> und stellt sich gar nicht mal schlecht an.<\/p>\n\n\n\n<figure class=\"wp-block-image size-full\"><a href=\"https:\/\/www.heldenhaushalt.de\/sari02\/wp-content\/uploads\/2026\/08\/33-02.jpg\"><img loading=\"lazy\" decoding=\"async\" width=\"1000\" height=\"755\" src=\"https:\/\/www.heldenhaushalt.de\/sari02\/wp-content\/uploads\/2026\/08\/33-02.jpg\" alt=\"Suppentage\" class=\"wp-image-71935\" srcset=\"https:\/\/www.heldenhaushalt.de\/sari02\/wp-content\/uploads\/2026\/08\/33-02.jpg 1000w, https:\/\/www.heldenhaushalt.de\/sari02\/wp-content\/uploads\/2026\/08\/33-02-300x227.jpg 300w, https:\/\/www.heldenhaushalt.de\/sari02\/wp-content\/uploads\/2026\/08\/33-02-768x580.jpg 768w\" sizes=\"auto, (max-width: 1000px) 100vw, 1000px\" \/><\/a><figcaption class=\"wp-element-caption\">Langsam wieder Suppentage<\/figcaption><\/figure>\n\n\n\n<p class=\"wp-block-paragraph\"><strong>25 &#8211;<\/strong> Der gro&#223;e Sohn darf nun &#8211; so lange es zeitlich passt &#8211; ein Mal die Woche an <a href=\"https:\/\/www.heldenhaushalt.de\/sari02\/index.php\/2026\/08\/21\/unsere-wochenlieblinge-332026-und-vorbei-ist-der-spass\/\" data-type=\"link\" data-id=\"https:\/\/www.heldenhaushalt.de\/sari02\/index.php\/2026\/08\/21\/unsere-wochenlieblinge-332026-und-vorbei-ist-der-spass\/\">einem Spezialtraining <\/a>teilnehmen und liebt alles daran.<\/p>\n\n\n\n<p class=\"wp-block-paragraph\"><strong>26 &#8211;<\/strong> Ein kleines<a href=\"https:\/\/www.heldenhaushalt.de\/sari02\/index.php\/2026\/08\/21\/unsere-wochenlieblinge-332026-und-vorbei-ist-der-spass\/\" data-type=\"link\" data-id=\"https:\/\/www.heldenhaushalt.de\/sari02\/index.php\/2026\/08\/21\/unsere-wochenlieblinge-332026-und-vorbei-ist-der-spass\/\"> Herbst-Halloween-Shopping<\/a> f&#252;r mich (inklusive einiger Vinted Schn&#228;ppchen) gab es im August f&#252;r mich und ich liebe unter anderem meine neue Regenjacke.<\/p>\n\n\n\n<p class=\"wp-block-paragraph\"><strong>27 &#8211; <\/strong>Wir haben nach 2 Jahre Z&#246;gern einen Airfryer angeschafft und erfolgreich schon <a href=\"https:\/\/www.heldenhaushalt.de\/sari02\/index.php\/2026\/08\/22\/heldenkueche-knusprige-kartoffeln-aus-dem-airfryer\/\" data-type=\"link\" data-id=\"https:\/\/www.heldenhaushalt.de\/sari02\/index.php\/2026\/08\/22\/heldenkueche-knusprige-kartoffeln-aus-dem-airfryer\/\">ein zwei Rezepte<\/a> gestestet.<\/p>\n\n\n\n<figure class=\"wp-block-image size-full\"><a href=\"https:\/\/www.heldenhaushalt.de\/sari02\/wp-content\/uploads\/2026\/08\/34-02.jpg\"><img loading=\"lazy\" decoding=\"async\" width=\"1000\" height=\"711\" src=\"https:\/\/www.heldenhaushalt.de\/sari02\/wp-content\/uploads\/2026\/08\/34-02.jpg\" alt=\"\" class=\"wp-image-71993\" srcset=\"https:\/\/www.heldenhaushalt.de\/sari02\/wp-content\/uploads\/2026\/08\/34-02.jpg 1000w, https:\/\/www.heldenhaushalt.de\/sari02\/wp-content\/uploads\/2026\/08\/34-02-768x546.jpg 768w, https:\/\/www.heldenhaushalt.de\/sari02\/wp-content\/uploads\/2026\/08\/34-02-300x213.jpg 300w\" sizes=\"auto, (max-width: 1000px) 100vw, 1000px\" \/><\/a><\/figure>\n\n\n\n<p class=\"wp-block-paragraph\"><strong>28 &#8211; <\/strong>Ein <a href=\"https:\/\/www.heldenhaushalt.de\/sari02\/index.php\/2026\/08\/25\/unser-wib-am-22-23-08-2026-ein-fast-normales-fussballwochenende\/\" data-type=\"link\" data-id=\"https:\/\/www.heldenhaushalt.de\/sari02\/index.php\/2026\/08\/25\/unser-wib-am-22-23-08-2026-ein-fast-normales-fussballwochenende\/\">Wochenende voller Testspiele<\/a> gab es dann nochmal, bevor die Schule wieder los ging. Dieses Mal f&#252;r beide Kinder. Vor allem das des gro&#223;en Sohnes lief &#252;berraschend gut. <\/p>\n\n\n\n<p class=\"wp-block-paragraph\"><strong>29 &#8211; <\/strong>Wir schulen ein. Verr&#252;ckt, oder? Also es f&#252;hlte sich wie Einschulung an, als ich den kleinen Sohn an der neuen Schule ablieferte und es eine kleine Begr&#252;&#223;ungsveranstaltung gab. Gleichzeitig ging es f&#252;r den gro&#223;en Sohn nun ins Abitur und es ist komisch, dass ich erst 6 Jahre vorher den gro&#223;en Sohn an genau dieser neuen Schule ab gab.<\/p>\n\n\n\n<p class=\"wp-block-paragraph\"><strong>30 &#8211;<\/strong> Ich werde vom Team des kleinen Sohnes nachtr&#228;glich zum Geburtstag &#252;berrascht.<\/p>\n\n\n\n<h2 class=\"wp-block-heading\">Was wird uns nun der September bringen<\/h2>\n\n\n\n<p class=\"wp-block-paragraph\">Tats&#228;chlich stehen beim kleinen Sohn gleich zwei Ausw&#228;rtsfahrten an und eine davon wird ziemlich aufregend. Gut, dass schulisch am Anfang noch nicht so viel los ist. Im September wird dann auch die Schonfrist bzw. die Kennenlernphase vorbei sein. Beide sollten nun wissen wo und beim wem sie welchen Unterricht haben, der Gro&#223;e muss einen Tutor haben und bekommt nun endg&#252;ltig den etwas unangenehmen und nachhaltig unangenehmen Arzttermin verpasst. Aber der Herbst ist dann auch angebrochen und ich sehe sie schon an den B&#228;umen h&#228;ngen, die dicken und fetten Kastanien und ich freue mich. Leider wissen wir schon jetzt, dass wir dieses Jahr die Steinewahn Messe verpassen werden, was mich etwas traurig stimmt, aber ich kann es leider nicht &#228;ndern.<\/p>\n\n\n\n<p class=\"wp-block-paragraph\">Ansonsten mal sehen, was f&#252;r Marmeladenglasmomente der September sonst so f&#252;r uns bereit halten wird.<\/p>\n\n\n\n<p class=\"wp-block-paragraph\"><strong>Was waren eure pers&#246;nlichen Marmeladenglasmomente im August?<\/strong><\/p>\n\n\n\n<p class=\"wp-block-paragraph\"><small><strong>Anmerkung:<\/strong>&nbsp;Die #bestofnine der Marmeladenglasmomente setzen sich aus den am meisten geherzten Fotos&nbsp;<a href=\"https:\/\/www.instagram.com\/heldenhaushalt\/\" target=\"_blank\" rel=\"noopener\">von Instagram<\/a>&nbsp;zusammen. Der Artikel enth&#228;lt evtl. Bilder mit Produkten, die wir in unserem Alltag nutzen oder Linkempfehlungen. Wir haben keine Bezahlung f&#252;r das Zeigen oder Nutzen derselbigen erhalten. Affiliate Links sind als solche markiert.<\/small><\/p>\n","protected":false},"excerpt":{"rendered":"<p>W&#228;hrend der Juli irgendwie fast schon ein Kino-Monat war bei all den Filmen, die wir uns da einverleibt hatten, fiel der August irgendwie&#8230; ruhiger aus. Das lag sicherlich auch daran, dass der Urlaub des Mannes vorbei war und auch das Training der Kinder halbwegs wieder anfing und wir somit schon einmal einen Vorgeschmack auf den Alltag bekamen. Der Monat endete dann auch mit dem Beginn der Schule und damit auch einem neuen Abschnitt f&#252;r beide Kinder. Ganz sch&#246;n aufregend. Ein paar besondere Erinnerungen f&#252;r unsere Marmeladenglasmomente konnten wir aber auch im August sammeln. Ferien m&#252;ssen ja dennoch ausgenutzt werden&#8230; Unsere Marmeladenglasmomente im August 2026 01 &#8211; Meine Fitnessuhr gibt den Geist auf, aber meine Schwester ist so lieb und leiht mir kurzfristig ihre. Ohne f&#252;hlt man sich nach all der Zeit echt doof. 02 &#8211; Wir gehen ins Kino und schauen den neuen Spiderman-Film. Es gibt sogar zum internationalen Spidey-Day einen Button f&#252;r jeden. 03 &#8211; Die Jungs lernen nun auch offiziell ihre kleine Cousine kennen. Zu diesem Zeitpunkt ist sie gerade mal 6 Tage alt. 04 &#8211; Ich stelle fest, dass sich meine eigene Rollenwahrnehmung in den letzten Jahren nochmal ordentlich ver&#228;ndert hat 05 &#8211; Spontane Radtour zum M&#246;belschweden, um die Halloween-Collection auszuchecken (und nat&#252;rlich ein oder zwei Teile mitzunehmen) 06 &#8211; Ich fange an die G&#228;rten fit zu machen. Nachdem ich im Vorgarten einigerma&#223;en gew&#252;tet habe, k&#246;nnen die Halloween-T&#246;pfe vor das K&#252;chenfenster. Bei meiner Morgenrunde finde ich sogar die passenden Blumen. Ich liebe es. 07 &#8211; Spontan schaue ich den Jungs einen Vormittag bei ihrer t&#228;glichen Trainings-Session zu. Die beiden sind in den Ferien fast jeden Morgen f&#252;r zwei Stunden auf den Sportplatz trainieren gegangen. Sch&#246;n sie so zusammen zu erleben. 08 &#8211; Der gro&#223;e Sohn hat ein erstes Testspiel mit der neu zusammengestellten Mannschaft und ich mag die Stimmung im Team sehr. Sie konnten dann auch eindeutig gewinnen, was nat&#252;rlich toll ist. 09 &#8211; Wir holen mal wieder die Inline-Skates vom kleinen Sohn hervor. Die passen allerdings nicht mehr. Gl&#252;cklicherweise aber die alten vom gro&#223;en Sohn. 10 &#8211; Die totale Sonnenfinsternis findet statt. Und wir verpassen sie irgendwie. Ich sehe nur all die Menschen bei uns auf der Br&#252;cke stehen. Wir selber haben sie nicht angeschaut. 11 &#8211; Ich hab eine Idee f&#252;r ein saisonales Tassenregal und setze diese um. Dort stehen nun meine 4 Lieblingstassen passend zur Jahreszeit, so wie eine Auswahl an Tee und meine Teekannen. Ich liebe es. 12 &#8211; Der gro&#223;e Sohn m&#246;chte mit mir eine Radtour zu einem Technik-Outlet machen. Da sage ich doch nicht nein. 13 &#8211; Spontan beschlie&#223;en der kleine Sohn und ich mit dem Zug nach Oberhausen zu fahren. Es sollte eigentlich ein Tagesausflug werden, um die Minecraft Experience zu besuchen. 14 &#8211; Aus dem Tagesausflug wurde dann ein echtes Event f&#252;r den Sohn und mich, weil eine Internetfreundin uns mit einem bunten Tag voller Ausfl&#252;ge &#252;berraschte. 15 &#8211; Wir besuchen die Minecraft Experience und der kleine Sohn findet es richtig cool. 16 &#8211; Ich lerne Anna und ihre Tochter kennen. Zwei wirklich tolle Menschen. 17 &#8211; Ich darf zu einem Shopping-Erlebnis in den &#8220;The House&#8221; Store in Oberhausen und mir etwas aussuchen. 18 &#8211; Erst l&#228;dt Anna uns zum Essen ein und anschlie&#223;end d&#252;rfen wir in einem richtig coolen Themen-Apartment &#252;bernachten. Die Details der Bahnfahrt-Odyssee erspare ich euch. 19 &#8211; Der Sohn wird zum ersten Heimspiel von Hertha BSC vom Trainer eingeladen. Wer h&#228;tte gedacht, dass die so hoch gewinnen? 20 &#8211; Der gro&#223;e Sohn hilft zudem bei einem anderen Team bei einem Testspiel aus. Sch&#246;n, wenn man helfen kann und wir haben noch einen Anlass ihn spielen zu sehen. 21 &#8211; Der kleine Sohn ist inzwischen bei einem Freund auf dem Geburtstag und darf dort auch &#252;bernachten. 22 &#8211; Die letzte Ferienwoche verl&#228;uft ruhig. Ich schaffe nochmal ganz viel im Vorgarten, bevor ich im September nicht mehr dazu komme. 23 &#8211; Ich besuche wieder meine kleine Nichte, die schon so viel munterer geworden ist. 24 &#8211; Auch das Team vom kleinen Sohn hat sein erstes Testspiel und stellt sich gar nicht mal schlecht an. 25 &#8211; Der gro&#223;e Sohn darf nun &#8211; so lange es zeitlich passt &#8211; ein Mal die Woche an einem Spezialtraining teilnehmen und liebt alles daran. 26 &#8211; Ein kleines Herbst-Halloween-Shopping f&#252;r mich (inklusive einiger Vinted Schn&#228;ppchen) gab es im August f&#252;r mich und ich liebe unter anderem meine neue Regenjacke. 27 &#8211; Wir haben nach 2 Jahre Z&#246;gern einen Airfryer angeschafft und erfolgreich schon ein zwei Rezepte gestestet. 28 &#8211; Ein Wochenende voller Testspiele gab es dann nochmal, bevor die Schule wieder los ging. Dieses Mal f&#252;r beide Kinder. Vor allem das des gro&#223;en Sohnes lief &#252;berraschend gut. 29 &#8211; Wir schulen ein. Verr&#252;ckt, oder? Also es f&#252;hlte sich wie Einschulung an, als ich den kleinen Sohn an der neuen Schule ablieferte und es eine kleine Begr&#252;&#223;ungsveranstaltung gab. Gleichzeitig ging es f&#252;r den gro&#223;en Sohn nun ins Abitur und es ist komisch, dass ich erst 6 Jahre vorher den gro&#223;en Sohn an genau dieser neuen Schule ab gab. 30 &#8211; Ich werde vom Team des kleinen Sohnes nachtr&#228;glich zum Geburtstag &#252;berrascht. Was wird uns nun der September bringen Tats&#228;chlich stehen beim kleinen Sohn gleich zwei Ausw&#228;rtsfahrten an und eine davon wird ziemlich aufregend. Gut, dass schulisch am Anfang noch nicht so viel los ist. Im September wird dann auch die Schonfrist bzw. die Kennenlernphase vorbei sein. Beide sollten nun wissen wo und beim wem sie welchen Unterricht haben, der Gro&#223;e muss einen Tutor haben und bekommt nun endg&#252;ltig den etwas unangenehmen und nachhaltig unangenehmen Arzttermin verpasst. Aber der Herbst ist dann auch angebrochen und ich sehe sie schon an den B&#228;umen h&#228;ngen, die dicken und fetten Kastanien und ich freue mich. Leider wissen wir schon jetzt, dass wir dieses Jahr die Steinewahn Messe verpassen werden, was mich etwas traurig stimmt, aber ich kann es leider nicht &#228;ndern. Ansonsten mal sehen, was f&#252;r Marmeladenglasmomente der September sonst so f&#252;r uns bereit halten wird. Was waren eure pers&#246;nlichen Marmeladenglasmomente im August? Anmerkung:&nbsp;Die #bestofnine der Marmeladenglasmomente setzen sich aus den am meisten geherzten Fotos&nbsp;von Instagram&nbsp;zusammen. Der Artikel enth&#228;lt evtl. Bilder mit Produkten, die wir in unserem Alltag nutzen oder Linkempfehlungen. Wir haben keine Bezahlung f&#252;r das Zeigen oder Nutzen derselbigen erhalten. Affiliate Links sind als solche markiert.<\/p>\n","protected":false},"author":1,"featured_media":71964,"comment_status":"open","ping_status":"open","sticky":false,"template":"","format":"standard","meta":{"ngg_post_thumbnail":0,"footnotes":""},"categories":[3494],"tags":[3575,199],"class_list":["post-72003","post","type-post","status-publish","format-standard","has-post-thumbnail","hentry","category-rueckblick","tag-marmeladenglasmomente","tag-rueckblick"],"yoast_head":"<!-- This site is optimized with the Yoast SEO plugin v28.3 - https:\/\/yoast.com\/product\/yoast-seo-wordpress\/ -->\n<title>30 Marmeladenglasmomente im August 2026 - Heldenhaushalt<\/title>\n<meta name=\"description\" content=\"Ein paar besondere Erinnerungen f\u00fcr unsere Marmeladenglasmomente konnten wir aber auch im August sammeln. Ferien m\u00fcssen ja dennoch...\" \/>\n<meta name=\"robots\" content=\"index, follow, max-snippet:-1, max-image-preview:large, max-video-preview:-1\" \/>\n<link rel=\"canonical\" href=\"https:\/\/www.heldenhaushalt.de\/sari02\/index.php\/2026\/09\/01\/30-marmeladenglasmomente-im-august-2026\/\" \/>\n<meta property=\"og:locale\" content=\"de_DE\" \/>\n<meta property=\"og:type\" content=\"article\" \/>\n<meta property=\"og:title\" content=\"30 Marmeladenglasmomente im August 2026 - Heldenhaushalt\" \/>\n<meta property=\"og:description\" content=\"Ein paar besondere Erinnerungen f\u00fcr unsere Marmeladenglasmomente konnten wir aber auch im August sammeln. Ferien m\u00fcssen ja dennoch...\" \/>\n<meta property=\"og:url\" content=\"https:\/\/www.heldenhaushalt.de\/sari02\/index.php\/2026\/09\/01\/30-marmeladenglasmomente-im-august-2026\/\" \/>\n<meta property=\"og:site_name\" content=\"Heldenhaushalt\" \/>\n<meta property=\"article:published_time\" content=\"2026-09-01T07:00:00+00:00\" \/>\n<meta property=\"og:image\" content=\"https:\/\/www.heldenhaushalt.de\/sari02\/wp-content\/uploads\/2026\/08\/wib34-08.jpg\" \/>\n\t<meta property=\"og:image:width\" content=\"1000\" \/>\n\t<meta property=\"og:image:height\" content=\"752\" \/>\n\t<meta property=\"og:image:type\" content=\"image\/jpeg\" \/>\n<meta name=\"author\" content=\"Sari\" \/>\n<meta name=\"twitter:card\" content=\"summary_large_image\" \/>\n<meta name=\"twitter:creator\" content=\"@Heldenhaushalt\" \/>\n<meta name=\"twitter:site\" content=\"@Heldenhaushalt\" \/>\n<meta name=\"twitter:label1\" content=\"Verfasst von\" \/>\n\t<meta name=\"twitter:data1\" content=\"Sari\" \/>\n\t<meta name=\"twitter:label2\" content=\"Gesch\u00e4tzte Lesezeit\" \/>\n\t<meta name=\"twitter:data2\" content=\"9\u00a0Minuten\" \/>\n<script type=\"application\/ld+json\" class=\"yoast-schema-graph\">{\"@context\":\"https:\\\/\\\/schema.org\",\"@graph\":[{\"@type\":\"Article\",\"@id\":\"https:\\\/\\\/www.heldenhaushalt.de\\\/sari02\\\/index.php\\\/2026\\\/09\\\/01\\\/30-marmeladenglasmomente-im-august-2026\\\/#article\",\"isPartOf\":{\"@id\":\"https:\\\/\\\/www.heldenhaushalt.de\\\/sari02\\\/index.php\\\/2026\\\/09\\\/01\\\/30-marmeladenglasmomente-im-august-2026\\\/\"},\"author\":{\"name\":\"Sari\",\"@id\":\"https:\\\/\\\/www.heldenhaushalt.de\\\/sari02\\\/#\\\/schema\\\/person\\\/a1cc69f42a01f412eb62c151353814f6\"},\"headline\":\"30 Marmeladenglasmomente im August 2026\",\"datePublished\":\"2026-09-01T07:00:00+00:00\",\"mainEntityOfPage\":{\"@id\":\"https:\\\/\\\/www.heldenhaushalt.de\\\/sari02\\\/index.php\\\/2026\\\/09\\\/01\\\/30-marmeladenglasmomente-im-august-2026\\\/\"},\"wordCount\":1107,\"commentCount\":0,\"publisher\":{\"@id\":\"https:\\\/\\\/www.heldenhaushalt.de\\\/sari02\\\/#\\\/schema\\\/person\\\/a1cc69f42a01f412eb62c151353814f6\"},\"image\":{\"@id\":\"https:\\\/\\\/www.heldenhaushalt.de\\\/sari02\\\/index.php\\\/2026\\\/09\\\/01\\\/30-marmeladenglasmomente-im-august-2026\\\/#primaryimage\"},\"thumbnailUrl\":\"https:\\\/\\\/www.heldenhaushalt.de\\\/sari02\\\/wp-content\\\/uploads\\\/2026\\\/08\\\/wib34-08.jpg\",\"keywords\":[\"Marmeladenglasmomente\",\"R\u00fcckblick\"],\"articleSection\":[\"R\u00fcckblick\"],\"inLanguage\":\"de\",\"potentialAction\":[{\"@type\":\"CommentAction\",\"name\":\"Comment\",\"target\":[\"https:\\\/\\\/www.heldenhaushalt.de\\\/sari02\\\/index.php\\\/2026\\\/09\\\/01\\\/30-marmeladenglasmomente-im-august-2026\\\/#respond\"]}]},{\"@type\":\"WebPage\",\"@id\":\"https:\\\/\\\/www.heldenhaushalt.de\\\/sari02\\\/index.php\\\/2026\\\/09\\\/01\\\/30-marmeladenglasmomente-im-august-2026\\\/\",\"url\":\"https:\\\/\\\/www.heldenhaushalt.de\\\/sari02\\\/index.php\\\/2026\\\/09\\\/01\\\/30-marmeladenglasmomente-im-august-2026\\\/\",\"name\":\"30 Marmeladenglasmomente im August 2026 - Heldenhaushalt\",\"isPartOf\":{\"@id\":\"https:\\\/\\\/www.heldenhaushalt.de\\\/sari02\\\/#website\"},\"primaryImageOfPage\":{\"@id\":\"https:\\\/\\\/www.heldenhaushalt.de\\\/sari02\\\/index.php\\\/2026\\\/09\\\/01\\\/30-marmeladenglasmomente-im-august-2026\\\/#primaryimage\"},\"image\":{\"@id\":\"https:\\\/\\\/www.heldenhaushalt.de\\\/sari02\\\/index.php\\\/2026\\\/09\\\/01\\\/30-marmeladenglasmomente-im-august-2026\\\/#primaryimage\"},\"thumbnailUrl\":\"https:\\\/\\\/www.heldenhaushalt.de\\\/sari02\\\/wp-content\\\/uploads\\\/2026\\\/08\\\/wib34-08.jpg\",\"datePublished\":\"2026-09-01T07:00:00+00:00\",\"description\":\"Ein paar besondere Erinnerungen f\u00fcr unsere Marmeladenglasmomente konnten wir aber auch im August sammeln. Ferien m\u00fcssen ja dennoch...\",\"breadcrumb\":{\"@id\":\"https:\\\/\\\/www.heldenhaushalt.de\\\/sari02\\\/index.php\\\/2026\\\/09\\\/01\\\/30-marmeladenglasmomente-im-august-2026\\\/#breadcrumb\"},\"inLanguage\":\"de\",\"potentialAction\":[{\"@type\":\"ReadAction\",\"target\":[\"https:\\\/\\\/www.heldenhaushalt.de\\\/sari02\\\/index.php\\\/2026\\\/09\\\/01\\\/30-marmeladenglasmomente-im-august-2026\\\/\"]}]},{\"@type\":\"ImageObject\",\"inLanguage\":\"de\",\"@id\":\"https:\\\/\\\/www.heldenhaushalt.de\\\/sari02\\\/index.php\\\/2026\\\/09\\\/01\\\/30-marmeladenglasmomente-im-august-2026\\\/#primaryimage\",\"url\":\"https:\\\/\\\/www.heldenhaushalt.de\\\/sari02\\\/wp-content\\\/uploads\\\/2026\\\/08\\\/wib34-08.jpg\",\"contentUrl\":\"https:\\\/\\\/www.heldenhaushalt.de\\\/sari02\\\/wp-content\\\/uploads\\\/2026\\\/08\\\/wib34-08.jpg\",\"width\":1000,\"height\":752},{\"@type\":\"BreadcrumbList\",\"@id\":\"https:\\\/\\\/www.heldenhaushalt.de\\\/sari02\\\/index.php\\\/2026\\\/09\\\/01\\\/30-marmeladenglasmomente-im-august-2026\\\/#breadcrumb\",\"itemListElement\":[{\"@type\":\"ListItem\",\"position\":1,\"name\":\"Startseite\",\"item\":\"https:\\\/\\\/www.heldenhaushalt.de\\\/sari02\\\/\"},{\"@type\":\"ListItem\",\"position\":2,\"name\":\"30 Marmeladenglasmomente im August 2026\"}]},{\"@type\":\"WebSite\",\"@id\":\"https:\\\/\\\/www.heldenhaushalt.de\\\/sari02\\\/#website\",\"url\":\"https:\\\/\\\/www.heldenhaushalt.de\\\/sari02\\\/\",\"name\":\"Heldenhaushalt\",\"description\":\"Wer es ordentlich haben will, der muss vorher anrufen\",\"publisher\":{\"@id\":\"https:\\\/\\\/www.heldenhaushalt.de\\\/sari02\\\/#\\\/schema\\\/person\\\/a1cc69f42a01f412eb62c151353814f6\"},\"potentialAction\":[{\"@type\":\"SearchAction\",\"target\":{\"@type\":\"EntryPoint\",\"urlTemplate\":\"https:\\\/\\\/www.heldenhaushalt.de\\\/sari02\\\/?s={search_term_string}\"},\"query-input\":{\"@type\":\"PropertyValueSpecification\",\"valueRequired\":true,\"valueName\":\"search_term_string\"}}],\"inLanguage\":\"de\"},{\"@type\":[\"Person\",\"Organization\"],\"@id\":\"https:\\\/\\\/www.heldenhaushalt.de\\\/sari02\\\/#\\\/schema\\\/person\\\/a1cc69f42a01f412eb62c151353814f6\",\"name\":\"Sari\",\"image\":{\"@type\":\"ImageObject\",\"inLanguage\":\"de\",\"@id\":\"https:\\\/\\\/www.heldenhaushalt.de\\\/sari02\\\/wp-content\\\/uploads\\\/2019\\\/02\\\/sari-april2018.png\",\"url\":\"https:\\\/\\\/www.heldenhaushalt.de\\\/sari02\\\/wp-content\\\/uploads\\\/2019\\\/02\\\/sari-april2018.png\",\"contentUrl\":\"https:\\\/\\\/www.heldenhaushalt.de\\\/sari02\\\/wp-content\\\/uploads\\\/2019\\\/02\\\/sari-april2018.png\",\"width\":500,\"height\":500,\"caption\":\"Sari\"},\"logo\":{\"@id\":\"https:\\\/\\\/www.heldenhaushalt.de\\\/sari02\\\/wp-content\\\/uploads\\\/2019\\\/02\\\/sari-april2018.png\"},\"description\":\"Frau Mondgras \u2013 Das bin ich, Sari. Gerne auch als Sari Mondgras bekannt und im Internet zu finden. 2-Fach-Mutter, Heldenehefrau, Kreativling, Harmonies\u00fcchtig und st\u00e4ndig auf der Suche nach Gl\u00fcck. Ich komme aus Berlin, bin hier aufgewachsen und lebe hier seit ich denken kann.\",\"sameAs\":[\"https:\\\/\\\/www.instagram.com\\\/heldenhaushalt\\\/\"],\"url\":\"https:\\\/\\\/www.heldenhaushalt.de\\\/sari02\\\/index.php\\\/author\\\/admin\\\/\"}]}<\/script>\n<!-- \/ Yoast SEO plugin. -->","yoast_head_json":{"title":"30 Marmeladenglasmomente im August 2026 - Heldenhaushalt","description":"Ein paar besondere Erinnerungen f\u00fcr unsere Marmeladenglasmomente konnten wir aber auch im August sammeln. Ferien m\u00fcssen ja dennoch...","robots":{"index":"index","follow":"follow","max-snippet":"max-snippet:-1","max-image-preview":"max-image-preview:large","max-video-preview":"max-video-preview:-1"},"canonical":"https:\/\/www.heldenhaushalt.de\/sari02\/index.php\/2026\/09\/01\/30-marmeladenglasmomente-im-august-2026\/","og_locale":"de_DE","og_type":"article","og_title":"30 Marmeladenglasmomente im August 2026 - Heldenhaushalt","og_description":"Ein paar besondere Erinnerungen f\u00fcr unsere Marmeladenglasmomente konnten wir aber auch im August sammeln. Ferien m\u00fcssen ja dennoch...","og_url":"https:\/\/www.heldenhaushalt.de\/sari02\/index.php\/2026\/09\/01\/30-marmeladenglasmomente-im-august-2026\/","og_site_name":"Heldenhaushalt","article_published_time":"2026-09-01T07:00:00+00:00","og_image":[{"width":1000,"height":752,"url":"https:\/\/www.heldenhaushalt.de\/sari02\/wp-content\/uploads\/2026\/08\/wib34-08.jpg","type":"image\/jpeg"}],"author":"Sari","twitter_card":"summary_large_image","twitter_creator":"@Heldenhaushalt","twitter_site":"@Heldenhaushalt","twitter_misc":{"Verfasst von":"Sari","Gesch\u00e4tzte Lesezeit":"9\u00a0Minuten"},"schema":{"@context":"https:\/\/schema.org","@graph":[{"@type":"Article","@id":"https:\/\/www.heldenhaushalt.de\/sari02\/index.php\/2026\/09\/01\/30-marmeladenglasmomente-im-august-2026\/#article","isPartOf":{"@id":"https:\/\/www.heldenhaushalt.de\/sari02\/index.php\/2026\/09\/01\/30-marmeladenglasmomente-im-august-2026\/"},"author":{"name":"Sari","@id":"https:\/\/www.heldenhaushalt.de\/sari02\/#\/schema\/person\/a1cc69f42a01f412eb62c151353814f6"},"headline":"30 Marmeladenglasmomente im August 2026","datePublished":"2026-09-01T07:00:00+00:00","mainEntityOfPage":{"@id":"https:\/\/www.heldenhaushalt.de\/sari02\/index.php\/2026\/09\/01\/30-marmeladenglasmomente-im-august-2026\/"},"wordCount":1107,"commentCount":0,"publisher":{"@id":"https:\/\/www.heldenhaushalt.de\/sari02\/#\/schema\/person\/a1cc69f42a01f412eb62c151353814f6"},"image":{"@id":"https:\/\/www.heldenhaushalt.de\/sari02\/index.php\/2026\/09\/01\/30-marmeladenglasmomente-im-august-2026\/#primaryimage"},"thumbnailUrl":"https:\/\/www.heldenhaushalt.de\/sari02\/wp-content\/uploads\/2026\/08\/wib34-08.jpg","keywords":["Marmeladenglasmomente","R\u00fcckblick"],"articleSection":["R\u00fcckblick"],"inLanguage":"de","potentialAction":[{"@type":"CommentAction","name":"Comment","target":["https:\/\/www.heldenhaushalt.de\/sari02\/index.php\/2026\/09\/01\/30-marmeladenglasmomente-im-august-2026\/#respond"]}]},{"@type":"WebPage","@id":"https:\/\/www.heldenhaushalt.de\/sari02\/index.php\/2026\/09\/01\/30-marmeladenglasmomente-im-august-2026\/","url":"https:\/\/www.heldenhaushalt.de\/sari02\/index.php\/2026\/09\/01\/30-marmeladenglasmomente-im-august-2026\/","name":"30 Marmeladenglasmomente im August 2026 - Heldenhaushalt","isPartOf":{"@id":"https:\/\/www.heldenhaushalt.de\/sari02\/#website"},"primaryImageOfPage":{"@id":"https:\/\/www.heldenhaushalt.de\/sari02\/index.php\/2026\/09\/01\/30-marmeladenglasmomente-im-august-2026\/#primaryimage"},"image":{"@id":"https:\/\/www.heldenhaushalt.de\/sari02\/index.php\/2026\/09\/01\/30-marmeladenglasmomente-im-august-2026\/#primaryimage"},"thumbnailUrl":"https:\/\/www.heldenhaushalt.de\/sari02\/wp-content\/uploads\/2026\/08\/wib34-08.jpg","datePublished":"2026-09-01T07:00:00+00:00","description":"Ein paar besondere Erinnerungen f\u00fcr unsere Marmeladenglasmomente konnten wir aber auch im August sammeln. Ferien m\u00fcssen ja dennoch...","breadcrumb":{"@id":"https:\/\/www.heldenhaushalt.de\/sari02\/index.php\/2026\/09\/01\/30-marmeladenglasmomente-im-august-2026\/#breadcrumb"},"inLanguage":"de","potentialAction":[{"@type":"ReadAction","target":["https:\/\/www.heldenhaushalt.de\/sari02\/index.php\/2026\/09\/01\/30-marmeladenglasmomente-im-august-2026\/"]}]},{"@type":"ImageObject","inLanguage":"de","@id":"https:\/\/www.heldenhaushalt.de\/sari02\/index.php\/2026\/09\/01\/30-marmeladenglasmomente-im-august-2026\/#primaryimage","url":"https:\/\/www.heldenhaushalt.de\/sari02\/wp-content\/uploads\/2026\/08\/wib34-08.jpg","contentUrl":"https:\/\/www.heldenhaushalt.de\/sari02\/wp-content\/uploads\/2026\/08\/wib34-08.jpg","width":1000,"height":752},{"@type":"BreadcrumbList","@id":"https:\/\/www.heldenhaushalt.de\/sari02\/index.php\/2026\/09\/01\/30-marmeladenglasmomente-im-august-2026\/#breadcrumb","itemListElement":[{"@type":"ListItem","position":1,"name":"Startseite","item":"https:\/\/www.heldenhaushalt.de\/sari02\/"},{"@type":"ListItem","position":2,"name":"30 Marmeladenglasmomente im August 2026"}]},{"@type":"WebSite","@id":"https:\/\/www.heldenhaushalt.de\/sari02\/#website","url":"https:\/\/www.heldenhaushalt.de\/sari02\/","name":"Heldenhaushalt","description":"Wer es ordentlich haben will, der muss vorher anrufen","publisher":{"@id":"https:\/\/www.heldenhaushalt.de\/sari02\/#\/schema\/person\/a1cc69f42a01f412eb62c151353814f6"},"potentialAction":[{"@type":"SearchAction","target":{"@type":"EntryPoint","urlTemplate":"https:\/\/www.heldenhaushalt.de\/sari02\/?s={search_term_string}"},"query-input":{"@type":"PropertyValueSpecification","valueRequired":true,"valueName":"search_term_string"}}],"inLanguage":"de"},{"@type":["Person","Organization"],"@id":"https:\/\/www.heldenhaushalt.de\/sari02\/#\/schema\/person\/a1cc69f42a01f412eb62c151353814f6","name":"Sari","image":{"@type":"ImageObject","inLanguage":"de","@id":"https:\/\/www.heldenhaushalt.de\/sari02\/wp-content\/uploads\/2019\/02\/sari-april2018.png","url":"https:\/\/www.heldenhaushalt.de\/sari02\/wp-content\/uploads\/2019\/02\/sari-april2018.png","contentUrl":"https:\/\/www.heldenhaushalt.de\/sari02\/wp-content\/uploads\/2019\/02\/sari-april2018.png","width":500,"height":500,"caption":"Sari"},"logo":{"@id":"https:\/\/www.heldenhaushalt.de\/sari02\/wp-content\/uploads\/2019\/02\/sari-april2018.png"},"description":"Frau Mondgras \u2013 Das bin ich, Sari. Gerne auch als Sari Mondgras bekannt und im Internet zu finden. 2-Fach-Mutter, Heldenehefrau, Kreativling, Harmonies\u00fcchtig und st\u00e4ndig auf der Suche nach Gl\u00fcck. Ich komme aus Berlin, bin hier aufgewachsen und lebe hier seit ich denken kann.","sameAs":["https:\/\/www.instagram.com\/heldenhaushalt\/"],"url":"https:\/\/www.heldenhaushalt.de\/sari02\/index.php\/author\/admin\/"}]}},"views":34,"_links":{"self":[{"href":"https:\/\/www.heldenhaushalt.de\/sari02\/index.php\/wp-json\/wp\/v2\/posts\/72003","targetHints":{"allow":["GET"]}}],"collection":[{"href":"https:\/\/www.heldenhaushalt.de\/sari02\/index.php\/wp-json\/wp\/v2\/posts"}],"about":[{"href":"https:\/\/www.heldenhaushalt.de\/sari02\/index.php\/wp-json\/wp\/v2\/types\/post"}],"author":[{"embeddable":true,"href":"https:\/\/www.heldenhaushalt.de\/sari02\/index.php\/wp-json\/wp\/v2\/users\/1"}],"replies":[{"embeddable":true,"href":"https:\/\/www.heldenhaushalt.de\/sari02\/index.php\/wp-json\/wp\/v2\/comments?post=72003"}],"version-history":[{"count":1,"href":"https:\/\/www.heldenhaushalt.de\/sari02\/index.php\/wp-json\/wp\/v2\/posts\/72003\/revisions"}],"predecessor-version":[{"id":72007,"href":"https:\/\/www.heldenhaushalt.de\/sari02\/index.php\/wp-json\/wp\/v2\/posts\/72003\/revisions\/72007"}],"wp:featuredmedia":[{"embeddable":true,"href":"https:\/\/www.heldenhaushalt.de\/sari02\/index.php\/wp-json\/wp\/v2\/media\/71964"}],"wp:attachment":[{"href":"https:\/\/www.heldenhaushalt.de\/sari02\/index.php\/wp-json\/wp\/v2\/media?parent=72003"}],"wp:term":[{"taxonomy":"category","embeddable":true,"href":"https:\/\/www.heldenhaushalt.de\/sari02\/index.php\/wp-json\/wp\/v2\/categories?post=72003"},{"taxonomy":"post_tag","embeddable":true,"href":"https:\/\/www.heldenhaushalt.de\/sari02\/index.php\/wp-json\/wp\/v2\/tags?post=72003"}],"curies":[{"name":"wp","href":"https:\/\/api.w.org\/{rel}","templated":true}]}}