{"id":72039,"date":"2026-09-03T09:00:00","date_gmt":"2026-09-03T07:00:00","guid":{"rendered":"https:\/\/www.heldenhaushalt.de\/sari02\/?p=72039"},"modified":"2026-09-02T10:29:36","modified_gmt":"2026-09-02T08:29:36","slug":"das-lebens-abc-w-wie-winter","status":"publish","type":"post","link":"https:\/\/www.heldenhaushalt.de\/sari02\/index.php\/2026\/09\/03\/das-lebens-abc-w-wie-winter\/","title":{"rendered":"Das Lebens ABC &#8211; W wie Winter"},"content":{"rendered":"\n<p class=\"wp-block-paragraph\">Nun habe ich im August tats&#228;chlich mit dem Lebens ABC ausgesetzt, aber wisst ihr was? Es ist mir gar nicht wirklich aufgefallen. Euch? Ist ja auch nicht schlimm. Tats&#228;chlich begleitet es mich jetzt auch schon wieder l&#228;nger als geplant. Eigentlich h&#228;tte ich gedacht, dass wir uns bereits im zweiten Durchgang befinden k&#246;nnten zu diesem Zeitpunkt, aber das macht alles nichts. Ich finde es eigentlich ganz sch&#246;n, wenn uns solche Projekte ein wenig l&#228;nger durch das Jahr f&#252;hren. Heute wollen wir uns also dem n&#228;chsten Buchstaben widmen.<\/p>\n\n\n\n<p class=\"wp-block-paragraph\">Inhaltlich geht es darum zu jedem Buchstaben des Alphabets ein Wort zu finden, das in unserem Leben eine wichtige Rolle spielt und dann dazu ein wenig zu erz&#228;hlen. Die Vielfalt der W&#246;rter erlaubt es uns dabei mehrere \u201cRunden\u201d in diesem Projekt zu drehen. Wer mehr dar&#252;ber wissen m&#246;chte, konnte bei Sven alles Wichtige dazu nachlesen, leider geht die Seite aktuell nicht. So viel zur Einf&#252;hrung, die hier immer gleich ausfallen wird\u00a0<em>lach<\/em>.<\/p>\n\n\n\n\n\n<p class=\"wp-block-paragraph\"><strong>Hier mein bisheriges ABC:<\/strong>\u00a0<a href=\"https:\/\/www.heldenhaushalt.de\/sari02\/index.php\/2024\/09\/19\/das-lebens-abc-a-wie-alltag\/\">A-Alltag<\/a>\u00a0||\u00a0<a href=\"https:\/\/www.heldenhaushalt.de\/sari02\/index.php\/2024\/10\/27\/das-lebens-abc-b-wie-ball\/\">B \u2013 Ball<\/a>\u00a0||\u00a0<a href=\"https:\/\/www.heldenhaushalt.de\/sari02\/index.php\/2024\/11\/20\/das-lebens-abc-c-wie-collaboration\/\">C \u2013 Collaboration<\/a>\u00a0||\u00a0\u00a0<a href=\"https:\/\/www.heldenhaushalt.de\/sari02\/index.php\/2024\/12\/03\/das-lebens-abc-d-wie-disney\/\">D \u2013 Disney<\/a>\u00a0||\u00a0<a href=\"https:\/\/www.heldenhaushalt.de\/sari02\/index.php\/2025\/01\/29\/das-lebens-abc-e-wie-ehrenamt\/\">E \u2013 Ehrenamt<\/a>\u00a0||\u00a0<a href=\"https:\/\/www.heldenhaushalt.de\/sari02\/index.php\/2025\/02\/18\/das-lebens-abc-f-wie-fahrrad\/\">F \u2013 Fahrrad<\/a>\u00a0||\u00a0<a href=\"https:\/\/www.heldenhaushalt.de\/sari02\/index.php\/2025\/04\/01\/das-lebens-abc-g-wie-garten\/\">G \u2013 Garten<\/a>\u00a0||\u00a0<a href=\"https:\/\/www.heldenhaushalt.de\/sari02\/index.php\/2025\/05\/06\/lebens-abc-h-wie-haardrama\/\">H \u2013 Haardrama<\/a>\u00a0||\u00a0<a href=\"https:\/\/www.heldenhaushalt.de\/sari02\/index.php\/2025\/06\/04\/lebens-abc-i-wie-irland\/\">I \u2013 Irland<\/a>\u00a0||\u00a0<a href=\"https:\/\/www.heldenhaushalt.de\/sari02\/index.php\/2025\/07\/02\/lebens-abc-j-wie-jasmin\/\">J \u2013 Jasmin<\/a>\u00a0||\u00a0<a href=\"https:\/\/www.heldenhaushalt.de\/sari02\/index.php\/2025\/08\/28\/das-lebens-abc-k-wie-katzen-mutti\/\">K \u2013 Katzen (-mutti)<\/a>\u00a0||\u00a0<a href=\"https:\/\/www.heldenhaushalt.de\/sari02\/index.php\/2025\/09\/10\/das-lebens-abc-l-wie-laufen\/\">L wie Laufen<\/a>\u00a0||\u00a0<a href=\"https:\/\/www.heldenhaushalt.de\/sari02\/index.php\/2025\/10\/21\/das-lebens-abc-m-wie-mama-sein\/\">M wie Mama (sein)<\/a>\u00a0||\u00a0<a href=\"https:\/\/www.heldenhaushalt.de\/sari02\/index.php\/2025\/11\/11\/lebens-abc-n-wie-natur\/\">N wie Natur<\/a>\u00a0||\u00a0<a href=\"https:\/\/www.heldenhaushalt.de\/sari02\/index.php\/2025\/12\/18\/lebens-abc-o-wie-organisation\/\">O wie Organisation<\/a>\u00a0||\u00a0<a href=\"https:\/\/www.heldenhaushalt.de\/sari02\/index.php\/2026\/01\/24\/lebens-abc-p-wie-paket\/\">P wie Paket<\/a>\u00a0||\u00a0<a href=\"https:\/\/www.heldenhaushalt.de\/sari02\/index.php\/2026\/02\/11\/lebens-abc-q-wie-quatsch\/\">Q wie Quatsch<\/a>\u00a0||\u00a0<a href=\"https:\/\/www.heldenhaushalt.de\/sari02\/index.php\/2026\/03\/18\/lebens-abc-r-wie-reisen\/\">R wie Reisen<\/a>\u00a0||\u00a0<a href=\"https:\/\/www.heldenhaushalt.de\/sari02\/index.php\/2026\/04\/22\/lebens-abc-s-wie-schwester\/\">S wie Schwester<\/a>\u00a0||\u00a0<a href=\"https:\/\/www.heldenhaushalt.de\/sari02\/index.php\/2026\/05\/13\/das-lebens-abc-t-wie-tassen\/\">T wie Tassen<\/a>\u00a0||\u00a0<a href=\"https:\/\/www.heldenhaushalt.de\/sari02\/index.php\/2026\/06\/10\/das-lebens-abc-urlaubsreif\/\">U wie Urlaubsreif<\/a>\u00a0|| <a href=\"https:\/\/www.heldenhaushalt.de\/sari02\/index.php\/2026\/07\/14\/das-lebens-abc-v-wie-verlieren\/\" data-type=\"link\" data-id=\"https:\/\/www.heldenhaushalt.de\/sari02\/index.php\/2026\/07\/14\/das-lebens-abc-v-wie-verlieren\/\">V wie Verlieren<\/a> ||<\/p>\n\n\n\n<h2 class=\"wp-block-heading\">Das Lebens ABC &#8211; W wie Winter<\/h2>\n\n\n\n<p class=\"wp-block-paragraph\">Wie ihr wisst, versuche ich bei diesem Projekt immer nach meiner Intuition zu gehen. Das hei&#223;t im Groben, dass ich in meinem Kopf tats&#228;chlich den Satz anfange mich &#8220;W wieeeee&#8230;&#8230;&#8221; und dann soll sich die L&#252;cke wirklich mit der ersten spontanen Eingebung f&#252;llen. Ich bilde mir ein, dass das Projekt tats&#228;chlich auch genau so gedacht ist. <\/p>\n\n\n\n<p class=\"wp-block-paragraph\">Also sa&#223; ich morgens da, den Laptop vor mir aufgeklappt, die Finger &#252;ber den Tasten schwebend und in meinem Kopf der Satz: W wieee&#8230;..WINTER! Zack, wir k&#246;nnen los schreiben. Meistens zumindest. Manchmal halte ich dann kurz inne und &#252;berlege, ob das wirklich zu mir passt (das ist nicht immer unbedingt der Fall). Ich nehme mir also noch einmal eine Minute, lasse das Wort erst auf meiner Zunge hin und her wandern, dann ein paar Drehungen in meinen Gehirnwindungen vollziehen und dann wird geschaut, ob der Schreibfluss tats&#228;chlich etwas hergibt.<\/p>\n\n\n\n<p class=\"wp-block-paragraph\">W wie Winter ist an sich ein wirklich passendes Wort. Mich bremste allerdings kurz aus, dass wir diese Woche doch Herbstanfang feiern. <strong>Meteorologischer Herbst<\/strong> zumindest und alles in mir ruft Hurraaaaaa! Da kommt es mir irgendwie komisch vor auf einmal schon an den Winter zu denken. Also &#252;berlege ich kurz, welches Wort mir noch dazu einfallen w&#252;rde (w&#228;hrend ich hier gerade schreibe f&#228;llt mir auf, dass WORT auch ein gutes Wort gewesen w&#228;re *lach*). Weihnachten kommt mir in den Sinn und ich sch&#252;ttle das sofort wieder ab. Winter ist noch in der Ferne, da soll die Weihnachtszeit erst recht noch warten bitte. Ich m&#246;chte jetzt erst einmal den Herbst genie&#223;en! (Obwohl wir im Bloghexen-Forum gerade den diesj&#228;hrigen Adventskalender planen&#8230; also irgendwie stecken wir durchaus schon in der Zeit ein wenig drin).<\/p>\n\n\n\n<p class=\"wp-block-paragraph\">Aber nein: Lasst uns &#252;ber den Winter reden und ob und was ich an dieser Jahreszeit m&#246;gen k&#246;nnte. Oder was denkt ihr?<\/p>\n\n\n\n<h2 class=\"wp-block-heading\">Als Kind habe ich den Winter geliebt!<\/h2>\n\n\n\n<p class=\"wp-block-paragraph\">Es gibt nat&#252;rlich verschiedene Dinge, die f&#252;r ein Kind die Winterzeit besonders machen k&#246;nnen. Es gibt Weihnachts- und Winterferien (zumindest hier in Berlin), die Adventszeit steht an, Nikolaus und Weihnachten, Geschenke und viele sch&#246;ne Lichter &#252;berall. Kekse backen, warmer Kakao, Weihnachtsfilme&#8230; irgendwie h&#228;tten wir wohl doch &#252;ber die Weihnachtszeit schreiben k&#246;nnen, oder?<\/p>\n\n\n\n<figure class=\"wp-block-image size-full\"><a href=\"https:\/\/www.heldenhaushalt.de\/sari02\/wp-content\/uploads\/2026\/01\/wib01-10.jpg\"><img loading=\"lazy\" decoding=\"async\" width=\"1000\" height=\"700\" src=\"https:\/\/www.heldenhaushalt.de\/sari02\/wp-content\/uploads\/2026\/01\/wib01-10.jpg\" alt=\"Winter\" class=\"wp-image-66293\" srcset=\"https:\/\/www.heldenhaushalt.de\/sari02\/wp-content\/uploads\/2026\/01\/wib01-10.jpg 1000w, https:\/\/www.heldenhaushalt.de\/sari02\/wp-content\/uploads\/2026\/01\/wib01-10-300x210.jpg 300w, https:\/\/www.heldenhaushalt.de\/sari02\/wp-content\/uploads\/2026\/01\/wib01-10-768x538.jpg 768w, https:\/\/www.heldenhaushalt.de\/sari02\/wp-content\/uploads\/2026\/01\/wib01-10-86x60.jpg 86w\" sizes=\"auto, (max-width: 1000px) 100vw, 1000px\" \/><\/a><figcaption class=\"wp-element-caption\">Hallo Winter!<\/figcaption><\/figure>\n\n\n\n<p class=\"wp-block-paragraph\">Aber der Winter geht ja l&#228;nger als nur bis &#252;ber die Weihnachtszeit. Es folgen Januar und Februar. Winterferien, Halbjahreszeugnisse.. als Kind war das alles irgendwie noch sch&#246;n und aufregend. Auch hatte ich als Kind noch einen richtigen Winter mit Schnee &#252;ber mehrere Wochen hinweg. Vielen gro&#223;en Schneem&#228;nnern, eingeschneiten Stra&#223;en, Schlitten fahren und mehr. So ein richtiger Winter war als Kind grandios. Heute ist er eher hinderlich, weil er ganz sch&#246;n ausbremst im Alltag. Zumindest war das dieses Jahr im Februar so. Wobei es auch nicht einfach irgendwie Schnee war. Es waren ja gigantische Eisfl&#228;chen, die einfach nur gef&#228;hrlich waren und uns regelrecht zu Hause eingeschlossen hatten. Es f&#252;hlte sich ja stellenweise an, als ob wir wieder wie zu Corona-Zeiten das Haus nicht verlassen durften. Das war auf Dauer auch ganz sch&#246;n zerm&#252;rbend.<\/p>\n\n\n\n<h2 class=\"wp-block-heading\">Der Winter hat halt zwei Seiten<\/h2>\n\n\n\n<p class=\"wp-block-paragraph\">Wenn die dicken Schneeflocken vom Himmel fallen und alles mit dieser glitzernden wei&#223;en Decke zugedeckt ist. Das hat schon was. Wenn dazu dann noh die Sonne scheint und blauer Himmel ist, das sieht einfach toll aus und es macht Spa&#223; durch diese wei&#223;en Landschaften zu wandern. Aber Winter kann eben auch nass und kalt und dunkel sein.<\/p>\n\n\n\n<p class=\"wp-block-paragraph\">Vor allem dunkel. Und das merken wir auf Dauer dann. Je l&#228;nger der Winter dauert, desto schlechter wird unsere Laune und es f&#252;hlt sich an, als ob ein Vampir uns all unsere Energie aussaugen w&#252;rde. Nervig.<\/p>\n\n\n\n<p class=\"wp-block-paragraph\">Einerseits haben wir &#252;berall die sch&#246;nen Lichterketten und die Atmosph&#228;re ist eine ganze besondere und gleichzeitig verlassen wir morgens im Dunkeln das Haus und kommen im Dunkeln wieder nach Hause. Und am Schwestern f&#228;llt uns wohl das Aufstehen am Morgen. Als ob es noch mitten in der Nacht w&#228;re.<\/p>\n\n\n\n<h2 class=\"wp-block-heading\">Dennoch f&#252;hle ich mich im Winter wohler in meiner Haut<\/h2>\n\n\n\n<p class=\"wp-block-paragraph\">Es ist verr&#252;ckt. Eigentlich friert man die ganze Zeit, man ist m&#252;de und ausgelaugt. Gerade zum Jahresende hin sp&#252;rt man das ja immer extrem. Und dennoch f&#252;hle ich mich deutlich wohler als im Sommer. Ich merke das ja jetzt schon, wo das Wetter sich mehr und mehr von den dr&#252;ckend warmen Temperaturen verabschiedet. Wir sind zwar immer noch stellenweise bei &#252;ber 20 Grad und manchmal wei&#223; man wirklich gar nicht, was man anziehen soll&#8230; dennoch f&#252;hlt sich alles weniger aufgequollen an, das Selbstbewusstsein kehrt ein wenig zur&#252;ck und die Selbstwahrnehmung nimmt wieder ges&#252;ndere Z&#252;ge an.<\/p>\n\n\n\n<p class=\"wp-block-paragraph\">Nat&#252;rlich liegt es auch daran, dass ich nicht mehr st&#228;ndig nur am schwitzen bin und meine Wohlf&#252;hlklamotten anziehen kann, aber man bekommt einfach auch viel besser Luft. Geht euch das auch so. Ich muss gestehen, dass ich es liebe mich in den dicken Wintermantel zu kuscheln und mir einen &#252;bergro&#223;en pl&#252;schigen Schal um den Hals zu wickeln, mich unter dicken M&#252;tzen zu verstecken und die Dinge, die mich sonst so an mir nerven ohne Probleme kaschieren zu k&#246;nnen.<\/p>\n\n\n\n<p class=\"wp-block-paragraph\">Auch das Potential f&#252;r Kopfschmerzen ist im Winter deutlich niedriger f&#252;r mich. Darunter leide ich im Sommer nicht oft und auch wenn die Jahreszeiten wechseln. Wetterf&#252;hlig ohne Ende mit Potential zu Migr&#228;neanf&#228;llen. Also im Grunde k&#246;nnte f&#252;r mich immer Herbst und Winter herrschen, mit etwas weniger Regen und deutlich mehr Licht. Dann w&#228;re ich gl&#252;cklich.<\/p>\n\n\n\n<p class=\"wp-block-paragraph\">Naja und Adventszeit und Lichterglanz sind nat&#252;rlich nur ein kleines I-T&#252;pfelchen oben drauf. Meist kann ich Januar und Februar auch gut nutzen, um meine Motivation in Gang zu halten. Das klappt da in der Regel besser, als im Sommer. Zumindest so lange, bis eben der Lagerkoller ausbricht&#8230; aber so hat am Ende wohl auch wiederum jede Jahreszeit ihre Vor- und Nachteile, nicht wahr?<\/p>\n\n\n\n<p class=\"wp-block-paragraph\"><\/p>\n","protected":false},"excerpt":{"rendered":"<p>Nun habe ich im August tats&#228;chlich mit dem Lebens ABC ausgesetzt, aber wisst ihr was? Es ist mir gar nicht wirklich aufgefallen. Euch? Ist ja auch nicht schlimm. Tats&#228;chlich begleitet es mich jetzt auch schon wieder l&#228;nger als geplant. Eigentlich h&#228;tte ich gedacht, dass wir uns bereits im zweiten Durchgang befinden k&#246;nnten zu diesem Zeitpunkt, aber das macht alles nichts. Ich finde es eigentlich ganz sch&#246;n, wenn uns solche Projekte ein wenig l&#228;nger durch das Jahr f&#252;hren. Heute wollen wir uns also dem n&#228;chsten Buchstaben widmen. Inhaltlich geht es darum zu jedem Buchstaben des Alphabets ein Wort zu finden, das in unserem Leben eine wichtige Rolle spielt und dann dazu ein wenig zu erz&#228;hlen. Die Vielfalt der W&#246;rter erlaubt es uns dabei mehrere \u201cRunden\u201d in diesem Projekt zu drehen. Wer mehr dar&#252;ber wissen m&#246;chte, konnte bei Sven alles Wichtige dazu nachlesen, leider geht die Seite aktuell nicht. So viel zur Einf&#252;hrung, die hier immer gleich ausfallen wird\u00a0lach. Hier mein bisheriges ABC:\u00a0A-Alltag\u00a0||\u00a0B \u2013 Ball\u00a0||\u00a0C \u2013 Collaboration\u00a0||\u00a0\u00a0D \u2013 Disney\u00a0||\u00a0E \u2013 Ehrenamt\u00a0||\u00a0F \u2013 Fahrrad\u00a0||\u00a0G \u2013 Garten\u00a0||\u00a0H \u2013 Haardrama\u00a0||\u00a0I \u2013 Irland\u00a0||\u00a0J \u2013 Jasmin\u00a0||\u00a0K \u2013 Katzen (-mutti)\u00a0||\u00a0L wie Laufen\u00a0||\u00a0M wie Mama (sein)\u00a0||\u00a0N wie Natur\u00a0||\u00a0O wie Organisation\u00a0||\u00a0P wie Paket\u00a0||\u00a0Q wie Quatsch\u00a0||\u00a0R wie Reisen\u00a0||\u00a0S wie Schwester\u00a0||\u00a0T wie Tassen\u00a0||\u00a0U wie Urlaubsreif\u00a0|| V wie Verlieren || Das Lebens ABC &#8211; W wie Winter Wie ihr wisst, versuche ich bei diesem Projekt immer nach meiner Intuition zu gehen. Das hei&#223;t im Groben, dass ich in meinem Kopf tats&#228;chlich den Satz anfange mich &#8220;W wieeeee&#8230;&#8230;&#8221; und dann soll sich die L&#252;cke wirklich mit der ersten spontanen Eingebung f&#252;llen. Ich bilde mir ein, dass das Projekt tats&#228;chlich auch genau so gedacht ist. Also sa&#223; ich morgens da, den Laptop vor mir aufgeklappt, die Finger &#252;ber den Tasten schwebend und in meinem Kopf der Satz: W wieee&#8230;..WINTER! Zack, wir k&#246;nnen los schreiben. Meistens zumindest. Manchmal halte ich dann kurz inne und &#252;berlege, ob das wirklich zu mir passt (das ist nicht immer unbedingt der Fall). Ich nehme mir also noch einmal eine Minute, lasse das Wort erst auf meiner Zunge hin und her wandern, dann ein paar Drehungen in meinen Gehirnwindungen vollziehen und dann wird geschaut, ob der Schreibfluss tats&#228;chlich etwas hergibt. W wie Winter ist an sich ein wirklich passendes Wort. Mich bremste allerdings kurz aus, dass wir diese Woche doch Herbstanfang feiern. Meteorologischer Herbst zumindest und alles in mir ruft Hurraaaaaa! Da kommt es mir irgendwie komisch vor auf einmal schon an den Winter zu denken. Also &#252;berlege ich kurz, welches Wort mir noch dazu einfallen w&#252;rde (w&#228;hrend ich hier gerade schreibe f&#228;llt mir auf, dass WORT auch ein gutes Wort gewesen w&#228;re *lach*). Weihnachten kommt mir in den Sinn und ich sch&#252;ttle das sofort wieder ab. Winter ist noch in der Ferne, da soll die Weihnachtszeit erst recht noch warten bitte. Ich m&#246;chte jetzt erst einmal den Herbst genie&#223;en! (Obwohl wir im Bloghexen-Forum gerade den diesj&#228;hrigen Adventskalender planen&#8230; also irgendwie stecken wir durchaus schon in der Zeit ein wenig drin). Aber nein: Lasst uns &#252;ber den Winter reden und ob und was ich an dieser Jahreszeit m&#246;gen k&#246;nnte. Oder was denkt ihr? Als Kind habe ich den Winter geliebt! Es gibt nat&#252;rlich verschiedene Dinge, die f&#252;r ein Kind die Winterzeit besonders machen k&#246;nnen. Es gibt Weihnachts- und Winterferien (zumindest hier in Berlin), die Adventszeit steht an, Nikolaus und Weihnachten, Geschenke und viele sch&#246;ne Lichter &#252;berall. Kekse backen, warmer Kakao, Weihnachtsfilme&#8230; irgendwie h&#228;tten wir wohl doch &#252;ber die Weihnachtszeit schreiben k&#246;nnen, oder? Aber der Winter geht ja l&#228;nger als nur bis &#252;ber die Weihnachtszeit. Es folgen Januar und Februar. Winterferien, Halbjahreszeugnisse.. als Kind war das alles irgendwie noch sch&#246;n und aufregend. Auch hatte ich als Kind noch einen richtigen Winter mit Schnee &#252;ber mehrere Wochen hinweg. Vielen gro&#223;en Schneem&#228;nnern, eingeschneiten Stra&#223;en, Schlitten fahren und mehr. So ein richtiger Winter war als Kind grandios. Heute ist er eher hinderlich, weil er ganz sch&#246;n ausbremst im Alltag. Zumindest war das dieses Jahr im Februar so. Wobei es auch nicht einfach irgendwie Schnee war. Es waren ja gigantische Eisfl&#228;chen, die einfach nur gef&#228;hrlich waren und uns regelrecht zu Hause eingeschlossen hatten. Es f&#252;hlte sich ja stellenweise an, als ob wir wieder wie zu Corona-Zeiten das Haus nicht verlassen durften. Das war auf Dauer auch ganz sch&#246;n zerm&#252;rbend. Der Winter hat halt zwei Seiten Wenn die dicken Schneeflocken vom Himmel fallen und alles mit dieser glitzernden wei&#223;en Decke zugedeckt ist. Das hat schon was. Wenn dazu dann noh die Sonne scheint und blauer Himmel ist, das sieht einfach toll aus und es macht Spa&#223; durch diese wei&#223;en Landschaften zu wandern. Aber Winter kann eben auch nass und kalt und dunkel sein. Vor allem dunkel. Und das merken wir auf Dauer dann. Je l&#228;nger der Winter dauert, desto schlechter wird unsere Laune und es f&#252;hlt sich an, als ob ein Vampir uns all unsere Energie aussaugen w&#252;rde. Nervig. Einerseits haben wir &#252;berall die sch&#246;nen Lichterketten und die Atmosph&#228;re ist eine ganze besondere und gleichzeitig verlassen wir morgens im Dunkeln das Haus und kommen im Dunkeln wieder nach Hause. Und am Schwestern f&#228;llt uns wohl das Aufstehen am Morgen. Als ob es noch mitten in der Nacht w&#228;re. Dennoch f&#252;hle ich mich im Winter wohler in meiner Haut Es ist verr&#252;ckt. Eigentlich friert man die ganze Zeit, man ist m&#252;de und ausgelaugt. Gerade zum Jahresende hin sp&#252;rt man das ja immer extrem. Und dennoch f&#252;hle ich mich deutlich wohler als im Sommer. Ich merke das ja jetzt schon, wo das Wetter sich mehr und mehr von den dr&#252;ckend warmen Temperaturen verabschiedet. Wir sind zwar immer noch stellenweise bei &#252;ber 20 Grad und manchmal wei&#223; man wirklich gar nicht, was man anziehen soll&#8230; dennoch f&#252;hlt sich alles weniger aufgequollen an, das Selbstbewusstsein kehrt ein wenig zur&#252;ck und die Selbstwahrnehmung nimmt wieder ges&#252;ndere Z&#252;ge an. Nat&#252;rlich liegt es auch daran, dass ich nicht mehr st&#228;ndig nur am schwitzen bin und meine Wohlf&#252;hlklamotten anziehen kann, aber man bekommt einfach auch viel besser Luft. Geht euch das auch so. Ich muss gestehen, dass ich es liebe mich in den dicken Wintermantel zu kuscheln und mir einen &#252;bergro&#223;en pl&#252;schigen Schal um den Hals zu wickeln, mich unter dicken M&#252;tzen zu verstecken und die Dinge, die mich sonst so an mir nerven ohne Probleme kaschieren zu k&#246;nnen. Auch das Potential f&#252;r Kopfschmerzen ist im Winter deutlich niedriger f&#252;r mich. Darunter leide ich im Sommer nicht oft und auch wenn die Jahreszeiten wechseln. Wetterf&#252;hlig ohne Ende mit Potential zu Migr&#228;neanf&#228;llen. Also im Grunde k&#246;nnte f&#252;r mich immer Herbst und Winter herrschen, mit etwas weniger Regen und deutlich mehr Licht. Dann w&#228;re ich gl&#252;cklich. Naja und Adventszeit und Lichterglanz sind nat&#252;rlich nur ein kleines I-T&#252;pfelchen oben drauf. Meist kann ich Januar und Februar auch gut nutzen, um meine Motivation in Gang zu halten. Das klappt da in der Regel besser, als im Sommer. Zumindest so lange, bis eben der Lagerkoller ausbricht&#8230; aber so hat am Ende wohl auch wiederum jede Jahreszeit ihre Vor- und Nachteile, nicht wahr?<\/p>\n","protected":false},"author":1,"featured_media":61991,"comment_status":"open","ping_status":"open","sticky":false,"template":"","format":"standard","meta":{"ngg_post_thumbnail":0,"footnotes":""},"categories":[49],"tags":[3800,550],"class_list":["post-72039","post","type-post","status-publish","format-standard","has-post-thumbnail","hentry","category-blogspaehre","tag-lebens-abc-2","tag-winter"],"yoast_head":"<!-- This site is optimized with the Yoast SEO plugin v28.4 - https:\/\/yoast.com\/product\/yoast-seo-wordpress\/ -->\n<title>Das Lebens ABC - W wie Winter - Heldenhaushalt<\/title>\n<meta name=\"description\" content=\"Nun habe ich im August tats\u00e4chlich mit dem Lebens ABC ausgesetzt, aber wisst ihr was? Es ist mir gar nicht wirklich aufgefallen. Euch?\" \/>\n<meta name=\"robots\" content=\"index, follow, max-snippet:-1, max-image-preview:large, max-video-preview:-1\" \/>\n<link rel=\"canonical\" href=\"https:\/\/www.heldenhaushalt.de\/sari02\/index.php\/2026\/09\/03\/das-lebens-abc-w-wie-winter\/\" \/>\n<meta property=\"og:locale\" content=\"de_DE\" \/>\n<meta property=\"og:type\" content=\"article\" \/>\n<meta property=\"og:title\" content=\"Das Lebens ABC - W wie Winter - Heldenhaushalt\" \/>\n<meta property=\"og:description\" content=\"Nun habe ich im August tats\u00e4chlich mit dem Lebens ABC ausgesetzt, aber wisst ihr was? Es ist mir gar nicht wirklich aufgefallen. Euch?\" \/>\n<meta property=\"og:url\" content=\"https:\/\/www.heldenhaushalt.de\/sari02\/index.php\/2026\/09\/03\/das-lebens-abc-w-wie-winter\/\" \/>\n<meta property=\"og:site_name\" content=\"Heldenhaushalt\" \/>\n<meta property=\"article:published_time\" content=\"2026-09-03T07:00:00+00:00\" \/>\n<meta property=\"og:image\" content=\"https:\/\/www.heldenhaushalt.de\/sari02\/wp-content\/uploads\/2024\/09\/lebensabc.jpg\" \/>\n\t<meta property=\"og:image:width\" content=\"1000\" \/>\n\t<meta property=\"og:image:height\" content=\"734\" \/>\n\t<meta property=\"og:image:type\" content=\"image\/jpeg\" \/>\n<meta name=\"author\" content=\"Sari\" \/>\n<meta name=\"twitter:card\" content=\"summary_large_image\" \/>\n<meta name=\"twitter:creator\" content=\"@Heldenhaushalt\" \/>\n<meta name=\"twitter:site\" content=\"@Heldenhaushalt\" \/>\n<meta name=\"twitter:label1\" content=\"Verfasst von\" \/>\n\t<meta name=\"twitter:data1\" content=\"Sari\" \/>\n\t<meta name=\"twitter:label2\" content=\"Gesch\u00e4tzte Lesezeit\" \/>\n\t<meta name=\"twitter:data2\" content=\"8\u00a0Minuten\" \/>\n<script type=\"application\/ld+json\" class=\"yoast-schema-graph\">{\"@context\":\"https:\\\/\\\/schema.org\",\"@graph\":[{\"@type\":\"Article\",\"@id\":\"https:\\\/\\\/www.heldenhaushalt.de\\\/sari02\\\/index.php\\\/2026\\\/09\\\/03\\\/das-lebens-abc-w-wie-winter\\\/#article\",\"isPartOf\":{\"@id\":\"https:\\\/\\\/www.heldenhaushalt.de\\\/sari02\\\/index.php\\\/2026\\\/09\\\/03\\\/das-lebens-abc-w-wie-winter\\\/\"},\"author\":{\"name\":\"Sari\",\"@id\":\"https:\\\/\\\/www.heldenhaushalt.de\\\/sari02\\\/#\\\/schema\\\/person\\\/a1cc69f42a01f412eb62c151353814f6\"},\"headline\":\"Das Lebens ABC &#8211; W wie Winter\",\"datePublished\":\"2026-09-03T07:00:00+00:00\",\"mainEntityOfPage\":{\"@id\":\"https:\\\/\\\/www.heldenhaushalt.de\\\/sari02\\\/index.php\\\/2026\\\/09\\\/03\\\/das-lebens-abc-w-wie-winter\\\/\"},\"wordCount\":1257,\"commentCount\":0,\"publisher\":{\"@id\":\"https:\\\/\\\/www.heldenhaushalt.de\\\/sari02\\\/#\\\/schema\\\/person\\\/a1cc69f42a01f412eb62c151353814f6\"},\"image\":{\"@id\":\"https:\\\/\\\/www.heldenhaushalt.de\\\/sari02\\\/index.php\\\/2026\\\/09\\\/03\\\/das-lebens-abc-w-wie-winter\\\/#primaryimage\"},\"thumbnailUrl\":\"https:\\\/\\\/www.heldenhaushalt.de\\\/sari02\\\/wp-content\\\/uploads\\\/2024\\\/09\\\/lebensabc.jpg\",\"keywords\":[\"Lebens ABC\",\"Winter\"],\"articleSection\":[\"Blogsph\u00e4re\"],\"inLanguage\":\"de\",\"potentialAction\":[{\"@type\":\"CommentAction\",\"name\":\"Comment\",\"target\":[\"https:\\\/\\\/www.heldenhaushalt.de\\\/sari02\\\/index.php\\\/2026\\\/09\\\/03\\\/das-lebens-abc-w-wie-winter\\\/#respond\"]}]},{\"@type\":\"WebPage\",\"@id\":\"https:\\\/\\\/www.heldenhaushalt.de\\\/sari02\\\/index.php\\\/2026\\\/09\\\/03\\\/das-lebens-abc-w-wie-winter\\\/\",\"url\":\"https:\\\/\\\/www.heldenhaushalt.de\\\/sari02\\\/index.php\\\/2026\\\/09\\\/03\\\/das-lebens-abc-w-wie-winter\\\/\",\"name\":\"Das Lebens ABC - W wie Winter - Heldenhaushalt\",\"isPartOf\":{\"@id\":\"https:\\\/\\\/www.heldenhaushalt.de\\\/sari02\\\/#website\"},\"primaryImageOfPage\":{\"@id\":\"https:\\\/\\\/www.heldenhaushalt.de\\\/sari02\\\/index.php\\\/2026\\\/09\\\/03\\\/das-lebens-abc-w-wie-winter\\\/#primaryimage\"},\"image\":{\"@id\":\"https:\\\/\\\/www.heldenhaushalt.de\\\/sari02\\\/index.php\\\/2026\\\/09\\\/03\\\/das-lebens-abc-w-wie-winter\\\/#primaryimage\"},\"thumbnailUrl\":\"https:\\\/\\\/www.heldenhaushalt.de\\\/sari02\\\/wp-content\\\/uploads\\\/2024\\\/09\\\/lebensabc.jpg\",\"datePublished\":\"2026-09-03T07:00:00+00:00\",\"description\":\"Nun habe ich im August tats\u00e4chlich mit dem Lebens ABC ausgesetzt, aber wisst ihr was? Es ist mir gar nicht wirklich aufgefallen. Euch?\",\"breadcrumb\":{\"@id\":\"https:\\\/\\\/www.heldenhaushalt.de\\\/sari02\\\/index.php\\\/2026\\\/09\\\/03\\\/das-lebens-abc-w-wie-winter\\\/#breadcrumb\"},\"inLanguage\":\"de\",\"potentialAction\":[{\"@type\":\"ReadAction\",\"target\":[\"https:\\\/\\\/www.heldenhaushalt.de\\\/sari02\\\/index.php\\\/2026\\\/09\\\/03\\\/das-lebens-abc-w-wie-winter\\\/\"]}]},{\"@type\":\"ImageObject\",\"inLanguage\":\"de\",\"@id\":\"https:\\\/\\\/www.heldenhaushalt.de\\\/sari02\\\/index.php\\\/2026\\\/09\\\/03\\\/das-lebens-abc-w-wie-winter\\\/#primaryimage\",\"url\":\"https:\\\/\\\/www.heldenhaushalt.de\\\/sari02\\\/wp-content\\\/uploads\\\/2024\\\/09\\\/lebensabc.jpg\",\"contentUrl\":\"https:\\\/\\\/www.heldenhaushalt.de\\\/sari02\\\/wp-content\\\/uploads\\\/2024\\\/09\\\/lebensabc.jpg\",\"width\":1000,\"height\":734,\"caption\":\"Lebens ABC\"},{\"@type\":\"BreadcrumbList\",\"@id\":\"https:\\\/\\\/www.heldenhaushalt.de\\\/sari02\\\/index.php\\\/2026\\\/09\\\/03\\\/das-lebens-abc-w-wie-winter\\\/#breadcrumb\",\"itemListElement\":[{\"@type\":\"ListItem\",\"position\":1,\"name\":\"Startseite\",\"item\":\"https:\\\/\\\/www.heldenhaushalt.de\\\/sari02\\\/\"},{\"@type\":\"ListItem\",\"position\":2,\"name\":\"Das Lebens ABC &#8211; W wie Winter\"}]},{\"@type\":\"WebSite\",\"@id\":\"https:\\\/\\\/www.heldenhaushalt.de\\\/sari02\\\/#website\",\"url\":\"https:\\\/\\\/www.heldenhaushalt.de\\\/sari02\\\/\",\"name\":\"Heldenhaushalt\",\"description\":\"Wer es ordentlich haben will, der muss vorher anrufen\",\"publisher\":{\"@id\":\"https:\\\/\\\/www.heldenhaushalt.de\\\/sari02\\\/#\\\/schema\\\/person\\\/a1cc69f42a01f412eb62c151353814f6\"},\"potentialAction\":[{\"@type\":\"SearchAction\",\"target\":{\"@type\":\"EntryPoint\",\"urlTemplate\":\"https:\\\/\\\/www.heldenhaushalt.de\\\/sari02\\\/?s={search_term_string}\"},\"query-input\":{\"@type\":\"PropertyValueSpecification\",\"valueRequired\":true,\"valueName\":\"search_term_string\"}}],\"inLanguage\":\"de\"},{\"@type\":[\"Person\",\"Organization\"],\"@id\":\"https:\\\/\\\/www.heldenhaushalt.de\\\/sari02\\\/#\\\/schema\\\/person\\\/a1cc69f42a01f412eb62c151353814f6\",\"name\":\"Sari\",\"image\":{\"@type\":\"ImageObject\",\"inLanguage\":\"de\",\"@id\":\"https:\\\/\\\/www.heldenhaushalt.de\\\/sari02\\\/wp-content\\\/uploads\\\/2019\\\/02\\\/sari-april2018.png\",\"url\":\"https:\\\/\\\/www.heldenhaushalt.de\\\/sari02\\\/wp-content\\\/uploads\\\/2019\\\/02\\\/sari-april2018.png\",\"contentUrl\":\"https:\\\/\\\/www.heldenhaushalt.de\\\/sari02\\\/wp-content\\\/uploads\\\/2019\\\/02\\\/sari-april2018.png\",\"width\":500,\"height\":500,\"caption\":\"Sari\"},\"logo\":{\"@id\":\"https:\\\/\\\/www.heldenhaushalt.de\\\/sari02\\\/wp-content\\\/uploads\\\/2019\\\/02\\\/sari-april2018.png\"},\"description\":\"Frau Mondgras \u2013 Das bin ich, Sari. Gerne auch als Sari Mondgras bekannt und im Internet zu finden. 2-Fach-Mutter, Heldenehefrau, Kreativling, Harmonies\u00fcchtig und st\u00e4ndig auf der Suche nach Gl\u00fcck. Ich komme aus Berlin, bin hier aufgewachsen und lebe hier seit ich denken kann.\",\"sameAs\":[\"https:\\\/\\\/www.instagram.com\\\/heldenhaushalt\\\/\"],\"url\":\"https:\\\/\\\/www.heldenhaushalt.de\\\/sari02\\\/index.php\\\/author\\\/admin\\\/\"}]}<\/script>\n<!-- \/ Yoast SEO plugin. -->","yoast_head_json":{"title":"Das Lebens ABC - W wie Winter - Heldenhaushalt","description":"Nun habe ich im August tats\u00e4chlich mit dem Lebens ABC ausgesetzt, aber wisst ihr was? Es ist mir gar nicht wirklich aufgefallen. Euch?","robots":{"index":"index","follow":"follow","max-snippet":"max-snippet:-1","max-image-preview":"max-image-preview:large","max-video-preview":"max-video-preview:-1"},"canonical":"https:\/\/www.heldenhaushalt.de\/sari02\/index.php\/2026\/09\/03\/das-lebens-abc-w-wie-winter\/","og_locale":"de_DE","og_type":"article","og_title":"Das Lebens ABC - W wie Winter - Heldenhaushalt","og_description":"Nun habe ich im August tats\u00e4chlich mit dem Lebens ABC ausgesetzt, aber wisst ihr was? Es ist mir gar nicht wirklich aufgefallen. Euch?","og_url":"https:\/\/www.heldenhaushalt.de\/sari02\/index.php\/2026\/09\/03\/das-lebens-abc-w-wie-winter\/","og_site_name":"Heldenhaushalt","article_published_time":"2026-09-03T07:00:00+00:00","og_image":[{"width":1000,"height":734,"url":"https:\/\/www.heldenhaushalt.de\/sari02\/wp-content\/uploads\/2024\/09\/lebensabc.jpg","type":"image\/jpeg"}],"author":"Sari","twitter_card":"summary_large_image","twitter_creator":"@Heldenhaushalt","twitter_site":"@Heldenhaushalt","twitter_misc":{"Verfasst von":"Sari","Gesch\u00e4tzte Lesezeit":"8\u00a0Minuten"},"schema":{"@context":"https:\/\/schema.org","@graph":[{"@type":"Article","@id":"https:\/\/www.heldenhaushalt.de\/sari02\/index.php\/2026\/09\/03\/das-lebens-abc-w-wie-winter\/#article","isPartOf":{"@id":"https:\/\/www.heldenhaushalt.de\/sari02\/index.php\/2026\/09\/03\/das-lebens-abc-w-wie-winter\/"},"author":{"name":"Sari","@id":"https:\/\/www.heldenhaushalt.de\/sari02\/#\/schema\/person\/a1cc69f42a01f412eb62c151353814f6"},"headline":"Das Lebens ABC &#8211; W wie Winter","datePublished":"2026-09-03T07:00:00+00:00","mainEntityOfPage":{"@id":"https:\/\/www.heldenhaushalt.de\/sari02\/index.php\/2026\/09\/03\/das-lebens-abc-w-wie-winter\/"},"wordCount":1257,"commentCount":0,"publisher":{"@id":"https:\/\/www.heldenhaushalt.de\/sari02\/#\/schema\/person\/a1cc69f42a01f412eb62c151353814f6"},"image":{"@id":"https:\/\/www.heldenhaushalt.de\/sari02\/index.php\/2026\/09\/03\/das-lebens-abc-w-wie-winter\/#primaryimage"},"thumbnailUrl":"https:\/\/www.heldenhaushalt.de\/sari02\/wp-content\/uploads\/2024\/09\/lebensabc.jpg","keywords":["Lebens ABC","Winter"],"articleSection":["Blogsph\u00e4re"],"inLanguage":"de","potentialAction":[{"@type":"CommentAction","name":"Comment","target":["https:\/\/www.heldenhaushalt.de\/sari02\/index.php\/2026\/09\/03\/das-lebens-abc-w-wie-winter\/#respond"]}]},{"@type":"WebPage","@id":"https:\/\/www.heldenhaushalt.de\/sari02\/index.php\/2026\/09\/03\/das-lebens-abc-w-wie-winter\/","url":"https:\/\/www.heldenhaushalt.de\/sari02\/index.php\/2026\/09\/03\/das-lebens-abc-w-wie-winter\/","name":"Das Lebens ABC - W wie Winter - Heldenhaushalt","isPartOf":{"@id":"https:\/\/www.heldenhaushalt.de\/sari02\/#website"},"primaryImageOfPage":{"@id":"https:\/\/www.heldenhaushalt.de\/sari02\/index.php\/2026\/09\/03\/das-lebens-abc-w-wie-winter\/#primaryimage"},"image":{"@id":"https:\/\/www.heldenhaushalt.de\/sari02\/index.php\/2026\/09\/03\/das-lebens-abc-w-wie-winter\/#primaryimage"},"thumbnailUrl":"https:\/\/www.heldenhaushalt.de\/sari02\/wp-content\/uploads\/2024\/09\/lebensabc.jpg","datePublished":"2026-09-03T07:00:00+00:00","description":"Nun habe ich im August tats\u00e4chlich mit dem Lebens ABC ausgesetzt, aber wisst ihr was? Es ist mir gar nicht wirklich aufgefallen. Euch?","breadcrumb":{"@id":"https:\/\/www.heldenhaushalt.de\/sari02\/index.php\/2026\/09\/03\/das-lebens-abc-w-wie-winter\/#breadcrumb"},"inLanguage":"de","potentialAction":[{"@type":"ReadAction","target":["https:\/\/www.heldenhaushalt.de\/sari02\/index.php\/2026\/09\/03\/das-lebens-abc-w-wie-winter\/"]}]},{"@type":"ImageObject","inLanguage":"de","@id":"https:\/\/www.heldenhaushalt.de\/sari02\/index.php\/2026\/09\/03\/das-lebens-abc-w-wie-winter\/#primaryimage","url":"https:\/\/www.heldenhaushalt.de\/sari02\/wp-content\/uploads\/2024\/09\/lebensabc.jpg","contentUrl":"https:\/\/www.heldenhaushalt.de\/sari02\/wp-content\/uploads\/2024\/09\/lebensabc.jpg","width":1000,"height":734,"caption":"Lebens ABC"},{"@type":"BreadcrumbList","@id":"https:\/\/www.heldenhaushalt.de\/sari02\/index.php\/2026\/09\/03\/das-lebens-abc-w-wie-winter\/#breadcrumb","itemListElement":[{"@type":"ListItem","position":1,"name":"Startseite","item":"https:\/\/www.heldenhaushalt.de\/sari02\/"},{"@type":"ListItem","position":2,"name":"Das Lebens ABC &#8211; W wie Winter"}]},{"@type":"WebSite","@id":"https:\/\/www.heldenhaushalt.de\/sari02\/#website","url":"https:\/\/www.heldenhaushalt.de\/sari02\/","name":"Heldenhaushalt","description":"Wer es ordentlich haben will, der muss vorher anrufen","publisher":{"@id":"https:\/\/www.heldenhaushalt.de\/sari02\/#\/schema\/person\/a1cc69f42a01f412eb62c151353814f6"},"potentialAction":[{"@type":"SearchAction","target":{"@type":"EntryPoint","urlTemplate":"https:\/\/www.heldenhaushalt.de\/sari02\/?s={search_term_string}"},"query-input":{"@type":"PropertyValueSpecification","valueRequired":true,"valueName":"search_term_string"}}],"inLanguage":"de"},{"@type":["Person","Organization"],"@id":"https:\/\/www.heldenhaushalt.de\/sari02\/#\/schema\/person\/a1cc69f42a01f412eb62c151353814f6","name":"Sari","image":{"@type":"ImageObject","inLanguage":"de","@id":"https:\/\/www.heldenhaushalt.de\/sari02\/wp-content\/uploads\/2019\/02\/sari-april2018.png","url":"https:\/\/www.heldenhaushalt.de\/sari02\/wp-content\/uploads\/2019\/02\/sari-april2018.png","contentUrl":"https:\/\/www.heldenhaushalt.de\/sari02\/wp-content\/uploads\/2019\/02\/sari-april2018.png","width":500,"height":500,"caption":"Sari"},"logo":{"@id":"https:\/\/www.heldenhaushalt.de\/sari02\/wp-content\/uploads\/2019\/02\/sari-april2018.png"},"description":"Frau Mondgras \u2013 Das bin ich, Sari. Gerne auch als Sari Mondgras bekannt und im Internet zu finden. 2-Fach-Mutter, Heldenehefrau, Kreativling, Harmonies\u00fcchtig und st\u00e4ndig auf der Suche nach Gl\u00fcck. Ich komme aus Berlin, bin hier aufgewachsen und lebe hier seit ich denken kann.","sameAs":["https:\/\/www.instagram.com\/heldenhaushalt\/"],"url":"https:\/\/www.heldenhaushalt.de\/sari02\/index.php\/author\/admin\/"}]}},"views":62,"_links":{"self":[{"href":"https:\/\/www.heldenhaushalt.de\/sari02\/index.php\/wp-json\/wp\/v2\/posts\/72039","targetHints":{"allow":["GET"]}}],"collection":[{"href":"https:\/\/www.heldenhaushalt.de\/sari02\/index.php\/wp-json\/wp\/v2\/posts"}],"about":[{"href":"https:\/\/www.heldenhaushalt.de\/sari02\/index.php\/wp-json\/wp\/v2\/types\/post"}],"author":[{"embeddable":true,"href":"https:\/\/www.heldenhaushalt.de\/sari02\/index.php\/wp-json\/wp\/v2\/users\/1"}],"replies":[{"embeddable":true,"href":"https:\/\/www.heldenhaushalt.de\/sari02\/index.php\/wp-json\/wp\/v2\/comments?post=72039"}],"version-history":[{"count":2,"href":"https:\/\/www.heldenhaushalt.de\/sari02\/index.php\/wp-json\/wp\/v2\/posts\/72039\/revisions"}],"predecessor-version":[{"id":72041,"href":"https:\/\/www.heldenhaushalt.de\/sari02\/index.php\/wp-json\/wp\/v2\/posts\/72039\/revisions\/72041"}],"wp:featuredmedia":[{"embeddable":true,"href":"https:\/\/www.heldenhaushalt.de\/sari02\/index.php\/wp-json\/wp\/v2\/media\/61991"}],"wp:attachment":[{"href":"https:\/\/www.heldenhaushalt.de\/sari02\/index.php\/wp-json\/wp\/v2\/media?parent=72039"}],"wp:term":[{"taxonomy":"category","embeddable":true,"href":"https:\/\/www.heldenhaushalt.de\/sari02\/index.php\/wp-json\/wp\/v2\/categories?post=72039"},{"taxonomy":"post_tag","embeddable":true,"href":"https:\/\/www.heldenhaushalt.de\/sari02\/index.php\/wp-json\/wp\/v2\/tags?post=72039"}],"curies":[{"name":"wp","href":"https:\/\/api.w.org\/{rel}","templated":true}]}}