{"id":72042,"date":"2026-09-05T09:00:00","date_gmt":"2026-09-05T07:00:00","guid":{"rendered":"https:\/\/www.heldenhaushalt.de\/sari02\/?p=72042"},"modified":"2026-09-04T09:03:50","modified_gmt":"2026-09-04T07:03:50","slug":"projekt-52-im-juni-wald","status":"publish","type":"post","link":"https:\/\/www.heldenhaushalt.de\/sari02\/index.php\/2026\/09\/05\/projekt-52-im-juni-wald\/","title":{"rendered":"Projekt 52 im Juni: Wald"},"content":{"rendered":"\n<p class=\"wp-block-paragraph\">Ohaaaaa&#8230;. jetzt machen wir aber doch nochmal einen ordentlichen Sprung zur&#252;ck beim Projekt 52, nicht wahr? Aber mir fehlte noch immer aus dem Juni das Thema &#8220;Wald&#8221; und ich will irgendwie schon noch versuchen &#252;berall ein wenig aufzuholen. Immerhin h&#228;nge ich auch im August nach und der September hat bereits angefangen. Ich komme also ganz sch&#246;n ins Straucheln im schlimmsten Fall und vielleicht schaffe ich es ja doch noch das Rennen zu gewinnen und ein wenig aufzuholen. <\/p>\n\n\n\n<h2 class=\"wp-block-heading\">Projekt 52 im Juni: Wald<\/h2>\n\n\n\n<p class=\"wp-block-paragraph\">Ich hatte verschiedene Gedanken zu diesem Thema. Ganz vorne lag dabei nat&#252;rlich das Naheliegende: Der Wald. Wir haben hier am Rande von Berlin durchaus einige sch&#246;ne Waldgebiete. Aber gerade in diesem Jahr war es extrem schwer diese v&#246;llig frei von &#8220;Gefahren&#8221; zu durchqueren. Vielleicht erinnert sich der eine oder andere von euch daran, dass mich kurz vor den Sommerferien dann doch noch die feinen H&#228;rchen der Prozessionsspinnerraupen erwischt hatten und ich ziemlich lange mit einem sehr unsch&#246;nen Ausschlag zu k&#228;mpfen hatte. <\/p>\n\n\n\n<p class=\"wp-block-paragraph\">Man kann also verstehen, warum wir W&#228;lder eine ganze Zeit lang mieden. In einigen h&#228;ngen zwar noch immer die Absperrb&#228;nder, aber ich glaube das Schlimmste ist tats&#228;chlich &#252;berstanden. Kurzzeitig dachte ich &#252;ber abstraktere Umsetzungen nach. Schilderwald zum Beispiel. Aber mir kam nichts Passendes vor die Linse.<\/p>\n\n\n\n<figure class=\"wp-block-image size-full\"><a href=\"https:\/\/www.heldenhaushalt.de\/sari02\/wp-content\/uploads\/2026\/09\/p52-33.jpg\"><img loading=\"lazy\" decoding=\"async\" width=\"1000\" height=\"682\" src=\"https:\/\/www.heldenhaushalt.de\/sari02\/wp-content\/uploads\/2026\/09\/p52-33.jpg\" alt=\"Projekt 52\" class=\"wp-image-72043\" srcset=\"https:\/\/www.heldenhaushalt.de\/sari02\/wp-content\/uploads\/2026\/09\/p52-33.jpg 1000w, https:\/\/www.heldenhaushalt.de\/sari02\/wp-content\/uploads\/2026\/09\/p52-33-300x205.jpg 300w, https:\/\/www.heldenhaushalt.de\/sari02\/wp-content\/uploads\/2026\/09\/p52-33-767x523.jpg 767w\" sizes=\"auto, (max-width: 1000px) 100vw, 1000px\" \/><\/a><\/figure>\n\n\n\n<p class=\"wp-block-paragraph\">Und dann lief ich hier mit dem gro&#223;en Sohn entlang. Man muss nicht immer IN einem gro&#223;en Wald sein, um das Gef&#252;hl zu haben, sich in einem zu befinden, oder? Wir haben tats&#228;chlich viele Bereiche bei uns in der Stadt, die dem hier sehr &#228;hnlich sehen. Alleine auf meinem aktuellen t&#228;glichen Fahrrad-Weg fahre ich durch viele sch&#246;ne umwachsene Bereiche und sobald man sich darin befindet ist die Luft direkt eine vollkommen andere. Weg von den Stra&#223;en&#8230; man kann viel besser atmen, oder? <\/p>\n\n\n\n<p class=\"wp-block-paragraph\"><strong>Weitere Beitr&#228;ge zu den Themen vom Projekt 52 im Juni <a href=\"https:\/\/www.heldenhaushalt.de\/sari02\/index.php\/2026\/05\/30\/projekt-52-im-juni-2026-teilnehmer\/\" data-type=\"link\" data-id=\"https:\/\/www.heldenhaushalt.de\/sari02\/index.php\/2026\/05\/30\/projekt-52-im-juni-2026-teilnehmer\/\">findet ihr hier<\/a>.<\/strong><\/p>\n","protected":false},"excerpt":{"rendered":"<p>Ohaaaaa&#8230;. jetzt machen wir aber doch nochmal einen ordentlichen Sprung zur&#252;ck beim Projekt 52, nicht wahr? Aber mir fehlte noch immer aus dem Juni das Thema &#8220;Wald&#8221; und ich will irgendwie schon noch versuchen &#252;berall ein wenig aufzuholen. Immerhin h&#228;nge ich auch im August nach und der September hat bereits angefangen. Ich komme also ganz sch&#246;n ins Straucheln im schlimmsten Fall und vielleicht schaffe ich es ja doch noch das Rennen zu gewinnen und ein wenig aufzuholen. Projekt 52 im Juni: Wald Ich hatte verschiedene Gedanken zu diesem Thema. Ganz vorne lag dabei nat&#252;rlich das Naheliegende: Der Wald. Wir haben hier am Rande von Berlin durchaus einige sch&#246;ne Waldgebiete. Aber gerade in diesem Jahr war es extrem schwer diese v&#246;llig frei von &#8220;Gefahren&#8221; zu durchqueren. Vielleicht erinnert sich der eine oder andere von euch daran, dass mich kurz vor den Sommerferien dann doch noch die feinen H&#228;rchen der Prozessionsspinnerraupen erwischt hatten und ich ziemlich lange mit einem sehr unsch&#246;nen Ausschlag zu k&#228;mpfen hatte. Man kann also verstehen, warum wir W&#228;lder eine ganze Zeit lang mieden. In einigen h&#228;ngen zwar noch immer die Absperrb&#228;nder, aber ich glaube das Schlimmste ist tats&#228;chlich &#252;berstanden. Kurzzeitig dachte ich &#252;ber abstraktere Umsetzungen nach. Schilderwald zum Beispiel. Aber mir kam nichts Passendes vor die Linse. Und dann lief ich hier mit dem gro&#223;en Sohn entlang. Man muss nicht immer IN einem gro&#223;en Wald sein, um das Gef&#252;hl zu haben, sich in einem zu befinden, oder? Wir haben tats&#228;chlich viele Bereiche bei uns in der Stadt, die dem hier sehr &#228;hnlich sehen. Alleine auf meinem aktuellen t&#228;glichen Fahrrad-Weg fahre ich durch viele sch&#246;ne umwachsene Bereiche und sobald man sich darin befindet ist die Luft direkt eine vollkommen andere. Weg von den Stra&#223;en&#8230; man kann viel besser atmen, oder? Weitere Beitr&#228;ge zu den Themen vom Projekt 52 im Juni findet ihr hier.<\/p>\n","protected":false},"author":1,"featured_media":72044,"comment_status":"open","ping_status":"open","sticky":false,"template":"","format":"standard","meta":{"ngg_post_thumbnail":0,"footnotes":""},"categories":[106,180],"tags":[396],"class_list":["post-72042","post","type-post","status-publish","format-standard","has-post-thumbnail","hentry","category-fotografie","category-projekt-52","tag-projekt-52"],"yoast_head":"<!-- This site is optimized with the Yoast SEO plugin v28.4 - https:\/\/yoast.com\/product\/yoast-seo-wordpress\/ -->\n<title>Projekt 52 im Juni: Wald - Heldenhaushalt<\/title>\n<meta name=\"description\" content=\"Ohaaaaa.... jetzt machen wir aber doch nochmal einen ordentlichen Sprung zur\u00fcck beim Projekt 52, nicht wahr? Aber mir fehlte noch immer\" \/>\n<meta name=\"robots\" content=\"index, follow, max-snippet:-1, max-image-preview:large, max-video-preview:-1\" \/>\n<link rel=\"canonical\" href=\"https:\/\/www.heldenhaushalt.de\/sari02\/index.php\/2026\/09\/05\/projekt-52-im-juni-wald\/\" \/>\n<meta property=\"og:locale\" content=\"de_DE\" \/>\n<meta property=\"og:type\" content=\"article\" \/>\n<meta property=\"og:title\" content=\"Projekt 52 im Juni: Wald - Heldenhaushalt\" \/>\n<meta property=\"og:description\" content=\"Ohaaaaa.... jetzt machen wir aber doch nochmal einen ordentlichen Sprung zur\u00fcck beim Projekt 52, nicht wahr? Aber mir fehlte noch immer\" \/>\n<meta property=\"og:url\" content=\"https:\/\/www.heldenhaushalt.de\/sari02\/index.php\/2026\/09\/05\/projekt-52-im-juni-wald\/\" \/>\n<meta property=\"og:site_name\" content=\"Heldenhaushalt\" \/>\n<meta property=\"article:published_time\" content=\"2026-09-05T07:00:00+00:00\" \/>\n<meta property=\"og:image\" content=\"https:\/\/www.heldenhaushalt.de\/sari02\/wp-content\/uploads\/2026\/09\/p52-33vor.jpg\" \/>\n\t<meta property=\"og:image:width\" content=\"1000\" \/>\n\t<meta property=\"og:image:height\" content=\"682\" \/>\n\t<meta property=\"og:image:type\" content=\"image\/jpeg\" \/>\n<meta name=\"author\" content=\"Sari\" \/>\n<meta name=\"twitter:card\" content=\"summary_large_image\" \/>\n<meta name=\"twitter:creator\" content=\"@Heldenhaushalt\" \/>\n<meta name=\"twitter:site\" content=\"@Heldenhaushalt\" \/>\n<meta name=\"twitter:label1\" content=\"Verfasst von\" \/>\n\t<meta name=\"twitter:data1\" content=\"Sari\" \/>\n\t<meta name=\"twitter:label2\" content=\"Gesch\u00e4tzte Lesezeit\" \/>\n\t<meta name=\"twitter:data2\" content=\"3\u00a0Minuten\" \/>\n<script type=\"application\/ld+json\" class=\"yoast-schema-graph\">{\"@context\":\"https:\\\/\\\/schema.org\",\"@graph\":[{\"@type\":\"Article\",\"@id\":\"https:\\\/\\\/www.heldenhaushalt.de\\\/sari02\\\/index.php\\\/2026\\\/09\\\/05\\\/projekt-52-im-juni-wald\\\/#article\",\"isPartOf\":{\"@id\":\"https:\\\/\\\/www.heldenhaushalt.de\\\/sari02\\\/index.php\\\/2026\\\/09\\\/05\\\/projekt-52-im-juni-wald\\\/\"},\"author\":{\"name\":\"Sari\",\"@id\":\"https:\\\/\\\/www.heldenhaushalt.de\\\/sari02\\\/#\\\/schema\\\/person\\\/a1cc69f42a01f412eb62c151353814f6\"},\"headline\":\"Projekt 52 im Juni: Wald\",\"datePublished\":\"2026-09-05T07:00:00+00:00\",\"mainEntityOfPage\":{\"@id\":\"https:\\\/\\\/www.heldenhaushalt.de\\\/sari02\\\/index.php\\\/2026\\\/09\\\/05\\\/projekt-52-im-juni-wald\\\/\"},\"wordCount\":326,\"commentCount\":0,\"publisher\":{\"@id\":\"https:\\\/\\\/www.heldenhaushalt.de\\\/sari02\\\/#\\\/schema\\\/person\\\/a1cc69f42a01f412eb62c151353814f6\"},\"image\":{\"@id\":\"https:\\\/\\\/www.heldenhaushalt.de\\\/sari02\\\/index.php\\\/2026\\\/09\\\/05\\\/projekt-52-im-juni-wald\\\/#primaryimage\"},\"thumbnailUrl\":\"https:\\\/\\\/www.heldenhaushalt.de\\\/sari02\\\/wp-content\\\/uploads\\\/2026\\\/09\\\/p52-33vor.jpg\",\"keywords\":[\"Projekt 52\"],\"articleSection\":[\"Fotografie\",\"Projekt 52\"],\"inLanguage\":\"de\",\"potentialAction\":[{\"@type\":\"CommentAction\",\"name\":\"Comment\",\"target\":[\"https:\\\/\\\/www.heldenhaushalt.de\\\/sari02\\\/index.php\\\/2026\\\/09\\\/05\\\/projekt-52-im-juni-wald\\\/#respond\"]}]},{\"@type\":\"WebPage\",\"@id\":\"https:\\\/\\\/www.heldenhaushalt.de\\\/sari02\\\/index.php\\\/2026\\\/09\\\/05\\\/projekt-52-im-juni-wald\\\/\",\"url\":\"https:\\\/\\\/www.heldenhaushalt.de\\\/sari02\\\/index.php\\\/2026\\\/09\\\/05\\\/projekt-52-im-juni-wald\\\/\",\"name\":\"Projekt 52 im Juni: Wald - Heldenhaushalt\",\"isPartOf\":{\"@id\":\"https:\\\/\\\/www.heldenhaushalt.de\\\/sari02\\\/#website\"},\"primaryImageOfPage\":{\"@id\":\"https:\\\/\\\/www.heldenhaushalt.de\\\/sari02\\\/index.php\\\/2026\\\/09\\\/05\\\/projekt-52-im-juni-wald\\\/#primaryimage\"},\"image\":{\"@id\":\"https:\\\/\\\/www.heldenhaushalt.de\\\/sari02\\\/index.php\\\/2026\\\/09\\\/05\\\/projekt-52-im-juni-wald\\\/#primaryimage\"},\"thumbnailUrl\":\"https:\\\/\\\/www.heldenhaushalt.de\\\/sari02\\\/wp-content\\\/uploads\\\/2026\\\/09\\\/p52-33vor.jpg\",\"datePublished\":\"2026-09-05T07:00:00+00:00\",\"description\":\"Ohaaaaa.... jetzt machen wir aber doch nochmal einen ordentlichen Sprung zur\u00fcck beim Projekt 52, nicht wahr? Aber mir fehlte noch immer\",\"breadcrumb\":{\"@id\":\"https:\\\/\\\/www.heldenhaushalt.de\\\/sari02\\\/index.php\\\/2026\\\/09\\\/05\\\/projekt-52-im-juni-wald\\\/#breadcrumb\"},\"inLanguage\":\"de\",\"potentialAction\":[{\"@type\":\"ReadAction\",\"target\":[\"https:\\\/\\\/www.heldenhaushalt.de\\\/sari02\\\/index.php\\\/2026\\\/09\\\/05\\\/projekt-52-im-juni-wald\\\/\"]}]},{\"@type\":\"ImageObject\",\"inLanguage\":\"de\",\"@id\":\"https:\\\/\\\/www.heldenhaushalt.de\\\/sari02\\\/index.php\\\/2026\\\/09\\\/05\\\/projekt-52-im-juni-wald\\\/#primaryimage\",\"url\":\"https:\\\/\\\/www.heldenhaushalt.de\\\/sari02\\\/wp-content\\\/uploads\\\/2026\\\/09\\\/p52-33vor.jpg\",\"contentUrl\":\"https:\\\/\\\/www.heldenhaushalt.de\\\/sari02\\\/wp-content\\\/uploads\\\/2026\\\/09\\\/p52-33vor.jpg\",\"width\":1000,\"height\":682,\"caption\":\"Projekt 52\"},{\"@type\":\"BreadcrumbList\",\"@id\":\"https:\\\/\\\/www.heldenhaushalt.de\\\/sari02\\\/index.php\\\/2026\\\/09\\\/05\\\/projekt-52-im-juni-wald\\\/#breadcrumb\",\"itemListElement\":[{\"@type\":\"ListItem\",\"position\":1,\"name\":\"Startseite\",\"item\":\"https:\\\/\\\/www.heldenhaushalt.de\\\/sari02\\\/\"},{\"@type\":\"ListItem\",\"position\":2,\"name\":\"Projekt 52 im Juni: Wald\"}]},{\"@type\":\"WebSite\",\"@id\":\"https:\\\/\\\/www.heldenhaushalt.de\\\/sari02\\\/#website\",\"url\":\"https:\\\/\\\/www.heldenhaushalt.de\\\/sari02\\\/\",\"name\":\"Heldenhaushalt\",\"description\":\"Wer es ordentlich haben will, der muss vorher anrufen\",\"publisher\":{\"@id\":\"https:\\\/\\\/www.heldenhaushalt.de\\\/sari02\\\/#\\\/schema\\\/person\\\/a1cc69f42a01f412eb62c151353814f6\"},\"potentialAction\":[{\"@type\":\"SearchAction\",\"target\":{\"@type\":\"EntryPoint\",\"urlTemplate\":\"https:\\\/\\\/www.heldenhaushalt.de\\\/sari02\\\/?s={search_term_string}\"},\"query-input\":{\"@type\":\"PropertyValueSpecification\",\"valueRequired\":true,\"valueName\":\"search_term_string\"}}],\"inLanguage\":\"de\"},{\"@type\":[\"Person\",\"Organization\"],\"@id\":\"https:\\\/\\\/www.heldenhaushalt.de\\\/sari02\\\/#\\\/schema\\\/person\\\/a1cc69f42a01f412eb62c151353814f6\",\"name\":\"Sari\",\"image\":{\"@type\":\"ImageObject\",\"inLanguage\":\"de\",\"@id\":\"https:\\\/\\\/www.heldenhaushalt.de\\\/sari02\\\/wp-content\\\/uploads\\\/2019\\\/02\\\/sari-april2018.png\",\"url\":\"https:\\\/\\\/www.heldenhaushalt.de\\\/sari02\\\/wp-content\\\/uploads\\\/2019\\\/02\\\/sari-april2018.png\",\"contentUrl\":\"https:\\\/\\\/www.heldenhaushalt.de\\\/sari02\\\/wp-content\\\/uploads\\\/2019\\\/02\\\/sari-april2018.png\",\"width\":500,\"height\":500,\"caption\":\"Sari\"},\"logo\":{\"@id\":\"https:\\\/\\\/www.heldenhaushalt.de\\\/sari02\\\/wp-content\\\/uploads\\\/2019\\\/02\\\/sari-april2018.png\"},\"description\":\"Frau Mondgras \u2013 Das bin ich, Sari. Gerne auch als Sari Mondgras bekannt und im Internet zu finden. 2-Fach-Mutter, Heldenehefrau, Kreativling, Harmonies\u00fcchtig und st\u00e4ndig auf der Suche nach Gl\u00fcck. Ich komme aus Berlin, bin hier aufgewachsen und lebe hier seit ich denken kann.\",\"sameAs\":[\"https:\\\/\\\/www.instagram.com\\\/heldenhaushalt\\\/\"],\"url\":\"https:\\\/\\\/www.heldenhaushalt.de\\\/sari02\\\/index.php\\\/author\\\/admin\\\/\"}]}<\/script>\n<!-- \/ Yoast SEO plugin. -->","yoast_head_json":{"title":"Projekt 52 im Juni: Wald - Heldenhaushalt","description":"Ohaaaaa.... jetzt machen wir aber doch nochmal einen ordentlichen Sprung zur\u00fcck beim Projekt 52, nicht wahr? Aber mir fehlte noch immer","robots":{"index":"index","follow":"follow","max-snippet":"max-snippet:-1","max-image-preview":"max-image-preview:large","max-video-preview":"max-video-preview:-1"},"canonical":"https:\/\/www.heldenhaushalt.de\/sari02\/index.php\/2026\/09\/05\/projekt-52-im-juni-wald\/","og_locale":"de_DE","og_type":"article","og_title":"Projekt 52 im Juni: Wald - Heldenhaushalt","og_description":"Ohaaaaa.... jetzt machen wir aber doch nochmal einen ordentlichen Sprung zur\u00fcck beim Projekt 52, nicht wahr? Aber mir fehlte noch immer","og_url":"https:\/\/www.heldenhaushalt.de\/sari02\/index.php\/2026\/09\/05\/projekt-52-im-juni-wald\/","og_site_name":"Heldenhaushalt","article_published_time":"2026-09-05T07:00:00+00:00","og_image":[{"width":1000,"height":682,"url":"https:\/\/www.heldenhaushalt.de\/sari02\/wp-content\/uploads\/2026\/09\/p52-33vor.jpg","type":"image\/jpeg"}],"author":"Sari","twitter_card":"summary_large_image","twitter_creator":"@Heldenhaushalt","twitter_site":"@Heldenhaushalt","twitter_misc":{"Verfasst von":"Sari","Gesch\u00e4tzte Lesezeit":"3\u00a0Minuten"},"schema":{"@context":"https:\/\/schema.org","@graph":[{"@type":"Article","@id":"https:\/\/www.heldenhaushalt.de\/sari02\/index.php\/2026\/09\/05\/projekt-52-im-juni-wald\/#article","isPartOf":{"@id":"https:\/\/www.heldenhaushalt.de\/sari02\/index.php\/2026\/09\/05\/projekt-52-im-juni-wald\/"},"author":{"name":"Sari","@id":"https:\/\/www.heldenhaushalt.de\/sari02\/#\/schema\/person\/a1cc69f42a01f412eb62c151353814f6"},"headline":"Projekt 52 im Juni: Wald","datePublished":"2026-09-05T07:00:00+00:00","mainEntityOfPage":{"@id":"https:\/\/www.heldenhaushalt.de\/sari02\/index.php\/2026\/09\/05\/projekt-52-im-juni-wald\/"},"wordCount":326,"commentCount":0,"publisher":{"@id":"https:\/\/www.heldenhaushalt.de\/sari02\/#\/schema\/person\/a1cc69f42a01f412eb62c151353814f6"},"image":{"@id":"https:\/\/www.heldenhaushalt.de\/sari02\/index.php\/2026\/09\/05\/projekt-52-im-juni-wald\/#primaryimage"},"thumbnailUrl":"https:\/\/www.heldenhaushalt.de\/sari02\/wp-content\/uploads\/2026\/09\/p52-33vor.jpg","keywords":["Projekt 52"],"articleSection":["Fotografie","Projekt 52"],"inLanguage":"de","potentialAction":[{"@type":"CommentAction","name":"Comment","target":["https:\/\/www.heldenhaushalt.de\/sari02\/index.php\/2026\/09\/05\/projekt-52-im-juni-wald\/#respond"]}]},{"@type":"WebPage","@id":"https:\/\/www.heldenhaushalt.de\/sari02\/index.php\/2026\/09\/05\/projekt-52-im-juni-wald\/","url":"https:\/\/www.heldenhaushalt.de\/sari02\/index.php\/2026\/09\/05\/projekt-52-im-juni-wald\/","name":"Projekt 52 im Juni: Wald - Heldenhaushalt","isPartOf":{"@id":"https:\/\/www.heldenhaushalt.de\/sari02\/#website"},"primaryImageOfPage":{"@id":"https:\/\/www.heldenhaushalt.de\/sari02\/index.php\/2026\/09\/05\/projekt-52-im-juni-wald\/#primaryimage"},"image":{"@id":"https:\/\/www.heldenhaushalt.de\/sari02\/index.php\/2026\/09\/05\/projekt-52-im-juni-wald\/#primaryimage"},"thumbnailUrl":"https:\/\/www.heldenhaushalt.de\/sari02\/wp-content\/uploads\/2026\/09\/p52-33vor.jpg","datePublished":"2026-09-05T07:00:00+00:00","description":"Ohaaaaa.... jetzt machen wir aber doch nochmal einen ordentlichen Sprung zur\u00fcck beim Projekt 52, nicht wahr? Aber mir fehlte noch immer","breadcrumb":{"@id":"https:\/\/www.heldenhaushalt.de\/sari02\/index.php\/2026\/09\/05\/projekt-52-im-juni-wald\/#breadcrumb"},"inLanguage":"de","potentialAction":[{"@type":"ReadAction","target":["https:\/\/www.heldenhaushalt.de\/sari02\/index.php\/2026\/09\/05\/projekt-52-im-juni-wald\/"]}]},{"@type":"ImageObject","inLanguage":"de","@id":"https:\/\/www.heldenhaushalt.de\/sari02\/index.php\/2026\/09\/05\/projekt-52-im-juni-wald\/#primaryimage","url":"https:\/\/www.heldenhaushalt.de\/sari02\/wp-content\/uploads\/2026\/09\/p52-33vor.jpg","contentUrl":"https:\/\/www.heldenhaushalt.de\/sari02\/wp-content\/uploads\/2026\/09\/p52-33vor.jpg","width":1000,"height":682,"caption":"Projekt 52"},{"@type":"BreadcrumbList","@id":"https:\/\/www.heldenhaushalt.de\/sari02\/index.php\/2026\/09\/05\/projekt-52-im-juni-wald\/#breadcrumb","itemListElement":[{"@type":"ListItem","position":1,"name":"Startseite","item":"https:\/\/www.heldenhaushalt.de\/sari02\/"},{"@type":"ListItem","position":2,"name":"Projekt 52 im Juni: Wald"}]},{"@type":"WebSite","@id":"https:\/\/www.heldenhaushalt.de\/sari02\/#website","url":"https:\/\/www.heldenhaushalt.de\/sari02\/","name":"Heldenhaushalt","description":"Wer es ordentlich haben will, der muss vorher anrufen","publisher":{"@id":"https:\/\/www.heldenhaushalt.de\/sari02\/#\/schema\/person\/a1cc69f42a01f412eb62c151353814f6"},"potentialAction":[{"@type":"SearchAction","target":{"@type":"EntryPoint","urlTemplate":"https:\/\/www.heldenhaushalt.de\/sari02\/?s={search_term_string}"},"query-input":{"@type":"PropertyValueSpecification","valueRequired":true,"valueName":"search_term_string"}}],"inLanguage":"de"},{"@type":["Person","Organization"],"@id":"https:\/\/www.heldenhaushalt.de\/sari02\/#\/schema\/person\/a1cc69f42a01f412eb62c151353814f6","name":"Sari","image":{"@type":"ImageObject","inLanguage":"de","@id":"https:\/\/www.heldenhaushalt.de\/sari02\/wp-content\/uploads\/2019\/02\/sari-april2018.png","url":"https:\/\/www.heldenhaushalt.de\/sari02\/wp-content\/uploads\/2019\/02\/sari-april2018.png","contentUrl":"https:\/\/www.heldenhaushalt.de\/sari02\/wp-content\/uploads\/2019\/02\/sari-april2018.png","width":500,"height":500,"caption":"Sari"},"logo":{"@id":"https:\/\/www.heldenhaushalt.de\/sari02\/wp-content\/uploads\/2019\/02\/sari-april2018.png"},"description":"Frau Mondgras \u2013 Das bin ich, Sari. Gerne auch als Sari Mondgras bekannt und im Internet zu finden. 2-Fach-Mutter, Heldenehefrau, Kreativling, Harmonies\u00fcchtig und st\u00e4ndig auf der Suche nach Gl\u00fcck. Ich komme aus Berlin, bin hier aufgewachsen und lebe hier seit ich denken kann.","sameAs":["https:\/\/www.instagram.com\/heldenhaushalt\/"],"url":"https:\/\/www.heldenhaushalt.de\/sari02\/index.php\/author\/admin\/"}]}},"views":73,"_links":{"self":[{"href":"https:\/\/www.heldenhaushalt.de\/sari02\/index.php\/wp-json\/wp\/v2\/posts\/72042","targetHints":{"allow":["GET"]}}],"collection":[{"href":"https:\/\/www.heldenhaushalt.de\/sari02\/index.php\/wp-json\/wp\/v2\/posts"}],"about":[{"href":"https:\/\/www.heldenhaushalt.de\/sari02\/index.php\/wp-json\/wp\/v2\/types\/post"}],"author":[{"embeddable":true,"href":"https:\/\/www.heldenhaushalt.de\/sari02\/index.php\/wp-json\/wp\/v2\/users\/1"}],"replies":[{"embeddable":true,"href":"https:\/\/www.heldenhaushalt.de\/sari02\/index.php\/wp-json\/wp\/v2\/comments?post=72042"}],"version-history":[{"count":1,"href":"https:\/\/www.heldenhaushalt.de\/sari02\/index.php\/wp-json\/wp\/v2\/posts\/72042\/revisions"}],"predecessor-version":[{"id":72045,"href":"https:\/\/www.heldenhaushalt.de\/sari02\/index.php\/wp-json\/wp\/v2\/posts\/72042\/revisions\/72045"}],"wp:featuredmedia":[{"embeddable":true,"href":"https:\/\/www.heldenhaushalt.de\/sari02\/index.php\/wp-json\/wp\/v2\/media\/72044"}],"wp:attachment":[{"href":"https:\/\/www.heldenhaushalt.de\/sari02\/index.php\/wp-json\/wp\/v2\/media?parent=72042"}],"wp:term":[{"taxonomy":"category","embeddable":true,"href":"https:\/\/www.heldenhaushalt.de\/sari02\/index.php\/wp-json\/wp\/v2\/categories?post=72042"},{"taxonomy":"post_tag","embeddable":true,"href":"https:\/\/www.heldenhaushalt.de\/sari02\/index.php\/wp-json\/wp\/v2\/tags?post=72042"}],"curies":[{"name":"wp","href":"https:\/\/api.w.org\/{rel}","templated":true}]}}