{"id":72046,"date":"2026-09-04T09:00:00","date_gmt":"2026-09-04T07:00:00","guid":{"rendered":"https:\/\/www.heldenhaushalt.de\/sari02\/?p=72046"},"modified":"2026-09-04T09:16:36","modified_gmt":"2026-09-04T07:16:36","slug":"unsere-wochenlieblinge-352026-das-groebste-geschafft","status":"publish","type":"post","link":"https:\/\/www.heldenhaushalt.de\/sari02\/index.php\/2026\/09\/04\/unsere-wochenlieblinge-352026-das-groebste-geschafft\/","title":{"rendered":"Unsere Wochenlieblinge 35\/2026 \u2013 Das Gr&#246;bste geschafft!"},"content":{"rendered":"\n<p class=\"has-text-align-right has-small-font-size wp-block-paragraph\">Enth&#228;lt unbezahlte Werbung*<\/p>\n\n\n\n<p class=\"wp-block-paragraph\">Juchuuuuu&#8230;. es ist metreologischer Herbstanfang und ich darf die Herbstkisten vom Dachboden holen (die zu 80% aus Halloweenkram bestehen). Ich freu mich. Endlich darf  ich legitim Orange als dominante Farbe im Wohnbereich einf&#252;hren und die ersten K&#252;rbisse in den Garten verfrachten. Auch die Temperaturen passen besser dazu und Tee trinken macht wieder viel mehr Spa&#223;. Aber vorher gab es diese Woche noch einige Termine abzuhaken&#8230; also lasst uns reingehen in die Wochenlieblinge.<\/p>\n\n\n\n\n\n<p class=\"has-small-font-size wp-block-paragraph\"><strong>Mein Ausmist-Counter 2026:\u00a0<\/strong>520<br>Spiele und B&#252;cher der Schule gespendet<\/p>\n\n\n\n<hr class=\"wp-block-separator has-alpha-channel-opacity\"\/>\n\n\n\n<h2 class=\"wp-block-heading\">Unsere Wochenlieblinge in dieser Woche\u2026<\/h2>\n\n\n\n<p class=\"wp-block-paragraph\">Die Woche startete mit Bauchschmerzen f&#252;r uns alle. Mehr aus Empathie als aus tats&#228;chlichen Beschwerden, denn der gro&#223;e Sohn hatte nun seinen Arzttermin, der uns nun nachhaltig vermutlich das n&#228;chste halbe Jahr besch&#228;ftigen w&#252;rde und noch l&#228;sst sich schwer einsch&#228;tzen, in welchem Ausma&#223;.<\/p>\n\n\n\n<figure class=\"wp-block-image size-full\"><a href=\"https:\/\/www.heldenhaushalt.de\/sari02\/wp-content\/uploads\/2026\/09\/35-01.jpg\"><img loading=\"lazy\" decoding=\"async\" width=\"1000\" height=\"739\" src=\"https:\/\/www.heldenhaushalt.de\/sari02\/wp-content\/uploads\/2026\/09\/35-01.jpg\" alt=\"Wochenlieblinge\" class=\"wp-image-72050\" srcset=\"https:\/\/www.heldenhaushalt.de\/sari02\/wp-content\/uploads\/2026\/09\/35-01.jpg 1000w, https:\/\/www.heldenhaushalt.de\/sari02\/wp-content\/uploads\/2026\/09\/35-01-300x222.jpg 300w, https:\/\/www.heldenhaushalt.de\/sari02\/wp-content\/uploads\/2026\/09\/35-01-768x568.jpg 768w\" sizes=\"auto, (max-width: 1000px) 100vw, 1000px\" \/><\/a><figcaption class=\"wp-element-caption\">Termin mit dem gro&#223;en Sohn &#252;berstanden<\/figcaption><\/figure>\n\n\n\n<p class=\"wp-block-paragraph\">Es ist jetzt nichts Schlimmes und hat vor allem das Ziel, dass er sp&#228;ter nicht irgendwelche unangenehmen Beschwerden haben k&#246;nnte, aber es kann ihn in seinem regul&#228;ren Alltag doch etwas einschr&#228;nken und auch mal f&#252;r Unwohlsein sorgen und das w&#252;nscht man seinem Kind nicht. Der Termin selbst lief reibungslos und ohne gro&#223;e Beschwerden, aber die Einschr&#228;nkungen merkt er dennoch und sie nerven ihn. Aber nicht so schlimm, wie wir bef&#252;rchtet haben. Man muss sich halt daran gew&#246;hnen.<\/p>\n\n\n\n<figure class=\"wp-block-image size-full\"><a href=\"https:\/\/www.heldenhaushalt.de\/sari02\/wp-content\/uploads\/2026\/09\/35-02.jpg\"><img loading=\"lazy\" decoding=\"async\" width=\"1000\" height=\"697\" src=\"https:\/\/www.heldenhaushalt.de\/sari02\/wp-content\/uploads\/2026\/09\/35-02.jpg\" alt=\"Nichte\" class=\"wp-image-72051\" srcset=\"https:\/\/www.heldenhaushalt.de\/sari02\/wp-content\/uploads\/2026\/09\/35-02.jpg 1000w, https:\/\/www.heldenhaushalt.de\/sari02\/wp-content\/uploads\/2026\/09\/35-02-300x209.jpg 300w, https:\/\/www.heldenhaushalt.de\/sari02\/wp-content\/uploads\/2026\/09\/35-02-768x535.jpg 768w\" sizes=\"auto, (max-width: 1000px) 100vw, 1000px\" \/><\/a><figcaption class=\"wp-element-caption\">Nicht auf dem Arm haben&#8230;herrlich<\/figcaption><\/figure>\n\n\n\n<p class=\"wp-block-paragraph\">Die morgendliche Strecken, die ich derzeit t&#228;glich habe, habe ich diese Woche auch direkt mal mit einem Besuch bei meiner Schwester und meiner Nichte kombiniert. Mit Br&#246;tchen im Gep&#228;ck sa&#223; ich morgens bei ihr zum Fr&#252;hst&#252;ck und hatte nach 2 Wochen Entzug meine kleine Nichte wieder auf dem Arm und hach, es war so sch&#246;n. Es ist doch ganz anders, wenn man mal so unter sich ist und sie scheint bei mir auch gut zur Ruhe zu kommen. Wir quatschten ganz viel und nebenbei schlief sie selig auf mir und ich genoss alles daran. Es ist so seltsam wieder so etwas Kleines um sich zu haben und gleichzeitig so sch&#246;n. Auch weil Mama und Kind so mega entspannt sind. Aber sie hat sich in den zwei Wochen schon so dolle ver&#228;ndert. Es ist so krass.<\/p>\n\n\n\n<figure class=\"wp-block-image size-full\"><a href=\"https:\/\/www.heldenhaushalt.de\/sari02\/wp-content\/uploads\/2026\/09\/35-03.jpg\"><img loading=\"lazy\" decoding=\"async\" width=\"1000\" height=\"718\" src=\"https:\/\/www.heldenhaushalt.de\/sari02\/wp-content\/uploads\/2026\/09\/35-03.jpg\" alt=\"Nichte\" class=\"wp-image-72052\" srcset=\"https:\/\/www.heldenhaushalt.de\/sari02\/wp-content\/uploads\/2026\/09\/35-03.jpg 1000w, https:\/\/www.heldenhaushalt.de\/sari02\/wp-content\/uploads\/2026\/09\/35-03-300x215.jpg 300w, https:\/\/www.heldenhaushalt.de\/sari02\/wp-content\/uploads\/2026\/09\/35-03-768x551.jpg 768w\" sizes=\"auto, (max-width: 1000px) 100vw, 1000px\" \/><\/a><figcaption class=\"wp-element-caption\">Entwicklungen der Nichte bestaunen<\/figcaption><\/figure>\n\n\n\n<p class=\"wp-block-paragraph\">Das durfte ich auch beim kleinen Sohn feststellen, dessen Klassenfotos diese Woche ankamen. Holla sieht er gro&#223; darauf aus und wir haben festgestellt, dass er &#8211; je &#228;lter er wird &#8211; seinem gro&#223;en Bruder immer &#228;hnlicher wird. W&#228;hrend dieser meinem Vater immer &#228;hnlicher wird und einerseits finde ich das total toll, weil ich so viele sch&#246;ne Erinnerungen wiederbekomme und gleichzeitig ist das alles irgendwie total creepy. Man wird da ganz sentimental.<\/p>\n\n\n\n<figure class=\"wp-block-image size-full\"><a href=\"https:\/\/www.heldenhaushalt.de\/sari02\/wp-content\/uploads\/2026\/09\/35-05.jpg\"><img loading=\"lazy\" decoding=\"async\" width=\"1000\" height=\"773\" src=\"https:\/\/www.heldenhaushalt.de\/sari02\/wp-content\/uploads\/2026\/09\/35-05.jpg\" alt=\"Schule\" class=\"wp-image-72054\" srcset=\"https:\/\/www.heldenhaushalt.de\/sari02\/wp-content\/uploads\/2026\/09\/35-05.jpg 1000w, https:\/\/www.heldenhaushalt.de\/sari02\/wp-content\/uploads\/2026\/09\/35-05-300x232.jpg 300w, https:\/\/www.heldenhaushalt.de\/sari02\/wp-content\/uploads\/2026\/09\/35-05-768x594.jpg 768w\" sizes=\"auto, (max-width: 1000px) 100vw, 1000px\" \/><\/a><figcaption class=\"wp-element-caption\">Pfui&#8230; Schulalltag<\/figcaption><\/figure>\n\n\n\n<p class=\"wp-block-paragraph\">Vorteil daran, dass nun beide Jungs auf eine Schule gehen ist der, dass ich beide Elternabende nun am einem Ort habe und netterweise hat die Schule sie auch noch auf den gleichen Tag gelegt. Noch ist es kein Problem, da der Abi-Infoteil um 18 Uhr stattfand und ich um 19 Uhr dann in der Klasse des Kleinen sein musste und beides lag auch noch perfekt nebeneinander. W&#228;re ja sch&#246;n, wenn sich das f&#252;r die n&#228;chsten zwei Jahre auch so h&#228;lt. Dann muss ich nicht mehrmals die Woche los oder mich gar zweiteilen. Daf&#252;r dauerte der ganze Spa&#223; tats&#228;chlich bis nach 21 Uhr&#8230;<\/p>\n\n\n\n<figure class=\"wp-block-image size-full\"><a href=\"https:\/\/www.heldenhaushalt.de\/sari02\/wp-content\/uploads\/2026\/09\/35-06.jpg\"><img loading=\"lazy\" decoding=\"async\" width=\"1000\" height=\"707\" src=\"https:\/\/www.heldenhaushalt.de\/sari02\/wp-content\/uploads\/2026\/09\/35-06.jpg\" alt=\"Elternabend\" class=\"wp-image-72065\" srcset=\"https:\/\/www.heldenhaushalt.de\/sari02\/wp-content\/uploads\/2026\/09\/35-06.jpg 1000w, https:\/\/www.heldenhaushalt.de\/sari02\/wp-content\/uploads\/2026\/09\/35-06-300x212.jpg 300w, https:\/\/www.heldenhaushalt.de\/sari02\/wp-content\/uploads\/2026\/09\/35-06-767x542.jpg 767w\" sizes=\"auto, (max-width: 1000px) 100vw, 1000px\" \/><\/a><figcaption class=\"wp-element-caption\">3 Stunden Elternabend<\/figcaption><\/figure>\n\n\n\n<p class=\"wp-block-paragraph\">Und damit war ich dann zum Ende der Woche mit den Terminen durch, die so auf meiner Agenda standen und ich konnte mich endlich mal auf andere Sachen konzentrieren. Die Ausw&#228;rtsfahrt zum Beispiel, die am Wochenende ansteht&#8230; oder Geburtstage. Vom Haushalt fang ich gar nicht mal an und da steht immer noch Laminat im Flur. Ups&#8230;<\/p>\n\n\n\n<figure class=\"wp-block-image size-full\"><a href=\"https:\/\/www.heldenhaushalt.de\/sari02\/wp-content\/uploads\/2026\/09\/35-07.jpg\"><img loading=\"lazy\" decoding=\"async\" width=\"1000\" height=\"732\" src=\"https:\/\/www.heldenhaushalt.de\/sari02\/wp-content\/uploads\/2026\/09\/35-07.jpg\" alt=\"Wochenlieblinge\" class=\"wp-image-72066\" srcset=\"https:\/\/www.heldenhaushalt.de\/sari02\/wp-content\/uploads\/2026\/09\/35-07.jpg 1000w, https:\/\/www.heldenhaushalt.de\/sari02\/wp-content\/uploads\/2026\/09\/35-07-300x220.jpg 300w, https:\/\/www.heldenhaushalt.de\/sari02\/wp-content\/uploads\/2026\/09\/35-07-768x562.jpg 768w\" sizes=\"auto, (max-width: 1000px) 100vw, 1000px\" \/><\/a><figcaption class=\"wp-element-caption\">Erste K&#252;rbissuppe diesen Herbst<\/figcaption><\/figure>\n\n\n\n<p class=\"wp-block-paragraph\">Aber hey, wie es scheint k&#246;nnen der kleine Sohn und ich doch noch <a href=\"https:\/\/www.heldenhaushalt.de\/sari02\/index.php\/2025\/10\/07\/impressionen-der-14-steinewahn-ausstellung-2025\/\" data-type=\"link\" data-id=\"https:\/\/www.heldenhaushalt.de\/sari02\/index.php\/2025\/10\/07\/impressionen-der-14-steinewahn-ausstellung-2025\/\">zur Steinewahn-Messe<\/a> dieses Jahr, was tats&#228;chlich erst nicht so aussah und uns schon extrem traurig gemacht hatte. Mal sehen, ob alles so klappt, wie wir denken. Das Wochenende wird auf jeden Fall nochmal heftig und ich glaube dann k&#246;nnen wir endlich ein wenig durchatmen und den Herbst zelebrieren.<\/p>\n\n\n\n<hr class=\"wp-block-separator has-alpha-channel-opacity\"\/>\n\n\n\n<h2 class=\"wp-block-heading\">Unsere&nbsp;\u201cHigh Five\u201d der Woche<\/h2>\n\n\n\n<p class=\"wp-block-paragraph\"><strong>Bei den \u201cHigh Five\u201d von Sabine geht es darum f&#252;nf Dinge zu finden, die in der Woche gut waren.&nbsp;<a href=\"https:\/\/mausloch.blogspot.com\/p\/blogparade-high-five-am-sonntag.html\" target=\"_blank\" rel=\"noopener\">Erfahrt hier mehr dazu<\/a>.<\/strong><\/p>\n\n\n\n<ul class=\"wp-block-list\">\n<li>Der gro&#223;e Sohn hat den Termin &#252;berstanden<\/li>\n\n\n\n<li>Die Weiterbehandlung ist erst einmal ok<\/li>\n\n\n\n<li>Meine Nichte besucht und geknuddelt<\/li>\n\n\n\n<li>Im August insgesamt 262 km mit dem Rad gefahren<\/li>\n\n\n\n<li>Die erste K&#252;rbissuppe gekocht<\/li>\n<\/ul>\n\n\n\n<hr class=\"wp-block-separator has-alpha-channel-opacity\"\/>\n\n\n\n<h2 class=\"wp-block-heading\">Wochenlieblinge in der Blogsph&#228;re<\/h2>\n\n\n\n<p class=\"wp-block-paragraph\"><strong>An dieser Stelle gibt es immer lesenswerte Wochenlieblinge, Fundst&#252;cke aus dem Internet oder der Blogsph&#228;re und Neuzug&#228;nge im Feed Reader, falls es welche gibt.<\/strong><\/p>\n\n\n\n<ul class=\"wp-block-list\">\n<li><a href=\"https:\/\/bunte-kuechenabenteuer.de\/fladenbrot-mit-kaese-und-toppings-1-portion\/\" data-type=\"link\" data-id=\"https:\/\/bunte-kuechenabenteuer.de\/fladenbrot-mit-kaese-und-toppings-1-portion\/\" target=\"_blank\" rel=\"noreferrer noopener\">Fladenbrot <\/a>mit K&#228;se und Toppings<\/li>\n\n\n\n<li>Die <a href=\"https:\/\/www.instagram.com\/p\/DcvuJxSpkRA\/\" data-type=\"link\" data-id=\"https:\/\/www.instagram.com\/p\/DcvuJxSpkRA\/\" target=\"_blank\" rel=\"noreferrer noopener\">Liste f&#252;r den Inktober<\/a> wurde bekannt gegeben!<\/li>\n\n\n\n<li>Der einfachste<a href=\"https:\/\/coffee2stay.blog\/2026\/09\/01\/einfacher-saftiger-zitronenkuchen\/\" data-type=\"link\" data-id=\"https:\/\/coffee2stay.blog\/2026\/09\/01\/einfacher-saftiger-zitronenkuchen\/\" target=\"_blank\" rel=\"noreferrer noopener\"> Zitronenkuchen<\/a><\/li>\n\n\n\n<li>Tati schreibt: <a href=\"https:\/\/tatjliebt.de\/people-pleaser\/\" data-type=\"link\" data-id=\"https:\/\/tatjliebt.de\/people-pleaser\/\" target=\"_blank\" rel=\"noreferrer noopener\">nett zu allen, nur nicht zu mir<\/a><\/li>\n\n\n\n<li>Der Achtsamkeitskalender im September: <a href=\"https:\/\/www.actionforhappiness.de\/september\/\" data-type=\"link\" data-id=\"https:\/\/www.actionforhappiness.de\/september\/\" target=\"_blank\" rel=\"noreferrer noopener\">Selbstf&#252;rsorge September<\/a><\/li>\n\n\n\n<li>Es gibt wieder eine tolle <a href=\"https:\/\/coffee2stay.blog\/2026\/09\/02\/sprachsnack-ungewohnte-begriffe\/\" data-type=\"link\" data-id=\"https:\/\/coffee2stay.blog\/2026\/09\/02\/sprachsnack-ungewohnte-begriffe\/\" target=\"_blank\" rel=\"noreferrer noopener\">Sprachsnack Sammlung<\/a><\/li>\n\n\n\n<li><a href=\"https:\/\/www.waseigenes.com\/2026\/09\/03\/september-auf-dem-teller\/#google_vignette\" data-type=\"link\" data-id=\"https:\/\/www.waseigenes.com\/2026\/09\/03\/september-auf-dem-teller\/#google_vignette\" target=\"_blank\" rel=\"noreferrer noopener\">6 Lieblingsrezepte <\/a>f&#252;r Sp&#228;tsommer &amp; Herbstanfang<\/li>\n<\/ul>\n\n\n\n<hr class=\"wp-block-separator has-alpha-channel-opacity\"\/>\n\n\n\n<h2 class=\"wp-block-heading\">Zeit f&#252;r die Freitagsfragen&nbsp;<\/h2>\n\n\n\n<figure class=\"wp-block-image size-full\"><a href=\"https:\/\/www.heldenhaushalt.de\/sari02\/wp-content\/uploads\/2026\/09\/35-04.jpg\"><img loading=\"lazy\" decoding=\"async\" width=\"1000\" height=\"775\" src=\"https:\/\/www.heldenhaushalt.de\/sari02\/wp-content\/uploads\/2026\/09\/35-04.jpg\" alt=\"Wochenlieblinge\" class=\"wp-image-72053\" srcset=\"https:\/\/www.heldenhaushalt.de\/sari02\/wp-content\/uploads\/2026\/09\/35-04.jpg 1000w, https:\/\/www.heldenhaushalt.de\/sari02\/wp-content\/uploads\/2026\/09\/35-04-300x233.jpg 300w, https:\/\/www.heldenhaushalt.de\/sari02\/wp-content\/uploads\/2026\/09\/35-04-768x595.jpg 768w\" sizes=\"auto, (max-width: 1000px) 100vw, 1000px\" \/><\/a><figcaption class=\"wp-element-caption\">Endlich passt das Wetter zum Teefeeling<\/figcaption><\/figure>\n\n\n\n<p class=\"wp-block-paragraph\"><strong>Und zum Abschluss auch dieses Mal wieder Wochenlieblinge mit dem\u00a0<a href=\"https:\/\/scrapimpulse.com\/2026\/09\/gedanken-zu-dies-und-das-freitagstipps-und-886\/\" data-type=\"link\" data-id=\"https:\/\/scrapimpulse.com\/2026\/09\/gedanken-zu-dies-und-das-freitagstipps-und-886\/\" target=\"_blank\" rel=\"noreferrer noopener\">Freitagsf&#252;ller von Babara<\/a>.<\/strong><\/p>\n\n\n\n<p class=\"wp-block-paragraph\"><strong>1.<\/strong> Ich habe herausgefunden <strong>dass es wirklich sch&#246;n ist Tante zu sein<\/strong>.<br><strong>2. Gott sei Dank ist mir noch nie etwas Wichtiges<\/strong> ins Wasser gefallen.<br><strong>3.<\/strong> Im Anschluss <strong>von diesem Blogbeirag muss ich mich mit einem Rezept befassen.<\/strong><br><strong>4. Erfreulicher Weise f&#228;llt Regen<\/strong> von oben nach unten..<br><strong>5. <\/strong>Der knappe<strong> Vormittag bringt mich aktuell noch etwas durcheinander.<\/strong><br><strong>6. Nat&#252;rlich genie&#223;en wir <\/strong>jeden Sonnenstrahl.<br><strong>7.<\/strong> Was das Wochenende angeht, heute Abend freue ich mich auf <strong>Sofatime<\/strong> , morgen habe ich geplant, <strong>mit dem kleinen Sohn wieder zur Steinewahn Ausstellung zu gehen<\/strong> und Sonntag m&#246;chte ich <strong>mehr oder weniger mit Begeisterung zu einem ziemlich gro&#223;en Ausw&#228;rtsturnier fahren<\/strong>!<\/p>\n\n\n\n<p class=\"has-small-font-size wp-block-paragraph\">*<strong>Anmerkung:<\/strong>&nbsp;Der Artikel &#252;ber unsere Wochenlieblinge enth&#228;lt evtl. Bilder mit Produkten, die wir in unserem Alltag nutzen oder Linkempfehlungen. Wir haben keine Bezahlung f&#252;r das Zeigen oder Nutzen derselbigen erhalten. Affiliate Links sind als solche markiert.<\/p>\n\n\n\n<p class=\"wp-block-paragraph\"><\/p>\n","protected":false},"excerpt":{"rendered":"<p>Enth&#228;lt unbezahlte Werbung* Juchuuuuu&#8230;. es ist metreologischer Herbstanfang und ich darf die Herbstkisten vom Dachboden holen (die zu 80% aus Halloweenkram bestehen). Ich freu mich. Endlich darf ich legitim Orange als dominante Farbe im Wohnbereich einf&#252;hren und die ersten K&#252;rbisse in den Garten verfrachten. Auch die Temperaturen passen besser dazu und Tee trinken macht wieder viel mehr Spa&#223;. Aber vorher gab es diese Woche noch einige Termine abzuhaken&#8230; also lasst uns reingehen in die Wochenlieblinge. Mein Ausmist-Counter 2026:\u00a0520Spiele und B&#252;cher der Schule gespendet Unsere Wochenlieblinge in dieser Woche\u2026 Die Woche startete mit Bauchschmerzen f&#252;r uns alle. Mehr aus Empathie als aus tats&#228;chlichen Beschwerden, denn der gro&#223;e Sohn hatte nun seinen Arzttermin, der uns nun nachhaltig vermutlich das n&#228;chste halbe Jahr besch&#228;ftigen w&#252;rde und noch l&#228;sst sich schwer einsch&#228;tzen, in welchem Ausma&#223;. Es ist jetzt nichts Schlimmes und hat vor allem das Ziel, dass er sp&#228;ter nicht irgendwelche unangenehmen Beschwerden haben k&#246;nnte, aber es kann ihn in seinem regul&#228;ren Alltag doch etwas einschr&#228;nken und auch mal f&#252;r Unwohlsein sorgen und das w&#252;nscht man seinem Kind nicht. Der Termin selbst lief reibungslos und ohne gro&#223;e Beschwerden, aber die Einschr&#228;nkungen merkt er dennoch und sie nerven ihn. Aber nicht so schlimm, wie wir bef&#252;rchtet haben. Man muss sich halt daran gew&#246;hnen. Die morgendliche Strecken, die ich derzeit t&#228;glich habe, habe ich diese Woche auch direkt mal mit einem Besuch bei meiner Schwester und meiner Nichte kombiniert. Mit Br&#246;tchen im Gep&#228;ck sa&#223; ich morgens bei ihr zum Fr&#252;hst&#252;ck und hatte nach 2 Wochen Entzug meine kleine Nichte wieder auf dem Arm und hach, es war so sch&#246;n. Es ist doch ganz anders, wenn man mal so unter sich ist und sie scheint bei mir auch gut zur Ruhe zu kommen. Wir quatschten ganz viel und nebenbei schlief sie selig auf mir und ich genoss alles daran. Es ist so seltsam wieder so etwas Kleines um sich zu haben und gleichzeitig so sch&#246;n. Auch weil Mama und Kind so mega entspannt sind. Aber sie hat sich in den zwei Wochen schon so dolle ver&#228;ndert. Es ist so krass. Das durfte ich auch beim kleinen Sohn feststellen, dessen Klassenfotos diese Woche ankamen. Holla sieht er gro&#223; darauf aus und wir haben festgestellt, dass er &#8211; je &#228;lter er wird &#8211; seinem gro&#223;en Bruder immer &#228;hnlicher wird. W&#228;hrend dieser meinem Vater immer &#228;hnlicher wird und einerseits finde ich das total toll, weil ich so viele sch&#246;ne Erinnerungen wiederbekomme und gleichzeitig ist das alles irgendwie total creepy. Man wird da ganz sentimental. Vorteil daran, dass nun beide Jungs auf eine Schule gehen ist der, dass ich beide Elternabende nun am einem Ort habe und netterweise hat die Schule sie auch noch auf den gleichen Tag gelegt. Noch ist es kein Problem, da der Abi-Infoteil um 18 Uhr stattfand und ich um 19 Uhr dann in der Klasse des Kleinen sein musste und beides lag auch noch perfekt nebeneinander. W&#228;re ja sch&#246;n, wenn sich das f&#252;r die n&#228;chsten zwei Jahre auch so h&#228;lt. Dann muss ich nicht mehrmals die Woche los oder mich gar zweiteilen. Daf&#252;r dauerte der ganze Spa&#223; tats&#228;chlich bis nach 21 Uhr&#8230; Und damit war ich dann zum Ende der Woche mit den Terminen durch, die so auf meiner Agenda standen und ich konnte mich endlich mal auf andere Sachen konzentrieren. Die Ausw&#228;rtsfahrt zum Beispiel, die am Wochenende ansteht&#8230; oder Geburtstage. Vom Haushalt fang ich gar nicht mal an und da steht immer noch Laminat im Flur. Ups&#8230; Aber hey, wie es scheint k&#246;nnen der kleine Sohn und ich doch noch zur Steinewahn-Messe dieses Jahr, was tats&#228;chlich erst nicht so aussah und uns schon extrem traurig gemacht hatte. Mal sehen, ob alles so klappt, wie wir denken. Das Wochenende wird auf jeden Fall nochmal heftig und ich glaube dann k&#246;nnen wir endlich ein wenig durchatmen und den Herbst zelebrieren. Unsere&nbsp;\u201cHigh Five\u201d der Woche Bei den \u201cHigh Five\u201d von Sabine geht es darum f&#252;nf Dinge zu finden, die in der Woche gut waren.&nbsp;Erfahrt hier mehr dazu. Wochenlieblinge in der Blogsph&#228;re An dieser Stelle gibt es immer lesenswerte Wochenlieblinge, Fundst&#252;cke aus dem Internet oder der Blogsph&#228;re und Neuzug&#228;nge im Feed Reader, falls es welche gibt. Zeit f&#252;r die Freitagsfragen&nbsp; Und zum Abschluss auch dieses Mal wieder Wochenlieblinge mit dem\u00a0Freitagsf&#252;ller von Babara. 1. Ich habe herausgefunden dass es wirklich sch&#246;n ist Tante zu sein.2. Gott sei Dank ist mir noch nie etwas Wichtiges ins Wasser gefallen.3. Im Anschluss von diesem Blogbeirag muss ich mich mit einem Rezept befassen.4. Erfreulicher Weise f&#228;llt Regen von oben nach unten..5. Der knappe Vormittag bringt mich aktuell noch etwas durcheinander.6. Nat&#252;rlich genie&#223;en wir jeden Sonnenstrahl.7. Was das Wochenende angeht, heute Abend freue ich mich auf Sofatime , morgen habe ich geplant, mit dem kleinen Sohn wieder zur Steinewahn Ausstellung zu gehen und Sonntag m&#246;chte ich mehr oder weniger mit Begeisterung zu einem ziemlich gro&#223;en Ausw&#228;rtsturnier fahren! *Anmerkung:&nbsp;Der Artikel &#252;ber unsere Wochenlieblinge enth&#228;lt evtl. Bilder mit Produkten, die wir in unserem Alltag nutzen oder Linkempfehlungen. Wir haben keine Bezahlung f&#252;r das Zeigen oder Nutzen derselbigen erhalten. Affiliate Links sind als solche markiert.<\/p>\n","protected":false},"author":1,"featured_media":72049,"comment_status":"open","ping_status":"open","sticky":false,"template":"","format":"standard","meta":{"ngg_post_thumbnail":0,"footnotes":""},"categories":[3494],"tags":[3125,3617,2161],"class_list":["post-72046","post","type-post","status-publish","format-standard","has-post-thumbnail","hentry","category-rueckblick","tag-freitagsfueller","tag-high-five","tag-wochenlieblinge"],"yoast_head":"<!-- This site is optimized with the Yoast SEO plugin v28.4 - https:\/\/yoast.com\/product\/yoast-seo-wordpress\/ -->\n<title>Unsere Wochenlieblinge 35\/2026 \u2013 Das Gr\u00f6bste geschafft! - Heldenhaushalt<\/title>\n<meta name=\"description\" content=\"...wieder viel mehr Spa\u00df. Aber vorher gab es diese Woche noch einige Termine abzuhaken... also lasst uns reingehen in die Wochenlieblinge.\" \/>\n<meta name=\"robots\" content=\"index, follow, max-snippet:-1, max-image-preview:large, max-video-preview:-1\" \/>\n<link rel=\"canonical\" href=\"https:\/\/www.heldenhaushalt.de\/sari02\/index.php\/2026\/09\/04\/unsere-wochenlieblinge-352026-das-groebste-geschafft\/\" \/>\n<meta property=\"og:locale\" content=\"de_DE\" \/>\n<meta property=\"og:type\" content=\"article\" \/>\n<meta property=\"og:title\" content=\"Unsere Wochenlieblinge 35\/2026 \u2013 Das Gr\u00f6bste geschafft! - Heldenhaushalt\" \/>\n<meta property=\"og:description\" content=\"...wieder viel mehr Spa\u00df. Aber vorher gab es diese Woche noch einige Termine abzuhaken... also lasst uns reingehen in die Wochenlieblinge.\" \/>\n<meta property=\"og:url\" content=\"https:\/\/www.heldenhaushalt.de\/sari02\/index.php\/2026\/09\/04\/unsere-wochenlieblinge-352026-das-groebste-geschafft\/\" \/>\n<meta property=\"og:site_name\" content=\"Heldenhaushalt\" \/>\n<meta property=\"article:published_time\" content=\"2026-09-04T07:00:00+00:00\" \/>\n<meta property=\"article:modified_time\" content=\"2026-09-04T07:16:36+00:00\" \/>\n<meta property=\"og:image\" content=\"https:\/\/www.heldenhaushalt.de\/sari02\/wp-content\/uploads\/2026\/09\/35-00.jpg\" \/>\n\t<meta property=\"og:image:width\" content=\"1000\" \/>\n\t<meta property=\"og:image:height\" content=\"787\" \/>\n\t<meta property=\"og:image:type\" content=\"image\/jpeg\" \/>\n<meta name=\"author\" content=\"Sari\" \/>\n<meta name=\"twitter:card\" content=\"summary_large_image\" \/>\n<meta name=\"twitter:creator\" content=\"@Heldenhaushalt\" \/>\n<meta name=\"twitter:site\" content=\"@Heldenhaushalt\" \/>\n<meta name=\"twitter:label1\" content=\"Verfasst von\" \/>\n\t<meta name=\"twitter:data1\" content=\"Sari\" \/>\n\t<meta name=\"twitter:label2\" content=\"Gesch\u00e4tzte Lesezeit\" \/>\n\t<meta name=\"twitter:data2\" content=\"7\u00a0Minuten\" \/>\n<script type=\"application\/ld+json\" class=\"yoast-schema-graph\">{\"@context\":\"https:\\\/\\\/schema.org\",\"@graph\":[{\"@type\":\"Article\",\"@id\":\"https:\\\/\\\/www.heldenhaushalt.de\\\/sari02\\\/index.php\\\/2026\\\/09\\\/04\\\/unsere-wochenlieblinge-352026-das-groebste-geschafft\\\/#article\",\"isPartOf\":{\"@id\":\"https:\\\/\\\/www.heldenhaushalt.de\\\/sari02\\\/index.php\\\/2026\\\/09\\\/04\\\/unsere-wochenlieblinge-352026-das-groebste-geschafft\\\/\"},\"author\":{\"name\":\"Sari\",\"@id\":\"https:\\\/\\\/www.heldenhaushalt.de\\\/sari02\\\/#\\\/schema\\\/person\\\/a1cc69f42a01f412eb62c151353814f6\"},\"headline\":\"Unsere Wochenlieblinge 35\\\/2026 \u2013 Das Gr&#246;bste geschafft!\",\"datePublished\":\"2026-09-04T07:00:00+00:00\",\"dateModified\":\"2026-09-04T07:16:36+00:00\",\"mainEntityOfPage\":{\"@id\":\"https:\\\/\\\/www.heldenhaushalt.de\\\/sari02\\\/index.php\\\/2026\\\/09\\\/04\\\/unsere-wochenlieblinge-352026-das-groebste-geschafft\\\/\"},\"wordCount\":1016,\"commentCount\":0,\"publisher\":{\"@id\":\"https:\\\/\\\/www.heldenhaushalt.de\\\/sari02\\\/#\\\/schema\\\/person\\\/a1cc69f42a01f412eb62c151353814f6\"},\"image\":{\"@id\":\"https:\\\/\\\/www.heldenhaushalt.de\\\/sari02\\\/index.php\\\/2026\\\/09\\\/04\\\/unsere-wochenlieblinge-352026-das-groebste-geschafft\\\/#primaryimage\"},\"thumbnailUrl\":\"https:\\\/\\\/www.heldenhaushalt.de\\\/sari02\\\/wp-content\\\/uploads\\\/2026\\\/09\\\/35-00.jpg\",\"keywords\":[\"Freitagsf\u00fcller\",\"High Five\",\"Wochenlieblinge\"],\"articleSection\":[\"R\u00fcckblick\"],\"inLanguage\":\"de\",\"potentialAction\":[{\"@type\":\"CommentAction\",\"name\":\"Comment\",\"target\":[\"https:\\\/\\\/www.heldenhaushalt.de\\\/sari02\\\/index.php\\\/2026\\\/09\\\/04\\\/unsere-wochenlieblinge-352026-das-groebste-geschafft\\\/#respond\"]}]},{\"@type\":\"WebPage\",\"@id\":\"https:\\\/\\\/www.heldenhaushalt.de\\\/sari02\\\/index.php\\\/2026\\\/09\\\/04\\\/unsere-wochenlieblinge-352026-das-groebste-geschafft\\\/\",\"url\":\"https:\\\/\\\/www.heldenhaushalt.de\\\/sari02\\\/index.php\\\/2026\\\/09\\\/04\\\/unsere-wochenlieblinge-352026-das-groebste-geschafft\\\/\",\"name\":\"Unsere Wochenlieblinge 35\\\/2026 \u2013 Das Gr\u00f6bste geschafft! - Heldenhaushalt\",\"isPartOf\":{\"@id\":\"https:\\\/\\\/www.heldenhaushalt.de\\\/sari02\\\/#website\"},\"primaryImageOfPage\":{\"@id\":\"https:\\\/\\\/www.heldenhaushalt.de\\\/sari02\\\/index.php\\\/2026\\\/09\\\/04\\\/unsere-wochenlieblinge-352026-das-groebste-geschafft\\\/#primaryimage\"},\"image\":{\"@id\":\"https:\\\/\\\/www.heldenhaushalt.de\\\/sari02\\\/index.php\\\/2026\\\/09\\\/04\\\/unsere-wochenlieblinge-352026-das-groebste-geschafft\\\/#primaryimage\"},\"thumbnailUrl\":\"https:\\\/\\\/www.heldenhaushalt.de\\\/sari02\\\/wp-content\\\/uploads\\\/2026\\\/09\\\/35-00.jpg\",\"datePublished\":\"2026-09-04T07:00:00+00:00\",\"dateModified\":\"2026-09-04T07:16:36+00:00\",\"description\":\"...wieder viel mehr Spa\u00df. Aber vorher gab es diese Woche noch einige Termine abzuhaken... also lasst uns reingehen in die Wochenlieblinge.\",\"breadcrumb\":{\"@id\":\"https:\\\/\\\/www.heldenhaushalt.de\\\/sari02\\\/index.php\\\/2026\\\/09\\\/04\\\/unsere-wochenlieblinge-352026-das-groebste-geschafft\\\/#breadcrumb\"},\"inLanguage\":\"de\",\"potentialAction\":[{\"@type\":\"ReadAction\",\"target\":[\"https:\\\/\\\/www.heldenhaushalt.de\\\/sari02\\\/index.php\\\/2026\\\/09\\\/04\\\/unsere-wochenlieblinge-352026-das-groebste-geschafft\\\/\"]}]},{\"@type\":\"ImageObject\",\"inLanguage\":\"de\",\"@id\":\"https:\\\/\\\/www.heldenhaushalt.de\\\/sari02\\\/index.php\\\/2026\\\/09\\\/04\\\/unsere-wochenlieblinge-352026-das-groebste-geschafft\\\/#primaryimage\",\"url\":\"https:\\\/\\\/www.heldenhaushalt.de\\\/sari02\\\/wp-content\\\/uploads\\\/2026\\\/09\\\/35-00.jpg\",\"contentUrl\":\"https:\\\/\\\/www.heldenhaushalt.de\\\/sari02\\\/wp-content\\\/uploads\\\/2026\\\/09\\\/35-00.jpg\",\"width\":1000,\"height\":787,\"caption\":\"Wochenlieblinge\"},{\"@type\":\"BreadcrumbList\",\"@id\":\"https:\\\/\\\/www.heldenhaushalt.de\\\/sari02\\\/index.php\\\/2026\\\/09\\\/04\\\/unsere-wochenlieblinge-352026-das-groebste-geschafft\\\/#breadcrumb\",\"itemListElement\":[{\"@type\":\"ListItem\",\"position\":1,\"name\":\"Startseite\",\"item\":\"https:\\\/\\\/www.heldenhaushalt.de\\\/sari02\\\/\"},{\"@type\":\"ListItem\",\"position\":2,\"name\":\"Unsere Wochenlieblinge 35\\\/2026 \u2013 Das Gr&#246;bste geschafft!\"}]},{\"@type\":\"WebSite\",\"@id\":\"https:\\\/\\\/www.heldenhaushalt.de\\\/sari02\\\/#website\",\"url\":\"https:\\\/\\\/www.heldenhaushalt.de\\\/sari02\\\/\",\"name\":\"Heldenhaushalt\",\"description\":\"Wer es ordentlich haben will, der muss vorher anrufen\",\"publisher\":{\"@id\":\"https:\\\/\\\/www.heldenhaushalt.de\\\/sari02\\\/#\\\/schema\\\/person\\\/a1cc69f42a01f412eb62c151353814f6\"},\"potentialAction\":[{\"@type\":\"SearchAction\",\"target\":{\"@type\":\"EntryPoint\",\"urlTemplate\":\"https:\\\/\\\/www.heldenhaushalt.de\\\/sari02\\\/?s={search_term_string}\"},\"query-input\":{\"@type\":\"PropertyValueSpecification\",\"valueRequired\":true,\"valueName\":\"search_term_string\"}}],\"inLanguage\":\"de\"},{\"@type\":[\"Person\",\"Organization\"],\"@id\":\"https:\\\/\\\/www.heldenhaushalt.de\\\/sari02\\\/#\\\/schema\\\/person\\\/a1cc69f42a01f412eb62c151353814f6\",\"name\":\"Sari\",\"image\":{\"@type\":\"ImageObject\",\"inLanguage\":\"de\",\"@id\":\"https:\\\/\\\/www.heldenhaushalt.de\\\/sari02\\\/wp-content\\\/uploads\\\/2019\\\/02\\\/sari-april2018.png\",\"url\":\"https:\\\/\\\/www.heldenhaushalt.de\\\/sari02\\\/wp-content\\\/uploads\\\/2019\\\/02\\\/sari-april2018.png\",\"contentUrl\":\"https:\\\/\\\/www.heldenhaushalt.de\\\/sari02\\\/wp-content\\\/uploads\\\/2019\\\/02\\\/sari-april2018.png\",\"width\":500,\"height\":500,\"caption\":\"Sari\"},\"logo\":{\"@id\":\"https:\\\/\\\/www.heldenhaushalt.de\\\/sari02\\\/wp-content\\\/uploads\\\/2019\\\/02\\\/sari-april2018.png\"},\"description\":\"Frau Mondgras \u2013 Das bin ich, Sari. Gerne auch als Sari Mondgras bekannt und im Internet zu finden. 2-Fach-Mutter, Heldenehefrau, Kreativling, Harmonies\u00fcchtig und st\u00e4ndig auf der Suche nach Gl\u00fcck. Ich komme aus Berlin, bin hier aufgewachsen und lebe hier seit ich denken kann.\",\"sameAs\":[\"https:\\\/\\\/www.instagram.com\\\/heldenhaushalt\\\/\"],\"url\":\"https:\\\/\\\/www.heldenhaushalt.de\\\/sari02\\\/index.php\\\/author\\\/admin\\\/\"}]}<\/script>\n<!-- \/ Yoast SEO plugin. -->","yoast_head_json":{"title":"Unsere Wochenlieblinge 35\/2026 \u2013 Das Gr\u00f6bste geschafft! - Heldenhaushalt","description":"...wieder viel mehr Spa\u00df. Aber vorher gab es diese Woche noch einige Termine abzuhaken... also lasst uns reingehen in die Wochenlieblinge.","robots":{"index":"index","follow":"follow","max-snippet":"max-snippet:-1","max-image-preview":"max-image-preview:large","max-video-preview":"max-video-preview:-1"},"canonical":"https:\/\/www.heldenhaushalt.de\/sari02\/index.php\/2026\/09\/04\/unsere-wochenlieblinge-352026-das-groebste-geschafft\/","og_locale":"de_DE","og_type":"article","og_title":"Unsere Wochenlieblinge 35\/2026 \u2013 Das Gr\u00f6bste geschafft! - Heldenhaushalt","og_description":"...wieder viel mehr Spa\u00df. Aber vorher gab es diese Woche noch einige Termine abzuhaken... also lasst uns reingehen in die Wochenlieblinge.","og_url":"https:\/\/www.heldenhaushalt.de\/sari02\/index.php\/2026\/09\/04\/unsere-wochenlieblinge-352026-das-groebste-geschafft\/","og_site_name":"Heldenhaushalt","article_published_time":"2026-09-04T07:00:00+00:00","article_modified_time":"2026-09-04T07:16:36+00:00","og_image":[{"width":1000,"height":787,"url":"https:\/\/www.heldenhaushalt.de\/sari02\/wp-content\/uploads\/2026\/09\/35-00.jpg","type":"image\/jpeg"}],"author":"Sari","twitter_card":"summary_large_image","twitter_creator":"@Heldenhaushalt","twitter_site":"@Heldenhaushalt","twitter_misc":{"Verfasst von":"Sari","Gesch\u00e4tzte Lesezeit":"7\u00a0Minuten"},"schema":{"@context":"https:\/\/schema.org","@graph":[{"@type":"Article","@id":"https:\/\/www.heldenhaushalt.de\/sari02\/index.php\/2026\/09\/04\/unsere-wochenlieblinge-352026-das-groebste-geschafft\/#article","isPartOf":{"@id":"https:\/\/www.heldenhaushalt.de\/sari02\/index.php\/2026\/09\/04\/unsere-wochenlieblinge-352026-das-groebste-geschafft\/"},"author":{"name":"Sari","@id":"https:\/\/www.heldenhaushalt.de\/sari02\/#\/schema\/person\/a1cc69f42a01f412eb62c151353814f6"},"headline":"Unsere Wochenlieblinge 35\/2026 \u2013 Das Gr&#246;bste geschafft!","datePublished":"2026-09-04T07:00:00+00:00","dateModified":"2026-09-04T07:16:36+00:00","mainEntityOfPage":{"@id":"https:\/\/www.heldenhaushalt.de\/sari02\/index.php\/2026\/09\/04\/unsere-wochenlieblinge-352026-das-groebste-geschafft\/"},"wordCount":1016,"commentCount":0,"publisher":{"@id":"https:\/\/www.heldenhaushalt.de\/sari02\/#\/schema\/person\/a1cc69f42a01f412eb62c151353814f6"},"image":{"@id":"https:\/\/www.heldenhaushalt.de\/sari02\/index.php\/2026\/09\/04\/unsere-wochenlieblinge-352026-das-groebste-geschafft\/#primaryimage"},"thumbnailUrl":"https:\/\/www.heldenhaushalt.de\/sari02\/wp-content\/uploads\/2026\/09\/35-00.jpg","keywords":["Freitagsf\u00fcller","High Five","Wochenlieblinge"],"articleSection":["R\u00fcckblick"],"inLanguage":"de","potentialAction":[{"@type":"CommentAction","name":"Comment","target":["https:\/\/www.heldenhaushalt.de\/sari02\/index.php\/2026\/09\/04\/unsere-wochenlieblinge-352026-das-groebste-geschafft\/#respond"]}]},{"@type":"WebPage","@id":"https:\/\/www.heldenhaushalt.de\/sari02\/index.php\/2026\/09\/04\/unsere-wochenlieblinge-352026-das-groebste-geschafft\/","url":"https:\/\/www.heldenhaushalt.de\/sari02\/index.php\/2026\/09\/04\/unsere-wochenlieblinge-352026-das-groebste-geschafft\/","name":"Unsere Wochenlieblinge 35\/2026 \u2013 Das Gr\u00f6bste geschafft! - Heldenhaushalt","isPartOf":{"@id":"https:\/\/www.heldenhaushalt.de\/sari02\/#website"},"primaryImageOfPage":{"@id":"https:\/\/www.heldenhaushalt.de\/sari02\/index.php\/2026\/09\/04\/unsere-wochenlieblinge-352026-das-groebste-geschafft\/#primaryimage"},"image":{"@id":"https:\/\/www.heldenhaushalt.de\/sari02\/index.php\/2026\/09\/04\/unsere-wochenlieblinge-352026-das-groebste-geschafft\/#primaryimage"},"thumbnailUrl":"https:\/\/www.heldenhaushalt.de\/sari02\/wp-content\/uploads\/2026\/09\/35-00.jpg","datePublished":"2026-09-04T07:00:00+00:00","dateModified":"2026-09-04T07:16:36+00:00","description":"...wieder viel mehr Spa\u00df. Aber vorher gab es diese Woche noch einige Termine abzuhaken... also lasst uns reingehen in die Wochenlieblinge.","breadcrumb":{"@id":"https:\/\/www.heldenhaushalt.de\/sari02\/index.php\/2026\/09\/04\/unsere-wochenlieblinge-352026-das-groebste-geschafft\/#breadcrumb"},"inLanguage":"de","potentialAction":[{"@type":"ReadAction","target":["https:\/\/www.heldenhaushalt.de\/sari02\/index.php\/2026\/09\/04\/unsere-wochenlieblinge-352026-das-groebste-geschafft\/"]}]},{"@type":"ImageObject","inLanguage":"de","@id":"https:\/\/www.heldenhaushalt.de\/sari02\/index.php\/2026\/09\/04\/unsere-wochenlieblinge-352026-das-groebste-geschafft\/#primaryimage","url":"https:\/\/www.heldenhaushalt.de\/sari02\/wp-content\/uploads\/2026\/09\/35-00.jpg","contentUrl":"https:\/\/www.heldenhaushalt.de\/sari02\/wp-content\/uploads\/2026\/09\/35-00.jpg","width":1000,"height":787,"caption":"Wochenlieblinge"},{"@type":"BreadcrumbList","@id":"https:\/\/www.heldenhaushalt.de\/sari02\/index.php\/2026\/09\/04\/unsere-wochenlieblinge-352026-das-groebste-geschafft\/#breadcrumb","itemListElement":[{"@type":"ListItem","position":1,"name":"Startseite","item":"https:\/\/www.heldenhaushalt.de\/sari02\/"},{"@type":"ListItem","position":2,"name":"Unsere Wochenlieblinge 35\/2026 \u2013 Das Gr&#246;bste geschafft!"}]},{"@type":"WebSite","@id":"https:\/\/www.heldenhaushalt.de\/sari02\/#website","url":"https:\/\/www.heldenhaushalt.de\/sari02\/","name":"Heldenhaushalt","description":"Wer es ordentlich haben will, der muss vorher anrufen","publisher":{"@id":"https:\/\/www.heldenhaushalt.de\/sari02\/#\/schema\/person\/a1cc69f42a01f412eb62c151353814f6"},"potentialAction":[{"@type":"SearchAction","target":{"@type":"EntryPoint","urlTemplate":"https:\/\/www.heldenhaushalt.de\/sari02\/?s={search_term_string}"},"query-input":{"@type":"PropertyValueSpecification","valueRequired":true,"valueName":"search_term_string"}}],"inLanguage":"de"},{"@type":["Person","Organization"],"@id":"https:\/\/www.heldenhaushalt.de\/sari02\/#\/schema\/person\/a1cc69f42a01f412eb62c151353814f6","name":"Sari","image":{"@type":"ImageObject","inLanguage":"de","@id":"https:\/\/www.heldenhaushalt.de\/sari02\/wp-content\/uploads\/2019\/02\/sari-april2018.png","url":"https:\/\/www.heldenhaushalt.de\/sari02\/wp-content\/uploads\/2019\/02\/sari-april2018.png","contentUrl":"https:\/\/www.heldenhaushalt.de\/sari02\/wp-content\/uploads\/2019\/02\/sari-april2018.png","width":500,"height":500,"caption":"Sari"},"logo":{"@id":"https:\/\/www.heldenhaushalt.de\/sari02\/wp-content\/uploads\/2019\/02\/sari-april2018.png"},"description":"Frau Mondgras \u2013 Das bin ich, Sari. Gerne auch als Sari Mondgras bekannt und im Internet zu finden. 2-Fach-Mutter, Heldenehefrau, Kreativling, Harmonies\u00fcchtig und st\u00e4ndig auf der Suche nach Gl\u00fcck. Ich komme aus Berlin, bin hier aufgewachsen und lebe hier seit ich denken kann.","sameAs":["https:\/\/www.instagram.com\/heldenhaushalt\/"],"url":"https:\/\/www.heldenhaushalt.de\/sari02\/index.php\/author\/admin\/"}]}},"views":43,"_links":{"self":[{"href":"https:\/\/www.heldenhaushalt.de\/sari02\/index.php\/wp-json\/wp\/v2\/posts\/72046","targetHints":{"allow":["GET"]}}],"collection":[{"href":"https:\/\/www.heldenhaushalt.de\/sari02\/index.php\/wp-json\/wp\/v2\/posts"}],"about":[{"href":"https:\/\/www.heldenhaushalt.de\/sari02\/index.php\/wp-json\/wp\/v2\/types\/post"}],"author":[{"embeddable":true,"href":"https:\/\/www.heldenhaushalt.de\/sari02\/index.php\/wp-json\/wp\/v2\/users\/1"}],"replies":[{"embeddable":true,"href":"https:\/\/www.heldenhaushalt.de\/sari02\/index.php\/wp-json\/wp\/v2\/comments?post=72046"}],"version-history":[{"count":6,"href":"https:\/\/www.heldenhaushalt.de\/sari02\/index.php\/wp-json\/wp\/v2\/posts\/72046\/revisions"}],"predecessor-version":[{"id":72069,"href":"https:\/\/www.heldenhaushalt.de\/sari02\/index.php\/wp-json\/wp\/v2\/posts\/72046\/revisions\/72069"}],"wp:featuredmedia":[{"embeddable":true,"href":"https:\/\/www.heldenhaushalt.de\/sari02\/index.php\/wp-json\/wp\/v2\/media\/72049"}],"wp:attachment":[{"href":"https:\/\/www.heldenhaushalt.de\/sari02\/index.php\/wp-json\/wp\/v2\/media?parent=72046"}],"wp:term":[{"taxonomy":"category","embeddable":true,"href":"https:\/\/www.heldenhaushalt.de\/sari02\/index.php\/wp-json\/wp\/v2\/categories?post=72046"},{"taxonomy":"post_tag","embeddable":true,"href":"https:\/\/www.heldenhaushalt.de\/sari02\/index.php\/wp-json\/wp\/v2\/tags?post=72046"}],"curies":[{"name":"wp","href":"https:\/\/api.w.org\/{rel}","templated":true}]}}