{"id":72056,"date":"2026-09-06T10:00:00","date_gmt":"2026-09-06T08:00:00","guid":{"rendered":"https:\/\/www.heldenhaushalt.de\/sari02\/?p=72056"},"modified":"2026-09-02T11:31:38","modified_gmt":"2026-09-02T09:31:38","slug":"grosse-veraenderungen-im-schulalltag","status":"publish","type":"post","link":"https:\/\/www.heldenhaushalt.de\/sari02\/index.php\/2026\/09\/06\/grosse-veraenderungen-im-schulalltag\/","title":{"rendered":"Gro&#223;e Ver&#228;nderungen im Schulalltag"},"content":{"rendered":"\n<p class=\"wp-block-paragraph\">Zwei Wochen Schule sind geschafft und vielleicht nehmen wir uns heute einfach mal ein zwei Minuten Zeit, um diese zu verarbeiten. Ich hatte in den Ferien und vorher schon immer wieder angek&#252;ndigt, dass doch ganz sch&#246;n viele Ver&#228;nderungen auf uns zukommen w&#252;rden und diese haben wir nun ganze zwei Wochen lang gestemmt.<\/p>\n\n\n\n\n\n<h2 class=\"wp-block-heading\">Abitur und Oberschule<\/h2>\n\n\n\n<p class=\"wp-block-paragraph\">Zwei gro&#223;e W&#246;rter, die uns nun besch&#228;ftigen. Der kleine Sohn hat in diesem Jahr beschlossen den fr&#252;hzeitigen Wechsel auf das Gymnasium zu versuchen &#8211; so wie sein Bruder damals &#8211; und f&#252;r den gro&#223;en Sohn startet nun Abenteuer Abitur. Vielleicht m&#252;sst ihr Folgendes dazu wissen.<\/p>\n\n\n\n<p class=\"wp-block-paragraph\">In Berlin geht die Grundschule regul&#228;r bis zur 6. Klasse und danach geht es erst auf die Oberschule. Je nachdem, wof&#252;r man sich entscheidet, absolviert man dann insgesamt 12 oder 13 Jahre, bis man sein Abitur geschafft hat. Geht man auf das Gymnasium f&#228;llt quasi die 11. Klasse weg und es geht nach der 10. Klasse direkt in das 1. Semester f&#252;r das Abitur. Das ist nat&#252;rlich sehr reizvoll und der Wunsch auf ein Gymnasium zu gehen recht gro&#223; bei vielen. <\/p>\n\n\n\n<p class=\"wp-block-paragraph\">In der 6. Klasse der Grundschule hier in Berlin f&#228;ngt man an sich zu orientieren, Tage der offen T&#252;r auf Oberschulen zu besuchen und sich dann mit dem Halbjahreszeugnis f&#252;r diese zu bewerben. Man gibt drei Wunschschulen an und hofft nat&#252;rlich, dass es eine von diesen dann auch wird. Bevorzugt nat&#252;rlich der Erstwunsch.<\/p>\n\n\n\n<h2 class=\"wp-block-heading\">Fr&#252;her klappte das auch meistens ganz gut<\/h2>\n\n\n\n<p class=\"wp-block-paragraph\">Ich meine mich zu erinnern, dass wir fr&#252;her nie gro&#223; bangen mussten, ob wir auf eine unserer Wunschschulen kommen w&#252;rden. In den letzten Jahren musste ich jedoch miterleben, dass viele aus unserem Bekanntenkreis nicht dieses Vergn&#252;gen hatten und dann vom Schulamt auf eine andere Schule geschickt wurden. Entweder in einem echt miesen Einzugsgebiet, eine Schule mit schlechtem Ruf oder sehr weit weg. Alle drei Optionen sind nicht unbedingt optimal und das macht einen als Elternteil doch ziemlich nerv&#246;s. <\/p>\n\n\n\n<p class=\"wp-block-paragraph\">Bei sehr beliebten Schulen habe ich sogar Bewerbung Szenarien erlebt, die einem Bewerbungsgespr&#228;ch f&#252;r einen hoch bezahlten Job entsprechen und am Besten f&#228;ngt man schon in der Kita an einen Ordner mit speziellen Auszeichnungen, Urkunden und Nachweisen zu erstellen, um sp&#228;ter vorzuweisen, was das Kind alles krasses in den 6 ersten Schuljahren schon so geleistet hat. Damit hat es deutlich bessere Chancen, als wenn es einfach nur Kind gewesen ist. Eine Mutter erz&#228;hlte mir, dass ihr Sohn gefragt wurde, ob er vom DFB gescoutet w&#228;re, als er sich f&#252;r die Sportklasse der Oberschule beworben h&#228;tte. Ich meine&#8230;hallo? Was l&#228;uft denn da bitte schief?<\/p>\n\n\n\n<p class=\"wp-block-paragraph\">Klar, dass Schulen, die sehr beliebt sind und dementsprechend viele Bewerbungen erhalten (deutlich mehr als sie Pl&#228;tze zur Verf&#252;gung haben) sich &#252;berlegen m&#252;ssen, wie sie am besten ein faires Auswahlverfahren entwickeln, das kann ich ja verstehen. Aber mir gef&#228;llt &#252;berhaupt nicht, in welche Richtung sich das entwickelt.<\/p>\n\n\n\n<h2 class=\"wp-block-heading\">Daher waren wir auch sehr froh, dass der gro&#223;e Sohn schon untergebracht war<\/h2>\n\n\n\n<p class=\"wp-block-paragraph\">So nerv&#246;s wir wegen der Entscheidung des fr&#252;hzeitigen Wechsels waren, desto gl&#252;cklicher waren wir, als alle seine Freunde auf einmal um ihre Schulpl&#228;tze bangen mussten und er einfach schon sicher und angekommen war. Zumal er den Vorteil hatte, dass er sich nicht noch umgew&#246;hnen musste. Er war ja schon mittendrin. Man untersch&#228;tzt oft, wie viel die Kinder da zu wuppen haben, gerade, wenn sie sich selbst auch in einer ziemlich massiv hormonellen und pers&#246;nlichen Umstellung befinden. Da kommt einiges aufeinander.<\/p>\n\n\n\n<p class=\"wp-block-paragraph\">Daher finde ich es eigentlich gar nicht schlecht, dass mit der 5. und 6. Klasse irgendwie so eine Art &#220;bergang geschaffen wurde. er hat sich zumindest beim gro&#223;en Sohn bew&#228;hrt und der kleine wollte diesen Weg nun auch gerne gehen.<\/p>\n\n\n\n<p class=\"wp-block-paragraph\">Aufgeregt waren wir hier nur, weil beide doch ziemlich unterschiedliche Schulkinder sind. Sie sind beide pfiffig und haben eine gute Auffassungsgabe, aber der kleine Sohn ist doch kindlicher, als es der gro&#223;e in dem Alter war. Der war schon immer seinem Alter irgendwie ein zwei Jahre voraus und f&#252;hlte sich bei &#196;lteren schon immer besser aufgehoben. Der kleine Sohn ist irgendwie mit allem kompatibel. Sei es &#196;ltere oder J&#252;ngere. Er f&#252;gt sich gut ein. Deshalb hatten wir auf sozialer Ebene auch keine Bedenken, da er sehr offen ist und schnell Zugang zu neuen Menschen findet.<\/p>\n\n\n\n<h2 class=\"wp-block-heading\">Doch wie waren nun die ersten Tage?<\/h2>\n\n\n\n<p class=\"wp-block-paragraph\">Nat&#252;rlich waren wir aufgeregt. Wie w&#252;rden die Stundepl&#228;ne aussehen. W&#252;rden die Kinder den Schulweg t&#228;glich zusammen machen k&#246;nnen (nein, k&#246;nnen sie leider nicht). Wie ist die neue Klasse, die neuen Lehrer&#8230; so viele Fragen. Und wie ist das Fazit nach zwei Wochen?<\/p>\n\n\n\n<p class=\"wp-block-paragraph\">Gar nicht mal so schlecht. Der kleine Sohn hat 22 M&#228;dchen und 10 Jungs in seiner Klasse, was ich doch recht heftig finde. Aber es scheint erst einmal ok zu sein. Da hatte ich doch so meine Bedenken. Die meisten Lehrer findet er nett und aktuell feiert er vor allem seinen Lateinlehrer und nachdem was er so erz&#228;hlt h&#228;tte ich mir den auch f&#252;r den gro&#223;en Sohn gew&#252;nscht. Also wer wei&#223;, vielleicht lernen wir diese Sprache ja doch noch lieben *lach*. <\/p>\n\n\n\n<p class=\"wp-block-paragraph\">Auch die Stundenpl&#228;ne halten sich in Grenzen, auch wenn sie leider nicht so parallel laufen, wie ich es mir gew&#252;nscht h&#228;tte. Also m&#252;ssen wir den Schulweg doch anders &#252;ben als geplant und wuppen ihn &#8211; so lange es geht &#8211; gemeinsam mit dem Rad. Und auch das klappt erstaunlich gut. Nach ein zwei Mal &#252;ben haben wir inzwischen ein gutes Tempo drauf und kommen recht Stress frei morgens an mit viel zeitlichem Puffer.<\/p>\n\n\n\n<p class=\"wp-block-paragraph\">Auch der gro&#223;e Sohn ist soweit mit seinen Lehrern zufrieden, wenn man mal davon absieht, dass sein LK Englisch Lehrer die ersten zwei Wochen vor allem durch Abwesenheit gl&#228;nzt und er so auch soft mit etwas reduziertem Unterricht in das f&#252;r ihn neue Kurssystem startet. Er genie&#223;t vor allem, dass er nicht mehr st&#228;ndig im gleichen Klassenverbund unterwegs ist und so Auszeiten von bestimmten Menschen hat. <\/p>\n\n\n\n<p class=\"wp-block-paragraph\">Nat&#252;rlich ist das fr&#252;he Aufstehen jeden Tag eine Herausforderung f&#252;r uns alle, zumal jetzt alle gleichzeitig los m&#252;ssen und auch die Tatsache, dass so ein Schultag jetzt auch mal bis 17 Uhr gehen kann, kommt nicht ganz so gut an. Aber im Groben sind wir gut in diese erste Zeit reingekommen und ich hoffe, wenn der richtige Schulalltag mit Lernen und Hausaufgaben dann los geht, dass wir auch weiter ganz gut damit zurecht kommen. Mal sehen, wie es in ein zwei Monaten dann aussieht&#8230;<\/p>\n","protected":false},"excerpt":{"rendered":"<p>Zwei Wochen Schule sind geschafft und vielleicht nehmen wir uns heute einfach mal ein zwei Minuten Zeit, um diese zu verarbeiten. Ich hatte in den Ferien und vorher schon immer wieder angek&#252;ndigt, dass doch ganz sch&#246;n viele Ver&#228;nderungen auf uns zukommen w&#252;rden und diese haben wir nun ganze zwei Wochen lang gestemmt. Abitur und Oberschule Zwei gro&#223;e W&#246;rter, die uns nun besch&#228;ftigen. Der kleine Sohn hat in diesem Jahr beschlossen den fr&#252;hzeitigen Wechsel auf das Gymnasium zu versuchen &#8211; so wie sein Bruder damals &#8211; und f&#252;r den gro&#223;en Sohn startet nun Abenteuer Abitur. Vielleicht m&#252;sst ihr Folgendes dazu wissen. In Berlin geht die Grundschule regul&#228;r bis zur 6. Klasse und danach geht es erst auf die Oberschule. Je nachdem, wof&#252;r man sich entscheidet, absolviert man dann insgesamt 12 oder 13 Jahre, bis man sein Abitur geschafft hat. Geht man auf das Gymnasium f&#228;llt quasi die 11. Klasse weg und es geht nach der 10. Klasse direkt in das 1. Semester f&#252;r das Abitur. Das ist nat&#252;rlich sehr reizvoll und der Wunsch auf ein Gymnasium zu gehen recht gro&#223; bei vielen. In der 6. Klasse der Grundschule hier in Berlin f&#228;ngt man an sich zu orientieren, Tage der offen T&#252;r auf Oberschulen zu besuchen und sich dann mit dem Halbjahreszeugnis f&#252;r diese zu bewerben. Man gibt drei Wunschschulen an und hofft nat&#252;rlich, dass es eine von diesen dann auch wird. Bevorzugt nat&#252;rlich der Erstwunsch. Fr&#252;her klappte das auch meistens ganz gut Ich meine mich zu erinnern, dass wir fr&#252;her nie gro&#223; bangen mussten, ob wir auf eine unserer Wunschschulen kommen w&#252;rden. In den letzten Jahren musste ich jedoch miterleben, dass viele aus unserem Bekanntenkreis nicht dieses Vergn&#252;gen hatten und dann vom Schulamt auf eine andere Schule geschickt wurden. Entweder in einem echt miesen Einzugsgebiet, eine Schule mit schlechtem Ruf oder sehr weit weg. Alle drei Optionen sind nicht unbedingt optimal und das macht einen als Elternteil doch ziemlich nerv&#246;s. Bei sehr beliebten Schulen habe ich sogar Bewerbung Szenarien erlebt, die einem Bewerbungsgespr&#228;ch f&#252;r einen hoch bezahlten Job entsprechen und am Besten f&#228;ngt man schon in der Kita an einen Ordner mit speziellen Auszeichnungen, Urkunden und Nachweisen zu erstellen, um sp&#228;ter vorzuweisen, was das Kind alles krasses in den 6 ersten Schuljahren schon so geleistet hat. Damit hat es deutlich bessere Chancen, als wenn es einfach nur Kind gewesen ist. Eine Mutter erz&#228;hlte mir, dass ihr Sohn gefragt wurde, ob er vom DFB gescoutet w&#228;re, als er sich f&#252;r die Sportklasse der Oberschule beworben h&#228;tte. Ich meine&#8230;hallo? Was l&#228;uft denn da bitte schief? Klar, dass Schulen, die sehr beliebt sind und dementsprechend viele Bewerbungen erhalten (deutlich mehr als sie Pl&#228;tze zur Verf&#252;gung haben) sich &#252;berlegen m&#252;ssen, wie sie am besten ein faires Auswahlverfahren entwickeln, das kann ich ja verstehen. Aber mir gef&#228;llt &#252;berhaupt nicht, in welche Richtung sich das entwickelt. Daher waren wir auch sehr froh, dass der gro&#223;e Sohn schon untergebracht war So nerv&#246;s wir wegen der Entscheidung des fr&#252;hzeitigen Wechsels waren, desto gl&#252;cklicher waren wir, als alle seine Freunde auf einmal um ihre Schulpl&#228;tze bangen mussten und er einfach schon sicher und angekommen war. Zumal er den Vorteil hatte, dass er sich nicht noch umgew&#246;hnen musste. Er war ja schon mittendrin. Man untersch&#228;tzt oft, wie viel die Kinder da zu wuppen haben, gerade, wenn sie sich selbst auch in einer ziemlich massiv hormonellen und pers&#246;nlichen Umstellung befinden. Da kommt einiges aufeinander. Daher finde ich es eigentlich gar nicht schlecht, dass mit der 5. und 6. Klasse irgendwie so eine Art &#220;bergang geschaffen wurde. er hat sich zumindest beim gro&#223;en Sohn bew&#228;hrt und der kleine wollte diesen Weg nun auch gerne gehen. Aufgeregt waren wir hier nur, weil beide doch ziemlich unterschiedliche Schulkinder sind. Sie sind beide pfiffig und haben eine gute Auffassungsgabe, aber der kleine Sohn ist doch kindlicher, als es der gro&#223;e in dem Alter war. Der war schon immer seinem Alter irgendwie ein zwei Jahre voraus und f&#252;hlte sich bei &#196;lteren schon immer besser aufgehoben. Der kleine Sohn ist irgendwie mit allem kompatibel. Sei es &#196;ltere oder J&#252;ngere. Er f&#252;gt sich gut ein. Deshalb hatten wir auf sozialer Ebene auch keine Bedenken, da er sehr offen ist und schnell Zugang zu neuen Menschen findet. Doch wie waren nun die ersten Tage? Nat&#252;rlich waren wir aufgeregt. Wie w&#252;rden die Stundepl&#228;ne aussehen. W&#252;rden die Kinder den Schulweg t&#228;glich zusammen machen k&#246;nnen (nein, k&#246;nnen sie leider nicht). Wie ist die neue Klasse, die neuen Lehrer&#8230; so viele Fragen. Und wie ist das Fazit nach zwei Wochen? Gar nicht mal so schlecht. Der kleine Sohn hat 22 M&#228;dchen und 10 Jungs in seiner Klasse, was ich doch recht heftig finde. Aber es scheint erst einmal ok zu sein. Da hatte ich doch so meine Bedenken. Die meisten Lehrer findet er nett und aktuell feiert er vor allem seinen Lateinlehrer und nachdem was er so erz&#228;hlt h&#228;tte ich mir den auch f&#252;r den gro&#223;en Sohn gew&#252;nscht. Also wer wei&#223;, vielleicht lernen wir diese Sprache ja doch noch lieben *lach*. Auch die Stundenpl&#228;ne halten sich in Grenzen, auch wenn sie leider nicht so parallel laufen, wie ich es mir gew&#252;nscht h&#228;tte. Also m&#252;ssen wir den Schulweg doch anders &#252;ben als geplant und wuppen ihn &#8211; so lange es geht &#8211; gemeinsam mit dem Rad. Und auch das klappt erstaunlich gut. Nach ein zwei Mal &#252;ben haben wir inzwischen ein gutes Tempo drauf und kommen recht Stress frei morgens an mit viel zeitlichem Puffer. Auch der gro&#223;e Sohn ist soweit mit seinen Lehrern zufrieden, wenn man mal davon absieht, dass sein LK Englisch Lehrer die ersten zwei Wochen vor allem durch Abwesenheit gl&#228;nzt und er so auch soft mit etwas reduziertem Unterricht in das f&#252;r ihn neue Kurssystem startet. Er genie&#223;t vor allem, dass er nicht mehr st&#228;ndig im gleichen Klassenverbund unterwegs ist und so Auszeiten von bestimmten Menschen hat. Nat&#252;rlich ist das fr&#252;he Aufstehen jeden Tag eine Herausforderung f&#252;r uns alle, zumal jetzt alle gleichzeitig los m&#252;ssen und auch die Tatsache, dass so ein Schultag jetzt auch mal bis 17 Uhr gehen kann, kommt nicht ganz so gut an. Aber im Groben sind wir gut in diese erste Zeit reingekommen und ich hoffe, wenn der richtige Schulalltag mit Lernen und Hausaufgaben dann los geht, dass wir auch weiter ganz gut damit zurecht kommen. Mal sehen, wie es in ein zwei Monaten dann aussieht&#8230;<\/p>\n","protected":false},"author":1,"featured_media":71994,"comment_status":"open","ping_status":"open","sticky":false,"template":"","format":"standard","meta":{"ngg_post_thumbnail":0,"footnotes":""},"categories":[2210,321],"tags":[81,1215,3844],"class_list":["post-72056","post","type-post","status-publish","format-standard","has-post-thumbnail","hentry","category-featured","category-minimum","tag-kinder","tag-schule","tag-veraenderung-2"],"yoast_head":"<!-- This site is optimized with the Yoast SEO plugin v28.4 - https:\/\/yoast.com\/product\/yoast-seo-wordpress\/ -->\n<title>Gro\u00dfe Ver\u00e4nderungen im Schulalltag - Heldenhaushalt<\/title>\n<meta name=\"description\" content=\"Zwei Wochen Schule sind geschafft und vielleicht nehmen wir uns heute einfach mal ein zwei Minuten Zeit, um diese zu verarbeiten.\" \/>\n<meta name=\"robots\" content=\"index, follow, max-snippet:-1, max-image-preview:large, max-video-preview:-1\" \/>\n<link rel=\"canonical\" href=\"https:\/\/www.heldenhaushalt.de\/sari02\/index.php\/2026\/09\/06\/grosse-veraenderungen-im-schulalltag\/\" \/>\n<meta property=\"og:locale\" content=\"de_DE\" \/>\n<meta property=\"og:type\" content=\"article\" \/>\n<meta property=\"og:title\" content=\"Gro\u00dfe Ver\u00e4nderungen im Schulalltag - Heldenhaushalt\" \/>\n<meta property=\"og:description\" content=\"Zwei Wochen Schule sind geschafft und vielleicht nehmen wir uns heute einfach mal ein zwei Minuten Zeit, um diese zu verarbeiten.\" \/>\n<meta property=\"og:url\" content=\"https:\/\/www.heldenhaushalt.de\/sari02\/index.php\/2026\/09\/06\/grosse-veraenderungen-im-schulalltag\/\" \/>\n<meta property=\"og:site_name\" content=\"Heldenhaushalt\" \/>\n<meta property=\"article:published_time\" content=\"2026-09-06T08:00:00+00:00\" \/>\n<meta property=\"og:image\" content=\"https:\/\/www.heldenhaushalt.de\/sari02\/wp-content\/uploads\/2026\/08\/34-04.jpg\" \/>\n\t<meta property=\"og:image:width\" content=\"1000\" \/>\n\t<meta property=\"og:image:height\" content=\"765\" \/>\n\t<meta property=\"og:image:type\" content=\"image\/jpeg\" \/>\n<meta name=\"author\" content=\"Sari\" \/>\n<meta name=\"twitter:card\" content=\"summary_large_image\" \/>\n<meta name=\"twitter:creator\" content=\"@Heldenhaushalt\" \/>\n<meta name=\"twitter:site\" content=\"@Heldenhaushalt\" \/>\n<meta name=\"twitter:label1\" content=\"Verfasst von\" \/>\n\t<meta name=\"twitter:data1\" content=\"Sari\" \/>\n\t<meta name=\"twitter:label2\" content=\"Gesch\u00e4tzte Lesezeit\" \/>\n\t<meta name=\"twitter:data2\" content=\"7\u00a0Minuten\" \/>\n<script type=\"application\/ld+json\" class=\"yoast-schema-graph\">{\"@context\":\"https:\\\/\\\/schema.org\",\"@graph\":[{\"@type\":\"Article\",\"@id\":\"https:\\\/\\\/www.heldenhaushalt.de\\\/sari02\\\/index.php\\\/2026\\\/09\\\/06\\\/grosse-veraenderungen-im-schulalltag\\\/#article\",\"isPartOf\":{\"@id\":\"https:\\\/\\\/www.heldenhaushalt.de\\\/sari02\\\/index.php\\\/2026\\\/09\\\/06\\\/grosse-veraenderungen-im-schulalltag\\\/\"},\"author\":{\"name\":\"Sari\",\"@id\":\"https:\\\/\\\/www.heldenhaushalt.de\\\/sari02\\\/#\\\/schema\\\/person\\\/a1cc69f42a01f412eb62c151353814f6\"},\"headline\":\"Gro&#223;e Ver&#228;nderungen im Schulalltag\",\"datePublished\":\"2026-09-06T08:00:00+00:00\",\"mainEntityOfPage\":{\"@id\":\"https:\\\/\\\/www.heldenhaushalt.de\\\/sari02\\\/index.php\\\/2026\\\/09\\\/06\\\/grosse-veraenderungen-im-schulalltag\\\/\"},\"wordCount\":1123,\"commentCount\":2,\"publisher\":{\"@id\":\"https:\\\/\\\/www.heldenhaushalt.de\\\/sari02\\\/#\\\/schema\\\/person\\\/a1cc69f42a01f412eb62c151353814f6\"},\"image\":{\"@id\":\"https:\\\/\\\/www.heldenhaushalt.de\\\/sari02\\\/index.php\\\/2026\\\/09\\\/06\\\/grosse-veraenderungen-im-schulalltag\\\/#primaryimage\"},\"thumbnailUrl\":\"https:\\\/\\\/www.heldenhaushalt.de\\\/sari02\\\/wp-content\\\/uploads\\\/2026\\\/08\\\/34-04.jpg\",\"keywords\":[\"Kinder\",\"Schule\",\"Ver\u00e4nderung\"],\"articleSection\":[\"Featured\",\"Heldenkinder\"],\"inLanguage\":\"de\",\"potentialAction\":[{\"@type\":\"CommentAction\",\"name\":\"Comment\",\"target\":[\"https:\\\/\\\/www.heldenhaushalt.de\\\/sari02\\\/index.php\\\/2026\\\/09\\\/06\\\/grosse-veraenderungen-im-schulalltag\\\/#respond\"]}]},{\"@type\":\"WebPage\",\"@id\":\"https:\\\/\\\/www.heldenhaushalt.de\\\/sari02\\\/index.php\\\/2026\\\/09\\\/06\\\/grosse-veraenderungen-im-schulalltag\\\/\",\"url\":\"https:\\\/\\\/www.heldenhaushalt.de\\\/sari02\\\/index.php\\\/2026\\\/09\\\/06\\\/grosse-veraenderungen-im-schulalltag\\\/\",\"name\":\"Gro\u00dfe Ver\u00e4nderungen im Schulalltag - Heldenhaushalt\",\"isPartOf\":{\"@id\":\"https:\\\/\\\/www.heldenhaushalt.de\\\/sari02\\\/#website\"},\"primaryImageOfPage\":{\"@id\":\"https:\\\/\\\/www.heldenhaushalt.de\\\/sari02\\\/index.php\\\/2026\\\/09\\\/06\\\/grosse-veraenderungen-im-schulalltag\\\/#primaryimage\"},\"image\":{\"@id\":\"https:\\\/\\\/www.heldenhaushalt.de\\\/sari02\\\/index.php\\\/2026\\\/09\\\/06\\\/grosse-veraenderungen-im-schulalltag\\\/#primaryimage\"},\"thumbnailUrl\":\"https:\\\/\\\/www.heldenhaushalt.de\\\/sari02\\\/wp-content\\\/uploads\\\/2026\\\/08\\\/34-04.jpg\",\"datePublished\":\"2026-09-06T08:00:00+00:00\",\"description\":\"Zwei Wochen Schule sind geschafft und vielleicht nehmen wir uns heute einfach mal ein zwei Minuten Zeit, um diese zu verarbeiten.\",\"breadcrumb\":{\"@id\":\"https:\\\/\\\/www.heldenhaushalt.de\\\/sari02\\\/index.php\\\/2026\\\/09\\\/06\\\/grosse-veraenderungen-im-schulalltag\\\/#breadcrumb\"},\"inLanguage\":\"de\",\"potentialAction\":[{\"@type\":\"ReadAction\",\"target\":[\"https:\\\/\\\/www.heldenhaushalt.de\\\/sari02\\\/index.php\\\/2026\\\/09\\\/06\\\/grosse-veraenderungen-im-schulalltag\\\/\"]}]},{\"@type\":\"ImageObject\",\"inLanguage\":\"de\",\"@id\":\"https:\\\/\\\/www.heldenhaushalt.de\\\/sari02\\\/index.php\\\/2026\\\/09\\\/06\\\/grosse-veraenderungen-im-schulalltag\\\/#primaryimage\",\"url\":\"https:\\\/\\\/www.heldenhaushalt.de\\\/sari02\\\/wp-content\\\/uploads\\\/2026\\\/08\\\/34-04.jpg\",\"contentUrl\":\"https:\\\/\\\/www.heldenhaushalt.de\\\/sari02\\\/wp-content\\\/uploads\\\/2026\\\/08\\\/34-04.jpg\",\"width\":1000,\"height\":765,\"caption\":\"Schule\"},{\"@type\":\"BreadcrumbList\",\"@id\":\"https:\\\/\\\/www.heldenhaushalt.de\\\/sari02\\\/index.php\\\/2026\\\/09\\\/06\\\/grosse-veraenderungen-im-schulalltag\\\/#breadcrumb\",\"itemListElement\":[{\"@type\":\"ListItem\",\"position\":1,\"name\":\"Startseite\",\"item\":\"https:\\\/\\\/www.heldenhaushalt.de\\\/sari02\\\/\"},{\"@type\":\"ListItem\",\"position\":2,\"name\":\"Gro&#223;e Ver&#228;nderungen im Schulalltag\"}]},{\"@type\":\"WebSite\",\"@id\":\"https:\\\/\\\/www.heldenhaushalt.de\\\/sari02\\\/#website\",\"url\":\"https:\\\/\\\/www.heldenhaushalt.de\\\/sari02\\\/\",\"name\":\"Heldenhaushalt\",\"description\":\"Wer es ordentlich haben will, der muss vorher anrufen\",\"publisher\":{\"@id\":\"https:\\\/\\\/www.heldenhaushalt.de\\\/sari02\\\/#\\\/schema\\\/person\\\/a1cc69f42a01f412eb62c151353814f6\"},\"potentialAction\":[{\"@type\":\"SearchAction\",\"target\":{\"@type\":\"EntryPoint\",\"urlTemplate\":\"https:\\\/\\\/www.heldenhaushalt.de\\\/sari02\\\/?s={search_term_string}\"},\"query-input\":{\"@type\":\"PropertyValueSpecification\",\"valueRequired\":true,\"valueName\":\"search_term_string\"}}],\"inLanguage\":\"de\"},{\"@type\":[\"Person\",\"Organization\"],\"@id\":\"https:\\\/\\\/www.heldenhaushalt.de\\\/sari02\\\/#\\\/schema\\\/person\\\/a1cc69f42a01f412eb62c151353814f6\",\"name\":\"Sari\",\"image\":{\"@type\":\"ImageObject\",\"inLanguage\":\"de\",\"@id\":\"https:\\\/\\\/www.heldenhaushalt.de\\\/sari02\\\/wp-content\\\/uploads\\\/2019\\\/02\\\/sari-april2018.png\",\"url\":\"https:\\\/\\\/www.heldenhaushalt.de\\\/sari02\\\/wp-content\\\/uploads\\\/2019\\\/02\\\/sari-april2018.png\",\"contentUrl\":\"https:\\\/\\\/www.heldenhaushalt.de\\\/sari02\\\/wp-content\\\/uploads\\\/2019\\\/02\\\/sari-april2018.png\",\"width\":500,\"height\":500,\"caption\":\"Sari\"},\"logo\":{\"@id\":\"https:\\\/\\\/www.heldenhaushalt.de\\\/sari02\\\/wp-content\\\/uploads\\\/2019\\\/02\\\/sari-april2018.png\"},\"description\":\"Frau Mondgras \u2013 Das bin ich, Sari. Gerne auch als Sari Mondgras bekannt und im Internet zu finden. 2-Fach-Mutter, Heldenehefrau, Kreativling, Harmonies\u00fcchtig und st\u00e4ndig auf der Suche nach Gl\u00fcck. Ich komme aus Berlin, bin hier aufgewachsen und lebe hier seit ich denken kann.\",\"sameAs\":[\"https:\\\/\\\/www.instagram.com\\\/heldenhaushalt\\\/\"],\"url\":\"https:\\\/\\\/www.heldenhaushalt.de\\\/sari02\\\/index.php\\\/author\\\/admin\\\/\"}]}<\/script>\n<!-- \/ Yoast SEO plugin. -->","yoast_head_json":{"title":"Gro\u00dfe Ver\u00e4nderungen im Schulalltag - Heldenhaushalt","description":"Zwei Wochen Schule sind geschafft und vielleicht nehmen wir uns heute einfach mal ein zwei Minuten Zeit, um diese zu verarbeiten.","robots":{"index":"index","follow":"follow","max-snippet":"max-snippet:-1","max-image-preview":"max-image-preview:large","max-video-preview":"max-video-preview:-1"},"canonical":"https:\/\/www.heldenhaushalt.de\/sari02\/index.php\/2026\/09\/06\/grosse-veraenderungen-im-schulalltag\/","og_locale":"de_DE","og_type":"article","og_title":"Gro\u00dfe Ver\u00e4nderungen im Schulalltag - Heldenhaushalt","og_description":"Zwei Wochen Schule sind geschafft und vielleicht nehmen wir uns heute einfach mal ein zwei Minuten Zeit, um diese zu verarbeiten.","og_url":"https:\/\/www.heldenhaushalt.de\/sari02\/index.php\/2026\/09\/06\/grosse-veraenderungen-im-schulalltag\/","og_site_name":"Heldenhaushalt","article_published_time":"2026-09-06T08:00:00+00:00","og_image":[{"width":1000,"height":765,"url":"https:\/\/www.heldenhaushalt.de\/sari02\/wp-content\/uploads\/2026\/08\/34-04.jpg","type":"image\/jpeg"}],"author":"Sari","twitter_card":"summary_large_image","twitter_creator":"@Heldenhaushalt","twitter_site":"@Heldenhaushalt","twitter_misc":{"Verfasst von":"Sari","Gesch\u00e4tzte Lesezeit":"7\u00a0Minuten"},"schema":{"@context":"https:\/\/schema.org","@graph":[{"@type":"Article","@id":"https:\/\/www.heldenhaushalt.de\/sari02\/index.php\/2026\/09\/06\/grosse-veraenderungen-im-schulalltag\/#article","isPartOf":{"@id":"https:\/\/www.heldenhaushalt.de\/sari02\/index.php\/2026\/09\/06\/grosse-veraenderungen-im-schulalltag\/"},"author":{"name":"Sari","@id":"https:\/\/www.heldenhaushalt.de\/sari02\/#\/schema\/person\/a1cc69f42a01f412eb62c151353814f6"},"headline":"Gro&#223;e Ver&#228;nderungen im Schulalltag","datePublished":"2026-09-06T08:00:00+00:00","mainEntityOfPage":{"@id":"https:\/\/www.heldenhaushalt.de\/sari02\/index.php\/2026\/09\/06\/grosse-veraenderungen-im-schulalltag\/"},"wordCount":1123,"commentCount":2,"publisher":{"@id":"https:\/\/www.heldenhaushalt.de\/sari02\/#\/schema\/person\/a1cc69f42a01f412eb62c151353814f6"},"image":{"@id":"https:\/\/www.heldenhaushalt.de\/sari02\/index.php\/2026\/09\/06\/grosse-veraenderungen-im-schulalltag\/#primaryimage"},"thumbnailUrl":"https:\/\/www.heldenhaushalt.de\/sari02\/wp-content\/uploads\/2026\/08\/34-04.jpg","keywords":["Kinder","Schule","Ver\u00e4nderung"],"articleSection":["Featured","Heldenkinder"],"inLanguage":"de","potentialAction":[{"@type":"CommentAction","name":"Comment","target":["https:\/\/www.heldenhaushalt.de\/sari02\/index.php\/2026\/09\/06\/grosse-veraenderungen-im-schulalltag\/#respond"]}]},{"@type":"WebPage","@id":"https:\/\/www.heldenhaushalt.de\/sari02\/index.php\/2026\/09\/06\/grosse-veraenderungen-im-schulalltag\/","url":"https:\/\/www.heldenhaushalt.de\/sari02\/index.php\/2026\/09\/06\/grosse-veraenderungen-im-schulalltag\/","name":"Gro\u00dfe Ver\u00e4nderungen im Schulalltag - Heldenhaushalt","isPartOf":{"@id":"https:\/\/www.heldenhaushalt.de\/sari02\/#website"},"primaryImageOfPage":{"@id":"https:\/\/www.heldenhaushalt.de\/sari02\/index.php\/2026\/09\/06\/grosse-veraenderungen-im-schulalltag\/#primaryimage"},"image":{"@id":"https:\/\/www.heldenhaushalt.de\/sari02\/index.php\/2026\/09\/06\/grosse-veraenderungen-im-schulalltag\/#primaryimage"},"thumbnailUrl":"https:\/\/www.heldenhaushalt.de\/sari02\/wp-content\/uploads\/2026\/08\/34-04.jpg","datePublished":"2026-09-06T08:00:00+00:00","description":"Zwei Wochen Schule sind geschafft und vielleicht nehmen wir uns heute einfach mal ein zwei Minuten Zeit, um diese zu verarbeiten.","breadcrumb":{"@id":"https:\/\/www.heldenhaushalt.de\/sari02\/index.php\/2026\/09\/06\/grosse-veraenderungen-im-schulalltag\/#breadcrumb"},"inLanguage":"de","potentialAction":[{"@type":"ReadAction","target":["https:\/\/www.heldenhaushalt.de\/sari02\/index.php\/2026\/09\/06\/grosse-veraenderungen-im-schulalltag\/"]}]},{"@type":"ImageObject","inLanguage":"de","@id":"https:\/\/www.heldenhaushalt.de\/sari02\/index.php\/2026\/09\/06\/grosse-veraenderungen-im-schulalltag\/#primaryimage","url":"https:\/\/www.heldenhaushalt.de\/sari02\/wp-content\/uploads\/2026\/08\/34-04.jpg","contentUrl":"https:\/\/www.heldenhaushalt.de\/sari02\/wp-content\/uploads\/2026\/08\/34-04.jpg","width":1000,"height":765,"caption":"Schule"},{"@type":"BreadcrumbList","@id":"https:\/\/www.heldenhaushalt.de\/sari02\/index.php\/2026\/09\/06\/grosse-veraenderungen-im-schulalltag\/#breadcrumb","itemListElement":[{"@type":"ListItem","position":1,"name":"Startseite","item":"https:\/\/www.heldenhaushalt.de\/sari02\/"},{"@type":"ListItem","position":2,"name":"Gro&#223;e Ver&#228;nderungen im Schulalltag"}]},{"@type":"WebSite","@id":"https:\/\/www.heldenhaushalt.de\/sari02\/#website","url":"https:\/\/www.heldenhaushalt.de\/sari02\/","name":"Heldenhaushalt","description":"Wer es ordentlich haben will, der muss vorher anrufen","publisher":{"@id":"https:\/\/www.heldenhaushalt.de\/sari02\/#\/schema\/person\/a1cc69f42a01f412eb62c151353814f6"},"potentialAction":[{"@type":"SearchAction","target":{"@type":"EntryPoint","urlTemplate":"https:\/\/www.heldenhaushalt.de\/sari02\/?s={search_term_string}"},"query-input":{"@type":"PropertyValueSpecification","valueRequired":true,"valueName":"search_term_string"}}],"inLanguage":"de"},{"@type":["Person","Organization"],"@id":"https:\/\/www.heldenhaushalt.de\/sari02\/#\/schema\/person\/a1cc69f42a01f412eb62c151353814f6","name":"Sari","image":{"@type":"ImageObject","inLanguage":"de","@id":"https:\/\/www.heldenhaushalt.de\/sari02\/wp-content\/uploads\/2019\/02\/sari-april2018.png","url":"https:\/\/www.heldenhaushalt.de\/sari02\/wp-content\/uploads\/2019\/02\/sari-april2018.png","contentUrl":"https:\/\/www.heldenhaushalt.de\/sari02\/wp-content\/uploads\/2019\/02\/sari-april2018.png","width":500,"height":500,"caption":"Sari"},"logo":{"@id":"https:\/\/www.heldenhaushalt.de\/sari02\/wp-content\/uploads\/2019\/02\/sari-april2018.png"},"description":"Frau Mondgras \u2013 Das bin ich, Sari. Gerne auch als Sari Mondgras bekannt und im Internet zu finden. 2-Fach-Mutter, Heldenehefrau, Kreativling, Harmonies\u00fcchtig und st\u00e4ndig auf der Suche nach Gl\u00fcck. Ich komme aus Berlin, bin hier aufgewachsen und lebe hier seit ich denken kann.","sameAs":["https:\/\/www.instagram.com\/heldenhaushalt\/"],"url":"https:\/\/www.heldenhaushalt.de\/sari02\/index.php\/author\/admin\/"}]}},"views":53,"_links":{"self":[{"href":"https:\/\/www.heldenhaushalt.de\/sari02\/index.php\/wp-json\/wp\/v2\/posts\/72056","targetHints":{"allow":["GET"]}}],"collection":[{"href":"https:\/\/www.heldenhaushalt.de\/sari02\/index.php\/wp-json\/wp\/v2\/posts"}],"about":[{"href":"https:\/\/www.heldenhaushalt.de\/sari02\/index.php\/wp-json\/wp\/v2\/types\/post"}],"author":[{"embeddable":true,"href":"https:\/\/www.heldenhaushalt.de\/sari02\/index.php\/wp-json\/wp\/v2\/users\/1"}],"replies":[{"embeddable":true,"href":"https:\/\/www.heldenhaushalt.de\/sari02\/index.php\/wp-json\/wp\/v2\/comments?post=72056"}],"version-history":[{"count":1,"href":"https:\/\/www.heldenhaushalt.de\/sari02\/index.php\/wp-json\/wp\/v2\/posts\/72056\/revisions"}],"predecessor-version":[{"id":72057,"href":"https:\/\/www.heldenhaushalt.de\/sari02\/index.php\/wp-json\/wp\/v2\/posts\/72056\/revisions\/72057"}],"wp:featuredmedia":[{"embeddable":true,"href":"https:\/\/www.heldenhaushalt.de\/sari02\/index.php\/wp-json\/wp\/v2\/media\/71994"}],"wp:attachment":[{"href":"https:\/\/www.heldenhaushalt.de\/sari02\/index.php\/wp-json\/wp\/v2\/media?parent=72056"}],"wp:term":[{"taxonomy":"category","embeddable":true,"href":"https:\/\/www.heldenhaushalt.de\/sari02\/index.php\/wp-json\/wp\/v2\/categories?post=72056"},{"taxonomy":"post_tag","embeddable":true,"href":"https:\/\/www.heldenhaushalt.de\/sari02\/index.php\/wp-json\/wp\/v2\/tags?post=72056"}],"curies":[{"name":"wp","href":"https:\/\/api.w.org\/{rel}","templated":true}]}}