{"id":7460,"date":"2010-01-03T00:00:00","date_gmt":"2010-01-03T00:00:00","guid":{"rendered":"http:\/\/www.mondgras.de\/sari02\/5201-hallo-welt-foto-der-woche-15"},"modified":"2010-01-03T00:00:00","modified_gmt":"2010-01-03T00:00:00","slug":"5201-hallo-welt-foto-der-woche-15","status":"publish","type":"post","link":"https:\/\/www.heldenhaushalt.de\/sari02\/index.php\/2010\/01\/03\/5201-hallo-welt-foto-der-woche-15\/","title":{"rendered":"52\/01: Hallo Welt! [Foto der Woche #15]"},"content":{"rendered":"<p><a href=\"http:\/\/www.ipernity.com\/doc\/skroschel\/6972824\" target=\"_blank\"><img loading=\"lazy\" decoding=\"async\" src=\"http:\/\/u1.ipernity.com\/13\/28\/24\/6972824.0b142db4.560.jpg\" border=\"0\" alt=\"Projekt 52 - 2010...meine Figur\" width=\"505\" height=\"365\"><\/a><\/p>\n<p><strong>Hallo Welt!<\/strong> Mein Name ist <strong>shu-chan<\/strong> oder auch einfach <strong>shu-shu<\/strong> und ich bin ein tako bzw. ein Octopus. Mein Name kommt aus dem Japanischen und bedeutet so viel wie <em>\u201cWochen\u201d<\/em> in Anlehnung an die 52 Wochen, durch die ich Euch ab heute begleiten werde<em> (eigentlich geh&#246;rt &#252;ber das u ein gerade Strich, aber die faule Sari wei&#223; nicht wie das geht <img decoding=\"async\" src=\"http:\/\/www.heldenhaushalt.de\/sari02\/wp-includes\/images\/smilies\/7.gif\" alt=\"*ohm*\"> ).<\/em> Eigentlich wollte Sari ihre geliebte Gelenkpuppe f&#252;r das Projekt verwenden, aber ich habe sie mit meinen gro&#223;en, schwarzen Knopfaugen angesehen und da konnte sie einfach nicht widerstehen <img decoding=\"async\" src=\"http:\/\/www.heldenhaushalt.de\/sari02\/wp-includes\/images\/smilies\/tako.png\" alt=\"*shu-shu*\"> . Au&#223;erdem bin ich eh viel handlicher und praktischer f&#252;r Unterwegs, oder?<\/p>\n<p>So langsam aber sicher entsteht um mich herum auch eine kleine tako &#8211; Familie, der ich gerne die Welt zeigen m&#246;chte. Von einem musste ich mich allerdings gestern <a href=\"http:\/\/www.princessattitude.de\" target=\"_blank\">verabschieden<\/a>. Ich habe nicht mal seinen Namen erfahren, aber vielleicht meldet er sich ja nochmal bei mir. Auf jeden Fall fehlt er mir jetzt schon ganz schrecklich und so kann ich ihm wenigstens immer wieder zeigen, was ich so alles erlebe. Ich hoffe Euch demn&#228;chst meinen Mann und meine Kinder vorstellen zu k&#246;nnen, aber daran arbeitet Sari zur Zeit noch <img decoding=\"async\" src=\"http:\/\/www.heldenhaushalt.de\/sari02\/wp-includes\/images\/smilies\/12.gif\" alt=\"*zwinker*\"> .<\/p>\n<p><a href=\"http:\/\/www.ipernity.com\/doc\/skroschel\/6972823\" target=\"_blank\"><img loading=\"lazy\" decoding=\"async\" src=\"http:\/\/u1.ipernity.com\/13\/28\/23\/6972823.836b0311.560.jpg\" border=\"0\" alt=\"Familie\" width=\"505\" height=\"376\"><\/a><\/p>\n<p>Ich bin schon sehr gespannt, was ich alles so erleben werde und wen ich alles in den n&#228;chsten Wochen so kennenlernen darf.<\/p>\n<p>say\u014dnar,<\/p>\n<p>Eure shu-shu<\/p>\n","protected":false},"excerpt":{"rendered":"<p>Hallo Welt! Mein Name ist shu-chan oder auch einfach shu-shu und ich bin ein tako bzw. ein Octopus. Mein Name kommt aus dem Japanischen und bedeutet so viel wie \u201cWochen\u201d in Anlehnung an die 52 Wochen, durch die ich Euch ab heute begleiten werde (eigentlich geh&#246;rt &#252;ber das u ein gerade Strich, aber die faule Sari wei&#223; nicht wie das geht ). Eigentlich wollte Sari ihre geliebte Gelenkpuppe f&#252;r das Projekt verwenden, aber ich habe sie mit meinen gro&#223;en, schwarzen Knopfaugen angesehen und da konnte sie einfach nicht widerstehen . Au&#223;erdem bin ich eh viel handlicher und praktischer f&#252;r Unterwegs, oder? So langsam aber sicher entsteht um mich herum auch eine kleine tako &#8211; Familie, der ich gerne die Welt zeigen m&#246;chte. Von einem musste ich mich allerdings gestern verabschieden. Ich habe nicht mal seinen Namen erfahren, aber vielleicht meldet er sich ja nochmal bei mir. Auf jeden Fall fehlt er mir jetzt schon ganz schrecklich und so kann ich ihm wenigstens immer wieder zeigen, was ich so alles erlebe. Ich hoffe Euch demn&#228;chst meinen Mann und meine Kinder vorstellen zu k&#246;nnen, aber daran arbeitet Sari zur Zeit noch . Ich bin schon sehr gespannt, was ich alles so erleben werde und wen ich alles in den n&#228;chsten Wochen so kennenlernen darf. say\u014dnar, Eure shu-shu<\/p>\n","protected":false},"author":1,"featured_media":0,"comment_status":"open","ping_status":"open","sticky":false,"template":"","format":"standard","meta":{"ngg_post_thumbnail":0,"footnotes":""},"categories":[180],"tags":[],"class_list":["post-7460","post","type-post","status-publish","format-standard","hentry","category-projekt-52"],"yoast_head":"<!-- This site is optimized with the Yoast SEO plugin v27.5 - https:\/\/yoast.com\/product\/yoast-seo-wordpress\/ -->\n<title>52\/01: Hallo Welt! [Foto der Woche #15] - Heldenhaushalt<\/title>\n<meta name=\"description\" content=\"Auch Helden erleben den t\u00e4glichen Wahnsinn, den ein Alltag mit sich bringt und Frau Mondgras sitzt mittendrin. Berlinerin, Mutter, Ehefrau, Kreativling und auf der st\u00e4ndigen Suche nach Gl\u00fcck... Hier wird gen\u00e4ht, gebacken, gebastelt und auch mal \u00fcber den Alltag gemault.\" \/>\n<meta name=\"robots\" content=\"index, follow, max-snippet:-1, max-image-preview:large, max-video-preview:-1\" \/>\n<link rel=\"canonical\" href=\"https:\/\/www.heldenhaushalt.de\/sari02\/index.php\/2010\/01\/03\/5201-hallo-welt-foto-der-woche-15\/\" \/>\n<meta property=\"og:locale\" content=\"de_DE\" \/>\n<meta property=\"og:type\" content=\"article\" \/>\n<meta property=\"og:title\" content=\"52\/01: Hallo Welt! [Foto der Woche #15] - Heldenhaushalt\" \/>\n<meta property=\"og:description\" content=\"Auch Helden erleben den t\u00e4glichen Wahnsinn, den ein Alltag mit sich bringt und Frau Mondgras sitzt mittendrin. Berlinerin, Mutter, Ehefrau, Kreativling und auf der st\u00e4ndigen Suche nach Gl\u00fcck... Hier wird gen\u00e4ht, gebacken, gebastelt und auch mal \u00fcber den Alltag gemault.\" \/>\n<meta property=\"og:url\" content=\"https:\/\/www.heldenhaushalt.de\/sari02\/index.php\/2010\/01\/03\/5201-hallo-welt-foto-der-woche-15\/\" \/>\n<meta property=\"og:site_name\" content=\"Heldenhaushalt\" \/>\n<meta property=\"article:published_time\" content=\"2010-01-03T00:00:00+00:00\" \/>\n<meta property=\"og:image\" content=\"http:\/\/u1.ipernity.com\/13\/28\/24\/6972824.0b142db4.560.jpg\" \/>\n<meta name=\"author\" content=\"Sari\" \/>\n<meta name=\"twitter:card\" content=\"summary_large_image\" \/>\n<meta name=\"twitter:creator\" content=\"@Heldenhaushalt\" \/>\n<meta name=\"twitter:site\" content=\"@Heldenhaushalt\" \/>\n<meta name=\"twitter:label1\" content=\"Verfasst von\" \/>\n\t<meta name=\"twitter:data1\" content=\"Sari\" \/>\n\t<meta name=\"twitter:label2\" content=\"Gesch\u00e4tzte Lesezeit\" \/>\n\t<meta name=\"twitter:data2\" content=\"1\u00a0Minute\" \/>\n<script type=\"application\/ld+json\" class=\"yoast-schema-graph\">{\"@context\":\"https:\\\/\\\/schema.org\",\"@graph\":[{\"@type\":\"Article\",\"@id\":\"https:\\\/\\\/www.heldenhaushalt.de\\\/sari02\\\/index.php\\\/2010\\\/01\\\/03\\\/5201-hallo-welt-foto-der-woche-15\\\/#article\",\"isPartOf\":{\"@id\":\"https:\\\/\\\/www.heldenhaushalt.de\\\/sari02\\\/index.php\\\/2010\\\/01\\\/03\\\/5201-hallo-welt-foto-der-woche-15\\\/\"},\"author\":{\"name\":\"Sari\",\"@id\":\"https:\\\/\\\/www.heldenhaushalt.de\\\/sari02\\\/#\\\/schema\\\/person\\\/a1cc69f42a01f412eb62c151353814f6\"},\"headline\":\"52\\\/01: Hallo Welt! [Foto der Woche #15]\",\"datePublished\":\"2010-01-03T00:00:00+00:00\",\"mainEntityOfPage\":{\"@id\":\"https:\\\/\\\/www.heldenhaushalt.de\\\/sari02\\\/index.php\\\/2010\\\/01\\\/03\\\/5201-hallo-welt-foto-der-woche-15\\\/\"},\"wordCount\":226,\"commentCount\":0,\"publisher\":{\"@id\":\"https:\\\/\\\/www.heldenhaushalt.de\\\/sari02\\\/#\\\/schema\\\/person\\\/a1cc69f42a01f412eb62c151353814f6\"},\"image\":{\"@id\":\"https:\\\/\\\/www.heldenhaushalt.de\\\/sari02\\\/index.php\\\/2010\\\/01\\\/03\\\/5201-hallo-welt-foto-der-woche-15\\\/#primaryimage\"},\"thumbnailUrl\":\"http:\\\/\\\/u1.ipernity.com\\\/13\\\/28\\\/24\\\/6972824.0b142db4.560.jpg\",\"articleSection\":[\"Projekt 52\"],\"inLanguage\":\"de\",\"potentialAction\":[{\"@type\":\"CommentAction\",\"name\":\"Comment\",\"target\":[\"https:\\\/\\\/www.heldenhaushalt.de\\\/sari02\\\/index.php\\\/2010\\\/01\\\/03\\\/5201-hallo-welt-foto-der-woche-15\\\/#respond\"]}]},{\"@type\":\"WebPage\",\"@id\":\"https:\\\/\\\/www.heldenhaushalt.de\\\/sari02\\\/index.php\\\/2010\\\/01\\\/03\\\/5201-hallo-welt-foto-der-woche-15\\\/\",\"url\":\"https:\\\/\\\/www.heldenhaushalt.de\\\/sari02\\\/index.php\\\/2010\\\/01\\\/03\\\/5201-hallo-welt-foto-der-woche-15\\\/\",\"name\":\"52\\\/01: Hallo Welt! [Foto der Woche #15] - Heldenhaushalt\",\"isPartOf\":{\"@id\":\"https:\\\/\\\/www.heldenhaushalt.de\\\/sari02\\\/#website\"},\"primaryImageOfPage\":{\"@id\":\"https:\\\/\\\/www.heldenhaushalt.de\\\/sari02\\\/index.php\\\/2010\\\/01\\\/03\\\/5201-hallo-welt-foto-der-woche-15\\\/#primaryimage\"},\"image\":{\"@id\":\"https:\\\/\\\/www.heldenhaushalt.de\\\/sari02\\\/index.php\\\/2010\\\/01\\\/03\\\/5201-hallo-welt-foto-der-woche-15\\\/#primaryimage\"},\"thumbnailUrl\":\"http:\\\/\\\/u1.ipernity.com\\\/13\\\/28\\\/24\\\/6972824.0b142db4.560.jpg\",\"datePublished\":\"2010-01-03T00:00:00+00:00\",\"description\":\"Auch Helden erleben den t\u00e4glichen Wahnsinn, den ein Alltag mit sich bringt und Frau Mondgras sitzt mittendrin. Berlinerin, Mutter, Ehefrau, Kreativling und auf der st\u00e4ndigen Suche nach Gl\u00fcck... Hier wird gen\u00e4ht, gebacken, gebastelt und auch mal \u00fcber den Alltag gemault.\",\"breadcrumb\":{\"@id\":\"https:\\\/\\\/www.heldenhaushalt.de\\\/sari02\\\/index.php\\\/2010\\\/01\\\/03\\\/5201-hallo-welt-foto-der-woche-15\\\/#breadcrumb\"},\"inLanguage\":\"de\",\"potentialAction\":[{\"@type\":\"ReadAction\",\"target\":[\"https:\\\/\\\/www.heldenhaushalt.de\\\/sari02\\\/index.php\\\/2010\\\/01\\\/03\\\/5201-hallo-welt-foto-der-woche-15\\\/\"]}]},{\"@type\":\"ImageObject\",\"inLanguage\":\"de\",\"@id\":\"https:\\\/\\\/www.heldenhaushalt.de\\\/sari02\\\/index.php\\\/2010\\\/01\\\/03\\\/5201-hallo-welt-foto-der-woche-15\\\/#primaryimage\",\"url\":\"http:\\\/\\\/u1.ipernity.com\\\/13\\\/28\\\/24\\\/6972824.0b142db4.560.jpg\",\"contentUrl\":\"http:\\\/\\\/u1.ipernity.com\\\/13\\\/28\\\/24\\\/6972824.0b142db4.560.jpg\"},{\"@type\":\"BreadcrumbList\",\"@id\":\"https:\\\/\\\/www.heldenhaushalt.de\\\/sari02\\\/index.php\\\/2010\\\/01\\\/03\\\/5201-hallo-welt-foto-der-woche-15\\\/#breadcrumb\",\"itemListElement\":[{\"@type\":\"ListItem\",\"position\":1,\"name\":\"Startseite\",\"item\":\"https:\\\/\\\/www.heldenhaushalt.de\\\/sari02\\\/\"},{\"@type\":\"ListItem\",\"position\":2,\"name\":\"52\\\/01: Hallo Welt! [Foto der Woche #15]\"}]},{\"@type\":\"WebSite\",\"@id\":\"https:\\\/\\\/www.heldenhaushalt.de\\\/sari02\\\/#website\",\"url\":\"https:\\\/\\\/www.heldenhaushalt.de\\\/sari02\\\/\",\"name\":\"Heldenhaushalt\",\"description\":\"Wer es ordentlich haben will, der muss vorher anrufen\",\"publisher\":{\"@id\":\"https:\\\/\\\/www.heldenhaushalt.de\\\/sari02\\\/#\\\/schema\\\/person\\\/a1cc69f42a01f412eb62c151353814f6\"},\"potentialAction\":[{\"@type\":\"SearchAction\",\"target\":{\"@type\":\"EntryPoint\",\"urlTemplate\":\"https:\\\/\\\/www.heldenhaushalt.de\\\/sari02\\\/?s={search_term_string}\"},\"query-input\":{\"@type\":\"PropertyValueSpecification\",\"valueRequired\":true,\"valueName\":\"search_term_string\"}}],\"inLanguage\":\"de\"},{\"@type\":[\"Person\",\"Organization\"],\"@id\":\"https:\\\/\\\/www.heldenhaushalt.de\\\/sari02\\\/#\\\/schema\\\/person\\\/a1cc69f42a01f412eb62c151353814f6\",\"name\":\"Sari\",\"image\":{\"@type\":\"ImageObject\",\"inLanguage\":\"de\",\"@id\":\"https:\\\/\\\/www.heldenhaushalt.de\\\/sari02\\\/wp-content\\\/uploads\\\/2019\\\/02\\\/sari-april2018.png\",\"url\":\"https:\\\/\\\/www.heldenhaushalt.de\\\/sari02\\\/wp-content\\\/uploads\\\/2019\\\/02\\\/sari-april2018.png\",\"contentUrl\":\"https:\\\/\\\/www.heldenhaushalt.de\\\/sari02\\\/wp-content\\\/uploads\\\/2019\\\/02\\\/sari-april2018.png\",\"width\":500,\"height\":500,\"caption\":\"Sari\"},\"logo\":{\"@id\":\"https:\\\/\\\/www.heldenhaushalt.de\\\/sari02\\\/wp-content\\\/uploads\\\/2019\\\/02\\\/sari-april2018.png\"},\"description\":\"Frau Mondgras \u2013 Das bin ich, Sari. Gerne auch als Sari Mondgras bekannt und im Internet zu finden. 2-Fach-Mutter, Heldenehefrau, Kreativling, Harmonies\u00fcchtig und st\u00e4ndig auf der Suche nach Gl\u00fcck. Ich komme aus Berlin, bin hier aufgewachsen und lebe hier seit ich denken kann.\",\"sameAs\":[\"https:\\\/\\\/www.instagram.com\\\/heldenhaushalt\\\/\"],\"url\":\"https:\\\/\\\/www.heldenhaushalt.de\\\/sari02\\\/index.php\\\/author\\\/admin\\\/\"}]}<\/script>\n<!-- \/ Yoast SEO plugin. -->","yoast_head_json":{"title":"52\/01: Hallo Welt! [Foto der Woche #15] - Heldenhaushalt","description":"Auch Helden erleben den t\u00e4glichen Wahnsinn, den ein Alltag mit sich bringt und Frau Mondgras sitzt mittendrin. Berlinerin, Mutter, Ehefrau, Kreativling und auf der st\u00e4ndigen Suche nach Gl\u00fcck... Hier wird gen\u00e4ht, gebacken, gebastelt und auch mal \u00fcber den Alltag gemault.","robots":{"index":"index","follow":"follow","max-snippet":"max-snippet:-1","max-image-preview":"max-image-preview:large","max-video-preview":"max-video-preview:-1"},"canonical":"https:\/\/www.heldenhaushalt.de\/sari02\/index.php\/2010\/01\/03\/5201-hallo-welt-foto-der-woche-15\/","og_locale":"de_DE","og_type":"article","og_title":"52\/01: Hallo Welt! [Foto der Woche #15] - Heldenhaushalt","og_description":"Auch Helden erleben den t\u00e4glichen Wahnsinn, den ein Alltag mit sich bringt und Frau Mondgras sitzt mittendrin. Berlinerin, Mutter, Ehefrau, Kreativling und auf der st\u00e4ndigen Suche nach Gl\u00fcck... Hier wird gen\u00e4ht, gebacken, gebastelt und auch mal \u00fcber den Alltag gemault.","og_url":"https:\/\/www.heldenhaushalt.de\/sari02\/index.php\/2010\/01\/03\/5201-hallo-welt-foto-der-woche-15\/","og_site_name":"Heldenhaushalt","article_published_time":"2010-01-03T00:00:00+00:00","og_image":[{"url":"http:\/\/u1.ipernity.com\/13\/28\/24\/6972824.0b142db4.560.jpg","type":"","width":"","height":""}],"author":"Sari","twitter_card":"summary_large_image","twitter_creator":"@Heldenhaushalt","twitter_site":"@Heldenhaushalt","twitter_misc":{"Verfasst von":"Sari","Gesch\u00e4tzte Lesezeit":"1\u00a0Minute"},"schema":{"@context":"https:\/\/schema.org","@graph":[{"@type":"Article","@id":"https:\/\/www.heldenhaushalt.de\/sari02\/index.php\/2010\/01\/03\/5201-hallo-welt-foto-der-woche-15\/#article","isPartOf":{"@id":"https:\/\/www.heldenhaushalt.de\/sari02\/index.php\/2010\/01\/03\/5201-hallo-welt-foto-der-woche-15\/"},"author":{"name":"Sari","@id":"https:\/\/www.heldenhaushalt.de\/sari02\/#\/schema\/person\/a1cc69f42a01f412eb62c151353814f6"},"headline":"52\/01: Hallo Welt! [Foto der Woche #15]","datePublished":"2010-01-03T00:00:00+00:00","mainEntityOfPage":{"@id":"https:\/\/www.heldenhaushalt.de\/sari02\/index.php\/2010\/01\/03\/5201-hallo-welt-foto-der-woche-15\/"},"wordCount":226,"commentCount":0,"publisher":{"@id":"https:\/\/www.heldenhaushalt.de\/sari02\/#\/schema\/person\/a1cc69f42a01f412eb62c151353814f6"},"image":{"@id":"https:\/\/www.heldenhaushalt.de\/sari02\/index.php\/2010\/01\/03\/5201-hallo-welt-foto-der-woche-15\/#primaryimage"},"thumbnailUrl":"http:\/\/u1.ipernity.com\/13\/28\/24\/6972824.0b142db4.560.jpg","articleSection":["Projekt 52"],"inLanguage":"de","potentialAction":[{"@type":"CommentAction","name":"Comment","target":["https:\/\/www.heldenhaushalt.de\/sari02\/index.php\/2010\/01\/03\/5201-hallo-welt-foto-der-woche-15\/#respond"]}]},{"@type":"WebPage","@id":"https:\/\/www.heldenhaushalt.de\/sari02\/index.php\/2010\/01\/03\/5201-hallo-welt-foto-der-woche-15\/","url":"https:\/\/www.heldenhaushalt.de\/sari02\/index.php\/2010\/01\/03\/5201-hallo-welt-foto-der-woche-15\/","name":"52\/01: Hallo Welt! [Foto der Woche #15] - Heldenhaushalt","isPartOf":{"@id":"https:\/\/www.heldenhaushalt.de\/sari02\/#website"},"primaryImageOfPage":{"@id":"https:\/\/www.heldenhaushalt.de\/sari02\/index.php\/2010\/01\/03\/5201-hallo-welt-foto-der-woche-15\/#primaryimage"},"image":{"@id":"https:\/\/www.heldenhaushalt.de\/sari02\/index.php\/2010\/01\/03\/5201-hallo-welt-foto-der-woche-15\/#primaryimage"},"thumbnailUrl":"http:\/\/u1.ipernity.com\/13\/28\/24\/6972824.0b142db4.560.jpg","datePublished":"2010-01-03T00:00:00+00:00","description":"Auch Helden erleben den t\u00e4glichen Wahnsinn, den ein Alltag mit sich bringt und Frau Mondgras sitzt mittendrin. Berlinerin, Mutter, Ehefrau, Kreativling und auf der st\u00e4ndigen Suche nach Gl\u00fcck... Hier wird gen\u00e4ht, gebacken, gebastelt und auch mal \u00fcber den Alltag gemault.","breadcrumb":{"@id":"https:\/\/www.heldenhaushalt.de\/sari02\/index.php\/2010\/01\/03\/5201-hallo-welt-foto-der-woche-15\/#breadcrumb"},"inLanguage":"de","potentialAction":[{"@type":"ReadAction","target":["https:\/\/www.heldenhaushalt.de\/sari02\/index.php\/2010\/01\/03\/5201-hallo-welt-foto-der-woche-15\/"]}]},{"@type":"ImageObject","inLanguage":"de","@id":"https:\/\/www.heldenhaushalt.de\/sari02\/index.php\/2010\/01\/03\/5201-hallo-welt-foto-der-woche-15\/#primaryimage","url":"http:\/\/u1.ipernity.com\/13\/28\/24\/6972824.0b142db4.560.jpg","contentUrl":"http:\/\/u1.ipernity.com\/13\/28\/24\/6972824.0b142db4.560.jpg"},{"@type":"BreadcrumbList","@id":"https:\/\/www.heldenhaushalt.de\/sari02\/index.php\/2010\/01\/03\/5201-hallo-welt-foto-der-woche-15\/#breadcrumb","itemListElement":[{"@type":"ListItem","position":1,"name":"Startseite","item":"https:\/\/www.heldenhaushalt.de\/sari02\/"},{"@type":"ListItem","position":2,"name":"52\/01: Hallo Welt! [Foto der Woche #15]"}]},{"@type":"WebSite","@id":"https:\/\/www.heldenhaushalt.de\/sari02\/#website","url":"https:\/\/www.heldenhaushalt.de\/sari02\/","name":"Heldenhaushalt","description":"Wer es ordentlich haben will, der muss vorher anrufen","publisher":{"@id":"https:\/\/www.heldenhaushalt.de\/sari02\/#\/schema\/person\/a1cc69f42a01f412eb62c151353814f6"},"potentialAction":[{"@type":"SearchAction","target":{"@type":"EntryPoint","urlTemplate":"https:\/\/www.heldenhaushalt.de\/sari02\/?s={search_term_string}"},"query-input":{"@type":"PropertyValueSpecification","valueRequired":true,"valueName":"search_term_string"}}],"inLanguage":"de"},{"@type":["Person","Organization"],"@id":"https:\/\/www.heldenhaushalt.de\/sari02\/#\/schema\/person\/a1cc69f42a01f412eb62c151353814f6","name":"Sari","image":{"@type":"ImageObject","inLanguage":"de","@id":"https:\/\/www.heldenhaushalt.de\/sari02\/wp-content\/uploads\/2019\/02\/sari-april2018.png","url":"https:\/\/www.heldenhaushalt.de\/sari02\/wp-content\/uploads\/2019\/02\/sari-april2018.png","contentUrl":"https:\/\/www.heldenhaushalt.de\/sari02\/wp-content\/uploads\/2019\/02\/sari-april2018.png","width":500,"height":500,"caption":"Sari"},"logo":{"@id":"https:\/\/www.heldenhaushalt.de\/sari02\/wp-content\/uploads\/2019\/02\/sari-april2018.png"},"description":"Frau Mondgras \u2013 Das bin ich, Sari. Gerne auch als Sari Mondgras bekannt und im Internet zu finden. 2-Fach-Mutter, Heldenehefrau, Kreativling, Harmonies\u00fcchtig und st\u00e4ndig auf der Suche nach Gl\u00fcck. Ich komme aus Berlin, bin hier aufgewachsen und lebe hier seit ich denken kann.","sameAs":["https:\/\/www.instagram.com\/heldenhaushalt\/"],"url":"https:\/\/www.heldenhaushalt.de\/sari02\/index.php\/author\/admin\/"}]}},"views":6338,"_links":{"self":[{"href":"https:\/\/www.heldenhaushalt.de\/sari02\/index.php\/wp-json\/wp\/v2\/posts\/7460","targetHints":{"allow":["GET"]}}],"collection":[{"href":"https:\/\/www.heldenhaushalt.de\/sari02\/index.php\/wp-json\/wp\/v2\/posts"}],"about":[{"href":"https:\/\/www.heldenhaushalt.de\/sari02\/index.php\/wp-json\/wp\/v2\/types\/post"}],"author":[{"embeddable":true,"href":"https:\/\/www.heldenhaushalt.de\/sari02\/index.php\/wp-json\/wp\/v2\/users\/1"}],"replies":[{"embeddable":true,"href":"https:\/\/www.heldenhaushalt.de\/sari02\/index.php\/wp-json\/wp\/v2\/comments?post=7460"}],"version-history":[{"count":0,"href":"https:\/\/www.heldenhaushalt.de\/sari02\/index.php\/wp-json\/wp\/v2\/posts\/7460\/revisions"}],"wp:attachment":[{"href":"https:\/\/www.heldenhaushalt.de\/sari02\/index.php\/wp-json\/wp\/v2\/media?parent=7460"}],"wp:term":[{"taxonomy":"category","embeddable":true,"href":"https:\/\/www.heldenhaushalt.de\/sari02\/index.php\/wp-json\/wp\/v2\/categories?post=7460"},{"taxonomy":"post_tag","embeddable":true,"href":"https:\/\/www.heldenhaushalt.de\/sari02\/index.php\/wp-json\/wp\/v2\/tags?post=7460"}],"curies":[{"name":"wp","href":"https:\/\/api.w.org\/{rel}","templated":true}]}}