{"id":841,"date":"2007-12-02T11:21:05","date_gmt":"2007-12-02T10:21:05","guid":{"rendered":"http:\/\/www.mondgras.de\/sari02\/?p=841"},"modified":"2007-12-02T11:21:05","modified_gmt":"2007-12-02T10:21:05","slug":"mein-1-adventswochenende","status":"publish","type":"post","link":"https:\/\/www.heldenhaushalt.de\/sari02\/index.php\/2007\/12\/02\/mein-1-adventswochenende\/","title":{"rendered":"Mein 1. Adventswochenende"},"content":{"rendered":"<p><img decoding=\"async\" src=\"http:\/\/www.heldenhaushalt.de\/sari02\/wp-content\/uploads\/2007\/12\/fmg11a.jpg\" alt=\"fmg11a.jpg\" \/><\/p>\n<p>Joah und dann war es auf einmal soweit: Der Advent ist da, Sari darf endlich schm&#252;cken, das erste T&#252;rchen &#246;ffnen, die erste Weihnachtsmusik laufen lassen und und und. Endlich darf ich mich auf die Weihnachtszeit einlassen&#8230;<\/p>\n<p>Und so kam gestern meine Schwester zu mir, der Teig war bereits vorbereitet und wir bucken was das Zeug hielt, trotz einiger Teigprobleme, denn der Teig war etwas zu klebrig geworden und musste somit doch nochmal massiv mit Mehl vermischt werden, damit &#252;berhaupt irgendetwas m&#246;glich war. Dadurch schmeckten die Kekse nat&#252;rlich sehr mehlig, dem wir mit viel Schokoguss versuchten entgegen zu wirken *schwitz* Also ich finde, die guten alten <a href=\"http:\/\/www.heldenhaushalt.de\/sari02\/?p=78\">Butterkekse<\/a> sind dennoch wie immer lecker geworden.<\/p>\n<p>Ein weiterer Grund f&#252;r das Pl&#228;tzchenbacken am gestrigen Tag war das 4. Fanmeilentreffen von <a href=\"http:\/\/www.kitania.de\" target=\"_blank\">Kitania.de<\/a>, bei dem ich leider mal wieder nicht pers&#246;nlich anwesend sein konnte, daf&#252;r wollten wir es aber dieses Mal mit einer Liveschaltung versuchen, doch leider war die &#220;bertragung nicht sehr gut *heul* . So war ich doch nur &#252;ber ICQ ein wenig anwesend. Trotzdem hatten meine Schwester und ich viel Spa&#223; beim Backen.<\/p>\n<p><img decoding=\"async\" src=\"http:\/\/www.heldenhaushalt.de\/sari02\/wp-content\/uploads\/2007\/12\/fmg11.jpg\" alt=\"fmg11.jpg\" \/><\/p>\n<p>Tja und dann ist ja heute auch der 1. Advent. Meine Kranz habe ich Freitagabend schon sch&#246;n dekoriert und heute Mittag werden wir zu den Eltern meines Helden fahren und ein leckeres Adventsmahl verspeisen und ich denke mal heut Abend werden wir dann auch nochmal ein wenig ein Kerzlein am wunderbaren Kranz anz&#252;nden.<\/p>\n<p>Kekse backen und ein Adventskranz geh&#246;ren f&#252;r mich im &#220;brigen auch immer zur Weihnachtszeit dazu, also <a href=\"http:\/\/www.heldenhaushalt.de\/sari02\/?p=838\">weitere wichtige Traditionen<\/a> in meinen Augen. Habt Ihr Traditionen, die f&#252;r Euch zu dieser beschaulichen Zeit einfach nicht fehlen d&#252;rfen?<\/p>\n","protected":false},"excerpt":{"rendered":"<p>Joah und dann war es auf einmal soweit: Der Advent ist da, Sari darf endlich schm&#252;cken, das erste T&#252;rchen &#246;ffnen, die erste Weihnachtsmusik laufen lassen und und und. Endlich darf ich mich auf die Weihnachtszeit einlassen&#8230; Und so kam gestern meine Schwester zu mir, der Teig war bereits vorbereitet und wir bucken was das Zeug hielt, trotz einiger Teigprobleme, denn der Teig war etwas zu klebrig geworden und musste somit doch nochmal massiv mit Mehl vermischt werden, damit &#252;berhaupt irgendetwas m&#246;glich war. Dadurch schmeckten die Kekse nat&#252;rlich sehr mehlig, dem wir mit viel Schokoguss versuchten entgegen zu wirken *schwitz* Also ich finde, die guten alten Butterkekse sind dennoch wie immer lecker geworden. Ein weiterer Grund f&#252;r das Pl&#228;tzchenbacken am gestrigen Tag war das 4. Fanmeilentreffen von Kitania.de, bei dem ich leider mal wieder nicht pers&#246;nlich anwesend sein konnte, daf&#252;r wollten wir es aber dieses Mal mit einer Liveschaltung versuchen, doch leider war die &#220;bertragung nicht sehr gut *heul* . So war ich doch nur &#252;ber ICQ ein wenig anwesend. Trotzdem hatten meine Schwester und ich viel Spa&#223; beim Backen. Tja und dann ist ja heute auch der 1. Advent. Meine Kranz habe ich Freitagabend schon sch&#246;n dekoriert und heute Mittag werden wir zu den Eltern meines Helden fahren und ein leckeres Adventsmahl verspeisen und ich denke mal heut Abend werden wir dann auch nochmal ein wenig ein Kerzlein am wunderbaren Kranz anz&#252;nden. Kekse backen und ein Adventskranz geh&#246;ren f&#252;r mich im &#220;brigen auch immer zur Weihnachtszeit dazu, also weitere wichtige Traditionen in meinen Augen. Habt Ihr Traditionen, die f&#252;r Euch zu dieser beschaulichen Zeit einfach nicht fehlen d&#252;rfen?<\/p>\n","protected":false},"author":1,"featured_media":0,"comment_status":"open","ping_status":"open","sticky":false,"template":"","format":"standard","meta":{"ngg_post_thumbnail":0,"footnotes":""},"categories":[46],"tags":[75,71,73,72,74],"class_list":["post-841","post","type-post","status-publish","format-standard","hentry","category-feiertage","tag-1advent","tag-adventskranz","tag-backen","tag-butterkekse","tag-traditionen"],"yoast_head":"<!-- This site is optimized with the Yoast SEO plugin v27.5 - https:\/\/yoast.com\/product\/yoast-seo-wordpress\/ -->\n<title>Mein 1. Adventswochenende - Heldenhaushalt<\/title>\n<meta name=\"description\" content=\"Auch Helden erleben den t\u00e4glichen Wahnsinn, den ein Alltag mit sich bringt und Frau Mondgras sitzt mittendrin. Berlinerin, Mutter, Ehefrau, Kreativling und auf der st\u00e4ndigen Suche nach Gl\u00fcck... Hier wird gen\u00e4ht, gebacken, gebastelt und auch mal \u00fcber den Alltag gemault.\" \/>\n<meta name=\"robots\" content=\"index, follow, max-snippet:-1, max-image-preview:large, max-video-preview:-1\" \/>\n<link rel=\"canonical\" href=\"https:\/\/www.heldenhaushalt.de\/sari02\/index.php\/2007\/12\/02\/mein-1-adventswochenende\/\" \/>\n<meta property=\"og:locale\" content=\"de_DE\" \/>\n<meta property=\"og:type\" content=\"article\" \/>\n<meta property=\"og:title\" content=\"Mein 1. Adventswochenende - Heldenhaushalt\" \/>\n<meta property=\"og:description\" content=\"Auch Helden erleben den t\u00e4glichen Wahnsinn, den ein Alltag mit sich bringt und Frau Mondgras sitzt mittendrin. Berlinerin, Mutter, Ehefrau, Kreativling und auf der st\u00e4ndigen Suche nach Gl\u00fcck... Hier wird gen\u00e4ht, gebacken, gebastelt und auch mal \u00fcber den Alltag gemault.\" \/>\n<meta property=\"og:url\" content=\"https:\/\/www.heldenhaushalt.de\/sari02\/index.php\/2007\/12\/02\/mein-1-adventswochenende\/\" \/>\n<meta property=\"og:site_name\" content=\"Heldenhaushalt\" \/>\n<meta property=\"article:published_time\" content=\"2007-12-02T10:21:05+00:00\" \/>\n<meta property=\"og:image\" content=\"http:\/\/www.heldenhaushalt.de\/sari02\/wp-content\/uploads\/2007\/12\/fmg11a.jpg\" \/>\n<meta name=\"author\" content=\"Sari\" \/>\n<meta name=\"twitter:card\" content=\"summary_large_image\" \/>\n<meta name=\"twitter:creator\" content=\"@Heldenhaushalt\" \/>\n<meta name=\"twitter:site\" content=\"@Heldenhaushalt\" \/>\n<meta name=\"twitter:label1\" content=\"Verfasst von\" \/>\n\t<meta name=\"twitter:data1\" content=\"Sari\" \/>\n\t<meta name=\"twitter:label2\" content=\"Gesch\u00e4tzte Lesezeit\" \/>\n\t<meta name=\"twitter:data2\" content=\"1\u00a0Minute\" \/>\n<script type=\"application\/ld+json\" class=\"yoast-schema-graph\">{\"@context\":\"https:\\\/\\\/schema.org\",\"@graph\":[{\"@type\":\"Article\",\"@id\":\"https:\\\/\\\/www.heldenhaushalt.de\\\/sari02\\\/index.php\\\/2007\\\/12\\\/02\\\/mein-1-adventswochenende\\\/#article\",\"isPartOf\":{\"@id\":\"https:\\\/\\\/www.heldenhaushalt.de\\\/sari02\\\/index.php\\\/2007\\\/12\\\/02\\\/mein-1-adventswochenende\\\/\"},\"author\":{\"name\":\"Sari\",\"@id\":\"https:\\\/\\\/www.heldenhaushalt.de\\\/sari02\\\/#\\\/schema\\\/person\\\/a1cc69f42a01f412eb62c151353814f6\"},\"headline\":\"Mein 1. Adventswochenende\",\"datePublished\":\"2007-12-02T10:21:05+00:00\",\"mainEntityOfPage\":{\"@id\":\"https:\\\/\\\/www.heldenhaushalt.de\\\/sari02\\\/index.php\\\/2007\\\/12\\\/02\\\/mein-1-adventswochenende\\\/\"},\"wordCount\":0,\"commentCount\":7,\"publisher\":{\"@id\":\"https:\\\/\\\/www.heldenhaushalt.de\\\/sari02\\\/#\\\/schema\\\/person\\\/a1cc69f42a01f412eb62c151353814f6\"},\"image\":{\"@id\":\"https:\\\/\\\/www.heldenhaushalt.de\\\/sari02\\\/index.php\\\/2007\\\/12\\\/02\\\/mein-1-adventswochenende\\\/#primaryimage\"},\"thumbnailUrl\":\"http:\\\/\\\/www.heldenhaushalt.de\\\/sari02\\\/wp-content\\\/uploads\\\/2007\\\/12\\\/fmg11a.jpg\",\"keywords\":[\"1.Advent\",\"Adventskranz\",\"Backen\",\"Butterkekse\",\"Traditionen\"],\"articleSection\":[\"Besondere Anl\u00e4sse\"],\"inLanguage\":\"de\",\"potentialAction\":[{\"@type\":\"CommentAction\",\"name\":\"Comment\",\"target\":[\"https:\\\/\\\/www.heldenhaushalt.de\\\/sari02\\\/index.php\\\/2007\\\/12\\\/02\\\/mein-1-adventswochenende\\\/#respond\"]}]},{\"@type\":\"WebPage\",\"@id\":\"https:\\\/\\\/www.heldenhaushalt.de\\\/sari02\\\/index.php\\\/2007\\\/12\\\/02\\\/mein-1-adventswochenende\\\/\",\"url\":\"https:\\\/\\\/www.heldenhaushalt.de\\\/sari02\\\/index.php\\\/2007\\\/12\\\/02\\\/mein-1-adventswochenende\\\/\",\"name\":\"Mein 1. Adventswochenende - Heldenhaushalt\",\"isPartOf\":{\"@id\":\"https:\\\/\\\/www.heldenhaushalt.de\\\/sari02\\\/#website\"},\"primaryImageOfPage\":{\"@id\":\"https:\\\/\\\/www.heldenhaushalt.de\\\/sari02\\\/index.php\\\/2007\\\/12\\\/02\\\/mein-1-adventswochenende\\\/#primaryimage\"},\"image\":{\"@id\":\"https:\\\/\\\/www.heldenhaushalt.de\\\/sari02\\\/index.php\\\/2007\\\/12\\\/02\\\/mein-1-adventswochenende\\\/#primaryimage\"},\"thumbnailUrl\":\"http:\\\/\\\/www.heldenhaushalt.de\\\/sari02\\\/wp-content\\\/uploads\\\/2007\\\/12\\\/fmg11a.jpg\",\"datePublished\":\"2007-12-02T10:21:05+00:00\",\"description\":\"Auch Helden erleben den t\u00e4glichen Wahnsinn, den ein Alltag mit sich bringt und Frau Mondgras sitzt mittendrin. Berlinerin, Mutter, Ehefrau, Kreativling und auf der st\u00e4ndigen Suche nach Gl\u00fcck... Hier wird gen\u00e4ht, gebacken, gebastelt und auch mal \u00fcber den Alltag gemault.\",\"breadcrumb\":{\"@id\":\"https:\\\/\\\/www.heldenhaushalt.de\\\/sari02\\\/index.php\\\/2007\\\/12\\\/02\\\/mein-1-adventswochenende\\\/#breadcrumb\"},\"inLanguage\":\"de\",\"potentialAction\":[{\"@type\":\"ReadAction\",\"target\":[\"https:\\\/\\\/www.heldenhaushalt.de\\\/sari02\\\/index.php\\\/2007\\\/12\\\/02\\\/mein-1-adventswochenende\\\/\"]}]},{\"@type\":\"ImageObject\",\"inLanguage\":\"de\",\"@id\":\"https:\\\/\\\/www.heldenhaushalt.de\\\/sari02\\\/index.php\\\/2007\\\/12\\\/02\\\/mein-1-adventswochenende\\\/#primaryimage\",\"url\":\"http:\\\/\\\/www.heldenhaushalt.de\\\/sari02\\\/wp-content\\\/uploads\\\/2007\\\/12\\\/fmg11a.jpg\",\"contentUrl\":\"http:\\\/\\\/www.heldenhaushalt.de\\\/sari02\\\/wp-content\\\/uploads\\\/2007\\\/12\\\/fmg11a.jpg\"},{\"@type\":\"BreadcrumbList\",\"@id\":\"https:\\\/\\\/www.heldenhaushalt.de\\\/sari02\\\/index.php\\\/2007\\\/12\\\/02\\\/mein-1-adventswochenende\\\/#breadcrumb\",\"itemListElement\":[{\"@type\":\"ListItem\",\"position\":1,\"name\":\"Startseite\",\"item\":\"https:\\\/\\\/www.heldenhaushalt.de\\\/sari02\\\/\"},{\"@type\":\"ListItem\",\"position\":2,\"name\":\"Mein 1. Adventswochenende\"}]},{\"@type\":\"WebSite\",\"@id\":\"https:\\\/\\\/www.heldenhaushalt.de\\\/sari02\\\/#website\",\"url\":\"https:\\\/\\\/www.heldenhaushalt.de\\\/sari02\\\/\",\"name\":\"Heldenhaushalt\",\"description\":\"Wer es ordentlich haben will, der muss vorher anrufen\",\"publisher\":{\"@id\":\"https:\\\/\\\/www.heldenhaushalt.de\\\/sari02\\\/#\\\/schema\\\/person\\\/a1cc69f42a01f412eb62c151353814f6\"},\"potentialAction\":[{\"@type\":\"SearchAction\",\"target\":{\"@type\":\"EntryPoint\",\"urlTemplate\":\"https:\\\/\\\/www.heldenhaushalt.de\\\/sari02\\\/?s={search_term_string}\"},\"query-input\":{\"@type\":\"PropertyValueSpecification\",\"valueRequired\":true,\"valueName\":\"search_term_string\"}}],\"inLanguage\":\"de\"},{\"@type\":[\"Person\",\"Organization\"],\"@id\":\"https:\\\/\\\/www.heldenhaushalt.de\\\/sari02\\\/#\\\/schema\\\/person\\\/a1cc69f42a01f412eb62c151353814f6\",\"name\":\"Sari\",\"image\":{\"@type\":\"ImageObject\",\"inLanguage\":\"de\",\"@id\":\"https:\\\/\\\/www.heldenhaushalt.de\\\/sari02\\\/wp-content\\\/uploads\\\/2019\\\/02\\\/sari-april2018.png\",\"url\":\"https:\\\/\\\/www.heldenhaushalt.de\\\/sari02\\\/wp-content\\\/uploads\\\/2019\\\/02\\\/sari-april2018.png\",\"contentUrl\":\"https:\\\/\\\/www.heldenhaushalt.de\\\/sari02\\\/wp-content\\\/uploads\\\/2019\\\/02\\\/sari-april2018.png\",\"width\":500,\"height\":500,\"caption\":\"Sari\"},\"logo\":{\"@id\":\"https:\\\/\\\/www.heldenhaushalt.de\\\/sari02\\\/wp-content\\\/uploads\\\/2019\\\/02\\\/sari-april2018.png\"},\"description\":\"Frau Mondgras \u2013 Das bin ich, Sari. Gerne auch als Sari Mondgras bekannt und im Internet zu finden. 2-Fach-Mutter, Heldenehefrau, Kreativling, Harmonies\u00fcchtig und st\u00e4ndig auf der Suche nach Gl\u00fcck. Ich komme aus Berlin, bin hier aufgewachsen und lebe hier seit ich denken kann.\",\"sameAs\":[\"https:\\\/\\\/www.instagram.com\\\/heldenhaushalt\\\/\"],\"url\":\"https:\\\/\\\/www.heldenhaushalt.de\\\/sari02\\\/index.php\\\/author\\\/admin\\\/\"}]}<\/script>\n<!-- \/ Yoast SEO plugin. -->","yoast_head_json":{"title":"Mein 1. Adventswochenende - Heldenhaushalt","description":"Auch Helden erleben den t\u00e4glichen Wahnsinn, den ein Alltag mit sich bringt und Frau Mondgras sitzt mittendrin. Berlinerin, Mutter, Ehefrau, Kreativling und auf der st\u00e4ndigen Suche nach Gl\u00fcck... Hier wird gen\u00e4ht, gebacken, gebastelt und auch mal \u00fcber den Alltag gemault.","robots":{"index":"index","follow":"follow","max-snippet":"max-snippet:-1","max-image-preview":"max-image-preview:large","max-video-preview":"max-video-preview:-1"},"canonical":"https:\/\/www.heldenhaushalt.de\/sari02\/index.php\/2007\/12\/02\/mein-1-adventswochenende\/","og_locale":"de_DE","og_type":"article","og_title":"Mein 1. Adventswochenende - Heldenhaushalt","og_description":"Auch Helden erleben den t\u00e4glichen Wahnsinn, den ein Alltag mit sich bringt und Frau Mondgras sitzt mittendrin. Berlinerin, Mutter, Ehefrau, Kreativling und auf der st\u00e4ndigen Suche nach Gl\u00fcck... Hier wird gen\u00e4ht, gebacken, gebastelt und auch mal \u00fcber den Alltag gemault.","og_url":"https:\/\/www.heldenhaushalt.de\/sari02\/index.php\/2007\/12\/02\/mein-1-adventswochenende\/","og_site_name":"Heldenhaushalt","article_published_time":"2007-12-02T10:21:05+00:00","og_image":[{"url":"http:\/\/www.heldenhaushalt.de\/sari02\/wp-content\/uploads\/2007\/12\/fmg11a.jpg","type":"","width":"","height":""}],"author":"Sari","twitter_card":"summary_large_image","twitter_creator":"@Heldenhaushalt","twitter_site":"@Heldenhaushalt","twitter_misc":{"Verfasst von":"Sari","Gesch\u00e4tzte Lesezeit":"1\u00a0Minute"},"schema":{"@context":"https:\/\/schema.org","@graph":[{"@type":"Article","@id":"https:\/\/www.heldenhaushalt.de\/sari02\/index.php\/2007\/12\/02\/mein-1-adventswochenende\/#article","isPartOf":{"@id":"https:\/\/www.heldenhaushalt.de\/sari02\/index.php\/2007\/12\/02\/mein-1-adventswochenende\/"},"author":{"name":"Sari","@id":"https:\/\/www.heldenhaushalt.de\/sari02\/#\/schema\/person\/a1cc69f42a01f412eb62c151353814f6"},"headline":"Mein 1. Adventswochenende","datePublished":"2007-12-02T10:21:05+00:00","mainEntityOfPage":{"@id":"https:\/\/www.heldenhaushalt.de\/sari02\/index.php\/2007\/12\/02\/mein-1-adventswochenende\/"},"wordCount":0,"commentCount":7,"publisher":{"@id":"https:\/\/www.heldenhaushalt.de\/sari02\/#\/schema\/person\/a1cc69f42a01f412eb62c151353814f6"},"image":{"@id":"https:\/\/www.heldenhaushalt.de\/sari02\/index.php\/2007\/12\/02\/mein-1-adventswochenende\/#primaryimage"},"thumbnailUrl":"http:\/\/www.heldenhaushalt.de\/sari02\/wp-content\/uploads\/2007\/12\/fmg11a.jpg","keywords":["1.Advent","Adventskranz","Backen","Butterkekse","Traditionen"],"articleSection":["Besondere Anl\u00e4sse"],"inLanguage":"de","potentialAction":[{"@type":"CommentAction","name":"Comment","target":["https:\/\/www.heldenhaushalt.de\/sari02\/index.php\/2007\/12\/02\/mein-1-adventswochenende\/#respond"]}]},{"@type":"WebPage","@id":"https:\/\/www.heldenhaushalt.de\/sari02\/index.php\/2007\/12\/02\/mein-1-adventswochenende\/","url":"https:\/\/www.heldenhaushalt.de\/sari02\/index.php\/2007\/12\/02\/mein-1-adventswochenende\/","name":"Mein 1. Adventswochenende - Heldenhaushalt","isPartOf":{"@id":"https:\/\/www.heldenhaushalt.de\/sari02\/#website"},"primaryImageOfPage":{"@id":"https:\/\/www.heldenhaushalt.de\/sari02\/index.php\/2007\/12\/02\/mein-1-adventswochenende\/#primaryimage"},"image":{"@id":"https:\/\/www.heldenhaushalt.de\/sari02\/index.php\/2007\/12\/02\/mein-1-adventswochenende\/#primaryimage"},"thumbnailUrl":"http:\/\/www.heldenhaushalt.de\/sari02\/wp-content\/uploads\/2007\/12\/fmg11a.jpg","datePublished":"2007-12-02T10:21:05+00:00","description":"Auch Helden erleben den t\u00e4glichen Wahnsinn, den ein Alltag mit sich bringt und Frau Mondgras sitzt mittendrin. Berlinerin, Mutter, Ehefrau, Kreativling und auf der st\u00e4ndigen Suche nach Gl\u00fcck... Hier wird gen\u00e4ht, gebacken, gebastelt und auch mal \u00fcber den Alltag gemault.","breadcrumb":{"@id":"https:\/\/www.heldenhaushalt.de\/sari02\/index.php\/2007\/12\/02\/mein-1-adventswochenende\/#breadcrumb"},"inLanguage":"de","potentialAction":[{"@type":"ReadAction","target":["https:\/\/www.heldenhaushalt.de\/sari02\/index.php\/2007\/12\/02\/mein-1-adventswochenende\/"]}]},{"@type":"ImageObject","inLanguage":"de","@id":"https:\/\/www.heldenhaushalt.de\/sari02\/index.php\/2007\/12\/02\/mein-1-adventswochenende\/#primaryimage","url":"http:\/\/www.heldenhaushalt.de\/sari02\/wp-content\/uploads\/2007\/12\/fmg11a.jpg","contentUrl":"http:\/\/www.heldenhaushalt.de\/sari02\/wp-content\/uploads\/2007\/12\/fmg11a.jpg"},{"@type":"BreadcrumbList","@id":"https:\/\/www.heldenhaushalt.de\/sari02\/index.php\/2007\/12\/02\/mein-1-adventswochenende\/#breadcrumb","itemListElement":[{"@type":"ListItem","position":1,"name":"Startseite","item":"https:\/\/www.heldenhaushalt.de\/sari02\/"},{"@type":"ListItem","position":2,"name":"Mein 1. Adventswochenende"}]},{"@type":"WebSite","@id":"https:\/\/www.heldenhaushalt.de\/sari02\/#website","url":"https:\/\/www.heldenhaushalt.de\/sari02\/","name":"Heldenhaushalt","description":"Wer es ordentlich haben will, der muss vorher anrufen","publisher":{"@id":"https:\/\/www.heldenhaushalt.de\/sari02\/#\/schema\/person\/a1cc69f42a01f412eb62c151353814f6"},"potentialAction":[{"@type":"SearchAction","target":{"@type":"EntryPoint","urlTemplate":"https:\/\/www.heldenhaushalt.de\/sari02\/?s={search_term_string}"},"query-input":{"@type":"PropertyValueSpecification","valueRequired":true,"valueName":"search_term_string"}}],"inLanguage":"de"},{"@type":["Person","Organization"],"@id":"https:\/\/www.heldenhaushalt.de\/sari02\/#\/schema\/person\/a1cc69f42a01f412eb62c151353814f6","name":"Sari","image":{"@type":"ImageObject","inLanguage":"de","@id":"https:\/\/www.heldenhaushalt.de\/sari02\/wp-content\/uploads\/2019\/02\/sari-april2018.png","url":"https:\/\/www.heldenhaushalt.de\/sari02\/wp-content\/uploads\/2019\/02\/sari-april2018.png","contentUrl":"https:\/\/www.heldenhaushalt.de\/sari02\/wp-content\/uploads\/2019\/02\/sari-april2018.png","width":500,"height":500,"caption":"Sari"},"logo":{"@id":"https:\/\/www.heldenhaushalt.de\/sari02\/wp-content\/uploads\/2019\/02\/sari-april2018.png"},"description":"Frau Mondgras \u2013 Das bin ich, Sari. Gerne auch als Sari Mondgras bekannt und im Internet zu finden. 2-Fach-Mutter, Heldenehefrau, Kreativling, Harmonies\u00fcchtig und st\u00e4ndig auf der Suche nach Gl\u00fcck. Ich komme aus Berlin, bin hier aufgewachsen und lebe hier seit ich denken kann.","sameAs":["https:\/\/www.instagram.com\/heldenhaushalt\/"],"url":"https:\/\/www.heldenhaushalt.de\/sari02\/index.php\/author\/admin\/"}]}},"views":7325,"_links":{"self":[{"href":"https:\/\/www.heldenhaushalt.de\/sari02\/index.php\/wp-json\/wp\/v2\/posts\/841","targetHints":{"allow":["GET"]}}],"collection":[{"href":"https:\/\/www.heldenhaushalt.de\/sari02\/index.php\/wp-json\/wp\/v2\/posts"}],"about":[{"href":"https:\/\/www.heldenhaushalt.de\/sari02\/index.php\/wp-json\/wp\/v2\/types\/post"}],"author":[{"embeddable":true,"href":"https:\/\/www.heldenhaushalt.de\/sari02\/index.php\/wp-json\/wp\/v2\/users\/1"}],"replies":[{"embeddable":true,"href":"https:\/\/www.heldenhaushalt.de\/sari02\/index.php\/wp-json\/wp\/v2\/comments?post=841"}],"version-history":[{"count":0,"href":"https:\/\/www.heldenhaushalt.de\/sari02\/index.php\/wp-json\/wp\/v2\/posts\/841\/revisions"}],"wp:attachment":[{"href":"https:\/\/www.heldenhaushalt.de\/sari02\/index.php\/wp-json\/wp\/v2\/media?parent=841"}],"wp:term":[{"taxonomy":"category","embeddable":true,"href":"https:\/\/www.heldenhaushalt.de\/sari02\/index.php\/wp-json\/wp\/v2\/categories?post=841"},{"taxonomy":"post_tag","embeddable":true,"href":"https:\/\/www.heldenhaushalt.de\/sari02\/index.php\/wp-json\/wp\/v2\/tags?post=841"}],"curies":[{"name":"wp","href":"https:\/\/api.w.org\/{rel}","templated":true}]}}