{"id":8785,"date":"2008-09-28T00:00:00","date_gmt":"2008-09-28T00:00:00","guid":{"rendered":"http:\/\/www.mondgras.de\/sari02\/die-herbst-winter-sari"},"modified":"2008-09-28T00:00:00","modified_gmt":"2008-09-28T00:00:00","slug":"die-herbst-winter-sari","status":"publish","type":"post","link":"https:\/\/www.heldenhaushalt.de\/sari02\/index.php\/2008\/09\/28\/die-herbst-winter-sari\/","title":{"rendered":"Die Herbst &#8211; Winter &#8211; Sari"},"content":{"rendered":"<p><img loading=\"lazy\" decoding=\"async\" width=\"210\" height=\"329\" align=\"left\" alt=\"\" src=\"http:\/\/www.heldenhaushalt.de\/sari02\/wp-content\/uploads\/2008\/09\/herbstwintersari.jpg\" title=\"herbstwintersari\">So, w&#228;hrend heute die <strong>244 Hochzeitsfotos<\/strong> beim Fotoservice hochgeladen wurde und mein Fotobuch mit den Bildern von <a href=\"http:\/\/www.wuebbena.de\" target=\"_blank\">Sascha<\/a> &#252;bertragen wurde, setzte ich mich hin und zeichnete endlich mal meine Herbst &#8211; Sari, damit das Design minimal an das Wetter angepasst werden kann. Nun habe ich mich allerdings so sehr in die Zeichnung verliebt <em>(und ehrlich gesagt habe ich mich ganz sch&#246;n dick eingepackt)<\/em>, so dass ich nun beschlossen habe, dass die Herbst &#8211; Sari eine <strong>Herbst &#8211; Winter &#8211; Sari<\/strong> wird und ich das Logo im Winter dann nur noch um ein paar Schneeflocken oder &#228;hnliches erweitern werde. <img decoding=\"async\" alt=\"*blabla*\" src=\"http:\/\/www.heldenhaushalt.de\/sari02\/wp-includes\/images\/smilies\/besserwisser.gif\">  Ich mag sie\u2026<\/p>\n<p>Und nachdem ich die Sari da oben nun gezeichnet und bunt gemacht hatte, stand f&#252;r mich fest: <strong>Ich werde mir jetzt <a href=\"http:\/\/www.heldenhaushalt.de\/sari02\/index.php\/2008\/09\/26\/wer-weiss\/\" target=\"_blank\">so eine M&#252;tze<\/a> bestellen. <img decoding=\"async\" alt=\"*zufrieden*\" src=\"http:\/\/www.heldenhaushalt.de\/sari02\/wp-includes\/images\/smilies\/zufrieden.gif\">  <img decoding=\"async\" alt=\"*loving*\" src=\"http:\/\/www.heldenhaushalt.de\/sari02\/wp-includes\/images\/smilies\/loving.gif\"> <\/strong>Und es wird eine Hasenm&#252;tze. <img decoding=\"async\" alt=\"*emma*\" src=\"http:\/\/www.heldenhaushalt.de\/sari02\/wp-includes\/images\/smilies\/emma.gif\">  Vielleicht auch noch zus&#228;tzlich eine Katzenm&#252;tze, mal sehen. <img decoding=\"async\" alt=\"*schwitz*\" src=\"http:\/\/www.heldenhaushalt.de\/sari02\/wp-includes\/images\/smilies\/schwitz.gif\">  Aber ich will, will, will so eine haben und selbst der Held hat gesagt, dass er damit leben kann, wenn ich denn unbedingt eine will\u2026.was steht mir also noch im Wege? <img decoding=\"async\" alt=\"*sweet*\" src=\"http:\/\/www.heldenhaushalt.de\/sari02\/wp-includes\/images\/smilies\/sweet.gif\">  <img decoding=\"async\" alt=\"*lol*\" src=\"http:\/\/www.heldenhaushalt.de\/sari02\/wp-includes\/images\/smilies\/pink_02.gif\"> <\/p>\n<p>&#196;hm\u2026tut mir leid, Ihr Lieben, ich muss mal eben meinen Kopf ausmessen gehen\u2026<\/p>\n","protected":false},"excerpt":{"rendered":"<p>So, w&#228;hrend heute die 244 Hochzeitsfotos beim Fotoservice hochgeladen wurde und mein Fotobuch mit den Bildern von Sascha &#252;bertragen wurde, setzte ich mich hin und zeichnete endlich mal meine Herbst &#8211; Sari, damit das Design minimal an das Wetter angepasst werden kann. Nun habe ich mich allerdings so sehr in die Zeichnung verliebt (und ehrlich gesagt habe ich mich ganz sch&#246;n dick eingepackt), so dass ich nun beschlossen habe, dass die Herbst &#8211; Sari eine Herbst &#8211; Winter &#8211; Sari wird und ich das Logo im Winter dann nur noch um ein paar Schneeflocken oder &#228;hnliches erweitern werde. Ich mag sie\u2026 Und nachdem ich die Sari da oben nun gezeichnet und bunt gemacht hatte, stand f&#252;r mich fest: Ich werde mir jetzt so eine M&#252;tze bestellen. Und es wird eine Hasenm&#252;tze. Vielleicht auch noch zus&#228;tzlich eine Katzenm&#252;tze, mal sehen. Aber ich will, will, will so eine haben und selbst der Held hat gesagt, dass er damit leben kann, wenn ich denn unbedingt eine will\u2026.was steht mir also noch im Wege? &#196;hm\u2026tut mir leid, Ihr Lieben, ich muss mal eben meinen Kopf ausmessen gehen\u2026<\/p>\n","protected":false},"author":1,"featured_media":0,"comment_status":"open","ping_status":"open","sticky":false,"template":"","format":"standard","meta":{"ngg_post_thumbnail":0,"footnotes":""},"categories":[],"tags":[],"class_list":["post-8785","post","type-post","status-publish","format-standard","hentry"],"yoast_head":"<!-- This site is optimized with the Yoast SEO plugin v27.5 - https:\/\/yoast.com\/product\/yoast-seo-wordpress\/ -->\n<title>Die Herbst - Winter - Sari - Heldenhaushalt<\/title>\n<meta name=\"description\" content=\"Auch Helden erleben den t\u00e4glichen Wahnsinn, den ein Alltag mit sich bringt und Frau Mondgras sitzt mittendrin. Berlinerin, Mutter, Ehefrau, Kreativling und auf der st\u00e4ndigen Suche nach Gl\u00fcck... Hier wird gen\u00e4ht, gebacken, gebastelt und auch mal \u00fcber den Alltag gemault.\" \/>\n<meta name=\"robots\" content=\"index, follow, max-snippet:-1, max-image-preview:large, max-video-preview:-1\" \/>\n<link rel=\"canonical\" href=\"https:\/\/www.heldenhaushalt.de\/sari02\/index.php\/2008\/09\/28\/die-herbst-winter-sari\/\" \/>\n<meta property=\"og:locale\" content=\"de_DE\" \/>\n<meta property=\"og:type\" content=\"article\" \/>\n<meta property=\"og:title\" content=\"Die Herbst - Winter - Sari - Heldenhaushalt\" \/>\n<meta property=\"og:description\" content=\"Auch Helden erleben den t\u00e4glichen Wahnsinn, den ein Alltag mit sich bringt und Frau Mondgras sitzt mittendrin. Berlinerin, Mutter, Ehefrau, Kreativling und auf der st\u00e4ndigen Suche nach Gl\u00fcck... Hier wird gen\u00e4ht, gebacken, gebastelt und auch mal \u00fcber den Alltag gemault.\" \/>\n<meta property=\"og:url\" content=\"https:\/\/www.heldenhaushalt.de\/sari02\/index.php\/2008\/09\/28\/die-herbst-winter-sari\/\" \/>\n<meta property=\"og:site_name\" content=\"Heldenhaushalt\" \/>\n<meta property=\"article:published_time\" content=\"2008-09-28T00:00:00+00:00\" \/>\n<meta property=\"og:image\" content=\"http:\/\/www.heldenhaushalt.de\/sari02\/wp-content\/uploads\/2008\/09\/herbstwintersari.jpg\" \/>\n<meta name=\"author\" content=\"Sari\" \/>\n<meta name=\"twitter:card\" content=\"summary_large_image\" \/>\n<meta name=\"twitter:creator\" content=\"@Heldenhaushalt\" \/>\n<meta name=\"twitter:site\" content=\"@Heldenhaushalt\" \/>\n<meta name=\"twitter:label1\" content=\"Verfasst von\" \/>\n\t<meta name=\"twitter:data1\" content=\"Sari\" \/>\n\t<meta name=\"twitter:label2\" content=\"Gesch\u00e4tzte Lesezeit\" \/>\n\t<meta name=\"twitter:data2\" content=\"1\u00a0Minute\" \/>\n<script type=\"application\/ld+json\" class=\"yoast-schema-graph\">{\"@context\":\"https:\\\/\\\/schema.org\",\"@graph\":[{\"@type\":\"Article\",\"@id\":\"https:\\\/\\\/www.heldenhaushalt.de\\\/sari02\\\/index.php\\\/2008\\\/09\\\/28\\\/die-herbst-winter-sari\\\/#article\",\"isPartOf\":{\"@id\":\"https:\\\/\\\/www.heldenhaushalt.de\\\/sari02\\\/index.php\\\/2008\\\/09\\\/28\\\/die-herbst-winter-sari\\\/\"},\"author\":{\"name\":\"Sari\",\"@id\":\"https:\\\/\\\/www.heldenhaushalt.de\\\/sari02\\\/#\\\/schema\\\/person\\\/a1cc69f42a01f412eb62c151353814f6\"},\"headline\":\"Die Herbst &#8211; Winter &#8211; Sari\",\"datePublished\":\"2008-09-28T00:00:00+00:00\",\"mainEntityOfPage\":{\"@id\":\"https:\\\/\\\/www.heldenhaushalt.de\\\/sari02\\\/index.php\\\/2008\\\/09\\\/28\\\/die-herbst-winter-sari\\\/\"},\"wordCount\":197,\"commentCount\":1,\"publisher\":{\"@id\":\"https:\\\/\\\/www.heldenhaushalt.de\\\/sari02\\\/#\\\/schema\\\/person\\\/a1cc69f42a01f412eb62c151353814f6\"},\"image\":{\"@id\":\"https:\\\/\\\/www.heldenhaushalt.de\\\/sari02\\\/index.php\\\/2008\\\/09\\\/28\\\/die-herbst-winter-sari\\\/#primaryimage\"},\"thumbnailUrl\":\"http:\\\/\\\/www.heldenhaushalt.de\\\/sari02\\\/wp-content\\\/uploads\\\/2008\\\/09\\\/herbstwintersari.jpg\",\"inLanguage\":\"de\",\"potentialAction\":[{\"@type\":\"CommentAction\",\"name\":\"Comment\",\"target\":[\"https:\\\/\\\/www.heldenhaushalt.de\\\/sari02\\\/index.php\\\/2008\\\/09\\\/28\\\/die-herbst-winter-sari\\\/#respond\"]}]},{\"@type\":\"WebPage\",\"@id\":\"https:\\\/\\\/www.heldenhaushalt.de\\\/sari02\\\/index.php\\\/2008\\\/09\\\/28\\\/die-herbst-winter-sari\\\/\",\"url\":\"https:\\\/\\\/www.heldenhaushalt.de\\\/sari02\\\/index.php\\\/2008\\\/09\\\/28\\\/die-herbst-winter-sari\\\/\",\"name\":\"Die Herbst - Winter - Sari - Heldenhaushalt\",\"isPartOf\":{\"@id\":\"https:\\\/\\\/www.heldenhaushalt.de\\\/sari02\\\/#website\"},\"primaryImageOfPage\":{\"@id\":\"https:\\\/\\\/www.heldenhaushalt.de\\\/sari02\\\/index.php\\\/2008\\\/09\\\/28\\\/die-herbst-winter-sari\\\/#primaryimage\"},\"image\":{\"@id\":\"https:\\\/\\\/www.heldenhaushalt.de\\\/sari02\\\/index.php\\\/2008\\\/09\\\/28\\\/die-herbst-winter-sari\\\/#primaryimage\"},\"thumbnailUrl\":\"http:\\\/\\\/www.heldenhaushalt.de\\\/sari02\\\/wp-content\\\/uploads\\\/2008\\\/09\\\/herbstwintersari.jpg\",\"datePublished\":\"2008-09-28T00:00:00+00:00\",\"description\":\"Auch Helden erleben den t\u00e4glichen Wahnsinn, den ein Alltag mit sich bringt und Frau Mondgras sitzt mittendrin. Berlinerin, Mutter, Ehefrau, Kreativling und auf der st\u00e4ndigen Suche nach Gl\u00fcck... Hier wird gen\u00e4ht, gebacken, gebastelt und auch mal \u00fcber den Alltag gemault.\",\"breadcrumb\":{\"@id\":\"https:\\\/\\\/www.heldenhaushalt.de\\\/sari02\\\/index.php\\\/2008\\\/09\\\/28\\\/die-herbst-winter-sari\\\/#breadcrumb\"},\"inLanguage\":\"de\",\"potentialAction\":[{\"@type\":\"ReadAction\",\"target\":[\"https:\\\/\\\/www.heldenhaushalt.de\\\/sari02\\\/index.php\\\/2008\\\/09\\\/28\\\/die-herbst-winter-sari\\\/\"]}]},{\"@type\":\"ImageObject\",\"inLanguage\":\"de\",\"@id\":\"https:\\\/\\\/www.heldenhaushalt.de\\\/sari02\\\/index.php\\\/2008\\\/09\\\/28\\\/die-herbst-winter-sari\\\/#primaryimage\",\"url\":\"http:\\\/\\\/www.heldenhaushalt.de\\\/sari02\\\/wp-content\\\/uploads\\\/2008\\\/09\\\/herbstwintersari.jpg\",\"contentUrl\":\"http:\\\/\\\/www.heldenhaushalt.de\\\/sari02\\\/wp-content\\\/uploads\\\/2008\\\/09\\\/herbstwintersari.jpg\"},{\"@type\":\"BreadcrumbList\",\"@id\":\"https:\\\/\\\/www.heldenhaushalt.de\\\/sari02\\\/index.php\\\/2008\\\/09\\\/28\\\/die-herbst-winter-sari\\\/#breadcrumb\",\"itemListElement\":[{\"@type\":\"ListItem\",\"position\":1,\"name\":\"Startseite\",\"item\":\"https:\\\/\\\/www.heldenhaushalt.de\\\/sari02\\\/\"},{\"@type\":\"ListItem\",\"position\":2,\"name\":\"Die Herbst &#8211; Winter &#8211; Sari\"}]},{\"@type\":\"WebSite\",\"@id\":\"https:\\\/\\\/www.heldenhaushalt.de\\\/sari02\\\/#website\",\"url\":\"https:\\\/\\\/www.heldenhaushalt.de\\\/sari02\\\/\",\"name\":\"Heldenhaushalt\",\"description\":\"Wer es ordentlich haben will, der muss vorher anrufen\",\"publisher\":{\"@id\":\"https:\\\/\\\/www.heldenhaushalt.de\\\/sari02\\\/#\\\/schema\\\/person\\\/a1cc69f42a01f412eb62c151353814f6\"},\"potentialAction\":[{\"@type\":\"SearchAction\",\"target\":{\"@type\":\"EntryPoint\",\"urlTemplate\":\"https:\\\/\\\/www.heldenhaushalt.de\\\/sari02\\\/?s={search_term_string}\"},\"query-input\":{\"@type\":\"PropertyValueSpecification\",\"valueRequired\":true,\"valueName\":\"search_term_string\"}}],\"inLanguage\":\"de\"},{\"@type\":[\"Person\",\"Organization\"],\"@id\":\"https:\\\/\\\/www.heldenhaushalt.de\\\/sari02\\\/#\\\/schema\\\/person\\\/a1cc69f42a01f412eb62c151353814f6\",\"name\":\"Sari\",\"image\":{\"@type\":\"ImageObject\",\"inLanguage\":\"de\",\"@id\":\"https:\\\/\\\/www.heldenhaushalt.de\\\/sari02\\\/wp-content\\\/uploads\\\/2019\\\/02\\\/sari-april2018.png\",\"url\":\"https:\\\/\\\/www.heldenhaushalt.de\\\/sari02\\\/wp-content\\\/uploads\\\/2019\\\/02\\\/sari-april2018.png\",\"contentUrl\":\"https:\\\/\\\/www.heldenhaushalt.de\\\/sari02\\\/wp-content\\\/uploads\\\/2019\\\/02\\\/sari-april2018.png\",\"width\":500,\"height\":500,\"caption\":\"Sari\"},\"logo\":{\"@id\":\"https:\\\/\\\/www.heldenhaushalt.de\\\/sari02\\\/wp-content\\\/uploads\\\/2019\\\/02\\\/sari-april2018.png\"},\"description\":\"Frau Mondgras \u2013 Das bin ich, Sari. Gerne auch als Sari Mondgras bekannt und im Internet zu finden. 2-Fach-Mutter, Heldenehefrau, Kreativling, Harmonies\u00fcchtig und st\u00e4ndig auf der Suche nach Gl\u00fcck. Ich komme aus Berlin, bin hier aufgewachsen und lebe hier seit ich denken kann.\",\"sameAs\":[\"https:\\\/\\\/www.instagram.com\\\/heldenhaushalt\\\/\"],\"url\":\"https:\\\/\\\/www.heldenhaushalt.de\\\/sari02\\\/index.php\\\/author\\\/admin\\\/\"}]}<\/script>\n<!-- \/ Yoast SEO plugin. -->","yoast_head_json":{"title":"Die Herbst - Winter - Sari - Heldenhaushalt","description":"Auch Helden erleben den t\u00e4glichen Wahnsinn, den ein Alltag mit sich bringt und Frau Mondgras sitzt mittendrin. Berlinerin, Mutter, Ehefrau, Kreativling und auf der st\u00e4ndigen Suche nach Gl\u00fcck... Hier wird gen\u00e4ht, gebacken, gebastelt und auch mal \u00fcber den Alltag gemault.","robots":{"index":"index","follow":"follow","max-snippet":"max-snippet:-1","max-image-preview":"max-image-preview:large","max-video-preview":"max-video-preview:-1"},"canonical":"https:\/\/www.heldenhaushalt.de\/sari02\/index.php\/2008\/09\/28\/die-herbst-winter-sari\/","og_locale":"de_DE","og_type":"article","og_title":"Die Herbst - Winter - Sari - Heldenhaushalt","og_description":"Auch Helden erleben den t\u00e4glichen Wahnsinn, den ein Alltag mit sich bringt und Frau Mondgras sitzt mittendrin. Berlinerin, Mutter, Ehefrau, Kreativling und auf der st\u00e4ndigen Suche nach Gl\u00fcck... Hier wird gen\u00e4ht, gebacken, gebastelt und auch mal \u00fcber den Alltag gemault.","og_url":"https:\/\/www.heldenhaushalt.de\/sari02\/index.php\/2008\/09\/28\/die-herbst-winter-sari\/","og_site_name":"Heldenhaushalt","article_published_time":"2008-09-28T00:00:00+00:00","og_image":[{"url":"http:\/\/www.heldenhaushalt.de\/sari02\/wp-content\/uploads\/2008\/09\/herbstwintersari.jpg","type":"","width":"","height":""}],"author":"Sari","twitter_card":"summary_large_image","twitter_creator":"@Heldenhaushalt","twitter_site":"@Heldenhaushalt","twitter_misc":{"Verfasst von":"Sari","Gesch\u00e4tzte Lesezeit":"1\u00a0Minute"},"schema":{"@context":"https:\/\/schema.org","@graph":[{"@type":"Article","@id":"https:\/\/www.heldenhaushalt.de\/sari02\/index.php\/2008\/09\/28\/die-herbst-winter-sari\/#article","isPartOf":{"@id":"https:\/\/www.heldenhaushalt.de\/sari02\/index.php\/2008\/09\/28\/die-herbst-winter-sari\/"},"author":{"name":"Sari","@id":"https:\/\/www.heldenhaushalt.de\/sari02\/#\/schema\/person\/a1cc69f42a01f412eb62c151353814f6"},"headline":"Die Herbst &#8211; Winter &#8211; Sari","datePublished":"2008-09-28T00:00:00+00:00","mainEntityOfPage":{"@id":"https:\/\/www.heldenhaushalt.de\/sari02\/index.php\/2008\/09\/28\/die-herbst-winter-sari\/"},"wordCount":197,"commentCount":1,"publisher":{"@id":"https:\/\/www.heldenhaushalt.de\/sari02\/#\/schema\/person\/a1cc69f42a01f412eb62c151353814f6"},"image":{"@id":"https:\/\/www.heldenhaushalt.de\/sari02\/index.php\/2008\/09\/28\/die-herbst-winter-sari\/#primaryimage"},"thumbnailUrl":"http:\/\/www.heldenhaushalt.de\/sari02\/wp-content\/uploads\/2008\/09\/herbstwintersari.jpg","inLanguage":"de","potentialAction":[{"@type":"CommentAction","name":"Comment","target":["https:\/\/www.heldenhaushalt.de\/sari02\/index.php\/2008\/09\/28\/die-herbst-winter-sari\/#respond"]}]},{"@type":"WebPage","@id":"https:\/\/www.heldenhaushalt.de\/sari02\/index.php\/2008\/09\/28\/die-herbst-winter-sari\/","url":"https:\/\/www.heldenhaushalt.de\/sari02\/index.php\/2008\/09\/28\/die-herbst-winter-sari\/","name":"Die Herbst - Winter - Sari - Heldenhaushalt","isPartOf":{"@id":"https:\/\/www.heldenhaushalt.de\/sari02\/#website"},"primaryImageOfPage":{"@id":"https:\/\/www.heldenhaushalt.de\/sari02\/index.php\/2008\/09\/28\/die-herbst-winter-sari\/#primaryimage"},"image":{"@id":"https:\/\/www.heldenhaushalt.de\/sari02\/index.php\/2008\/09\/28\/die-herbst-winter-sari\/#primaryimage"},"thumbnailUrl":"http:\/\/www.heldenhaushalt.de\/sari02\/wp-content\/uploads\/2008\/09\/herbstwintersari.jpg","datePublished":"2008-09-28T00:00:00+00:00","description":"Auch Helden erleben den t\u00e4glichen Wahnsinn, den ein Alltag mit sich bringt und Frau Mondgras sitzt mittendrin. Berlinerin, Mutter, Ehefrau, Kreativling und auf der st\u00e4ndigen Suche nach Gl\u00fcck... Hier wird gen\u00e4ht, gebacken, gebastelt und auch mal \u00fcber den Alltag gemault.","breadcrumb":{"@id":"https:\/\/www.heldenhaushalt.de\/sari02\/index.php\/2008\/09\/28\/die-herbst-winter-sari\/#breadcrumb"},"inLanguage":"de","potentialAction":[{"@type":"ReadAction","target":["https:\/\/www.heldenhaushalt.de\/sari02\/index.php\/2008\/09\/28\/die-herbst-winter-sari\/"]}]},{"@type":"ImageObject","inLanguage":"de","@id":"https:\/\/www.heldenhaushalt.de\/sari02\/index.php\/2008\/09\/28\/die-herbst-winter-sari\/#primaryimage","url":"http:\/\/www.heldenhaushalt.de\/sari02\/wp-content\/uploads\/2008\/09\/herbstwintersari.jpg","contentUrl":"http:\/\/www.heldenhaushalt.de\/sari02\/wp-content\/uploads\/2008\/09\/herbstwintersari.jpg"},{"@type":"BreadcrumbList","@id":"https:\/\/www.heldenhaushalt.de\/sari02\/index.php\/2008\/09\/28\/die-herbst-winter-sari\/#breadcrumb","itemListElement":[{"@type":"ListItem","position":1,"name":"Startseite","item":"https:\/\/www.heldenhaushalt.de\/sari02\/"},{"@type":"ListItem","position":2,"name":"Die Herbst &#8211; Winter &#8211; Sari"}]},{"@type":"WebSite","@id":"https:\/\/www.heldenhaushalt.de\/sari02\/#website","url":"https:\/\/www.heldenhaushalt.de\/sari02\/","name":"Heldenhaushalt","description":"Wer es ordentlich haben will, der muss vorher anrufen","publisher":{"@id":"https:\/\/www.heldenhaushalt.de\/sari02\/#\/schema\/person\/a1cc69f42a01f412eb62c151353814f6"},"potentialAction":[{"@type":"SearchAction","target":{"@type":"EntryPoint","urlTemplate":"https:\/\/www.heldenhaushalt.de\/sari02\/?s={search_term_string}"},"query-input":{"@type":"PropertyValueSpecification","valueRequired":true,"valueName":"search_term_string"}}],"inLanguage":"de"},{"@type":["Person","Organization"],"@id":"https:\/\/www.heldenhaushalt.de\/sari02\/#\/schema\/person\/a1cc69f42a01f412eb62c151353814f6","name":"Sari","image":{"@type":"ImageObject","inLanguage":"de","@id":"https:\/\/www.heldenhaushalt.de\/sari02\/wp-content\/uploads\/2019\/02\/sari-april2018.png","url":"https:\/\/www.heldenhaushalt.de\/sari02\/wp-content\/uploads\/2019\/02\/sari-april2018.png","contentUrl":"https:\/\/www.heldenhaushalt.de\/sari02\/wp-content\/uploads\/2019\/02\/sari-april2018.png","width":500,"height":500,"caption":"Sari"},"logo":{"@id":"https:\/\/www.heldenhaushalt.de\/sari02\/wp-content\/uploads\/2019\/02\/sari-april2018.png"},"description":"Frau Mondgras \u2013 Das bin ich, Sari. Gerne auch als Sari Mondgras bekannt und im Internet zu finden. 2-Fach-Mutter, Heldenehefrau, Kreativling, Harmonies\u00fcchtig und st\u00e4ndig auf der Suche nach Gl\u00fcck. Ich komme aus Berlin, bin hier aufgewachsen und lebe hier seit ich denken kann.","sameAs":["https:\/\/www.instagram.com\/heldenhaushalt\/"],"url":"https:\/\/www.heldenhaushalt.de\/sari02\/index.php\/author\/admin\/"}]}},"views":3730,"_links":{"self":[{"href":"https:\/\/www.heldenhaushalt.de\/sari02\/index.php\/wp-json\/wp\/v2\/posts\/8785","targetHints":{"allow":["GET"]}}],"collection":[{"href":"https:\/\/www.heldenhaushalt.de\/sari02\/index.php\/wp-json\/wp\/v2\/posts"}],"about":[{"href":"https:\/\/www.heldenhaushalt.de\/sari02\/index.php\/wp-json\/wp\/v2\/types\/post"}],"author":[{"embeddable":true,"href":"https:\/\/www.heldenhaushalt.de\/sari02\/index.php\/wp-json\/wp\/v2\/users\/1"}],"replies":[{"embeddable":true,"href":"https:\/\/www.heldenhaushalt.de\/sari02\/index.php\/wp-json\/wp\/v2\/comments?post=8785"}],"version-history":[{"count":0,"href":"https:\/\/www.heldenhaushalt.de\/sari02\/index.php\/wp-json\/wp\/v2\/posts\/8785\/revisions"}],"wp:attachment":[{"href":"https:\/\/www.heldenhaushalt.de\/sari02\/index.php\/wp-json\/wp\/v2\/media?parent=8785"}],"wp:term":[{"taxonomy":"category","embeddable":true,"href":"https:\/\/www.heldenhaushalt.de\/sari02\/index.php\/wp-json\/wp\/v2\/categories?post=8785"},{"taxonomy":"post_tag","embeddable":true,"href":"https:\/\/www.heldenhaushalt.de\/sari02\/index.php\/wp-json\/wp\/v2\/tags?post=8785"}],"curies":[{"name":"wp","href":"https:\/\/api.w.org\/{rel}","templated":true}]}}