{"id":8980,"date":"2008-05-16T00:00:00","date_gmt":"2008-05-16T00:00:00","guid":{"rendered":"http:\/\/www.mondgras.de\/sari02\/warum-eigentlich-immer-schwarz"},"modified":"2008-05-16T00:00:00","modified_gmt":"2008-05-16T00:00:00","slug":"warum-eigentlich-immer-schwarz","status":"publish","type":"post","link":"https:\/\/www.heldenhaushalt.de\/sari02\/index.php\/2008\/05\/16\/warum-eigentlich-immer-schwarz\/","title":{"rendered":"Warum eigentlich immer Schwarz?"},"content":{"rendered":"<p>Eine Frage, die mir in letzter Zeit st&#228;ndig auf Arbeit begegnet und so langsam bin ich es m&#252;de sie zu beantworten <em>(zumal ich nicht mal wirklich sagen kann, wieso)<\/em>. Nun arbeite ich schon &#252;ber ein halbes Jahr <em>(meine G&#252;te, wie die Zeit vergangen ist <img decoding=\"async\" alt=\"*durchdreh*\" src=\"http:\/\/www.heldenhaushalt.de\/sari02\/wp-includes\/images\/smilies\/durchdreh.gif\"> )<\/em> im Hort und noch immer kommt jede Woche mindestens einmal ein Kind zu mir und fragt mich:<em> \u201d Warum tr&#228;gst du eigentlich immer nur Schwarz, Sarah?\u201d<\/em>. Meine Antwort ist meist ein simples <em>\u201cWeil ich es mag\u201d<\/em>, da sich die Kinder dann doch meistens gerade so noch damit zufrieden geben.<\/p>\n<p>Witzigerweise <em>(oder auch nicht)<\/em> hatte ich das selbe Problem w&#228;hrend der Ausbildung, als ich zu einem Gespr&#228;ch zum Lehrer musste wegen meiner Leistungen<em> (ich war ihnen immer zu schweigsam <img decoding=\"async\" alt=\"*denk*\" src=\"http:\/\/www.heldenhaushalt.de\/sari02\/wp-includes\/images\/smilies\/ohmann.gif\"> ) <\/em>und dabei erw&#228;hnt wurde, dass ich doch mal etwas anderes als Schwarz tragen solle, da mich die anderen Lehrer teilweise f&#252;r depressiv und missgelaunt, gothicm&#228;&#223;ig empfanden, nur wegen meiner Klamotten <em>(eine Zeitlang waren sogar meine Haare schwarz)<\/em>. <img decoding=\"async\" alt=\"*glubsch*\" src=\"http:\/\/www.heldenhaushalt.de\/sari02\/wp-includes\/images\/smilies\/wassat.gif\">  Damals hat mich das ziemlich sauer gemacht, weil ich mich in meiner Pers&#246;nlichkeit angegriffen gef&#252;hlt hatte. Heute ist mir das Schnuppe\u2026<\/p>\n<p>Aber warum ich nun eigentlich schwarz so gerne trage, kann ich noch immer nicht wirklich beantworten. Ich f&#252;hle mich einfach wohl und obwohl ich viele Farben mag, mag ich sie umso weniger an mir. <em>(Ein klein bisschen wird nat&#252;rlich auch die Tatsache mit reinspielen, das schwarz schlank macht *h&#228;h&#228;* <img decoding=\"async\" alt=\"*schwitz*\" src=\"http:\/\/www.heldenhaushalt.de\/sari02\/wp-includes\/images\/smilies\/schwitz.gif\"> )<\/em>\u2026<\/p>\n","protected":false},"excerpt":{"rendered":"<p>Eine Frage, die mir in letzter Zeit st&#228;ndig auf Arbeit begegnet und so langsam bin ich es m&#252;de sie zu beantworten (zumal ich nicht mal wirklich sagen kann, wieso). Nun arbeite ich schon &#252;ber ein halbes Jahr (meine G&#252;te, wie die Zeit vergangen ist ) im Hort und noch immer kommt jede Woche mindestens einmal ein Kind zu mir und fragt mich: \u201d Warum tr&#228;gst du eigentlich immer nur Schwarz, Sarah?\u201d. Meine Antwort ist meist ein simples \u201cWeil ich es mag\u201d, da sich die Kinder dann doch meistens gerade so noch damit zufrieden geben. Witzigerweise (oder auch nicht) hatte ich das selbe Problem w&#228;hrend der Ausbildung, als ich zu einem Gespr&#228;ch zum Lehrer musste wegen meiner Leistungen (ich war ihnen immer zu schweigsam ) und dabei erw&#228;hnt wurde, dass ich doch mal etwas anderes als Schwarz tragen solle, da mich die anderen Lehrer teilweise f&#252;r depressiv und missgelaunt, gothicm&#228;&#223;ig empfanden, nur wegen meiner Klamotten (eine Zeitlang waren sogar meine Haare schwarz). Damals hat mich das ziemlich sauer gemacht, weil ich mich in meiner Pers&#246;nlichkeit angegriffen gef&#252;hlt hatte. Heute ist mir das Schnuppe\u2026 Aber warum ich nun eigentlich schwarz so gerne trage, kann ich noch immer nicht wirklich beantworten. Ich f&#252;hle mich einfach wohl und obwohl ich viele Farben mag, mag ich sie umso weniger an mir. (Ein klein bisschen wird nat&#252;rlich auch die Tatsache mit reinspielen, das schwarz schlank macht *h&#228;h&#228;* )\u2026<\/p>\n","protected":false},"author":1,"featured_media":0,"comment_status":"open","ping_status":"open","sticky":false,"template":"","format":"standard","meta":{"ngg_post_thumbnail":0,"footnotes":""},"categories":[],"tags":[],"class_list":["post-8980","post","type-post","status-publish","format-standard","hentry"],"yoast_head":"<!-- This site is optimized with the Yoast SEO plugin v27.5 - https:\/\/yoast.com\/product\/yoast-seo-wordpress\/ -->\n<title>Warum eigentlich immer Schwarz? - Heldenhaushalt<\/title>\n<meta name=\"description\" content=\"Auch Helden erleben den t\u00e4glichen Wahnsinn, den ein Alltag mit sich bringt und Frau Mondgras sitzt mittendrin. Berlinerin, Mutter, Ehefrau, Kreativling und auf der st\u00e4ndigen Suche nach Gl\u00fcck... Hier wird gen\u00e4ht, gebacken, gebastelt und auch mal \u00fcber den Alltag gemault.\" \/>\n<meta name=\"robots\" content=\"index, follow, max-snippet:-1, max-image-preview:large, max-video-preview:-1\" \/>\n<link rel=\"canonical\" href=\"https:\/\/www.heldenhaushalt.de\/sari02\/index.php\/2008\/05\/16\/warum-eigentlich-immer-schwarz\/\" \/>\n<meta property=\"og:locale\" content=\"de_DE\" \/>\n<meta property=\"og:type\" content=\"article\" \/>\n<meta property=\"og:title\" content=\"Warum eigentlich immer Schwarz? - Heldenhaushalt\" \/>\n<meta property=\"og:description\" content=\"Auch Helden erleben den t\u00e4glichen Wahnsinn, den ein Alltag mit sich bringt und Frau Mondgras sitzt mittendrin. Berlinerin, Mutter, Ehefrau, Kreativling und auf der st\u00e4ndigen Suche nach Gl\u00fcck... Hier wird gen\u00e4ht, gebacken, gebastelt und auch mal \u00fcber den Alltag gemault.\" \/>\n<meta property=\"og:url\" content=\"https:\/\/www.heldenhaushalt.de\/sari02\/index.php\/2008\/05\/16\/warum-eigentlich-immer-schwarz\/\" \/>\n<meta property=\"og:site_name\" content=\"Heldenhaushalt\" \/>\n<meta property=\"article:published_time\" content=\"2008-05-16T00:00:00+00:00\" \/>\n<meta property=\"og:image\" content=\"http:\/\/www.heldenhaushalt.de\/sari02\/wp-includes\/images\/smilies\/durchdreh.gif\" \/>\n<meta name=\"author\" content=\"Sari\" \/>\n<meta name=\"twitter:card\" content=\"summary_large_image\" \/>\n<meta name=\"twitter:creator\" content=\"@Heldenhaushalt\" \/>\n<meta name=\"twitter:site\" content=\"@Heldenhaushalt\" \/>\n<meta name=\"twitter:label1\" content=\"Verfasst von\" \/>\n\t<meta name=\"twitter:data1\" content=\"Sari\" \/>\n\t<meta name=\"twitter:label2\" content=\"Gesch\u00e4tzte Lesezeit\" \/>\n\t<meta name=\"twitter:data2\" content=\"1\u00a0Minute\" \/>\n<script type=\"application\/ld+json\" class=\"yoast-schema-graph\">{\"@context\":\"https:\\\/\\\/schema.org\",\"@graph\":[{\"@type\":\"Article\",\"@id\":\"https:\\\/\\\/www.heldenhaushalt.de\\\/sari02\\\/index.php\\\/2008\\\/05\\\/16\\\/warum-eigentlich-immer-schwarz\\\/#article\",\"isPartOf\":{\"@id\":\"https:\\\/\\\/www.heldenhaushalt.de\\\/sari02\\\/index.php\\\/2008\\\/05\\\/16\\\/warum-eigentlich-immer-schwarz\\\/\"},\"author\":{\"name\":\"Sari\",\"@id\":\"https:\\\/\\\/www.heldenhaushalt.de\\\/sari02\\\/#\\\/schema\\\/person\\\/a1cc69f42a01f412eb62c151353814f6\"},\"headline\":\"Warum eigentlich immer Schwarz?\",\"datePublished\":\"2008-05-16T00:00:00+00:00\",\"mainEntityOfPage\":{\"@id\":\"https:\\\/\\\/www.heldenhaushalt.de\\\/sari02\\\/index.php\\\/2008\\\/05\\\/16\\\/warum-eigentlich-immer-schwarz\\\/\"},\"wordCount\":246,\"commentCount\":0,\"publisher\":{\"@id\":\"https:\\\/\\\/www.heldenhaushalt.de\\\/sari02\\\/#\\\/schema\\\/person\\\/a1cc69f42a01f412eb62c151353814f6\"},\"image\":{\"@id\":\"https:\\\/\\\/www.heldenhaushalt.de\\\/sari02\\\/index.php\\\/2008\\\/05\\\/16\\\/warum-eigentlich-immer-schwarz\\\/#primaryimage\"},\"thumbnailUrl\":\"http:\\\/\\\/www.heldenhaushalt.de\\\/sari02\\\/wp-includes\\\/images\\\/smilies\\\/durchdreh.gif\",\"inLanguage\":\"de\",\"potentialAction\":[{\"@type\":\"CommentAction\",\"name\":\"Comment\",\"target\":[\"https:\\\/\\\/www.heldenhaushalt.de\\\/sari02\\\/index.php\\\/2008\\\/05\\\/16\\\/warum-eigentlich-immer-schwarz\\\/#respond\"]}]},{\"@type\":\"WebPage\",\"@id\":\"https:\\\/\\\/www.heldenhaushalt.de\\\/sari02\\\/index.php\\\/2008\\\/05\\\/16\\\/warum-eigentlich-immer-schwarz\\\/\",\"url\":\"https:\\\/\\\/www.heldenhaushalt.de\\\/sari02\\\/index.php\\\/2008\\\/05\\\/16\\\/warum-eigentlich-immer-schwarz\\\/\",\"name\":\"Warum eigentlich immer Schwarz? - Heldenhaushalt\",\"isPartOf\":{\"@id\":\"https:\\\/\\\/www.heldenhaushalt.de\\\/sari02\\\/#website\"},\"primaryImageOfPage\":{\"@id\":\"https:\\\/\\\/www.heldenhaushalt.de\\\/sari02\\\/index.php\\\/2008\\\/05\\\/16\\\/warum-eigentlich-immer-schwarz\\\/#primaryimage\"},\"image\":{\"@id\":\"https:\\\/\\\/www.heldenhaushalt.de\\\/sari02\\\/index.php\\\/2008\\\/05\\\/16\\\/warum-eigentlich-immer-schwarz\\\/#primaryimage\"},\"thumbnailUrl\":\"http:\\\/\\\/www.heldenhaushalt.de\\\/sari02\\\/wp-includes\\\/images\\\/smilies\\\/durchdreh.gif\",\"datePublished\":\"2008-05-16T00:00:00+00:00\",\"description\":\"Auch Helden erleben den t\u00e4glichen Wahnsinn, den ein Alltag mit sich bringt und Frau Mondgras sitzt mittendrin. Berlinerin, Mutter, Ehefrau, Kreativling und auf der st\u00e4ndigen Suche nach Gl\u00fcck... Hier wird gen\u00e4ht, gebacken, gebastelt und auch mal \u00fcber den Alltag gemault.\",\"breadcrumb\":{\"@id\":\"https:\\\/\\\/www.heldenhaushalt.de\\\/sari02\\\/index.php\\\/2008\\\/05\\\/16\\\/warum-eigentlich-immer-schwarz\\\/#breadcrumb\"},\"inLanguage\":\"de\",\"potentialAction\":[{\"@type\":\"ReadAction\",\"target\":[\"https:\\\/\\\/www.heldenhaushalt.de\\\/sari02\\\/index.php\\\/2008\\\/05\\\/16\\\/warum-eigentlich-immer-schwarz\\\/\"]}]},{\"@type\":\"ImageObject\",\"inLanguage\":\"de\",\"@id\":\"https:\\\/\\\/www.heldenhaushalt.de\\\/sari02\\\/index.php\\\/2008\\\/05\\\/16\\\/warum-eigentlich-immer-schwarz\\\/#primaryimage\",\"url\":\"http:\\\/\\\/www.heldenhaushalt.de\\\/sari02\\\/wp-includes\\\/images\\\/smilies\\\/durchdreh.gif\",\"contentUrl\":\"http:\\\/\\\/www.heldenhaushalt.de\\\/sari02\\\/wp-includes\\\/images\\\/smilies\\\/durchdreh.gif\"},{\"@type\":\"BreadcrumbList\",\"@id\":\"https:\\\/\\\/www.heldenhaushalt.de\\\/sari02\\\/index.php\\\/2008\\\/05\\\/16\\\/warum-eigentlich-immer-schwarz\\\/#breadcrumb\",\"itemListElement\":[{\"@type\":\"ListItem\",\"position\":1,\"name\":\"Startseite\",\"item\":\"https:\\\/\\\/www.heldenhaushalt.de\\\/sari02\\\/\"},{\"@type\":\"ListItem\",\"position\":2,\"name\":\"Warum eigentlich immer Schwarz?\"}]},{\"@type\":\"WebSite\",\"@id\":\"https:\\\/\\\/www.heldenhaushalt.de\\\/sari02\\\/#website\",\"url\":\"https:\\\/\\\/www.heldenhaushalt.de\\\/sari02\\\/\",\"name\":\"Heldenhaushalt\",\"description\":\"Wer es ordentlich haben will, der muss vorher anrufen\",\"publisher\":{\"@id\":\"https:\\\/\\\/www.heldenhaushalt.de\\\/sari02\\\/#\\\/schema\\\/person\\\/a1cc69f42a01f412eb62c151353814f6\"},\"potentialAction\":[{\"@type\":\"SearchAction\",\"target\":{\"@type\":\"EntryPoint\",\"urlTemplate\":\"https:\\\/\\\/www.heldenhaushalt.de\\\/sari02\\\/?s={search_term_string}\"},\"query-input\":{\"@type\":\"PropertyValueSpecification\",\"valueRequired\":true,\"valueName\":\"search_term_string\"}}],\"inLanguage\":\"de\"},{\"@type\":[\"Person\",\"Organization\"],\"@id\":\"https:\\\/\\\/www.heldenhaushalt.de\\\/sari02\\\/#\\\/schema\\\/person\\\/a1cc69f42a01f412eb62c151353814f6\",\"name\":\"Sari\",\"image\":{\"@type\":\"ImageObject\",\"inLanguage\":\"de\",\"@id\":\"https:\\\/\\\/www.heldenhaushalt.de\\\/sari02\\\/wp-content\\\/uploads\\\/2019\\\/02\\\/sari-april2018.png\",\"url\":\"https:\\\/\\\/www.heldenhaushalt.de\\\/sari02\\\/wp-content\\\/uploads\\\/2019\\\/02\\\/sari-april2018.png\",\"contentUrl\":\"https:\\\/\\\/www.heldenhaushalt.de\\\/sari02\\\/wp-content\\\/uploads\\\/2019\\\/02\\\/sari-april2018.png\",\"width\":500,\"height\":500,\"caption\":\"Sari\"},\"logo\":{\"@id\":\"https:\\\/\\\/www.heldenhaushalt.de\\\/sari02\\\/wp-content\\\/uploads\\\/2019\\\/02\\\/sari-april2018.png\"},\"description\":\"Frau Mondgras \u2013 Das bin ich, Sari. Gerne auch als Sari Mondgras bekannt und im Internet zu finden. 2-Fach-Mutter, Heldenehefrau, Kreativling, Harmonies\u00fcchtig und st\u00e4ndig auf der Suche nach Gl\u00fcck. Ich komme aus Berlin, bin hier aufgewachsen und lebe hier seit ich denken kann.\",\"sameAs\":[\"https:\\\/\\\/www.instagram.com\\\/heldenhaushalt\\\/\"],\"url\":\"https:\\\/\\\/www.heldenhaushalt.de\\\/sari02\\\/index.php\\\/author\\\/admin\\\/\"}]}<\/script>\n<!-- \/ Yoast SEO plugin. -->","yoast_head_json":{"title":"Warum eigentlich immer Schwarz? - Heldenhaushalt","description":"Auch Helden erleben den t\u00e4glichen Wahnsinn, den ein Alltag mit sich bringt und Frau Mondgras sitzt mittendrin. Berlinerin, Mutter, Ehefrau, Kreativling und auf der st\u00e4ndigen Suche nach Gl\u00fcck... Hier wird gen\u00e4ht, gebacken, gebastelt und auch mal \u00fcber den Alltag gemault.","robots":{"index":"index","follow":"follow","max-snippet":"max-snippet:-1","max-image-preview":"max-image-preview:large","max-video-preview":"max-video-preview:-1"},"canonical":"https:\/\/www.heldenhaushalt.de\/sari02\/index.php\/2008\/05\/16\/warum-eigentlich-immer-schwarz\/","og_locale":"de_DE","og_type":"article","og_title":"Warum eigentlich immer Schwarz? - Heldenhaushalt","og_description":"Auch Helden erleben den t\u00e4glichen Wahnsinn, den ein Alltag mit sich bringt und Frau Mondgras sitzt mittendrin. Berlinerin, Mutter, Ehefrau, Kreativling und auf der st\u00e4ndigen Suche nach Gl\u00fcck... Hier wird gen\u00e4ht, gebacken, gebastelt und auch mal \u00fcber den Alltag gemault.","og_url":"https:\/\/www.heldenhaushalt.de\/sari02\/index.php\/2008\/05\/16\/warum-eigentlich-immer-schwarz\/","og_site_name":"Heldenhaushalt","article_published_time":"2008-05-16T00:00:00+00:00","og_image":[{"url":"http:\/\/www.heldenhaushalt.de\/sari02\/wp-includes\/images\/smilies\/durchdreh.gif","type":"","width":"","height":""}],"author":"Sari","twitter_card":"summary_large_image","twitter_creator":"@Heldenhaushalt","twitter_site":"@Heldenhaushalt","twitter_misc":{"Verfasst von":"Sari","Gesch\u00e4tzte Lesezeit":"1\u00a0Minute"},"schema":{"@context":"https:\/\/schema.org","@graph":[{"@type":"Article","@id":"https:\/\/www.heldenhaushalt.de\/sari02\/index.php\/2008\/05\/16\/warum-eigentlich-immer-schwarz\/#article","isPartOf":{"@id":"https:\/\/www.heldenhaushalt.de\/sari02\/index.php\/2008\/05\/16\/warum-eigentlich-immer-schwarz\/"},"author":{"name":"Sari","@id":"https:\/\/www.heldenhaushalt.de\/sari02\/#\/schema\/person\/a1cc69f42a01f412eb62c151353814f6"},"headline":"Warum eigentlich immer Schwarz?","datePublished":"2008-05-16T00:00:00+00:00","mainEntityOfPage":{"@id":"https:\/\/www.heldenhaushalt.de\/sari02\/index.php\/2008\/05\/16\/warum-eigentlich-immer-schwarz\/"},"wordCount":246,"commentCount":0,"publisher":{"@id":"https:\/\/www.heldenhaushalt.de\/sari02\/#\/schema\/person\/a1cc69f42a01f412eb62c151353814f6"},"image":{"@id":"https:\/\/www.heldenhaushalt.de\/sari02\/index.php\/2008\/05\/16\/warum-eigentlich-immer-schwarz\/#primaryimage"},"thumbnailUrl":"http:\/\/www.heldenhaushalt.de\/sari02\/wp-includes\/images\/smilies\/durchdreh.gif","inLanguage":"de","potentialAction":[{"@type":"CommentAction","name":"Comment","target":["https:\/\/www.heldenhaushalt.de\/sari02\/index.php\/2008\/05\/16\/warum-eigentlich-immer-schwarz\/#respond"]}]},{"@type":"WebPage","@id":"https:\/\/www.heldenhaushalt.de\/sari02\/index.php\/2008\/05\/16\/warum-eigentlich-immer-schwarz\/","url":"https:\/\/www.heldenhaushalt.de\/sari02\/index.php\/2008\/05\/16\/warum-eigentlich-immer-schwarz\/","name":"Warum eigentlich immer Schwarz? - Heldenhaushalt","isPartOf":{"@id":"https:\/\/www.heldenhaushalt.de\/sari02\/#website"},"primaryImageOfPage":{"@id":"https:\/\/www.heldenhaushalt.de\/sari02\/index.php\/2008\/05\/16\/warum-eigentlich-immer-schwarz\/#primaryimage"},"image":{"@id":"https:\/\/www.heldenhaushalt.de\/sari02\/index.php\/2008\/05\/16\/warum-eigentlich-immer-schwarz\/#primaryimage"},"thumbnailUrl":"http:\/\/www.heldenhaushalt.de\/sari02\/wp-includes\/images\/smilies\/durchdreh.gif","datePublished":"2008-05-16T00:00:00+00:00","description":"Auch Helden erleben den t\u00e4glichen Wahnsinn, den ein Alltag mit sich bringt und Frau Mondgras sitzt mittendrin. Berlinerin, Mutter, Ehefrau, Kreativling und auf der st\u00e4ndigen Suche nach Gl\u00fcck... Hier wird gen\u00e4ht, gebacken, gebastelt und auch mal \u00fcber den Alltag gemault.","breadcrumb":{"@id":"https:\/\/www.heldenhaushalt.de\/sari02\/index.php\/2008\/05\/16\/warum-eigentlich-immer-schwarz\/#breadcrumb"},"inLanguage":"de","potentialAction":[{"@type":"ReadAction","target":["https:\/\/www.heldenhaushalt.de\/sari02\/index.php\/2008\/05\/16\/warum-eigentlich-immer-schwarz\/"]}]},{"@type":"ImageObject","inLanguage":"de","@id":"https:\/\/www.heldenhaushalt.de\/sari02\/index.php\/2008\/05\/16\/warum-eigentlich-immer-schwarz\/#primaryimage","url":"http:\/\/www.heldenhaushalt.de\/sari02\/wp-includes\/images\/smilies\/durchdreh.gif","contentUrl":"http:\/\/www.heldenhaushalt.de\/sari02\/wp-includes\/images\/smilies\/durchdreh.gif"},{"@type":"BreadcrumbList","@id":"https:\/\/www.heldenhaushalt.de\/sari02\/index.php\/2008\/05\/16\/warum-eigentlich-immer-schwarz\/#breadcrumb","itemListElement":[{"@type":"ListItem","position":1,"name":"Startseite","item":"https:\/\/www.heldenhaushalt.de\/sari02\/"},{"@type":"ListItem","position":2,"name":"Warum eigentlich immer Schwarz?"}]},{"@type":"WebSite","@id":"https:\/\/www.heldenhaushalt.de\/sari02\/#website","url":"https:\/\/www.heldenhaushalt.de\/sari02\/","name":"Heldenhaushalt","description":"Wer es ordentlich haben will, der muss vorher anrufen","publisher":{"@id":"https:\/\/www.heldenhaushalt.de\/sari02\/#\/schema\/person\/a1cc69f42a01f412eb62c151353814f6"},"potentialAction":[{"@type":"SearchAction","target":{"@type":"EntryPoint","urlTemplate":"https:\/\/www.heldenhaushalt.de\/sari02\/?s={search_term_string}"},"query-input":{"@type":"PropertyValueSpecification","valueRequired":true,"valueName":"search_term_string"}}],"inLanguage":"de"},{"@type":["Person","Organization"],"@id":"https:\/\/www.heldenhaushalt.de\/sari02\/#\/schema\/person\/a1cc69f42a01f412eb62c151353814f6","name":"Sari","image":{"@type":"ImageObject","inLanguage":"de","@id":"https:\/\/www.heldenhaushalt.de\/sari02\/wp-content\/uploads\/2019\/02\/sari-april2018.png","url":"https:\/\/www.heldenhaushalt.de\/sari02\/wp-content\/uploads\/2019\/02\/sari-april2018.png","contentUrl":"https:\/\/www.heldenhaushalt.de\/sari02\/wp-content\/uploads\/2019\/02\/sari-april2018.png","width":500,"height":500,"caption":"Sari"},"logo":{"@id":"https:\/\/www.heldenhaushalt.de\/sari02\/wp-content\/uploads\/2019\/02\/sari-april2018.png"},"description":"Frau Mondgras \u2013 Das bin ich, Sari. Gerne auch als Sari Mondgras bekannt und im Internet zu finden. 2-Fach-Mutter, Heldenehefrau, Kreativling, Harmonies\u00fcchtig und st\u00e4ndig auf der Suche nach Gl\u00fcck. Ich komme aus Berlin, bin hier aufgewachsen und lebe hier seit ich denken kann.","sameAs":["https:\/\/www.instagram.com\/heldenhaushalt\/"],"url":"https:\/\/www.heldenhaushalt.de\/sari02\/index.php\/author\/admin\/"}]}},"views":4512,"_links":{"self":[{"href":"https:\/\/www.heldenhaushalt.de\/sari02\/index.php\/wp-json\/wp\/v2\/posts\/8980","targetHints":{"allow":["GET"]}}],"collection":[{"href":"https:\/\/www.heldenhaushalt.de\/sari02\/index.php\/wp-json\/wp\/v2\/posts"}],"about":[{"href":"https:\/\/www.heldenhaushalt.de\/sari02\/index.php\/wp-json\/wp\/v2\/types\/post"}],"author":[{"embeddable":true,"href":"https:\/\/www.heldenhaushalt.de\/sari02\/index.php\/wp-json\/wp\/v2\/users\/1"}],"replies":[{"embeddable":true,"href":"https:\/\/www.heldenhaushalt.de\/sari02\/index.php\/wp-json\/wp\/v2\/comments?post=8980"}],"version-history":[{"count":0,"href":"https:\/\/www.heldenhaushalt.de\/sari02\/index.php\/wp-json\/wp\/v2\/posts\/8980\/revisions"}],"wp:attachment":[{"href":"https:\/\/www.heldenhaushalt.de\/sari02\/index.php\/wp-json\/wp\/v2\/media?parent=8980"}],"wp:term":[{"taxonomy":"category","embeddable":true,"href":"https:\/\/www.heldenhaushalt.de\/sari02\/index.php\/wp-json\/wp\/v2\/categories?post=8980"},{"taxonomy":"post_tag","embeddable":true,"href":"https:\/\/www.heldenhaushalt.de\/sari02\/index.php\/wp-json\/wp\/v2\/tags?post=8980"}],"curies":[{"name":"wp","href":"https:\/\/api.w.org\/{rel}","templated":true}]}}