{"id":9524,"date":"2010-12-12T10:59:46","date_gmt":"2010-12-12T09:59:46","guid":{"rendered":"http:\/\/www.mondgras.de\/sari02\/?p=9524"},"modified":"2010-12-12T10:59:46","modified_gmt":"2010-12-12T09:59:46","slug":"das-projekt-52-im-jahr-2011","status":"publish","type":"post","link":"https:\/\/www.heldenhaushalt.de\/sari02\/index.php\/2010\/12\/12\/das-projekt-52-im-jahr-2011\/","title":{"rendered":"Das Projekt 52 im Jahr 2011?"},"content":{"rendered":"<p><img decoding=\"async\" src=\"http:\/\/www.heldenhaushalt.de\/sari02\/wp-content\/uploads\/2008\/01\/projekt52_2.jpg\" alt=\"\" align=\"left\" \/>So, dann will ich mal versuchen hier meine &#196;nderungsgedanken f&#252;r das Projekt 52 im neuen Jahr in Worte zusammen zu fassen. Zuvor vielleicht noch ein paar wichtige und einleitende Worte:<\/p>\n<p><strong>Warum alles ein bisschen anders werden MUSS:<\/strong><br \/>\nWie Ihr ja nun hoffentlich inzwischen alle wisst, erwarte ich im neuen Jahr meinen ersten Nachwuchs in Form eines kleinen Jungen, der vorraussichtlich im Mai auf die Welt kommen soll. Bis dahin steht mir noch einiges bevor und davon wird vieles sehr zeitintensiv sein. Mal abgesehen davon, dass Zeit nach der Geburt wahrscheinlich eh Mangelware sein wird. Aus diesem Grund wird es mir nicht mehr m&#246;glich sein in Zukunft das Projekt so weiter zu f&#252;hren, wie ich es aktuell tue.<\/p>\n<p>Gerade am Anfang des Jahres kommen immer sehr viele Anmeldung rein, bisher doch meist weit &#252;ber 200, so dass vor allem in der Anfangszeit sehr viel Arbeit in das Projekt immer investiert werden musste. Wie Ihr sicher wisst, habe ich alle Beitr&#228;ge immer per Hand ausgelesen und verlinkt. Gegen Ende des Jahres hat die aktive Teilnehmerzahl immer sehr intensiv abgenommen, so dass die Zeit, die ich in die Verwaltung investieren musste, bei Weitem nicht mehr so viel war, wie zu Beginn. So oder so, ich werde diese Arbeit nicht mehr leisten k&#246;nnen. Daher nun im Folgenden meine bisherigen &#220;berlegungen f&#252;r &#196;nderungen.<\/p>\n<p style=\"text-align: center;\">***<\/p>\n<p><strong>01. Der Aufbau des Projektes bzw. Vorgaben oder nicht?<\/strong><br \/>\nMir pers&#246;nlich hat es sehr viel Spa&#223; gemacht in diesem Jahr mit einer festen Figur zu arbeiten und ich habe auch gesehen, dass durchaus viele andere sehr in dieser Aufgabe aufgegangen sind und sich stark weiterentwickelt haben durch das Jahr hindurch. Aber leider gab es auch welche, denen diese Form des Projektes nicht so viel gegeben hat, wie mir, so dass manche aufgeh&#246;rt haben. Einige haben den Wunsch ge&#228;ussert, dass sie gerne wieder die alte Form h&#228;tten, sprich: Es gibt ein Thema und sie machen ohne Einschr&#228;nkungen ein Foto dazu. Nochmal zur Erinnerung: Ich habe damals die Figurenvorgabe eingef&#252;hrt, weil sich herausgestellt hat, dass mehr und mehr auf Archivfotos und sogar Google und Wikipedia zur&#252;ckgegriffen wurde, was den Sinn des Projektes doch mehr als verfehlt hat. Dennoch m&#246;chte ich mich gerne den W&#252;nschen weitesgehend beugen, allerdings nur zum Teil. <strong><\/strong><\/p>\n<p><strong>Ich m&#246;chte&#8230;<\/strong><br \/>\n&#8230; zum Einen wieder eine <strong>feste Figur<\/strong> im Projekt haben, allerdings auf freiwilliger Basis. Hier w&#252;rde ich alle Anmeldungen auf einer Seite verlinken. Mit einem kleinen Foto der Figur im Format 150&#215;150 Pixel, das mir der Teilnehmer zuschickt. Daraus soll dann quasi ein Foto-Teilnehmerquilt entstehen, auf dem Interessenten die einzelnen Teilnehmer besuchen k&#246;nnen. Die Grafik w&#228;re dann jeweils mit der Kategorie Eures Blogges oder &#228;hnlichem verlinkt. Das ersetzt aber auch gleichzeitig die regelm&#228;&#223;igen Verlinkungen auf meiner Seite, die ich im neuen Jahr nicht mehr machen werde, denn diese haben die meiste Zeit in Anspruch genommen.<\/p>\n<p>&#8230; zum Anderen es wieder <strong>frei <\/strong>stellen, einfach mit den Themen fotografisch zu arbeiten, also ohne eine feste Figur im Foto. Diese Teilnehmer w&#252;rde ich wie &#252;blich in einer Liste hier auf dem Blog verlinkten. Aber auch hier gibt es keine regelm&#228;&#223;ige Verlinkung der Beitr&#228;ge, sondern nur eine Liste aller teilnehmenden Seiten.<\/p>\n<p style=\"text-align: center;\">***<\/p>\n<p><strong>02. Wie erfahre ich das w&#246;chentliche Thema?<\/strong><br \/>\nHier bin ich ein bisschen zwiegespalten und w&#252;rde gerne Eure Meinung zu meinen Vorschl&#228;gen in den Kommentaren lesen. Ich habe n&#228;mlich zwei Gedanken dazu:<\/p>\n<blockquote><p><strong>1.<\/strong> Ich werde weiterhin w&#246;chentlich ein Thema auf dem Blog vorstellen, unter dass Ihr dann Eure Links setzen k&#246;nnt und Ihr erfahrt nach wie vor erst an einem festen Wochentag das neue Thema.<\/p>\n<p><strong>2.<\/strong> Es gibt eine Liste mit 52 Themen, die Ihr bereits zu Beginn des Projektes bekommt. Die Themen sind wieder von Euch vorgeschlagen, nur dass ich quasi schon f&#252;r das ganze Jahr im Voraus die Themen ziehen werde. Ihr k&#246;nnt dann selber entscheiden, in welcher Woche Ihr an welchem Thema arbeiten wollt und diese Liste quasi w&#246;chentlich abarbeiten. So habt Ihr etwas gr&#246;&#223;ere Entscheidungsfreiheit. Und wenn Ihr meint, dass Ihr alle Themen schon in der ersten Woche fertig haben wollt, bitte sch&#246;n. Voraussetzung ist aber, dass dennoch pro Woche nur ein Thema gezeigt wird, es sei denn, Ihr seid im R&#252;ckstand. Ich w&#252;rde w&#246;chentlich nur einen kurzen Beitrag ver&#246;ffentlichen, ohne dass ein Thema drin steht, der nur auf die aktuelle Woche aufmerksam macht und Ihr k&#246;nntet dort Eure Beitr&#228;ge in den Kommentaren pr&#228;sentieren, falls Ihr den Bedarf an einem Sammelpunkt in dieser Form habt. Ich pers&#246;nlich w&#252;rde diese Variante bevorzugen.<\/p><\/blockquote>\n<p>Was denkt <em><strong>Ihr<\/strong><\/em> dazu?<\/p>\n<p style=\"text-align: center;\">***<\/p>\n<p><strong>03. Wann kann ich mich anmelden und wo kann ich meine Vorschl&#228;ge f&#252;r Themen einreichen?<\/strong><br \/>\nF&#252;r beides wird es wieder seperate Anmeldebeitr&#228;ge auf diesem Blog hier geben. Der Beitrag f&#252;r Eure Themenvorschl&#228;ge wird wahrscheinlich noch vor Weihnachten kommen, falls wir uns f&#252;r die Listen-Variante entscheiden, damit ich diese p&#252;nktlich zum neuen Jahr fertig habe. Der Beitrag f&#252;r die Anmeldung wird dann kurz vor Silvester kommen und es werden wieder nur Anmeldungen ber&#252;cksichtigt, die &#252;ber diesen Beitrag eingehen. Wer dann wieder mit einer festen Figur dabei sein m&#246;chte, wird das extra dazu schreiben m&#252;ssen und mir dann eine Grafik seiner Figur im Format 150&#215;150 Pixel zuschicken, zusammen mit dem Link zu der Kategorie oder der Seite, wo man dann alle Beitragsfotos im Jahr 2011 finden wird.<\/p>\n<p>So im Groben m&#246;chte ich es im neuen Jahr handhaben. Ich brauche jetzt nur noch Eure Hilfe bei der Entscheidung f&#252;r die Themen-Vergabe und freue mich &#252;ber jeden Kommentar. Und nat&#252;rlich hoffe ich, dass sich wieder einige f&#252;r das Projekt begeistern lassen werden und wir gemeinsam das Jahr 2011 genauso spa&#223;ig verbringen, wie es in meinen Augen das Jahr 2010 war. Ich bedanke mich bei allen, die dieses Jahr mitgemacht und mich so toll unterst&#252;tzt und inspiriert haben. Gemeinsam haben wir aus diesem Projekt etwas ganz Besonderes gemacht. Ich freue mich immer &#252;ber neue Logospenden, vor allem f&#252;r das Jahr 2011, die ich dann hier zur Verf&#252;gung stellen darf und &#252;ber jedes nette oder durchaus auch ehrlich kritische Wort, das Ihr f&#252;r mich &#252;brig habt.<\/p>\n<p>In diesem Sinne nochmal einen sch&#246;nen dritten Advent Euch allen!<\/p>\n<p><small><strong>PS:<\/strong> Vergesst bitte nicht, dass die Grundidee des Projektes war, sich jede Woche ein bisschen mit der Kreativit&#228;t auseinander zu setzen, um diese wieder zu einem festen Bestandteil im Alltag werden zu lassen. Wer also lieber auf Archivbilder oder dergleichen zur&#252;ckgreifen m&#246;chte, sollte sich &#252;berlegen, ob dann das Projekt 52 das Richtige f&#252;r ihn ist. Inzwischen gibt es n&#228;mlich auch sehr viele sch&#246;ne andere Projekte in der Blogsph&#228;re, z.B. <a href=\"http:\/\/paleica.wordpress.com\/gesetz-der-serie\/\" target=\"_blank\">Gesetzt der Serie<\/a>, <a href=\"http:\/\/fabifabi.redio.de\/wordpress\/?p=45\" target=\"_blank\">Fotoprojekt 2011<\/a> oder <a href=\"http:\/\/zwoelf.janasworld.de\/anmeldung\/\" target=\"_blank\">zw&#246;lf2011<\/a>, sowie dieverse Farb- und Zahlenprojekte, schaut Euch einfach mal in der Blogsph&#228;re um ;) .<\/small><\/p>\n","protected":false},"excerpt":{"rendered":"<p>So, dann will ich mal versuchen hier meine &#196;nderungsgedanken f&#252;r das Projekt 52 im neuen Jahr in Worte zusammen zu fassen. Zuvor vielleicht noch ein paar wichtige und einleitende Worte: Warum alles ein bisschen anders werden MUSS: Wie Ihr ja nun hoffentlich inzwischen alle wisst, erwarte ich im neuen Jahr meinen ersten Nachwuchs in Form eines kleinen Jungen, der vorraussichtlich im Mai auf die Welt kommen soll. Bis dahin steht mir noch einiges bevor und davon wird vieles sehr zeitintensiv sein. Mal abgesehen davon, dass Zeit nach der Geburt wahrscheinlich eh Mangelware sein wird. Aus diesem Grund wird es mir nicht mehr m&#246;glich sein in Zukunft das Projekt so weiter zu f&#252;hren, wie ich es aktuell tue. Gerade am Anfang des Jahres kommen immer sehr viele Anmeldung rein, bisher doch meist weit &#252;ber 200, so dass vor allem in der Anfangszeit sehr viel Arbeit in das Projekt immer investiert werden musste. Wie Ihr sicher wisst, habe ich alle Beitr&#228;ge immer per Hand ausgelesen und verlinkt. Gegen Ende des Jahres hat die aktive Teilnehmerzahl immer sehr intensiv abgenommen, so dass die Zeit, die ich in die Verwaltung investieren musste, bei Weitem nicht mehr so viel war, wie zu Beginn. So oder so, ich werde diese Arbeit nicht mehr leisten k&#246;nnen. Daher nun im Folgenden meine bisherigen &#220;berlegungen f&#252;r &#196;nderungen. *** 01. Der Aufbau des Projektes bzw. Vorgaben oder nicht? Mir pers&#246;nlich hat es sehr viel Spa&#223; gemacht in diesem Jahr mit einer festen Figur zu arbeiten und ich habe auch gesehen, dass durchaus viele andere sehr in dieser Aufgabe aufgegangen sind und sich stark weiterentwickelt haben durch das Jahr hindurch. Aber leider gab es auch welche, denen diese Form des Projektes nicht so viel gegeben hat, wie mir, so dass manche aufgeh&#246;rt haben. Einige haben den Wunsch ge&#228;ussert, dass sie gerne wieder die alte Form h&#228;tten, sprich: Es gibt ein Thema und sie machen ohne Einschr&#228;nkungen ein Foto dazu. Nochmal zur Erinnerung: Ich habe damals die Figurenvorgabe eingef&#252;hrt, weil sich herausgestellt hat, dass mehr und mehr auf Archivfotos und sogar Google und Wikipedia zur&#252;ckgegriffen wurde, was den Sinn des Projektes doch mehr als verfehlt hat. Dennoch m&#246;chte ich mich gerne den W&#252;nschen weitesgehend beugen, allerdings nur zum Teil. Ich m&#246;chte&#8230; &#8230; zum Einen wieder eine feste Figur im Projekt haben, allerdings auf freiwilliger Basis. Hier w&#252;rde ich alle Anmeldungen auf einer Seite verlinken. Mit einem kleinen Foto der Figur im Format 150&#215;150 Pixel, das mir der Teilnehmer zuschickt. Daraus soll dann quasi ein Foto-Teilnehmerquilt entstehen, auf dem Interessenten die einzelnen Teilnehmer besuchen k&#246;nnen. Die Grafik w&#228;re dann jeweils mit der Kategorie Eures Blogges oder &#228;hnlichem verlinkt. Das ersetzt aber auch gleichzeitig die regelm&#228;&#223;igen Verlinkungen auf meiner Seite, die ich im neuen Jahr nicht mehr machen werde, denn diese haben die meiste Zeit in Anspruch genommen. &#8230; zum Anderen es wieder frei stellen, einfach mit den Themen fotografisch zu arbeiten, also ohne eine feste Figur im Foto. Diese Teilnehmer w&#252;rde ich wie &#252;blich in einer Liste hier auf dem Blog verlinkten. Aber auch hier gibt es keine regelm&#228;&#223;ige Verlinkung der Beitr&#228;ge, sondern nur eine Liste aller teilnehmenden Seiten. *** 02. Wie erfahre ich das w&#246;chentliche Thema? Hier bin ich ein bisschen zwiegespalten und w&#252;rde gerne Eure Meinung zu meinen Vorschl&#228;gen in den Kommentaren lesen. Ich habe n&#228;mlich zwei Gedanken dazu: 1. Ich werde weiterhin w&#246;chentlich ein Thema auf dem Blog vorstellen, unter dass Ihr dann Eure Links setzen k&#246;nnt und Ihr erfahrt nach wie vor erst an einem festen Wochentag das neue Thema. 2. Es gibt eine Liste mit 52 Themen, die Ihr bereits zu Beginn des Projektes bekommt. Die Themen sind wieder von Euch vorgeschlagen, nur dass ich quasi schon f&#252;r das ganze Jahr im Voraus die Themen ziehen werde. Ihr k&#246;nnt dann selber entscheiden, in welcher Woche Ihr an welchem Thema arbeiten wollt und diese Liste quasi w&#246;chentlich abarbeiten. So habt Ihr etwas gr&#246;&#223;ere Entscheidungsfreiheit. Und wenn Ihr meint, dass Ihr alle Themen schon in der ersten Woche fertig haben wollt, bitte sch&#246;n. Voraussetzung ist aber, dass dennoch pro Woche nur ein Thema gezeigt wird, es sei denn, Ihr seid im R&#252;ckstand. Ich w&#252;rde w&#246;chentlich nur einen kurzen Beitrag ver&#246;ffentlichen, ohne dass ein Thema drin steht, der nur auf die aktuelle Woche aufmerksam macht und Ihr k&#246;nntet dort Eure Beitr&#228;ge in den Kommentaren pr&#228;sentieren, falls Ihr den Bedarf an einem Sammelpunkt in dieser Form habt. Ich pers&#246;nlich w&#252;rde diese Variante bevorzugen. Was denkt Ihr dazu? *** 03. Wann kann ich mich anmelden und wo kann ich meine Vorschl&#228;ge f&#252;r Themen einreichen? F&#252;r beides wird es wieder seperate Anmeldebeitr&#228;ge auf diesem Blog hier geben. Der Beitrag f&#252;r Eure Themenvorschl&#228;ge wird wahrscheinlich noch vor Weihnachten kommen, falls wir uns f&#252;r die Listen-Variante entscheiden, damit ich diese p&#252;nktlich zum neuen Jahr fertig habe. Der Beitrag f&#252;r die Anmeldung wird dann kurz vor Silvester kommen und es werden wieder nur Anmeldungen ber&#252;cksichtigt, die &#252;ber diesen Beitrag eingehen. Wer dann wieder mit einer festen Figur dabei sein m&#246;chte, wird das extra dazu schreiben m&#252;ssen und mir dann eine Grafik seiner Figur im Format 150&#215;150 Pixel zuschicken, zusammen mit dem Link zu der Kategorie oder der Seite, wo man dann alle Beitragsfotos im Jahr 2011 finden wird. So im Groben m&#246;chte ich es im neuen Jahr handhaben. Ich brauche jetzt nur noch Eure Hilfe bei der Entscheidung f&#252;r die Themen-Vergabe und freue mich &#252;ber jeden Kommentar. Und nat&#252;rlich hoffe ich, dass sich wieder einige f&#252;r das Projekt begeistern lassen werden und wir gemeinsam das Jahr 2011 genauso spa&#223;ig verbringen, wie es in meinen Augen das Jahr 2010 war. Ich bedanke mich bei allen, die dieses Jahr mitgemacht und mich so toll unterst&#252;tzt und inspiriert haben. Gemeinsam haben wir aus diesem Projekt etwas ganz Besonderes gemacht. Ich freue mich immer &#252;ber neue Logospenden, vor allem f&#252;r das Jahr 2011, die ich dann hier zur Verf&#252;gung stellen darf und &#252;ber jedes nette oder durchaus auch ehrlich kritische Wort, das Ihr f&#252;r mich &#252;brig habt. In diesem Sinne nochmal einen sch&#246;nen dritten Advent Euch allen! PS: Vergesst bitte nicht, dass die Grundidee des Projektes war, sich jede Woche ein bisschen mit der Kreativit&#228;t auseinander zu setzen, um diese wieder zu einem festen Bestandteil im Alltag werden zu lassen. Wer also lieber auf Archivbilder oder dergleichen zur&#252;ckgreifen m&#246;chte, sollte sich &#252;berlegen, ob dann das Projekt 52 das Richtige f&#252;r ihn ist. Inzwischen gibt es n&#228;mlich auch sehr viele sch&#246;ne andere Projekte in der Blogsph&#228;re, z.B. Gesetzt der Serie, Fotoprojekt 2011 oder zw&#246;lf2011, sowie dieverse Farb- und Zahlenprojekte, schaut Euch einfach mal in der Blogsph&#228;re um ;) .<\/p>\n","protected":false},"author":1,"featured_media":0,"comment_status":"open","ping_status":"open","sticky":false,"template":"","format":"standard","meta":{"ngg_post_thumbnail":0,"footnotes":""},"categories":[180],"tags":[],"class_list":["post-9524","post","type-post","status-publish","format-standard","hentry","category-projekt-52"],"yoast_head":"<!-- This site is optimized with the Yoast SEO plugin v27.5 - https:\/\/yoast.com\/product\/yoast-seo-wordpress\/ -->\n<title>Das Projekt 52 im Jahr 2011? - Heldenhaushalt<\/title>\n<meta name=\"description\" content=\"Auch Helden erleben den t\u00e4glichen Wahnsinn, den ein Alltag mit sich bringt und Frau Mondgras sitzt mittendrin. Berlinerin, Mutter, Ehefrau, Kreativling und auf der st\u00e4ndigen Suche nach Gl\u00fcck... Hier wird gen\u00e4ht, gebacken, gebastelt und auch mal \u00fcber den Alltag gemault.\" \/>\n<meta name=\"robots\" content=\"index, follow, max-snippet:-1, max-image-preview:large, max-video-preview:-1\" \/>\n<link rel=\"canonical\" href=\"https:\/\/www.heldenhaushalt.de\/sari02\/index.php\/2010\/12\/12\/das-projekt-52-im-jahr-2011\/\" \/>\n<meta property=\"og:locale\" content=\"de_DE\" \/>\n<meta property=\"og:type\" content=\"article\" \/>\n<meta property=\"og:title\" content=\"Das Projekt 52 im Jahr 2011? - Heldenhaushalt\" \/>\n<meta property=\"og:description\" content=\"Auch Helden erleben den t\u00e4glichen Wahnsinn, den ein Alltag mit sich bringt und Frau Mondgras sitzt mittendrin. Berlinerin, Mutter, Ehefrau, Kreativling und auf der st\u00e4ndigen Suche nach Gl\u00fcck... Hier wird gen\u00e4ht, gebacken, gebastelt und auch mal \u00fcber den Alltag gemault.\" \/>\n<meta property=\"og:url\" content=\"https:\/\/www.heldenhaushalt.de\/sari02\/index.php\/2010\/12\/12\/das-projekt-52-im-jahr-2011\/\" \/>\n<meta property=\"og:site_name\" content=\"Heldenhaushalt\" \/>\n<meta property=\"article:published_time\" content=\"2010-12-12T09:59:46+00:00\" \/>\n<meta property=\"og:image\" content=\"http:\/\/www.heldenhaushalt.de\/sari02\/wp-content\/uploads\/2008\/01\/projekt52_2.jpg\" \/>\n<meta name=\"author\" content=\"Sari\" \/>\n<meta name=\"twitter:card\" content=\"summary_large_image\" \/>\n<meta name=\"twitter:creator\" content=\"@Heldenhaushalt\" \/>\n<meta name=\"twitter:site\" content=\"@Heldenhaushalt\" \/>\n<meta name=\"twitter:label1\" content=\"Verfasst von\" \/>\n\t<meta name=\"twitter:data1\" content=\"Sari\" \/>\n\t<meta name=\"twitter:label2\" content=\"Gesch\u00e4tzte Lesezeit\" \/>\n\t<meta name=\"twitter:data2\" content=\"6\u00a0Minuten\" \/>\n<script type=\"application\/ld+json\" class=\"yoast-schema-graph\">{\"@context\":\"https:\\\/\\\/schema.org\",\"@graph\":[{\"@type\":\"Article\",\"@id\":\"https:\\\/\\\/www.heldenhaushalt.de\\\/sari02\\\/index.php\\\/2010\\\/12\\\/12\\\/das-projekt-52-im-jahr-2011\\\/#article\",\"isPartOf\":{\"@id\":\"https:\\\/\\\/www.heldenhaushalt.de\\\/sari02\\\/index.php\\\/2010\\\/12\\\/12\\\/das-projekt-52-im-jahr-2011\\\/\"},\"author\":{\"name\":\"Sari\",\"@id\":\"https:\\\/\\\/www.heldenhaushalt.de\\\/sari02\\\/#\\\/schema\\\/person\\\/a1cc69f42a01f412eb62c151353814f6\"},\"headline\":\"Das Projekt 52 im Jahr 2011?\",\"datePublished\":\"2010-12-12T09:59:46+00:00\",\"mainEntityOfPage\":{\"@id\":\"https:\\\/\\\/www.heldenhaushalt.de\\\/sari02\\\/index.php\\\/2010\\\/12\\\/12\\\/das-projekt-52-im-jahr-2011\\\/\"},\"wordCount\":1145,\"commentCount\":36,\"publisher\":{\"@id\":\"https:\\\/\\\/www.heldenhaushalt.de\\\/sari02\\\/#\\\/schema\\\/person\\\/a1cc69f42a01f412eb62c151353814f6\"},\"image\":{\"@id\":\"https:\\\/\\\/www.heldenhaushalt.de\\\/sari02\\\/index.php\\\/2010\\\/12\\\/12\\\/das-projekt-52-im-jahr-2011\\\/#primaryimage\"},\"thumbnailUrl\":\"http:\\\/\\\/www.heldenhaushalt.de\\\/sari02\\\/wp-content\\\/uploads\\\/2008\\\/01\\\/projekt52_2.jpg\",\"articleSection\":[\"Projekt 52\"],\"inLanguage\":\"de\",\"potentialAction\":[{\"@type\":\"CommentAction\",\"name\":\"Comment\",\"target\":[\"https:\\\/\\\/www.heldenhaushalt.de\\\/sari02\\\/index.php\\\/2010\\\/12\\\/12\\\/das-projekt-52-im-jahr-2011\\\/#respond\"]}]},{\"@type\":\"WebPage\",\"@id\":\"https:\\\/\\\/www.heldenhaushalt.de\\\/sari02\\\/index.php\\\/2010\\\/12\\\/12\\\/das-projekt-52-im-jahr-2011\\\/\",\"url\":\"https:\\\/\\\/www.heldenhaushalt.de\\\/sari02\\\/index.php\\\/2010\\\/12\\\/12\\\/das-projekt-52-im-jahr-2011\\\/\",\"name\":\"Das Projekt 52 im Jahr 2011? - Heldenhaushalt\",\"isPartOf\":{\"@id\":\"https:\\\/\\\/www.heldenhaushalt.de\\\/sari02\\\/#website\"},\"primaryImageOfPage\":{\"@id\":\"https:\\\/\\\/www.heldenhaushalt.de\\\/sari02\\\/index.php\\\/2010\\\/12\\\/12\\\/das-projekt-52-im-jahr-2011\\\/#primaryimage\"},\"image\":{\"@id\":\"https:\\\/\\\/www.heldenhaushalt.de\\\/sari02\\\/index.php\\\/2010\\\/12\\\/12\\\/das-projekt-52-im-jahr-2011\\\/#primaryimage\"},\"thumbnailUrl\":\"http:\\\/\\\/www.heldenhaushalt.de\\\/sari02\\\/wp-content\\\/uploads\\\/2008\\\/01\\\/projekt52_2.jpg\",\"datePublished\":\"2010-12-12T09:59:46+00:00\",\"description\":\"Auch Helden erleben den t\u00e4glichen Wahnsinn, den ein Alltag mit sich bringt und Frau Mondgras sitzt mittendrin. Berlinerin, Mutter, Ehefrau, Kreativling und auf der st\u00e4ndigen Suche nach Gl\u00fcck... Hier wird gen\u00e4ht, gebacken, gebastelt und auch mal \u00fcber den Alltag gemault.\",\"breadcrumb\":{\"@id\":\"https:\\\/\\\/www.heldenhaushalt.de\\\/sari02\\\/index.php\\\/2010\\\/12\\\/12\\\/das-projekt-52-im-jahr-2011\\\/#breadcrumb\"},\"inLanguage\":\"de\",\"potentialAction\":[{\"@type\":\"ReadAction\",\"target\":[\"https:\\\/\\\/www.heldenhaushalt.de\\\/sari02\\\/index.php\\\/2010\\\/12\\\/12\\\/das-projekt-52-im-jahr-2011\\\/\"]}]},{\"@type\":\"ImageObject\",\"inLanguage\":\"de\",\"@id\":\"https:\\\/\\\/www.heldenhaushalt.de\\\/sari02\\\/index.php\\\/2010\\\/12\\\/12\\\/das-projekt-52-im-jahr-2011\\\/#primaryimage\",\"url\":\"http:\\\/\\\/www.heldenhaushalt.de\\\/sari02\\\/wp-content\\\/uploads\\\/2008\\\/01\\\/projekt52_2.jpg\",\"contentUrl\":\"http:\\\/\\\/www.heldenhaushalt.de\\\/sari02\\\/wp-content\\\/uploads\\\/2008\\\/01\\\/projekt52_2.jpg\"},{\"@type\":\"BreadcrumbList\",\"@id\":\"https:\\\/\\\/www.heldenhaushalt.de\\\/sari02\\\/index.php\\\/2010\\\/12\\\/12\\\/das-projekt-52-im-jahr-2011\\\/#breadcrumb\",\"itemListElement\":[{\"@type\":\"ListItem\",\"position\":1,\"name\":\"Startseite\",\"item\":\"https:\\\/\\\/www.heldenhaushalt.de\\\/sari02\\\/\"},{\"@type\":\"ListItem\",\"position\":2,\"name\":\"Das Projekt 52 im Jahr 2011?\"}]},{\"@type\":\"WebSite\",\"@id\":\"https:\\\/\\\/www.heldenhaushalt.de\\\/sari02\\\/#website\",\"url\":\"https:\\\/\\\/www.heldenhaushalt.de\\\/sari02\\\/\",\"name\":\"Heldenhaushalt\",\"description\":\"Wer es ordentlich haben will, der muss vorher anrufen\",\"publisher\":{\"@id\":\"https:\\\/\\\/www.heldenhaushalt.de\\\/sari02\\\/#\\\/schema\\\/person\\\/a1cc69f42a01f412eb62c151353814f6\"},\"potentialAction\":[{\"@type\":\"SearchAction\",\"target\":{\"@type\":\"EntryPoint\",\"urlTemplate\":\"https:\\\/\\\/www.heldenhaushalt.de\\\/sari02\\\/?s={search_term_string}\"},\"query-input\":{\"@type\":\"PropertyValueSpecification\",\"valueRequired\":true,\"valueName\":\"search_term_string\"}}],\"inLanguage\":\"de\"},{\"@type\":[\"Person\",\"Organization\"],\"@id\":\"https:\\\/\\\/www.heldenhaushalt.de\\\/sari02\\\/#\\\/schema\\\/person\\\/a1cc69f42a01f412eb62c151353814f6\",\"name\":\"Sari\",\"image\":{\"@type\":\"ImageObject\",\"inLanguage\":\"de\",\"@id\":\"https:\\\/\\\/www.heldenhaushalt.de\\\/sari02\\\/wp-content\\\/uploads\\\/2019\\\/02\\\/sari-april2018.png\",\"url\":\"https:\\\/\\\/www.heldenhaushalt.de\\\/sari02\\\/wp-content\\\/uploads\\\/2019\\\/02\\\/sari-april2018.png\",\"contentUrl\":\"https:\\\/\\\/www.heldenhaushalt.de\\\/sari02\\\/wp-content\\\/uploads\\\/2019\\\/02\\\/sari-april2018.png\",\"width\":500,\"height\":500,\"caption\":\"Sari\"},\"logo\":{\"@id\":\"https:\\\/\\\/www.heldenhaushalt.de\\\/sari02\\\/wp-content\\\/uploads\\\/2019\\\/02\\\/sari-april2018.png\"},\"description\":\"Frau Mondgras \u2013 Das bin ich, Sari. Gerne auch als Sari Mondgras bekannt und im Internet zu finden. 2-Fach-Mutter, Heldenehefrau, Kreativling, Harmonies\u00fcchtig und st\u00e4ndig auf der Suche nach Gl\u00fcck. Ich komme aus Berlin, bin hier aufgewachsen und lebe hier seit ich denken kann.\",\"sameAs\":[\"https:\\\/\\\/www.instagram.com\\\/heldenhaushalt\\\/\"],\"url\":\"https:\\\/\\\/www.heldenhaushalt.de\\\/sari02\\\/index.php\\\/author\\\/admin\\\/\"}]}<\/script>\n<!-- \/ Yoast SEO plugin. -->","yoast_head_json":{"title":"Das Projekt 52 im Jahr 2011? - Heldenhaushalt","description":"Auch Helden erleben den t\u00e4glichen Wahnsinn, den ein Alltag mit sich bringt und Frau Mondgras sitzt mittendrin. Berlinerin, Mutter, Ehefrau, Kreativling und auf der st\u00e4ndigen Suche nach Gl\u00fcck... Hier wird gen\u00e4ht, gebacken, gebastelt und auch mal \u00fcber den Alltag gemault.","robots":{"index":"index","follow":"follow","max-snippet":"max-snippet:-1","max-image-preview":"max-image-preview:large","max-video-preview":"max-video-preview:-1"},"canonical":"https:\/\/www.heldenhaushalt.de\/sari02\/index.php\/2010\/12\/12\/das-projekt-52-im-jahr-2011\/","og_locale":"de_DE","og_type":"article","og_title":"Das Projekt 52 im Jahr 2011? - Heldenhaushalt","og_description":"Auch Helden erleben den t\u00e4glichen Wahnsinn, den ein Alltag mit sich bringt und Frau Mondgras sitzt mittendrin. Berlinerin, Mutter, Ehefrau, Kreativling und auf der st\u00e4ndigen Suche nach Gl\u00fcck... Hier wird gen\u00e4ht, gebacken, gebastelt und auch mal \u00fcber den Alltag gemault.","og_url":"https:\/\/www.heldenhaushalt.de\/sari02\/index.php\/2010\/12\/12\/das-projekt-52-im-jahr-2011\/","og_site_name":"Heldenhaushalt","article_published_time":"2010-12-12T09:59:46+00:00","og_image":[{"url":"http:\/\/www.heldenhaushalt.de\/sari02\/wp-content\/uploads\/2008\/01\/projekt52_2.jpg","type":"","width":"","height":""}],"author":"Sari","twitter_card":"summary_large_image","twitter_creator":"@Heldenhaushalt","twitter_site":"@Heldenhaushalt","twitter_misc":{"Verfasst von":"Sari","Gesch\u00e4tzte Lesezeit":"6\u00a0Minuten"},"schema":{"@context":"https:\/\/schema.org","@graph":[{"@type":"Article","@id":"https:\/\/www.heldenhaushalt.de\/sari02\/index.php\/2010\/12\/12\/das-projekt-52-im-jahr-2011\/#article","isPartOf":{"@id":"https:\/\/www.heldenhaushalt.de\/sari02\/index.php\/2010\/12\/12\/das-projekt-52-im-jahr-2011\/"},"author":{"name":"Sari","@id":"https:\/\/www.heldenhaushalt.de\/sari02\/#\/schema\/person\/a1cc69f42a01f412eb62c151353814f6"},"headline":"Das Projekt 52 im Jahr 2011?","datePublished":"2010-12-12T09:59:46+00:00","mainEntityOfPage":{"@id":"https:\/\/www.heldenhaushalt.de\/sari02\/index.php\/2010\/12\/12\/das-projekt-52-im-jahr-2011\/"},"wordCount":1145,"commentCount":36,"publisher":{"@id":"https:\/\/www.heldenhaushalt.de\/sari02\/#\/schema\/person\/a1cc69f42a01f412eb62c151353814f6"},"image":{"@id":"https:\/\/www.heldenhaushalt.de\/sari02\/index.php\/2010\/12\/12\/das-projekt-52-im-jahr-2011\/#primaryimage"},"thumbnailUrl":"http:\/\/www.heldenhaushalt.de\/sari02\/wp-content\/uploads\/2008\/01\/projekt52_2.jpg","articleSection":["Projekt 52"],"inLanguage":"de","potentialAction":[{"@type":"CommentAction","name":"Comment","target":["https:\/\/www.heldenhaushalt.de\/sari02\/index.php\/2010\/12\/12\/das-projekt-52-im-jahr-2011\/#respond"]}]},{"@type":"WebPage","@id":"https:\/\/www.heldenhaushalt.de\/sari02\/index.php\/2010\/12\/12\/das-projekt-52-im-jahr-2011\/","url":"https:\/\/www.heldenhaushalt.de\/sari02\/index.php\/2010\/12\/12\/das-projekt-52-im-jahr-2011\/","name":"Das Projekt 52 im Jahr 2011? - Heldenhaushalt","isPartOf":{"@id":"https:\/\/www.heldenhaushalt.de\/sari02\/#website"},"primaryImageOfPage":{"@id":"https:\/\/www.heldenhaushalt.de\/sari02\/index.php\/2010\/12\/12\/das-projekt-52-im-jahr-2011\/#primaryimage"},"image":{"@id":"https:\/\/www.heldenhaushalt.de\/sari02\/index.php\/2010\/12\/12\/das-projekt-52-im-jahr-2011\/#primaryimage"},"thumbnailUrl":"http:\/\/www.heldenhaushalt.de\/sari02\/wp-content\/uploads\/2008\/01\/projekt52_2.jpg","datePublished":"2010-12-12T09:59:46+00:00","description":"Auch Helden erleben den t\u00e4glichen Wahnsinn, den ein Alltag mit sich bringt und Frau Mondgras sitzt mittendrin. Berlinerin, Mutter, Ehefrau, Kreativling und auf der st\u00e4ndigen Suche nach Gl\u00fcck... Hier wird gen\u00e4ht, gebacken, gebastelt und auch mal \u00fcber den Alltag gemault.","breadcrumb":{"@id":"https:\/\/www.heldenhaushalt.de\/sari02\/index.php\/2010\/12\/12\/das-projekt-52-im-jahr-2011\/#breadcrumb"},"inLanguage":"de","potentialAction":[{"@type":"ReadAction","target":["https:\/\/www.heldenhaushalt.de\/sari02\/index.php\/2010\/12\/12\/das-projekt-52-im-jahr-2011\/"]}]},{"@type":"ImageObject","inLanguage":"de","@id":"https:\/\/www.heldenhaushalt.de\/sari02\/index.php\/2010\/12\/12\/das-projekt-52-im-jahr-2011\/#primaryimage","url":"http:\/\/www.heldenhaushalt.de\/sari02\/wp-content\/uploads\/2008\/01\/projekt52_2.jpg","contentUrl":"http:\/\/www.heldenhaushalt.de\/sari02\/wp-content\/uploads\/2008\/01\/projekt52_2.jpg"},{"@type":"BreadcrumbList","@id":"https:\/\/www.heldenhaushalt.de\/sari02\/index.php\/2010\/12\/12\/das-projekt-52-im-jahr-2011\/#breadcrumb","itemListElement":[{"@type":"ListItem","position":1,"name":"Startseite","item":"https:\/\/www.heldenhaushalt.de\/sari02\/"},{"@type":"ListItem","position":2,"name":"Das Projekt 52 im Jahr 2011?"}]},{"@type":"WebSite","@id":"https:\/\/www.heldenhaushalt.de\/sari02\/#website","url":"https:\/\/www.heldenhaushalt.de\/sari02\/","name":"Heldenhaushalt","description":"Wer es ordentlich haben will, der muss vorher anrufen","publisher":{"@id":"https:\/\/www.heldenhaushalt.de\/sari02\/#\/schema\/person\/a1cc69f42a01f412eb62c151353814f6"},"potentialAction":[{"@type":"SearchAction","target":{"@type":"EntryPoint","urlTemplate":"https:\/\/www.heldenhaushalt.de\/sari02\/?s={search_term_string}"},"query-input":{"@type":"PropertyValueSpecification","valueRequired":true,"valueName":"search_term_string"}}],"inLanguage":"de"},{"@type":["Person","Organization"],"@id":"https:\/\/www.heldenhaushalt.de\/sari02\/#\/schema\/person\/a1cc69f42a01f412eb62c151353814f6","name":"Sari","image":{"@type":"ImageObject","inLanguage":"de","@id":"https:\/\/www.heldenhaushalt.de\/sari02\/wp-content\/uploads\/2019\/02\/sari-april2018.png","url":"https:\/\/www.heldenhaushalt.de\/sari02\/wp-content\/uploads\/2019\/02\/sari-april2018.png","contentUrl":"https:\/\/www.heldenhaushalt.de\/sari02\/wp-content\/uploads\/2019\/02\/sari-april2018.png","width":500,"height":500,"caption":"Sari"},"logo":{"@id":"https:\/\/www.heldenhaushalt.de\/sari02\/wp-content\/uploads\/2019\/02\/sari-april2018.png"},"description":"Frau Mondgras \u2013 Das bin ich, Sari. Gerne auch als Sari Mondgras bekannt und im Internet zu finden. 2-Fach-Mutter, Heldenehefrau, Kreativling, Harmonies\u00fcchtig und st\u00e4ndig auf der Suche nach Gl\u00fcck. Ich komme aus Berlin, bin hier aufgewachsen und lebe hier seit ich denken kann.","sameAs":["https:\/\/www.instagram.com\/heldenhaushalt\/"],"url":"https:\/\/www.heldenhaushalt.de\/sari02\/index.php\/author\/admin\/"}]}},"views":16090,"_links":{"self":[{"href":"https:\/\/www.heldenhaushalt.de\/sari02\/index.php\/wp-json\/wp\/v2\/posts\/9524","targetHints":{"allow":["GET"]}}],"collection":[{"href":"https:\/\/www.heldenhaushalt.de\/sari02\/index.php\/wp-json\/wp\/v2\/posts"}],"about":[{"href":"https:\/\/www.heldenhaushalt.de\/sari02\/index.php\/wp-json\/wp\/v2\/types\/post"}],"author":[{"embeddable":true,"href":"https:\/\/www.heldenhaushalt.de\/sari02\/index.php\/wp-json\/wp\/v2\/users\/1"}],"replies":[{"embeddable":true,"href":"https:\/\/www.heldenhaushalt.de\/sari02\/index.php\/wp-json\/wp\/v2\/comments?post=9524"}],"version-history":[{"count":4,"href":"https:\/\/www.heldenhaushalt.de\/sari02\/index.php\/wp-json\/wp\/v2\/posts\/9524\/revisions"}],"predecessor-version":[{"id":9528,"href":"https:\/\/www.heldenhaushalt.de\/sari02\/index.php\/wp-json\/wp\/v2\/posts\/9524\/revisions\/9528"}],"wp:attachment":[{"href":"https:\/\/www.heldenhaushalt.de\/sari02\/index.php\/wp-json\/wp\/v2\/media?parent=9524"}],"wp:term":[{"taxonomy":"category","embeddable":true,"href":"https:\/\/www.heldenhaushalt.de\/sari02\/index.php\/wp-json\/wp\/v2\/categories?post=9524"},{"taxonomy":"post_tag","embeddable":true,"href":"https:\/\/www.heldenhaushalt.de\/sari02\/index.php\/wp-json\/wp\/v2\/tags?post=9524"}],"curies":[{"name":"wp","href":"https:\/\/api.w.org\/{rel}","templated":true}]}}